{"id":3040,"date":"2020-05-04T10:00:22","date_gmt":"2020-05-04T08:00:22","guid":{"rendered":"http:\/\/www.anovapeneira.gal\/?p=3040"},"modified":"2020-05-02T19:27:00","modified_gmt":"2020-05-02T17:27:00","slug":"o-coronavirus-no-mundo-xi-os-caminos-do-mar","status":"publish","type":"post","link":"https:\/\/www.anovapeneira.gal\/index.php\/2020\/05\/04\/o-coronavirus-no-mundo-xi-os-caminos-do-mar\/","title":{"rendered":"O coronavirus no mundo XI: os cami\u00f1os do mar"},"content":{"rendered":"\n<p><strong>Despois de\nfalarmos con galegas e galegos en distintos pa\u00edses do mundo, para\nco\u00f1ecermos as diversas formas de afrontar a loita contra a pandemia\nv\u00edrica, rematamos esta xeira de reportaxes mergull\u00e1ndonos na\ninnumerable vida dos traballadores do mar, tan intimamente unida \u00e1\ncerna do pa\u00eds galego desde a noite dos tempos. Manuel, Chono para os\nseus amigos, \u00e9 un mozo da Guarda, con infinidade de mareas no seu\nlombo, a quen o estoupido da crise sanitaria colleulle embarcado ,e\nobrigoulle a prolongar dous meses a s\u00faa viaxe ap\u00f3s de varios\nintentos de desembarque frustrados polas autoridades portuarias. Case\nmedio ano despois do seu \u00faltimo embarque, finalmente, puido regresar\n\u00e1 s\u00faa casa e apertar aos seus.<\/strong><\/p>\n\n\n\n<p><strong>MANUEL BAZ\n\u201cCHONO\u201d, TRABALLADOR DO MAR<\/strong><\/p>\n\n\n\n<p>\u201c<strong>Nesta\ncrise sanitaria, a administraci\u00f3n non tivo en conta, como debera, a\nsituaci\u00f3n das xentes do mar\u201d<\/strong><\/p>\n\n\n\n<p><strong>Ti\ntraballas no mar, verdade Manuel?<\/strong><\/p>\n\n\n\n<blockquote class=\"wp-block-quote is-layout-flow wp-block-quote-is-layout-flow\"><p>Si, eu son coci\u00f1eiro dun  barco mercante.<\/p><\/blockquote>\n\n\n\n<p><strong>C\u00f3ntanos\nbrevemente a t\u00faa  historia?<\/strong><\/p>\n\n\n\n<blockquote class=\"wp-block-quote is-layout-flow wp-block-quote-is-layout-flow\"><p>Eu son de A Guarda, te\u00f1o 47 anos, e comecei no mar aos 16.<\/p><\/blockquote>\n\n\n\n<p><strong>Mi\u00f1a nai,\nlevas 30 anos embarcado?<\/strong><\/p>\n\n\n\n<blockquote class=\"wp-block-quote is-layout-flow wp-block-quote-is-layout-flow\"><p>Non, estiven 10 anos embarcado co meu pai nun barco da costa, e logo cambiei a terra ao sector da hostalar\u00eda. Tiven un par de locais na Guarda, e tam\u00e9n traballei nalg\u00fan camping, e finalmente desde o ano 2015 traballo na mari\u00f1a mercante.<\/p><\/blockquote>\n\n\n\n<p><strong>Levas\ndesde ese ano no mesmo barco?<\/strong><\/p>\n\n\n\n<blockquote class=\"wp-block-quote is-layout-flow wp-block-quote-is-layout-flow\"><p>Levo 5 anos na mesma empresa, que \u00e9 unha compa\u00f1\u00eda vasca. Eles te\u00f1en varios barcos, e eu traballo en calquera dos seus nav\u00edos.<\/p><\/blockquote>\n\n\n\n<p><strong>Que ruta\nadoitades facer?<\/strong><\/p>\n\n\n\n<blockquote class=\"wp-block-quote is-layout-flow wp-block-quote-is-layout-flow\"><p>Por toda Europa.<\/p><\/blockquote>\n\n\n\n<p><strong>Que\ntransportades?<\/strong><\/p>\n\n\n\n<blockquote class=\"wp-block-quote is-layout-flow wp-block-quote-is-layout-flow\"><p>Mercanc\u00eda en xeral.<\/p><\/blockquote>\n\n\n\n<p><strong>Os barcos\nson moi grandes?<\/strong><\/p>\n\n\n\n<blockquote class=\"wp-block-quote is-layout-flow wp-block-quote-is-layout-flow\"><p>Arredor de 100\/120 metros.<\/p><\/blockquote>\n\n\n\n<p><strong>Onde\nembarcas habitualmente?<\/strong><\/p>\n\n\n\n<blockquote class=\"wp-block-quote is-layout-flow wp-block-quote-is-layout-flow\"><p>Normalmente en portos espa\u00f1ois, excepcionalmente podo ter que facelo noutro sitio.<\/p><\/blockquote>\n\n\n\n<p><strong>Canta\ntripulaci\u00f3n ten cada barco?<\/strong><\/p>\n\n\n\n<blockquote class=\"wp-block-quote is-layout-flow wp-block-quote-is-layout-flow\"><p>Entre 8 e 10 persoas .Antes ti\u00f1an m\u00e1is pero para aforrar costes foron reduc\u00edndoos aos poucos.<\/p><\/blockquote>\n\n\n\n<p><strong>Os\ntripulantes soen ser espa\u00f1ois?<\/strong><\/p>\n\n\n\n<blockquote class=\"wp-block-quote is-layout-flow wp-block-quote-is-layout-flow\"><p>Si, a maior\u00eda son galegos, e logo tam\u00e9n soe haber xente do norte.<\/p><\/blockquote>\n\n\n\n<p><strong>A que anos\nos xubilades?<\/strong><\/p>\n\n\n\n<blockquote class=\"wp-block-quote is-layout-flow wp-block-quote-is-layout-flow\"><p>Antes era aos 55, agora penso que vai ser aos 57, sempre que te\u00f1as un coeficiente que o permita.<\/p><\/blockquote>\n\n\n\n<p><strong>As mareas\nde canto tempo son?<\/strong><\/p>\n\n\n\n<blockquote class=\"wp-block-quote is-layout-flow wp-block-quote-is-layout-flow\"><p>Poden ser de dous ou catro meses.<\/p><\/blockquote>\n\n\n\n<p><strong>Cando\nembarcaches desta volta?<\/strong><\/p>\n\n\n\n<blockquote class=\"wp-block-quote is-layout-flow wp-block-quote-is-layout-flow\"><p>O cinco de novembro, ti\u00f1amos previsto desembarcar en febreiro, porque era unha marea de catro meses, pero cando estabamos \u00e1 altura de B\u00e9lxica, para podelo facer, xurdiu o problema do andazo e non o puidemos facer ata o 27 de abril.<\/p><\/blockquote>\n\n\n\n<p><strong>E que\nfixeches ent\u00f3n ao non poder desembarcar en B\u00e9lxica?<\/strong><\/p>\n\n\n\n<blockquote class=\"wp-block-quote is-layout-flow wp-block-quote-is-layout-flow\"><p>Pois facer outra ruta, e irmos ata Alxeria .E foi un balbordo considerable, pois ti\u00f1amos pouca auga e v\u00edveres. Tentamos desembarcar en Alxeria, non puidemos, tent\u00e1molo tam\u00e9n en Lisboa, tampouco nos foi posible. Logo fomos a Huelva e tampouco nos deixaron. De Huelva tiramos para Barcelona e exactamente igual, non puidemos desembarcar. De Catalunya fomos a Marrocos, que imposible tam\u00e9n, e finalmente fomos a Coru\u00f1a, e al\u00ed si que puidemos ir a terra por fin.<\/p><\/blockquote>\n\n\n\n<p><strong>E todo\neste tempo como vos aprovisionabades ?<\/strong><\/p>\n\n\n\n<blockquote class=\"wp-block-quote is-layout-flow wp-block-quote-is-layout-flow\"><p>Por medio de provisionistas, porque a terra non podiamos baixar.<\/p><\/blockquote>\n\n\n\n<p><strong>Chegastes\na pasar alg\u00fan momento delicado de escaseza de v\u00edveres ou de auga?<\/strong><\/p>\n\n\n\n<blockquote class=\"wp-block-quote is-layout-flow wp-block-quote-is-layout-flow\"><p>Si, cando estivemos en Alxeria realmente foi un momento perigoso, pois chegamos incluso a ter pouca auga para beber.<\/p><\/blockquote>\n\n\n\n<p><strong>Sendo toda\na tripulaci\u00f3n espa\u00f1ola, como \u00e9 que non vos deixaron desembarcar\nnin en Huelva nin en Barcelona?<\/strong><\/p>\n\n\n\n<blockquote class=\"wp-block-quote is-layout-flow wp-block-quote-is-layout-flow\"><p>Pois non o sei. Esa decisi\u00f3n t\u00f3maa  autoridade portuaria, pero non sei porque non nolo permitiron. Se cadra pola imposibilidade de facernos as probas , pero non o podo asegurar.<\/p><\/blockquote>\n\n\n\n<p><strong>E porque\nnon fixestes unha corentena en calquera deses dous portos?<\/strong><\/p>\n\n\n\n<blockquote class=\"wp-block-quote is-layout-flow wp-block-quote-is-layout-flow\"><p>Home pois porque \u00e1 empresa non lle interesa ter o barco parado d\u00faas semanas, ent\u00f3n faise outra viaxe para tratar de optimizar o tempo e agardar a podermos desembarcar.<\/p><\/blockquote>\n\n\n\n<p><strong>Nalg\u00fan\nmomento destes meses alg\u00fan tripulante notou calquera s\u00edntoma dos\nque se asocian coa COVID19?<\/strong><\/p>\n\n\n\n<blockquote class=\"wp-block-quote is-layout-flow wp-block-quote-is-layout-flow\"><p>Non. Case todos  os que estabamos embarcados levabamos varios meses embarcados, con anterioridade a que se tivese detectado o virus. A\u00ednda que poderiamos ter tido alg\u00fan problema ao pararmos nos portos, pois neses momentos entra xente no barco a cargar mercanc\u00eda, e claro pod\u00eda ter entrado algunha persoa infectada.<\/p><\/blockquote>\n\n\n\n<p><strong>Cando\ndesembarcastes onte fix\u00e9ronvos test para ver se padeciades a\nenfermidade?<\/strong><\/p>\n\n\n\n<blockquote class=\"wp-block-quote is-layout-flow wp-block-quote-is-layout-flow\"><p>Non a n\u00f3s non , fix\u00e9ronllos s\u00f3 aos que embarcaron e nos fixeron o relevo.<\/p><\/blockquote>\n\n\n\n<p><strong>Canto\ntempo de descanso tes agora?<\/strong><\/p>\n\n\n\n<blockquote class=\"wp-block-quote is-layout-flow wp-block-quote-is-layout-flow\"><p>Pois pert\u00e9ncenme  3 meses, porque estiven 6 no mar e cada 2 meses embarcado tes 1 de descanso.<\/p><\/blockquote>\n\n\n\n<p><strong>Non debe\nde ser nada doada a t\u00faa profesi\u00f3n, eu non creo que fose capaz de\nestar 6 meses encerrado nun barco<\/strong><\/p>\n\n\n\n<blockquote class=\"wp-block-quote is-layout-flow wp-block-quote-is-layout-flow\"><p>Un barco deses ten certas comodidades, non ten nada que ver cun barco de pesca. Tes camarote, ba\u00f1o e ducha.<\/p><\/blockquote>\n\n\n\n<p><strong>Tedes\ninternet?<\/strong><\/p>\n\n\n\n<blockquote class=\"wp-block-quote is-layout-flow wp-block-quote-is-layout-flow\"><p>Non.<\/p><\/blockquote>\n\n\n\n<p><strong>E como te\ncomunicas coa t\u00faa familia?<\/strong><\/p>\n\n\n\n<blockquote class=\"wp-block-quote is-layout-flow wp-block-quote-is-layout-flow\"><p>Te\u00f1o que esperar a chegar a un porto.<\/p><\/blockquote>\n\n\n\n<p><strong>Matar o\ntempo non debe de ser f\u00e1cil?<\/strong><\/p>\n\n\n\n<blockquote class=\"wp-block-quote is-layout-flow wp-block-quote-is-layout-flow\"><p>Al\u00ed comemos \u00e1s 12,00 e ceamos \u00e1s 18,00.E ben, sempre hai cousas que facer, temos play, pel\u00edculas, libros, xogos de mesa&#8230;.<\/p><\/blockquote>\n\n\n\n<p><strong>Nestes\nmeses de incerteza na que vos costou tanto desembarcar, sentistes que\na administraci\u00f3n tanto a galega como a estatal se preocupaba pola\nvosa situaci\u00f3n?<\/strong><\/p>\n\n\n\n<blockquote class=\"wp-block-quote is-layout-flow wp-block-quote-is-layout-flow\"><p>Vamos ver, realmente estabamos incomunicados, ti\u00f1amos que esperar a chegarmos un porto para co\u00f1ecer como estaba a situaci\u00f3n, pero \u00e1 hora de desembarcar d\u00e1ste de conta que  administraci\u00f3n non tivo en conta \u00e1 xente do mar que tivemos problema para desembarcar, que eramos moitas persoas, e que non puidemos desembarcar incluso tocando portos espa\u00f1ois.<\/p><\/blockquote>\n","protected":false},"excerpt":{"rendered":"<div class=\"mh-excerpt\"><p>Despois de falarmos con galegas e galegos en distintos pa\u00edses do mundo, para co\u00f1ecermos as diversas formas de afrontar a loita contra a pandemia v\u00edrica, rematamos esta xeira de reportaxes mergull\u00e1ndonos na innumerable vida dos traballadores do mar <a class=\"mh-excerpt-more\" href=\"https:\/\/www.anovapeneira.gal\/index.php\/2020\/05\/04\/o-coronavirus-no-mundo-xi-os-caminos-do-mar\/\" title=\"O coronavirus no mundo XI: os cami\u00f1os do mar\">[&#8230;]<\/a><\/p>\n<\/div>","protected":false},"author":3,"featured_media":3041,"comment_status":"open","ping_status":"open","sticky":false,"template":"","format":"standard","meta":{"_exactmetrics_skip_tracking":false,"_exactmetrics_sitenote_active":false,"_exactmetrics_sitenote_note":"","_exactmetrics_sitenote_category":0,"footnotes":""},"categories":[21],"tags":[238,1030,1006],"class_list":{"0":"post-3040","1":"post","2":"type-post","3":"status-publish","4":"format-standard","5":"has-post-thumbnail","7":"category-baixo-mino","8":"tag-concello-da-guarda","9":"tag-coronavirus-no-mundo","10":"tag-covid19"},"yoast_head":"<!-- This site is optimized with the Yoast SEO plugin v27.4 - https:\/\/yoast.com\/product\/yoast-seo-wordpress\/ -->\n<title>O coronavirus no mundo XI: os cami\u00f1os do mar -<\/title>\n<meta name=\"robots\" content=\"index, follow, max-snippet:-1, max-image-preview:large, max-video-preview:-1\" \/>\n<link rel=\"canonical\" href=\"https:\/\/www.anovapeneira.gal\/index.php\/2020\/05\/04\/o-coronavirus-no-mundo-xi-os-caminos-do-mar\/\" \/>\n<meta property=\"og:locale\" content=\"gl_ES\" \/>\n<meta property=\"og:type\" content=\"article\" \/>\n<meta property=\"og:title\" content=\"O coronavirus no mundo XI: os cami\u00f1os do mar -\" \/>\n<meta property=\"og:description\" content=\"Despois de falarmos con galegas e galegos en distintos pa\u00edses do mundo, para co\u00f1ecermos as diversas formas de afrontar a loita contra a pandemia v\u00edrica, rematamos esta xeira de reportaxes mergull\u00e1ndonos na innumerable vida dos traballadores do mar [...]\" \/>\n<meta property=\"og:url\" content=\"https:\/\/www.anovapeneira.gal\/index.php\/2020\/05\/04\/o-coronavirus-no-mundo-xi-os-caminos-do-mar\/\" \/>\n<meta property=\"article:publisher\" content=\"https:\/\/www.facebook.com\/anovapeneira\" \/>\n<meta property=\"article:published_time\" content=\"2020-05-04T08:00:22+00:00\" \/>\n<meta property=\"og:image\" content=\"https:\/\/www.anovapeneira.gal\/wp-content\/uploads\/2020\/05\/chono_guarda_coronavirus_no_mundo_a_nova_peneira.jpg\" \/>\n\t<meta property=\"og:image:width\" content=\"720\" \/>\n\t<meta property=\"og:image:height\" content=\"432\" \/>\n\t<meta property=\"og:image:type\" content=\"image\/jpeg\" \/>\n<meta name=\"author\" content=\"Redacci\u00f3n A Nova Peneira\" \/>\n<meta name=\"twitter:card\" content=\"summary_large_image\" \/>\n<meta name=\"twitter:creator\" content=\"@APeneira\" \/>\n<meta name=\"twitter:site\" content=\"@APeneira\" \/>\n<meta name=\"twitter:label1\" content=\"Escrito por\" \/>\n\t<meta name=\"twitter:data1\" content=\"Redacci\u00f3n A Nova Peneira\" \/>\n\t<meta name=\"twitter:label2\" content=\"Tempo de lectura\" \/>\n\t<meta name=\"twitter:data2\" content=\"5 minutos\" \/>\n<script type=\"application\/ld+json\" class=\"yoast-schema-graph\">{\"@context\":\"https:\\\/\\\/schema.org\",\"@graph\":[{\"@type\":\"Article\",\"@id\":\"https:\\\/\\\/www.anovapeneira.gal\\\/index.php\\\/2020\\\/05\\\/04\\\/o-coronavirus-no-mundo-xi-os-caminos-do-mar\\\/#article\",\"isPartOf\":{\"@id\":\"https:\\\/\\\/www.anovapeneira.gal\\\/index.php\\\/2020\\\/05\\\/04\\\/o-coronavirus-no-mundo-xi-os-caminos-do-mar\\\/\"},\"author\":{\"name\":\"Redacci\u00f3n A Nova Peneira\",\"@id\":\"https:\\\/\\\/www.anovapeneira.gal\\\/#\\\/schema\\\/person\\\/b93e3f8932e3f8da96334607eb6ac6aa\"},\"headline\":\"O coronavirus no mundo XI: os cami\u00f1os do mar\",\"datePublished\":\"2020-05-04T08:00:22+00:00\",\"mainEntityOfPage\":{\"@id\":\"https:\\\/\\\/www.anovapeneira.gal\\\/index.php\\\/2020\\\/05\\\/04\\\/o-coronavirus-no-mundo-xi-os-caminos-do-mar\\\/\"},\"wordCount\":966,\"commentCount\":0,\"publisher\":{\"@id\":\"https:\\\/\\\/www.anovapeneira.gal\\\/#organization\"},\"image\":{\"@id\":\"https:\\\/\\\/www.anovapeneira.gal\\\/index.php\\\/2020\\\/05\\\/04\\\/o-coronavirus-no-mundo-xi-os-caminos-do-mar\\\/#primaryimage\"},\"thumbnailUrl\":\"https:\\\/\\\/www.anovapeneira.gal\\\/wp-content\\\/uploads\\\/2020\\\/05\\\/chono_guarda_coronavirus_no_mundo_a_nova_peneira.jpg\",\"keywords\":[\"Concello da Guarda\",\"coronavirus no mundo\",\"COVID19\"],\"articleSection\":[\"Baixo Mi\u00f1o\"],\"inLanguage\":\"gl-ES\",\"potentialAction\":[{\"@type\":\"CommentAction\",\"name\":\"Comment\",\"target\":[\"https:\\\/\\\/www.anovapeneira.gal\\\/index.php\\\/2020\\\/05\\\/04\\\/o-coronavirus-no-mundo-xi-os-caminos-do-mar\\\/#respond\"]}]},{\"@type\":\"WebPage\",\"@id\":\"https:\\\/\\\/www.anovapeneira.gal\\\/index.php\\\/2020\\\/05\\\/04\\\/o-coronavirus-no-mundo-xi-os-caminos-do-mar\\\/\",\"url\":\"https:\\\/\\\/www.anovapeneira.gal\\\/index.php\\\/2020\\\/05\\\/04\\\/o-coronavirus-no-mundo-xi-os-caminos-do-mar\\\/\",\"name\":\"O coronavirus no mundo XI: os cami\u00f1os do mar -\",\"isPartOf\":{\"@id\":\"https:\\\/\\\/www.anovapeneira.gal\\\/#website\"},\"primaryImageOfPage\":{\"@id\":\"https:\\\/\\\/www.anovapeneira.gal\\\/index.php\\\/2020\\\/05\\\/04\\\/o-coronavirus-no-mundo-xi-os-caminos-do-mar\\\/#primaryimage\"},\"image\":{\"@id\":\"https:\\\/\\\/www.anovapeneira.gal\\\/index.php\\\/2020\\\/05\\\/04\\\/o-coronavirus-no-mundo-xi-os-caminos-do-mar\\\/#primaryimage\"},\"thumbnailUrl\":\"https:\\\/\\\/www.anovapeneira.gal\\\/wp-content\\\/uploads\\\/2020\\\/05\\\/chono_guarda_coronavirus_no_mundo_a_nova_peneira.jpg\",\"datePublished\":\"2020-05-04T08:00:22+00:00\",\"breadcrumb\":{\"@id\":\"https:\\\/\\\/www.anovapeneira.gal\\\/index.php\\\/2020\\\/05\\\/04\\\/o-coronavirus-no-mundo-xi-os-caminos-do-mar\\\/#breadcrumb\"},\"inLanguage\":\"gl-ES\",\"potentialAction\":[{\"@type\":\"ReadAction\",\"target\":[\"https:\\\/\\\/www.anovapeneira.gal\\\/index.php\\\/2020\\\/05\\\/04\\\/o-coronavirus-no-mundo-xi-os-caminos-do-mar\\\/\"]}]},{\"@type\":\"ImageObject\",\"inLanguage\":\"gl-ES\",\"@id\":\"https:\\\/\\\/www.anovapeneira.gal\\\/index.php\\\/2020\\\/05\\\/04\\\/o-coronavirus-no-mundo-xi-os-caminos-do-mar\\\/#primaryimage\",\"url\":\"https:\\\/\\\/www.anovapeneira.gal\\\/wp-content\\\/uploads\\\/2020\\\/05\\\/chono_guarda_coronavirus_no_mundo_a_nova_peneira.jpg\",\"contentUrl\":\"https:\\\/\\\/www.anovapeneira.gal\\\/wp-content\\\/uploads\\\/2020\\\/05\\\/chono_guarda_coronavirus_no_mundo_a_nova_peneira.jpg\",\"width\":720,\"height\":432,\"caption\":\"Chono a Guarda A Nova Peneira Coronavirus no mundo\"},{\"@type\":\"BreadcrumbList\",\"@id\":\"https:\\\/\\\/www.anovapeneira.gal\\\/index.php\\\/2020\\\/05\\\/04\\\/o-coronavirus-no-mundo-xi-os-caminos-do-mar\\\/#breadcrumb\",\"itemListElement\":[{\"@type\":\"ListItem\",\"position\":1,\"name\":\"Portada\",\"item\":\"https:\\\/\\\/www.anovapeneira.gal\\\/\"},{\"@type\":\"ListItem\",\"position\":2,\"name\":\"O coronavirus no mundo XI: os cami\u00f1os do mar\"}]},{\"@type\":\"WebSite\",\"@id\":\"https:\\\/\\\/www.anovapeneira.gal\\\/#website\",\"url\":\"https:\\\/\\\/www.anovapeneira.gal\\\/\",\"name\":\"\",\"description\":\"Xornal galego de informaci\u00f3n xeral Publicaci\u00f3n mensual de novas de Galicia e en especial dos Concellos da sur da provincia de Pontevedra.\",\"publisher\":{\"@id\":\"https:\\\/\\\/www.anovapeneira.gal\\\/#organization\"},\"potentialAction\":[{\"@type\":\"SearchAction\",\"target\":{\"@type\":\"EntryPoint\",\"urlTemplate\":\"https:\\\/\\\/www.anovapeneira.gal\\\/?s={search_term_string}\"},\"query-input\":{\"@type\":\"PropertyValueSpecification\",\"valueRequired\":true,\"valueName\":\"search_term_string\"}}],\"inLanguage\":\"gl-ES\"},{\"@type\":\"Organization\",\"@id\":\"https:\\\/\\\/www.anovapeneira.gal\\\/#organization\",\"name\":\"A Nova Peneira\",\"url\":\"https:\\\/\\\/www.anovapeneira.gal\\\/\",\"logo\":{\"@type\":\"ImageObject\",\"inLanguage\":\"gl-ES\",\"@id\":\"https:\\\/\\\/www.anovapeneira.gal\\\/#\\\/schema\\\/logo\\\/image\\\/\",\"url\":\"http:\\\/\\\/www.anovapeneira.gal\\\/wp-content\\\/uploads\\\/2019\\\/06\\\/logo_a_nova_peneira_portal_web.png\",\"contentUrl\":\"http:\\\/\\\/www.anovapeneira.gal\\\/wp-content\\\/uploads\\\/2019\\\/06\\\/logo_a_nova_peneira_portal_web.png\",\"width\":300,\"height\":100,\"caption\":\"A Nova Peneira\"},\"image\":{\"@id\":\"https:\\\/\\\/www.anovapeneira.gal\\\/#\\\/schema\\\/logo\\\/image\\\/\"},\"sameAs\":[\"https:\\\/\\\/www.facebook.com\\\/anovapeneira\",\"https:\\\/\\\/x.com\\\/APeneira\"]},{\"@type\":\"Person\",\"@id\":\"https:\\\/\\\/www.anovapeneira.gal\\\/#\\\/schema\\\/person\\\/b93e3f8932e3f8da96334607eb6ac6aa\",\"name\":\"Redacci\u00f3n A Nova Peneira\",\"image\":{\"@type\":\"ImageObject\",\"inLanguage\":\"gl-ES\",\"@id\":\"https:\\\/\\\/secure.gravatar.com\\\/avatar\\\/c052a2551a06e23fac63626232eaa90abd78dbcf1700fc46a2b2c89fd27b735f?s=96&d=mm&r=g\",\"url\":\"https:\\\/\\\/secure.gravatar.com\\\/avatar\\\/c052a2551a06e23fac63626232eaa90abd78dbcf1700fc46a2b2c89fd27b735f?s=96&d=mm&r=g\",\"contentUrl\":\"https:\\\/\\\/secure.gravatar.com\\\/avatar\\\/c052a2551a06e23fac63626232eaa90abd78dbcf1700fc46a2b2c89fd27b735f?s=96&d=mm&r=g\",\"caption\":\"Redacci\u00f3n A Nova Peneira\"},\"sameAs\":[\"http:\\\/\\\/www.anovapeneira.gal\\\/\"],\"url\":\"https:\\\/\\\/www.anovapeneira.gal\\\/index.php\\\/author\\\/redactor\\\/\"}]}<\/script>\n<!-- \/ Yoast SEO plugin. -->","yoast_head_json":{"title":"O coronavirus no mundo XI: os cami\u00f1os do mar -","robots":{"index":"index","follow":"follow","max-snippet":"max-snippet:-1","max-image-preview":"max-image-preview:large","max-video-preview":"max-video-preview:-1"},"canonical":"https:\/\/www.anovapeneira.gal\/index.php\/2020\/05\/04\/o-coronavirus-no-mundo-xi-os-caminos-do-mar\/","og_locale":"gl_ES","og_type":"article","og_title":"O coronavirus no mundo XI: os cami\u00f1os do mar -","og_description":"Despois de falarmos con galegas e galegos en distintos pa\u00edses do mundo, para co\u00f1ecermos as diversas formas de afrontar a loita contra a pandemia v\u00edrica, rematamos esta xeira de reportaxes mergull\u00e1ndonos na innumerable vida dos traballadores do mar [...]","og_url":"https:\/\/www.anovapeneira.gal\/index.php\/2020\/05\/04\/o-coronavirus-no-mundo-xi-os-caminos-do-mar\/","article_publisher":"https:\/\/www.facebook.com\/anovapeneira","article_published_time":"2020-05-04T08:00:22+00:00","og_image":[{"width":720,"height":432,"url":"https:\/\/www.anovapeneira.gal\/wp-content\/uploads\/2020\/05\/chono_guarda_coronavirus_no_mundo_a_nova_peneira.jpg","type":"image\/jpeg"}],"author":"Redacci\u00f3n A Nova Peneira","twitter_card":"summary_large_image","twitter_creator":"@APeneira","twitter_site":"@APeneira","twitter_misc":{"Escrito por":"Redacci\u00f3n A Nova Peneira","Tempo de lectura":"5 minutos"},"schema":{"@context":"https:\/\/schema.org","@graph":[{"@type":"Article","@id":"https:\/\/www.anovapeneira.gal\/index.php\/2020\/05\/04\/o-coronavirus-no-mundo-xi-os-caminos-do-mar\/#article","isPartOf":{"@id":"https:\/\/www.anovapeneira.gal\/index.php\/2020\/05\/04\/o-coronavirus-no-mundo-xi-os-caminos-do-mar\/"},"author":{"name":"Redacci\u00f3n A Nova Peneira","@id":"https:\/\/www.anovapeneira.gal\/#\/schema\/person\/b93e3f8932e3f8da96334607eb6ac6aa"},"headline":"O coronavirus no mundo XI: os cami\u00f1os do mar","datePublished":"2020-05-04T08:00:22+00:00","mainEntityOfPage":{"@id":"https:\/\/www.anovapeneira.gal\/index.php\/2020\/05\/04\/o-coronavirus-no-mundo-xi-os-caminos-do-mar\/"},"wordCount":966,"commentCount":0,"publisher":{"@id":"https:\/\/www.anovapeneira.gal\/#organization"},"image":{"@id":"https:\/\/www.anovapeneira.gal\/index.php\/2020\/05\/04\/o-coronavirus-no-mundo-xi-os-caminos-do-mar\/#primaryimage"},"thumbnailUrl":"https:\/\/www.anovapeneira.gal\/wp-content\/uploads\/2020\/05\/chono_guarda_coronavirus_no_mundo_a_nova_peneira.jpg","keywords":["Concello da Guarda","coronavirus no mundo","COVID19"],"articleSection":["Baixo Mi\u00f1o"],"inLanguage":"gl-ES","potentialAction":[{"@type":"CommentAction","name":"Comment","target":["https:\/\/www.anovapeneira.gal\/index.php\/2020\/05\/04\/o-coronavirus-no-mundo-xi-os-caminos-do-mar\/#respond"]}]},{"@type":"WebPage","@id":"https:\/\/www.anovapeneira.gal\/index.php\/2020\/05\/04\/o-coronavirus-no-mundo-xi-os-caminos-do-mar\/","url":"https:\/\/www.anovapeneira.gal\/index.php\/2020\/05\/04\/o-coronavirus-no-mundo-xi-os-caminos-do-mar\/","name":"O coronavirus no mundo XI: os cami\u00f1os do mar -","isPartOf":{"@id":"https:\/\/www.anovapeneira.gal\/#website"},"primaryImageOfPage":{"@id":"https:\/\/www.anovapeneira.gal\/index.php\/2020\/05\/04\/o-coronavirus-no-mundo-xi-os-caminos-do-mar\/#primaryimage"},"image":{"@id":"https:\/\/www.anovapeneira.gal\/index.php\/2020\/05\/04\/o-coronavirus-no-mundo-xi-os-caminos-do-mar\/#primaryimage"},"thumbnailUrl":"https:\/\/www.anovapeneira.gal\/wp-content\/uploads\/2020\/05\/chono_guarda_coronavirus_no_mundo_a_nova_peneira.jpg","datePublished":"2020-05-04T08:00:22+00:00","breadcrumb":{"@id":"https:\/\/www.anovapeneira.gal\/index.php\/2020\/05\/04\/o-coronavirus-no-mundo-xi-os-caminos-do-mar\/#breadcrumb"},"inLanguage":"gl-ES","potentialAction":[{"@type":"ReadAction","target":["https:\/\/www.anovapeneira.gal\/index.php\/2020\/05\/04\/o-coronavirus-no-mundo-xi-os-caminos-do-mar\/"]}]},{"@type":"ImageObject","inLanguage":"gl-ES","@id":"https:\/\/www.anovapeneira.gal\/index.php\/2020\/05\/04\/o-coronavirus-no-mundo-xi-os-caminos-do-mar\/#primaryimage","url":"https:\/\/www.anovapeneira.gal\/wp-content\/uploads\/2020\/05\/chono_guarda_coronavirus_no_mundo_a_nova_peneira.jpg","contentUrl":"https:\/\/www.anovapeneira.gal\/wp-content\/uploads\/2020\/05\/chono_guarda_coronavirus_no_mundo_a_nova_peneira.jpg","width":720,"height":432,"caption":"Chono a Guarda A Nova Peneira Coronavirus no mundo"},{"@type":"BreadcrumbList","@id":"https:\/\/www.anovapeneira.gal\/index.php\/2020\/05\/04\/o-coronavirus-no-mundo-xi-os-caminos-do-mar\/#breadcrumb","itemListElement":[{"@type":"ListItem","position":1,"name":"Portada","item":"https:\/\/www.anovapeneira.gal\/"},{"@type":"ListItem","position":2,"name":"O coronavirus no mundo XI: os cami\u00f1os do mar"}]},{"@type":"WebSite","@id":"https:\/\/www.anovapeneira.gal\/#website","url":"https:\/\/www.anovapeneira.gal\/","name":"","description":"Xornal galego de informaci\u00f3n xeral Publicaci\u00f3n mensual de novas de Galicia e en especial dos Concellos da sur da provincia de Pontevedra.","publisher":{"@id":"https:\/\/www.anovapeneira.gal\/#organization"},"potentialAction":[{"@type":"SearchAction","target":{"@type":"EntryPoint","urlTemplate":"https:\/\/www.anovapeneira.gal\/?s={search_term_string}"},"query-input":{"@type":"PropertyValueSpecification","valueRequired":true,"valueName":"search_term_string"}}],"inLanguage":"gl-ES"},{"@type":"Organization","@id":"https:\/\/www.anovapeneira.gal\/#organization","name":"A Nova Peneira","url":"https:\/\/www.anovapeneira.gal\/","logo":{"@type":"ImageObject","inLanguage":"gl-ES","@id":"https:\/\/www.anovapeneira.gal\/#\/schema\/logo\/image\/","url":"http:\/\/www.anovapeneira.gal\/wp-content\/uploads\/2019\/06\/logo_a_nova_peneira_portal_web.png","contentUrl":"http:\/\/www.anovapeneira.gal\/wp-content\/uploads\/2019\/06\/logo_a_nova_peneira_portal_web.png","width":300,"height":100,"caption":"A Nova Peneira"},"image":{"@id":"https:\/\/www.anovapeneira.gal\/#\/schema\/logo\/image\/"},"sameAs":["https:\/\/www.facebook.com\/anovapeneira","https:\/\/x.com\/APeneira"]},{"@type":"Person","@id":"https:\/\/www.anovapeneira.gal\/#\/schema\/person\/b93e3f8932e3f8da96334607eb6ac6aa","name":"Redacci\u00f3n A Nova Peneira","image":{"@type":"ImageObject","inLanguage":"gl-ES","@id":"https:\/\/secure.gravatar.com\/avatar\/c052a2551a06e23fac63626232eaa90abd78dbcf1700fc46a2b2c89fd27b735f?s=96&d=mm&r=g","url":"https:\/\/secure.gravatar.com\/avatar\/c052a2551a06e23fac63626232eaa90abd78dbcf1700fc46a2b2c89fd27b735f?s=96&d=mm&r=g","contentUrl":"https:\/\/secure.gravatar.com\/avatar\/c052a2551a06e23fac63626232eaa90abd78dbcf1700fc46a2b2c89fd27b735f?s=96&d=mm&r=g","caption":"Redacci\u00f3n A Nova Peneira"},"sameAs":["http:\/\/www.anovapeneira.gal\/"],"url":"https:\/\/www.anovapeneira.gal\/index.php\/author\/redactor\/"}]}},"jetpack_featured_media_url":"https:\/\/www.anovapeneira.gal\/wp-content\/uploads\/2020\/05\/chono_guarda_coronavirus_no_mundo_a_nova_peneira.jpg","_links":{"self":[{"href":"https:\/\/www.anovapeneira.gal\/index.php\/wp-json\/wp\/v2\/posts\/3040","targetHints":{"allow":["GET"]}}],"collection":[{"href":"https:\/\/www.anovapeneira.gal\/index.php\/wp-json\/wp\/v2\/posts"}],"about":[{"href":"https:\/\/www.anovapeneira.gal\/index.php\/wp-json\/wp\/v2\/types\/post"}],"author":[{"embeddable":true,"href":"https:\/\/www.anovapeneira.gal\/index.php\/wp-json\/wp\/v2\/users\/3"}],"replies":[{"embeddable":true,"href":"https:\/\/www.anovapeneira.gal\/index.php\/wp-json\/wp\/v2\/comments?post=3040"}],"version-history":[{"count":1,"href":"https:\/\/www.anovapeneira.gal\/index.php\/wp-json\/wp\/v2\/posts\/3040\/revisions"}],"predecessor-version":[{"id":3042,"href":"https:\/\/www.anovapeneira.gal\/index.php\/wp-json\/wp\/v2\/posts\/3040\/revisions\/3042"}],"wp:featuredmedia":[{"embeddable":true,"href":"https:\/\/www.anovapeneira.gal\/index.php\/wp-json\/wp\/v2\/media\/3041"}],"wp:attachment":[{"href":"https:\/\/www.anovapeneira.gal\/index.php\/wp-json\/wp\/v2\/media?parent=3040"}],"wp:term":[{"taxonomy":"category","embeddable":true,"href":"https:\/\/www.anovapeneira.gal\/index.php\/wp-json\/wp\/v2\/categories?post=3040"},{"taxonomy":"post_tag","embeddable":true,"href":"https:\/\/www.anovapeneira.gal\/index.php\/wp-json\/wp\/v2\/tags?post=3040"}],"curies":[{"name":"wp","href":"https:\/\/api.w.org\/{rel}","templated":true}]}}