{"id":3055,"date":"2020-05-06T10:00:44","date_gmt":"2020-05-06T08:00:44","guid":{"rendered":"http:\/\/www.anovapeneira.gal\/?p=3055"},"modified":"2020-05-03T09:21:07","modified_gmt":"2020-05-03T07:21:07","slug":"non-o-vemos","status":"publish","type":"post","link":"https:\/\/www.anovapeneira.gal\/index.php\/2020\/05\/06\/non-o-vemos\/","title":{"rendered":"Non o vemos?"},"content":{"rendered":"\n<figure class=\"wp-block-image size-large is-resized is-style-circle-mask\"><img loading=\"lazy\" decoding=\"async\" src=\"http:\/\/www.anovapeneira.gal\/wp-content\/uploads\/2019\/07\/Baldomero_Iglesias_Dobarrio_Mero.jpg\" alt=\"Baldomero Iglesias Dobarrio Mero artigos de opini\u00f3n A Nova Peneira\" class=\"wp-image-482\" width=\"95\" height=\"111\"\/><figcaption>Baldomero Iglesias Dobarrio, Mero<\/figcaption><\/figure>\n\n\n\n<p>No medio deste devalo e vendo pasar o tempo no confinamento das liberdades, agora de novo asumidas, coma sempre, polo Estado, e vendo os feitos que derivan dunha Audiencia Nacional que nos lembra aquel TOP de outrora, respecto dos independentistas galegos, cabe pensar que o Estado est\u00e1 de novo contra o independentismo galego, precisamente o galego. Non fai, nin fixo, iso coas outras naci\u00f3ns \u201cperif\u00e9ricas\u201d. Todo isto \u00e9 doado de probar, non son insensibilidades ou cousas polo estilo sen\u00f3n m\u00e1is ben o contrario. Est\u00e1n, xa que logo, nesa teima perversa de facernos desaparecer como pobo, como pluralidade, como naci\u00f3n. Co delito que iso sup\u00f3n, porque lle negan o mundo que poidan sabernos, nin mellores nin peores, singulares e sendo n\u00f3s, con toda a nosa aportaci\u00f3n ao mundo. Xa os representantes p\u00fablicos de Galiza se esquecen da nosa fala, xa responden nos medios nosos, en b\u00edfidas direcci\u00f3ns, e s\u00f3ltanse con moita soltura no espa\u00f1ol. Xa, ling\u00fcisticamente, non nos representan nin sequera por pasiva e moito menos con paix\u00f3n.<\/p>\n\n\n\n<p>Moitas promesas, todas incumpridas na honra da orixe. Vese a impostaci\u00f3n, n\u00f3tase a desafecci\u00f3n. \u00c9 evidente. E mentres, o Galego non \u00e9, queiramos que non, nin de dereitas nin de esquerdas. Non ten esa vulgar lateralidade de todas as cousas vulgares: o idioma \u00e9 de dentro. Como todos os idiomas, l\u00e9vase na propiedade, na \u00edntima devoci\u00f3n. Pero claro, para falalo con propiedade hai que ter algo dentro, e nese algo reco\u00f1ecerlle, polo menos ao Galego ser idioma de Galiza. Doado, non?&nbsp;<\/p>\n\n\n\n<p>Corren malos tempos para a raz\u00f3n e para a intuici\u00f3n, por iso estamos como estamos e habitamos esa ansia do exceso, do abuso, do roubo, da p\u00e9rfida globalizaci\u00f3n que reparte perdas e danos, anque garda o beneficio para os amigos e en sucursais privadas. O sistema, perigoso xa de principio, fixo augas en desequilibrios consumistas e contaminados. Pero, nada, ve\u00f1a eucaliptos!<\/p>\n\n\n\n<p>O problema tam\u00e9n est\u00e1 en n\u00f3s que o permitimos. Non debemos esquecer a nosa responsabilidade e desde ela, saber que non temos perd\u00f3n. Porque de todos os xeitos, en Galiza, as cousas foron indo a peor e n\u00f3s permit\u00edmolo. Somos capaces mesmo de negarnos e de crer que todo canto v\u00e9n de f\u00f3ra \u00e9 mellor, que somos o reduto da existencia. Inxect\u00e1ronnos un virus eternos de autoodio, de culpabilidade, de negaci\u00f3n. Por iso copiamos a todo aquilo que v\u00e9n de f\u00f3ra, tan moderno, tan aut\u00e9ntico, tan chic e ianc\u00f3filo. Ser\u00e1 por iso que o \u201cnoso presidente\u201d f\u00e1lalles en espa\u00f1ol e desde a\u00ed, desde ese mangoneo de non nos dar a valer, \u00e9 cando ve\u00f1en os outros mangon\u00e9eos. Como o da Audiencia Nacional cos nosos independentistas. A nosa Causa est\u00e1 esnaquizada en pequenas parcelas menores, case persoais. A nosa Cultura \u00e9 tam\u00e9n unha suma de causalidades menores e case \u00edntimas. A situaci\u00f3n ling\u00fc\u00edstica, grazas a esta lei que nos asegunda, vai cami\u00f1o dos abismos terribles do esquecemento. E aqu\u00ed estamos a\u00ednda, perd\u00e9ndonos en vaguidades. Mais nesta dor, reco\u00f1ec\u00e9monos castigados polo Estado, no abuso de aplicaci\u00f3ns desproporcionadas. Cunha igrexa que cala e consente, que non fala coma n\u00f3s. Cunha patronal sibilinamente negacionista, cunha intelectualidade muda e conveniente. Nin sequera miran para n\u00f3s as outras naci\u00f3ns, nin Portugal que est\u00e1 \u201ccoladita\u201d polo Estado Espa\u00f1ol, nin &#8230; a xustiza! Todos miran en clave de estado, seica, din eles, al\u00ed est\u00e1 o porvir! Iso din os parvos, os que non se reco\u00f1ecen, os que non se estiman. E van al\u00e1 triunfar e trad\u00facense. Agora ve\u00f1en destru\u00edrnos a\u00ednda m\u00e1is. S\u00f3 quedan certos impulsos menores, certamente individualistas e integrados xa na subsistencia, na que acatan debidamente &nbsp;formularios establecidos. Tam\u00e9n quedan alg\u00fans ut\u00f3picos que so\u00f1amos un novo destino. Mentres os que aman a Galiza est\u00e1n sendo xulgados, de calquera maneira xulgados, citados a declarar e invitados ao castigo do que non fixeron, anque mante\u00f1an vivas as arelas da dignidade.&nbsp;<\/p>\n\n\n\n<p>No horizonte non se ve un movemento colectivo que aglutine ese amor, esas ansias liberadoras na sublime condici\u00f3n de pureza, de orgullo e daquela dignidade que citamos. Seguimos inxectados do auto-odio ou na auto-destruci\u00f3n, que \u00e9 o mesmo. Anque eu, iluso de min, a\u00ednda agardo que -por riba destas que nos ve\u00f1en dadas- recuperemos algo de cordura e volvamos a querernos.&nbsp;<\/p>\n","protected":false},"excerpt":{"rendered":"<div class=\"mh-excerpt\"><p>No medio deste devalo e vendo pasar o tempo no confinamento das liberdades, agora de novo asumidas, coma sempre, polo Estado, e vendo os feitos que derivan dunha Audiencia Nacional que nos lembra aquel TOP de outrora, respecto dos independentistas galegos, <a class=\"mh-excerpt-more\" href=\"https:\/\/www.anovapeneira.gal\/index.php\/2020\/05\/06\/non-o-vemos\/\" title=\"Non o vemos?\">[&#8230;]<\/a><\/p>\n<\/div>","protected":false},"author":1,"featured_media":584,"comment_status":"open","ping_status":"open","sticky":false,"template":"","format":"standard","meta":{"_exactmetrics_skip_tracking":false,"_exactmetrics_sitenote_active":false,"_exactmetrics_sitenote_note":"","_exactmetrics_sitenote_category":0,"footnotes":""},"categories":[7],"tags":[58],"class_list":{"0":"post-3055","1":"post","2":"type-post","3":"status-publish","4":"format-standard","5":"has-post-thumbnail","7":"category-artigos-de-opinion","8":"tag-opinion"},"yoast_head":"<!-- This site is optimized with the Yoast SEO plugin v27.5 - https:\/\/yoast.com\/product\/yoast-seo-wordpress\/ -->\n<title>Non o vemos? -<\/title>\n<meta name=\"robots\" content=\"index, follow, max-snippet:-1, max-image-preview:large, max-video-preview:-1\" \/>\n<link rel=\"canonical\" href=\"https:\/\/www.anovapeneira.gal\/index.php\/2020\/05\/06\/non-o-vemos\/\" \/>\n<meta property=\"og:locale\" content=\"gl_ES\" \/>\n<meta property=\"og:type\" content=\"article\" \/>\n<meta property=\"og:title\" content=\"Non o vemos? -\" \/>\n<meta property=\"og:description\" content=\"No medio deste devalo e vendo pasar o tempo no confinamento das liberdades, agora de novo asumidas, coma sempre, polo Estado, e vendo os feitos que derivan dunha Audiencia Nacional que nos lembra aquel TOP de outrora, respecto dos independentistas galegos, [...]\" \/>\n<meta property=\"og:url\" content=\"https:\/\/www.anovapeneira.gal\/index.php\/2020\/05\/06\/non-o-vemos\/\" \/>\n<meta property=\"article:publisher\" content=\"https:\/\/www.facebook.com\/anovapeneira\" \/>\n<meta property=\"article:author\" content=\"https:\/\/www.facebook.com\/anovapeneira\/\" \/>\n<meta property=\"article:published_time\" content=\"2020-05-06T08:00:44+00:00\" \/>\n<meta property=\"og:image\" content=\"https:\/\/www.anovapeneira.gal\/wp-content\/uploads\/2019\/07\/ARTIGO_DE_OPINION_A_NOVA_PENEIRA.jpg\" \/>\n\t<meta property=\"og:image:width\" content=\"720\" \/>\n\t<meta property=\"og:image:height\" content=\"473\" \/>\n\t<meta property=\"og:image:type\" content=\"image\/jpeg\" \/>\n<meta name=\"author\" content=\"admin\" \/>\n<meta name=\"twitter:card\" content=\"summary_large_image\" \/>\n<meta name=\"twitter:creator\" content=\"@APeneira\" \/>\n<meta name=\"twitter:site\" content=\"@APeneira\" \/>\n<meta name=\"twitter:label1\" content=\"Escrito por\" \/>\n\t<meta name=\"twitter:data1\" content=\"admin\" \/>\n\t<meta name=\"twitter:label2\" content=\"Tempo de lectura\" \/>\n\t<meta name=\"twitter:data2\" content=\"4 minutos\" \/>\n<script type=\"application\/ld+json\" class=\"yoast-schema-graph\">{\"@context\":\"https:\\\/\\\/schema.org\",\"@graph\":[{\"@type\":\"Article\",\"@id\":\"https:\\\/\\\/www.anovapeneira.gal\\\/index.php\\\/2020\\\/05\\\/06\\\/non-o-vemos\\\/#article\",\"isPartOf\":{\"@id\":\"https:\\\/\\\/www.anovapeneira.gal\\\/index.php\\\/2020\\\/05\\\/06\\\/non-o-vemos\\\/\"},\"author\":{\"name\":\"admin\",\"@id\":\"https:\\\/\\\/www.anovapeneira.gal\\\/#\\\/schema\\\/person\\\/fb77575328c93684dae4b0075f90c2cb\"},\"headline\":\"Non o vemos?\",\"datePublished\":\"2020-05-06T08:00:44+00:00\",\"mainEntityOfPage\":{\"@id\":\"https:\\\/\\\/www.anovapeneira.gal\\\/index.php\\\/2020\\\/05\\\/06\\\/non-o-vemos\\\/\"},\"wordCount\":766,\"commentCount\":0,\"publisher\":{\"@id\":\"https:\\\/\\\/www.anovapeneira.gal\\\/#organization\"},\"image\":{\"@id\":\"https:\\\/\\\/www.anovapeneira.gal\\\/index.php\\\/2020\\\/05\\\/06\\\/non-o-vemos\\\/#primaryimage\"},\"thumbnailUrl\":\"https:\\\/\\\/www.anovapeneira.gal\\\/wp-content\\\/uploads\\\/2019\\\/07\\\/ARTIGO_DE_OPINION_A_NOVA_PENEIRA.jpg\",\"keywords\":[\"Opini\u00f3n\"],\"articleSection\":[\"Artigos de opini\u00f3n\"],\"inLanguage\":\"gl-ES\",\"potentialAction\":[{\"@type\":\"CommentAction\",\"name\":\"Comment\",\"target\":[\"https:\\\/\\\/www.anovapeneira.gal\\\/index.php\\\/2020\\\/05\\\/06\\\/non-o-vemos\\\/#respond\"]}]},{\"@type\":\"WebPage\",\"@id\":\"https:\\\/\\\/www.anovapeneira.gal\\\/index.php\\\/2020\\\/05\\\/06\\\/non-o-vemos\\\/\",\"url\":\"https:\\\/\\\/www.anovapeneira.gal\\\/index.php\\\/2020\\\/05\\\/06\\\/non-o-vemos\\\/\",\"name\":\"Non o vemos? -\",\"isPartOf\":{\"@id\":\"https:\\\/\\\/www.anovapeneira.gal\\\/#website\"},\"primaryImageOfPage\":{\"@id\":\"https:\\\/\\\/www.anovapeneira.gal\\\/index.php\\\/2020\\\/05\\\/06\\\/non-o-vemos\\\/#primaryimage\"},\"image\":{\"@id\":\"https:\\\/\\\/www.anovapeneira.gal\\\/index.php\\\/2020\\\/05\\\/06\\\/non-o-vemos\\\/#primaryimage\"},\"thumbnailUrl\":\"https:\\\/\\\/www.anovapeneira.gal\\\/wp-content\\\/uploads\\\/2019\\\/07\\\/ARTIGO_DE_OPINION_A_NOVA_PENEIRA.jpg\",\"datePublished\":\"2020-05-06T08:00:44+00:00\",\"breadcrumb\":{\"@id\":\"https:\\\/\\\/www.anovapeneira.gal\\\/index.php\\\/2020\\\/05\\\/06\\\/non-o-vemos\\\/#breadcrumb\"},\"inLanguage\":\"gl-ES\",\"potentialAction\":[{\"@type\":\"ReadAction\",\"target\":[\"https:\\\/\\\/www.anovapeneira.gal\\\/index.php\\\/2020\\\/05\\\/06\\\/non-o-vemos\\\/\"]}]},{\"@type\":\"ImageObject\",\"inLanguage\":\"gl-ES\",\"@id\":\"https:\\\/\\\/www.anovapeneira.gal\\\/index.php\\\/2020\\\/05\\\/06\\\/non-o-vemos\\\/#primaryimage\",\"url\":\"https:\\\/\\\/www.anovapeneira.gal\\\/wp-content\\\/uploads\\\/2019\\\/07\\\/ARTIGO_DE_OPINION_A_NOVA_PENEIRA.jpg\",\"contentUrl\":\"https:\\\/\\\/www.anovapeneira.gal\\\/wp-content\\\/uploads\\\/2019\\\/07\\\/ARTIGO_DE_OPINION_A_NOVA_PENEIRA.jpg\",\"width\":720,\"height\":473,\"caption\":\"Artigo de opini\u00f3n A Nova Peneira\"},{\"@type\":\"BreadcrumbList\",\"@id\":\"https:\\\/\\\/www.anovapeneira.gal\\\/index.php\\\/2020\\\/05\\\/06\\\/non-o-vemos\\\/#breadcrumb\",\"itemListElement\":[{\"@type\":\"ListItem\",\"position\":1,\"name\":\"Portada\",\"item\":\"https:\\\/\\\/www.anovapeneira.gal\\\/\"},{\"@type\":\"ListItem\",\"position\":2,\"name\":\"Non o vemos?\"}]},{\"@type\":\"WebSite\",\"@id\":\"https:\\\/\\\/www.anovapeneira.gal\\\/#website\",\"url\":\"https:\\\/\\\/www.anovapeneira.gal\\\/\",\"name\":\"\",\"description\":\"Xornal galego de informaci\u00f3n xeral Publicaci\u00f3n mensual de novas de Galicia e en especial dos Concellos da sur da provincia de Pontevedra.\",\"publisher\":{\"@id\":\"https:\\\/\\\/www.anovapeneira.gal\\\/#organization\"},\"potentialAction\":[{\"@type\":\"SearchAction\",\"target\":{\"@type\":\"EntryPoint\",\"urlTemplate\":\"https:\\\/\\\/www.anovapeneira.gal\\\/?s={search_term_string}\"},\"query-input\":{\"@type\":\"PropertyValueSpecification\",\"valueRequired\":true,\"valueName\":\"search_term_string\"}}],\"inLanguage\":\"gl-ES\"},{\"@type\":\"Organization\",\"@id\":\"https:\\\/\\\/www.anovapeneira.gal\\\/#organization\",\"name\":\"A Nova Peneira\",\"url\":\"https:\\\/\\\/www.anovapeneira.gal\\\/\",\"logo\":{\"@type\":\"ImageObject\",\"inLanguage\":\"gl-ES\",\"@id\":\"https:\\\/\\\/www.anovapeneira.gal\\\/#\\\/schema\\\/logo\\\/image\\\/\",\"url\":\"http:\\\/\\\/www.anovapeneira.gal\\\/wp-content\\\/uploads\\\/2019\\\/06\\\/logo_a_nova_peneira_portal_web.png\",\"contentUrl\":\"http:\\\/\\\/www.anovapeneira.gal\\\/wp-content\\\/uploads\\\/2019\\\/06\\\/logo_a_nova_peneira_portal_web.png\",\"width\":300,\"height\":100,\"caption\":\"A Nova Peneira\"},\"image\":{\"@id\":\"https:\\\/\\\/www.anovapeneira.gal\\\/#\\\/schema\\\/logo\\\/image\\\/\"},\"sameAs\":[\"https:\\\/\\\/www.facebook.com\\\/anovapeneira\",\"https:\\\/\\\/x.com\\\/APeneira\"]},{\"@type\":\"Person\",\"@id\":\"https:\\\/\\\/www.anovapeneira.gal\\\/#\\\/schema\\\/person\\\/fb77575328c93684dae4b0075f90c2cb\",\"name\":\"admin\",\"image\":{\"@type\":\"ImageObject\",\"inLanguage\":\"gl-ES\",\"@id\":\"https:\\\/\\\/secure.gravatar.com\\\/avatar\\\/df15c36ce375448325e0bc870e91bbee95947a002eb98dcfd6c2b053e18843e9?s=96&d=mm&r=g\",\"url\":\"https:\\\/\\\/secure.gravatar.com\\\/avatar\\\/df15c36ce375448325e0bc870e91bbee95947a002eb98dcfd6c2b053e18843e9?s=96&d=mm&r=g\",\"contentUrl\":\"https:\\\/\\\/secure.gravatar.com\\\/avatar\\\/df15c36ce375448325e0bc870e91bbee95947a002eb98dcfd6c2b053e18843e9?s=96&d=mm&r=g\",\"caption\":\"admin\"},\"description\":\"Xornal galego de informaci\u00f3n xeral Publicaci\u00f3n mensual de novas de Galicia e en especial dos Concellos da sur da provincia de Pontevedra.\",\"sameAs\":[\"http:\\\/\\\/www.anovapeneira.gal\\\/\",\"https:\\\/\\\/www.facebook.com\\\/anovapeneira\\\/\"],\"url\":\"https:\\\/\\\/www.anovapeneira.gal\\\/index.php\\\/author\\\/admin\\\/\"}]}<\/script>\n<!-- \/ Yoast SEO plugin. -->","yoast_head_json":{"title":"Non o vemos? -","robots":{"index":"index","follow":"follow","max-snippet":"max-snippet:-1","max-image-preview":"max-image-preview:large","max-video-preview":"max-video-preview:-1"},"canonical":"https:\/\/www.anovapeneira.gal\/index.php\/2020\/05\/06\/non-o-vemos\/","og_locale":"gl_ES","og_type":"article","og_title":"Non o vemos? -","og_description":"No medio deste devalo e vendo pasar o tempo no confinamento das liberdades, agora de novo asumidas, coma sempre, polo Estado, e vendo os feitos que derivan dunha Audiencia Nacional que nos lembra aquel TOP de outrora, respecto dos independentistas galegos, [...]","og_url":"https:\/\/www.anovapeneira.gal\/index.php\/2020\/05\/06\/non-o-vemos\/","article_publisher":"https:\/\/www.facebook.com\/anovapeneira","article_author":"https:\/\/www.facebook.com\/anovapeneira\/","article_published_time":"2020-05-06T08:00:44+00:00","og_image":[{"width":720,"height":473,"url":"https:\/\/www.anovapeneira.gal\/wp-content\/uploads\/2019\/07\/ARTIGO_DE_OPINION_A_NOVA_PENEIRA.jpg","type":"image\/jpeg"}],"author":"admin","twitter_card":"summary_large_image","twitter_creator":"@APeneira","twitter_site":"@APeneira","twitter_misc":{"Escrito por":"admin","Tempo de lectura":"4 minutos"},"schema":{"@context":"https:\/\/schema.org","@graph":[{"@type":"Article","@id":"https:\/\/www.anovapeneira.gal\/index.php\/2020\/05\/06\/non-o-vemos\/#article","isPartOf":{"@id":"https:\/\/www.anovapeneira.gal\/index.php\/2020\/05\/06\/non-o-vemos\/"},"author":{"name":"admin","@id":"https:\/\/www.anovapeneira.gal\/#\/schema\/person\/fb77575328c93684dae4b0075f90c2cb"},"headline":"Non o vemos?","datePublished":"2020-05-06T08:00:44+00:00","mainEntityOfPage":{"@id":"https:\/\/www.anovapeneira.gal\/index.php\/2020\/05\/06\/non-o-vemos\/"},"wordCount":766,"commentCount":0,"publisher":{"@id":"https:\/\/www.anovapeneira.gal\/#organization"},"image":{"@id":"https:\/\/www.anovapeneira.gal\/index.php\/2020\/05\/06\/non-o-vemos\/#primaryimage"},"thumbnailUrl":"https:\/\/www.anovapeneira.gal\/wp-content\/uploads\/2019\/07\/ARTIGO_DE_OPINION_A_NOVA_PENEIRA.jpg","keywords":["Opini\u00f3n"],"articleSection":["Artigos de opini\u00f3n"],"inLanguage":"gl-ES","potentialAction":[{"@type":"CommentAction","name":"Comment","target":["https:\/\/www.anovapeneira.gal\/index.php\/2020\/05\/06\/non-o-vemos\/#respond"]}]},{"@type":"WebPage","@id":"https:\/\/www.anovapeneira.gal\/index.php\/2020\/05\/06\/non-o-vemos\/","url":"https:\/\/www.anovapeneira.gal\/index.php\/2020\/05\/06\/non-o-vemos\/","name":"Non o vemos? -","isPartOf":{"@id":"https:\/\/www.anovapeneira.gal\/#website"},"primaryImageOfPage":{"@id":"https:\/\/www.anovapeneira.gal\/index.php\/2020\/05\/06\/non-o-vemos\/#primaryimage"},"image":{"@id":"https:\/\/www.anovapeneira.gal\/index.php\/2020\/05\/06\/non-o-vemos\/#primaryimage"},"thumbnailUrl":"https:\/\/www.anovapeneira.gal\/wp-content\/uploads\/2019\/07\/ARTIGO_DE_OPINION_A_NOVA_PENEIRA.jpg","datePublished":"2020-05-06T08:00:44+00:00","breadcrumb":{"@id":"https:\/\/www.anovapeneira.gal\/index.php\/2020\/05\/06\/non-o-vemos\/#breadcrumb"},"inLanguage":"gl-ES","potentialAction":[{"@type":"ReadAction","target":["https:\/\/www.anovapeneira.gal\/index.php\/2020\/05\/06\/non-o-vemos\/"]}]},{"@type":"ImageObject","inLanguage":"gl-ES","@id":"https:\/\/www.anovapeneira.gal\/index.php\/2020\/05\/06\/non-o-vemos\/#primaryimage","url":"https:\/\/www.anovapeneira.gal\/wp-content\/uploads\/2019\/07\/ARTIGO_DE_OPINION_A_NOVA_PENEIRA.jpg","contentUrl":"https:\/\/www.anovapeneira.gal\/wp-content\/uploads\/2019\/07\/ARTIGO_DE_OPINION_A_NOVA_PENEIRA.jpg","width":720,"height":473,"caption":"Artigo de opini\u00f3n A Nova Peneira"},{"@type":"BreadcrumbList","@id":"https:\/\/www.anovapeneira.gal\/index.php\/2020\/05\/06\/non-o-vemos\/#breadcrumb","itemListElement":[{"@type":"ListItem","position":1,"name":"Portada","item":"https:\/\/www.anovapeneira.gal\/"},{"@type":"ListItem","position":2,"name":"Non o vemos?"}]},{"@type":"WebSite","@id":"https:\/\/www.anovapeneira.gal\/#website","url":"https:\/\/www.anovapeneira.gal\/","name":"","description":"Xornal galego de informaci\u00f3n xeral Publicaci\u00f3n mensual de novas de Galicia e en especial dos Concellos da sur da provincia de Pontevedra.","publisher":{"@id":"https:\/\/www.anovapeneira.gal\/#organization"},"potentialAction":[{"@type":"SearchAction","target":{"@type":"EntryPoint","urlTemplate":"https:\/\/www.anovapeneira.gal\/?s={search_term_string}"},"query-input":{"@type":"PropertyValueSpecification","valueRequired":true,"valueName":"search_term_string"}}],"inLanguage":"gl-ES"},{"@type":"Organization","@id":"https:\/\/www.anovapeneira.gal\/#organization","name":"A Nova Peneira","url":"https:\/\/www.anovapeneira.gal\/","logo":{"@type":"ImageObject","inLanguage":"gl-ES","@id":"https:\/\/www.anovapeneira.gal\/#\/schema\/logo\/image\/","url":"http:\/\/www.anovapeneira.gal\/wp-content\/uploads\/2019\/06\/logo_a_nova_peneira_portal_web.png","contentUrl":"http:\/\/www.anovapeneira.gal\/wp-content\/uploads\/2019\/06\/logo_a_nova_peneira_portal_web.png","width":300,"height":100,"caption":"A Nova Peneira"},"image":{"@id":"https:\/\/www.anovapeneira.gal\/#\/schema\/logo\/image\/"},"sameAs":["https:\/\/www.facebook.com\/anovapeneira","https:\/\/x.com\/APeneira"]},{"@type":"Person","@id":"https:\/\/www.anovapeneira.gal\/#\/schema\/person\/fb77575328c93684dae4b0075f90c2cb","name":"admin","image":{"@type":"ImageObject","inLanguage":"gl-ES","@id":"https:\/\/secure.gravatar.com\/avatar\/df15c36ce375448325e0bc870e91bbee95947a002eb98dcfd6c2b053e18843e9?s=96&d=mm&r=g","url":"https:\/\/secure.gravatar.com\/avatar\/df15c36ce375448325e0bc870e91bbee95947a002eb98dcfd6c2b053e18843e9?s=96&d=mm&r=g","contentUrl":"https:\/\/secure.gravatar.com\/avatar\/df15c36ce375448325e0bc870e91bbee95947a002eb98dcfd6c2b053e18843e9?s=96&d=mm&r=g","caption":"admin"},"description":"Xornal galego de informaci\u00f3n xeral Publicaci\u00f3n mensual de novas de Galicia e en especial dos Concellos da sur da provincia de Pontevedra.","sameAs":["http:\/\/www.anovapeneira.gal\/","https:\/\/www.facebook.com\/anovapeneira\/"],"url":"https:\/\/www.anovapeneira.gal\/index.php\/author\/admin\/"}]}},"jetpack_featured_media_url":"https:\/\/www.anovapeneira.gal\/wp-content\/uploads\/2019\/07\/ARTIGO_DE_OPINION_A_NOVA_PENEIRA.jpg","_links":{"self":[{"href":"https:\/\/www.anovapeneira.gal\/index.php\/wp-json\/wp\/v2\/posts\/3055","targetHints":{"allow":["GET"]}}],"collection":[{"href":"https:\/\/www.anovapeneira.gal\/index.php\/wp-json\/wp\/v2\/posts"}],"about":[{"href":"https:\/\/www.anovapeneira.gal\/index.php\/wp-json\/wp\/v2\/types\/post"}],"author":[{"embeddable":true,"href":"https:\/\/www.anovapeneira.gal\/index.php\/wp-json\/wp\/v2\/users\/1"}],"replies":[{"embeddable":true,"href":"https:\/\/www.anovapeneira.gal\/index.php\/wp-json\/wp\/v2\/comments?post=3055"}],"version-history":[{"count":1,"href":"https:\/\/www.anovapeneira.gal\/index.php\/wp-json\/wp\/v2\/posts\/3055\/revisions"}],"predecessor-version":[{"id":3056,"href":"https:\/\/www.anovapeneira.gal\/index.php\/wp-json\/wp\/v2\/posts\/3055\/revisions\/3056"}],"wp:featuredmedia":[{"embeddable":true,"href":"https:\/\/www.anovapeneira.gal\/index.php\/wp-json\/wp\/v2\/media\/584"}],"wp:attachment":[{"href":"https:\/\/www.anovapeneira.gal\/index.php\/wp-json\/wp\/v2\/media?parent=3055"}],"wp:term":[{"taxonomy":"category","embeddable":true,"href":"https:\/\/www.anovapeneira.gal\/index.php\/wp-json\/wp\/v2\/categories?post=3055"},{"taxonomy":"post_tag","embeddable":true,"href":"https:\/\/www.anovapeneira.gal\/index.php\/wp-json\/wp\/v2\/tags?post=3055"}],"curies":[{"name":"wp","href":"https:\/\/api.w.org\/{rel}","templated":true}]}}