{"id":3057,"date":"2020-05-06T12:00:16","date_gmt":"2020-05-06T10:00:16","guid":{"rendered":"http:\/\/www.anovapeneira.gal\/?p=3057"},"modified":"2020-05-03T09:29:34","modified_gmt":"2020-05-03T07:29:34","slug":"1846-e-para-sempre-abril-sempre","status":"publish","type":"post","link":"https:\/\/www.anovapeneira.gal\/index.php\/2020\/05\/06\/1846-e-para-sempre-abril-sempre\/","title":{"rendered":"1846 \u00e9 para sempre. Abril, sempre!"},"content":{"rendered":"\n<pre class=\"wp-block-verse\">[Abaixo-assinado]<\/pre>\n\n\n\n<p>A decisi\u00f3n do Goberno do Reino de Espa\u00f1a de centralizar a resposta ao andazo do COVID-19, presente xa dende o comezo da xesti\u00f3n da crise polo PSOE (co apoio imprescindible de Podemos), ven traspasar unha li\u00f1a vermella ao impo\u00f1er a provincia como unidade territorial de base do desconfinamento. Unha medida cualificada de r\u00edd\u00edcula, allea \u00e1 nosa idiosincrasia e organizaci\u00f3n territorial, rancia en tanto nos retrotrae aos tempos da Ditadura franquista e, xa que logo, ineficaz na loita contra a pandemia. Por\u00e9n, non conv\u00e9n tomala \u00e1 lixeira, posto que \u00e9 unha decisi\u00f3n pol\u00edtica que, ademais de po\u00f1ernos en perigo, semella ter a intenci\u00f3n, asemade, de baleirar a\u00ednda m\u00e1is de contido e minorizar o xa cativo sistema auton\u00f3mico, con arelas recentralizadoras a cada m\u00e1is manifestas.<br><br>A indignaci\u00f3n en Catalunya e no Pa\u00eds Basco co devandito plano provincial de desconfinamento do \u201cmando \u00fanico\u201d encabezado por Pedro S\u00e1nchez, \u00e9 patente. Mais agora, precisamos que a indignaci\u00f3n que non dubidamos se sente por todo o territorio galego, se exprese con contundencia. Sabemos que non podemos contar coa Xunta de Galiza, secuestrada por Feijoo e o PP, posto que s\u00f3 pretenden traficar coa dor e co medo, para manobrar e tirar r\u00e9ditos na loita polo poder pol\u00edtico en Madrid. Arestora, precisamos que a nosa indignaci\u00f3n persoal ou colectiva pete enriba da mesa co esp\u00edrito libertario, irmandi\u00f1o e insurxente dun Antol\u00edn Faraldo que, noutro Abril esperanzado, confrontou o oprobioso \u201cprovincianismo\u201d centralista chamando \u00e1 unidade galega, en especial \u201ca esa clase sinxela que traballa, a ese pobo oprimido\u201d, a defender un \u201cprovincialismo\u201d anticolonial, dende unha \u201cnacionalidade\u201d cun aquel arredista:<br><br>\u201c\u2026Galicia, arrastrando ata aqu\u00ed unha existencia oprobiosa, convertida nunha verdadeira colonia da corte, vai levantarse da s\u00faa humillaci\u00f3n e abatemento\u2026.Espertando o poderoso sentimento de provincialismo, e encami\u00f1ando a un s\u00f3 fin todos os talentos e todos os esforzos, chegar\u00e1 a conquistar Galicia a influencia de que \u00e9 merecedora, coloc\u00e1ndose no alto lugar \u00e1 que est\u00e1 chamado o antigo reino dos suevos\u2026.\u201d Antol\u00edn Faraldo, La Revoluci\u00f3n, Santiago, 17 de Abril de 1846. Proclama de constituci\u00f3n da Xunta Provisional de Goberno de Galicia.<br><br>En definitiva, pretendemos que a nosa indignaci\u00f3n se transforme nun rexo chamamento aos partidos soberanistas e a toda a sociedade civil organizada, para que, desbotando in\u00fatiles divisi\u00f3ns e retes\u00edas, confronten sen tregua calquera tentativa de involuci\u00f3n pol\u00edtica ou territorial, e defendan sen fisuras a conquista da soberan\u00eda dos pobos que, neste intre, forman parte do Estado espa\u00f1ol. Do contrario, se permanecemos t\u00e9ped@s e resignad@s, a esperanza esmorecer\u00e1 sen remedio.\u00a0<br><br>Viva Galiza ceibe!<br>Viva a Revoluci\u00f3n Galega de 1846!<br>Sempre Abril!. Abril Sempre!<br><br>Na Galiza, 29 de Abril de 2020<br><br>&#8211; &#8211; &#8211; &#8211; &#8211; &#8211; &#8211; &#8211; &#8211; &#8211; &#8211; &#8211; &#8211; &#8211; &#8211; &#8211; &#8211; &#8211; &#8211; &#8211; &#8211; &#8211; &#8211; &#8211; &#8211; &#8211; &#8211; &#8211; &#8211; &#8211; &#8211; &#8211; &#8211; &#8211; &#8211; &#8211; &#8211; &#8211; &#8211; &#8211; &#8211; &#8211; &#8211; &#8211; &#8211; &#8211; &#8211; &#8211;\u00a0<br><br>ADESONS \/ ADESI\u00d3NS INDIVIDUAIS:<br><br>1. Alba Rivas, labrega en forma\u00e7om &#8211; Cerdedo, Terra de Montes\u00a0<br>2. Alberte Pag\u00e1n, escritor e cineasta &#8211; Bragan\u00e7a<br>3. Alexandre Banhos Campo, emprendedor &#8211; Tourom, Ponte Vedra<br>4. Amaia Perez-Izaguirre Urquizu, m\u00e9dica de familia &#8211; Viho, Navia<br>5. Ana Mar\u00eda Iglesias Otero \u2013 Ames<br>6. Andr\u00e9 Taboada Casteleiro &#8211; A Limia<br>7. Andr\u00e9s Cou\u00f1ago Laxe, escritor e activista cultural &#8211; Redondela<br>8. Anselmo Noia, aut\u00f2nomo &#8211; Arousa\u00a0<br>9. Antonio Ara\u00fajo Quintas, concelleiro &#8211; Gondomar, Val de Mi\u00f1or\u00a0<br>10. Antonio Ric\u00f3n Rodr\u00edguez, ensinante &#8211; Coia, Vigo<br>11. Ant\u00f3n Mascato, editor &#8211; San Marti\u00f1o do Grove, O Saln\u00e9s<br>12. Ant\u00f3n Somoza, profesor de ensino medio &#8211; Lugo<br>13. Anxo Agra, docente &#8211; Ba\u00f1o, Muros<br>14. Bernardo M\u00e1iz V\u00e1zquez, historiador &#8211; O Seixo, Mugardos<br>15. Borxa Colmenero, A Limia<br>16. Borxa Mexuto Rei, mestre composteiro, Ponte Vedra\u00a0<br>17. Brais Gonz\u00e1lez P\u00e9rez, sindicalista CUT &#8211; Santiago<br>18. Braulio Amaro, activista e docente &#8211; Vigo-Bouzas<br>19. Breog\u00e1n Manoel Garc\u00eda Pamp\u00edn &#8211; S. Tom\u00e9, Umia<br>20. Carlos F. Varela Garc\u00eda, profesor de secundaria &#8211; Ourense, Ourense<br>21. Carlos M\u00e9ixome Quinteiro, profesor aposentado &#8211; Gondomar, Val de Mi\u00f1or<br>22. Carlos Velasco Souto, profesor USC e historiador &#8211; Oleiros.<br>23. Carlos Xes\u00fas Varela Aenlle, xe\u00f3grafo e etn\u00f3logo, Asturias<br>24. Carme Pa\u00eds Filgueira, sem profiss\u00e3o &#8211; Corunha, Corunha\u00a0<br>25. Carmen Pe\u00f1a Hern\u00e1ndez, investigaci\u00f3n m\u00e9dica &#8211; Pontevedra, Pontevedra<br>26. Catuxa Irago, aut\u00f3noma hosteleira \u2013 Compostela<br>27. Cec\u00edlia Novas Garrido, professora &#8211; Bueu, Morrazo<br>28. Celso Alvarez C\u00e1ccamo, professor &#8211; Corunha<br>29. Celso Milleiro, traballador da Sanidade \u2013 Mar\u00edn<br>30. Charo Lopes, jornalista e fot\u00f3grafa &#8211; Boiro, Barban\u00e7a<br>31. Clodomiro Montero Mart\u00ednez, bancario\/sindicalista &#8211; O Calvario, Vigo<br>32. Constantino Fern\u00e1ndez Rodr\u00edguez, empregado universidade &#8211; Vigo\u00a0<br>33. Cruz L\u00f3pez, artes\u00e1 e relaci\u00f3ns p\u00fablicas &#8211; Lal\u00edn<br>34. C\u00e9sar Caram\u00eas, professor &#8211; Sam Martinho da Laje , \u00damia<br>35. Daniel Cabana Ya\u00f1ez, funcionario &#8211; A milagrosa, Lugo<br>36. Daniel Gonz\u00e1lez &#8220;Lavesedo&#8221;, professor &#8211; O H\u00edo, O Morrazo<br>37. David Rodr\u00edguez, dese\u00f1ador grf\u00e1ico &#8211; Vigo<br>38. Dion\u00edsio Pereira Gonz\u00e1lez, historiador &#8211; Vilar de San Marti\u00f1o (Cerdedo), Terra de Montes, Pontevedra<br>39. Dores Asorei, poeta &#8211; Compostela<br>40. Eladia Di\u00e9guez V\u00e1zquez &#8211; Belv\u00eds, Compostela<br>41. Eladio Anxo Fern\u00e1ndez Manso, profesor &#8211; Pontepedri\u00f1a, Compostela<br>42. Elena Antelo, labrega, Pedre, Cerdedo, Terra Montes<br>43. Eliseo Fern\u00e1ndez Fern\u00e1ndez, bibliotec\u00e1rio &#8211; Ferrol<br>44. Elvira Souto, pensionista &#8211; Torre, Compostela<br>45. Emilio \u00c1lvarez Rey<br>46. Em\u00edlio Xos\u00e9 \u00cdnsua, traballador do ensino &#8211; Vilagarc\u00eda de Arousa, O Saln\u00e9s<br>47. Encarna Otero Cepeda, ensinante &#8211; Santiago de Compostela (A Coru\u00f1a)<br>48. Enrique Parcero Rodr\u00edguez xubilado &#8211; Coia, Vigo<br>49. Erik Doba\u00f1o, xornalista &#8211; Celanova<br>50. Fernando Manuel Rodr\u00edguez G\u00f3mez, profesor xubilado &#8211; A Coru\u00f1a<br>51. Francisco Mac\u00edas, editor &#8211; Santiago<br>52. F\u00e9lix Cal Cortizas, fot\u00f3grafo &#8211; Redondela, Redondela<br>53. Gerardo do Covelo, estudante &#8211; S\u00e3o Fins, Compostela<br>54. Helena Carro Cruz &#8211; Compostela<br>55. Henrique del Bosque Zapata, escritor \u2013 Vigo<br>56. Iago Vilar Neves, labrego &#8211; Meire, Alhariz<br>57. \u00cdnhigo Jesus Ansotegi Soares, obreiro vitivin\u00edcola &#8211; Roblido, Val d&#8217;Eorras<br>58. \u00cdria Zeltia Zas Rey, trabalhadora em prec\u00e1rio &#8211; Sta Mar\u00eda de Tor\u00e1s, Bergantinhos<br>59. Isidro Peleteiro, labrego, Pedre, Cerdedo, Terra de Montes<br>60. Jacobo Guimer\u00e1ns Otero, desempregado &#8211; Salceda de Caselas<br>61. Javier Magarinhos Gonz\u00e1lez, operario textil\/sindicalista (CIG) &#8211; S. Breixo de Arcos de Furcos, Umia\u00a0<br>62. Jos\u00e9 Antom Gonz\u00e1lez Maceiras, trabalhador &#8211; Louro, Muros\u00a0<br>63. Jos\u00e9 Manuel Pastor, desempregado &#8211; Laiosa (Sarria), O\u00edncio<br>64. Jo\u00e1m J. Romero Dur\u00e1n, economista &#8211; Viasc\u00f3n, Ponte-Vedra<br>65. J\u00falio Blanco Queijo, estudante &#8211; A banha<br>66. Laura Rabizal, movemento veci\u00f1al &#8211; A Coru\u00f1a<br>67. Laura Ramos Cuba, jornalista &#8211; Burela, A Marinha<br>68. Lola Perez, aut\u00f3noma &#8211; Mandin, Monterrei<br>69. Lola Varela Salgado, docente &#8211; Vilar de Figueroa (Cerdedo), Terra de Montes (Pontevedra)<br>70. Lucho Penabade Outeiro, teatreiro &#8211; San Fins, Compostela -Ama\u00eda<br>71. Luis Chapela Berm\u00fadez, escritor &#8211; Cangas<br>72. Luis Mejuto Quintela, mestre &#8211; Pontevedra<br>73. Lu\u00eds Chan Lamelas, t\u00e9cnico automoci\u00f3n &#8211; San Vicente do Grove, Saln\u00e9s<br>74. Lu\u00eds Gon\u00e7ales Blasco, pensionista e escritor &#8211; Bugalhido, Ama\u00eda<br>75. M Lu\u00edsa Varela Nogueiras, mestra &#8211; Zam\u00e1ns,Vigo\u00a0<br>76. Manuel Monge, soci\u00f3logo \u2013 A Coru\u00f1a<br>77. Marcos Saavedra, bibliotec\u00e1rio &#8211; Riba d&#8217;\u00c9u, A Marinha\u00a0<br>78. Margarida Martins Vilanova, ensinante &#8211; Tourom, Pontevedra<br>79. Maria J. Dias Pinheiro , na reforma &#8211; Trobo, Terra Ch\u00e3<br>80. Marina Soto Gestal, estudante &#8211; A Corunha<br>81. Marisol Palomo Izquierdo, artista (Ialma) &#8211; Santiago de Compostela-Bruselas<br>82. Marta Esther Santos Perez, profe fp &#8211; Compostela, Compostela<br>83. Mar\u00eda Arca Oliveira, docente Lamp\u00f3n, Barbanza<br>84. Mar\u00eda do Mar Vila L\u00f3pez, CIG &#8211; Doz\u00f3n, Deza\u00a0<br>85. Mar\u00eda Teresa Ar\u00e9n Paz, docente &#8211; Quireza, Terra de Montes<br>86. Mar\u00eda Xes\u00fas Delgado Nu\u00f1ez, funcionaria &#8211; Compostela\u00a0<br>87. Matias Rodriguez da Torre, profesor de ensino secund\u00e1rio &#8211; Silheda, Deza<br>88. Monserrat Fern\u00e1ndez Ar\u00e9n, profesora de ensino secundario &#8211; Quiereza, Terra de Montes<br>89. M\u00aa Xes\u00fas L\u00f3pez Escudeiro, ensinante xubilada &#8211; Pontevedra, Pontevedra<br>90. Pablo de Prado D\u00edaz, traballador AENA &#8211; Santiago<br>91. Pepa Baamonde Garc\u00eda, mestra xubilada &#8211; As Fonti\u00f1as, Santiago de Compostela<br>92. Rafael Iglesias Blanco, carteiro rural &#8211; Lal\u00edn, O Deza<br>93. Ra\u00fal Soutelo, historiador e profesor &#8211; Porto do Son<br>94. Ricardo Castro Buerguer, secretario xeral CUT &#8211; Vigo<br>95. Roberto Bou\u00e7a Orosa, professor de prim\u00e1rio\/m\u00fasico &#8211; Burela, A Marinha<br>96. Roberto Samartim, professor &#8211; Compostela\u00a0<br>97. Santiago Quiroga, mestre &#8211; Vista Alegre, Compostela<br>98. Sechu Sende, professor &#8211; Nemen\u00e7o, Compostela<br>99. Seraf\u00edn Vicente, xubilado &#8211; A Coru\u00f1a\u00a0<br>100. Sof\u00eda Tarela, ama de casa &#8211; San Vicente de Noal, Barbanza\u00a0<br>101. Susana Camba, teleoperadora &#8211; A Estrada<br>102. Suso Sanmartin, professor de ensino secund\u00e1rio &#8211; Bueu (S\u00e3o Martinho), Morra\u00e7o<br>103. S\u00e1nti Carvalhido, ensinante na emigra\u00e7om &#8211; Golfo \u00c1rtabro, Corunha<br>104. Trinidad Rey Chao, xubilada &#8211; Pontevedra, Pontevedra<br>105. V\u00edctor Caama\u00f1o Rivas, profesor &#8211; Cambados<br>106. V\u00edtor Garabana Barro, engenheiro &#8211; Ponte d&#8217;Eume, Eume<br>107. Xabier Toba Gir\u00f3n, docente &#8211; Vigo, Vigo<br>108. Xandra T\u00e1boas, obreira da arte &#8211; Barrio do Calvario, Vigo\u00a0<br>109. Xavier Fernandez, professor &#8211; Goiriz, A Chaira<br>110. Xerardo Dasairas Balsa, mestre e investigador &#8211; Cangas<br>111. Xes\u00fas Dom\u00ednguez, prot\u00e9sico dental &#8211; Compostela<br>112. Xico de Carinho, m\u00fasico &#8211; Cangas do Morrazo, Morrazo<br>113. Xoan Carlos Garrido Couceiro, profesor de secundaria &#8211; A Estrada, Tabeir\u00f3s-Terra de Montes<br>114. Xos\u00e9 Alexandre Banhos Rodr\u00edgues, reformado &#8211; A Corunha, A Corunha<br>115. Xos\u00e9 Ant\u00f3n G\u00f3mez Fern\u00e1ndez, m\u00e9dico xubilado &#8211; A Carballeira-Nogueira de Ramu\u00edn, Ourense<br>116. Xos\u00e9 Barreiro, docente &#8211; A Ulla<br>117. Xos\u00e9 Collazo Castro, profesor &#8211; Tir\u00e1n-Moanha, Morra\u00e7o<br>118. Xos\u00e9 Lu\u00eds Fern\u00e1ndez Rivera, activista da memoria &#8211; Foz<br>119. Xos\u00e9 Manoel Dom\u00ednguez Gonz\u00e1lez<br>120. Xos\u00e9 Manuel Dom\u00ednguez Mart\u00ednez, mestre, O Grove.<br>121. Xos\u00e9 Miguel Fern\u00e1ndez V\u00e1zquez, comercial &#8211; Lugo, Lugo<br>122. Xos\u00e9 \u00c1lvarez Castro, profesor xubilado &#8211; Pontevedra<br>123. Xo\u00e1n Carlos Miranda Carro, agente comercial &#8211; Ordes, Madrid<br>124. Xo\u00e1n Tavia, traballador &#8211; Ferrol<br>125. Xo\u00e1n Xes\u00fas Valladares Alj\u00e1n, galaico 24\/7 &#8211; Souto Maior, Vigo<br>126. Xulio P\u00e9rez, ensinante biolox\u00eda &#8211; Penosi\u00f1os, Celanova<br>127. Xulio \u00c1lvarez Crespo, bi\u00f3logo &#8211; Carballi\u00f1o, Carballi\u00f1o<br>128. Xurxo Souto, escritor e m\u00fasico &#8211; A Coru\u00f1a<br><br><br>ADESONS \/ ADESI\u00d3NS COLETIVAS:<br><br>Colectivo Portal\u00e9n, Terra de Montes<\/p>\n","protected":false},"excerpt":{"rendered":"<div class=\"mh-excerpt\"><p>A decisi\u00f3n do Goberno do Reino de Espa\u00f1a de centralizar a resposta ao andazo do COVID-19, presente xa dende o comezo da xesti\u00f3n da crise polo PSOE (co apoio imprescindible de Podemos), ven traspasar unha li\u00f1a vermella <a class=\"mh-excerpt-more\" href=\"https:\/\/www.anovapeneira.gal\/index.php\/2020\/05\/06\/1846-e-para-sempre-abril-sempre\/\" title=\"1846 \u00e9 para sempre. Abril, sempre!\">[&#8230;]<\/a><\/p>\n<\/div>","protected":false},"author":12,"featured_media":584,"comment_status":"open","ping_status":"open","sticky":false,"template":"","format":"standard","meta":{"_exactmetrics_skip_tracking":false,"_exactmetrics_sitenote_active":false,"_exactmetrics_sitenote_note":"","_exactmetrics_sitenote_category":0,"footnotes":""},"categories":[7],"tags":[1006,1044],"class_list":{"0":"post-3057","1":"post","2":"type-post","3":"status-publish","4":"format-standard","5":"has-post-thumbnail","7":"category-artigos-de-opinion","8":"tag-covid19","9":"tag-desconfinamento"},"yoast_head":"<!-- This site is optimized with the Yoast SEO plugin v27.4 - https:\/\/yoast.com\/product\/yoast-seo-wordpress\/ -->\n<title>1846 \u00e9 para sempre. Abril, sempre! -<\/title>\n<meta name=\"robots\" content=\"index, follow, max-snippet:-1, max-image-preview:large, max-video-preview:-1\" \/>\n<link rel=\"canonical\" href=\"https:\/\/www.anovapeneira.gal\/index.php\/2020\/05\/06\/1846-e-para-sempre-abril-sempre\/\" \/>\n<meta property=\"og:locale\" content=\"gl_ES\" \/>\n<meta property=\"og:type\" content=\"article\" \/>\n<meta property=\"og:title\" content=\"1846 \u00e9 para sempre. Abril, sempre! -\" \/>\n<meta property=\"og:description\" content=\"A decisi\u00f3n do Goberno do Reino de Espa\u00f1a de centralizar a resposta ao andazo do COVID-19, presente xa dende o comezo da xesti\u00f3n da crise polo PSOE (co apoio imprescindible de Podemos), ven traspasar unha li\u00f1a vermella [...]\" \/>\n<meta property=\"og:url\" content=\"https:\/\/www.anovapeneira.gal\/index.php\/2020\/05\/06\/1846-e-para-sempre-abril-sempre\/\" \/>\n<meta property=\"article:publisher\" content=\"https:\/\/www.facebook.com\/anovapeneira\" \/>\n<meta property=\"article:published_time\" content=\"2020-05-06T10:00:16+00:00\" \/>\n<meta property=\"og:image\" content=\"https:\/\/www.anovapeneira.gal\/wp-content\/uploads\/2019\/07\/ARTIGO_DE_OPINION_A_NOVA_PENEIRA.jpg\" \/>\n\t<meta property=\"og:image:width\" content=\"720\" \/>\n\t<meta property=\"og:image:height\" content=\"473\" \/>\n\t<meta property=\"og:image:type\" content=\"image\/jpeg\" \/>\n<meta name=\"author\" content=\"Artigos Opini\u00f3n\" \/>\n<meta name=\"twitter:card\" content=\"summary_large_image\" \/>\n<meta name=\"twitter:creator\" content=\"@APeneira\" \/>\n<meta name=\"twitter:site\" content=\"@APeneira\" \/>\n<meta name=\"twitter:label1\" content=\"Escrito por\" \/>\n\t<meta name=\"twitter:data1\" content=\"Artigos Opini\u00f3n\" \/>\n\t<meta name=\"twitter:label2\" content=\"Tempo de lectura\" \/>\n\t<meta name=\"twitter:data2\" content=\"9 minutos\" \/>\n<script type=\"application\/ld+json\" class=\"yoast-schema-graph\">{\"@context\":\"https:\\\/\\\/schema.org\",\"@graph\":[{\"@type\":\"Article\",\"@id\":\"https:\\\/\\\/www.anovapeneira.gal\\\/index.php\\\/2020\\\/05\\\/06\\\/1846-e-para-sempre-abril-sempre\\\/#article\",\"isPartOf\":{\"@id\":\"https:\\\/\\\/www.anovapeneira.gal\\\/index.php\\\/2020\\\/05\\\/06\\\/1846-e-para-sempre-abril-sempre\\\/\"},\"author\":{\"name\":\"Artigos Opini\u00f3n\",\"@id\":\"https:\\\/\\\/www.anovapeneira.gal\\\/#\\\/schema\\\/person\\\/f18a4feb302e8f20bcef4490b5b60bb3\"},\"headline\":\"1846 \u00e9 para sempre. Abril, sempre!\",\"datePublished\":\"2020-05-06T10:00:16+00:00\",\"mainEntityOfPage\":{\"@id\":\"https:\\\/\\\/www.anovapeneira.gal\\\/index.php\\\/2020\\\/05\\\/06\\\/1846-e-para-sempre-abril-sempre\\\/\"},\"wordCount\":1734,\"commentCount\":0,\"publisher\":{\"@id\":\"https:\\\/\\\/www.anovapeneira.gal\\\/#organization\"},\"image\":{\"@id\":\"https:\\\/\\\/www.anovapeneira.gal\\\/index.php\\\/2020\\\/05\\\/06\\\/1846-e-para-sempre-abril-sempre\\\/#primaryimage\"},\"thumbnailUrl\":\"https:\\\/\\\/www.anovapeneira.gal\\\/wp-content\\\/uploads\\\/2019\\\/07\\\/ARTIGO_DE_OPINION_A_NOVA_PENEIRA.jpg\",\"keywords\":[\"COVID19\",\"desconfinamento\"],\"articleSection\":[\"Artigos de opini\u00f3n\"],\"inLanguage\":\"gl-ES\",\"potentialAction\":[{\"@type\":\"CommentAction\",\"name\":\"Comment\",\"target\":[\"https:\\\/\\\/www.anovapeneira.gal\\\/index.php\\\/2020\\\/05\\\/06\\\/1846-e-para-sempre-abril-sempre\\\/#respond\"]}]},{\"@type\":\"WebPage\",\"@id\":\"https:\\\/\\\/www.anovapeneira.gal\\\/index.php\\\/2020\\\/05\\\/06\\\/1846-e-para-sempre-abril-sempre\\\/\",\"url\":\"https:\\\/\\\/www.anovapeneira.gal\\\/index.php\\\/2020\\\/05\\\/06\\\/1846-e-para-sempre-abril-sempre\\\/\",\"name\":\"1846 \u00e9 para sempre. Abril, sempre! -\",\"isPartOf\":{\"@id\":\"https:\\\/\\\/www.anovapeneira.gal\\\/#website\"},\"primaryImageOfPage\":{\"@id\":\"https:\\\/\\\/www.anovapeneira.gal\\\/index.php\\\/2020\\\/05\\\/06\\\/1846-e-para-sempre-abril-sempre\\\/#primaryimage\"},\"image\":{\"@id\":\"https:\\\/\\\/www.anovapeneira.gal\\\/index.php\\\/2020\\\/05\\\/06\\\/1846-e-para-sempre-abril-sempre\\\/#primaryimage\"},\"thumbnailUrl\":\"https:\\\/\\\/www.anovapeneira.gal\\\/wp-content\\\/uploads\\\/2019\\\/07\\\/ARTIGO_DE_OPINION_A_NOVA_PENEIRA.jpg\",\"datePublished\":\"2020-05-06T10:00:16+00:00\",\"breadcrumb\":{\"@id\":\"https:\\\/\\\/www.anovapeneira.gal\\\/index.php\\\/2020\\\/05\\\/06\\\/1846-e-para-sempre-abril-sempre\\\/#breadcrumb\"},\"inLanguage\":\"gl-ES\",\"potentialAction\":[{\"@type\":\"ReadAction\",\"target\":[\"https:\\\/\\\/www.anovapeneira.gal\\\/index.php\\\/2020\\\/05\\\/06\\\/1846-e-para-sempre-abril-sempre\\\/\"]}]},{\"@type\":\"ImageObject\",\"inLanguage\":\"gl-ES\",\"@id\":\"https:\\\/\\\/www.anovapeneira.gal\\\/index.php\\\/2020\\\/05\\\/06\\\/1846-e-para-sempre-abril-sempre\\\/#primaryimage\",\"url\":\"https:\\\/\\\/www.anovapeneira.gal\\\/wp-content\\\/uploads\\\/2019\\\/07\\\/ARTIGO_DE_OPINION_A_NOVA_PENEIRA.jpg\",\"contentUrl\":\"https:\\\/\\\/www.anovapeneira.gal\\\/wp-content\\\/uploads\\\/2019\\\/07\\\/ARTIGO_DE_OPINION_A_NOVA_PENEIRA.jpg\",\"width\":720,\"height\":473,\"caption\":\"Artigo de opini\u00f3n A Nova Peneira\"},{\"@type\":\"BreadcrumbList\",\"@id\":\"https:\\\/\\\/www.anovapeneira.gal\\\/index.php\\\/2020\\\/05\\\/06\\\/1846-e-para-sempre-abril-sempre\\\/#breadcrumb\",\"itemListElement\":[{\"@type\":\"ListItem\",\"position\":1,\"name\":\"Portada\",\"item\":\"https:\\\/\\\/www.anovapeneira.gal\\\/\"},{\"@type\":\"ListItem\",\"position\":2,\"name\":\"1846 \u00e9 para sempre. Abril, sempre!\"}]},{\"@type\":\"WebSite\",\"@id\":\"https:\\\/\\\/www.anovapeneira.gal\\\/#website\",\"url\":\"https:\\\/\\\/www.anovapeneira.gal\\\/\",\"name\":\"\",\"description\":\"Xornal galego de informaci\u00f3n xeral Publicaci\u00f3n mensual de novas de Galicia e en especial dos Concellos da sur da provincia de Pontevedra.\",\"publisher\":{\"@id\":\"https:\\\/\\\/www.anovapeneira.gal\\\/#organization\"},\"potentialAction\":[{\"@type\":\"SearchAction\",\"target\":{\"@type\":\"EntryPoint\",\"urlTemplate\":\"https:\\\/\\\/www.anovapeneira.gal\\\/?s={search_term_string}\"},\"query-input\":{\"@type\":\"PropertyValueSpecification\",\"valueRequired\":true,\"valueName\":\"search_term_string\"}}],\"inLanguage\":\"gl-ES\"},{\"@type\":\"Organization\",\"@id\":\"https:\\\/\\\/www.anovapeneira.gal\\\/#organization\",\"name\":\"A Nova Peneira\",\"url\":\"https:\\\/\\\/www.anovapeneira.gal\\\/\",\"logo\":{\"@type\":\"ImageObject\",\"inLanguage\":\"gl-ES\",\"@id\":\"https:\\\/\\\/www.anovapeneira.gal\\\/#\\\/schema\\\/logo\\\/image\\\/\",\"url\":\"http:\\\/\\\/www.anovapeneira.gal\\\/wp-content\\\/uploads\\\/2019\\\/06\\\/logo_a_nova_peneira_portal_web.png\",\"contentUrl\":\"http:\\\/\\\/www.anovapeneira.gal\\\/wp-content\\\/uploads\\\/2019\\\/06\\\/logo_a_nova_peneira_portal_web.png\",\"width\":300,\"height\":100,\"caption\":\"A Nova Peneira\"},\"image\":{\"@id\":\"https:\\\/\\\/www.anovapeneira.gal\\\/#\\\/schema\\\/logo\\\/image\\\/\"},\"sameAs\":[\"https:\\\/\\\/www.facebook.com\\\/anovapeneira\",\"https:\\\/\\\/x.com\\\/APeneira\"]},{\"@type\":\"Person\",\"@id\":\"https:\\\/\\\/www.anovapeneira.gal\\\/#\\\/schema\\\/person\\\/f18a4feb302e8f20bcef4490b5b60bb3\",\"name\":\"Artigos Opini\u00f3n\",\"image\":{\"@type\":\"ImageObject\",\"inLanguage\":\"gl-ES\",\"@id\":\"https:\\\/\\\/secure.gravatar.com\\\/avatar\\\/072844300f4881150aee2da4278f7a65d16eefdf8262eb67085f1e702de2b959?s=96&d=mm&r=g\",\"url\":\"https:\\\/\\\/secure.gravatar.com\\\/avatar\\\/072844300f4881150aee2da4278f7a65d16eefdf8262eb67085f1e702de2b959?s=96&d=mm&r=g\",\"contentUrl\":\"https:\\\/\\\/secure.gravatar.com\\\/avatar\\\/072844300f4881150aee2da4278f7a65d16eefdf8262eb67085f1e702de2b959?s=96&d=mm&r=g\",\"caption\":\"Artigos Opini\u00f3n\"},\"sameAs\":[\"http:\\\/\\\/anovapeneira.gal\"],\"url\":\"https:\\\/\\\/www.anovapeneira.gal\\\/index.php\\\/author\\\/artigosopinion\\\/\"}]}<\/script>\n<!-- \/ Yoast SEO plugin. -->","yoast_head_json":{"title":"1846 \u00e9 para sempre. Abril, sempre! -","robots":{"index":"index","follow":"follow","max-snippet":"max-snippet:-1","max-image-preview":"max-image-preview:large","max-video-preview":"max-video-preview:-1"},"canonical":"https:\/\/www.anovapeneira.gal\/index.php\/2020\/05\/06\/1846-e-para-sempre-abril-sempre\/","og_locale":"gl_ES","og_type":"article","og_title":"1846 \u00e9 para sempre. Abril, sempre! -","og_description":"A decisi\u00f3n do Goberno do Reino de Espa\u00f1a de centralizar a resposta ao andazo do COVID-19, presente xa dende o comezo da xesti\u00f3n da crise polo PSOE (co apoio imprescindible de Podemos), ven traspasar unha li\u00f1a vermella [...]","og_url":"https:\/\/www.anovapeneira.gal\/index.php\/2020\/05\/06\/1846-e-para-sempre-abril-sempre\/","article_publisher":"https:\/\/www.facebook.com\/anovapeneira","article_published_time":"2020-05-06T10:00:16+00:00","og_image":[{"width":720,"height":473,"url":"https:\/\/www.anovapeneira.gal\/wp-content\/uploads\/2019\/07\/ARTIGO_DE_OPINION_A_NOVA_PENEIRA.jpg","type":"image\/jpeg"}],"author":"Artigos Opini\u00f3n","twitter_card":"summary_large_image","twitter_creator":"@APeneira","twitter_site":"@APeneira","twitter_misc":{"Escrito por":"Artigos Opini\u00f3n","Tempo de lectura":"9 minutos"},"schema":{"@context":"https:\/\/schema.org","@graph":[{"@type":"Article","@id":"https:\/\/www.anovapeneira.gal\/index.php\/2020\/05\/06\/1846-e-para-sempre-abril-sempre\/#article","isPartOf":{"@id":"https:\/\/www.anovapeneira.gal\/index.php\/2020\/05\/06\/1846-e-para-sempre-abril-sempre\/"},"author":{"name":"Artigos Opini\u00f3n","@id":"https:\/\/www.anovapeneira.gal\/#\/schema\/person\/f18a4feb302e8f20bcef4490b5b60bb3"},"headline":"1846 \u00e9 para sempre. Abril, sempre!","datePublished":"2020-05-06T10:00:16+00:00","mainEntityOfPage":{"@id":"https:\/\/www.anovapeneira.gal\/index.php\/2020\/05\/06\/1846-e-para-sempre-abril-sempre\/"},"wordCount":1734,"commentCount":0,"publisher":{"@id":"https:\/\/www.anovapeneira.gal\/#organization"},"image":{"@id":"https:\/\/www.anovapeneira.gal\/index.php\/2020\/05\/06\/1846-e-para-sempre-abril-sempre\/#primaryimage"},"thumbnailUrl":"https:\/\/www.anovapeneira.gal\/wp-content\/uploads\/2019\/07\/ARTIGO_DE_OPINION_A_NOVA_PENEIRA.jpg","keywords":["COVID19","desconfinamento"],"articleSection":["Artigos de opini\u00f3n"],"inLanguage":"gl-ES","potentialAction":[{"@type":"CommentAction","name":"Comment","target":["https:\/\/www.anovapeneira.gal\/index.php\/2020\/05\/06\/1846-e-para-sempre-abril-sempre\/#respond"]}]},{"@type":"WebPage","@id":"https:\/\/www.anovapeneira.gal\/index.php\/2020\/05\/06\/1846-e-para-sempre-abril-sempre\/","url":"https:\/\/www.anovapeneira.gal\/index.php\/2020\/05\/06\/1846-e-para-sempre-abril-sempre\/","name":"1846 \u00e9 para sempre. Abril, sempre! -","isPartOf":{"@id":"https:\/\/www.anovapeneira.gal\/#website"},"primaryImageOfPage":{"@id":"https:\/\/www.anovapeneira.gal\/index.php\/2020\/05\/06\/1846-e-para-sempre-abril-sempre\/#primaryimage"},"image":{"@id":"https:\/\/www.anovapeneira.gal\/index.php\/2020\/05\/06\/1846-e-para-sempre-abril-sempre\/#primaryimage"},"thumbnailUrl":"https:\/\/www.anovapeneira.gal\/wp-content\/uploads\/2019\/07\/ARTIGO_DE_OPINION_A_NOVA_PENEIRA.jpg","datePublished":"2020-05-06T10:00:16+00:00","breadcrumb":{"@id":"https:\/\/www.anovapeneira.gal\/index.php\/2020\/05\/06\/1846-e-para-sempre-abril-sempre\/#breadcrumb"},"inLanguage":"gl-ES","potentialAction":[{"@type":"ReadAction","target":["https:\/\/www.anovapeneira.gal\/index.php\/2020\/05\/06\/1846-e-para-sempre-abril-sempre\/"]}]},{"@type":"ImageObject","inLanguage":"gl-ES","@id":"https:\/\/www.anovapeneira.gal\/index.php\/2020\/05\/06\/1846-e-para-sempre-abril-sempre\/#primaryimage","url":"https:\/\/www.anovapeneira.gal\/wp-content\/uploads\/2019\/07\/ARTIGO_DE_OPINION_A_NOVA_PENEIRA.jpg","contentUrl":"https:\/\/www.anovapeneira.gal\/wp-content\/uploads\/2019\/07\/ARTIGO_DE_OPINION_A_NOVA_PENEIRA.jpg","width":720,"height":473,"caption":"Artigo de opini\u00f3n A Nova Peneira"},{"@type":"BreadcrumbList","@id":"https:\/\/www.anovapeneira.gal\/index.php\/2020\/05\/06\/1846-e-para-sempre-abril-sempre\/#breadcrumb","itemListElement":[{"@type":"ListItem","position":1,"name":"Portada","item":"https:\/\/www.anovapeneira.gal\/"},{"@type":"ListItem","position":2,"name":"1846 \u00e9 para sempre. Abril, sempre!"}]},{"@type":"WebSite","@id":"https:\/\/www.anovapeneira.gal\/#website","url":"https:\/\/www.anovapeneira.gal\/","name":"","description":"Xornal galego de informaci\u00f3n xeral Publicaci\u00f3n mensual de novas de Galicia e en especial dos Concellos da sur da provincia de Pontevedra.","publisher":{"@id":"https:\/\/www.anovapeneira.gal\/#organization"},"potentialAction":[{"@type":"SearchAction","target":{"@type":"EntryPoint","urlTemplate":"https:\/\/www.anovapeneira.gal\/?s={search_term_string}"},"query-input":{"@type":"PropertyValueSpecification","valueRequired":true,"valueName":"search_term_string"}}],"inLanguage":"gl-ES"},{"@type":"Organization","@id":"https:\/\/www.anovapeneira.gal\/#organization","name":"A Nova Peneira","url":"https:\/\/www.anovapeneira.gal\/","logo":{"@type":"ImageObject","inLanguage":"gl-ES","@id":"https:\/\/www.anovapeneira.gal\/#\/schema\/logo\/image\/","url":"http:\/\/www.anovapeneira.gal\/wp-content\/uploads\/2019\/06\/logo_a_nova_peneira_portal_web.png","contentUrl":"http:\/\/www.anovapeneira.gal\/wp-content\/uploads\/2019\/06\/logo_a_nova_peneira_portal_web.png","width":300,"height":100,"caption":"A Nova Peneira"},"image":{"@id":"https:\/\/www.anovapeneira.gal\/#\/schema\/logo\/image\/"},"sameAs":["https:\/\/www.facebook.com\/anovapeneira","https:\/\/x.com\/APeneira"]},{"@type":"Person","@id":"https:\/\/www.anovapeneira.gal\/#\/schema\/person\/f18a4feb302e8f20bcef4490b5b60bb3","name":"Artigos Opini\u00f3n","image":{"@type":"ImageObject","inLanguage":"gl-ES","@id":"https:\/\/secure.gravatar.com\/avatar\/072844300f4881150aee2da4278f7a65d16eefdf8262eb67085f1e702de2b959?s=96&d=mm&r=g","url":"https:\/\/secure.gravatar.com\/avatar\/072844300f4881150aee2da4278f7a65d16eefdf8262eb67085f1e702de2b959?s=96&d=mm&r=g","contentUrl":"https:\/\/secure.gravatar.com\/avatar\/072844300f4881150aee2da4278f7a65d16eefdf8262eb67085f1e702de2b959?s=96&d=mm&r=g","caption":"Artigos Opini\u00f3n"},"sameAs":["http:\/\/anovapeneira.gal"],"url":"https:\/\/www.anovapeneira.gal\/index.php\/author\/artigosopinion\/"}]}},"jetpack_featured_media_url":"https:\/\/www.anovapeneira.gal\/wp-content\/uploads\/2019\/07\/ARTIGO_DE_OPINION_A_NOVA_PENEIRA.jpg","_links":{"self":[{"href":"https:\/\/www.anovapeneira.gal\/index.php\/wp-json\/wp\/v2\/posts\/3057","targetHints":{"allow":["GET"]}}],"collection":[{"href":"https:\/\/www.anovapeneira.gal\/index.php\/wp-json\/wp\/v2\/posts"}],"about":[{"href":"https:\/\/www.anovapeneira.gal\/index.php\/wp-json\/wp\/v2\/types\/post"}],"author":[{"embeddable":true,"href":"https:\/\/www.anovapeneira.gal\/index.php\/wp-json\/wp\/v2\/users\/12"}],"replies":[{"embeddable":true,"href":"https:\/\/www.anovapeneira.gal\/index.php\/wp-json\/wp\/v2\/comments?post=3057"}],"version-history":[{"count":1,"href":"https:\/\/www.anovapeneira.gal\/index.php\/wp-json\/wp\/v2\/posts\/3057\/revisions"}],"predecessor-version":[{"id":3058,"href":"https:\/\/www.anovapeneira.gal\/index.php\/wp-json\/wp\/v2\/posts\/3057\/revisions\/3058"}],"wp:featuredmedia":[{"embeddable":true,"href":"https:\/\/www.anovapeneira.gal\/index.php\/wp-json\/wp\/v2\/media\/584"}],"wp:attachment":[{"href":"https:\/\/www.anovapeneira.gal\/index.php\/wp-json\/wp\/v2\/media?parent=3057"}],"wp:term":[{"taxonomy":"category","embeddable":true,"href":"https:\/\/www.anovapeneira.gal\/index.php\/wp-json\/wp\/v2\/categories?post=3057"},{"taxonomy":"post_tag","embeddable":true,"href":"https:\/\/www.anovapeneira.gal\/index.php\/wp-json\/wp\/v2\/tags?post=3057"}],"curies":[{"name":"wp","href":"https:\/\/api.w.org\/{rel}","templated":true}]}}