{"id":3063,"date":"2020-05-07T12:00:14","date_gmt":"2020-05-07T10:00:14","guid":{"rendered":"http:\/\/www.anovapeneira.gal\/?p=3063"},"modified":"2020-05-06T18:52:45","modified_gmt":"2020-05-06T16:52:45","slug":"regueifa-antivirus","status":"publish","type":"post","link":"https:\/\/www.anovapeneira.gal\/index.php\/2020\/05\/07\/regueifa-antivirus\/","title":{"rendered":"Regueifa antivirus"},"content":{"rendered":"\n<h2 class=\"wp-block-heading\">Quen canta, o seu mal espanta<\/h2>\n\n\n\n<figure class=\"wp-block-image size-large is-resized\"><img loading=\"lazy\" decoding=\"async\" src=\"http:\/\/www.anovapeneira.gal\/wp-content\/uploads\/2020\/05\/kike_estevez_avatar_a_nova_peneira.jpg\" alt=\"Kike Estevez Artigo de opini\u00f3n A Nova Peneira\" class=\"wp-image-3062\" width=\"95\" height=\"111\"\/><figcaption>Kike Est\u00e9vez<\/figcaption><\/figure>\n\n\n\n<p>Dic\u00eda nunha entrevista hai xa alg\u00fan tempo un dos nosos cantores m\u00e1is senlleiros, o guard\u00e9s Tino Baz, que o canto ten un algo de terap\u00e9utico e que \u201c<em>a amargura ten de ser reciclada<\/em>\u201d. A relaci\u00f3n do canto co alivio das dores refl\u00edctese tam\u00e9n no noso refraneiro con ese dito popular tan co\u00f1ecido que di que \u201c<em>Quen canta, o seu mal espanta<\/em>\u201d, refr\u00e1n empregado en todos os pobos da Pen\u00ednsula Ib\u00e9rica. Algunhas investigaci\u00f3ns contempor\u00e1neas arredor deste \u201cdito\u201d afirman que o canto axudar\u00eda \u00e1 relaxaci\u00f3n e ter\u00eda un efecto positivo na nosa frecuencia card\u00edaca, al\u00e9n de m\u00faltiples beneficios para o noso sistema inmune. Nestes tempos de virus achegar\u00e9monos \u00e1s d\u00faas grandes pandemias sufridas nos \u00faltimos 100 anos (1918-2020) e ao papel que xogou nelas o canto en xeral e a regueifa en particular.&nbsp;<\/p>\n\n\n\n<div class=\"wp-block-image\"><figure class=\"aligncenter size-large is-resized\"><img loading=\"lazy\" decoding=\"async\" src=\"http:\/\/www.anovapeneira.gal\/wp-content\/uploads\/2020\/05\/a_regueifa_a_nova_peneira.jpg\" alt=\"\" class=\"wp-image-3070\" width=\"574\" height=\"542\" srcset=\"https:\/\/www.anovapeneira.gal\/wp-content\/uploads\/2020\/05\/a_regueifa_a_nova_peneira.jpg 574w, https:\/\/www.anovapeneira.gal\/wp-content\/uploads\/2020\/05\/a_regueifa_a_nova_peneira-300x283.jpg 300w\" sizes=\"auto, (max-width: 574px) 100vw, 574px\" \/><\/figure><\/div>\n\n\n\n<p>O virus da \u201c<em>grippe<\/em>\u201d (pr\u00e9stamo recollido do franc\u00e9s) de 1918 e as s\u00faas consecuencias foron un aut\u00e9ntico pesadelo para a poboaci\u00f3n galega da \u00e9poca. As p\u00e1xinas dos xornais, sobre todo a partir do mes de outubro (2\u00aa vaga da doenza) f\u00e1lannos de localidades enteiras, coma Soutelo de Montes, onde a totalidade da veci\u00f1anza caeu infectada e onde morr\u00edan entre cinco e dez persoas diariamente. Coma neste 2020, o virus afectou m\u00e1is \u00e1s vilas c\u00f3 rural e moi poucas esquivaron o azoute da epidemia, cuantific\u00e1ndose numerosas mortes nas catro provincias, con algo m\u00e1is de incidencia nas atl\u00e1nticas debido \u00e1 s\u00faa maior densidade de poboaci\u00f3n. Desde Vigo a Pontevedra, pasando por Mar\u00edn, Ribeira e Rianxo ata chegar a Compostela, A Coru\u00f1a ou Ferrol; esta prensa perm\u00edtenos co\u00f1ecer moitas consecuencias daquela epidemia (desinfecci\u00f3n de r\u00faas, protocolos de limpeza individuais e colectivos, peche de cines e espect\u00e1culos, prohibici\u00f3ns de reuni\u00f3ns \u201ctumultuosas\u201d\u2026), non moi distantes das que vimos de sufrir estes \u00faltimos meses.\u00a0<\/p>\n\n\n\n<figure class=\"wp-block-table\"><table class=\"\"><tbody><tr><td>[\u2026]<br><em>A regueifa est\u00e1 na mesa<\/em><br><em>E no medio ten malvela<\/em><br><em>P\u00eddoche meu compa\u00f1eiro<\/em><br><em>Que non escapes con ela<\/em><br>Recollida en San Juan de Calo (Padr\u00f3n 1918)<\/td><td><em>Que non escape con ela<\/em><br><em>Iso si, meu queridi\u00f1o<\/em><br><em>Se non escapo con ela<\/em><br><em>Roubareicha no cami\u00f1o<\/em><br>[\u2026]<\/td><\/tr><\/tbody><\/table><\/figure>\n\n\n\n<p>\u00c1 parte da desfeita da \u201c<em>grippe<\/em>\u201d, na prensa deses anos abundan referencias a festas populares e \u00e1s s\u00faas \u201c<em>performances<\/em>\u201d, coma os cantos da regueifa, que, a\u00ednda que xa entraran en decadencia (pois xa se iniciara o transvase destas porf\u00edas dos casamentos cara \u00e1s tabernas), continuaban a ser unha das maiores e m\u00e1is co\u00f1ecidas tradici\u00f3ns da nosa terra. De feito, atopamos alg\u00fan exemplo onde regueifa e pandemia van da man, nunha especie de tentativa de animar a poboaci\u00f3n, promovendo o canto naqueles tempos tan duros. Neste senso, \u00e9 sintom\u00e1tica a primeira p\u00e1xina de El Correo de Galicia (21.01.1919) onde se mestura unha columna relacionada co n\u00famero de mortos que provocara a&nbsp;<em>grippe<\/em>ata ese momento con outra onde se presenta unha recollida na comarca de Padr\u00f3n. Semella que a prensa da \u00e9poca aproveitaba estas regueifas e o seu contido histri\u00f3nico para aliviar as penas dxs seus\/s\u00faas lectorxs.&nbsp;<\/p>\n\n\n\n<p>Neste 2020, a pandemia da COVID-19 e a corentena \u00e1 que se veu abocada a maior parte do mundo est\u00e1 facendo mudar o noso modo de vida en todos os \u00e1mbitos. Por\u00e9n, nos dous \u00faltimos meses o Estado de Alarma e o confinamento provocou un remu\u00ed\u00f1o de creatividade, en especial, entre o sector cultural. Dende as redes sociais aos balc\u00f3ns, as iniciativas individuais ou colectivas do mundo das artes chegaron \u00e1s nosas casas a golpe de clic, facendo m\u00e1is levad\u00eda a situaci\u00f3n para a xente con video-chamadas, contacontxs, canci\u00f3ns interpretadas en coro&#8230; E a regueifa non pod\u00eda ser menos. Dende os primeiros momentos deste andazo o mundo da regueifa mant\u00edvose en primeira li\u00f1a contra o virus con actividades coma as propostas pola p\u00e1xina \u201cRegueifando pola vida\u201d, que nos animaba a facer \u201c<em>regueifing<\/em>\u201d, \u00e9 dicir, improvisar coplas ao mesmo tempo que se practica alg\u00fan exercicio. Outras propostas ve\u00f1en dende o concurso \u201cEnregu\u00e9ifate\u201d, que nos incita a enviar regueifas a este certame de v\u00eddeos organizado por terceiro ano consecutivo. E non s\u00f3, pois tam\u00e9n puidemos gozar de cursos de regueifa, como o impartido pola cantora e regueifeira Alba Mar\u00eda; ou regueifas&nbsp;<em>on-line<\/em>, como as realizadas polo proxecto educativo \u201cRegueifesta\u201d, onde regueifeirxs como Manolo Maseda ou Josinho da Teixeira botaron as s\u00faas \u201cRegueifas contra a pandemia\u201d; ou mesmo as promovidas dende a web \u201c<em>M\u00fasicas galegxs en concerto<\/em>\u201d, a trav\u00e9s do Instagram, onde participaron xs regueifeirxs Lupe Blanco e Kike Est\u00e9vez.<\/p>\n\n\n\n<div class=\"wp-block-columns is-layout-flex wp-container-core-columns-is-layout-9d6595d7 wp-block-columns-is-layout-flex\">\n<div class=\"wp-block-column is-layout-flow wp-block-column-is-layout-flow\" style=\"flex-basis:33.33%\">\n<figure class=\"wp-block-image size-large\"><img loading=\"lazy\" decoding=\"async\" width=\"325\" height=\"580\" src=\"http:\/\/www.anovapeneira.gal\/wp-content\/uploads\/2020\/05\/foto_regueifa_a_nova_peneira.jpg\" alt=\"Regueifa A Nova Peneira\" class=\"wp-image-3067\" srcset=\"https:\/\/www.anovapeneira.gal\/wp-content\/uploads\/2020\/05\/foto_regueifa_a_nova_peneira.jpg 325w, https:\/\/www.anovapeneira.gal\/wp-content\/uploads\/2020\/05\/foto_regueifa_a_nova_peneira-168x300.jpg 168w\" sizes=\"auto, (max-width: 325px) 100vw, 325px\" \/><\/figure>\n<\/div>\n\n\n\n<div class=\"wp-block-column is-layout-flow wp-block-column-is-layout-flow\" style=\"flex-basis:66.66%\">\n<p>Desde estas humildes p\u00e1xinas anim\u00e1mosvos a facer\u00a0<em>regueifing<\/em>, a\u00a0<em>enregueifarvos<\/em>ou a cantar unhas regueifas coa vosa familia, parella ou compa\u00f1eirx de confinamento. Porque, segundo din, \u201c<em>Quen canta, o seu mal espanta<\/em>\u201d.<\/p>\n\n\n\n<figure class=\"wp-block-table\"><table class=\"\"><tbody><tr><td>Kike Est\u00e9vez<br><br>[\u2026]<br>Non me estaba maquillando\u00a0<br>Que non che son Belceb\u00fa<br>Estaba no Mercadona<br>Mercando papel do cu<br><br>Instagram (24\/3\/2020<\/td><td>Lupe Blanco<br><br>Eu non quer\u00eda dicire<br>Que a cousa te convenza<br>Para limpar a\u00ed embaixo<br>Ben che val\u00eda unha verza<\/td><\/tr><\/tbody><\/table><\/figure>\n<\/div>\n<\/div>\n","protected":false},"excerpt":{"rendered":"<div class=\"mh-excerpt\"><p>Dic\u00eda nunha entrevista hai xa alg\u00fan tempo un dos nosos cantores m\u00e1is senlleiros, o guard\u00e9s Tino Baz, que o canto ten un algo de terap\u00e9utico e que \u201ca amargura ten de ser reciclada\u201d <a class=\"mh-excerpt-more\" href=\"https:\/\/www.anovapeneira.gal\/index.php\/2020\/05\/07\/regueifa-antivirus\/\" title=\"Regueifa antivirus\">[&#8230;]<\/a><\/p>\n<\/div>","protected":false},"author":25,"featured_media":3071,"comment_status":"open","ping_status":"open","sticky":false,"template":"","format":"standard","meta":{"_exactmetrics_skip_tracking":false,"_exactmetrics_sitenote_active":false,"_exactmetrics_sitenote_note":"","_exactmetrics_sitenote_category":0,"footnotes":""},"categories":[7],"tags":[595],"class_list":{"0":"post-3063","1":"post","2":"type-post","3":"status-publish","4":"format-standard","5":"has-post-thumbnail","7":"category-artigos-de-opinion","8":"tag-regueifa"},"yoast_head":"<!-- This site is optimized with the Yoast SEO plugin v27.4 - https:\/\/yoast.com\/product\/yoast-seo-wordpress\/ -->\n<title>Regueifa antivirus -<\/title>\n<meta name=\"robots\" content=\"index, follow, max-snippet:-1, max-image-preview:large, max-video-preview:-1\" \/>\n<link rel=\"canonical\" href=\"https:\/\/www.anovapeneira.gal\/index.php\/2020\/05\/07\/regueifa-antivirus\/\" \/>\n<meta property=\"og:locale\" content=\"gl_ES\" \/>\n<meta property=\"og:type\" content=\"article\" \/>\n<meta property=\"og:title\" content=\"Regueifa antivirus -\" \/>\n<meta property=\"og:description\" content=\"Dic\u00eda nunha entrevista hai xa alg\u00fan tempo un dos nosos cantores m\u00e1is senlleiros, o guard\u00e9s Tino Baz, que o canto ten un algo de terap\u00e9utico e que \u201ca amargura ten de ser reciclada\u201d [...]\" \/>\n<meta property=\"og:url\" content=\"https:\/\/www.anovapeneira.gal\/index.php\/2020\/05\/07\/regueifa-antivirus\/\" \/>\n<meta property=\"article:publisher\" content=\"https:\/\/www.facebook.com\/anovapeneira\" \/>\n<meta property=\"article:published_time\" content=\"2020-05-07T10:00:14+00:00\" \/>\n<meta property=\"og:image\" content=\"https:\/\/www.anovapeneira.gal\/wp-content\/uploads\/2020\/05\/a_regueifa_a_nova_peneira_cabeceira.jpg\" \/>\n\t<meta property=\"og:image:width\" content=\"720\" \/>\n\t<meta property=\"og:image:height\" content=\"432\" \/>\n\t<meta property=\"og:image:type\" content=\"image\/jpeg\" \/>\n<meta name=\"author\" content=\"Kike Est\u00e9vez\" \/>\n<meta name=\"twitter:card\" content=\"summary_large_image\" \/>\n<meta name=\"twitter:creator\" content=\"@APeneira\" \/>\n<meta name=\"twitter:site\" content=\"@APeneira\" \/>\n<meta name=\"twitter:label1\" content=\"Escrito por\" \/>\n\t<meta name=\"twitter:data1\" content=\"Kike Est\u00e9vez\" \/>\n\t<meta name=\"twitter:label2\" content=\"Tempo de lectura\" \/>\n\t<meta name=\"twitter:data2\" content=\"4 minutos\" \/>\n<script type=\"application\/ld+json\" class=\"yoast-schema-graph\">{\"@context\":\"https:\\\/\\\/schema.org\",\"@graph\":[{\"@type\":\"Article\",\"@id\":\"https:\\\/\\\/www.anovapeneira.gal\\\/index.php\\\/2020\\\/05\\\/07\\\/regueifa-antivirus\\\/#article\",\"isPartOf\":{\"@id\":\"https:\\\/\\\/www.anovapeneira.gal\\\/index.php\\\/2020\\\/05\\\/07\\\/regueifa-antivirus\\\/\"},\"author\":{\"name\":\"Kike Est\u00e9vez\",\"@id\":\"https:\\\/\\\/www.anovapeneira.gal\\\/#\\\/schema\\\/person\\\/a63aaacbeda0b255d5b7200cb817bcfb\"},\"headline\":\"Regueifa antivirus\",\"datePublished\":\"2020-05-07T10:00:14+00:00\",\"mainEntityOfPage\":{\"@id\":\"https:\\\/\\\/www.anovapeneira.gal\\\/index.php\\\/2020\\\/05\\\/07\\\/regueifa-antivirus\\\/\"},\"wordCount\":875,\"commentCount\":0,\"publisher\":{\"@id\":\"https:\\\/\\\/www.anovapeneira.gal\\\/#organization\"},\"image\":{\"@id\":\"https:\\\/\\\/www.anovapeneira.gal\\\/index.php\\\/2020\\\/05\\\/07\\\/regueifa-antivirus\\\/#primaryimage\"},\"thumbnailUrl\":\"https:\\\/\\\/www.anovapeneira.gal\\\/wp-content\\\/uploads\\\/2020\\\/05\\\/a_regueifa_a_nova_peneira_cabeceira.jpg\",\"keywords\":[\"Regueifa\"],\"articleSection\":[\"Artigos de opini\u00f3n\"],\"inLanguage\":\"gl-ES\",\"potentialAction\":[{\"@type\":\"CommentAction\",\"name\":\"Comment\",\"target\":[\"https:\\\/\\\/www.anovapeneira.gal\\\/index.php\\\/2020\\\/05\\\/07\\\/regueifa-antivirus\\\/#respond\"]}]},{\"@type\":\"WebPage\",\"@id\":\"https:\\\/\\\/www.anovapeneira.gal\\\/index.php\\\/2020\\\/05\\\/07\\\/regueifa-antivirus\\\/\",\"url\":\"https:\\\/\\\/www.anovapeneira.gal\\\/index.php\\\/2020\\\/05\\\/07\\\/regueifa-antivirus\\\/\",\"name\":\"Regueifa antivirus -\",\"isPartOf\":{\"@id\":\"https:\\\/\\\/www.anovapeneira.gal\\\/#website\"},\"primaryImageOfPage\":{\"@id\":\"https:\\\/\\\/www.anovapeneira.gal\\\/index.php\\\/2020\\\/05\\\/07\\\/regueifa-antivirus\\\/#primaryimage\"},\"image\":{\"@id\":\"https:\\\/\\\/www.anovapeneira.gal\\\/index.php\\\/2020\\\/05\\\/07\\\/regueifa-antivirus\\\/#primaryimage\"},\"thumbnailUrl\":\"https:\\\/\\\/www.anovapeneira.gal\\\/wp-content\\\/uploads\\\/2020\\\/05\\\/a_regueifa_a_nova_peneira_cabeceira.jpg\",\"datePublished\":\"2020-05-07T10:00:14+00:00\",\"breadcrumb\":{\"@id\":\"https:\\\/\\\/www.anovapeneira.gal\\\/index.php\\\/2020\\\/05\\\/07\\\/regueifa-antivirus\\\/#breadcrumb\"},\"inLanguage\":\"gl-ES\",\"potentialAction\":[{\"@type\":\"ReadAction\",\"target\":[\"https:\\\/\\\/www.anovapeneira.gal\\\/index.php\\\/2020\\\/05\\\/07\\\/regueifa-antivirus\\\/\"]}]},{\"@type\":\"ImageObject\",\"inLanguage\":\"gl-ES\",\"@id\":\"https:\\\/\\\/www.anovapeneira.gal\\\/index.php\\\/2020\\\/05\\\/07\\\/regueifa-antivirus\\\/#primaryimage\",\"url\":\"https:\\\/\\\/www.anovapeneira.gal\\\/wp-content\\\/uploads\\\/2020\\\/05\\\/a_regueifa_a_nova_peneira_cabeceira.jpg\",\"contentUrl\":\"https:\\\/\\\/www.anovapeneira.gal\\\/wp-content\\\/uploads\\\/2020\\\/05\\\/a_regueifa_a_nova_peneira_cabeceira.jpg\",\"width\":720,\"height\":432,\"caption\":\"Regueifa A Nova Peneira\"},{\"@type\":\"BreadcrumbList\",\"@id\":\"https:\\\/\\\/www.anovapeneira.gal\\\/index.php\\\/2020\\\/05\\\/07\\\/regueifa-antivirus\\\/#breadcrumb\",\"itemListElement\":[{\"@type\":\"ListItem\",\"position\":1,\"name\":\"Portada\",\"item\":\"https:\\\/\\\/www.anovapeneira.gal\\\/\"},{\"@type\":\"ListItem\",\"position\":2,\"name\":\"Regueifa antivirus\"}]},{\"@type\":\"WebSite\",\"@id\":\"https:\\\/\\\/www.anovapeneira.gal\\\/#website\",\"url\":\"https:\\\/\\\/www.anovapeneira.gal\\\/\",\"name\":\"\",\"description\":\"Xornal galego de informaci\u00f3n xeral Publicaci\u00f3n mensual de novas de Galicia e en especial dos Concellos da sur da provincia de Pontevedra.\",\"publisher\":{\"@id\":\"https:\\\/\\\/www.anovapeneira.gal\\\/#organization\"},\"potentialAction\":[{\"@type\":\"SearchAction\",\"target\":{\"@type\":\"EntryPoint\",\"urlTemplate\":\"https:\\\/\\\/www.anovapeneira.gal\\\/?s={search_term_string}\"},\"query-input\":{\"@type\":\"PropertyValueSpecification\",\"valueRequired\":true,\"valueName\":\"search_term_string\"}}],\"inLanguage\":\"gl-ES\"},{\"@type\":\"Organization\",\"@id\":\"https:\\\/\\\/www.anovapeneira.gal\\\/#organization\",\"name\":\"A Nova Peneira\",\"url\":\"https:\\\/\\\/www.anovapeneira.gal\\\/\",\"logo\":{\"@type\":\"ImageObject\",\"inLanguage\":\"gl-ES\",\"@id\":\"https:\\\/\\\/www.anovapeneira.gal\\\/#\\\/schema\\\/logo\\\/image\\\/\",\"url\":\"http:\\\/\\\/www.anovapeneira.gal\\\/wp-content\\\/uploads\\\/2019\\\/06\\\/logo_a_nova_peneira_portal_web.png\",\"contentUrl\":\"http:\\\/\\\/www.anovapeneira.gal\\\/wp-content\\\/uploads\\\/2019\\\/06\\\/logo_a_nova_peneira_portal_web.png\",\"width\":300,\"height\":100,\"caption\":\"A Nova Peneira\"},\"image\":{\"@id\":\"https:\\\/\\\/www.anovapeneira.gal\\\/#\\\/schema\\\/logo\\\/image\\\/\"},\"sameAs\":[\"https:\\\/\\\/www.facebook.com\\\/anovapeneira\",\"https:\\\/\\\/x.com\\\/APeneira\"]},{\"@type\":\"Person\",\"@id\":\"https:\\\/\\\/www.anovapeneira.gal\\\/#\\\/schema\\\/person\\\/a63aaacbeda0b255d5b7200cb817bcfb\",\"name\":\"Kike Est\u00e9vez\",\"image\":{\"@type\":\"ImageObject\",\"inLanguage\":\"gl-ES\",\"@id\":\"https:\\\/\\\/secure.gravatar.com\\\/avatar\\\/6c58b0c68f148b095117774cae6da4203d12d8ad9b4ca1a8e55c3edd2ce6ad0a?s=96&d=mm&r=g\",\"url\":\"https:\\\/\\\/secure.gravatar.com\\\/avatar\\\/6c58b0c68f148b095117774cae6da4203d12d8ad9b4ca1a8e55c3edd2ce6ad0a?s=96&d=mm&r=g\",\"contentUrl\":\"https:\\\/\\\/secure.gravatar.com\\\/avatar\\\/6c58b0c68f148b095117774cae6da4203d12d8ad9b4ca1a8e55c3edd2ce6ad0a?s=96&d=mm&r=g\",\"caption\":\"Kike Est\u00e9vez\"},\"url\":\"https:\\\/\\\/www.anovapeneira.gal\\\/index.php\\\/author\\\/kike_estevez\\\/\"}]}<\/script>\n<!-- \/ Yoast SEO plugin. -->","yoast_head_json":{"title":"Regueifa antivirus -","robots":{"index":"index","follow":"follow","max-snippet":"max-snippet:-1","max-image-preview":"max-image-preview:large","max-video-preview":"max-video-preview:-1"},"canonical":"https:\/\/www.anovapeneira.gal\/index.php\/2020\/05\/07\/regueifa-antivirus\/","og_locale":"gl_ES","og_type":"article","og_title":"Regueifa antivirus -","og_description":"Dic\u00eda nunha entrevista hai xa alg\u00fan tempo un dos nosos cantores m\u00e1is senlleiros, o guard\u00e9s Tino Baz, que o canto ten un algo de terap\u00e9utico e que \u201ca amargura ten de ser reciclada\u201d [...]","og_url":"https:\/\/www.anovapeneira.gal\/index.php\/2020\/05\/07\/regueifa-antivirus\/","article_publisher":"https:\/\/www.facebook.com\/anovapeneira","article_published_time":"2020-05-07T10:00:14+00:00","og_image":[{"width":720,"height":432,"url":"https:\/\/www.anovapeneira.gal\/wp-content\/uploads\/2020\/05\/a_regueifa_a_nova_peneira_cabeceira.jpg","type":"image\/jpeg"}],"author":"Kike Est\u00e9vez","twitter_card":"summary_large_image","twitter_creator":"@APeneira","twitter_site":"@APeneira","twitter_misc":{"Escrito por":"Kike Est\u00e9vez","Tempo de lectura":"4 minutos"},"schema":{"@context":"https:\/\/schema.org","@graph":[{"@type":"Article","@id":"https:\/\/www.anovapeneira.gal\/index.php\/2020\/05\/07\/regueifa-antivirus\/#article","isPartOf":{"@id":"https:\/\/www.anovapeneira.gal\/index.php\/2020\/05\/07\/regueifa-antivirus\/"},"author":{"name":"Kike Est\u00e9vez","@id":"https:\/\/www.anovapeneira.gal\/#\/schema\/person\/a63aaacbeda0b255d5b7200cb817bcfb"},"headline":"Regueifa antivirus","datePublished":"2020-05-07T10:00:14+00:00","mainEntityOfPage":{"@id":"https:\/\/www.anovapeneira.gal\/index.php\/2020\/05\/07\/regueifa-antivirus\/"},"wordCount":875,"commentCount":0,"publisher":{"@id":"https:\/\/www.anovapeneira.gal\/#organization"},"image":{"@id":"https:\/\/www.anovapeneira.gal\/index.php\/2020\/05\/07\/regueifa-antivirus\/#primaryimage"},"thumbnailUrl":"https:\/\/www.anovapeneira.gal\/wp-content\/uploads\/2020\/05\/a_regueifa_a_nova_peneira_cabeceira.jpg","keywords":["Regueifa"],"articleSection":["Artigos de opini\u00f3n"],"inLanguage":"gl-ES","potentialAction":[{"@type":"CommentAction","name":"Comment","target":["https:\/\/www.anovapeneira.gal\/index.php\/2020\/05\/07\/regueifa-antivirus\/#respond"]}]},{"@type":"WebPage","@id":"https:\/\/www.anovapeneira.gal\/index.php\/2020\/05\/07\/regueifa-antivirus\/","url":"https:\/\/www.anovapeneira.gal\/index.php\/2020\/05\/07\/regueifa-antivirus\/","name":"Regueifa antivirus -","isPartOf":{"@id":"https:\/\/www.anovapeneira.gal\/#website"},"primaryImageOfPage":{"@id":"https:\/\/www.anovapeneira.gal\/index.php\/2020\/05\/07\/regueifa-antivirus\/#primaryimage"},"image":{"@id":"https:\/\/www.anovapeneira.gal\/index.php\/2020\/05\/07\/regueifa-antivirus\/#primaryimage"},"thumbnailUrl":"https:\/\/www.anovapeneira.gal\/wp-content\/uploads\/2020\/05\/a_regueifa_a_nova_peneira_cabeceira.jpg","datePublished":"2020-05-07T10:00:14+00:00","breadcrumb":{"@id":"https:\/\/www.anovapeneira.gal\/index.php\/2020\/05\/07\/regueifa-antivirus\/#breadcrumb"},"inLanguage":"gl-ES","potentialAction":[{"@type":"ReadAction","target":["https:\/\/www.anovapeneira.gal\/index.php\/2020\/05\/07\/regueifa-antivirus\/"]}]},{"@type":"ImageObject","inLanguage":"gl-ES","@id":"https:\/\/www.anovapeneira.gal\/index.php\/2020\/05\/07\/regueifa-antivirus\/#primaryimage","url":"https:\/\/www.anovapeneira.gal\/wp-content\/uploads\/2020\/05\/a_regueifa_a_nova_peneira_cabeceira.jpg","contentUrl":"https:\/\/www.anovapeneira.gal\/wp-content\/uploads\/2020\/05\/a_regueifa_a_nova_peneira_cabeceira.jpg","width":720,"height":432,"caption":"Regueifa A Nova Peneira"},{"@type":"BreadcrumbList","@id":"https:\/\/www.anovapeneira.gal\/index.php\/2020\/05\/07\/regueifa-antivirus\/#breadcrumb","itemListElement":[{"@type":"ListItem","position":1,"name":"Portada","item":"https:\/\/www.anovapeneira.gal\/"},{"@type":"ListItem","position":2,"name":"Regueifa antivirus"}]},{"@type":"WebSite","@id":"https:\/\/www.anovapeneira.gal\/#website","url":"https:\/\/www.anovapeneira.gal\/","name":"","description":"Xornal galego de informaci\u00f3n xeral Publicaci\u00f3n mensual de novas de Galicia e en especial dos Concellos da sur da provincia de Pontevedra.","publisher":{"@id":"https:\/\/www.anovapeneira.gal\/#organization"},"potentialAction":[{"@type":"SearchAction","target":{"@type":"EntryPoint","urlTemplate":"https:\/\/www.anovapeneira.gal\/?s={search_term_string}"},"query-input":{"@type":"PropertyValueSpecification","valueRequired":true,"valueName":"search_term_string"}}],"inLanguage":"gl-ES"},{"@type":"Organization","@id":"https:\/\/www.anovapeneira.gal\/#organization","name":"A Nova Peneira","url":"https:\/\/www.anovapeneira.gal\/","logo":{"@type":"ImageObject","inLanguage":"gl-ES","@id":"https:\/\/www.anovapeneira.gal\/#\/schema\/logo\/image\/","url":"http:\/\/www.anovapeneira.gal\/wp-content\/uploads\/2019\/06\/logo_a_nova_peneira_portal_web.png","contentUrl":"http:\/\/www.anovapeneira.gal\/wp-content\/uploads\/2019\/06\/logo_a_nova_peneira_portal_web.png","width":300,"height":100,"caption":"A Nova Peneira"},"image":{"@id":"https:\/\/www.anovapeneira.gal\/#\/schema\/logo\/image\/"},"sameAs":["https:\/\/www.facebook.com\/anovapeneira","https:\/\/x.com\/APeneira"]},{"@type":"Person","@id":"https:\/\/www.anovapeneira.gal\/#\/schema\/person\/a63aaacbeda0b255d5b7200cb817bcfb","name":"Kike Est\u00e9vez","image":{"@type":"ImageObject","inLanguage":"gl-ES","@id":"https:\/\/secure.gravatar.com\/avatar\/6c58b0c68f148b095117774cae6da4203d12d8ad9b4ca1a8e55c3edd2ce6ad0a?s=96&d=mm&r=g","url":"https:\/\/secure.gravatar.com\/avatar\/6c58b0c68f148b095117774cae6da4203d12d8ad9b4ca1a8e55c3edd2ce6ad0a?s=96&d=mm&r=g","contentUrl":"https:\/\/secure.gravatar.com\/avatar\/6c58b0c68f148b095117774cae6da4203d12d8ad9b4ca1a8e55c3edd2ce6ad0a?s=96&d=mm&r=g","caption":"Kike Est\u00e9vez"},"url":"https:\/\/www.anovapeneira.gal\/index.php\/author\/kike_estevez\/"}]}},"jetpack_featured_media_url":"https:\/\/www.anovapeneira.gal\/wp-content\/uploads\/2020\/05\/a_regueifa_a_nova_peneira_cabeceira.jpg","_links":{"self":[{"href":"https:\/\/www.anovapeneira.gal\/index.php\/wp-json\/wp\/v2\/posts\/3063","targetHints":{"allow":["GET"]}}],"collection":[{"href":"https:\/\/www.anovapeneira.gal\/index.php\/wp-json\/wp\/v2\/posts"}],"about":[{"href":"https:\/\/www.anovapeneira.gal\/index.php\/wp-json\/wp\/v2\/types\/post"}],"author":[{"embeddable":true,"href":"https:\/\/www.anovapeneira.gal\/index.php\/wp-json\/wp\/v2\/users\/25"}],"replies":[{"embeddable":true,"href":"https:\/\/www.anovapeneira.gal\/index.php\/wp-json\/wp\/v2\/comments?post=3063"}],"version-history":[{"count":7,"href":"https:\/\/www.anovapeneira.gal\/index.php\/wp-json\/wp\/v2\/posts\/3063\/revisions"}],"predecessor-version":[{"id":3073,"href":"https:\/\/www.anovapeneira.gal\/index.php\/wp-json\/wp\/v2\/posts\/3063\/revisions\/3073"}],"wp:featuredmedia":[{"embeddable":true,"href":"https:\/\/www.anovapeneira.gal\/index.php\/wp-json\/wp\/v2\/media\/3071"}],"wp:attachment":[{"href":"https:\/\/www.anovapeneira.gal\/index.php\/wp-json\/wp\/v2\/media?parent=3063"}],"wp:term":[{"taxonomy":"category","embeddable":true,"href":"https:\/\/www.anovapeneira.gal\/index.php\/wp-json\/wp\/v2\/categories?post=3063"},{"taxonomy":"post_tag","embeddable":true,"href":"https:\/\/www.anovapeneira.gal\/index.php\/wp-json\/wp\/v2\/tags?post=3063"}],"curies":[{"name":"wp","href":"https:\/\/api.w.org\/{rel}","templated":true}]}}