{"id":3076,"date":"2020-05-08T12:00:42","date_gmt":"2020-05-08T10:00:42","guid":{"rendered":"http:\/\/www.anovapeneira.gal\/?p=3076"},"modified":"2020-05-06T19:06:05","modified_gmt":"2020-05-06T17:06:05","slug":"unha-de-cada-tres-persoas-en-idade-de-traballar-esta-no-paro-ou-atopase-afectada-por-un-erte-en-galiza","status":"publish","type":"post","link":"https:\/\/www.anovapeneira.gal\/index.php\/2020\/05\/08\/unha-de-cada-tres-persoas-en-idade-de-traballar-esta-no-paro-ou-atopase-afectada-por-un-erte-en-galiza\/","title":{"rendered":"Unha de cada tres persoas en idade de traballar est\u00e1 no paro ou at\u00f3pase afectada por un ERTE en Galiza"},"content":{"rendered":"\n<h2 class=\"wp-block-heading\">A CIG reclama medidas eficaces e urxentes para frear a destruci\u00f3n de emprego e garantir a cobertura social<\/h2>\n\n\n\n<p>Case 400.000 persoas, arredor dun terzo da poboaci\u00f3n activa galega, at\u00f3pase en paro ou en ERTE tras o incremento do 9,83% rexistrado nas cifras de desemprego o pasado mes de abril. Dende a CIG reclaman medidas eficaces e urxentes para garantir o mantemento dos postos de traballo e a cobertura social \u00e1s persoas afectadas.<\/p>\n\n\n\n<p>Os datos publicados hoxe polo SEPE sit\u00faan o n\u00famero total de persoas paradas en 191.629, o que sup\u00f3n 17.148 m\u00e1is que no mes de marzo, a\u00ednda que seguen sen figurar todos\/as os traballadores\/as afectados\/as por un ERTE, cifra que non deixa de medrar e que supera xa as 200.000 persoas.[nbsp]<\/p>\n\n\n\n<p>A afiliaci\u00f3n \u00e1 Seguridade Social contin\u00faa a caer tam\u00e9n, coloc\u00e1ndose xa por debaixo do mill\u00f3n de persoas (974.770), tras descender en 27.853 persoas (-2,78%) con respecto a marzo. Mentres que a taxa de cobertura segue a deixar practicamente a metade da poboaci\u00f3n[nbsp]parada sen protecci\u00f3n social.<\/p>\n\n\n\n<p>Estes datos debuxan un panorama desolador no mercado laboral galego, que enfronta a crise derivada da alerta sanitaria provocada polo novo coronavirus nunha situaci\u00f3n de emerxencia econ\u00f3mica e social como consecuencia do desmantelamento do sector industrial.<\/p>\n\n\n\n<p>Diante disto, dende a Secretar\u00eda Confederal de Emprego e Industria reiteran a demanda de medidas \u201ceficaces e urxentes\u201d que garantan o mantemento dos postos de traballo neste contexto e a cobertura social para as persoas afectadas polos despedimentos e os ERTE.<\/p>\n\n\n\n<p>Segundo denuncia Fran Cartelle, o que est\u00e1 a acontecer demostra que as medidas aplicadas polo Goberno central son \u201cineficaces e inxustas\u201d e chegaron tarde, provocando destruci\u00f3n de emprego e afectando de xeito desigual \u00e1s persoas traballadoras. \u201cHoubo xente que foi despedida ao principio, outra acolleuse a un ERTE despois, pero a realidade \u00e9 que segue a haber despedimentos porque os ERTE non garanten o mantemento do emprego\u201d.<\/p>\n\n\n\n<p>Neste senso, a CIG leva dende o inicio deste crise a reclamar a implementaci\u00f3n dunha licenza retribu\u00edda universal coa que se garantir\u00edan os postos de traballo e a cobertura para as persoas traballadoras. &#8220;\u00c9 imprescind\u00edbel que o Goberno aplique medidas que freen a destruci\u00f3n do emprego, que obriguen as empresas a manter os postos de traballo&#8221;, sinala.<\/p>\n\n\n\n<p>Ademais, aposta por prohibir que se poida aplicar de xeito simult\u00e1neo un ERTE e calquera outra medida consistente nun descolgue salarial, inaplicaci\u00f3n de convenio colectivo, modificaci\u00f3n substancial das condici\u00f3ns de traballo ou mobilidade xeogr\u00e1fica e\/ou funcional.<\/p>\n\n\n\n<p>Por outra banda, incide na necesidade de derrogar as \u00faltimas reformas laborais aprobadas por PP e PSOE coa escusa da anterior crise econ\u00f3mica, que non fixeron m\u00e1is que empobrecer a clase traballadora e que est\u00e1n a ser utilizadas \u201cde xeito perverso\u201d polo empresariado para despedir.<\/p>\n\n\n\n<p><strong>Baixa a afiliaci\u00f3n \u00e1 Seguridade Social<\/strong><\/p>\n\n\n\n<p>En canto ao paro, a provincia m\u00e1is afectada foi de novo A Coru\u00f1a, cun incremento do 10,9%, situ\u00e1ndose xa nas 76.971 persoas. Por sectores, foi a construci\u00f3n onde m\u00e1is medrou (13,26%), mais seguido a pouca distancia pola industria, cun medre do 11,43%.<\/p>\n\n\n\n<p>Tam\u00e9n contin\u00faa a baixar a afiliaci\u00f3n \u00e1 Seguridade Social, que experimentou un descenso do 2,78%, situ\u00e1ndose xa por debaixo do mill\u00f3n de persoas (974.770). Neste caso a provincia m\u00e1is afectada foi Pontevedra, cunha baixada do 3,16%.<\/p>\n","protected":false},"excerpt":{"rendered":"<div class=\"mh-excerpt\"><p>A CIG reclama medidas eficaces e urxentes para frear a destruci\u00f3n de emprego e garantir a cobertura social <a class=\"mh-excerpt-more\" href=\"https:\/\/www.anovapeneira.gal\/index.php\/2020\/05\/08\/unha-de-cada-tres-persoas-en-idade-de-traballar-esta-no-paro-ou-atopase-afectada-por-un-erte-en-galiza\/\" title=\"Unha de cada tres persoas en idade de traballar est\u00e1 no paro ou at\u00f3pase afectada por un ERTE en Galiza\">[&#8230;]<\/a><\/p>\n<\/div>","protected":false},"author":3,"featured_media":632,"comment_status":"open","ping_status":"open","sticky":false,"template":"","format":"standard","meta":{"_exactmetrics_skip_tracking":false,"_exactmetrics_sitenote_active":false,"_exactmetrics_sitenote_note":"","_exactmetrics_sitenote_category":0,"footnotes":""},"categories":[263],"tags":[88,425],"class_list":{"0":"post-3076","1":"post","2":"type-post","3":"status-publish","4":"format-standard","5":"has-post-thumbnail","7":"category-novas","8":"tag-cig","9":"tag-traballo"},"yoast_head":"<!-- This site is optimized with the Yoast SEO plugin v27.4 - https:\/\/yoast.com\/product\/yoast-seo-wordpress\/ -->\n<title>Unha de cada tres persoas en idade de traballar est\u00e1 no paro ou at\u00f3pase afectada por un ERTE en Galiza -<\/title>\n<meta name=\"robots\" content=\"index, follow, max-snippet:-1, max-image-preview:large, max-video-preview:-1\" \/>\n<link rel=\"canonical\" href=\"https:\/\/www.anovapeneira.gal\/index.php\/2020\/05\/08\/unha-de-cada-tres-persoas-en-idade-de-traballar-esta-no-paro-ou-atopase-afectada-por-un-erte-en-galiza\/\" \/>\n<meta property=\"og:locale\" content=\"gl_ES\" \/>\n<meta property=\"og:type\" content=\"article\" \/>\n<meta property=\"og:title\" content=\"Unha de cada tres persoas en idade de traballar est\u00e1 no paro ou at\u00f3pase afectada por un ERTE en Galiza -\" \/>\n<meta property=\"og:description\" content=\"A CIG reclama medidas eficaces e urxentes para frear a destruci\u00f3n de emprego e garantir a cobertura social [...]\" \/>\n<meta property=\"og:url\" content=\"https:\/\/www.anovapeneira.gal\/index.php\/2020\/05\/08\/unha-de-cada-tres-persoas-en-idade-de-traballar-esta-no-paro-ou-atopase-afectada-por-un-erte-en-galiza\/\" \/>\n<meta property=\"article:publisher\" content=\"https:\/\/www.facebook.com\/anovapeneira\" \/>\n<meta property=\"article:published_time\" content=\"2020-05-08T10:00:42+00:00\" \/>\n<meta property=\"og:image\" content=\"https:\/\/www.anovapeneira.gal\/wp-content\/uploads\/2019\/07\/CIG_a_nova_peneira.png\" \/>\n\t<meta property=\"og:image:width\" content=\"720\" \/>\n\t<meta property=\"og:image:height\" content=\"473\" \/>\n\t<meta property=\"og:image:type\" content=\"image\/png\" \/>\n<meta name=\"author\" content=\"Redacci\u00f3n A Nova Peneira\" \/>\n<meta name=\"twitter:card\" content=\"summary_large_image\" \/>\n<meta name=\"twitter:creator\" content=\"@APeneira\" \/>\n<meta name=\"twitter:site\" content=\"@APeneira\" \/>\n<meta name=\"twitter:label1\" content=\"Escrito por\" \/>\n\t<meta name=\"twitter:data1\" content=\"Redacci\u00f3n A Nova Peneira\" \/>\n\t<meta name=\"twitter:label2\" content=\"Tempo de lectura\" \/>\n\t<meta name=\"twitter:data2\" content=\"3 minutos\" \/>\n<script type=\"application\/ld+json\" class=\"yoast-schema-graph\">{\"@context\":\"https:\\\/\\\/schema.org\",\"@graph\":[{\"@type\":\"Article\",\"@id\":\"https:\\\/\\\/www.anovapeneira.gal\\\/index.php\\\/2020\\\/05\\\/08\\\/unha-de-cada-tres-persoas-en-idade-de-traballar-esta-no-paro-ou-atopase-afectada-por-un-erte-en-galiza\\\/#article\",\"isPartOf\":{\"@id\":\"https:\\\/\\\/www.anovapeneira.gal\\\/index.php\\\/2020\\\/05\\\/08\\\/unha-de-cada-tres-persoas-en-idade-de-traballar-esta-no-paro-ou-atopase-afectada-por-un-erte-en-galiza\\\/\"},\"author\":{\"name\":\"Redacci\u00f3n A Nova Peneira\",\"@id\":\"https:\\\/\\\/www.anovapeneira.gal\\\/#\\\/schema\\\/person\\\/b93e3f8932e3f8da96334607eb6ac6aa\"},\"headline\":\"Unha de cada tres persoas en idade de traballar est\u00e1 no paro ou at\u00f3pase afectada por un ERTE en Galiza\",\"datePublished\":\"2020-05-08T10:00:42+00:00\",\"mainEntityOfPage\":{\"@id\":\"https:\\\/\\\/www.anovapeneira.gal\\\/index.php\\\/2020\\\/05\\\/08\\\/unha-de-cada-tres-persoas-en-idade-de-traballar-esta-no-paro-ou-atopase-afectada-por-un-erte-en-galiza\\\/\"},\"wordCount\":586,\"commentCount\":0,\"publisher\":{\"@id\":\"https:\\\/\\\/www.anovapeneira.gal\\\/#organization\"},\"image\":{\"@id\":\"https:\\\/\\\/www.anovapeneira.gal\\\/index.php\\\/2020\\\/05\\\/08\\\/unha-de-cada-tres-persoas-en-idade-de-traballar-esta-no-paro-ou-atopase-afectada-por-un-erte-en-galiza\\\/#primaryimage\"},\"thumbnailUrl\":\"https:\\\/\\\/www.anovapeneira.gal\\\/wp-content\\\/uploads\\\/2019\\\/07\\\/CIG_a_nova_peneira.png\",\"keywords\":[\"CIG\",\"Traballo\"],\"articleSection\":[\"Novas\"],\"inLanguage\":\"gl-ES\",\"potentialAction\":[{\"@type\":\"CommentAction\",\"name\":\"Comment\",\"target\":[\"https:\\\/\\\/www.anovapeneira.gal\\\/index.php\\\/2020\\\/05\\\/08\\\/unha-de-cada-tres-persoas-en-idade-de-traballar-esta-no-paro-ou-atopase-afectada-por-un-erte-en-galiza\\\/#respond\"]}]},{\"@type\":\"WebPage\",\"@id\":\"https:\\\/\\\/www.anovapeneira.gal\\\/index.php\\\/2020\\\/05\\\/08\\\/unha-de-cada-tres-persoas-en-idade-de-traballar-esta-no-paro-ou-atopase-afectada-por-un-erte-en-galiza\\\/\",\"url\":\"https:\\\/\\\/www.anovapeneira.gal\\\/index.php\\\/2020\\\/05\\\/08\\\/unha-de-cada-tres-persoas-en-idade-de-traballar-esta-no-paro-ou-atopase-afectada-por-un-erte-en-galiza\\\/\",\"name\":\"Unha de cada tres persoas en idade de traballar est\u00e1 no paro ou at\u00f3pase afectada por un ERTE en Galiza -\",\"isPartOf\":{\"@id\":\"https:\\\/\\\/www.anovapeneira.gal\\\/#website\"},\"primaryImageOfPage\":{\"@id\":\"https:\\\/\\\/www.anovapeneira.gal\\\/index.php\\\/2020\\\/05\\\/08\\\/unha-de-cada-tres-persoas-en-idade-de-traballar-esta-no-paro-ou-atopase-afectada-por-un-erte-en-galiza\\\/#primaryimage\"},\"image\":{\"@id\":\"https:\\\/\\\/www.anovapeneira.gal\\\/index.php\\\/2020\\\/05\\\/08\\\/unha-de-cada-tres-persoas-en-idade-de-traballar-esta-no-paro-ou-atopase-afectada-por-un-erte-en-galiza\\\/#primaryimage\"},\"thumbnailUrl\":\"https:\\\/\\\/www.anovapeneira.gal\\\/wp-content\\\/uploads\\\/2019\\\/07\\\/CIG_a_nova_peneira.png\",\"datePublished\":\"2020-05-08T10:00:42+00:00\",\"breadcrumb\":{\"@id\":\"https:\\\/\\\/www.anovapeneira.gal\\\/index.php\\\/2020\\\/05\\\/08\\\/unha-de-cada-tres-persoas-en-idade-de-traballar-esta-no-paro-ou-atopase-afectada-por-un-erte-en-galiza\\\/#breadcrumb\"},\"inLanguage\":\"gl-ES\",\"potentialAction\":[{\"@type\":\"ReadAction\",\"target\":[\"https:\\\/\\\/www.anovapeneira.gal\\\/index.php\\\/2020\\\/05\\\/08\\\/unha-de-cada-tres-persoas-en-idade-de-traballar-esta-no-paro-ou-atopase-afectada-por-un-erte-en-galiza\\\/\"]}]},{\"@type\":\"ImageObject\",\"inLanguage\":\"gl-ES\",\"@id\":\"https:\\\/\\\/www.anovapeneira.gal\\\/index.php\\\/2020\\\/05\\\/08\\\/unha-de-cada-tres-persoas-en-idade-de-traballar-esta-no-paro-ou-atopase-afectada-por-un-erte-en-galiza\\\/#primaryimage\",\"url\":\"https:\\\/\\\/www.anovapeneira.gal\\\/wp-content\\\/uploads\\\/2019\\\/07\\\/CIG_a_nova_peneira.png\",\"contentUrl\":\"https:\\\/\\\/www.anovapeneira.gal\\\/wp-content\\\/uploads\\\/2019\\\/07\\\/CIG_a_nova_peneira.png\",\"width\":720,\"height\":473,\"caption\":\"Confederaci\u00f3n Intersindical Galega A Nova Peneira\"},{\"@type\":\"BreadcrumbList\",\"@id\":\"https:\\\/\\\/www.anovapeneira.gal\\\/index.php\\\/2020\\\/05\\\/08\\\/unha-de-cada-tres-persoas-en-idade-de-traballar-esta-no-paro-ou-atopase-afectada-por-un-erte-en-galiza\\\/#breadcrumb\",\"itemListElement\":[{\"@type\":\"ListItem\",\"position\":1,\"name\":\"Portada\",\"item\":\"https:\\\/\\\/www.anovapeneira.gal\\\/\"},{\"@type\":\"ListItem\",\"position\":2,\"name\":\"Unha de cada tres persoas en idade de traballar est\u00e1 no paro ou at\u00f3pase afectada por un ERTE en Galiza\"}]},{\"@type\":\"WebSite\",\"@id\":\"https:\\\/\\\/www.anovapeneira.gal\\\/#website\",\"url\":\"https:\\\/\\\/www.anovapeneira.gal\\\/\",\"name\":\"\",\"description\":\"Xornal galego de informaci\u00f3n xeral Publicaci\u00f3n mensual de novas de Galicia e en especial dos Concellos da sur da provincia de Pontevedra.\",\"publisher\":{\"@id\":\"https:\\\/\\\/www.anovapeneira.gal\\\/#organization\"},\"potentialAction\":[{\"@type\":\"SearchAction\",\"target\":{\"@type\":\"EntryPoint\",\"urlTemplate\":\"https:\\\/\\\/www.anovapeneira.gal\\\/?s={search_term_string}\"},\"query-input\":{\"@type\":\"PropertyValueSpecification\",\"valueRequired\":true,\"valueName\":\"search_term_string\"}}],\"inLanguage\":\"gl-ES\"},{\"@type\":\"Organization\",\"@id\":\"https:\\\/\\\/www.anovapeneira.gal\\\/#organization\",\"name\":\"A Nova Peneira\",\"url\":\"https:\\\/\\\/www.anovapeneira.gal\\\/\",\"logo\":{\"@type\":\"ImageObject\",\"inLanguage\":\"gl-ES\",\"@id\":\"https:\\\/\\\/www.anovapeneira.gal\\\/#\\\/schema\\\/logo\\\/image\\\/\",\"url\":\"http:\\\/\\\/www.anovapeneira.gal\\\/wp-content\\\/uploads\\\/2019\\\/06\\\/logo_a_nova_peneira_portal_web.png\",\"contentUrl\":\"http:\\\/\\\/www.anovapeneira.gal\\\/wp-content\\\/uploads\\\/2019\\\/06\\\/logo_a_nova_peneira_portal_web.png\",\"width\":300,\"height\":100,\"caption\":\"A Nova Peneira\"},\"image\":{\"@id\":\"https:\\\/\\\/www.anovapeneira.gal\\\/#\\\/schema\\\/logo\\\/image\\\/\"},\"sameAs\":[\"https:\\\/\\\/www.facebook.com\\\/anovapeneira\",\"https:\\\/\\\/x.com\\\/APeneira\"]},{\"@type\":\"Person\",\"@id\":\"https:\\\/\\\/www.anovapeneira.gal\\\/#\\\/schema\\\/person\\\/b93e3f8932e3f8da96334607eb6ac6aa\",\"name\":\"Redacci\u00f3n A Nova Peneira\",\"image\":{\"@type\":\"ImageObject\",\"inLanguage\":\"gl-ES\",\"@id\":\"https:\\\/\\\/secure.gravatar.com\\\/avatar\\\/c052a2551a06e23fac63626232eaa90abd78dbcf1700fc46a2b2c89fd27b735f?s=96&d=mm&r=g\",\"url\":\"https:\\\/\\\/secure.gravatar.com\\\/avatar\\\/c052a2551a06e23fac63626232eaa90abd78dbcf1700fc46a2b2c89fd27b735f?s=96&d=mm&r=g\",\"contentUrl\":\"https:\\\/\\\/secure.gravatar.com\\\/avatar\\\/c052a2551a06e23fac63626232eaa90abd78dbcf1700fc46a2b2c89fd27b735f?s=96&d=mm&r=g\",\"caption\":\"Redacci\u00f3n A Nova Peneira\"},\"sameAs\":[\"http:\\\/\\\/www.anovapeneira.gal\\\/\"],\"url\":\"https:\\\/\\\/www.anovapeneira.gal\\\/index.php\\\/author\\\/redactor\\\/\"}]}<\/script>\n<!-- \/ Yoast SEO plugin. -->","yoast_head_json":{"title":"Unha de cada tres persoas en idade de traballar est\u00e1 no paro ou at\u00f3pase afectada por un ERTE en Galiza -","robots":{"index":"index","follow":"follow","max-snippet":"max-snippet:-1","max-image-preview":"max-image-preview:large","max-video-preview":"max-video-preview:-1"},"canonical":"https:\/\/www.anovapeneira.gal\/index.php\/2020\/05\/08\/unha-de-cada-tres-persoas-en-idade-de-traballar-esta-no-paro-ou-atopase-afectada-por-un-erte-en-galiza\/","og_locale":"gl_ES","og_type":"article","og_title":"Unha de cada tres persoas en idade de traballar est\u00e1 no paro ou at\u00f3pase afectada por un ERTE en Galiza -","og_description":"A CIG reclama medidas eficaces e urxentes para frear a destruci\u00f3n de emprego e garantir a cobertura social [...]","og_url":"https:\/\/www.anovapeneira.gal\/index.php\/2020\/05\/08\/unha-de-cada-tres-persoas-en-idade-de-traballar-esta-no-paro-ou-atopase-afectada-por-un-erte-en-galiza\/","article_publisher":"https:\/\/www.facebook.com\/anovapeneira","article_published_time":"2020-05-08T10:00:42+00:00","og_image":[{"width":720,"height":473,"url":"https:\/\/www.anovapeneira.gal\/wp-content\/uploads\/2019\/07\/CIG_a_nova_peneira.png","type":"image\/png"}],"author":"Redacci\u00f3n A Nova Peneira","twitter_card":"summary_large_image","twitter_creator":"@APeneira","twitter_site":"@APeneira","twitter_misc":{"Escrito por":"Redacci\u00f3n A Nova Peneira","Tempo de lectura":"3 minutos"},"schema":{"@context":"https:\/\/schema.org","@graph":[{"@type":"Article","@id":"https:\/\/www.anovapeneira.gal\/index.php\/2020\/05\/08\/unha-de-cada-tres-persoas-en-idade-de-traballar-esta-no-paro-ou-atopase-afectada-por-un-erte-en-galiza\/#article","isPartOf":{"@id":"https:\/\/www.anovapeneira.gal\/index.php\/2020\/05\/08\/unha-de-cada-tres-persoas-en-idade-de-traballar-esta-no-paro-ou-atopase-afectada-por-un-erte-en-galiza\/"},"author":{"name":"Redacci\u00f3n A Nova Peneira","@id":"https:\/\/www.anovapeneira.gal\/#\/schema\/person\/b93e3f8932e3f8da96334607eb6ac6aa"},"headline":"Unha de cada tres persoas en idade de traballar est\u00e1 no paro ou at\u00f3pase afectada por un ERTE en Galiza","datePublished":"2020-05-08T10:00:42+00:00","mainEntityOfPage":{"@id":"https:\/\/www.anovapeneira.gal\/index.php\/2020\/05\/08\/unha-de-cada-tres-persoas-en-idade-de-traballar-esta-no-paro-ou-atopase-afectada-por-un-erte-en-galiza\/"},"wordCount":586,"commentCount":0,"publisher":{"@id":"https:\/\/www.anovapeneira.gal\/#organization"},"image":{"@id":"https:\/\/www.anovapeneira.gal\/index.php\/2020\/05\/08\/unha-de-cada-tres-persoas-en-idade-de-traballar-esta-no-paro-ou-atopase-afectada-por-un-erte-en-galiza\/#primaryimage"},"thumbnailUrl":"https:\/\/www.anovapeneira.gal\/wp-content\/uploads\/2019\/07\/CIG_a_nova_peneira.png","keywords":["CIG","Traballo"],"articleSection":["Novas"],"inLanguage":"gl-ES","potentialAction":[{"@type":"CommentAction","name":"Comment","target":["https:\/\/www.anovapeneira.gal\/index.php\/2020\/05\/08\/unha-de-cada-tres-persoas-en-idade-de-traballar-esta-no-paro-ou-atopase-afectada-por-un-erte-en-galiza\/#respond"]}]},{"@type":"WebPage","@id":"https:\/\/www.anovapeneira.gal\/index.php\/2020\/05\/08\/unha-de-cada-tres-persoas-en-idade-de-traballar-esta-no-paro-ou-atopase-afectada-por-un-erte-en-galiza\/","url":"https:\/\/www.anovapeneira.gal\/index.php\/2020\/05\/08\/unha-de-cada-tres-persoas-en-idade-de-traballar-esta-no-paro-ou-atopase-afectada-por-un-erte-en-galiza\/","name":"Unha de cada tres persoas en idade de traballar est\u00e1 no paro ou at\u00f3pase afectada por un ERTE en Galiza -","isPartOf":{"@id":"https:\/\/www.anovapeneira.gal\/#website"},"primaryImageOfPage":{"@id":"https:\/\/www.anovapeneira.gal\/index.php\/2020\/05\/08\/unha-de-cada-tres-persoas-en-idade-de-traballar-esta-no-paro-ou-atopase-afectada-por-un-erte-en-galiza\/#primaryimage"},"image":{"@id":"https:\/\/www.anovapeneira.gal\/index.php\/2020\/05\/08\/unha-de-cada-tres-persoas-en-idade-de-traballar-esta-no-paro-ou-atopase-afectada-por-un-erte-en-galiza\/#primaryimage"},"thumbnailUrl":"https:\/\/www.anovapeneira.gal\/wp-content\/uploads\/2019\/07\/CIG_a_nova_peneira.png","datePublished":"2020-05-08T10:00:42+00:00","breadcrumb":{"@id":"https:\/\/www.anovapeneira.gal\/index.php\/2020\/05\/08\/unha-de-cada-tres-persoas-en-idade-de-traballar-esta-no-paro-ou-atopase-afectada-por-un-erte-en-galiza\/#breadcrumb"},"inLanguage":"gl-ES","potentialAction":[{"@type":"ReadAction","target":["https:\/\/www.anovapeneira.gal\/index.php\/2020\/05\/08\/unha-de-cada-tres-persoas-en-idade-de-traballar-esta-no-paro-ou-atopase-afectada-por-un-erte-en-galiza\/"]}]},{"@type":"ImageObject","inLanguage":"gl-ES","@id":"https:\/\/www.anovapeneira.gal\/index.php\/2020\/05\/08\/unha-de-cada-tres-persoas-en-idade-de-traballar-esta-no-paro-ou-atopase-afectada-por-un-erte-en-galiza\/#primaryimage","url":"https:\/\/www.anovapeneira.gal\/wp-content\/uploads\/2019\/07\/CIG_a_nova_peneira.png","contentUrl":"https:\/\/www.anovapeneira.gal\/wp-content\/uploads\/2019\/07\/CIG_a_nova_peneira.png","width":720,"height":473,"caption":"Confederaci\u00f3n Intersindical Galega A Nova Peneira"},{"@type":"BreadcrumbList","@id":"https:\/\/www.anovapeneira.gal\/index.php\/2020\/05\/08\/unha-de-cada-tres-persoas-en-idade-de-traballar-esta-no-paro-ou-atopase-afectada-por-un-erte-en-galiza\/#breadcrumb","itemListElement":[{"@type":"ListItem","position":1,"name":"Portada","item":"https:\/\/www.anovapeneira.gal\/"},{"@type":"ListItem","position":2,"name":"Unha de cada tres persoas en idade de traballar est\u00e1 no paro ou at\u00f3pase afectada por un ERTE en Galiza"}]},{"@type":"WebSite","@id":"https:\/\/www.anovapeneira.gal\/#website","url":"https:\/\/www.anovapeneira.gal\/","name":"","description":"Xornal galego de informaci\u00f3n xeral Publicaci\u00f3n mensual de novas de Galicia e en especial dos Concellos da sur da provincia de Pontevedra.","publisher":{"@id":"https:\/\/www.anovapeneira.gal\/#organization"},"potentialAction":[{"@type":"SearchAction","target":{"@type":"EntryPoint","urlTemplate":"https:\/\/www.anovapeneira.gal\/?s={search_term_string}"},"query-input":{"@type":"PropertyValueSpecification","valueRequired":true,"valueName":"search_term_string"}}],"inLanguage":"gl-ES"},{"@type":"Organization","@id":"https:\/\/www.anovapeneira.gal\/#organization","name":"A Nova Peneira","url":"https:\/\/www.anovapeneira.gal\/","logo":{"@type":"ImageObject","inLanguage":"gl-ES","@id":"https:\/\/www.anovapeneira.gal\/#\/schema\/logo\/image\/","url":"http:\/\/www.anovapeneira.gal\/wp-content\/uploads\/2019\/06\/logo_a_nova_peneira_portal_web.png","contentUrl":"http:\/\/www.anovapeneira.gal\/wp-content\/uploads\/2019\/06\/logo_a_nova_peneira_portal_web.png","width":300,"height":100,"caption":"A Nova Peneira"},"image":{"@id":"https:\/\/www.anovapeneira.gal\/#\/schema\/logo\/image\/"},"sameAs":["https:\/\/www.facebook.com\/anovapeneira","https:\/\/x.com\/APeneira"]},{"@type":"Person","@id":"https:\/\/www.anovapeneira.gal\/#\/schema\/person\/b93e3f8932e3f8da96334607eb6ac6aa","name":"Redacci\u00f3n A Nova Peneira","image":{"@type":"ImageObject","inLanguage":"gl-ES","@id":"https:\/\/secure.gravatar.com\/avatar\/c052a2551a06e23fac63626232eaa90abd78dbcf1700fc46a2b2c89fd27b735f?s=96&d=mm&r=g","url":"https:\/\/secure.gravatar.com\/avatar\/c052a2551a06e23fac63626232eaa90abd78dbcf1700fc46a2b2c89fd27b735f?s=96&d=mm&r=g","contentUrl":"https:\/\/secure.gravatar.com\/avatar\/c052a2551a06e23fac63626232eaa90abd78dbcf1700fc46a2b2c89fd27b735f?s=96&d=mm&r=g","caption":"Redacci\u00f3n A Nova Peneira"},"sameAs":["http:\/\/www.anovapeneira.gal\/"],"url":"https:\/\/www.anovapeneira.gal\/index.php\/author\/redactor\/"}]}},"jetpack_featured_media_url":"https:\/\/www.anovapeneira.gal\/wp-content\/uploads\/2019\/07\/CIG_a_nova_peneira.png","_links":{"self":[{"href":"https:\/\/www.anovapeneira.gal\/index.php\/wp-json\/wp\/v2\/posts\/3076","targetHints":{"allow":["GET"]}}],"collection":[{"href":"https:\/\/www.anovapeneira.gal\/index.php\/wp-json\/wp\/v2\/posts"}],"about":[{"href":"https:\/\/www.anovapeneira.gal\/index.php\/wp-json\/wp\/v2\/types\/post"}],"author":[{"embeddable":true,"href":"https:\/\/www.anovapeneira.gal\/index.php\/wp-json\/wp\/v2\/users\/3"}],"replies":[{"embeddable":true,"href":"https:\/\/www.anovapeneira.gal\/index.php\/wp-json\/wp\/v2\/comments?post=3076"}],"version-history":[{"count":1,"href":"https:\/\/www.anovapeneira.gal\/index.php\/wp-json\/wp\/v2\/posts\/3076\/revisions"}],"predecessor-version":[{"id":3077,"href":"https:\/\/www.anovapeneira.gal\/index.php\/wp-json\/wp\/v2\/posts\/3076\/revisions\/3077"}],"wp:featuredmedia":[{"embeddable":true,"href":"https:\/\/www.anovapeneira.gal\/index.php\/wp-json\/wp\/v2\/media\/632"}],"wp:attachment":[{"href":"https:\/\/www.anovapeneira.gal\/index.php\/wp-json\/wp\/v2\/media?parent=3076"}],"wp:term":[{"taxonomy":"category","embeddable":true,"href":"https:\/\/www.anovapeneira.gal\/index.php\/wp-json\/wp\/v2\/categories?post=3076"},{"taxonomy":"post_tag","embeddable":true,"href":"https:\/\/www.anovapeneira.gal\/index.php\/wp-json\/wp\/v2\/tags?post=3076"}],"curies":[{"name":"wp","href":"https:\/\/api.w.org\/{rel}","templated":true}]}}