{"id":3078,"date":"2020-05-11T10:00:38","date_gmt":"2020-05-11T08:00:38","guid":{"rendered":"http:\/\/www.anovapeneira.gal\/?p=3078"},"modified":"2020-05-11T08:49:17","modified_gmt":"2020-05-11T06:49:17","slug":"gustavo-barcia-voceiro-do-bng-de-mos","status":"publish","type":"post","link":"https:\/\/www.anovapeneira.gal\/index.php\/2020\/05\/11\/gustavo-barcia-voceiro-do-bng-de-mos\/","title":{"rendered":"Gustavo Barcia voceiro do BNG de Mos"},"content":{"rendered":"\n<pre class=\"wp-block-verse\"><strong>Tino Lago<\/strong><\/pre>\n\n\n\n<h2 class=\"wp-block-heading\"><strong>Gustavo \u00e9 o voceiro do Bloque no concello de Mos. A NOVA PENEIRA conversou con el para que nos dea a co\u00f1ecer a s\u00faa visi\u00f3n do estado das cousas na s\u00faa localidade. E, malia que \u00e1s veces parece que non existe outra realidade c\u00e1 pandemia v\u00edrica, Mos ten graves problemas a maiores, derivados da nefasta xesti\u00f3n dun goberno municipal nefasto ,que non se poden agochar debaixo das fotos buscadas a priori, dunha alcaldesa populista, facendo populismo nas portas da veci\u00f1anza. Vela\u00ed vai o que deu de si a nosa conversa<\/strong><\/h2>\n\n\n\n<p>\u201c<strong>A ALCALDESA DE MOS UTILIZA A CRISE SANITARIA PARA APAGAR A DEMOCRACIA\u201d<\/strong><\/p>\n\n\n\n<p><strong>Que tal Gustavo, como levas o \u201carresto domiciliario\u201d?<\/strong><\/p>\n\n\n\n<blockquote class=\"wp-block-quote is-layout-flow wp-block-quote-is-layout-flow\"><p>Ha ha ha, pois relativamente ben, porque o negocio da mi\u00f1a familia est\u00e1 catalogado como esencial, polo tanto puiden seguir traballando, e porque eu vivo nunha casa, xa que logo pod\u00eda estirar as pernas pola finca.<\/p><\/blockquote>\n\n\n\n<p><strong>E cal \u00e9 a t\u00faa impresi\u00f3n en relaci\u00f3n ao grado de civismo da sociedade mosense?<\/strong><\/p>\n\n\n\n<blockquote class=\"wp-block-quote is-layout-flow wp-block-quote-is-layout-flow\"><p>O que eu puiden percibir \u00e9 que o nivel de civismo das veci\u00f1as e veci\u00f1os de Mos est\u00e1 a ser sobresa\u00ednte. A mi\u00f1a impresi\u00f3n persoal \u00e9 que cumpr\u00edan, na s\u00faa inmensa maior\u00eda as instruci\u00f3ns das autoridades sanitarias. De feito se algu\u00e9n non se comportou co civismo debido foi apropia alcaldesa.<\/p><\/blockquote>\n\n\n\n<p><strong>Expl\u00edcanos iso?<\/strong><\/p>\n\n\n\n<blockquote class=\"wp-block-quote is-layout-flow wp-block-quote-is-layout-flow\"><p>Ref\u00edrome ao audio de whats app gravado pola alcaldesa no que acusaba \u00e1 alcaldesa de Porri\u00f1o de impedir \u00e1 veci\u00f1anza de Mos ir mercar a O Porri\u00f1o. Que Irresponsabilidade pola s\u00faa parte\u00a1\u00a1, que forma de xerar un clima de conflito e tensi\u00f3n, cando o deber de todo cargo p\u00fablico e contribu\u00edr ao acougo e \u00e1 paz social\u00a1\u00a1.O estado de alarma pon \u00e1s polic\u00edas locais baixo as ordes da autoridade central do estado, e a alcaldesa de Mos, como todo o mundo, sab\u00edao cando emitiu esa mensaxe tan irresponsable.<\/p><\/blockquote>\n\n\n\n<p><strong>Nestes meses, houbo espazo para facer pol\u00edtica f\u00f3ra do coronavirus?<\/strong><\/p>\n\n\n\n<blockquote class=\"wp-block-quote is-layout-flow wp-block-quote-is-layout-flow\"><p>Non, foi practicamente imposible desenvolver actividade pol\u00edtica f\u00f3ra do coronavirus. De feito se botas unha ollada \u00e1 web do Concello, ver\u00e1s que todo est\u00e1 relacionado con ese tema.<\/p><\/blockquote>\n\n\n\n<p><strong>Como valoras a xesti\u00f3n do goberno municipal ao respecto deste asunto?<\/strong><\/p>\n\n\n\n<blockquote class=\"wp-block-quote is-layout-flow wp-block-quote-is-layout-flow\"><p>N\u00f3s consideramos que foi irresponsable e propagand\u00edstica. As\u00ed por exemplo os repartos de alimentos, mascari\u00f1as ou mesmo de computadores semellaban m\u00e1is reportaxes fotogr\u00e1ficas publicitarias que unha acci\u00f3n que respondese a un sincero interese en axudar \u00e1s persoas. E hai que dicir que os protocolos de seguridade como a distancia m\u00ednima entre persoas o uso de luvas ou mascari\u00f1as en moitas ocasi\u00f3ns brillaban pola s\u00faa ausencia.<\/p><\/blockquote>\n\n\n\n<p><strong>Non entendo a que te refires co das reportaxes?<\/strong><\/p>\n\n\n\n<blockquote class=\"wp-block-quote is-layout-flow wp-block-quote-is-layout-flow\"><p>Ref\u00edrome a que a web do Concello, converteuse nun instrumento de uso partidista do PP de Mos en xeral, e da alcaldesa en particular. A min o que me parece censurable \u00e9 que fosen os propios concelleiros porta por porta repartindo o material. Eles non te\u00f1en formaci\u00f3n para facer esa funci\u00f3n, para iso est\u00e1n os servizos de emerxencia. Actuaron de maneira irresponsable, pois nin est\u00e1n formados para facelo, nin, en ocasi\u00f3ns cumpriron os protocolos de seguridade. Puxeron en risco a sa\u00fade da veci\u00f1anza, e por que?, para que?:para facerse a foto. Ese modus operandi \u00e9 inmoral, indecente, e ao BNG nunca o van atopar nese cami\u00f1o.<\/p><\/blockquote>\n\n\n\n<p><strong>Estes dous meses tivestes os dous plenos ordinarios correspondentes?<\/strong><\/p>\n\n\n\n<blockquote class=\"wp-block-quote is-layout-flow wp-block-quote-is-layout-flow\"><p>Non, s\u00f3 tivemos o de abril, e de maneira telem\u00e1tica.<\/p><\/blockquote>\n\n\n\n<p><strong>E Como valoras ese pleno telem\u00e1tico ?<\/strong><\/p>\n\n\n\n<blockquote class=\"wp-block-quote is-layout-flow wp-block-quote-is-layout-flow\"><p>S\u00f3 ti\u00f1a un punto na orde do d\u00eda, que era o coronavirus. Practicamente foi un mon\u00f3logo da alcaldesa. \u00c9 certo que nos deixo intervir aos voceiros, pero case foi un mon\u00f3logo dela.<\/p><\/blockquote>\n\n\n\n<p><strong>Por que motivo non asististes \u00e1s d\u00faas concentraci\u00f3ns exteriores de voceiros municipais , unha no concello e outra no pazo que supostamente ti\u00f1an a intenci\u00f3n de homenaxear \u00e1s traballadoras do SAF, unha, e \u00e1s persoas falecidas a causa da enfermidade a outra?<\/strong><\/p>\n\n\n\n<blockquote class=\"wp-block-quote is-layout-flow wp-block-quote-is-layout-flow\"><p>Porque n\u00f3s por ser cargos p\u00fablicos non temos porque ter privilexios diferentes ao resto da sociedade. E se toda a veci\u00f1anza ten a obriga de respectar de maneira c\u00edvica as normas de illamento social, que ditaron as autoridades sanitarias, n\u00f3s debemos facelo tam\u00e9n. Que sentido ten, que as persoas homenaxeadas non poidan estar presentes, ref\u00edrome \u00e1s traballadoras do SAF, e estea a alcaldesa e os voceiros municipais aplaudindo a quen non est\u00e1 presente?. \u00c9 realmente absurdo, e a \u00fanica interpretaci\u00f3n posible \u00e9 que o realmente se persiga sexa a foto, a propaganda e a publicidade.<\/p><\/blockquote>\n\n\n\n<blockquote class=\"wp-block-quote is-layout-flow wp-block-quote-is-layout-flow\"><p>Perm\u00edteme por favor recorrer \u00e1 filosof\u00eda e citar a Kant, que explicaba moito mellor ca min este tipo de cousas:\u201d A moralidade dun acto, non depende do contido do acto, sen\u00f3n da vontade de quen o executa\u201d .E a moralidade de facer unha homenaxe a quen non pode estar presente para recibila, no BNG non a vemos por ningunha parte. Os grupos da oposici\u00f3n que asistiron a modo de comparsas , ter\u00e1n, se queren claro, que explicar os seus motivos.<\/p><\/blockquote>\n\n\n\n<p><strong>Esta crise espantosa \u00e1s veces pode servir para agochar outras realidades que tam\u00e9n son transcendentes, por exemplo , como vai o tema do proxecto do Celta ao xu\u00edzo do BNG?<\/strong><\/p>\n\n\n\n<blockquote class=\"wp-block-quote is-layout-flow wp-block-quote-is-layout-flow\"><p>Si, estou de acordo, \u00e1s veces esta crise parece que tam\u00e9n ten efectos nocivos para a convivencia democr\u00e1tica, e ben, tam\u00e9n axuda a retratar o verdadeiro talante de alg\u00fans e algunhas. F\u00edxate ;de todos os escritos que met\u00edn no concello, s\u00f3 me contestou a tres, e esencialmente as s\u00faas respostas foron recriminaci\u00f3ns \u00e1 mi\u00f1a persoa. \u00c9 dicir, a alcaldesa utiliza a pandemia v\u00edrica para apagar a democracia.<\/p><\/blockquote>\n\n\n\n<blockquote class=\"wp-block-quote is-layout-flow wp-block-quote-is-layout-flow\"><p>E no que se refire ao tema do celta, o informe negativo da confederaci\u00f3n Hidrogr\u00e1fica leva no concello desde hai m\u00e1is un mes. N\u00f3s soubemos da s\u00faa chegada d\u00faas semanas despois de telo recibido.<\/p><\/blockquote>\n\n\n\n<p><strong>Como \u00e9 ese informe?<\/strong><\/p>\n\n\n\n<blockquote class=\"wp-block-quote is-layout-flow wp-block-quote-is-layout-flow\"><p>\u00c9 contrario ao proxecto, e cuns argumentos demoledores que en boa medida dan a raz\u00f3n ao informe que previamente fixeran as tra\u00eddas de augas.<\/p><\/blockquote>\n\n\n\n<p><strong>Finalmente a denuncia contra unha serie de veci\u00f1os a ra\u00edz daquel acto no multiusos das Pozas, curiosamente moitos deles con implicaci\u00f3n co\u00f1ecida contra a construci\u00f3n dun centro comercial en Tameiga, quedou en nada?<\/strong><\/p>\n\n\n\n<blockquote class=\"wp-block-quote is-layout-flow wp-block-quote-is-layout-flow\"><p>Si, fixeron unha especie de demanda colectiva contra practicamente todos os que te\u00f1en unha posici\u00f3n p\u00fablica contraria ao centro comercial acus\u00e1ndoos dunha serie de barbaridades alucinantes. Afortunadamente a xustiza puxo a quen denunciou no seu sitio, e desestimou a denuncia.<\/p><\/blockquote>\n\n\n\n<p><strong>Como valoras a situaci\u00f3n econ\u00f3mica do Concello?<\/strong><\/p>\n\n\n\n<blockquote class=\"wp-block-quote is-layout-flow wp-block-quote-is-layout-flow\"><p>Levamos dous anos consecutivos co remanente negativo de tesourer\u00eda. Nos dous primeiros meses deste ano aprobamos un reco\u00f1ecemento extraordinario de cr\u00e9dito para pagar facturas de anos anteriores en m\u00e1is dun mill\u00f3n e medio de \u20ac.<\/p><\/blockquote>\n\n\n\n<p><strong>Aprobou a maior\u00eda absoluta do PP, supo\u00f1o?<\/strong><\/p>\n\n\n\n<blockquote class=\"wp-block-quote is-layout-flow wp-block-quote-is-layout-flow\"><p>Si claro, n\u00f3s abstiv\u00e9monos por responsabilidade porque entendemos que os pequenos provedores deben de cobrar, pero a xesti\u00f3n e nefasta. Por exemplo na festa da Rosa 2.018 dun orzamento de 15.000\u20ac, acab\u00e1ronse gastando 40.000\u20ac.En moitas ocasi\u00f3ns os gastos innecesarios dupl\u00edcanse e ata tripl\u00edcanse. Outro exemplo; por que ten que pagar o Concello un autob\u00fas do LAR que foi \u00e1 inauguraci\u00f3n da primeira pedra do Celta?, Outro caso m\u00e1is de despilfarro, a rotonda SOMOS MOS en Sangui\u00f1eda, semella que queremos parecernos a Abel Caballero, pero claro aqu\u00ed non podemos por mill\u00f3ns de luces&#8230;<\/p><\/blockquote>\n\n\n\n<p><strong>Rematamos Gustavo, como vai a sa\u00fade interna do BNG de Mos?<\/strong><\/p>\n\n\n\n<blockquote class=\"wp-block-quote is-layout-flow wp-block-quote-is-layout-flow\"><p>Eu creo que \u00e9 un reflexo da sa\u00fade global do Bloque; moi boa. A xente percibe que somos unha organizaci\u00f3n seria, honesta e coherente. Estamos moi fortes, e algo que me ilusiona substancialmente \u00e9 que mozos e mozas de Mos estanse achegando continuamente ao BNG.<\/p><\/blockquote>\n","protected":false},"excerpt":{"rendered":"<div class=\"mh-excerpt\"><p>A NOVA PENEIRA conversou con el para que nos dea a co\u00f1ecer a s\u00faa visi\u00f3n do estado das cousas na s\u00faa localidade <a class=\"mh-excerpt-more\" href=\"https:\/\/www.anovapeneira.gal\/index.php\/2020\/05\/11\/gustavo-barcia-voceiro-do-bng-de-mos\/\" title=\"Gustavo Barcia voceiro do BNG de Mos\">[&#8230;]<\/a><\/p>\n<\/div>","protected":false},"author":2,"featured_media":3079,"comment_status":"open","ping_status":"open","sticky":false,"template":"","format":"standard","meta":{"_exactmetrics_skip_tracking":false,"_exactmetrics_sitenote_active":false,"_exactmetrics_sitenote_note":"","_exactmetrics_sitenote_category":0,"footnotes":""},"categories":[23],"tags":[10,218,221,12],"class_list":{"0":"post-3078","1":"post","2":"type-post","3":"status-publish","4":"format-standard","5":"has-post-thumbnail","7":"category-a-lourina","8":"tag-bng","9":"tag-concello-de-mos","10":"tag-gustavo-barcia","11":"tag-politica"},"yoast_head":"<!-- This site is optimized with the Yoast SEO plugin v27.4 - https:\/\/yoast.com\/product\/yoast-seo-wordpress\/ -->\n<title>Gustavo Barcia voceiro do BNG de Mos -<\/title>\n<meta name=\"robots\" content=\"index, follow, max-snippet:-1, max-image-preview:large, max-video-preview:-1\" \/>\n<link rel=\"canonical\" href=\"https:\/\/www.anovapeneira.gal\/index.php\/2020\/05\/11\/gustavo-barcia-voceiro-do-bng-de-mos\/\" \/>\n<meta property=\"og:locale\" content=\"gl_ES\" \/>\n<meta property=\"og:type\" content=\"article\" \/>\n<meta property=\"og:title\" content=\"Gustavo Barcia voceiro do BNG de Mos -\" \/>\n<meta property=\"og:description\" content=\"A NOVA PENEIRA conversou con el para que nos dea a co\u00f1ecer a s\u00faa visi\u00f3n do estado das cousas na s\u00faa localidade [...]\" \/>\n<meta property=\"og:url\" content=\"https:\/\/www.anovapeneira.gal\/index.php\/2020\/05\/11\/gustavo-barcia-voceiro-do-bng-de-mos\/\" \/>\n<meta property=\"article:publisher\" content=\"https:\/\/www.facebook.com\/anovapeneira\" \/>\n<meta property=\"article:published_time\" content=\"2020-05-11T08:00:38+00:00\" \/>\n<meta property=\"og:image\" content=\"https:\/\/www.anovapeneira.gal\/wp-content\/uploads\/2020\/05\/gustavo_bng_mos_a_nova_peneira.jpg\" \/>\n\t<meta property=\"og:image:width\" content=\"720\" \/>\n\t<meta property=\"og:image:height\" content=\"432\" \/>\n\t<meta property=\"og:image:type\" content=\"image\/jpeg\" \/>\n<meta name=\"author\" content=\"Tino Lago\" \/>\n<meta name=\"twitter:card\" content=\"summary_large_image\" \/>\n<meta name=\"twitter:creator\" content=\"@APeneira\" \/>\n<meta name=\"twitter:site\" content=\"@APeneira\" \/>\n<meta name=\"twitter:label1\" content=\"Escrito por\" \/>\n\t<meta name=\"twitter:data1\" content=\"Tino Lago\" \/>\n\t<meta name=\"twitter:label2\" content=\"Tempo de lectura\" \/>\n\t<meta name=\"twitter:data2\" content=\"7 minutos\" \/>\n<script type=\"application\/ld+json\" class=\"yoast-schema-graph\">{\"@context\":\"https:\\\/\\\/schema.org\",\"@graph\":[{\"@type\":\"Article\",\"@id\":\"https:\\\/\\\/www.anovapeneira.gal\\\/index.php\\\/2020\\\/05\\\/11\\\/gustavo-barcia-voceiro-do-bng-de-mos\\\/#article\",\"isPartOf\":{\"@id\":\"https:\\\/\\\/www.anovapeneira.gal\\\/index.php\\\/2020\\\/05\\\/11\\\/gustavo-barcia-voceiro-do-bng-de-mos\\\/\"},\"author\":{\"name\":\"Tino Lago\",\"@id\":\"https:\\\/\\\/www.anovapeneira.gal\\\/#\\\/schema\\\/person\\\/424dfe65e3070fd8a44d22d2c088762a\"},\"headline\":\"Gustavo Barcia voceiro do BNG de Mos\",\"datePublished\":\"2020-05-11T08:00:38+00:00\",\"mainEntityOfPage\":{\"@id\":\"https:\\\/\\\/www.anovapeneira.gal\\\/index.php\\\/2020\\\/05\\\/11\\\/gustavo-barcia-voceiro-do-bng-de-mos\\\/\"},\"wordCount\":1350,\"commentCount\":0,\"publisher\":{\"@id\":\"https:\\\/\\\/www.anovapeneira.gal\\\/#organization\"},\"image\":{\"@id\":\"https:\\\/\\\/www.anovapeneira.gal\\\/index.php\\\/2020\\\/05\\\/11\\\/gustavo-barcia-voceiro-do-bng-de-mos\\\/#primaryimage\"},\"thumbnailUrl\":\"https:\\\/\\\/www.anovapeneira.gal\\\/wp-content\\\/uploads\\\/2020\\\/05\\\/gustavo_bng_mos_a_nova_peneira.jpg\",\"keywords\":[\"BNG\",\"Concello de Mos\",\"Gustavo Barcia\",\"Pol\u00edtica\"],\"articleSection\":[\"A Louri\u00f1a\"],\"inLanguage\":\"gl-ES\",\"potentialAction\":[{\"@type\":\"CommentAction\",\"name\":\"Comment\",\"target\":[\"https:\\\/\\\/www.anovapeneira.gal\\\/index.php\\\/2020\\\/05\\\/11\\\/gustavo-barcia-voceiro-do-bng-de-mos\\\/#respond\"]}]},{\"@type\":\"WebPage\",\"@id\":\"https:\\\/\\\/www.anovapeneira.gal\\\/index.php\\\/2020\\\/05\\\/11\\\/gustavo-barcia-voceiro-do-bng-de-mos\\\/\",\"url\":\"https:\\\/\\\/www.anovapeneira.gal\\\/index.php\\\/2020\\\/05\\\/11\\\/gustavo-barcia-voceiro-do-bng-de-mos\\\/\",\"name\":\"Gustavo Barcia voceiro do BNG de Mos -\",\"isPartOf\":{\"@id\":\"https:\\\/\\\/www.anovapeneira.gal\\\/#website\"},\"primaryImageOfPage\":{\"@id\":\"https:\\\/\\\/www.anovapeneira.gal\\\/index.php\\\/2020\\\/05\\\/11\\\/gustavo-barcia-voceiro-do-bng-de-mos\\\/#primaryimage\"},\"image\":{\"@id\":\"https:\\\/\\\/www.anovapeneira.gal\\\/index.php\\\/2020\\\/05\\\/11\\\/gustavo-barcia-voceiro-do-bng-de-mos\\\/#primaryimage\"},\"thumbnailUrl\":\"https:\\\/\\\/www.anovapeneira.gal\\\/wp-content\\\/uploads\\\/2020\\\/05\\\/gustavo_bng_mos_a_nova_peneira.jpg\",\"datePublished\":\"2020-05-11T08:00:38+00:00\",\"breadcrumb\":{\"@id\":\"https:\\\/\\\/www.anovapeneira.gal\\\/index.php\\\/2020\\\/05\\\/11\\\/gustavo-barcia-voceiro-do-bng-de-mos\\\/#breadcrumb\"},\"inLanguage\":\"gl-ES\",\"potentialAction\":[{\"@type\":\"ReadAction\",\"target\":[\"https:\\\/\\\/www.anovapeneira.gal\\\/index.php\\\/2020\\\/05\\\/11\\\/gustavo-barcia-voceiro-do-bng-de-mos\\\/\"]}]},{\"@type\":\"ImageObject\",\"inLanguage\":\"gl-ES\",\"@id\":\"https:\\\/\\\/www.anovapeneira.gal\\\/index.php\\\/2020\\\/05\\\/11\\\/gustavo-barcia-voceiro-do-bng-de-mos\\\/#primaryimage\",\"url\":\"https:\\\/\\\/www.anovapeneira.gal\\\/wp-content\\\/uploads\\\/2020\\\/05\\\/gustavo_bng_mos_a_nova_peneira.jpg\",\"contentUrl\":\"https:\\\/\\\/www.anovapeneira.gal\\\/wp-content\\\/uploads\\\/2020\\\/05\\\/gustavo_bng_mos_a_nova_peneira.jpg\",\"width\":720,\"height\":432,\"caption\":\"Gustavo BNG Mos A Nova Peneira\"},{\"@type\":\"BreadcrumbList\",\"@id\":\"https:\\\/\\\/www.anovapeneira.gal\\\/index.php\\\/2020\\\/05\\\/11\\\/gustavo-barcia-voceiro-do-bng-de-mos\\\/#breadcrumb\",\"itemListElement\":[{\"@type\":\"ListItem\",\"position\":1,\"name\":\"Portada\",\"item\":\"https:\\\/\\\/www.anovapeneira.gal\\\/\"},{\"@type\":\"ListItem\",\"position\":2,\"name\":\"Gustavo Barcia voceiro do BNG de Mos\"}]},{\"@type\":\"WebSite\",\"@id\":\"https:\\\/\\\/www.anovapeneira.gal\\\/#website\",\"url\":\"https:\\\/\\\/www.anovapeneira.gal\\\/\",\"name\":\"\",\"description\":\"Xornal galego de informaci\u00f3n xeral Publicaci\u00f3n mensual de novas de Galicia e en especial dos Concellos da sur da provincia de Pontevedra.\",\"publisher\":{\"@id\":\"https:\\\/\\\/www.anovapeneira.gal\\\/#organization\"},\"potentialAction\":[{\"@type\":\"SearchAction\",\"target\":{\"@type\":\"EntryPoint\",\"urlTemplate\":\"https:\\\/\\\/www.anovapeneira.gal\\\/?s={search_term_string}\"},\"query-input\":{\"@type\":\"PropertyValueSpecification\",\"valueRequired\":true,\"valueName\":\"search_term_string\"}}],\"inLanguage\":\"gl-ES\"},{\"@type\":\"Organization\",\"@id\":\"https:\\\/\\\/www.anovapeneira.gal\\\/#organization\",\"name\":\"A Nova Peneira\",\"url\":\"https:\\\/\\\/www.anovapeneira.gal\\\/\",\"logo\":{\"@type\":\"ImageObject\",\"inLanguage\":\"gl-ES\",\"@id\":\"https:\\\/\\\/www.anovapeneira.gal\\\/#\\\/schema\\\/logo\\\/image\\\/\",\"url\":\"http:\\\/\\\/www.anovapeneira.gal\\\/wp-content\\\/uploads\\\/2019\\\/06\\\/logo_a_nova_peneira_portal_web.png\",\"contentUrl\":\"http:\\\/\\\/www.anovapeneira.gal\\\/wp-content\\\/uploads\\\/2019\\\/06\\\/logo_a_nova_peneira_portal_web.png\",\"width\":300,\"height\":100,\"caption\":\"A Nova Peneira\"},\"image\":{\"@id\":\"https:\\\/\\\/www.anovapeneira.gal\\\/#\\\/schema\\\/logo\\\/image\\\/\"},\"sameAs\":[\"https:\\\/\\\/www.facebook.com\\\/anovapeneira\",\"https:\\\/\\\/x.com\\\/APeneira\"]},{\"@type\":\"Person\",\"@id\":\"https:\\\/\\\/www.anovapeneira.gal\\\/#\\\/schema\\\/person\\\/424dfe65e3070fd8a44d22d2c088762a\",\"name\":\"Tino Lago\",\"image\":{\"@type\":\"ImageObject\",\"inLanguage\":\"gl-ES\",\"@id\":\"https:\\\/\\\/secure.gravatar.com\\\/avatar\\\/b3df6a06e44bab3111583b90f0f33a0379ee5e3d22cbadd232d39f21c30c62be?s=96&d=mm&r=g\",\"url\":\"https:\\\/\\\/secure.gravatar.com\\\/avatar\\\/b3df6a06e44bab3111583b90f0f33a0379ee5e3d22cbadd232d39f21c30c62be?s=96&d=mm&r=g\",\"contentUrl\":\"https:\\\/\\\/secure.gravatar.com\\\/avatar\\\/b3df6a06e44bab3111583b90f0f33a0379ee5e3d22cbadd232d39f21c30c62be?s=96&d=mm&r=g\",\"caption\":\"Tino Lago\"},\"sameAs\":[\"http:\\\/\\\/www.anovapeneira.gal\"],\"url\":\"https:\\\/\\\/www.anovapeneira.gal\\\/index.php\\\/author\\\/director\\\/\"}]}<\/script>\n<!-- \/ Yoast SEO plugin. -->","yoast_head_json":{"title":"Gustavo Barcia voceiro do BNG de Mos -","robots":{"index":"index","follow":"follow","max-snippet":"max-snippet:-1","max-image-preview":"max-image-preview:large","max-video-preview":"max-video-preview:-1"},"canonical":"https:\/\/www.anovapeneira.gal\/index.php\/2020\/05\/11\/gustavo-barcia-voceiro-do-bng-de-mos\/","og_locale":"gl_ES","og_type":"article","og_title":"Gustavo Barcia voceiro do BNG de Mos -","og_description":"A NOVA PENEIRA conversou con el para que nos dea a co\u00f1ecer a s\u00faa visi\u00f3n do estado das cousas na s\u00faa localidade [...]","og_url":"https:\/\/www.anovapeneira.gal\/index.php\/2020\/05\/11\/gustavo-barcia-voceiro-do-bng-de-mos\/","article_publisher":"https:\/\/www.facebook.com\/anovapeneira","article_published_time":"2020-05-11T08:00:38+00:00","og_image":[{"width":720,"height":432,"url":"https:\/\/www.anovapeneira.gal\/wp-content\/uploads\/2020\/05\/gustavo_bng_mos_a_nova_peneira.jpg","type":"image\/jpeg"}],"author":"Tino Lago","twitter_card":"summary_large_image","twitter_creator":"@APeneira","twitter_site":"@APeneira","twitter_misc":{"Escrito por":"Tino Lago","Tempo de lectura":"7 minutos"},"schema":{"@context":"https:\/\/schema.org","@graph":[{"@type":"Article","@id":"https:\/\/www.anovapeneira.gal\/index.php\/2020\/05\/11\/gustavo-barcia-voceiro-do-bng-de-mos\/#article","isPartOf":{"@id":"https:\/\/www.anovapeneira.gal\/index.php\/2020\/05\/11\/gustavo-barcia-voceiro-do-bng-de-mos\/"},"author":{"name":"Tino Lago","@id":"https:\/\/www.anovapeneira.gal\/#\/schema\/person\/424dfe65e3070fd8a44d22d2c088762a"},"headline":"Gustavo Barcia voceiro do BNG de Mos","datePublished":"2020-05-11T08:00:38+00:00","mainEntityOfPage":{"@id":"https:\/\/www.anovapeneira.gal\/index.php\/2020\/05\/11\/gustavo-barcia-voceiro-do-bng-de-mos\/"},"wordCount":1350,"commentCount":0,"publisher":{"@id":"https:\/\/www.anovapeneira.gal\/#organization"},"image":{"@id":"https:\/\/www.anovapeneira.gal\/index.php\/2020\/05\/11\/gustavo-barcia-voceiro-do-bng-de-mos\/#primaryimage"},"thumbnailUrl":"https:\/\/www.anovapeneira.gal\/wp-content\/uploads\/2020\/05\/gustavo_bng_mos_a_nova_peneira.jpg","keywords":["BNG","Concello de Mos","Gustavo Barcia","Pol\u00edtica"],"articleSection":["A Louri\u00f1a"],"inLanguage":"gl-ES","potentialAction":[{"@type":"CommentAction","name":"Comment","target":["https:\/\/www.anovapeneira.gal\/index.php\/2020\/05\/11\/gustavo-barcia-voceiro-do-bng-de-mos\/#respond"]}]},{"@type":"WebPage","@id":"https:\/\/www.anovapeneira.gal\/index.php\/2020\/05\/11\/gustavo-barcia-voceiro-do-bng-de-mos\/","url":"https:\/\/www.anovapeneira.gal\/index.php\/2020\/05\/11\/gustavo-barcia-voceiro-do-bng-de-mos\/","name":"Gustavo Barcia voceiro do BNG de Mos -","isPartOf":{"@id":"https:\/\/www.anovapeneira.gal\/#website"},"primaryImageOfPage":{"@id":"https:\/\/www.anovapeneira.gal\/index.php\/2020\/05\/11\/gustavo-barcia-voceiro-do-bng-de-mos\/#primaryimage"},"image":{"@id":"https:\/\/www.anovapeneira.gal\/index.php\/2020\/05\/11\/gustavo-barcia-voceiro-do-bng-de-mos\/#primaryimage"},"thumbnailUrl":"https:\/\/www.anovapeneira.gal\/wp-content\/uploads\/2020\/05\/gustavo_bng_mos_a_nova_peneira.jpg","datePublished":"2020-05-11T08:00:38+00:00","breadcrumb":{"@id":"https:\/\/www.anovapeneira.gal\/index.php\/2020\/05\/11\/gustavo-barcia-voceiro-do-bng-de-mos\/#breadcrumb"},"inLanguage":"gl-ES","potentialAction":[{"@type":"ReadAction","target":["https:\/\/www.anovapeneira.gal\/index.php\/2020\/05\/11\/gustavo-barcia-voceiro-do-bng-de-mos\/"]}]},{"@type":"ImageObject","inLanguage":"gl-ES","@id":"https:\/\/www.anovapeneira.gal\/index.php\/2020\/05\/11\/gustavo-barcia-voceiro-do-bng-de-mos\/#primaryimage","url":"https:\/\/www.anovapeneira.gal\/wp-content\/uploads\/2020\/05\/gustavo_bng_mos_a_nova_peneira.jpg","contentUrl":"https:\/\/www.anovapeneira.gal\/wp-content\/uploads\/2020\/05\/gustavo_bng_mos_a_nova_peneira.jpg","width":720,"height":432,"caption":"Gustavo BNG Mos A Nova Peneira"},{"@type":"BreadcrumbList","@id":"https:\/\/www.anovapeneira.gal\/index.php\/2020\/05\/11\/gustavo-barcia-voceiro-do-bng-de-mos\/#breadcrumb","itemListElement":[{"@type":"ListItem","position":1,"name":"Portada","item":"https:\/\/www.anovapeneira.gal\/"},{"@type":"ListItem","position":2,"name":"Gustavo Barcia voceiro do BNG de Mos"}]},{"@type":"WebSite","@id":"https:\/\/www.anovapeneira.gal\/#website","url":"https:\/\/www.anovapeneira.gal\/","name":"","description":"Xornal galego de informaci\u00f3n xeral Publicaci\u00f3n mensual de novas de Galicia e en especial dos Concellos da sur da provincia de Pontevedra.","publisher":{"@id":"https:\/\/www.anovapeneira.gal\/#organization"},"potentialAction":[{"@type":"SearchAction","target":{"@type":"EntryPoint","urlTemplate":"https:\/\/www.anovapeneira.gal\/?s={search_term_string}"},"query-input":{"@type":"PropertyValueSpecification","valueRequired":true,"valueName":"search_term_string"}}],"inLanguage":"gl-ES"},{"@type":"Organization","@id":"https:\/\/www.anovapeneira.gal\/#organization","name":"A Nova Peneira","url":"https:\/\/www.anovapeneira.gal\/","logo":{"@type":"ImageObject","inLanguage":"gl-ES","@id":"https:\/\/www.anovapeneira.gal\/#\/schema\/logo\/image\/","url":"http:\/\/www.anovapeneira.gal\/wp-content\/uploads\/2019\/06\/logo_a_nova_peneira_portal_web.png","contentUrl":"http:\/\/www.anovapeneira.gal\/wp-content\/uploads\/2019\/06\/logo_a_nova_peneira_portal_web.png","width":300,"height":100,"caption":"A Nova Peneira"},"image":{"@id":"https:\/\/www.anovapeneira.gal\/#\/schema\/logo\/image\/"},"sameAs":["https:\/\/www.facebook.com\/anovapeneira","https:\/\/x.com\/APeneira"]},{"@type":"Person","@id":"https:\/\/www.anovapeneira.gal\/#\/schema\/person\/424dfe65e3070fd8a44d22d2c088762a","name":"Tino Lago","image":{"@type":"ImageObject","inLanguage":"gl-ES","@id":"https:\/\/secure.gravatar.com\/avatar\/b3df6a06e44bab3111583b90f0f33a0379ee5e3d22cbadd232d39f21c30c62be?s=96&d=mm&r=g","url":"https:\/\/secure.gravatar.com\/avatar\/b3df6a06e44bab3111583b90f0f33a0379ee5e3d22cbadd232d39f21c30c62be?s=96&d=mm&r=g","contentUrl":"https:\/\/secure.gravatar.com\/avatar\/b3df6a06e44bab3111583b90f0f33a0379ee5e3d22cbadd232d39f21c30c62be?s=96&d=mm&r=g","caption":"Tino Lago"},"sameAs":["http:\/\/www.anovapeneira.gal"],"url":"https:\/\/www.anovapeneira.gal\/index.php\/author\/director\/"}]}},"jetpack_featured_media_url":"https:\/\/www.anovapeneira.gal\/wp-content\/uploads\/2020\/05\/gustavo_bng_mos_a_nova_peneira.jpg","_links":{"self":[{"href":"https:\/\/www.anovapeneira.gal\/index.php\/wp-json\/wp\/v2\/posts\/3078","targetHints":{"allow":["GET"]}}],"collection":[{"href":"https:\/\/www.anovapeneira.gal\/index.php\/wp-json\/wp\/v2\/posts"}],"about":[{"href":"https:\/\/www.anovapeneira.gal\/index.php\/wp-json\/wp\/v2\/types\/post"}],"author":[{"embeddable":true,"href":"https:\/\/www.anovapeneira.gal\/index.php\/wp-json\/wp\/v2\/users\/2"}],"replies":[{"embeddable":true,"href":"https:\/\/www.anovapeneira.gal\/index.php\/wp-json\/wp\/v2\/comments?post=3078"}],"version-history":[{"count":1,"href":"https:\/\/www.anovapeneira.gal\/index.php\/wp-json\/wp\/v2\/posts\/3078\/revisions"}],"predecessor-version":[{"id":3080,"href":"https:\/\/www.anovapeneira.gal\/index.php\/wp-json\/wp\/v2\/posts\/3078\/revisions\/3080"}],"wp:featuredmedia":[{"embeddable":true,"href":"https:\/\/www.anovapeneira.gal\/index.php\/wp-json\/wp\/v2\/media\/3079"}],"wp:attachment":[{"href":"https:\/\/www.anovapeneira.gal\/index.php\/wp-json\/wp\/v2\/media?parent=3078"}],"wp:term":[{"taxonomy":"category","embeddable":true,"href":"https:\/\/www.anovapeneira.gal\/index.php\/wp-json\/wp\/v2\/categories?post=3078"},{"taxonomy":"post_tag","embeddable":true,"href":"https:\/\/www.anovapeneira.gal\/index.php\/wp-json\/wp\/v2\/tags?post=3078"}],"curies":[{"name":"wp","href":"https:\/\/api.w.org\/{rel}","templated":true}]}}