{"id":3084,"date":"2020-05-12T10:00:25","date_gmt":"2020-05-12T08:00:25","guid":{"rendered":"http:\/\/www.anovapeneira.gal\/?p=3084"},"modified":"2020-05-12T09:46:37","modified_gmt":"2020-05-12T07:46:37","slug":"decimo-quinto-fragmento-do-diario-de-senlua-arraiana","status":"publish","type":"post","link":"https:\/\/www.anovapeneira.gal\/index.php\/2020\/05\/12\/decimo-quinto-fragmento-do-diario-de-senlua-arraiana\/","title":{"rendered":"D\u00e9cimo quinto fragmento do diario de Senl\u00faa Arraiana:"},"content":{"rendered":"\n<h2 class=\"wp-block-heading\">AREVAL\u00c9FICA<\/h2>\n\n\n\n<figure class=\"wp-block-image size-large is-resized is-style-default\"><img loading=\"lazy\" decoding=\"async\" src=\"http:\/\/www.anovapeneira.gal\/wp-content\/uploads\/2019\/07\/cristobal_a_nova_peneira.jpg\" alt=\"Crist\u00f3bal L\u00f3pez A Nova Peneira\" class=\"wp-image-555\" width=\"95\" height=\"111\"\/><figcaption>Crist\u00f3bal L\u00f3pez Pazo | Comuneiro dos montes de Tameiga, militante de anticapitalistas, ecoloxista en acci\u00f3n e veci\u00f1o constitu\u00ednte da asemblea veci\u00f1al ga\u00f1aM\u00f3s<\/figcaption><\/figure>\n\n\n\n<div class=\"wp-block-columns is-layout-flex wp-container-core-columns-is-layout-9d6595d7 wp-block-columns-is-layout-flex\">\n<div class=\"wp-block-column is-layout-flow wp-block-column-is-layout-flow\" style=\"flex-basis:33.33%\">\n<figure class=\"wp-block-image size-large\"><img loading=\"lazy\" decoding=\"async\" width=\"700\" height=\"816\" src=\"http:\/\/www.anovapeneira.gal\/wp-content\/uploads\/2019\/08\/senlua_arraiana_2135.jpg\" alt=\"\" class=\"wp-image-877\" srcset=\"https:\/\/www.anovapeneira.gal\/wp-content\/uploads\/2019\/08\/senlua_arraiana_2135.jpg 700w, https:\/\/www.anovapeneira.gal\/wp-content\/uploads\/2019\/08\/senlua_arraiana_2135-257x300.jpg 257w\" sizes=\"auto, (max-width: 700px) 100vw, 700px\" \/><figcaption><em><strong>(Este d\u00e9cimo quinto fragmento do diario de Senl\u00faa Arraiana foi recuperado e adiantado ao noso tempo por Noitepedralonga, fiel camarada do av\u00f3 da futura l\u00edder da resistencia arraiana).<\/strong><\/em><\/figcaption><\/figure>\n<\/div>\n\n\n\n<div class=\"wp-block-column is-layout-flow wp-block-column-is-layout-flow\" style=\"flex-basis:66.66%\">\n<p>Ch\u00e1mome Senl\u00faa \u00e9 son punta de lanza da resistencia arraiana. Espertei cedo, apenas raiaba o d\u00eda, erguinme desperezada polo acicate de co\u00f1ecer o xard\u00edn da cidadela. Adentreime nel vagando errante sen deliberada volici\u00f3n e como barrida por unha azarosa brisa rematei no seu epicentro formado por estanque circular coroado por unha fonte. Est\u00e1tica deixei que os meus sentidos me embotaran de sensaci\u00f3ns, a vida exultante que me rodeaba reberveraba dentro de min. Cantas veces imaxinei o antigo mundo verde de vida, cantas veces so\u00f1eime nos montes de Tameiga. Uns montes que nunca co\u00f1ec\u00edn pero que reconstru\u00ed oniricamente grazas aos recordos prestados da mi\u00f1a nai e aos retazos de melancol\u00eda chorados pola mi\u00f1a avoa. Ese mundo desapareceu para sempre pero este pequeno verxel pode ser o xermolo de miriadas de plantas sobre as que dar vida a un novo mundo. Un matraz cheo de resilencia vital contra o xermo planeta herdado.<\/p>\n<\/div>\n<\/div>\n\n\n\n<figure class=\"wp-block-image size-large\"><img loading=\"lazy\" decoding=\"async\" width=\"720\" height=\"432\" src=\"http:\/\/www.anovapeneira.gal\/wp-content\/uploads\/2020\/05\/diario_sen_lua_15_a_nova_peneira.jpg\" alt=\"D\u00e9cimo quinto fragmento do diario de Senl\u00faa Arraiana\" class=\"wp-image-3086\" srcset=\"https:\/\/www.anovapeneira.gal\/wp-content\/uploads\/2020\/05\/diario_sen_lua_15_a_nova_peneira.jpg 720w, https:\/\/www.anovapeneira.gal\/wp-content\/uploads\/2020\/05\/diario_sen_lua_15_a_nova_peneira-300x180.jpg 300w\" sizes=\"auto, (max-width: 720px) 100vw, 720px\" \/><\/figure>\n\n\n\n<p>A fragancia das follas, o tacto da herba h\u00fameda entre os dedos, a crom\u00e1tica vistosidade das flores, e completando a buc\u00f3lica escena o son do borboteo da auga da fonte e &#8230; un zumbido? De onde procede?&nbsp; Un pequeno animal voador? Persegu\u00edn a aquel diminuto paxaro no seu err\u00e1tico voo sen direcci\u00f3n fixa ou quiz\u00e1s zaf\u00e1ndose de min. Levaba uns minutos axexando ao paxari\u00f1o cando atopeime con Prusiana retozando na herba e sorrindo ante Gataparda quen xiraba coma un derviche desbocado facendo gala da s\u00faa condici\u00f3n ximn\u00e1stica. Quedeime tan ah\u00edta coa escena que tiveron que ser elas as que decant\u00e1ndose da mi\u00f1a presenza saudasen primeiro. Ambas as d\u00faas baixar\u00e1n por separado a buscarme e coincidiron no xard\u00edn. Pregunteille que fac\u00edan, ansiosa por integrarme no seu c\u00edrculo de ledicia. &#8211; Escoitamos a herba medrar -, o rubor da vergo\u00f1a arrebolou con tanta forza no meu rostro que por uns incandescentes segundos tem\u00edn pola integridade daquel templo \u00e1 vida. Cando o abafo amainou, deix\u00e1ndome recuperar a fala, suxerinlle a Prusiana a necesidade de protexer o paradiso no que nos atopabamos. Coma sempre a mi\u00f1a dilixente amiga xa dera as ordes pertinentes para a custodia do lugar e acordado co bot\u00e1nico para que continuara xogando a deus coa s\u00faa creaci\u00f3n, sum\u00e1ndolle a encomenda de ir almacenando sementes das distintas especies para irisar de vida a xerma franxa. &#8211; Te\u00f1o algo m\u00e1is que amosaros- Fomos dando un paseo ata o mercado central que se atopaba non moi lonxe da cidadela. A\u00ednda despuntaba o d\u00eda pero o mercado xa ferv\u00eda de actividade. Rodeamos a fachada principal do edificio e no lateral quedamos abraiadas contemplando a obra de enxeneir\u00eda, un patern\u00f3ster de ferro e madeira que acarrexaba funxibles distribu\u00edndoos polos catro andares do mercado. Incluso era utilizado por m\u00e1is de un chamarileiro temerario demasiado preguizoso para acometer as escadas interiores Por suposto, Prusiana xa mandara chamar a art\u00edfice para integrala no seu equipo, pronto os planos desta maquinaria estar\u00edan en Petra. Nin me molestei en verbalizar a suxesti\u00f3n. Despois de de quedarnos un rato &#8220;ojipl\u00e1ticas&#8221; vendo como as rechamantes engranaxes e poleas daban vida ao inquedo elevador achegueime aos tenderetes de froita da entrada principal do mercado para subsistir a disciplina dun frugal almorzo das mi\u00f1as compa\u00f1eiras. No frontispicio da fachada rezaba un aforismo &#8211; &#8220;A mesma humanidade que pondera e esixe entre os vivos a obediencia \u00e1s s\u00faas arbitrarias leis como virtude suprema, acolle no seu eterno pante\u00f3n precisamente a aqueles que se opuxeron a esa esixencia e que prefiren morrer antes que ser infieis \u00e1s s\u00faas propias ideas&#8221; &#8211; que inexplicablemente escapara das garras da censura e o terror da Colmea non fixera mella nel.&nbsp;<\/p>\n\n\n\n<p>As mi\u00f1as divagaci\u00f3ns foron interrompidas por Prusiana met\u00e9ndonos presa para volver \u00e1 cidadela. Reuni\u00f3n ao m\u00e1ximo nivel para avaliar a informaci\u00f3n sonsacada sobre a situaci\u00f3n na capital da Colmea.&nbsp;<\/p>\n\n\n\n<p>Tras o desastre planetario os sobrevivintes anhelaban unha sociedade en paz coa natureza e consigo mesma. Sab\u00edan que a desigualdade imped\u00eda que os individuos portasen esa paz interior tan necesaria para acadar a harmon\u00eda social. Unha lecci\u00f3n aprendida con sangue e fogo. So\u00f1aron d<\/p>\n\n\n\n<p>espertos constru\u00edndo esa tel\u00farica comunidade pero o atavismo cobizoso tornou o sono nun pesadelo arrepiante. Cando a terra se estabilizou o centros de mando asi\u00e1tico da Tripla Alianza perdurou convert\u00e9ndose nunha casta dominante que xustificaba a s\u00faa xerarqu\u00eda polo situaci\u00f3n de excepci\u00f3n. Mantendo o privilexio de xestionar v\u00edveres e armas s\u00f3 era cuesti\u00f3n de tempo que resucitaran os monstruos m\u00e1is escuros do pasado.&nbsp;<\/p>\n\n\n\n<p>A estirpe patricia afianzou o seu poder nunha miasma ideol\u00f3xica na que as concentradicci\u00f3ns se laminaban coa represi\u00f3n. As medidas coercitivas para conter a disidencia se estenderon a toda a poboaci\u00f3n intentando eliminar calquera pensamento cr\u00edtico. A situaci\u00f3n dexenerou rapidamente nun estado de terror xeneralizado do que o \u00faltimo lustro no que se alzou a desp\u00f3tica Areval\u00e9fica \u00e9 o m\u00e1ximo expo\u00f1ente. A tiran\u00eda adentrouse en territorios nunca explorados baixo o mandato&nbsp; desta despiadada ditadora. Afable e sorrinte era a s\u00faa aparencia p\u00fablica pero o seu branco sorriso era a antesala da boca do lobo. O seu coraz\u00f3n de brea latexaba cobiza e ambici\u00f3n que deb\u00eda ser satisfeita sen restrici\u00f3ns \u00e9ticas ou morais. Desde o seu ascenso a decadencia moral foi un tobog\u00e1n sen fin. A capital da Colmea era unha cidade silente ante o p\u00e1nico da poboaci\u00f3n a ser v\u00edtimas da delaci\u00f3n polo aceno m\u00e1is nimio e rematar cos seus restos decorando a praza maior colgando dunha farola. Todas as disputas intestinas polo poder foron soterradas con atroces purgas indiscriminadas. Cando alg\u00fan comandante alcanzaba algo de notoriedade era defenestrado xunto con todos os seus lugartenentes. Ningu\u00e9n sab\u00eda como Areval\u00e9fica empu\u00f1ar\u00e1 o l\u00e1tego aparecendo da nada e ningu\u00e9n sab\u00eda como rematar co seu reinado de terror. Nin siquera se atrev\u00edan a conspirar con si mesmos. A aniquilaci\u00f3n da maior\u00eda dos mandos do seu ex\u00e9rcito mermou a s\u00faa capacidade b\u00e9lica. S\u00f3 era suficiente con derroer a torre de marfil de Areval\u00e9fica para a Colmea se desintegrara e a tirana fora pasto do rancor do seus vasallos.&nbsp;<\/p>\n\n\n\n<p>A\u00ednda agora arrep\u00edame o suceso que nos contaron os xenerais prisioneiros. Despois de cada gran purga Areval\u00e9fica \u00eda de barrio en barrio falando cos veci\u00f1os para convencelos de que a culpa das masacres era do chivo expiatorio de turno. A s\u00faa escolta transportaba un banco onde a punta de baioneta os veci\u00f1os eran sacados das s\u00faas casas e obrigados a sentarse no banco a falar con ela. Un c\u00e1ndido raparigo soltouse da man dos seus av\u00f3s e achegouse atra\u00eddo polo sorriso de Areval\u00e9fica. D\u00edxolle que el tam\u00e9n quer\u00eda un banco coma ese para s\u00faa casa. A s\u00faa inxenuidade foi taxada como descarada insolencia. Ao d\u00eda seguinte a escolta chamou a porta da casa do raparigo, non sen antes deixar no umbral o banco de Areval\u00e9fica adornado coas cabezas dos av\u00f3s.<\/p>\n","protected":false},"excerpt":{"rendered":"<div class=\"mh-excerpt\"><p>Ch\u00e1mome Senl\u00faa \u00e9 son punta de lanza da resistencia arraiana <a class=\"mh-excerpt-more\" href=\"https:\/\/www.anovapeneira.gal\/index.php\/2020\/05\/12\/decimo-quinto-fragmento-do-diario-de-senlua-arraiana\/\" title=\"D\u00e9cimo quinto fragmento do diario de Senl\u00faa Arraiana:\">[&#8230;]<\/a><\/p>\n<\/div>","protected":false},"author":13,"featured_media":3086,"comment_status":"open","ping_status":"open","sticky":false,"template":"","format":"standard","meta":{"_exactmetrics_skip_tracking":false,"_exactmetrics_sitenote_active":false,"_exactmetrics_sitenote_note":"","_exactmetrics_sitenote_category":0,"footnotes":""},"categories":[7],"tags":[218,273],"class_list":{"0":"post-3084","1":"post","2":"type-post","3":"status-publish","4":"format-standard","5":"has-post-thumbnail","7":"category-artigos-de-opinion","8":"tag-concello-de-mos","9":"tag-montes-de-tameiga"},"yoast_head":"<!-- This site is optimized with the Yoast SEO plugin v27.4 - https:\/\/yoast.com\/product\/yoast-seo-wordpress\/ -->\n<title>D\u00e9cimo quinto fragmento do diario de Senl\u00faa Arraiana: -<\/title>\n<meta name=\"robots\" content=\"index, follow, max-snippet:-1, max-image-preview:large, max-video-preview:-1\" \/>\n<link rel=\"canonical\" href=\"https:\/\/www.anovapeneira.gal\/index.php\/2020\/05\/12\/decimo-quinto-fragmento-do-diario-de-senlua-arraiana\/\" \/>\n<meta property=\"og:locale\" content=\"gl_ES\" \/>\n<meta property=\"og:type\" content=\"article\" \/>\n<meta property=\"og:title\" content=\"D\u00e9cimo quinto fragmento do diario de Senl\u00faa Arraiana: -\" \/>\n<meta property=\"og:description\" content=\"Ch\u00e1mome Senl\u00faa \u00e9 son punta de lanza da resistencia arraiana [...]\" \/>\n<meta property=\"og:url\" content=\"https:\/\/www.anovapeneira.gal\/index.php\/2020\/05\/12\/decimo-quinto-fragmento-do-diario-de-senlua-arraiana\/\" \/>\n<meta property=\"article:publisher\" content=\"https:\/\/www.facebook.com\/anovapeneira\" \/>\n<meta property=\"article:published_time\" content=\"2020-05-12T08:00:25+00:00\" \/>\n<meta property=\"og:image\" content=\"https:\/\/www.anovapeneira.gal\/wp-content\/uploads\/2020\/05\/diario_sen_lua_15_a_nova_peneira.jpg\" \/>\n\t<meta property=\"og:image:width\" content=\"720\" \/>\n\t<meta property=\"og:image:height\" content=\"432\" \/>\n\t<meta property=\"og:image:type\" content=\"image\/jpeg\" \/>\n<meta name=\"author\" content=\"Cristobal L\u00f3pez\" \/>\n<meta name=\"twitter:card\" content=\"summary_large_image\" \/>\n<meta name=\"twitter:creator\" content=\"@APeneira\" \/>\n<meta name=\"twitter:site\" content=\"@APeneira\" \/>\n<meta name=\"twitter:label1\" content=\"Escrito por\" \/>\n\t<meta name=\"twitter:data1\" content=\"Cristobal L\u00f3pez\" \/>\n\t<meta name=\"twitter:label2\" content=\"Tempo de lectura\" \/>\n\t<meta name=\"twitter:data2\" content=\"7 minutos\" \/>\n<script type=\"application\/ld+json\" class=\"yoast-schema-graph\">{\"@context\":\"https:\\\/\\\/schema.org\",\"@graph\":[{\"@type\":\"Article\",\"@id\":\"https:\\\/\\\/www.anovapeneira.gal\\\/index.php\\\/2020\\\/05\\\/12\\\/decimo-quinto-fragmento-do-diario-de-senlua-arraiana\\\/#article\",\"isPartOf\":{\"@id\":\"https:\\\/\\\/www.anovapeneira.gal\\\/index.php\\\/2020\\\/05\\\/12\\\/decimo-quinto-fragmento-do-diario-de-senlua-arraiana\\\/\"},\"author\":{\"name\":\"Cristobal L\u00f3pez\",\"@id\":\"https:\\\/\\\/www.anovapeneira.gal\\\/#\\\/schema\\\/person\\\/45b3df2338e4d898b7616809f9c5906c\"},\"headline\":\"D\u00e9cimo quinto fragmento do diario de Senl\u00faa Arraiana:\",\"datePublished\":\"2020-05-12T08:00:25+00:00\",\"mainEntityOfPage\":{\"@id\":\"https:\\\/\\\/www.anovapeneira.gal\\\/index.php\\\/2020\\\/05\\\/12\\\/decimo-quinto-fragmento-do-diario-de-senlua-arraiana\\\/\"},\"wordCount\":1324,\"commentCount\":0,\"publisher\":{\"@id\":\"https:\\\/\\\/www.anovapeneira.gal\\\/#organization\"},\"image\":{\"@id\":\"https:\\\/\\\/www.anovapeneira.gal\\\/index.php\\\/2020\\\/05\\\/12\\\/decimo-quinto-fragmento-do-diario-de-senlua-arraiana\\\/#primaryimage\"},\"thumbnailUrl\":\"https:\\\/\\\/www.anovapeneira.gal\\\/wp-content\\\/uploads\\\/2020\\\/05\\\/diario_sen_lua_15_a_nova_peneira.jpg\",\"keywords\":[\"Concello de Mos\",\"Montes de Tameiga\"],\"articleSection\":[\"Artigos de opini\u00f3n\"],\"inLanguage\":\"gl-ES\",\"potentialAction\":[{\"@type\":\"CommentAction\",\"name\":\"Comment\",\"target\":[\"https:\\\/\\\/www.anovapeneira.gal\\\/index.php\\\/2020\\\/05\\\/12\\\/decimo-quinto-fragmento-do-diario-de-senlua-arraiana\\\/#respond\"]}]},{\"@type\":\"WebPage\",\"@id\":\"https:\\\/\\\/www.anovapeneira.gal\\\/index.php\\\/2020\\\/05\\\/12\\\/decimo-quinto-fragmento-do-diario-de-senlua-arraiana\\\/\",\"url\":\"https:\\\/\\\/www.anovapeneira.gal\\\/index.php\\\/2020\\\/05\\\/12\\\/decimo-quinto-fragmento-do-diario-de-senlua-arraiana\\\/\",\"name\":\"D\u00e9cimo quinto fragmento do diario de Senl\u00faa Arraiana: -\",\"isPartOf\":{\"@id\":\"https:\\\/\\\/www.anovapeneira.gal\\\/#website\"},\"primaryImageOfPage\":{\"@id\":\"https:\\\/\\\/www.anovapeneira.gal\\\/index.php\\\/2020\\\/05\\\/12\\\/decimo-quinto-fragmento-do-diario-de-senlua-arraiana\\\/#primaryimage\"},\"image\":{\"@id\":\"https:\\\/\\\/www.anovapeneira.gal\\\/index.php\\\/2020\\\/05\\\/12\\\/decimo-quinto-fragmento-do-diario-de-senlua-arraiana\\\/#primaryimage\"},\"thumbnailUrl\":\"https:\\\/\\\/www.anovapeneira.gal\\\/wp-content\\\/uploads\\\/2020\\\/05\\\/diario_sen_lua_15_a_nova_peneira.jpg\",\"datePublished\":\"2020-05-12T08:00:25+00:00\",\"breadcrumb\":{\"@id\":\"https:\\\/\\\/www.anovapeneira.gal\\\/index.php\\\/2020\\\/05\\\/12\\\/decimo-quinto-fragmento-do-diario-de-senlua-arraiana\\\/#breadcrumb\"},\"inLanguage\":\"gl-ES\",\"potentialAction\":[{\"@type\":\"ReadAction\",\"target\":[\"https:\\\/\\\/www.anovapeneira.gal\\\/index.php\\\/2020\\\/05\\\/12\\\/decimo-quinto-fragmento-do-diario-de-senlua-arraiana\\\/\"]}]},{\"@type\":\"ImageObject\",\"inLanguage\":\"gl-ES\",\"@id\":\"https:\\\/\\\/www.anovapeneira.gal\\\/index.php\\\/2020\\\/05\\\/12\\\/decimo-quinto-fragmento-do-diario-de-senlua-arraiana\\\/#primaryimage\",\"url\":\"https:\\\/\\\/www.anovapeneira.gal\\\/wp-content\\\/uploads\\\/2020\\\/05\\\/diario_sen_lua_15_a_nova_peneira.jpg\",\"contentUrl\":\"https:\\\/\\\/www.anovapeneira.gal\\\/wp-content\\\/uploads\\\/2020\\\/05\\\/diario_sen_lua_15_a_nova_peneira.jpg\",\"width\":720,\"height\":432,\"caption\":\"D\u00e9cimo quinto fragmento do diario de Senl\u00faa Arraiana\"},{\"@type\":\"BreadcrumbList\",\"@id\":\"https:\\\/\\\/www.anovapeneira.gal\\\/index.php\\\/2020\\\/05\\\/12\\\/decimo-quinto-fragmento-do-diario-de-senlua-arraiana\\\/#breadcrumb\",\"itemListElement\":[{\"@type\":\"ListItem\",\"position\":1,\"name\":\"Portada\",\"item\":\"https:\\\/\\\/www.anovapeneira.gal\\\/\"},{\"@type\":\"ListItem\",\"position\":2,\"name\":\"D\u00e9cimo quinto fragmento do diario de Senl\u00faa Arraiana:\"}]},{\"@type\":\"WebSite\",\"@id\":\"https:\\\/\\\/www.anovapeneira.gal\\\/#website\",\"url\":\"https:\\\/\\\/www.anovapeneira.gal\\\/\",\"name\":\"\",\"description\":\"Xornal galego de informaci\u00f3n xeral Publicaci\u00f3n mensual de novas de Galicia e en especial dos Concellos da sur da provincia de Pontevedra.\",\"publisher\":{\"@id\":\"https:\\\/\\\/www.anovapeneira.gal\\\/#organization\"},\"potentialAction\":[{\"@type\":\"SearchAction\",\"target\":{\"@type\":\"EntryPoint\",\"urlTemplate\":\"https:\\\/\\\/www.anovapeneira.gal\\\/?s={search_term_string}\"},\"query-input\":{\"@type\":\"PropertyValueSpecification\",\"valueRequired\":true,\"valueName\":\"search_term_string\"}}],\"inLanguage\":\"gl-ES\"},{\"@type\":\"Organization\",\"@id\":\"https:\\\/\\\/www.anovapeneira.gal\\\/#organization\",\"name\":\"A Nova Peneira\",\"url\":\"https:\\\/\\\/www.anovapeneira.gal\\\/\",\"logo\":{\"@type\":\"ImageObject\",\"inLanguage\":\"gl-ES\",\"@id\":\"https:\\\/\\\/www.anovapeneira.gal\\\/#\\\/schema\\\/logo\\\/image\\\/\",\"url\":\"http:\\\/\\\/www.anovapeneira.gal\\\/wp-content\\\/uploads\\\/2019\\\/06\\\/logo_a_nova_peneira_portal_web.png\",\"contentUrl\":\"http:\\\/\\\/www.anovapeneira.gal\\\/wp-content\\\/uploads\\\/2019\\\/06\\\/logo_a_nova_peneira_portal_web.png\",\"width\":300,\"height\":100,\"caption\":\"A Nova Peneira\"},\"image\":{\"@id\":\"https:\\\/\\\/www.anovapeneira.gal\\\/#\\\/schema\\\/logo\\\/image\\\/\"},\"sameAs\":[\"https:\\\/\\\/www.facebook.com\\\/anovapeneira\",\"https:\\\/\\\/x.com\\\/APeneira\"]},{\"@type\":\"Person\",\"@id\":\"https:\\\/\\\/www.anovapeneira.gal\\\/#\\\/schema\\\/person\\\/45b3df2338e4d898b7616809f9c5906c\",\"name\":\"Cristobal L\u00f3pez\",\"image\":{\"@type\":\"ImageObject\",\"inLanguage\":\"gl-ES\",\"@id\":\"https:\\\/\\\/secure.gravatar.com\\\/avatar\\\/b537cf06ef8166c9ef72b09f4d5f6446b1e22ea99505d94e40b8685710482f79?s=96&d=mm&r=g\",\"url\":\"https:\\\/\\\/secure.gravatar.com\\\/avatar\\\/b537cf06ef8166c9ef72b09f4d5f6446b1e22ea99505d94e40b8685710482f79?s=96&d=mm&r=g\",\"contentUrl\":\"https:\\\/\\\/secure.gravatar.com\\\/avatar\\\/b537cf06ef8166c9ef72b09f4d5f6446b1e22ea99505d94e40b8685710482f79?s=96&d=mm&r=g\",\"caption\":\"Cristobal L\u00f3pez\"},\"sameAs\":[\"http:\\\/\\\/anovapeneira.gal\"],\"url\":\"https:\\\/\\\/www.anovapeneira.gal\\\/index.php\\\/author\\\/opinioncristoballopez\\\/\"}]}<\/script>\n<!-- \/ Yoast SEO plugin. -->","yoast_head_json":{"title":"D\u00e9cimo quinto fragmento do diario de Senl\u00faa Arraiana: -","robots":{"index":"index","follow":"follow","max-snippet":"max-snippet:-1","max-image-preview":"max-image-preview:large","max-video-preview":"max-video-preview:-1"},"canonical":"https:\/\/www.anovapeneira.gal\/index.php\/2020\/05\/12\/decimo-quinto-fragmento-do-diario-de-senlua-arraiana\/","og_locale":"gl_ES","og_type":"article","og_title":"D\u00e9cimo quinto fragmento do diario de Senl\u00faa Arraiana: -","og_description":"Ch\u00e1mome Senl\u00faa \u00e9 son punta de lanza da resistencia arraiana [...]","og_url":"https:\/\/www.anovapeneira.gal\/index.php\/2020\/05\/12\/decimo-quinto-fragmento-do-diario-de-senlua-arraiana\/","article_publisher":"https:\/\/www.facebook.com\/anovapeneira","article_published_time":"2020-05-12T08:00:25+00:00","og_image":[{"width":720,"height":432,"url":"https:\/\/www.anovapeneira.gal\/wp-content\/uploads\/2020\/05\/diario_sen_lua_15_a_nova_peneira.jpg","type":"image\/jpeg"}],"author":"Cristobal L\u00f3pez","twitter_card":"summary_large_image","twitter_creator":"@APeneira","twitter_site":"@APeneira","twitter_misc":{"Escrito por":"Cristobal L\u00f3pez","Tempo de lectura":"7 minutos"},"schema":{"@context":"https:\/\/schema.org","@graph":[{"@type":"Article","@id":"https:\/\/www.anovapeneira.gal\/index.php\/2020\/05\/12\/decimo-quinto-fragmento-do-diario-de-senlua-arraiana\/#article","isPartOf":{"@id":"https:\/\/www.anovapeneira.gal\/index.php\/2020\/05\/12\/decimo-quinto-fragmento-do-diario-de-senlua-arraiana\/"},"author":{"name":"Cristobal L\u00f3pez","@id":"https:\/\/www.anovapeneira.gal\/#\/schema\/person\/45b3df2338e4d898b7616809f9c5906c"},"headline":"D\u00e9cimo quinto fragmento do diario de Senl\u00faa Arraiana:","datePublished":"2020-05-12T08:00:25+00:00","mainEntityOfPage":{"@id":"https:\/\/www.anovapeneira.gal\/index.php\/2020\/05\/12\/decimo-quinto-fragmento-do-diario-de-senlua-arraiana\/"},"wordCount":1324,"commentCount":0,"publisher":{"@id":"https:\/\/www.anovapeneira.gal\/#organization"},"image":{"@id":"https:\/\/www.anovapeneira.gal\/index.php\/2020\/05\/12\/decimo-quinto-fragmento-do-diario-de-senlua-arraiana\/#primaryimage"},"thumbnailUrl":"https:\/\/www.anovapeneira.gal\/wp-content\/uploads\/2020\/05\/diario_sen_lua_15_a_nova_peneira.jpg","keywords":["Concello de Mos","Montes de Tameiga"],"articleSection":["Artigos de opini\u00f3n"],"inLanguage":"gl-ES","potentialAction":[{"@type":"CommentAction","name":"Comment","target":["https:\/\/www.anovapeneira.gal\/index.php\/2020\/05\/12\/decimo-quinto-fragmento-do-diario-de-senlua-arraiana\/#respond"]}]},{"@type":"WebPage","@id":"https:\/\/www.anovapeneira.gal\/index.php\/2020\/05\/12\/decimo-quinto-fragmento-do-diario-de-senlua-arraiana\/","url":"https:\/\/www.anovapeneira.gal\/index.php\/2020\/05\/12\/decimo-quinto-fragmento-do-diario-de-senlua-arraiana\/","name":"D\u00e9cimo quinto fragmento do diario de Senl\u00faa Arraiana: -","isPartOf":{"@id":"https:\/\/www.anovapeneira.gal\/#website"},"primaryImageOfPage":{"@id":"https:\/\/www.anovapeneira.gal\/index.php\/2020\/05\/12\/decimo-quinto-fragmento-do-diario-de-senlua-arraiana\/#primaryimage"},"image":{"@id":"https:\/\/www.anovapeneira.gal\/index.php\/2020\/05\/12\/decimo-quinto-fragmento-do-diario-de-senlua-arraiana\/#primaryimage"},"thumbnailUrl":"https:\/\/www.anovapeneira.gal\/wp-content\/uploads\/2020\/05\/diario_sen_lua_15_a_nova_peneira.jpg","datePublished":"2020-05-12T08:00:25+00:00","breadcrumb":{"@id":"https:\/\/www.anovapeneira.gal\/index.php\/2020\/05\/12\/decimo-quinto-fragmento-do-diario-de-senlua-arraiana\/#breadcrumb"},"inLanguage":"gl-ES","potentialAction":[{"@type":"ReadAction","target":["https:\/\/www.anovapeneira.gal\/index.php\/2020\/05\/12\/decimo-quinto-fragmento-do-diario-de-senlua-arraiana\/"]}]},{"@type":"ImageObject","inLanguage":"gl-ES","@id":"https:\/\/www.anovapeneira.gal\/index.php\/2020\/05\/12\/decimo-quinto-fragmento-do-diario-de-senlua-arraiana\/#primaryimage","url":"https:\/\/www.anovapeneira.gal\/wp-content\/uploads\/2020\/05\/diario_sen_lua_15_a_nova_peneira.jpg","contentUrl":"https:\/\/www.anovapeneira.gal\/wp-content\/uploads\/2020\/05\/diario_sen_lua_15_a_nova_peneira.jpg","width":720,"height":432,"caption":"D\u00e9cimo quinto fragmento do diario de Senl\u00faa Arraiana"},{"@type":"BreadcrumbList","@id":"https:\/\/www.anovapeneira.gal\/index.php\/2020\/05\/12\/decimo-quinto-fragmento-do-diario-de-senlua-arraiana\/#breadcrumb","itemListElement":[{"@type":"ListItem","position":1,"name":"Portada","item":"https:\/\/www.anovapeneira.gal\/"},{"@type":"ListItem","position":2,"name":"D\u00e9cimo quinto fragmento do diario de Senl\u00faa Arraiana:"}]},{"@type":"WebSite","@id":"https:\/\/www.anovapeneira.gal\/#website","url":"https:\/\/www.anovapeneira.gal\/","name":"","description":"Xornal galego de informaci\u00f3n xeral Publicaci\u00f3n mensual de novas de Galicia e en especial dos Concellos da sur da provincia de Pontevedra.","publisher":{"@id":"https:\/\/www.anovapeneira.gal\/#organization"},"potentialAction":[{"@type":"SearchAction","target":{"@type":"EntryPoint","urlTemplate":"https:\/\/www.anovapeneira.gal\/?s={search_term_string}"},"query-input":{"@type":"PropertyValueSpecification","valueRequired":true,"valueName":"search_term_string"}}],"inLanguage":"gl-ES"},{"@type":"Organization","@id":"https:\/\/www.anovapeneira.gal\/#organization","name":"A Nova Peneira","url":"https:\/\/www.anovapeneira.gal\/","logo":{"@type":"ImageObject","inLanguage":"gl-ES","@id":"https:\/\/www.anovapeneira.gal\/#\/schema\/logo\/image\/","url":"http:\/\/www.anovapeneira.gal\/wp-content\/uploads\/2019\/06\/logo_a_nova_peneira_portal_web.png","contentUrl":"http:\/\/www.anovapeneira.gal\/wp-content\/uploads\/2019\/06\/logo_a_nova_peneira_portal_web.png","width":300,"height":100,"caption":"A Nova Peneira"},"image":{"@id":"https:\/\/www.anovapeneira.gal\/#\/schema\/logo\/image\/"},"sameAs":["https:\/\/www.facebook.com\/anovapeneira","https:\/\/x.com\/APeneira"]},{"@type":"Person","@id":"https:\/\/www.anovapeneira.gal\/#\/schema\/person\/45b3df2338e4d898b7616809f9c5906c","name":"Cristobal L\u00f3pez","image":{"@type":"ImageObject","inLanguage":"gl-ES","@id":"https:\/\/secure.gravatar.com\/avatar\/b537cf06ef8166c9ef72b09f4d5f6446b1e22ea99505d94e40b8685710482f79?s=96&d=mm&r=g","url":"https:\/\/secure.gravatar.com\/avatar\/b537cf06ef8166c9ef72b09f4d5f6446b1e22ea99505d94e40b8685710482f79?s=96&d=mm&r=g","contentUrl":"https:\/\/secure.gravatar.com\/avatar\/b537cf06ef8166c9ef72b09f4d5f6446b1e22ea99505d94e40b8685710482f79?s=96&d=mm&r=g","caption":"Cristobal L\u00f3pez"},"sameAs":["http:\/\/anovapeneira.gal"],"url":"https:\/\/www.anovapeneira.gal\/index.php\/author\/opinioncristoballopez\/"}]}},"jetpack_featured_media_url":"https:\/\/www.anovapeneira.gal\/wp-content\/uploads\/2020\/05\/diario_sen_lua_15_a_nova_peneira.jpg","_links":{"self":[{"href":"https:\/\/www.anovapeneira.gal\/index.php\/wp-json\/wp\/v2\/posts\/3084","targetHints":{"allow":["GET"]}}],"collection":[{"href":"https:\/\/www.anovapeneira.gal\/index.php\/wp-json\/wp\/v2\/posts"}],"about":[{"href":"https:\/\/www.anovapeneira.gal\/index.php\/wp-json\/wp\/v2\/types\/post"}],"author":[{"embeddable":true,"href":"https:\/\/www.anovapeneira.gal\/index.php\/wp-json\/wp\/v2\/users\/13"}],"replies":[{"embeddable":true,"href":"https:\/\/www.anovapeneira.gal\/index.php\/wp-json\/wp\/v2\/comments?post=3084"}],"version-history":[{"count":4,"href":"https:\/\/www.anovapeneira.gal\/index.php\/wp-json\/wp\/v2\/posts\/3084\/revisions"}],"predecessor-version":[{"id":3089,"href":"https:\/\/www.anovapeneira.gal\/index.php\/wp-json\/wp\/v2\/posts\/3084\/revisions\/3089"}],"wp:featuredmedia":[{"embeddable":true,"href":"https:\/\/www.anovapeneira.gal\/index.php\/wp-json\/wp\/v2\/media\/3086"}],"wp:attachment":[{"href":"https:\/\/www.anovapeneira.gal\/index.php\/wp-json\/wp\/v2\/media?parent=3084"}],"wp:term":[{"taxonomy":"category","embeddable":true,"href":"https:\/\/www.anovapeneira.gal\/index.php\/wp-json\/wp\/v2\/categories?post=3084"},{"taxonomy":"post_tag","embeddable":true,"href":"https:\/\/www.anovapeneira.gal\/index.php\/wp-json\/wp\/v2\/tags?post=3084"}],"curies":[{"name":"wp","href":"https:\/\/api.w.org\/{rel}","templated":true}]}}