{"id":3094,"date":"2020-05-13T10:00:46","date_gmt":"2020-05-13T08:00:46","guid":{"rendered":"http:\/\/www.anovapeneira.gal\/?p=3094"},"modified":"2020-05-13T09:23:15","modified_gmt":"2020-05-13T07:23:15","slug":"ponteareas-realizara-unha-celebracion-historica-do-corpus-coa-sua-recreacion-virtual","status":"publish","type":"post","link":"https:\/\/www.anovapeneira.gal\/index.php\/2020\/05\/13\/ponteareas-realizara-unha-celebracion-historica-do-corpus-coa-sua-recreacion-virtual\/","title":{"rendered":"Ponteareas realizar\u00e1 unha celebraci\u00f3n hist\u00f3rica do Corpus coa s\u00faa recreaci\u00f3n virtual"},"content":{"rendered":"\n<p><strong>Ponteareas, 7 de abril de 2020<\/strong><\/p>\n\n\n\n<h2 class=\"wp-block-heading\"><strong>Os dous s\u00e9culos de tradici\u00f3n das alfombras florais de Ponteareas no Corpus chegar\u00e1n a todas partes a trav\u00e9s das redes sociais<\/strong><\/h2>\n\n\n\n<p>O Concello de Ponteareas informa que este ano non se confeccionar\u00e1n as tradicionais alfombras florais de Corpus dadas as circunstancias actuais provocadas pola pandemia do COVID-19 pero adianta que se realizar\u00e1n diferentes actividades de divulgaci\u00f3n desta tradici\u00f3n de dous s\u00e9culos de antig\u00fcidade a trav\u00e9s das redes sociais e dos medios de comunicaci\u00f3n.<\/p>\n\n\n\n<p>O alcalde Xos\u00e9 Represas explica que a celebraci\u00f3n das festas do Corpus Christi e das s\u00faas alfombras florais ser\u00e1 unha recreaci\u00f3n virtual e as novas tecnolox\u00edas e canles de comunicaci\u00f3n ser\u00e1n a ferramenta para continuar co legado herdado dos e das nosas maiores. \u201cUn xeito tam\u00e9n de rendir homenaxe as e os alfombristas portadores desta tradici\u00f3n que lograron que Ponteareas sexa uha referencia mundial en Patrimonio Inmaterial\u201d.<\/p>\n\n\n\n<p>Nunha reuni\u00f3n mantida cos e coas representantes dos e das alfombristas e cos portavoces de t\u00f3dolos grupos da Corporaci\u00f3n acordouse realizar unha campa\u00f1a de difusi\u00f3n do Corpus Christi ponteare\u00e1n utilizando as redes sociais para continuar coa difusi\u00f3n desta se\u00f1a de identidade e chegar a t\u00f3dolos rinc\u00f3ns do mundo con imaxes, documentos e v\u00eddeos que deixen constancia da riqueza da nosa arte ef\u00e9mera. \u201cAs nosas festas non pasar\u00e1n desapercibidas, prolongaremos a tradici\u00f3n e ser\u00e1 tam\u00e9n o primeiro acto de promoci\u00f3n do Corpus 2021\u201d<\/p>\n\n\n\n<p>Os e as presentes na reuni\u00f3n foron un\u00e1nimes na decisi\u00f3n de que t\u00f3dolos tramos alfombristas volver\u00e1n ser protagonistas na fin de semana de Corpus, dun xeito diferente que ser\u00e1 definido ao longo destas semanas.&nbsp;<\/p>\n\n\n\n<p>O alcalde de Ponteareas adianta que o Concello asumir\u00e1 \u00edntegramente a edici\u00f3n dunha publicaci\u00f3n que non ser\u00e1 igual \u00e1 tradicional revista Preg\u00f3n pero que recoller\u00e1 e promover\u00e1 esta fonda tradici\u00f3n cun enfoque distinto adaptado \u00e1s novas circunstancias.&nbsp;<\/p>\n\n\n\n<p>\u201cVolveremos ter unha reuni\u00f3n quince d\u00edas antes de Corpus para avaliar todas as posibilidades de difusi\u00f3n da festa e co\u00f1ecer tam\u00e9n as previsi\u00f3ns da crise sanitaria. De momento seguiremos traballando para dese\u00f1ar unha programaci\u00f3n virtual que ser\u00e1 consensuada coas persoas que fan posible o Corpus de Ponteareas\u201d.<\/p>\n","protected":false},"excerpt":{"rendered":"<div class=\"mh-excerpt\"><p>Os dous s\u00e9culos de tradici\u00f3n das alfombras florais de Ponteareas no Corpus chegar\u00e1n a todas partes a trav\u00e9s das redes sociais <a class=\"mh-excerpt-more\" href=\"https:\/\/www.anovapeneira.gal\/index.php\/2020\/05\/13\/ponteareas-realizara-unha-celebracion-historica-do-corpus-coa-sua-recreacion-virtual\/\" title=\"Ponteareas realizar\u00e1 unha celebraci\u00f3n hist\u00f3rica do Corpus coa s\u00faa recreaci\u00f3n virtual\">[&#8230;]<\/a><\/p>\n<\/div>","protected":false},"author":3,"featured_media":3095,"comment_status":"open","ping_status":"open","sticky":false,"template":"","format":"standard","meta":{"_exactmetrics_skip_tracking":false,"_exactmetrics_sitenote_active":false,"_exactmetrics_sitenote_note":"","_exactmetrics_sitenote_category":0,"footnotes":""},"categories":[25],"tags":[1051,208],"class_list":{"0":"post-3094","1":"post","2":"type-post","3":"status-publish","4":"format-standard","5":"has-post-thumbnail","7":"category-condado","8":"tag-alfombras-florais","9":"tag-concello-de-ponteareas"},"yoast_head":"<!-- This site is optimized with the Yoast SEO plugin v27.4 - https:\/\/yoast.com\/product\/yoast-seo-wordpress\/ -->\n<title>Ponteareas realizar\u00e1 unha celebraci\u00f3n hist\u00f3rica do Corpus coa s\u00faa recreaci\u00f3n virtual -<\/title>\n<meta name=\"robots\" content=\"index, follow, max-snippet:-1, max-image-preview:large, max-video-preview:-1\" \/>\n<link rel=\"canonical\" href=\"https:\/\/www.anovapeneira.gal\/index.php\/2020\/05\/13\/ponteareas-realizara-unha-celebracion-historica-do-corpus-coa-sua-recreacion-virtual\/\" \/>\n<meta property=\"og:locale\" content=\"gl_ES\" \/>\n<meta property=\"og:type\" content=\"article\" \/>\n<meta property=\"og:title\" content=\"Ponteareas realizar\u00e1 unha celebraci\u00f3n hist\u00f3rica do Corpus coa s\u00faa recreaci\u00f3n virtual -\" \/>\n<meta property=\"og:description\" content=\"Os dous s\u00e9culos de tradici\u00f3n das alfombras florais de Ponteareas no Corpus chegar\u00e1n a todas partes a trav\u00e9s das redes sociais [...]\" \/>\n<meta property=\"og:url\" content=\"https:\/\/www.anovapeneira.gal\/index.php\/2020\/05\/13\/ponteareas-realizara-unha-celebracion-historica-do-corpus-coa-sua-recreacion-virtual\/\" \/>\n<meta property=\"article:publisher\" content=\"https:\/\/www.facebook.com\/anovapeneira\" \/>\n<meta property=\"article:published_time\" content=\"2020-05-13T08:00:46+00:00\" \/>\n<meta property=\"og:image\" content=\"https:\/\/www.anovapeneira.gal\/wp-content\/uploads\/2020\/05\/alfombras_florais_ponteareas_a_nova_peneira.jpg\" \/>\n\t<meta property=\"og:image:width\" content=\"720\" \/>\n\t<meta property=\"og:image:height\" content=\"432\" \/>\n\t<meta property=\"og:image:type\" content=\"image\/jpeg\" \/>\n<meta name=\"author\" content=\"Redacci\u00f3n A Nova Peneira\" \/>\n<meta name=\"twitter:card\" content=\"summary_large_image\" \/>\n<meta name=\"twitter:creator\" content=\"@APeneira\" \/>\n<meta name=\"twitter:site\" content=\"@APeneira\" \/>\n<meta name=\"twitter:label1\" content=\"Escrito por\" \/>\n\t<meta name=\"twitter:data1\" content=\"Redacci\u00f3n A Nova Peneira\" \/>\n\t<meta name=\"twitter:label2\" content=\"Tempo de lectura\" \/>\n\t<meta name=\"twitter:data2\" content=\"2 minutos\" \/>\n<script type=\"application\/ld+json\" class=\"yoast-schema-graph\">{\"@context\":\"https:\\\/\\\/schema.org\",\"@graph\":[{\"@type\":\"Article\",\"@id\":\"https:\\\/\\\/www.anovapeneira.gal\\\/index.php\\\/2020\\\/05\\\/13\\\/ponteareas-realizara-unha-celebracion-historica-do-corpus-coa-sua-recreacion-virtual\\\/#article\",\"isPartOf\":{\"@id\":\"https:\\\/\\\/www.anovapeneira.gal\\\/index.php\\\/2020\\\/05\\\/13\\\/ponteareas-realizara-unha-celebracion-historica-do-corpus-coa-sua-recreacion-virtual\\\/\"},\"author\":{\"name\":\"Redacci\u00f3n A Nova Peneira\",\"@id\":\"https:\\\/\\\/www.anovapeneira.gal\\\/#\\\/schema\\\/person\\\/b93e3f8932e3f8da96334607eb6ac6aa\"},\"headline\":\"Ponteareas realizar\u00e1 unha celebraci\u00f3n hist\u00f3rica do Corpus coa s\u00faa recreaci\u00f3n virtual\",\"datePublished\":\"2020-05-13T08:00:46+00:00\",\"mainEntityOfPage\":{\"@id\":\"https:\\\/\\\/www.anovapeneira.gal\\\/index.php\\\/2020\\\/05\\\/13\\\/ponteareas-realizara-unha-celebracion-historica-do-corpus-coa-sua-recreacion-virtual\\\/\"},\"wordCount\":412,\"commentCount\":0,\"publisher\":{\"@id\":\"https:\\\/\\\/www.anovapeneira.gal\\\/#organization\"},\"image\":{\"@id\":\"https:\\\/\\\/www.anovapeneira.gal\\\/index.php\\\/2020\\\/05\\\/13\\\/ponteareas-realizara-unha-celebracion-historica-do-corpus-coa-sua-recreacion-virtual\\\/#primaryimage\"},\"thumbnailUrl\":\"https:\\\/\\\/www.anovapeneira.gal\\\/wp-content\\\/uploads\\\/2020\\\/05\\\/alfombras_florais_ponteareas_a_nova_peneira.jpg\",\"keywords\":[\"Alfombras florais\",\"Concello de Ponteareas\"],\"articleSection\":[\"Condado\"],\"inLanguage\":\"gl-ES\",\"potentialAction\":[{\"@type\":\"CommentAction\",\"name\":\"Comment\",\"target\":[\"https:\\\/\\\/www.anovapeneira.gal\\\/index.php\\\/2020\\\/05\\\/13\\\/ponteareas-realizara-unha-celebracion-historica-do-corpus-coa-sua-recreacion-virtual\\\/#respond\"]}]},{\"@type\":\"WebPage\",\"@id\":\"https:\\\/\\\/www.anovapeneira.gal\\\/index.php\\\/2020\\\/05\\\/13\\\/ponteareas-realizara-unha-celebracion-historica-do-corpus-coa-sua-recreacion-virtual\\\/\",\"url\":\"https:\\\/\\\/www.anovapeneira.gal\\\/index.php\\\/2020\\\/05\\\/13\\\/ponteareas-realizara-unha-celebracion-historica-do-corpus-coa-sua-recreacion-virtual\\\/\",\"name\":\"Ponteareas realizar\u00e1 unha celebraci\u00f3n hist\u00f3rica do Corpus coa s\u00faa recreaci\u00f3n virtual -\",\"isPartOf\":{\"@id\":\"https:\\\/\\\/www.anovapeneira.gal\\\/#website\"},\"primaryImageOfPage\":{\"@id\":\"https:\\\/\\\/www.anovapeneira.gal\\\/index.php\\\/2020\\\/05\\\/13\\\/ponteareas-realizara-unha-celebracion-historica-do-corpus-coa-sua-recreacion-virtual\\\/#primaryimage\"},\"image\":{\"@id\":\"https:\\\/\\\/www.anovapeneira.gal\\\/index.php\\\/2020\\\/05\\\/13\\\/ponteareas-realizara-unha-celebracion-historica-do-corpus-coa-sua-recreacion-virtual\\\/#primaryimage\"},\"thumbnailUrl\":\"https:\\\/\\\/www.anovapeneira.gal\\\/wp-content\\\/uploads\\\/2020\\\/05\\\/alfombras_florais_ponteareas_a_nova_peneira.jpg\",\"datePublished\":\"2020-05-13T08:00:46+00:00\",\"breadcrumb\":{\"@id\":\"https:\\\/\\\/www.anovapeneira.gal\\\/index.php\\\/2020\\\/05\\\/13\\\/ponteareas-realizara-unha-celebracion-historica-do-corpus-coa-sua-recreacion-virtual\\\/#breadcrumb\"},\"inLanguage\":\"gl-ES\",\"potentialAction\":[{\"@type\":\"ReadAction\",\"target\":[\"https:\\\/\\\/www.anovapeneira.gal\\\/index.php\\\/2020\\\/05\\\/13\\\/ponteareas-realizara-unha-celebracion-historica-do-corpus-coa-sua-recreacion-virtual\\\/\"]}]},{\"@type\":\"ImageObject\",\"inLanguage\":\"gl-ES\",\"@id\":\"https:\\\/\\\/www.anovapeneira.gal\\\/index.php\\\/2020\\\/05\\\/13\\\/ponteareas-realizara-unha-celebracion-historica-do-corpus-coa-sua-recreacion-virtual\\\/#primaryimage\",\"url\":\"https:\\\/\\\/www.anovapeneira.gal\\\/wp-content\\\/uploads\\\/2020\\\/05\\\/alfombras_florais_ponteareas_a_nova_peneira.jpg\",\"contentUrl\":\"https:\\\/\\\/www.anovapeneira.gal\\\/wp-content\\\/uploads\\\/2020\\\/05\\\/alfombras_florais_ponteareas_a_nova_peneira.jpg\",\"width\":720,\"height\":432,\"caption\":\"Alfombras flot\u00e1is Ponteareas A Nova Peneira\"},{\"@type\":\"BreadcrumbList\",\"@id\":\"https:\\\/\\\/www.anovapeneira.gal\\\/index.php\\\/2020\\\/05\\\/13\\\/ponteareas-realizara-unha-celebracion-historica-do-corpus-coa-sua-recreacion-virtual\\\/#breadcrumb\",\"itemListElement\":[{\"@type\":\"ListItem\",\"position\":1,\"name\":\"Portada\",\"item\":\"https:\\\/\\\/www.anovapeneira.gal\\\/\"},{\"@type\":\"ListItem\",\"position\":2,\"name\":\"Ponteareas realizar\u00e1 unha celebraci\u00f3n hist\u00f3rica do Corpus coa s\u00faa recreaci\u00f3n virtual\"}]},{\"@type\":\"WebSite\",\"@id\":\"https:\\\/\\\/www.anovapeneira.gal\\\/#website\",\"url\":\"https:\\\/\\\/www.anovapeneira.gal\\\/\",\"name\":\"\",\"description\":\"Xornal galego de informaci\u00f3n xeral Publicaci\u00f3n mensual de novas de Galicia e en especial dos Concellos da sur da provincia de Pontevedra.\",\"publisher\":{\"@id\":\"https:\\\/\\\/www.anovapeneira.gal\\\/#organization\"},\"potentialAction\":[{\"@type\":\"SearchAction\",\"target\":{\"@type\":\"EntryPoint\",\"urlTemplate\":\"https:\\\/\\\/www.anovapeneira.gal\\\/?s={search_term_string}\"},\"query-input\":{\"@type\":\"PropertyValueSpecification\",\"valueRequired\":true,\"valueName\":\"search_term_string\"}}],\"inLanguage\":\"gl-ES\"},{\"@type\":\"Organization\",\"@id\":\"https:\\\/\\\/www.anovapeneira.gal\\\/#organization\",\"name\":\"A Nova Peneira\",\"url\":\"https:\\\/\\\/www.anovapeneira.gal\\\/\",\"logo\":{\"@type\":\"ImageObject\",\"inLanguage\":\"gl-ES\",\"@id\":\"https:\\\/\\\/www.anovapeneira.gal\\\/#\\\/schema\\\/logo\\\/image\\\/\",\"url\":\"http:\\\/\\\/www.anovapeneira.gal\\\/wp-content\\\/uploads\\\/2019\\\/06\\\/logo_a_nova_peneira_portal_web.png\",\"contentUrl\":\"http:\\\/\\\/www.anovapeneira.gal\\\/wp-content\\\/uploads\\\/2019\\\/06\\\/logo_a_nova_peneira_portal_web.png\",\"width\":300,\"height\":100,\"caption\":\"A Nova Peneira\"},\"image\":{\"@id\":\"https:\\\/\\\/www.anovapeneira.gal\\\/#\\\/schema\\\/logo\\\/image\\\/\"},\"sameAs\":[\"https:\\\/\\\/www.facebook.com\\\/anovapeneira\",\"https:\\\/\\\/x.com\\\/APeneira\"]},{\"@type\":\"Person\",\"@id\":\"https:\\\/\\\/www.anovapeneira.gal\\\/#\\\/schema\\\/person\\\/b93e3f8932e3f8da96334607eb6ac6aa\",\"name\":\"Redacci\u00f3n A Nova Peneira\",\"image\":{\"@type\":\"ImageObject\",\"inLanguage\":\"gl-ES\",\"@id\":\"https:\\\/\\\/secure.gravatar.com\\\/avatar\\\/c052a2551a06e23fac63626232eaa90abd78dbcf1700fc46a2b2c89fd27b735f?s=96&d=mm&r=g\",\"url\":\"https:\\\/\\\/secure.gravatar.com\\\/avatar\\\/c052a2551a06e23fac63626232eaa90abd78dbcf1700fc46a2b2c89fd27b735f?s=96&d=mm&r=g\",\"contentUrl\":\"https:\\\/\\\/secure.gravatar.com\\\/avatar\\\/c052a2551a06e23fac63626232eaa90abd78dbcf1700fc46a2b2c89fd27b735f?s=96&d=mm&r=g\",\"caption\":\"Redacci\u00f3n A Nova Peneira\"},\"sameAs\":[\"http:\\\/\\\/www.anovapeneira.gal\\\/\"],\"url\":\"https:\\\/\\\/www.anovapeneira.gal\\\/index.php\\\/author\\\/redactor\\\/\"}]}<\/script>\n<!-- \/ Yoast SEO plugin. -->","yoast_head_json":{"title":"Ponteareas realizar\u00e1 unha celebraci\u00f3n hist\u00f3rica do Corpus coa s\u00faa recreaci\u00f3n virtual -","robots":{"index":"index","follow":"follow","max-snippet":"max-snippet:-1","max-image-preview":"max-image-preview:large","max-video-preview":"max-video-preview:-1"},"canonical":"https:\/\/www.anovapeneira.gal\/index.php\/2020\/05\/13\/ponteareas-realizara-unha-celebracion-historica-do-corpus-coa-sua-recreacion-virtual\/","og_locale":"gl_ES","og_type":"article","og_title":"Ponteareas realizar\u00e1 unha celebraci\u00f3n hist\u00f3rica do Corpus coa s\u00faa recreaci\u00f3n virtual -","og_description":"Os dous s\u00e9culos de tradici\u00f3n das alfombras florais de Ponteareas no Corpus chegar\u00e1n a todas partes a trav\u00e9s das redes sociais [...]","og_url":"https:\/\/www.anovapeneira.gal\/index.php\/2020\/05\/13\/ponteareas-realizara-unha-celebracion-historica-do-corpus-coa-sua-recreacion-virtual\/","article_publisher":"https:\/\/www.facebook.com\/anovapeneira","article_published_time":"2020-05-13T08:00:46+00:00","og_image":[{"width":720,"height":432,"url":"https:\/\/www.anovapeneira.gal\/wp-content\/uploads\/2020\/05\/alfombras_florais_ponteareas_a_nova_peneira.jpg","type":"image\/jpeg"}],"author":"Redacci\u00f3n A Nova Peneira","twitter_card":"summary_large_image","twitter_creator":"@APeneira","twitter_site":"@APeneira","twitter_misc":{"Escrito por":"Redacci\u00f3n A Nova Peneira","Tempo de lectura":"2 minutos"},"schema":{"@context":"https:\/\/schema.org","@graph":[{"@type":"Article","@id":"https:\/\/www.anovapeneira.gal\/index.php\/2020\/05\/13\/ponteareas-realizara-unha-celebracion-historica-do-corpus-coa-sua-recreacion-virtual\/#article","isPartOf":{"@id":"https:\/\/www.anovapeneira.gal\/index.php\/2020\/05\/13\/ponteareas-realizara-unha-celebracion-historica-do-corpus-coa-sua-recreacion-virtual\/"},"author":{"name":"Redacci\u00f3n A Nova Peneira","@id":"https:\/\/www.anovapeneira.gal\/#\/schema\/person\/b93e3f8932e3f8da96334607eb6ac6aa"},"headline":"Ponteareas realizar\u00e1 unha celebraci\u00f3n hist\u00f3rica do Corpus coa s\u00faa recreaci\u00f3n virtual","datePublished":"2020-05-13T08:00:46+00:00","mainEntityOfPage":{"@id":"https:\/\/www.anovapeneira.gal\/index.php\/2020\/05\/13\/ponteareas-realizara-unha-celebracion-historica-do-corpus-coa-sua-recreacion-virtual\/"},"wordCount":412,"commentCount":0,"publisher":{"@id":"https:\/\/www.anovapeneira.gal\/#organization"},"image":{"@id":"https:\/\/www.anovapeneira.gal\/index.php\/2020\/05\/13\/ponteareas-realizara-unha-celebracion-historica-do-corpus-coa-sua-recreacion-virtual\/#primaryimage"},"thumbnailUrl":"https:\/\/www.anovapeneira.gal\/wp-content\/uploads\/2020\/05\/alfombras_florais_ponteareas_a_nova_peneira.jpg","keywords":["Alfombras florais","Concello de Ponteareas"],"articleSection":["Condado"],"inLanguage":"gl-ES","potentialAction":[{"@type":"CommentAction","name":"Comment","target":["https:\/\/www.anovapeneira.gal\/index.php\/2020\/05\/13\/ponteareas-realizara-unha-celebracion-historica-do-corpus-coa-sua-recreacion-virtual\/#respond"]}]},{"@type":"WebPage","@id":"https:\/\/www.anovapeneira.gal\/index.php\/2020\/05\/13\/ponteareas-realizara-unha-celebracion-historica-do-corpus-coa-sua-recreacion-virtual\/","url":"https:\/\/www.anovapeneira.gal\/index.php\/2020\/05\/13\/ponteareas-realizara-unha-celebracion-historica-do-corpus-coa-sua-recreacion-virtual\/","name":"Ponteareas realizar\u00e1 unha celebraci\u00f3n hist\u00f3rica do Corpus coa s\u00faa recreaci\u00f3n virtual -","isPartOf":{"@id":"https:\/\/www.anovapeneira.gal\/#website"},"primaryImageOfPage":{"@id":"https:\/\/www.anovapeneira.gal\/index.php\/2020\/05\/13\/ponteareas-realizara-unha-celebracion-historica-do-corpus-coa-sua-recreacion-virtual\/#primaryimage"},"image":{"@id":"https:\/\/www.anovapeneira.gal\/index.php\/2020\/05\/13\/ponteareas-realizara-unha-celebracion-historica-do-corpus-coa-sua-recreacion-virtual\/#primaryimage"},"thumbnailUrl":"https:\/\/www.anovapeneira.gal\/wp-content\/uploads\/2020\/05\/alfombras_florais_ponteareas_a_nova_peneira.jpg","datePublished":"2020-05-13T08:00:46+00:00","breadcrumb":{"@id":"https:\/\/www.anovapeneira.gal\/index.php\/2020\/05\/13\/ponteareas-realizara-unha-celebracion-historica-do-corpus-coa-sua-recreacion-virtual\/#breadcrumb"},"inLanguage":"gl-ES","potentialAction":[{"@type":"ReadAction","target":["https:\/\/www.anovapeneira.gal\/index.php\/2020\/05\/13\/ponteareas-realizara-unha-celebracion-historica-do-corpus-coa-sua-recreacion-virtual\/"]}]},{"@type":"ImageObject","inLanguage":"gl-ES","@id":"https:\/\/www.anovapeneira.gal\/index.php\/2020\/05\/13\/ponteareas-realizara-unha-celebracion-historica-do-corpus-coa-sua-recreacion-virtual\/#primaryimage","url":"https:\/\/www.anovapeneira.gal\/wp-content\/uploads\/2020\/05\/alfombras_florais_ponteareas_a_nova_peneira.jpg","contentUrl":"https:\/\/www.anovapeneira.gal\/wp-content\/uploads\/2020\/05\/alfombras_florais_ponteareas_a_nova_peneira.jpg","width":720,"height":432,"caption":"Alfombras flot\u00e1is Ponteareas A Nova Peneira"},{"@type":"BreadcrumbList","@id":"https:\/\/www.anovapeneira.gal\/index.php\/2020\/05\/13\/ponteareas-realizara-unha-celebracion-historica-do-corpus-coa-sua-recreacion-virtual\/#breadcrumb","itemListElement":[{"@type":"ListItem","position":1,"name":"Portada","item":"https:\/\/www.anovapeneira.gal\/"},{"@type":"ListItem","position":2,"name":"Ponteareas realizar\u00e1 unha celebraci\u00f3n hist\u00f3rica do Corpus coa s\u00faa recreaci\u00f3n virtual"}]},{"@type":"WebSite","@id":"https:\/\/www.anovapeneira.gal\/#website","url":"https:\/\/www.anovapeneira.gal\/","name":"","description":"Xornal galego de informaci\u00f3n xeral Publicaci\u00f3n mensual de novas de Galicia e en especial dos Concellos da sur da provincia de Pontevedra.","publisher":{"@id":"https:\/\/www.anovapeneira.gal\/#organization"},"potentialAction":[{"@type":"SearchAction","target":{"@type":"EntryPoint","urlTemplate":"https:\/\/www.anovapeneira.gal\/?s={search_term_string}"},"query-input":{"@type":"PropertyValueSpecification","valueRequired":true,"valueName":"search_term_string"}}],"inLanguage":"gl-ES"},{"@type":"Organization","@id":"https:\/\/www.anovapeneira.gal\/#organization","name":"A Nova Peneira","url":"https:\/\/www.anovapeneira.gal\/","logo":{"@type":"ImageObject","inLanguage":"gl-ES","@id":"https:\/\/www.anovapeneira.gal\/#\/schema\/logo\/image\/","url":"http:\/\/www.anovapeneira.gal\/wp-content\/uploads\/2019\/06\/logo_a_nova_peneira_portal_web.png","contentUrl":"http:\/\/www.anovapeneira.gal\/wp-content\/uploads\/2019\/06\/logo_a_nova_peneira_portal_web.png","width":300,"height":100,"caption":"A Nova Peneira"},"image":{"@id":"https:\/\/www.anovapeneira.gal\/#\/schema\/logo\/image\/"},"sameAs":["https:\/\/www.facebook.com\/anovapeneira","https:\/\/x.com\/APeneira"]},{"@type":"Person","@id":"https:\/\/www.anovapeneira.gal\/#\/schema\/person\/b93e3f8932e3f8da96334607eb6ac6aa","name":"Redacci\u00f3n A Nova Peneira","image":{"@type":"ImageObject","inLanguage":"gl-ES","@id":"https:\/\/secure.gravatar.com\/avatar\/c052a2551a06e23fac63626232eaa90abd78dbcf1700fc46a2b2c89fd27b735f?s=96&d=mm&r=g","url":"https:\/\/secure.gravatar.com\/avatar\/c052a2551a06e23fac63626232eaa90abd78dbcf1700fc46a2b2c89fd27b735f?s=96&d=mm&r=g","contentUrl":"https:\/\/secure.gravatar.com\/avatar\/c052a2551a06e23fac63626232eaa90abd78dbcf1700fc46a2b2c89fd27b735f?s=96&d=mm&r=g","caption":"Redacci\u00f3n A Nova Peneira"},"sameAs":["http:\/\/www.anovapeneira.gal\/"],"url":"https:\/\/www.anovapeneira.gal\/index.php\/author\/redactor\/"}]}},"jetpack_featured_media_url":"https:\/\/www.anovapeneira.gal\/wp-content\/uploads\/2020\/05\/alfombras_florais_ponteareas_a_nova_peneira.jpg","_links":{"self":[{"href":"https:\/\/www.anovapeneira.gal\/index.php\/wp-json\/wp\/v2\/posts\/3094","targetHints":{"allow":["GET"]}}],"collection":[{"href":"https:\/\/www.anovapeneira.gal\/index.php\/wp-json\/wp\/v2\/posts"}],"about":[{"href":"https:\/\/www.anovapeneira.gal\/index.php\/wp-json\/wp\/v2\/types\/post"}],"author":[{"embeddable":true,"href":"https:\/\/www.anovapeneira.gal\/index.php\/wp-json\/wp\/v2\/users\/3"}],"replies":[{"embeddable":true,"href":"https:\/\/www.anovapeneira.gal\/index.php\/wp-json\/wp\/v2\/comments?post=3094"}],"version-history":[{"count":1,"href":"https:\/\/www.anovapeneira.gal\/index.php\/wp-json\/wp\/v2\/posts\/3094\/revisions"}],"predecessor-version":[{"id":3096,"href":"https:\/\/www.anovapeneira.gal\/index.php\/wp-json\/wp\/v2\/posts\/3094\/revisions\/3096"}],"wp:featuredmedia":[{"embeddable":true,"href":"https:\/\/www.anovapeneira.gal\/index.php\/wp-json\/wp\/v2\/media\/3095"}],"wp:attachment":[{"href":"https:\/\/www.anovapeneira.gal\/index.php\/wp-json\/wp\/v2\/media?parent=3094"}],"wp:term":[{"taxonomy":"category","embeddable":true,"href":"https:\/\/www.anovapeneira.gal\/index.php\/wp-json\/wp\/v2\/categories?post=3094"},{"taxonomy":"post_tag","embeddable":true,"href":"https:\/\/www.anovapeneira.gal\/index.php\/wp-json\/wp\/v2\/tags?post=3094"}],"curies":[{"name":"wp","href":"https:\/\/api.w.org\/{rel}","templated":true}]}}