{"id":3101,"date":"2020-05-14T12:00:53","date_gmt":"2020-05-14T10:00:53","guid":{"rendered":"http:\/\/www.anovapeneira.gal\/?p=3101"},"modified":"2020-05-13T09:34:21","modified_gmt":"2020-05-13T07:34:21","slug":"yo-creo-en-el-sistema","status":"publish","type":"post","link":"https:\/\/www.anovapeneira.gal\/index.php\/2020\/05\/14\/yo-creo-en-el-sistema\/","title":{"rendered":"\u201c YO CREO EN EL SISTEMA\u201d"},"content":{"rendered":"\n<figure class=\"wp-block-image size-large is-resized is-style-default\"><img loading=\"lazy\" decoding=\"async\" src=\"http:\/\/www.anovapeneira.gal\/wp-content\/uploads\/2019\/05\/tino_lago_director_a_nova_peneira.jpg\" alt=\"Tino Lago director a Nova Peneira\" class=\"wp-image-189\" width=\"95\" height=\"111\"\/><figcaption>Tino Lago director a Nova Peneira<\/figcaption><\/figure>\n\n\n\n<p>O 31 de maio do ano 2011, o actual xefe do estado espa\u00f1ol visitaba a cidade de Pamplona. Na r\u00faa, unha moza chamada Laura acheg\u00f3uselle e mantivo unha breve conversa con el sobre a posibilidade de establecer mecanismos de participaci\u00f3n democr\u00e1tica que permitiran decidir o modelo de estado. Felipe de Borb\u00f3n participou na conversa , remat\u00e1ndoa cun despectivo \u201c ya has tenido tu minuto de gloria\u201d. Por\u00e9n, o que m\u00e1is me chamou a atenci\u00f3n daquel episodio foi unha das apreciaci\u00f3ns que manifestou, o actual rei, naquela pequena charla :\u201d yo creo en el sistema\u201d dixo o que hoxe \u00e9 xefe do estado espa\u00f1ol. De feito, veume moitas veces \u00e1 memoria nestes anos, inzados de traxedias que botaban f\u00f3ra do sistema a inxentes cantidades de persoas condenadas \u00e1 pobreza \u00e1 fame, cando non a seren obxecto de violencia en guerras que outros deciden que se deben librar.<\/p>\n\n\n\n<p>O pasado 22 de abril o xornal arxentino CLAR\u00cdN, publicaba as conclusi\u00f3ns dun informe asinado por David Beasly, director do programa de alimentos da ONU .No devandito informe, os seus autores expo\u00f1en que no momento actual 821.000.000 de persoas pasan fame todos os d\u00edas. Asemade, estiman que estamos a piques de entrar nunha fase de pandemia alimentar na que arredor de 300.000 persoas van morrer de fame, cada d\u00eda, durante os pr\u00f3ximos tres meses. Non \u00e9 dif\u00edcil facer a conta, m\u00e1is que probablemente, nos pr\u00f3ximo trimestre 27.000.000 de persoas morrer\u00e1n de fame. Por \u00faltimo, o informe Beasley amosa que como resultado da actual crise sanitaria outros 130.000.000 de persoas, cara aos \u00faltimos meses do ano, poder\u00edan verse empurradas \u00e1 inanici\u00f3n, co que non \u00e9 en absoluto descartable que a finais deste 2.020, ou a principios do ano 2.021, 1.000 mill\u00f3ns de persoas pasen fame no planeta terra. \u00c9 posible crer nun sistema que en 90 d\u00edas, vai condenar \u00e1 morte por inanici\u00f3n, a unha cantidade de persoas que equivale a case un de cada dous habitantes de toda a pen\u00ednsula ib\u00e9rica?. \u00c9 posible crer nun sistema no que centos de mill\u00f3ns de persoas pasan fame a diario?. Non, claro que non \u00e9 posible. S\u00f3 desde unha posici\u00f3n de privilexio e a modo de auto xustificaci\u00f3n moral, pois se n\u00f3s formamos parte da minor\u00eda privilexiada non \u00e9 nada f\u00e1cil sa\u00edrmos da nosa zona de confort para reco\u00f1ecer que a pobreza de moitos \u00e9 a causa da inmensa riqueza duns poucos, ou desde a perspectiva de quen se sente m\u00e1is c\u00f3modo no papel de s\u00fabdito ca no de cidad\u00e1n , poden entenderse as apreciaci\u00f3ns referentes \u00e1s supostas bondades sist\u00e9micas do liberalismo econ\u00f3mico. A crise sanitaria que a\u00ednda non rematou, permitiu que o sistema quedase espido, diante dos que te\u00f1an ollos para ver claro, pois sempre haber\u00e1 quen prefira seguir analizando a pol\u00edtica desde unha perspectiva moral e responsabilizando dos problemas \u00e1 maldade de persoas concretas. Os recortes sanitarios que practica a dereita sempre que ten a oportunidade gobernar situaron \u00e1 sanidade do primeiro mundo ao borde do colapso. A entrega das residencias de anci\u00e1ns ao lucro do negocio privado posibilitou a morte de milleiros deles, e, como sempre pasa nas circunstancias de crise, \u00e9 o p\u00fablico quen ten que rescatar da morte a quen se afoga, ata o punto que un liberal como Luis de Guindos, ministro de econom\u00eda de M.Rajoy, chegou a defender a necesidade dunha renda vital m\u00ednima.<\/p>\n\n\n\n<p>Ao meu modo de ver os que non cremos no sistema e non queremos mirar para outro lado podemos facer tres cousas: 1) combater con pedagox\u00eda democr\u00e1tica, rigor intelectual e solidez moral a propaganda dos que o defenden.2) Organizarmos en partidos, sindicatos, ou asociaci\u00f3ns que postulen e practiquen un modo de entender as relaci\u00f3ns humanas, e co entorno, baseadas na xustiza social, no pacifismo, na igualdade, na fraternidade, na cooperaci\u00f3n, no feminismo, no ecoloxismo e na liberdade de todos os pobos do mundo para decid\u00edrmonos o noso cami\u00f1o.3) Votar.<\/p>\n\n\n\n<h4 class=\"wp-block-heading\"><strong>Moi pronto, no pa\u00eds galego, haber\u00e1 elecci\u00f3ns, de n\u00f3s depende que os que recortan e privatizan os servizos p\u00fablicos esenciais sigan 4 anos m\u00e1is gobernando na Xunta, ou non.<\/strong><\/h4>\n","protected":false},"excerpt":{"rendered":"<div class=\"mh-excerpt\"><p>Moi pronto, no pa\u00eds galego, haber\u00e1 elecci\u00f3ns, de n\u00f3s depende que os que recortan e privatizan os servizos p\u00fablicos esenciais sigan 4 anos m\u00e1is gobernando na Xunta, ou non <a class=\"mh-excerpt-more\" href=\"https:\/\/www.anovapeneira.gal\/index.php\/2020\/05\/14\/yo-creo-en-el-sistema\/\" title=\"\u201c YO CREO EN EL SISTEMA\u201d\">[&#8230;]<\/a><\/p>\n<\/div>","protected":false},"author":2,"featured_media":913,"comment_status":"open","ping_status":"open","sticky":false,"template":"","format":"standard","meta":{"_exactmetrics_skip_tracking":false,"_exactmetrics_sitenote_active":false,"_exactmetrics_sitenote_note":"","_exactmetrics_sitenote_category":0,"footnotes":""},"categories":[61],"tags":[58,1055],"class_list":{"0":"post-3101","1":"post","2":"type-post","3":"status-publish","4":"format-standard","5":"has-post-thumbnail","7":"category-artigo-editorial","8":"tag-opinion","9":"tag-servizo-publico"},"yoast_head":"<!-- This site is optimized with the Yoast SEO plugin v27.4 - https:\/\/yoast.com\/product\/yoast-seo-wordpress\/ -->\n<title>\u201c YO CREO EN EL SISTEMA\u201d -<\/title>\n<meta name=\"robots\" content=\"index, follow, max-snippet:-1, max-image-preview:large, max-video-preview:-1\" \/>\n<link rel=\"canonical\" href=\"https:\/\/www.anovapeneira.gal\/index.php\/2020\/05\/14\/yo-creo-en-el-sistema\/\" \/>\n<meta property=\"og:locale\" content=\"gl_ES\" \/>\n<meta property=\"og:type\" content=\"article\" \/>\n<meta property=\"og:title\" content=\"\u201c YO CREO EN EL SISTEMA\u201d -\" \/>\n<meta property=\"og:description\" content=\"Moi pronto, no pa\u00eds galego, haber\u00e1 elecci\u00f3ns, de n\u00f3s depende que os que recortan e privatizan os servizos p\u00fablicos esenciais sigan 4 anos m\u00e1is gobernando na Xunta, ou non [...]\" \/>\n<meta property=\"og:url\" content=\"https:\/\/www.anovapeneira.gal\/index.php\/2020\/05\/14\/yo-creo-en-el-sistema\/\" \/>\n<meta property=\"article:publisher\" content=\"https:\/\/www.facebook.com\/anovapeneira\" \/>\n<meta property=\"article:published_time\" content=\"2020-05-14T10:00:53+00:00\" \/>\n<meta property=\"og:image\" content=\"https:\/\/www.anovapeneira.gal\/wp-content\/uploads\/2019\/08\/artigo_editorial_a_nova_peneira.jpg\" \/>\n\t<meta property=\"og:image:width\" content=\"720\" \/>\n\t<meta property=\"og:image:height\" content=\"473\" \/>\n\t<meta property=\"og:image:type\" content=\"image\/jpeg\" \/>\n<meta name=\"author\" content=\"Tino Lago\" \/>\n<meta name=\"twitter:card\" content=\"summary_large_image\" \/>\n<meta name=\"twitter:creator\" content=\"@APeneira\" \/>\n<meta name=\"twitter:site\" content=\"@APeneira\" \/>\n<meta name=\"twitter:label1\" content=\"Escrito por\" \/>\n\t<meta name=\"twitter:data1\" content=\"Tino Lago\" \/>\n\t<meta name=\"twitter:label2\" content=\"Tempo de lectura\" \/>\n\t<meta name=\"twitter:data2\" content=\"4 minutos\" \/>\n<script type=\"application\/ld+json\" class=\"yoast-schema-graph\">{\"@context\":\"https:\\\/\\\/schema.org\",\"@graph\":[{\"@type\":\"Article\",\"@id\":\"https:\\\/\\\/www.anovapeneira.gal\\\/index.php\\\/2020\\\/05\\\/14\\\/yo-creo-en-el-sistema\\\/#article\",\"isPartOf\":{\"@id\":\"https:\\\/\\\/www.anovapeneira.gal\\\/index.php\\\/2020\\\/05\\\/14\\\/yo-creo-en-el-sistema\\\/\"},\"author\":{\"name\":\"Tino Lago\",\"@id\":\"https:\\\/\\\/www.anovapeneira.gal\\\/#\\\/schema\\\/person\\\/424dfe65e3070fd8a44d22d2c088762a\"},\"headline\":\"\u201c YO CREO EN EL SISTEMA\u201d\",\"datePublished\":\"2020-05-14T10:00:53+00:00\",\"mainEntityOfPage\":{\"@id\":\"https:\\\/\\\/www.anovapeneira.gal\\\/index.php\\\/2020\\\/05\\\/14\\\/yo-creo-en-el-sistema\\\/\"},\"wordCount\":715,\"commentCount\":0,\"publisher\":{\"@id\":\"https:\\\/\\\/www.anovapeneira.gal\\\/#organization\"},\"image\":{\"@id\":\"https:\\\/\\\/www.anovapeneira.gal\\\/index.php\\\/2020\\\/05\\\/14\\\/yo-creo-en-el-sistema\\\/#primaryimage\"},\"thumbnailUrl\":\"https:\\\/\\\/www.anovapeneira.gal\\\/wp-content\\\/uploads\\\/2019\\\/08\\\/artigo_editorial_a_nova_peneira.jpg\",\"keywords\":[\"Opini\u00f3n\",\"Servizo P\u00fablico\"],\"articleSection\":[\"Artigo editorial\"],\"inLanguage\":\"gl-ES\",\"potentialAction\":[{\"@type\":\"CommentAction\",\"name\":\"Comment\",\"target\":[\"https:\\\/\\\/www.anovapeneira.gal\\\/index.php\\\/2020\\\/05\\\/14\\\/yo-creo-en-el-sistema\\\/#respond\"]}]},{\"@type\":\"WebPage\",\"@id\":\"https:\\\/\\\/www.anovapeneira.gal\\\/index.php\\\/2020\\\/05\\\/14\\\/yo-creo-en-el-sistema\\\/\",\"url\":\"https:\\\/\\\/www.anovapeneira.gal\\\/index.php\\\/2020\\\/05\\\/14\\\/yo-creo-en-el-sistema\\\/\",\"name\":\"\u201c YO CREO EN EL SISTEMA\u201d -\",\"isPartOf\":{\"@id\":\"https:\\\/\\\/www.anovapeneira.gal\\\/#website\"},\"primaryImageOfPage\":{\"@id\":\"https:\\\/\\\/www.anovapeneira.gal\\\/index.php\\\/2020\\\/05\\\/14\\\/yo-creo-en-el-sistema\\\/#primaryimage\"},\"image\":{\"@id\":\"https:\\\/\\\/www.anovapeneira.gal\\\/index.php\\\/2020\\\/05\\\/14\\\/yo-creo-en-el-sistema\\\/#primaryimage\"},\"thumbnailUrl\":\"https:\\\/\\\/www.anovapeneira.gal\\\/wp-content\\\/uploads\\\/2019\\\/08\\\/artigo_editorial_a_nova_peneira.jpg\",\"datePublished\":\"2020-05-14T10:00:53+00:00\",\"breadcrumb\":{\"@id\":\"https:\\\/\\\/www.anovapeneira.gal\\\/index.php\\\/2020\\\/05\\\/14\\\/yo-creo-en-el-sistema\\\/#breadcrumb\"},\"inLanguage\":\"gl-ES\",\"potentialAction\":[{\"@type\":\"ReadAction\",\"target\":[\"https:\\\/\\\/www.anovapeneira.gal\\\/index.php\\\/2020\\\/05\\\/14\\\/yo-creo-en-el-sistema\\\/\"]}]},{\"@type\":\"ImageObject\",\"inLanguage\":\"gl-ES\",\"@id\":\"https:\\\/\\\/www.anovapeneira.gal\\\/index.php\\\/2020\\\/05\\\/14\\\/yo-creo-en-el-sistema\\\/#primaryimage\",\"url\":\"https:\\\/\\\/www.anovapeneira.gal\\\/wp-content\\\/uploads\\\/2019\\\/08\\\/artigo_editorial_a_nova_peneira.jpg\",\"contentUrl\":\"https:\\\/\\\/www.anovapeneira.gal\\\/wp-content\\\/uploads\\\/2019\\\/08\\\/artigo_editorial_a_nova_peneira.jpg\",\"width\":720,\"height\":473,\"caption\":\"Artigo editorial Tino Lago A Nova Peneira\"},{\"@type\":\"BreadcrumbList\",\"@id\":\"https:\\\/\\\/www.anovapeneira.gal\\\/index.php\\\/2020\\\/05\\\/14\\\/yo-creo-en-el-sistema\\\/#breadcrumb\",\"itemListElement\":[{\"@type\":\"ListItem\",\"position\":1,\"name\":\"Portada\",\"item\":\"https:\\\/\\\/www.anovapeneira.gal\\\/\"},{\"@type\":\"ListItem\",\"position\":2,\"name\":\"\u201c YO CREO EN EL SISTEMA\u201d\"}]},{\"@type\":\"WebSite\",\"@id\":\"https:\\\/\\\/www.anovapeneira.gal\\\/#website\",\"url\":\"https:\\\/\\\/www.anovapeneira.gal\\\/\",\"name\":\"\",\"description\":\"Xornal galego de informaci\u00f3n xeral Publicaci\u00f3n mensual de novas de Galicia e en especial dos Concellos da sur da provincia de Pontevedra.\",\"publisher\":{\"@id\":\"https:\\\/\\\/www.anovapeneira.gal\\\/#organization\"},\"potentialAction\":[{\"@type\":\"SearchAction\",\"target\":{\"@type\":\"EntryPoint\",\"urlTemplate\":\"https:\\\/\\\/www.anovapeneira.gal\\\/?s={search_term_string}\"},\"query-input\":{\"@type\":\"PropertyValueSpecification\",\"valueRequired\":true,\"valueName\":\"search_term_string\"}}],\"inLanguage\":\"gl-ES\"},{\"@type\":\"Organization\",\"@id\":\"https:\\\/\\\/www.anovapeneira.gal\\\/#organization\",\"name\":\"A Nova Peneira\",\"url\":\"https:\\\/\\\/www.anovapeneira.gal\\\/\",\"logo\":{\"@type\":\"ImageObject\",\"inLanguage\":\"gl-ES\",\"@id\":\"https:\\\/\\\/www.anovapeneira.gal\\\/#\\\/schema\\\/logo\\\/image\\\/\",\"url\":\"http:\\\/\\\/www.anovapeneira.gal\\\/wp-content\\\/uploads\\\/2019\\\/06\\\/logo_a_nova_peneira_portal_web.png\",\"contentUrl\":\"http:\\\/\\\/www.anovapeneira.gal\\\/wp-content\\\/uploads\\\/2019\\\/06\\\/logo_a_nova_peneira_portal_web.png\",\"width\":300,\"height\":100,\"caption\":\"A Nova Peneira\"},\"image\":{\"@id\":\"https:\\\/\\\/www.anovapeneira.gal\\\/#\\\/schema\\\/logo\\\/image\\\/\"},\"sameAs\":[\"https:\\\/\\\/www.facebook.com\\\/anovapeneira\",\"https:\\\/\\\/x.com\\\/APeneira\"]},{\"@type\":\"Person\",\"@id\":\"https:\\\/\\\/www.anovapeneira.gal\\\/#\\\/schema\\\/person\\\/424dfe65e3070fd8a44d22d2c088762a\",\"name\":\"Tino Lago\",\"image\":{\"@type\":\"ImageObject\",\"inLanguage\":\"gl-ES\",\"@id\":\"https:\\\/\\\/secure.gravatar.com\\\/avatar\\\/b3df6a06e44bab3111583b90f0f33a0379ee5e3d22cbadd232d39f21c30c62be?s=96&d=mm&r=g\",\"url\":\"https:\\\/\\\/secure.gravatar.com\\\/avatar\\\/b3df6a06e44bab3111583b90f0f33a0379ee5e3d22cbadd232d39f21c30c62be?s=96&d=mm&r=g\",\"contentUrl\":\"https:\\\/\\\/secure.gravatar.com\\\/avatar\\\/b3df6a06e44bab3111583b90f0f33a0379ee5e3d22cbadd232d39f21c30c62be?s=96&d=mm&r=g\",\"caption\":\"Tino Lago\"},\"sameAs\":[\"http:\\\/\\\/www.anovapeneira.gal\"],\"url\":\"https:\\\/\\\/www.anovapeneira.gal\\\/index.php\\\/author\\\/director\\\/\"}]}<\/script>\n<!-- \/ Yoast SEO plugin. -->","yoast_head_json":{"title":"\u201c YO CREO EN EL SISTEMA\u201d -","robots":{"index":"index","follow":"follow","max-snippet":"max-snippet:-1","max-image-preview":"max-image-preview:large","max-video-preview":"max-video-preview:-1"},"canonical":"https:\/\/www.anovapeneira.gal\/index.php\/2020\/05\/14\/yo-creo-en-el-sistema\/","og_locale":"gl_ES","og_type":"article","og_title":"\u201c YO CREO EN EL SISTEMA\u201d -","og_description":"Moi pronto, no pa\u00eds galego, haber\u00e1 elecci\u00f3ns, de n\u00f3s depende que os que recortan e privatizan os servizos p\u00fablicos esenciais sigan 4 anos m\u00e1is gobernando na Xunta, ou non [...]","og_url":"https:\/\/www.anovapeneira.gal\/index.php\/2020\/05\/14\/yo-creo-en-el-sistema\/","article_publisher":"https:\/\/www.facebook.com\/anovapeneira","article_published_time":"2020-05-14T10:00:53+00:00","og_image":[{"width":720,"height":473,"url":"https:\/\/www.anovapeneira.gal\/wp-content\/uploads\/2019\/08\/artigo_editorial_a_nova_peneira.jpg","type":"image\/jpeg"}],"author":"Tino Lago","twitter_card":"summary_large_image","twitter_creator":"@APeneira","twitter_site":"@APeneira","twitter_misc":{"Escrito por":"Tino Lago","Tempo de lectura":"4 minutos"},"schema":{"@context":"https:\/\/schema.org","@graph":[{"@type":"Article","@id":"https:\/\/www.anovapeneira.gal\/index.php\/2020\/05\/14\/yo-creo-en-el-sistema\/#article","isPartOf":{"@id":"https:\/\/www.anovapeneira.gal\/index.php\/2020\/05\/14\/yo-creo-en-el-sistema\/"},"author":{"name":"Tino Lago","@id":"https:\/\/www.anovapeneira.gal\/#\/schema\/person\/424dfe65e3070fd8a44d22d2c088762a"},"headline":"\u201c YO CREO EN EL SISTEMA\u201d","datePublished":"2020-05-14T10:00:53+00:00","mainEntityOfPage":{"@id":"https:\/\/www.anovapeneira.gal\/index.php\/2020\/05\/14\/yo-creo-en-el-sistema\/"},"wordCount":715,"commentCount":0,"publisher":{"@id":"https:\/\/www.anovapeneira.gal\/#organization"},"image":{"@id":"https:\/\/www.anovapeneira.gal\/index.php\/2020\/05\/14\/yo-creo-en-el-sistema\/#primaryimage"},"thumbnailUrl":"https:\/\/www.anovapeneira.gal\/wp-content\/uploads\/2019\/08\/artigo_editorial_a_nova_peneira.jpg","keywords":["Opini\u00f3n","Servizo P\u00fablico"],"articleSection":["Artigo editorial"],"inLanguage":"gl-ES","potentialAction":[{"@type":"CommentAction","name":"Comment","target":["https:\/\/www.anovapeneira.gal\/index.php\/2020\/05\/14\/yo-creo-en-el-sistema\/#respond"]}]},{"@type":"WebPage","@id":"https:\/\/www.anovapeneira.gal\/index.php\/2020\/05\/14\/yo-creo-en-el-sistema\/","url":"https:\/\/www.anovapeneira.gal\/index.php\/2020\/05\/14\/yo-creo-en-el-sistema\/","name":"\u201c YO CREO EN EL SISTEMA\u201d -","isPartOf":{"@id":"https:\/\/www.anovapeneira.gal\/#website"},"primaryImageOfPage":{"@id":"https:\/\/www.anovapeneira.gal\/index.php\/2020\/05\/14\/yo-creo-en-el-sistema\/#primaryimage"},"image":{"@id":"https:\/\/www.anovapeneira.gal\/index.php\/2020\/05\/14\/yo-creo-en-el-sistema\/#primaryimage"},"thumbnailUrl":"https:\/\/www.anovapeneira.gal\/wp-content\/uploads\/2019\/08\/artigo_editorial_a_nova_peneira.jpg","datePublished":"2020-05-14T10:00:53+00:00","breadcrumb":{"@id":"https:\/\/www.anovapeneira.gal\/index.php\/2020\/05\/14\/yo-creo-en-el-sistema\/#breadcrumb"},"inLanguage":"gl-ES","potentialAction":[{"@type":"ReadAction","target":["https:\/\/www.anovapeneira.gal\/index.php\/2020\/05\/14\/yo-creo-en-el-sistema\/"]}]},{"@type":"ImageObject","inLanguage":"gl-ES","@id":"https:\/\/www.anovapeneira.gal\/index.php\/2020\/05\/14\/yo-creo-en-el-sistema\/#primaryimage","url":"https:\/\/www.anovapeneira.gal\/wp-content\/uploads\/2019\/08\/artigo_editorial_a_nova_peneira.jpg","contentUrl":"https:\/\/www.anovapeneira.gal\/wp-content\/uploads\/2019\/08\/artigo_editorial_a_nova_peneira.jpg","width":720,"height":473,"caption":"Artigo editorial Tino Lago A Nova Peneira"},{"@type":"BreadcrumbList","@id":"https:\/\/www.anovapeneira.gal\/index.php\/2020\/05\/14\/yo-creo-en-el-sistema\/#breadcrumb","itemListElement":[{"@type":"ListItem","position":1,"name":"Portada","item":"https:\/\/www.anovapeneira.gal\/"},{"@type":"ListItem","position":2,"name":"\u201c YO CREO EN EL SISTEMA\u201d"}]},{"@type":"WebSite","@id":"https:\/\/www.anovapeneira.gal\/#website","url":"https:\/\/www.anovapeneira.gal\/","name":"","description":"Xornal galego de informaci\u00f3n xeral Publicaci\u00f3n mensual de novas de Galicia e en especial dos Concellos da sur da provincia de Pontevedra.","publisher":{"@id":"https:\/\/www.anovapeneira.gal\/#organization"},"potentialAction":[{"@type":"SearchAction","target":{"@type":"EntryPoint","urlTemplate":"https:\/\/www.anovapeneira.gal\/?s={search_term_string}"},"query-input":{"@type":"PropertyValueSpecification","valueRequired":true,"valueName":"search_term_string"}}],"inLanguage":"gl-ES"},{"@type":"Organization","@id":"https:\/\/www.anovapeneira.gal\/#organization","name":"A Nova Peneira","url":"https:\/\/www.anovapeneira.gal\/","logo":{"@type":"ImageObject","inLanguage":"gl-ES","@id":"https:\/\/www.anovapeneira.gal\/#\/schema\/logo\/image\/","url":"http:\/\/www.anovapeneira.gal\/wp-content\/uploads\/2019\/06\/logo_a_nova_peneira_portal_web.png","contentUrl":"http:\/\/www.anovapeneira.gal\/wp-content\/uploads\/2019\/06\/logo_a_nova_peneira_portal_web.png","width":300,"height":100,"caption":"A Nova Peneira"},"image":{"@id":"https:\/\/www.anovapeneira.gal\/#\/schema\/logo\/image\/"},"sameAs":["https:\/\/www.facebook.com\/anovapeneira","https:\/\/x.com\/APeneira"]},{"@type":"Person","@id":"https:\/\/www.anovapeneira.gal\/#\/schema\/person\/424dfe65e3070fd8a44d22d2c088762a","name":"Tino Lago","image":{"@type":"ImageObject","inLanguage":"gl-ES","@id":"https:\/\/secure.gravatar.com\/avatar\/b3df6a06e44bab3111583b90f0f33a0379ee5e3d22cbadd232d39f21c30c62be?s=96&d=mm&r=g","url":"https:\/\/secure.gravatar.com\/avatar\/b3df6a06e44bab3111583b90f0f33a0379ee5e3d22cbadd232d39f21c30c62be?s=96&d=mm&r=g","contentUrl":"https:\/\/secure.gravatar.com\/avatar\/b3df6a06e44bab3111583b90f0f33a0379ee5e3d22cbadd232d39f21c30c62be?s=96&d=mm&r=g","caption":"Tino Lago"},"sameAs":["http:\/\/www.anovapeneira.gal"],"url":"https:\/\/www.anovapeneira.gal\/index.php\/author\/director\/"}]}},"jetpack_featured_media_url":"https:\/\/www.anovapeneira.gal\/wp-content\/uploads\/2019\/08\/artigo_editorial_a_nova_peneira.jpg","_links":{"self":[{"href":"https:\/\/www.anovapeneira.gal\/index.php\/wp-json\/wp\/v2\/posts\/3101","targetHints":{"allow":["GET"]}}],"collection":[{"href":"https:\/\/www.anovapeneira.gal\/index.php\/wp-json\/wp\/v2\/posts"}],"about":[{"href":"https:\/\/www.anovapeneira.gal\/index.php\/wp-json\/wp\/v2\/types\/post"}],"author":[{"embeddable":true,"href":"https:\/\/www.anovapeneira.gal\/index.php\/wp-json\/wp\/v2\/users\/2"}],"replies":[{"embeddable":true,"href":"https:\/\/www.anovapeneira.gal\/index.php\/wp-json\/wp\/v2\/comments?post=3101"}],"version-history":[{"count":1,"href":"https:\/\/www.anovapeneira.gal\/index.php\/wp-json\/wp\/v2\/posts\/3101\/revisions"}],"predecessor-version":[{"id":3102,"href":"https:\/\/www.anovapeneira.gal\/index.php\/wp-json\/wp\/v2\/posts\/3101\/revisions\/3102"}],"wp:featuredmedia":[{"embeddable":true,"href":"https:\/\/www.anovapeneira.gal\/index.php\/wp-json\/wp\/v2\/media\/913"}],"wp:attachment":[{"href":"https:\/\/www.anovapeneira.gal\/index.php\/wp-json\/wp\/v2\/media?parent=3101"}],"wp:term":[{"taxonomy":"category","embeddable":true,"href":"https:\/\/www.anovapeneira.gal\/index.php\/wp-json\/wp\/v2\/categories?post=3101"},{"taxonomy":"post_tag","embeddable":true,"href":"https:\/\/www.anovapeneira.gal\/index.php\/wp-json\/wp\/v2\/tags?post=3101"}],"curies":[{"name":"wp","href":"https:\/\/api.w.org\/{rel}","templated":true}]}}