{"id":3106,"date":"2020-05-15T10:00:28","date_gmt":"2020-05-15T08:00:28","guid":{"rendered":"http:\/\/www.anovapeneira.gal\/?p=3106"},"modified":"2020-05-15T09:05:48","modified_gmt":"2020-05-15T07:05:48","slug":"comunicado-de-a-colectiva-asociacion-profesional-de-artistas-de-galicia-por-mor-do-plan-de-reactivacion-dos-sectores-cultural-e-turistico-da-xunta-de-galicia","status":"publish","type":"post","link":"https:\/\/www.anovapeneira.gal\/index.php\/2020\/05\/15\/comunicado-de-a-colectiva-asociacion-profesional-de-artistas-de-galicia-por-mor-do-plan-de-reactivacion-dos-sectores-cultural-e-turistico-da-xunta-de-galicia\/","title":{"rendered":"Comunicado de A Colectiva, Asociaci\u00f3n Profesional de Artistas de Galicia, por mor do plan de reactivaci\u00f3n dos sectores cultural e tur\u00edstico da Xunta de Galicia"},"content":{"rendered":"\n<p>Despois de revisar o plan da Xunta de Galicia, para a reactivaci\u00f3n do sector cultural, e cavilar sobre as medidas presentadas referentes as \u201cartes pl\u00e1sticas\u201d, concretamente, as orientadas a fomentar a actividade levada a cabo por artistas, queremos manifestar publicamente a nosa desconformidade.<\/p>\n\n\n\n<p>A grandes rasgos podemos subli\u00f1ar que estas medidas protexen fundamentalmente \u00e1 industria cultural e \u00e1 tur\u00edstica deixando de lado a materia prima do \u00e1mbito art\u00edstico, as e os artistas. Se ben compartimos a necesidade de apoiar as empresas do sector cultural, non entendemos que, unha vez m\u00e1is, sexa a figura do artista, a m\u00e1is vulnerable.<\/p>\n\n\n\n<p>Pensamos que este plan e pouco preciso e non mostra no seu contido o detalle no que se desenvolver\u00e1n ditas medidas. Por outra banda, os enunciados expostos no plan, par\u00e9cennos, nalg\u00fans casos, sen sentido. Nestas circunstancias non se adaptan \u00e1 realidade dos e das artistas visuais en Galicia.<\/p>\n\n\n\n<p>Dito o cal, gustar\u00edanos subli\u00f1ar nos seguintes ep\u00edgrafes, certas apreciaci\u00f3ns xerais sobre as devanditas medidas:<\/p>\n\n\n\n<p>&#8211; O requisito de rango de idade para poder competir ou optar a unha axuda para producci\u00f3n de proxectos ou compra de obra \u00e9, nestes momentos, un desprop\u00f3sito e roza a falta de respecto cara o traballo das e dos artistas visuais residentes en Galicia. As e os artistas, de todas as idades, estanse vendo afectados polas circunstancias derivadas do COVID-19. Adem\u00e1is, pedimos encarecidamente que os procesos de compra ou desfrute dunha axuda por parte dun artista sexa froito dun proceso p\u00fablico de concorrencia competitiva e con garant\u00edas. Debemos subli\u00f1ar neste punto a necesidade de que as compras de obra ou encargos a artistas real\u00edcense directamente cos autores, sen empresas intermediarias.<\/p>\n\n\n\n<p>&#8211; A Realizaci\u00f3n do Encontro de Artistas Novos, EAN, non pode considerarse coma unha medida de reactivaci\u00f3n porque xa exist\u00eda previamente ao estado de alarma. Realizar un encontro de artistas na actual situaci\u00f3n, adem\u00e1is de parecernos inviable tendo en conta as condici\u00f3ns sanitarias, non incide directamente na reactivaci\u00f3n do traballo das e dos artistas. Hai que ter en conta que este tipo de encontros non sup\u00f3n ning\u00fan tipo de r\u00e9dito econ\u00f3mico para as e os creadores, m\u00e1is al\u00f3 do mero feito promocional. Todos os beneficios econ\u00f3micos deste tipo de actividades redundan no propio ente organizativo e nos servizos subcontratados.<\/p>\n\n\n\n<p>&#8211; Al\u00e9granos saber que se tomar\u00e1n medidas para apoiar \u00e1 Asociaci\u00f3n Contempor\u00e1nea de Galer\u00edas de Arte de Galicia. Por\u00e9n, non aparece ning\u00fan tipo de apoio para cooperativas formadas por artistas, artistas aut\u00f3nomos ou asociaci\u00f3ns de artistas. Este tipo de discriminaci\u00f3ns afonda, a\u00ednda m\u00e1is, na situaci\u00f3n de vulnerabilidade e de exclusi\u00f3n social das e dos artistas.<\/p>\n\n\n\n<p>No plan de reactivaci\u00f3n tampouco existen medidas especificas para as e os artistas, como s\u00ed aparecen para empresas e xestores culturais, orientadas a s\u00faa formaci\u00f3n, profesionalizaci\u00f3n e mellora da s\u00faa competitividade. As e os artistas existen e te\u00f1en as mesmas necesidades profesionais que o resto dos axentes de calquera eido. As\u00ed pois, tam\u00e9n merecen programas de formaci\u00f3n, profesionalizaci\u00f3n e asesoramento.<\/p>\n\n\n\n<p>As medidas dirixidas \u00e1s \u201cartes pl\u00e1sticas\u201d par\u00e9cennos insuficientes e ineficaces para a mellora da vida profesional dos artistas no eido cultural galego. Pensamos que esta situaci\u00f3n de crise \u00e9 un bo momento, incluso unha oportunidade, para facer as cousas doutro xeito e, se cabe, empezar a sentar as bases dun \u00e1mbito art\u00edstico e sector cultural m\u00e1is estable, productible e sostible a longo prazo. Unha oportunidade para reverter a discriminaci\u00f3n hist\u00f3rica que, a pr\u00e1ctica profesional levada a cabo por artistas en Galicia, sofre no seu propio eido profesional, o cultural.<\/p>\n\n\n\n<p>Inda estamos a tempo e seguiremos a disposici\u00f3n das administraci\u00f3ns para axudar a mellorar a actividade profesional dos e das artistas en Galicia.<\/p>\n","protected":false},"excerpt":{"rendered":"<div class=\"mh-excerpt\"><p>Despois de revisar o plan da Xunta de Galicia, para a reactivaci\u00f3n do sector cultural, e cavilar sobre as medidas presentadas referentes as \u201cartes pl\u00e1sticas\u201d <a class=\"mh-excerpt-more\" href=\"https:\/\/www.anovapeneira.gal\/index.php\/2020\/05\/15\/comunicado-de-a-colectiva-asociacion-profesional-de-artistas-de-galicia-por-mor-do-plan-de-reactivacion-dos-sectores-cultural-e-turistico-da-xunta-de-galicia\/\" title=\"Comunicado de A Colectiva, Asociaci\u00f3n Profesional de Artistas de Galicia, por mor do plan de reactivaci\u00f3n dos sectores cultural e tur\u00edstico da Xunta de Galicia\">[&#8230;]<\/a><\/p>\n<\/div>","protected":false},"author":3,"featured_media":3107,"comment_status":"open","ping_status":"open","sticky":false,"template":"","format":"standard","meta":{"_exactmetrics_skip_tracking":false,"_exactmetrics_sitenote_active":false,"_exactmetrics_sitenote_note":"","_exactmetrics_sitenote_category":0,"footnotes":""},"categories":[263],"tags":[1057,1059,1058],"class_list":{"0":"post-3106","1":"post","2":"type-post","3":"status-publish","4":"format-standard","5":"has-post-thumbnail","7":"category-novas","8":"tag-a-colectiva","9":"tag-industria-cultural","10":"tag-sector-cultural"},"yoast_head":"<!-- This site is optimized with the Yoast SEO plugin v27.4 - https:\/\/yoast.com\/product\/yoast-seo-wordpress\/ -->\n<title>Comunicado de A Colectiva, Asociaci\u00f3n Profesional de Artistas de Galicia, por mor do plan de reactivaci\u00f3n dos sectores cultural e tur\u00edstico da Xunta de Galicia -<\/title>\n<meta name=\"robots\" content=\"index, follow, max-snippet:-1, max-image-preview:large, max-video-preview:-1\" \/>\n<link rel=\"canonical\" href=\"https:\/\/www.anovapeneira.gal\/index.php\/2020\/05\/15\/comunicado-de-a-colectiva-asociacion-profesional-de-artistas-de-galicia-por-mor-do-plan-de-reactivacion-dos-sectores-cultural-e-turistico-da-xunta-de-galicia\/\" \/>\n<meta property=\"og:locale\" content=\"gl_ES\" \/>\n<meta property=\"og:type\" content=\"article\" \/>\n<meta property=\"og:title\" content=\"Comunicado de A Colectiva, Asociaci\u00f3n Profesional de Artistas de Galicia, por mor do plan de reactivaci\u00f3n dos sectores cultural e tur\u00edstico da Xunta de Galicia -\" \/>\n<meta property=\"og:description\" content=\"Despois de revisar o plan da Xunta de Galicia, para a reactivaci\u00f3n do sector cultural, e cavilar sobre as medidas presentadas referentes as \u201cartes pl\u00e1sticas\u201d [...]\" \/>\n<meta property=\"og:url\" content=\"https:\/\/www.anovapeneira.gal\/index.php\/2020\/05\/15\/comunicado-de-a-colectiva-asociacion-profesional-de-artistas-de-galicia-por-mor-do-plan-de-reactivacion-dos-sectores-cultural-e-turistico-da-xunta-de-galicia\/\" \/>\n<meta property=\"article:publisher\" content=\"https:\/\/www.facebook.com\/anovapeneira\" \/>\n<meta property=\"article:published_time\" content=\"2020-05-15T08:00:28+00:00\" \/>\n<meta property=\"og:image\" content=\"https:\/\/www.anovapeneira.gal\/wp-content\/uploads\/2020\/05\/a_colectiva_a_nova_peneira.jpg\" \/>\n\t<meta property=\"og:image:width\" content=\"720\" \/>\n\t<meta property=\"og:image:height\" content=\"432\" \/>\n\t<meta property=\"og:image:type\" content=\"image\/jpeg\" \/>\n<meta name=\"author\" content=\"Redacci\u00f3n A Nova Peneira\" \/>\n<meta name=\"twitter:card\" content=\"summary_large_image\" \/>\n<meta name=\"twitter:creator\" content=\"@APeneira\" \/>\n<meta name=\"twitter:site\" content=\"@APeneira\" \/>\n<meta name=\"twitter:label1\" content=\"Escrito por\" \/>\n\t<meta name=\"twitter:data1\" content=\"Redacci\u00f3n A Nova Peneira\" \/>\n\t<meta name=\"twitter:label2\" content=\"Tempo de lectura\" \/>\n\t<meta name=\"twitter:data2\" content=\"3 minutos\" \/>\n<script type=\"application\/ld+json\" class=\"yoast-schema-graph\">{\"@context\":\"https:\\\/\\\/schema.org\",\"@graph\":[{\"@type\":\"Article\",\"@id\":\"https:\\\/\\\/www.anovapeneira.gal\\\/index.php\\\/2020\\\/05\\\/15\\\/comunicado-de-a-colectiva-asociacion-profesional-de-artistas-de-galicia-por-mor-do-plan-de-reactivacion-dos-sectores-cultural-e-turistico-da-xunta-de-galicia\\\/#article\",\"isPartOf\":{\"@id\":\"https:\\\/\\\/www.anovapeneira.gal\\\/index.php\\\/2020\\\/05\\\/15\\\/comunicado-de-a-colectiva-asociacion-profesional-de-artistas-de-galicia-por-mor-do-plan-de-reactivacion-dos-sectores-cultural-e-turistico-da-xunta-de-galicia\\\/\"},\"author\":{\"name\":\"Redacci\u00f3n A Nova Peneira\",\"@id\":\"https:\\\/\\\/www.anovapeneira.gal\\\/#\\\/schema\\\/person\\\/b93e3f8932e3f8da96334607eb6ac6aa\"},\"headline\":\"Comunicado de A Colectiva, Asociaci\u00f3n Profesional de Artistas de Galicia, por mor do plan de reactivaci\u00f3n dos sectores cultural e tur\u00edstico da Xunta de Galicia\",\"datePublished\":\"2020-05-15T08:00:28+00:00\",\"mainEntityOfPage\":{\"@id\":\"https:\\\/\\\/www.anovapeneira.gal\\\/index.php\\\/2020\\\/05\\\/15\\\/comunicado-de-a-colectiva-asociacion-profesional-de-artistas-de-galicia-por-mor-do-plan-de-reactivacion-dos-sectores-cultural-e-turistico-da-xunta-de-galicia\\\/\"},\"wordCount\":687,\"commentCount\":0,\"publisher\":{\"@id\":\"https:\\\/\\\/www.anovapeneira.gal\\\/#organization\"},\"image\":{\"@id\":\"https:\\\/\\\/www.anovapeneira.gal\\\/index.php\\\/2020\\\/05\\\/15\\\/comunicado-de-a-colectiva-asociacion-profesional-de-artistas-de-galicia-por-mor-do-plan-de-reactivacion-dos-sectores-cultural-e-turistico-da-xunta-de-galicia\\\/#primaryimage\"},\"thumbnailUrl\":\"https:\\\/\\\/www.anovapeneira.gal\\\/wp-content\\\/uploads\\\/2020\\\/05\\\/a_colectiva_a_nova_peneira.jpg\",\"keywords\":[\"A Colectiva\",\"Industria cultural\",\"Sector cultural\"],\"articleSection\":[\"Novas\"],\"inLanguage\":\"gl-ES\",\"potentialAction\":[{\"@type\":\"CommentAction\",\"name\":\"Comment\",\"target\":[\"https:\\\/\\\/www.anovapeneira.gal\\\/index.php\\\/2020\\\/05\\\/15\\\/comunicado-de-a-colectiva-asociacion-profesional-de-artistas-de-galicia-por-mor-do-plan-de-reactivacion-dos-sectores-cultural-e-turistico-da-xunta-de-galicia\\\/#respond\"]}]},{\"@type\":\"WebPage\",\"@id\":\"https:\\\/\\\/www.anovapeneira.gal\\\/index.php\\\/2020\\\/05\\\/15\\\/comunicado-de-a-colectiva-asociacion-profesional-de-artistas-de-galicia-por-mor-do-plan-de-reactivacion-dos-sectores-cultural-e-turistico-da-xunta-de-galicia\\\/\",\"url\":\"https:\\\/\\\/www.anovapeneira.gal\\\/index.php\\\/2020\\\/05\\\/15\\\/comunicado-de-a-colectiva-asociacion-profesional-de-artistas-de-galicia-por-mor-do-plan-de-reactivacion-dos-sectores-cultural-e-turistico-da-xunta-de-galicia\\\/\",\"name\":\"Comunicado de A Colectiva, Asociaci\u00f3n Profesional de Artistas de Galicia, por mor do plan de reactivaci\u00f3n dos sectores cultural e tur\u00edstico da Xunta de Galicia -\",\"isPartOf\":{\"@id\":\"https:\\\/\\\/www.anovapeneira.gal\\\/#website\"},\"primaryImageOfPage\":{\"@id\":\"https:\\\/\\\/www.anovapeneira.gal\\\/index.php\\\/2020\\\/05\\\/15\\\/comunicado-de-a-colectiva-asociacion-profesional-de-artistas-de-galicia-por-mor-do-plan-de-reactivacion-dos-sectores-cultural-e-turistico-da-xunta-de-galicia\\\/#primaryimage\"},\"image\":{\"@id\":\"https:\\\/\\\/www.anovapeneira.gal\\\/index.php\\\/2020\\\/05\\\/15\\\/comunicado-de-a-colectiva-asociacion-profesional-de-artistas-de-galicia-por-mor-do-plan-de-reactivacion-dos-sectores-cultural-e-turistico-da-xunta-de-galicia\\\/#primaryimage\"},\"thumbnailUrl\":\"https:\\\/\\\/www.anovapeneira.gal\\\/wp-content\\\/uploads\\\/2020\\\/05\\\/a_colectiva_a_nova_peneira.jpg\",\"datePublished\":\"2020-05-15T08:00:28+00:00\",\"breadcrumb\":{\"@id\":\"https:\\\/\\\/www.anovapeneira.gal\\\/index.php\\\/2020\\\/05\\\/15\\\/comunicado-de-a-colectiva-asociacion-profesional-de-artistas-de-galicia-por-mor-do-plan-de-reactivacion-dos-sectores-cultural-e-turistico-da-xunta-de-galicia\\\/#breadcrumb\"},\"inLanguage\":\"gl-ES\",\"potentialAction\":[{\"@type\":\"ReadAction\",\"target\":[\"https:\\\/\\\/www.anovapeneira.gal\\\/index.php\\\/2020\\\/05\\\/15\\\/comunicado-de-a-colectiva-asociacion-profesional-de-artistas-de-galicia-por-mor-do-plan-de-reactivacion-dos-sectores-cultural-e-turistico-da-xunta-de-galicia\\\/\"]}]},{\"@type\":\"ImageObject\",\"inLanguage\":\"gl-ES\",\"@id\":\"https:\\\/\\\/www.anovapeneira.gal\\\/index.php\\\/2020\\\/05\\\/15\\\/comunicado-de-a-colectiva-asociacion-profesional-de-artistas-de-galicia-por-mor-do-plan-de-reactivacion-dos-sectores-cultural-e-turistico-da-xunta-de-galicia\\\/#primaryimage\",\"url\":\"https:\\\/\\\/www.anovapeneira.gal\\\/wp-content\\\/uploads\\\/2020\\\/05\\\/a_colectiva_a_nova_peneira.jpg\",\"contentUrl\":\"https:\\\/\\\/www.anovapeneira.gal\\\/wp-content\\\/uploads\\\/2020\\\/05\\\/a_colectiva_a_nova_peneira.jpg\",\"width\":720,\"height\":432,\"caption\":\"A Colectiva A Nova Peneira\"},{\"@type\":\"BreadcrumbList\",\"@id\":\"https:\\\/\\\/www.anovapeneira.gal\\\/index.php\\\/2020\\\/05\\\/15\\\/comunicado-de-a-colectiva-asociacion-profesional-de-artistas-de-galicia-por-mor-do-plan-de-reactivacion-dos-sectores-cultural-e-turistico-da-xunta-de-galicia\\\/#breadcrumb\",\"itemListElement\":[{\"@type\":\"ListItem\",\"position\":1,\"name\":\"Portada\",\"item\":\"https:\\\/\\\/www.anovapeneira.gal\\\/\"},{\"@type\":\"ListItem\",\"position\":2,\"name\":\"Comunicado de A Colectiva, Asociaci\u00f3n Profesional de Artistas de Galicia, por mor do plan de reactivaci\u00f3n dos sectores cultural e tur\u00edstico da Xunta de Galicia\"}]},{\"@type\":\"WebSite\",\"@id\":\"https:\\\/\\\/www.anovapeneira.gal\\\/#website\",\"url\":\"https:\\\/\\\/www.anovapeneira.gal\\\/\",\"name\":\"\",\"description\":\"Xornal galego de informaci\u00f3n xeral Publicaci\u00f3n mensual de novas de Galicia e en especial dos Concellos da sur da provincia de Pontevedra.\",\"publisher\":{\"@id\":\"https:\\\/\\\/www.anovapeneira.gal\\\/#organization\"},\"potentialAction\":[{\"@type\":\"SearchAction\",\"target\":{\"@type\":\"EntryPoint\",\"urlTemplate\":\"https:\\\/\\\/www.anovapeneira.gal\\\/?s={search_term_string}\"},\"query-input\":{\"@type\":\"PropertyValueSpecification\",\"valueRequired\":true,\"valueName\":\"search_term_string\"}}],\"inLanguage\":\"gl-ES\"},{\"@type\":\"Organization\",\"@id\":\"https:\\\/\\\/www.anovapeneira.gal\\\/#organization\",\"name\":\"A Nova Peneira\",\"url\":\"https:\\\/\\\/www.anovapeneira.gal\\\/\",\"logo\":{\"@type\":\"ImageObject\",\"inLanguage\":\"gl-ES\",\"@id\":\"https:\\\/\\\/www.anovapeneira.gal\\\/#\\\/schema\\\/logo\\\/image\\\/\",\"url\":\"http:\\\/\\\/www.anovapeneira.gal\\\/wp-content\\\/uploads\\\/2019\\\/06\\\/logo_a_nova_peneira_portal_web.png\",\"contentUrl\":\"http:\\\/\\\/www.anovapeneira.gal\\\/wp-content\\\/uploads\\\/2019\\\/06\\\/logo_a_nova_peneira_portal_web.png\",\"width\":300,\"height\":100,\"caption\":\"A Nova Peneira\"},\"image\":{\"@id\":\"https:\\\/\\\/www.anovapeneira.gal\\\/#\\\/schema\\\/logo\\\/image\\\/\"},\"sameAs\":[\"https:\\\/\\\/www.facebook.com\\\/anovapeneira\",\"https:\\\/\\\/x.com\\\/APeneira\"]},{\"@type\":\"Person\",\"@id\":\"https:\\\/\\\/www.anovapeneira.gal\\\/#\\\/schema\\\/person\\\/b93e3f8932e3f8da96334607eb6ac6aa\",\"name\":\"Redacci\u00f3n A Nova Peneira\",\"image\":{\"@type\":\"ImageObject\",\"inLanguage\":\"gl-ES\",\"@id\":\"https:\\\/\\\/secure.gravatar.com\\\/avatar\\\/c052a2551a06e23fac63626232eaa90abd78dbcf1700fc46a2b2c89fd27b735f?s=96&d=mm&r=g\",\"url\":\"https:\\\/\\\/secure.gravatar.com\\\/avatar\\\/c052a2551a06e23fac63626232eaa90abd78dbcf1700fc46a2b2c89fd27b735f?s=96&d=mm&r=g\",\"contentUrl\":\"https:\\\/\\\/secure.gravatar.com\\\/avatar\\\/c052a2551a06e23fac63626232eaa90abd78dbcf1700fc46a2b2c89fd27b735f?s=96&d=mm&r=g\",\"caption\":\"Redacci\u00f3n A Nova Peneira\"},\"sameAs\":[\"http:\\\/\\\/www.anovapeneira.gal\\\/\"],\"url\":\"https:\\\/\\\/www.anovapeneira.gal\\\/index.php\\\/author\\\/redactor\\\/\"}]}<\/script>\n<!-- \/ Yoast SEO plugin. -->","yoast_head_json":{"title":"Comunicado de A Colectiva, Asociaci\u00f3n Profesional de Artistas de Galicia, por mor do plan de reactivaci\u00f3n dos sectores cultural e tur\u00edstico da Xunta de Galicia -","robots":{"index":"index","follow":"follow","max-snippet":"max-snippet:-1","max-image-preview":"max-image-preview:large","max-video-preview":"max-video-preview:-1"},"canonical":"https:\/\/www.anovapeneira.gal\/index.php\/2020\/05\/15\/comunicado-de-a-colectiva-asociacion-profesional-de-artistas-de-galicia-por-mor-do-plan-de-reactivacion-dos-sectores-cultural-e-turistico-da-xunta-de-galicia\/","og_locale":"gl_ES","og_type":"article","og_title":"Comunicado de A Colectiva, Asociaci\u00f3n Profesional de Artistas de Galicia, por mor do plan de reactivaci\u00f3n dos sectores cultural e tur\u00edstico da Xunta de Galicia -","og_description":"Despois de revisar o plan da Xunta de Galicia, para a reactivaci\u00f3n do sector cultural, e cavilar sobre as medidas presentadas referentes as \u201cartes pl\u00e1sticas\u201d [...]","og_url":"https:\/\/www.anovapeneira.gal\/index.php\/2020\/05\/15\/comunicado-de-a-colectiva-asociacion-profesional-de-artistas-de-galicia-por-mor-do-plan-de-reactivacion-dos-sectores-cultural-e-turistico-da-xunta-de-galicia\/","article_publisher":"https:\/\/www.facebook.com\/anovapeneira","article_published_time":"2020-05-15T08:00:28+00:00","og_image":[{"width":720,"height":432,"url":"https:\/\/www.anovapeneira.gal\/wp-content\/uploads\/2020\/05\/a_colectiva_a_nova_peneira.jpg","type":"image\/jpeg"}],"author":"Redacci\u00f3n A Nova Peneira","twitter_card":"summary_large_image","twitter_creator":"@APeneira","twitter_site":"@APeneira","twitter_misc":{"Escrito por":"Redacci\u00f3n A Nova Peneira","Tempo de lectura":"3 minutos"},"schema":{"@context":"https:\/\/schema.org","@graph":[{"@type":"Article","@id":"https:\/\/www.anovapeneira.gal\/index.php\/2020\/05\/15\/comunicado-de-a-colectiva-asociacion-profesional-de-artistas-de-galicia-por-mor-do-plan-de-reactivacion-dos-sectores-cultural-e-turistico-da-xunta-de-galicia\/#article","isPartOf":{"@id":"https:\/\/www.anovapeneira.gal\/index.php\/2020\/05\/15\/comunicado-de-a-colectiva-asociacion-profesional-de-artistas-de-galicia-por-mor-do-plan-de-reactivacion-dos-sectores-cultural-e-turistico-da-xunta-de-galicia\/"},"author":{"name":"Redacci\u00f3n A Nova Peneira","@id":"https:\/\/www.anovapeneira.gal\/#\/schema\/person\/b93e3f8932e3f8da96334607eb6ac6aa"},"headline":"Comunicado de A Colectiva, Asociaci\u00f3n Profesional de Artistas de Galicia, por mor do plan de reactivaci\u00f3n dos sectores cultural e tur\u00edstico da Xunta de Galicia","datePublished":"2020-05-15T08:00:28+00:00","mainEntityOfPage":{"@id":"https:\/\/www.anovapeneira.gal\/index.php\/2020\/05\/15\/comunicado-de-a-colectiva-asociacion-profesional-de-artistas-de-galicia-por-mor-do-plan-de-reactivacion-dos-sectores-cultural-e-turistico-da-xunta-de-galicia\/"},"wordCount":687,"commentCount":0,"publisher":{"@id":"https:\/\/www.anovapeneira.gal\/#organization"},"image":{"@id":"https:\/\/www.anovapeneira.gal\/index.php\/2020\/05\/15\/comunicado-de-a-colectiva-asociacion-profesional-de-artistas-de-galicia-por-mor-do-plan-de-reactivacion-dos-sectores-cultural-e-turistico-da-xunta-de-galicia\/#primaryimage"},"thumbnailUrl":"https:\/\/www.anovapeneira.gal\/wp-content\/uploads\/2020\/05\/a_colectiva_a_nova_peneira.jpg","keywords":["A Colectiva","Industria cultural","Sector cultural"],"articleSection":["Novas"],"inLanguage":"gl-ES","potentialAction":[{"@type":"CommentAction","name":"Comment","target":["https:\/\/www.anovapeneira.gal\/index.php\/2020\/05\/15\/comunicado-de-a-colectiva-asociacion-profesional-de-artistas-de-galicia-por-mor-do-plan-de-reactivacion-dos-sectores-cultural-e-turistico-da-xunta-de-galicia\/#respond"]}]},{"@type":"WebPage","@id":"https:\/\/www.anovapeneira.gal\/index.php\/2020\/05\/15\/comunicado-de-a-colectiva-asociacion-profesional-de-artistas-de-galicia-por-mor-do-plan-de-reactivacion-dos-sectores-cultural-e-turistico-da-xunta-de-galicia\/","url":"https:\/\/www.anovapeneira.gal\/index.php\/2020\/05\/15\/comunicado-de-a-colectiva-asociacion-profesional-de-artistas-de-galicia-por-mor-do-plan-de-reactivacion-dos-sectores-cultural-e-turistico-da-xunta-de-galicia\/","name":"Comunicado de A Colectiva, Asociaci\u00f3n Profesional de Artistas de Galicia, por mor do plan de reactivaci\u00f3n dos sectores cultural e tur\u00edstico da Xunta de Galicia -","isPartOf":{"@id":"https:\/\/www.anovapeneira.gal\/#website"},"primaryImageOfPage":{"@id":"https:\/\/www.anovapeneira.gal\/index.php\/2020\/05\/15\/comunicado-de-a-colectiva-asociacion-profesional-de-artistas-de-galicia-por-mor-do-plan-de-reactivacion-dos-sectores-cultural-e-turistico-da-xunta-de-galicia\/#primaryimage"},"image":{"@id":"https:\/\/www.anovapeneira.gal\/index.php\/2020\/05\/15\/comunicado-de-a-colectiva-asociacion-profesional-de-artistas-de-galicia-por-mor-do-plan-de-reactivacion-dos-sectores-cultural-e-turistico-da-xunta-de-galicia\/#primaryimage"},"thumbnailUrl":"https:\/\/www.anovapeneira.gal\/wp-content\/uploads\/2020\/05\/a_colectiva_a_nova_peneira.jpg","datePublished":"2020-05-15T08:00:28+00:00","breadcrumb":{"@id":"https:\/\/www.anovapeneira.gal\/index.php\/2020\/05\/15\/comunicado-de-a-colectiva-asociacion-profesional-de-artistas-de-galicia-por-mor-do-plan-de-reactivacion-dos-sectores-cultural-e-turistico-da-xunta-de-galicia\/#breadcrumb"},"inLanguage":"gl-ES","potentialAction":[{"@type":"ReadAction","target":["https:\/\/www.anovapeneira.gal\/index.php\/2020\/05\/15\/comunicado-de-a-colectiva-asociacion-profesional-de-artistas-de-galicia-por-mor-do-plan-de-reactivacion-dos-sectores-cultural-e-turistico-da-xunta-de-galicia\/"]}]},{"@type":"ImageObject","inLanguage":"gl-ES","@id":"https:\/\/www.anovapeneira.gal\/index.php\/2020\/05\/15\/comunicado-de-a-colectiva-asociacion-profesional-de-artistas-de-galicia-por-mor-do-plan-de-reactivacion-dos-sectores-cultural-e-turistico-da-xunta-de-galicia\/#primaryimage","url":"https:\/\/www.anovapeneira.gal\/wp-content\/uploads\/2020\/05\/a_colectiva_a_nova_peneira.jpg","contentUrl":"https:\/\/www.anovapeneira.gal\/wp-content\/uploads\/2020\/05\/a_colectiva_a_nova_peneira.jpg","width":720,"height":432,"caption":"A Colectiva A Nova Peneira"},{"@type":"BreadcrumbList","@id":"https:\/\/www.anovapeneira.gal\/index.php\/2020\/05\/15\/comunicado-de-a-colectiva-asociacion-profesional-de-artistas-de-galicia-por-mor-do-plan-de-reactivacion-dos-sectores-cultural-e-turistico-da-xunta-de-galicia\/#breadcrumb","itemListElement":[{"@type":"ListItem","position":1,"name":"Portada","item":"https:\/\/www.anovapeneira.gal\/"},{"@type":"ListItem","position":2,"name":"Comunicado de A Colectiva, Asociaci\u00f3n Profesional de Artistas de Galicia, por mor do plan de reactivaci\u00f3n dos sectores cultural e tur\u00edstico da Xunta de Galicia"}]},{"@type":"WebSite","@id":"https:\/\/www.anovapeneira.gal\/#website","url":"https:\/\/www.anovapeneira.gal\/","name":"","description":"Xornal galego de informaci\u00f3n xeral Publicaci\u00f3n mensual de novas de Galicia e en especial dos Concellos da sur da provincia de Pontevedra.","publisher":{"@id":"https:\/\/www.anovapeneira.gal\/#organization"},"potentialAction":[{"@type":"SearchAction","target":{"@type":"EntryPoint","urlTemplate":"https:\/\/www.anovapeneira.gal\/?s={search_term_string}"},"query-input":{"@type":"PropertyValueSpecification","valueRequired":true,"valueName":"search_term_string"}}],"inLanguage":"gl-ES"},{"@type":"Organization","@id":"https:\/\/www.anovapeneira.gal\/#organization","name":"A Nova Peneira","url":"https:\/\/www.anovapeneira.gal\/","logo":{"@type":"ImageObject","inLanguage":"gl-ES","@id":"https:\/\/www.anovapeneira.gal\/#\/schema\/logo\/image\/","url":"http:\/\/www.anovapeneira.gal\/wp-content\/uploads\/2019\/06\/logo_a_nova_peneira_portal_web.png","contentUrl":"http:\/\/www.anovapeneira.gal\/wp-content\/uploads\/2019\/06\/logo_a_nova_peneira_portal_web.png","width":300,"height":100,"caption":"A Nova Peneira"},"image":{"@id":"https:\/\/www.anovapeneira.gal\/#\/schema\/logo\/image\/"},"sameAs":["https:\/\/www.facebook.com\/anovapeneira","https:\/\/x.com\/APeneira"]},{"@type":"Person","@id":"https:\/\/www.anovapeneira.gal\/#\/schema\/person\/b93e3f8932e3f8da96334607eb6ac6aa","name":"Redacci\u00f3n A Nova Peneira","image":{"@type":"ImageObject","inLanguage":"gl-ES","@id":"https:\/\/secure.gravatar.com\/avatar\/c052a2551a06e23fac63626232eaa90abd78dbcf1700fc46a2b2c89fd27b735f?s=96&d=mm&r=g","url":"https:\/\/secure.gravatar.com\/avatar\/c052a2551a06e23fac63626232eaa90abd78dbcf1700fc46a2b2c89fd27b735f?s=96&d=mm&r=g","contentUrl":"https:\/\/secure.gravatar.com\/avatar\/c052a2551a06e23fac63626232eaa90abd78dbcf1700fc46a2b2c89fd27b735f?s=96&d=mm&r=g","caption":"Redacci\u00f3n A Nova Peneira"},"sameAs":["http:\/\/www.anovapeneira.gal\/"],"url":"https:\/\/www.anovapeneira.gal\/index.php\/author\/redactor\/"}]}},"jetpack_featured_media_url":"https:\/\/www.anovapeneira.gal\/wp-content\/uploads\/2020\/05\/a_colectiva_a_nova_peneira.jpg","_links":{"self":[{"href":"https:\/\/www.anovapeneira.gal\/index.php\/wp-json\/wp\/v2\/posts\/3106","targetHints":{"allow":["GET"]}}],"collection":[{"href":"https:\/\/www.anovapeneira.gal\/index.php\/wp-json\/wp\/v2\/posts"}],"about":[{"href":"https:\/\/www.anovapeneira.gal\/index.php\/wp-json\/wp\/v2\/types\/post"}],"author":[{"embeddable":true,"href":"https:\/\/www.anovapeneira.gal\/index.php\/wp-json\/wp\/v2\/users\/3"}],"replies":[{"embeddable":true,"href":"https:\/\/www.anovapeneira.gal\/index.php\/wp-json\/wp\/v2\/comments?post=3106"}],"version-history":[{"count":1,"href":"https:\/\/www.anovapeneira.gal\/index.php\/wp-json\/wp\/v2\/posts\/3106\/revisions"}],"predecessor-version":[{"id":3108,"href":"https:\/\/www.anovapeneira.gal\/index.php\/wp-json\/wp\/v2\/posts\/3106\/revisions\/3108"}],"wp:featuredmedia":[{"embeddable":true,"href":"https:\/\/www.anovapeneira.gal\/index.php\/wp-json\/wp\/v2\/media\/3107"}],"wp:attachment":[{"href":"https:\/\/www.anovapeneira.gal\/index.php\/wp-json\/wp\/v2\/media?parent=3106"}],"wp:term":[{"taxonomy":"category","embeddable":true,"href":"https:\/\/www.anovapeneira.gal\/index.php\/wp-json\/wp\/v2\/categories?post=3106"},{"taxonomy":"post_tag","embeddable":true,"href":"https:\/\/www.anovapeneira.gal\/index.php\/wp-json\/wp\/v2\/tags?post=3106"}],"curies":[{"name":"wp","href":"https:\/\/api.w.org\/{rel}","templated":true}]}}