{"id":3109,"date":"2020-05-15T12:00:16","date_gmt":"2020-05-15T10:00:16","guid":{"rendered":"http:\/\/www.anovapeneira.gal\/?p=3109"},"modified":"2020-05-17T23:23:58","modified_gmt":"2020-05-17T21:23:58","slug":"gonzalo-caballero-sx-do-psdg","status":"publish","type":"post","link":"https:\/\/www.anovapeneira.gal\/index.php\/2020\/05\/15\/gonzalo-caballero-sx-do-psdg\/","title":{"rendered":"Gonzalo caballero: &#8220;A nosa aposta: m\u00e1is estado de benestar, m\u00e1is sanidade p\u00fablica, e unha pol\u00edtica de reconstruci\u00f3n de Galicia&#8221;"},"content":{"rendered":"\n<h4 class=\"wp-block-heading\"><strong>Gonzalo Caballero \u00e9 o Secretario Xeral do PSdG, e o candidato \u00e1 presidencia da Xunta por ese partido. Mantivemos unha longa conversa con el sobre a situaci\u00f3n sanitaria e social, e sobre as inminentes elecci\u00f3ns auton\u00f3micas. Vela\u00ed vai o que deu de si<\/strong><\/h4>\n\n\n\n<blockquote class=\"wp-block-quote is-layout-flow wp-block-quote-is-layout-flow\"><p><strong>\u201cAO MARXE DE CALQUERA CITA ELECTORAL O PSdG TEN MOI CLARA A S\u00daA APOSTA:M\u00c1IS ESTADO DE BENESTAR, M\u00c1IS SANIDADE P\u00daBLICA, E UNHA POL\u00cdTICA DE RECONSTRUCI\u00d3N DE GALICIA PARA IMPULSAR A POSICI\u00d3N DE TODAS E CADA UNHA DAS PERSOAS\u201d<\/strong><\/p><\/blockquote>\n\n\n\n<p><strong>Estou Falando co pr\u00f3ximo presidente da Xunta?<\/strong><\/p>\n\n\n\n<blockquote class=\"wp-block-quote is-layout-flow wp-block-quote-is-layout-flow\"><p>Neste momento , a mi\u00f1a prioridade \u00e9 a loita contra a crise sanitaria e social, que desprazou a cuesti\u00f3n electoral do primeiro plano da nosa axenda. Cando adiamos as elecci\u00f3ns de abril, os partidos en Galicia chegamos a un acordo para que, cando a situaci\u00f3n sanitaria o permitise, buscar o mellor momento para volver convocar as elecci\u00f3ns.<\/p><\/blockquote>\n\n\n\n<p><strong>Por\u00e9n, a sensaci\u00f3n que transmite o presidente da Xunta \u00e9 que el non est\u00e1 nesa chave. O seu modus operandi estas semanas non distaba moito do ton de precampa\u00f1a, e todo parece indicar que vai convocar as elecci\u00f3ns de maneira inminente, f\u00e1lase do mes de Xullo<\/strong><\/p>\n\n\n\n<blockquote class=\"wp-block-quote is-layout-flow wp-block-quote-is-layout-flow\"><p>Efectivamente, d\u00e1 a impresi\u00f3n de que Feijoo \u00e9 o \u00fanico galego que est\u00e1 m\u00e1is preocupado das elecci\u00f3ns que da loita contra a pandemia v\u00edrica. Nestes dous meses de estado de alarma compareceu 26 veces en rolda de prensa retransmitidas pola TVG, e s\u00f3 en d\u00faas no parlamento.<\/p><\/blockquote>\n\n\n\n<p><strong>Xa, pero se nos situamos na hip\u00f3tese que semella m\u00e1is veros\u00edmil e temos elecci\u00f3ns en Xullo?<\/strong><\/p>\n\n\n\n<blockquote class=\"wp-block-quote is-layout-flow wp-block-quote-is-layout-flow\"><p>N\u00f3s chegamos a un acordo moi importante, que posibilitou adiar as elecci\u00f3ns, e que permitiu centrar a acci\u00f3n pol\u00edtica, no que debe estar centrada nestes momentos, que \u00e9 a loita contra a crise sanitaria e as consecuencias que dela se derivan. Se Feijoo quere rachar ese acordo de maneira unilateral ter\u00e1 que dar \u00e1 sociedade galega as explicaci\u00f3ns oportunas. Desde logo que n\u00f3s somos unha organizaci\u00f3n seria, cunha longa e acreditada tradici\u00f3n democr\u00e1tica, e que concorreremos \u00e1s elecci\u00f3ns cando se convoquen e coa vontade firme de obter o respaldo maioritario da sociedade galega.<\/p><\/blockquote>\n\n\n\n<p><strong>E ti cando crees que se deberan convocar?<\/strong><\/p>\n\n\n\n<blockquote class=\"wp-block-quote is-layout-flow wp-block-quote-is-layout-flow\"><p>Cando os criterios cient\u00edficos o aconsellen. Ning\u00fan estudo epidemiol\u00f3xico di que haber\u00eda menos risco en xullo ca en setembro, pero semella que Feijoo est\u00e1 moi preocupado polo resultado dos comicios e procura buscar unha data na que el pense que lle poida ir mellor. O que parece evidente \u00e9 que cantas m\u00e1is semanas pasen sen rebrotes o ambiente ser\u00e1 cada vez m\u00e1is normal.<\/p><\/blockquote>\n\n\n\n<p><strong>Ese acordo que mencionabas foi respectado polo actual presidente no que se refire \u00e1s relaci\u00f3ns cos grupos de oposici\u00f3n?<\/strong><\/p>\n\n\n\n<blockquote class=\"wp-block-quote is-layout-flow wp-block-quote-is-layout-flow\"><p>Foi un acordo excepcional, que permitiu a Feijoo seguir sendo presidente nun escenario aestatutario e aconstitucional . A partires de a\u00ed Feijoo escapou do parlamento, e efectivamente atop\u00e1monos certos tics autoritarios de Feijoo.<\/p><\/blockquote>\n\n\n\n<p><strong>Falemos da crise sanitaria: Valora a xesti\u00f3n do goberno do estado nos seguintes eidos:<\/strong><\/p>\n\n\n\n<p><strong>No eido sanitario:?<\/strong><\/p>\n\n\n\n<blockquote class=\"wp-block-quote is-layout-flow wp-block-quote-is-layout-flow\"><p>As competencias sanitarias est\u00e1n transferidas \u00e1s comunidades aut\u00f3nomas. Neste tempo de estado de alarma, o goberno decretou o mando \u00fanico, que permitiu coordinar a resposta \u00e1 emerxencia sanitaria, dunha forma razoable.<\/p><\/blockquote>\n\n\n\n<p><strong>No eido econ\u00f3mico?<\/strong><\/p>\n\n\n\n<blockquote class=\"wp-block-quote is-layout-flow wp-block-quote-is-layout-flow\"><p>A diferenza doutras crises xestionadas pola dereita , o goberno xerou un escudo protector para os segmentos de poboaci\u00f3n que m\u00e1is o precisan. En Galicia m\u00e1is de 200.000 traballadoras e traballadores atoparon protecci\u00f3n nos ERTES.58.000 aut\u00f3nomos de Galicia, por primeira vez na historia tiveron unha prestaci\u00f3n extraordinaria para axudalos a resistir a crise .Facilitouse que un volume maior de traballadoras e traballadores puidesen acceder aos subsidios de desemprego, e aument\u00e1ronse os fondos para pol\u00edticas sociais das comunidades aut\u00f3nomas. O compromiso deste goberno coa protecci\u00f3n das persoas, creo que non se pode cuestionar.<\/p><\/blockquote>\n\n\n\n<p><strong>No eido das liberdades p\u00fablicas? Percibes alg\u00fan perigo de regresi\u00f3n?<\/strong><\/p>\n\n\n\n<blockquote class=\"wp-block-quote is-layout-flow wp-block-quote-is-layout-flow\"><p>Ben , eu creo que o estado de alarma foi fundamental no combate contra a pandemia. A s\u00faa finalidade non foi en absoluto restrinxir ning\u00fan tipo de liberdade, sen\u00f3n para coidar da sa\u00fade p\u00fablica. \u00c9 que \u00e9 de sentido com\u00fan, canto menor sexa o contacto social, menos posibilidades ter\u00e1 un infectado de contaxiar aos demais. O que ten graza \u00e9 a demagoxia coa que os que sempre foron inimigos das liberdades, a dereita, ou como pouco chegaron tarde , falan de restrici\u00f3n de liberdades. Non hai ning\u00fan perigo, cando volvamos \u00e1 normalidade, todas as liberdades ser\u00e1n restitu\u00eddas plenamente.<\/p><\/blockquote>\n\n\n\n<p><strong>Que \u00e9 a \u201cnova normalidade\u201d da que fala Pedro S\u00e1nchez?<\/strong><\/p>\n\n\n\n<blockquote class=\"wp-block-quote is-layout-flow wp-block-quote-is-layout-flow\"><p>Ref\u00edrese \u00e1s novas formas de relaci\u00f3n social, con distancias e todo tipo de precauci\u00f3ns hixi\u00e9nico sanitarias que deberemos manter e que son distintas \u00e1s que normalmente manti\u00f1amos antes da aparici\u00f3n da pandemia.<\/p><\/blockquote>\n\n\n\n<p><strong>Ten o goberno de Espa\u00f1a algunha intenci\u00f3n de limitar o \u00e1mbito competencial das comunidades aut\u00f3nomas?<\/strong><\/p>\n\n\n\n<blockquote class=\"wp-block-quote is-layout-flow wp-block-quote-is-layout-flow\"><p>Non, claro que non. De forma excepcional e extraordinaria durante esta crise o estado de alarma limitou certas competencias, eu creo que foi algo necesario nesta situaci\u00f3n, pero a medida que poidamos ir volvendo \u00e1 normalidade, o noso compromiso co estado das autonom\u00eda \u00e9 absoluto.<\/p><\/blockquote>\n\n\n\n<p><strong>A oposici\u00f3n do PP ao goberno do estado \u00e9 tan brutal como parece?<\/strong><\/p>\n\n\n\n<blockquote class=\"wp-block-quote is-layout-flow wp-block-quote-is-layout-flow\"><p>O comportamento da dereita espa\u00f1ola \u00e9 enormemente irresponsable nesta crise. Est\u00e1n nunha estratexia de competici\u00f3n polo electorado da ultradereita. Algo que ao meu xu\u00edzo os afasta do sentir maioritario da cidadan\u00eda. Non achegan ningunha soluci\u00f3n, e s\u00f3 crean problemas. Probablemente hai sectores reaccionarios que non asumiron o resultado electoral do 2.019 e aproveitan a situaci\u00f3n sanitaria para tratar de chegar ao goberno. En calquera caso eu creo que esa maneira de facer pol\u00edtica \u00e9 errada e que non lles vai levar a nada.<\/p><\/blockquote>\n\n\n\n<p><strong>A actitude construtiva e leal que os socialistas reclamades \u00e1 dereita espa\u00f1ola, podes afirmar que a mantiveches ti co goberno da Xunta?<\/strong><\/p>\n\n\n\n<blockquote class=\"wp-block-quote is-layout-flow wp-block-quote-is-layout-flow\"><p>Eu creo que en Galicia a oposici\u00f3n mantivo un comportamento moi leal, desde o primeiro momento, en que permitimos que Feijoo seguise como presidente do goberno despois do 5 de abril e tend\u00e9moslle a man en todas as decisi\u00f3ns importantes. Feijoo preferiu unha estratexia personalista, seguindo as li\u00f1as de confrontaci\u00f3n que adoptou Casado, sen atender as s\u00faas competencias, nas que hai verdadeiros problemas.<\/p><\/blockquote>\n\n\n\n<p><strong>Que pasa no interior das residencias de maiores, en Galicia?<\/strong><\/p>\n\n\n\n<blockquote class=\"wp-block-quote is-layout-flow wp-block-quote-is-layout-flow\"><p>A d\u00eda de hoxe os dous focos principais de contaxio est\u00e1n nas residencias de maiores e nos profesionais sanitarios. As d\u00faas competencias da Xunta de Galicia. Feijoo tivo o descaro de dicir en sede parlamentar que el se anticipara \u00e1 chegada do virus, e eu preg\u00fantolle; por que ent\u00f3n non illou as residencias de maiores onde faleceron gran cantidade das persoas que perderon a vida polo coronavirus en Galicia?, por que non interveu residencias nas que houbo contaxios masivos?. Canto m\u00e1is di que se anticipou, m\u00e1is responsable se fai do desastre de xesti\u00f3n.<\/p><\/blockquote>\n\n\n\n<blockquote class=\"wp-block-quote is-layout-flow wp-block-quote-is-layout-flow\"><p>Por desgraza optaron por un modelo privatizador das residencias, nas que non hab\u00eda controis, e carec\u00eda dun sistema de punici\u00f3n cando as inspecci\u00f3ns pod\u00edan detectar alg\u00fan problema nas residencias privadas. A maiores a opacidade informativa \u00e9 significativa, a\u00ednda a d\u00eda de hoxe nin co\u00f1ecemos polo mi\u00fado os datos precisos do que aconteceu nas residencias.<\/p><\/blockquote>\n\n\n\n<p><strong>O que ti cualificas como desastre de xesti\u00f3n no que se refire \u00e1s residencias de maiores, est\u00e9ndese \u00e1 pol\u00edtica sanitaria global da Xunta?<\/strong><\/p>\n\n\n\n<blockquote class=\"wp-block-quote is-layout-flow wp-block-quote-is-layout-flow\"><p>Durante 11 anos de goberno o PP recortou os orzamentos da sanidade p\u00fablica, recortou a atenci\u00f3n primaria, o propio conselleiro de sanidade chegou a dicir que as camas eran moi importantes nos hoteis pero non nos hospitais. E toda a pol\u00edtica sanitaria da Xunta fixo que cheg\u00e1semos a esta crise cun sistema sanitario moito m\u00e1is debilitado. Incluso, os profesionais sanitarios chegaron a carecer de equipos de protecci\u00f3n suficientes e adecuados. N\u00f3s ped\u00edmoslle ao presidente que contratase a todo o persoal sanitario dispo\u00f1ible de forma estable, e el negouse a facelo. Ped\u00edmoslle que apostase claramente por intervir todas as residencias de maiores e tam\u00e9n se negou a facelo.<\/p><\/blockquote>\n\n\n\n<p><strong>Viches a entrevista que lle fixeron a Marcial Dorado?<\/strong><\/p>\n\n\n\n<blockquote class=\"wp-block-quote is-layout-flow wp-block-quote-is-layout-flow\"><p>Si.<\/p><\/blockquote>\n\n\n\n<p><strong>E como a valoras?<\/strong><\/p>\n\n\n\n<blockquote class=\"wp-block-quote is-layout-flow wp-block-quote-is-layout-flow\"><p>Ben, Feijoo mantivo unha relaci\u00f3n cun dos capos do narcotr\u00e1fico m\u00e1is importantes de Europa, entre 1994 e o 2000 ou 2001, cando xa pasara a operaci\u00f3n N\u00e9cora, cando xa exist\u00eda o masivo movemento das nais que loitaban contra o narcotr\u00e1fico, e cando todo o mundo sab\u00eda ao que se dedicaba ese se\u00f1or. Feijoo mentiu cando dixo que mantivera unha relaci\u00f3n con el sen saber quen era Marcial Dorado, porque no propio programa de Evole am\u00f3sase como ata o ano 94 nun dos xornais de maior difusi\u00f3n de Galicia, ata en 66 ocasi\u00f3ns, se reflectira a relaci\u00f3n de Marcial Dorado co narcotr\u00e1fico e co contrabando de tabaco.<\/p><\/blockquote>\n\n\n\n<blockquote class=\"wp-block-quote is-layout-flow wp-block-quote-is-layout-flow\"><p>Feijoo d\u00e9belle unha explicaci\u00f3n veraz a este pa\u00eds, porque nunha sociedade democr\u00e1tica non se permitir\u00eda que un presidente dun goberno mentise sobre unha relaci\u00f3n que tivo cun capo do narcotr\u00e1fico que ti\u00f1a 70 mill\u00f3ns de \u20ac en contas en distintos para\u00edsos fiscais<\/p><\/blockquote>\n\n\n\n<p><strong>Dous sectores que quedan especialmente tocados por mor desta crise son o sector cultural e o tur\u00edstico. Que propostas ten o PSdG para axudalos?<\/strong><\/p>\n\n\n\n<blockquote class=\"wp-block-quote is-layout-flow wp-block-quote-is-layout-flow\"><p>A Xunta fala dun plan de reactivaci\u00f3n \u00fanico para ambos sectores. E n\u00f3s pensamos que ser\u00eda m\u00e1is oportuno facer un plan propio para cada un. \u00c9 necesario establecer un di\u00e1logo fecundo cos representantes de cada sector , e mobilizar todos os recursos posibles da Xunta. N\u00f3s apostamos por un gran acordo en chave de pa\u00eds, que no \u00e1mbito temporal 2.020-2.021 mobilice arredor de 2.500 mill\u00f3ns de \u20ac de fondos p\u00fablicos.<\/p><\/blockquote>\n\n\n\n<blockquote class=\"wp-block-quote is-layout-flow wp-block-quote-is-layout-flow\"><p>Esta mesma semana reuninme cos organizadores de distintos festivais de cinema, e eles s\u00e9ntense abandonados polo modelo cultural da Xunta,.<\/p><\/blockquote>\n\n\n\n<blockquote class=\"wp-block-quote is-layout-flow wp-block-quote-is-layout-flow\"><p>No que se refire ao sector do turismo, A Xunta xa debera ter dese\u00f1ado un plan de axudas directas para aut\u00f3nomos e hostaleiros como se fixo noutras comunidades, pero lamentablemente Feijoo decidiu nin mobilizar fondos nin darlles respaldo. Atender a ambos sectores \u00e9 unha li\u00f1a de acci\u00f3n prioritaria para n\u00f3s.<\/p><\/blockquote>\n\n\n\n<p><strong>Sexa en xullo sexa en setembro ou cando sexan, a non ser que exista unha situaci\u00f3n de rebrote v\u00edrica , pronto teremos elecci\u00f3ns. Por que deber\u00eda, a sociedade galega, confiar no proxecto que vas encabezar ti?<\/strong><\/p>\n\n\n\n<blockquote class=\"wp-block-quote is-layout-flow wp-block-quote-is-layout-flow\"><p>N\u00f3s creemos nun proxecto de pa\u00eds cun modelo de sanidade p\u00fablica con m\u00e1is profesionais, con contratos estables, con m\u00e1is recursos, cunha aposta decidida pola atenci\u00f3n primaria, e en paralelo facer un gran proxecto de reconstruci\u00f3n de Galicia cunha li\u00f1a econ\u00f3mica moi potente que permita apoiar \u00e1s empresas, aos aut\u00f3nomos e aos traballadores. En definitiva, porque me comprometo a realizar unha reconstruci\u00f3n que que acompa\u00f1e \u00e1 cidadan\u00eda e que mante\u00f1a en Galicia un importante escudo de protecci\u00f3n social. Ao marxe de calquera cita electoral o PSGG ten moi clara a s\u00faa aposta: m\u00e1is estado de benestar, m\u00e1is sanidade p\u00fablica universal e gratu\u00edta, e unha pol\u00edtica adecuada de reconstruci\u00f3n para impulsar a posici\u00f3n da cidadan\u00eda despois da crise.<\/p><\/blockquote>\n\n\n\n<p><strong>Rematamos Gonzalo, en febreiro do ano pr\u00f3ximo teremos a IV edici\u00f3n da nosa gala, agardo que nos poidas acompa\u00f1ar?<\/strong><\/p>\n\n\n\n<blockquote class=\"wp-block-quote is-layout-flow wp-block-quote-is-layout-flow\"><p>Ben, malia que falta moito tempo, desde logo que se podo al\u00ed estarei.<\/p><\/blockquote>\n","protected":false},"excerpt":{"rendered":"<div class=\"mh-excerpt\"><p>Gonzalo Caballero \u00e9 o Secretario Xeral do PSdG, e o candidato \u00e1 presidencia da Xunta por ese partido <a class=\"mh-excerpt-more\" href=\"https:\/\/www.anovapeneira.gal\/index.php\/2020\/05\/15\/gonzalo-caballero-sx-do-psdg\/\" title=\"Gonzalo caballero: &#8220;A nosa aposta: m\u00e1is estado de benestar, m\u00e1is sanidade p\u00fablica, e unha pol\u00edtica de reconstruci\u00f3n de Galicia&#8221;\">[&#8230;]<\/a><\/p>\n<\/div>","protected":false},"author":2,"featured_media":3134,"comment_status":"open","ping_status":"open","sticky":false,"template":"","format":"standard","meta":{"_exactmetrics_skip_tracking":false,"_exactmetrics_sitenote_active":false,"_exactmetrics_sitenote_note":"","_exactmetrics_sitenote_category":0,"footnotes":""},"categories":[264],"tags":[617,12,1060],"class_list":{"0":"post-3109","1":"post","2":"type-post","3":"status-publish","4":"format-standard","5":"has-post-thumbnail","7":"category-entrevistas-galicia","8":"tag-gonzalo-caballero","9":"tag-politica","10":"tag-psdg"},"yoast_head":"<!-- This site is optimized with the Yoast SEO plugin v27.4 - https:\/\/yoast.com\/product\/yoast-seo-wordpress\/ -->\n<title>Gonzalo caballero: &quot;A nosa aposta: m\u00e1is estado de benestar, m\u00e1is sanidade p\u00fablica, e unha pol\u00edtica de reconstruci\u00f3n de Galicia&quot; -<\/title>\n<meta name=\"robots\" content=\"index, follow, max-snippet:-1, max-image-preview:large, max-video-preview:-1\" \/>\n<link rel=\"canonical\" href=\"https:\/\/www.anovapeneira.gal\/index.php\/2020\/05\/15\/gonzalo-caballero-sx-do-psdg\/\" \/>\n<meta property=\"og:locale\" content=\"gl_ES\" \/>\n<meta property=\"og:type\" content=\"article\" \/>\n<meta property=\"og:title\" content=\"Gonzalo caballero: &quot;A nosa aposta: m\u00e1is estado de benestar, m\u00e1is sanidade p\u00fablica, e unha pol\u00edtica de reconstruci\u00f3n de Galicia&quot; -\" \/>\n<meta property=\"og:description\" content=\"Gonzalo Caballero \u00e9 o Secretario Xeral do PSdG, e o candidato \u00e1 presidencia da Xunta por ese partido [...]\" \/>\n<meta property=\"og:url\" content=\"https:\/\/www.anovapeneira.gal\/index.php\/2020\/05\/15\/gonzalo-caballero-sx-do-psdg\/\" \/>\n<meta property=\"article:publisher\" content=\"https:\/\/www.facebook.com\/anovapeneira\" \/>\n<meta property=\"article:published_time\" content=\"2020-05-15T10:00:16+00:00\" \/>\n<meta property=\"article:modified_time\" content=\"2020-05-17T21:23:58+00:00\" \/>\n<meta property=\"og:image\" content=\"https:\/\/www.anovapeneira.gal\/wp-content\/uploads\/2020\/05\/gonzalo_caballero_a_nova_peneira_maio_2020.jpg\" \/>\n\t<meta property=\"og:image:width\" content=\"720\" \/>\n\t<meta property=\"og:image:height\" content=\"432\" \/>\n\t<meta property=\"og:image:type\" content=\"image\/jpeg\" \/>\n<meta name=\"author\" content=\"Tino Lago\" \/>\n<meta name=\"twitter:card\" content=\"summary_large_image\" \/>\n<meta name=\"twitter:creator\" content=\"@APeneira\" \/>\n<meta name=\"twitter:site\" content=\"@APeneira\" \/>\n<meta name=\"twitter:label1\" content=\"Escrito por\" \/>\n\t<meta name=\"twitter:data1\" content=\"Tino Lago\" \/>\n\t<meta name=\"twitter:label2\" content=\"Tempo de lectura\" \/>\n\t<meta name=\"twitter:data2\" content=\"10 minutos\" \/>\n<script type=\"application\/ld+json\" class=\"yoast-schema-graph\">{\"@context\":\"https:\\\/\\\/schema.org\",\"@graph\":[{\"@type\":\"Article\",\"@id\":\"https:\\\/\\\/www.anovapeneira.gal\\\/index.php\\\/2020\\\/05\\\/15\\\/gonzalo-caballero-sx-do-psdg\\\/#article\",\"isPartOf\":{\"@id\":\"https:\\\/\\\/www.anovapeneira.gal\\\/index.php\\\/2020\\\/05\\\/15\\\/gonzalo-caballero-sx-do-psdg\\\/\"},\"author\":{\"name\":\"Tino Lago\",\"@id\":\"https:\\\/\\\/www.anovapeneira.gal\\\/#\\\/schema\\\/person\\\/424dfe65e3070fd8a44d22d2c088762a\"},\"headline\":\"Gonzalo caballero: &#8220;A nosa aposta: m\u00e1is estado de benestar, m\u00e1is sanidade p\u00fablica, e unha pol\u00edtica de reconstruci\u00f3n de Galicia&#8221;\",\"datePublished\":\"2020-05-15T10:00:16+00:00\",\"dateModified\":\"2020-05-17T21:23:58+00:00\",\"mainEntityOfPage\":{\"@id\":\"https:\\\/\\\/www.anovapeneira.gal\\\/index.php\\\/2020\\\/05\\\/15\\\/gonzalo-caballero-sx-do-psdg\\\/\"},\"wordCount\":1987,\"commentCount\":0,\"publisher\":{\"@id\":\"https:\\\/\\\/www.anovapeneira.gal\\\/#organization\"},\"image\":{\"@id\":\"https:\\\/\\\/www.anovapeneira.gal\\\/index.php\\\/2020\\\/05\\\/15\\\/gonzalo-caballero-sx-do-psdg\\\/#primaryimage\"},\"thumbnailUrl\":\"https:\\\/\\\/www.anovapeneira.gal\\\/wp-content\\\/uploads\\\/2020\\\/05\\\/gonzalo_caballero_a_nova_peneira_maio_2020.jpg\",\"keywords\":[\"Gonzalo Caballero\",\"Pol\u00edtica\",\"PSdG\"],\"articleSection\":[\"Entrevistas\"],\"inLanguage\":\"gl-ES\",\"potentialAction\":[{\"@type\":\"CommentAction\",\"name\":\"Comment\",\"target\":[\"https:\\\/\\\/www.anovapeneira.gal\\\/index.php\\\/2020\\\/05\\\/15\\\/gonzalo-caballero-sx-do-psdg\\\/#respond\"]}]},{\"@type\":\"WebPage\",\"@id\":\"https:\\\/\\\/www.anovapeneira.gal\\\/index.php\\\/2020\\\/05\\\/15\\\/gonzalo-caballero-sx-do-psdg\\\/\",\"url\":\"https:\\\/\\\/www.anovapeneira.gal\\\/index.php\\\/2020\\\/05\\\/15\\\/gonzalo-caballero-sx-do-psdg\\\/\",\"name\":\"Gonzalo caballero: \\\"A nosa aposta: m\u00e1is estado de benestar, m\u00e1is sanidade p\u00fablica, e unha pol\u00edtica de reconstruci\u00f3n de Galicia\\\" -\",\"isPartOf\":{\"@id\":\"https:\\\/\\\/www.anovapeneira.gal\\\/#website\"},\"primaryImageOfPage\":{\"@id\":\"https:\\\/\\\/www.anovapeneira.gal\\\/index.php\\\/2020\\\/05\\\/15\\\/gonzalo-caballero-sx-do-psdg\\\/#primaryimage\"},\"image\":{\"@id\":\"https:\\\/\\\/www.anovapeneira.gal\\\/index.php\\\/2020\\\/05\\\/15\\\/gonzalo-caballero-sx-do-psdg\\\/#primaryimage\"},\"thumbnailUrl\":\"https:\\\/\\\/www.anovapeneira.gal\\\/wp-content\\\/uploads\\\/2020\\\/05\\\/gonzalo_caballero_a_nova_peneira_maio_2020.jpg\",\"datePublished\":\"2020-05-15T10:00:16+00:00\",\"dateModified\":\"2020-05-17T21:23:58+00:00\",\"breadcrumb\":{\"@id\":\"https:\\\/\\\/www.anovapeneira.gal\\\/index.php\\\/2020\\\/05\\\/15\\\/gonzalo-caballero-sx-do-psdg\\\/#breadcrumb\"},\"inLanguage\":\"gl-ES\",\"potentialAction\":[{\"@type\":\"ReadAction\",\"target\":[\"https:\\\/\\\/www.anovapeneira.gal\\\/index.php\\\/2020\\\/05\\\/15\\\/gonzalo-caballero-sx-do-psdg\\\/\"]}]},{\"@type\":\"ImageObject\",\"inLanguage\":\"gl-ES\",\"@id\":\"https:\\\/\\\/www.anovapeneira.gal\\\/index.php\\\/2020\\\/05\\\/15\\\/gonzalo-caballero-sx-do-psdg\\\/#primaryimage\",\"url\":\"https:\\\/\\\/www.anovapeneira.gal\\\/wp-content\\\/uploads\\\/2020\\\/05\\\/gonzalo_caballero_a_nova_peneira_maio_2020.jpg\",\"contentUrl\":\"https:\\\/\\\/www.anovapeneira.gal\\\/wp-content\\\/uploads\\\/2020\\\/05\\\/gonzalo_caballero_a_nova_peneira_maio_2020.jpg\",\"width\":720,\"height\":432,\"caption\":\"Gonzalo Caballero PSdG A Nova Peneira\"},{\"@type\":\"BreadcrumbList\",\"@id\":\"https:\\\/\\\/www.anovapeneira.gal\\\/index.php\\\/2020\\\/05\\\/15\\\/gonzalo-caballero-sx-do-psdg\\\/#breadcrumb\",\"itemListElement\":[{\"@type\":\"ListItem\",\"position\":1,\"name\":\"Portada\",\"item\":\"https:\\\/\\\/www.anovapeneira.gal\\\/\"},{\"@type\":\"ListItem\",\"position\":2,\"name\":\"Gonzalo caballero: &#8220;A nosa aposta: m\u00e1is estado de benestar, m\u00e1is sanidade p\u00fablica, e unha pol\u00edtica de reconstruci\u00f3n de Galicia&#8221;\"}]},{\"@type\":\"WebSite\",\"@id\":\"https:\\\/\\\/www.anovapeneira.gal\\\/#website\",\"url\":\"https:\\\/\\\/www.anovapeneira.gal\\\/\",\"name\":\"\",\"description\":\"Xornal galego de informaci\u00f3n xeral Publicaci\u00f3n mensual de novas de Galicia e en especial dos Concellos da sur da provincia de Pontevedra.\",\"publisher\":{\"@id\":\"https:\\\/\\\/www.anovapeneira.gal\\\/#organization\"},\"potentialAction\":[{\"@type\":\"SearchAction\",\"target\":{\"@type\":\"EntryPoint\",\"urlTemplate\":\"https:\\\/\\\/www.anovapeneira.gal\\\/?s={search_term_string}\"},\"query-input\":{\"@type\":\"PropertyValueSpecification\",\"valueRequired\":true,\"valueName\":\"search_term_string\"}}],\"inLanguage\":\"gl-ES\"},{\"@type\":\"Organization\",\"@id\":\"https:\\\/\\\/www.anovapeneira.gal\\\/#organization\",\"name\":\"A Nova Peneira\",\"url\":\"https:\\\/\\\/www.anovapeneira.gal\\\/\",\"logo\":{\"@type\":\"ImageObject\",\"inLanguage\":\"gl-ES\",\"@id\":\"https:\\\/\\\/www.anovapeneira.gal\\\/#\\\/schema\\\/logo\\\/image\\\/\",\"url\":\"http:\\\/\\\/www.anovapeneira.gal\\\/wp-content\\\/uploads\\\/2019\\\/06\\\/logo_a_nova_peneira_portal_web.png\",\"contentUrl\":\"http:\\\/\\\/www.anovapeneira.gal\\\/wp-content\\\/uploads\\\/2019\\\/06\\\/logo_a_nova_peneira_portal_web.png\",\"width\":300,\"height\":100,\"caption\":\"A Nova Peneira\"},\"image\":{\"@id\":\"https:\\\/\\\/www.anovapeneira.gal\\\/#\\\/schema\\\/logo\\\/image\\\/\"},\"sameAs\":[\"https:\\\/\\\/www.facebook.com\\\/anovapeneira\",\"https:\\\/\\\/x.com\\\/APeneira\"]},{\"@type\":\"Person\",\"@id\":\"https:\\\/\\\/www.anovapeneira.gal\\\/#\\\/schema\\\/person\\\/424dfe65e3070fd8a44d22d2c088762a\",\"name\":\"Tino Lago\",\"image\":{\"@type\":\"ImageObject\",\"inLanguage\":\"gl-ES\",\"@id\":\"https:\\\/\\\/secure.gravatar.com\\\/avatar\\\/b3df6a06e44bab3111583b90f0f33a0379ee5e3d22cbadd232d39f21c30c62be?s=96&d=mm&r=g\",\"url\":\"https:\\\/\\\/secure.gravatar.com\\\/avatar\\\/b3df6a06e44bab3111583b90f0f33a0379ee5e3d22cbadd232d39f21c30c62be?s=96&d=mm&r=g\",\"contentUrl\":\"https:\\\/\\\/secure.gravatar.com\\\/avatar\\\/b3df6a06e44bab3111583b90f0f33a0379ee5e3d22cbadd232d39f21c30c62be?s=96&d=mm&r=g\",\"caption\":\"Tino Lago\"},\"sameAs\":[\"http:\\\/\\\/www.anovapeneira.gal\"],\"url\":\"https:\\\/\\\/www.anovapeneira.gal\\\/index.php\\\/author\\\/director\\\/\"}]}<\/script>\n<!-- \/ Yoast SEO plugin. -->","yoast_head_json":{"title":"Gonzalo caballero: \"A nosa aposta: m\u00e1is estado de benestar, m\u00e1is sanidade p\u00fablica, e unha pol\u00edtica de reconstruci\u00f3n de Galicia\" -","robots":{"index":"index","follow":"follow","max-snippet":"max-snippet:-1","max-image-preview":"max-image-preview:large","max-video-preview":"max-video-preview:-1"},"canonical":"https:\/\/www.anovapeneira.gal\/index.php\/2020\/05\/15\/gonzalo-caballero-sx-do-psdg\/","og_locale":"gl_ES","og_type":"article","og_title":"Gonzalo caballero: \"A nosa aposta: m\u00e1is estado de benestar, m\u00e1is sanidade p\u00fablica, e unha pol\u00edtica de reconstruci\u00f3n de Galicia\" -","og_description":"Gonzalo Caballero \u00e9 o Secretario Xeral do PSdG, e o candidato \u00e1 presidencia da Xunta por ese partido [...]","og_url":"https:\/\/www.anovapeneira.gal\/index.php\/2020\/05\/15\/gonzalo-caballero-sx-do-psdg\/","article_publisher":"https:\/\/www.facebook.com\/anovapeneira","article_published_time":"2020-05-15T10:00:16+00:00","article_modified_time":"2020-05-17T21:23:58+00:00","og_image":[{"width":720,"height":432,"url":"https:\/\/www.anovapeneira.gal\/wp-content\/uploads\/2020\/05\/gonzalo_caballero_a_nova_peneira_maio_2020.jpg","type":"image\/jpeg"}],"author":"Tino Lago","twitter_card":"summary_large_image","twitter_creator":"@APeneira","twitter_site":"@APeneira","twitter_misc":{"Escrito por":"Tino Lago","Tempo de lectura":"10 minutos"},"schema":{"@context":"https:\/\/schema.org","@graph":[{"@type":"Article","@id":"https:\/\/www.anovapeneira.gal\/index.php\/2020\/05\/15\/gonzalo-caballero-sx-do-psdg\/#article","isPartOf":{"@id":"https:\/\/www.anovapeneira.gal\/index.php\/2020\/05\/15\/gonzalo-caballero-sx-do-psdg\/"},"author":{"name":"Tino Lago","@id":"https:\/\/www.anovapeneira.gal\/#\/schema\/person\/424dfe65e3070fd8a44d22d2c088762a"},"headline":"Gonzalo caballero: &#8220;A nosa aposta: m\u00e1is estado de benestar, m\u00e1is sanidade p\u00fablica, e unha pol\u00edtica de reconstruci\u00f3n de Galicia&#8221;","datePublished":"2020-05-15T10:00:16+00:00","dateModified":"2020-05-17T21:23:58+00:00","mainEntityOfPage":{"@id":"https:\/\/www.anovapeneira.gal\/index.php\/2020\/05\/15\/gonzalo-caballero-sx-do-psdg\/"},"wordCount":1987,"commentCount":0,"publisher":{"@id":"https:\/\/www.anovapeneira.gal\/#organization"},"image":{"@id":"https:\/\/www.anovapeneira.gal\/index.php\/2020\/05\/15\/gonzalo-caballero-sx-do-psdg\/#primaryimage"},"thumbnailUrl":"https:\/\/www.anovapeneira.gal\/wp-content\/uploads\/2020\/05\/gonzalo_caballero_a_nova_peneira_maio_2020.jpg","keywords":["Gonzalo Caballero","Pol\u00edtica","PSdG"],"articleSection":["Entrevistas"],"inLanguage":"gl-ES","potentialAction":[{"@type":"CommentAction","name":"Comment","target":["https:\/\/www.anovapeneira.gal\/index.php\/2020\/05\/15\/gonzalo-caballero-sx-do-psdg\/#respond"]}]},{"@type":"WebPage","@id":"https:\/\/www.anovapeneira.gal\/index.php\/2020\/05\/15\/gonzalo-caballero-sx-do-psdg\/","url":"https:\/\/www.anovapeneira.gal\/index.php\/2020\/05\/15\/gonzalo-caballero-sx-do-psdg\/","name":"Gonzalo caballero: \"A nosa aposta: m\u00e1is estado de benestar, m\u00e1is sanidade p\u00fablica, e unha pol\u00edtica de reconstruci\u00f3n de Galicia\" -","isPartOf":{"@id":"https:\/\/www.anovapeneira.gal\/#website"},"primaryImageOfPage":{"@id":"https:\/\/www.anovapeneira.gal\/index.php\/2020\/05\/15\/gonzalo-caballero-sx-do-psdg\/#primaryimage"},"image":{"@id":"https:\/\/www.anovapeneira.gal\/index.php\/2020\/05\/15\/gonzalo-caballero-sx-do-psdg\/#primaryimage"},"thumbnailUrl":"https:\/\/www.anovapeneira.gal\/wp-content\/uploads\/2020\/05\/gonzalo_caballero_a_nova_peneira_maio_2020.jpg","datePublished":"2020-05-15T10:00:16+00:00","dateModified":"2020-05-17T21:23:58+00:00","breadcrumb":{"@id":"https:\/\/www.anovapeneira.gal\/index.php\/2020\/05\/15\/gonzalo-caballero-sx-do-psdg\/#breadcrumb"},"inLanguage":"gl-ES","potentialAction":[{"@type":"ReadAction","target":["https:\/\/www.anovapeneira.gal\/index.php\/2020\/05\/15\/gonzalo-caballero-sx-do-psdg\/"]}]},{"@type":"ImageObject","inLanguage":"gl-ES","@id":"https:\/\/www.anovapeneira.gal\/index.php\/2020\/05\/15\/gonzalo-caballero-sx-do-psdg\/#primaryimage","url":"https:\/\/www.anovapeneira.gal\/wp-content\/uploads\/2020\/05\/gonzalo_caballero_a_nova_peneira_maio_2020.jpg","contentUrl":"https:\/\/www.anovapeneira.gal\/wp-content\/uploads\/2020\/05\/gonzalo_caballero_a_nova_peneira_maio_2020.jpg","width":720,"height":432,"caption":"Gonzalo Caballero PSdG A Nova Peneira"},{"@type":"BreadcrumbList","@id":"https:\/\/www.anovapeneira.gal\/index.php\/2020\/05\/15\/gonzalo-caballero-sx-do-psdg\/#breadcrumb","itemListElement":[{"@type":"ListItem","position":1,"name":"Portada","item":"https:\/\/www.anovapeneira.gal\/"},{"@type":"ListItem","position":2,"name":"Gonzalo caballero: &#8220;A nosa aposta: m\u00e1is estado de benestar, m\u00e1is sanidade p\u00fablica, e unha pol\u00edtica de reconstruci\u00f3n de Galicia&#8221;"}]},{"@type":"WebSite","@id":"https:\/\/www.anovapeneira.gal\/#website","url":"https:\/\/www.anovapeneira.gal\/","name":"","description":"Xornal galego de informaci\u00f3n xeral Publicaci\u00f3n mensual de novas de Galicia e en especial dos Concellos da sur da provincia de Pontevedra.","publisher":{"@id":"https:\/\/www.anovapeneira.gal\/#organization"},"potentialAction":[{"@type":"SearchAction","target":{"@type":"EntryPoint","urlTemplate":"https:\/\/www.anovapeneira.gal\/?s={search_term_string}"},"query-input":{"@type":"PropertyValueSpecification","valueRequired":true,"valueName":"search_term_string"}}],"inLanguage":"gl-ES"},{"@type":"Organization","@id":"https:\/\/www.anovapeneira.gal\/#organization","name":"A Nova Peneira","url":"https:\/\/www.anovapeneira.gal\/","logo":{"@type":"ImageObject","inLanguage":"gl-ES","@id":"https:\/\/www.anovapeneira.gal\/#\/schema\/logo\/image\/","url":"http:\/\/www.anovapeneira.gal\/wp-content\/uploads\/2019\/06\/logo_a_nova_peneira_portal_web.png","contentUrl":"http:\/\/www.anovapeneira.gal\/wp-content\/uploads\/2019\/06\/logo_a_nova_peneira_portal_web.png","width":300,"height":100,"caption":"A Nova Peneira"},"image":{"@id":"https:\/\/www.anovapeneira.gal\/#\/schema\/logo\/image\/"},"sameAs":["https:\/\/www.facebook.com\/anovapeneira","https:\/\/x.com\/APeneira"]},{"@type":"Person","@id":"https:\/\/www.anovapeneira.gal\/#\/schema\/person\/424dfe65e3070fd8a44d22d2c088762a","name":"Tino Lago","image":{"@type":"ImageObject","inLanguage":"gl-ES","@id":"https:\/\/secure.gravatar.com\/avatar\/b3df6a06e44bab3111583b90f0f33a0379ee5e3d22cbadd232d39f21c30c62be?s=96&d=mm&r=g","url":"https:\/\/secure.gravatar.com\/avatar\/b3df6a06e44bab3111583b90f0f33a0379ee5e3d22cbadd232d39f21c30c62be?s=96&d=mm&r=g","contentUrl":"https:\/\/secure.gravatar.com\/avatar\/b3df6a06e44bab3111583b90f0f33a0379ee5e3d22cbadd232d39f21c30c62be?s=96&d=mm&r=g","caption":"Tino Lago"},"sameAs":["http:\/\/www.anovapeneira.gal"],"url":"https:\/\/www.anovapeneira.gal\/index.php\/author\/director\/"}]}},"jetpack_featured_media_url":"https:\/\/www.anovapeneira.gal\/wp-content\/uploads\/2020\/05\/gonzalo_caballero_a_nova_peneira_maio_2020.jpg","_links":{"self":[{"href":"https:\/\/www.anovapeneira.gal\/index.php\/wp-json\/wp\/v2\/posts\/3109","targetHints":{"allow":["GET"]}}],"collection":[{"href":"https:\/\/www.anovapeneira.gal\/index.php\/wp-json\/wp\/v2\/posts"}],"about":[{"href":"https:\/\/www.anovapeneira.gal\/index.php\/wp-json\/wp\/v2\/types\/post"}],"author":[{"embeddable":true,"href":"https:\/\/www.anovapeneira.gal\/index.php\/wp-json\/wp\/v2\/users\/2"}],"replies":[{"embeddable":true,"href":"https:\/\/www.anovapeneira.gal\/index.php\/wp-json\/wp\/v2\/comments?post=3109"}],"version-history":[{"count":8,"href":"https:\/\/www.anovapeneira.gal\/index.php\/wp-json\/wp\/v2\/posts\/3109\/revisions"}],"predecessor-version":[{"id":3133,"href":"https:\/\/www.anovapeneira.gal\/index.php\/wp-json\/wp\/v2\/posts\/3109\/revisions\/3133"}],"wp:featuredmedia":[{"embeddable":true,"href":"https:\/\/www.anovapeneira.gal\/index.php\/wp-json\/wp\/v2\/media\/3134"}],"wp:attachment":[{"href":"https:\/\/www.anovapeneira.gal\/index.php\/wp-json\/wp\/v2\/media?parent=3109"}],"wp:term":[{"taxonomy":"category","embeddable":true,"href":"https:\/\/www.anovapeneira.gal\/index.php\/wp-json\/wp\/v2\/categories?post=3109"},{"taxonomy":"post_tag","embeddable":true,"href":"https:\/\/www.anovapeneira.gal\/index.php\/wp-json\/wp\/v2\/tags?post=3109"}],"curies":[{"name":"wp","href":"https:\/\/api.w.org\/{rel}","templated":true}]}}