{"id":3113,"date":"2020-05-18T10:00:22","date_gmt":"2020-05-18T08:00:22","guid":{"rendered":"http:\/\/www.anovapeneira.gal\/?p=3113"},"modified":"2020-05-16T09:25:41","modified_gmt":"2020-05-16T07:25:41","slug":"demandan-posicionamentos-politicos-claros-contra-anexion-da-cisxordania","status":"publish","type":"post","link":"https:\/\/www.anovapeneira.gal\/index.php\/2020\/05\/18\/demandan-posicionamentos-politicos-claros-contra-anexion-da-cisxordania\/","title":{"rendered":"Demandan posicionamentos pol\u00edticos claros contra anexi\u00f3n da Cisxordania"},"content":{"rendered":"\n<h2 class=\"wp-block-heading\"><strong>Representantes da iniciativa Palestina.gal, que agrupa activistas e colectivos contrarios \u00e1 ocupaci\u00f3n de Israel e se marca como obxectivo urxente denunciar o acordo Trump-Netanyahu para a anexi\u00f3n da Cisxordania, tentaron hoxe, 15 de maio, aniversario da Nakba, registrar escritos dirixidos aos grupos do Parlamento Galego e ao Goberno espa\u00f1ol en que demandan a intervenci\u00f3n decidida no \u00e1mbito das s\u00faas competencias para evitar este novo atentado contra o pobo palestino<\/strong><\/h2>\n\n\n\n<p>15 de maio de 2020<\/p>\n\n\n\n<p>Por este motivo, ped\u00edmoslles, como respons\u00e1beis do goberno do Estado, un acordo que condene formalmente os crimes do sionismo e se materialice nunha oposici\u00f3n diplom\u00e1tica directa e contundente en todos os foros internacionais en que sexa necesario.<\/p>\n\n\n\n<p>Aos grupos do Parlamento Galego, Palestina.gal pede que, \u201ccomo representantes do pobo galego\u201d cheguen a \u201cun acordo de pa\u00eds que condene formalmente os crimes do sionismo e exixa o establecemento de medidas que conduzan \u00e1 paz. E tam\u00e9n que o Parlamento Galego inste o goberno espa\u00f1ol a presentar unha oposici\u00f3n diplom\u00e1tica directa e contundente en todos os foros internacionais en que sexa necesario\u201d.<\/p>\n\n\n\n<p>Aos respons\u00e1beis do goberno do Estado demandan a condena formal dos crimes do sionismo e&nbsp; que\u201desta condena se materialice nunha oposici\u00f3n diplom\u00e1tica directa e contundente en todos os foros internacionais en que sexa necesario\u201d.<\/p>\n\n\n\n<p>Tam\u00e9n expresan a s\u00faa confianza en que esta demanda ser\u00e1 atendida pois \u201cSabemos, ademais\u201d \u2013 indican- \u201cque os partidos que sustentan o goberno actual se te\u00f1en manifestado contra as pol\u00edticas de Israel en diferentes ocasi\u00f3ns. En varias delas mesmo temos compartido prazas e r\u00faas en sinal de protesta. Agora \u00e9 o momento de ser consecuentes: fagan como goberno o mesmo que fixeron como partidos e cidad\u00e1ns. Contin\u00faen ese esforzo polas canles da pol\u00edtica institucional.!<\/p>\n\n\n\n<p>O mundo non pode continuar fechando os ollos diante dos crimes sionistas e da violaci\u00f3n sistem\u00e1tica dos dereitos humanos por parte de Israel. E moito menos pode permitir, sen oporse radicalmente, a que a situaci\u00f3n contin\u00fae empeorando. Levamos d\u00e9cadas de pol\u00edtica da omisi\u00f3n e os resultados est\u00e1n a\u00ed para seren vistos. O pobo galego tense manifestado masivamente en contra desta impunidade e en solidariedade con pobo palestino. Agora \u00e9 o momento de que vostedes, como representantes dese pobo, contin\u00faen ese esforzo polos canles da pol\u00edtica institucional.<\/p>\n\n\n\n<p><strong>CARTA AO GOBERNO DO REINO DE ESPA\u00d1A<\/strong><\/p>\n\n\n\n<p>Sres. e Sras. membros do goberno de Espa\u00f1a<\/p>\n\n\n\n<p>Dirix\u00edmonos a vostedes nun momento de m\u00e1xima dificultade para todos os pobos do mundo, en medio a unha pandemia que nos fixo mudar os h\u00e1bitos e mesmo o modo como nos relacionamos, mais non as obrigas \u00e9ticas que nos impomos colectivamente.<\/p>\n\n\n\n<p>Somos unha coordenaci\u00f3n galega de organizaci\u00f3ns de solidariedade co pobo palestino, nucleadas \u00e1 volta da causa da Palestina e alertadas pola situaci\u00f3n explosiva que se est\u00e1 a vivir naquel pa\u00eds. Diante, m\u00e1is unha vez, da pasividade do mundo e, tristemente, tam\u00e9n do goberno do Estado.<\/p>\n\n\n\n<p>Hai 72 anos que Palestina vive baixo unha ocupaci\u00f3n mantida pola forza e polas armas. M\u00e1is de sete d\u00e9cadas desde que as potencias occidentais decidiron instalar al\u00ed colonos, fundamentalmente europeos, co \u00fanico requisito de profesaren a relixi\u00f3n xudaica. Como colectivo, defendemos o dereito de cada persoa a ter e honrar a s\u00faa fe, como non pode ser de outro modo. Mais iso non nos impide comprobar que, en termos hist\u00f3ricos, a instalaci\u00f3n do Estado de Israel nos Territorios Ocupados da Palestina ten producido unha enorme dor, unha listaxe intermin\u00e1bel de crimes, persecuci\u00f3n pol\u00edtica contra a poboaci\u00f3n local, desenraizamento desta e un longo etc\u00e9tera de problemas grav\u00edsimos.<\/p>\n\n\n\n<p>Agora, coa crise sanitaria e social derivada da pandemia de SARS-CoV2, a situaci\u00f3n non fixo m\u00e1is que intensificar a agresi\u00f3n permanente desde a xenocida Nakba no 1948. En Gaza, o maior campo de concentraci\u00f3n do planeta, o sistema sanitario, enfraquecido por un embargo ilegal desde 2013, colapsou completamente hai semanas. Como resultado, os m\u00e1is de dous mill\u00f3ns de persoas que sobreviven al\u00ed encerradas non te\u00f1en como se protexer do coronavirus, e a taxa de afectaci\u00f3n parece impar\u00e1bel. Nos barrios do leste de Xerusal\u00e9n, ocupados militarmente por Israel, os servizos m\u00e9dicos da Autoridade Nacional Palestina nin sequera poden entrar, e aos m\u00e1is de 150 mil palestinos e palestinas que a\u00ednda viven al\u00ed tam\u00e9n se lles nega o acceso aos servizos m\u00e9dicos israelitas. Por tanto, nunca foron examinados, e nin sequera hai cifras da incidencia, o que converte esas persoas en invis\u00edbeis. Como se non existisen. En Cisxordania, a outra \u00e1rea en que a Palestina foi dividida, a situaci\u00f3n non \u00e9 mellor. Desde que a ANP decretou o estado de emerxencia, produc\u00edronse al\u00ed m\u00e1is de 200 incursi\u00f3ns violentas de colonos e grupos militarizados israelitas. O resultado destas acci\u00f3ns \u2014 ilegais \u00e1 luz de todas as normas internacionais \u2014 son m\u00e1is familias expulsadas das s\u00faas casas e das s\u00faas terras, m\u00e1is v\u00edtimas mortais nos enfrentamentos contra esta \u00abinvasi\u00f3n soterrada\u00bb, e ducias de civ\u00eds apresados por Israel e encarcerados nunhas prisi\u00f3ns onde, como est\u00e1 a ser denunciado por diversas instancias internacionais, o Estado sionista se nega a proporcionar o m\u00e1is elementar servizo m\u00e9dico. Non hai datos da mortandade ou afectaci\u00f3n do SARS-CoVID19 nos c\u00e1rceres israelitas onde se amorean m\u00e1is de 5 mil presos e presas pol\u00edticas, crianzas inclu\u00eddas.<\/p>\n\n\n\n<p>Se\u00f1ores e se\u00f1oras do goberno, isto \u00e9 apenas unha panor\u00e1mica. Palestina sofre a mesma pandemia que n\u00f3s, mais non do mesmo xeito. Nin por acaso! A ocupaci\u00f3n ilegal das s\u00faas terras, das s\u00faas casas, a destruci\u00f3n das s\u00faas f\u00e1bricas, das escolas, dos comercios, xa v\u00e9n de antes. Muros da vergo\u00f1a cercan desde hai anos barrios e vilas enteiras da Palestina, atomiz\u00e1ndoas e disolvendo o territorio en illas desconexas en que \u00e9 impos\u00edbel unha vida normal, e en que se torna cada vez m\u00e1is dif\u00edcil prestar servizos b\u00e1sicos, como o de sa\u00fade. Centenas de&nbsp;<em>check-points<\/em>dificultan, cando non impiden directamente, a circulaci\u00f3n e a mobilidade m\u00e1is b\u00e1sica, nos campos de refuxiadas, nos guetos das cidades. A mi\u00fado non \u00e9 pos\u00edbel ir da casa ao traballo ou evitar \u00e1s agresi\u00f3ns as crianzas cami\u00f1o da escola. Mesmo ambulancias con pacientes son paradas e sometidas a longas filas en que a poboaci\u00f3n se amorea tratando de cruzar un paso militarizado aleatorio. A pol\u00edtica de Israel de apoiar baixo pano o establecemento de novos colonatos en Palestina leva d\u00e9cadas perforando un territorio que fica, as\u00ed, inviabilizado.<\/p>\n\n\n\n<p>Sen embargo, a nosa chamada de atenci\u00f3n non se limita a esta crise. A nosa urxencia v\u00e9n da decisi\u00f3n do novo goberno israelita de anexar definitivamente todas as \u00e1reas ocupadas ilegalmente en Cisxordania, o chamado \u201cacordo do s\u00e9culo\u201d de Netanyahu-Trump, o que significar\u00eda a pr\u00e1ctica desaparici\u00f3n da Palestina como entidade territorial. A materializaci\u00f3n deste crime, que ningu\u00e9n ampara no plano internacional, que \u00e9 mesmo condenado pola Uni\u00f3n Europea, e que contrad\u00ed todos os acordos internacionais sobre ocupaci\u00f3ns e anexaci\u00f3ns territoriais \u00e9 inminente, se non se pasa das palabras ocas aos feitos.<\/p>\n\n\n\n<p>Por este motivo, ped\u00edmoslles, como respons\u00e1beis do goberno do Estado, un acordo que condene formalmente os crimes do sionismo e se materialice nunha oposici\u00f3n diplom\u00e1tica directa e contundente en todos os foros internacionais en que sexa necesario.<\/p>\n\n\n\n<p>O mundo non pode continuar fechando os ollos diante dos crimes sionistas e da violaci\u00f3n sistem\u00e1tica dos dereitos humanos por parte de Israel. E moito menos pode permitir, sen oporse radicalmente, a que a situaci\u00f3n contin\u00fae empeorando. Levamos d\u00e9cadas de pol\u00edtica da omisi\u00f3n e os resultados est\u00e1n a\u00ed para seren vistos.<\/p>\n\n\n\n<p>O pobo galego, como outros pobos dentro do Estado espa\u00f1ol, tense manifestado masivamente en contra desta impunidade e en solidariedade con pobo palestino.<\/p>\n\n\n\n<p>Sabemos, ademais, que os partidos que sustentan o goberno actual se te\u00f1en manifestado contra as pol\u00edticas de Israel en diferentes ocasi\u00f3ns. En varias delas mesmo temos compartido prazas e r\u00faas en sinal de protesta. Agora \u00e9 o momento de ser consecuentes: fagan como goberno o mesmo que fixeron como partidos e cidad\u00e1ns. Contin\u00faen ese esforzo polas canles da pol\u00edtica institucional.<\/p>\n\n\n\n<p>Sen outro particular,<\/p>\n\n\n\n<p>Palestina.gal<\/p>\n\n\n\n<p>Galiza, 15 de maio 2020<\/p>\n\n\n\n<p><strong>CARTA AOS GRUPOS DO PARLAMENTO GALEGO<\/strong><\/p>\n\n\n\n<p>Sras. Deputadas e Sres. Deputados,<\/p>\n\n\n\n<p>Dirix\u00edmonos a vostedes nun momento de m\u00e1xima dificultade para todos os pobos do mundo, en medio a unha pandemia que nos fixo mudar os h\u00e1bitos e mesmo o modo como nos relacionamos, mais non as obrigas \u00e9ticas que nos impomos colectivamente.<\/p>\n\n\n\n<p>Somos unha coordinaci\u00f3n galega de organizaci\u00f3ns de solidariedade co pobo palestino, nucleadas \u00e1 volta da causa da Palestina e alertadas pola situaci\u00f3n explosiva que se est\u00e1 a vivir naquel pa\u00eds. Diante, m\u00e1is unha vez, da pasividade do mundo e, tristemente, tam\u00e9n das nosas representantes pol\u00edticas.<\/p>\n\n\n\n<p>Hai 72 anos que Palestina vive baixo unha ocupaci\u00f3n mantida pola forza e polas armas. M\u00e1is de sete d\u00e9cadas desde que as potencias occidentais decidiron instalar al\u00ed colonos, fundamentalmente europeos, co \u00fanico requisito de profesaren a relixi\u00f3n xudaica. Como colectivo, defendemos o dereito de cada persoa a ter e honrar a s\u00faa fe, como non pode ser de outro modo. Mais iso non nos impide comprobar que, en termos hist\u00f3ricos, a instalaci\u00f3n do Estado de Israel nos Territorios Ocupados da Palestina ten producido unha enorme dor, unha listaxe intermin\u00e1bel de crimes, persecuci\u00f3n pol\u00edtica contra a poboaci\u00f3n local, desenraizamento desta e un longo etc\u00e9tera de problemas grav\u00edsimos.<\/p>\n\n\n\n<p>Agora, coa crise sanitaria e social derivada da pandemia de SARS-CoV2, a situaci\u00f3n non fixo m\u00e1is que intensificar a agresi\u00f3n permanente desde a xenocida Nakba no 1948. En Gaza, o maior campo de concentraci\u00f3n do planeta, o sistema sanitario, enfraquecido por un embargo ilegal desde 2013, colapsou completamente hai semanas. Como resultado, os m\u00e1is de dous mill\u00f3ns de persoas que sobreviven al\u00ed encerradas non te\u00f1en como se protexer do coronavirus, e a taxa de afectaci\u00f3n parece impar\u00e1bel. Nos barrios do leste de Xerusal\u00e9n, ocupados militarmente por Israel, os servizos m\u00e9dicos da Autoridade Nacional Palestina nin sequera poden entrar, e aos m\u00e1is de 150 mil palestinos e palestinas que a\u00ednda viven al\u00ed tam\u00e9n se lles nega o acceso aos servizos m\u00e9dicos israelitas. Por tanto, nunca foron examinados, e nin sequera hai cifras da incidencia, o que converte esas persoas en invis\u00edbeis. Como se non existisen. Na Cisxordania, a outra \u00e1rea en que a Palestina foi dividida, a situaci\u00f3n non \u00e9 mellor. Desde que a ANP decretou o estado de emerxencia, produc\u00edronse al\u00ed m\u00e1is de 200 incursi\u00f3ns violentas de colonos e grupos militarizados israelitas. O resultado destas acci\u00f3ns \u2014 ilegais \u00e1 luz de todas as normas internacionais \u2014 son m\u00e1is familias expulsadas das s\u00faas casas e das s\u00faas terras, m\u00e1is v\u00edtimas mortais nos enfrentamentos contra esta \u00abinvasi\u00f3n soterrada\u00bb, e ducias de civ\u00eds apresados por Israel e encarcerados nunhas prisi\u00f3ns onde, como est\u00e1 a ser denunciado por diversas instancias internacionais, o Estado sionista se nega a proporcionar o m\u00e1is elementar servizo m\u00e9dico. Non hai datos da mortandade ou afectaci\u00f3n do SARS-CoV2 nos c\u00e1rceres israelitas onde se amorean m\u00e1is de 5 mil presos e presas pol\u00edticas, crianzas inclu\u00eddas.<\/p>\n\n\n\n<p>Se\u00f1ores e se\u00f1oras deputadas, isto \u00e9 apenas unha panor\u00e1mica. Palestina sofre a mesma pandemia que n\u00f3s, mais non do mesmo xeito. Nin por acaso! A ocupaci\u00f3n ilegal das s\u00faas terras, das s\u00faas casas, a destruci\u00f3n das s\u00faas f\u00e1bricas, das escolas, dos comercios, xa v\u00e9n de antes. Muros da vergo\u00f1a cercan desde hai anos barrios e vilas enteiras de Palestina, atomiz\u00e1ndoas e disolvendo o territorio en illas desconexas nas que \u00e9 impos\u00edbel unha vida normal, e nas que se torna cada vez m\u00e1is dif\u00edcil prestar servizos b\u00e1sicos, como o de sa\u00fade. Centenas de&nbsp;<em>check-points<\/em>dificultan, cando non impiden directamente, a circulaci\u00f3n e a mobilidade m\u00e1is b\u00e1sica, nos campos de refuxiadas, nos guetos das cidades. A mi\u00fado non \u00e9 pos\u00edbel ir da casa ao traballo ou impedir as agresi\u00f3ns as crianzas cami\u00f1o da escola. Mesmo ambulancias con pacientes son paradas e sometidas a longas filas en que a poboaci\u00f3n se amorea tratando de cruzar un paso militarizado aleatorio. A pol\u00edtica de Israel de apoiar baixo pano o establecemento de novos colonatos en Palestina leva d\u00e9cadas perforando un territorio que fica, as\u00ed, inviabilizado.<\/p>\n\n\n\n<p><br>Sen embargo, a nosa chamada de atenci\u00f3n non se limita a esta crise. A nosa urxencia v\u00e9n da decisi\u00f3n do novo goberno israelita de anexar definitivamente todas as \u00e1reas ocupadas ilegalmente en Cisxordania, o chamado o \u201cacordo do s\u00e9culo\u201d de Netanyahu-Trump, o que significar\u00eda a pr\u00e1ctica desaparici\u00f3n da Palestina como entidade territorial. A materializaci\u00f3n deste crime, que ningu\u00e9n ampara no plano internacional, que \u00e9 mesmo condenado pola Uni\u00f3n Europea, e que contrad\u00ed todos os acordos internacionais sobre ocupaci\u00f3ns e anexaci\u00f3ns territoriais \u00e9 inminente, se non se pasa das palabras ocas aos feitos.&nbsp;<\/p>\n\n\n\n<p>Por este motivo, ped\u00edmoslles, como representantes do pobo galego, un acordo de pa\u00eds que condene formalmente os crimes do sionismo e exixa o establecemento de medidas que conduzan \u00e1 paz. E tam\u00e9n que o Parlamento Galego inste o goberno espa\u00f1ol a presentar unha oposici\u00f3n diplom\u00e1tica directa e contundente en todos os foros internacionais en que sexa necesario.<\/p>\n\n\n\n<p><br>O mundo non pode continuar fechando os ollos diante dos crimes sionistas e da violaci\u00f3n sistem\u00e1tica dos dereitos humanos por parte de Israel. E moito menos pode permitir, sen oporse radicalmente, a que a situaci\u00f3n contin\u00fae empeorando. Levamos d\u00e9cadas de pol\u00edtica da omisi\u00f3n e os resultados est\u00e1n a\u00ed para seren vistos. O pobo galego tense manifestado masivamente en contra desta impunidade e en solidariedade con pobo palestino. Agora \u00e9 o momento de que vostedes, como representantes dese pobo, contin\u00faen ese esforzo polos canles da pol\u00edtica institucional.<\/p>\n\n\n\n<p>Sen outro particular,<\/p>\n\n\n\n<p>Palestina.gal<\/p>\n\n\n\n<p>Galiza, 15 de Maio 2020<\/p>\n","protected":false},"excerpt":{"rendered":"<div class=\"mh-excerpt\"><p>Representantes da iniciativa Palestina.gal, que agrupa activistas e colectivos contrarios \u00e1 ocupaci\u00f3n de Israel e se marca como obxectivo urxente denunciar o acordo Trump-Netanyahu <a class=\"mh-excerpt-more\" href=\"https:\/\/www.anovapeneira.gal\/index.php\/2020\/05\/18\/demandan-posicionamentos-politicos-claros-contra-anexion-da-cisxordania\/\" title=\"Demandan posicionamentos pol\u00edticos claros contra anexi\u00f3n da Cisxordania\">[&#8230;]<\/a><\/p>\n<\/div>","protected":false},"author":3,"featured_media":3114,"comment_status":"open","ping_status":"open","sticky":false,"template":"","format":"standard","meta":{"_exactmetrics_skip_tracking":false,"_exactmetrics_sitenote_active":false,"_exactmetrics_sitenote_note":"","_exactmetrics_sitenote_category":0,"footnotes":""},"categories":[589],"tags":[1061,1062,1064],"class_list":{"0":"post-3113","1":"post","2":"type-post","3":"status-publish","4":"format-standard","5":"has-post-thumbnail","7":"category-reportaxe_galicia","8":"tag-cisxordania","9":"tag-palestina-gal","10":"tag-pobo-palestino"},"yoast_head":"<!-- This site is optimized with the Yoast SEO plugin v27.4 - https:\/\/yoast.com\/product\/yoast-seo-wordpress\/ -->\n<title>Demandan posicionamentos pol\u00edticos claros contra anexi\u00f3n da Cisxordania -<\/title>\n<meta name=\"robots\" content=\"index, follow, max-snippet:-1, max-image-preview:large, max-video-preview:-1\" \/>\n<link rel=\"canonical\" href=\"https:\/\/www.anovapeneira.gal\/index.php\/2020\/05\/18\/demandan-posicionamentos-politicos-claros-contra-anexion-da-cisxordania\/\" \/>\n<meta property=\"og:locale\" content=\"gl_ES\" \/>\n<meta property=\"og:type\" content=\"article\" \/>\n<meta property=\"og:title\" content=\"Demandan posicionamentos pol\u00edticos claros contra anexi\u00f3n da Cisxordania -\" \/>\n<meta property=\"og:description\" content=\"Representantes da iniciativa Palestina.gal, que agrupa activistas e colectivos contrarios \u00e1 ocupaci\u00f3n de Israel e se marca como obxectivo urxente denunciar o acordo Trump-Netanyahu [...]\" \/>\n<meta property=\"og:url\" content=\"https:\/\/www.anovapeneira.gal\/index.php\/2020\/05\/18\/demandan-posicionamentos-politicos-claros-contra-anexion-da-cisxordania\/\" \/>\n<meta property=\"article:publisher\" content=\"https:\/\/www.facebook.com\/anovapeneira\" \/>\n<meta property=\"article:published_time\" content=\"2020-05-18T08:00:22+00:00\" \/>\n<meta property=\"og:image\" content=\"https:\/\/www.anovapeneira.gal\/wp-content\/uploads\/2020\/05\/palestina_a_nova_peneira_reportaxe.jpg\" \/>\n\t<meta property=\"og:image:width\" content=\"720\" \/>\n\t<meta property=\"og:image:height\" content=\"432\" \/>\n\t<meta property=\"og:image:type\" content=\"image\/jpeg\" \/>\n<meta name=\"author\" content=\"Redacci\u00f3n A Nova Peneira\" \/>\n<meta name=\"twitter:card\" content=\"summary_large_image\" \/>\n<meta name=\"twitter:creator\" content=\"@APeneira\" \/>\n<meta name=\"twitter:site\" content=\"@APeneira\" \/>\n<meta name=\"twitter:label1\" content=\"Escrito por\" \/>\n\t<meta name=\"twitter:data1\" content=\"Redacci\u00f3n A Nova Peneira\" \/>\n\t<meta name=\"twitter:label2\" content=\"Tempo de lectura\" \/>\n\t<meta name=\"twitter:data2\" content=\"12 minutos\" \/>\n<script type=\"application\/ld+json\" class=\"yoast-schema-graph\">{\"@context\":\"https:\\\/\\\/schema.org\",\"@graph\":[{\"@type\":\"Article\",\"@id\":\"https:\\\/\\\/www.anovapeneira.gal\\\/index.php\\\/2020\\\/05\\\/18\\\/demandan-posicionamentos-politicos-claros-contra-anexion-da-cisxordania\\\/#article\",\"isPartOf\":{\"@id\":\"https:\\\/\\\/www.anovapeneira.gal\\\/index.php\\\/2020\\\/05\\\/18\\\/demandan-posicionamentos-politicos-claros-contra-anexion-da-cisxordania\\\/\"},\"author\":{\"name\":\"Redacci\u00f3n A Nova Peneira\",\"@id\":\"https:\\\/\\\/www.anovapeneira.gal\\\/#\\\/schema\\\/person\\\/b93e3f8932e3f8da96334607eb6ac6aa\"},\"headline\":\"Demandan posicionamentos pol\u00edticos claros contra anexi\u00f3n da Cisxordania\",\"datePublished\":\"2020-05-18T08:00:22+00:00\",\"mainEntityOfPage\":{\"@id\":\"https:\\\/\\\/www.anovapeneira.gal\\\/index.php\\\/2020\\\/05\\\/18\\\/demandan-posicionamentos-politicos-claros-contra-anexion-da-cisxordania\\\/\"},\"wordCount\":2443,\"commentCount\":0,\"publisher\":{\"@id\":\"https:\\\/\\\/www.anovapeneira.gal\\\/#organization\"},\"image\":{\"@id\":\"https:\\\/\\\/www.anovapeneira.gal\\\/index.php\\\/2020\\\/05\\\/18\\\/demandan-posicionamentos-politicos-claros-contra-anexion-da-cisxordania\\\/#primaryimage\"},\"thumbnailUrl\":\"https:\\\/\\\/www.anovapeneira.gal\\\/wp-content\\\/uploads\\\/2020\\\/05\\\/palestina_a_nova_peneira_reportaxe.jpg\",\"keywords\":[\"Cisxordania\",\"Palestina.gal\",\"Pobo Palestino\"],\"articleSection\":[\"Reportaxes\"],\"inLanguage\":\"gl-ES\",\"potentialAction\":[{\"@type\":\"CommentAction\",\"name\":\"Comment\",\"target\":[\"https:\\\/\\\/www.anovapeneira.gal\\\/index.php\\\/2020\\\/05\\\/18\\\/demandan-posicionamentos-politicos-claros-contra-anexion-da-cisxordania\\\/#respond\"]}]},{\"@type\":\"WebPage\",\"@id\":\"https:\\\/\\\/www.anovapeneira.gal\\\/index.php\\\/2020\\\/05\\\/18\\\/demandan-posicionamentos-politicos-claros-contra-anexion-da-cisxordania\\\/\",\"url\":\"https:\\\/\\\/www.anovapeneira.gal\\\/index.php\\\/2020\\\/05\\\/18\\\/demandan-posicionamentos-politicos-claros-contra-anexion-da-cisxordania\\\/\",\"name\":\"Demandan posicionamentos pol\u00edticos claros contra anexi\u00f3n da Cisxordania -\",\"isPartOf\":{\"@id\":\"https:\\\/\\\/www.anovapeneira.gal\\\/#website\"},\"primaryImageOfPage\":{\"@id\":\"https:\\\/\\\/www.anovapeneira.gal\\\/index.php\\\/2020\\\/05\\\/18\\\/demandan-posicionamentos-politicos-claros-contra-anexion-da-cisxordania\\\/#primaryimage\"},\"image\":{\"@id\":\"https:\\\/\\\/www.anovapeneira.gal\\\/index.php\\\/2020\\\/05\\\/18\\\/demandan-posicionamentos-politicos-claros-contra-anexion-da-cisxordania\\\/#primaryimage\"},\"thumbnailUrl\":\"https:\\\/\\\/www.anovapeneira.gal\\\/wp-content\\\/uploads\\\/2020\\\/05\\\/palestina_a_nova_peneira_reportaxe.jpg\",\"datePublished\":\"2020-05-18T08:00:22+00:00\",\"breadcrumb\":{\"@id\":\"https:\\\/\\\/www.anovapeneira.gal\\\/index.php\\\/2020\\\/05\\\/18\\\/demandan-posicionamentos-politicos-claros-contra-anexion-da-cisxordania\\\/#breadcrumb\"},\"inLanguage\":\"gl-ES\",\"potentialAction\":[{\"@type\":\"ReadAction\",\"target\":[\"https:\\\/\\\/www.anovapeneira.gal\\\/index.php\\\/2020\\\/05\\\/18\\\/demandan-posicionamentos-politicos-claros-contra-anexion-da-cisxordania\\\/\"]}]},{\"@type\":\"ImageObject\",\"inLanguage\":\"gl-ES\",\"@id\":\"https:\\\/\\\/www.anovapeneira.gal\\\/index.php\\\/2020\\\/05\\\/18\\\/demandan-posicionamentos-politicos-claros-contra-anexion-da-cisxordania\\\/#primaryimage\",\"url\":\"https:\\\/\\\/www.anovapeneira.gal\\\/wp-content\\\/uploads\\\/2020\\\/05\\\/palestina_a_nova_peneira_reportaxe.jpg\",\"contentUrl\":\"https:\\\/\\\/www.anovapeneira.gal\\\/wp-content\\\/uploads\\\/2020\\\/05\\\/palestina_a_nova_peneira_reportaxe.jpg\",\"width\":720,\"height\":432,\"caption\":\"Pobo Palestino A Nova Peneira\"},{\"@type\":\"BreadcrumbList\",\"@id\":\"https:\\\/\\\/www.anovapeneira.gal\\\/index.php\\\/2020\\\/05\\\/18\\\/demandan-posicionamentos-politicos-claros-contra-anexion-da-cisxordania\\\/#breadcrumb\",\"itemListElement\":[{\"@type\":\"ListItem\",\"position\":1,\"name\":\"Portada\",\"item\":\"https:\\\/\\\/www.anovapeneira.gal\\\/\"},{\"@type\":\"ListItem\",\"position\":2,\"name\":\"Demandan posicionamentos pol\u00edticos claros contra anexi\u00f3n da Cisxordania\"}]},{\"@type\":\"WebSite\",\"@id\":\"https:\\\/\\\/www.anovapeneira.gal\\\/#website\",\"url\":\"https:\\\/\\\/www.anovapeneira.gal\\\/\",\"name\":\"\",\"description\":\"Xornal galego de informaci\u00f3n xeral Publicaci\u00f3n mensual de novas de Galicia e en especial dos Concellos da sur da provincia de Pontevedra.\",\"publisher\":{\"@id\":\"https:\\\/\\\/www.anovapeneira.gal\\\/#organization\"},\"potentialAction\":[{\"@type\":\"SearchAction\",\"target\":{\"@type\":\"EntryPoint\",\"urlTemplate\":\"https:\\\/\\\/www.anovapeneira.gal\\\/?s={search_term_string}\"},\"query-input\":{\"@type\":\"PropertyValueSpecification\",\"valueRequired\":true,\"valueName\":\"search_term_string\"}}],\"inLanguage\":\"gl-ES\"},{\"@type\":\"Organization\",\"@id\":\"https:\\\/\\\/www.anovapeneira.gal\\\/#organization\",\"name\":\"A Nova Peneira\",\"url\":\"https:\\\/\\\/www.anovapeneira.gal\\\/\",\"logo\":{\"@type\":\"ImageObject\",\"inLanguage\":\"gl-ES\",\"@id\":\"https:\\\/\\\/www.anovapeneira.gal\\\/#\\\/schema\\\/logo\\\/image\\\/\",\"url\":\"http:\\\/\\\/www.anovapeneira.gal\\\/wp-content\\\/uploads\\\/2019\\\/06\\\/logo_a_nova_peneira_portal_web.png\",\"contentUrl\":\"http:\\\/\\\/www.anovapeneira.gal\\\/wp-content\\\/uploads\\\/2019\\\/06\\\/logo_a_nova_peneira_portal_web.png\",\"width\":300,\"height\":100,\"caption\":\"A Nova Peneira\"},\"image\":{\"@id\":\"https:\\\/\\\/www.anovapeneira.gal\\\/#\\\/schema\\\/logo\\\/image\\\/\"},\"sameAs\":[\"https:\\\/\\\/www.facebook.com\\\/anovapeneira\",\"https:\\\/\\\/x.com\\\/APeneira\"]},{\"@type\":\"Person\",\"@id\":\"https:\\\/\\\/www.anovapeneira.gal\\\/#\\\/schema\\\/person\\\/b93e3f8932e3f8da96334607eb6ac6aa\",\"name\":\"Redacci\u00f3n A Nova Peneira\",\"image\":{\"@type\":\"ImageObject\",\"inLanguage\":\"gl-ES\",\"@id\":\"https:\\\/\\\/secure.gravatar.com\\\/avatar\\\/c052a2551a06e23fac63626232eaa90abd78dbcf1700fc46a2b2c89fd27b735f?s=96&d=mm&r=g\",\"url\":\"https:\\\/\\\/secure.gravatar.com\\\/avatar\\\/c052a2551a06e23fac63626232eaa90abd78dbcf1700fc46a2b2c89fd27b735f?s=96&d=mm&r=g\",\"contentUrl\":\"https:\\\/\\\/secure.gravatar.com\\\/avatar\\\/c052a2551a06e23fac63626232eaa90abd78dbcf1700fc46a2b2c89fd27b735f?s=96&d=mm&r=g\",\"caption\":\"Redacci\u00f3n A Nova Peneira\"},\"sameAs\":[\"http:\\\/\\\/www.anovapeneira.gal\\\/\"],\"url\":\"https:\\\/\\\/www.anovapeneira.gal\\\/index.php\\\/author\\\/redactor\\\/\"}]}<\/script>\n<!-- \/ Yoast SEO plugin. -->","yoast_head_json":{"title":"Demandan posicionamentos pol\u00edticos claros contra anexi\u00f3n da Cisxordania -","robots":{"index":"index","follow":"follow","max-snippet":"max-snippet:-1","max-image-preview":"max-image-preview:large","max-video-preview":"max-video-preview:-1"},"canonical":"https:\/\/www.anovapeneira.gal\/index.php\/2020\/05\/18\/demandan-posicionamentos-politicos-claros-contra-anexion-da-cisxordania\/","og_locale":"gl_ES","og_type":"article","og_title":"Demandan posicionamentos pol\u00edticos claros contra anexi\u00f3n da Cisxordania -","og_description":"Representantes da iniciativa Palestina.gal, que agrupa activistas e colectivos contrarios \u00e1 ocupaci\u00f3n de Israel e se marca como obxectivo urxente denunciar o acordo Trump-Netanyahu [...]","og_url":"https:\/\/www.anovapeneira.gal\/index.php\/2020\/05\/18\/demandan-posicionamentos-politicos-claros-contra-anexion-da-cisxordania\/","article_publisher":"https:\/\/www.facebook.com\/anovapeneira","article_published_time":"2020-05-18T08:00:22+00:00","og_image":[{"width":720,"height":432,"url":"https:\/\/www.anovapeneira.gal\/wp-content\/uploads\/2020\/05\/palestina_a_nova_peneira_reportaxe.jpg","type":"image\/jpeg"}],"author":"Redacci\u00f3n A Nova Peneira","twitter_card":"summary_large_image","twitter_creator":"@APeneira","twitter_site":"@APeneira","twitter_misc":{"Escrito por":"Redacci\u00f3n A Nova Peneira","Tempo de lectura":"12 minutos"},"schema":{"@context":"https:\/\/schema.org","@graph":[{"@type":"Article","@id":"https:\/\/www.anovapeneira.gal\/index.php\/2020\/05\/18\/demandan-posicionamentos-politicos-claros-contra-anexion-da-cisxordania\/#article","isPartOf":{"@id":"https:\/\/www.anovapeneira.gal\/index.php\/2020\/05\/18\/demandan-posicionamentos-politicos-claros-contra-anexion-da-cisxordania\/"},"author":{"name":"Redacci\u00f3n A Nova Peneira","@id":"https:\/\/www.anovapeneira.gal\/#\/schema\/person\/b93e3f8932e3f8da96334607eb6ac6aa"},"headline":"Demandan posicionamentos pol\u00edticos claros contra anexi\u00f3n da Cisxordania","datePublished":"2020-05-18T08:00:22+00:00","mainEntityOfPage":{"@id":"https:\/\/www.anovapeneira.gal\/index.php\/2020\/05\/18\/demandan-posicionamentos-politicos-claros-contra-anexion-da-cisxordania\/"},"wordCount":2443,"commentCount":0,"publisher":{"@id":"https:\/\/www.anovapeneira.gal\/#organization"},"image":{"@id":"https:\/\/www.anovapeneira.gal\/index.php\/2020\/05\/18\/demandan-posicionamentos-politicos-claros-contra-anexion-da-cisxordania\/#primaryimage"},"thumbnailUrl":"https:\/\/www.anovapeneira.gal\/wp-content\/uploads\/2020\/05\/palestina_a_nova_peneira_reportaxe.jpg","keywords":["Cisxordania","Palestina.gal","Pobo Palestino"],"articleSection":["Reportaxes"],"inLanguage":"gl-ES","potentialAction":[{"@type":"CommentAction","name":"Comment","target":["https:\/\/www.anovapeneira.gal\/index.php\/2020\/05\/18\/demandan-posicionamentos-politicos-claros-contra-anexion-da-cisxordania\/#respond"]}]},{"@type":"WebPage","@id":"https:\/\/www.anovapeneira.gal\/index.php\/2020\/05\/18\/demandan-posicionamentos-politicos-claros-contra-anexion-da-cisxordania\/","url":"https:\/\/www.anovapeneira.gal\/index.php\/2020\/05\/18\/demandan-posicionamentos-politicos-claros-contra-anexion-da-cisxordania\/","name":"Demandan posicionamentos pol\u00edticos claros contra anexi\u00f3n da Cisxordania -","isPartOf":{"@id":"https:\/\/www.anovapeneira.gal\/#website"},"primaryImageOfPage":{"@id":"https:\/\/www.anovapeneira.gal\/index.php\/2020\/05\/18\/demandan-posicionamentos-politicos-claros-contra-anexion-da-cisxordania\/#primaryimage"},"image":{"@id":"https:\/\/www.anovapeneira.gal\/index.php\/2020\/05\/18\/demandan-posicionamentos-politicos-claros-contra-anexion-da-cisxordania\/#primaryimage"},"thumbnailUrl":"https:\/\/www.anovapeneira.gal\/wp-content\/uploads\/2020\/05\/palestina_a_nova_peneira_reportaxe.jpg","datePublished":"2020-05-18T08:00:22+00:00","breadcrumb":{"@id":"https:\/\/www.anovapeneira.gal\/index.php\/2020\/05\/18\/demandan-posicionamentos-politicos-claros-contra-anexion-da-cisxordania\/#breadcrumb"},"inLanguage":"gl-ES","potentialAction":[{"@type":"ReadAction","target":["https:\/\/www.anovapeneira.gal\/index.php\/2020\/05\/18\/demandan-posicionamentos-politicos-claros-contra-anexion-da-cisxordania\/"]}]},{"@type":"ImageObject","inLanguage":"gl-ES","@id":"https:\/\/www.anovapeneira.gal\/index.php\/2020\/05\/18\/demandan-posicionamentos-politicos-claros-contra-anexion-da-cisxordania\/#primaryimage","url":"https:\/\/www.anovapeneira.gal\/wp-content\/uploads\/2020\/05\/palestina_a_nova_peneira_reportaxe.jpg","contentUrl":"https:\/\/www.anovapeneira.gal\/wp-content\/uploads\/2020\/05\/palestina_a_nova_peneira_reportaxe.jpg","width":720,"height":432,"caption":"Pobo Palestino A Nova Peneira"},{"@type":"BreadcrumbList","@id":"https:\/\/www.anovapeneira.gal\/index.php\/2020\/05\/18\/demandan-posicionamentos-politicos-claros-contra-anexion-da-cisxordania\/#breadcrumb","itemListElement":[{"@type":"ListItem","position":1,"name":"Portada","item":"https:\/\/www.anovapeneira.gal\/"},{"@type":"ListItem","position":2,"name":"Demandan posicionamentos pol\u00edticos claros contra anexi\u00f3n da Cisxordania"}]},{"@type":"WebSite","@id":"https:\/\/www.anovapeneira.gal\/#website","url":"https:\/\/www.anovapeneira.gal\/","name":"","description":"Xornal galego de informaci\u00f3n xeral Publicaci\u00f3n mensual de novas de Galicia e en especial dos Concellos da sur da provincia de Pontevedra.","publisher":{"@id":"https:\/\/www.anovapeneira.gal\/#organization"},"potentialAction":[{"@type":"SearchAction","target":{"@type":"EntryPoint","urlTemplate":"https:\/\/www.anovapeneira.gal\/?s={search_term_string}"},"query-input":{"@type":"PropertyValueSpecification","valueRequired":true,"valueName":"search_term_string"}}],"inLanguage":"gl-ES"},{"@type":"Organization","@id":"https:\/\/www.anovapeneira.gal\/#organization","name":"A Nova Peneira","url":"https:\/\/www.anovapeneira.gal\/","logo":{"@type":"ImageObject","inLanguage":"gl-ES","@id":"https:\/\/www.anovapeneira.gal\/#\/schema\/logo\/image\/","url":"http:\/\/www.anovapeneira.gal\/wp-content\/uploads\/2019\/06\/logo_a_nova_peneira_portal_web.png","contentUrl":"http:\/\/www.anovapeneira.gal\/wp-content\/uploads\/2019\/06\/logo_a_nova_peneira_portal_web.png","width":300,"height":100,"caption":"A Nova Peneira"},"image":{"@id":"https:\/\/www.anovapeneira.gal\/#\/schema\/logo\/image\/"},"sameAs":["https:\/\/www.facebook.com\/anovapeneira","https:\/\/x.com\/APeneira"]},{"@type":"Person","@id":"https:\/\/www.anovapeneira.gal\/#\/schema\/person\/b93e3f8932e3f8da96334607eb6ac6aa","name":"Redacci\u00f3n A Nova Peneira","image":{"@type":"ImageObject","inLanguage":"gl-ES","@id":"https:\/\/secure.gravatar.com\/avatar\/c052a2551a06e23fac63626232eaa90abd78dbcf1700fc46a2b2c89fd27b735f?s=96&d=mm&r=g","url":"https:\/\/secure.gravatar.com\/avatar\/c052a2551a06e23fac63626232eaa90abd78dbcf1700fc46a2b2c89fd27b735f?s=96&d=mm&r=g","contentUrl":"https:\/\/secure.gravatar.com\/avatar\/c052a2551a06e23fac63626232eaa90abd78dbcf1700fc46a2b2c89fd27b735f?s=96&d=mm&r=g","caption":"Redacci\u00f3n A Nova Peneira"},"sameAs":["http:\/\/www.anovapeneira.gal\/"],"url":"https:\/\/www.anovapeneira.gal\/index.php\/author\/redactor\/"}]}},"jetpack_featured_media_url":"https:\/\/www.anovapeneira.gal\/wp-content\/uploads\/2020\/05\/palestina_a_nova_peneira_reportaxe.jpg","_links":{"self":[{"href":"https:\/\/www.anovapeneira.gal\/index.php\/wp-json\/wp\/v2\/posts\/3113","targetHints":{"allow":["GET"]}}],"collection":[{"href":"https:\/\/www.anovapeneira.gal\/index.php\/wp-json\/wp\/v2\/posts"}],"about":[{"href":"https:\/\/www.anovapeneira.gal\/index.php\/wp-json\/wp\/v2\/types\/post"}],"author":[{"embeddable":true,"href":"https:\/\/www.anovapeneira.gal\/index.php\/wp-json\/wp\/v2\/users\/3"}],"replies":[{"embeddable":true,"href":"https:\/\/www.anovapeneira.gal\/index.php\/wp-json\/wp\/v2\/comments?post=3113"}],"version-history":[{"count":1,"href":"https:\/\/www.anovapeneira.gal\/index.php\/wp-json\/wp\/v2\/posts\/3113\/revisions"}],"predecessor-version":[{"id":3115,"href":"https:\/\/www.anovapeneira.gal\/index.php\/wp-json\/wp\/v2\/posts\/3113\/revisions\/3115"}],"wp:featuredmedia":[{"embeddable":true,"href":"https:\/\/www.anovapeneira.gal\/index.php\/wp-json\/wp\/v2\/media\/3114"}],"wp:attachment":[{"href":"https:\/\/www.anovapeneira.gal\/index.php\/wp-json\/wp\/v2\/media?parent=3113"}],"wp:term":[{"taxonomy":"category","embeddable":true,"href":"https:\/\/www.anovapeneira.gal\/index.php\/wp-json\/wp\/v2\/categories?post=3113"},{"taxonomy":"post_tag","embeddable":true,"href":"https:\/\/www.anovapeneira.gal\/index.php\/wp-json\/wp\/v2\/tags?post=3113"}],"curies":[{"name":"wp","href":"https:\/\/api.w.org\/{rel}","templated":true}]}}