{"id":3119,"date":"2020-05-19T10:00:16","date_gmt":"2020-05-19T08:00:16","guid":{"rendered":"http:\/\/www.anovapeneira.gal\/?p=3119"},"modified":"2020-05-16T09:53:33","modified_gmt":"2020-05-16T07:53:33","slug":"vox-e-nos","status":"publish","type":"post","link":"https:\/\/www.anovapeneira.gal\/index.php\/2020\/05\/19\/vox-e-nos\/","title":{"rendered":"VOX  E  N\u00d3S"},"content":{"rendered":"\n<figure class=\"wp-block-image size-large is-resized is-style-default\"><img loading=\"lazy\" decoding=\"async\" src=\"http:\/\/www.anovapeneira.gal\/wp-content\/uploads\/2019\/07\/koki.jpg\" alt=\"Francisco \u00c1lvarez Koki Artigos de opini\u00f3n A Nova Peneira\" class=\"wp-image-498\" width=\"95\" height=\"111\"\/><figcaption>Koki. Correspondente de A Nova Peneira en EEUU<\/figcaption><\/figure>\n\n\n\n<p>Antes que o coronavirus, chegou Vox a Nova York. Chegaron anunci\u00e1ndose a bombo e platillo, como cando chegaban \u00e1s nosas aldeas os vendedores de ilusi\u00f3ns. Chegaron enfeitados dunha pomposa arrogancia de poderes in\u00fatiles. \u00cdan coa voz aberta anunciando un encontro coa administraci\u00f3n Trump. Nin eles o cr\u00edan, non \u00e9 que non sexan da mesma familia, que o son, de pensamento claro. A diferencia \u00e9 que Vox, son pouqui\u00f1a cousa para eles e non lles fan caso. Vox anunciou a s\u00faa presentaci\u00f3n no circulo espa\u00f1ol de Queens. N\u00f3s chamamos \u00e1s directivas para protestar, m\u00e1is que protestar falar. Dicindo que non era de recibo, recibir a esa xenti\u00f1a. Vox fixo forza e N\u00f3s tam\u00e9n. Ti\u00f1amos a raz\u00f3n. Eles ti\u00f1an a raz\u00f3n da fouce, e nos a fouce da raz\u00f3n. Vox tal vez non sab\u00eda ou non quixo saber, que o Centro espa\u00f1ol de Queens, foi fundado por emigrantes, legais e ilegais dos que eles tanto odian.<\/p>\n\n\n\n<p>Est\u00e1 claro que esa minor\u00eda da dereita recalcitrante, fai moito ru\u00eddo por onde vai, e sobre todo son especialistas en inventar o que non hai. Despois do fracaso, correron a outro centro social. A NACIONAL. Trabuc\u00e1ronse estes pequenos pol\u00edticos, pois atrev\u00e9ronse a ir \u00e1 sociedade mais antiga de Nova York . S\u00edmbolo de toda emigraci\u00f3n espa\u00f1ola e do exilio. Vox tratou, e N\u00f3s fech\u00e1moslle a porta. Trataron logo de enganarnos, dicindo que se \u00eda a celebrar nun club privado moi importante, a car\u00f3n da catedral de San Patricio. Todo conto, ningu\u00e9n os escoitou nin lles deu creto. Conseguiron unha entrevista nun canal privado do televisi\u00f3n de Colombia, onde o periodista lle cantou algunhas verdades que nin souberon contestar. Falaron iso si de Venezuela, dos cartos de Venezuela, pero non falaron de Iran, nin de onde lle vi\u00f1an os cartos a eles. Finalmente reun\u00edronse eles e alg\u00fan tonto \u00fatil , nunha cafeter\u00eda do exilio cubano e a\u00ed puideron dicir._ Compay que bien baila ust\u00e9. Mentiron, mentiron unha e outra vez, dicindo que suspend\u00edan os actos de presentaci\u00f3n por culpa das ameazas da esquerda radical. Non temos que facerlle caso a esta xente, pois est\u00e1n nas ant\u00edpodas das democracias, e esperamos que este pesadelo dure pouco.<\/p>\n","protected":false},"excerpt":{"rendered":"<div class=\"mh-excerpt\"><p>Antes que o coronavirus, chegou Vox a Nova York. Chegaron anunci\u00e1ndose a bombo e platillo, como cando chegaban \u00e1s nosas aldeas os vendedores de ilusi\u00f3ns <a class=\"mh-excerpt-more\" href=\"https:\/\/www.anovapeneira.gal\/index.php\/2020\/05\/19\/vox-e-nos\/\" title=\"VOX  E  N\u00d3S\">[&#8230;]<\/a><\/p>\n<\/div>","protected":false},"author":7,"featured_media":3122,"comment_status":"open","ping_status":"open","sticky":false,"template":"","format":"standard","meta":{"_exactmetrics_skip_tracking":false,"_exactmetrics_sitenote_active":false,"_exactmetrics_sitenote_note":"","_exactmetrics_sitenote_category":0,"footnotes":""},"categories":[7],"tags":[1065,58,351],"class_list":{"0":"post-3119","1":"post","2":"type-post","3":"status-publish","4":"format-standard","5":"has-post-thumbnail","7":"category-artigos-de-opinion","8":"tag-nova-york","9":"tag-opinion","10":"tag-vox"},"yoast_head":"<!-- This site is optimized with the Yoast SEO plugin v27.4 - https:\/\/yoast.com\/product\/yoast-seo-wordpress\/ -->\n<title>VOX E N\u00d3S -<\/title>\n<meta name=\"robots\" content=\"index, follow, max-snippet:-1, max-image-preview:large, max-video-preview:-1\" \/>\n<link rel=\"canonical\" href=\"https:\/\/www.anovapeneira.gal\/index.php\/2020\/05\/19\/vox-e-nos\/\" \/>\n<meta property=\"og:locale\" content=\"gl_ES\" \/>\n<meta property=\"og:type\" content=\"article\" \/>\n<meta property=\"og:title\" content=\"VOX E N\u00d3S -\" \/>\n<meta property=\"og:description\" content=\"Antes que o coronavirus, chegou Vox a Nova York. Chegaron anunci\u00e1ndose a bombo e platillo, como cando chegaban \u00e1s nosas aldeas os vendedores de ilusi\u00f3ns [...]\" \/>\n<meta property=\"og:url\" content=\"https:\/\/www.anovapeneira.gal\/index.php\/2020\/05\/19\/vox-e-nos\/\" \/>\n<meta property=\"article:publisher\" content=\"https:\/\/www.facebook.com\/anovapeneira\" \/>\n<meta property=\"article:published_time\" content=\"2020-05-19T08:00:16+00:00\" \/>\n<meta property=\"og:image\" content=\"https:\/\/www.anovapeneira.gal\/wp-content\/uploads\/2020\/05\/nos_e_vox_a_nova_peneira-1.jpg\" \/>\n\t<meta property=\"og:image:width\" content=\"720\" \/>\n\t<meta property=\"og:image:height\" content=\"432\" \/>\n\t<meta property=\"og:image:type\" content=\"image\/jpeg\" \/>\n<meta name=\"author\" content=\"Francisco \u00c1lvarez Koki\" \/>\n<meta name=\"twitter:card\" content=\"summary_large_image\" \/>\n<meta name=\"twitter:creator\" content=\"@APeneira\" \/>\n<meta name=\"twitter:site\" content=\"@APeneira\" \/>\n<meta name=\"twitter:label1\" content=\"Escrito por\" \/>\n\t<meta name=\"twitter:data1\" content=\"Francisco \u00c1lvarez Koki\" \/>\n\t<meta name=\"twitter:label2\" content=\"Tempo de lectura\" \/>\n\t<meta name=\"twitter:data2\" content=\"2 minutos\" \/>\n<script type=\"application\/ld+json\" class=\"yoast-schema-graph\">{\"@context\":\"https:\\\/\\\/schema.org\",\"@graph\":[{\"@type\":\"Article\",\"@id\":\"https:\\\/\\\/www.anovapeneira.gal\\\/index.php\\\/2020\\\/05\\\/19\\\/vox-e-nos\\\/#article\",\"isPartOf\":{\"@id\":\"https:\\\/\\\/www.anovapeneira.gal\\\/index.php\\\/2020\\\/05\\\/19\\\/vox-e-nos\\\/\"},\"author\":{\"name\":\"Francisco \u00c1lvarez Koki\",\"@id\":\"https:\\\/\\\/www.anovapeneira.gal\\\/#\\\/schema\\\/person\\\/f92cb9f06b112bf2c8d3c940d5c375a2\"},\"headline\":\"VOX E N\u00d3S\",\"datePublished\":\"2020-05-19T08:00:16+00:00\",\"mainEntityOfPage\":{\"@id\":\"https:\\\/\\\/www.anovapeneira.gal\\\/index.php\\\/2020\\\/05\\\/19\\\/vox-e-nos\\\/\"},\"wordCount\":407,\"commentCount\":0,\"publisher\":{\"@id\":\"https:\\\/\\\/www.anovapeneira.gal\\\/#organization\"},\"image\":{\"@id\":\"https:\\\/\\\/www.anovapeneira.gal\\\/index.php\\\/2020\\\/05\\\/19\\\/vox-e-nos\\\/#primaryimage\"},\"thumbnailUrl\":\"https:\\\/\\\/www.anovapeneira.gal\\\/wp-content\\\/uploads\\\/2020\\\/05\\\/nos_e_vox_a_nova_peneira-1.jpg\",\"keywords\":[\"Nova York\",\"Opini\u00f3n\",\"VOX\"],\"articleSection\":[\"Artigos de opini\u00f3n\"],\"inLanguage\":\"gl-ES\",\"potentialAction\":[{\"@type\":\"CommentAction\",\"name\":\"Comment\",\"target\":[\"https:\\\/\\\/www.anovapeneira.gal\\\/index.php\\\/2020\\\/05\\\/19\\\/vox-e-nos\\\/#respond\"]}]},{\"@type\":\"WebPage\",\"@id\":\"https:\\\/\\\/www.anovapeneira.gal\\\/index.php\\\/2020\\\/05\\\/19\\\/vox-e-nos\\\/\",\"url\":\"https:\\\/\\\/www.anovapeneira.gal\\\/index.php\\\/2020\\\/05\\\/19\\\/vox-e-nos\\\/\",\"name\":\"VOX E N\u00d3S -\",\"isPartOf\":{\"@id\":\"https:\\\/\\\/www.anovapeneira.gal\\\/#website\"},\"primaryImageOfPage\":{\"@id\":\"https:\\\/\\\/www.anovapeneira.gal\\\/index.php\\\/2020\\\/05\\\/19\\\/vox-e-nos\\\/#primaryimage\"},\"image\":{\"@id\":\"https:\\\/\\\/www.anovapeneira.gal\\\/index.php\\\/2020\\\/05\\\/19\\\/vox-e-nos\\\/#primaryimage\"},\"thumbnailUrl\":\"https:\\\/\\\/www.anovapeneira.gal\\\/wp-content\\\/uploads\\\/2020\\\/05\\\/nos_e_vox_a_nova_peneira-1.jpg\",\"datePublished\":\"2020-05-19T08:00:16+00:00\",\"breadcrumb\":{\"@id\":\"https:\\\/\\\/www.anovapeneira.gal\\\/index.php\\\/2020\\\/05\\\/19\\\/vox-e-nos\\\/#breadcrumb\"},\"inLanguage\":\"gl-ES\",\"potentialAction\":[{\"@type\":\"ReadAction\",\"target\":[\"https:\\\/\\\/www.anovapeneira.gal\\\/index.php\\\/2020\\\/05\\\/19\\\/vox-e-nos\\\/\"]}]},{\"@type\":\"ImageObject\",\"inLanguage\":\"gl-ES\",\"@id\":\"https:\\\/\\\/www.anovapeneira.gal\\\/index.php\\\/2020\\\/05\\\/19\\\/vox-e-nos\\\/#primaryimage\",\"url\":\"https:\\\/\\\/www.anovapeneira.gal\\\/wp-content\\\/uploads\\\/2020\\\/05\\\/nos_e_vox_a_nova_peneira-1.jpg\",\"contentUrl\":\"https:\\\/\\\/www.anovapeneira.gal\\\/wp-content\\\/uploads\\\/2020\\\/05\\\/nos_e_vox_a_nova_peneira-1.jpg\",\"width\":720,\"height\":432},{\"@type\":\"BreadcrumbList\",\"@id\":\"https:\\\/\\\/www.anovapeneira.gal\\\/index.php\\\/2020\\\/05\\\/19\\\/vox-e-nos\\\/#breadcrumb\",\"itemListElement\":[{\"@type\":\"ListItem\",\"position\":1,\"name\":\"Portada\",\"item\":\"https:\\\/\\\/www.anovapeneira.gal\\\/\"},{\"@type\":\"ListItem\",\"position\":2,\"name\":\"VOX E N\u00d3S\"}]},{\"@type\":\"WebSite\",\"@id\":\"https:\\\/\\\/www.anovapeneira.gal\\\/#website\",\"url\":\"https:\\\/\\\/www.anovapeneira.gal\\\/\",\"name\":\"\",\"description\":\"Xornal galego de informaci\u00f3n xeral Publicaci\u00f3n mensual de novas de Galicia e en especial dos Concellos da sur da provincia de Pontevedra.\",\"publisher\":{\"@id\":\"https:\\\/\\\/www.anovapeneira.gal\\\/#organization\"},\"potentialAction\":[{\"@type\":\"SearchAction\",\"target\":{\"@type\":\"EntryPoint\",\"urlTemplate\":\"https:\\\/\\\/www.anovapeneira.gal\\\/?s={search_term_string}\"},\"query-input\":{\"@type\":\"PropertyValueSpecification\",\"valueRequired\":true,\"valueName\":\"search_term_string\"}}],\"inLanguage\":\"gl-ES\"},{\"@type\":\"Organization\",\"@id\":\"https:\\\/\\\/www.anovapeneira.gal\\\/#organization\",\"name\":\"A Nova Peneira\",\"url\":\"https:\\\/\\\/www.anovapeneira.gal\\\/\",\"logo\":{\"@type\":\"ImageObject\",\"inLanguage\":\"gl-ES\",\"@id\":\"https:\\\/\\\/www.anovapeneira.gal\\\/#\\\/schema\\\/logo\\\/image\\\/\",\"url\":\"http:\\\/\\\/www.anovapeneira.gal\\\/wp-content\\\/uploads\\\/2019\\\/06\\\/logo_a_nova_peneira_portal_web.png\",\"contentUrl\":\"http:\\\/\\\/www.anovapeneira.gal\\\/wp-content\\\/uploads\\\/2019\\\/06\\\/logo_a_nova_peneira_portal_web.png\",\"width\":300,\"height\":100,\"caption\":\"A Nova Peneira\"},\"image\":{\"@id\":\"https:\\\/\\\/www.anovapeneira.gal\\\/#\\\/schema\\\/logo\\\/image\\\/\"},\"sameAs\":[\"https:\\\/\\\/www.facebook.com\\\/anovapeneira\",\"https:\\\/\\\/x.com\\\/APeneira\"]},{\"@type\":\"Person\",\"@id\":\"https:\\\/\\\/www.anovapeneira.gal\\\/#\\\/schema\\\/person\\\/f92cb9f06b112bf2c8d3c940d5c375a2\",\"name\":\"Francisco \u00c1lvarez Koki\",\"image\":{\"@type\":\"ImageObject\",\"inLanguage\":\"gl-ES\",\"@id\":\"https:\\\/\\\/secure.gravatar.com\\\/avatar\\\/97364db51c48aff867225029bf934794a7070fbaf65be818421407d41c9f6802?s=96&d=mm&r=g\",\"url\":\"https:\\\/\\\/secure.gravatar.com\\\/avatar\\\/97364db51c48aff867225029bf934794a7070fbaf65be818421407d41c9f6802?s=96&d=mm&r=g\",\"contentUrl\":\"https:\\\/\\\/secure.gravatar.com\\\/avatar\\\/97364db51c48aff867225029bf934794a7070fbaf65be818421407d41c9f6802?s=96&d=mm&r=g\",\"caption\":\"Francisco \u00c1lvarez Koki\"},\"sameAs\":[\"http:\\\/\\\/anovapeneira.gal\"],\"url\":\"https:\\\/\\\/www.anovapeneira.gal\\\/index.php\\\/author\\\/opinonkoki\\\/\"}]}<\/script>\n<!-- \/ Yoast SEO plugin. -->","yoast_head_json":{"title":"VOX E N\u00d3S -","robots":{"index":"index","follow":"follow","max-snippet":"max-snippet:-1","max-image-preview":"max-image-preview:large","max-video-preview":"max-video-preview:-1"},"canonical":"https:\/\/www.anovapeneira.gal\/index.php\/2020\/05\/19\/vox-e-nos\/","og_locale":"gl_ES","og_type":"article","og_title":"VOX E N\u00d3S -","og_description":"Antes que o coronavirus, chegou Vox a Nova York. Chegaron anunci\u00e1ndose a bombo e platillo, como cando chegaban \u00e1s nosas aldeas os vendedores de ilusi\u00f3ns [...]","og_url":"https:\/\/www.anovapeneira.gal\/index.php\/2020\/05\/19\/vox-e-nos\/","article_publisher":"https:\/\/www.facebook.com\/anovapeneira","article_published_time":"2020-05-19T08:00:16+00:00","og_image":[{"width":720,"height":432,"url":"https:\/\/www.anovapeneira.gal\/wp-content\/uploads\/2020\/05\/nos_e_vox_a_nova_peneira-1.jpg","type":"image\/jpeg"}],"author":"Francisco \u00c1lvarez Koki","twitter_card":"summary_large_image","twitter_creator":"@APeneira","twitter_site":"@APeneira","twitter_misc":{"Escrito por":"Francisco \u00c1lvarez Koki","Tempo de lectura":"2 minutos"},"schema":{"@context":"https:\/\/schema.org","@graph":[{"@type":"Article","@id":"https:\/\/www.anovapeneira.gal\/index.php\/2020\/05\/19\/vox-e-nos\/#article","isPartOf":{"@id":"https:\/\/www.anovapeneira.gal\/index.php\/2020\/05\/19\/vox-e-nos\/"},"author":{"name":"Francisco \u00c1lvarez Koki","@id":"https:\/\/www.anovapeneira.gal\/#\/schema\/person\/f92cb9f06b112bf2c8d3c940d5c375a2"},"headline":"VOX E N\u00d3S","datePublished":"2020-05-19T08:00:16+00:00","mainEntityOfPage":{"@id":"https:\/\/www.anovapeneira.gal\/index.php\/2020\/05\/19\/vox-e-nos\/"},"wordCount":407,"commentCount":0,"publisher":{"@id":"https:\/\/www.anovapeneira.gal\/#organization"},"image":{"@id":"https:\/\/www.anovapeneira.gal\/index.php\/2020\/05\/19\/vox-e-nos\/#primaryimage"},"thumbnailUrl":"https:\/\/www.anovapeneira.gal\/wp-content\/uploads\/2020\/05\/nos_e_vox_a_nova_peneira-1.jpg","keywords":["Nova York","Opini\u00f3n","VOX"],"articleSection":["Artigos de opini\u00f3n"],"inLanguage":"gl-ES","potentialAction":[{"@type":"CommentAction","name":"Comment","target":["https:\/\/www.anovapeneira.gal\/index.php\/2020\/05\/19\/vox-e-nos\/#respond"]}]},{"@type":"WebPage","@id":"https:\/\/www.anovapeneira.gal\/index.php\/2020\/05\/19\/vox-e-nos\/","url":"https:\/\/www.anovapeneira.gal\/index.php\/2020\/05\/19\/vox-e-nos\/","name":"VOX E N\u00d3S -","isPartOf":{"@id":"https:\/\/www.anovapeneira.gal\/#website"},"primaryImageOfPage":{"@id":"https:\/\/www.anovapeneira.gal\/index.php\/2020\/05\/19\/vox-e-nos\/#primaryimage"},"image":{"@id":"https:\/\/www.anovapeneira.gal\/index.php\/2020\/05\/19\/vox-e-nos\/#primaryimage"},"thumbnailUrl":"https:\/\/www.anovapeneira.gal\/wp-content\/uploads\/2020\/05\/nos_e_vox_a_nova_peneira-1.jpg","datePublished":"2020-05-19T08:00:16+00:00","breadcrumb":{"@id":"https:\/\/www.anovapeneira.gal\/index.php\/2020\/05\/19\/vox-e-nos\/#breadcrumb"},"inLanguage":"gl-ES","potentialAction":[{"@type":"ReadAction","target":["https:\/\/www.anovapeneira.gal\/index.php\/2020\/05\/19\/vox-e-nos\/"]}]},{"@type":"ImageObject","inLanguage":"gl-ES","@id":"https:\/\/www.anovapeneira.gal\/index.php\/2020\/05\/19\/vox-e-nos\/#primaryimage","url":"https:\/\/www.anovapeneira.gal\/wp-content\/uploads\/2020\/05\/nos_e_vox_a_nova_peneira-1.jpg","contentUrl":"https:\/\/www.anovapeneira.gal\/wp-content\/uploads\/2020\/05\/nos_e_vox_a_nova_peneira-1.jpg","width":720,"height":432},{"@type":"BreadcrumbList","@id":"https:\/\/www.anovapeneira.gal\/index.php\/2020\/05\/19\/vox-e-nos\/#breadcrumb","itemListElement":[{"@type":"ListItem","position":1,"name":"Portada","item":"https:\/\/www.anovapeneira.gal\/"},{"@type":"ListItem","position":2,"name":"VOX E N\u00d3S"}]},{"@type":"WebSite","@id":"https:\/\/www.anovapeneira.gal\/#website","url":"https:\/\/www.anovapeneira.gal\/","name":"","description":"Xornal galego de informaci\u00f3n xeral Publicaci\u00f3n mensual de novas de Galicia e en especial dos Concellos da sur da provincia de Pontevedra.","publisher":{"@id":"https:\/\/www.anovapeneira.gal\/#organization"},"potentialAction":[{"@type":"SearchAction","target":{"@type":"EntryPoint","urlTemplate":"https:\/\/www.anovapeneira.gal\/?s={search_term_string}"},"query-input":{"@type":"PropertyValueSpecification","valueRequired":true,"valueName":"search_term_string"}}],"inLanguage":"gl-ES"},{"@type":"Organization","@id":"https:\/\/www.anovapeneira.gal\/#organization","name":"A Nova Peneira","url":"https:\/\/www.anovapeneira.gal\/","logo":{"@type":"ImageObject","inLanguage":"gl-ES","@id":"https:\/\/www.anovapeneira.gal\/#\/schema\/logo\/image\/","url":"http:\/\/www.anovapeneira.gal\/wp-content\/uploads\/2019\/06\/logo_a_nova_peneira_portal_web.png","contentUrl":"http:\/\/www.anovapeneira.gal\/wp-content\/uploads\/2019\/06\/logo_a_nova_peneira_portal_web.png","width":300,"height":100,"caption":"A Nova Peneira"},"image":{"@id":"https:\/\/www.anovapeneira.gal\/#\/schema\/logo\/image\/"},"sameAs":["https:\/\/www.facebook.com\/anovapeneira","https:\/\/x.com\/APeneira"]},{"@type":"Person","@id":"https:\/\/www.anovapeneira.gal\/#\/schema\/person\/f92cb9f06b112bf2c8d3c940d5c375a2","name":"Francisco \u00c1lvarez Koki","image":{"@type":"ImageObject","inLanguage":"gl-ES","@id":"https:\/\/secure.gravatar.com\/avatar\/97364db51c48aff867225029bf934794a7070fbaf65be818421407d41c9f6802?s=96&d=mm&r=g","url":"https:\/\/secure.gravatar.com\/avatar\/97364db51c48aff867225029bf934794a7070fbaf65be818421407d41c9f6802?s=96&d=mm&r=g","contentUrl":"https:\/\/secure.gravatar.com\/avatar\/97364db51c48aff867225029bf934794a7070fbaf65be818421407d41c9f6802?s=96&d=mm&r=g","caption":"Francisco \u00c1lvarez Koki"},"sameAs":["http:\/\/anovapeneira.gal"],"url":"https:\/\/www.anovapeneira.gal\/index.php\/author\/opinonkoki\/"}]}},"jetpack_featured_media_url":"https:\/\/www.anovapeneira.gal\/wp-content\/uploads\/2020\/05\/nos_e_vox_a_nova_peneira-1.jpg","_links":{"self":[{"href":"https:\/\/www.anovapeneira.gal\/index.php\/wp-json\/wp\/v2\/posts\/3119","targetHints":{"allow":["GET"]}}],"collection":[{"href":"https:\/\/www.anovapeneira.gal\/index.php\/wp-json\/wp\/v2\/posts"}],"about":[{"href":"https:\/\/www.anovapeneira.gal\/index.php\/wp-json\/wp\/v2\/types\/post"}],"author":[{"embeddable":true,"href":"https:\/\/www.anovapeneira.gal\/index.php\/wp-json\/wp\/v2\/users\/7"}],"replies":[{"embeddable":true,"href":"https:\/\/www.anovapeneira.gal\/index.php\/wp-json\/wp\/v2\/comments?post=3119"}],"version-history":[{"count":2,"href":"https:\/\/www.anovapeneira.gal\/index.php\/wp-json\/wp\/v2\/posts\/3119\/revisions"}],"predecessor-version":[{"id":3123,"href":"https:\/\/www.anovapeneira.gal\/index.php\/wp-json\/wp\/v2\/posts\/3119\/revisions\/3123"}],"wp:featuredmedia":[{"embeddable":true,"href":"https:\/\/www.anovapeneira.gal\/index.php\/wp-json\/wp\/v2\/media\/3122"}],"wp:attachment":[{"href":"https:\/\/www.anovapeneira.gal\/index.php\/wp-json\/wp\/v2\/media?parent=3119"}],"wp:term":[{"taxonomy":"category","embeddable":true,"href":"https:\/\/www.anovapeneira.gal\/index.php\/wp-json\/wp\/v2\/categories?post=3119"},{"taxonomy":"post_tag","embeddable":true,"href":"https:\/\/www.anovapeneira.gal\/index.php\/wp-json\/wp\/v2\/tags?post=3119"}],"curies":[{"name":"wp","href":"https:\/\/api.w.org\/{rel}","templated":true}]}}