{"id":3149,"date":"2020-05-21T12:00:04","date_gmt":"2020-05-21T10:00:04","guid":{"rendered":"http:\/\/www.anovapeneira.gal\/?p=3149"},"modified":"2020-05-19T19:01:32","modified_gmt":"2020-05-19T17:01:32","slug":"a-tradicion-oral-na-illa-de-ons","status":"publish","type":"post","link":"https:\/\/www.anovapeneira.gal\/index.php\/2020\/05\/21\/a-tradicion-oral-na-illa-de-ons\/","title":{"rendered":"A tradici\u00f3n oral na Illa de Ons"},"content":{"rendered":"\n<h2 class=\"wp-block-heading\">Achegamento \u00e1 obra de Staffan M\u00f6rling, o sueco namorado do mar<\/h2>\n\n\n\n<figure class=\"wp-block-image size-large is-resized\"><img loading=\"lazy\" decoding=\"async\" src=\"http:\/\/www.anovapeneira.gal\/wp-content\/uploads\/2020\/05\/kike_estevez_avatar_a_nova_peneira.jpg\" alt=\"Kike Estevez Artigo de opini\u00f3n A Nova Peneira\" class=\"wp-image-3062\" width=\"95\" height=\"111\"\/><figcaption>Kike Est\u00e9vez<\/figcaption><\/figure>\n\n\n\n<p>Hai uns poucos d\u00edas acordabamos coa triste nova do falecemento do etn\u00f3logo e antrop\u00f3logo sueco Staffan M\u00f6rling (1936-2020), que tan ben describiu as nosas costas e o noso mundo mar\u00edtimo en obras de referencia como <em>As embarcaci\u00f3ns tradicionais de Galicia<\/em> (1989) ou <em>Lanchas e dornas. A estabilidade cultural e a morfolox\u00eda das embarcaci\u00f3ns na costa occidental de Galicia<\/em> (2005). Dende Ribadeo ata Tui, pasando por Malpica ou a costa do Morrazo, o investigador sueco ficou namorado da nosa cultura do mar, da que dar\u00eda unha inxente cantidade de descrici\u00f3ns e informaci\u00f3ns acadadas nun momento en que a\u00ednda sobreviv\u00edan as comunidades mari\u00f1eiras tradicionais galegas, a mediados do s\u00e9culo pasado. Pero se hai un lugar que describiu con m\u00e1ximo detalle, tanto nos seus costumes coma na vida da s\u00faa veci\u00f1anza, ese foi a Illa de Ons, onde se achegou nunha das s\u00faas primeiras viaxes, durante o outono do ano 1964, grazas a unha bolsa do Ministerio de Asuntos Exteriores.  <\/p>\n\n\n\n<p>\nEntre os\nseus traballos m\u00e1is salientables relacionados coa Illa e o seu pobo\nest\u00e1 &#8220;<em>Al\u00e1\nno medio do mar. A comunidade da Illa de Ons<\/em>&#8220;,\nco-escrito coa inestimable axuda da s\u00faa muller, Josefa Otero Pati\u00f1o,\nnativa da illa e parella de Staffan desde o ano seguinte \u00e1 s\u00faa\nchegada \u00e1 Illa (1965). De entre a m\u00faltiple e interesant\u00edsima\ninformaci\u00f3n recollida neste libro, destaca a relacionada co modo de\nvivir desta comunidade tradicional que foi a da illa de Ons, e que se\nir\u00eda esfia\u00f1ando co paso do s\u00e9culo XX. Festas, tradici\u00f3ns,\ncostumes e demais sabedor\u00edas relacionadas coa vida tradicional\nlabrega e, sobre todo, mari\u00f1eira, foron descritas por este\nsueco\/galego neste e noutros traballos que deixou como herdanza para\na Antropolox\u00eda do noso pa\u00eds.<\/p>\n\n\n\n<p>\nEn canto\n\u00e1 tradici\u00f3n oral predominante na Illa e que se recolle no antedito\ntraballo destaca a composici\u00f3n de romances que segundo lle contaron\n\u201c[\u2026] <em>eran\ncoma novelas, que se compraban en Bueu nunha especie de cartilla ou\nlibri\u00f1o; cham\u00e1banse historias de cegos pero eran historias feitas\npor outros [\u2026]<\/em>\u201d.\nUnha curiosidade da \u201c<em>performance<\/em>\u201d\ndestes romances na Illa era que se adoitaban representar dunha\nmaneira dram\u00e1tica, pois mentres algu\u00e9n se encargaba do recitado,\noutra persoa \u00eda debuxando (ou fac\u00edao antes) nunha lousa as acci\u00f3ns\nque se suced\u00edan, coma nunha novela gr\u00e1fica, d\u00e1ndolle maior\nverosimilitude e propiciando a emoci\u00f3n dos presentes cando canto e\nimaxe coincid\u00edan no relato romanceado. \n<\/p>\n\n\n\n<hr class=\"wp-block-separator\"\/>\n\n\n\n<pre class=\"wp-block-verse\">\u201c<em>Catr\u00faas\nvi\u00f1a po mar<\/em><\/pre>\n\n\n\n<pre class=\"wp-block-verse\"><em>Estreou\nunha tarteira<\/em><\/pre>\n\n\n\n<pre class=\"wp-block-verse\"><em>P\u00faxose\na comer nas xoubas<\/em><\/pre>\n\n\n\n<pre class=\"wp-block-verse\"><em>Embarrancou\na Borneira\u201d<\/em><\/pre>\n\n\n\n<p>Versos\nde Antonio Mu\u00f1iz, nativo das Ons (&#8220;<em>Al\u00e1\nno medio do mar. A comunidade da Illa de Ons<\/em>&#8221;\n2013)<\/p>\n\n\n\n<hr class=\"wp-block-separator\"\/>\n\n\n\n<p>Outra das manifestaci\u00f3ns orais coti\u00e1s da que nos dan conta M\u00f6rling e Josefa neste excepcional traballo era o canto, que as m\u00e1is das veces se compu\u00f1a de xeito improvisado. As angueiras comunais, os momentos de espera no campo coas bestas, as festas ou calquera outra reuni\u00f3n conmemorativa eran propicias para o canto, que moitas persoas eran quen de compo\u00f1er ou de improvisar no momento con tem\u00e1tica propia relativa a sucesos ou membros da comunidade. De feito, no libro f\u00e1lase dos versos de Antonio Mu\u00f1iz sobre un patr\u00f3n de pesca da Illa co\u00f1ecido co nome de Catr\u00faas, ou dun tal Cachote, que improvisaba as s\u00faas coplas en castel\u00e1n. As\u00ed e todo, M\u00f6rling comenta que \u00e1 maior\u00eda dest@s creador@s lle resultaba \u201c<em>natural darlle sa\u00edda en galego a este sentimento espont\u00e1neo<\/em>\u201d.<\/p>\n\n\n\n<figure class=\"wp-block-image size-large\"><img loading=\"lazy\" decoding=\"async\" width=\"720\" height=\"432\" src=\"http:\/\/www.anovapeneira.gal\/wp-content\/uploads\/2020\/05\/tradicion_oral_na_Illa_de_ons_a_nova_peneira_2.jpg\" alt=\"A Tradici\u00f3n oral na illa de Ons A Nova Peneira\" class=\"wp-image-3152\" srcset=\"https:\/\/www.anovapeneira.gal\/wp-content\/uploads\/2020\/05\/tradicion_oral_na_Illa_de_ons_a_nova_peneira_2.jpg 720w, https:\/\/www.anovapeneira.gal\/wp-content\/uploads\/2020\/05\/tradicion_oral_na_Illa_de_ons_a_nova_peneira_2-300x180.jpg 300w\" sizes=\"auto, (max-width: 720px) 100vw, 720px\" \/><\/figure>\n\n\n\n<hr class=\"wp-block-separator\"\/>\n\n\n\n<pre class=\"wp-block-verse\">\u201c<em>Sa\u00edn\nda Illa con calma<\/em><\/pre>\n\n\n\n<pre class=\"wp-block-verse\"><em>No\nmedio do mar varei<\/em><\/pre>\n\n\n\n<pre class=\"wp-block-verse\"><em>Dime,\nti, mi\u00f1a rapaza<\/em><\/pre>\n\n\n\n<pre class=\"wp-block-verse\"><em>Cantas\nhoras che botei\u201d<\/em><\/pre>\n\n\n\n<p>Cantiga\nan\u00f3nima improvisada (&#8220;<em>Al\u00e1\nno medio do mar. A comunidade da Illa de Ons<\/em>&#8221;\n2013)<\/p>\n\n\n\n<hr class=\"wp-block-separator\"\/>\n\n\n\n<p>\u201c<em>Para cantar, hai que nacer de berce<\/em>\u201d, dic\u00eda unha se\u00f1ora nas Ons naquela primeira estancia do Staffan na Illa, al\u00f3 polos anos sesenta do s\u00e9culo pasado. Daquela, era habitual que a afecci\u00f3n polo canto pasase de xeraci\u00f3n en xeraci\u00f3n entre as familias da comunidade, d\u00e1ndolle continuidade dese xeito a unha maneira de vivir, de facer comunidade, de entender e comunicar cantando, en definitiva, a s\u00faa propia realidade. As\u00ed era o caso de Manuela, cantadora senlleira da casa de Cambados, no barrio de Pereir\u00f3; casada con Xirome, \u201c<em>chegado de Carreira e ao que lle gustraba improvisar coplas<\/em>\u201d. Os homes cantaban nas vodas e na festa da Illa, nas tabernas, no Entroido ou en calquera esmorga que se prolongase \u201c<em>ata sa\u00edr o sol<\/em>\u201d.<\/p>\n\n\n\n<figure class=\"wp-block-image size-large\"><img loading=\"lazy\" decoding=\"async\" width=\"720\" height=\"432\" src=\"http:\/\/www.anovapeneira.gal\/wp-content\/uploads\/2020\/05\/tradicion_oral_na_Illa_de_ons_a_nova_peneira_3.jpg\" alt=\"A Tradici\u00f3n oral na illa de Ons A Nova Peneira\" class=\"wp-image-3154\" srcset=\"https:\/\/www.anovapeneira.gal\/wp-content\/uploads\/2020\/05\/tradicion_oral_na_Illa_de_ons_a_nova_peneira_3.jpg 720w, https:\/\/www.anovapeneira.gal\/wp-content\/uploads\/2020\/05\/tradicion_oral_na_Illa_de_ons_a_nova_peneira_3-300x180.jpg 300w\" sizes=\"auto, (max-width: 720px) 100vw, 720px\" \/><\/figure>\n\n\n\n<p>Mais,\nsobre todo, Staffan c\u00f3ntanos nas s\u00faas obras a especial capacidade\ndas mulleres da Illa para o canto, o baile e o toque de pandeireta.\nSegundo recolle no seu traballo de investigaci\u00f3n \u201c<em>elas\neran as que fac\u00edan a festa, tocando e cantando coas pandeiretas<\/em>\u201d.\nBen fose nun ser\u00e1n, nunha foliada festeira ou nas tarefas agr\u00edcolas\nou mari\u00f1eiras do d\u00eda a d\u00eda, as mulleres da Illa daban renda solta\n\u00e1 s\u00faa faceta de cantadoras. As\u00ed era o caso de Basilia e Esther,\nveci\u00f1as que estando coas vacas no monte intercambiaban cantigas coa\nse\u00f1ora Serafina; ampliando as\u00ed o seu repertorio co paso dos anos. \n<\/p>\n\n\n\n<p>Vaia\ndesde estas humildes p\u00e1xinas, o noso reco\u00f1ecemento a un dos maiores\ninvestigadores do <em>ethos<\/em>\ne do <em>pathos<\/em>\nda nosa comunidade tradicional mari\u00f1eira e labrega. Que a terra che\nsexa leve, Staffan M\u00f6rling. Ningu\u00e9n volver\u00e1 namorarse do noso mar\ncoma ti o fixeches.<\/p>\n\n\n\n<hr class=\"wp-block-separator\"\/>\n\n\n\n<pre class=\"wp-block-verse\">\u201c<em>As\nmozas de al\u00e1 arriba<\/em><\/pre>\n\n\n\n<pre class=\"wp-block-verse\"><em>Todas\nxuntas nun convento<\/em><\/pre>\n\n\n\n<pre class=\"wp-block-verse\"><em>As\ngavotas ventan chuvia<\/em><\/pre>\n\n\n\n<pre class=\"wp-block-verse\"><em>E\nos galomari\u00f1os vento\u201d<\/em><\/pre>\n\n\n\n<p>Cantiga\nde desaf\u00edo nas vodas da Illa (&#8220;<em>Al\u00e1\nno medio do mar. A comunidade da Illa de Ons<\/em>&#8221;\n2013)<\/p>\n\n\n\n<hr class=\"wp-block-separator\"\/>\n","protected":false},"excerpt":{"rendered":"<div class=\"mh-excerpt\"><p>Hai uns poucos d\u00edas acordabamos coa triste nova do falecemento do etn\u00f3logo e antrop\u00f3logo sueco Staffan M\u00f6rling (1936-2020), que tan ben describiu as nosas costas e o noso mundo mar\u00edtimo en obras de referencia como As embarcaci\u00f3ns tradicionais de Galicia (1989) ou Lanchas e dornas <a class=\"mh-excerpt-more\" href=\"https:\/\/www.anovapeneira.gal\/index.php\/2020\/05\/21\/a-tradicion-oral-na-illa-de-ons\/\" title=\"A tradici\u00f3n oral na Illa de Ons\">[&#8230;]<\/a><\/p>\n<\/div>","protected":false},"author":25,"featured_media":3156,"comment_status":"open","ping_status":"open","sticky":false,"template":"","format":"standard","meta":{"_exactmetrics_skip_tracking":false,"_exactmetrics_sitenote_active":false,"_exactmetrics_sitenote_note":"","_exactmetrics_sitenote_category":0,"footnotes":""},"categories":[7],"tags":[498,597],"class_list":{"0":"post-3149","1":"post","2":"type-post","3":"status-publish","4":"format-standard","5":"has-post-thumbnail","7":"category-artigos-de-opinion","8":"tag-illa-de-ons","9":"tag-tradicion-oral"},"yoast_head":"<!-- This site is optimized with the Yoast SEO plugin v27.5 - https:\/\/yoast.com\/product\/yoast-seo-wordpress\/ -->\n<title>A tradici\u00f3n oral na Illa de Ons -<\/title>\n<meta name=\"robots\" content=\"index, follow, max-snippet:-1, max-image-preview:large, max-video-preview:-1\" \/>\n<link rel=\"canonical\" href=\"https:\/\/www.anovapeneira.gal\/index.php\/2020\/05\/21\/a-tradicion-oral-na-illa-de-ons\/\" \/>\n<meta property=\"og:locale\" content=\"gl_ES\" \/>\n<meta property=\"og:type\" content=\"article\" \/>\n<meta property=\"og:title\" content=\"A tradici\u00f3n oral na Illa de Ons -\" \/>\n<meta property=\"og:description\" content=\"Hai uns poucos d\u00edas acordabamos coa triste nova do falecemento do etn\u00f3logo e antrop\u00f3logo sueco Staffan M\u00f6rling (1936-2020), que tan ben describiu as nosas costas e o noso mundo mar\u00edtimo en obras de referencia como As embarcaci\u00f3ns tradicionais de Galicia (1989) ou Lanchas e dornas [...]\" \/>\n<meta property=\"og:url\" content=\"https:\/\/www.anovapeneira.gal\/index.php\/2020\/05\/21\/a-tradicion-oral-na-illa-de-ons\/\" \/>\n<meta property=\"article:publisher\" content=\"https:\/\/www.facebook.com\/anovapeneira\" \/>\n<meta property=\"article:published_time\" content=\"2020-05-21T10:00:04+00:00\" \/>\n<meta property=\"og:image\" content=\"https:\/\/www.anovapeneira.gal\/wp-content\/uploads\/2020\/05\/tradicion_oral_na_Illa_de_ons_a_nova_peneira.jpg\" \/>\n\t<meta property=\"og:image:width\" content=\"720\" \/>\n\t<meta property=\"og:image:height\" content=\"432\" \/>\n\t<meta property=\"og:image:type\" content=\"image\/jpeg\" \/>\n<meta name=\"author\" content=\"Kike Est\u00e9vez\" \/>\n<meta name=\"twitter:card\" content=\"summary_large_image\" \/>\n<meta name=\"twitter:creator\" content=\"@APeneira\" \/>\n<meta name=\"twitter:site\" content=\"@APeneira\" \/>\n<meta name=\"twitter:label1\" content=\"Escrito por\" \/>\n\t<meta name=\"twitter:data1\" content=\"Kike Est\u00e9vez\" \/>\n\t<meta name=\"twitter:label2\" content=\"Tempo de lectura\" \/>\n\t<meta name=\"twitter:data2\" content=\"5 minutos\" \/>\n<script type=\"application\/ld+json\" class=\"yoast-schema-graph\">{\"@context\":\"https:\\\/\\\/schema.org\",\"@graph\":[{\"@type\":\"Article\",\"@id\":\"https:\\\/\\\/www.anovapeneira.gal\\\/index.php\\\/2020\\\/05\\\/21\\\/a-tradicion-oral-na-illa-de-ons\\\/#article\",\"isPartOf\":{\"@id\":\"https:\\\/\\\/www.anovapeneira.gal\\\/index.php\\\/2020\\\/05\\\/21\\\/a-tradicion-oral-na-illa-de-ons\\\/\"},\"author\":{\"name\":\"Kike Est\u00e9vez\",\"@id\":\"https:\\\/\\\/www.anovapeneira.gal\\\/#\\\/schema\\\/person\\\/a63aaacbeda0b255d5b7200cb817bcfb\"},\"headline\":\"A tradici\u00f3n oral na Illa de Ons\",\"datePublished\":\"2020-05-21T10:00:04+00:00\",\"mainEntityOfPage\":{\"@id\":\"https:\\\/\\\/www.anovapeneira.gal\\\/index.php\\\/2020\\\/05\\\/21\\\/a-tradicion-oral-na-illa-de-ons\\\/\"},\"wordCount\":941,\"commentCount\":0,\"publisher\":{\"@id\":\"https:\\\/\\\/www.anovapeneira.gal\\\/#organization\"},\"image\":{\"@id\":\"https:\\\/\\\/www.anovapeneira.gal\\\/index.php\\\/2020\\\/05\\\/21\\\/a-tradicion-oral-na-illa-de-ons\\\/#primaryimage\"},\"thumbnailUrl\":\"https:\\\/\\\/www.anovapeneira.gal\\\/wp-content\\\/uploads\\\/2020\\\/05\\\/tradicion_oral_na_Illa_de_ons_a_nova_peneira.jpg\",\"keywords\":[\"Illa de Ons\",\"Tradici\u00f3n Oral\"],\"articleSection\":[\"Artigos de opini\u00f3n\"],\"inLanguage\":\"gl-ES\",\"potentialAction\":[{\"@type\":\"CommentAction\",\"name\":\"Comment\",\"target\":[\"https:\\\/\\\/www.anovapeneira.gal\\\/index.php\\\/2020\\\/05\\\/21\\\/a-tradicion-oral-na-illa-de-ons\\\/#respond\"]}]},{\"@type\":\"WebPage\",\"@id\":\"https:\\\/\\\/www.anovapeneira.gal\\\/index.php\\\/2020\\\/05\\\/21\\\/a-tradicion-oral-na-illa-de-ons\\\/\",\"url\":\"https:\\\/\\\/www.anovapeneira.gal\\\/index.php\\\/2020\\\/05\\\/21\\\/a-tradicion-oral-na-illa-de-ons\\\/\",\"name\":\"A tradici\u00f3n oral na Illa de Ons -\",\"isPartOf\":{\"@id\":\"https:\\\/\\\/www.anovapeneira.gal\\\/#website\"},\"primaryImageOfPage\":{\"@id\":\"https:\\\/\\\/www.anovapeneira.gal\\\/index.php\\\/2020\\\/05\\\/21\\\/a-tradicion-oral-na-illa-de-ons\\\/#primaryimage\"},\"image\":{\"@id\":\"https:\\\/\\\/www.anovapeneira.gal\\\/index.php\\\/2020\\\/05\\\/21\\\/a-tradicion-oral-na-illa-de-ons\\\/#primaryimage\"},\"thumbnailUrl\":\"https:\\\/\\\/www.anovapeneira.gal\\\/wp-content\\\/uploads\\\/2020\\\/05\\\/tradicion_oral_na_Illa_de_ons_a_nova_peneira.jpg\",\"datePublished\":\"2020-05-21T10:00:04+00:00\",\"breadcrumb\":{\"@id\":\"https:\\\/\\\/www.anovapeneira.gal\\\/index.php\\\/2020\\\/05\\\/21\\\/a-tradicion-oral-na-illa-de-ons\\\/#breadcrumb\"},\"inLanguage\":\"gl-ES\",\"potentialAction\":[{\"@type\":\"ReadAction\",\"target\":[\"https:\\\/\\\/www.anovapeneira.gal\\\/index.php\\\/2020\\\/05\\\/21\\\/a-tradicion-oral-na-illa-de-ons\\\/\"]}]},{\"@type\":\"ImageObject\",\"inLanguage\":\"gl-ES\",\"@id\":\"https:\\\/\\\/www.anovapeneira.gal\\\/index.php\\\/2020\\\/05\\\/21\\\/a-tradicion-oral-na-illa-de-ons\\\/#primaryimage\",\"url\":\"https:\\\/\\\/www.anovapeneira.gal\\\/wp-content\\\/uploads\\\/2020\\\/05\\\/tradicion_oral_na_Illa_de_ons_a_nova_peneira.jpg\",\"contentUrl\":\"https:\\\/\\\/www.anovapeneira.gal\\\/wp-content\\\/uploads\\\/2020\\\/05\\\/tradicion_oral_na_Illa_de_ons_a_nova_peneira.jpg\",\"width\":720,\"height\":432,\"caption\":\"A Tradici\u00f3n oral na illa de Ons A Nova Peneira\"},{\"@type\":\"BreadcrumbList\",\"@id\":\"https:\\\/\\\/www.anovapeneira.gal\\\/index.php\\\/2020\\\/05\\\/21\\\/a-tradicion-oral-na-illa-de-ons\\\/#breadcrumb\",\"itemListElement\":[{\"@type\":\"ListItem\",\"position\":1,\"name\":\"Portada\",\"item\":\"https:\\\/\\\/www.anovapeneira.gal\\\/\"},{\"@type\":\"ListItem\",\"position\":2,\"name\":\"A tradici\u00f3n oral na Illa de Ons\"}]},{\"@type\":\"WebSite\",\"@id\":\"https:\\\/\\\/www.anovapeneira.gal\\\/#website\",\"url\":\"https:\\\/\\\/www.anovapeneira.gal\\\/\",\"name\":\"\",\"description\":\"Xornal galego de informaci\u00f3n xeral Publicaci\u00f3n mensual de novas de Galicia e en especial dos Concellos da sur da provincia de Pontevedra.\",\"publisher\":{\"@id\":\"https:\\\/\\\/www.anovapeneira.gal\\\/#organization\"},\"potentialAction\":[{\"@type\":\"SearchAction\",\"target\":{\"@type\":\"EntryPoint\",\"urlTemplate\":\"https:\\\/\\\/www.anovapeneira.gal\\\/?s={search_term_string}\"},\"query-input\":{\"@type\":\"PropertyValueSpecification\",\"valueRequired\":true,\"valueName\":\"search_term_string\"}}],\"inLanguage\":\"gl-ES\"},{\"@type\":\"Organization\",\"@id\":\"https:\\\/\\\/www.anovapeneira.gal\\\/#organization\",\"name\":\"A Nova Peneira\",\"url\":\"https:\\\/\\\/www.anovapeneira.gal\\\/\",\"logo\":{\"@type\":\"ImageObject\",\"inLanguage\":\"gl-ES\",\"@id\":\"https:\\\/\\\/www.anovapeneira.gal\\\/#\\\/schema\\\/logo\\\/image\\\/\",\"url\":\"http:\\\/\\\/www.anovapeneira.gal\\\/wp-content\\\/uploads\\\/2019\\\/06\\\/logo_a_nova_peneira_portal_web.png\",\"contentUrl\":\"http:\\\/\\\/www.anovapeneira.gal\\\/wp-content\\\/uploads\\\/2019\\\/06\\\/logo_a_nova_peneira_portal_web.png\",\"width\":300,\"height\":100,\"caption\":\"A Nova Peneira\"},\"image\":{\"@id\":\"https:\\\/\\\/www.anovapeneira.gal\\\/#\\\/schema\\\/logo\\\/image\\\/\"},\"sameAs\":[\"https:\\\/\\\/www.facebook.com\\\/anovapeneira\",\"https:\\\/\\\/x.com\\\/APeneira\"]},{\"@type\":\"Person\",\"@id\":\"https:\\\/\\\/www.anovapeneira.gal\\\/#\\\/schema\\\/person\\\/a63aaacbeda0b255d5b7200cb817bcfb\",\"name\":\"Kike Est\u00e9vez\",\"image\":{\"@type\":\"ImageObject\",\"inLanguage\":\"gl-ES\",\"@id\":\"https:\\\/\\\/secure.gravatar.com\\\/avatar\\\/6c58b0c68f148b095117774cae6da4203d12d8ad9b4ca1a8e55c3edd2ce6ad0a?s=96&d=mm&r=g\",\"url\":\"https:\\\/\\\/secure.gravatar.com\\\/avatar\\\/6c58b0c68f148b095117774cae6da4203d12d8ad9b4ca1a8e55c3edd2ce6ad0a?s=96&d=mm&r=g\",\"contentUrl\":\"https:\\\/\\\/secure.gravatar.com\\\/avatar\\\/6c58b0c68f148b095117774cae6da4203d12d8ad9b4ca1a8e55c3edd2ce6ad0a?s=96&d=mm&r=g\",\"caption\":\"Kike Est\u00e9vez\"},\"url\":\"https:\\\/\\\/www.anovapeneira.gal\\\/index.php\\\/author\\\/kike_estevez\\\/\"}]}<\/script>\n<!-- \/ Yoast SEO plugin. -->","yoast_head_json":{"title":"A tradici\u00f3n oral na Illa de Ons -","robots":{"index":"index","follow":"follow","max-snippet":"max-snippet:-1","max-image-preview":"max-image-preview:large","max-video-preview":"max-video-preview:-1"},"canonical":"https:\/\/www.anovapeneira.gal\/index.php\/2020\/05\/21\/a-tradicion-oral-na-illa-de-ons\/","og_locale":"gl_ES","og_type":"article","og_title":"A tradici\u00f3n oral na Illa de Ons -","og_description":"Hai uns poucos d\u00edas acordabamos coa triste nova do falecemento do etn\u00f3logo e antrop\u00f3logo sueco Staffan M\u00f6rling (1936-2020), que tan ben describiu as nosas costas e o noso mundo mar\u00edtimo en obras de referencia como As embarcaci\u00f3ns tradicionais de Galicia (1989) ou Lanchas e dornas [...]","og_url":"https:\/\/www.anovapeneira.gal\/index.php\/2020\/05\/21\/a-tradicion-oral-na-illa-de-ons\/","article_publisher":"https:\/\/www.facebook.com\/anovapeneira","article_published_time":"2020-05-21T10:00:04+00:00","og_image":[{"width":720,"height":432,"url":"https:\/\/www.anovapeneira.gal\/wp-content\/uploads\/2020\/05\/tradicion_oral_na_Illa_de_ons_a_nova_peneira.jpg","type":"image\/jpeg"}],"author":"Kike Est\u00e9vez","twitter_card":"summary_large_image","twitter_creator":"@APeneira","twitter_site":"@APeneira","twitter_misc":{"Escrito por":"Kike Est\u00e9vez","Tempo de lectura":"5 minutos"},"schema":{"@context":"https:\/\/schema.org","@graph":[{"@type":"Article","@id":"https:\/\/www.anovapeneira.gal\/index.php\/2020\/05\/21\/a-tradicion-oral-na-illa-de-ons\/#article","isPartOf":{"@id":"https:\/\/www.anovapeneira.gal\/index.php\/2020\/05\/21\/a-tradicion-oral-na-illa-de-ons\/"},"author":{"name":"Kike Est\u00e9vez","@id":"https:\/\/www.anovapeneira.gal\/#\/schema\/person\/a63aaacbeda0b255d5b7200cb817bcfb"},"headline":"A tradici\u00f3n oral na Illa de Ons","datePublished":"2020-05-21T10:00:04+00:00","mainEntityOfPage":{"@id":"https:\/\/www.anovapeneira.gal\/index.php\/2020\/05\/21\/a-tradicion-oral-na-illa-de-ons\/"},"wordCount":941,"commentCount":0,"publisher":{"@id":"https:\/\/www.anovapeneira.gal\/#organization"},"image":{"@id":"https:\/\/www.anovapeneira.gal\/index.php\/2020\/05\/21\/a-tradicion-oral-na-illa-de-ons\/#primaryimage"},"thumbnailUrl":"https:\/\/www.anovapeneira.gal\/wp-content\/uploads\/2020\/05\/tradicion_oral_na_Illa_de_ons_a_nova_peneira.jpg","keywords":["Illa de Ons","Tradici\u00f3n Oral"],"articleSection":["Artigos de opini\u00f3n"],"inLanguage":"gl-ES","potentialAction":[{"@type":"CommentAction","name":"Comment","target":["https:\/\/www.anovapeneira.gal\/index.php\/2020\/05\/21\/a-tradicion-oral-na-illa-de-ons\/#respond"]}]},{"@type":"WebPage","@id":"https:\/\/www.anovapeneira.gal\/index.php\/2020\/05\/21\/a-tradicion-oral-na-illa-de-ons\/","url":"https:\/\/www.anovapeneira.gal\/index.php\/2020\/05\/21\/a-tradicion-oral-na-illa-de-ons\/","name":"A tradici\u00f3n oral na Illa de Ons -","isPartOf":{"@id":"https:\/\/www.anovapeneira.gal\/#website"},"primaryImageOfPage":{"@id":"https:\/\/www.anovapeneira.gal\/index.php\/2020\/05\/21\/a-tradicion-oral-na-illa-de-ons\/#primaryimage"},"image":{"@id":"https:\/\/www.anovapeneira.gal\/index.php\/2020\/05\/21\/a-tradicion-oral-na-illa-de-ons\/#primaryimage"},"thumbnailUrl":"https:\/\/www.anovapeneira.gal\/wp-content\/uploads\/2020\/05\/tradicion_oral_na_Illa_de_ons_a_nova_peneira.jpg","datePublished":"2020-05-21T10:00:04+00:00","breadcrumb":{"@id":"https:\/\/www.anovapeneira.gal\/index.php\/2020\/05\/21\/a-tradicion-oral-na-illa-de-ons\/#breadcrumb"},"inLanguage":"gl-ES","potentialAction":[{"@type":"ReadAction","target":["https:\/\/www.anovapeneira.gal\/index.php\/2020\/05\/21\/a-tradicion-oral-na-illa-de-ons\/"]}]},{"@type":"ImageObject","inLanguage":"gl-ES","@id":"https:\/\/www.anovapeneira.gal\/index.php\/2020\/05\/21\/a-tradicion-oral-na-illa-de-ons\/#primaryimage","url":"https:\/\/www.anovapeneira.gal\/wp-content\/uploads\/2020\/05\/tradicion_oral_na_Illa_de_ons_a_nova_peneira.jpg","contentUrl":"https:\/\/www.anovapeneira.gal\/wp-content\/uploads\/2020\/05\/tradicion_oral_na_Illa_de_ons_a_nova_peneira.jpg","width":720,"height":432,"caption":"A Tradici\u00f3n oral na illa de Ons A Nova Peneira"},{"@type":"BreadcrumbList","@id":"https:\/\/www.anovapeneira.gal\/index.php\/2020\/05\/21\/a-tradicion-oral-na-illa-de-ons\/#breadcrumb","itemListElement":[{"@type":"ListItem","position":1,"name":"Portada","item":"https:\/\/www.anovapeneira.gal\/"},{"@type":"ListItem","position":2,"name":"A tradici\u00f3n oral na Illa de Ons"}]},{"@type":"WebSite","@id":"https:\/\/www.anovapeneira.gal\/#website","url":"https:\/\/www.anovapeneira.gal\/","name":"","description":"Xornal galego de informaci\u00f3n xeral Publicaci\u00f3n mensual de novas de Galicia e en especial dos Concellos da sur da provincia de Pontevedra.","publisher":{"@id":"https:\/\/www.anovapeneira.gal\/#organization"},"potentialAction":[{"@type":"SearchAction","target":{"@type":"EntryPoint","urlTemplate":"https:\/\/www.anovapeneira.gal\/?s={search_term_string}"},"query-input":{"@type":"PropertyValueSpecification","valueRequired":true,"valueName":"search_term_string"}}],"inLanguage":"gl-ES"},{"@type":"Organization","@id":"https:\/\/www.anovapeneira.gal\/#organization","name":"A Nova Peneira","url":"https:\/\/www.anovapeneira.gal\/","logo":{"@type":"ImageObject","inLanguage":"gl-ES","@id":"https:\/\/www.anovapeneira.gal\/#\/schema\/logo\/image\/","url":"http:\/\/www.anovapeneira.gal\/wp-content\/uploads\/2019\/06\/logo_a_nova_peneira_portal_web.png","contentUrl":"http:\/\/www.anovapeneira.gal\/wp-content\/uploads\/2019\/06\/logo_a_nova_peneira_portal_web.png","width":300,"height":100,"caption":"A Nova Peneira"},"image":{"@id":"https:\/\/www.anovapeneira.gal\/#\/schema\/logo\/image\/"},"sameAs":["https:\/\/www.facebook.com\/anovapeneira","https:\/\/x.com\/APeneira"]},{"@type":"Person","@id":"https:\/\/www.anovapeneira.gal\/#\/schema\/person\/a63aaacbeda0b255d5b7200cb817bcfb","name":"Kike Est\u00e9vez","image":{"@type":"ImageObject","inLanguage":"gl-ES","@id":"https:\/\/secure.gravatar.com\/avatar\/6c58b0c68f148b095117774cae6da4203d12d8ad9b4ca1a8e55c3edd2ce6ad0a?s=96&d=mm&r=g","url":"https:\/\/secure.gravatar.com\/avatar\/6c58b0c68f148b095117774cae6da4203d12d8ad9b4ca1a8e55c3edd2ce6ad0a?s=96&d=mm&r=g","contentUrl":"https:\/\/secure.gravatar.com\/avatar\/6c58b0c68f148b095117774cae6da4203d12d8ad9b4ca1a8e55c3edd2ce6ad0a?s=96&d=mm&r=g","caption":"Kike Est\u00e9vez"},"url":"https:\/\/www.anovapeneira.gal\/index.php\/author\/kike_estevez\/"}]}},"jetpack_featured_media_url":"https:\/\/www.anovapeneira.gal\/wp-content\/uploads\/2020\/05\/tradicion_oral_na_Illa_de_ons_a_nova_peneira.jpg","_links":{"self":[{"href":"https:\/\/www.anovapeneira.gal\/index.php\/wp-json\/wp\/v2\/posts\/3149","targetHints":{"allow":["GET"]}}],"collection":[{"href":"https:\/\/www.anovapeneira.gal\/index.php\/wp-json\/wp\/v2\/posts"}],"about":[{"href":"https:\/\/www.anovapeneira.gal\/index.php\/wp-json\/wp\/v2\/types\/post"}],"author":[{"embeddable":true,"href":"https:\/\/www.anovapeneira.gal\/index.php\/wp-json\/wp\/v2\/users\/25"}],"replies":[{"embeddable":true,"href":"https:\/\/www.anovapeneira.gal\/index.php\/wp-json\/wp\/v2\/comments?post=3149"}],"version-history":[{"count":5,"href":"https:\/\/www.anovapeneira.gal\/index.php\/wp-json\/wp\/v2\/posts\/3149\/revisions"}],"predecessor-version":[{"id":3157,"href":"https:\/\/www.anovapeneira.gal\/index.php\/wp-json\/wp\/v2\/posts\/3149\/revisions\/3157"}],"wp:featuredmedia":[{"embeddable":true,"href":"https:\/\/www.anovapeneira.gal\/index.php\/wp-json\/wp\/v2\/media\/3156"}],"wp:attachment":[{"href":"https:\/\/www.anovapeneira.gal\/index.php\/wp-json\/wp\/v2\/media?parent=3149"}],"wp:term":[{"taxonomy":"category","embeddable":true,"href":"https:\/\/www.anovapeneira.gal\/index.php\/wp-json\/wp\/v2\/categories?post=3149"},{"taxonomy":"post_tag","embeddable":true,"href":"https:\/\/www.anovapeneira.gal\/index.php\/wp-json\/wp\/v2\/tags?post=3149"}],"curies":[{"name":"wp","href":"https:\/\/api.w.org\/{rel}","templated":true}]}}