{"id":3161,"date":"2020-05-22T10:00:16","date_gmt":"2020-05-22T08:00:16","guid":{"rendered":"http:\/\/www.anovapeneira.gal\/?p=3161"},"modified":"2020-05-21T19:38:18","modified_gmt":"2020-05-21T17:38:18","slug":"enrique-santiago-deputado-de-unidas-podemos-e-vicepresidente-da-comision-economica-e-social-para-a-reconstruccion","status":"publish","type":"post","link":"https:\/\/www.anovapeneira.gal\/index.php\/2020\/05\/22\/enrique-santiago-deputado-de-unidas-podemos-e-vicepresidente-da-comision-economica-e-social-para-a-reconstruccion\/","title":{"rendered":"Enrique Santiago deputado de Unidas Podemos e vicepresidente da comisi\u00f3n econ\u00f3mica e social para a reconstrucci\u00f3n"},"content":{"rendered":"\n<p><strong>Recentemente co\u00f1ecemos a triste noticia da morte do l\u00edder hist\u00f3rico de Esquerda Unida, Julio&nbsp;<\/strong><strong>Anguita<\/strong><strong>, unha figura reco\u00f1ecida, por case todos, pola s\u00faa honestidade e lucidez. Enrique Santiago \u00e9&nbsp;<\/strong><strong>SX<\/strong><strong>do PCE, e deputado de Esquerda Unida-Unidas Podemos no parlamento do estado e eu que non fun nunca de comparar nin de competir, case me atrevo a dicir que a lucidez e a valent\u00eda de Enrique est\u00e1n \u00e1 altura das do antigo alcalde de C\u00f3rdoba. Enrique \u00e9 o vicepresidente da comisi\u00f3n que se creou no congreso, atendendo unha petici\u00f3n do PP, para tratar de conseguir as medidas m\u00e1is adecuadas para a reconstruci\u00f3n econ\u00f3mica e social do estado, para n\u00f3s foi un pracer conversar con el<\/strong><\/p>\n\n\n\n<p>\u201c<strong>A DEREITA ESPA\u00d1OLA \u00c9 INCAPAZ DE PENSAR NO INTERESE XERAL.\u00c9 UNHA DEREITA ELITISTA QUE NON EST\u00c1 DISPOSTA A PERDER NING\u00daN PRIVILEXIO\u201d<\/strong><\/p>\n\n\n\n<p><strong>Como che vai a vida Enrique?<\/strong><\/p>\n\n\n\n<blockquote class=\"wp-block-quote is-layout-flow wp-block-quote-is-layout-flow\"><p>Como supo\u00f1o que che refires \u00e1 vida pol\u00edtica, pois o sentimento que prima \u00e9 a preocupaci\u00f3n por toda a problem\u00e1tica derivada desta crise sanitaria sen precedentes na recente historia da humanidade, e que non descartemos nos toque co\u00f1ecer m\u00e1is veces neste mundo globalizado e con continuas agresi\u00f3ns que sofre o medio ambiente.<\/p><\/blockquote>\n\n\n\n<p><strong>Cales van ser as funci\u00f3ns concretas que vai desenvolver esta comisi\u00f3n?<\/strong><\/p>\n\n\n\n<blockquote class=\"wp-block-quote is-layout-flow wp-block-quote-is-layout-flow\"><p>Ben, eu creo que antes fai falta contextualizar que esta comisi\u00f3n \u00e9 a aceptaci\u00f3n por parte da maior\u00eda parlamentaria que sustenta ao goberno dunha proposta da minor\u00eda, xa que o PP o que prop\u00f3n \u00e9 que o debate para a reconstruci\u00f3n quede limitado a unha comisi\u00f3n, que non sexa unha mesa de forzas pol\u00edticas e sociais como formulara o goberno de coalici\u00f3n. En aras do consenso, as forzas do goberno de coalici\u00f3n, aceptamos a proposta da minor\u00eda do PP<\/p><\/blockquote>\n\n\n\n<p><strong>Ben, e o voso traballo cal vai ser?<\/strong><\/p>\n\n\n\n<blockquote class=\"wp-block-quote is-layout-flow wp-block-quote-is-layout-flow\"><p>Ten catro eixos: -O sistema nacional de sa\u00fade p\u00fablica-A pol\u00edtica econ\u00f3mica, que debe abordar como o estado recupera a s\u00faa soberan\u00eda industrial e produtiva-As pol\u00edticas sociais de coidados e fiscalidade. \u00c9 evidente que o escudo social que tirou este goberno \u00e9 o que marcou a diferenza entre a forma de abordar esta crise e a do 2.008-E o \u00faltimo \u00e9 a UE, pois est\u00e1 a se evidenciar que a UE non se caracteriza pola s\u00faa capacidade de responder rapidamente ante unha emerxencia, nin pola s\u00faa vontade de exercer unha axuda solidaria<\/p><\/blockquote>\n\n\n\n<p><strong>Unha comisi\u00f3n de 46 membros parece excesivamente grande. Non consideras a posibilidade de que se converta nun instrumento de dif\u00edcil xesti\u00f3n e en consecuencia pouco operativo?<\/strong><\/p>\n\n\n\n<blockquote class=\"wp-block-quote is-layout-flow wp-block-quote-is-layout-flow\"><p>Non. Ten un funcionamento descentralizado, articulado en catro grupos de traballo, que son responsables de cada unha das catro \u00e1reas que antes mencionei. Cada un deses grupos ter\u00e1 que organizar unhas conclusi\u00f3ns que ter\u00e1 que aprobar o pleno da comisi\u00f3n. Tanto en Unidas Podemos como as organizaci\u00f3ns que forman parte deste espazo pol\u00edtico como Esquerda Unida, e\u00a0tam\u00e9nno PCE, temos moito interese en sacar este proceso do congreso e levalo \u00e1s r\u00faas, para que a voz da maior\u00eda social de Espa\u00f1a sexa escoitada<\/p><\/blockquote>\n\n\n\n<p><strong>Que orientaci\u00f3n temporal prevedes darlle \u00e1 comisi\u00f3n ata emitir alg\u00fan tipo de conclusi\u00f3n?<\/strong><\/p>\n\n\n\n<blockquote class=\"wp-block-quote is-layout-flow wp-block-quote-is-layout-flow\"><p>Tentaremos ser r\u00e1pidos, porque non podemos estar toda a lexislatura discutindo sobre como reconstru\u00edr Espa\u00f1a. O ritmo que nos marcamos \u00e9 de ao redor de dous meses, para facelo coincidir co fin do actual per\u00edodo de sesi\u00f3ns. A nosa planificaci\u00f3n \u00e9 finalizar como moito na terceira semana de xullo. Tam\u00e9n quero dicir que detectamos intentos das forzas da dereita para impedir que a comisi\u00f3n consiga conclusi\u00f3ns, dilatando os nosos traballos e facendo perder tempo con cuesti\u00f3ns que non te\u00f1en ningunha importancia<\/p><\/blockquote>\n\n\n\n<p><strong>Xa, e de feito o PP presentou unha candidatura alternativa \u00e1 presidencia de&nbsp;<\/strong><strong>Patxi<\/strong><strong>L\u00f3pez, iso non vos fai temer que a s\u00faa actitude sexa semellante \u00e1 oposici\u00f3n que desenvolve no parlamento?<\/strong><\/p>\n\n\n\n<blockquote class=\"wp-block-quote is-layout-flow wp-block-quote-is-layout-flow\"><p>E non soamente iso, hai outros exemplos por exemplo que chegaran a propo\u00f1er ata cen comparecencias no plenario, algo que loxicamente non puido ser aprobado<\/p><\/blockquote>\n\n\n\n<p><br><strong>Vox<\/strong><strong>, a\u00ednda que est\u00e1 na comisi\u00f3n negouse a votar na elecci\u00f3n de candidaturas.&nbsp;<\/strong><strong>C<\/strong><strong>,<\/strong><strong>S<\/strong><strong>e o nacionalismo votaron en branco. A vontade de participar non parece moi s\u00f3lida?<\/strong><\/p>\n\n\n\n<blockquote class=\"wp-block-quote is-layout-flow wp-block-quote-is-layout-flow\"><p>Ben, creo que neste momento a dereita ten un plan evidente de desestabilizaci\u00f3n nas r\u00faas, seguindo un modelo que xa se practicou noutras partes do mundo: no Chile de Allende, en Bolivia fai moi pouco tempo ata perpetrar un golpe de estado, en Venezuela, en Ecuador..e agora estase facendo claramente no noso pa\u00eds, salt\u00e1ndose todas as precauci\u00f3ns sanitarias. A dereita espa\u00f1ola \u00e9 incapaz e pensar no interese xeral. \u00c9 unha dereita elitista que non est\u00e1 disposta a perder ning\u00fan privilexio.<\/p><\/blockquote>\n\n\n\n<p><strong>Ides inclu\u00edr un punto de an\u00e1lise dobre o estado das liberdades p\u00fablicas como ped\u00eda o PP, e observas alg\u00fan perigo de regresi\u00f3n nese aspecto?<\/strong><\/p>\n\n\n\n<blockquote class=\"wp-block-quote is-layout-flow wp-block-quote-is-layout-flow\"><p>Imos ver , n\u00f3s pensamos que hai aspectos do estado de alarma que se pod\u00edan xestionar mellor<\/p><\/blockquote>\n\n\n\n<p><strong>a que che refires?<\/strong><\/p>\n\n\n\n<blockquote class=\"wp-block-quote is-layout-flow wp-block-quote-is-layout-flow\"><p>En concreto \u00e1 aplicaci\u00f3n da lei de seguridade cidad\u00e1. De feito na comparecencia do ministro do interior no parlamento, eu mesmo formuleille o desacordo do grupo de Unidas Podemos coa utilizaci\u00f3n desa lei para controlar o confinamento, pois hai leis sanitarias espec\u00edficas, mesmo con r\u00e9xime sancionador no caso de incumprimento, que n\u00f3s entendemos m\u00e1is adecuadas para enfrontar esta situaci\u00f3n. Ollo que non s\u00f3 \u00e9 un criterio de Unidas Podemos, sen\u00f3n tam\u00e9n o \u00e9 do defensor do pobo ou de distintas secci\u00f3ns territoriais da avogac\u00eda do estado. Insisto, n\u00f3s estamos en desacordo coa aplicaci\u00f3n da lei de seguridade cidad\u00e1 para controlar o confinamento pero de a\u00ed a dicir que en Espa\u00f1a os dereitos fundamentais est\u00e1n limitados hai un universo de distancia, \u00e9 que parece unha broma vaia O que sucede \u00e9 que hai unha utilizaci\u00f3n perversa da dereita desta situaci\u00f3n para tratar de crear un estado de opini\u00f3n favorable a crer que este goberno est\u00e1 en contra das liberdades p\u00fablicas<\/p><\/blockquote>\n\n\n\n<p><strong>A cantidade de sanci\u00f3ns impostas, Enrique, \u00e9&nbsp;<\/strong><strong>estratosf\u00e9rica<\/strong><strong>, centenares de milleiros., En Espa\u00f1a, temos unhas forzas de seguridade marabillosas pero hai centos de miles de insolidarios, ego\u00edstas e irresponsables?<\/strong><\/p>\n\n\n\n<blockquote class=\"wp-block-quote is-layout-flow wp-block-quote-is-layout-flow\"><p>En xeral todo o mundo coincide en que o comportamento da poboaci\u00f3n espa\u00f1ola est\u00e1 a ser exemplar. Creo que ata o momento impux\u00e9ronse 700.000 denuncias, pero iso non significa que se vaia a sancionar a ese n\u00famero de persoas, xa que hai moitos casos de reincidencias. \u00c9 triste, pero \u00e9 real, hai un segmento de persoas que desatende sistematicamente a gravidade da situaci\u00f3n epid\u00e9mica, non se preocupan do colectivo e infrinxen as normas. E nese tipo de casos, n\u00f3s consideramos adecuado sancionar, claro que si. Tam\u00e9n hai que dicir, que todos vimos en redes sociais v\u00eddeos de excesos policiais, de distintos corpos policiais, e a\u00ednda que estamos seguros de que en li\u00f1as xerais, os funcionarios policiais, comport\u00e1ronse de maneira exemplar, e os excesos que puidese haber, son a excepci\u00f3n, pero non se poden permitir, claro que non.<\/p><\/blockquote>\n\n\n\n<p><strong>\u00c1 hora de tratar unha protesta, a polic\u00eda comp\u00f3rtase igual se os que protestan son veci\u00f1os do Barrio de Salamanca, que se son veci\u00f1os de Vallecas?<\/strong><\/p>\n\n\n\n<blockquote class=\"wp-block-quote is-layout-flow wp-block-quote-is-layout-flow\"><p>N\u00f3s manifestamos en diversas ocasi\u00f3ns que esa especie de polic\u00eda pol\u00edtica de car\u00e1cter ultradereitista que organizou o PP durante o goberno de Rajoy, excepto os seus m\u00e1ximos responsables, non foi suficientemente desmantelada . A depuraci\u00f3n de aparellos policiais pol\u00edticos como o que monto o Ministro Fern\u00e1ndez Diaz \u00e9 importante en calquera\u00a0pais, pero moito m\u00e1is nun pa\u00eds como noso que v\u00e9n de onde v\u00e9n. A modo de exemplo , hai a\u00ednda cento trinta e pico medallas a polic\u00edas impostas no franquismo por labor de represi\u00f3n pol\u00edtica. Temos unha democracia imperfecta na que non todas as instituci\u00f3ns son elixidas polos cidad\u00e1ns, o caso m\u00e1is significativo \u00e9 o poder xudicial, pero hai moitos espazos institucionais na nosa democracia a\u00ednda non suficientemente democratizados.<\/p><\/blockquote>\n\n\n\n<p><strong>Ten o goberno de Espa\u00f1a algunha intenci\u00f3n de limitar o \u00e1mbito competencial das comunidades aut\u00f3nomas?<\/strong><\/p>\n\n\n\n<blockquote class=\"wp-block-quote is-layout-flow wp-block-quote-is-layout-flow\"><p>En absoluto, desde logo que non. Dicir que o goberno non respectou as competencias das comunidades aut\u00f3nomas \u00e9 simplemente\u00a0c\u00ednico. O caso da comunidade de Madrid, \u00e9 significativo. Cando algo o xestionan ben rapidamente fan propaganda e enc\u00e1rganse de resaltar que eles son os responsables desa xesti\u00f3n, pero cando o xestionan de forma ca\u00f3tica, miran para outro lado e botan a culpa a administraci\u00f3n do estado. O peche do\u00a0Ifema, facendo case, case un botell\u00f3n como o valoras? O da Comunidade de Madrid, \u00e9 un aut\u00e9ntico desastre. Madrid \u00e9 a \u201czona cero\u201d da epidemia en Espa\u00f1a, e xa veremos cando isto finalice se non \u00e9 tam\u00e9n una das zonas cero de toda Europa. Os que vivimos nesta comunidade temos que sufrir acot\u00edo a s\u00faa improvisaci\u00f3n, as instruci\u00f3ns contraditorias, e o constante ataque a outras instituci\u00f3ns do Estado por parte da\u00a0SraAyusoun d\u00eda si e outro tam\u00e9n, para tapar a s\u00faa incapacidade de xestionar nada<\/p><\/blockquote>\n\n\n\n<p><strong>Que opinas da posible celebraci\u00f3n das elecci\u00f3ns auton\u00f3micas en Galicia e no Pais Vasco?<\/strong><\/p>\n\n\n\n<blockquote class=\"wp-block-quote is-layout-flow wp-block-quote-is-layout-flow\"><p>Eu creo que require un alt\u00edsimo consenso de todas as forzas que te\u00f1en representaci\u00f3n parlamentaria. O que ser\u00eda unha irresponsabilidade \u00e9 que a decisi\u00f3n se tomase unilateralmente e sen considerar as an\u00e1lises dos expertos sanitarios<\/p><\/blockquote>\n","protected":false},"excerpt":{"rendered":"<div class=\"mh-excerpt\"><p>Recentemente co\u00f1ecemos a triste nova da morte do l\u00edder hist\u00f3rico de Izquierda Unida, Julio Anguita, unha figura reco\u00f1ecida, por case todos, pola s\u00faa honestidade e lucidez <a class=\"mh-excerpt-more\" href=\"https:\/\/www.anovapeneira.gal\/index.php\/2020\/05\/22\/enrique-santiago-deputado-de-unidas-podemos-e-vicepresidente-da-comision-economica-e-social-para-a-reconstruccion\/\" title=\"Enrique Santiago deputado de Unidas Podemos e vicepresidente da comisi\u00f3n econ\u00f3mica e social para a reconstrucci\u00f3n\">[&#8230;]<\/a><\/p>\n<\/div>","protected":false},"author":6,"featured_media":3162,"comment_status":"open","ping_status":"open","sticky":false,"template":"","format":"standard","meta":{"_exactmetrics_skip_tracking":false,"_exactmetrics_sitenote_active":false,"_exactmetrics_sitenote_note":"","_exactmetrics_sitenote_category":0,"footnotes":""},"categories":[264],"tags":[1070,348],"class_list":{"0":"post-3161","1":"post","2":"type-post","3":"status-publish","4":"format-standard","5":"has-post-thumbnail","7":"category-entrevistas-galicia","8":"tag-enrique-santiago","9":"tag-unidas-podemos"},"yoast_head":"<!-- This site is optimized with the Yoast SEO plugin v27.5 - https:\/\/yoast.com\/product\/yoast-seo-wordpress\/ -->\n<title>Enrique Santiago deputado de Unidas Podemos e vicepresidente da comisi\u00f3n econ\u00f3mica e social para a reconstrucci\u00f3n -<\/title>\n<meta name=\"robots\" content=\"index, follow, max-snippet:-1, max-image-preview:large, max-video-preview:-1\" \/>\n<link rel=\"canonical\" href=\"https:\/\/www.anovapeneira.gal\/index.php\/2020\/05\/22\/enrique-santiago-deputado-de-unidas-podemos-e-vicepresidente-da-comision-economica-e-social-para-a-reconstruccion\/\" \/>\n<meta property=\"og:locale\" content=\"gl_ES\" \/>\n<meta property=\"og:type\" content=\"article\" \/>\n<meta property=\"og:title\" content=\"Enrique Santiago deputado de Unidas Podemos e vicepresidente da comisi\u00f3n econ\u00f3mica e social para a reconstrucci\u00f3n -\" \/>\n<meta property=\"og:description\" content=\"Recentemente co\u00f1ecemos a triste nova da morte do l\u00edder hist\u00f3rico de Izquierda Unida, Julio Anguita, unha figura reco\u00f1ecida, por case todos, pola s\u00faa honestidade e lucidez [...]\" \/>\n<meta property=\"og:url\" content=\"https:\/\/www.anovapeneira.gal\/index.php\/2020\/05\/22\/enrique-santiago-deputado-de-unidas-podemos-e-vicepresidente-da-comision-economica-e-social-para-a-reconstruccion\/\" \/>\n<meta property=\"article:publisher\" content=\"https:\/\/www.facebook.com\/anovapeneira\" \/>\n<meta property=\"article:published_time\" content=\"2020-05-22T08:00:16+00:00\" \/>\n<meta property=\"og:image\" content=\"https:\/\/www.anovapeneira.gal\/wp-content\/uploads\/2020\/05\/enrique_santiago_a_nova_peneira.jpg\" \/>\n\t<meta property=\"og:image:width\" content=\"720\" \/>\n\t<meta property=\"og:image:height\" content=\"432\" \/>\n\t<meta property=\"og:image:type\" content=\"image\/jpeg\" \/>\n<meta name=\"author\" content=\"Marcos Santos\" \/>\n<meta name=\"twitter:card\" content=\"summary_large_image\" \/>\n<meta name=\"twitter:creator\" content=\"@APeneira\" \/>\n<meta name=\"twitter:site\" content=\"@APeneira\" \/>\n<meta name=\"twitter:label1\" content=\"Escrito por\" \/>\n\t<meta name=\"twitter:data1\" content=\"Marcos Santos\" \/>\n\t<meta name=\"twitter:label2\" content=\"Tempo de lectura\" \/>\n\t<meta name=\"twitter:data2\" content=\"8 minutos\" \/>\n<script type=\"application\/ld+json\" class=\"yoast-schema-graph\">{\"@context\":\"https:\\\/\\\/schema.org\",\"@graph\":[{\"@type\":\"Article\",\"@id\":\"https:\\\/\\\/www.anovapeneira.gal\\\/index.php\\\/2020\\\/05\\\/22\\\/enrique-santiago-deputado-de-unidas-podemos-e-vicepresidente-da-comision-economica-e-social-para-a-reconstruccion\\\/#article\",\"isPartOf\":{\"@id\":\"https:\\\/\\\/www.anovapeneira.gal\\\/index.php\\\/2020\\\/05\\\/22\\\/enrique-santiago-deputado-de-unidas-podemos-e-vicepresidente-da-comision-economica-e-social-para-a-reconstruccion\\\/\"},\"author\":{\"name\":\"Marcos Santos\",\"@id\":\"https:\\\/\\\/www.anovapeneira.gal\\\/#\\\/schema\\\/person\\\/d9d84823564720e7593293bab054e52d\"},\"headline\":\"Enrique Santiago deputado de Unidas Podemos e vicepresidente da comisi\u00f3n econ\u00f3mica e social para a reconstrucci\u00f3n\",\"datePublished\":\"2020-05-22T08:00:16+00:00\",\"mainEntityOfPage\":{\"@id\":\"https:\\\/\\\/www.anovapeneira.gal\\\/index.php\\\/2020\\\/05\\\/22\\\/enrique-santiago-deputado-de-unidas-podemos-e-vicepresidente-da-comision-economica-e-social-para-a-reconstruccion\\\/\"},\"wordCount\":1656,\"commentCount\":0,\"publisher\":{\"@id\":\"https:\\\/\\\/www.anovapeneira.gal\\\/#organization\"},\"image\":{\"@id\":\"https:\\\/\\\/www.anovapeneira.gal\\\/index.php\\\/2020\\\/05\\\/22\\\/enrique-santiago-deputado-de-unidas-podemos-e-vicepresidente-da-comision-economica-e-social-para-a-reconstruccion\\\/#primaryimage\"},\"thumbnailUrl\":\"https:\\\/\\\/www.anovapeneira.gal\\\/wp-content\\\/uploads\\\/2020\\\/05\\\/enrique_santiago_a_nova_peneira.jpg\",\"keywords\":[\"Enrique Santiago\",\"Unidas Podemos\"],\"articleSection\":[\"Entrevistas\"],\"inLanguage\":\"gl-ES\",\"potentialAction\":[{\"@type\":\"CommentAction\",\"name\":\"Comment\",\"target\":[\"https:\\\/\\\/www.anovapeneira.gal\\\/index.php\\\/2020\\\/05\\\/22\\\/enrique-santiago-deputado-de-unidas-podemos-e-vicepresidente-da-comision-economica-e-social-para-a-reconstruccion\\\/#respond\"]}]},{\"@type\":\"WebPage\",\"@id\":\"https:\\\/\\\/www.anovapeneira.gal\\\/index.php\\\/2020\\\/05\\\/22\\\/enrique-santiago-deputado-de-unidas-podemos-e-vicepresidente-da-comision-economica-e-social-para-a-reconstruccion\\\/\",\"url\":\"https:\\\/\\\/www.anovapeneira.gal\\\/index.php\\\/2020\\\/05\\\/22\\\/enrique-santiago-deputado-de-unidas-podemos-e-vicepresidente-da-comision-economica-e-social-para-a-reconstruccion\\\/\",\"name\":\"Enrique Santiago deputado de Unidas Podemos e vicepresidente da comisi\u00f3n econ\u00f3mica e social para a reconstrucci\u00f3n -\",\"isPartOf\":{\"@id\":\"https:\\\/\\\/www.anovapeneira.gal\\\/#website\"},\"primaryImageOfPage\":{\"@id\":\"https:\\\/\\\/www.anovapeneira.gal\\\/index.php\\\/2020\\\/05\\\/22\\\/enrique-santiago-deputado-de-unidas-podemos-e-vicepresidente-da-comision-economica-e-social-para-a-reconstruccion\\\/#primaryimage\"},\"image\":{\"@id\":\"https:\\\/\\\/www.anovapeneira.gal\\\/index.php\\\/2020\\\/05\\\/22\\\/enrique-santiago-deputado-de-unidas-podemos-e-vicepresidente-da-comision-economica-e-social-para-a-reconstruccion\\\/#primaryimage\"},\"thumbnailUrl\":\"https:\\\/\\\/www.anovapeneira.gal\\\/wp-content\\\/uploads\\\/2020\\\/05\\\/enrique_santiago_a_nova_peneira.jpg\",\"datePublished\":\"2020-05-22T08:00:16+00:00\",\"breadcrumb\":{\"@id\":\"https:\\\/\\\/www.anovapeneira.gal\\\/index.php\\\/2020\\\/05\\\/22\\\/enrique-santiago-deputado-de-unidas-podemos-e-vicepresidente-da-comision-economica-e-social-para-a-reconstruccion\\\/#breadcrumb\"},\"inLanguage\":\"gl-ES\",\"potentialAction\":[{\"@type\":\"ReadAction\",\"target\":[\"https:\\\/\\\/www.anovapeneira.gal\\\/index.php\\\/2020\\\/05\\\/22\\\/enrique-santiago-deputado-de-unidas-podemos-e-vicepresidente-da-comision-economica-e-social-para-a-reconstruccion\\\/\"]}]},{\"@type\":\"ImageObject\",\"inLanguage\":\"gl-ES\",\"@id\":\"https:\\\/\\\/www.anovapeneira.gal\\\/index.php\\\/2020\\\/05\\\/22\\\/enrique-santiago-deputado-de-unidas-podemos-e-vicepresidente-da-comision-economica-e-social-para-a-reconstruccion\\\/#primaryimage\",\"url\":\"https:\\\/\\\/www.anovapeneira.gal\\\/wp-content\\\/uploads\\\/2020\\\/05\\\/enrique_santiago_a_nova_peneira.jpg\",\"contentUrl\":\"https:\\\/\\\/www.anovapeneira.gal\\\/wp-content\\\/uploads\\\/2020\\\/05\\\/enrique_santiago_a_nova_peneira.jpg\",\"width\":720,\"height\":432,\"caption\":\"Enrique Santiago A Nova Peneira\"},{\"@type\":\"BreadcrumbList\",\"@id\":\"https:\\\/\\\/www.anovapeneira.gal\\\/index.php\\\/2020\\\/05\\\/22\\\/enrique-santiago-deputado-de-unidas-podemos-e-vicepresidente-da-comision-economica-e-social-para-a-reconstruccion\\\/#breadcrumb\",\"itemListElement\":[{\"@type\":\"ListItem\",\"position\":1,\"name\":\"Portada\",\"item\":\"https:\\\/\\\/www.anovapeneira.gal\\\/\"},{\"@type\":\"ListItem\",\"position\":2,\"name\":\"Enrique Santiago deputado de Unidas Podemos e vicepresidente da comisi\u00f3n econ\u00f3mica e social para a reconstrucci\u00f3n\"}]},{\"@type\":\"WebSite\",\"@id\":\"https:\\\/\\\/www.anovapeneira.gal\\\/#website\",\"url\":\"https:\\\/\\\/www.anovapeneira.gal\\\/\",\"name\":\"\",\"description\":\"Xornal galego de informaci\u00f3n xeral Publicaci\u00f3n mensual de novas de Galicia e en especial dos Concellos da sur da provincia de Pontevedra.\",\"publisher\":{\"@id\":\"https:\\\/\\\/www.anovapeneira.gal\\\/#organization\"},\"potentialAction\":[{\"@type\":\"SearchAction\",\"target\":{\"@type\":\"EntryPoint\",\"urlTemplate\":\"https:\\\/\\\/www.anovapeneira.gal\\\/?s={search_term_string}\"},\"query-input\":{\"@type\":\"PropertyValueSpecification\",\"valueRequired\":true,\"valueName\":\"search_term_string\"}}],\"inLanguage\":\"gl-ES\"},{\"@type\":\"Organization\",\"@id\":\"https:\\\/\\\/www.anovapeneira.gal\\\/#organization\",\"name\":\"A Nova Peneira\",\"url\":\"https:\\\/\\\/www.anovapeneira.gal\\\/\",\"logo\":{\"@type\":\"ImageObject\",\"inLanguage\":\"gl-ES\",\"@id\":\"https:\\\/\\\/www.anovapeneira.gal\\\/#\\\/schema\\\/logo\\\/image\\\/\",\"url\":\"http:\\\/\\\/www.anovapeneira.gal\\\/wp-content\\\/uploads\\\/2019\\\/06\\\/logo_a_nova_peneira_portal_web.png\",\"contentUrl\":\"http:\\\/\\\/www.anovapeneira.gal\\\/wp-content\\\/uploads\\\/2019\\\/06\\\/logo_a_nova_peneira_portal_web.png\",\"width\":300,\"height\":100,\"caption\":\"A Nova Peneira\"},\"image\":{\"@id\":\"https:\\\/\\\/www.anovapeneira.gal\\\/#\\\/schema\\\/logo\\\/image\\\/\"},\"sameAs\":[\"https:\\\/\\\/www.facebook.com\\\/anovapeneira\",\"https:\\\/\\\/x.com\\\/APeneira\"]},{\"@type\":\"Person\",\"@id\":\"https:\\\/\\\/www.anovapeneira.gal\\\/#\\\/schema\\\/person\\\/d9d84823564720e7593293bab054e52d\",\"name\":\"Marcos Santos\",\"image\":{\"@type\":\"ImageObject\",\"inLanguage\":\"gl-ES\",\"@id\":\"https:\\\/\\\/secure.gravatar.com\\\/avatar\\\/0e8017099a7a47c0a9d2275e865fe326484561eb3d70649069e4b8e61a8d2e8c?s=96&d=mm&r=g\",\"url\":\"https:\\\/\\\/secure.gravatar.com\\\/avatar\\\/0e8017099a7a47c0a9d2275e865fe326484561eb3d70649069e4b8e61a8d2e8c?s=96&d=mm&r=g\",\"contentUrl\":\"https:\\\/\\\/secure.gravatar.com\\\/avatar\\\/0e8017099a7a47c0a9d2275e865fe326484561eb3d70649069e4b8e61a8d2e8c?s=96&d=mm&r=g\",\"caption\":\"Marcos Santos\"},\"sameAs\":[\"http:\\\/\\\/anovapeneira.gal\"],\"url\":\"https:\\\/\\\/www.anovapeneira.gal\\\/index.php\\\/author\\\/marcos-santos\\\/\"}]}<\/script>\n<!-- \/ Yoast SEO plugin. -->","yoast_head_json":{"title":"Enrique Santiago deputado de Unidas Podemos e vicepresidente da comisi\u00f3n econ\u00f3mica e social para a reconstrucci\u00f3n -","robots":{"index":"index","follow":"follow","max-snippet":"max-snippet:-1","max-image-preview":"max-image-preview:large","max-video-preview":"max-video-preview:-1"},"canonical":"https:\/\/www.anovapeneira.gal\/index.php\/2020\/05\/22\/enrique-santiago-deputado-de-unidas-podemos-e-vicepresidente-da-comision-economica-e-social-para-a-reconstruccion\/","og_locale":"gl_ES","og_type":"article","og_title":"Enrique Santiago deputado de Unidas Podemos e vicepresidente da comisi\u00f3n econ\u00f3mica e social para a reconstrucci\u00f3n -","og_description":"Recentemente co\u00f1ecemos a triste nova da morte do l\u00edder hist\u00f3rico de Izquierda Unida, Julio Anguita, unha figura reco\u00f1ecida, por case todos, pola s\u00faa honestidade e lucidez [...]","og_url":"https:\/\/www.anovapeneira.gal\/index.php\/2020\/05\/22\/enrique-santiago-deputado-de-unidas-podemos-e-vicepresidente-da-comision-economica-e-social-para-a-reconstruccion\/","article_publisher":"https:\/\/www.facebook.com\/anovapeneira","article_published_time":"2020-05-22T08:00:16+00:00","og_image":[{"width":720,"height":432,"url":"https:\/\/www.anovapeneira.gal\/wp-content\/uploads\/2020\/05\/enrique_santiago_a_nova_peneira.jpg","type":"image\/jpeg"}],"author":"Marcos Santos","twitter_card":"summary_large_image","twitter_creator":"@APeneira","twitter_site":"@APeneira","twitter_misc":{"Escrito por":"Marcos Santos","Tempo de lectura":"8 minutos"},"schema":{"@context":"https:\/\/schema.org","@graph":[{"@type":"Article","@id":"https:\/\/www.anovapeneira.gal\/index.php\/2020\/05\/22\/enrique-santiago-deputado-de-unidas-podemos-e-vicepresidente-da-comision-economica-e-social-para-a-reconstruccion\/#article","isPartOf":{"@id":"https:\/\/www.anovapeneira.gal\/index.php\/2020\/05\/22\/enrique-santiago-deputado-de-unidas-podemos-e-vicepresidente-da-comision-economica-e-social-para-a-reconstruccion\/"},"author":{"name":"Marcos Santos","@id":"https:\/\/www.anovapeneira.gal\/#\/schema\/person\/d9d84823564720e7593293bab054e52d"},"headline":"Enrique Santiago deputado de Unidas Podemos e vicepresidente da comisi\u00f3n econ\u00f3mica e social para a reconstrucci\u00f3n","datePublished":"2020-05-22T08:00:16+00:00","mainEntityOfPage":{"@id":"https:\/\/www.anovapeneira.gal\/index.php\/2020\/05\/22\/enrique-santiago-deputado-de-unidas-podemos-e-vicepresidente-da-comision-economica-e-social-para-a-reconstruccion\/"},"wordCount":1656,"commentCount":0,"publisher":{"@id":"https:\/\/www.anovapeneira.gal\/#organization"},"image":{"@id":"https:\/\/www.anovapeneira.gal\/index.php\/2020\/05\/22\/enrique-santiago-deputado-de-unidas-podemos-e-vicepresidente-da-comision-economica-e-social-para-a-reconstruccion\/#primaryimage"},"thumbnailUrl":"https:\/\/www.anovapeneira.gal\/wp-content\/uploads\/2020\/05\/enrique_santiago_a_nova_peneira.jpg","keywords":["Enrique Santiago","Unidas Podemos"],"articleSection":["Entrevistas"],"inLanguage":"gl-ES","potentialAction":[{"@type":"CommentAction","name":"Comment","target":["https:\/\/www.anovapeneira.gal\/index.php\/2020\/05\/22\/enrique-santiago-deputado-de-unidas-podemos-e-vicepresidente-da-comision-economica-e-social-para-a-reconstruccion\/#respond"]}]},{"@type":"WebPage","@id":"https:\/\/www.anovapeneira.gal\/index.php\/2020\/05\/22\/enrique-santiago-deputado-de-unidas-podemos-e-vicepresidente-da-comision-economica-e-social-para-a-reconstruccion\/","url":"https:\/\/www.anovapeneira.gal\/index.php\/2020\/05\/22\/enrique-santiago-deputado-de-unidas-podemos-e-vicepresidente-da-comision-economica-e-social-para-a-reconstruccion\/","name":"Enrique Santiago deputado de Unidas Podemos e vicepresidente da comisi\u00f3n econ\u00f3mica e social para a reconstrucci\u00f3n -","isPartOf":{"@id":"https:\/\/www.anovapeneira.gal\/#website"},"primaryImageOfPage":{"@id":"https:\/\/www.anovapeneira.gal\/index.php\/2020\/05\/22\/enrique-santiago-deputado-de-unidas-podemos-e-vicepresidente-da-comision-economica-e-social-para-a-reconstruccion\/#primaryimage"},"image":{"@id":"https:\/\/www.anovapeneira.gal\/index.php\/2020\/05\/22\/enrique-santiago-deputado-de-unidas-podemos-e-vicepresidente-da-comision-economica-e-social-para-a-reconstruccion\/#primaryimage"},"thumbnailUrl":"https:\/\/www.anovapeneira.gal\/wp-content\/uploads\/2020\/05\/enrique_santiago_a_nova_peneira.jpg","datePublished":"2020-05-22T08:00:16+00:00","breadcrumb":{"@id":"https:\/\/www.anovapeneira.gal\/index.php\/2020\/05\/22\/enrique-santiago-deputado-de-unidas-podemos-e-vicepresidente-da-comision-economica-e-social-para-a-reconstruccion\/#breadcrumb"},"inLanguage":"gl-ES","potentialAction":[{"@type":"ReadAction","target":["https:\/\/www.anovapeneira.gal\/index.php\/2020\/05\/22\/enrique-santiago-deputado-de-unidas-podemos-e-vicepresidente-da-comision-economica-e-social-para-a-reconstruccion\/"]}]},{"@type":"ImageObject","inLanguage":"gl-ES","@id":"https:\/\/www.anovapeneira.gal\/index.php\/2020\/05\/22\/enrique-santiago-deputado-de-unidas-podemos-e-vicepresidente-da-comision-economica-e-social-para-a-reconstruccion\/#primaryimage","url":"https:\/\/www.anovapeneira.gal\/wp-content\/uploads\/2020\/05\/enrique_santiago_a_nova_peneira.jpg","contentUrl":"https:\/\/www.anovapeneira.gal\/wp-content\/uploads\/2020\/05\/enrique_santiago_a_nova_peneira.jpg","width":720,"height":432,"caption":"Enrique Santiago A Nova Peneira"},{"@type":"BreadcrumbList","@id":"https:\/\/www.anovapeneira.gal\/index.php\/2020\/05\/22\/enrique-santiago-deputado-de-unidas-podemos-e-vicepresidente-da-comision-economica-e-social-para-a-reconstruccion\/#breadcrumb","itemListElement":[{"@type":"ListItem","position":1,"name":"Portada","item":"https:\/\/www.anovapeneira.gal\/"},{"@type":"ListItem","position":2,"name":"Enrique Santiago deputado de Unidas Podemos e vicepresidente da comisi\u00f3n econ\u00f3mica e social para a reconstrucci\u00f3n"}]},{"@type":"WebSite","@id":"https:\/\/www.anovapeneira.gal\/#website","url":"https:\/\/www.anovapeneira.gal\/","name":"","description":"Xornal galego de informaci\u00f3n xeral Publicaci\u00f3n mensual de novas de Galicia e en especial dos Concellos da sur da provincia de Pontevedra.","publisher":{"@id":"https:\/\/www.anovapeneira.gal\/#organization"},"potentialAction":[{"@type":"SearchAction","target":{"@type":"EntryPoint","urlTemplate":"https:\/\/www.anovapeneira.gal\/?s={search_term_string}"},"query-input":{"@type":"PropertyValueSpecification","valueRequired":true,"valueName":"search_term_string"}}],"inLanguage":"gl-ES"},{"@type":"Organization","@id":"https:\/\/www.anovapeneira.gal\/#organization","name":"A Nova Peneira","url":"https:\/\/www.anovapeneira.gal\/","logo":{"@type":"ImageObject","inLanguage":"gl-ES","@id":"https:\/\/www.anovapeneira.gal\/#\/schema\/logo\/image\/","url":"http:\/\/www.anovapeneira.gal\/wp-content\/uploads\/2019\/06\/logo_a_nova_peneira_portal_web.png","contentUrl":"http:\/\/www.anovapeneira.gal\/wp-content\/uploads\/2019\/06\/logo_a_nova_peneira_portal_web.png","width":300,"height":100,"caption":"A Nova Peneira"},"image":{"@id":"https:\/\/www.anovapeneira.gal\/#\/schema\/logo\/image\/"},"sameAs":["https:\/\/www.facebook.com\/anovapeneira","https:\/\/x.com\/APeneira"]},{"@type":"Person","@id":"https:\/\/www.anovapeneira.gal\/#\/schema\/person\/d9d84823564720e7593293bab054e52d","name":"Marcos Santos","image":{"@type":"ImageObject","inLanguage":"gl-ES","@id":"https:\/\/secure.gravatar.com\/avatar\/0e8017099a7a47c0a9d2275e865fe326484561eb3d70649069e4b8e61a8d2e8c?s=96&d=mm&r=g","url":"https:\/\/secure.gravatar.com\/avatar\/0e8017099a7a47c0a9d2275e865fe326484561eb3d70649069e4b8e61a8d2e8c?s=96&d=mm&r=g","contentUrl":"https:\/\/secure.gravatar.com\/avatar\/0e8017099a7a47c0a9d2275e865fe326484561eb3d70649069e4b8e61a8d2e8c?s=96&d=mm&r=g","caption":"Marcos Santos"},"sameAs":["http:\/\/anovapeneira.gal"],"url":"https:\/\/www.anovapeneira.gal\/index.php\/author\/marcos-santos\/"}]}},"jetpack_featured_media_url":"https:\/\/www.anovapeneira.gal\/wp-content\/uploads\/2020\/05\/enrique_santiago_a_nova_peneira.jpg","_links":{"self":[{"href":"https:\/\/www.anovapeneira.gal\/index.php\/wp-json\/wp\/v2\/posts\/3161","targetHints":{"allow":["GET"]}}],"collection":[{"href":"https:\/\/www.anovapeneira.gal\/index.php\/wp-json\/wp\/v2\/posts"}],"about":[{"href":"https:\/\/www.anovapeneira.gal\/index.php\/wp-json\/wp\/v2\/types\/post"}],"author":[{"embeddable":true,"href":"https:\/\/www.anovapeneira.gal\/index.php\/wp-json\/wp\/v2\/users\/6"}],"replies":[{"embeddable":true,"href":"https:\/\/www.anovapeneira.gal\/index.php\/wp-json\/wp\/v2\/comments?post=3161"}],"version-history":[{"count":2,"href":"https:\/\/www.anovapeneira.gal\/index.php\/wp-json\/wp\/v2\/posts\/3161\/revisions"}],"predecessor-version":[{"id":3164,"href":"https:\/\/www.anovapeneira.gal\/index.php\/wp-json\/wp\/v2\/posts\/3161\/revisions\/3164"}],"wp:featuredmedia":[{"embeddable":true,"href":"https:\/\/www.anovapeneira.gal\/index.php\/wp-json\/wp\/v2\/media\/3162"}],"wp:attachment":[{"href":"https:\/\/www.anovapeneira.gal\/index.php\/wp-json\/wp\/v2\/media?parent=3161"}],"wp:term":[{"taxonomy":"category","embeddable":true,"href":"https:\/\/www.anovapeneira.gal\/index.php\/wp-json\/wp\/v2\/categories?post=3161"},{"taxonomy":"post_tag","embeddable":true,"href":"https:\/\/www.anovapeneira.gal\/index.php\/wp-json\/wp\/v2\/tags?post=3161"}],"curies":[{"name":"wp","href":"https:\/\/api.w.org\/{rel}","templated":true}]}}