{"id":3167,"date":"2020-05-25T10:00:33","date_gmt":"2020-05-25T08:00:33","guid":{"rendered":"http:\/\/www.anovapeneira.gal\/?p=3167"},"modified":"2020-05-25T09:57:10","modified_gmt":"2020-05-25T07:57:10","slug":"o-xuvenil-do-choco-ascende-a-division-de-honra","status":"publish","type":"post","link":"https:\/\/www.anovapeneira.gal\/index.php\/2020\/05\/25\/o-xuvenil-do-choco-ascende-a-division-de-honra\/","title":{"rendered":"O Xuvenil do Choco ascende  a divisi\u00f3n de honra"},"content":{"rendered":"\n<p><strong>Moi preto das 7 d\u00e9cadas de vida, o xuvenil do Choco acadou o inmenso \u00e9xito deportivo de ascender \u00e1 m\u00e1xima categor\u00eda. Na pr\u00f3xima temporada, equipos de tanta historia e relevancia deportiva como o Depor, o Celta, o Sporting de Gij\u00f3n, ou o Racing de Santander visitar\u00e1n a nosa vila. A Nova Peneira conversou co seu adestrador, o lucense Alberto Su\u00e1rez. A\u00ednda que non podiamos deixar pasar a oportunidade , de que a primeira pregunta da nosa charla fose para o delegado do equipo, o incombustible Manolo Conde, se cadra unha das figuras m\u00e1is relevantes de toda a historia do f\u00fatbol de Redondela.<\/strong><\/p>\n\n\n\n<p><strong>Manolo Que Sup\u00f3n para ti, que despois de case 70 anos de historia, un equipo do Choco estea na divisi\u00f3n de honra?<\/strong><\/p>\n\n\n\n<blockquote class=\"wp-block-quote is-layout-flow wp-block-quote-is-layout-flow\"><p>Para min foi cumprir un sono. \u00c9 unha grande nova para Redondela, e agardo que repercuta no comercio local, algo que me far\u00eda sentir enormemente orgulloso<\/p><\/blockquote>\n\n\n\n<p><strong>ALBERTO SU\u00c1REZ ADESTRADOR DO CHOCO<\/strong><\/p>\n\n\n\n<p>\u201c<strong>NA DIVISI\u00d3N DE HONRA, O CHOCO VAI DAR GUERRA EN TODOS E CADA UN DOS CAMPOS\u201d<\/strong><\/p>\n\n\n\n<p><strong>Como, o levas o confinamento Alberto?<\/strong><\/p>\n\n\n\n<blockquote class=\"wp-block-quote is-layout-flow wp-block-quote-is-layout-flow\"><p>Estouno levando ben, con plena conciencia de que cumprir con responsabilidade e civismo as instruci\u00f3ns sanitarias \u00e9 algo imprescindible para acabar canto antes con esta situaci\u00f3n.<\/p><\/blockquote>\n\n\n\n<p><strong>Como un mozo de Lugo, chega ao Choco?<\/strong><\/p>\n\n\n\n<blockquote class=\"wp-block-quote is-layout-flow wp-block-quote-is-layout-flow\"><p>Eu procedo da canteira do Lugo. Estiven preto de chegar ao primeiro equipo, pero coincidiu co ascenso a segunda divisi\u00f3n e non foi posible. Ent\u00f3n vime para Vigo a estudar enxe\u00f1er\u00eda, al\u00ed, adestrando co Valadares, coincid\u00edn con Marcos Montes .Cando el colleu o Choco chamoume&nbsp;<\/p><\/blockquote>\n\n\n\n<p><strong>Non puidestes celebrar o \u00e9xito deportivo como se merece?<\/strong><\/p>\n\n\n\n<blockquote class=\"wp-block-quote is-layout-flow wp-block-quote-is-layout-flow\"><p>Non, claro. Non o celebramos nin coa metade da intensidade que o fariamos nunha situaci\u00f3n de normalidade. Estamos \u00e1 espera de poder xuntarnos para facermos unha cea e celebr\u00e1rmolo en condici\u00f3ns<\/p><\/blockquote>\n\n\n\n<p><strong>A confirmaci\u00f3n do ascenso foi un pouco estra\u00f1a, non?<\/strong><\/p>\n\n\n\n<blockquote class=\"wp-block-quote is-layout-flow wp-block-quote-is-layout-flow\"><p>Si. Eu enm\u00e1rcoa no contexto xeral de incerteza que estamos a vivir. Un venres nos din que estamos ascendidos, e un luns sacan unha circular na que suxiren que en categor\u00eda xuvenil, non hai nin ascensos nin descensos. E claro, despois da inmensa alegr\u00eda, levamos un pao considerable. Afortunadamente esa circular estaba errada na s\u00faa redacci\u00f3n, e o xoves desa semana, ratific\u00e1ronnos o ascenso.<\/p><\/blockquote>\n\n\n\n<p><strong>Sabes que est\u00e1s nun equipo que ten unha relevancia extraordinaria no que se refire ao traballo coa canteira. Xogadores de elite como Pablo Cou\u00f1ago ou Iago Bouz\u00f3n, ve\u00f1en de aqu\u00ed?<\/strong><\/p>\n\n\n\n<blockquote class=\"wp-block-quote is-layout-flow wp-block-quote-is-layout-flow\"><p>Si, seino<\/p><\/blockquote>\n\n\n\n<p><strong>Fainos unha valoraci\u00f3n global da temporada?<\/strong><\/p>\n\n\n\n<blockquote class=\"wp-block-quote is-layout-flow wp-block-quote-is-layout-flow\"><p>O equipo foi feito practicamente de 0, xa que moitos xogadores pasaran a categor\u00eda superior. E o seu resultado era , a verdade, unha inc\u00f3gnita. Si que \u00e9 certo, que na pretemporada cham\u00e1rame moit\u00edsimo a atenci\u00f3n en positivo como estabamos adestrando os rapaces .O comezo da liga foi de f\u00e1bula, na xornada 7 levabamos 6 vitorias e 1 empate .No mes de novembro tivemos unha fochanca de resultados. En decembro sa\u00edmos dos postos de ascenso. E en xaneiro volvemos a retomar. Cando foi o par\u00f3n, se non me equivoco, levabamos 6 vitorias en 7 partidos<\/p><\/blockquote>\n\n\n\n<p><strong>Caramba, estabades lanzados?<\/strong><\/p>\n\n\n\n<blockquote class=\"wp-block-quote is-layout-flow wp-block-quote-is-layout-flow\"><p>A verdade \u00e9 que si. E, non era s\u00f3 que ga\u00f1aramos, sen\u00f3n tam\u00e9n que as sensaci\u00f3ns de xogo eran realmente boas<\/p><\/blockquote>\n\n\n\n<p><strong>Adestrar a adolescentes non resulta complicado?<\/strong><\/p>\n\n\n\n<blockquote class=\"wp-block-quote is-layout-flow wp-block-quote-is-layout-flow\"><p>Vamos ver, a adolescencia \u00e9 unha idade dif\u00edcil que todos pasamos, e c\u00f3mpre saber comprendela e respectala, pero sen esquecer marcar moi ben , \u00e1 s\u00faa vez, as normas de comportamento. O f\u00fatbol importa, pero o respecto polo grupo importa m\u00e1is. Te\u00f1o que dicir tam\u00e9n, que os nosos rapaces son absolutamente encantadores.<\/p><\/blockquote>\n\n\n\n<p><strong>O equipo t\u00e9cnico \u00e9 de luxo, Pablo Cou\u00f1ago, Hugo \u00c1lvarez ,Manolo Conde(delegado) e ti mesmo?<\/strong><\/p>\n\n\n\n<blockquote class=\"wp-block-quote is-layout-flow wp-block-quote-is-layout-flow\"><p>Moi ben descrito. Un aut\u00e9ntico luxo tanto profesional como humano, non s\u00f3 son os meus compa\u00f1eiros, para min son os meus amigos<\/p><\/blockquote>\n\n\n\n<p><strong>Non tedes medo de que aos rapaces se lles soba o \u00e9xito \u00e1 cabeza ?<\/strong><\/p>\n\n\n\n<blockquote class=\"wp-block-quote is-layout-flow wp-block-quote-is-layout-flow\"><p>Haber\u00e1 que xestionalo con intelixencia, claro. A verdade ao equipo c\u00e1mbialle a vida moit\u00edsimo. \u00c9 ilusionante para todos, e danos unha oportunidade de crecemento enorme.<\/p><\/blockquote>\n\n\n\n<p><strong>Que sentimento percibes na afecci\u00f3n?<\/strong><\/p>\n\n\n\n<blockquote class=\"wp-block-quote is-layout-flow wp-block-quote-is-layout-flow\"><p>De inmensa satisfacci\u00f3n. Eu creo que vai ser un ano moi bonito. Agardo que a situaci\u00f3n sanitaria se normalice o antes posible e que poidamos ver os campos con xente pronto, porque o ano pode ser precioso.<\/p><\/blockquote>\n\n\n\n<p><strong>Estades traballando na planificaci\u00f3n da temporada?<\/strong><\/p>\n\n\n\n<blockquote class=\"wp-block-quote is-layout-flow wp-block-quote-is-layout-flow\"><p>Estamos perfil\u00e1ndoa, porque si que \u00e9 certo que haber\u00eda que incorporar xogadores. De feito a\u00ednda non est\u00e1 confirmada a nosa continuidade como corpo t\u00e9cnico<\/p><\/blockquote>\n\n\n\n<p><strong>Home, despois de ter ascendido, ser\u00eda estra\u00f1o que non segu\u00edsedes?<\/strong><\/p>\n\n\n\n<blockquote class=\"wp-block-quote is-layout-flow wp-block-quote-is-layout-flow\"><p>A disposici\u00f3n, tanto do equipo como a nosa \u00e9 moi boa e supo\u00f1o que non haber\u00e1 problema<\/p><\/blockquote>\n\n\n\n<p><strong>O obxectivo para a nova temporada, cal \u00e9 ?<\/strong><\/p>\n\n\n\n<blockquote class=\"wp-block-quote is-layout-flow wp-block-quote-is-layout-flow\"><p>A permanencia. Ser\u00eda un \u00e9xito rotundo, pois \u00e9 unha categor\u00eda moi complicada na que nunca competimos. Agoar ben, estou seguro de que o Choco vai competir e dar guerra en todos os campos<\/p><\/blockquote>\n\n\n\n<p><strong>E no primeiro equipo, \u00e9 unha m\u00e1goa quedastes a 4 puntos de xogar a fase de ascenso?<\/strong><\/p>\n\n\n\n<blockquote class=\"wp-block-quote is-layout-flow wp-block-quote-is-layout-flow\"><p>Si, a verdade que \u00e9 unha pena. Ademais esta fase penso que \u00eda estra m\u00e1is igualada que nunca<\/p><\/blockquote>\n","protected":false},"excerpt":{"rendered":"<div class=\"mh-excerpt\"><p>Moi preto das 7 d\u00e9cadas de vida, o xuvenil do Choco acadou o inmenso \u00e9xito deportivo de ascender \u00e1 m\u00e1xima categor\u00eda. Na pr\u00f3xima temporada, equipos de tanta historia e relevancia deportiva como o Depor, o Celta, o Sporting de Gij\u00f3n, ou o Racing de Santander visitar\u00e1n a nosa vila <a class=\"mh-excerpt-more\" href=\"https:\/\/www.anovapeneira.gal\/index.php\/2020\/05\/25\/o-xuvenil-do-choco-ascende-a-division-de-honra\/\" title=\"O Xuvenil do Choco ascende  a divisi\u00f3n de honra\">[&#8230;]<\/a><\/p>\n<\/div>","protected":false},"author":6,"featured_media":3177,"comment_status":"open","ping_status":"open","sticky":false,"template":"","format":"standard","meta":{"_exactmetrics_skip_tracking":false,"_exactmetrics_sitenote_active":false,"_exactmetrics_sitenote_note":"","_exactmetrics_sitenote_category":0,"footnotes":""},"categories":[24],"tags":[171,1071],"class_list":{"0":"post-3167","1":"post","2":"type-post","3":"status-publish","4":"format-standard","5":"has-post-thumbnail","7":"category-redondela","8":"tag-concello-de-redondela","9":"tag-xuvenil-do-choco"},"yoast_head":"<!-- This site is optimized with the Yoast SEO plugin v27.4 - https:\/\/yoast.com\/product\/yoast-seo-wordpress\/ -->\n<title>O Xuvenil do Choco ascende a divisi\u00f3n de honra -<\/title>\n<meta name=\"robots\" content=\"index, follow, max-snippet:-1, max-image-preview:large, max-video-preview:-1\" \/>\n<link rel=\"canonical\" href=\"https:\/\/www.anovapeneira.gal\/index.php\/2020\/05\/25\/o-xuvenil-do-choco-ascende-a-division-de-honra\/\" \/>\n<meta property=\"og:locale\" content=\"gl_ES\" \/>\n<meta property=\"og:type\" content=\"article\" \/>\n<meta property=\"og:title\" content=\"O Xuvenil do Choco ascende a divisi\u00f3n de honra -\" \/>\n<meta property=\"og:description\" content=\"Moi preto das 7 d\u00e9cadas de vida, o xuvenil do Choco acadou o inmenso \u00e9xito deportivo de ascender \u00e1 m\u00e1xima categor\u00eda. Na pr\u00f3xima temporada, equipos de tanta historia e relevancia deportiva como o Depor, o Celta, o Sporting de Gij\u00f3n, ou o Racing de Santander visitar\u00e1n a nosa vila [...]\" \/>\n<meta property=\"og:url\" content=\"https:\/\/www.anovapeneira.gal\/index.php\/2020\/05\/25\/o-xuvenil-do-choco-ascende-a-division-de-honra\/\" \/>\n<meta property=\"article:publisher\" content=\"https:\/\/www.facebook.com\/anovapeneira\" \/>\n<meta property=\"article:published_time\" content=\"2020-05-25T08:00:33+00:00\" \/>\n<meta property=\"og:image\" content=\"https:\/\/www.anovapeneira.gal\/wp-content\/uploads\/2020\/05\/hugo_alvarez_Alberto_suarez_e_pablo_counago_manolo_conde_a_nova_peneira.jpg\" \/>\n\t<meta property=\"og:image:width\" content=\"720\" \/>\n\t<meta property=\"og:image:height\" content=\"432\" \/>\n\t<meta property=\"og:image:type\" content=\"image\/jpeg\" \/>\n<meta name=\"author\" content=\"Marcos Santos\" \/>\n<meta name=\"twitter:card\" content=\"summary_large_image\" \/>\n<meta name=\"twitter:creator\" content=\"@APeneira\" \/>\n<meta name=\"twitter:site\" content=\"@APeneira\" \/>\n<meta name=\"twitter:label1\" content=\"Escrito por\" \/>\n\t<meta name=\"twitter:data1\" content=\"Marcos Santos\" \/>\n\t<meta name=\"twitter:label2\" content=\"Tempo de lectura\" \/>\n\t<meta name=\"twitter:data2\" content=\"4 minutos\" \/>\n<script type=\"application\/ld+json\" class=\"yoast-schema-graph\">{\"@context\":\"https:\\\/\\\/schema.org\",\"@graph\":[{\"@type\":\"Article\",\"@id\":\"https:\\\/\\\/www.anovapeneira.gal\\\/index.php\\\/2020\\\/05\\\/25\\\/o-xuvenil-do-choco-ascende-a-division-de-honra\\\/#article\",\"isPartOf\":{\"@id\":\"https:\\\/\\\/www.anovapeneira.gal\\\/index.php\\\/2020\\\/05\\\/25\\\/o-xuvenil-do-choco-ascende-a-division-de-honra\\\/\"},\"author\":{\"name\":\"Marcos Santos\",\"@id\":\"https:\\\/\\\/www.anovapeneira.gal\\\/#\\\/schema\\\/person\\\/d9d84823564720e7593293bab054e52d\"},\"headline\":\"O Xuvenil do Choco ascende a divisi\u00f3n de honra\",\"datePublished\":\"2020-05-25T08:00:33+00:00\",\"mainEntityOfPage\":{\"@id\":\"https:\\\/\\\/www.anovapeneira.gal\\\/index.php\\\/2020\\\/05\\\/25\\\/o-xuvenil-do-choco-ascende-a-division-de-honra\\\/\"},\"wordCount\":898,\"commentCount\":0,\"publisher\":{\"@id\":\"https:\\\/\\\/www.anovapeneira.gal\\\/#organization\"},\"image\":{\"@id\":\"https:\\\/\\\/www.anovapeneira.gal\\\/index.php\\\/2020\\\/05\\\/25\\\/o-xuvenil-do-choco-ascende-a-division-de-honra\\\/#primaryimage\"},\"thumbnailUrl\":\"https:\\\/\\\/www.anovapeneira.gal\\\/wp-content\\\/uploads\\\/2020\\\/05\\\/hugo_alvarez_Alberto_suarez_e_pablo_counago_manolo_conde_a_nova_peneira.jpg\",\"keywords\":[\"Concello de Redondela\",\"Xuvenil do Choco\"],\"articleSection\":[\"Redondela\"],\"inLanguage\":\"gl-ES\",\"potentialAction\":[{\"@type\":\"CommentAction\",\"name\":\"Comment\",\"target\":[\"https:\\\/\\\/www.anovapeneira.gal\\\/index.php\\\/2020\\\/05\\\/25\\\/o-xuvenil-do-choco-ascende-a-division-de-honra\\\/#respond\"]}]},{\"@type\":\"WebPage\",\"@id\":\"https:\\\/\\\/www.anovapeneira.gal\\\/index.php\\\/2020\\\/05\\\/25\\\/o-xuvenil-do-choco-ascende-a-division-de-honra\\\/\",\"url\":\"https:\\\/\\\/www.anovapeneira.gal\\\/index.php\\\/2020\\\/05\\\/25\\\/o-xuvenil-do-choco-ascende-a-division-de-honra\\\/\",\"name\":\"O Xuvenil do Choco ascende a divisi\u00f3n de honra -\",\"isPartOf\":{\"@id\":\"https:\\\/\\\/www.anovapeneira.gal\\\/#website\"},\"primaryImageOfPage\":{\"@id\":\"https:\\\/\\\/www.anovapeneira.gal\\\/index.php\\\/2020\\\/05\\\/25\\\/o-xuvenil-do-choco-ascende-a-division-de-honra\\\/#primaryimage\"},\"image\":{\"@id\":\"https:\\\/\\\/www.anovapeneira.gal\\\/index.php\\\/2020\\\/05\\\/25\\\/o-xuvenil-do-choco-ascende-a-division-de-honra\\\/#primaryimage\"},\"thumbnailUrl\":\"https:\\\/\\\/www.anovapeneira.gal\\\/wp-content\\\/uploads\\\/2020\\\/05\\\/hugo_alvarez_Alberto_suarez_e_pablo_counago_manolo_conde_a_nova_peneira.jpg\",\"datePublished\":\"2020-05-25T08:00:33+00:00\",\"breadcrumb\":{\"@id\":\"https:\\\/\\\/www.anovapeneira.gal\\\/index.php\\\/2020\\\/05\\\/25\\\/o-xuvenil-do-choco-ascende-a-division-de-honra\\\/#breadcrumb\"},\"inLanguage\":\"gl-ES\",\"potentialAction\":[{\"@type\":\"ReadAction\",\"target\":[\"https:\\\/\\\/www.anovapeneira.gal\\\/index.php\\\/2020\\\/05\\\/25\\\/o-xuvenil-do-choco-ascende-a-division-de-honra\\\/\"]}]},{\"@type\":\"ImageObject\",\"inLanguage\":\"gl-ES\",\"@id\":\"https:\\\/\\\/www.anovapeneira.gal\\\/index.php\\\/2020\\\/05\\\/25\\\/o-xuvenil-do-choco-ascende-a-division-de-honra\\\/#primaryimage\",\"url\":\"https:\\\/\\\/www.anovapeneira.gal\\\/wp-content\\\/uploads\\\/2020\\\/05\\\/hugo_alvarez_Alberto_suarez_e_pablo_counago_manolo_conde_a_nova_peneira.jpg\",\"contentUrl\":\"https:\\\/\\\/www.anovapeneira.gal\\\/wp-content\\\/uploads\\\/2020\\\/05\\\/hugo_alvarez_Alberto_suarez_e_pablo_counago_manolo_conde_a_nova_peneira.jpg\",\"width\":720,\"height\":432,\"caption\":\"Hugo \u00c1lvarez, Alberto Su\u00e1rez, Pablo Cou\u00f1ago e Manolo Conde\"},{\"@type\":\"BreadcrumbList\",\"@id\":\"https:\\\/\\\/www.anovapeneira.gal\\\/index.php\\\/2020\\\/05\\\/25\\\/o-xuvenil-do-choco-ascende-a-division-de-honra\\\/#breadcrumb\",\"itemListElement\":[{\"@type\":\"ListItem\",\"position\":1,\"name\":\"Portada\",\"item\":\"https:\\\/\\\/www.anovapeneira.gal\\\/\"},{\"@type\":\"ListItem\",\"position\":2,\"name\":\"O Xuvenil do Choco ascende a divisi\u00f3n de honra\"}]},{\"@type\":\"WebSite\",\"@id\":\"https:\\\/\\\/www.anovapeneira.gal\\\/#website\",\"url\":\"https:\\\/\\\/www.anovapeneira.gal\\\/\",\"name\":\"\",\"description\":\"Xornal galego de informaci\u00f3n xeral Publicaci\u00f3n mensual de novas de Galicia e en especial dos Concellos da sur da provincia de Pontevedra.\",\"publisher\":{\"@id\":\"https:\\\/\\\/www.anovapeneira.gal\\\/#organization\"},\"potentialAction\":[{\"@type\":\"SearchAction\",\"target\":{\"@type\":\"EntryPoint\",\"urlTemplate\":\"https:\\\/\\\/www.anovapeneira.gal\\\/?s={search_term_string}\"},\"query-input\":{\"@type\":\"PropertyValueSpecification\",\"valueRequired\":true,\"valueName\":\"search_term_string\"}}],\"inLanguage\":\"gl-ES\"},{\"@type\":\"Organization\",\"@id\":\"https:\\\/\\\/www.anovapeneira.gal\\\/#organization\",\"name\":\"A Nova Peneira\",\"url\":\"https:\\\/\\\/www.anovapeneira.gal\\\/\",\"logo\":{\"@type\":\"ImageObject\",\"inLanguage\":\"gl-ES\",\"@id\":\"https:\\\/\\\/www.anovapeneira.gal\\\/#\\\/schema\\\/logo\\\/image\\\/\",\"url\":\"http:\\\/\\\/www.anovapeneira.gal\\\/wp-content\\\/uploads\\\/2019\\\/06\\\/logo_a_nova_peneira_portal_web.png\",\"contentUrl\":\"http:\\\/\\\/www.anovapeneira.gal\\\/wp-content\\\/uploads\\\/2019\\\/06\\\/logo_a_nova_peneira_portal_web.png\",\"width\":300,\"height\":100,\"caption\":\"A Nova Peneira\"},\"image\":{\"@id\":\"https:\\\/\\\/www.anovapeneira.gal\\\/#\\\/schema\\\/logo\\\/image\\\/\"},\"sameAs\":[\"https:\\\/\\\/www.facebook.com\\\/anovapeneira\",\"https:\\\/\\\/x.com\\\/APeneira\"]},{\"@type\":\"Person\",\"@id\":\"https:\\\/\\\/www.anovapeneira.gal\\\/#\\\/schema\\\/person\\\/d9d84823564720e7593293bab054e52d\",\"name\":\"Marcos Santos\",\"image\":{\"@type\":\"ImageObject\",\"inLanguage\":\"gl-ES\",\"@id\":\"https:\\\/\\\/secure.gravatar.com\\\/avatar\\\/0e8017099a7a47c0a9d2275e865fe326484561eb3d70649069e4b8e61a8d2e8c?s=96&d=mm&r=g\",\"url\":\"https:\\\/\\\/secure.gravatar.com\\\/avatar\\\/0e8017099a7a47c0a9d2275e865fe326484561eb3d70649069e4b8e61a8d2e8c?s=96&d=mm&r=g\",\"contentUrl\":\"https:\\\/\\\/secure.gravatar.com\\\/avatar\\\/0e8017099a7a47c0a9d2275e865fe326484561eb3d70649069e4b8e61a8d2e8c?s=96&d=mm&r=g\",\"caption\":\"Marcos Santos\"},\"sameAs\":[\"http:\\\/\\\/anovapeneira.gal\"],\"url\":\"https:\\\/\\\/www.anovapeneira.gal\\\/index.php\\\/author\\\/marcos-santos\\\/\"}]}<\/script>\n<!-- \/ Yoast SEO plugin. -->","yoast_head_json":{"title":"O Xuvenil do Choco ascende a divisi\u00f3n de honra -","robots":{"index":"index","follow":"follow","max-snippet":"max-snippet:-1","max-image-preview":"max-image-preview:large","max-video-preview":"max-video-preview:-1"},"canonical":"https:\/\/www.anovapeneira.gal\/index.php\/2020\/05\/25\/o-xuvenil-do-choco-ascende-a-division-de-honra\/","og_locale":"gl_ES","og_type":"article","og_title":"O Xuvenil do Choco ascende a divisi\u00f3n de honra -","og_description":"Moi preto das 7 d\u00e9cadas de vida, o xuvenil do Choco acadou o inmenso \u00e9xito deportivo de ascender \u00e1 m\u00e1xima categor\u00eda. Na pr\u00f3xima temporada, equipos de tanta historia e relevancia deportiva como o Depor, o Celta, o Sporting de Gij\u00f3n, ou o Racing de Santander visitar\u00e1n a nosa vila [...]","og_url":"https:\/\/www.anovapeneira.gal\/index.php\/2020\/05\/25\/o-xuvenil-do-choco-ascende-a-division-de-honra\/","article_publisher":"https:\/\/www.facebook.com\/anovapeneira","article_published_time":"2020-05-25T08:00:33+00:00","og_image":[{"width":720,"height":432,"url":"https:\/\/www.anovapeneira.gal\/wp-content\/uploads\/2020\/05\/hugo_alvarez_Alberto_suarez_e_pablo_counago_manolo_conde_a_nova_peneira.jpg","type":"image\/jpeg"}],"author":"Marcos Santos","twitter_card":"summary_large_image","twitter_creator":"@APeneira","twitter_site":"@APeneira","twitter_misc":{"Escrito por":"Marcos Santos","Tempo de lectura":"4 minutos"},"schema":{"@context":"https:\/\/schema.org","@graph":[{"@type":"Article","@id":"https:\/\/www.anovapeneira.gal\/index.php\/2020\/05\/25\/o-xuvenil-do-choco-ascende-a-division-de-honra\/#article","isPartOf":{"@id":"https:\/\/www.anovapeneira.gal\/index.php\/2020\/05\/25\/o-xuvenil-do-choco-ascende-a-division-de-honra\/"},"author":{"name":"Marcos Santos","@id":"https:\/\/www.anovapeneira.gal\/#\/schema\/person\/d9d84823564720e7593293bab054e52d"},"headline":"O Xuvenil do Choco ascende a divisi\u00f3n de honra","datePublished":"2020-05-25T08:00:33+00:00","mainEntityOfPage":{"@id":"https:\/\/www.anovapeneira.gal\/index.php\/2020\/05\/25\/o-xuvenil-do-choco-ascende-a-division-de-honra\/"},"wordCount":898,"commentCount":0,"publisher":{"@id":"https:\/\/www.anovapeneira.gal\/#organization"},"image":{"@id":"https:\/\/www.anovapeneira.gal\/index.php\/2020\/05\/25\/o-xuvenil-do-choco-ascende-a-division-de-honra\/#primaryimage"},"thumbnailUrl":"https:\/\/www.anovapeneira.gal\/wp-content\/uploads\/2020\/05\/hugo_alvarez_Alberto_suarez_e_pablo_counago_manolo_conde_a_nova_peneira.jpg","keywords":["Concello de Redondela","Xuvenil do Choco"],"articleSection":["Redondela"],"inLanguage":"gl-ES","potentialAction":[{"@type":"CommentAction","name":"Comment","target":["https:\/\/www.anovapeneira.gal\/index.php\/2020\/05\/25\/o-xuvenil-do-choco-ascende-a-division-de-honra\/#respond"]}]},{"@type":"WebPage","@id":"https:\/\/www.anovapeneira.gal\/index.php\/2020\/05\/25\/o-xuvenil-do-choco-ascende-a-division-de-honra\/","url":"https:\/\/www.anovapeneira.gal\/index.php\/2020\/05\/25\/o-xuvenil-do-choco-ascende-a-division-de-honra\/","name":"O Xuvenil do Choco ascende a divisi\u00f3n de honra -","isPartOf":{"@id":"https:\/\/www.anovapeneira.gal\/#website"},"primaryImageOfPage":{"@id":"https:\/\/www.anovapeneira.gal\/index.php\/2020\/05\/25\/o-xuvenil-do-choco-ascende-a-division-de-honra\/#primaryimage"},"image":{"@id":"https:\/\/www.anovapeneira.gal\/index.php\/2020\/05\/25\/o-xuvenil-do-choco-ascende-a-division-de-honra\/#primaryimage"},"thumbnailUrl":"https:\/\/www.anovapeneira.gal\/wp-content\/uploads\/2020\/05\/hugo_alvarez_Alberto_suarez_e_pablo_counago_manolo_conde_a_nova_peneira.jpg","datePublished":"2020-05-25T08:00:33+00:00","breadcrumb":{"@id":"https:\/\/www.anovapeneira.gal\/index.php\/2020\/05\/25\/o-xuvenil-do-choco-ascende-a-division-de-honra\/#breadcrumb"},"inLanguage":"gl-ES","potentialAction":[{"@type":"ReadAction","target":["https:\/\/www.anovapeneira.gal\/index.php\/2020\/05\/25\/o-xuvenil-do-choco-ascende-a-division-de-honra\/"]}]},{"@type":"ImageObject","inLanguage":"gl-ES","@id":"https:\/\/www.anovapeneira.gal\/index.php\/2020\/05\/25\/o-xuvenil-do-choco-ascende-a-division-de-honra\/#primaryimage","url":"https:\/\/www.anovapeneira.gal\/wp-content\/uploads\/2020\/05\/hugo_alvarez_Alberto_suarez_e_pablo_counago_manolo_conde_a_nova_peneira.jpg","contentUrl":"https:\/\/www.anovapeneira.gal\/wp-content\/uploads\/2020\/05\/hugo_alvarez_Alberto_suarez_e_pablo_counago_manolo_conde_a_nova_peneira.jpg","width":720,"height":432,"caption":"Hugo \u00c1lvarez, Alberto Su\u00e1rez, Pablo Cou\u00f1ago e Manolo Conde"},{"@type":"BreadcrumbList","@id":"https:\/\/www.anovapeneira.gal\/index.php\/2020\/05\/25\/o-xuvenil-do-choco-ascende-a-division-de-honra\/#breadcrumb","itemListElement":[{"@type":"ListItem","position":1,"name":"Portada","item":"https:\/\/www.anovapeneira.gal\/"},{"@type":"ListItem","position":2,"name":"O Xuvenil do Choco ascende a divisi\u00f3n de honra"}]},{"@type":"WebSite","@id":"https:\/\/www.anovapeneira.gal\/#website","url":"https:\/\/www.anovapeneira.gal\/","name":"","description":"Xornal galego de informaci\u00f3n xeral Publicaci\u00f3n mensual de novas de Galicia e en especial dos Concellos da sur da provincia de Pontevedra.","publisher":{"@id":"https:\/\/www.anovapeneira.gal\/#organization"},"potentialAction":[{"@type":"SearchAction","target":{"@type":"EntryPoint","urlTemplate":"https:\/\/www.anovapeneira.gal\/?s={search_term_string}"},"query-input":{"@type":"PropertyValueSpecification","valueRequired":true,"valueName":"search_term_string"}}],"inLanguage":"gl-ES"},{"@type":"Organization","@id":"https:\/\/www.anovapeneira.gal\/#organization","name":"A Nova Peneira","url":"https:\/\/www.anovapeneira.gal\/","logo":{"@type":"ImageObject","inLanguage":"gl-ES","@id":"https:\/\/www.anovapeneira.gal\/#\/schema\/logo\/image\/","url":"http:\/\/www.anovapeneira.gal\/wp-content\/uploads\/2019\/06\/logo_a_nova_peneira_portal_web.png","contentUrl":"http:\/\/www.anovapeneira.gal\/wp-content\/uploads\/2019\/06\/logo_a_nova_peneira_portal_web.png","width":300,"height":100,"caption":"A Nova Peneira"},"image":{"@id":"https:\/\/www.anovapeneira.gal\/#\/schema\/logo\/image\/"},"sameAs":["https:\/\/www.facebook.com\/anovapeneira","https:\/\/x.com\/APeneira"]},{"@type":"Person","@id":"https:\/\/www.anovapeneira.gal\/#\/schema\/person\/d9d84823564720e7593293bab054e52d","name":"Marcos Santos","image":{"@type":"ImageObject","inLanguage":"gl-ES","@id":"https:\/\/secure.gravatar.com\/avatar\/0e8017099a7a47c0a9d2275e865fe326484561eb3d70649069e4b8e61a8d2e8c?s=96&d=mm&r=g","url":"https:\/\/secure.gravatar.com\/avatar\/0e8017099a7a47c0a9d2275e865fe326484561eb3d70649069e4b8e61a8d2e8c?s=96&d=mm&r=g","contentUrl":"https:\/\/secure.gravatar.com\/avatar\/0e8017099a7a47c0a9d2275e865fe326484561eb3d70649069e4b8e61a8d2e8c?s=96&d=mm&r=g","caption":"Marcos Santos"},"sameAs":["http:\/\/anovapeneira.gal"],"url":"https:\/\/www.anovapeneira.gal\/index.php\/author\/marcos-santos\/"}]}},"jetpack_featured_media_url":"https:\/\/www.anovapeneira.gal\/wp-content\/uploads\/2020\/05\/hugo_alvarez_Alberto_suarez_e_pablo_counago_manolo_conde_a_nova_peneira.jpg","_links":{"self":[{"href":"https:\/\/www.anovapeneira.gal\/index.php\/wp-json\/wp\/v2\/posts\/3167","targetHints":{"allow":["GET"]}}],"collection":[{"href":"https:\/\/www.anovapeneira.gal\/index.php\/wp-json\/wp\/v2\/posts"}],"about":[{"href":"https:\/\/www.anovapeneira.gal\/index.php\/wp-json\/wp\/v2\/types\/post"}],"author":[{"embeddable":true,"href":"https:\/\/www.anovapeneira.gal\/index.php\/wp-json\/wp\/v2\/users\/6"}],"replies":[{"embeddable":true,"href":"https:\/\/www.anovapeneira.gal\/index.php\/wp-json\/wp\/v2\/comments?post=3167"}],"version-history":[{"count":2,"href":"https:\/\/www.anovapeneira.gal\/index.php\/wp-json\/wp\/v2\/posts\/3167\/revisions"}],"predecessor-version":[{"id":3178,"href":"https:\/\/www.anovapeneira.gal\/index.php\/wp-json\/wp\/v2\/posts\/3167\/revisions\/3178"}],"wp:featuredmedia":[{"embeddable":true,"href":"https:\/\/www.anovapeneira.gal\/index.php\/wp-json\/wp\/v2\/media\/3177"}],"wp:attachment":[{"href":"https:\/\/www.anovapeneira.gal\/index.php\/wp-json\/wp\/v2\/media?parent=3167"}],"wp:term":[{"taxonomy":"category","embeddable":true,"href":"https:\/\/www.anovapeneira.gal\/index.php\/wp-json\/wp\/v2\/categories?post=3167"},{"taxonomy":"post_tag","embeddable":true,"href":"https:\/\/www.anovapeneira.gal\/index.php\/wp-json\/wp\/v2\/tags?post=3167"}],"curies":[{"name":"wp","href":"https:\/\/api.w.org\/{rel}","templated":true}]}}