{"id":3185,"date":"2020-05-26T12:00:31","date_gmt":"2020-05-26T10:00:31","guid":{"rendered":"http:\/\/www.anovapeneira.gal\/?p=3185"},"modified":"2020-05-26T10:12:21","modified_gmt":"2020-05-26T08:12:21","slug":"rebelion-polo-clima-rebelion-pola-vida","status":"publish","type":"post","link":"https:\/\/www.anovapeneira.gal\/index.php\/2020\/05\/26\/rebelion-polo-clima-rebelion-pola-vida\/","title":{"rendered":"Rebeli\u00f3n polo Clima, rebeli\u00f3n pola vida"},"content":{"rendered":"\n<figure class=\"wp-block-image size-large is-resized is-style-default\"><img loading=\"lazy\" decoding=\"async\" src=\"http:\/\/www.anovapeneira.gal\/wp-content\/uploads\/2019\/07\/cristobal_a_nova_peneira.jpg\" alt=\"Crist\u00f3bal L\u00f3pez A Nova Peneira\" class=\"wp-image-555\" width=\"95\" height=\"111\"\/><figcaption>Crist\u00f3bal L\u00f3pez Pazo | Comuneiro dos montes de Tameiga, militante de anticapitalistas, ecoloxista en acci\u00f3n e veci\u00f1o constitu\u00ednte da asemblea veci\u00f1al ga\u00f1aM\u00f3s<\/figcaption><\/figure>\n\n\n\n<p>A crise sanitaria orixinada pola pandemia do Covid19 co seu crudo drama humano copou toda a atenci\u00f3n medi\u00e1tica relegando a un sombr\u00edo e perigoso segundo plano \u00e1 emerxencia clim\u00e1tica. Nembargantes desta pandemia \u00e9 a s\u00faa superaci\u00f3n podemos aprender unha lecci\u00f3n esencial para enfrentarnos a crise clim\u00e1tica. A sociedade a nivel mundial foi capaz de organizarse, mudar h\u00e1bitos e regular as actividades econ\u00f3micas para aminorar as consecuencias da pandemia. Superar a crise clim\u00e1tica vai solicitar un esforzo a\u00ednda maior pero acometeremolo coa certidumbre de que somos capaces de levalo a bo t\u00e9rmino.&nbsp;<\/p>\n\n\n\n<p>Nas poucas semanas que destronamos ao autom\u00f3bil vimos uns ceos l\u00edmpidos sen que o chan se abrira baixo os nosos p\u00e9s. Temos que adentrarnos na nova normalidade mantendo o coche confinado. Durante os \u00faltimos trinta anos entreg\u00e1moslle a cidade ao autom\u00f3bil. Resultado: duplic\u00e1ronse as distancias cubertas polos cidadanos para desenvolver a s\u00faa vida cot\u00eda. Levamos decenios construindo cidades difusas duin acto impacto ambiental que se expanden sen presi\u00f3n demogr\u00e1fica e que se afastan cada vez m\u00e1is dos seus habitantes. Cidades zonificadas, cun uso especializado do chan onde se concentran un \u00fanico tipo de actividade ou servizo: oficinas, ocio, universidade, centros comerciais\u2026 o que multiplica os deplazamentos necesarios para a cidadan\u00eda poda satisfacer as s\u00faas necesidades e desexos.&nbsp;<\/p>\n\n\n\n<p>Convertimos ao automobil no dono da cidade e este foi devorandoa pouco a pouco, esixindo cada vez m\u00e1is espazo como unha bomba lenta cuxa onda expansiva traslada os edificios e actividades a varios quil\u00f3metros \u00e1 redonda, destru\u00edndo a convivencia e a comunicaci\u00f3n entre os seres humanos. Todas as pol\u00edticas urbanas e de transporte foron orientadas sempre a favorecer e fomentar o uso do autom\u00f3bil, mentres o resto de medios de transporte \u00edan no vag\u00f3n de cola.<\/p>\n\n\n\n<p>Non podemos seguir enchendo as cidades de asfalto e formig\u00f3n, tiznadas de fume e coa voz dos seus habitantes afogada polo iestruendo do tr\u00e1fico. A cidade se&nbsp; baleira por dentro, se afasta da nosa vida e acumulamos avenidas, tuneis, escalextrics\u2026 polos que salvar as s\u00faas longas distancias sen medir o impacto ambiental. Temos que deixar atr\u00e1s a interpretaci\u00f3n da mobilidade desde o trasnochado desarrollismo. A mobilidade \u00e9 s\u00f3 un medio para garantir a accesibilidade das persoas aos lugares necesarios para desenvolver a s\u00faa vida. Temos que romper coa l\u00f3xica do asfalto e cuestionarse o espazo f\u00edsico, aplicar medidas que promovan a pacificaci\u00f3n do tr\u00e1fico e repartan de forma equitativa a urbe. Hai que achegar a cidade ao cidadano. Temos que atopar un modelo de cidade baseado nas persoas e s\u00faa convivencia no vecindario para poder seguir acari\u00f1ando un ceo l\u00edmpido.<\/p>\n\n\n\n<p>Temos moitas tarefas pendentes empantanadas nos recovecos dos gobernos. O venres 5 de xullo as ecoloxistas saimos \u00e1s r\u00faas nunha nova acci\u00f3n global para esixir que o goberno e a sociedade retome o pulso a emerxencia clim\u00e1tica. Saimos para facer un chamamento tanto \u00e1 xente concienciada para que non esqueza a folla de ruta clim\u00e1tica, como a esa minor\u00eda negacionista para que saquen as s\u00faas cabezas da caverna ideol\u00f3xica, miren ao ceo e inspiren este aire pr\u00edstino sen fumes antes de que se lancen ao pasado.&nbsp;<\/p>\n\n\n\n<p>Adentremonos na nova normalidade sen as mochilas do pasado. Non sexas dinosaurio e \u00fanete \u00e1 Rebeli\u00f3n polo Clima, s\u00famate \u00e1 acci\u00f3n deste 5 de xu\u00f1o pola vida no planeta.&nbsp;<\/p>\n","protected":false},"excerpt":{"rendered":"<div class=\"mh-excerpt\"><p>A crise sanitaria orixinada pola pandemia do Covid19 co seu crudo drama humano copou toda a atenci\u00f3n medi\u00e1tica relegando a un sombr\u00edo e perigoso segundo plano \u00e1 emerxencia clim\u00e1tica <a class=\"mh-excerpt-more\" href=\"https:\/\/www.anovapeneira.gal\/index.php\/2020\/05\/26\/rebelion-polo-clima-rebelion-pola-vida\/\" title=\"Rebeli\u00f3n polo Clima, rebeli\u00f3n pola vida\">[&#8230;]<\/a><\/p>\n<\/div>","protected":false},"author":13,"featured_media":3186,"comment_status":"open","ping_status":"open","sticky":false,"template":"","format":"standard","meta":{"_exactmetrics_skip_tracking":false,"_exactmetrics_sitenote_active":false,"_exactmetrics_sitenote_note":"","_exactmetrics_sitenote_category":0,"footnotes":""},"categories":[7],"tags":[],"class_list":{"0":"post-3185","1":"post","2":"type-post","3":"status-publish","4":"format-standard","5":"has-post-thumbnail","7":"category-artigos-de-opinion"},"yoast_head":"<!-- This site is optimized with the Yoast SEO plugin v27.4 - https:\/\/yoast.com\/product\/yoast-seo-wordpress\/ -->\n<title>Rebeli\u00f3n polo Clima, rebeli\u00f3n pola vida -<\/title>\n<meta name=\"robots\" content=\"index, follow, max-snippet:-1, max-image-preview:large, max-video-preview:-1\" \/>\n<link rel=\"canonical\" href=\"https:\/\/www.anovapeneira.gal\/index.php\/2020\/05\/26\/rebelion-polo-clima-rebelion-pola-vida\/\" \/>\n<meta property=\"og:locale\" content=\"gl_ES\" \/>\n<meta property=\"og:type\" content=\"article\" \/>\n<meta property=\"og:title\" content=\"Rebeli\u00f3n polo Clima, rebeli\u00f3n pola vida -\" \/>\n<meta property=\"og:description\" content=\"A crise sanitaria orixinada pola pandemia do Covid19 co seu crudo drama humano copou toda a atenci\u00f3n medi\u00e1tica relegando a un sombr\u00edo e perigoso segundo plano \u00e1 emerxencia clim\u00e1tica [...]\" \/>\n<meta property=\"og:url\" content=\"https:\/\/www.anovapeneira.gal\/index.php\/2020\/05\/26\/rebelion-polo-clima-rebelion-pola-vida\/\" \/>\n<meta property=\"article:publisher\" content=\"https:\/\/www.facebook.com\/anovapeneira\" \/>\n<meta property=\"article:published_time\" content=\"2020-05-26T10:00:31+00:00\" \/>\n<meta property=\"og:image\" content=\"https:\/\/www.anovapeneira.gal\/wp-content\/uploads\/2020\/05\/emerxencia_climatica_a_nova_peneira.jpg\" \/>\n\t<meta property=\"og:image:width\" content=\"720\" \/>\n\t<meta property=\"og:image:height\" content=\"432\" \/>\n\t<meta property=\"og:image:type\" content=\"image\/jpeg\" \/>\n<meta name=\"author\" content=\"Cristobal L\u00f3pez\" \/>\n<meta name=\"twitter:card\" content=\"summary_large_image\" \/>\n<meta name=\"twitter:creator\" content=\"@APeneira\" \/>\n<meta name=\"twitter:site\" content=\"@APeneira\" \/>\n<meta name=\"twitter:label1\" content=\"Escrito por\" \/>\n\t<meta name=\"twitter:data1\" content=\"Cristobal L\u00f3pez\" \/>\n\t<meta name=\"twitter:label2\" content=\"Tempo de lectura\" \/>\n\t<meta name=\"twitter:data2\" content=\"3 minutos\" \/>\n<script type=\"application\/ld+json\" class=\"yoast-schema-graph\">{\"@context\":\"https:\\\/\\\/schema.org\",\"@graph\":[{\"@type\":\"Article\",\"@id\":\"https:\\\/\\\/www.anovapeneira.gal\\\/index.php\\\/2020\\\/05\\\/26\\\/rebelion-polo-clima-rebelion-pola-vida\\\/#article\",\"isPartOf\":{\"@id\":\"https:\\\/\\\/www.anovapeneira.gal\\\/index.php\\\/2020\\\/05\\\/26\\\/rebelion-polo-clima-rebelion-pola-vida\\\/\"},\"author\":{\"name\":\"Cristobal L\u00f3pez\",\"@id\":\"https:\\\/\\\/www.anovapeneira.gal\\\/#\\\/schema\\\/person\\\/45b3df2338e4d898b7616809f9c5906c\"},\"headline\":\"Rebeli\u00f3n polo Clima, rebeli\u00f3n pola vida\",\"datePublished\":\"2020-05-26T10:00:31+00:00\",\"mainEntityOfPage\":{\"@id\":\"https:\\\/\\\/www.anovapeneira.gal\\\/index.php\\\/2020\\\/05\\\/26\\\/rebelion-polo-clima-rebelion-pola-vida\\\/\"},\"wordCount\":630,\"commentCount\":0,\"publisher\":{\"@id\":\"https:\\\/\\\/www.anovapeneira.gal\\\/#organization\"},\"image\":{\"@id\":\"https:\\\/\\\/www.anovapeneira.gal\\\/index.php\\\/2020\\\/05\\\/26\\\/rebelion-polo-clima-rebelion-pola-vida\\\/#primaryimage\"},\"thumbnailUrl\":\"https:\\\/\\\/www.anovapeneira.gal\\\/wp-content\\\/uploads\\\/2020\\\/05\\\/emerxencia_climatica_a_nova_peneira.jpg\",\"articleSection\":[\"Artigos de opini\u00f3n\"],\"inLanguage\":\"gl-ES\",\"potentialAction\":[{\"@type\":\"CommentAction\",\"name\":\"Comment\",\"target\":[\"https:\\\/\\\/www.anovapeneira.gal\\\/index.php\\\/2020\\\/05\\\/26\\\/rebelion-polo-clima-rebelion-pola-vida\\\/#respond\"]}]},{\"@type\":\"WebPage\",\"@id\":\"https:\\\/\\\/www.anovapeneira.gal\\\/index.php\\\/2020\\\/05\\\/26\\\/rebelion-polo-clima-rebelion-pola-vida\\\/\",\"url\":\"https:\\\/\\\/www.anovapeneira.gal\\\/index.php\\\/2020\\\/05\\\/26\\\/rebelion-polo-clima-rebelion-pola-vida\\\/\",\"name\":\"Rebeli\u00f3n polo Clima, rebeli\u00f3n pola vida -\",\"isPartOf\":{\"@id\":\"https:\\\/\\\/www.anovapeneira.gal\\\/#website\"},\"primaryImageOfPage\":{\"@id\":\"https:\\\/\\\/www.anovapeneira.gal\\\/index.php\\\/2020\\\/05\\\/26\\\/rebelion-polo-clima-rebelion-pola-vida\\\/#primaryimage\"},\"image\":{\"@id\":\"https:\\\/\\\/www.anovapeneira.gal\\\/index.php\\\/2020\\\/05\\\/26\\\/rebelion-polo-clima-rebelion-pola-vida\\\/#primaryimage\"},\"thumbnailUrl\":\"https:\\\/\\\/www.anovapeneira.gal\\\/wp-content\\\/uploads\\\/2020\\\/05\\\/emerxencia_climatica_a_nova_peneira.jpg\",\"datePublished\":\"2020-05-26T10:00:31+00:00\",\"breadcrumb\":{\"@id\":\"https:\\\/\\\/www.anovapeneira.gal\\\/index.php\\\/2020\\\/05\\\/26\\\/rebelion-polo-clima-rebelion-pola-vida\\\/#breadcrumb\"},\"inLanguage\":\"gl-ES\",\"potentialAction\":[{\"@type\":\"ReadAction\",\"target\":[\"https:\\\/\\\/www.anovapeneira.gal\\\/index.php\\\/2020\\\/05\\\/26\\\/rebelion-polo-clima-rebelion-pola-vida\\\/\"]}]},{\"@type\":\"ImageObject\",\"inLanguage\":\"gl-ES\",\"@id\":\"https:\\\/\\\/www.anovapeneira.gal\\\/index.php\\\/2020\\\/05\\\/26\\\/rebelion-polo-clima-rebelion-pola-vida\\\/#primaryimage\",\"url\":\"https:\\\/\\\/www.anovapeneira.gal\\\/wp-content\\\/uploads\\\/2020\\\/05\\\/emerxencia_climatica_a_nova_peneira.jpg\",\"contentUrl\":\"https:\\\/\\\/www.anovapeneira.gal\\\/wp-content\\\/uploads\\\/2020\\\/05\\\/emerxencia_climatica_a_nova_peneira.jpg\",\"width\":720,\"height\":432,\"caption\":\"Emerxencia clim\u00e1tica A Nova Peneira\"},{\"@type\":\"BreadcrumbList\",\"@id\":\"https:\\\/\\\/www.anovapeneira.gal\\\/index.php\\\/2020\\\/05\\\/26\\\/rebelion-polo-clima-rebelion-pola-vida\\\/#breadcrumb\",\"itemListElement\":[{\"@type\":\"ListItem\",\"position\":1,\"name\":\"Portada\",\"item\":\"https:\\\/\\\/www.anovapeneira.gal\\\/\"},{\"@type\":\"ListItem\",\"position\":2,\"name\":\"Rebeli\u00f3n polo Clima, rebeli\u00f3n pola vida\"}]},{\"@type\":\"WebSite\",\"@id\":\"https:\\\/\\\/www.anovapeneira.gal\\\/#website\",\"url\":\"https:\\\/\\\/www.anovapeneira.gal\\\/\",\"name\":\"\",\"description\":\"Xornal galego de informaci\u00f3n xeral Publicaci\u00f3n mensual de novas de Galicia e en especial dos Concellos da sur da provincia de Pontevedra.\",\"publisher\":{\"@id\":\"https:\\\/\\\/www.anovapeneira.gal\\\/#organization\"},\"potentialAction\":[{\"@type\":\"SearchAction\",\"target\":{\"@type\":\"EntryPoint\",\"urlTemplate\":\"https:\\\/\\\/www.anovapeneira.gal\\\/?s={search_term_string}\"},\"query-input\":{\"@type\":\"PropertyValueSpecification\",\"valueRequired\":true,\"valueName\":\"search_term_string\"}}],\"inLanguage\":\"gl-ES\"},{\"@type\":\"Organization\",\"@id\":\"https:\\\/\\\/www.anovapeneira.gal\\\/#organization\",\"name\":\"A Nova Peneira\",\"url\":\"https:\\\/\\\/www.anovapeneira.gal\\\/\",\"logo\":{\"@type\":\"ImageObject\",\"inLanguage\":\"gl-ES\",\"@id\":\"https:\\\/\\\/www.anovapeneira.gal\\\/#\\\/schema\\\/logo\\\/image\\\/\",\"url\":\"http:\\\/\\\/www.anovapeneira.gal\\\/wp-content\\\/uploads\\\/2019\\\/06\\\/logo_a_nova_peneira_portal_web.png\",\"contentUrl\":\"http:\\\/\\\/www.anovapeneira.gal\\\/wp-content\\\/uploads\\\/2019\\\/06\\\/logo_a_nova_peneira_portal_web.png\",\"width\":300,\"height\":100,\"caption\":\"A Nova Peneira\"},\"image\":{\"@id\":\"https:\\\/\\\/www.anovapeneira.gal\\\/#\\\/schema\\\/logo\\\/image\\\/\"},\"sameAs\":[\"https:\\\/\\\/www.facebook.com\\\/anovapeneira\",\"https:\\\/\\\/x.com\\\/APeneira\"]},{\"@type\":\"Person\",\"@id\":\"https:\\\/\\\/www.anovapeneira.gal\\\/#\\\/schema\\\/person\\\/45b3df2338e4d898b7616809f9c5906c\",\"name\":\"Cristobal L\u00f3pez\",\"image\":{\"@type\":\"ImageObject\",\"inLanguage\":\"gl-ES\",\"@id\":\"https:\\\/\\\/secure.gravatar.com\\\/avatar\\\/b537cf06ef8166c9ef72b09f4d5f6446b1e22ea99505d94e40b8685710482f79?s=96&d=mm&r=g\",\"url\":\"https:\\\/\\\/secure.gravatar.com\\\/avatar\\\/b537cf06ef8166c9ef72b09f4d5f6446b1e22ea99505d94e40b8685710482f79?s=96&d=mm&r=g\",\"contentUrl\":\"https:\\\/\\\/secure.gravatar.com\\\/avatar\\\/b537cf06ef8166c9ef72b09f4d5f6446b1e22ea99505d94e40b8685710482f79?s=96&d=mm&r=g\",\"caption\":\"Cristobal L\u00f3pez\"},\"sameAs\":[\"http:\\\/\\\/anovapeneira.gal\"],\"url\":\"https:\\\/\\\/www.anovapeneira.gal\\\/index.php\\\/author\\\/opinioncristoballopez\\\/\"}]}<\/script>\n<!-- \/ Yoast SEO plugin. -->","yoast_head_json":{"title":"Rebeli\u00f3n polo Clima, rebeli\u00f3n pola vida -","robots":{"index":"index","follow":"follow","max-snippet":"max-snippet:-1","max-image-preview":"max-image-preview:large","max-video-preview":"max-video-preview:-1"},"canonical":"https:\/\/www.anovapeneira.gal\/index.php\/2020\/05\/26\/rebelion-polo-clima-rebelion-pola-vida\/","og_locale":"gl_ES","og_type":"article","og_title":"Rebeli\u00f3n polo Clima, rebeli\u00f3n pola vida -","og_description":"A crise sanitaria orixinada pola pandemia do Covid19 co seu crudo drama humano copou toda a atenci\u00f3n medi\u00e1tica relegando a un sombr\u00edo e perigoso segundo plano \u00e1 emerxencia clim\u00e1tica [...]","og_url":"https:\/\/www.anovapeneira.gal\/index.php\/2020\/05\/26\/rebelion-polo-clima-rebelion-pola-vida\/","article_publisher":"https:\/\/www.facebook.com\/anovapeneira","article_published_time":"2020-05-26T10:00:31+00:00","og_image":[{"width":720,"height":432,"url":"https:\/\/www.anovapeneira.gal\/wp-content\/uploads\/2020\/05\/emerxencia_climatica_a_nova_peneira.jpg","type":"image\/jpeg"}],"author":"Cristobal L\u00f3pez","twitter_card":"summary_large_image","twitter_creator":"@APeneira","twitter_site":"@APeneira","twitter_misc":{"Escrito por":"Cristobal L\u00f3pez","Tempo de lectura":"3 minutos"},"schema":{"@context":"https:\/\/schema.org","@graph":[{"@type":"Article","@id":"https:\/\/www.anovapeneira.gal\/index.php\/2020\/05\/26\/rebelion-polo-clima-rebelion-pola-vida\/#article","isPartOf":{"@id":"https:\/\/www.anovapeneira.gal\/index.php\/2020\/05\/26\/rebelion-polo-clima-rebelion-pola-vida\/"},"author":{"name":"Cristobal L\u00f3pez","@id":"https:\/\/www.anovapeneira.gal\/#\/schema\/person\/45b3df2338e4d898b7616809f9c5906c"},"headline":"Rebeli\u00f3n polo Clima, rebeli\u00f3n pola vida","datePublished":"2020-05-26T10:00:31+00:00","mainEntityOfPage":{"@id":"https:\/\/www.anovapeneira.gal\/index.php\/2020\/05\/26\/rebelion-polo-clima-rebelion-pola-vida\/"},"wordCount":630,"commentCount":0,"publisher":{"@id":"https:\/\/www.anovapeneira.gal\/#organization"},"image":{"@id":"https:\/\/www.anovapeneira.gal\/index.php\/2020\/05\/26\/rebelion-polo-clima-rebelion-pola-vida\/#primaryimage"},"thumbnailUrl":"https:\/\/www.anovapeneira.gal\/wp-content\/uploads\/2020\/05\/emerxencia_climatica_a_nova_peneira.jpg","articleSection":["Artigos de opini\u00f3n"],"inLanguage":"gl-ES","potentialAction":[{"@type":"CommentAction","name":"Comment","target":["https:\/\/www.anovapeneira.gal\/index.php\/2020\/05\/26\/rebelion-polo-clima-rebelion-pola-vida\/#respond"]}]},{"@type":"WebPage","@id":"https:\/\/www.anovapeneira.gal\/index.php\/2020\/05\/26\/rebelion-polo-clima-rebelion-pola-vida\/","url":"https:\/\/www.anovapeneira.gal\/index.php\/2020\/05\/26\/rebelion-polo-clima-rebelion-pola-vida\/","name":"Rebeli\u00f3n polo Clima, rebeli\u00f3n pola vida -","isPartOf":{"@id":"https:\/\/www.anovapeneira.gal\/#website"},"primaryImageOfPage":{"@id":"https:\/\/www.anovapeneira.gal\/index.php\/2020\/05\/26\/rebelion-polo-clima-rebelion-pola-vida\/#primaryimage"},"image":{"@id":"https:\/\/www.anovapeneira.gal\/index.php\/2020\/05\/26\/rebelion-polo-clima-rebelion-pola-vida\/#primaryimage"},"thumbnailUrl":"https:\/\/www.anovapeneira.gal\/wp-content\/uploads\/2020\/05\/emerxencia_climatica_a_nova_peneira.jpg","datePublished":"2020-05-26T10:00:31+00:00","breadcrumb":{"@id":"https:\/\/www.anovapeneira.gal\/index.php\/2020\/05\/26\/rebelion-polo-clima-rebelion-pola-vida\/#breadcrumb"},"inLanguage":"gl-ES","potentialAction":[{"@type":"ReadAction","target":["https:\/\/www.anovapeneira.gal\/index.php\/2020\/05\/26\/rebelion-polo-clima-rebelion-pola-vida\/"]}]},{"@type":"ImageObject","inLanguage":"gl-ES","@id":"https:\/\/www.anovapeneira.gal\/index.php\/2020\/05\/26\/rebelion-polo-clima-rebelion-pola-vida\/#primaryimage","url":"https:\/\/www.anovapeneira.gal\/wp-content\/uploads\/2020\/05\/emerxencia_climatica_a_nova_peneira.jpg","contentUrl":"https:\/\/www.anovapeneira.gal\/wp-content\/uploads\/2020\/05\/emerxencia_climatica_a_nova_peneira.jpg","width":720,"height":432,"caption":"Emerxencia clim\u00e1tica A Nova Peneira"},{"@type":"BreadcrumbList","@id":"https:\/\/www.anovapeneira.gal\/index.php\/2020\/05\/26\/rebelion-polo-clima-rebelion-pola-vida\/#breadcrumb","itemListElement":[{"@type":"ListItem","position":1,"name":"Portada","item":"https:\/\/www.anovapeneira.gal\/"},{"@type":"ListItem","position":2,"name":"Rebeli\u00f3n polo Clima, rebeli\u00f3n pola vida"}]},{"@type":"WebSite","@id":"https:\/\/www.anovapeneira.gal\/#website","url":"https:\/\/www.anovapeneira.gal\/","name":"","description":"Xornal galego de informaci\u00f3n xeral Publicaci\u00f3n mensual de novas de Galicia e en especial dos Concellos da sur da provincia de Pontevedra.","publisher":{"@id":"https:\/\/www.anovapeneira.gal\/#organization"},"potentialAction":[{"@type":"SearchAction","target":{"@type":"EntryPoint","urlTemplate":"https:\/\/www.anovapeneira.gal\/?s={search_term_string}"},"query-input":{"@type":"PropertyValueSpecification","valueRequired":true,"valueName":"search_term_string"}}],"inLanguage":"gl-ES"},{"@type":"Organization","@id":"https:\/\/www.anovapeneira.gal\/#organization","name":"A Nova Peneira","url":"https:\/\/www.anovapeneira.gal\/","logo":{"@type":"ImageObject","inLanguage":"gl-ES","@id":"https:\/\/www.anovapeneira.gal\/#\/schema\/logo\/image\/","url":"http:\/\/www.anovapeneira.gal\/wp-content\/uploads\/2019\/06\/logo_a_nova_peneira_portal_web.png","contentUrl":"http:\/\/www.anovapeneira.gal\/wp-content\/uploads\/2019\/06\/logo_a_nova_peneira_portal_web.png","width":300,"height":100,"caption":"A Nova Peneira"},"image":{"@id":"https:\/\/www.anovapeneira.gal\/#\/schema\/logo\/image\/"},"sameAs":["https:\/\/www.facebook.com\/anovapeneira","https:\/\/x.com\/APeneira"]},{"@type":"Person","@id":"https:\/\/www.anovapeneira.gal\/#\/schema\/person\/45b3df2338e4d898b7616809f9c5906c","name":"Cristobal L\u00f3pez","image":{"@type":"ImageObject","inLanguage":"gl-ES","@id":"https:\/\/secure.gravatar.com\/avatar\/b537cf06ef8166c9ef72b09f4d5f6446b1e22ea99505d94e40b8685710482f79?s=96&d=mm&r=g","url":"https:\/\/secure.gravatar.com\/avatar\/b537cf06ef8166c9ef72b09f4d5f6446b1e22ea99505d94e40b8685710482f79?s=96&d=mm&r=g","contentUrl":"https:\/\/secure.gravatar.com\/avatar\/b537cf06ef8166c9ef72b09f4d5f6446b1e22ea99505d94e40b8685710482f79?s=96&d=mm&r=g","caption":"Cristobal L\u00f3pez"},"sameAs":["http:\/\/anovapeneira.gal"],"url":"https:\/\/www.anovapeneira.gal\/index.php\/author\/opinioncristoballopez\/"}]}},"jetpack_featured_media_url":"https:\/\/www.anovapeneira.gal\/wp-content\/uploads\/2020\/05\/emerxencia_climatica_a_nova_peneira.jpg","_links":{"self":[{"href":"https:\/\/www.anovapeneira.gal\/index.php\/wp-json\/wp\/v2\/posts\/3185","targetHints":{"allow":["GET"]}}],"collection":[{"href":"https:\/\/www.anovapeneira.gal\/index.php\/wp-json\/wp\/v2\/posts"}],"about":[{"href":"https:\/\/www.anovapeneira.gal\/index.php\/wp-json\/wp\/v2\/types\/post"}],"author":[{"embeddable":true,"href":"https:\/\/www.anovapeneira.gal\/index.php\/wp-json\/wp\/v2\/users\/13"}],"replies":[{"embeddable":true,"href":"https:\/\/www.anovapeneira.gal\/index.php\/wp-json\/wp\/v2\/comments?post=3185"}],"version-history":[{"count":1,"href":"https:\/\/www.anovapeneira.gal\/index.php\/wp-json\/wp\/v2\/posts\/3185\/revisions"}],"predecessor-version":[{"id":3187,"href":"https:\/\/www.anovapeneira.gal\/index.php\/wp-json\/wp\/v2\/posts\/3185\/revisions\/3187"}],"wp:featuredmedia":[{"embeddable":true,"href":"https:\/\/www.anovapeneira.gal\/index.php\/wp-json\/wp\/v2\/media\/3186"}],"wp:attachment":[{"href":"https:\/\/www.anovapeneira.gal\/index.php\/wp-json\/wp\/v2\/media?parent=3185"}],"wp:term":[{"taxonomy":"category","embeddable":true,"href":"https:\/\/www.anovapeneira.gal\/index.php\/wp-json\/wp\/v2\/categories?post=3185"},{"taxonomy":"post_tag","embeddable":true,"href":"https:\/\/www.anovapeneira.gal\/index.php\/wp-json\/wp\/v2\/tags?post=3185"}],"curies":[{"name":"wp","href":"https:\/\/api.w.org\/{rel}","templated":true}]}}