{"id":3188,"date":"2020-05-27T10:00:31","date_gmt":"2020-05-27T08:00:31","guid":{"rendered":"http:\/\/www.anovapeneira.gal\/?p=3188"},"modified":"2020-05-26T09:41:11","modified_gmt":"2020-05-26T07:41:11","slug":"ponteareas-reclama-a-xunta-informacion-sobre-o-expediente-para-a-declaracion-bic-inmaterial-das-alfombras-de-flores-do-corpus","status":"publish","type":"post","link":"https:\/\/www.anovapeneira.gal\/index.php\/2020\/05\/27\/ponteareas-reclama-a-xunta-informacion-sobre-o-expediente-para-a-declaracion-bic-inmaterial-das-alfombras-de-flores-do-corpus\/","title":{"rendered":"Ponteareas reclama \u00e1 Xunta informaci\u00f3n sobre o expediente para a declaraci\u00f3n BIC Inmaterial das Alfombras de flores do Corpus"},"content":{"rendered":"\n<p><strong>Ponteareas, 23 de maio de 2020<\/strong><\/p>\n\n\n\n<p>\u201c<strong>Hai dous anos que a Conseller\u00eda de Cultura disp\u00f3n de toda a documentaci\u00f3n para a s\u00faa tramitaci\u00f3n\u201d&nbsp;<\/strong>Xos\u00e9 Represas, Alcalde de Ponteareas&nbsp;<\/p>\n\n\n\n<p>O Alcalde de Ponteareas, Xos\u00e9 Represas, reclama da Conseller\u00eda de Cultura da Xunta de Galicia, informaci\u00f3n sobre a situaci\u00f3n actual de tramitaci\u00f3n do expediente para a declaraci\u00f3n de Ben de Interese Cultural Inmaterial (BIC) as alfombras de flores do Corpus de Ponteareas. \u201cXa fai dous anos que entregamos toda a documentaci\u00f3n necesaria para que se abrise o expediente pero desco\u00f1ecemos cal \u00e9 situaci\u00f3n de tramitaci\u00f3n actual, as\u00ed como a valoraci\u00f3n da Xunta\u201d, afirmou o alcalde.<\/p>\n\n\n\n<p>O goberno de Ponteareas comezou a traballar na solicitude en 2017 e ao ano seguinte, presentou toda a documentaci\u00f3n requerida \u00e1 Directora Xeral de Patrimonio para a declaraci\u00f3n BIC das alfombras florais do Corpus de Ponteareas, \u201cNeste momento, no que non podemos confeccionar as alfombras de flores nin celebrar o Corpus polo coronavirus, a declaraci\u00f3n BIC supor\u00eda un gran reco\u00f1ecemento e respaldo para todas as veci\u00f1as e veci\u00f1os portadores desta tradici\u00f3n dende hai case dous s\u00e9culos\u201d manifestou Represas.<\/p>\n\n\n\n<p>Pola s\u00faa longa tradici\u00f3n, polo facer artesanal, por ser unha arte sustentable, por tela capacidade de congregar, ano tras ano, a milleiros de visitantes pero, sobre todo, pola uni\u00f3n das s\u00faas xentes e a constancia no seu traballo, a arte alfombrista re\u00fane practicamente t\u00f3dolos requisitos para ser declarada BIC Inmaterial, segundo recolle o artigo 9.3 da\u00a0Lei de Patrimonio Cultural de Galicia<\/p>\n\n\n\n<p>Os bens de interese cultural son aqueles bens mobles, inmobles e inmateriais m\u00e1is sobranceiros do patrimonio cultural de Galicia, declarados por decreto do Consello da Xunta de Galicia. Tras a s\u00faa declaraci\u00f3n ou reco\u00f1ecemento, inscr\u00edbense no Rexistro de Bens de Interese Cultural de Galicia, onde se recollen, entre outros, os datos relativos \u00e1 s\u00faa identificaci\u00f3n e localizaci\u00f3n, as\u00ed como outros de interese para a s\u00faa protecci\u00f3n.<\/p>\n","protected":false},"excerpt":{"rendered":"<div class=\"mh-excerpt\"><p>&#8220;Hai dous anos que a Conseller\u00eda de Cultura disp\u00f3n de toda a documentaci\u00f3n para a s\u00faa tramitaci\u00f3n\u201d Xos\u00e9 Represas, Alcalde de Ponteareas  <a class=\"mh-excerpt-more\" href=\"https:\/\/www.anovapeneira.gal\/index.php\/2020\/05\/27\/ponteareas-reclama-a-xunta-informacion-sobre-o-expediente-para-a-declaracion-bic-inmaterial-das-alfombras-de-flores-do-corpus\/\" title=\"Ponteareas reclama \u00e1 Xunta informaci\u00f3n sobre o expediente para a declaraci\u00f3n BIC Inmaterial das Alfombras de flores do Corpus\">[&#8230;]<\/a><\/p>\n<\/div>","protected":false},"author":3,"featured_media":572,"comment_status":"open","ping_status":"open","sticky":false,"template":"","format":"standard","meta":{"_exactmetrics_skip_tracking":false,"_exactmetrics_sitenote_active":false,"_exactmetrics_sitenote_note":"","_exactmetrics_sitenote_category":0,"footnotes":""},"categories":[25],"tags":[1051,208],"class_list":{"0":"post-3188","1":"post","2":"type-post","3":"status-publish","4":"format-standard","5":"has-post-thumbnail","7":"category-condado","8":"tag-alfombras-florais","9":"tag-concello-de-ponteareas"},"yoast_head":"<!-- This site is optimized with the Yoast SEO plugin v27.4 - https:\/\/yoast.com\/product\/yoast-seo-wordpress\/ -->\n<title>Ponteareas reclama \u00e1 Xunta informaci\u00f3n sobre o expediente para a declaraci\u00f3n BIC Inmaterial das Alfombras de flores do Corpus -<\/title>\n<meta name=\"robots\" content=\"index, follow, max-snippet:-1, max-image-preview:large, max-video-preview:-1\" \/>\n<link rel=\"canonical\" href=\"https:\/\/www.anovapeneira.gal\/index.php\/2020\/05\/27\/ponteareas-reclama-a-xunta-informacion-sobre-o-expediente-para-a-declaracion-bic-inmaterial-das-alfombras-de-flores-do-corpus\/\" \/>\n<meta property=\"og:locale\" content=\"gl_ES\" \/>\n<meta property=\"og:type\" content=\"article\" \/>\n<meta property=\"og:title\" content=\"Ponteareas reclama \u00e1 Xunta informaci\u00f3n sobre o expediente para a declaraci\u00f3n BIC Inmaterial das Alfombras de flores do Corpus -\" \/>\n<meta property=\"og:description\" content=\"&quot;Hai dous anos que a Conseller\u00eda de Cultura disp\u00f3n de toda a documentaci\u00f3n para a s\u00faa tramitaci\u00f3n\u201d Xos\u00e9 Represas, Alcalde de Ponteareas [...]\" \/>\n<meta property=\"og:url\" content=\"https:\/\/www.anovapeneira.gal\/index.php\/2020\/05\/27\/ponteareas-reclama-a-xunta-informacion-sobre-o-expediente-para-a-declaracion-bic-inmaterial-das-alfombras-de-flores-do-corpus\/\" \/>\n<meta property=\"article:publisher\" content=\"https:\/\/www.facebook.com\/anovapeneira\" \/>\n<meta property=\"article:published_time\" content=\"2020-05-27T08:00:31+00:00\" \/>\n<meta property=\"og:image\" content=\"https:\/\/www.anovapeneira.gal\/wp-content\/uploads\/2019\/07\/logo_Ponteareas_branco.jpg\" \/>\n\t<meta property=\"og:image:width\" content=\"720\" \/>\n\t<meta property=\"og:image:height\" content=\"473\" \/>\n\t<meta property=\"og:image:type\" content=\"image\/jpeg\" \/>\n<meta name=\"author\" content=\"Redacci\u00f3n A Nova Peneira\" \/>\n<meta name=\"twitter:card\" content=\"summary_large_image\" \/>\n<meta name=\"twitter:creator\" content=\"@APeneira\" \/>\n<meta name=\"twitter:site\" content=\"@APeneira\" \/>\n<meta name=\"twitter:label1\" content=\"Escrito por\" \/>\n\t<meta name=\"twitter:data1\" content=\"Redacci\u00f3n A Nova Peneira\" \/>\n\t<meta name=\"twitter:label2\" content=\"Tempo de lectura\" \/>\n\t<meta name=\"twitter:data2\" content=\"2 minutos\" \/>\n<script type=\"application\/ld+json\" class=\"yoast-schema-graph\">{\"@context\":\"https:\\\/\\\/schema.org\",\"@graph\":[{\"@type\":\"Article\",\"@id\":\"https:\\\/\\\/www.anovapeneira.gal\\\/index.php\\\/2020\\\/05\\\/27\\\/ponteareas-reclama-a-xunta-informacion-sobre-o-expediente-para-a-declaracion-bic-inmaterial-das-alfombras-de-flores-do-corpus\\\/#article\",\"isPartOf\":{\"@id\":\"https:\\\/\\\/www.anovapeneira.gal\\\/index.php\\\/2020\\\/05\\\/27\\\/ponteareas-reclama-a-xunta-informacion-sobre-o-expediente-para-a-declaracion-bic-inmaterial-das-alfombras-de-flores-do-corpus\\\/\"},\"author\":{\"name\":\"Redacci\u00f3n A Nova Peneira\",\"@id\":\"https:\\\/\\\/www.anovapeneira.gal\\\/#\\\/schema\\\/person\\\/b93e3f8932e3f8da96334607eb6ac6aa\"},\"headline\":\"Ponteareas reclama \u00e1 Xunta informaci\u00f3n sobre o expediente para a declaraci\u00f3n BIC Inmaterial das Alfombras de flores do Corpus\",\"datePublished\":\"2020-05-27T08:00:31+00:00\",\"mainEntityOfPage\":{\"@id\":\"https:\\\/\\\/www.anovapeneira.gal\\\/index.php\\\/2020\\\/05\\\/27\\\/ponteareas-reclama-a-xunta-informacion-sobre-o-expediente-para-a-declaracion-bic-inmaterial-das-alfombras-de-flores-do-corpus\\\/\"},\"wordCount\":364,\"commentCount\":0,\"publisher\":{\"@id\":\"https:\\\/\\\/www.anovapeneira.gal\\\/#organization\"},\"image\":{\"@id\":\"https:\\\/\\\/www.anovapeneira.gal\\\/index.php\\\/2020\\\/05\\\/27\\\/ponteareas-reclama-a-xunta-informacion-sobre-o-expediente-para-a-declaracion-bic-inmaterial-das-alfombras-de-flores-do-corpus\\\/#primaryimage\"},\"thumbnailUrl\":\"https:\\\/\\\/www.anovapeneira.gal\\\/wp-content\\\/uploads\\\/2019\\\/07\\\/logo_Ponteareas_branco.jpg\",\"keywords\":[\"Alfombras florais\",\"Concello de Ponteareas\"],\"articleSection\":[\"Condado\"],\"inLanguage\":\"gl-ES\",\"potentialAction\":[{\"@type\":\"CommentAction\",\"name\":\"Comment\",\"target\":[\"https:\\\/\\\/www.anovapeneira.gal\\\/index.php\\\/2020\\\/05\\\/27\\\/ponteareas-reclama-a-xunta-informacion-sobre-o-expediente-para-a-declaracion-bic-inmaterial-das-alfombras-de-flores-do-corpus\\\/#respond\"]}]},{\"@type\":\"WebPage\",\"@id\":\"https:\\\/\\\/www.anovapeneira.gal\\\/index.php\\\/2020\\\/05\\\/27\\\/ponteareas-reclama-a-xunta-informacion-sobre-o-expediente-para-a-declaracion-bic-inmaterial-das-alfombras-de-flores-do-corpus\\\/\",\"url\":\"https:\\\/\\\/www.anovapeneira.gal\\\/index.php\\\/2020\\\/05\\\/27\\\/ponteareas-reclama-a-xunta-informacion-sobre-o-expediente-para-a-declaracion-bic-inmaterial-das-alfombras-de-flores-do-corpus\\\/\",\"name\":\"Ponteareas reclama \u00e1 Xunta informaci\u00f3n sobre o expediente para a declaraci\u00f3n BIC Inmaterial das Alfombras de flores do Corpus -\",\"isPartOf\":{\"@id\":\"https:\\\/\\\/www.anovapeneira.gal\\\/#website\"},\"primaryImageOfPage\":{\"@id\":\"https:\\\/\\\/www.anovapeneira.gal\\\/index.php\\\/2020\\\/05\\\/27\\\/ponteareas-reclama-a-xunta-informacion-sobre-o-expediente-para-a-declaracion-bic-inmaterial-das-alfombras-de-flores-do-corpus\\\/#primaryimage\"},\"image\":{\"@id\":\"https:\\\/\\\/www.anovapeneira.gal\\\/index.php\\\/2020\\\/05\\\/27\\\/ponteareas-reclama-a-xunta-informacion-sobre-o-expediente-para-a-declaracion-bic-inmaterial-das-alfombras-de-flores-do-corpus\\\/#primaryimage\"},\"thumbnailUrl\":\"https:\\\/\\\/www.anovapeneira.gal\\\/wp-content\\\/uploads\\\/2019\\\/07\\\/logo_Ponteareas_branco.jpg\",\"datePublished\":\"2020-05-27T08:00:31+00:00\",\"breadcrumb\":{\"@id\":\"https:\\\/\\\/www.anovapeneira.gal\\\/index.php\\\/2020\\\/05\\\/27\\\/ponteareas-reclama-a-xunta-informacion-sobre-o-expediente-para-a-declaracion-bic-inmaterial-das-alfombras-de-flores-do-corpus\\\/#breadcrumb\"},\"inLanguage\":\"gl-ES\",\"potentialAction\":[{\"@type\":\"ReadAction\",\"target\":[\"https:\\\/\\\/www.anovapeneira.gal\\\/index.php\\\/2020\\\/05\\\/27\\\/ponteareas-reclama-a-xunta-informacion-sobre-o-expediente-para-a-declaracion-bic-inmaterial-das-alfombras-de-flores-do-corpus\\\/\"]}]},{\"@type\":\"ImageObject\",\"inLanguage\":\"gl-ES\",\"@id\":\"https:\\\/\\\/www.anovapeneira.gal\\\/index.php\\\/2020\\\/05\\\/27\\\/ponteareas-reclama-a-xunta-informacion-sobre-o-expediente-para-a-declaracion-bic-inmaterial-das-alfombras-de-flores-do-corpus\\\/#primaryimage\",\"url\":\"https:\\\/\\\/www.anovapeneira.gal\\\/wp-content\\\/uploads\\\/2019\\\/07\\\/logo_Ponteareas_branco.jpg\",\"contentUrl\":\"https:\\\/\\\/www.anovapeneira.gal\\\/wp-content\\\/uploads\\\/2019\\\/07\\\/logo_Ponteareas_branco.jpg\",\"width\":720,\"height\":473,\"caption\":\"Concello de Ponteareas A Nova Peneira\"},{\"@type\":\"BreadcrumbList\",\"@id\":\"https:\\\/\\\/www.anovapeneira.gal\\\/index.php\\\/2020\\\/05\\\/27\\\/ponteareas-reclama-a-xunta-informacion-sobre-o-expediente-para-a-declaracion-bic-inmaterial-das-alfombras-de-flores-do-corpus\\\/#breadcrumb\",\"itemListElement\":[{\"@type\":\"ListItem\",\"position\":1,\"name\":\"Portada\",\"item\":\"https:\\\/\\\/www.anovapeneira.gal\\\/\"},{\"@type\":\"ListItem\",\"position\":2,\"name\":\"Ponteareas reclama \u00e1 Xunta informaci\u00f3n sobre o expediente para a declaraci\u00f3n BIC Inmaterial das Alfombras de flores do Corpus\"}]},{\"@type\":\"WebSite\",\"@id\":\"https:\\\/\\\/www.anovapeneira.gal\\\/#website\",\"url\":\"https:\\\/\\\/www.anovapeneira.gal\\\/\",\"name\":\"\",\"description\":\"Xornal galego de informaci\u00f3n xeral Publicaci\u00f3n mensual de novas de Galicia e en especial dos Concellos da sur da provincia de Pontevedra.\",\"publisher\":{\"@id\":\"https:\\\/\\\/www.anovapeneira.gal\\\/#organization\"},\"potentialAction\":[{\"@type\":\"SearchAction\",\"target\":{\"@type\":\"EntryPoint\",\"urlTemplate\":\"https:\\\/\\\/www.anovapeneira.gal\\\/?s={search_term_string}\"},\"query-input\":{\"@type\":\"PropertyValueSpecification\",\"valueRequired\":true,\"valueName\":\"search_term_string\"}}],\"inLanguage\":\"gl-ES\"},{\"@type\":\"Organization\",\"@id\":\"https:\\\/\\\/www.anovapeneira.gal\\\/#organization\",\"name\":\"A Nova Peneira\",\"url\":\"https:\\\/\\\/www.anovapeneira.gal\\\/\",\"logo\":{\"@type\":\"ImageObject\",\"inLanguage\":\"gl-ES\",\"@id\":\"https:\\\/\\\/www.anovapeneira.gal\\\/#\\\/schema\\\/logo\\\/image\\\/\",\"url\":\"http:\\\/\\\/www.anovapeneira.gal\\\/wp-content\\\/uploads\\\/2019\\\/06\\\/logo_a_nova_peneira_portal_web.png\",\"contentUrl\":\"http:\\\/\\\/www.anovapeneira.gal\\\/wp-content\\\/uploads\\\/2019\\\/06\\\/logo_a_nova_peneira_portal_web.png\",\"width\":300,\"height\":100,\"caption\":\"A Nova Peneira\"},\"image\":{\"@id\":\"https:\\\/\\\/www.anovapeneira.gal\\\/#\\\/schema\\\/logo\\\/image\\\/\"},\"sameAs\":[\"https:\\\/\\\/www.facebook.com\\\/anovapeneira\",\"https:\\\/\\\/x.com\\\/APeneira\"]},{\"@type\":\"Person\",\"@id\":\"https:\\\/\\\/www.anovapeneira.gal\\\/#\\\/schema\\\/person\\\/b93e3f8932e3f8da96334607eb6ac6aa\",\"name\":\"Redacci\u00f3n A Nova Peneira\",\"image\":{\"@type\":\"ImageObject\",\"inLanguage\":\"gl-ES\",\"@id\":\"https:\\\/\\\/secure.gravatar.com\\\/avatar\\\/c052a2551a06e23fac63626232eaa90abd78dbcf1700fc46a2b2c89fd27b735f?s=96&d=mm&r=g\",\"url\":\"https:\\\/\\\/secure.gravatar.com\\\/avatar\\\/c052a2551a06e23fac63626232eaa90abd78dbcf1700fc46a2b2c89fd27b735f?s=96&d=mm&r=g\",\"contentUrl\":\"https:\\\/\\\/secure.gravatar.com\\\/avatar\\\/c052a2551a06e23fac63626232eaa90abd78dbcf1700fc46a2b2c89fd27b735f?s=96&d=mm&r=g\",\"caption\":\"Redacci\u00f3n A Nova Peneira\"},\"sameAs\":[\"http:\\\/\\\/www.anovapeneira.gal\\\/\"],\"url\":\"https:\\\/\\\/www.anovapeneira.gal\\\/index.php\\\/author\\\/redactor\\\/\"}]}<\/script>\n<!-- \/ Yoast SEO plugin. -->","yoast_head_json":{"title":"Ponteareas reclama \u00e1 Xunta informaci\u00f3n sobre o expediente para a declaraci\u00f3n BIC Inmaterial das Alfombras de flores do Corpus -","robots":{"index":"index","follow":"follow","max-snippet":"max-snippet:-1","max-image-preview":"max-image-preview:large","max-video-preview":"max-video-preview:-1"},"canonical":"https:\/\/www.anovapeneira.gal\/index.php\/2020\/05\/27\/ponteareas-reclama-a-xunta-informacion-sobre-o-expediente-para-a-declaracion-bic-inmaterial-das-alfombras-de-flores-do-corpus\/","og_locale":"gl_ES","og_type":"article","og_title":"Ponteareas reclama \u00e1 Xunta informaci\u00f3n sobre o expediente para a declaraci\u00f3n BIC Inmaterial das Alfombras de flores do Corpus -","og_description":"\"Hai dous anos que a Conseller\u00eda de Cultura disp\u00f3n de toda a documentaci\u00f3n para a s\u00faa tramitaci\u00f3n\u201d Xos\u00e9 Represas, Alcalde de Ponteareas [...]","og_url":"https:\/\/www.anovapeneira.gal\/index.php\/2020\/05\/27\/ponteareas-reclama-a-xunta-informacion-sobre-o-expediente-para-a-declaracion-bic-inmaterial-das-alfombras-de-flores-do-corpus\/","article_publisher":"https:\/\/www.facebook.com\/anovapeneira","article_published_time":"2020-05-27T08:00:31+00:00","og_image":[{"width":720,"height":473,"url":"https:\/\/www.anovapeneira.gal\/wp-content\/uploads\/2019\/07\/logo_Ponteareas_branco.jpg","type":"image\/jpeg"}],"author":"Redacci\u00f3n A Nova Peneira","twitter_card":"summary_large_image","twitter_creator":"@APeneira","twitter_site":"@APeneira","twitter_misc":{"Escrito por":"Redacci\u00f3n A Nova Peneira","Tempo de lectura":"2 minutos"},"schema":{"@context":"https:\/\/schema.org","@graph":[{"@type":"Article","@id":"https:\/\/www.anovapeneira.gal\/index.php\/2020\/05\/27\/ponteareas-reclama-a-xunta-informacion-sobre-o-expediente-para-a-declaracion-bic-inmaterial-das-alfombras-de-flores-do-corpus\/#article","isPartOf":{"@id":"https:\/\/www.anovapeneira.gal\/index.php\/2020\/05\/27\/ponteareas-reclama-a-xunta-informacion-sobre-o-expediente-para-a-declaracion-bic-inmaterial-das-alfombras-de-flores-do-corpus\/"},"author":{"name":"Redacci\u00f3n A Nova Peneira","@id":"https:\/\/www.anovapeneira.gal\/#\/schema\/person\/b93e3f8932e3f8da96334607eb6ac6aa"},"headline":"Ponteareas reclama \u00e1 Xunta informaci\u00f3n sobre o expediente para a declaraci\u00f3n BIC Inmaterial das Alfombras de flores do Corpus","datePublished":"2020-05-27T08:00:31+00:00","mainEntityOfPage":{"@id":"https:\/\/www.anovapeneira.gal\/index.php\/2020\/05\/27\/ponteareas-reclama-a-xunta-informacion-sobre-o-expediente-para-a-declaracion-bic-inmaterial-das-alfombras-de-flores-do-corpus\/"},"wordCount":364,"commentCount":0,"publisher":{"@id":"https:\/\/www.anovapeneira.gal\/#organization"},"image":{"@id":"https:\/\/www.anovapeneira.gal\/index.php\/2020\/05\/27\/ponteareas-reclama-a-xunta-informacion-sobre-o-expediente-para-a-declaracion-bic-inmaterial-das-alfombras-de-flores-do-corpus\/#primaryimage"},"thumbnailUrl":"https:\/\/www.anovapeneira.gal\/wp-content\/uploads\/2019\/07\/logo_Ponteareas_branco.jpg","keywords":["Alfombras florais","Concello de Ponteareas"],"articleSection":["Condado"],"inLanguage":"gl-ES","potentialAction":[{"@type":"CommentAction","name":"Comment","target":["https:\/\/www.anovapeneira.gal\/index.php\/2020\/05\/27\/ponteareas-reclama-a-xunta-informacion-sobre-o-expediente-para-a-declaracion-bic-inmaterial-das-alfombras-de-flores-do-corpus\/#respond"]}]},{"@type":"WebPage","@id":"https:\/\/www.anovapeneira.gal\/index.php\/2020\/05\/27\/ponteareas-reclama-a-xunta-informacion-sobre-o-expediente-para-a-declaracion-bic-inmaterial-das-alfombras-de-flores-do-corpus\/","url":"https:\/\/www.anovapeneira.gal\/index.php\/2020\/05\/27\/ponteareas-reclama-a-xunta-informacion-sobre-o-expediente-para-a-declaracion-bic-inmaterial-das-alfombras-de-flores-do-corpus\/","name":"Ponteareas reclama \u00e1 Xunta informaci\u00f3n sobre o expediente para a declaraci\u00f3n BIC Inmaterial das Alfombras de flores do Corpus -","isPartOf":{"@id":"https:\/\/www.anovapeneira.gal\/#website"},"primaryImageOfPage":{"@id":"https:\/\/www.anovapeneira.gal\/index.php\/2020\/05\/27\/ponteareas-reclama-a-xunta-informacion-sobre-o-expediente-para-a-declaracion-bic-inmaterial-das-alfombras-de-flores-do-corpus\/#primaryimage"},"image":{"@id":"https:\/\/www.anovapeneira.gal\/index.php\/2020\/05\/27\/ponteareas-reclama-a-xunta-informacion-sobre-o-expediente-para-a-declaracion-bic-inmaterial-das-alfombras-de-flores-do-corpus\/#primaryimage"},"thumbnailUrl":"https:\/\/www.anovapeneira.gal\/wp-content\/uploads\/2019\/07\/logo_Ponteareas_branco.jpg","datePublished":"2020-05-27T08:00:31+00:00","breadcrumb":{"@id":"https:\/\/www.anovapeneira.gal\/index.php\/2020\/05\/27\/ponteareas-reclama-a-xunta-informacion-sobre-o-expediente-para-a-declaracion-bic-inmaterial-das-alfombras-de-flores-do-corpus\/#breadcrumb"},"inLanguage":"gl-ES","potentialAction":[{"@type":"ReadAction","target":["https:\/\/www.anovapeneira.gal\/index.php\/2020\/05\/27\/ponteareas-reclama-a-xunta-informacion-sobre-o-expediente-para-a-declaracion-bic-inmaterial-das-alfombras-de-flores-do-corpus\/"]}]},{"@type":"ImageObject","inLanguage":"gl-ES","@id":"https:\/\/www.anovapeneira.gal\/index.php\/2020\/05\/27\/ponteareas-reclama-a-xunta-informacion-sobre-o-expediente-para-a-declaracion-bic-inmaterial-das-alfombras-de-flores-do-corpus\/#primaryimage","url":"https:\/\/www.anovapeneira.gal\/wp-content\/uploads\/2019\/07\/logo_Ponteareas_branco.jpg","contentUrl":"https:\/\/www.anovapeneira.gal\/wp-content\/uploads\/2019\/07\/logo_Ponteareas_branco.jpg","width":720,"height":473,"caption":"Concello de Ponteareas A Nova Peneira"},{"@type":"BreadcrumbList","@id":"https:\/\/www.anovapeneira.gal\/index.php\/2020\/05\/27\/ponteareas-reclama-a-xunta-informacion-sobre-o-expediente-para-a-declaracion-bic-inmaterial-das-alfombras-de-flores-do-corpus\/#breadcrumb","itemListElement":[{"@type":"ListItem","position":1,"name":"Portada","item":"https:\/\/www.anovapeneira.gal\/"},{"@type":"ListItem","position":2,"name":"Ponteareas reclama \u00e1 Xunta informaci\u00f3n sobre o expediente para a declaraci\u00f3n BIC Inmaterial das Alfombras de flores do Corpus"}]},{"@type":"WebSite","@id":"https:\/\/www.anovapeneira.gal\/#website","url":"https:\/\/www.anovapeneira.gal\/","name":"","description":"Xornal galego de informaci\u00f3n xeral Publicaci\u00f3n mensual de novas de Galicia e en especial dos Concellos da sur da provincia de Pontevedra.","publisher":{"@id":"https:\/\/www.anovapeneira.gal\/#organization"},"potentialAction":[{"@type":"SearchAction","target":{"@type":"EntryPoint","urlTemplate":"https:\/\/www.anovapeneira.gal\/?s={search_term_string}"},"query-input":{"@type":"PropertyValueSpecification","valueRequired":true,"valueName":"search_term_string"}}],"inLanguage":"gl-ES"},{"@type":"Organization","@id":"https:\/\/www.anovapeneira.gal\/#organization","name":"A Nova Peneira","url":"https:\/\/www.anovapeneira.gal\/","logo":{"@type":"ImageObject","inLanguage":"gl-ES","@id":"https:\/\/www.anovapeneira.gal\/#\/schema\/logo\/image\/","url":"http:\/\/www.anovapeneira.gal\/wp-content\/uploads\/2019\/06\/logo_a_nova_peneira_portal_web.png","contentUrl":"http:\/\/www.anovapeneira.gal\/wp-content\/uploads\/2019\/06\/logo_a_nova_peneira_portal_web.png","width":300,"height":100,"caption":"A Nova Peneira"},"image":{"@id":"https:\/\/www.anovapeneira.gal\/#\/schema\/logo\/image\/"},"sameAs":["https:\/\/www.facebook.com\/anovapeneira","https:\/\/x.com\/APeneira"]},{"@type":"Person","@id":"https:\/\/www.anovapeneira.gal\/#\/schema\/person\/b93e3f8932e3f8da96334607eb6ac6aa","name":"Redacci\u00f3n A Nova Peneira","image":{"@type":"ImageObject","inLanguage":"gl-ES","@id":"https:\/\/secure.gravatar.com\/avatar\/c052a2551a06e23fac63626232eaa90abd78dbcf1700fc46a2b2c89fd27b735f?s=96&d=mm&r=g","url":"https:\/\/secure.gravatar.com\/avatar\/c052a2551a06e23fac63626232eaa90abd78dbcf1700fc46a2b2c89fd27b735f?s=96&d=mm&r=g","contentUrl":"https:\/\/secure.gravatar.com\/avatar\/c052a2551a06e23fac63626232eaa90abd78dbcf1700fc46a2b2c89fd27b735f?s=96&d=mm&r=g","caption":"Redacci\u00f3n A Nova Peneira"},"sameAs":["http:\/\/www.anovapeneira.gal\/"],"url":"https:\/\/www.anovapeneira.gal\/index.php\/author\/redactor\/"}]}},"jetpack_featured_media_url":"https:\/\/www.anovapeneira.gal\/wp-content\/uploads\/2019\/07\/logo_Ponteareas_branco.jpg","_links":{"self":[{"href":"https:\/\/www.anovapeneira.gal\/index.php\/wp-json\/wp\/v2\/posts\/3188","targetHints":{"allow":["GET"]}}],"collection":[{"href":"https:\/\/www.anovapeneira.gal\/index.php\/wp-json\/wp\/v2\/posts"}],"about":[{"href":"https:\/\/www.anovapeneira.gal\/index.php\/wp-json\/wp\/v2\/types\/post"}],"author":[{"embeddable":true,"href":"https:\/\/www.anovapeneira.gal\/index.php\/wp-json\/wp\/v2\/users\/3"}],"replies":[{"embeddable":true,"href":"https:\/\/www.anovapeneira.gal\/index.php\/wp-json\/wp\/v2\/comments?post=3188"}],"version-history":[{"count":1,"href":"https:\/\/www.anovapeneira.gal\/index.php\/wp-json\/wp\/v2\/posts\/3188\/revisions"}],"predecessor-version":[{"id":3189,"href":"https:\/\/www.anovapeneira.gal\/index.php\/wp-json\/wp\/v2\/posts\/3188\/revisions\/3189"}],"wp:featuredmedia":[{"embeddable":true,"href":"https:\/\/www.anovapeneira.gal\/index.php\/wp-json\/wp\/v2\/media\/572"}],"wp:attachment":[{"href":"https:\/\/www.anovapeneira.gal\/index.php\/wp-json\/wp\/v2\/media?parent=3188"}],"wp:term":[{"taxonomy":"category","embeddable":true,"href":"https:\/\/www.anovapeneira.gal\/index.php\/wp-json\/wp\/v2\/categories?post=3188"},{"taxonomy":"post_tag","embeddable":true,"href":"https:\/\/www.anovapeneira.gal\/index.php\/wp-json\/wp\/v2\/tags?post=3188"}],"curies":[{"name":"wp","href":"https:\/\/api.w.org\/{rel}","templated":true}]}}