{"id":3193,"date":"2020-05-28T10:00:06","date_gmt":"2020-05-28T08:00:06","guid":{"rendered":"http:\/\/www.anovapeneira.gal\/?p=3193"},"modified":"2020-05-26T09:57:28","modified_gmt":"2020-05-26T07:57:28","slug":"eleccions-galegas-o-12-de-xullo","status":"publish","type":"post","link":"https:\/\/www.anovapeneira.gal\/index.php\/2020\/05\/28\/eleccions-galegas-o-12-de-xullo\/","title":{"rendered":"Elecci\u00f3ns galegas o 12 de xullo"},"content":{"rendered":"\n<figure class=\"wp-block-image size-large is-resized\"><img loading=\"lazy\" decoding=\"async\" src=\"http:\/\/www.anovapeneira.gal\/wp-content\/uploads\/2019\/05\/tino_lago_director_a_nova_peneira.jpg\" alt=\"Tino Lago director a Nova Peneira\" class=\"wp-image-189\" width=\"95\" height=\"111\"\/><figcaption>Tino Lago director a Nova Peneira<\/figcaption><\/figure>\n\n\n\n<h2 class=\"wp-block-heading\"><strong>A NOVA PENEIRA POLO CAMBIO<\/strong><\/h2>\n\n\n\n<p>O pr\u00f3ximo 12 de Xullo haber\u00e1 elecci\u00f3ns ao parlamento de Galicia. As mulleres e homes deste pa\u00eds teremos novamente a responsabilidade de decidir que tipo de goberno queremos na Xunta. E todo parece indicar que s\u00f3 hai d\u00faas alternativas realistas, desde un punto de vista aritm\u00e9tico, para poder conformar goberno: Ou ben que a dereita mante\u00f1a a s\u00faa maior\u00eda absoluta, ou ben que a suma das tres forzas de esquerda que van obter representaci\u00f3n parlamentar PSdG, BNG e GC chegue ao n\u00famero de votos necesarios para que se poida conformar unha maior\u00eda alternativa. N\u00f3s falamos cos tres candidatos \u00e1 presidencia da Xunta que aspiran a poder conformar un cambio pol\u00edtico en Galicia e de seguido ofrec\u00e9moslles as s\u00faas impresi\u00f3ns ao respecto deste proceso electoral. Por\u00e9n, tam\u00e9n queremos expresar a nosa. Vela\u00ed vai:<\/p>\n\n\n\n<p>-Convocar elecci\u00f3ns en pleno estado de alarma, cando a crise sanitaria a\u00ednda non se superou e cando decenas de persoas morren no estado cada d\u00eda, e centos de seres humanos seguen a contaxiarse \u00e9 unha irresponsabilidade que di moito, e todo malo, de quen as convoca. E si, di moito e malo do PPdG, e tam\u00e9n di moito e malo do PNV.<\/p>\n\n\n\n<p>-A diferencia entre ter escr\u00fapulos e non telos est\u00e1, neste caso, en que cando chegou a pandemia, quen os ten, baixou o pist\u00f3n e se centrou no verdadeiramente importante, e quen non os ten, nunca deixou de facer campa\u00f1a electoral, utilizando de maneira sistem\u00e1tica a televisi\u00f3n p\u00fablica e os medios af\u00edns. O PPdG acode a est\u00e1s elecci\u00f3ns nunha situaci\u00f3n de clara vantaxe , con relaci\u00f3n \u00e1 oposici\u00f3n.<\/p>\n\n\n\n<p>-Todas e todos que se sintan conformes cun modelo de sociedade que defenda os recortes nos servizos p\u00fablicos esenciais, as privatizaci\u00f3ns, a lexitimidade de facer negocio cos elementos imprescindibles para a vida( a sanidade, a educaci\u00f3n o coidado das persoas maiores, a enerx\u00eda a auga&#8230;) te\u00f1en unha opci\u00f3n clar\u00edsima na que confiar o PPdG, ou os seus hom\u00f3logos verdes e laranxas.<\/p>\n\n\n\n<p>-Todos e todas os que se sintan conformes cun modelo de sociedade que sempre se opuxo, sempre sen excepci\u00f3n, aos avances sociais( ao divorcio, \u00e1 interrupci\u00f3n do embarazo, ao matrimonio homosexual, aos dereitos das persoas LGTBI, ao combate contra a violencia de x\u00e9nero&#8230;)te\u00f1en unha opci\u00f3n clar\u00edsima na que confiar o PPdG ou os seus hom\u00f3logos verdes e laranxas.<\/p>\n\n\n\n<p>-Todas e todos os que consideren que se pode arrasar a natureza para constru\u00edr centros comerciais que s\u00f3 benefician a especuladores amparados por pol\u00edticos e pol\u00edticas con poucos escr\u00fapulos, te\u00f1en unha opci\u00f3n clar\u00edsima na que confiar, O PPdG ou os seus hom\u00f3logos verdes e laranxas.<\/p>\n\n\n\n<p>-Todas e todos os que se sintan conformes con que os asuntos de Galicia deben ser dirixidos desde Madrid te\u00f1en unha opci\u00f3n clar\u00edsima na que confiar o PPdG, ou os seus hom\u00f3logos verdes e laranxas.<\/p>\n\n\n\n<p>-Todas e todos aos que non lle importe que desapareza o noso idioma, te\u00f1en unha opci\u00f3n clar\u00edsima na que confiar o PPdG ou os seus hom\u00f3logos verdes e laranxas.<\/p>\n\n\n\n<p>-Todos e todas as que aspiremos a un modelo diferente, que fundamente as relaci\u00f3ns entre as persoas e co entorno na xustiza social, no pacifismo, no feminismo, na cooperaci\u00f3n, no ecoloxismo, nunha fiscalidade progresiva e xusta, na defensa dun sector p\u00fablico coa densidade suficiente para non deixar que ningu\u00e9n viva por baixo do limiar da dignidade, temos tres opci\u00f3ns con posibilidades de obter representaci\u00f3n no parlamento, representadas polas tres persoas entrevistadas, onde elixir.<\/p>\n\n\n\n<p>-Todas e todos os que consideremos que todos os pobos do mundo, inclu\u00eddo o pobo galego, temos dereito a escollermos o noso propio cami\u00f1o, temos menos ca tres opci\u00f3ns, pero algunha tam\u00e9n temos.<\/p>\n\n\n\n<p>-A dereita vai tentar transmitir a idea de que o partido xa o te\u00f1en ga\u00f1ado, de que a maior\u00eda absoluta do PP est\u00e1 de novo garantida, co gaio de tratar de desmobilizar ao electorado cr\u00edtico, pero non \u00e9 as\u00ed. O partido est\u00e1 a\u00ednda por xogarse, e calquera cousa pode pasar. De feito se nos fixamos no resultado das elecci\u00f3ns estatais de Novembro do ano pasado, a suma de votos de PP+VOX+C,S \u00e9 648.446, mentres que a suma de votos do PSOE+BNG+UNIDAS PODEMOS(Galicia en Com\u00fan) \u00e9 de 766.070.Se ti formaches parte desas 766.070 persoas que entendes que un modelo de sociedade se debe constru\u00edr baseado na xustiza, e non no negocio, na cooperaci\u00f3n e non na competici\u00f3n, no di\u00e1logo e non no odio, vota por favor, non te quedes na casa . Vota polo PSdG, polo BNG ou por Galicia en Com\u00fan pero vota, \u00e9 m\u00e1is urxente que nunca.<\/p>\n","protected":false},"excerpt":{"rendered":"<div class=\"mh-excerpt\"><p>O pr\u00f3ximo 12 de Xullo haber\u00e1 elecci\u00f3ns ao parlamento de Galicia. As mulleres e homes deste pa\u00eds teremos novamente a responsabilidade de decidir que tipo de goberno queremos na Xunta <a class=\"mh-excerpt-more\" href=\"https:\/\/www.anovapeneira.gal\/index.php\/2020\/05\/28\/eleccions-galegas-o-12-de-xullo\/\" title=\"Elecci\u00f3ns galegas o 12 de xullo\">[&#8230;]<\/a><\/p>\n<\/div>","protected":false},"author":2,"featured_media":913,"comment_status":"open","ping_status":"open","sticky":false,"template":"","format":"standard","meta":{"_exactmetrics_skip_tracking":false,"_exactmetrics_sitenote_active":false,"_exactmetrics_sitenote_note":"","_exactmetrics_sitenote_category":0,"footnotes":""},"categories":[61],"tags":[1076],"class_list":{"0":"post-3193","1":"post","2":"type-post","3":"status-publish","4":"format-standard","5":"has-post-thumbnail","7":"category-artigo-editorial","8":"tag-eleccions-galegas"},"yoast_head":"<!-- This site is optimized with the Yoast SEO plugin v27.4 - https:\/\/yoast.com\/product\/yoast-seo-wordpress\/ -->\n<title>Elecci\u00f3ns galegas o 12 de xullo -<\/title>\n<meta name=\"robots\" content=\"index, follow, max-snippet:-1, max-image-preview:large, max-video-preview:-1\" \/>\n<link rel=\"canonical\" href=\"https:\/\/www.anovapeneira.gal\/index.php\/2020\/05\/28\/eleccions-galegas-o-12-de-xullo\/\" \/>\n<meta property=\"og:locale\" content=\"gl_ES\" \/>\n<meta property=\"og:type\" content=\"article\" \/>\n<meta property=\"og:title\" content=\"Elecci\u00f3ns galegas o 12 de xullo -\" \/>\n<meta property=\"og:description\" content=\"O pr\u00f3ximo 12 de Xullo haber\u00e1 elecci\u00f3ns ao parlamento de Galicia. As mulleres e homes deste pa\u00eds teremos novamente a responsabilidade de decidir que tipo de goberno queremos na Xunta [...]\" \/>\n<meta property=\"og:url\" content=\"https:\/\/www.anovapeneira.gal\/index.php\/2020\/05\/28\/eleccions-galegas-o-12-de-xullo\/\" \/>\n<meta property=\"article:publisher\" content=\"https:\/\/www.facebook.com\/anovapeneira\" \/>\n<meta property=\"article:published_time\" content=\"2020-05-28T08:00:06+00:00\" \/>\n<meta property=\"og:image\" content=\"https:\/\/www.anovapeneira.gal\/wp-content\/uploads\/2019\/08\/artigo_editorial_a_nova_peneira.jpg\" \/>\n\t<meta property=\"og:image:width\" content=\"720\" \/>\n\t<meta property=\"og:image:height\" content=\"473\" \/>\n\t<meta property=\"og:image:type\" content=\"image\/jpeg\" \/>\n<meta name=\"author\" content=\"Tino Lago\" \/>\n<meta name=\"twitter:card\" content=\"summary_large_image\" \/>\n<meta name=\"twitter:creator\" content=\"@APeneira\" \/>\n<meta name=\"twitter:site\" content=\"@APeneira\" \/>\n<meta name=\"twitter:label1\" content=\"Escrito por\" \/>\n\t<meta name=\"twitter:data1\" content=\"Tino Lago\" \/>\n\t<meta name=\"twitter:label2\" content=\"Tempo de lectura\" \/>\n\t<meta name=\"twitter:data2\" content=\"4 minutos\" \/>\n<script type=\"application\/ld+json\" class=\"yoast-schema-graph\">{\"@context\":\"https:\\\/\\\/schema.org\",\"@graph\":[{\"@type\":\"Article\",\"@id\":\"https:\\\/\\\/www.anovapeneira.gal\\\/index.php\\\/2020\\\/05\\\/28\\\/eleccions-galegas-o-12-de-xullo\\\/#article\",\"isPartOf\":{\"@id\":\"https:\\\/\\\/www.anovapeneira.gal\\\/index.php\\\/2020\\\/05\\\/28\\\/eleccions-galegas-o-12-de-xullo\\\/\"},\"author\":{\"name\":\"Tino Lago\",\"@id\":\"https:\\\/\\\/www.anovapeneira.gal\\\/#\\\/schema\\\/person\\\/424dfe65e3070fd8a44d22d2c088762a\"},\"headline\":\"Elecci\u00f3ns galegas o 12 de xullo\",\"datePublished\":\"2020-05-28T08:00:06+00:00\",\"mainEntityOfPage\":{\"@id\":\"https:\\\/\\\/www.anovapeneira.gal\\\/index.php\\\/2020\\\/05\\\/28\\\/eleccions-galegas-o-12-de-xullo\\\/\"},\"wordCount\":842,\"commentCount\":0,\"publisher\":{\"@id\":\"https:\\\/\\\/www.anovapeneira.gal\\\/#organization\"},\"image\":{\"@id\":\"https:\\\/\\\/www.anovapeneira.gal\\\/index.php\\\/2020\\\/05\\\/28\\\/eleccions-galegas-o-12-de-xullo\\\/#primaryimage\"},\"thumbnailUrl\":\"https:\\\/\\\/www.anovapeneira.gal\\\/wp-content\\\/uploads\\\/2019\\\/08\\\/artigo_editorial_a_nova_peneira.jpg\",\"keywords\":[\"Elecci\u00f3ns galegas\"],\"articleSection\":[\"Artigo editorial\"],\"inLanguage\":\"gl-ES\",\"potentialAction\":[{\"@type\":\"CommentAction\",\"name\":\"Comment\",\"target\":[\"https:\\\/\\\/www.anovapeneira.gal\\\/index.php\\\/2020\\\/05\\\/28\\\/eleccions-galegas-o-12-de-xullo\\\/#respond\"]}]},{\"@type\":\"WebPage\",\"@id\":\"https:\\\/\\\/www.anovapeneira.gal\\\/index.php\\\/2020\\\/05\\\/28\\\/eleccions-galegas-o-12-de-xullo\\\/\",\"url\":\"https:\\\/\\\/www.anovapeneira.gal\\\/index.php\\\/2020\\\/05\\\/28\\\/eleccions-galegas-o-12-de-xullo\\\/\",\"name\":\"Elecci\u00f3ns galegas o 12 de xullo -\",\"isPartOf\":{\"@id\":\"https:\\\/\\\/www.anovapeneira.gal\\\/#website\"},\"primaryImageOfPage\":{\"@id\":\"https:\\\/\\\/www.anovapeneira.gal\\\/index.php\\\/2020\\\/05\\\/28\\\/eleccions-galegas-o-12-de-xullo\\\/#primaryimage\"},\"image\":{\"@id\":\"https:\\\/\\\/www.anovapeneira.gal\\\/index.php\\\/2020\\\/05\\\/28\\\/eleccions-galegas-o-12-de-xullo\\\/#primaryimage\"},\"thumbnailUrl\":\"https:\\\/\\\/www.anovapeneira.gal\\\/wp-content\\\/uploads\\\/2019\\\/08\\\/artigo_editorial_a_nova_peneira.jpg\",\"datePublished\":\"2020-05-28T08:00:06+00:00\",\"breadcrumb\":{\"@id\":\"https:\\\/\\\/www.anovapeneira.gal\\\/index.php\\\/2020\\\/05\\\/28\\\/eleccions-galegas-o-12-de-xullo\\\/#breadcrumb\"},\"inLanguage\":\"gl-ES\",\"potentialAction\":[{\"@type\":\"ReadAction\",\"target\":[\"https:\\\/\\\/www.anovapeneira.gal\\\/index.php\\\/2020\\\/05\\\/28\\\/eleccions-galegas-o-12-de-xullo\\\/\"]}]},{\"@type\":\"ImageObject\",\"inLanguage\":\"gl-ES\",\"@id\":\"https:\\\/\\\/www.anovapeneira.gal\\\/index.php\\\/2020\\\/05\\\/28\\\/eleccions-galegas-o-12-de-xullo\\\/#primaryimage\",\"url\":\"https:\\\/\\\/www.anovapeneira.gal\\\/wp-content\\\/uploads\\\/2019\\\/08\\\/artigo_editorial_a_nova_peneira.jpg\",\"contentUrl\":\"https:\\\/\\\/www.anovapeneira.gal\\\/wp-content\\\/uploads\\\/2019\\\/08\\\/artigo_editorial_a_nova_peneira.jpg\",\"width\":720,\"height\":473,\"caption\":\"Artigo editorial Tino Lago A Nova Peneira\"},{\"@type\":\"BreadcrumbList\",\"@id\":\"https:\\\/\\\/www.anovapeneira.gal\\\/index.php\\\/2020\\\/05\\\/28\\\/eleccions-galegas-o-12-de-xullo\\\/#breadcrumb\",\"itemListElement\":[{\"@type\":\"ListItem\",\"position\":1,\"name\":\"Portada\",\"item\":\"https:\\\/\\\/www.anovapeneira.gal\\\/\"},{\"@type\":\"ListItem\",\"position\":2,\"name\":\"Elecci\u00f3ns galegas o 12 de xullo\"}]},{\"@type\":\"WebSite\",\"@id\":\"https:\\\/\\\/www.anovapeneira.gal\\\/#website\",\"url\":\"https:\\\/\\\/www.anovapeneira.gal\\\/\",\"name\":\"\",\"description\":\"Xornal galego de informaci\u00f3n xeral Publicaci\u00f3n mensual de novas de Galicia e en especial dos Concellos da sur da provincia de Pontevedra.\",\"publisher\":{\"@id\":\"https:\\\/\\\/www.anovapeneira.gal\\\/#organization\"},\"potentialAction\":[{\"@type\":\"SearchAction\",\"target\":{\"@type\":\"EntryPoint\",\"urlTemplate\":\"https:\\\/\\\/www.anovapeneira.gal\\\/?s={search_term_string}\"},\"query-input\":{\"@type\":\"PropertyValueSpecification\",\"valueRequired\":true,\"valueName\":\"search_term_string\"}}],\"inLanguage\":\"gl-ES\"},{\"@type\":\"Organization\",\"@id\":\"https:\\\/\\\/www.anovapeneira.gal\\\/#organization\",\"name\":\"A Nova Peneira\",\"url\":\"https:\\\/\\\/www.anovapeneira.gal\\\/\",\"logo\":{\"@type\":\"ImageObject\",\"inLanguage\":\"gl-ES\",\"@id\":\"https:\\\/\\\/www.anovapeneira.gal\\\/#\\\/schema\\\/logo\\\/image\\\/\",\"url\":\"http:\\\/\\\/www.anovapeneira.gal\\\/wp-content\\\/uploads\\\/2019\\\/06\\\/logo_a_nova_peneira_portal_web.png\",\"contentUrl\":\"http:\\\/\\\/www.anovapeneira.gal\\\/wp-content\\\/uploads\\\/2019\\\/06\\\/logo_a_nova_peneira_portal_web.png\",\"width\":300,\"height\":100,\"caption\":\"A Nova Peneira\"},\"image\":{\"@id\":\"https:\\\/\\\/www.anovapeneira.gal\\\/#\\\/schema\\\/logo\\\/image\\\/\"},\"sameAs\":[\"https:\\\/\\\/www.facebook.com\\\/anovapeneira\",\"https:\\\/\\\/x.com\\\/APeneira\"]},{\"@type\":\"Person\",\"@id\":\"https:\\\/\\\/www.anovapeneira.gal\\\/#\\\/schema\\\/person\\\/424dfe65e3070fd8a44d22d2c088762a\",\"name\":\"Tino Lago\",\"image\":{\"@type\":\"ImageObject\",\"inLanguage\":\"gl-ES\",\"@id\":\"https:\\\/\\\/secure.gravatar.com\\\/avatar\\\/b3df6a06e44bab3111583b90f0f33a0379ee5e3d22cbadd232d39f21c30c62be?s=96&d=mm&r=g\",\"url\":\"https:\\\/\\\/secure.gravatar.com\\\/avatar\\\/b3df6a06e44bab3111583b90f0f33a0379ee5e3d22cbadd232d39f21c30c62be?s=96&d=mm&r=g\",\"contentUrl\":\"https:\\\/\\\/secure.gravatar.com\\\/avatar\\\/b3df6a06e44bab3111583b90f0f33a0379ee5e3d22cbadd232d39f21c30c62be?s=96&d=mm&r=g\",\"caption\":\"Tino Lago\"},\"sameAs\":[\"http:\\\/\\\/www.anovapeneira.gal\"],\"url\":\"https:\\\/\\\/www.anovapeneira.gal\\\/index.php\\\/author\\\/director\\\/\"}]}<\/script>\n<!-- \/ Yoast SEO plugin. -->","yoast_head_json":{"title":"Elecci\u00f3ns galegas o 12 de xullo -","robots":{"index":"index","follow":"follow","max-snippet":"max-snippet:-1","max-image-preview":"max-image-preview:large","max-video-preview":"max-video-preview:-1"},"canonical":"https:\/\/www.anovapeneira.gal\/index.php\/2020\/05\/28\/eleccions-galegas-o-12-de-xullo\/","og_locale":"gl_ES","og_type":"article","og_title":"Elecci\u00f3ns galegas o 12 de xullo -","og_description":"O pr\u00f3ximo 12 de Xullo haber\u00e1 elecci\u00f3ns ao parlamento de Galicia. As mulleres e homes deste pa\u00eds teremos novamente a responsabilidade de decidir que tipo de goberno queremos na Xunta [...]","og_url":"https:\/\/www.anovapeneira.gal\/index.php\/2020\/05\/28\/eleccions-galegas-o-12-de-xullo\/","article_publisher":"https:\/\/www.facebook.com\/anovapeneira","article_published_time":"2020-05-28T08:00:06+00:00","og_image":[{"width":720,"height":473,"url":"https:\/\/www.anovapeneira.gal\/wp-content\/uploads\/2019\/08\/artigo_editorial_a_nova_peneira.jpg","type":"image\/jpeg"}],"author":"Tino Lago","twitter_card":"summary_large_image","twitter_creator":"@APeneira","twitter_site":"@APeneira","twitter_misc":{"Escrito por":"Tino Lago","Tempo de lectura":"4 minutos"},"schema":{"@context":"https:\/\/schema.org","@graph":[{"@type":"Article","@id":"https:\/\/www.anovapeneira.gal\/index.php\/2020\/05\/28\/eleccions-galegas-o-12-de-xullo\/#article","isPartOf":{"@id":"https:\/\/www.anovapeneira.gal\/index.php\/2020\/05\/28\/eleccions-galegas-o-12-de-xullo\/"},"author":{"name":"Tino Lago","@id":"https:\/\/www.anovapeneira.gal\/#\/schema\/person\/424dfe65e3070fd8a44d22d2c088762a"},"headline":"Elecci\u00f3ns galegas o 12 de xullo","datePublished":"2020-05-28T08:00:06+00:00","mainEntityOfPage":{"@id":"https:\/\/www.anovapeneira.gal\/index.php\/2020\/05\/28\/eleccions-galegas-o-12-de-xullo\/"},"wordCount":842,"commentCount":0,"publisher":{"@id":"https:\/\/www.anovapeneira.gal\/#organization"},"image":{"@id":"https:\/\/www.anovapeneira.gal\/index.php\/2020\/05\/28\/eleccions-galegas-o-12-de-xullo\/#primaryimage"},"thumbnailUrl":"https:\/\/www.anovapeneira.gal\/wp-content\/uploads\/2019\/08\/artigo_editorial_a_nova_peneira.jpg","keywords":["Elecci\u00f3ns galegas"],"articleSection":["Artigo editorial"],"inLanguage":"gl-ES","potentialAction":[{"@type":"CommentAction","name":"Comment","target":["https:\/\/www.anovapeneira.gal\/index.php\/2020\/05\/28\/eleccions-galegas-o-12-de-xullo\/#respond"]}]},{"@type":"WebPage","@id":"https:\/\/www.anovapeneira.gal\/index.php\/2020\/05\/28\/eleccions-galegas-o-12-de-xullo\/","url":"https:\/\/www.anovapeneira.gal\/index.php\/2020\/05\/28\/eleccions-galegas-o-12-de-xullo\/","name":"Elecci\u00f3ns galegas o 12 de xullo -","isPartOf":{"@id":"https:\/\/www.anovapeneira.gal\/#website"},"primaryImageOfPage":{"@id":"https:\/\/www.anovapeneira.gal\/index.php\/2020\/05\/28\/eleccions-galegas-o-12-de-xullo\/#primaryimage"},"image":{"@id":"https:\/\/www.anovapeneira.gal\/index.php\/2020\/05\/28\/eleccions-galegas-o-12-de-xullo\/#primaryimage"},"thumbnailUrl":"https:\/\/www.anovapeneira.gal\/wp-content\/uploads\/2019\/08\/artigo_editorial_a_nova_peneira.jpg","datePublished":"2020-05-28T08:00:06+00:00","breadcrumb":{"@id":"https:\/\/www.anovapeneira.gal\/index.php\/2020\/05\/28\/eleccions-galegas-o-12-de-xullo\/#breadcrumb"},"inLanguage":"gl-ES","potentialAction":[{"@type":"ReadAction","target":["https:\/\/www.anovapeneira.gal\/index.php\/2020\/05\/28\/eleccions-galegas-o-12-de-xullo\/"]}]},{"@type":"ImageObject","inLanguage":"gl-ES","@id":"https:\/\/www.anovapeneira.gal\/index.php\/2020\/05\/28\/eleccions-galegas-o-12-de-xullo\/#primaryimage","url":"https:\/\/www.anovapeneira.gal\/wp-content\/uploads\/2019\/08\/artigo_editorial_a_nova_peneira.jpg","contentUrl":"https:\/\/www.anovapeneira.gal\/wp-content\/uploads\/2019\/08\/artigo_editorial_a_nova_peneira.jpg","width":720,"height":473,"caption":"Artigo editorial Tino Lago A Nova Peneira"},{"@type":"BreadcrumbList","@id":"https:\/\/www.anovapeneira.gal\/index.php\/2020\/05\/28\/eleccions-galegas-o-12-de-xullo\/#breadcrumb","itemListElement":[{"@type":"ListItem","position":1,"name":"Portada","item":"https:\/\/www.anovapeneira.gal\/"},{"@type":"ListItem","position":2,"name":"Elecci\u00f3ns galegas o 12 de xullo"}]},{"@type":"WebSite","@id":"https:\/\/www.anovapeneira.gal\/#website","url":"https:\/\/www.anovapeneira.gal\/","name":"","description":"Xornal galego de informaci\u00f3n xeral Publicaci\u00f3n mensual de novas de Galicia e en especial dos Concellos da sur da provincia de Pontevedra.","publisher":{"@id":"https:\/\/www.anovapeneira.gal\/#organization"},"potentialAction":[{"@type":"SearchAction","target":{"@type":"EntryPoint","urlTemplate":"https:\/\/www.anovapeneira.gal\/?s={search_term_string}"},"query-input":{"@type":"PropertyValueSpecification","valueRequired":true,"valueName":"search_term_string"}}],"inLanguage":"gl-ES"},{"@type":"Organization","@id":"https:\/\/www.anovapeneira.gal\/#organization","name":"A Nova Peneira","url":"https:\/\/www.anovapeneira.gal\/","logo":{"@type":"ImageObject","inLanguage":"gl-ES","@id":"https:\/\/www.anovapeneira.gal\/#\/schema\/logo\/image\/","url":"http:\/\/www.anovapeneira.gal\/wp-content\/uploads\/2019\/06\/logo_a_nova_peneira_portal_web.png","contentUrl":"http:\/\/www.anovapeneira.gal\/wp-content\/uploads\/2019\/06\/logo_a_nova_peneira_portal_web.png","width":300,"height":100,"caption":"A Nova Peneira"},"image":{"@id":"https:\/\/www.anovapeneira.gal\/#\/schema\/logo\/image\/"},"sameAs":["https:\/\/www.facebook.com\/anovapeneira","https:\/\/x.com\/APeneira"]},{"@type":"Person","@id":"https:\/\/www.anovapeneira.gal\/#\/schema\/person\/424dfe65e3070fd8a44d22d2c088762a","name":"Tino Lago","image":{"@type":"ImageObject","inLanguage":"gl-ES","@id":"https:\/\/secure.gravatar.com\/avatar\/b3df6a06e44bab3111583b90f0f33a0379ee5e3d22cbadd232d39f21c30c62be?s=96&d=mm&r=g","url":"https:\/\/secure.gravatar.com\/avatar\/b3df6a06e44bab3111583b90f0f33a0379ee5e3d22cbadd232d39f21c30c62be?s=96&d=mm&r=g","contentUrl":"https:\/\/secure.gravatar.com\/avatar\/b3df6a06e44bab3111583b90f0f33a0379ee5e3d22cbadd232d39f21c30c62be?s=96&d=mm&r=g","caption":"Tino Lago"},"sameAs":["http:\/\/www.anovapeneira.gal"],"url":"https:\/\/www.anovapeneira.gal\/index.php\/author\/director\/"}]}},"jetpack_featured_media_url":"https:\/\/www.anovapeneira.gal\/wp-content\/uploads\/2019\/08\/artigo_editorial_a_nova_peneira.jpg","_links":{"self":[{"href":"https:\/\/www.anovapeneira.gal\/index.php\/wp-json\/wp\/v2\/posts\/3193","targetHints":{"allow":["GET"]}}],"collection":[{"href":"https:\/\/www.anovapeneira.gal\/index.php\/wp-json\/wp\/v2\/posts"}],"about":[{"href":"https:\/\/www.anovapeneira.gal\/index.php\/wp-json\/wp\/v2\/types\/post"}],"author":[{"embeddable":true,"href":"https:\/\/www.anovapeneira.gal\/index.php\/wp-json\/wp\/v2\/users\/2"}],"replies":[{"embeddable":true,"href":"https:\/\/www.anovapeneira.gal\/index.php\/wp-json\/wp\/v2\/comments?post=3193"}],"version-history":[{"count":1,"href":"https:\/\/www.anovapeneira.gal\/index.php\/wp-json\/wp\/v2\/posts\/3193\/revisions"}],"predecessor-version":[{"id":3194,"href":"https:\/\/www.anovapeneira.gal\/index.php\/wp-json\/wp\/v2\/posts\/3193\/revisions\/3194"}],"wp:featuredmedia":[{"embeddable":true,"href":"https:\/\/www.anovapeneira.gal\/index.php\/wp-json\/wp\/v2\/media\/913"}],"wp:attachment":[{"href":"https:\/\/www.anovapeneira.gal\/index.php\/wp-json\/wp\/v2\/media?parent=3193"}],"wp:term":[{"taxonomy":"category","embeddable":true,"href":"https:\/\/www.anovapeneira.gal\/index.php\/wp-json\/wp\/v2\/categories?post=3193"},{"taxonomy":"post_tag","embeddable":true,"href":"https:\/\/www.anovapeneira.gal\/index.php\/wp-json\/wp\/v2\/tags?post=3193"}],"curies":[{"name":"wp","href":"https:\/\/api.w.org\/{rel}","templated":true}]}}