{"id":3198,"date":"2020-05-29T10:00:32","date_gmt":"2020-05-29T08:00:32","guid":{"rendered":"http:\/\/www.anovapeneira.gal\/?p=3198"},"modified":"2020-05-27T23:17:51","modified_gmt":"2020-05-27T21:17:51","slug":"o-bng-de-vigo-demanda-que-xunta-e-concello-actuen-para-frear-o-fenomeno-especulativo-dos-pisos-turisticos-na-cidade","status":"publish","type":"post","link":"https:\/\/www.anovapeneira.gal\/index.php\/2020\/05\/29\/o-bng-de-vigo-demanda-que-xunta-e-concello-actuen-para-frear-o-fenomeno-especulativo-dos-pisos-turisticos-na-cidade\/","title":{"rendered":"O BNG de Vigo demanda que Xunta e Concello act\u00faen para frear o fen\u00f3meno especulativo dos pisos tur\u00edsticos na cidade"},"content":{"rendered":"\n<h2 class=\"wp-block-heading\">A fronte nacionalista alerta de que o aumento dun 20% deste tipo de aloxamentos desde o nadal dificulta inda m\u00e1is o acceso a vivenda de alugueiro.<\/h2>\n\n\n\n<h4 class=\"wp-block-heading\">Instan a cooperaci\u00f3n entre a administraci\u00f3n galega e local para frear a multiplicaci\u00f3n destes aloxamentos e para a posta en marcha dun Parque de Vivenda Social na cidade.&nbsp;<\/h4>\n\n\n\n<h4 class=\"wp-block-heading\">Xabier P. Igrexas: \u201cO primeiro dereito de calquera cidad\u00e1 e cidad\u00e1n \u00e9 o de habitar a propia cidade, o de ter un teito baixo o que vivir\u201d<\/h4>\n\n\n\n<p><strong>VIGO, 25 de maio de 2020<\/strong><\/p>\n\n\n\n<p>O Bloque Nacionalista Galego cualificou de \u201cmoi preocupante\u201d que o n\u00famero de pisos tur\u00edsticos rexistrados na cidade te\u00f1a aumentado por volta dun 20% desde o pasado nadal. Os 461 pisos rexistrados, aos que a fronte nacionalista sospeita que se poden engadir moitos outros non legalizados, son un \u201cfen\u00f3meno especulativo cun claro impacto negativo nunha cuesti\u00f3n fundamental como \u00e9 o acceso a unha vivenda de algueiro\u201d, advertiu o concelleiro Xabier P. Igrexas.<\/p>\n\n\n\n<p>Igrexas puxo o foco nas dificukltades xa existentes no acceso social \u00e1 vivenda na principal cidade de Galiza, polo que demandou unha resposta por parte tanto da Xunta como do Goberno municipla. \u201cNa nosa cidade hai poucas vivendas dispo\u00f1\u00edbeis para o aluguer, como reco\u00f1ece o propio sector inmobiliario, apenas 600 pisos e cun prezo medio que xa se sit\u00faa por acima dos 700 euros mensuais e que nos \u00faltimos 5 anos incrementouse nun 30%. Unha carest\u00eda, que sumada aos baixos salarios, \u00e1 precariedade ou o desemprego, priva a moitas familias traballadoras do acceso a un ben esencial como \u00e9 a vivenda e exp\u00falsaas a outros municipios con prezos m\u00e1is asequ\u00edbeis\u201d, denunciou.<\/p>\n\n\n\n<p>Desde o Bloque demandan que Xunta de Galiza e Concello de Vigo \u201cdeixen de ollar a outro lado e act\u00faen\u201d. En primeiro lugar, reclaman que se estude \u201ccon determinaci\u00f3n e celeridade\u201d as medidas necesarias para frear o fen\u00f3meno dos pisos tur\u00edsticos, como as que xa se est\u00e1n a aplicar noutras cidades.&nbsp;<\/p>\n\n\n\n<p><strong>Parque de vivenda social<\/strong><\/p>\n\n\n\n<p>Ademais, reiteran a necesidade que ambas as administraci\u00f3ns cooperen de cara a posta en marcha dun grande parque de vivenda social que garanta o dereito de toda a cidadan\u00eda a acceder a unha vivenda.&#8221;En Vigo hai 18.500 pisos baleiros, na s\u00faa inmensa maior\u00eda en mans de entidades privadas, de bancos rescatados con fondos p\u00fablicos ou fondos voitre, e ao tempo tempos preto de 6 mil familias rexistradas como demandantes de vivenda protexida que non logran nunca o piso que necesitan ao prezo que poden pagar\u201d, explica Igrexas, destacando que \u201co primeiro dereito de calquera cidad\u00e1 e cidad\u00e1n \u00e9 o de habitar a propia cidade, o de ter un teito baixo o que vivir&#8221;<\/p>\n","protected":false},"excerpt":{"rendered":"<div class=\"mh-excerpt\"><p>A fronte nacionalista alerta de que o aumento dun 20% deste tipo de aloxamentos desde o nadal dificulta inda m\u00e1is o acceso a vivenda de alugueiro <a class=\"mh-excerpt-more\" href=\"https:\/\/www.anovapeneira.gal\/index.php\/2020\/05\/29\/o-bng-de-vigo-demanda-que-xunta-e-concello-actuen-para-frear-o-fenomeno-especulativo-dos-pisos-turisticos-na-cidade\/\" title=\"O BNG de Vigo demanda que Xunta e Concello act\u00faen para frear o fen\u00f3meno especulativo dos pisos tur\u00edsticos na cidade\">[&#8230;]<\/a><\/p>\n<\/div>","protected":false},"author":3,"featured_media":575,"comment_status":"open","ping_status":"open","sticky":false,"template":"","format":"standard","meta":{"_exactmetrics_skip_tracking":false,"_exactmetrics_sitenote_active":false,"_exactmetrics_sitenote_note":"","_exactmetrics_sitenote_category":0,"footnotes":""},"categories":[19],"tags":[227,28],"class_list":{"0":"post-3198","1":"post","2":"type-post","3":"status-publish","4":"format-standard","5":"has-post-thumbnail","7":"category-vigo","8":"tag-concello-de-vigo","9":"tag-turismo"},"yoast_head":"<!-- This site is optimized with the Yoast SEO plugin v27.4 - https:\/\/yoast.com\/product\/yoast-seo-wordpress\/ -->\n<title>O BNG de Vigo demanda que Xunta e Concello act\u00faen para frear o fen\u00f3meno especulativo dos pisos tur\u00edsticos na cidade -<\/title>\n<meta name=\"robots\" content=\"index, follow, max-snippet:-1, max-image-preview:large, max-video-preview:-1\" \/>\n<link rel=\"canonical\" href=\"https:\/\/www.anovapeneira.gal\/index.php\/2020\/05\/29\/o-bng-de-vigo-demanda-que-xunta-e-concello-actuen-para-frear-o-fenomeno-especulativo-dos-pisos-turisticos-na-cidade\/\" \/>\n<meta property=\"og:locale\" content=\"gl_ES\" \/>\n<meta property=\"og:type\" content=\"article\" \/>\n<meta property=\"og:title\" content=\"O BNG de Vigo demanda que Xunta e Concello act\u00faen para frear o fen\u00f3meno especulativo dos pisos tur\u00edsticos na cidade -\" \/>\n<meta property=\"og:description\" content=\"A fronte nacionalista alerta de que o aumento dun 20% deste tipo de aloxamentos desde o nadal dificulta inda m\u00e1is o acceso a vivenda de alugueiro [...]\" \/>\n<meta property=\"og:url\" content=\"https:\/\/www.anovapeneira.gal\/index.php\/2020\/05\/29\/o-bng-de-vigo-demanda-que-xunta-e-concello-actuen-para-frear-o-fenomeno-especulativo-dos-pisos-turisticos-na-cidade\/\" \/>\n<meta property=\"article:publisher\" content=\"https:\/\/www.facebook.com\/anovapeneira\" \/>\n<meta property=\"article:published_time\" content=\"2020-05-29T08:00:32+00:00\" \/>\n<meta property=\"og:image\" content=\"https:\/\/www.anovapeneira.gal\/wp-content\/uploads\/2019\/07\/bng_logo.jpg\" \/>\n\t<meta property=\"og:image:width\" content=\"720\" \/>\n\t<meta property=\"og:image:height\" content=\"473\" \/>\n\t<meta property=\"og:image:type\" content=\"image\/jpeg\" \/>\n<meta name=\"author\" content=\"Redacci\u00f3n A Nova Peneira\" \/>\n<meta name=\"twitter:card\" content=\"summary_large_image\" \/>\n<meta name=\"twitter:creator\" content=\"@APeneira\" \/>\n<meta name=\"twitter:site\" content=\"@APeneira\" \/>\n<meta name=\"twitter:label1\" content=\"Escrito por\" \/>\n\t<meta name=\"twitter:data1\" content=\"Redacci\u00f3n A Nova Peneira\" \/>\n\t<meta name=\"twitter:label2\" content=\"Tempo de lectura\" \/>\n\t<meta name=\"twitter:data2\" content=\"2 minutos\" \/>\n<script type=\"application\/ld+json\" class=\"yoast-schema-graph\">{\"@context\":\"https:\\\/\\\/schema.org\",\"@graph\":[{\"@type\":\"Article\",\"@id\":\"https:\\\/\\\/www.anovapeneira.gal\\\/index.php\\\/2020\\\/05\\\/29\\\/o-bng-de-vigo-demanda-que-xunta-e-concello-actuen-para-frear-o-fenomeno-especulativo-dos-pisos-turisticos-na-cidade\\\/#article\",\"isPartOf\":{\"@id\":\"https:\\\/\\\/www.anovapeneira.gal\\\/index.php\\\/2020\\\/05\\\/29\\\/o-bng-de-vigo-demanda-que-xunta-e-concello-actuen-para-frear-o-fenomeno-especulativo-dos-pisos-turisticos-na-cidade\\\/\"},\"author\":{\"name\":\"Redacci\u00f3n A Nova Peneira\",\"@id\":\"https:\\\/\\\/www.anovapeneira.gal\\\/#\\\/schema\\\/person\\\/b93e3f8932e3f8da96334607eb6ac6aa\"},\"headline\":\"O BNG de Vigo demanda que Xunta e Concello act\u00faen para frear o fen\u00f3meno especulativo dos pisos tur\u00edsticos na cidade\",\"datePublished\":\"2020-05-29T08:00:32+00:00\",\"mainEntityOfPage\":{\"@id\":\"https:\\\/\\\/www.anovapeneira.gal\\\/index.php\\\/2020\\\/05\\\/29\\\/o-bng-de-vigo-demanda-que-xunta-e-concello-actuen-para-frear-o-fenomeno-especulativo-dos-pisos-turisticos-na-cidade\\\/\"},\"wordCount\":474,\"commentCount\":0,\"publisher\":{\"@id\":\"https:\\\/\\\/www.anovapeneira.gal\\\/#organization\"},\"image\":{\"@id\":\"https:\\\/\\\/www.anovapeneira.gal\\\/index.php\\\/2020\\\/05\\\/29\\\/o-bng-de-vigo-demanda-que-xunta-e-concello-actuen-para-frear-o-fenomeno-especulativo-dos-pisos-turisticos-na-cidade\\\/#primaryimage\"},\"thumbnailUrl\":\"https:\\\/\\\/www.anovapeneira.gal\\\/wp-content\\\/uploads\\\/2019\\\/07\\\/bng_logo.jpg\",\"keywords\":[\"Concello de Vigo\",\"Turismo\"],\"articleSection\":[\"Vigo\"],\"inLanguage\":\"gl-ES\",\"potentialAction\":[{\"@type\":\"CommentAction\",\"name\":\"Comment\",\"target\":[\"https:\\\/\\\/www.anovapeneira.gal\\\/index.php\\\/2020\\\/05\\\/29\\\/o-bng-de-vigo-demanda-que-xunta-e-concello-actuen-para-frear-o-fenomeno-especulativo-dos-pisos-turisticos-na-cidade\\\/#respond\"]}]},{\"@type\":\"WebPage\",\"@id\":\"https:\\\/\\\/www.anovapeneira.gal\\\/index.php\\\/2020\\\/05\\\/29\\\/o-bng-de-vigo-demanda-que-xunta-e-concello-actuen-para-frear-o-fenomeno-especulativo-dos-pisos-turisticos-na-cidade\\\/\",\"url\":\"https:\\\/\\\/www.anovapeneira.gal\\\/index.php\\\/2020\\\/05\\\/29\\\/o-bng-de-vigo-demanda-que-xunta-e-concello-actuen-para-frear-o-fenomeno-especulativo-dos-pisos-turisticos-na-cidade\\\/\",\"name\":\"O BNG de Vigo demanda que Xunta e Concello act\u00faen para frear o fen\u00f3meno especulativo dos pisos tur\u00edsticos na cidade -\",\"isPartOf\":{\"@id\":\"https:\\\/\\\/www.anovapeneira.gal\\\/#website\"},\"primaryImageOfPage\":{\"@id\":\"https:\\\/\\\/www.anovapeneira.gal\\\/index.php\\\/2020\\\/05\\\/29\\\/o-bng-de-vigo-demanda-que-xunta-e-concello-actuen-para-frear-o-fenomeno-especulativo-dos-pisos-turisticos-na-cidade\\\/#primaryimage\"},\"image\":{\"@id\":\"https:\\\/\\\/www.anovapeneira.gal\\\/index.php\\\/2020\\\/05\\\/29\\\/o-bng-de-vigo-demanda-que-xunta-e-concello-actuen-para-frear-o-fenomeno-especulativo-dos-pisos-turisticos-na-cidade\\\/#primaryimage\"},\"thumbnailUrl\":\"https:\\\/\\\/www.anovapeneira.gal\\\/wp-content\\\/uploads\\\/2019\\\/07\\\/bng_logo.jpg\",\"datePublished\":\"2020-05-29T08:00:32+00:00\",\"breadcrumb\":{\"@id\":\"https:\\\/\\\/www.anovapeneira.gal\\\/index.php\\\/2020\\\/05\\\/29\\\/o-bng-de-vigo-demanda-que-xunta-e-concello-actuen-para-frear-o-fenomeno-especulativo-dos-pisos-turisticos-na-cidade\\\/#breadcrumb\"},\"inLanguage\":\"gl-ES\",\"potentialAction\":[{\"@type\":\"ReadAction\",\"target\":[\"https:\\\/\\\/www.anovapeneira.gal\\\/index.php\\\/2020\\\/05\\\/29\\\/o-bng-de-vigo-demanda-que-xunta-e-concello-actuen-para-frear-o-fenomeno-especulativo-dos-pisos-turisticos-na-cidade\\\/\"]}]},{\"@type\":\"ImageObject\",\"inLanguage\":\"gl-ES\",\"@id\":\"https:\\\/\\\/www.anovapeneira.gal\\\/index.php\\\/2020\\\/05\\\/29\\\/o-bng-de-vigo-demanda-que-xunta-e-concello-actuen-para-frear-o-fenomeno-especulativo-dos-pisos-turisticos-na-cidade\\\/#primaryimage\",\"url\":\"https:\\\/\\\/www.anovapeneira.gal\\\/wp-content\\\/uploads\\\/2019\\\/07\\\/bng_logo.jpg\",\"contentUrl\":\"https:\\\/\\\/www.anovapeneira.gal\\\/wp-content\\\/uploads\\\/2019\\\/07\\\/bng_logo.jpg\",\"width\":720,\"height\":473,\"caption\":\"BNG A Nova Peneira\"},{\"@type\":\"BreadcrumbList\",\"@id\":\"https:\\\/\\\/www.anovapeneira.gal\\\/index.php\\\/2020\\\/05\\\/29\\\/o-bng-de-vigo-demanda-que-xunta-e-concello-actuen-para-frear-o-fenomeno-especulativo-dos-pisos-turisticos-na-cidade\\\/#breadcrumb\",\"itemListElement\":[{\"@type\":\"ListItem\",\"position\":1,\"name\":\"Portada\",\"item\":\"https:\\\/\\\/www.anovapeneira.gal\\\/\"},{\"@type\":\"ListItem\",\"position\":2,\"name\":\"O BNG de Vigo demanda que Xunta e Concello act\u00faen para frear o fen\u00f3meno especulativo dos pisos tur\u00edsticos na cidade\"}]},{\"@type\":\"WebSite\",\"@id\":\"https:\\\/\\\/www.anovapeneira.gal\\\/#website\",\"url\":\"https:\\\/\\\/www.anovapeneira.gal\\\/\",\"name\":\"\",\"description\":\"Xornal galego de informaci\u00f3n xeral Publicaci\u00f3n mensual de novas de Galicia e en especial dos Concellos da sur da provincia de Pontevedra.\",\"publisher\":{\"@id\":\"https:\\\/\\\/www.anovapeneira.gal\\\/#organization\"},\"potentialAction\":[{\"@type\":\"SearchAction\",\"target\":{\"@type\":\"EntryPoint\",\"urlTemplate\":\"https:\\\/\\\/www.anovapeneira.gal\\\/?s={search_term_string}\"},\"query-input\":{\"@type\":\"PropertyValueSpecification\",\"valueRequired\":true,\"valueName\":\"search_term_string\"}}],\"inLanguage\":\"gl-ES\"},{\"@type\":\"Organization\",\"@id\":\"https:\\\/\\\/www.anovapeneira.gal\\\/#organization\",\"name\":\"A Nova Peneira\",\"url\":\"https:\\\/\\\/www.anovapeneira.gal\\\/\",\"logo\":{\"@type\":\"ImageObject\",\"inLanguage\":\"gl-ES\",\"@id\":\"https:\\\/\\\/www.anovapeneira.gal\\\/#\\\/schema\\\/logo\\\/image\\\/\",\"url\":\"http:\\\/\\\/www.anovapeneira.gal\\\/wp-content\\\/uploads\\\/2019\\\/06\\\/logo_a_nova_peneira_portal_web.png\",\"contentUrl\":\"http:\\\/\\\/www.anovapeneira.gal\\\/wp-content\\\/uploads\\\/2019\\\/06\\\/logo_a_nova_peneira_portal_web.png\",\"width\":300,\"height\":100,\"caption\":\"A Nova Peneira\"},\"image\":{\"@id\":\"https:\\\/\\\/www.anovapeneira.gal\\\/#\\\/schema\\\/logo\\\/image\\\/\"},\"sameAs\":[\"https:\\\/\\\/www.facebook.com\\\/anovapeneira\",\"https:\\\/\\\/x.com\\\/APeneira\"]},{\"@type\":\"Person\",\"@id\":\"https:\\\/\\\/www.anovapeneira.gal\\\/#\\\/schema\\\/person\\\/b93e3f8932e3f8da96334607eb6ac6aa\",\"name\":\"Redacci\u00f3n A Nova Peneira\",\"image\":{\"@type\":\"ImageObject\",\"inLanguage\":\"gl-ES\",\"@id\":\"https:\\\/\\\/secure.gravatar.com\\\/avatar\\\/c052a2551a06e23fac63626232eaa90abd78dbcf1700fc46a2b2c89fd27b735f?s=96&d=mm&r=g\",\"url\":\"https:\\\/\\\/secure.gravatar.com\\\/avatar\\\/c052a2551a06e23fac63626232eaa90abd78dbcf1700fc46a2b2c89fd27b735f?s=96&d=mm&r=g\",\"contentUrl\":\"https:\\\/\\\/secure.gravatar.com\\\/avatar\\\/c052a2551a06e23fac63626232eaa90abd78dbcf1700fc46a2b2c89fd27b735f?s=96&d=mm&r=g\",\"caption\":\"Redacci\u00f3n A Nova Peneira\"},\"sameAs\":[\"http:\\\/\\\/www.anovapeneira.gal\\\/\"],\"url\":\"https:\\\/\\\/www.anovapeneira.gal\\\/index.php\\\/author\\\/redactor\\\/\"}]}<\/script>\n<!-- \/ Yoast SEO plugin. -->","yoast_head_json":{"title":"O BNG de Vigo demanda que Xunta e Concello act\u00faen para frear o fen\u00f3meno especulativo dos pisos tur\u00edsticos na cidade -","robots":{"index":"index","follow":"follow","max-snippet":"max-snippet:-1","max-image-preview":"max-image-preview:large","max-video-preview":"max-video-preview:-1"},"canonical":"https:\/\/www.anovapeneira.gal\/index.php\/2020\/05\/29\/o-bng-de-vigo-demanda-que-xunta-e-concello-actuen-para-frear-o-fenomeno-especulativo-dos-pisos-turisticos-na-cidade\/","og_locale":"gl_ES","og_type":"article","og_title":"O BNG de Vigo demanda que Xunta e Concello act\u00faen para frear o fen\u00f3meno especulativo dos pisos tur\u00edsticos na cidade -","og_description":"A fronte nacionalista alerta de que o aumento dun 20% deste tipo de aloxamentos desde o nadal dificulta inda m\u00e1is o acceso a vivenda de alugueiro [...]","og_url":"https:\/\/www.anovapeneira.gal\/index.php\/2020\/05\/29\/o-bng-de-vigo-demanda-que-xunta-e-concello-actuen-para-frear-o-fenomeno-especulativo-dos-pisos-turisticos-na-cidade\/","article_publisher":"https:\/\/www.facebook.com\/anovapeneira","article_published_time":"2020-05-29T08:00:32+00:00","og_image":[{"width":720,"height":473,"url":"https:\/\/www.anovapeneira.gal\/wp-content\/uploads\/2019\/07\/bng_logo.jpg","type":"image\/jpeg"}],"author":"Redacci\u00f3n A Nova Peneira","twitter_card":"summary_large_image","twitter_creator":"@APeneira","twitter_site":"@APeneira","twitter_misc":{"Escrito por":"Redacci\u00f3n A Nova Peneira","Tempo de lectura":"2 minutos"},"schema":{"@context":"https:\/\/schema.org","@graph":[{"@type":"Article","@id":"https:\/\/www.anovapeneira.gal\/index.php\/2020\/05\/29\/o-bng-de-vigo-demanda-que-xunta-e-concello-actuen-para-frear-o-fenomeno-especulativo-dos-pisos-turisticos-na-cidade\/#article","isPartOf":{"@id":"https:\/\/www.anovapeneira.gal\/index.php\/2020\/05\/29\/o-bng-de-vigo-demanda-que-xunta-e-concello-actuen-para-frear-o-fenomeno-especulativo-dos-pisos-turisticos-na-cidade\/"},"author":{"name":"Redacci\u00f3n A Nova Peneira","@id":"https:\/\/www.anovapeneira.gal\/#\/schema\/person\/b93e3f8932e3f8da96334607eb6ac6aa"},"headline":"O BNG de Vigo demanda que Xunta e Concello act\u00faen para frear o fen\u00f3meno especulativo dos pisos tur\u00edsticos na cidade","datePublished":"2020-05-29T08:00:32+00:00","mainEntityOfPage":{"@id":"https:\/\/www.anovapeneira.gal\/index.php\/2020\/05\/29\/o-bng-de-vigo-demanda-que-xunta-e-concello-actuen-para-frear-o-fenomeno-especulativo-dos-pisos-turisticos-na-cidade\/"},"wordCount":474,"commentCount":0,"publisher":{"@id":"https:\/\/www.anovapeneira.gal\/#organization"},"image":{"@id":"https:\/\/www.anovapeneira.gal\/index.php\/2020\/05\/29\/o-bng-de-vigo-demanda-que-xunta-e-concello-actuen-para-frear-o-fenomeno-especulativo-dos-pisos-turisticos-na-cidade\/#primaryimage"},"thumbnailUrl":"https:\/\/www.anovapeneira.gal\/wp-content\/uploads\/2019\/07\/bng_logo.jpg","keywords":["Concello de Vigo","Turismo"],"articleSection":["Vigo"],"inLanguage":"gl-ES","potentialAction":[{"@type":"CommentAction","name":"Comment","target":["https:\/\/www.anovapeneira.gal\/index.php\/2020\/05\/29\/o-bng-de-vigo-demanda-que-xunta-e-concello-actuen-para-frear-o-fenomeno-especulativo-dos-pisos-turisticos-na-cidade\/#respond"]}]},{"@type":"WebPage","@id":"https:\/\/www.anovapeneira.gal\/index.php\/2020\/05\/29\/o-bng-de-vigo-demanda-que-xunta-e-concello-actuen-para-frear-o-fenomeno-especulativo-dos-pisos-turisticos-na-cidade\/","url":"https:\/\/www.anovapeneira.gal\/index.php\/2020\/05\/29\/o-bng-de-vigo-demanda-que-xunta-e-concello-actuen-para-frear-o-fenomeno-especulativo-dos-pisos-turisticos-na-cidade\/","name":"O BNG de Vigo demanda que Xunta e Concello act\u00faen para frear o fen\u00f3meno especulativo dos pisos tur\u00edsticos na cidade -","isPartOf":{"@id":"https:\/\/www.anovapeneira.gal\/#website"},"primaryImageOfPage":{"@id":"https:\/\/www.anovapeneira.gal\/index.php\/2020\/05\/29\/o-bng-de-vigo-demanda-que-xunta-e-concello-actuen-para-frear-o-fenomeno-especulativo-dos-pisos-turisticos-na-cidade\/#primaryimage"},"image":{"@id":"https:\/\/www.anovapeneira.gal\/index.php\/2020\/05\/29\/o-bng-de-vigo-demanda-que-xunta-e-concello-actuen-para-frear-o-fenomeno-especulativo-dos-pisos-turisticos-na-cidade\/#primaryimage"},"thumbnailUrl":"https:\/\/www.anovapeneira.gal\/wp-content\/uploads\/2019\/07\/bng_logo.jpg","datePublished":"2020-05-29T08:00:32+00:00","breadcrumb":{"@id":"https:\/\/www.anovapeneira.gal\/index.php\/2020\/05\/29\/o-bng-de-vigo-demanda-que-xunta-e-concello-actuen-para-frear-o-fenomeno-especulativo-dos-pisos-turisticos-na-cidade\/#breadcrumb"},"inLanguage":"gl-ES","potentialAction":[{"@type":"ReadAction","target":["https:\/\/www.anovapeneira.gal\/index.php\/2020\/05\/29\/o-bng-de-vigo-demanda-que-xunta-e-concello-actuen-para-frear-o-fenomeno-especulativo-dos-pisos-turisticos-na-cidade\/"]}]},{"@type":"ImageObject","inLanguage":"gl-ES","@id":"https:\/\/www.anovapeneira.gal\/index.php\/2020\/05\/29\/o-bng-de-vigo-demanda-que-xunta-e-concello-actuen-para-frear-o-fenomeno-especulativo-dos-pisos-turisticos-na-cidade\/#primaryimage","url":"https:\/\/www.anovapeneira.gal\/wp-content\/uploads\/2019\/07\/bng_logo.jpg","contentUrl":"https:\/\/www.anovapeneira.gal\/wp-content\/uploads\/2019\/07\/bng_logo.jpg","width":720,"height":473,"caption":"BNG A Nova Peneira"},{"@type":"BreadcrumbList","@id":"https:\/\/www.anovapeneira.gal\/index.php\/2020\/05\/29\/o-bng-de-vigo-demanda-que-xunta-e-concello-actuen-para-frear-o-fenomeno-especulativo-dos-pisos-turisticos-na-cidade\/#breadcrumb","itemListElement":[{"@type":"ListItem","position":1,"name":"Portada","item":"https:\/\/www.anovapeneira.gal\/"},{"@type":"ListItem","position":2,"name":"O BNG de Vigo demanda que Xunta e Concello act\u00faen para frear o fen\u00f3meno especulativo dos pisos tur\u00edsticos na cidade"}]},{"@type":"WebSite","@id":"https:\/\/www.anovapeneira.gal\/#website","url":"https:\/\/www.anovapeneira.gal\/","name":"","description":"Xornal galego de informaci\u00f3n xeral Publicaci\u00f3n mensual de novas de Galicia e en especial dos Concellos da sur da provincia de Pontevedra.","publisher":{"@id":"https:\/\/www.anovapeneira.gal\/#organization"},"potentialAction":[{"@type":"SearchAction","target":{"@type":"EntryPoint","urlTemplate":"https:\/\/www.anovapeneira.gal\/?s={search_term_string}"},"query-input":{"@type":"PropertyValueSpecification","valueRequired":true,"valueName":"search_term_string"}}],"inLanguage":"gl-ES"},{"@type":"Organization","@id":"https:\/\/www.anovapeneira.gal\/#organization","name":"A Nova Peneira","url":"https:\/\/www.anovapeneira.gal\/","logo":{"@type":"ImageObject","inLanguage":"gl-ES","@id":"https:\/\/www.anovapeneira.gal\/#\/schema\/logo\/image\/","url":"http:\/\/www.anovapeneira.gal\/wp-content\/uploads\/2019\/06\/logo_a_nova_peneira_portal_web.png","contentUrl":"http:\/\/www.anovapeneira.gal\/wp-content\/uploads\/2019\/06\/logo_a_nova_peneira_portal_web.png","width":300,"height":100,"caption":"A Nova Peneira"},"image":{"@id":"https:\/\/www.anovapeneira.gal\/#\/schema\/logo\/image\/"},"sameAs":["https:\/\/www.facebook.com\/anovapeneira","https:\/\/x.com\/APeneira"]},{"@type":"Person","@id":"https:\/\/www.anovapeneira.gal\/#\/schema\/person\/b93e3f8932e3f8da96334607eb6ac6aa","name":"Redacci\u00f3n A Nova Peneira","image":{"@type":"ImageObject","inLanguage":"gl-ES","@id":"https:\/\/secure.gravatar.com\/avatar\/c052a2551a06e23fac63626232eaa90abd78dbcf1700fc46a2b2c89fd27b735f?s=96&d=mm&r=g","url":"https:\/\/secure.gravatar.com\/avatar\/c052a2551a06e23fac63626232eaa90abd78dbcf1700fc46a2b2c89fd27b735f?s=96&d=mm&r=g","contentUrl":"https:\/\/secure.gravatar.com\/avatar\/c052a2551a06e23fac63626232eaa90abd78dbcf1700fc46a2b2c89fd27b735f?s=96&d=mm&r=g","caption":"Redacci\u00f3n A Nova Peneira"},"sameAs":["http:\/\/www.anovapeneira.gal\/"],"url":"https:\/\/www.anovapeneira.gal\/index.php\/author\/redactor\/"}]}},"jetpack_featured_media_url":"https:\/\/www.anovapeneira.gal\/wp-content\/uploads\/2019\/07\/bng_logo.jpg","_links":{"self":[{"href":"https:\/\/www.anovapeneira.gal\/index.php\/wp-json\/wp\/v2\/posts\/3198","targetHints":{"allow":["GET"]}}],"collection":[{"href":"https:\/\/www.anovapeneira.gal\/index.php\/wp-json\/wp\/v2\/posts"}],"about":[{"href":"https:\/\/www.anovapeneira.gal\/index.php\/wp-json\/wp\/v2\/types\/post"}],"author":[{"embeddable":true,"href":"https:\/\/www.anovapeneira.gal\/index.php\/wp-json\/wp\/v2\/users\/3"}],"replies":[{"embeddable":true,"href":"https:\/\/www.anovapeneira.gal\/index.php\/wp-json\/wp\/v2\/comments?post=3198"}],"version-history":[{"count":2,"href":"https:\/\/www.anovapeneira.gal\/index.php\/wp-json\/wp\/v2\/posts\/3198\/revisions"}],"predecessor-version":[{"id":3200,"href":"https:\/\/www.anovapeneira.gal\/index.php\/wp-json\/wp\/v2\/posts\/3198\/revisions\/3200"}],"wp:featuredmedia":[{"embeddable":true,"href":"https:\/\/www.anovapeneira.gal\/index.php\/wp-json\/wp\/v2\/media\/575"}],"wp:attachment":[{"href":"https:\/\/www.anovapeneira.gal\/index.php\/wp-json\/wp\/v2\/media?parent=3198"}],"wp:term":[{"taxonomy":"category","embeddable":true,"href":"https:\/\/www.anovapeneira.gal\/index.php\/wp-json\/wp\/v2\/categories?post=3198"},{"taxonomy":"post_tag","embeddable":true,"href":"https:\/\/www.anovapeneira.gal\/index.php\/wp-json\/wp\/v2\/tags?post=3198"}],"curies":[{"name":"wp","href":"https:\/\/api.w.org\/{rel}","templated":true}]}}