{"id":3201,"date":"2020-05-29T10:00:20","date_gmt":"2020-05-29T08:00:20","guid":{"rendered":"http:\/\/www.anovapeneira.gal\/?p=3201"},"modified":"2020-05-27T23:22:42","modified_gmt":"2020-05-27T21:22:42","slug":"o-concello-de-salceda-reabre-o-seu-mercadino-dos-mercores","status":"publish","type":"post","link":"https:\/\/www.anovapeneira.gal\/index.php\/2020\/05\/29\/o-concello-de-salceda-reabre-o-seu-mercadino-dos-mercores\/","title":{"rendered":"O Concello de Salceda reabre o seu mercadi\u00f1o dos m\u00e9rcores"},"content":{"rendered":"\n<p><strong>Salceda de Caselas,<\/strong> <strong>25 de maio de 2020<\/strong><\/p>\n\n\n\n<p>O Concello de Salceda de Caselas ven de anunciar a reanudaci\u00f3n do mercado semanal dos m\u00e9rcores a partires deste m\u00e9rcores 27 de maio, m\u00e1is de dous meses despois da s\u00faa suspensi\u00f3n por mor do decreto de estado de alarma. Nesta primeira fase volven os postos do sector agroalimentario, 15 no caso de Salceda de Caselas, o que sup\u00f3n algo menos do 25% dos postos totais do mercado. O sector t\u00e9xtil ter\u00e1 que agardar polo de agora a que as novas normas permitan o seu retorno con t\u00f3dalas garant\u00edas sanitarias.<\/p>\n\n\n\n<p>O Concello ten coordinado coa polic\u00eda local o dispositivo de funcionamento do mercado a partires deste m\u00e9rcores, coa colocaci\u00f3n de vallas e encintando que delimiten a zona de paso da clientela, asi como coa colocaci\u00f3n de carteler\u00eda ao longo de todo espazo, na que se recoller\u00e1n as normas a cumplir polas persoas que acudan a facer as s\u00faas compras. A polic\u00eda local velar\u00e1 polo cumprimento do aforo nestes postos, tal como se ven realizando xa nos \u00faltimos dous meses na praza de abastos.&nbsp;<\/p>\n\n\n\n<p>Lembran dende o Concello a obrigatoriedade de asistir con m\u00e1scaras protectoras a realizar as compras, as\u00ed como de gardar as distancias e cumprir coas instruci\u00f3ns que vaia indicando a propia polic\u00eda local, que neste caso contar\u00e1 co apoio de protecci\u00f3n civil.<\/p>\n\n\n\n<p>Ver\u00f3nica Tour\u00f3n, Concelleira de Comercio: \u201cdamos un pasi\u00f1o m\u00e1is na reactivaci\u00f3n da econom\u00eda local, e fac\u00e9molo en todo momento cumprindo as normas e garantindo a seguridade tanto para o sector ambulante como para a propia clientela\u201d.<\/p>\n\n\n\n<p>Loli Casti\u00f1eira, Alcaldesa de Salceda: \u201cIremos dando pasos na reactivaci\u00f3n dos moitos servizos municipais sempre que se poidan cumprir os protocolos, que resultan complexos e moi custosos. Apostamos pola nosa Praza de Abastos dende o comezo, e agora sumamos a activaci\u00f3n do mercado semanal\u201d.<\/p>\n","protected":false},"excerpt":{"rendered":"<div class=\"mh-excerpt\"><p>O Concello de Salceda de Caselas ven de anunciar a reanudaci\u00f3n do mercado semanal dos m\u00e9rcores a partires deste m\u00e9rcores 27 de maio <a class=\"mh-excerpt-more\" href=\"https:\/\/www.anovapeneira.gal\/index.php\/2020\/05\/29\/o-concello-de-salceda-reabre-o-seu-mercadino-dos-mercores\/\" title=\"O Concello de Salceda reabre o seu mercadi\u00f1o dos m\u00e9rcores\">[&#8230;]<\/a><\/p>\n<\/div>","protected":false},"author":3,"featured_media":3202,"comment_status":"open","ping_status":"open","sticky":false,"template":"","format":"standard","meta":{"_exactmetrics_skip_tracking":false,"_exactmetrics_sitenote_active":false,"_exactmetrics_sitenote_note":"","_exactmetrics_sitenote_category":0,"footnotes":""},"categories":[23],"tags":[359,1078],"class_list":{"0":"post-3201","1":"post","2":"type-post","3":"status-publish","4":"format-standard","5":"has-post-thumbnail","7":"category-a-lourina","8":"tag-concello-de-salceda-de-caselas","9":"tag-mercadino"},"yoast_head":"<!-- This site is optimized with the Yoast SEO plugin v27.4 - https:\/\/yoast.com\/product\/yoast-seo-wordpress\/ -->\n<title>O Concello de Salceda reabre o seu mercadi\u00f1o dos m\u00e9rcores -<\/title>\n<meta name=\"robots\" content=\"index, follow, max-snippet:-1, max-image-preview:large, max-video-preview:-1\" \/>\n<link rel=\"canonical\" href=\"https:\/\/www.anovapeneira.gal\/index.php\/2020\/05\/29\/o-concello-de-salceda-reabre-o-seu-mercadino-dos-mercores\/\" \/>\n<meta property=\"og:locale\" content=\"gl_ES\" \/>\n<meta property=\"og:type\" content=\"article\" \/>\n<meta property=\"og:title\" content=\"O Concello de Salceda reabre o seu mercadi\u00f1o dos m\u00e9rcores -\" \/>\n<meta property=\"og:description\" content=\"O Concello de Salceda de Caselas ven de anunciar a reanudaci\u00f3n do mercado semanal dos m\u00e9rcores a partires deste m\u00e9rcores 27 de maio [...]\" \/>\n<meta property=\"og:url\" content=\"https:\/\/www.anovapeneira.gal\/index.php\/2020\/05\/29\/o-concello-de-salceda-reabre-o-seu-mercadino-dos-mercores\/\" \/>\n<meta property=\"article:publisher\" content=\"https:\/\/www.facebook.com\/anovapeneira\" \/>\n<meta property=\"article:published_time\" content=\"2020-05-29T08:00:20+00:00\" \/>\n<meta property=\"og:image\" content=\"https:\/\/www.anovapeneira.gal\/wp-content\/uploads\/2020\/05\/mercado_salceda_a_nova_peneira.jpg\" \/>\n\t<meta property=\"og:image:width\" content=\"720\" \/>\n\t<meta property=\"og:image:height\" content=\"432\" \/>\n\t<meta property=\"og:image:type\" content=\"image\/jpeg\" \/>\n<meta name=\"author\" content=\"Redacci\u00f3n A Nova Peneira\" \/>\n<meta name=\"twitter:card\" content=\"summary_large_image\" \/>\n<meta name=\"twitter:creator\" content=\"@APeneira\" \/>\n<meta name=\"twitter:site\" content=\"@APeneira\" \/>\n<meta name=\"twitter:label1\" content=\"Escrito por\" \/>\n\t<meta name=\"twitter:data1\" content=\"Redacci\u00f3n A Nova Peneira\" \/>\n\t<meta name=\"twitter:label2\" content=\"Tempo de lectura\" \/>\n\t<meta name=\"twitter:data2\" content=\"2 minutos\" \/>\n<script type=\"application\/ld+json\" class=\"yoast-schema-graph\">{\"@context\":\"https:\\\/\\\/schema.org\",\"@graph\":[{\"@type\":\"Article\",\"@id\":\"https:\\\/\\\/www.anovapeneira.gal\\\/index.php\\\/2020\\\/05\\\/29\\\/o-concello-de-salceda-reabre-o-seu-mercadino-dos-mercores\\\/#article\",\"isPartOf\":{\"@id\":\"https:\\\/\\\/www.anovapeneira.gal\\\/index.php\\\/2020\\\/05\\\/29\\\/o-concello-de-salceda-reabre-o-seu-mercadino-dos-mercores\\\/\"},\"author\":{\"name\":\"Redacci\u00f3n A Nova Peneira\",\"@id\":\"https:\\\/\\\/www.anovapeneira.gal\\\/#\\\/schema\\\/person\\\/b93e3f8932e3f8da96334607eb6ac6aa\"},\"headline\":\"O Concello de Salceda reabre o seu mercadi\u00f1o dos m\u00e9rcores\",\"datePublished\":\"2020-05-29T08:00:20+00:00\",\"mainEntityOfPage\":{\"@id\":\"https:\\\/\\\/www.anovapeneira.gal\\\/index.php\\\/2020\\\/05\\\/29\\\/o-concello-de-salceda-reabre-o-seu-mercadino-dos-mercores\\\/\"},\"wordCount\":341,\"commentCount\":0,\"publisher\":{\"@id\":\"https:\\\/\\\/www.anovapeneira.gal\\\/#organization\"},\"image\":{\"@id\":\"https:\\\/\\\/www.anovapeneira.gal\\\/index.php\\\/2020\\\/05\\\/29\\\/o-concello-de-salceda-reabre-o-seu-mercadino-dos-mercores\\\/#primaryimage\"},\"thumbnailUrl\":\"https:\\\/\\\/www.anovapeneira.gal\\\/wp-content\\\/uploads\\\/2020\\\/05\\\/mercado_salceda_a_nova_peneira.jpg\",\"keywords\":[\"Concello de Salceda de Caselas\",\"Mercadi\u00f1o\"],\"articleSection\":[\"A Louri\u00f1a\"],\"inLanguage\":\"gl-ES\",\"potentialAction\":[{\"@type\":\"CommentAction\",\"name\":\"Comment\",\"target\":[\"https:\\\/\\\/www.anovapeneira.gal\\\/index.php\\\/2020\\\/05\\\/29\\\/o-concello-de-salceda-reabre-o-seu-mercadino-dos-mercores\\\/#respond\"]}]},{\"@type\":\"WebPage\",\"@id\":\"https:\\\/\\\/www.anovapeneira.gal\\\/index.php\\\/2020\\\/05\\\/29\\\/o-concello-de-salceda-reabre-o-seu-mercadino-dos-mercores\\\/\",\"url\":\"https:\\\/\\\/www.anovapeneira.gal\\\/index.php\\\/2020\\\/05\\\/29\\\/o-concello-de-salceda-reabre-o-seu-mercadino-dos-mercores\\\/\",\"name\":\"O Concello de Salceda reabre o seu mercadi\u00f1o dos m\u00e9rcores -\",\"isPartOf\":{\"@id\":\"https:\\\/\\\/www.anovapeneira.gal\\\/#website\"},\"primaryImageOfPage\":{\"@id\":\"https:\\\/\\\/www.anovapeneira.gal\\\/index.php\\\/2020\\\/05\\\/29\\\/o-concello-de-salceda-reabre-o-seu-mercadino-dos-mercores\\\/#primaryimage\"},\"image\":{\"@id\":\"https:\\\/\\\/www.anovapeneira.gal\\\/index.php\\\/2020\\\/05\\\/29\\\/o-concello-de-salceda-reabre-o-seu-mercadino-dos-mercores\\\/#primaryimage\"},\"thumbnailUrl\":\"https:\\\/\\\/www.anovapeneira.gal\\\/wp-content\\\/uploads\\\/2020\\\/05\\\/mercado_salceda_a_nova_peneira.jpg\",\"datePublished\":\"2020-05-29T08:00:20+00:00\",\"breadcrumb\":{\"@id\":\"https:\\\/\\\/www.anovapeneira.gal\\\/index.php\\\/2020\\\/05\\\/29\\\/o-concello-de-salceda-reabre-o-seu-mercadino-dos-mercores\\\/#breadcrumb\"},\"inLanguage\":\"gl-ES\",\"potentialAction\":[{\"@type\":\"ReadAction\",\"target\":[\"https:\\\/\\\/www.anovapeneira.gal\\\/index.php\\\/2020\\\/05\\\/29\\\/o-concello-de-salceda-reabre-o-seu-mercadino-dos-mercores\\\/\"]}]},{\"@type\":\"ImageObject\",\"inLanguage\":\"gl-ES\",\"@id\":\"https:\\\/\\\/www.anovapeneira.gal\\\/index.php\\\/2020\\\/05\\\/29\\\/o-concello-de-salceda-reabre-o-seu-mercadino-dos-mercores\\\/#primaryimage\",\"url\":\"https:\\\/\\\/www.anovapeneira.gal\\\/wp-content\\\/uploads\\\/2020\\\/05\\\/mercado_salceda_a_nova_peneira.jpg\",\"contentUrl\":\"https:\\\/\\\/www.anovapeneira.gal\\\/wp-content\\\/uploads\\\/2020\\\/05\\\/mercado_salceda_a_nova_peneira.jpg\",\"width\":720,\"height\":432,\"caption\":\"Mercadi\u00f1o Salceda de Caselas A Nova Peneira\"},{\"@type\":\"BreadcrumbList\",\"@id\":\"https:\\\/\\\/www.anovapeneira.gal\\\/index.php\\\/2020\\\/05\\\/29\\\/o-concello-de-salceda-reabre-o-seu-mercadino-dos-mercores\\\/#breadcrumb\",\"itemListElement\":[{\"@type\":\"ListItem\",\"position\":1,\"name\":\"Portada\",\"item\":\"https:\\\/\\\/www.anovapeneira.gal\\\/\"},{\"@type\":\"ListItem\",\"position\":2,\"name\":\"O Concello de Salceda reabre o seu mercadi\u00f1o dos m\u00e9rcores\"}]},{\"@type\":\"WebSite\",\"@id\":\"https:\\\/\\\/www.anovapeneira.gal\\\/#website\",\"url\":\"https:\\\/\\\/www.anovapeneira.gal\\\/\",\"name\":\"\",\"description\":\"Xornal galego de informaci\u00f3n xeral Publicaci\u00f3n mensual de novas de Galicia e en especial dos Concellos da sur da provincia de Pontevedra.\",\"publisher\":{\"@id\":\"https:\\\/\\\/www.anovapeneira.gal\\\/#organization\"},\"potentialAction\":[{\"@type\":\"SearchAction\",\"target\":{\"@type\":\"EntryPoint\",\"urlTemplate\":\"https:\\\/\\\/www.anovapeneira.gal\\\/?s={search_term_string}\"},\"query-input\":{\"@type\":\"PropertyValueSpecification\",\"valueRequired\":true,\"valueName\":\"search_term_string\"}}],\"inLanguage\":\"gl-ES\"},{\"@type\":\"Organization\",\"@id\":\"https:\\\/\\\/www.anovapeneira.gal\\\/#organization\",\"name\":\"A Nova Peneira\",\"url\":\"https:\\\/\\\/www.anovapeneira.gal\\\/\",\"logo\":{\"@type\":\"ImageObject\",\"inLanguage\":\"gl-ES\",\"@id\":\"https:\\\/\\\/www.anovapeneira.gal\\\/#\\\/schema\\\/logo\\\/image\\\/\",\"url\":\"http:\\\/\\\/www.anovapeneira.gal\\\/wp-content\\\/uploads\\\/2019\\\/06\\\/logo_a_nova_peneira_portal_web.png\",\"contentUrl\":\"http:\\\/\\\/www.anovapeneira.gal\\\/wp-content\\\/uploads\\\/2019\\\/06\\\/logo_a_nova_peneira_portal_web.png\",\"width\":300,\"height\":100,\"caption\":\"A Nova Peneira\"},\"image\":{\"@id\":\"https:\\\/\\\/www.anovapeneira.gal\\\/#\\\/schema\\\/logo\\\/image\\\/\"},\"sameAs\":[\"https:\\\/\\\/www.facebook.com\\\/anovapeneira\",\"https:\\\/\\\/x.com\\\/APeneira\"]},{\"@type\":\"Person\",\"@id\":\"https:\\\/\\\/www.anovapeneira.gal\\\/#\\\/schema\\\/person\\\/b93e3f8932e3f8da96334607eb6ac6aa\",\"name\":\"Redacci\u00f3n A Nova Peneira\",\"image\":{\"@type\":\"ImageObject\",\"inLanguage\":\"gl-ES\",\"@id\":\"https:\\\/\\\/secure.gravatar.com\\\/avatar\\\/c052a2551a06e23fac63626232eaa90abd78dbcf1700fc46a2b2c89fd27b735f?s=96&d=mm&r=g\",\"url\":\"https:\\\/\\\/secure.gravatar.com\\\/avatar\\\/c052a2551a06e23fac63626232eaa90abd78dbcf1700fc46a2b2c89fd27b735f?s=96&d=mm&r=g\",\"contentUrl\":\"https:\\\/\\\/secure.gravatar.com\\\/avatar\\\/c052a2551a06e23fac63626232eaa90abd78dbcf1700fc46a2b2c89fd27b735f?s=96&d=mm&r=g\",\"caption\":\"Redacci\u00f3n A Nova Peneira\"},\"sameAs\":[\"http:\\\/\\\/www.anovapeneira.gal\\\/\"],\"url\":\"https:\\\/\\\/www.anovapeneira.gal\\\/index.php\\\/author\\\/redactor\\\/\"}]}<\/script>\n<!-- \/ Yoast SEO plugin. -->","yoast_head_json":{"title":"O Concello de Salceda reabre o seu mercadi\u00f1o dos m\u00e9rcores -","robots":{"index":"index","follow":"follow","max-snippet":"max-snippet:-1","max-image-preview":"max-image-preview:large","max-video-preview":"max-video-preview:-1"},"canonical":"https:\/\/www.anovapeneira.gal\/index.php\/2020\/05\/29\/o-concello-de-salceda-reabre-o-seu-mercadino-dos-mercores\/","og_locale":"gl_ES","og_type":"article","og_title":"O Concello de Salceda reabre o seu mercadi\u00f1o dos m\u00e9rcores -","og_description":"O Concello de Salceda de Caselas ven de anunciar a reanudaci\u00f3n do mercado semanal dos m\u00e9rcores a partires deste m\u00e9rcores 27 de maio [...]","og_url":"https:\/\/www.anovapeneira.gal\/index.php\/2020\/05\/29\/o-concello-de-salceda-reabre-o-seu-mercadino-dos-mercores\/","article_publisher":"https:\/\/www.facebook.com\/anovapeneira","article_published_time":"2020-05-29T08:00:20+00:00","og_image":[{"width":720,"height":432,"url":"https:\/\/www.anovapeneira.gal\/wp-content\/uploads\/2020\/05\/mercado_salceda_a_nova_peneira.jpg","type":"image\/jpeg"}],"author":"Redacci\u00f3n A Nova Peneira","twitter_card":"summary_large_image","twitter_creator":"@APeneira","twitter_site":"@APeneira","twitter_misc":{"Escrito por":"Redacci\u00f3n A Nova Peneira","Tempo de lectura":"2 minutos"},"schema":{"@context":"https:\/\/schema.org","@graph":[{"@type":"Article","@id":"https:\/\/www.anovapeneira.gal\/index.php\/2020\/05\/29\/o-concello-de-salceda-reabre-o-seu-mercadino-dos-mercores\/#article","isPartOf":{"@id":"https:\/\/www.anovapeneira.gal\/index.php\/2020\/05\/29\/o-concello-de-salceda-reabre-o-seu-mercadino-dos-mercores\/"},"author":{"name":"Redacci\u00f3n A Nova Peneira","@id":"https:\/\/www.anovapeneira.gal\/#\/schema\/person\/b93e3f8932e3f8da96334607eb6ac6aa"},"headline":"O Concello de Salceda reabre o seu mercadi\u00f1o dos m\u00e9rcores","datePublished":"2020-05-29T08:00:20+00:00","mainEntityOfPage":{"@id":"https:\/\/www.anovapeneira.gal\/index.php\/2020\/05\/29\/o-concello-de-salceda-reabre-o-seu-mercadino-dos-mercores\/"},"wordCount":341,"commentCount":0,"publisher":{"@id":"https:\/\/www.anovapeneira.gal\/#organization"},"image":{"@id":"https:\/\/www.anovapeneira.gal\/index.php\/2020\/05\/29\/o-concello-de-salceda-reabre-o-seu-mercadino-dos-mercores\/#primaryimage"},"thumbnailUrl":"https:\/\/www.anovapeneira.gal\/wp-content\/uploads\/2020\/05\/mercado_salceda_a_nova_peneira.jpg","keywords":["Concello de Salceda de Caselas","Mercadi\u00f1o"],"articleSection":["A Louri\u00f1a"],"inLanguage":"gl-ES","potentialAction":[{"@type":"CommentAction","name":"Comment","target":["https:\/\/www.anovapeneira.gal\/index.php\/2020\/05\/29\/o-concello-de-salceda-reabre-o-seu-mercadino-dos-mercores\/#respond"]}]},{"@type":"WebPage","@id":"https:\/\/www.anovapeneira.gal\/index.php\/2020\/05\/29\/o-concello-de-salceda-reabre-o-seu-mercadino-dos-mercores\/","url":"https:\/\/www.anovapeneira.gal\/index.php\/2020\/05\/29\/o-concello-de-salceda-reabre-o-seu-mercadino-dos-mercores\/","name":"O Concello de Salceda reabre o seu mercadi\u00f1o dos m\u00e9rcores -","isPartOf":{"@id":"https:\/\/www.anovapeneira.gal\/#website"},"primaryImageOfPage":{"@id":"https:\/\/www.anovapeneira.gal\/index.php\/2020\/05\/29\/o-concello-de-salceda-reabre-o-seu-mercadino-dos-mercores\/#primaryimage"},"image":{"@id":"https:\/\/www.anovapeneira.gal\/index.php\/2020\/05\/29\/o-concello-de-salceda-reabre-o-seu-mercadino-dos-mercores\/#primaryimage"},"thumbnailUrl":"https:\/\/www.anovapeneira.gal\/wp-content\/uploads\/2020\/05\/mercado_salceda_a_nova_peneira.jpg","datePublished":"2020-05-29T08:00:20+00:00","breadcrumb":{"@id":"https:\/\/www.anovapeneira.gal\/index.php\/2020\/05\/29\/o-concello-de-salceda-reabre-o-seu-mercadino-dos-mercores\/#breadcrumb"},"inLanguage":"gl-ES","potentialAction":[{"@type":"ReadAction","target":["https:\/\/www.anovapeneira.gal\/index.php\/2020\/05\/29\/o-concello-de-salceda-reabre-o-seu-mercadino-dos-mercores\/"]}]},{"@type":"ImageObject","inLanguage":"gl-ES","@id":"https:\/\/www.anovapeneira.gal\/index.php\/2020\/05\/29\/o-concello-de-salceda-reabre-o-seu-mercadino-dos-mercores\/#primaryimage","url":"https:\/\/www.anovapeneira.gal\/wp-content\/uploads\/2020\/05\/mercado_salceda_a_nova_peneira.jpg","contentUrl":"https:\/\/www.anovapeneira.gal\/wp-content\/uploads\/2020\/05\/mercado_salceda_a_nova_peneira.jpg","width":720,"height":432,"caption":"Mercadi\u00f1o Salceda de Caselas A Nova Peneira"},{"@type":"BreadcrumbList","@id":"https:\/\/www.anovapeneira.gal\/index.php\/2020\/05\/29\/o-concello-de-salceda-reabre-o-seu-mercadino-dos-mercores\/#breadcrumb","itemListElement":[{"@type":"ListItem","position":1,"name":"Portada","item":"https:\/\/www.anovapeneira.gal\/"},{"@type":"ListItem","position":2,"name":"O Concello de Salceda reabre o seu mercadi\u00f1o dos m\u00e9rcores"}]},{"@type":"WebSite","@id":"https:\/\/www.anovapeneira.gal\/#website","url":"https:\/\/www.anovapeneira.gal\/","name":"","description":"Xornal galego de informaci\u00f3n xeral Publicaci\u00f3n mensual de novas de Galicia e en especial dos Concellos da sur da provincia de Pontevedra.","publisher":{"@id":"https:\/\/www.anovapeneira.gal\/#organization"},"potentialAction":[{"@type":"SearchAction","target":{"@type":"EntryPoint","urlTemplate":"https:\/\/www.anovapeneira.gal\/?s={search_term_string}"},"query-input":{"@type":"PropertyValueSpecification","valueRequired":true,"valueName":"search_term_string"}}],"inLanguage":"gl-ES"},{"@type":"Organization","@id":"https:\/\/www.anovapeneira.gal\/#organization","name":"A Nova Peneira","url":"https:\/\/www.anovapeneira.gal\/","logo":{"@type":"ImageObject","inLanguage":"gl-ES","@id":"https:\/\/www.anovapeneira.gal\/#\/schema\/logo\/image\/","url":"http:\/\/www.anovapeneira.gal\/wp-content\/uploads\/2019\/06\/logo_a_nova_peneira_portal_web.png","contentUrl":"http:\/\/www.anovapeneira.gal\/wp-content\/uploads\/2019\/06\/logo_a_nova_peneira_portal_web.png","width":300,"height":100,"caption":"A Nova Peneira"},"image":{"@id":"https:\/\/www.anovapeneira.gal\/#\/schema\/logo\/image\/"},"sameAs":["https:\/\/www.facebook.com\/anovapeneira","https:\/\/x.com\/APeneira"]},{"@type":"Person","@id":"https:\/\/www.anovapeneira.gal\/#\/schema\/person\/b93e3f8932e3f8da96334607eb6ac6aa","name":"Redacci\u00f3n A Nova Peneira","image":{"@type":"ImageObject","inLanguage":"gl-ES","@id":"https:\/\/secure.gravatar.com\/avatar\/c052a2551a06e23fac63626232eaa90abd78dbcf1700fc46a2b2c89fd27b735f?s=96&d=mm&r=g","url":"https:\/\/secure.gravatar.com\/avatar\/c052a2551a06e23fac63626232eaa90abd78dbcf1700fc46a2b2c89fd27b735f?s=96&d=mm&r=g","contentUrl":"https:\/\/secure.gravatar.com\/avatar\/c052a2551a06e23fac63626232eaa90abd78dbcf1700fc46a2b2c89fd27b735f?s=96&d=mm&r=g","caption":"Redacci\u00f3n A Nova Peneira"},"sameAs":["http:\/\/www.anovapeneira.gal\/"],"url":"https:\/\/www.anovapeneira.gal\/index.php\/author\/redactor\/"}]}},"jetpack_featured_media_url":"https:\/\/www.anovapeneira.gal\/wp-content\/uploads\/2020\/05\/mercado_salceda_a_nova_peneira.jpg","_links":{"self":[{"href":"https:\/\/www.anovapeneira.gal\/index.php\/wp-json\/wp\/v2\/posts\/3201","targetHints":{"allow":["GET"]}}],"collection":[{"href":"https:\/\/www.anovapeneira.gal\/index.php\/wp-json\/wp\/v2\/posts"}],"about":[{"href":"https:\/\/www.anovapeneira.gal\/index.php\/wp-json\/wp\/v2\/types\/post"}],"author":[{"embeddable":true,"href":"https:\/\/www.anovapeneira.gal\/index.php\/wp-json\/wp\/v2\/users\/3"}],"replies":[{"embeddable":true,"href":"https:\/\/www.anovapeneira.gal\/index.php\/wp-json\/wp\/v2\/comments?post=3201"}],"version-history":[{"count":1,"href":"https:\/\/www.anovapeneira.gal\/index.php\/wp-json\/wp\/v2\/posts\/3201\/revisions"}],"predecessor-version":[{"id":3203,"href":"https:\/\/www.anovapeneira.gal\/index.php\/wp-json\/wp\/v2\/posts\/3201\/revisions\/3203"}],"wp:featuredmedia":[{"embeddable":true,"href":"https:\/\/www.anovapeneira.gal\/index.php\/wp-json\/wp\/v2\/media\/3202"}],"wp:attachment":[{"href":"https:\/\/www.anovapeneira.gal\/index.php\/wp-json\/wp\/v2\/media?parent=3201"}],"wp:term":[{"taxonomy":"category","embeddable":true,"href":"https:\/\/www.anovapeneira.gal\/index.php\/wp-json\/wp\/v2\/categories?post=3201"},{"taxonomy":"post_tag","embeddable":true,"href":"https:\/\/www.anovapeneira.gal\/index.php\/wp-json\/wp\/v2\/tags?post=3201"}],"curies":[{"name":"wp","href":"https:\/\/api.w.org\/{rel}","templated":true}]}}