{"id":3204,"date":"2020-06-01T10:00:59","date_gmt":"2020-06-01T08:00:59","guid":{"rendered":"http:\/\/www.anovapeneira.gal\/?p=3204"},"modified":"2020-05-30T11:38:25","modified_gmt":"2020-05-30T09:38:25","slug":"o-fondo-galego-promove-cinco-proxectos-contra-o-covid-19-en-mozambique-e-guinea-bissau","status":"publish","type":"post","link":"https:\/\/www.anovapeneira.gal\/index.php\/2020\/06\/01\/o-fondo-galego-promove-cinco-proxectos-contra-o-covid-19-en-mozambique-e-guinea-bissau\/","title":{"rendered":"O Fondo Galego promove cinco proxectos contra o Covid-19 en Mozambique e Guinea-Bissau"},"content":{"rendered":"\n<h2 class=\"wp-block-heading\"><strong>Actuarase en \u00e1reas como a sensibilizaci\u00f3n da veci\u00f1anza, a dotaci\u00f3n de materiais de prevenci\u00f3n, o abastecemento de auga e a sa\u00fade da infancia<\/strong><\/h2>\n\n\n\n<p><strong>Pontevedra, 27 de maio de 2020<\/strong><\/p>\n\n\n\n<p>O\u00a0<a href=\"http:\/\/www.fondogalego.org\/web\/\">Fondo Galego de Cooperaci\u00f3n e Solidariedade<\/a>est\u00e1 a impulsar cinco proxectos para frear o impacto do coroavirus en Mozambique e Guinea-Bissau. Na semana en que se conmemora o\u00a0<strong>D\u00eda de \u00c1frica<\/strong>, a asociaci\u00f3n de concellos e deputaci\u00f3ns v\u00e9n de darlle luz verde ao investimento de<strong>98.126 euros<\/strong>na loita contra a pandemia, dos que 27.000 corresponden a achegas extraordinarias de dous dos seus socios, os concellos de\u00a0<strong>Cambre e Nar\u00f3n<\/strong>.<\/p>\n\n\n\n<p>En Guinea-Bissau traballarase co Goberno Rexional de&nbsp;<strong>Cacheu<\/strong>para sensibilizar \u00e1 veci\u00f1anza sobre o perigo que sup\u00f3n o Covid-19 e as medidas de precauci\u00f3n que deben tomar. Esta partida de emerxencia, que ascende a 15.000 euros, destinarase ademais \u00e1 distribuci\u00f3n de&nbsp;<strong>materiais de prevenci\u00f3n e alimentos<\/strong>entre as familias desfavorecidas. Cacheu \u00e9 a segunda rexi\u00f3n do pa\u00eds m\u00e1is afectada polo virus e corre un alto risco de propagaci\u00f3n debido aos altos \u00edndices de analfabetismo e pobreza. Entre as medidas decretadas para conter a pandemia \u00e1chase o confinamento, que dificulta a subsistencia dunha poboaci\u00f3n xa carente de recursos.<\/p>\n\n\n\n<p>\u00c1 <strong>Asociaci\u00f3n de Municipios Mozambicanos<\/strong>dest\u00ednanse 18.126 euros para adquirir diversos\u00a0<strong>produtos recomendados pola OMS<\/strong> para combater o coroavirus: t\u00faneles de desinfecci\u00f3n e bombas de pulverizaci\u00f3n para os mercados e terminais de autobuses, aparellos de medici\u00f3n de temperatura, m\u00e1scaras para as persoas vulnerables e para homes e mulleres dos mercados, etc. A intervenci\u00f3n centrarase en nove vilas das rexi\u00f3ns Sur e Norte onde est\u00e1n a aumentar os casos de persoas afectadas.<\/p>\n\n\n\n<figure class=\"wp-block-image size-large is-style-default\"><img loading=\"lazy\" decoding=\"async\" width=\"720\" height=\"432\" src=\"http:\/\/www.anovapeneira.gal\/wp-content\/uploads\/2020\/05\/asinar_adrian_irago_a_nova_peneira.jpg\" alt=\"Mozambique Dereitos Humanos\" class=\"wp-image-3206\" srcset=\"https:\/\/www.anovapeneira.gal\/wp-content\/uploads\/2020\/05\/asinar_adrian_irago_a_nova_peneira.jpg 720w, https:\/\/www.anovapeneira.gal\/wp-content\/uploads\/2020\/05\/asinar_adrian_irago_a_nova_peneira-300x180.jpg 300w\" sizes=\"auto, (max-width: 720px) 100vw, 720px\" \/><figcaption>Mellora das condici\u00f3ns sanitarias na provincia de Inhambane no centro de saude de Rio das Pedras. O centro, rehabilitado polo Fondo Galego de Cooperaci\u00f3n e Arquitectos sen Fronteiras, asiste a m\u00e1is de 250 persoas o d\u00eda con enfermidades como a tuberculosis, a malario ou o sida.<\/figcaption><\/figure>\n\n\n\n<p>Ata 30.000 euros orzament\u00e1ronse para o proxecto coa&nbsp;<strong>Funda\u00e7\u00e3o Encontro<\/strong>, que ten por obxectivo&nbsp;<strong>reducir a vulnerabilidade de nenos e nenas<\/strong>menores de seis anos a trav\u00e9s do acceso \u00e1 educaci\u00f3n e a sa\u00fade. A intervenci\u00f3n desenvolverase en catro comunidades rurais do Sur de Mozambique, que contan con cadanseu centro infantil, e mais nunha Unidade Sanitaria que fora constru\u00edda polo Fondo Galego e que agora se ampliar\u00e1 cunha nova sala de atenci\u00f3n materno-infantil. En canto \u00e1s escolas, ademais da compo\u00f1ente formativa nelas proporci\u00f3nanse d\u00faas comidas ao d\u00eda, co fin de frear elevada taxa de desnutrici\u00f3n e mortalidade na rapazada.<\/p>\n\n\n\n<p>Por outra parte, o Fondo Galego continuar\u00e1 apoiando a reconstruci\u00f3n da<strong>vila mozambicana de Nhamatanda<\/strong>, que o ano pasado resultou gravemente afectada polo cicl\u00f3n Idai. Destinaranse 20.000 euros a&nbsp;<strong>constru\u00edr un sistema de abastecemento<\/strong>de auga, tan necesaria no combate contra o coroavirus e outras enfermidades xa presentes na zona. Ademais, investiranse outros 15.000 euros na&nbsp;<strong>expansi\u00f3n da rede el\u00e9ctrica<\/strong>e a iluminaci\u00f3n p\u00fablica de dous barrios, de xeito que se loitar\u00e1 contra a pobreza reactivando sectores como o econ\u00f3mico e o educativo, pois nas escolas poder\u00e1 haber quendas nocturnas e favorecerase o desenvolvemento dos negocios locais.<\/p>\n\n\n\n<p>Con estas cinco li\u00f1as de acci\u00f3n, o Fondo Galego de Cooperaci\u00f3n e Solidariedade avanza no obxectivo de reducir as desigualdades e promover o desenvolvemento sostible dos pa\u00edses m\u00e1is empobrecidos, en li\u00f1a coa&nbsp;<strong>Axenda 2030<\/strong>. Especialmente, no contexto da crise global xerada pola pandemia do Covid-19, onde quedou patente que&nbsp;<strong>o mundo est\u00e1 fortemente interconectado<\/strong>e que os pa\u00edses deben traballar xuntos para erradicar o virus. As\u00ed se puxo tam\u00e9n de manifesto coa campa\u00f1a&nbsp;<a href=\"https:\/\/www.facebook.com\/pg\/FondoGalego\/videos\/?ref=page_internal\">#OsMunicipiosCooperan<\/a>, que o Fondo Galego v\u00e9n de promover nas redes sociais para&nbsp;<strong>po\u00f1er en valor a cooperaci\u00f3n internacional desde o local<\/strong>.<\/p>\n\n\n\n<p><strong>O Fondo Galego<\/strong><\/p>\n\n\n\n<p>O Fondo Galego de Cooperaci\u00f3n e Solidariedade est\u00e1 integrado por 98 concellos e as deputaci\u00f3ns de Pontevedra, A Coru\u00f1a e Lugo, que concentran a trav\u00e9s desta rede os seus esforzos no eido da cooperaci\u00f3n ao desenvolvemento. Gar\u00e1ntese deste xeito unha xesti\u00f3n profesional e transparente, as\u00ed como a realizaci\u00f3n de proxectos con impacto nos pa\u00edses do Sur e a sensibilizaci\u00f3n da sociedade galega a prol da solidariedade internacional.&nbsp;<strong>Reco\u00f1ecido como axencia municipal da cooperaci\u00f3n galega<\/strong>, desde a s\u00faa fundaci\u00f3n en 1997 o Fondo Galego ten desenvolvido m\u00e1is de 150 proxectos en preto de 30 pa\u00edses e promove numerosas actividades e materiais en relaci\u00f3n aos desequilibrios Norte-Sur.&nbsp;<\/p>\n","protected":false},"excerpt":{"rendered":"<div class=\"mh-excerpt\"><p>Actuarase en \u00e1reas como a sensibilizaci\u00f3n da veci\u00f1anza, a dotaci\u00f3n de materiais de prevenci\u00f3n, o abastecemento de auga e a sa\u00fade da infancia <a class=\"mh-excerpt-more\" href=\"https:\/\/www.anovapeneira.gal\/index.php\/2020\/06\/01\/o-fondo-galego-promove-cinco-proxectos-contra-o-covid-19-en-mozambique-e-guinea-bissau\/\" title=\"O Fondo Galego promove cinco proxectos contra o Covid-19 en Mozambique e Guinea-Bissau\">[&#8230;]<\/a><\/p>\n<\/div>","protected":false},"author":3,"featured_media":3205,"comment_status":"open","ping_status":"open","sticky":false,"template":"","format":"standard","meta":{"_exactmetrics_skip_tracking":false,"_exactmetrics_sitenote_active":false,"_exactmetrics_sitenote_note":"","_exactmetrics_sitenote_category":0,"footnotes":""},"categories":[263],"tags":[1040,674,1080,1079],"class_list":{"0":"post-3204","1":"post","2":"type-post","3":"status-publish","4":"format-standard","5":"has-post-thumbnail","7":"category-novas","8":"tag-covid-19","9":"tag-fondo-galego-de-cooperacion-e-solidariedade","10":"tag-guinea-bissau","11":"tag-mozambique"},"yoast_head":"<!-- This site is optimized with the Yoast SEO plugin v27.4 - https:\/\/yoast.com\/product\/yoast-seo-wordpress\/ -->\n<title>O Fondo Galego promove cinco proxectos contra o Covid-19 en Mozambique e Guinea-Bissau -<\/title>\n<meta name=\"robots\" content=\"index, follow, max-snippet:-1, max-image-preview:large, max-video-preview:-1\" \/>\n<link rel=\"canonical\" href=\"https:\/\/www.anovapeneira.gal\/index.php\/2020\/06\/01\/o-fondo-galego-promove-cinco-proxectos-contra-o-covid-19-en-mozambique-e-guinea-bissau\/\" \/>\n<meta property=\"og:locale\" content=\"gl_ES\" \/>\n<meta property=\"og:type\" content=\"article\" \/>\n<meta property=\"og:title\" content=\"O Fondo Galego promove cinco proxectos contra o Covid-19 en Mozambique e Guinea-Bissau -\" \/>\n<meta property=\"og:description\" content=\"Actuarase en \u00e1reas como a sensibilizaci\u00f3n da veci\u00f1anza, a dotaci\u00f3n de materiais de prevenci\u00f3n, o abastecemento de auga e a sa\u00fade da infancia [...]\" \/>\n<meta property=\"og:url\" content=\"https:\/\/www.anovapeneira.gal\/index.php\/2020\/06\/01\/o-fondo-galego-promove-cinco-proxectos-contra-o-covid-19-en-mozambique-e-guinea-bissau\/\" \/>\n<meta property=\"article:publisher\" content=\"https:\/\/www.facebook.com\/anovapeneira\" \/>\n<meta property=\"article:published_time\" content=\"2020-06-01T08:00:59+00:00\" \/>\n<meta property=\"og:image\" content=\"https:\/\/www.anovapeneira.gal\/wp-content\/uploads\/2020\/05\/familia_na_fudacao_encontro_a_nova_peneira.jpg\" \/>\n\t<meta property=\"og:image:width\" content=\"720\" \/>\n\t<meta property=\"og:image:height\" content=\"432\" \/>\n\t<meta property=\"og:image:type\" content=\"image\/jpeg\" \/>\n<meta name=\"author\" content=\"Redacci\u00f3n A Nova Peneira\" \/>\n<meta name=\"twitter:card\" content=\"summary_large_image\" \/>\n<meta name=\"twitter:creator\" content=\"@APeneira\" \/>\n<meta name=\"twitter:site\" content=\"@APeneira\" \/>\n<meta name=\"twitter:label1\" content=\"Escrito por\" \/>\n\t<meta name=\"twitter:data1\" content=\"Redacci\u00f3n A Nova Peneira\" \/>\n\t<meta name=\"twitter:label2\" content=\"Tempo de lectura\" \/>\n\t<meta name=\"twitter:data2\" content=\"4 minutos\" \/>\n<script type=\"application\/ld+json\" class=\"yoast-schema-graph\">{\"@context\":\"https:\\\/\\\/schema.org\",\"@graph\":[{\"@type\":\"Article\",\"@id\":\"https:\\\/\\\/www.anovapeneira.gal\\\/index.php\\\/2020\\\/06\\\/01\\\/o-fondo-galego-promove-cinco-proxectos-contra-o-covid-19-en-mozambique-e-guinea-bissau\\\/#article\",\"isPartOf\":{\"@id\":\"https:\\\/\\\/www.anovapeneira.gal\\\/index.php\\\/2020\\\/06\\\/01\\\/o-fondo-galego-promove-cinco-proxectos-contra-o-covid-19-en-mozambique-e-guinea-bissau\\\/\"},\"author\":{\"name\":\"Redacci\u00f3n A Nova Peneira\",\"@id\":\"https:\\\/\\\/www.anovapeneira.gal\\\/#\\\/schema\\\/person\\\/b93e3f8932e3f8da96334607eb6ac6aa\"},\"headline\":\"O Fondo Galego promove cinco proxectos contra o Covid-19 en Mozambique e Guinea-Bissau\",\"datePublished\":\"2020-06-01T08:00:59+00:00\",\"mainEntityOfPage\":{\"@id\":\"https:\\\/\\\/www.anovapeneira.gal\\\/index.php\\\/2020\\\/06\\\/01\\\/o-fondo-galego-promove-cinco-proxectos-contra-o-covid-19-en-mozambique-e-guinea-bissau\\\/\"},\"wordCount\":792,\"commentCount\":0,\"publisher\":{\"@id\":\"https:\\\/\\\/www.anovapeneira.gal\\\/#organization\"},\"image\":{\"@id\":\"https:\\\/\\\/www.anovapeneira.gal\\\/index.php\\\/2020\\\/06\\\/01\\\/o-fondo-galego-promove-cinco-proxectos-contra-o-covid-19-en-mozambique-e-guinea-bissau\\\/#primaryimage\"},\"thumbnailUrl\":\"https:\\\/\\\/www.anovapeneira.gal\\\/wp-content\\\/uploads\\\/2020\\\/05\\\/familia_na_fudacao_encontro_a_nova_peneira.jpg\",\"keywords\":[\"COVID-19\",\"Fondo Galego de Cooperaci\u00f3n e Solidariedade\",\"Guinea-Bissau\",\"Mozambique\"],\"articleSection\":[\"Novas\"],\"inLanguage\":\"gl-ES\",\"potentialAction\":[{\"@type\":\"CommentAction\",\"name\":\"Comment\",\"target\":[\"https:\\\/\\\/www.anovapeneira.gal\\\/index.php\\\/2020\\\/06\\\/01\\\/o-fondo-galego-promove-cinco-proxectos-contra-o-covid-19-en-mozambique-e-guinea-bissau\\\/#respond\"]}]},{\"@type\":\"WebPage\",\"@id\":\"https:\\\/\\\/www.anovapeneira.gal\\\/index.php\\\/2020\\\/06\\\/01\\\/o-fondo-galego-promove-cinco-proxectos-contra-o-covid-19-en-mozambique-e-guinea-bissau\\\/\",\"url\":\"https:\\\/\\\/www.anovapeneira.gal\\\/index.php\\\/2020\\\/06\\\/01\\\/o-fondo-galego-promove-cinco-proxectos-contra-o-covid-19-en-mozambique-e-guinea-bissau\\\/\",\"name\":\"O Fondo Galego promove cinco proxectos contra o Covid-19 en Mozambique e Guinea-Bissau -\",\"isPartOf\":{\"@id\":\"https:\\\/\\\/www.anovapeneira.gal\\\/#website\"},\"primaryImageOfPage\":{\"@id\":\"https:\\\/\\\/www.anovapeneira.gal\\\/index.php\\\/2020\\\/06\\\/01\\\/o-fondo-galego-promove-cinco-proxectos-contra-o-covid-19-en-mozambique-e-guinea-bissau\\\/#primaryimage\"},\"image\":{\"@id\":\"https:\\\/\\\/www.anovapeneira.gal\\\/index.php\\\/2020\\\/06\\\/01\\\/o-fondo-galego-promove-cinco-proxectos-contra-o-covid-19-en-mozambique-e-guinea-bissau\\\/#primaryimage\"},\"thumbnailUrl\":\"https:\\\/\\\/www.anovapeneira.gal\\\/wp-content\\\/uploads\\\/2020\\\/05\\\/familia_na_fudacao_encontro_a_nova_peneira.jpg\",\"datePublished\":\"2020-06-01T08:00:59+00:00\",\"breadcrumb\":{\"@id\":\"https:\\\/\\\/www.anovapeneira.gal\\\/index.php\\\/2020\\\/06\\\/01\\\/o-fondo-galego-promove-cinco-proxectos-contra-o-covid-19-en-mozambique-e-guinea-bissau\\\/#breadcrumb\"},\"inLanguage\":\"gl-ES\",\"potentialAction\":[{\"@type\":\"ReadAction\",\"target\":[\"https:\\\/\\\/www.anovapeneira.gal\\\/index.php\\\/2020\\\/06\\\/01\\\/o-fondo-galego-promove-cinco-proxectos-contra-o-covid-19-en-mozambique-e-guinea-bissau\\\/\"]}]},{\"@type\":\"ImageObject\",\"inLanguage\":\"gl-ES\",\"@id\":\"https:\\\/\\\/www.anovapeneira.gal\\\/index.php\\\/2020\\\/06\\\/01\\\/o-fondo-galego-promove-cinco-proxectos-contra-o-covid-19-en-mozambique-e-guinea-bissau\\\/#primaryimage\",\"url\":\"https:\\\/\\\/www.anovapeneira.gal\\\/wp-content\\\/uploads\\\/2020\\\/05\\\/familia_na_fudacao_encontro_a_nova_peneira.jpg\",\"contentUrl\":\"https:\\\/\\\/www.anovapeneira.gal\\\/wp-content\\\/uploads\\\/2020\\\/05\\\/familia_na_fudacao_encontro_a_nova_peneira.jpg\",\"width\":720,\"height\":432,\"caption\":\"Familia na Fundacao Encontro A Nova Peneira\"},{\"@type\":\"BreadcrumbList\",\"@id\":\"https:\\\/\\\/www.anovapeneira.gal\\\/index.php\\\/2020\\\/06\\\/01\\\/o-fondo-galego-promove-cinco-proxectos-contra-o-covid-19-en-mozambique-e-guinea-bissau\\\/#breadcrumb\",\"itemListElement\":[{\"@type\":\"ListItem\",\"position\":1,\"name\":\"Portada\",\"item\":\"https:\\\/\\\/www.anovapeneira.gal\\\/\"},{\"@type\":\"ListItem\",\"position\":2,\"name\":\"O Fondo Galego promove cinco proxectos contra o Covid-19 en Mozambique e Guinea-Bissau\"}]},{\"@type\":\"WebSite\",\"@id\":\"https:\\\/\\\/www.anovapeneira.gal\\\/#website\",\"url\":\"https:\\\/\\\/www.anovapeneira.gal\\\/\",\"name\":\"\",\"description\":\"Xornal galego de informaci\u00f3n xeral Publicaci\u00f3n mensual de novas de Galicia e en especial dos Concellos da sur da provincia de Pontevedra.\",\"publisher\":{\"@id\":\"https:\\\/\\\/www.anovapeneira.gal\\\/#organization\"},\"potentialAction\":[{\"@type\":\"SearchAction\",\"target\":{\"@type\":\"EntryPoint\",\"urlTemplate\":\"https:\\\/\\\/www.anovapeneira.gal\\\/?s={search_term_string}\"},\"query-input\":{\"@type\":\"PropertyValueSpecification\",\"valueRequired\":true,\"valueName\":\"search_term_string\"}}],\"inLanguage\":\"gl-ES\"},{\"@type\":\"Organization\",\"@id\":\"https:\\\/\\\/www.anovapeneira.gal\\\/#organization\",\"name\":\"A Nova Peneira\",\"url\":\"https:\\\/\\\/www.anovapeneira.gal\\\/\",\"logo\":{\"@type\":\"ImageObject\",\"inLanguage\":\"gl-ES\",\"@id\":\"https:\\\/\\\/www.anovapeneira.gal\\\/#\\\/schema\\\/logo\\\/image\\\/\",\"url\":\"http:\\\/\\\/www.anovapeneira.gal\\\/wp-content\\\/uploads\\\/2019\\\/06\\\/logo_a_nova_peneira_portal_web.png\",\"contentUrl\":\"http:\\\/\\\/www.anovapeneira.gal\\\/wp-content\\\/uploads\\\/2019\\\/06\\\/logo_a_nova_peneira_portal_web.png\",\"width\":300,\"height\":100,\"caption\":\"A Nova Peneira\"},\"image\":{\"@id\":\"https:\\\/\\\/www.anovapeneira.gal\\\/#\\\/schema\\\/logo\\\/image\\\/\"},\"sameAs\":[\"https:\\\/\\\/www.facebook.com\\\/anovapeneira\",\"https:\\\/\\\/x.com\\\/APeneira\"]},{\"@type\":\"Person\",\"@id\":\"https:\\\/\\\/www.anovapeneira.gal\\\/#\\\/schema\\\/person\\\/b93e3f8932e3f8da96334607eb6ac6aa\",\"name\":\"Redacci\u00f3n A Nova Peneira\",\"image\":{\"@type\":\"ImageObject\",\"inLanguage\":\"gl-ES\",\"@id\":\"https:\\\/\\\/secure.gravatar.com\\\/avatar\\\/c052a2551a06e23fac63626232eaa90abd78dbcf1700fc46a2b2c89fd27b735f?s=96&d=mm&r=g\",\"url\":\"https:\\\/\\\/secure.gravatar.com\\\/avatar\\\/c052a2551a06e23fac63626232eaa90abd78dbcf1700fc46a2b2c89fd27b735f?s=96&d=mm&r=g\",\"contentUrl\":\"https:\\\/\\\/secure.gravatar.com\\\/avatar\\\/c052a2551a06e23fac63626232eaa90abd78dbcf1700fc46a2b2c89fd27b735f?s=96&d=mm&r=g\",\"caption\":\"Redacci\u00f3n A Nova Peneira\"},\"sameAs\":[\"http:\\\/\\\/www.anovapeneira.gal\\\/\"],\"url\":\"https:\\\/\\\/www.anovapeneira.gal\\\/index.php\\\/author\\\/redactor\\\/\"}]}<\/script>\n<!-- \/ Yoast SEO plugin. -->","yoast_head_json":{"title":"O Fondo Galego promove cinco proxectos contra o Covid-19 en Mozambique e Guinea-Bissau -","robots":{"index":"index","follow":"follow","max-snippet":"max-snippet:-1","max-image-preview":"max-image-preview:large","max-video-preview":"max-video-preview:-1"},"canonical":"https:\/\/www.anovapeneira.gal\/index.php\/2020\/06\/01\/o-fondo-galego-promove-cinco-proxectos-contra-o-covid-19-en-mozambique-e-guinea-bissau\/","og_locale":"gl_ES","og_type":"article","og_title":"O Fondo Galego promove cinco proxectos contra o Covid-19 en Mozambique e Guinea-Bissau -","og_description":"Actuarase en \u00e1reas como a sensibilizaci\u00f3n da veci\u00f1anza, a dotaci\u00f3n de materiais de prevenci\u00f3n, o abastecemento de auga e a sa\u00fade da infancia [...]","og_url":"https:\/\/www.anovapeneira.gal\/index.php\/2020\/06\/01\/o-fondo-galego-promove-cinco-proxectos-contra-o-covid-19-en-mozambique-e-guinea-bissau\/","article_publisher":"https:\/\/www.facebook.com\/anovapeneira","article_published_time":"2020-06-01T08:00:59+00:00","og_image":[{"width":720,"height":432,"url":"https:\/\/www.anovapeneira.gal\/wp-content\/uploads\/2020\/05\/familia_na_fudacao_encontro_a_nova_peneira.jpg","type":"image\/jpeg"}],"author":"Redacci\u00f3n A Nova Peneira","twitter_card":"summary_large_image","twitter_creator":"@APeneira","twitter_site":"@APeneira","twitter_misc":{"Escrito por":"Redacci\u00f3n A Nova Peneira","Tempo de lectura":"4 minutos"},"schema":{"@context":"https:\/\/schema.org","@graph":[{"@type":"Article","@id":"https:\/\/www.anovapeneira.gal\/index.php\/2020\/06\/01\/o-fondo-galego-promove-cinco-proxectos-contra-o-covid-19-en-mozambique-e-guinea-bissau\/#article","isPartOf":{"@id":"https:\/\/www.anovapeneira.gal\/index.php\/2020\/06\/01\/o-fondo-galego-promove-cinco-proxectos-contra-o-covid-19-en-mozambique-e-guinea-bissau\/"},"author":{"name":"Redacci\u00f3n A Nova Peneira","@id":"https:\/\/www.anovapeneira.gal\/#\/schema\/person\/b93e3f8932e3f8da96334607eb6ac6aa"},"headline":"O Fondo Galego promove cinco proxectos contra o Covid-19 en Mozambique e Guinea-Bissau","datePublished":"2020-06-01T08:00:59+00:00","mainEntityOfPage":{"@id":"https:\/\/www.anovapeneira.gal\/index.php\/2020\/06\/01\/o-fondo-galego-promove-cinco-proxectos-contra-o-covid-19-en-mozambique-e-guinea-bissau\/"},"wordCount":792,"commentCount":0,"publisher":{"@id":"https:\/\/www.anovapeneira.gal\/#organization"},"image":{"@id":"https:\/\/www.anovapeneira.gal\/index.php\/2020\/06\/01\/o-fondo-galego-promove-cinco-proxectos-contra-o-covid-19-en-mozambique-e-guinea-bissau\/#primaryimage"},"thumbnailUrl":"https:\/\/www.anovapeneira.gal\/wp-content\/uploads\/2020\/05\/familia_na_fudacao_encontro_a_nova_peneira.jpg","keywords":["COVID-19","Fondo Galego de Cooperaci\u00f3n e Solidariedade","Guinea-Bissau","Mozambique"],"articleSection":["Novas"],"inLanguage":"gl-ES","potentialAction":[{"@type":"CommentAction","name":"Comment","target":["https:\/\/www.anovapeneira.gal\/index.php\/2020\/06\/01\/o-fondo-galego-promove-cinco-proxectos-contra-o-covid-19-en-mozambique-e-guinea-bissau\/#respond"]}]},{"@type":"WebPage","@id":"https:\/\/www.anovapeneira.gal\/index.php\/2020\/06\/01\/o-fondo-galego-promove-cinco-proxectos-contra-o-covid-19-en-mozambique-e-guinea-bissau\/","url":"https:\/\/www.anovapeneira.gal\/index.php\/2020\/06\/01\/o-fondo-galego-promove-cinco-proxectos-contra-o-covid-19-en-mozambique-e-guinea-bissau\/","name":"O Fondo Galego promove cinco proxectos contra o Covid-19 en Mozambique e Guinea-Bissau -","isPartOf":{"@id":"https:\/\/www.anovapeneira.gal\/#website"},"primaryImageOfPage":{"@id":"https:\/\/www.anovapeneira.gal\/index.php\/2020\/06\/01\/o-fondo-galego-promove-cinco-proxectos-contra-o-covid-19-en-mozambique-e-guinea-bissau\/#primaryimage"},"image":{"@id":"https:\/\/www.anovapeneira.gal\/index.php\/2020\/06\/01\/o-fondo-galego-promove-cinco-proxectos-contra-o-covid-19-en-mozambique-e-guinea-bissau\/#primaryimage"},"thumbnailUrl":"https:\/\/www.anovapeneira.gal\/wp-content\/uploads\/2020\/05\/familia_na_fudacao_encontro_a_nova_peneira.jpg","datePublished":"2020-06-01T08:00:59+00:00","breadcrumb":{"@id":"https:\/\/www.anovapeneira.gal\/index.php\/2020\/06\/01\/o-fondo-galego-promove-cinco-proxectos-contra-o-covid-19-en-mozambique-e-guinea-bissau\/#breadcrumb"},"inLanguage":"gl-ES","potentialAction":[{"@type":"ReadAction","target":["https:\/\/www.anovapeneira.gal\/index.php\/2020\/06\/01\/o-fondo-galego-promove-cinco-proxectos-contra-o-covid-19-en-mozambique-e-guinea-bissau\/"]}]},{"@type":"ImageObject","inLanguage":"gl-ES","@id":"https:\/\/www.anovapeneira.gal\/index.php\/2020\/06\/01\/o-fondo-galego-promove-cinco-proxectos-contra-o-covid-19-en-mozambique-e-guinea-bissau\/#primaryimage","url":"https:\/\/www.anovapeneira.gal\/wp-content\/uploads\/2020\/05\/familia_na_fudacao_encontro_a_nova_peneira.jpg","contentUrl":"https:\/\/www.anovapeneira.gal\/wp-content\/uploads\/2020\/05\/familia_na_fudacao_encontro_a_nova_peneira.jpg","width":720,"height":432,"caption":"Familia na Fundacao Encontro A Nova Peneira"},{"@type":"BreadcrumbList","@id":"https:\/\/www.anovapeneira.gal\/index.php\/2020\/06\/01\/o-fondo-galego-promove-cinco-proxectos-contra-o-covid-19-en-mozambique-e-guinea-bissau\/#breadcrumb","itemListElement":[{"@type":"ListItem","position":1,"name":"Portada","item":"https:\/\/www.anovapeneira.gal\/"},{"@type":"ListItem","position":2,"name":"O Fondo Galego promove cinco proxectos contra o Covid-19 en Mozambique e Guinea-Bissau"}]},{"@type":"WebSite","@id":"https:\/\/www.anovapeneira.gal\/#website","url":"https:\/\/www.anovapeneira.gal\/","name":"","description":"Xornal galego de informaci\u00f3n xeral Publicaci\u00f3n mensual de novas de Galicia e en especial dos Concellos da sur da provincia de Pontevedra.","publisher":{"@id":"https:\/\/www.anovapeneira.gal\/#organization"},"potentialAction":[{"@type":"SearchAction","target":{"@type":"EntryPoint","urlTemplate":"https:\/\/www.anovapeneira.gal\/?s={search_term_string}"},"query-input":{"@type":"PropertyValueSpecification","valueRequired":true,"valueName":"search_term_string"}}],"inLanguage":"gl-ES"},{"@type":"Organization","@id":"https:\/\/www.anovapeneira.gal\/#organization","name":"A Nova Peneira","url":"https:\/\/www.anovapeneira.gal\/","logo":{"@type":"ImageObject","inLanguage":"gl-ES","@id":"https:\/\/www.anovapeneira.gal\/#\/schema\/logo\/image\/","url":"http:\/\/www.anovapeneira.gal\/wp-content\/uploads\/2019\/06\/logo_a_nova_peneira_portal_web.png","contentUrl":"http:\/\/www.anovapeneira.gal\/wp-content\/uploads\/2019\/06\/logo_a_nova_peneira_portal_web.png","width":300,"height":100,"caption":"A Nova Peneira"},"image":{"@id":"https:\/\/www.anovapeneira.gal\/#\/schema\/logo\/image\/"},"sameAs":["https:\/\/www.facebook.com\/anovapeneira","https:\/\/x.com\/APeneira"]},{"@type":"Person","@id":"https:\/\/www.anovapeneira.gal\/#\/schema\/person\/b93e3f8932e3f8da96334607eb6ac6aa","name":"Redacci\u00f3n A Nova Peneira","image":{"@type":"ImageObject","inLanguage":"gl-ES","@id":"https:\/\/secure.gravatar.com\/avatar\/c052a2551a06e23fac63626232eaa90abd78dbcf1700fc46a2b2c89fd27b735f?s=96&d=mm&r=g","url":"https:\/\/secure.gravatar.com\/avatar\/c052a2551a06e23fac63626232eaa90abd78dbcf1700fc46a2b2c89fd27b735f?s=96&d=mm&r=g","contentUrl":"https:\/\/secure.gravatar.com\/avatar\/c052a2551a06e23fac63626232eaa90abd78dbcf1700fc46a2b2c89fd27b735f?s=96&d=mm&r=g","caption":"Redacci\u00f3n A Nova Peneira"},"sameAs":["http:\/\/www.anovapeneira.gal\/"],"url":"https:\/\/www.anovapeneira.gal\/index.php\/author\/redactor\/"}]}},"jetpack_featured_media_url":"https:\/\/www.anovapeneira.gal\/wp-content\/uploads\/2020\/05\/familia_na_fudacao_encontro_a_nova_peneira.jpg","_links":{"self":[{"href":"https:\/\/www.anovapeneira.gal\/index.php\/wp-json\/wp\/v2\/posts\/3204","targetHints":{"allow":["GET"]}}],"collection":[{"href":"https:\/\/www.anovapeneira.gal\/index.php\/wp-json\/wp\/v2\/posts"}],"about":[{"href":"https:\/\/www.anovapeneira.gal\/index.php\/wp-json\/wp\/v2\/types\/post"}],"author":[{"embeddable":true,"href":"https:\/\/www.anovapeneira.gal\/index.php\/wp-json\/wp\/v2\/users\/3"}],"replies":[{"embeddable":true,"href":"https:\/\/www.anovapeneira.gal\/index.php\/wp-json\/wp\/v2\/comments?post=3204"}],"version-history":[{"count":2,"href":"https:\/\/www.anovapeneira.gal\/index.php\/wp-json\/wp\/v2\/posts\/3204\/revisions"}],"predecessor-version":[{"id":3208,"href":"https:\/\/www.anovapeneira.gal\/index.php\/wp-json\/wp\/v2\/posts\/3204\/revisions\/3208"}],"wp:featuredmedia":[{"embeddable":true,"href":"https:\/\/www.anovapeneira.gal\/index.php\/wp-json\/wp\/v2\/media\/3205"}],"wp:attachment":[{"href":"https:\/\/www.anovapeneira.gal\/index.php\/wp-json\/wp\/v2\/media?parent=3204"}],"wp:term":[{"taxonomy":"category","embeddable":true,"href":"https:\/\/www.anovapeneira.gal\/index.php\/wp-json\/wp\/v2\/categories?post=3204"},{"taxonomy":"post_tag","embeddable":true,"href":"https:\/\/www.anovapeneira.gal\/index.php\/wp-json\/wp\/v2\/tags?post=3204"}],"curies":[{"name":"wp","href":"https:\/\/api.w.org\/{rel}","templated":true}]}}