{"id":3215,"date":"2020-06-02T12:00:11","date_gmt":"2020-06-02T10:00:11","guid":{"rendered":"http:\/\/www.anovapeneira.gal\/?p=3215"},"modified":"2020-05-30T12:06:26","modified_gmt":"2020-05-30T10:06:26","slug":"carlos-gomez-esixe-a-xunta-un-reforzo-de-costas-de-sanidade-acorde-a-importancia-e-potencialidade-turistica-do-val-minor","status":"publish","type":"post","link":"https:\/\/www.anovapeneira.gal\/index.php\/2020\/06\/02\/carlos-gomez-esixe-a-xunta-un-reforzo-de-costas-de-sanidade-acorde-a-importancia-e-potencialidade-turistica-do-val-minor\/","title":{"rendered":"Carlos G\u00f3mez esixe \u00e1 Xunta un reforzo de costas de sanidade \u201cacorde \u00e1 importancia e potencialidade tur\u00edstica do Val Mi\u00f1or\u201d"},"content":{"rendered":"\n<h2 class=\"wp-block-heading\"><strong>O presidente da Mancomunidade e alcalde de Baiona considera \u201cunha broma\u201d que o Sergas destine 1 m\u00e9dico e un auxiliar para atender a unha poboaci\u00f3n que se quintuplica durante o ver\u00e1n<\/strong><\/h2>\n\n\n\n<p><strong>Baiona, 29 de\u00a0maio de 2020<\/strong><\/p>\n\n\n\n<p>O presidente da Mancomunidade de Municipios do Val Mi\u00f1or e alcalde de Baiona, Carlos G\u00f3mez, esixiu hoxe \u00e1 administraci\u00f3n sanitaria da Xunta de Galicia que o co\u00f1ecido como reforzo de costas de sanidade \u201ccontemple os efectivos necesarios para dar cobertura \u00e1 veci\u00f1anza dunha zona que, durante a \u00e9poca estival, triplica a s\u00faa poboaci\u00f3n\u201d e que este ano mant\u00e9n as s\u00faas previsi\u00f3ns \u201cmalia que centradas fundamentalmente no turismo interior e de proximidade\u201d, sinalou G\u00f3mez.<\/p>\n\n\n\n<p>Eses datos contrastan coas previsi\u00f3ns do Sergas de destinar, para os tres municipios da mancomunidade \u2013Baiona, Nigr\u00e1n e Gondomar\u2013 \u201c1 m\u00e9dico\/a e un\/a auxiliar de enfermer\u00eda\u201d dato que foi cualificado polo rexedor baion\u00e9s como \u201cunha broma\u201d que deixar\u00eda desprotexida, sanitariamente, \u00e1 poboaci\u00f3n dos tres concellos.<\/p>\n\n\n\n<p>Carlos G\u00f3mez esixe que, cando menos, o Val Mi\u00f1or conte durante a \u00e9poca estival \u201ccon 2 ou 3 equipos de reforzo\u201d que permitan dar unha cobertura digna aos visitantes \u201cpero sobre todo aos nosos veci\u00f1os e veci\u00f1as\u201d.&nbsp;<\/p>\n\n\n\n<p>Ao mesmo tempo, dito reforzo contribuir\u00eda a \u201cdar un respiro m\u00e1is que merecido a un persoal sanitario que, nestes \u00faltimos meses, amosou unha capacidade de traballo e sacrificio moi por enriba do esixible e que agora precisan dun m\u00ednimo descanso\u201d, engade G\u00f3mez.<\/p>\n\n\n\n<p>O presidente da Mancomunidade de Municipios do Val Mi\u00f1or esixiu da Xunta de Galicia \u201cque asuma dunha vez por todas as s\u00faas competencias\u201d e que \u201ca mesma presa que ten para convocar unhas elecci\u00f3ns \u2013afirma con rotundidade Carlos G\u00f3mez\u2013 a te\u00f1a para asumir as s\u00faas responsabilidades\u201d.<\/p>\n\n\n\n<p>G\u00f3mez subli\u00f1ou que durante a crise sanitaria \u201cque a\u00ednda se vive e que non rematou\u201d os concellos tiveron que dar soluci\u00f3ns \u00e1 s\u00faa veci\u00f1anza en materia de comercio, transportes, seguridade sanitaria ou mesmo ensino, \u201casuntos que competen \u00e1 Xunta de Galicia que estivo totalmente desaparecida cando m\u00e1is se precisou dela\u201d.<\/p>\n\n\n\n<p>\u201cAgora \u00e9 o momento de, cando menos, amosar certo agradecemento ao sacrificio que fixeron os concellos po\u00f1endo ao servizo da s\u00faa veci\u00f1anza, todos os seus recursos\u201d. En lugar diso, concl\u00fae o presidente da Mancomunidade de Municipios do Val Mi\u00f1or, \u201cv\u00f3lvesenos a deixar cunha cobertura sanitaria de reforzo que, nunha situaci\u00f3n normal xa ser\u00eda rid\u00edcula, e que o \u00e9 a\u00ednda m\u00e1is cunha pandemia que a\u00ednda non rematou, por moito que a Xunta pense, tal e como o demostran as presas pola convocatoria de elecci\u00f3ns\u201d.<\/p>\n","protected":false},"excerpt":{"rendered":"<div class=\"mh-excerpt\"><p>O presidente da Mancomunidade e alcalde de Baiona considera \u201cunha broma\u201d que o Sergas destine 1 m\u00e9dico e un auxiliar para atender a unha poboaci\u00f3n que se quintuplica durante o ver\u00e1n <a class=\"mh-excerpt-more\" href=\"https:\/\/www.anovapeneira.gal\/index.php\/2020\/06\/02\/carlos-gomez-esixe-a-xunta-un-reforzo-de-costas-de-sanidade-acorde-a-importancia-e-potencialidade-turistica-do-val-minor\/\" title=\"Carlos G\u00f3mez esixe \u00e1 Xunta un reforzo de costas de sanidade \u201cacorde \u00e1 importancia e potencialidade tur\u00edstica do Val Mi\u00f1or\u201d\">[&#8230;]<\/a><\/p>\n<\/div>","protected":false},"author":3,"featured_media":3216,"comment_status":"open","ping_status":"open","sticky":false,"template":"","format":"standard","meta":{"_exactmetrics_skip_tracking":false,"_exactmetrics_sitenote_active":false,"_exactmetrics_sitenote_note":"","_exactmetrics_sitenote_category":0,"footnotes":""},"categories":[20],"tags":[664,129],"class_list":{"0":"post-3215","1":"post","2":"type-post","3":"status-publish","4":"format-standard","5":"has-post-thumbnail","7":"category-val-minor","8":"tag-concello-de-baiona","9":"tag-sanidade"},"yoast_head":"<!-- This site is optimized with the Yoast SEO plugin v27.4 - https:\/\/yoast.com\/product\/yoast-seo-wordpress\/ -->\n<title>Carlos G\u00f3mez esixe \u00e1 Xunta un reforzo de costas de sanidade \u201cacorde \u00e1 importancia e potencialidade tur\u00edstica do Val Mi\u00f1or\u201d -<\/title>\n<meta name=\"robots\" content=\"index, follow, max-snippet:-1, max-image-preview:large, max-video-preview:-1\" \/>\n<link rel=\"canonical\" href=\"https:\/\/www.anovapeneira.gal\/index.php\/2020\/06\/02\/carlos-gomez-esixe-a-xunta-un-reforzo-de-costas-de-sanidade-acorde-a-importancia-e-potencialidade-turistica-do-val-minor\/\" \/>\n<meta property=\"og:locale\" content=\"gl_ES\" \/>\n<meta property=\"og:type\" content=\"article\" \/>\n<meta property=\"og:title\" content=\"Carlos G\u00f3mez esixe \u00e1 Xunta un reforzo de costas de sanidade \u201cacorde \u00e1 importancia e potencialidade tur\u00edstica do Val Mi\u00f1or\u201d -\" \/>\n<meta property=\"og:description\" content=\"O presidente da Mancomunidade e alcalde de Baiona considera \u201cunha broma\u201d que o Sergas destine 1 m\u00e9dico e un auxiliar para atender a unha poboaci\u00f3n que se quintuplica durante o ver\u00e1n [...]\" \/>\n<meta property=\"og:url\" content=\"https:\/\/www.anovapeneira.gal\/index.php\/2020\/06\/02\/carlos-gomez-esixe-a-xunta-un-reforzo-de-costas-de-sanidade-acorde-a-importancia-e-potencialidade-turistica-do-val-minor\/\" \/>\n<meta property=\"article:publisher\" content=\"https:\/\/www.facebook.com\/anovapeneira\" \/>\n<meta property=\"article:published_time\" content=\"2020-06-02T10:00:11+00:00\" \/>\n<meta property=\"og:image\" content=\"https:\/\/www.anovapeneira.gal\/wp-content\/uploads\/2020\/05\/baiona_monte_boi_estelas.jpg\" \/>\n\t<meta property=\"og:image:width\" content=\"720\" \/>\n\t<meta property=\"og:image:height\" content=\"432\" \/>\n\t<meta property=\"og:image:type\" content=\"image\/jpeg\" \/>\n<meta name=\"author\" content=\"Redacci\u00f3n A Nova Peneira\" \/>\n<meta name=\"twitter:card\" content=\"summary_large_image\" \/>\n<meta name=\"twitter:creator\" content=\"@APeneira\" \/>\n<meta name=\"twitter:site\" content=\"@APeneira\" \/>\n<meta name=\"twitter:label1\" content=\"Escrito por\" \/>\n\t<meta name=\"twitter:data1\" content=\"Redacci\u00f3n A Nova Peneira\" \/>\n\t<meta name=\"twitter:label2\" content=\"Tempo de lectura\" \/>\n\t<meta name=\"twitter:data2\" content=\"2 minutos\" \/>\n<script type=\"application\/ld+json\" class=\"yoast-schema-graph\">{\"@context\":\"https:\\\/\\\/schema.org\",\"@graph\":[{\"@type\":\"Article\",\"@id\":\"https:\\\/\\\/www.anovapeneira.gal\\\/index.php\\\/2020\\\/06\\\/02\\\/carlos-gomez-esixe-a-xunta-un-reforzo-de-costas-de-sanidade-acorde-a-importancia-e-potencialidade-turistica-do-val-minor\\\/#article\",\"isPartOf\":{\"@id\":\"https:\\\/\\\/www.anovapeneira.gal\\\/index.php\\\/2020\\\/06\\\/02\\\/carlos-gomez-esixe-a-xunta-un-reforzo-de-costas-de-sanidade-acorde-a-importancia-e-potencialidade-turistica-do-val-minor\\\/\"},\"author\":{\"name\":\"Redacci\u00f3n A Nova Peneira\",\"@id\":\"https:\\\/\\\/www.anovapeneira.gal\\\/#\\\/schema\\\/person\\\/b93e3f8932e3f8da96334607eb6ac6aa\"},\"headline\":\"Carlos G\u00f3mez esixe \u00e1 Xunta un reforzo de costas de sanidade \u201cacorde \u00e1 importancia e potencialidade tur\u00edstica do Val Mi\u00f1or\u201d\",\"datePublished\":\"2020-06-02T10:00:11+00:00\",\"mainEntityOfPage\":{\"@id\":\"https:\\\/\\\/www.anovapeneira.gal\\\/index.php\\\/2020\\\/06\\\/02\\\/carlos-gomez-esixe-a-xunta-un-reforzo-de-costas-de-sanidade-acorde-a-importancia-e-potencialidade-turistica-do-val-minor\\\/\"},\"wordCount\":479,\"commentCount\":0,\"publisher\":{\"@id\":\"https:\\\/\\\/www.anovapeneira.gal\\\/#organization\"},\"image\":{\"@id\":\"https:\\\/\\\/www.anovapeneira.gal\\\/index.php\\\/2020\\\/06\\\/02\\\/carlos-gomez-esixe-a-xunta-un-reforzo-de-costas-de-sanidade-acorde-a-importancia-e-potencialidade-turistica-do-val-minor\\\/#primaryimage\"},\"thumbnailUrl\":\"https:\\\/\\\/www.anovapeneira.gal\\\/wp-content\\\/uploads\\\/2020\\\/05\\\/baiona_monte_boi_estelas.jpg\",\"keywords\":[\"Concello de Baiona\",\"Sanidade\"],\"articleSection\":[\"Val Mi\u00f1or\"],\"inLanguage\":\"gl-ES\",\"potentialAction\":[{\"@type\":\"CommentAction\",\"name\":\"Comment\",\"target\":[\"https:\\\/\\\/www.anovapeneira.gal\\\/index.php\\\/2020\\\/06\\\/02\\\/carlos-gomez-esixe-a-xunta-un-reforzo-de-costas-de-sanidade-acorde-a-importancia-e-potencialidade-turistica-do-val-minor\\\/#respond\"]}]},{\"@type\":\"WebPage\",\"@id\":\"https:\\\/\\\/www.anovapeneira.gal\\\/index.php\\\/2020\\\/06\\\/02\\\/carlos-gomez-esixe-a-xunta-un-reforzo-de-costas-de-sanidade-acorde-a-importancia-e-potencialidade-turistica-do-val-minor\\\/\",\"url\":\"https:\\\/\\\/www.anovapeneira.gal\\\/index.php\\\/2020\\\/06\\\/02\\\/carlos-gomez-esixe-a-xunta-un-reforzo-de-costas-de-sanidade-acorde-a-importancia-e-potencialidade-turistica-do-val-minor\\\/\",\"name\":\"Carlos G\u00f3mez esixe \u00e1 Xunta un reforzo de costas de sanidade \u201cacorde \u00e1 importancia e potencialidade tur\u00edstica do Val Mi\u00f1or\u201d -\",\"isPartOf\":{\"@id\":\"https:\\\/\\\/www.anovapeneira.gal\\\/#website\"},\"primaryImageOfPage\":{\"@id\":\"https:\\\/\\\/www.anovapeneira.gal\\\/index.php\\\/2020\\\/06\\\/02\\\/carlos-gomez-esixe-a-xunta-un-reforzo-de-costas-de-sanidade-acorde-a-importancia-e-potencialidade-turistica-do-val-minor\\\/#primaryimage\"},\"image\":{\"@id\":\"https:\\\/\\\/www.anovapeneira.gal\\\/index.php\\\/2020\\\/06\\\/02\\\/carlos-gomez-esixe-a-xunta-un-reforzo-de-costas-de-sanidade-acorde-a-importancia-e-potencialidade-turistica-do-val-minor\\\/#primaryimage\"},\"thumbnailUrl\":\"https:\\\/\\\/www.anovapeneira.gal\\\/wp-content\\\/uploads\\\/2020\\\/05\\\/baiona_monte_boi_estelas.jpg\",\"datePublished\":\"2020-06-02T10:00:11+00:00\",\"breadcrumb\":{\"@id\":\"https:\\\/\\\/www.anovapeneira.gal\\\/index.php\\\/2020\\\/06\\\/02\\\/carlos-gomez-esixe-a-xunta-un-reforzo-de-costas-de-sanidade-acorde-a-importancia-e-potencialidade-turistica-do-val-minor\\\/#breadcrumb\"},\"inLanguage\":\"gl-ES\",\"potentialAction\":[{\"@type\":\"ReadAction\",\"target\":[\"https:\\\/\\\/www.anovapeneira.gal\\\/index.php\\\/2020\\\/06\\\/02\\\/carlos-gomez-esixe-a-xunta-un-reforzo-de-costas-de-sanidade-acorde-a-importancia-e-potencialidade-turistica-do-val-minor\\\/\"]}]},{\"@type\":\"ImageObject\",\"inLanguage\":\"gl-ES\",\"@id\":\"https:\\\/\\\/www.anovapeneira.gal\\\/index.php\\\/2020\\\/06\\\/02\\\/carlos-gomez-esixe-a-xunta-un-reforzo-de-costas-de-sanidade-acorde-a-importancia-e-potencialidade-turistica-do-val-minor\\\/#primaryimage\",\"url\":\"https:\\\/\\\/www.anovapeneira.gal\\\/wp-content\\\/uploads\\\/2020\\\/05\\\/baiona_monte_boi_estelas.jpg\",\"contentUrl\":\"https:\\\/\\\/www.anovapeneira.gal\\\/wp-content\\\/uploads\\\/2020\\\/05\\\/baiona_monte_boi_estelas.jpg\",\"width\":720,\"height\":432,\"caption\":\"Baiona Monte Boi estelas A Nova Peneira\"},{\"@type\":\"BreadcrumbList\",\"@id\":\"https:\\\/\\\/www.anovapeneira.gal\\\/index.php\\\/2020\\\/06\\\/02\\\/carlos-gomez-esixe-a-xunta-un-reforzo-de-costas-de-sanidade-acorde-a-importancia-e-potencialidade-turistica-do-val-minor\\\/#breadcrumb\",\"itemListElement\":[{\"@type\":\"ListItem\",\"position\":1,\"name\":\"Portada\",\"item\":\"https:\\\/\\\/www.anovapeneira.gal\\\/\"},{\"@type\":\"ListItem\",\"position\":2,\"name\":\"Carlos G\u00f3mez esixe \u00e1 Xunta un reforzo de costas de sanidade \u201cacorde \u00e1 importancia e potencialidade tur\u00edstica do Val Mi\u00f1or\u201d\"}]},{\"@type\":\"WebSite\",\"@id\":\"https:\\\/\\\/www.anovapeneira.gal\\\/#website\",\"url\":\"https:\\\/\\\/www.anovapeneira.gal\\\/\",\"name\":\"\",\"description\":\"Xornal galego de informaci\u00f3n xeral Publicaci\u00f3n mensual de novas de Galicia e en especial dos Concellos da sur da provincia de Pontevedra.\",\"publisher\":{\"@id\":\"https:\\\/\\\/www.anovapeneira.gal\\\/#organization\"},\"potentialAction\":[{\"@type\":\"SearchAction\",\"target\":{\"@type\":\"EntryPoint\",\"urlTemplate\":\"https:\\\/\\\/www.anovapeneira.gal\\\/?s={search_term_string}\"},\"query-input\":{\"@type\":\"PropertyValueSpecification\",\"valueRequired\":true,\"valueName\":\"search_term_string\"}}],\"inLanguage\":\"gl-ES\"},{\"@type\":\"Organization\",\"@id\":\"https:\\\/\\\/www.anovapeneira.gal\\\/#organization\",\"name\":\"A Nova Peneira\",\"url\":\"https:\\\/\\\/www.anovapeneira.gal\\\/\",\"logo\":{\"@type\":\"ImageObject\",\"inLanguage\":\"gl-ES\",\"@id\":\"https:\\\/\\\/www.anovapeneira.gal\\\/#\\\/schema\\\/logo\\\/image\\\/\",\"url\":\"http:\\\/\\\/www.anovapeneira.gal\\\/wp-content\\\/uploads\\\/2019\\\/06\\\/logo_a_nova_peneira_portal_web.png\",\"contentUrl\":\"http:\\\/\\\/www.anovapeneira.gal\\\/wp-content\\\/uploads\\\/2019\\\/06\\\/logo_a_nova_peneira_portal_web.png\",\"width\":300,\"height\":100,\"caption\":\"A Nova Peneira\"},\"image\":{\"@id\":\"https:\\\/\\\/www.anovapeneira.gal\\\/#\\\/schema\\\/logo\\\/image\\\/\"},\"sameAs\":[\"https:\\\/\\\/www.facebook.com\\\/anovapeneira\",\"https:\\\/\\\/x.com\\\/APeneira\"]},{\"@type\":\"Person\",\"@id\":\"https:\\\/\\\/www.anovapeneira.gal\\\/#\\\/schema\\\/person\\\/b93e3f8932e3f8da96334607eb6ac6aa\",\"name\":\"Redacci\u00f3n A Nova Peneira\",\"image\":{\"@type\":\"ImageObject\",\"inLanguage\":\"gl-ES\",\"@id\":\"https:\\\/\\\/secure.gravatar.com\\\/avatar\\\/c052a2551a06e23fac63626232eaa90abd78dbcf1700fc46a2b2c89fd27b735f?s=96&d=mm&r=g\",\"url\":\"https:\\\/\\\/secure.gravatar.com\\\/avatar\\\/c052a2551a06e23fac63626232eaa90abd78dbcf1700fc46a2b2c89fd27b735f?s=96&d=mm&r=g\",\"contentUrl\":\"https:\\\/\\\/secure.gravatar.com\\\/avatar\\\/c052a2551a06e23fac63626232eaa90abd78dbcf1700fc46a2b2c89fd27b735f?s=96&d=mm&r=g\",\"caption\":\"Redacci\u00f3n A Nova Peneira\"},\"sameAs\":[\"http:\\\/\\\/www.anovapeneira.gal\\\/\"],\"url\":\"https:\\\/\\\/www.anovapeneira.gal\\\/index.php\\\/author\\\/redactor\\\/\"}]}<\/script>\n<!-- \/ Yoast SEO plugin. -->","yoast_head_json":{"title":"Carlos G\u00f3mez esixe \u00e1 Xunta un reforzo de costas de sanidade \u201cacorde \u00e1 importancia e potencialidade tur\u00edstica do Val Mi\u00f1or\u201d -","robots":{"index":"index","follow":"follow","max-snippet":"max-snippet:-1","max-image-preview":"max-image-preview:large","max-video-preview":"max-video-preview:-1"},"canonical":"https:\/\/www.anovapeneira.gal\/index.php\/2020\/06\/02\/carlos-gomez-esixe-a-xunta-un-reforzo-de-costas-de-sanidade-acorde-a-importancia-e-potencialidade-turistica-do-val-minor\/","og_locale":"gl_ES","og_type":"article","og_title":"Carlos G\u00f3mez esixe \u00e1 Xunta un reforzo de costas de sanidade \u201cacorde \u00e1 importancia e potencialidade tur\u00edstica do Val Mi\u00f1or\u201d -","og_description":"O presidente da Mancomunidade e alcalde de Baiona considera \u201cunha broma\u201d que o Sergas destine 1 m\u00e9dico e un auxiliar para atender a unha poboaci\u00f3n que se quintuplica durante o ver\u00e1n [...]","og_url":"https:\/\/www.anovapeneira.gal\/index.php\/2020\/06\/02\/carlos-gomez-esixe-a-xunta-un-reforzo-de-costas-de-sanidade-acorde-a-importancia-e-potencialidade-turistica-do-val-minor\/","article_publisher":"https:\/\/www.facebook.com\/anovapeneira","article_published_time":"2020-06-02T10:00:11+00:00","og_image":[{"width":720,"height":432,"url":"https:\/\/www.anovapeneira.gal\/wp-content\/uploads\/2020\/05\/baiona_monte_boi_estelas.jpg","type":"image\/jpeg"}],"author":"Redacci\u00f3n A Nova Peneira","twitter_card":"summary_large_image","twitter_creator":"@APeneira","twitter_site":"@APeneira","twitter_misc":{"Escrito por":"Redacci\u00f3n A Nova Peneira","Tempo de lectura":"2 minutos"},"schema":{"@context":"https:\/\/schema.org","@graph":[{"@type":"Article","@id":"https:\/\/www.anovapeneira.gal\/index.php\/2020\/06\/02\/carlos-gomez-esixe-a-xunta-un-reforzo-de-costas-de-sanidade-acorde-a-importancia-e-potencialidade-turistica-do-val-minor\/#article","isPartOf":{"@id":"https:\/\/www.anovapeneira.gal\/index.php\/2020\/06\/02\/carlos-gomez-esixe-a-xunta-un-reforzo-de-costas-de-sanidade-acorde-a-importancia-e-potencialidade-turistica-do-val-minor\/"},"author":{"name":"Redacci\u00f3n A Nova Peneira","@id":"https:\/\/www.anovapeneira.gal\/#\/schema\/person\/b93e3f8932e3f8da96334607eb6ac6aa"},"headline":"Carlos G\u00f3mez esixe \u00e1 Xunta un reforzo de costas de sanidade \u201cacorde \u00e1 importancia e potencialidade tur\u00edstica do Val Mi\u00f1or\u201d","datePublished":"2020-06-02T10:00:11+00:00","mainEntityOfPage":{"@id":"https:\/\/www.anovapeneira.gal\/index.php\/2020\/06\/02\/carlos-gomez-esixe-a-xunta-un-reforzo-de-costas-de-sanidade-acorde-a-importancia-e-potencialidade-turistica-do-val-minor\/"},"wordCount":479,"commentCount":0,"publisher":{"@id":"https:\/\/www.anovapeneira.gal\/#organization"},"image":{"@id":"https:\/\/www.anovapeneira.gal\/index.php\/2020\/06\/02\/carlos-gomez-esixe-a-xunta-un-reforzo-de-costas-de-sanidade-acorde-a-importancia-e-potencialidade-turistica-do-val-minor\/#primaryimage"},"thumbnailUrl":"https:\/\/www.anovapeneira.gal\/wp-content\/uploads\/2020\/05\/baiona_monte_boi_estelas.jpg","keywords":["Concello de Baiona","Sanidade"],"articleSection":["Val Mi\u00f1or"],"inLanguage":"gl-ES","potentialAction":[{"@type":"CommentAction","name":"Comment","target":["https:\/\/www.anovapeneira.gal\/index.php\/2020\/06\/02\/carlos-gomez-esixe-a-xunta-un-reforzo-de-costas-de-sanidade-acorde-a-importancia-e-potencialidade-turistica-do-val-minor\/#respond"]}]},{"@type":"WebPage","@id":"https:\/\/www.anovapeneira.gal\/index.php\/2020\/06\/02\/carlos-gomez-esixe-a-xunta-un-reforzo-de-costas-de-sanidade-acorde-a-importancia-e-potencialidade-turistica-do-val-minor\/","url":"https:\/\/www.anovapeneira.gal\/index.php\/2020\/06\/02\/carlos-gomez-esixe-a-xunta-un-reforzo-de-costas-de-sanidade-acorde-a-importancia-e-potencialidade-turistica-do-val-minor\/","name":"Carlos G\u00f3mez esixe \u00e1 Xunta un reforzo de costas de sanidade \u201cacorde \u00e1 importancia e potencialidade tur\u00edstica do Val Mi\u00f1or\u201d -","isPartOf":{"@id":"https:\/\/www.anovapeneira.gal\/#website"},"primaryImageOfPage":{"@id":"https:\/\/www.anovapeneira.gal\/index.php\/2020\/06\/02\/carlos-gomez-esixe-a-xunta-un-reforzo-de-costas-de-sanidade-acorde-a-importancia-e-potencialidade-turistica-do-val-minor\/#primaryimage"},"image":{"@id":"https:\/\/www.anovapeneira.gal\/index.php\/2020\/06\/02\/carlos-gomez-esixe-a-xunta-un-reforzo-de-costas-de-sanidade-acorde-a-importancia-e-potencialidade-turistica-do-val-minor\/#primaryimage"},"thumbnailUrl":"https:\/\/www.anovapeneira.gal\/wp-content\/uploads\/2020\/05\/baiona_monte_boi_estelas.jpg","datePublished":"2020-06-02T10:00:11+00:00","breadcrumb":{"@id":"https:\/\/www.anovapeneira.gal\/index.php\/2020\/06\/02\/carlos-gomez-esixe-a-xunta-un-reforzo-de-costas-de-sanidade-acorde-a-importancia-e-potencialidade-turistica-do-val-minor\/#breadcrumb"},"inLanguage":"gl-ES","potentialAction":[{"@type":"ReadAction","target":["https:\/\/www.anovapeneira.gal\/index.php\/2020\/06\/02\/carlos-gomez-esixe-a-xunta-un-reforzo-de-costas-de-sanidade-acorde-a-importancia-e-potencialidade-turistica-do-val-minor\/"]}]},{"@type":"ImageObject","inLanguage":"gl-ES","@id":"https:\/\/www.anovapeneira.gal\/index.php\/2020\/06\/02\/carlos-gomez-esixe-a-xunta-un-reforzo-de-costas-de-sanidade-acorde-a-importancia-e-potencialidade-turistica-do-val-minor\/#primaryimage","url":"https:\/\/www.anovapeneira.gal\/wp-content\/uploads\/2020\/05\/baiona_monte_boi_estelas.jpg","contentUrl":"https:\/\/www.anovapeneira.gal\/wp-content\/uploads\/2020\/05\/baiona_monte_boi_estelas.jpg","width":720,"height":432,"caption":"Baiona Monte Boi estelas A Nova Peneira"},{"@type":"BreadcrumbList","@id":"https:\/\/www.anovapeneira.gal\/index.php\/2020\/06\/02\/carlos-gomez-esixe-a-xunta-un-reforzo-de-costas-de-sanidade-acorde-a-importancia-e-potencialidade-turistica-do-val-minor\/#breadcrumb","itemListElement":[{"@type":"ListItem","position":1,"name":"Portada","item":"https:\/\/www.anovapeneira.gal\/"},{"@type":"ListItem","position":2,"name":"Carlos G\u00f3mez esixe \u00e1 Xunta un reforzo de costas de sanidade \u201cacorde \u00e1 importancia e potencialidade tur\u00edstica do Val Mi\u00f1or\u201d"}]},{"@type":"WebSite","@id":"https:\/\/www.anovapeneira.gal\/#website","url":"https:\/\/www.anovapeneira.gal\/","name":"","description":"Xornal galego de informaci\u00f3n xeral Publicaci\u00f3n mensual de novas de Galicia e en especial dos Concellos da sur da provincia de Pontevedra.","publisher":{"@id":"https:\/\/www.anovapeneira.gal\/#organization"},"potentialAction":[{"@type":"SearchAction","target":{"@type":"EntryPoint","urlTemplate":"https:\/\/www.anovapeneira.gal\/?s={search_term_string}"},"query-input":{"@type":"PropertyValueSpecification","valueRequired":true,"valueName":"search_term_string"}}],"inLanguage":"gl-ES"},{"@type":"Organization","@id":"https:\/\/www.anovapeneira.gal\/#organization","name":"A Nova Peneira","url":"https:\/\/www.anovapeneira.gal\/","logo":{"@type":"ImageObject","inLanguage":"gl-ES","@id":"https:\/\/www.anovapeneira.gal\/#\/schema\/logo\/image\/","url":"http:\/\/www.anovapeneira.gal\/wp-content\/uploads\/2019\/06\/logo_a_nova_peneira_portal_web.png","contentUrl":"http:\/\/www.anovapeneira.gal\/wp-content\/uploads\/2019\/06\/logo_a_nova_peneira_portal_web.png","width":300,"height":100,"caption":"A Nova Peneira"},"image":{"@id":"https:\/\/www.anovapeneira.gal\/#\/schema\/logo\/image\/"},"sameAs":["https:\/\/www.facebook.com\/anovapeneira","https:\/\/x.com\/APeneira"]},{"@type":"Person","@id":"https:\/\/www.anovapeneira.gal\/#\/schema\/person\/b93e3f8932e3f8da96334607eb6ac6aa","name":"Redacci\u00f3n A Nova Peneira","image":{"@type":"ImageObject","inLanguage":"gl-ES","@id":"https:\/\/secure.gravatar.com\/avatar\/c052a2551a06e23fac63626232eaa90abd78dbcf1700fc46a2b2c89fd27b735f?s=96&d=mm&r=g","url":"https:\/\/secure.gravatar.com\/avatar\/c052a2551a06e23fac63626232eaa90abd78dbcf1700fc46a2b2c89fd27b735f?s=96&d=mm&r=g","contentUrl":"https:\/\/secure.gravatar.com\/avatar\/c052a2551a06e23fac63626232eaa90abd78dbcf1700fc46a2b2c89fd27b735f?s=96&d=mm&r=g","caption":"Redacci\u00f3n A Nova Peneira"},"sameAs":["http:\/\/www.anovapeneira.gal\/"],"url":"https:\/\/www.anovapeneira.gal\/index.php\/author\/redactor\/"}]}},"jetpack_featured_media_url":"https:\/\/www.anovapeneira.gal\/wp-content\/uploads\/2020\/05\/baiona_monte_boi_estelas.jpg","_links":{"self":[{"href":"https:\/\/www.anovapeneira.gal\/index.php\/wp-json\/wp\/v2\/posts\/3215","targetHints":{"allow":["GET"]}}],"collection":[{"href":"https:\/\/www.anovapeneira.gal\/index.php\/wp-json\/wp\/v2\/posts"}],"about":[{"href":"https:\/\/www.anovapeneira.gal\/index.php\/wp-json\/wp\/v2\/types\/post"}],"author":[{"embeddable":true,"href":"https:\/\/www.anovapeneira.gal\/index.php\/wp-json\/wp\/v2\/users\/3"}],"replies":[{"embeddable":true,"href":"https:\/\/www.anovapeneira.gal\/index.php\/wp-json\/wp\/v2\/comments?post=3215"}],"version-history":[{"count":1,"href":"https:\/\/www.anovapeneira.gal\/index.php\/wp-json\/wp\/v2\/posts\/3215\/revisions"}],"predecessor-version":[{"id":3217,"href":"https:\/\/www.anovapeneira.gal\/index.php\/wp-json\/wp\/v2\/posts\/3215\/revisions\/3217"}],"wp:featuredmedia":[{"embeddable":true,"href":"https:\/\/www.anovapeneira.gal\/index.php\/wp-json\/wp\/v2\/media\/3216"}],"wp:attachment":[{"href":"https:\/\/www.anovapeneira.gal\/index.php\/wp-json\/wp\/v2\/media?parent=3215"}],"wp:term":[{"taxonomy":"category","embeddable":true,"href":"https:\/\/www.anovapeneira.gal\/index.php\/wp-json\/wp\/v2\/categories?post=3215"},{"taxonomy":"post_tag","embeddable":true,"href":"https:\/\/www.anovapeneira.gal\/index.php\/wp-json\/wp\/v2\/tags?post=3215"}],"curies":[{"name":"wp","href":"https:\/\/api.w.org\/{rel}","templated":true}]}}