{"id":3221,"date":"2020-06-03T12:00:20","date_gmt":"2020-06-03T10:00:20","guid":{"rendered":"http:\/\/www.anovapeneira.gal\/?p=3221"},"modified":"2020-06-02T07:07:51","modified_gmt":"2020-06-02T05:07:51","slug":"a-ud-atios-citase-coa-historia","status":"publish","type":"post","link":"https:\/\/www.anovapeneira.gal\/index.php\/2020\/06\/03\/a-ud-atios-citase-coa-historia\/","title":{"rendered":"A UD Atios c\u00edtase coa historia"},"content":{"rendered":"\n<p><strong>Despois de 51 de vida a UD Atios, o equipo desta parroquia porri\u00f1esa, acadou o \u00e9xito m\u00e1is importante de toda a s\u00faa existencia, o ascenso \u00e1 3\u00ba divisi\u00f3n. A ilusi\u00f3n e alegr\u00eda por poder ver a alg\u00fan dos m\u00e1is relevantes conxuntos do f\u00fatbol galego competir contra o Atios no campo do Carballo son moi elevadas na veci\u00f1anza da parroquia. A Nova Peneira conversou con Jose, o seu presidente para co\u00f1ecermos as expectativas coas que afrontan unha temporada que quedar\u00e1 marcada na memoria colectiva de todos os afeccionados e afeccionadas do equipo vermello. A conversa con Jose foi moi agradable para min. El \u00e9 un home que calquera escoller\u00eda como compa\u00f1eiro de ca\u00f1as, pois constr\u00fae con moita facilidade un ambiente de comodidade e calidez. Vela\u00ed vai o que deu de si<\/strong><\/p>\n\n\n\n<p><strong>JOSE CEBREIRO, PRESIDENTE DA UD ATIOS<\/strong><\/p>\n\n\n\n<p>\u201c<strong>PARA MIN \u00c9 UNHA HONRA SER O PRESIDENTE DO EQUIPO DA MI\u00d1A PARROQUIA\u201d<\/strong><\/p>\n\n\n\n<p><strong>De onde es ti Jose?<\/strong><\/p>\n\n\n\n<blockquote class=\"wp-block-quote is-layout-flow wp-block-quote-is-layout-flow\"><p>Eu son nativo de Vigo, en concreto do barrio de Bouzas<\/p><\/blockquote>\n\n\n\n<p><strong>Caramba ,e como chega un vigu\u00e9s \u00e1 parroquia de Atios?<\/strong><\/p>\n\n\n\n<blockquote class=\"wp-block-quote is-layout-flow wp-block-quote-is-layout-flow\"><p>Nun principio por traballo. Levo traballando no Porri\u00f1o desde hai 20 anos, e rapidamente me integrei na sociedade local<\/p><\/blockquote>\n\n\n\n<p><strong>A\u00ednda que a canci\u00f3n di que \u201c 20 anos non son nada\u201d, si que \u00e9 moito tempo, polo tanto creo que xa podemos dicir que es atiense de adopci\u00f3n?<\/strong><\/p>\n\n\n\n<blockquote class=\"wp-block-quote is-layout-flow wp-block-quote-is-layout-flow\"><p>De adopci\u00f3n e tam\u00e9n de coraz\u00f3n. Traballo no Porri\u00f1o desde o 2.000,son veci\u00f1o da parroquia desde o 2.006, e aseg\u00faroche Tino, que os v\u00ednculos afectivos que te\u00f1o con Atios son moi intensos, e, vaian por onde vaian os cami\u00f1os da mi\u00f1a vida, son xa irrompibles.<\/p><\/blockquote>\n\n\n\n<p><strong>A UD ATIOS debe de ter unha implantaci\u00f3n importante na parroquia, non?<\/strong><\/p>\n\n\n\n<blockquote class=\"wp-block-quote is-layout-flow wp-block-quote-is-layout-flow\"><p>Abof\u00e9 que \u00e9 as\u00ed. Eu creo que \u00e9 unha das instituci\u00f3ns m\u00e1is valoradas, xa pasamos do medio s\u00e9culo de historia e iso non \u00e9 por casualidade. Para min \u00e9 unha honra ser o seu presidente<\/p><\/blockquote>\n\n\n\n<p><strong>Cando chegaches \u00e1 presidencia?<\/strong><\/p>\n\n\n\n<blockquote class=\"wp-block-quote is-layout-flow wp-block-quote-is-layout-flow\"><p>Esta \u00e9 a cuarta tempada<\/p><\/blockquote>\n\n\n\n<p><strong>C\u00f3ntanos a t\u00faa historia co mundo do f\u00fatbol?<\/strong><\/p>\n\n\n\n<blockquote class=\"wp-block-quote is-layout-flow wp-block-quote-is-layout-flow\"><p>Eu sempre tiven moita afecci\u00f3n por este deporte, cando era rapaz xoguei no celta, entre os 9 e os 18 estiven nas s\u00faas categor\u00edas inferiores. Logo cando comecei a traballar deixei de practicalo, pero a paix\u00f3n polo f\u00fatbol vai comigo dentro.<\/p><\/blockquote>\n\n\n\n<p><strong>E ti, que tipo de celtista es, dos que quere que o Depor baixe a 2\u00ba B?, ou dos que quere que compita co Celta en primeira?<\/strong><\/p>\n\n\n\n<blockquote class=\"wp-block-quote is-layout-flow wp-block-quote-is-layout-flow\"><p>Ha , ha ha ha. Imos ver, eu son celtista dos que vive a rivalidade co Depor con moita paix\u00f3n, pero de maneira absolutamente sa, e si, non deixo de reco\u00f1ecer que \u201co noso derbi\u201d en primeira divisi\u00f3n \u00e9 moi atractivo<\/p><\/blockquote>\n\n\n\n<p><strong>No voso caso, o principal derbi \u00e9 contra o Porri\u00f1o Industrial ou contra o Pontellas?<\/strong><\/p>\n\n\n\n<blockquote class=\"wp-block-quote is-layout-flow wp-block-quote-is-layout-flow\"><p>Eu creo que contra o Pontellas. Eles est\u00e1n en 3\u00ba, mantiveron a categor\u00eda e agardo que este ano poidamos gozar dun apaixonante derbi con eles<\/p><\/blockquote>\n\n\n\n<p><strong>Cantos habitantes ten Atios?<\/strong><\/p>\n\n\n\n<blockquote class=\"wp-block-quote is-layout-flow wp-block-quote-is-layout-flow\"><p>Arredor de 2.500<\/p><\/blockquote>\n\n\n\n<p><strong>Non debe de ser nada f\u00e1cil a sustentabilidade econ\u00f3mica dun equipo en 3\u00ba divisi\u00f3n?<\/strong><\/p>\n\n\n\n<blockquote class=\"wp-block-quote is-layout-flow wp-block-quote-is-layout-flow\"><p>Ben, xa estando en preferente a verdade \u00e9 que foi complicado. Eu te\u00f1o a sorte de ter unha directiva ampla e de enorme capacidade de traballo e grande calidade humana, o que facilita moito as cousas<\/p><\/blockquote>\n\n\n\n<p><strong>E como tedes previsto encarar financiamento este ano en 3\u00ba?<\/strong><\/p>\n\n\n\n<blockquote class=\"wp-block-quote is-layout-flow wp-block-quote-is-layout-flow\"><p>A verdade \u00e9 que con moitas inc\u00f3gnitas, porque a situaci\u00f3n econ\u00f3mica, derivada da crise sanitaria, non ten boa pinta. Oxal\u00e1 me equivoque e se poida remontar r\u00e1pido, pero montar o presuposto deste ano non vai ser f\u00e1cil. Desde logo quixera agradecer a enorme xenerosidade dos nosos patrocinadores como por exemplo a cafeter\u00eda Hiroshima, mec\u00e1nica Rocha, talleres Gumerjo, escavaci\u00f3ns e construci\u00f3ns P\u00e9rez, o Concello, a Deputaci\u00f3n, Granitos Maitana. Sen eles non ser\u00eda posible<\/p><\/blockquote>\n\n\n\n<p><strong>Fainos unha cronolox\u00eda deportiva destes catro anos?<\/strong><\/p>\n\n\n\n<blockquote class=\"wp-block-quote is-layout-flow wp-block-quote-is-layout-flow\"><p>Eu cheguei ao club porque ti\u00f1a ao meu fillo xogando nas s\u00faas categor\u00edas inferiores. Hai catro anos o anterior presidente decidiu non continuar, e eu dei un paso adiante. O primeiro ano foi de aprendizaxe para min, as cousas non sa\u00edron ben e rematamos no posto 13.O segundo ano foi moito mellor, rematamos de terceiros e xog\u00e1monos o ascenso contra o Ourense. O ano pasado quedamos no cuarto posto .E no ano actual levamos desde a xornada 1 en postos de ascenso, cando se produciu o par\u00f3n estabamos de segundos<\/p><\/blockquote>\n\n\n\n<p><strong>O ascenso xa est\u00e1 confirmado non?<\/strong><\/p>\n\n\n\n<blockquote class=\"wp-block-quote is-layout-flow wp-block-quote-is-layout-flow\"><p>Si, xa o confirmou a federaci\u00f3n galega de f\u00fatbol<\/p><\/blockquote>\n\n\n\n<p><strong>A alegr\u00eda debeu de ser inmensa?<\/strong><\/p>\n\n\n\n<blockquote class=\"wp-block-quote is-layout-flow wp-block-quote-is-layout-flow\"><p>Si claro, pero at\u00edpica. Ter\u00edanos gustado moito m\u00e1is podelo celebrar no campo. A nosa idea \u00e9 que cando rematen os 10 d\u00edas de loito polas v\u00edtimas do coronavirus facer algo para que toda a parroquia poida compartir a nosa felicidade<\/p><\/blockquote>\n\n\n\n<p><strong>Ti est\u00e1s ben de \u00e1nimos e con ilusi\u00f3n de continuar tempo na presidencia?<\/strong><\/p>\n\n\n\n<blockquote class=\"wp-block-quote is-layout-flow wp-block-quote-is-layout-flow\"><p>Todo na vida ten un principio e un final. Actualmente eu estou moi c\u00f3modo, como che dixen \u00e9 un pracer traballar cos meus compa\u00f1eiros de directiva, e mentres a afecci\u00f3n estea contenta co meu traballo eu vou seguir pelexando pola sa\u00fade e os \u00e9xitos do meu club e da mi\u00f1a parroquia.<\/p><\/blockquote>\n\n\n\n<p><strong>Eu co\u00f1ezo a varios presidentes de equipos modestos, e todos me din o mesmo, que un presidente de equipo modesto acaba tendo problemas familiares, pois absorbe tanto tempo que as tensi\u00f3ns na familia son inevitables. Como o leva a t\u00faa familia?<\/strong><\/p>\n\n\n\n<blockquote class=\"wp-block-quote is-layout-flow wp-block-quote-is-layout-flow\"><p>Ha ha ha ha. A mi\u00f1a familia l\u00e9vao ben, eu tiven moita sorte de ter a familia que te\u00f1o, e desde logo que lles agradezo a s\u00faa compa\u00f1\u00eda, comprensi\u00f3n e afecto. E reco\u00f1ezo que leva moito tempo a verdade que si, pero tam\u00e9n te\u00f1o que dicir que \u00e9 como unha droga e que engancha en grao superlativo.<\/p><\/blockquote>\n\n\n\n<p><strong>Ti pareces un home moi emotivo, es dos que cando perdes te cabreas?<\/strong><\/p>\n\n\n\n<blockquote class=\"wp-block-quote is-layout-flow wp-block-quote-is-layout-flow\"><p>Cando palmamos son un tipo inaguantable<\/p><\/blockquote>\n\n\n\n<p><strong>Ha ha ha ha ,ben, ent\u00f3n cando ga\u00f1ades debes de ser un home especialmente agradable?<\/strong><\/p>\n\n\n\n<blockquote class=\"wp-block-quote is-layout-flow wp-block-quote-is-layout-flow\"><p>A verdade \u00e9 que si, cando ga\u00f1amos son encantador<\/p><\/blockquote>\n\n\n\n<p><strong>Como son as relaci\u00f3ns co Concello do Porri\u00f1o?<\/strong><\/p>\n\n\n\n<blockquote class=\"wp-block-quote is-layout-flow wp-block-quote-is-layout-flow\"><p>Son boas e flu\u00eddas<\/p><\/blockquote>\n\n\n\n<p><strong>Que cantidade de socios tedes?<\/strong><\/p>\n\n\n\n<blockquote class=\"wp-block-quote is-layout-flow wp-block-quote-is-layout-flow\"><p>Entre os rapaces da base m\u00e1is os socios en xeral, arredor dos 500<\/p><\/blockquote>\n\n\n\n<p><strong>A procedencia dos xogadores?<\/strong><\/p>\n\n\n\n<blockquote class=\"wp-block-quote is-layout-flow wp-block-quote-is-layout-flow\"><p>Temos alg\u00fan da parroquia e do Porri\u00f1o,e de varias localidades da zona sur de Pontevedra<\/p><\/blockquote>\n\n\n\n<p><strong>De que idade media \u00e9 a plantilla?<\/strong><\/p>\n\n\n\n<blockquote class=\"wp-block-quote is-layout-flow wp-block-quote-is-layout-flow\"><p>Alg\u00fan hai de 30, pero en xeral \u00e9 un equipo novo. A nosa media de idade est\u00e1 arredor dos 23 anos<\/p><\/blockquote>\n\n\n\n<p><strong>O equipo \u00e9 amateur non?<\/strong><\/p>\n\n\n\n<blockquote class=\"wp-block-quote is-layout-flow wp-block-quote-is-layout-flow\"><p>Si.<\/p><\/blockquote>\n\n\n\n<p><strong>\u00c9 unha plantilla competitiva para pelexar en 3\u00ba con dignidade?<\/strong><\/p>\n\n\n\n<blockquote class=\"wp-block-quote is-layout-flow wp-block-quote-is-layout-flow\"><p>Eu penso que si. Iso se cadra, xa \u00e9 unha cuesti\u00f3n para o corpo t\u00e9cnico, pero eu te\u00f1o unha confianza cega na calidade dos nosos xogadores. Temos un bloque moi compacto que xa vai facer tres anos, e eu estou seguro de que daremos moita guerra nos campos de terceira.<\/p><\/blockquote>\n\n\n\n<p><strong>O corpo t\u00e9cnico contin\u00faa?<\/strong><\/p>\n\n\n\n<blockquote class=\"wp-block-quote is-layout-flow wp-block-quote-is-layout-flow\"><p>O adestrador Jose Tiz\u00f3n desde logo que si, e a nosa idea \u00e9 que contin\u00faen todos os demais.<\/p><\/blockquote>\n\n\n\n<p><strong>Ti pareces un home optimista e ilusionado, Jose. O obxectivo deste ano \u00e9 a permanencia ou podemos considerar metas maiores?<\/strong><\/p>\n\n\n\n<blockquote class=\"wp-block-quote is-layout-flow wp-block-quote-is-layout-flow\"><p>Moitas grazas, pero tam\u00e9n son un home realista. E o Atios, nunca en 51 anos de historia estivo en 3\u00ba, somos recen ascendidos e o obxectivo non pode ser outro que a permanencia. A\u00ednda que logo \u00e9 a competici\u00f3n a que pon a cada un no seu sitio claro.<\/p><\/blockquote>\n\n\n\n<p><strong>O f\u00fatbol modesto sen p\u00fablico, \u00e9 viable?<\/strong><\/p>\n\n\n\n<blockquote class=\"wp-block-quote is-layout-flow wp-block-quote-is-layout-flow\"><p>Eu creo que non. N\u00f3s non queremos xogar a porta pechada, iso ser\u00eda a ru\u00edna do f\u00fatbol modesto<\/p><\/blockquote>\n","protected":false},"excerpt":{"rendered":"<div class=\"mh-excerpt\"><p>Despois de 51 de vida a UD Atios, o equipo desta parroquia porri\u00f1esa, acadou o \u00e9xito m\u00e1is importante de toda a s\u00faa existencia, o ascenso \u00e1 3\u00ba divisi\u00f3n <a class=\"mh-excerpt-more\" href=\"https:\/\/www.anovapeneira.gal\/index.php\/2020\/06\/03\/a-ud-atios-citase-coa-historia\/\" title=\"A UD Atios c\u00edtase coa historia\">[&#8230;]<\/a><\/p>\n<\/div>","protected":false},"author":3,"featured_media":3222,"comment_status":"open","ping_status":"open","sticky":false,"template":"","format":"standard","meta":{"_exactmetrics_skip_tracking":false,"_exactmetrics_sitenote_active":false,"_exactmetrics_sitenote_note":"","_exactmetrics_sitenote_category":0,"footnotes":""},"categories":[19],"tags":[411,56,1083],"class_list":{"0":"post-3221","1":"post","2":"type-post","3":"status-publish","4":"format-standard","5":"has-post-thumbnail","7":"category-vigo","8":"tag-concello-do-porrino","9":"tag-deporte","10":"tag-ud-atios"},"yoast_head":"<!-- This site is optimized with the Yoast SEO plugin v27.4 - https:\/\/yoast.com\/product\/yoast-seo-wordpress\/ -->\n<title>A UD Atios c\u00edtase coa historia -<\/title>\n<meta name=\"robots\" content=\"index, follow, max-snippet:-1, max-image-preview:large, max-video-preview:-1\" \/>\n<link rel=\"canonical\" href=\"https:\/\/www.anovapeneira.gal\/index.php\/2020\/06\/03\/a-ud-atios-citase-coa-historia\/\" \/>\n<meta property=\"og:locale\" content=\"gl_ES\" \/>\n<meta property=\"og:type\" content=\"article\" \/>\n<meta property=\"og:title\" content=\"A UD Atios c\u00edtase coa historia -\" \/>\n<meta property=\"og:description\" content=\"Despois de 51 de vida a UD Atios, o equipo desta parroquia porri\u00f1esa, acadou o \u00e9xito m\u00e1is importante de toda a s\u00faa existencia, o ascenso \u00e1 3\u00ba divisi\u00f3n [...]\" \/>\n<meta property=\"og:url\" content=\"https:\/\/www.anovapeneira.gal\/index.php\/2020\/06\/03\/a-ud-atios-citase-coa-historia\/\" \/>\n<meta property=\"article:publisher\" content=\"https:\/\/www.facebook.com\/anovapeneira\" \/>\n<meta property=\"article:published_time\" content=\"2020-06-03T10:00:20+00:00\" \/>\n<meta property=\"og:image\" content=\"https:\/\/www.anovapeneira.gal\/wp-content\/uploads\/2020\/06\/ud_atios_a_nova_peneira.jpg\" \/>\n\t<meta property=\"og:image:width\" content=\"720\" \/>\n\t<meta property=\"og:image:height\" content=\"432\" \/>\n\t<meta property=\"og:image:type\" content=\"image\/jpeg\" \/>\n<meta name=\"author\" content=\"Redacci\u00f3n A Nova Peneira\" \/>\n<meta name=\"twitter:card\" content=\"summary_large_image\" \/>\n<meta name=\"twitter:creator\" content=\"@APeneira\" \/>\n<meta name=\"twitter:site\" content=\"@APeneira\" \/>\n<meta name=\"twitter:label1\" content=\"Escrito por\" \/>\n\t<meta name=\"twitter:data1\" content=\"Redacci\u00f3n A Nova Peneira\" \/>\n\t<meta name=\"twitter:label2\" content=\"Tempo de lectura\" \/>\n\t<meta name=\"twitter:data2\" content=\"7 minutos\" \/>\n<script type=\"application\/ld+json\" class=\"yoast-schema-graph\">{\"@context\":\"https:\\\/\\\/schema.org\",\"@graph\":[{\"@type\":\"Article\",\"@id\":\"https:\\\/\\\/www.anovapeneira.gal\\\/index.php\\\/2020\\\/06\\\/03\\\/a-ud-atios-citase-coa-historia\\\/#article\",\"isPartOf\":{\"@id\":\"https:\\\/\\\/www.anovapeneira.gal\\\/index.php\\\/2020\\\/06\\\/03\\\/a-ud-atios-citase-coa-historia\\\/\"},\"author\":{\"name\":\"Redacci\u00f3n A Nova Peneira\",\"@id\":\"https:\\\/\\\/www.anovapeneira.gal\\\/#\\\/schema\\\/person\\\/b93e3f8932e3f8da96334607eb6ac6aa\"},\"headline\":\"A UD Atios c\u00edtase coa historia\",\"datePublished\":\"2020-06-03T10:00:20+00:00\",\"mainEntityOfPage\":{\"@id\":\"https:\\\/\\\/www.anovapeneira.gal\\\/index.php\\\/2020\\\/06\\\/03\\\/a-ud-atios-citase-coa-historia\\\/\"},\"wordCount\":1325,\"commentCount\":0,\"publisher\":{\"@id\":\"https:\\\/\\\/www.anovapeneira.gal\\\/#organization\"},\"image\":{\"@id\":\"https:\\\/\\\/www.anovapeneira.gal\\\/index.php\\\/2020\\\/06\\\/03\\\/a-ud-atios-citase-coa-historia\\\/#primaryimage\"},\"thumbnailUrl\":\"https:\\\/\\\/www.anovapeneira.gal\\\/wp-content\\\/uploads\\\/2020\\\/06\\\/ud_atios_a_nova_peneira.jpg\",\"keywords\":[\"Concello do Porri\u00f1o\",\"Deporte\",\"UD Atios\"],\"articleSection\":[\"Vigo\"],\"inLanguage\":\"gl-ES\",\"potentialAction\":[{\"@type\":\"CommentAction\",\"name\":\"Comment\",\"target\":[\"https:\\\/\\\/www.anovapeneira.gal\\\/index.php\\\/2020\\\/06\\\/03\\\/a-ud-atios-citase-coa-historia\\\/#respond\"]}]},{\"@type\":\"WebPage\",\"@id\":\"https:\\\/\\\/www.anovapeneira.gal\\\/index.php\\\/2020\\\/06\\\/03\\\/a-ud-atios-citase-coa-historia\\\/\",\"url\":\"https:\\\/\\\/www.anovapeneira.gal\\\/index.php\\\/2020\\\/06\\\/03\\\/a-ud-atios-citase-coa-historia\\\/\",\"name\":\"A UD Atios c\u00edtase coa historia -\",\"isPartOf\":{\"@id\":\"https:\\\/\\\/www.anovapeneira.gal\\\/#website\"},\"primaryImageOfPage\":{\"@id\":\"https:\\\/\\\/www.anovapeneira.gal\\\/index.php\\\/2020\\\/06\\\/03\\\/a-ud-atios-citase-coa-historia\\\/#primaryimage\"},\"image\":{\"@id\":\"https:\\\/\\\/www.anovapeneira.gal\\\/index.php\\\/2020\\\/06\\\/03\\\/a-ud-atios-citase-coa-historia\\\/#primaryimage\"},\"thumbnailUrl\":\"https:\\\/\\\/www.anovapeneira.gal\\\/wp-content\\\/uploads\\\/2020\\\/06\\\/ud_atios_a_nova_peneira.jpg\",\"datePublished\":\"2020-06-03T10:00:20+00:00\",\"breadcrumb\":{\"@id\":\"https:\\\/\\\/www.anovapeneira.gal\\\/index.php\\\/2020\\\/06\\\/03\\\/a-ud-atios-citase-coa-historia\\\/#breadcrumb\"},\"inLanguage\":\"gl-ES\",\"potentialAction\":[{\"@type\":\"ReadAction\",\"target\":[\"https:\\\/\\\/www.anovapeneira.gal\\\/index.php\\\/2020\\\/06\\\/03\\\/a-ud-atios-citase-coa-historia\\\/\"]}]},{\"@type\":\"ImageObject\",\"inLanguage\":\"gl-ES\",\"@id\":\"https:\\\/\\\/www.anovapeneira.gal\\\/index.php\\\/2020\\\/06\\\/03\\\/a-ud-atios-citase-coa-historia\\\/#primaryimage\",\"url\":\"https:\\\/\\\/www.anovapeneira.gal\\\/wp-content\\\/uploads\\\/2020\\\/06\\\/ud_atios_a_nova_peneira.jpg\",\"contentUrl\":\"https:\\\/\\\/www.anovapeneira.gal\\\/wp-content\\\/uploads\\\/2020\\\/06\\\/ud_atios_a_nova_peneira.jpg\",\"width\":720,\"height\":432,\"caption\":\"UD Atios A Nova Peneira Concello de Porrillo\"},{\"@type\":\"BreadcrumbList\",\"@id\":\"https:\\\/\\\/www.anovapeneira.gal\\\/index.php\\\/2020\\\/06\\\/03\\\/a-ud-atios-citase-coa-historia\\\/#breadcrumb\",\"itemListElement\":[{\"@type\":\"ListItem\",\"position\":1,\"name\":\"Portada\",\"item\":\"https:\\\/\\\/www.anovapeneira.gal\\\/\"},{\"@type\":\"ListItem\",\"position\":2,\"name\":\"A UD Atios c\u00edtase coa historia\"}]},{\"@type\":\"WebSite\",\"@id\":\"https:\\\/\\\/www.anovapeneira.gal\\\/#website\",\"url\":\"https:\\\/\\\/www.anovapeneira.gal\\\/\",\"name\":\"\",\"description\":\"Xornal galego de informaci\u00f3n xeral Publicaci\u00f3n mensual de novas de Galicia e en especial dos Concellos da sur da provincia de Pontevedra.\",\"publisher\":{\"@id\":\"https:\\\/\\\/www.anovapeneira.gal\\\/#organization\"},\"potentialAction\":[{\"@type\":\"SearchAction\",\"target\":{\"@type\":\"EntryPoint\",\"urlTemplate\":\"https:\\\/\\\/www.anovapeneira.gal\\\/?s={search_term_string}\"},\"query-input\":{\"@type\":\"PropertyValueSpecification\",\"valueRequired\":true,\"valueName\":\"search_term_string\"}}],\"inLanguage\":\"gl-ES\"},{\"@type\":\"Organization\",\"@id\":\"https:\\\/\\\/www.anovapeneira.gal\\\/#organization\",\"name\":\"A Nova Peneira\",\"url\":\"https:\\\/\\\/www.anovapeneira.gal\\\/\",\"logo\":{\"@type\":\"ImageObject\",\"inLanguage\":\"gl-ES\",\"@id\":\"https:\\\/\\\/www.anovapeneira.gal\\\/#\\\/schema\\\/logo\\\/image\\\/\",\"url\":\"http:\\\/\\\/www.anovapeneira.gal\\\/wp-content\\\/uploads\\\/2019\\\/06\\\/logo_a_nova_peneira_portal_web.png\",\"contentUrl\":\"http:\\\/\\\/www.anovapeneira.gal\\\/wp-content\\\/uploads\\\/2019\\\/06\\\/logo_a_nova_peneira_portal_web.png\",\"width\":300,\"height\":100,\"caption\":\"A Nova Peneira\"},\"image\":{\"@id\":\"https:\\\/\\\/www.anovapeneira.gal\\\/#\\\/schema\\\/logo\\\/image\\\/\"},\"sameAs\":[\"https:\\\/\\\/www.facebook.com\\\/anovapeneira\",\"https:\\\/\\\/x.com\\\/APeneira\"]},{\"@type\":\"Person\",\"@id\":\"https:\\\/\\\/www.anovapeneira.gal\\\/#\\\/schema\\\/person\\\/b93e3f8932e3f8da96334607eb6ac6aa\",\"name\":\"Redacci\u00f3n A Nova Peneira\",\"image\":{\"@type\":\"ImageObject\",\"inLanguage\":\"gl-ES\",\"@id\":\"https:\\\/\\\/secure.gravatar.com\\\/avatar\\\/c052a2551a06e23fac63626232eaa90abd78dbcf1700fc46a2b2c89fd27b735f?s=96&d=mm&r=g\",\"url\":\"https:\\\/\\\/secure.gravatar.com\\\/avatar\\\/c052a2551a06e23fac63626232eaa90abd78dbcf1700fc46a2b2c89fd27b735f?s=96&d=mm&r=g\",\"contentUrl\":\"https:\\\/\\\/secure.gravatar.com\\\/avatar\\\/c052a2551a06e23fac63626232eaa90abd78dbcf1700fc46a2b2c89fd27b735f?s=96&d=mm&r=g\",\"caption\":\"Redacci\u00f3n A Nova Peneira\"},\"sameAs\":[\"http:\\\/\\\/www.anovapeneira.gal\\\/\"],\"url\":\"https:\\\/\\\/www.anovapeneira.gal\\\/index.php\\\/author\\\/redactor\\\/\"}]}<\/script>\n<!-- \/ Yoast SEO plugin. -->","yoast_head_json":{"title":"A UD Atios c\u00edtase coa historia -","robots":{"index":"index","follow":"follow","max-snippet":"max-snippet:-1","max-image-preview":"max-image-preview:large","max-video-preview":"max-video-preview:-1"},"canonical":"https:\/\/www.anovapeneira.gal\/index.php\/2020\/06\/03\/a-ud-atios-citase-coa-historia\/","og_locale":"gl_ES","og_type":"article","og_title":"A UD Atios c\u00edtase coa historia -","og_description":"Despois de 51 de vida a UD Atios, o equipo desta parroquia porri\u00f1esa, acadou o \u00e9xito m\u00e1is importante de toda a s\u00faa existencia, o ascenso \u00e1 3\u00ba divisi\u00f3n [...]","og_url":"https:\/\/www.anovapeneira.gal\/index.php\/2020\/06\/03\/a-ud-atios-citase-coa-historia\/","article_publisher":"https:\/\/www.facebook.com\/anovapeneira","article_published_time":"2020-06-03T10:00:20+00:00","og_image":[{"width":720,"height":432,"url":"https:\/\/www.anovapeneira.gal\/wp-content\/uploads\/2020\/06\/ud_atios_a_nova_peneira.jpg","type":"image\/jpeg"}],"author":"Redacci\u00f3n A Nova Peneira","twitter_card":"summary_large_image","twitter_creator":"@APeneira","twitter_site":"@APeneira","twitter_misc":{"Escrito por":"Redacci\u00f3n A Nova Peneira","Tempo de lectura":"7 minutos"},"schema":{"@context":"https:\/\/schema.org","@graph":[{"@type":"Article","@id":"https:\/\/www.anovapeneira.gal\/index.php\/2020\/06\/03\/a-ud-atios-citase-coa-historia\/#article","isPartOf":{"@id":"https:\/\/www.anovapeneira.gal\/index.php\/2020\/06\/03\/a-ud-atios-citase-coa-historia\/"},"author":{"name":"Redacci\u00f3n A Nova Peneira","@id":"https:\/\/www.anovapeneira.gal\/#\/schema\/person\/b93e3f8932e3f8da96334607eb6ac6aa"},"headline":"A UD Atios c\u00edtase coa historia","datePublished":"2020-06-03T10:00:20+00:00","mainEntityOfPage":{"@id":"https:\/\/www.anovapeneira.gal\/index.php\/2020\/06\/03\/a-ud-atios-citase-coa-historia\/"},"wordCount":1325,"commentCount":0,"publisher":{"@id":"https:\/\/www.anovapeneira.gal\/#organization"},"image":{"@id":"https:\/\/www.anovapeneira.gal\/index.php\/2020\/06\/03\/a-ud-atios-citase-coa-historia\/#primaryimage"},"thumbnailUrl":"https:\/\/www.anovapeneira.gal\/wp-content\/uploads\/2020\/06\/ud_atios_a_nova_peneira.jpg","keywords":["Concello do Porri\u00f1o","Deporte","UD Atios"],"articleSection":["Vigo"],"inLanguage":"gl-ES","potentialAction":[{"@type":"CommentAction","name":"Comment","target":["https:\/\/www.anovapeneira.gal\/index.php\/2020\/06\/03\/a-ud-atios-citase-coa-historia\/#respond"]}]},{"@type":"WebPage","@id":"https:\/\/www.anovapeneira.gal\/index.php\/2020\/06\/03\/a-ud-atios-citase-coa-historia\/","url":"https:\/\/www.anovapeneira.gal\/index.php\/2020\/06\/03\/a-ud-atios-citase-coa-historia\/","name":"A UD Atios c\u00edtase coa historia -","isPartOf":{"@id":"https:\/\/www.anovapeneira.gal\/#website"},"primaryImageOfPage":{"@id":"https:\/\/www.anovapeneira.gal\/index.php\/2020\/06\/03\/a-ud-atios-citase-coa-historia\/#primaryimage"},"image":{"@id":"https:\/\/www.anovapeneira.gal\/index.php\/2020\/06\/03\/a-ud-atios-citase-coa-historia\/#primaryimage"},"thumbnailUrl":"https:\/\/www.anovapeneira.gal\/wp-content\/uploads\/2020\/06\/ud_atios_a_nova_peneira.jpg","datePublished":"2020-06-03T10:00:20+00:00","breadcrumb":{"@id":"https:\/\/www.anovapeneira.gal\/index.php\/2020\/06\/03\/a-ud-atios-citase-coa-historia\/#breadcrumb"},"inLanguage":"gl-ES","potentialAction":[{"@type":"ReadAction","target":["https:\/\/www.anovapeneira.gal\/index.php\/2020\/06\/03\/a-ud-atios-citase-coa-historia\/"]}]},{"@type":"ImageObject","inLanguage":"gl-ES","@id":"https:\/\/www.anovapeneira.gal\/index.php\/2020\/06\/03\/a-ud-atios-citase-coa-historia\/#primaryimage","url":"https:\/\/www.anovapeneira.gal\/wp-content\/uploads\/2020\/06\/ud_atios_a_nova_peneira.jpg","contentUrl":"https:\/\/www.anovapeneira.gal\/wp-content\/uploads\/2020\/06\/ud_atios_a_nova_peneira.jpg","width":720,"height":432,"caption":"UD Atios A Nova Peneira Concello de Porrillo"},{"@type":"BreadcrumbList","@id":"https:\/\/www.anovapeneira.gal\/index.php\/2020\/06\/03\/a-ud-atios-citase-coa-historia\/#breadcrumb","itemListElement":[{"@type":"ListItem","position":1,"name":"Portada","item":"https:\/\/www.anovapeneira.gal\/"},{"@type":"ListItem","position":2,"name":"A UD Atios c\u00edtase coa historia"}]},{"@type":"WebSite","@id":"https:\/\/www.anovapeneira.gal\/#website","url":"https:\/\/www.anovapeneira.gal\/","name":"","description":"Xornal galego de informaci\u00f3n xeral Publicaci\u00f3n mensual de novas de Galicia e en especial dos Concellos da sur da provincia de Pontevedra.","publisher":{"@id":"https:\/\/www.anovapeneira.gal\/#organization"},"potentialAction":[{"@type":"SearchAction","target":{"@type":"EntryPoint","urlTemplate":"https:\/\/www.anovapeneira.gal\/?s={search_term_string}"},"query-input":{"@type":"PropertyValueSpecification","valueRequired":true,"valueName":"search_term_string"}}],"inLanguage":"gl-ES"},{"@type":"Organization","@id":"https:\/\/www.anovapeneira.gal\/#organization","name":"A Nova Peneira","url":"https:\/\/www.anovapeneira.gal\/","logo":{"@type":"ImageObject","inLanguage":"gl-ES","@id":"https:\/\/www.anovapeneira.gal\/#\/schema\/logo\/image\/","url":"http:\/\/www.anovapeneira.gal\/wp-content\/uploads\/2019\/06\/logo_a_nova_peneira_portal_web.png","contentUrl":"http:\/\/www.anovapeneira.gal\/wp-content\/uploads\/2019\/06\/logo_a_nova_peneira_portal_web.png","width":300,"height":100,"caption":"A Nova Peneira"},"image":{"@id":"https:\/\/www.anovapeneira.gal\/#\/schema\/logo\/image\/"},"sameAs":["https:\/\/www.facebook.com\/anovapeneira","https:\/\/x.com\/APeneira"]},{"@type":"Person","@id":"https:\/\/www.anovapeneira.gal\/#\/schema\/person\/b93e3f8932e3f8da96334607eb6ac6aa","name":"Redacci\u00f3n A Nova Peneira","image":{"@type":"ImageObject","inLanguage":"gl-ES","@id":"https:\/\/secure.gravatar.com\/avatar\/c052a2551a06e23fac63626232eaa90abd78dbcf1700fc46a2b2c89fd27b735f?s=96&d=mm&r=g","url":"https:\/\/secure.gravatar.com\/avatar\/c052a2551a06e23fac63626232eaa90abd78dbcf1700fc46a2b2c89fd27b735f?s=96&d=mm&r=g","contentUrl":"https:\/\/secure.gravatar.com\/avatar\/c052a2551a06e23fac63626232eaa90abd78dbcf1700fc46a2b2c89fd27b735f?s=96&d=mm&r=g","caption":"Redacci\u00f3n A Nova Peneira"},"sameAs":["http:\/\/www.anovapeneira.gal\/"],"url":"https:\/\/www.anovapeneira.gal\/index.php\/author\/redactor\/"}]}},"jetpack_featured_media_url":"https:\/\/www.anovapeneira.gal\/wp-content\/uploads\/2020\/06\/ud_atios_a_nova_peneira.jpg","_links":{"self":[{"href":"https:\/\/www.anovapeneira.gal\/index.php\/wp-json\/wp\/v2\/posts\/3221","targetHints":{"allow":["GET"]}}],"collection":[{"href":"https:\/\/www.anovapeneira.gal\/index.php\/wp-json\/wp\/v2\/posts"}],"about":[{"href":"https:\/\/www.anovapeneira.gal\/index.php\/wp-json\/wp\/v2\/types\/post"}],"author":[{"embeddable":true,"href":"https:\/\/www.anovapeneira.gal\/index.php\/wp-json\/wp\/v2\/users\/3"}],"replies":[{"embeddable":true,"href":"https:\/\/www.anovapeneira.gal\/index.php\/wp-json\/wp\/v2\/comments?post=3221"}],"version-history":[{"count":1,"href":"https:\/\/www.anovapeneira.gal\/index.php\/wp-json\/wp\/v2\/posts\/3221\/revisions"}],"predecessor-version":[{"id":3223,"href":"https:\/\/www.anovapeneira.gal\/index.php\/wp-json\/wp\/v2\/posts\/3221\/revisions\/3223"}],"wp:featuredmedia":[{"embeddable":true,"href":"https:\/\/www.anovapeneira.gal\/index.php\/wp-json\/wp\/v2\/media\/3222"}],"wp:attachment":[{"href":"https:\/\/www.anovapeneira.gal\/index.php\/wp-json\/wp\/v2\/media?parent=3221"}],"wp:term":[{"taxonomy":"category","embeddable":true,"href":"https:\/\/www.anovapeneira.gal\/index.php\/wp-json\/wp\/v2\/categories?post=3221"},{"taxonomy":"post_tag","embeddable":true,"href":"https:\/\/www.anovapeneira.gal\/index.php\/wp-json\/wp\/v2\/tags?post=3221"}],"curies":[{"name":"wp","href":"https:\/\/api.w.org\/{rel}","templated":true}]}}