{"id":3225,"date":"2020-06-04T10:00:58","date_gmt":"2020-06-04T08:00:58","guid":{"rendered":"http:\/\/www.anovapeneira.gal\/?p=3225"},"modified":"2020-06-02T07:21:15","modified_gmt":"2020-06-02T05:21:15","slug":"ponton-presenta-a-alternativa-de-goberno-do-bng-para-reactivar-o-sector-industrial-e-darlle-a-volta-a-desertizacion-que-deixa-feixoo","status":"publish","type":"post","link":"https:\/\/www.anovapeneira.gal\/index.php\/2020\/06\/04\/ponton-presenta-a-alternativa-de-goberno-do-bng-para-reactivar-o-sector-industrial-e-darlle-a-volta-a-desertizacion-que-deixa-feixoo\/","title":{"rendered":"Pont\u00f3n presenta a alternativa de goberno do BNG para reactivar o sector industrial e darlle a volta \u00e1 desertizaci\u00f3n que deixa Feix\u00f3o"},"content":{"rendered":"\n<h2 class=\"wp-block-heading\">\u201c<strong>Non vou deixar caer ALCOA se te\u00f1o a responsabilidade de presidir Galiza\u201d, proclama, en contraposici\u00f3n \u00e1 posici\u00f3n de \u201cbrazos cruzados\u201d do xefe do Executivo&nbsp;<\/strong><\/h2>\n\n\n\n<h4 class=\"wp-block-heading\">\u201c<strong>A peor pol\u00edtica industrial \u00e9 a que non existe e foi a que practicou o Goberno do PP once anos xerando deslocalizaci\u00f3n e perda de galeguidade do tecido empresarial\u201d<\/strong><\/h4>\n\n\n\n<h4 class=\"wp-block-heading\"><strong>O programa de goberno do BNG incl\u00fae un Plan de reindustrializaci\u00f3n, aposta pola I+D+i, formaci\u00f3n continua do persoal, promover o peche dos ciclos produtivos e normativa contra a deslocalizaci\u00f3n<\/strong><\/h4>\n\n\n\n<p><strong>Santiago de Compostela, 1 de Xu\u00f1o 2020<\/strong><\/p>\n\n\n\n<p>O anuncio de ALCOA de despedir \u00e1 metade do cadro de persoal \u00e9 o \u00faltimo caso dun proceso de desertizaci\u00f3n industrial que avanzou imparable nos once anos de Goberno de Feix\u00f3o, caracterizado pola desaparici\u00f3n de empresas, a deslocalizaci\u00f3n e a perda de galeguidade dunha parte do tecido empresarial.<\/p>\n\n\n\n<p>S\u00f3 no \u00faltimo ano ducias de empresas pecharon ou se viron afectadas por expedientes de regulaci\u00f3n de emprego:&nbsp;Meriama, Ferroatl\u00e1ntica, Poligal, Isowat, R, Telef\u00f3nica, Bosh, Vulcano, Barreras, Unitono, Madeiras Iglesias, Textil Lonia, etc, \u00e1s se pode engadir unha longa lista de nomes propios en empresas auxiliares da automoci\u00f3n ou do sector naval. En relaci\u00f3n \u00e1 deslocalizaci\u00f3n, un estudo do Clube Financiero cifra en 300 as empresas que se trasladaron ao Norte de Portugal nunha d\u00e9cada; mentres que o informe anual do CES recoller que&nbsp;o peso relativo da poboaci\u00f3n ocupada no sector industrial no norte do pa\u00eds luso \u00e9 once puntos superior ao rexistrado aqu\u00ed.<\/p>\n\n\n\n<p>Neste contexto, a portavoz nacional e candidata \u00e1 Presidencia, Ana Pont\u00f3n, presentou o programa de goberno do BNG para reverter esta situaci\u00f3n e reactivar o sector industrial, \u201cporque a peor pol\u00edtica industrial \u00e9 a que non existe e esa \u00e9 a que leva practicando Feix\u00f3o durante once anos, cos resultados que co\u00f1ecemos: desertizaci\u00f3n industrial, deslocalizaci\u00f3n de empresas e perda de galeguidade para pasar as mans de fondos voitres\u201d, salientou.<\/p>\n\n\n\n<p>A todo isto, \u201chai que darlle a volta da man dunha pol\u00edtica industrial de pa\u00eds como a que o BNG quere po\u00f1er en marcha a partir do 12 de xullo\u201d, -subli\u00f1ou a candidata nacionalista-, quen puxo sobre a mesa as propostas de goberno que presenta a formaci\u00f3n nacionalista, empezando por garantir o futuro de ALCOA.<\/p>\n\n\n\n<p>\u201cO peche da factor\u00eda \u00e9 evitable porque hai unha soluci\u00f3n, -nacionalizaci\u00f3n e tarifa el\u00e9ctrica galega-, e se te\u00f1o responsabilidade de presidir este pa\u00eds o meu compromiso \u00e9 claro: non vou deixar caer ALCOA, non vou deixar caer miles de empregos, nin vou deixar caer un sector estrat\u00e9xico como \u00e9 a produci\u00f3n de aluminio\u201d, proclamou Pont\u00f3n, ao tempo que criticaba a estratexia de \u201cbrazos cruzados\u201d de Feix\u00f3o.<\/p>\n\n\n\n<p>\u201cComo \u00e9 posible que cunha comarca enteira amezada de morte Feix\u00f3o non te\u00f1a feito unha proposta, que non se te\u00f1a reunido co comit\u00e9 de empresa, coa direcci\u00f3n da multinacional ou co Goberno do Estado? Como \u00e9 posible que non pedira comparecer no Parlamento e unha reuni\u00f3n de urxencia coas forzas pol\u00edticas? Que ten que pasar para que Feix\u00f3o deixe de tirar bal\u00f3ns fora e adoptar decisi\u00f3ns? Algu\u00e9n se imaxina a Urkullu man sobre man cando estan a punto de pechar unha empresa vital para o pa\u00eds?\u201d, interpelou Pont\u00f3n.<\/p>\n\n\n\n<p>Galiza precisa canto antes un goberno \u201cque se faga valer\u201d que defenda os intereses dos e das galegas, tam\u00e9n no sector industrial e iso require planificaci\u00f3n e pol\u00edticas activas, require superar as limitaci\u00f3ns impostas desde Madrid e Bruxelas dese\u00f1ando unha folla de ruta propia colaborando con todos os axentes do sistema industria, explicou a l\u00edder nacionalista.<\/p>\n\n\n\n<p>Neste sentido, o programa de goberno do BNG incl\u00fae como li\u00f1as de actuaci\u00f3n no sector industrial, un&nbsp;<em><strong>Plan de galego de reindustrializaci\u00f3n<\/strong><\/em>con tres piares: fomentar os sectores con m\u00e1is potencial,-por exemplo a agroindustria, automoci\u00f3n ou sector aeron\u00e1utico-; ordenaci\u00f3n do solo industrial en aras do equilibrio territorial e combater a deslocalizaci\u00f3n de empresas.<\/p>\n\n\n\n<p>De feito, o programa do Bloque prev\u00e9 unha regulaci\u00f3n espec\u00edfica a trav\u00e9s dunha&nbsp;<strong>Lei de localizaci\u00f3n empresarial&nbsp;<\/strong>de tal xeito que os pr\u00e9stamos, as axudas e as subvenci\u00f3ns estean suxeitas a estritas cl\u00e1usulas contra a deslocalizaci\u00f3n que, de incumprirse, obrigar\u00edan a s\u00faa devoluci\u00f3n con intereses.<\/p>\n\n\n\n<p>Igualmente, a estratexia de reactivaci\u00f3n do sector industrial da formaci\u00f3n que lidera Pont\u00f3n incl\u00fae un&nbsp;<em><strong>Plan de I+D+i para modernizar o sector industrial<\/strong><\/em>, que permita adaptar as&nbsp;estruturas produtivas e organizativas das empresas para ganar en competitividade e, todo iso, unido a unha aposta polo peche de ciclos produtivos como ant\u00eddoto contra a perda de galeguidade do tecido empresarial e evitar que as empresas caian en mans de fondos especulativos.<\/p>\n\n\n\n<p>Igualmente, a estratexia industrial dun goberno liderado polo BNG incl\u00fae a<strong>formaci\u00f3n continua dos traballadores e traballadoras e&nbsp;<\/strong>medidas para equilibrar a balanza exterior, para corrixir o desfase entre importaci\u00f3ns e exportaci\u00f3ns en paralelo a unha aposta pola internacionalizaci\u00f3n.<\/p>\n\n\n\n<p>Finalmente, o apoio \u00e1s PEMES para que xoguen un papel m\u00e1is importante dentro do sector industrial, porque son a base do tecido empresarial, con medidas que reforcen a s\u00faa capacidade produtiva, tecnol\u00f3xica e comercial.<\/p>\n","protected":false},"excerpt":{"rendered":"<div class=\"mh-excerpt\"><p>\u201cNon vou deixar caer ALCOA se te\u00f1o a responsabilidade de presidir Galiza\u201d, proclama, en contraposici\u00f3n \u00e1 posici\u00f3n de \u201cbrazos cruzados\u201d do xefe do Executivo  <a class=\"mh-excerpt-more\" href=\"https:\/\/www.anovapeneira.gal\/index.php\/2020\/06\/04\/ponton-presenta-a-alternativa-de-goberno-do-bng-para-reactivar-o-sector-industrial-e-darlle-a-volta-a-desertizacion-que-deixa-feixoo\/\" title=\"Pont\u00f3n presenta a alternativa de goberno do BNG para reactivar o sector industrial e darlle a volta \u00e1 desertizaci\u00f3n que deixa Feix\u00f3o\">[&#8230;]<\/a><\/p>\n<\/div>","protected":false},"author":3,"featured_media":3226,"comment_status":"open","ping_status":"open","sticky":false,"template":"","format":"standard","meta":{"_exactmetrics_skip_tracking":false,"_exactmetrics_sitenote_active":false,"_exactmetrics_sitenote_note":"","_exactmetrics_sitenote_category":0,"footnotes":""},"categories":[263],"tags":[1084,281,10,395],"class_list":{"0":"post-3225","1":"post","2":"type-post","3":"status-publish","4":"format-standard","5":"has-post-thumbnail","7":"category-novas","8":"tag-alcoa","9":"tag-ana-ponton","10":"tag-bng","11":"tag-industria"},"yoast_head":"<!-- This site is optimized with the Yoast SEO plugin v27.4 - https:\/\/yoast.com\/product\/yoast-seo-wordpress\/ -->\n<title>Pont\u00f3n presenta a alternativa de goberno do BNG para reactivar o sector industrial e darlle a volta \u00e1 desertizaci\u00f3n que deixa Feix\u00f3o -<\/title>\n<meta name=\"robots\" content=\"index, follow, max-snippet:-1, max-image-preview:large, max-video-preview:-1\" \/>\n<link rel=\"canonical\" href=\"https:\/\/www.anovapeneira.gal\/index.php\/2020\/06\/04\/ponton-presenta-a-alternativa-de-goberno-do-bng-para-reactivar-o-sector-industrial-e-darlle-a-volta-a-desertizacion-que-deixa-feixoo\/\" \/>\n<meta property=\"og:locale\" content=\"gl_ES\" \/>\n<meta property=\"og:type\" content=\"article\" \/>\n<meta property=\"og:title\" content=\"Pont\u00f3n presenta a alternativa de goberno do BNG para reactivar o sector industrial e darlle a volta \u00e1 desertizaci\u00f3n que deixa Feix\u00f3o -\" \/>\n<meta property=\"og:description\" content=\"\u201cNon vou deixar caer ALCOA se te\u00f1o a responsabilidade de presidir Galiza\u201d, proclama, en contraposici\u00f3n \u00e1 posici\u00f3n de \u201cbrazos cruzados\u201d do xefe do Executivo [...]\" \/>\n<meta property=\"og:url\" content=\"https:\/\/www.anovapeneira.gal\/index.php\/2020\/06\/04\/ponton-presenta-a-alternativa-de-goberno-do-bng-para-reactivar-o-sector-industrial-e-darlle-a-volta-a-desertizacion-que-deixa-feixoo\/\" \/>\n<meta property=\"article:publisher\" content=\"https:\/\/www.facebook.com\/anovapeneira\" \/>\n<meta property=\"article:published_time\" content=\"2020-06-04T08:00:58+00:00\" \/>\n<meta property=\"og:image\" content=\"https:\/\/www.anovapeneira.gal\/wp-content\/uploads\/2020\/06\/ana_ponton_a_nova_peneira.jpg\" \/>\n\t<meta property=\"og:image:width\" content=\"720\" \/>\n\t<meta property=\"og:image:height\" content=\"432\" \/>\n\t<meta property=\"og:image:type\" content=\"image\/jpeg\" \/>\n<meta name=\"author\" content=\"Redacci\u00f3n A Nova Peneira\" \/>\n<meta name=\"twitter:card\" content=\"summary_large_image\" \/>\n<meta name=\"twitter:creator\" content=\"@APeneira\" \/>\n<meta name=\"twitter:site\" content=\"@APeneira\" \/>\n<meta name=\"twitter:label1\" content=\"Escrito por\" \/>\n\t<meta name=\"twitter:data1\" content=\"Redacci\u00f3n A Nova Peneira\" \/>\n\t<meta name=\"twitter:label2\" content=\"Tempo de lectura\" \/>\n\t<meta name=\"twitter:data2\" content=\"5 minutos\" \/>\n<script type=\"application\/ld+json\" class=\"yoast-schema-graph\">{\"@context\":\"https:\\\/\\\/schema.org\",\"@graph\":[{\"@type\":\"Article\",\"@id\":\"https:\\\/\\\/www.anovapeneira.gal\\\/index.php\\\/2020\\\/06\\\/04\\\/ponton-presenta-a-alternativa-de-goberno-do-bng-para-reactivar-o-sector-industrial-e-darlle-a-volta-a-desertizacion-que-deixa-feixoo\\\/#article\",\"isPartOf\":{\"@id\":\"https:\\\/\\\/www.anovapeneira.gal\\\/index.php\\\/2020\\\/06\\\/04\\\/ponton-presenta-a-alternativa-de-goberno-do-bng-para-reactivar-o-sector-industrial-e-darlle-a-volta-a-desertizacion-que-deixa-feixoo\\\/\"},\"author\":{\"name\":\"Redacci\u00f3n A Nova Peneira\",\"@id\":\"https:\\\/\\\/www.anovapeneira.gal\\\/#\\\/schema\\\/person\\\/b93e3f8932e3f8da96334607eb6ac6aa\"},\"headline\":\"Pont\u00f3n presenta a alternativa de goberno do BNG para reactivar o sector industrial e darlle a volta \u00e1 desertizaci\u00f3n que deixa Feix\u00f3o\",\"datePublished\":\"2020-06-04T08:00:58+00:00\",\"mainEntityOfPage\":{\"@id\":\"https:\\\/\\\/www.anovapeneira.gal\\\/index.php\\\/2020\\\/06\\\/04\\\/ponton-presenta-a-alternativa-de-goberno-do-bng-para-reactivar-o-sector-industrial-e-darlle-a-volta-a-desertizacion-que-deixa-feixoo\\\/\"},\"wordCount\":932,\"commentCount\":0,\"publisher\":{\"@id\":\"https:\\\/\\\/www.anovapeneira.gal\\\/#organization\"},\"image\":{\"@id\":\"https:\\\/\\\/www.anovapeneira.gal\\\/index.php\\\/2020\\\/06\\\/04\\\/ponton-presenta-a-alternativa-de-goberno-do-bng-para-reactivar-o-sector-industrial-e-darlle-a-volta-a-desertizacion-que-deixa-feixoo\\\/#primaryimage\"},\"thumbnailUrl\":\"https:\\\/\\\/www.anovapeneira.gal\\\/wp-content\\\/uploads\\\/2020\\\/06\\\/ana_ponton_a_nova_peneira.jpg\",\"keywords\":[\"ALCOA\",\"Ana Pont\u00f3n\",\"BNG\",\"Industria\"],\"articleSection\":[\"Novas\"],\"inLanguage\":\"gl-ES\",\"potentialAction\":[{\"@type\":\"CommentAction\",\"name\":\"Comment\",\"target\":[\"https:\\\/\\\/www.anovapeneira.gal\\\/index.php\\\/2020\\\/06\\\/04\\\/ponton-presenta-a-alternativa-de-goberno-do-bng-para-reactivar-o-sector-industrial-e-darlle-a-volta-a-desertizacion-que-deixa-feixoo\\\/#respond\"]}]},{\"@type\":\"WebPage\",\"@id\":\"https:\\\/\\\/www.anovapeneira.gal\\\/index.php\\\/2020\\\/06\\\/04\\\/ponton-presenta-a-alternativa-de-goberno-do-bng-para-reactivar-o-sector-industrial-e-darlle-a-volta-a-desertizacion-que-deixa-feixoo\\\/\",\"url\":\"https:\\\/\\\/www.anovapeneira.gal\\\/index.php\\\/2020\\\/06\\\/04\\\/ponton-presenta-a-alternativa-de-goberno-do-bng-para-reactivar-o-sector-industrial-e-darlle-a-volta-a-desertizacion-que-deixa-feixoo\\\/\",\"name\":\"Pont\u00f3n presenta a alternativa de goberno do BNG para reactivar o sector industrial e darlle a volta \u00e1 desertizaci\u00f3n que deixa Feix\u00f3o -\",\"isPartOf\":{\"@id\":\"https:\\\/\\\/www.anovapeneira.gal\\\/#website\"},\"primaryImageOfPage\":{\"@id\":\"https:\\\/\\\/www.anovapeneira.gal\\\/index.php\\\/2020\\\/06\\\/04\\\/ponton-presenta-a-alternativa-de-goberno-do-bng-para-reactivar-o-sector-industrial-e-darlle-a-volta-a-desertizacion-que-deixa-feixoo\\\/#primaryimage\"},\"image\":{\"@id\":\"https:\\\/\\\/www.anovapeneira.gal\\\/index.php\\\/2020\\\/06\\\/04\\\/ponton-presenta-a-alternativa-de-goberno-do-bng-para-reactivar-o-sector-industrial-e-darlle-a-volta-a-desertizacion-que-deixa-feixoo\\\/#primaryimage\"},\"thumbnailUrl\":\"https:\\\/\\\/www.anovapeneira.gal\\\/wp-content\\\/uploads\\\/2020\\\/06\\\/ana_ponton_a_nova_peneira.jpg\",\"datePublished\":\"2020-06-04T08:00:58+00:00\",\"breadcrumb\":{\"@id\":\"https:\\\/\\\/www.anovapeneira.gal\\\/index.php\\\/2020\\\/06\\\/04\\\/ponton-presenta-a-alternativa-de-goberno-do-bng-para-reactivar-o-sector-industrial-e-darlle-a-volta-a-desertizacion-que-deixa-feixoo\\\/#breadcrumb\"},\"inLanguage\":\"gl-ES\",\"potentialAction\":[{\"@type\":\"ReadAction\",\"target\":[\"https:\\\/\\\/www.anovapeneira.gal\\\/index.php\\\/2020\\\/06\\\/04\\\/ponton-presenta-a-alternativa-de-goberno-do-bng-para-reactivar-o-sector-industrial-e-darlle-a-volta-a-desertizacion-que-deixa-feixoo\\\/\"]}]},{\"@type\":\"ImageObject\",\"inLanguage\":\"gl-ES\",\"@id\":\"https:\\\/\\\/www.anovapeneira.gal\\\/index.php\\\/2020\\\/06\\\/04\\\/ponton-presenta-a-alternativa-de-goberno-do-bng-para-reactivar-o-sector-industrial-e-darlle-a-volta-a-desertizacion-que-deixa-feixoo\\\/#primaryimage\",\"url\":\"https:\\\/\\\/www.anovapeneira.gal\\\/wp-content\\\/uploads\\\/2020\\\/06\\\/ana_ponton_a_nova_peneira.jpg\",\"contentUrl\":\"https:\\\/\\\/www.anovapeneira.gal\\\/wp-content\\\/uploads\\\/2020\\\/06\\\/ana_ponton_a_nova_peneira.jpg\",\"width\":720,\"height\":432,\"caption\":\"Ana Pont\u00f3n BNG A Nova Peneira\"},{\"@type\":\"BreadcrumbList\",\"@id\":\"https:\\\/\\\/www.anovapeneira.gal\\\/index.php\\\/2020\\\/06\\\/04\\\/ponton-presenta-a-alternativa-de-goberno-do-bng-para-reactivar-o-sector-industrial-e-darlle-a-volta-a-desertizacion-que-deixa-feixoo\\\/#breadcrumb\",\"itemListElement\":[{\"@type\":\"ListItem\",\"position\":1,\"name\":\"Portada\",\"item\":\"https:\\\/\\\/www.anovapeneira.gal\\\/\"},{\"@type\":\"ListItem\",\"position\":2,\"name\":\"Pont\u00f3n presenta a alternativa de goberno do BNG para reactivar o sector industrial e darlle a volta \u00e1 desertizaci\u00f3n que deixa Feix\u00f3o\"}]},{\"@type\":\"WebSite\",\"@id\":\"https:\\\/\\\/www.anovapeneira.gal\\\/#website\",\"url\":\"https:\\\/\\\/www.anovapeneira.gal\\\/\",\"name\":\"\",\"description\":\"Xornal galego de informaci\u00f3n xeral Publicaci\u00f3n mensual de novas de Galicia e en especial dos Concellos da sur da provincia de Pontevedra.\",\"publisher\":{\"@id\":\"https:\\\/\\\/www.anovapeneira.gal\\\/#organization\"},\"potentialAction\":[{\"@type\":\"SearchAction\",\"target\":{\"@type\":\"EntryPoint\",\"urlTemplate\":\"https:\\\/\\\/www.anovapeneira.gal\\\/?s={search_term_string}\"},\"query-input\":{\"@type\":\"PropertyValueSpecification\",\"valueRequired\":true,\"valueName\":\"search_term_string\"}}],\"inLanguage\":\"gl-ES\"},{\"@type\":\"Organization\",\"@id\":\"https:\\\/\\\/www.anovapeneira.gal\\\/#organization\",\"name\":\"A Nova Peneira\",\"url\":\"https:\\\/\\\/www.anovapeneira.gal\\\/\",\"logo\":{\"@type\":\"ImageObject\",\"inLanguage\":\"gl-ES\",\"@id\":\"https:\\\/\\\/www.anovapeneira.gal\\\/#\\\/schema\\\/logo\\\/image\\\/\",\"url\":\"http:\\\/\\\/www.anovapeneira.gal\\\/wp-content\\\/uploads\\\/2019\\\/06\\\/logo_a_nova_peneira_portal_web.png\",\"contentUrl\":\"http:\\\/\\\/www.anovapeneira.gal\\\/wp-content\\\/uploads\\\/2019\\\/06\\\/logo_a_nova_peneira_portal_web.png\",\"width\":300,\"height\":100,\"caption\":\"A Nova Peneira\"},\"image\":{\"@id\":\"https:\\\/\\\/www.anovapeneira.gal\\\/#\\\/schema\\\/logo\\\/image\\\/\"},\"sameAs\":[\"https:\\\/\\\/www.facebook.com\\\/anovapeneira\",\"https:\\\/\\\/x.com\\\/APeneira\"]},{\"@type\":\"Person\",\"@id\":\"https:\\\/\\\/www.anovapeneira.gal\\\/#\\\/schema\\\/person\\\/b93e3f8932e3f8da96334607eb6ac6aa\",\"name\":\"Redacci\u00f3n A Nova Peneira\",\"image\":{\"@type\":\"ImageObject\",\"inLanguage\":\"gl-ES\",\"@id\":\"https:\\\/\\\/secure.gravatar.com\\\/avatar\\\/c052a2551a06e23fac63626232eaa90abd78dbcf1700fc46a2b2c89fd27b735f?s=96&d=mm&r=g\",\"url\":\"https:\\\/\\\/secure.gravatar.com\\\/avatar\\\/c052a2551a06e23fac63626232eaa90abd78dbcf1700fc46a2b2c89fd27b735f?s=96&d=mm&r=g\",\"contentUrl\":\"https:\\\/\\\/secure.gravatar.com\\\/avatar\\\/c052a2551a06e23fac63626232eaa90abd78dbcf1700fc46a2b2c89fd27b735f?s=96&d=mm&r=g\",\"caption\":\"Redacci\u00f3n A Nova Peneira\"},\"sameAs\":[\"http:\\\/\\\/www.anovapeneira.gal\\\/\"],\"url\":\"https:\\\/\\\/www.anovapeneira.gal\\\/index.php\\\/author\\\/redactor\\\/\"}]}<\/script>\n<!-- \/ Yoast SEO plugin. -->","yoast_head_json":{"title":"Pont\u00f3n presenta a alternativa de goberno do BNG para reactivar o sector industrial e darlle a volta \u00e1 desertizaci\u00f3n que deixa Feix\u00f3o -","robots":{"index":"index","follow":"follow","max-snippet":"max-snippet:-1","max-image-preview":"max-image-preview:large","max-video-preview":"max-video-preview:-1"},"canonical":"https:\/\/www.anovapeneira.gal\/index.php\/2020\/06\/04\/ponton-presenta-a-alternativa-de-goberno-do-bng-para-reactivar-o-sector-industrial-e-darlle-a-volta-a-desertizacion-que-deixa-feixoo\/","og_locale":"gl_ES","og_type":"article","og_title":"Pont\u00f3n presenta a alternativa de goberno do BNG para reactivar o sector industrial e darlle a volta \u00e1 desertizaci\u00f3n que deixa Feix\u00f3o -","og_description":"\u201cNon vou deixar caer ALCOA se te\u00f1o a responsabilidade de presidir Galiza\u201d, proclama, en contraposici\u00f3n \u00e1 posici\u00f3n de \u201cbrazos cruzados\u201d do xefe do Executivo [...]","og_url":"https:\/\/www.anovapeneira.gal\/index.php\/2020\/06\/04\/ponton-presenta-a-alternativa-de-goberno-do-bng-para-reactivar-o-sector-industrial-e-darlle-a-volta-a-desertizacion-que-deixa-feixoo\/","article_publisher":"https:\/\/www.facebook.com\/anovapeneira","article_published_time":"2020-06-04T08:00:58+00:00","og_image":[{"width":720,"height":432,"url":"https:\/\/www.anovapeneira.gal\/wp-content\/uploads\/2020\/06\/ana_ponton_a_nova_peneira.jpg","type":"image\/jpeg"}],"author":"Redacci\u00f3n A Nova Peneira","twitter_card":"summary_large_image","twitter_creator":"@APeneira","twitter_site":"@APeneira","twitter_misc":{"Escrito por":"Redacci\u00f3n A Nova Peneira","Tempo de lectura":"5 minutos"},"schema":{"@context":"https:\/\/schema.org","@graph":[{"@type":"Article","@id":"https:\/\/www.anovapeneira.gal\/index.php\/2020\/06\/04\/ponton-presenta-a-alternativa-de-goberno-do-bng-para-reactivar-o-sector-industrial-e-darlle-a-volta-a-desertizacion-que-deixa-feixoo\/#article","isPartOf":{"@id":"https:\/\/www.anovapeneira.gal\/index.php\/2020\/06\/04\/ponton-presenta-a-alternativa-de-goberno-do-bng-para-reactivar-o-sector-industrial-e-darlle-a-volta-a-desertizacion-que-deixa-feixoo\/"},"author":{"name":"Redacci\u00f3n A Nova Peneira","@id":"https:\/\/www.anovapeneira.gal\/#\/schema\/person\/b93e3f8932e3f8da96334607eb6ac6aa"},"headline":"Pont\u00f3n presenta a alternativa de goberno do BNG para reactivar o sector industrial e darlle a volta \u00e1 desertizaci\u00f3n que deixa Feix\u00f3o","datePublished":"2020-06-04T08:00:58+00:00","mainEntityOfPage":{"@id":"https:\/\/www.anovapeneira.gal\/index.php\/2020\/06\/04\/ponton-presenta-a-alternativa-de-goberno-do-bng-para-reactivar-o-sector-industrial-e-darlle-a-volta-a-desertizacion-que-deixa-feixoo\/"},"wordCount":932,"commentCount":0,"publisher":{"@id":"https:\/\/www.anovapeneira.gal\/#organization"},"image":{"@id":"https:\/\/www.anovapeneira.gal\/index.php\/2020\/06\/04\/ponton-presenta-a-alternativa-de-goberno-do-bng-para-reactivar-o-sector-industrial-e-darlle-a-volta-a-desertizacion-que-deixa-feixoo\/#primaryimage"},"thumbnailUrl":"https:\/\/www.anovapeneira.gal\/wp-content\/uploads\/2020\/06\/ana_ponton_a_nova_peneira.jpg","keywords":["ALCOA","Ana Pont\u00f3n","BNG","Industria"],"articleSection":["Novas"],"inLanguage":"gl-ES","potentialAction":[{"@type":"CommentAction","name":"Comment","target":["https:\/\/www.anovapeneira.gal\/index.php\/2020\/06\/04\/ponton-presenta-a-alternativa-de-goberno-do-bng-para-reactivar-o-sector-industrial-e-darlle-a-volta-a-desertizacion-que-deixa-feixoo\/#respond"]}]},{"@type":"WebPage","@id":"https:\/\/www.anovapeneira.gal\/index.php\/2020\/06\/04\/ponton-presenta-a-alternativa-de-goberno-do-bng-para-reactivar-o-sector-industrial-e-darlle-a-volta-a-desertizacion-que-deixa-feixoo\/","url":"https:\/\/www.anovapeneira.gal\/index.php\/2020\/06\/04\/ponton-presenta-a-alternativa-de-goberno-do-bng-para-reactivar-o-sector-industrial-e-darlle-a-volta-a-desertizacion-que-deixa-feixoo\/","name":"Pont\u00f3n presenta a alternativa de goberno do BNG para reactivar o sector industrial e darlle a volta \u00e1 desertizaci\u00f3n que deixa Feix\u00f3o -","isPartOf":{"@id":"https:\/\/www.anovapeneira.gal\/#website"},"primaryImageOfPage":{"@id":"https:\/\/www.anovapeneira.gal\/index.php\/2020\/06\/04\/ponton-presenta-a-alternativa-de-goberno-do-bng-para-reactivar-o-sector-industrial-e-darlle-a-volta-a-desertizacion-que-deixa-feixoo\/#primaryimage"},"image":{"@id":"https:\/\/www.anovapeneira.gal\/index.php\/2020\/06\/04\/ponton-presenta-a-alternativa-de-goberno-do-bng-para-reactivar-o-sector-industrial-e-darlle-a-volta-a-desertizacion-que-deixa-feixoo\/#primaryimage"},"thumbnailUrl":"https:\/\/www.anovapeneira.gal\/wp-content\/uploads\/2020\/06\/ana_ponton_a_nova_peneira.jpg","datePublished":"2020-06-04T08:00:58+00:00","breadcrumb":{"@id":"https:\/\/www.anovapeneira.gal\/index.php\/2020\/06\/04\/ponton-presenta-a-alternativa-de-goberno-do-bng-para-reactivar-o-sector-industrial-e-darlle-a-volta-a-desertizacion-que-deixa-feixoo\/#breadcrumb"},"inLanguage":"gl-ES","potentialAction":[{"@type":"ReadAction","target":["https:\/\/www.anovapeneira.gal\/index.php\/2020\/06\/04\/ponton-presenta-a-alternativa-de-goberno-do-bng-para-reactivar-o-sector-industrial-e-darlle-a-volta-a-desertizacion-que-deixa-feixoo\/"]}]},{"@type":"ImageObject","inLanguage":"gl-ES","@id":"https:\/\/www.anovapeneira.gal\/index.php\/2020\/06\/04\/ponton-presenta-a-alternativa-de-goberno-do-bng-para-reactivar-o-sector-industrial-e-darlle-a-volta-a-desertizacion-que-deixa-feixoo\/#primaryimage","url":"https:\/\/www.anovapeneira.gal\/wp-content\/uploads\/2020\/06\/ana_ponton_a_nova_peneira.jpg","contentUrl":"https:\/\/www.anovapeneira.gal\/wp-content\/uploads\/2020\/06\/ana_ponton_a_nova_peneira.jpg","width":720,"height":432,"caption":"Ana Pont\u00f3n BNG A Nova Peneira"},{"@type":"BreadcrumbList","@id":"https:\/\/www.anovapeneira.gal\/index.php\/2020\/06\/04\/ponton-presenta-a-alternativa-de-goberno-do-bng-para-reactivar-o-sector-industrial-e-darlle-a-volta-a-desertizacion-que-deixa-feixoo\/#breadcrumb","itemListElement":[{"@type":"ListItem","position":1,"name":"Portada","item":"https:\/\/www.anovapeneira.gal\/"},{"@type":"ListItem","position":2,"name":"Pont\u00f3n presenta a alternativa de goberno do BNG para reactivar o sector industrial e darlle a volta \u00e1 desertizaci\u00f3n que deixa Feix\u00f3o"}]},{"@type":"WebSite","@id":"https:\/\/www.anovapeneira.gal\/#website","url":"https:\/\/www.anovapeneira.gal\/","name":"","description":"Xornal galego de informaci\u00f3n xeral Publicaci\u00f3n mensual de novas de Galicia e en especial dos Concellos da sur da provincia de Pontevedra.","publisher":{"@id":"https:\/\/www.anovapeneira.gal\/#organization"},"potentialAction":[{"@type":"SearchAction","target":{"@type":"EntryPoint","urlTemplate":"https:\/\/www.anovapeneira.gal\/?s={search_term_string}"},"query-input":{"@type":"PropertyValueSpecification","valueRequired":true,"valueName":"search_term_string"}}],"inLanguage":"gl-ES"},{"@type":"Organization","@id":"https:\/\/www.anovapeneira.gal\/#organization","name":"A Nova Peneira","url":"https:\/\/www.anovapeneira.gal\/","logo":{"@type":"ImageObject","inLanguage":"gl-ES","@id":"https:\/\/www.anovapeneira.gal\/#\/schema\/logo\/image\/","url":"http:\/\/www.anovapeneira.gal\/wp-content\/uploads\/2019\/06\/logo_a_nova_peneira_portal_web.png","contentUrl":"http:\/\/www.anovapeneira.gal\/wp-content\/uploads\/2019\/06\/logo_a_nova_peneira_portal_web.png","width":300,"height":100,"caption":"A Nova Peneira"},"image":{"@id":"https:\/\/www.anovapeneira.gal\/#\/schema\/logo\/image\/"},"sameAs":["https:\/\/www.facebook.com\/anovapeneira","https:\/\/x.com\/APeneira"]},{"@type":"Person","@id":"https:\/\/www.anovapeneira.gal\/#\/schema\/person\/b93e3f8932e3f8da96334607eb6ac6aa","name":"Redacci\u00f3n A Nova Peneira","image":{"@type":"ImageObject","inLanguage":"gl-ES","@id":"https:\/\/secure.gravatar.com\/avatar\/c052a2551a06e23fac63626232eaa90abd78dbcf1700fc46a2b2c89fd27b735f?s=96&d=mm&r=g","url":"https:\/\/secure.gravatar.com\/avatar\/c052a2551a06e23fac63626232eaa90abd78dbcf1700fc46a2b2c89fd27b735f?s=96&d=mm&r=g","contentUrl":"https:\/\/secure.gravatar.com\/avatar\/c052a2551a06e23fac63626232eaa90abd78dbcf1700fc46a2b2c89fd27b735f?s=96&d=mm&r=g","caption":"Redacci\u00f3n A Nova Peneira"},"sameAs":["http:\/\/www.anovapeneira.gal\/"],"url":"https:\/\/www.anovapeneira.gal\/index.php\/author\/redactor\/"}]}},"jetpack_featured_media_url":"https:\/\/www.anovapeneira.gal\/wp-content\/uploads\/2020\/06\/ana_ponton_a_nova_peneira.jpg","_links":{"self":[{"href":"https:\/\/www.anovapeneira.gal\/index.php\/wp-json\/wp\/v2\/posts\/3225","targetHints":{"allow":["GET"]}}],"collection":[{"href":"https:\/\/www.anovapeneira.gal\/index.php\/wp-json\/wp\/v2\/posts"}],"about":[{"href":"https:\/\/www.anovapeneira.gal\/index.php\/wp-json\/wp\/v2\/types\/post"}],"author":[{"embeddable":true,"href":"https:\/\/www.anovapeneira.gal\/index.php\/wp-json\/wp\/v2\/users\/3"}],"replies":[{"embeddable":true,"href":"https:\/\/www.anovapeneira.gal\/index.php\/wp-json\/wp\/v2\/comments?post=3225"}],"version-history":[{"count":1,"href":"https:\/\/www.anovapeneira.gal\/index.php\/wp-json\/wp\/v2\/posts\/3225\/revisions"}],"predecessor-version":[{"id":3227,"href":"https:\/\/www.anovapeneira.gal\/index.php\/wp-json\/wp\/v2\/posts\/3225\/revisions\/3227"}],"wp:featuredmedia":[{"embeddable":true,"href":"https:\/\/www.anovapeneira.gal\/index.php\/wp-json\/wp\/v2\/media\/3226"}],"wp:attachment":[{"href":"https:\/\/www.anovapeneira.gal\/index.php\/wp-json\/wp\/v2\/media?parent=3225"}],"wp:term":[{"taxonomy":"category","embeddable":true,"href":"https:\/\/www.anovapeneira.gal\/index.php\/wp-json\/wp\/v2\/categories?post=3225"},{"taxonomy":"post_tag","embeddable":true,"href":"https:\/\/www.anovapeneira.gal\/index.php\/wp-json\/wp\/v2\/tags?post=3225"}],"curies":[{"name":"wp","href":"https:\/\/api.w.org\/{rel}","templated":true}]}}