{"id":3231,"date":"2020-06-05T10:00:52","date_gmt":"2020-06-05T08:00:52","guid":{"rendered":"http:\/\/www.anovapeneira.gal\/?p=3231"},"modified":"2020-06-04T08:12:31","modified_gmt":"2020-06-04T06:12:31","slug":"elena-rodriguez-de-deilan-praia-e-ponte-caldelas-praia","status":"publish","type":"post","link":"https:\/\/www.anovapeneira.gal\/index.php\/2020\/06\/05\/elena-rodriguez-de-deilan-praia-e-ponte-caldelas-praia\/","title":{"rendered":"Elena Rodr\u00edguez de Deil\u00e1n Praia e Ponte Caldelas Praia"},"content":{"rendered":"\n<p><strong>Elena \u00e9 unha moza de Teis , sensible e cun punto de aventureira, namorada da natureza da nosa contorna e que desde moi nova sempre tivo ilusi\u00f3n por crear un proxecto empresarial que lle permitira p\u00f3r en valor os marabillosos espazos que pos\u00fae o pa\u00eds galego. Os cami\u00f1os da s\u00faa vida lev\u00e1rona a vivir en Amoedo e a explotar a concesi\u00f3n de dous negocios en dous lugares de aut\u00e9ntico para\u00edso, a praia fluvial da Calzada en Pontecaldelas, e a praia de Deil\u00e1n en Santa Cristina de Cobres, no concello de Vilaboa. N\u00f3s conversamos con ela<\/strong><\/p>\n\n\n\n<h2 class=\"wp-block-heading\">\u201c<strong>PARA MIN \u00c9 UNHA HONRA CONTRIBU\u00cdR A P\u00d3R EN VALOR OS MARABILLOSOS ESPAZOS DA NOSA CONTORNA\u201d<\/strong><\/h2>\n\n\n\n<p><strong>Ti es viguesa, en concreto do barrio de Teis. Como unha moza viguesa veu parar ao Concello de Pazos?<\/strong><\/p>\n\n\n\n<blockquote class=\"wp-block-quote is-layout-flow wp-block-quote-is-layout-flow\"><p>Pois por amor, ese foi o motivo.<\/p><\/blockquote>\n\n\n\n<p><strong>Esa \u00e9 unha raz\u00f3n moi poderosa<\/strong><\/p>\n\n\n\n<blockquote class=\"wp-block-quote is-layout-flow wp-block-quote-is-layout-flow\"><p>Abof\u00e9. Eu co\u00f1ec\u00edn ao meu compa\u00f1eiro hai 16 anos e xusto cando o co\u00f1ec\u00edn el mercara unha casa en Amoedo, e cando ma ensinou, encantoume. Tivemos que facer moitos arranxos, e xa levamos preto de 10 anos vivindo seguido aqu\u00ed.<\/p><\/blockquote>\n\n\n\n<p><strong>Case todo o rural galego ten dous problemas moi graves que dificultan que unha parella de mozos poidan desenvolver un proxecto vital; non hai servizos e non hai alternativas laborais. Non o debiches de ter f\u00e1cil, supo\u00f1o?<\/strong><\/p>\n\n\n\n<blockquote class=\"wp-block-quote is-layout-flow wp-block-quote-is-layout-flow\"><p>Coincido contigo, os servizos en Pazos son practicamente inexistentes. E \u00e9 unha m\u00e1goa porque \u00e9 un espazo marabilloso que ten unhas potencialidades inmensas. Levo moito tempo na procura de alternativas para desenvolver a mi\u00f1a vida laboral aqu\u00ed, e costoume moito ata que atopei este cami\u00f1o. Tentei emprender de varias maneiras, e dediqueime a co\u00f1ecer todos os concellos da contorna.<\/p><\/blockquote>\n\n\n\n<p><strong>E mentres que fac\u00edas?<\/strong><\/p>\n\n\n\n<blockquote class=\"wp-block-quote is-layout-flow wp-block-quote-is-layout-flow\"><p>Traballei no eido das telecomunicaci\u00f3ns que \u00e9 a mi\u00f1a profesi\u00f3n.<\/p><\/blockquote>\n\n\n\n<p><strong>Que tal vai internet aqu\u00ed?<\/strong><\/p>\n\n\n\n<blockquote class=\"wp-block-quote is-layout-flow wp-block-quote-is-layout-flow\"><p>Ten moi mala calidade, outro importante problema paras as persoas que vivimos no rural.<\/p><\/blockquote>\n\n\n\n<p><strong>Entre as distintas opci\u00f3ns que sopesaches, por que a do \u201cchiringuito\u201d?<\/strong><\/p>\n\n\n\n<blockquote class=\"wp-block-quote is-layout-flow wp-block-quote-is-layout-flow\"><p>A\u00ednda que pareza un tanto estra\u00f1o era unha ilusi\u00f3n que ti\u00f1a desde hai tempo. A min g\u00fastame o trato coa xente, pero despois de diversas experiencias, apetec\u00edame algo que me dera a oportunidade de tratar con xente relaxada e contenta, e o \u201cchiringuito\u201d parec\u00edame a opci\u00f3n perfecta. Comecei a informarme das condici\u00f3ns e as oportunidades que poder\u00eda haber na contorna.<\/p><\/blockquote>\n\n\n\n<p><strong>E chegou Deil\u00e1n a t\u00faa vida?<\/strong><\/p>\n\n\n\n<blockquote class=\"wp-block-quote is-layout-flow wp-block-quote-is-layout-flow\"><p>Pois si, afortunadamente un sitio tan fermoso como Deil\u00e1n, situado en Santa Cristina de Cobres no concello de Vilaboa cruzouse no meu cami\u00f1o. Ga\u00f1ei a concesi\u00f3n o ano pasado, t\u00e9\u00f1oa por dous anos m\u00e1is un prorrogable, e a verdade foi unha experiencia enormemente satisfactoria para min. Quero aproveitar a oportunidade para convidar a todas e todos os lectores que a\u00ednda non a co\u00f1ezan a que se acheguen, \u00e9 como estar noutra \u00e9poca, podes ver como as fincas de millo chegan ata a mesma praia.<\/p><\/blockquote>\n\n\n\n<div class=\"wp-block-columns is-layout-flex wp-container-core-columns-is-layout-9d6595d7 wp-block-columns-is-layout-flex\">\n<div class=\"wp-block-column is-layout-flow wp-block-column-is-layout-flow\">\n<figure class=\"wp-block-image size-large is-style-default\"><img loading=\"lazy\" decoding=\"async\" width=\"720\" height=\"432\" src=\"http:\/\/www.anovapeneira.gal\/wp-content\/uploads\/2020\/06\/deilan_praia_a_nova_peneira_santa_cristina_de_cobres.jpg\" alt=\"\" class=\"wp-image-3240\" srcset=\"https:\/\/www.anovapeneira.gal\/wp-content\/uploads\/2020\/06\/deilan_praia_a_nova_peneira_santa_cristina_de_cobres.jpg 720w, https:\/\/www.anovapeneira.gal\/wp-content\/uploads\/2020\/06\/deilan_praia_a_nova_peneira_santa_cristina_de_cobres-300x180.jpg 300w\" sizes=\"auto, (max-width: 720px) 100vw, 720px\" \/><\/figure>\n<\/div>\n\n\n\n<div class=\"wp-block-column is-layout-flow wp-block-column-is-layout-flow\">\n<figure class=\"wp-block-image size-large is-style-default\"><img loading=\"lazy\" decoding=\"async\" width=\"720\" height=\"432\" src=\"http:\/\/www.anovapeneira.gal\/wp-content\/uploads\/2020\/06\/deilan_praia_entorno_a_nova_peneira_santa_cristina_cobres.jpg\" alt=\"\" class=\"wp-image-3247\" srcset=\"https:\/\/www.anovapeneira.gal\/wp-content\/uploads\/2020\/06\/deilan_praia_entorno_a_nova_peneira_santa_cristina_cobres.jpg 720w, https:\/\/www.anovapeneira.gal\/wp-content\/uploads\/2020\/06\/deilan_praia_entorno_a_nova_peneira_santa_cristina_cobres-300x180.jpg 300w\" sizes=\"auto, (max-width: 720px) 100vw, 720px\" \/><\/figure>\n\n\n\n<p><\/p>\n<\/div>\n<\/div>\n\n\n\n<p><strong>A t\u00faa valoraci\u00f3n do primeiro ano de Deil\u00e1n \u00e9 boa en todos os aspectos?<\/strong><\/p>\n\n\n\n<blockquote class=\"wp-block-quote is-layout-flow wp-block-quote-is-layout-flow\"><p>\u00c9 marabillosa. Procurei enfocalo desde un prisma de respecto ao espazo de coidado pola natureza e de que todas as persoas que nos distinguisen coa s\u00faa compa\u00f1\u00eda se puidesen sentir c\u00f3modas.<\/p><\/blockquote>\n\n\n\n<p><strong>Que servizos ofertas?<\/strong><\/p>\n\n\n\n<blockquote class=\"wp-block-quote is-layout-flow wp-block-quote-is-layout-flow\"><p>Sobre todo bebidas, pero tam\u00e9n algunha tapa e bocatas. Se o cliente ten ga\u00f1as de comer algo, con fame non queda. E tam\u00e9n procuramos ofertar unha programaci\u00f3n musical ampla e variada, fundamentalmente con m\u00fasicos locais.<\/p><\/blockquote>\n\n\n\n<p><strong>Que horario temos?<\/strong><\/p>\n\n\n\n<blockquote class=\"wp-block-quote is-layout-flow wp-block-quote-is-layout-flow\"><p>Abrimos entre semana a partir das 16.00 ata o peche, e as fins de semana e festivos abrimos a partir das 12.00 da ma\u00f1\u00e1.<\/p><\/blockquote>\n\n\n\n<p><strong>Ben, e este ano temos unha novidade, Ponte Caldelas?<\/strong><\/p>\n\n\n\n<blockquote class=\"wp-block-quote is-layout-flow wp-block-quote-is-layout-flow\"><p>Pois si, unha novidade moi importante. Co\u00f1ec\u00edn que se ofertaba a concesi\u00f3n do \u201cchiringuito\u201d da praia fluvial da Calzada, un espazo absolutamente fermoso. Presenteime ao concurso, formulei as mi\u00f1as propostas, e tam\u00e9n ga\u00f1ei a praza, 4 d\u00edas antes do confinamento.<\/p><\/blockquote>\n\n\n\n<div class=\"wp-block-columns is-layout-flex wp-container-core-columns-is-layout-9d6595d7 wp-block-columns-is-layout-flex\">\n<div class=\"wp-block-column is-layout-flow wp-block-column-is-layout-flow\">\n<figure class=\"wp-block-image size-large is-style-default\"><img loading=\"lazy\" decoding=\"async\" width=\"720\" height=\"432\" src=\"http:\/\/www.anovapeneira.gal\/wp-content\/uploads\/2020\/06\/ponte_caldelas_praia_a_calzada.jpg\" alt=\"\" class=\"wp-image-3244\" srcset=\"https:\/\/www.anovapeneira.gal\/wp-content\/uploads\/2020\/06\/ponte_caldelas_praia_a_calzada.jpg 720w, https:\/\/www.anovapeneira.gal\/wp-content\/uploads\/2020\/06\/ponte_caldelas_praia_a_calzada-300x180.jpg 300w\" sizes=\"auto, (max-width: 720px) 100vw, 720px\" \/><\/figure>\n<\/div>\n\n\n\n<div class=\"wp-block-column is-layout-flow wp-block-column-is-layout-flow\">\n<figure class=\"wp-block-image size-large is-style-default\"><img loading=\"lazy\" decoding=\"async\" width=\"720\" height=\"432\" src=\"http:\/\/www.anovapeneira.gal\/wp-content\/uploads\/2020\/06\/ponte_caldelas_praia_a_nova_peneira_a_calzada_praia_fluvial.jpg\" alt=\"\" class=\"wp-image-3245\" srcset=\"https:\/\/www.anovapeneira.gal\/wp-content\/uploads\/2020\/06\/ponte_caldelas_praia_a_nova_peneira_a_calzada_praia_fluvial.jpg 720w, https:\/\/www.anovapeneira.gal\/wp-content\/uploads\/2020\/06\/ponte_caldelas_praia_a_nova_peneira_a_calzada_praia_fluvial-300x180.jpg 300w\" sizes=\"auto, (max-width: 720px) 100vw, 720px\" \/><\/figure>\n<\/div>\n<\/div>\n\n\n\n<p><strong>Mi\u00f1a nai, vaia papeleta<\/strong>!<\/p>\n\n\n\n<blockquote class=\"wp-block-quote is-layout-flow wp-block-quote-is-layout-flow\"><p>Pois si, a verdade quedei abraiada e sen saber que facer.<\/p><\/blockquote>\n\n\n\n<p><strong>Poder\u00edas ter renunciado?<\/strong><\/p>\n\n\n\n<blockquote class=\"wp-block-quote is-layout-flow wp-block-quote-is-layout-flow\"><p>Si poder\u00eda telo feito, pero decid\u00edn tirar para adiante. O sitio \u00e9 precioso, ten unhas potencialidades enormes e estou convencida de que imos facer algo moi bonito. Para min \u00e9 esencial poder contribu\u00edr a darlle valor aos marabillosos espazos que temos na nosa contorna.<\/p><\/blockquote>\n\n\n\n<p><strong>O horario vai ser igual ca en Vilaboa?<\/strong><\/p>\n\n\n\n<blockquote class=\"wp-block-quote is-layout-flow wp-block-quote-is-layout-flow\"><p>Si, esa \u00e9 a mi\u00f1a idea.<\/p><\/blockquote>\n\n\n\n<p><strong>Os servizos de Ponte Caldelas ser\u00e1n semellantes aos de Vilaboa?<\/strong><\/p>\n\n\n\n<blockquote class=\"wp-block-quote is-layout-flow wp-block-quote-is-layout-flow\"><p>Si, a idea \u00e9 a mesma, dar un bo servizo, sinxelo pero con calidade e tam\u00e9n apostando pola m\u00fasica en directo.<\/p><\/blockquote>\n\n\n\n<p><a href=\"https:\/\/www.facebook.com\/Deil\u00e1n-Praia-1305472422954327\/\" target=\"_blank\" rel=\"noreferrer noopener\">Deil\u00e1n Praia<\/a><\/p>\n\n\n\n<p><a href=\"https:\/\/www.facebook.com\/pontecaldelaspraia\/\" target=\"_blank\" rel=\"noreferrer noopener\">Ponte Caldelas Praia<\/a><\/p>\n","protected":false},"excerpt":{"rendered":"<div class=\"mh-excerpt\"><p>Elena \u00e9 unha moza de Teis , sensible e cun punto de aventureira, namorada da natureza da nosa contorna e que desde moi nova sempre tivo ilusi\u00f3n por crear un proxecto empresarial que lle permitira p\u00f3r en valor os marabillosos espazos que pos\u00fae o pa\u00eds galego <a class=\"mh-excerpt-more\" href=\"https:\/\/www.anovapeneira.gal\/index.php\/2020\/06\/05\/elena-rodriguez-de-deilan-praia-e-ponte-caldelas-praia\/\" title=\"Elena Rodr\u00edguez de Deil\u00e1n Praia e Ponte Caldelas Praia\">[&#8230;]<\/a><\/p>\n<\/div>","protected":false},"author":2,"featured_media":3235,"comment_status":"open","ping_status":"open","sticky":false,"template":"","format":"standard","meta":{"_exactmetrics_skip_tracking":false,"_exactmetrics_sitenote_active":false,"_exactmetrics_sitenote_note":"","_exactmetrics_sitenote_category":0,"footnotes":""},"categories":[493,494,495,589,497],"tags":[1090,1089,128,227,695,1085,1086,223,1087],"class_list":{"0":"post-3231","1":"post","2":"type-post","3":"status-publish","4":"format-standard","5":"has-post-thumbnail","7":"category-morrazo-reportaxes","8":"category-pontevedra-reportaxes","9":"category-redondela-reportaxes","10":"category-reportaxe_galicia","11":"category-vigo-reportaxes","12":"tag-amoedo","13":"tag-concello-de-pazos-de-borben","14":"tag-concello-de-ponte-caldelas","15":"tag-concello-de-vigo","16":"tag-concello-de-vilaboa","17":"tag-deilan-praia","18":"tag-ponte-caldelas-praia","19":"tag-praia-fluvial-da-calzada","20":"tag-santa-cristina-de-cobres"},"yoast_head":"<!-- This site is optimized with the Yoast SEO plugin v27.5 - https:\/\/yoast.com\/product\/yoast-seo-wordpress\/ -->\n<title>Elena Rodr\u00edguez de Deil\u00e1n Praia e Ponte Caldelas Praia -<\/title>\n<meta name=\"robots\" content=\"index, follow, max-snippet:-1, max-image-preview:large, max-video-preview:-1\" \/>\n<link rel=\"canonical\" href=\"https:\/\/www.anovapeneira.gal\/index.php\/2020\/06\/05\/elena-rodriguez-de-deilan-praia-e-ponte-caldelas-praia\/\" \/>\n<meta property=\"og:locale\" content=\"gl_ES\" \/>\n<meta property=\"og:type\" content=\"article\" \/>\n<meta property=\"og:title\" content=\"Elena Rodr\u00edguez de Deil\u00e1n Praia e Ponte Caldelas Praia -\" \/>\n<meta property=\"og:description\" content=\"Elena \u00e9 unha moza de Teis , sensible e cun punto de aventureira, namorada da natureza da nosa contorna e que desde moi nova sempre tivo ilusi\u00f3n por crear un proxecto empresarial que lle permitira p\u00f3r en valor os marabillosos espazos que pos\u00fae o pa\u00eds galego [...]\" \/>\n<meta property=\"og:url\" content=\"https:\/\/www.anovapeneira.gal\/index.php\/2020\/06\/05\/elena-rodriguez-de-deilan-praia-e-ponte-caldelas-praia\/\" \/>\n<meta property=\"article:publisher\" content=\"https:\/\/www.facebook.com\/anovapeneira\" \/>\n<meta property=\"article:published_time\" content=\"2020-06-05T08:00:52+00:00\" \/>\n<meta property=\"og:image\" content=\"https:\/\/www.anovapeneira.gal\/wp-content\/uploads\/2020\/06\/elena_deilan_praia_ponte_caldelas_praia_a_nova_peneira.jpg\" \/>\n\t<meta property=\"og:image:width\" content=\"720\" \/>\n\t<meta property=\"og:image:height\" content=\"432\" \/>\n\t<meta property=\"og:image:type\" content=\"image\/jpeg\" \/>\n<meta name=\"author\" content=\"Tino Lago\" \/>\n<meta name=\"twitter:card\" content=\"summary_large_image\" \/>\n<meta name=\"twitter:creator\" content=\"@APeneira\" \/>\n<meta name=\"twitter:site\" content=\"@APeneira\" \/>\n<meta name=\"twitter:label1\" content=\"Escrito por\" \/>\n\t<meta name=\"twitter:data1\" content=\"Tino Lago\" \/>\n\t<meta name=\"twitter:label2\" content=\"Tempo de lectura\" \/>\n\t<meta name=\"twitter:data2\" content=\"4 minutos\" \/>\n<script type=\"application\/ld+json\" class=\"yoast-schema-graph\">{\"@context\":\"https:\\\/\\\/schema.org\",\"@graph\":[{\"@type\":\"Article\",\"@id\":\"https:\\\/\\\/www.anovapeneira.gal\\\/index.php\\\/2020\\\/06\\\/05\\\/elena-rodriguez-de-deilan-praia-e-ponte-caldelas-praia\\\/#article\",\"isPartOf\":{\"@id\":\"https:\\\/\\\/www.anovapeneira.gal\\\/index.php\\\/2020\\\/06\\\/05\\\/elena-rodriguez-de-deilan-praia-e-ponte-caldelas-praia\\\/\"},\"author\":{\"name\":\"Tino Lago\",\"@id\":\"https:\\\/\\\/www.anovapeneira.gal\\\/#\\\/schema\\\/person\\\/424dfe65e3070fd8a44d22d2c088762a\"},\"headline\":\"Elena Rodr\u00edguez de Deil\u00e1n Praia e Ponte Caldelas Praia\",\"datePublished\":\"2020-06-05T08:00:52+00:00\",\"mainEntityOfPage\":{\"@id\":\"https:\\\/\\\/www.anovapeneira.gal\\\/index.php\\\/2020\\\/06\\\/05\\\/elena-rodriguez-de-deilan-praia-e-ponte-caldelas-praia\\\/\"},\"wordCount\":815,\"commentCount\":0,\"publisher\":{\"@id\":\"https:\\\/\\\/www.anovapeneira.gal\\\/#organization\"},\"image\":{\"@id\":\"https:\\\/\\\/www.anovapeneira.gal\\\/index.php\\\/2020\\\/06\\\/05\\\/elena-rodriguez-de-deilan-praia-e-ponte-caldelas-praia\\\/#primaryimage\"},\"thumbnailUrl\":\"https:\\\/\\\/www.anovapeneira.gal\\\/wp-content\\\/uploads\\\/2020\\\/06\\\/elena_deilan_praia_ponte_caldelas_praia_a_nova_peneira.jpg\",\"keywords\":[\"Amoedo\",\"Concello de Pazos de Borb\u00e9n\",\"Concello de Ponte Caldelas\",\"Concello de Vigo\",\"Concello de Vilaboa\",\"Deil\u00e1n Praia\",\"Ponte Caldelas Praia\",\"Praia fluvial da Calzada\",\"Santa Cristina de Cobres\"],\"articleSection\":[\"Morrazo\",\"Pontevedra\",\"Redondela\",\"Reportaxes\",\"Vigo\"],\"inLanguage\":\"gl-ES\",\"potentialAction\":[{\"@type\":\"CommentAction\",\"name\":\"Comment\",\"target\":[\"https:\\\/\\\/www.anovapeneira.gal\\\/index.php\\\/2020\\\/06\\\/05\\\/elena-rodriguez-de-deilan-praia-e-ponte-caldelas-praia\\\/#respond\"]}]},{\"@type\":\"WebPage\",\"@id\":\"https:\\\/\\\/www.anovapeneira.gal\\\/index.php\\\/2020\\\/06\\\/05\\\/elena-rodriguez-de-deilan-praia-e-ponte-caldelas-praia\\\/\",\"url\":\"https:\\\/\\\/www.anovapeneira.gal\\\/index.php\\\/2020\\\/06\\\/05\\\/elena-rodriguez-de-deilan-praia-e-ponte-caldelas-praia\\\/\",\"name\":\"Elena Rodr\u00edguez de Deil\u00e1n Praia e Ponte Caldelas Praia -\",\"isPartOf\":{\"@id\":\"https:\\\/\\\/www.anovapeneira.gal\\\/#website\"},\"primaryImageOfPage\":{\"@id\":\"https:\\\/\\\/www.anovapeneira.gal\\\/index.php\\\/2020\\\/06\\\/05\\\/elena-rodriguez-de-deilan-praia-e-ponte-caldelas-praia\\\/#primaryimage\"},\"image\":{\"@id\":\"https:\\\/\\\/www.anovapeneira.gal\\\/index.php\\\/2020\\\/06\\\/05\\\/elena-rodriguez-de-deilan-praia-e-ponte-caldelas-praia\\\/#primaryimage\"},\"thumbnailUrl\":\"https:\\\/\\\/www.anovapeneira.gal\\\/wp-content\\\/uploads\\\/2020\\\/06\\\/elena_deilan_praia_ponte_caldelas_praia_a_nova_peneira.jpg\",\"datePublished\":\"2020-06-05T08:00:52+00:00\",\"breadcrumb\":{\"@id\":\"https:\\\/\\\/www.anovapeneira.gal\\\/index.php\\\/2020\\\/06\\\/05\\\/elena-rodriguez-de-deilan-praia-e-ponte-caldelas-praia\\\/#breadcrumb\"},\"inLanguage\":\"gl-ES\",\"potentialAction\":[{\"@type\":\"ReadAction\",\"target\":[\"https:\\\/\\\/www.anovapeneira.gal\\\/index.php\\\/2020\\\/06\\\/05\\\/elena-rodriguez-de-deilan-praia-e-ponte-caldelas-praia\\\/\"]}]},{\"@type\":\"ImageObject\",\"inLanguage\":\"gl-ES\",\"@id\":\"https:\\\/\\\/www.anovapeneira.gal\\\/index.php\\\/2020\\\/06\\\/05\\\/elena-rodriguez-de-deilan-praia-e-ponte-caldelas-praia\\\/#primaryimage\",\"url\":\"https:\\\/\\\/www.anovapeneira.gal\\\/wp-content\\\/uploads\\\/2020\\\/06\\\/elena_deilan_praia_ponte_caldelas_praia_a_nova_peneira.jpg\",\"contentUrl\":\"https:\\\/\\\/www.anovapeneira.gal\\\/wp-content\\\/uploads\\\/2020\\\/06\\\/elena_deilan_praia_ponte_caldelas_praia_a_nova_peneira.jpg\",\"width\":720,\"height\":432,\"caption\":\"Elena Rodr\u00edguez Deil\u00e1n Praia Ponte Caldelas Praia A Nova Peneira\"},{\"@type\":\"BreadcrumbList\",\"@id\":\"https:\\\/\\\/www.anovapeneira.gal\\\/index.php\\\/2020\\\/06\\\/05\\\/elena-rodriguez-de-deilan-praia-e-ponte-caldelas-praia\\\/#breadcrumb\",\"itemListElement\":[{\"@type\":\"ListItem\",\"position\":1,\"name\":\"Portada\",\"item\":\"https:\\\/\\\/www.anovapeneira.gal\\\/\"},{\"@type\":\"ListItem\",\"position\":2,\"name\":\"Elena Rodr\u00edguez de Deil\u00e1n Praia e Ponte Caldelas Praia\"}]},{\"@type\":\"WebSite\",\"@id\":\"https:\\\/\\\/www.anovapeneira.gal\\\/#website\",\"url\":\"https:\\\/\\\/www.anovapeneira.gal\\\/\",\"name\":\"\",\"description\":\"Xornal galego de informaci\u00f3n xeral Publicaci\u00f3n mensual de novas de Galicia e en especial dos Concellos da sur da provincia de Pontevedra.\",\"publisher\":{\"@id\":\"https:\\\/\\\/www.anovapeneira.gal\\\/#organization\"},\"potentialAction\":[{\"@type\":\"SearchAction\",\"target\":{\"@type\":\"EntryPoint\",\"urlTemplate\":\"https:\\\/\\\/www.anovapeneira.gal\\\/?s={search_term_string}\"},\"query-input\":{\"@type\":\"PropertyValueSpecification\",\"valueRequired\":true,\"valueName\":\"search_term_string\"}}],\"inLanguage\":\"gl-ES\"},{\"@type\":\"Organization\",\"@id\":\"https:\\\/\\\/www.anovapeneira.gal\\\/#organization\",\"name\":\"A Nova Peneira\",\"url\":\"https:\\\/\\\/www.anovapeneira.gal\\\/\",\"logo\":{\"@type\":\"ImageObject\",\"inLanguage\":\"gl-ES\",\"@id\":\"https:\\\/\\\/www.anovapeneira.gal\\\/#\\\/schema\\\/logo\\\/image\\\/\",\"url\":\"http:\\\/\\\/www.anovapeneira.gal\\\/wp-content\\\/uploads\\\/2019\\\/06\\\/logo_a_nova_peneira_portal_web.png\",\"contentUrl\":\"http:\\\/\\\/www.anovapeneira.gal\\\/wp-content\\\/uploads\\\/2019\\\/06\\\/logo_a_nova_peneira_portal_web.png\",\"width\":300,\"height\":100,\"caption\":\"A Nova Peneira\"},\"image\":{\"@id\":\"https:\\\/\\\/www.anovapeneira.gal\\\/#\\\/schema\\\/logo\\\/image\\\/\"},\"sameAs\":[\"https:\\\/\\\/www.facebook.com\\\/anovapeneira\",\"https:\\\/\\\/x.com\\\/APeneira\"]},{\"@type\":\"Person\",\"@id\":\"https:\\\/\\\/www.anovapeneira.gal\\\/#\\\/schema\\\/person\\\/424dfe65e3070fd8a44d22d2c088762a\",\"name\":\"Tino Lago\",\"image\":{\"@type\":\"ImageObject\",\"inLanguage\":\"gl-ES\",\"@id\":\"https:\\\/\\\/secure.gravatar.com\\\/avatar\\\/b3df6a06e44bab3111583b90f0f33a0379ee5e3d22cbadd232d39f21c30c62be?s=96&d=mm&r=g\",\"url\":\"https:\\\/\\\/secure.gravatar.com\\\/avatar\\\/b3df6a06e44bab3111583b90f0f33a0379ee5e3d22cbadd232d39f21c30c62be?s=96&d=mm&r=g\",\"contentUrl\":\"https:\\\/\\\/secure.gravatar.com\\\/avatar\\\/b3df6a06e44bab3111583b90f0f33a0379ee5e3d22cbadd232d39f21c30c62be?s=96&d=mm&r=g\",\"caption\":\"Tino Lago\"},\"sameAs\":[\"http:\\\/\\\/www.anovapeneira.gal\"],\"url\":\"https:\\\/\\\/www.anovapeneira.gal\\\/index.php\\\/author\\\/director\\\/\"}]}<\/script>\n<!-- \/ Yoast SEO plugin. -->","yoast_head_json":{"title":"Elena Rodr\u00edguez de Deil\u00e1n Praia e Ponte Caldelas Praia -","robots":{"index":"index","follow":"follow","max-snippet":"max-snippet:-1","max-image-preview":"max-image-preview:large","max-video-preview":"max-video-preview:-1"},"canonical":"https:\/\/www.anovapeneira.gal\/index.php\/2020\/06\/05\/elena-rodriguez-de-deilan-praia-e-ponte-caldelas-praia\/","og_locale":"gl_ES","og_type":"article","og_title":"Elena Rodr\u00edguez de Deil\u00e1n Praia e Ponte Caldelas Praia -","og_description":"Elena \u00e9 unha moza de Teis , sensible e cun punto de aventureira, namorada da natureza da nosa contorna e que desde moi nova sempre tivo ilusi\u00f3n por crear un proxecto empresarial que lle permitira p\u00f3r en valor os marabillosos espazos que pos\u00fae o pa\u00eds galego [...]","og_url":"https:\/\/www.anovapeneira.gal\/index.php\/2020\/06\/05\/elena-rodriguez-de-deilan-praia-e-ponte-caldelas-praia\/","article_publisher":"https:\/\/www.facebook.com\/anovapeneira","article_published_time":"2020-06-05T08:00:52+00:00","og_image":[{"width":720,"height":432,"url":"https:\/\/www.anovapeneira.gal\/wp-content\/uploads\/2020\/06\/elena_deilan_praia_ponte_caldelas_praia_a_nova_peneira.jpg","type":"image\/jpeg"}],"author":"Tino Lago","twitter_card":"summary_large_image","twitter_creator":"@APeneira","twitter_site":"@APeneira","twitter_misc":{"Escrito por":"Tino Lago","Tempo de lectura":"4 minutos"},"schema":{"@context":"https:\/\/schema.org","@graph":[{"@type":"Article","@id":"https:\/\/www.anovapeneira.gal\/index.php\/2020\/06\/05\/elena-rodriguez-de-deilan-praia-e-ponte-caldelas-praia\/#article","isPartOf":{"@id":"https:\/\/www.anovapeneira.gal\/index.php\/2020\/06\/05\/elena-rodriguez-de-deilan-praia-e-ponte-caldelas-praia\/"},"author":{"name":"Tino Lago","@id":"https:\/\/www.anovapeneira.gal\/#\/schema\/person\/424dfe65e3070fd8a44d22d2c088762a"},"headline":"Elena Rodr\u00edguez de Deil\u00e1n Praia e Ponte Caldelas Praia","datePublished":"2020-06-05T08:00:52+00:00","mainEntityOfPage":{"@id":"https:\/\/www.anovapeneira.gal\/index.php\/2020\/06\/05\/elena-rodriguez-de-deilan-praia-e-ponte-caldelas-praia\/"},"wordCount":815,"commentCount":0,"publisher":{"@id":"https:\/\/www.anovapeneira.gal\/#organization"},"image":{"@id":"https:\/\/www.anovapeneira.gal\/index.php\/2020\/06\/05\/elena-rodriguez-de-deilan-praia-e-ponte-caldelas-praia\/#primaryimage"},"thumbnailUrl":"https:\/\/www.anovapeneira.gal\/wp-content\/uploads\/2020\/06\/elena_deilan_praia_ponte_caldelas_praia_a_nova_peneira.jpg","keywords":["Amoedo","Concello de Pazos de Borb\u00e9n","Concello de Ponte Caldelas","Concello de Vigo","Concello de Vilaboa","Deil\u00e1n Praia","Ponte Caldelas Praia","Praia fluvial da Calzada","Santa Cristina de Cobres"],"articleSection":["Morrazo","Pontevedra","Redondela","Reportaxes","Vigo"],"inLanguage":"gl-ES","potentialAction":[{"@type":"CommentAction","name":"Comment","target":["https:\/\/www.anovapeneira.gal\/index.php\/2020\/06\/05\/elena-rodriguez-de-deilan-praia-e-ponte-caldelas-praia\/#respond"]}]},{"@type":"WebPage","@id":"https:\/\/www.anovapeneira.gal\/index.php\/2020\/06\/05\/elena-rodriguez-de-deilan-praia-e-ponte-caldelas-praia\/","url":"https:\/\/www.anovapeneira.gal\/index.php\/2020\/06\/05\/elena-rodriguez-de-deilan-praia-e-ponte-caldelas-praia\/","name":"Elena Rodr\u00edguez de Deil\u00e1n Praia e Ponte Caldelas Praia -","isPartOf":{"@id":"https:\/\/www.anovapeneira.gal\/#website"},"primaryImageOfPage":{"@id":"https:\/\/www.anovapeneira.gal\/index.php\/2020\/06\/05\/elena-rodriguez-de-deilan-praia-e-ponte-caldelas-praia\/#primaryimage"},"image":{"@id":"https:\/\/www.anovapeneira.gal\/index.php\/2020\/06\/05\/elena-rodriguez-de-deilan-praia-e-ponte-caldelas-praia\/#primaryimage"},"thumbnailUrl":"https:\/\/www.anovapeneira.gal\/wp-content\/uploads\/2020\/06\/elena_deilan_praia_ponte_caldelas_praia_a_nova_peneira.jpg","datePublished":"2020-06-05T08:00:52+00:00","breadcrumb":{"@id":"https:\/\/www.anovapeneira.gal\/index.php\/2020\/06\/05\/elena-rodriguez-de-deilan-praia-e-ponte-caldelas-praia\/#breadcrumb"},"inLanguage":"gl-ES","potentialAction":[{"@type":"ReadAction","target":["https:\/\/www.anovapeneira.gal\/index.php\/2020\/06\/05\/elena-rodriguez-de-deilan-praia-e-ponte-caldelas-praia\/"]}]},{"@type":"ImageObject","inLanguage":"gl-ES","@id":"https:\/\/www.anovapeneira.gal\/index.php\/2020\/06\/05\/elena-rodriguez-de-deilan-praia-e-ponte-caldelas-praia\/#primaryimage","url":"https:\/\/www.anovapeneira.gal\/wp-content\/uploads\/2020\/06\/elena_deilan_praia_ponte_caldelas_praia_a_nova_peneira.jpg","contentUrl":"https:\/\/www.anovapeneira.gal\/wp-content\/uploads\/2020\/06\/elena_deilan_praia_ponte_caldelas_praia_a_nova_peneira.jpg","width":720,"height":432,"caption":"Elena Rodr\u00edguez Deil\u00e1n Praia Ponte Caldelas Praia A Nova Peneira"},{"@type":"BreadcrumbList","@id":"https:\/\/www.anovapeneira.gal\/index.php\/2020\/06\/05\/elena-rodriguez-de-deilan-praia-e-ponte-caldelas-praia\/#breadcrumb","itemListElement":[{"@type":"ListItem","position":1,"name":"Portada","item":"https:\/\/www.anovapeneira.gal\/"},{"@type":"ListItem","position":2,"name":"Elena Rodr\u00edguez de Deil\u00e1n Praia e Ponte Caldelas Praia"}]},{"@type":"WebSite","@id":"https:\/\/www.anovapeneira.gal\/#website","url":"https:\/\/www.anovapeneira.gal\/","name":"","description":"Xornal galego de informaci\u00f3n xeral Publicaci\u00f3n mensual de novas de Galicia e en especial dos Concellos da sur da provincia de Pontevedra.","publisher":{"@id":"https:\/\/www.anovapeneira.gal\/#organization"},"potentialAction":[{"@type":"SearchAction","target":{"@type":"EntryPoint","urlTemplate":"https:\/\/www.anovapeneira.gal\/?s={search_term_string}"},"query-input":{"@type":"PropertyValueSpecification","valueRequired":true,"valueName":"search_term_string"}}],"inLanguage":"gl-ES"},{"@type":"Organization","@id":"https:\/\/www.anovapeneira.gal\/#organization","name":"A Nova Peneira","url":"https:\/\/www.anovapeneira.gal\/","logo":{"@type":"ImageObject","inLanguage":"gl-ES","@id":"https:\/\/www.anovapeneira.gal\/#\/schema\/logo\/image\/","url":"http:\/\/www.anovapeneira.gal\/wp-content\/uploads\/2019\/06\/logo_a_nova_peneira_portal_web.png","contentUrl":"http:\/\/www.anovapeneira.gal\/wp-content\/uploads\/2019\/06\/logo_a_nova_peneira_portal_web.png","width":300,"height":100,"caption":"A Nova Peneira"},"image":{"@id":"https:\/\/www.anovapeneira.gal\/#\/schema\/logo\/image\/"},"sameAs":["https:\/\/www.facebook.com\/anovapeneira","https:\/\/x.com\/APeneira"]},{"@type":"Person","@id":"https:\/\/www.anovapeneira.gal\/#\/schema\/person\/424dfe65e3070fd8a44d22d2c088762a","name":"Tino Lago","image":{"@type":"ImageObject","inLanguage":"gl-ES","@id":"https:\/\/secure.gravatar.com\/avatar\/b3df6a06e44bab3111583b90f0f33a0379ee5e3d22cbadd232d39f21c30c62be?s=96&d=mm&r=g","url":"https:\/\/secure.gravatar.com\/avatar\/b3df6a06e44bab3111583b90f0f33a0379ee5e3d22cbadd232d39f21c30c62be?s=96&d=mm&r=g","contentUrl":"https:\/\/secure.gravatar.com\/avatar\/b3df6a06e44bab3111583b90f0f33a0379ee5e3d22cbadd232d39f21c30c62be?s=96&d=mm&r=g","caption":"Tino Lago"},"sameAs":["http:\/\/www.anovapeneira.gal"],"url":"https:\/\/www.anovapeneira.gal\/index.php\/author\/director\/"}]}},"jetpack_featured_media_url":"https:\/\/www.anovapeneira.gal\/wp-content\/uploads\/2020\/06\/elena_deilan_praia_ponte_caldelas_praia_a_nova_peneira.jpg","_links":{"self":[{"href":"https:\/\/www.anovapeneira.gal\/index.php\/wp-json\/wp\/v2\/posts\/3231","targetHints":{"allow":["GET"]}}],"collection":[{"href":"https:\/\/www.anovapeneira.gal\/index.php\/wp-json\/wp\/v2\/posts"}],"about":[{"href":"https:\/\/www.anovapeneira.gal\/index.php\/wp-json\/wp\/v2\/types\/post"}],"author":[{"embeddable":true,"href":"https:\/\/www.anovapeneira.gal\/index.php\/wp-json\/wp\/v2\/users\/2"}],"replies":[{"embeddable":true,"href":"https:\/\/www.anovapeneira.gal\/index.php\/wp-json\/wp\/v2\/comments?post=3231"}],"version-history":[{"count":14,"href":"https:\/\/www.anovapeneira.gal\/index.php\/wp-json\/wp\/v2\/posts\/3231\/revisions"}],"predecessor-version":[{"id":3251,"href":"https:\/\/www.anovapeneira.gal\/index.php\/wp-json\/wp\/v2\/posts\/3231\/revisions\/3251"}],"wp:featuredmedia":[{"embeddable":true,"href":"https:\/\/www.anovapeneira.gal\/index.php\/wp-json\/wp\/v2\/media\/3235"}],"wp:attachment":[{"href":"https:\/\/www.anovapeneira.gal\/index.php\/wp-json\/wp\/v2\/media?parent=3231"}],"wp:term":[{"taxonomy":"category","embeddable":true,"href":"https:\/\/www.anovapeneira.gal\/index.php\/wp-json\/wp\/v2\/categories?post=3231"},{"taxonomy":"post_tag","embeddable":true,"href":"https:\/\/www.anovapeneira.gal\/index.php\/wp-json\/wp\/v2\/tags?post=3231"}],"curies":[{"name":"wp","href":"https:\/\/api.w.org\/{rel}","templated":true}]}}