{"id":3259,"date":"2020-06-08T10:00:41","date_gmt":"2020-06-08T08:00:41","guid":{"rendered":"http:\/\/www.anovapeneira.gal\/?p=3259"},"modified":"2020-06-06T10:20:03","modified_gmt":"2020-06-06T08:20:03","slug":"ecoloxistas-en-accion-presenta-un-decalogo-para-un-goberno-ecoloxico","status":"publish","type":"post","link":"https:\/\/www.anovapeneira.gal\/index.php\/2020\/06\/08\/ecoloxistas-en-accion-presenta-un-decalogo-para-un-goberno-ecoloxico\/","title":{"rendered":"Ecoloxistas en acci\u00f3n presenta un dec\u00e1logo para un goberno ecol\u00f3xico"},"content":{"rendered":"\n<p>Ecoloxistas en Acci\u00f3n ven de enviar un Dec\u00e1logo de Propostas Socioambientais para un Goberno Ecol\u00f3xico a todas as forzas pol\u00edticas con representaci\u00f3n no parlamento galego para que incluan ditas propostas nos seus respectivos programas electorais cos que concurren aos comicios do 12 de xullo<strong>. <\/strong>O documento recolle dez grandes propostas en seis bloques que o Goberno entrante deber\u00e1 po\u00f1er en marcha para recuperar o tempo perdido e avanzar con decisi\u00f3n na necesaria e urxente transici\u00f3n ecol\u00f3xica.<\/p>\n\n\n\n<p>A\u00a0<b>organizaci\u00f3n <\/b><span style=\"font-weight: 600;\">ecoloxista<\/span><b> galega<\/b> declara que a grave crise sanitaria co seu cru drama humano centrou toda a atenci\u00f3n medi\u00e1tica relegando a un sombr\u00edo e perigoso segundo plano a emerxencia clim\u00e1tica. O confinamento derivado da pandemia do Covid-19 deixou irrefutablemente patente que a actividade do ser humano \u00e9 a causante da crise clim\u00e1tica e doutros problemas socioambientais, pero tam\u00e9n a nosa capacidade como sociedade para amoldarnos e cambiar os h\u00e1bitos ou actividades que supo\u00f1en un grave risco para a sa\u00fade. Desta capacidade colectiva de superaci\u00f3n debemos extraer a lecci\u00f3n para abordarmos con \u00e9xito a emerxencia clim\u00e1tica e a m\u00e1is ampla crise socioecol\u00f3xica da que forma parte. Non debemos adentrarnos na nova normalidade incidindo nos erros do pasado. A superaci\u00f3n da crise sanitaria ten que ir acompa\u00f1ada de medidas para afrontar a emerxencia ecol\u00f3xica. O paquete de medidas de est\u00edmulo e recuperaci\u00f3n econ\u00f3mica que se implementen debe centrarse en actividades sostibles e positivas para a natureza e non en sectores responsables da crise ecol\u00f3xica tales como a aviaci\u00f3n ou a automoci\u00f3n. A defensa da vida, da biodiversidade, debe ser a premisa das futuras decisi\u00f3ns pol\u00edticas.<\/p>\n\n\n\n<p>O novo Goberno galego que saia das urnas o 12 de xullo chega nun momento no que a vida no planeta est\u00e1 comprometida. A crise sanitaria, ecosocial e clim\u00e1tica resultan evidentes e en todo o planeta aumentan os chamamentos para inclinar a balanza en favor da sustentabilidade e dun sistema econ\u00f3mico m\u00e1is xusto. Por iso, Ecoloxistas en Acci\u00f3n pide \u00e1s forzas pol\u00edticas que vaian conformar o novo Parlamento Galego e designar o futuro Goberno que adopten nos seus programas estas propostas para abordar os maiores retos ambientais aos que se enfronta o noso pa\u00eds en defensa da natureza e as persoas.<\/p>\n\n\n\n<p>No primeiro bloque de propostas ecoloxistas aborda unha&nbsp;<strong>Transici\u00f3n Ecoloxica Xusta e R\u00e1pida&nbsp;<\/strong>espo\u00f1endonos as acci\u00f3ns transversais que debe adoptar o novo goberno para promover unha verdadeira transici\u00f3n ecol\u00f3xica. Entre outras, medidas como asegurar unha representaci\u00f3n adecuada das entidades ambientais nos consellos e demais \u00f3rganos consultivos da Xunta de Galicia e intoducir mecanismos de democracia participativa na toma de decisi\u00f3ns. Tam\u00e9n, dentro deste bloque, nos sinalan a necesiade de desenvolver unha lexislaci\u00f3n de avialiaci\u00f3n medioambiental que obrigue a uns detallados e imparciais estudos de impacto medioambiental a calquera proxecto que potencialmente poida resultar lesivo para o medio ambiente e que estableza uns tempos e canles que favorezan a participaci\u00f3n cidad\u00e1.<\/p>\n\n\n\n<p>No segundo bloque que titulan&nbsp;<strong>Sen Biodiversidade Non Hai Vida<\/strong>al\u00e9rtannos que compre po\u00f1er en marcha medidas urxentes para frear a perda de biodiversidade. Para isto, inciden na premura que debe ter o goberno entrante por elaborar unha &#8220;Folla de ruta&#8221; vinculante para abordar a urxencia producida pola perda de biodiversidade, as\u00ed coma avaliar o seu impacto sobre a provisi\u00f3n de servizos ecosist\u00e9micos chaves para o noso benestar. Entre outras acci\u00f3ns, \u00e9 imprescindible duplicar a superficie protexida ao abeiro da rede Natura 2000, favorecendo todo o pos\u00edbel a conectividade ecol\u00f3xica entre os espazos naturais, as\u00ed como promover plans de conservaci\u00f3n e recuperaci\u00f3n para todas as especies de fauna e flora catalogadas como vulnerables ou en perigo de etinci\u00f3n. A ampliaci\u00f3n da Rede Natura 2000 debe acompa\u00f1arse de orzamento suficiente que permita a execuci\u00f3n das distintas medidas inclu\u00eddas nos plans de xesti\u00f3n dos espazos naturais que a compo\u00f1an.<\/p>\n\n\n\n<p>Para Ecoloxista&nbsp;<strong>A Emerxencia Clim\u00e1tica \u00e9 unha Prioridade<\/strong>e con este t\u00edtulo designan ao terceiro bloque recalcando na necesidade de actuar xa fronte \u00e1 emerxencia clim\u00e1tica de forma prioritaria. Para esta actuaci\u00f3n apuntan que \u00e9 prioritario reformular a Estratexia Galega de Cambio Clim\u00e1tico e Enerx\u00eda 2050 para acadar un obxectivo de reduci\u00f3n das emisi\u00f3ns galegas de di\u00f3xido de carbono (CO2) e outros gases causantes de cambio clim\u00e1tico de, polo menos, un 65% en 2030 con respecto a 1990, para lograr a meta de emisi\u00f3ns netas cero en 2040, a m\u00e1is tardar. Para iso, \u00e9 prioritario que a central t\u00e9rmica das Pontes estea xa pechada en 2022 (descartando totalmente a opci\u00f3n da co-combusti\u00f3n de carb\u00f3n e residuos org\u00e1nicos) e conseguir un sistema el\u00e9ctrico 100% renovable en 2030, a m\u00e1is tardar.<\/p>\n\n\n\n<p>No cuarto bloque propo\u00f1en medidas efectivas para garantir o uso sustentable dos recursos h\u00eddricos e o dereito humano \u00e1 agua e p\u00f3r as\u00ed<strong>A Vida no Centro das Pol\u00edticas<\/strong>. Consideran o acceso \u00e1 auga potable e ao saneamento como un dereito humano e por iso solicitan que se establezan medidas de fomento dunha xesti\u00f3n p\u00fablica, eficiente e participativa da auga. Tam\u00e9n apuntan a necesidade de acelerar a delimitaci\u00f3n do dominio p\u00fablico hidr\u00e1ulico na Demarcaci\u00f3n Hidrogr\u00e1fica de Galicia-Costa e garantir a s\u00faa defensa efectiva para reforzar o seu papel na conectividade ecol\u00f3xica e na laminaci\u00f3n das enchentes. Adem\u00e1is ven urxente adoptar medidas ambiciosas contra a contaminaci\u00f3n atmosf\u00e9rica, ac\u00fastica e lum\u00ednica como reformar a lexislaci\u00f3n auton\u00f3mica en materia de calidade do aire e de ru\u00eddo. Tam\u00e9n est\u00e1n presentes no dec\u00e1logo medidas efectivas contra a<strong>contaminaci\u00f3n electromagn\u00e9tica&nbsp;<\/strong>como a moratoria do despregue da 5G e dos seus proxectos pilotos (Vigo e A Coru\u00f1a) que non atenden \u00e1 avaliaci\u00f3n ambiental nin ao principio de precauci\u00f3n. Non menos importante \u00e9&nbsp;<strong>reducir o uso de sustancias perigosas<\/strong>de xeito dr\u00e1stico e descontaminaci\u00f3n das zonas afectadas e para acadalo sinalan que \u00e9 necesario establecer obxectivos ambiciosos de uso de praguicidas, de polo menos un 30% de reduci\u00f3n para 2023, prohibindo antes aqueles m\u00e1is perigosos e os que interferen co sistema endocrino.<\/p>\n\n\n\n<p>O quinto bloque denom\u00ednase&nbsp;<strong>Un Modelo Produtivo para un Horizonte sen Residuos.<\/strong>Neste bloque, ecoloxistas cre prioritario impulsar un modelo produtivo baseado na reduci\u00f3n do consumo de recursos materiais con especial atenci\u00f3n \u00e1s pol\u00edticas de residuo cero. Destacan ademais que \u00e9 imprescindible reformular a Estratexia Galega de Econom\u00eda Circular 2020-2030 para facela m\u00e1is ambiciosa e incorporar o obxectivo de reducir a demanda de materiais da econom\u00eda galega nun 40% en 2030, ao tempo que se aumenta o peso relativo do uso de materiais renovables en detrimento da utilizaci\u00f3n de minerais (enerx\u00e9ticos e non enerx\u00e9ticos), hoxe moi maioritariamente importados do resto do mundo e, especialmente, do Sur global.<\/p>\n\n\n\n<p>O derradeiro bloque adicanno a\u00a0<strong>Un Desonvolvemento Sostible no Rural\u00a0<\/strong>e apostan pola agroecolox\u00eda e a soberan\u00eda alimentaria. As\u00ed ven necesaria a transformaci\u00f3n de todo o modelo produtivo pasa no \u00e1mbito agrario pola desintensificaci\u00f3n, unha certa desgandeirizaci\u00f3n acompa\u00f1ada do fomento da reduci\u00f3n do consumo de carne e l\u00e1cteos e a conversi\u00f3n ecol\u00f3xica da produci\u00f3n, priorizando as pequenas explotaci\u00f3ns labregas e o comercio de proximidade. Para unha\u00a0<strong>Xesti\u00f3n forestal sostible e con futuro<\/strong>propo\u00f1en un Novo Plan Forestal de Galicia e revisi\u00f3n da lexislaci\u00f3n de montes, base\u00e1ndose no consenso social e na conservaci\u00f3n das masas forestais aut\u00f3ctonas, a zonas de mato, pastos e outros terreos agr\u00edcolas, non na mobilizaci\u00f3n produtivista do monte. E por suposto non se esquecen da necesidade de reducir de forma progresiva e dr\u00e1stica a superficie coberta por eucaliptais, impedindo novas plantaci\u00f3ns e eliminando parte das existentes, especialmente nas ribeiras dos r\u00edos e nos espazos naturais protexidos.<\/p>\n\n\n\n<figure class=\"wp-block-embed-wordpress wp-block-embed is-type-wp-embed is-provider-ecologistas-en-accion\"><div class=\"wp-block-embed__wrapper\">\n<blockquote class=\"wp-embedded-content\" data-secret=\"RP3y4zUn9o\"><a href=\"https:\/\/www.ecologistasenaccion.org\/139097\/decalogo-de-propostas-socioambientais-para-un-goberno-ecoloxico\/\">Dec\u00e1logo de propostas socioambientais para un goberno ecol\u00f3xico<\/a><\/blockquote><iframe loading=\"lazy\" class=\"wp-embedded-content\" sandbox=\"allow-scripts\" security=\"restricted\" style=\"position: absolute; clip: rect(1px, 1px, 1px, 1px);\" title=\"\u00abDec\u00e1logo de propostas socioambientais para un goberno ecol\u00f3xico\u00bb \u2014 Ecologistas en Acci\u00f3n\" src=\"https:\/\/www.ecologistasenaccion.org\/139097\/decalogo-de-propostas-socioambientais-para-un-goberno-ecoloxico\/embed\/#?secret=M4GfCdTE9N#?secret=RP3y4zUn9o\" data-secret=\"RP3y4zUn9o\" width=\"500\" height=\"282\" frameborder=\"0\" marginwidth=\"0\" marginheight=\"0\" scrolling=\"no\"><\/iframe>\n<\/div><\/figure>\n","protected":false},"excerpt":{"rendered":"<div class=\"mh-excerpt\"><p>Ecoloxistas en Acci\u00f3n ven de enviar un Dec\u00e1logo de Propostas Socioambientais para un Goberno Ecol\u00f3xico a todas as forzas pol\u00edticas con representaci\u00f3n no parlamento galego para que incluan ditas propostas nos seus respectivos programas electorais cos que concurren aos comicios do 12 de xullo <a class=\"mh-excerpt-more\" href=\"https:\/\/www.anovapeneira.gal\/index.php\/2020\/06\/08\/ecoloxistas-en-accion-presenta-un-decalogo-para-un-goberno-ecoloxico\/\" title=\"Ecoloxistas en acci\u00f3n presenta un dec\u00e1logo para un goberno ecol\u00f3xico\">[&#8230;]<\/a><\/p>\n<\/div>","protected":false},"author":3,"featured_media":3264,"comment_status":"open","ping_status":"open","sticky":false,"template":"","format":"standard","meta":{"_exactmetrics_skip_tracking":false,"_exactmetrics_sitenote_active":false,"_exactmetrics_sitenote_note":"","_exactmetrics_sitenote_category":0,"footnotes":""},"categories":[264],"tags":[924],"class_list":{"0":"post-3259","1":"post","2":"type-post","3":"status-publish","4":"format-standard","5":"has-post-thumbnail","7":"category-entrevistas-galicia","8":"tag-ecoloxistas-en-accion"},"yoast_head":"<!-- This site is optimized with the Yoast SEO plugin v27.4 - https:\/\/yoast.com\/product\/yoast-seo-wordpress\/ -->\n<title>Ecoloxistas en acci\u00f3n presenta un dec\u00e1logo para un goberno ecol\u00f3xico -<\/title>\n<meta name=\"robots\" content=\"index, follow, max-snippet:-1, max-image-preview:large, max-video-preview:-1\" \/>\n<link rel=\"canonical\" href=\"https:\/\/www.anovapeneira.gal\/index.php\/2020\/06\/08\/ecoloxistas-en-accion-presenta-un-decalogo-para-un-goberno-ecoloxico\/\" \/>\n<meta property=\"og:locale\" content=\"gl_ES\" \/>\n<meta property=\"og:type\" content=\"article\" \/>\n<meta property=\"og:title\" content=\"Ecoloxistas en acci\u00f3n presenta un dec\u00e1logo para un goberno ecol\u00f3xico -\" \/>\n<meta property=\"og:description\" content=\"Ecoloxistas en Acci\u00f3n ven de enviar un Dec\u00e1logo de Propostas Socioambientais para un Goberno Ecol\u00f3xico a todas as forzas pol\u00edticas con representaci\u00f3n no parlamento galego para que incluan ditas propostas nos seus respectivos programas electorais cos que concurren aos comicios do 12 de xullo [...]\" \/>\n<meta property=\"og:url\" content=\"https:\/\/www.anovapeneira.gal\/index.php\/2020\/06\/08\/ecoloxistas-en-accion-presenta-un-decalogo-para-un-goberno-ecoloxico\/\" \/>\n<meta property=\"article:publisher\" content=\"https:\/\/www.facebook.com\/anovapeneira\" \/>\n<meta property=\"article:published_time\" content=\"2020-06-08T08:00:41+00:00\" \/>\n<meta property=\"og:image\" content=\"https:\/\/www.anovapeneira.gal\/wp-content\/uploads\/2020\/06\/decalogo_ecoloxitas_en_accion_a_nova_peneira.jpg\" \/>\n\t<meta property=\"og:image:width\" content=\"1500\" \/>\n\t<meta property=\"og:image:height\" content=\"1000\" \/>\n\t<meta property=\"og:image:type\" content=\"image\/jpeg\" \/>\n<meta name=\"author\" content=\"Redacci\u00f3n A Nova Peneira\" \/>\n<meta name=\"twitter:card\" content=\"summary_large_image\" \/>\n<meta name=\"twitter:creator\" content=\"@APeneira\" \/>\n<meta name=\"twitter:site\" content=\"@APeneira\" \/>\n<meta name=\"twitter:label1\" content=\"Escrito por\" \/>\n\t<meta name=\"twitter:data1\" content=\"Redacci\u00f3n A Nova Peneira\" \/>\n\t<meta name=\"twitter:label2\" content=\"Tempo de lectura\" \/>\n\t<meta name=\"twitter:data2\" content=\"7 minutos\" \/>\n<script type=\"application\/ld+json\" class=\"yoast-schema-graph\">{\"@context\":\"https:\\\/\\\/schema.org\",\"@graph\":[{\"@type\":\"Article\",\"@id\":\"https:\\\/\\\/www.anovapeneira.gal\\\/index.php\\\/2020\\\/06\\\/08\\\/ecoloxistas-en-accion-presenta-un-decalogo-para-un-goberno-ecoloxico\\\/#article\",\"isPartOf\":{\"@id\":\"https:\\\/\\\/www.anovapeneira.gal\\\/index.php\\\/2020\\\/06\\\/08\\\/ecoloxistas-en-accion-presenta-un-decalogo-para-un-goberno-ecoloxico\\\/\"},\"author\":{\"name\":\"Redacci\u00f3n A Nova Peneira\",\"@id\":\"https:\\\/\\\/www.anovapeneira.gal\\\/#\\\/schema\\\/person\\\/b93e3f8932e3f8da96334607eb6ac6aa\"},\"headline\":\"Ecoloxistas en acci\u00f3n presenta un dec\u00e1logo para un goberno ecol\u00f3xico\",\"datePublished\":\"2020-06-08T08:00:41+00:00\",\"mainEntityOfPage\":{\"@id\":\"https:\\\/\\\/www.anovapeneira.gal\\\/index.php\\\/2020\\\/06\\\/08\\\/ecoloxistas-en-accion-presenta-un-decalogo-para-un-goberno-ecoloxico\\\/\"},\"wordCount\":1366,\"commentCount\":0,\"publisher\":{\"@id\":\"https:\\\/\\\/www.anovapeneira.gal\\\/#organization\"},\"image\":{\"@id\":\"https:\\\/\\\/www.anovapeneira.gal\\\/index.php\\\/2020\\\/06\\\/08\\\/ecoloxistas-en-accion-presenta-un-decalogo-para-un-goberno-ecoloxico\\\/#primaryimage\"},\"thumbnailUrl\":\"https:\\\/\\\/www.anovapeneira.gal\\\/wp-content\\\/uploads\\\/2020\\\/06\\\/decalogo_ecoloxitas_en_accion_a_nova_peneira.jpg\",\"keywords\":[\"Ecoloxistas en Acci\u00f3n\"],\"articleSection\":[\"Entrevistas\"],\"inLanguage\":\"gl-ES\",\"potentialAction\":[{\"@type\":\"CommentAction\",\"name\":\"Comment\",\"target\":[\"https:\\\/\\\/www.anovapeneira.gal\\\/index.php\\\/2020\\\/06\\\/08\\\/ecoloxistas-en-accion-presenta-un-decalogo-para-un-goberno-ecoloxico\\\/#respond\"]}]},{\"@type\":\"WebPage\",\"@id\":\"https:\\\/\\\/www.anovapeneira.gal\\\/index.php\\\/2020\\\/06\\\/08\\\/ecoloxistas-en-accion-presenta-un-decalogo-para-un-goberno-ecoloxico\\\/\",\"url\":\"https:\\\/\\\/www.anovapeneira.gal\\\/index.php\\\/2020\\\/06\\\/08\\\/ecoloxistas-en-accion-presenta-un-decalogo-para-un-goberno-ecoloxico\\\/\",\"name\":\"Ecoloxistas en acci\u00f3n presenta un dec\u00e1logo para un goberno ecol\u00f3xico -\",\"isPartOf\":{\"@id\":\"https:\\\/\\\/www.anovapeneira.gal\\\/#website\"},\"primaryImageOfPage\":{\"@id\":\"https:\\\/\\\/www.anovapeneira.gal\\\/index.php\\\/2020\\\/06\\\/08\\\/ecoloxistas-en-accion-presenta-un-decalogo-para-un-goberno-ecoloxico\\\/#primaryimage\"},\"image\":{\"@id\":\"https:\\\/\\\/www.anovapeneira.gal\\\/index.php\\\/2020\\\/06\\\/08\\\/ecoloxistas-en-accion-presenta-un-decalogo-para-un-goberno-ecoloxico\\\/#primaryimage\"},\"thumbnailUrl\":\"https:\\\/\\\/www.anovapeneira.gal\\\/wp-content\\\/uploads\\\/2020\\\/06\\\/decalogo_ecoloxitas_en_accion_a_nova_peneira.jpg\",\"datePublished\":\"2020-06-08T08:00:41+00:00\",\"breadcrumb\":{\"@id\":\"https:\\\/\\\/www.anovapeneira.gal\\\/index.php\\\/2020\\\/06\\\/08\\\/ecoloxistas-en-accion-presenta-un-decalogo-para-un-goberno-ecoloxico\\\/#breadcrumb\"},\"inLanguage\":\"gl-ES\",\"potentialAction\":[{\"@type\":\"ReadAction\",\"target\":[\"https:\\\/\\\/www.anovapeneira.gal\\\/index.php\\\/2020\\\/06\\\/08\\\/ecoloxistas-en-accion-presenta-un-decalogo-para-un-goberno-ecoloxico\\\/\"]}]},{\"@type\":\"ImageObject\",\"inLanguage\":\"gl-ES\",\"@id\":\"https:\\\/\\\/www.anovapeneira.gal\\\/index.php\\\/2020\\\/06\\\/08\\\/ecoloxistas-en-accion-presenta-un-decalogo-para-un-goberno-ecoloxico\\\/#primaryimage\",\"url\":\"https:\\\/\\\/www.anovapeneira.gal\\\/wp-content\\\/uploads\\\/2020\\\/06\\\/decalogo_ecoloxitas_en_accion_a_nova_peneira.jpg\",\"contentUrl\":\"https:\\\/\\\/www.anovapeneira.gal\\\/wp-content\\\/uploads\\\/2020\\\/06\\\/decalogo_ecoloxitas_en_accion_a_nova_peneira.jpg\",\"width\":1500,\"height\":1000,\"caption\":\"Dec\u00e1logo ecologistas en acci\u00f3n A Nova Peneira\"},{\"@type\":\"BreadcrumbList\",\"@id\":\"https:\\\/\\\/www.anovapeneira.gal\\\/index.php\\\/2020\\\/06\\\/08\\\/ecoloxistas-en-accion-presenta-un-decalogo-para-un-goberno-ecoloxico\\\/#breadcrumb\",\"itemListElement\":[{\"@type\":\"ListItem\",\"position\":1,\"name\":\"Portada\",\"item\":\"https:\\\/\\\/www.anovapeneira.gal\\\/\"},{\"@type\":\"ListItem\",\"position\":2,\"name\":\"Ecoloxistas en acci\u00f3n presenta un dec\u00e1logo para un goberno ecol\u00f3xico\"}]},{\"@type\":\"WebSite\",\"@id\":\"https:\\\/\\\/www.anovapeneira.gal\\\/#website\",\"url\":\"https:\\\/\\\/www.anovapeneira.gal\\\/\",\"name\":\"\",\"description\":\"Xornal galego de informaci\u00f3n xeral Publicaci\u00f3n mensual de novas de Galicia e en especial dos Concellos da sur da provincia de Pontevedra.\",\"publisher\":{\"@id\":\"https:\\\/\\\/www.anovapeneira.gal\\\/#organization\"},\"potentialAction\":[{\"@type\":\"SearchAction\",\"target\":{\"@type\":\"EntryPoint\",\"urlTemplate\":\"https:\\\/\\\/www.anovapeneira.gal\\\/?s={search_term_string}\"},\"query-input\":{\"@type\":\"PropertyValueSpecification\",\"valueRequired\":true,\"valueName\":\"search_term_string\"}}],\"inLanguage\":\"gl-ES\"},{\"@type\":\"Organization\",\"@id\":\"https:\\\/\\\/www.anovapeneira.gal\\\/#organization\",\"name\":\"A Nova Peneira\",\"url\":\"https:\\\/\\\/www.anovapeneira.gal\\\/\",\"logo\":{\"@type\":\"ImageObject\",\"inLanguage\":\"gl-ES\",\"@id\":\"https:\\\/\\\/www.anovapeneira.gal\\\/#\\\/schema\\\/logo\\\/image\\\/\",\"url\":\"http:\\\/\\\/www.anovapeneira.gal\\\/wp-content\\\/uploads\\\/2019\\\/06\\\/logo_a_nova_peneira_portal_web.png\",\"contentUrl\":\"http:\\\/\\\/www.anovapeneira.gal\\\/wp-content\\\/uploads\\\/2019\\\/06\\\/logo_a_nova_peneira_portal_web.png\",\"width\":300,\"height\":100,\"caption\":\"A Nova Peneira\"},\"image\":{\"@id\":\"https:\\\/\\\/www.anovapeneira.gal\\\/#\\\/schema\\\/logo\\\/image\\\/\"},\"sameAs\":[\"https:\\\/\\\/www.facebook.com\\\/anovapeneira\",\"https:\\\/\\\/x.com\\\/APeneira\"]},{\"@type\":\"Person\",\"@id\":\"https:\\\/\\\/www.anovapeneira.gal\\\/#\\\/schema\\\/person\\\/b93e3f8932e3f8da96334607eb6ac6aa\",\"name\":\"Redacci\u00f3n A Nova Peneira\",\"image\":{\"@type\":\"ImageObject\",\"inLanguage\":\"gl-ES\",\"@id\":\"https:\\\/\\\/secure.gravatar.com\\\/avatar\\\/c052a2551a06e23fac63626232eaa90abd78dbcf1700fc46a2b2c89fd27b735f?s=96&d=mm&r=g\",\"url\":\"https:\\\/\\\/secure.gravatar.com\\\/avatar\\\/c052a2551a06e23fac63626232eaa90abd78dbcf1700fc46a2b2c89fd27b735f?s=96&d=mm&r=g\",\"contentUrl\":\"https:\\\/\\\/secure.gravatar.com\\\/avatar\\\/c052a2551a06e23fac63626232eaa90abd78dbcf1700fc46a2b2c89fd27b735f?s=96&d=mm&r=g\",\"caption\":\"Redacci\u00f3n A Nova Peneira\"},\"sameAs\":[\"http:\\\/\\\/www.anovapeneira.gal\\\/\"],\"url\":\"https:\\\/\\\/www.anovapeneira.gal\\\/index.php\\\/author\\\/redactor\\\/\"}]}<\/script>\n<!-- \/ Yoast SEO plugin. -->","yoast_head_json":{"title":"Ecoloxistas en acci\u00f3n presenta un dec\u00e1logo para un goberno ecol\u00f3xico -","robots":{"index":"index","follow":"follow","max-snippet":"max-snippet:-1","max-image-preview":"max-image-preview:large","max-video-preview":"max-video-preview:-1"},"canonical":"https:\/\/www.anovapeneira.gal\/index.php\/2020\/06\/08\/ecoloxistas-en-accion-presenta-un-decalogo-para-un-goberno-ecoloxico\/","og_locale":"gl_ES","og_type":"article","og_title":"Ecoloxistas en acci\u00f3n presenta un dec\u00e1logo para un goberno ecol\u00f3xico -","og_description":"Ecoloxistas en Acci\u00f3n ven de enviar un Dec\u00e1logo de Propostas Socioambientais para un Goberno Ecol\u00f3xico a todas as forzas pol\u00edticas con representaci\u00f3n no parlamento galego para que incluan ditas propostas nos seus respectivos programas electorais cos que concurren aos comicios do 12 de xullo [...]","og_url":"https:\/\/www.anovapeneira.gal\/index.php\/2020\/06\/08\/ecoloxistas-en-accion-presenta-un-decalogo-para-un-goberno-ecoloxico\/","article_publisher":"https:\/\/www.facebook.com\/anovapeneira","article_published_time":"2020-06-08T08:00:41+00:00","og_image":[{"width":1500,"height":1000,"url":"https:\/\/www.anovapeneira.gal\/wp-content\/uploads\/2020\/06\/decalogo_ecoloxitas_en_accion_a_nova_peneira.jpg","type":"image\/jpeg"}],"author":"Redacci\u00f3n A Nova Peneira","twitter_card":"summary_large_image","twitter_creator":"@APeneira","twitter_site":"@APeneira","twitter_misc":{"Escrito por":"Redacci\u00f3n A Nova Peneira","Tempo de lectura":"7 minutos"},"schema":{"@context":"https:\/\/schema.org","@graph":[{"@type":"Article","@id":"https:\/\/www.anovapeneira.gal\/index.php\/2020\/06\/08\/ecoloxistas-en-accion-presenta-un-decalogo-para-un-goberno-ecoloxico\/#article","isPartOf":{"@id":"https:\/\/www.anovapeneira.gal\/index.php\/2020\/06\/08\/ecoloxistas-en-accion-presenta-un-decalogo-para-un-goberno-ecoloxico\/"},"author":{"name":"Redacci\u00f3n A Nova Peneira","@id":"https:\/\/www.anovapeneira.gal\/#\/schema\/person\/b93e3f8932e3f8da96334607eb6ac6aa"},"headline":"Ecoloxistas en acci\u00f3n presenta un dec\u00e1logo para un goberno ecol\u00f3xico","datePublished":"2020-06-08T08:00:41+00:00","mainEntityOfPage":{"@id":"https:\/\/www.anovapeneira.gal\/index.php\/2020\/06\/08\/ecoloxistas-en-accion-presenta-un-decalogo-para-un-goberno-ecoloxico\/"},"wordCount":1366,"commentCount":0,"publisher":{"@id":"https:\/\/www.anovapeneira.gal\/#organization"},"image":{"@id":"https:\/\/www.anovapeneira.gal\/index.php\/2020\/06\/08\/ecoloxistas-en-accion-presenta-un-decalogo-para-un-goberno-ecoloxico\/#primaryimage"},"thumbnailUrl":"https:\/\/www.anovapeneira.gal\/wp-content\/uploads\/2020\/06\/decalogo_ecoloxitas_en_accion_a_nova_peneira.jpg","keywords":["Ecoloxistas en Acci\u00f3n"],"articleSection":["Entrevistas"],"inLanguage":"gl-ES","potentialAction":[{"@type":"CommentAction","name":"Comment","target":["https:\/\/www.anovapeneira.gal\/index.php\/2020\/06\/08\/ecoloxistas-en-accion-presenta-un-decalogo-para-un-goberno-ecoloxico\/#respond"]}]},{"@type":"WebPage","@id":"https:\/\/www.anovapeneira.gal\/index.php\/2020\/06\/08\/ecoloxistas-en-accion-presenta-un-decalogo-para-un-goberno-ecoloxico\/","url":"https:\/\/www.anovapeneira.gal\/index.php\/2020\/06\/08\/ecoloxistas-en-accion-presenta-un-decalogo-para-un-goberno-ecoloxico\/","name":"Ecoloxistas en acci\u00f3n presenta un dec\u00e1logo para un goberno ecol\u00f3xico -","isPartOf":{"@id":"https:\/\/www.anovapeneira.gal\/#website"},"primaryImageOfPage":{"@id":"https:\/\/www.anovapeneira.gal\/index.php\/2020\/06\/08\/ecoloxistas-en-accion-presenta-un-decalogo-para-un-goberno-ecoloxico\/#primaryimage"},"image":{"@id":"https:\/\/www.anovapeneira.gal\/index.php\/2020\/06\/08\/ecoloxistas-en-accion-presenta-un-decalogo-para-un-goberno-ecoloxico\/#primaryimage"},"thumbnailUrl":"https:\/\/www.anovapeneira.gal\/wp-content\/uploads\/2020\/06\/decalogo_ecoloxitas_en_accion_a_nova_peneira.jpg","datePublished":"2020-06-08T08:00:41+00:00","breadcrumb":{"@id":"https:\/\/www.anovapeneira.gal\/index.php\/2020\/06\/08\/ecoloxistas-en-accion-presenta-un-decalogo-para-un-goberno-ecoloxico\/#breadcrumb"},"inLanguage":"gl-ES","potentialAction":[{"@type":"ReadAction","target":["https:\/\/www.anovapeneira.gal\/index.php\/2020\/06\/08\/ecoloxistas-en-accion-presenta-un-decalogo-para-un-goberno-ecoloxico\/"]}]},{"@type":"ImageObject","inLanguage":"gl-ES","@id":"https:\/\/www.anovapeneira.gal\/index.php\/2020\/06\/08\/ecoloxistas-en-accion-presenta-un-decalogo-para-un-goberno-ecoloxico\/#primaryimage","url":"https:\/\/www.anovapeneira.gal\/wp-content\/uploads\/2020\/06\/decalogo_ecoloxitas_en_accion_a_nova_peneira.jpg","contentUrl":"https:\/\/www.anovapeneira.gal\/wp-content\/uploads\/2020\/06\/decalogo_ecoloxitas_en_accion_a_nova_peneira.jpg","width":1500,"height":1000,"caption":"Dec\u00e1logo ecologistas en acci\u00f3n A Nova Peneira"},{"@type":"BreadcrumbList","@id":"https:\/\/www.anovapeneira.gal\/index.php\/2020\/06\/08\/ecoloxistas-en-accion-presenta-un-decalogo-para-un-goberno-ecoloxico\/#breadcrumb","itemListElement":[{"@type":"ListItem","position":1,"name":"Portada","item":"https:\/\/www.anovapeneira.gal\/"},{"@type":"ListItem","position":2,"name":"Ecoloxistas en acci\u00f3n presenta un dec\u00e1logo para un goberno ecol\u00f3xico"}]},{"@type":"WebSite","@id":"https:\/\/www.anovapeneira.gal\/#website","url":"https:\/\/www.anovapeneira.gal\/","name":"","description":"Xornal galego de informaci\u00f3n xeral Publicaci\u00f3n mensual de novas de Galicia e en especial dos Concellos da sur da provincia de Pontevedra.","publisher":{"@id":"https:\/\/www.anovapeneira.gal\/#organization"},"potentialAction":[{"@type":"SearchAction","target":{"@type":"EntryPoint","urlTemplate":"https:\/\/www.anovapeneira.gal\/?s={search_term_string}"},"query-input":{"@type":"PropertyValueSpecification","valueRequired":true,"valueName":"search_term_string"}}],"inLanguage":"gl-ES"},{"@type":"Organization","@id":"https:\/\/www.anovapeneira.gal\/#organization","name":"A Nova Peneira","url":"https:\/\/www.anovapeneira.gal\/","logo":{"@type":"ImageObject","inLanguage":"gl-ES","@id":"https:\/\/www.anovapeneira.gal\/#\/schema\/logo\/image\/","url":"http:\/\/www.anovapeneira.gal\/wp-content\/uploads\/2019\/06\/logo_a_nova_peneira_portal_web.png","contentUrl":"http:\/\/www.anovapeneira.gal\/wp-content\/uploads\/2019\/06\/logo_a_nova_peneira_portal_web.png","width":300,"height":100,"caption":"A Nova Peneira"},"image":{"@id":"https:\/\/www.anovapeneira.gal\/#\/schema\/logo\/image\/"},"sameAs":["https:\/\/www.facebook.com\/anovapeneira","https:\/\/x.com\/APeneira"]},{"@type":"Person","@id":"https:\/\/www.anovapeneira.gal\/#\/schema\/person\/b93e3f8932e3f8da96334607eb6ac6aa","name":"Redacci\u00f3n A Nova Peneira","image":{"@type":"ImageObject","inLanguage":"gl-ES","@id":"https:\/\/secure.gravatar.com\/avatar\/c052a2551a06e23fac63626232eaa90abd78dbcf1700fc46a2b2c89fd27b735f?s=96&d=mm&r=g","url":"https:\/\/secure.gravatar.com\/avatar\/c052a2551a06e23fac63626232eaa90abd78dbcf1700fc46a2b2c89fd27b735f?s=96&d=mm&r=g","contentUrl":"https:\/\/secure.gravatar.com\/avatar\/c052a2551a06e23fac63626232eaa90abd78dbcf1700fc46a2b2c89fd27b735f?s=96&d=mm&r=g","caption":"Redacci\u00f3n A Nova Peneira"},"sameAs":["http:\/\/www.anovapeneira.gal\/"],"url":"https:\/\/www.anovapeneira.gal\/index.php\/author\/redactor\/"}]}},"jetpack_featured_media_url":"https:\/\/www.anovapeneira.gal\/wp-content\/uploads\/2020\/06\/decalogo_ecoloxitas_en_accion_a_nova_peneira.jpg","_links":{"self":[{"href":"https:\/\/www.anovapeneira.gal\/index.php\/wp-json\/wp\/v2\/posts\/3259","targetHints":{"allow":["GET"]}}],"collection":[{"href":"https:\/\/www.anovapeneira.gal\/index.php\/wp-json\/wp\/v2\/posts"}],"about":[{"href":"https:\/\/www.anovapeneira.gal\/index.php\/wp-json\/wp\/v2\/types\/post"}],"author":[{"embeddable":true,"href":"https:\/\/www.anovapeneira.gal\/index.php\/wp-json\/wp\/v2\/users\/3"}],"replies":[{"embeddable":true,"href":"https:\/\/www.anovapeneira.gal\/index.php\/wp-json\/wp\/v2\/comments?post=3259"}],"version-history":[{"count":3,"href":"https:\/\/www.anovapeneira.gal\/index.php\/wp-json\/wp\/v2\/posts\/3259\/revisions"}],"predecessor-version":[{"id":3265,"href":"https:\/\/www.anovapeneira.gal\/index.php\/wp-json\/wp\/v2\/posts\/3259\/revisions\/3265"}],"wp:featuredmedia":[{"embeddable":true,"href":"https:\/\/www.anovapeneira.gal\/index.php\/wp-json\/wp\/v2\/media\/3264"}],"wp:attachment":[{"href":"https:\/\/www.anovapeneira.gal\/index.php\/wp-json\/wp\/v2\/media?parent=3259"}],"wp:term":[{"taxonomy":"category","embeddable":true,"href":"https:\/\/www.anovapeneira.gal\/index.php\/wp-json\/wp\/v2\/categories?post=3259"},{"taxonomy":"post_tag","embeddable":true,"href":"https:\/\/www.anovapeneira.gal\/index.php\/wp-json\/wp\/v2\/tags?post=3259"}],"curies":[{"name":"wp","href":"https:\/\/api.w.org\/{rel}","templated":true}]}}