{"id":3279,"date":"2020-06-09T10:00:06","date_gmt":"2020-06-09T08:00:06","guid":{"rendered":"http:\/\/www.anovapeneira.gal\/?p=3279"},"modified":"2020-06-08T17:36:51","modified_gmt":"2020-06-08T15:36:51","slug":"a-xunta-quere-instalar-un-parque-eolico-en-pazos-de-borben-o-bng-critica-a-desinformacion-e-a-posible-desaparicion-dos-elementos-arqueoloxicos-da-zona","status":"publish","type":"post","link":"https:\/\/www.anovapeneira.gal\/index.php\/2020\/06\/09\/a-xunta-quere-instalar-un-parque-eolico-en-pazos-de-borben-o-bng-critica-a-desinformacion-e-a-posible-desaparicion-dos-elementos-arqueoloxicos-da-zona\/","title":{"rendered":"A Xunta quere instalar un parque e\u00f3lico en Pazos de Borb\u00e9n. O BNG critica a desinformaci\u00f3n e a posible desaparici\u00f3n dos elementos arqueol\u00f3xicos da zona"},"content":{"rendered":"\n<p><strong>Pazos de Borb\u00e9n, 4 de xu\u00f1o de 2020<\/strong><\/p>\n\n\n\n<p>O 30 de abril deste ano, no medio da grave crise sanitaria e socioecon\u00f3mica provocada pola COVID-19, o Consello da Xunta acordou reactivar a tramitaci\u00f3n administrativa dos procedementos de avaliaci\u00f3n ambiental de 975 proxectos industriais que se viron suspendidos pola declaraci\u00f3n do estado de alarma. No caso concreto do noso concello est\u00e1 prevista a construci\u00f3n dun parque e\u00f3lico que ocupar\u00eda gran parte do Monte Buxel, Galleiro, Alto da Serra e Monte da Serra.<\/p>\n\n\n\n<p>Este parque e\u00f3lico estar\u00e1 composto nun inicio por dez aeroxeradores, unha torre meteorol\u00f3xica e unha subestaci\u00f3n el\u00e9ctrica. Coa instalaci\u00f3n deste parque, que provocar\u00e1 un gran impacto visual e ecol\u00f3xico no fondo da r\u00eda de Vigo, nunha zona xa de por si moi maltratada polo oleoduto, gasoduto e diferentes li\u00f1as de alta tensi\u00f3n.<\/p>\n\n\n\n<p>Desde a organizaci\u00f3n nacionalista destacan que estes montes te\u00f1en un alto valor arqueol\u00f3xico cunha das maiores densidades do pa\u00eds. Nesta zona atopamos silos, m\u00e1moas, petr\u00f3glifos e un asentamento humano anterior aos castros, catalogados nunha m\u00ednima parte pola Xunta. O respons\u00e1bel local, Xurxo P. Besad\u00edo manifesta que \u201ccoa instalaci\u00f3n de varios elementos do parque e\u00f3lico no entorno do Monte Buxel, o noso patrimonio arqueol\u00f3xico desaparecer\u00e1. Estamos a favor das enerx\u00edas renovables, mais non a calquera custo\u201d.<\/p>\n\n\n\n<p>Isto confirma a pol\u00edtica de \u201c nocturnidade e aleivos\u00eda\u201d coa que trata a Xunta de Feixoo \u00e1 cidadan\u00eda galega, inclu\u00edndo os seus propios votantes. Esta nova ocultaci\u00f3n de proxectos, confirma o temor xa denunciado noutras zonas do pa\u00eds con proxectos de parques e\u00f3licos que non corresponden ao interese xeral, nin son esenciais. Plans como este tram\u00edtanse as costas dos intereses das veci\u00f1as e veci\u00f1os, onde o PP de Andr\u00e9s Iglesias xoga un papel importante ocultando informaci\u00f3n \u00e1 veci\u00f1anza.<\/p>\n\n\n\n<p>Rematan na nota criticando a falta de informaci\u00f3n \u00e1s comunidades de montes, xa que son as primeiras afectadas e a d\u00eda de hoxe non te\u00f1en constancia da solicitude deste parque e\u00f3lico, nin pola Xunta nin polo Concello.<\/p>\n","protected":false},"excerpt":{"rendered":"<div class=\"mh-excerpt\"><p>O 30 de abril deste ano, no medio da grave crise sanitaria e socioecon\u00f3mica provocada pola COVID-19, o Consello da Xunta acordou reactivar a tramitaci\u00f3n administrativa dos procedementos de avaliaci\u00f3n ambiental de 975 proxectos industriais que se viron suspendidos pola declaraci\u00f3n do estado de alarma <a class=\"mh-excerpt-more\" href=\"https:\/\/www.anovapeneira.gal\/index.php\/2020\/06\/09\/a-xunta-quere-instalar-un-parque-eolico-en-pazos-de-borben-o-bng-critica-a-desinformacion-e-a-posible-desaparicion-dos-elementos-arqueoloxicos-da-zona\/\" title=\"A Xunta quere instalar un parque e\u00f3lico en Pazos de Borb\u00e9n. O BNG critica a desinformaci\u00f3n e a posible desaparici\u00f3n dos elementos arqueol\u00f3xicos da zona\">[&#8230;]<\/a><\/p>\n<\/div>","protected":false},"author":3,"featured_media":3280,"comment_status":"open","ping_status":"open","sticky":false,"template":"","format":"standard","meta":{"_exactmetrics_skip_tracking":false,"_exactmetrics_sitenote_active":false,"_exactmetrics_sitenote_note":"","_exactmetrics_sitenote_category":0,"footnotes":""},"categories":[24],"tags":[10,1089,1094],"class_list":{"0":"post-3279","1":"post","2":"type-post","3":"status-publish","4":"format-standard","5":"has-post-thumbnail","7":"category-redondela","8":"tag-bng","9":"tag-concello-de-pazos-de-borben","10":"tag-parque-eolico"},"yoast_head":"<!-- This site is optimized with the Yoast SEO plugin v27.4 - https:\/\/yoast.com\/product\/yoast-seo-wordpress\/ -->\n<title>A Xunta quere instalar un parque e\u00f3lico en Pazos de Borb\u00e9n. O BNG critica a desinformaci\u00f3n e a posible desaparici\u00f3n dos elementos arqueol\u00f3xicos da zona -<\/title>\n<meta name=\"robots\" content=\"index, follow, max-snippet:-1, max-image-preview:large, max-video-preview:-1\" \/>\n<link rel=\"canonical\" href=\"https:\/\/www.anovapeneira.gal\/index.php\/2020\/06\/09\/a-xunta-quere-instalar-un-parque-eolico-en-pazos-de-borben-o-bng-critica-a-desinformacion-e-a-posible-desaparicion-dos-elementos-arqueoloxicos-da-zona\/\" \/>\n<meta property=\"og:locale\" content=\"gl_ES\" \/>\n<meta property=\"og:type\" content=\"article\" \/>\n<meta property=\"og:title\" content=\"A Xunta quere instalar un parque e\u00f3lico en Pazos de Borb\u00e9n. O BNG critica a desinformaci\u00f3n e a posible desaparici\u00f3n dos elementos arqueol\u00f3xicos da zona -\" \/>\n<meta property=\"og:description\" content=\"O 30 de abril deste ano, no medio da grave crise sanitaria e socioecon\u00f3mica provocada pola COVID-19, o Consello da Xunta acordou reactivar a tramitaci\u00f3n administrativa dos procedementos de avaliaci\u00f3n ambiental de 975 proxectos industriais que se viron suspendidos pola declaraci\u00f3n do estado de alarma [...]\" \/>\n<meta property=\"og:url\" content=\"https:\/\/www.anovapeneira.gal\/index.php\/2020\/06\/09\/a-xunta-quere-instalar-un-parque-eolico-en-pazos-de-borben-o-bng-critica-a-desinformacion-e-a-posible-desaparicion-dos-elementos-arqueoloxicos-da-zona\/\" \/>\n<meta property=\"article:publisher\" content=\"https:\/\/www.facebook.com\/anovapeneira\" \/>\n<meta property=\"article:published_time\" content=\"2020-06-09T08:00:06+00:00\" \/>\n<meta property=\"og:image\" content=\"https:\/\/www.anovapeneira.gal\/wp-content\/uploads\/2020\/06\/pazos_de_borben_parque_eolico_a_nova_peneira.jpg\" \/>\n\t<meta property=\"og:image:width\" content=\"720\" \/>\n\t<meta property=\"og:image:height\" content=\"432\" \/>\n\t<meta property=\"og:image:type\" content=\"image\/jpeg\" \/>\n<meta name=\"author\" content=\"Redacci\u00f3n A Nova Peneira\" \/>\n<meta name=\"twitter:card\" content=\"summary_large_image\" \/>\n<meta name=\"twitter:creator\" content=\"@APeneira\" \/>\n<meta name=\"twitter:site\" content=\"@APeneira\" \/>\n<meta name=\"twitter:label1\" content=\"Escrito por\" \/>\n\t<meta name=\"twitter:data1\" content=\"Redacci\u00f3n A Nova Peneira\" \/>\n\t<meta name=\"twitter:label2\" content=\"Tempo de lectura\" \/>\n\t<meta name=\"twitter:data2\" content=\"2 minutos\" \/>\n<script type=\"application\/ld+json\" class=\"yoast-schema-graph\">{\"@context\":\"https:\\\/\\\/schema.org\",\"@graph\":[{\"@type\":\"Article\",\"@id\":\"https:\\\/\\\/www.anovapeneira.gal\\\/index.php\\\/2020\\\/06\\\/09\\\/a-xunta-quere-instalar-un-parque-eolico-en-pazos-de-borben-o-bng-critica-a-desinformacion-e-a-posible-desaparicion-dos-elementos-arqueoloxicos-da-zona\\\/#article\",\"isPartOf\":{\"@id\":\"https:\\\/\\\/www.anovapeneira.gal\\\/index.php\\\/2020\\\/06\\\/09\\\/a-xunta-quere-instalar-un-parque-eolico-en-pazos-de-borben-o-bng-critica-a-desinformacion-e-a-posible-desaparicion-dos-elementos-arqueoloxicos-da-zona\\\/\"},\"author\":{\"name\":\"Redacci\u00f3n A Nova Peneira\",\"@id\":\"https:\\\/\\\/www.anovapeneira.gal\\\/#\\\/schema\\\/person\\\/b93e3f8932e3f8da96334607eb6ac6aa\"},\"headline\":\"A Xunta quere instalar un parque e\u00f3lico en Pazos de Borb\u00e9n. O BNG critica a desinformaci\u00f3n e a posible desaparici\u00f3n dos elementos arqueol\u00f3xicos da zona\",\"datePublished\":\"2020-06-09T08:00:06+00:00\",\"mainEntityOfPage\":{\"@id\":\"https:\\\/\\\/www.anovapeneira.gal\\\/index.php\\\/2020\\\/06\\\/09\\\/a-xunta-quere-instalar-un-parque-eolico-en-pazos-de-borben-o-bng-critica-a-desinformacion-e-a-posible-desaparicion-dos-elementos-arqueoloxicos-da-zona\\\/\"},\"wordCount\":394,\"commentCount\":0,\"publisher\":{\"@id\":\"https:\\\/\\\/www.anovapeneira.gal\\\/#organization\"},\"image\":{\"@id\":\"https:\\\/\\\/www.anovapeneira.gal\\\/index.php\\\/2020\\\/06\\\/09\\\/a-xunta-quere-instalar-un-parque-eolico-en-pazos-de-borben-o-bng-critica-a-desinformacion-e-a-posible-desaparicion-dos-elementos-arqueoloxicos-da-zona\\\/#primaryimage\"},\"thumbnailUrl\":\"https:\\\/\\\/www.anovapeneira.gal\\\/wp-content\\\/uploads\\\/2020\\\/06\\\/pazos_de_borben_parque_eolico_a_nova_peneira.jpg\",\"keywords\":[\"BNG\",\"Concello de Pazos de Borb\u00e9n\",\"Parque e\u00f3lico\"],\"articleSection\":[\"Redondela\"],\"inLanguage\":\"gl-ES\",\"potentialAction\":[{\"@type\":\"CommentAction\",\"name\":\"Comment\",\"target\":[\"https:\\\/\\\/www.anovapeneira.gal\\\/index.php\\\/2020\\\/06\\\/09\\\/a-xunta-quere-instalar-un-parque-eolico-en-pazos-de-borben-o-bng-critica-a-desinformacion-e-a-posible-desaparicion-dos-elementos-arqueoloxicos-da-zona\\\/#respond\"]}]},{\"@type\":\"WebPage\",\"@id\":\"https:\\\/\\\/www.anovapeneira.gal\\\/index.php\\\/2020\\\/06\\\/09\\\/a-xunta-quere-instalar-un-parque-eolico-en-pazos-de-borben-o-bng-critica-a-desinformacion-e-a-posible-desaparicion-dos-elementos-arqueoloxicos-da-zona\\\/\",\"url\":\"https:\\\/\\\/www.anovapeneira.gal\\\/index.php\\\/2020\\\/06\\\/09\\\/a-xunta-quere-instalar-un-parque-eolico-en-pazos-de-borben-o-bng-critica-a-desinformacion-e-a-posible-desaparicion-dos-elementos-arqueoloxicos-da-zona\\\/\",\"name\":\"A Xunta quere instalar un parque e\u00f3lico en Pazos de Borb\u00e9n. O BNG critica a desinformaci\u00f3n e a posible desaparici\u00f3n dos elementos arqueol\u00f3xicos da zona -\",\"isPartOf\":{\"@id\":\"https:\\\/\\\/www.anovapeneira.gal\\\/#website\"},\"primaryImageOfPage\":{\"@id\":\"https:\\\/\\\/www.anovapeneira.gal\\\/index.php\\\/2020\\\/06\\\/09\\\/a-xunta-quere-instalar-un-parque-eolico-en-pazos-de-borben-o-bng-critica-a-desinformacion-e-a-posible-desaparicion-dos-elementos-arqueoloxicos-da-zona\\\/#primaryimage\"},\"image\":{\"@id\":\"https:\\\/\\\/www.anovapeneira.gal\\\/index.php\\\/2020\\\/06\\\/09\\\/a-xunta-quere-instalar-un-parque-eolico-en-pazos-de-borben-o-bng-critica-a-desinformacion-e-a-posible-desaparicion-dos-elementos-arqueoloxicos-da-zona\\\/#primaryimage\"},\"thumbnailUrl\":\"https:\\\/\\\/www.anovapeneira.gal\\\/wp-content\\\/uploads\\\/2020\\\/06\\\/pazos_de_borben_parque_eolico_a_nova_peneira.jpg\",\"datePublished\":\"2020-06-09T08:00:06+00:00\",\"breadcrumb\":{\"@id\":\"https:\\\/\\\/www.anovapeneira.gal\\\/index.php\\\/2020\\\/06\\\/09\\\/a-xunta-quere-instalar-un-parque-eolico-en-pazos-de-borben-o-bng-critica-a-desinformacion-e-a-posible-desaparicion-dos-elementos-arqueoloxicos-da-zona\\\/#breadcrumb\"},\"inLanguage\":\"gl-ES\",\"potentialAction\":[{\"@type\":\"ReadAction\",\"target\":[\"https:\\\/\\\/www.anovapeneira.gal\\\/index.php\\\/2020\\\/06\\\/09\\\/a-xunta-quere-instalar-un-parque-eolico-en-pazos-de-borben-o-bng-critica-a-desinformacion-e-a-posible-desaparicion-dos-elementos-arqueoloxicos-da-zona\\\/\"]}]},{\"@type\":\"ImageObject\",\"inLanguage\":\"gl-ES\",\"@id\":\"https:\\\/\\\/www.anovapeneira.gal\\\/index.php\\\/2020\\\/06\\\/09\\\/a-xunta-quere-instalar-un-parque-eolico-en-pazos-de-borben-o-bng-critica-a-desinformacion-e-a-posible-desaparicion-dos-elementos-arqueoloxicos-da-zona\\\/#primaryimage\",\"url\":\"https:\\\/\\\/www.anovapeneira.gal\\\/wp-content\\\/uploads\\\/2020\\\/06\\\/pazos_de_borben_parque_eolico_a_nova_peneira.jpg\",\"contentUrl\":\"https:\\\/\\\/www.anovapeneira.gal\\\/wp-content\\\/uploads\\\/2020\\\/06\\\/pazos_de_borben_parque_eolico_a_nova_peneira.jpg\",\"width\":720,\"height\":432,\"caption\":\"Parque e\u00f3lico Pazos de Borb\u00e9n A Nova Peneira\"},{\"@type\":\"BreadcrumbList\",\"@id\":\"https:\\\/\\\/www.anovapeneira.gal\\\/index.php\\\/2020\\\/06\\\/09\\\/a-xunta-quere-instalar-un-parque-eolico-en-pazos-de-borben-o-bng-critica-a-desinformacion-e-a-posible-desaparicion-dos-elementos-arqueoloxicos-da-zona\\\/#breadcrumb\",\"itemListElement\":[{\"@type\":\"ListItem\",\"position\":1,\"name\":\"Portada\",\"item\":\"https:\\\/\\\/www.anovapeneira.gal\\\/\"},{\"@type\":\"ListItem\",\"position\":2,\"name\":\"A Xunta quere instalar un parque e\u00f3lico en Pazos de Borb\u00e9n. O BNG critica a desinformaci\u00f3n e a posible desaparici\u00f3n dos elementos arqueol\u00f3xicos da zona\"}]},{\"@type\":\"WebSite\",\"@id\":\"https:\\\/\\\/www.anovapeneira.gal\\\/#website\",\"url\":\"https:\\\/\\\/www.anovapeneira.gal\\\/\",\"name\":\"\",\"description\":\"Xornal galego de informaci\u00f3n xeral Publicaci\u00f3n mensual de novas de Galicia e en especial dos Concellos da sur da provincia de Pontevedra.\",\"publisher\":{\"@id\":\"https:\\\/\\\/www.anovapeneira.gal\\\/#organization\"},\"potentialAction\":[{\"@type\":\"SearchAction\",\"target\":{\"@type\":\"EntryPoint\",\"urlTemplate\":\"https:\\\/\\\/www.anovapeneira.gal\\\/?s={search_term_string}\"},\"query-input\":{\"@type\":\"PropertyValueSpecification\",\"valueRequired\":true,\"valueName\":\"search_term_string\"}}],\"inLanguage\":\"gl-ES\"},{\"@type\":\"Organization\",\"@id\":\"https:\\\/\\\/www.anovapeneira.gal\\\/#organization\",\"name\":\"A Nova Peneira\",\"url\":\"https:\\\/\\\/www.anovapeneira.gal\\\/\",\"logo\":{\"@type\":\"ImageObject\",\"inLanguage\":\"gl-ES\",\"@id\":\"https:\\\/\\\/www.anovapeneira.gal\\\/#\\\/schema\\\/logo\\\/image\\\/\",\"url\":\"http:\\\/\\\/www.anovapeneira.gal\\\/wp-content\\\/uploads\\\/2019\\\/06\\\/logo_a_nova_peneira_portal_web.png\",\"contentUrl\":\"http:\\\/\\\/www.anovapeneira.gal\\\/wp-content\\\/uploads\\\/2019\\\/06\\\/logo_a_nova_peneira_portal_web.png\",\"width\":300,\"height\":100,\"caption\":\"A Nova Peneira\"},\"image\":{\"@id\":\"https:\\\/\\\/www.anovapeneira.gal\\\/#\\\/schema\\\/logo\\\/image\\\/\"},\"sameAs\":[\"https:\\\/\\\/www.facebook.com\\\/anovapeneira\",\"https:\\\/\\\/x.com\\\/APeneira\"]},{\"@type\":\"Person\",\"@id\":\"https:\\\/\\\/www.anovapeneira.gal\\\/#\\\/schema\\\/person\\\/b93e3f8932e3f8da96334607eb6ac6aa\",\"name\":\"Redacci\u00f3n A Nova Peneira\",\"image\":{\"@type\":\"ImageObject\",\"inLanguage\":\"gl-ES\",\"@id\":\"https:\\\/\\\/secure.gravatar.com\\\/avatar\\\/c052a2551a06e23fac63626232eaa90abd78dbcf1700fc46a2b2c89fd27b735f?s=96&d=mm&r=g\",\"url\":\"https:\\\/\\\/secure.gravatar.com\\\/avatar\\\/c052a2551a06e23fac63626232eaa90abd78dbcf1700fc46a2b2c89fd27b735f?s=96&d=mm&r=g\",\"contentUrl\":\"https:\\\/\\\/secure.gravatar.com\\\/avatar\\\/c052a2551a06e23fac63626232eaa90abd78dbcf1700fc46a2b2c89fd27b735f?s=96&d=mm&r=g\",\"caption\":\"Redacci\u00f3n A Nova Peneira\"},\"sameAs\":[\"http:\\\/\\\/www.anovapeneira.gal\\\/\"],\"url\":\"https:\\\/\\\/www.anovapeneira.gal\\\/index.php\\\/author\\\/redactor\\\/\"}]}<\/script>\n<!-- \/ Yoast SEO plugin. -->","yoast_head_json":{"title":"A Xunta quere instalar un parque e\u00f3lico en Pazos de Borb\u00e9n. O BNG critica a desinformaci\u00f3n e a posible desaparici\u00f3n dos elementos arqueol\u00f3xicos da zona -","robots":{"index":"index","follow":"follow","max-snippet":"max-snippet:-1","max-image-preview":"max-image-preview:large","max-video-preview":"max-video-preview:-1"},"canonical":"https:\/\/www.anovapeneira.gal\/index.php\/2020\/06\/09\/a-xunta-quere-instalar-un-parque-eolico-en-pazos-de-borben-o-bng-critica-a-desinformacion-e-a-posible-desaparicion-dos-elementos-arqueoloxicos-da-zona\/","og_locale":"gl_ES","og_type":"article","og_title":"A Xunta quere instalar un parque e\u00f3lico en Pazos de Borb\u00e9n. O BNG critica a desinformaci\u00f3n e a posible desaparici\u00f3n dos elementos arqueol\u00f3xicos da zona -","og_description":"O 30 de abril deste ano, no medio da grave crise sanitaria e socioecon\u00f3mica provocada pola COVID-19, o Consello da Xunta acordou reactivar a tramitaci\u00f3n administrativa dos procedementos de avaliaci\u00f3n ambiental de 975 proxectos industriais que se viron suspendidos pola declaraci\u00f3n do estado de alarma [...]","og_url":"https:\/\/www.anovapeneira.gal\/index.php\/2020\/06\/09\/a-xunta-quere-instalar-un-parque-eolico-en-pazos-de-borben-o-bng-critica-a-desinformacion-e-a-posible-desaparicion-dos-elementos-arqueoloxicos-da-zona\/","article_publisher":"https:\/\/www.facebook.com\/anovapeneira","article_published_time":"2020-06-09T08:00:06+00:00","og_image":[{"width":720,"height":432,"url":"https:\/\/www.anovapeneira.gal\/wp-content\/uploads\/2020\/06\/pazos_de_borben_parque_eolico_a_nova_peneira.jpg","type":"image\/jpeg"}],"author":"Redacci\u00f3n A Nova Peneira","twitter_card":"summary_large_image","twitter_creator":"@APeneira","twitter_site":"@APeneira","twitter_misc":{"Escrito por":"Redacci\u00f3n A Nova Peneira","Tempo de lectura":"2 minutos"},"schema":{"@context":"https:\/\/schema.org","@graph":[{"@type":"Article","@id":"https:\/\/www.anovapeneira.gal\/index.php\/2020\/06\/09\/a-xunta-quere-instalar-un-parque-eolico-en-pazos-de-borben-o-bng-critica-a-desinformacion-e-a-posible-desaparicion-dos-elementos-arqueoloxicos-da-zona\/#article","isPartOf":{"@id":"https:\/\/www.anovapeneira.gal\/index.php\/2020\/06\/09\/a-xunta-quere-instalar-un-parque-eolico-en-pazos-de-borben-o-bng-critica-a-desinformacion-e-a-posible-desaparicion-dos-elementos-arqueoloxicos-da-zona\/"},"author":{"name":"Redacci\u00f3n A Nova Peneira","@id":"https:\/\/www.anovapeneira.gal\/#\/schema\/person\/b93e3f8932e3f8da96334607eb6ac6aa"},"headline":"A Xunta quere instalar un parque e\u00f3lico en Pazos de Borb\u00e9n. O BNG critica a desinformaci\u00f3n e a posible desaparici\u00f3n dos elementos arqueol\u00f3xicos da zona","datePublished":"2020-06-09T08:00:06+00:00","mainEntityOfPage":{"@id":"https:\/\/www.anovapeneira.gal\/index.php\/2020\/06\/09\/a-xunta-quere-instalar-un-parque-eolico-en-pazos-de-borben-o-bng-critica-a-desinformacion-e-a-posible-desaparicion-dos-elementos-arqueoloxicos-da-zona\/"},"wordCount":394,"commentCount":0,"publisher":{"@id":"https:\/\/www.anovapeneira.gal\/#organization"},"image":{"@id":"https:\/\/www.anovapeneira.gal\/index.php\/2020\/06\/09\/a-xunta-quere-instalar-un-parque-eolico-en-pazos-de-borben-o-bng-critica-a-desinformacion-e-a-posible-desaparicion-dos-elementos-arqueoloxicos-da-zona\/#primaryimage"},"thumbnailUrl":"https:\/\/www.anovapeneira.gal\/wp-content\/uploads\/2020\/06\/pazos_de_borben_parque_eolico_a_nova_peneira.jpg","keywords":["BNG","Concello de Pazos de Borb\u00e9n","Parque e\u00f3lico"],"articleSection":["Redondela"],"inLanguage":"gl-ES","potentialAction":[{"@type":"CommentAction","name":"Comment","target":["https:\/\/www.anovapeneira.gal\/index.php\/2020\/06\/09\/a-xunta-quere-instalar-un-parque-eolico-en-pazos-de-borben-o-bng-critica-a-desinformacion-e-a-posible-desaparicion-dos-elementos-arqueoloxicos-da-zona\/#respond"]}]},{"@type":"WebPage","@id":"https:\/\/www.anovapeneira.gal\/index.php\/2020\/06\/09\/a-xunta-quere-instalar-un-parque-eolico-en-pazos-de-borben-o-bng-critica-a-desinformacion-e-a-posible-desaparicion-dos-elementos-arqueoloxicos-da-zona\/","url":"https:\/\/www.anovapeneira.gal\/index.php\/2020\/06\/09\/a-xunta-quere-instalar-un-parque-eolico-en-pazos-de-borben-o-bng-critica-a-desinformacion-e-a-posible-desaparicion-dos-elementos-arqueoloxicos-da-zona\/","name":"A Xunta quere instalar un parque e\u00f3lico en Pazos de Borb\u00e9n. O BNG critica a desinformaci\u00f3n e a posible desaparici\u00f3n dos elementos arqueol\u00f3xicos da zona -","isPartOf":{"@id":"https:\/\/www.anovapeneira.gal\/#website"},"primaryImageOfPage":{"@id":"https:\/\/www.anovapeneira.gal\/index.php\/2020\/06\/09\/a-xunta-quere-instalar-un-parque-eolico-en-pazos-de-borben-o-bng-critica-a-desinformacion-e-a-posible-desaparicion-dos-elementos-arqueoloxicos-da-zona\/#primaryimage"},"image":{"@id":"https:\/\/www.anovapeneira.gal\/index.php\/2020\/06\/09\/a-xunta-quere-instalar-un-parque-eolico-en-pazos-de-borben-o-bng-critica-a-desinformacion-e-a-posible-desaparicion-dos-elementos-arqueoloxicos-da-zona\/#primaryimage"},"thumbnailUrl":"https:\/\/www.anovapeneira.gal\/wp-content\/uploads\/2020\/06\/pazos_de_borben_parque_eolico_a_nova_peneira.jpg","datePublished":"2020-06-09T08:00:06+00:00","breadcrumb":{"@id":"https:\/\/www.anovapeneira.gal\/index.php\/2020\/06\/09\/a-xunta-quere-instalar-un-parque-eolico-en-pazos-de-borben-o-bng-critica-a-desinformacion-e-a-posible-desaparicion-dos-elementos-arqueoloxicos-da-zona\/#breadcrumb"},"inLanguage":"gl-ES","potentialAction":[{"@type":"ReadAction","target":["https:\/\/www.anovapeneira.gal\/index.php\/2020\/06\/09\/a-xunta-quere-instalar-un-parque-eolico-en-pazos-de-borben-o-bng-critica-a-desinformacion-e-a-posible-desaparicion-dos-elementos-arqueoloxicos-da-zona\/"]}]},{"@type":"ImageObject","inLanguage":"gl-ES","@id":"https:\/\/www.anovapeneira.gal\/index.php\/2020\/06\/09\/a-xunta-quere-instalar-un-parque-eolico-en-pazos-de-borben-o-bng-critica-a-desinformacion-e-a-posible-desaparicion-dos-elementos-arqueoloxicos-da-zona\/#primaryimage","url":"https:\/\/www.anovapeneira.gal\/wp-content\/uploads\/2020\/06\/pazos_de_borben_parque_eolico_a_nova_peneira.jpg","contentUrl":"https:\/\/www.anovapeneira.gal\/wp-content\/uploads\/2020\/06\/pazos_de_borben_parque_eolico_a_nova_peneira.jpg","width":720,"height":432,"caption":"Parque e\u00f3lico Pazos de Borb\u00e9n A Nova Peneira"},{"@type":"BreadcrumbList","@id":"https:\/\/www.anovapeneira.gal\/index.php\/2020\/06\/09\/a-xunta-quere-instalar-un-parque-eolico-en-pazos-de-borben-o-bng-critica-a-desinformacion-e-a-posible-desaparicion-dos-elementos-arqueoloxicos-da-zona\/#breadcrumb","itemListElement":[{"@type":"ListItem","position":1,"name":"Portada","item":"https:\/\/www.anovapeneira.gal\/"},{"@type":"ListItem","position":2,"name":"A Xunta quere instalar un parque e\u00f3lico en Pazos de Borb\u00e9n. O BNG critica a desinformaci\u00f3n e a posible desaparici\u00f3n dos elementos arqueol\u00f3xicos da zona"}]},{"@type":"WebSite","@id":"https:\/\/www.anovapeneira.gal\/#website","url":"https:\/\/www.anovapeneira.gal\/","name":"","description":"Xornal galego de informaci\u00f3n xeral Publicaci\u00f3n mensual de novas de Galicia e en especial dos Concellos da sur da provincia de Pontevedra.","publisher":{"@id":"https:\/\/www.anovapeneira.gal\/#organization"},"potentialAction":[{"@type":"SearchAction","target":{"@type":"EntryPoint","urlTemplate":"https:\/\/www.anovapeneira.gal\/?s={search_term_string}"},"query-input":{"@type":"PropertyValueSpecification","valueRequired":true,"valueName":"search_term_string"}}],"inLanguage":"gl-ES"},{"@type":"Organization","@id":"https:\/\/www.anovapeneira.gal\/#organization","name":"A Nova Peneira","url":"https:\/\/www.anovapeneira.gal\/","logo":{"@type":"ImageObject","inLanguage":"gl-ES","@id":"https:\/\/www.anovapeneira.gal\/#\/schema\/logo\/image\/","url":"http:\/\/www.anovapeneira.gal\/wp-content\/uploads\/2019\/06\/logo_a_nova_peneira_portal_web.png","contentUrl":"http:\/\/www.anovapeneira.gal\/wp-content\/uploads\/2019\/06\/logo_a_nova_peneira_portal_web.png","width":300,"height":100,"caption":"A Nova Peneira"},"image":{"@id":"https:\/\/www.anovapeneira.gal\/#\/schema\/logo\/image\/"},"sameAs":["https:\/\/www.facebook.com\/anovapeneira","https:\/\/x.com\/APeneira"]},{"@type":"Person","@id":"https:\/\/www.anovapeneira.gal\/#\/schema\/person\/b93e3f8932e3f8da96334607eb6ac6aa","name":"Redacci\u00f3n A Nova Peneira","image":{"@type":"ImageObject","inLanguage":"gl-ES","@id":"https:\/\/secure.gravatar.com\/avatar\/c052a2551a06e23fac63626232eaa90abd78dbcf1700fc46a2b2c89fd27b735f?s=96&d=mm&r=g","url":"https:\/\/secure.gravatar.com\/avatar\/c052a2551a06e23fac63626232eaa90abd78dbcf1700fc46a2b2c89fd27b735f?s=96&d=mm&r=g","contentUrl":"https:\/\/secure.gravatar.com\/avatar\/c052a2551a06e23fac63626232eaa90abd78dbcf1700fc46a2b2c89fd27b735f?s=96&d=mm&r=g","caption":"Redacci\u00f3n A Nova Peneira"},"sameAs":["http:\/\/www.anovapeneira.gal\/"],"url":"https:\/\/www.anovapeneira.gal\/index.php\/author\/redactor\/"}]}},"jetpack_featured_media_url":"https:\/\/www.anovapeneira.gal\/wp-content\/uploads\/2020\/06\/pazos_de_borben_parque_eolico_a_nova_peneira.jpg","_links":{"self":[{"href":"https:\/\/www.anovapeneira.gal\/index.php\/wp-json\/wp\/v2\/posts\/3279","targetHints":{"allow":["GET"]}}],"collection":[{"href":"https:\/\/www.anovapeneira.gal\/index.php\/wp-json\/wp\/v2\/posts"}],"about":[{"href":"https:\/\/www.anovapeneira.gal\/index.php\/wp-json\/wp\/v2\/types\/post"}],"author":[{"embeddable":true,"href":"https:\/\/www.anovapeneira.gal\/index.php\/wp-json\/wp\/v2\/users\/3"}],"replies":[{"embeddable":true,"href":"https:\/\/www.anovapeneira.gal\/index.php\/wp-json\/wp\/v2\/comments?post=3279"}],"version-history":[{"count":1,"href":"https:\/\/www.anovapeneira.gal\/index.php\/wp-json\/wp\/v2\/posts\/3279\/revisions"}],"predecessor-version":[{"id":3281,"href":"https:\/\/www.anovapeneira.gal\/index.php\/wp-json\/wp\/v2\/posts\/3279\/revisions\/3281"}],"wp:featuredmedia":[{"embeddable":true,"href":"https:\/\/www.anovapeneira.gal\/index.php\/wp-json\/wp\/v2\/media\/3280"}],"wp:attachment":[{"href":"https:\/\/www.anovapeneira.gal\/index.php\/wp-json\/wp\/v2\/media?parent=3279"}],"wp:term":[{"taxonomy":"category","embeddable":true,"href":"https:\/\/www.anovapeneira.gal\/index.php\/wp-json\/wp\/v2\/categories?post=3279"},{"taxonomy":"post_tag","embeddable":true,"href":"https:\/\/www.anovapeneira.gal\/index.php\/wp-json\/wp\/v2\/tags?post=3279"}],"curies":[{"name":"wp","href":"https:\/\/api.w.org\/{rel}","templated":true}]}}