{"id":3287,"date":"2020-06-10T12:00:23","date_gmt":"2020-06-10T10:00:23","guid":{"rendered":"http:\/\/www.anovapeneira.gal\/?p=3287"},"modified":"2020-06-08T18:26:16","modified_gmt":"2020-06-08T16:26:16","slug":"a-hostalaria-e-o-coronavirus","status":"publish","type":"post","link":"https:\/\/www.anovapeneira.gal\/index.php\/2020\/06\/10\/a-hostalaria-e-o-coronavirus\/","title":{"rendered":"A hostalar\u00eda e o coronavirus"},"content":{"rendered":"\n<p><strong>A hostalar\u00eda \u00e9 un dos sectores m\u00e1is afectados pola crise sanitaria. Foron os primeiros en ser obrigados a pechar os seus negocios, dos \u00faltimos en poder abrir, e non lles queda m\u00e1is remedio que facelo con m\u00faltiples restrici\u00f3ns al\u00e9n de extremar as medidas de seguridade, o que inevitablemente vai provocar unha diminuci\u00f3n dos seus ingresos, cando non que alg\u00fans locais non poidan aguantar e te\u00f1an que baixar a persiana. Quixemos co\u00f1ecer como encaran a reapertura e falamos co noso amigo Cayetano, do Vilabella Redondela<\/strong><\/p>\n\n\n\n<p><strong>CAYETANO BOUZ\u00d3N DE VILABELLA REDONDELA<\/strong><\/p>\n\n\n\n<p>\u201c&nbsp;<strong>ESTOU ENORMEMENTE AGRADECIDO AOS MEUS CLIENTES POAL S\u00daA COMPA\u00d1\u00cdA E POLA S\u00daA RESPONSABILIDADE E CIVISMO\u201d<\/strong><\/p>\n\n\n\n<p><strong>Como levaches o confinamento?<\/strong><\/p>\n\n\n\n<blockquote class=\"wp-block-quote is-layout-flow wp-block-quote-is-layout-flow\"><p>Eu leveino ben. Te\u00f1o un fillo de seis meses e aproveitei o par\u00f3n para gozar da s\u00faa compa\u00f1\u00eda.<\/p><\/blockquote>\n\n\n\n<p><strong>Pero claro, cun neno de 6 meses, cun negocio que non \u00e9 que leve moito tempo aberto, e que che digan de s\u00fapeto que tes que pechalo, pois supo\u00f1o que non ser\u00eda f\u00e1cil?<\/strong><\/p>\n\n\n\n<blockquote class=\"wp-block-quote is-layout-flow wp-block-quote-is-layout-flow\"><p>Efectivamente, para o negocio foi moi complicado. N\u00f3s xa temos unha certa presencia en Redondela pero a\u00ednda non levamos tres anos abertos. Temos cr\u00e9ditos que pagar e o volume de gastos segue a ser moi elevado. Quero aproveitar a oportunidade que me dades para agradecer ao dono do baixo onde estamos a s\u00faa xenerosidade, xa que me facilitou moito as cousas ofrec\u00e9ndome unhas condici\u00f3ns moi xenerosas.<\/p><\/blockquote>\n\n\n\n<p><strong>A situaci\u00f3n sanitaria obrigouche a reinventar o local verdade?<\/strong><\/p>\n\n\n\n<blockquote class=\"wp-block-quote is-layout-flow wp-block-quote-is-layout-flow\"><p>Efectivamente. A verdade \u00e9 que como esta \u00e9 unha situaci\u00f3n nova ningu\u00e9n ten moi claro cales son os par\u00e1metros adecuados, e hai normas que parecen contraditorias. Supo\u00f1o que todos precisamos aprender, e eu tomeino como se montara un negocio novo.<\/p><\/blockquote>\n\n\n\n<p><strong>Este \u00e9 un local montado para atender a familias non?<\/strong><\/p>\n\n\n\n<blockquote class=\"wp-block-quote is-layout-flow wp-block-quote-is-layout-flow\"><p>Si, este \u00e9 un local moi familiar e moi responsable coa sa\u00fade p\u00fablica. N\u00f3s tivemos a unha compa\u00f1eira que resultou infectada, e os av\u00f3s doutro compa\u00f1eiro tam\u00e9n o sufriron. Se cadra velo no teu entorno m\u00e1is pr\u00f3ximo l\u00e9vache a concienciarche a\u00ednda m\u00e1is.<\/p><\/blockquote>\n\n\n\n<p><strong>O das marcas no chan e na terraza para indicar as distancias..<\/strong><\/p>\n\n\n\n<blockquote class=\"wp-block-quote is-layout-flow wp-block-quote-is-layout-flow\"><p>Eu penso que \u00e9 a forma m\u00e1is f\u00e1cil para que a xente se conciencie. O que che entra polos ollos creo que ten m\u00e1is posibilidades de que se insira na t\u00faa psique como un comportamento que debemos de normalizar.<\/p><\/blockquote>\n\n\n\n<p><strong>E os primeiros momentos da reapertura como os valoras?<\/strong><\/p>\n\n\n\n<blockquote class=\"wp-block-quote is-layout-flow wp-block-quote-is-layout-flow\"><p>De maneira moi positiva. Os clientes asumen as normas de maneira c\u00edvica e eu estoulles moi agradecido pola s\u00faa compa\u00f1\u00eda e pola s\u00faa responsabilidade.<\/p><\/blockquote>\n\n\n\n<p><strong>Non estabas un pouco preocupado?<\/strong><\/p>\n\n\n\n<blockquote class=\"wp-block-quote is-layout-flow wp-block-quote-is-layout-flow\"><p>Desde logo que si, de feito a apertura retraseina porque non as ti\u00f1a todas comigo. Por\u00e9n despois de ter aberto estou moi satisfeito, e mante\u00f1o a mi\u00f1a intenci\u00f3n de ir aos poucos para garantir a seguridade dos meus clientes e de todo o persoal do Vilabella.<\/p><\/blockquote>\n\n\n\n<p><strong>C\u00f3ntanos como \u00e9 o das cartas?<\/strong><\/p>\n\n\n\n<blockquote class=\"wp-block-quote is-layout-flow wp-block-quote-is-layout-flow\"><p>Por medio dunha empresa de Madrid recib\u00edn unha mensaxe na que mas ofrec\u00eda, pareceume unha idea interesante, e encargueillas a unha empresa de Redondela coa que traballo habitualmente. Son cartas QR e accedes a ela a trav\u00e9s do m\u00f3bil. E toda a comida s\u00e9rvese en pratos dun s\u00f3 uso.<\/p><\/blockquote>\n\n\n\n<p><strong>Imos poder gozar dos vosos marabillosos concertos?<\/strong><\/p>\n\n\n\n<blockquote class=\"wp-block-quote is-layout-flow wp-block-quote-is-layout-flow\"><p>Si, pero ata que sexa absolutamente seguro non vai ser posible. Cando non exista ning\u00fan tipo de risco volveremos a realizar actividades que impliquen a existencia de grupos numerosos de persoas, antes non. Todo volver\u00e1 claro que si, pero eu prefiro perder ingresos a por en risco, anque sexa m\u00ednimo, a seguridade dos meus compa\u00f1eiros e dos meus clientes.<\/p><\/blockquote>\n\n\n\n<p><strong>Todos debemos p\u00f3r algo de n\u00f3s mesmos para garantir a seguridade de todos creo eu<\/strong><\/p>\n\n\n\n<blockquote class=\"wp-block-quote is-layout-flow wp-block-quote-is-layout-flow\"><p>Estou completamente de acordo, por exemplo podiamos mudar os nosos h\u00e1bitos e os nosos horarios. Se estamos afeitos a xantar \u00e1s 14.30..pois alg\u00fan d\u00eda fag\u00e1molo \u00e1s 13.30.Seguro que hai menos xente no local, e polo tanto o risco dimin\u00fae substancialmente. E para cear pois por que non facelo \u00e1s 21.00, no canto das 22.00?.Menos xente, menos risco, m\u00e1is tranquilidade e mellor servizo.<\/p><\/blockquote>\n\n\n\n<p><strong>Durante o confinamento tiveches contacto con alg\u00fan colega de profesi\u00f3n?<\/strong><\/p>\n\n\n\n<blockquote class=\"wp-block-quote is-layout-flow wp-block-quote-is-layout-flow\"><p>Si, de feito quixera agradecer aos compa\u00f1eiros de casa Mucha, Gastro Bar e Los Amigos, pois esas semanas nos comunicamos periodicamente e compartimos ideas para ofrecer un servizo seguro aos nosos clientes. De feito, algunhas das que te\u00f1o aqu\u00ed son ideas s\u00faas. E non quero rematar sen agradecer \u00e1 Asociaci\u00f3n de Empresarios e ao Concello de Redondela, porque sempre, absolutamente sempre estiveron al\u00ed.<\/p><\/blockquote>\n","protected":false},"excerpt":{"rendered":"<div class=\"mh-excerpt\"><p>A hostalar\u00eda \u00e9 un dos sectores m\u00e1is afectados pola crise sanitaria. Foron os primeiros en ser obrigados a pechar os seus negocios, dos \u00faltimos en poder abrir, e non lles queda m\u00e1is remedio que facelo con m\u00faltiples restrici\u00f3ns al\u00e9n de extremar as medidas de seguridade, o que inevitablemente vai provocar unha diminuci\u00f3n dos seus ingresos, cando non que alg\u00fans locais non poidan aguantar e te\u00f1an que baixar a persiana <a class=\"mh-excerpt-more\" href=\"https:\/\/www.anovapeneira.gal\/index.php\/2020\/06\/10\/a-hostalaria-e-o-coronavirus\/\" title=\"A hostalar\u00eda e o coronavirus\">[&#8230;]<\/a><\/p>\n<\/div>","protected":false},"author":6,"featured_media":3288,"comment_status":"open","ping_status":"open","sticky":false,"template":"","format":"standard","meta":{"_exactmetrics_skip_tracking":false,"_exactmetrics_sitenote_active":false,"_exactmetrics_sitenote_note":"","_exactmetrics_sitenote_category":0,"footnotes":""},"categories":[495],"tags":[171],"class_list":{"0":"post-3287","1":"post","2":"type-post","3":"status-publish","4":"format-standard","5":"has-post-thumbnail","7":"category-redondela-reportaxes","8":"tag-concello-de-redondela"},"yoast_head":"<!-- This site is optimized with the Yoast SEO plugin v27.4 - https:\/\/yoast.com\/product\/yoast-seo-wordpress\/ -->\n<title>A hostalar\u00eda e o coronavirus -<\/title>\n<meta name=\"robots\" content=\"index, follow, max-snippet:-1, max-image-preview:large, max-video-preview:-1\" \/>\n<link rel=\"canonical\" href=\"https:\/\/www.anovapeneira.gal\/index.php\/2020\/06\/10\/a-hostalaria-e-o-coronavirus\/\" \/>\n<meta property=\"og:locale\" content=\"gl_ES\" \/>\n<meta property=\"og:type\" content=\"article\" \/>\n<meta property=\"og:title\" content=\"A hostalar\u00eda e o coronavirus -\" \/>\n<meta property=\"og:description\" content=\"A hostalar\u00eda \u00e9 un dos sectores m\u00e1is afectados pola crise sanitaria. Foron os primeiros en ser obrigados a pechar os seus negocios, dos \u00faltimos en poder abrir, e non lles queda m\u00e1is remedio que facelo con m\u00faltiples restrici\u00f3ns al\u00e9n de extremar as medidas de seguridade, o que inevitablemente vai provocar unha diminuci\u00f3n dos seus ingresos, cando non que alg\u00fans locais non poidan aguantar e te\u00f1an que baixar a persiana [...]\" \/>\n<meta property=\"og:url\" content=\"https:\/\/www.anovapeneira.gal\/index.php\/2020\/06\/10\/a-hostalaria-e-o-coronavirus\/\" \/>\n<meta property=\"article:publisher\" content=\"https:\/\/www.facebook.com\/anovapeneira\" \/>\n<meta property=\"article:published_time\" content=\"2020-06-10T10:00:23+00:00\" \/>\n<meta property=\"og:image\" content=\"https:\/\/www.anovapeneira.gal\/wp-content\/uploads\/2020\/06\/cayetano_redondela_a_nova_peneira.jpg\" \/>\n\t<meta property=\"og:image:width\" content=\"720\" \/>\n\t<meta property=\"og:image:height\" content=\"432\" \/>\n\t<meta property=\"og:image:type\" content=\"image\/jpeg\" \/>\n<meta name=\"author\" content=\"Marcos Santos\" \/>\n<meta name=\"twitter:card\" content=\"summary_large_image\" \/>\n<meta name=\"twitter:creator\" content=\"@APeneira\" \/>\n<meta name=\"twitter:site\" content=\"@APeneira\" \/>\n<meta name=\"twitter:label1\" content=\"Escrito por\" \/>\n\t<meta name=\"twitter:data1\" content=\"Marcos Santos\" \/>\n\t<meta name=\"twitter:label2\" content=\"Tempo de lectura\" \/>\n\t<meta name=\"twitter:data2\" content=\"4 minutos\" \/>\n<script type=\"application\/ld+json\" class=\"yoast-schema-graph\">{\"@context\":\"https:\\\/\\\/schema.org\",\"@graph\":[{\"@type\":\"Article\",\"@id\":\"https:\\\/\\\/www.anovapeneira.gal\\\/index.php\\\/2020\\\/06\\\/10\\\/a-hostalaria-e-o-coronavirus\\\/#article\",\"isPartOf\":{\"@id\":\"https:\\\/\\\/www.anovapeneira.gal\\\/index.php\\\/2020\\\/06\\\/10\\\/a-hostalaria-e-o-coronavirus\\\/\"},\"author\":{\"name\":\"Marcos Santos\",\"@id\":\"https:\\\/\\\/www.anovapeneira.gal\\\/#\\\/schema\\\/person\\\/d9d84823564720e7593293bab054e52d\"},\"headline\":\"A hostalar\u00eda e o coronavirus\",\"datePublished\":\"2020-06-10T10:00:23+00:00\",\"mainEntityOfPage\":{\"@id\":\"https:\\\/\\\/www.anovapeneira.gal\\\/index.php\\\/2020\\\/06\\\/10\\\/a-hostalaria-e-o-coronavirus\\\/\"},\"wordCount\":809,\"commentCount\":0,\"publisher\":{\"@id\":\"https:\\\/\\\/www.anovapeneira.gal\\\/#organization\"},\"image\":{\"@id\":\"https:\\\/\\\/www.anovapeneira.gal\\\/index.php\\\/2020\\\/06\\\/10\\\/a-hostalaria-e-o-coronavirus\\\/#primaryimage\"},\"thumbnailUrl\":\"https:\\\/\\\/www.anovapeneira.gal\\\/wp-content\\\/uploads\\\/2020\\\/06\\\/cayetano_redondela_a_nova_peneira.jpg\",\"keywords\":[\"Concello de Redondela\"],\"articleSection\":[\"Redondela\"],\"inLanguage\":\"gl-ES\",\"potentialAction\":[{\"@type\":\"CommentAction\",\"name\":\"Comment\",\"target\":[\"https:\\\/\\\/www.anovapeneira.gal\\\/index.php\\\/2020\\\/06\\\/10\\\/a-hostalaria-e-o-coronavirus\\\/#respond\"]}]},{\"@type\":\"WebPage\",\"@id\":\"https:\\\/\\\/www.anovapeneira.gal\\\/index.php\\\/2020\\\/06\\\/10\\\/a-hostalaria-e-o-coronavirus\\\/\",\"url\":\"https:\\\/\\\/www.anovapeneira.gal\\\/index.php\\\/2020\\\/06\\\/10\\\/a-hostalaria-e-o-coronavirus\\\/\",\"name\":\"A hostalar\u00eda e o coronavirus -\",\"isPartOf\":{\"@id\":\"https:\\\/\\\/www.anovapeneira.gal\\\/#website\"},\"primaryImageOfPage\":{\"@id\":\"https:\\\/\\\/www.anovapeneira.gal\\\/index.php\\\/2020\\\/06\\\/10\\\/a-hostalaria-e-o-coronavirus\\\/#primaryimage\"},\"image\":{\"@id\":\"https:\\\/\\\/www.anovapeneira.gal\\\/index.php\\\/2020\\\/06\\\/10\\\/a-hostalaria-e-o-coronavirus\\\/#primaryimage\"},\"thumbnailUrl\":\"https:\\\/\\\/www.anovapeneira.gal\\\/wp-content\\\/uploads\\\/2020\\\/06\\\/cayetano_redondela_a_nova_peneira.jpg\",\"datePublished\":\"2020-06-10T10:00:23+00:00\",\"breadcrumb\":{\"@id\":\"https:\\\/\\\/www.anovapeneira.gal\\\/index.php\\\/2020\\\/06\\\/10\\\/a-hostalaria-e-o-coronavirus\\\/#breadcrumb\"},\"inLanguage\":\"gl-ES\",\"potentialAction\":[{\"@type\":\"ReadAction\",\"target\":[\"https:\\\/\\\/www.anovapeneira.gal\\\/index.php\\\/2020\\\/06\\\/10\\\/a-hostalaria-e-o-coronavirus\\\/\"]}]},{\"@type\":\"ImageObject\",\"inLanguage\":\"gl-ES\",\"@id\":\"https:\\\/\\\/www.anovapeneira.gal\\\/index.php\\\/2020\\\/06\\\/10\\\/a-hostalaria-e-o-coronavirus\\\/#primaryimage\",\"url\":\"https:\\\/\\\/www.anovapeneira.gal\\\/wp-content\\\/uploads\\\/2020\\\/06\\\/cayetano_redondela_a_nova_peneira.jpg\",\"contentUrl\":\"https:\\\/\\\/www.anovapeneira.gal\\\/wp-content\\\/uploads\\\/2020\\\/06\\\/cayetano_redondela_a_nova_peneira.jpg\",\"width\":720,\"height\":432,\"caption\":\"Cayetano A nova Peneira Concello de Redondela\"},{\"@type\":\"BreadcrumbList\",\"@id\":\"https:\\\/\\\/www.anovapeneira.gal\\\/index.php\\\/2020\\\/06\\\/10\\\/a-hostalaria-e-o-coronavirus\\\/#breadcrumb\",\"itemListElement\":[{\"@type\":\"ListItem\",\"position\":1,\"name\":\"Portada\",\"item\":\"https:\\\/\\\/www.anovapeneira.gal\\\/\"},{\"@type\":\"ListItem\",\"position\":2,\"name\":\"A hostalar\u00eda e o coronavirus\"}]},{\"@type\":\"WebSite\",\"@id\":\"https:\\\/\\\/www.anovapeneira.gal\\\/#website\",\"url\":\"https:\\\/\\\/www.anovapeneira.gal\\\/\",\"name\":\"\",\"description\":\"Xornal galego de informaci\u00f3n xeral Publicaci\u00f3n mensual de novas de Galicia e en especial dos Concellos da sur da provincia de Pontevedra.\",\"publisher\":{\"@id\":\"https:\\\/\\\/www.anovapeneira.gal\\\/#organization\"},\"potentialAction\":[{\"@type\":\"SearchAction\",\"target\":{\"@type\":\"EntryPoint\",\"urlTemplate\":\"https:\\\/\\\/www.anovapeneira.gal\\\/?s={search_term_string}\"},\"query-input\":{\"@type\":\"PropertyValueSpecification\",\"valueRequired\":true,\"valueName\":\"search_term_string\"}}],\"inLanguage\":\"gl-ES\"},{\"@type\":\"Organization\",\"@id\":\"https:\\\/\\\/www.anovapeneira.gal\\\/#organization\",\"name\":\"A Nova Peneira\",\"url\":\"https:\\\/\\\/www.anovapeneira.gal\\\/\",\"logo\":{\"@type\":\"ImageObject\",\"inLanguage\":\"gl-ES\",\"@id\":\"https:\\\/\\\/www.anovapeneira.gal\\\/#\\\/schema\\\/logo\\\/image\\\/\",\"url\":\"http:\\\/\\\/www.anovapeneira.gal\\\/wp-content\\\/uploads\\\/2019\\\/06\\\/logo_a_nova_peneira_portal_web.png\",\"contentUrl\":\"http:\\\/\\\/www.anovapeneira.gal\\\/wp-content\\\/uploads\\\/2019\\\/06\\\/logo_a_nova_peneira_portal_web.png\",\"width\":300,\"height\":100,\"caption\":\"A Nova Peneira\"},\"image\":{\"@id\":\"https:\\\/\\\/www.anovapeneira.gal\\\/#\\\/schema\\\/logo\\\/image\\\/\"},\"sameAs\":[\"https:\\\/\\\/www.facebook.com\\\/anovapeneira\",\"https:\\\/\\\/x.com\\\/APeneira\"]},{\"@type\":\"Person\",\"@id\":\"https:\\\/\\\/www.anovapeneira.gal\\\/#\\\/schema\\\/person\\\/d9d84823564720e7593293bab054e52d\",\"name\":\"Marcos Santos\",\"image\":{\"@type\":\"ImageObject\",\"inLanguage\":\"gl-ES\",\"@id\":\"https:\\\/\\\/secure.gravatar.com\\\/avatar\\\/0e8017099a7a47c0a9d2275e865fe326484561eb3d70649069e4b8e61a8d2e8c?s=96&d=mm&r=g\",\"url\":\"https:\\\/\\\/secure.gravatar.com\\\/avatar\\\/0e8017099a7a47c0a9d2275e865fe326484561eb3d70649069e4b8e61a8d2e8c?s=96&d=mm&r=g\",\"contentUrl\":\"https:\\\/\\\/secure.gravatar.com\\\/avatar\\\/0e8017099a7a47c0a9d2275e865fe326484561eb3d70649069e4b8e61a8d2e8c?s=96&d=mm&r=g\",\"caption\":\"Marcos Santos\"},\"sameAs\":[\"http:\\\/\\\/anovapeneira.gal\"],\"url\":\"https:\\\/\\\/www.anovapeneira.gal\\\/index.php\\\/author\\\/marcos-santos\\\/\"}]}<\/script>\n<!-- \/ Yoast SEO plugin. -->","yoast_head_json":{"title":"A hostalar\u00eda e o coronavirus -","robots":{"index":"index","follow":"follow","max-snippet":"max-snippet:-1","max-image-preview":"max-image-preview:large","max-video-preview":"max-video-preview:-1"},"canonical":"https:\/\/www.anovapeneira.gal\/index.php\/2020\/06\/10\/a-hostalaria-e-o-coronavirus\/","og_locale":"gl_ES","og_type":"article","og_title":"A hostalar\u00eda e o coronavirus -","og_description":"A hostalar\u00eda \u00e9 un dos sectores m\u00e1is afectados pola crise sanitaria. Foron os primeiros en ser obrigados a pechar os seus negocios, dos \u00faltimos en poder abrir, e non lles queda m\u00e1is remedio que facelo con m\u00faltiples restrici\u00f3ns al\u00e9n de extremar as medidas de seguridade, o que inevitablemente vai provocar unha diminuci\u00f3n dos seus ingresos, cando non que alg\u00fans locais non poidan aguantar e te\u00f1an que baixar a persiana [...]","og_url":"https:\/\/www.anovapeneira.gal\/index.php\/2020\/06\/10\/a-hostalaria-e-o-coronavirus\/","article_publisher":"https:\/\/www.facebook.com\/anovapeneira","article_published_time":"2020-06-10T10:00:23+00:00","og_image":[{"width":720,"height":432,"url":"https:\/\/www.anovapeneira.gal\/wp-content\/uploads\/2020\/06\/cayetano_redondela_a_nova_peneira.jpg","type":"image\/jpeg"}],"author":"Marcos Santos","twitter_card":"summary_large_image","twitter_creator":"@APeneira","twitter_site":"@APeneira","twitter_misc":{"Escrito por":"Marcos Santos","Tempo de lectura":"4 minutos"},"schema":{"@context":"https:\/\/schema.org","@graph":[{"@type":"Article","@id":"https:\/\/www.anovapeneira.gal\/index.php\/2020\/06\/10\/a-hostalaria-e-o-coronavirus\/#article","isPartOf":{"@id":"https:\/\/www.anovapeneira.gal\/index.php\/2020\/06\/10\/a-hostalaria-e-o-coronavirus\/"},"author":{"name":"Marcos Santos","@id":"https:\/\/www.anovapeneira.gal\/#\/schema\/person\/d9d84823564720e7593293bab054e52d"},"headline":"A hostalar\u00eda e o coronavirus","datePublished":"2020-06-10T10:00:23+00:00","mainEntityOfPage":{"@id":"https:\/\/www.anovapeneira.gal\/index.php\/2020\/06\/10\/a-hostalaria-e-o-coronavirus\/"},"wordCount":809,"commentCount":0,"publisher":{"@id":"https:\/\/www.anovapeneira.gal\/#organization"},"image":{"@id":"https:\/\/www.anovapeneira.gal\/index.php\/2020\/06\/10\/a-hostalaria-e-o-coronavirus\/#primaryimage"},"thumbnailUrl":"https:\/\/www.anovapeneira.gal\/wp-content\/uploads\/2020\/06\/cayetano_redondela_a_nova_peneira.jpg","keywords":["Concello de Redondela"],"articleSection":["Redondela"],"inLanguage":"gl-ES","potentialAction":[{"@type":"CommentAction","name":"Comment","target":["https:\/\/www.anovapeneira.gal\/index.php\/2020\/06\/10\/a-hostalaria-e-o-coronavirus\/#respond"]}]},{"@type":"WebPage","@id":"https:\/\/www.anovapeneira.gal\/index.php\/2020\/06\/10\/a-hostalaria-e-o-coronavirus\/","url":"https:\/\/www.anovapeneira.gal\/index.php\/2020\/06\/10\/a-hostalaria-e-o-coronavirus\/","name":"A hostalar\u00eda e o coronavirus -","isPartOf":{"@id":"https:\/\/www.anovapeneira.gal\/#website"},"primaryImageOfPage":{"@id":"https:\/\/www.anovapeneira.gal\/index.php\/2020\/06\/10\/a-hostalaria-e-o-coronavirus\/#primaryimage"},"image":{"@id":"https:\/\/www.anovapeneira.gal\/index.php\/2020\/06\/10\/a-hostalaria-e-o-coronavirus\/#primaryimage"},"thumbnailUrl":"https:\/\/www.anovapeneira.gal\/wp-content\/uploads\/2020\/06\/cayetano_redondela_a_nova_peneira.jpg","datePublished":"2020-06-10T10:00:23+00:00","breadcrumb":{"@id":"https:\/\/www.anovapeneira.gal\/index.php\/2020\/06\/10\/a-hostalaria-e-o-coronavirus\/#breadcrumb"},"inLanguage":"gl-ES","potentialAction":[{"@type":"ReadAction","target":["https:\/\/www.anovapeneira.gal\/index.php\/2020\/06\/10\/a-hostalaria-e-o-coronavirus\/"]}]},{"@type":"ImageObject","inLanguage":"gl-ES","@id":"https:\/\/www.anovapeneira.gal\/index.php\/2020\/06\/10\/a-hostalaria-e-o-coronavirus\/#primaryimage","url":"https:\/\/www.anovapeneira.gal\/wp-content\/uploads\/2020\/06\/cayetano_redondela_a_nova_peneira.jpg","contentUrl":"https:\/\/www.anovapeneira.gal\/wp-content\/uploads\/2020\/06\/cayetano_redondela_a_nova_peneira.jpg","width":720,"height":432,"caption":"Cayetano A nova Peneira Concello de Redondela"},{"@type":"BreadcrumbList","@id":"https:\/\/www.anovapeneira.gal\/index.php\/2020\/06\/10\/a-hostalaria-e-o-coronavirus\/#breadcrumb","itemListElement":[{"@type":"ListItem","position":1,"name":"Portada","item":"https:\/\/www.anovapeneira.gal\/"},{"@type":"ListItem","position":2,"name":"A hostalar\u00eda e o coronavirus"}]},{"@type":"WebSite","@id":"https:\/\/www.anovapeneira.gal\/#website","url":"https:\/\/www.anovapeneira.gal\/","name":"","description":"Xornal galego de informaci\u00f3n xeral Publicaci\u00f3n mensual de novas de Galicia e en especial dos Concellos da sur da provincia de Pontevedra.","publisher":{"@id":"https:\/\/www.anovapeneira.gal\/#organization"},"potentialAction":[{"@type":"SearchAction","target":{"@type":"EntryPoint","urlTemplate":"https:\/\/www.anovapeneira.gal\/?s={search_term_string}"},"query-input":{"@type":"PropertyValueSpecification","valueRequired":true,"valueName":"search_term_string"}}],"inLanguage":"gl-ES"},{"@type":"Organization","@id":"https:\/\/www.anovapeneira.gal\/#organization","name":"A Nova Peneira","url":"https:\/\/www.anovapeneira.gal\/","logo":{"@type":"ImageObject","inLanguage":"gl-ES","@id":"https:\/\/www.anovapeneira.gal\/#\/schema\/logo\/image\/","url":"http:\/\/www.anovapeneira.gal\/wp-content\/uploads\/2019\/06\/logo_a_nova_peneira_portal_web.png","contentUrl":"http:\/\/www.anovapeneira.gal\/wp-content\/uploads\/2019\/06\/logo_a_nova_peneira_portal_web.png","width":300,"height":100,"caption":"A Nova Peneira"},"image":{"@id":"https:\/\/www.anovapeneira.gal\/#\/schema\/logo\/image\/"},"sameAs":["https:\/\/www.facebook.com\/anovapeneira","https:\/\/x.com\/APeneira"]},{"@type":"Person","@id":"https:\/\/www.anovapeneira.gal\/#\/schema\/person\/d9d84823564720e7593293bab054e52d","name":"Marcos Santos","image":{"@type":"ImageObject","inLanguage":"gl-ES","@id":"https:\/\/secure.gravatar.com\/avatar\/0e8017099a7a47c0a9d2275e865fe326484561eb3d70649069e4b8e61a8d2e8c?s=96&d=mm&r=g","url":"https:\/\/secure.gravatar.com\/avatar\/0e8017099a7a47c0a9d2275e865fe326484561eb3d70649069e4b8e61a8d2e8c?s=96&d=mm&r=g","contentUrl":"https:\/\/secure.gravatar.com\/avatar\/0e8017099a7a47c0a9d2275e865fe326484561eb3d70649069e4b8e61a8d2e8c?s=96&d=mm&r=g","caption":"Marcos Santos"},"sameAs":["http:\/\/anovapeneira.gal"],"url":"https:\/\/www.anovapeneira.gal\/index.php\/author\/marcos-santos\/"}]}},"jetpack_featured_media_url":"https:\/\/www.anovapeneira.gal\/wp-content\/uploads\/2020\/06\/cayetano_redondela_a_nova_peneira.jpg","_links":{"self":[{"href":"https:\/\/www.anovapeneira.gal\/index.php\/wp-json\/wp\/v2\/posts\/3287","targetHints":{"allow":["GET"]}}],"collection":[{"href":"https:\/\/www.anovapeneira.gal\/index.php\/wp-json\/wp\/v2\/posts"}],"about":[{"href":"https:\/\/www.anovapeneira.gal\/index.php\/wp-json\/wp\/v2\/types\/post"}],"author":[{"embeddable":true,"href":"https:\/\/www.anovapeneira.gal\/index.php\/wp-json\/wp\/v2\/users\/6"}],"replies":[{"embeddable":true,"href":"https:\/\/www.anovapeneira.gal\/index.php\/wp-json\/wp\/v2\/comments?post=3287"}],"version-history":[{"count":1,"href":"https:\/\/www.anovapeneira.gal\/index.php\/wp-json\/wp\/v2\/posts\/3287\/revisions"}],"predecessor-version":[{"id":3289,"href":"https:\/\/www.anovapeneira.gal\/index.php\/wp-json\/wp\/v2\/posts\/3287\/revisions\/3289"}],"wp:featuredmedia":[{"embeddable":true,"href":"https:\/\/www.anovapeneira.gal\/index.php\/wp-json\/wp\/v2\/media\/3288"}],"wp:attachment":[{"href":"https:\/\/www.anovapeneira.gal\/index.php\/wp-json\/wp\/v2\/media?parent=3287"}],"wp:term":[{"taxonomy":"category","embeddable":true,"href":"https:\/\/www.anovapeneira.gal\/index.php\/wp-json\/wp\/v2\/categories?post=3287"},{"taxonomy":"post_tag","embeddable":true,"href":"https:\/\/www.anovapeneira.gal\/index.php\/wp-json\/wp\/v2\/tags?post=3287"}],"curies":[{"name":"wp","href":"https:\/\/api.w.org\/{rel}","templated":true}]}}