{"id":3303,"date":"2020-06-12T12:00:29","date_gmt":"2020-06-12T10:00:29","guid":{"rendered":"http:\/\/www.anovapeneira.gal\/?p=3303"},"modified":"2020-06-10T08:50:07","modified_gmt":"2020-06-10T06:50:07","slug":"tomino-pon-a-disposicion-do-alumnado-os-recursos-informaticos-da-aula-cemit-para-acceder-a-contenidos-educativos","status":"publish","type":"post","link":"https:\/\/www.anovapeneira.gal\/index.php\/2020\/06\/12\/tomino-pon-a-disposicion-do-alumnado-os-recursos-informaticos-da-aula-cemit-para-acceder-a-contenidos-educativos\/","title":{"rendered":"Tomi\u00f1o pon a disposici\u00f3n do alumnado os recursos inform\u00e1ticos da Aula CeMIT para acceder a contenidos educativos"},"content":{"rendered":"\n<h2 class=\"wp-block-heading\"><strong>Neste espazo os rapaces e rapazas ter\u00e1n dispo\u00f1ibles 5 ordenadores, en horario de 11.30 a 14.00 de luns a venres, contando ademais coa tarde dos martes, de 17.00 a 20.00&nbsp;<\/strong><\/h2>\n\n\n\n<p><strong>Tomi\u00f1o, 9 de xu\u00f1o de 2020<\/strong><\/p>\n\n\n\n<p>O Concello de Tomi\u00f1o, a trav\u00e9s do Servizo de Educaci\u00f3n e Apoio \u00e1s Familias, pon a disposici\u00f3n do alumnado de Primaria e Secundaria os recursos inform\u00e1ticos da Aula CeMIT, co obxectivo de ofrecer unha atenci\u00f3n espec\u00edfica aos nenos, nenas e adolescentes escolarizados nos diferentes centros do municipio, debido \u00e1s dificultades e necesidades que provoca a situaci\u00f3n excepcional da crise do Covid-19.<\/p>\n\n\n\n<p>O devandito servicio municipal toma esta decisi\u00f3n logo de comprobar &#8220;grandes atrancos en varias familias para acceder aos contidos educativos a trav\u00e9s das ferramentas inform\u00e1ticas e internet,&nbsp;ben porque non dispo\u00f1en dos equipamentos necesarios, ben porque hai zonas que non te\u00f1en cobertura ou o sinal non \u00e9 o suficientemente n\u00edtida,&nbsp;o que incrementa a desigualdade na adquisici\u00f3n e aproveitamento do material educativo&#8221;.&nbsp;<\/p>\n\n\n\n<p>Para mitigar esta desigualdade e acortar os tempos na disposici\u00f3n dos servizos, propo\u00f1emos un espazo f\u00edsico que conta con ordenadores e impresora (aula CeMIT).<\/p>\n\n\n\n<p>Neste espazo os rapaces e rapazas ter\u00e1n dispo\u00f1ibles 5 ordenadores, en horario de 11.30 a 14.00 horas de luns a venres, contando ademais coa tarde dos martes, de 17.00 a 20.00 horas. Cada ordenador ser\u00e1 utilizado por un alumno\/a en cada quenda, acompa\u00f1ado\/a por un tutor, durante un tempo m\u00e1ximo de d\u00faas horas.&nbsp;<\/p>\n\n\n\n<p>O m\u00e9todo para reservar unha quenda ser\u00e1 chamar directamente ao tel\u00e9fono da aula CeMIT (986-623304)ou enviar un e-mail&nbsp;<em>(<\/em><em>cemit.tomino@xunta.gal),<\/em>indicando nome e apelidos, curso e centro educativo.<\/p>\n\n\n\n<p>O servizo de ordenadores ser\u00e1 utilizado exclusivamente para acceder aos contidos educativos e completar ou entregar as tarefas necesarias que se indiquen desde os centros escolares.&nbsp;<\/p>\n\n\n\n<p>Esta iniciativa porase en marcha desde xa, para axudar a completar o vixente curso, e tam\u00e9n servir\u00e1 para comprobar a demanda e o manexo dos equipos telem\u00e1ticos, e as\u00ed anticipar posibles necesidades de cara ao vindeiro curso escolar.&nbsp;<\/p>\n\n\n\n<p>En caso de que a familia carecera de recursos ou non puidese trasladar ao seu fillo ou filla at\u00e9 a Aula CeMIT, sita no Campo da Feira de Tomi\u00f1o, e fose necesario o uso de transporte p\u00fablico, o Concello valorar\u00e1 a posibilidade de abonar o desprazamento en autob\u00fas, realizando unha solicitude previa.<\/p>\n","protected":false},"excerpt":{"rendered":"<div class=\"mh-excerpt\"><p>Neste espazo os rapaces e rapazas ter\u00e1n dispo\u00f1ibles 5 ordenadores, en horario de 11.30 a 14.00 de luns a venres, contando ademais coa tarde dos martes, de 17.00 a 20.00  <a class=\"mh-excerpt-more\" href=\"https:\/\/www.anovapeneira.gal\/index.php\/2020\/06\/12\/tomino-pon-a-disposicion-do-alumnado-os-recursos-informaticos-da-aula-cemit-para-acceder-a-contenidos-educativos\/\" title=\"Tomi\u00f1o pon a disposici\u00f3n do alumnado os recursos inform\u00e1ticos da Aula CeMIT para acceder a contenidos educativos\">[&#8230;]<\/a><\/p>\n<\/div>","protected":false},"author":3,"featured_media":3304,"comment_status":"open","ping_status":"open","sticky":false,"template":"","format":"standard","meta":{"_exactmetrics_skip_tracking":false,"_exactmetrics_sitenote_active":false,"_exactmetrics_sitenote_note":"","_exactmetrics_sitenote_category":0,"footnotes":""},"categories":[21],"tags":[1102,81],"class_list":{"0":"post-3303","1":"post","2":"type-post","3":"status-publish","4":"format-standard","5":"has-post-thumbnail","7":"category-baixo-mino","8":"tag-aula-cemit","9":"tag-concello-de-tomino"},"yoast_head":"<!-- This site is optimized with the Yoast SEO plugin v27.4 - https:\/\/yoast.com\/product\/yoast-seo-wordpress\/ -->\n<title>Tomi\u00f1o pon a disposici\u00f3n do alumnado os recursos inform\u00e1ticos da Aula CeMIT para acceder a contenidos educativos -<\/title>\n<meta name=\"robots\" content=\"index, follow, max-snippet:-1, max-image-preview:large, max-video-preview:-1\" \/>\n<link rel=\"canonical\" href=\"https:\/\/www.anovapeneira.gal\/index.php\/2020\/06\/12\/tomino-pon-a-disposicion-do-alumnado-os-recursos-informaticos-da-aula-cemit-para-acceder-a-contenidos-educativos\/\" \/>\n<meta property=\"og:locale\" content=\"gl_ES\" \/>\n<meta property=\"og:type\" content=\"article\" \/>\n<meta property=\"og:title\" content=\"Tomi\u00f1o pon a disposici\u00f3n do alumnado os recursos inform\u00e1ticos da Aula CeMIT para acceder a contenidos educativos -\" \/>\n<meta property=\"og:description\" content=\"Neste espazo os rapaces e rapazas ter\u00e1n dispo\u00f1ibles 5 ordenadores, en horario de 11.30 a 14.00 de luns a venres, contando ademais coa tarde dos martes, de 17.00 a 20.00 [...]\" \/>\n<meta property=\"og:url\" content=\"https:\/\/www.anovapeneira.gal\/index.php\/2020\/06\/12\/tomino-pon-a-disposicion-do-alumnado-os-recursos-informaticos-da-aula-cemit-para-acceder-a-contenidos-educativos\/\" \/>\n<meta property=\"article:publisher\" content=\"https:\/\/www.facebook.com\/anovapeneira\" \/>\n<meta property=\"article:published_time\" content=\"2020-06-12T10:00:29+00:00\" \/>\n<meta property=\"og:image\" content=\"https:\/\/www.anovapeneira.gal\/wp-content\/uploads\/2020\/06\/curso_informatica_tomino_a_nova_peneira.jpg\" \/>\n\t<meta property=\"og:image:width\" content=\"720\" \/>\n\t<meta property=\"og:image:height\" content=\"432\" \/>\n\t<meta property=\"og:image:type\" content=\"image\/jpeg\" \/>\n<meta name=\"author\" content=\"Redacci\u00f3n A Nova Peneira\" \/>\n<meta name=\"twitter:card\" content=\"summary_large_image\" \/>\n<meta name=\"twitter:creator\" content=\"@APeneira\" \/>\n<meta name=\"twitter:site\" content=\"@APeneira\" \/>\n<meta name=\"twitter:label1\" content=\"Escrito por\" \/>\n\t<meta name=\"twitter:data1\" content=\"Redacci\u00f3n A Nova Peneira\" \/>\n\t<meta name=\"twitter:label2\" content=\"Tempo de lectura\" \/>\n\t<meta name=\"twitter:data2\" content=\"2 minutos\" \/>\n<script type=\"application\/ld+json\" class=\"yoast-schema-graph\">{\"@context\":\"https:\\\/\\\/schema.org\",\"@graph\":[{\"@type\":\"Article\",\"@id\":\"https:\\\/\\\/www.anovapeneira.gal\\\/index.php\\\/2020\\\/06\\\/12\\\/tomino-pon-a-disposicion-do-alumnado-os-recursos-informaticos-da-aula-cemit-para-acceder-a-contenidos-educativos\\\/#article\",\"isPartOf\":{\"@id\":\"https:\\\/\\\/www.anovapeneira.gal\\\/index.php\\\/2020\\\/06\\\/12\\\/tomino-pon-a-disposicion-do-alumnado-os-recursos-informaticos-da-aula-cemit-para-acceder-a-contenidos-educativos\\\/\"},\"author\":{\"name\":\"Redacci\u00f3n A Nova Peneira\",\"@id\":\"https:\\\/\\\/www.anovapeneira.gal\\\/#\\\/schema\\\/person\\\/b93e3f8932e3f8da96334607eb6ac6aa\"},\"headline\":\"Tomi\u00f1o pon a disposici\u00f3n do alumnado os recursos inform\u00e1ticos da Aula CeMIT para acceder a contenidos educativos\",\"datePublished\":\"2020-06-12T10:00:29+00:00\",\"mainEntityOfPage\":{\"@id\":\"https:\\\/\\\/www.anovapeneira.gal\\\/index.php\\\/2020\\\/06\\\/12\\\/tomino-pon-a-disposicion-do-alumnado-os-recursos-informaticos-da-aula-cemit-para-acceder-a-contenidos-educativos\\\/\"},\"wordCount\":434,\"commentCount\":0,\"publisher\":{\"@id\":\"https:\\\/\\\/www.anovapeneira.gal\\\/#organization\"},\"image\":{\"@id\":\"https:\\\/\\\/www.anovapeneira.gal\\\/index.php\\\/2020\\\/06\\\/12\\\/tomino-pon-a-disposicion-do-alumnado-os-recursos-informaticos-da-aula-cemit-para-acceder-a-contenidos-educativos\\\/#primaryimage\"},\"thumbnailUrl\":\"https:\\\/\\\/www.anovapeneira.gal\\\/wp-content\\\/uploads\\\/2020\\\/06\\\/curso_informatica_tomino_a_nova_peneira.jpg\",\"keywords\":[\"Aula CeMIT\",\"Concello de Tomi\u00f1o\"],\"articleSection\":[\"Baixo Mi\u00f1o\"],\"inLanguage\":\"gl-ES\",\"potentialAction\":[{\"@type\":\"CommentAction\",\"name\":\"Comment\",\"target\":[\"https:\\\/\\\/www.anovapeneira.gal\\\/index.php\\\/2020\\\/06\\\/12\\\/tomino-pon-a-disposicion-do-alumnado-os-recursos-informaticos-da-aula-cemit-para-acceder-a-contenidos-educativos\\\/#respond\"]}]},{\"@type\":\"WebPage\",\"@id\":\"https:\\\/\\\/www.anovapeneira.gal\\\/index.php\\\/2020\\\/06\\\/12\\\/tomino-pon-a-disposicion-do-alumnado-os-recursos-informaticos-da-aula-cemit-para-acceder-a-contenidos-educativos\\\/\",\"url\":\"https:\\\/\\\/www.anovapeneira.gal\\\/index.php\\\/2020\\\/06\\\/12\\\/tomino-pon-a-disposicion-do-alumnado-os-recursos-informaticos-da-aula-cemit-para-acceder-a-contenidos-educativos\\\/\",\"name\":\"Tomi\u00f1o pon a disposici\u00f3n do alumnado os recursos inform\u00e1ticos da Aula CeMIT para acceder a contenidos educativos -\",\"isPartOf\":{\"@id\":\"https:\\\/\\\/www.anovapeneira.gal\\\/#website\"},\"primaryImageOfPage\":{\"@id\":\"https:\\\/\\\/www.anovapeneira.gal\\\/index.php\\\/2020\\\/06\\\/12\\\/tomino-pon-a-disposicion-do-alumnado-os-recursos-informaticos-da-aula-cemit-para-acceder-a-contenidos-educativos\\\/#primaryimage\"},\"image\":{\"@id\":\"https:\\\/\\\/www.anovapeneira.gal\\\/index.php\\\/2020\\\/06\\\/12\\\/tomino-pon-a-disposicion-do-alumnado-os-recursos-informaticos-da-aula-cemit-para-acceder-a-contenidos-educativos\\\/#primaryimage\"},\"thumbnailUrl\":\"https:\\\/\\\/www.anovapeneira.gal\\\/wp-content\\\/uploads\\\/2020\\\/06\\\/curso_informatica_tomino_a_nova_peneira.jpg\",\"datePublished\":\"2020-06-12T10:00:29+00:00\",\"breadcrumb\":{\"@id\":\"https:\\\/\\\/www.anovapeneira.gal\\\/index.php\\\/2020\\\/06\\\/12\\\/tomino-pon-a-disposicion-do-alumnado-os-recursos-informaticos-da-aula-cemit-para-acceder-a-contenidos-educativos\\\/#breadcrumb\"},\"inLanguage\":\"gl-ES\",\"potentialAction\":[{\"@type\":\"ReadAction\",\"target\":[\"https:\\\/\\\/www.anovapeneira.gal\\\/index.php\\\/2020\\\/06\\\/12\\\/tomino-pon-a-disposicion-do-alumnado-os-recursos-informaticos-da-aula-cemit-para-acceder-a-contenidos-educativos\\\/\"]}]},{\"@type\":\"ImageObject\",\"inLanguage\":\"gl-ES\",\"@id\":\"https:\\\/\\\/www.anovapeneira.gal\\\/index.php\\\/2020\\\/06\\\/12\\\/tomino-pon-a-disposicion-do-alumnado-os-recursos-informaticos-da-aula-cemit-para-acceder-a-contenidos-educativos\\\/#primaryimage\",\"url\":\"https:\\\/\\\/www.anovapeneira.gal\\\/wp-content\\\/uploads\\\/2020\\\/06\\\/curso_informatica_tomino_a_nova_peneira.jpg\",\"contentUrl\":\"https:\\\/\\\/www.anovapeneira.gal\\\/wp-content\\\/uploads\\\/2020\\\/06\\\/curso_informatica_tomino_a_nova_peneira.jpg\",\"width\":720,\"height\":432,\"caption\":\"Curso inform\u00e1tica Concello de Tomi\u00f1o A Nova Peneira\"},{\"@type\":\"BreadcrumbList\",\"@id\":\"https:\\\/\\\/www.anovapeneira.gal\\\/index.php\\\/2020\\\/06\\\/12\\\/tomino-pon-a-disposicion-do-alumnado-os-recursos-informaticos-da-aula-cemit-para-acceder-a-contenidos-educativos\\\/#breadcrumb\",\"itemListElement\":[{\"@type\":\"ListItem\",\"position\":1,\"name\":\"Portada\",\"item\":\"https:\\\/\\\/www.anovapeneira.gal\\\/\"},{\"@type\":\"ListItem\",\"position\":2,\"name\":\"Tomi\u00f1o pon a disposici\u00f3n do alumnado os recursos inform\u00e1ticos da Aula CeMIT para acceder a contenidos educativos\"}]},{\"@type\":\"WebSite\",\"@id\":\"https:\\\/\\\/www.anovapeneira.gal\\\/#website\",\"url\":\"https:\\\/\\\/www.anovapeneira.gal\\\/\",\"name\":\"\",\"description\":\"Xornal galego de informaci\u00f3n xeral Publicaci\u00f3n mensual de novas de Galicia e en especial dos Concellos da sur da provincia de Pontevedra.\",\"publisher\":{\"@id\":\"https:\\\/\\\/www.anovapeneira.gal\\\/#organization\"},\"potentialAction\":[{\"@type\":\"SearchAction\",\"target\":{\"@type\":\"EntryPoint\",\"urlTemplate\":\"https:\\\/\\\/www.anovapeneira.gal\\\/?s={search_term_string}\"},\"query-input\":{\"@type\":\"PropertyValueSpecification\",\"valueRequired\":true,\"valueName\":\"search_term_string\"}}],\"inLanguage\":\"gl-ES\"},{\"@type\":\"Organization\",\"@id\":\"https:\\\/\\\/www.anovapeneira.gal\\\/#organization\",\"name\":\"A Nova Peneira\",\"url\":\"https:\\\/\\\/www.anovapeneira.gal\\\/\",\"logo\":{\"@type\":\"ImageObject\",\"inLanguage\":\"gl-ES\",\"@id\":\"https:\\\/\\\/www.anovapeneira.gal\\\/#\\\/schema\\\/logo\\\/image\\\/\",\"url\":\"http:\\\/\\\/www.anovapeneira.gal\\\/wp-content\\\/uploads\\\/2019\\\/06\\\/logo_a_nova_peneira_portal_web.png\",\"contentUrl\":\"http:\\\/\\\/www.anovapeneira.gal\\\/wp-content\\\/uploads\\\/2019\\\/06\\\/logo_a_nova_peneira_portal_web.png\",\"width\":300,\"height\":100,\"caption\":\"A Nova Peneira\"},\"image\":{\"@id\":\"https:\\\/\\\/www.anovapeneira.gal\\\/#\\\/schema\\\/logo\\\/image\\\/\"},\"sameAs\":[\"https:\\\/\\\/www.facebook.com\\\/anovapeneira\",\"https:\\\/\\\/x.com\\\/APeneira\"]},{\"@type\":\"Person\",\"@id\":\"https:\\\/\\\/www.anovapeneira.gal\\\/#\\\/schema\\\/person\\\/b93e3f8932e3f8da96334607eb6ac6aa\",\"name\":\"Redacci\u00f3n A Nova Peneira\",\"image\":{\"@type\":\"ImageObject\",\"inLanguage\":\"gl-ES\",\"@id\":\"https:\\\/\\\/secure.gravatar.com\\\/avatar\\\/c052a2551a06e23fac63626232eaa90abd78dbcf1700fc46a2b2c89fd27b735f?s=96&d=mm&r=g\",\"url\":\"https:\\\/\\\/secure.gravatar.com\\\/avatar\\\/c052a2551a06e23fac63626232eaa90abd78dbcf1700fc46a2b2c89fd27b735f?s=96&d=mm&r=g\",\"contentUrl\":\"https:\\\/\\\/secure.gravatar.com\\\/avatar\\\/c052a2551a06e23fac63626232eaa90abd78dbcf1700fc46a2b2c89fd27b735f?s=96&d=mm&r=g\",\"caption\":\"Redacci\u00f3n A Nova Peneira\"},\"sameAs\":[\"http:\\\/\\\/www.anovapeneira.gal\\\/\"],\"url\":\"https:\\\/\\\/www.anovapeneira.gal\\\/index.php\\\/author\\\/redactor\\\/\"}]}<\/script>\n<!-- \/ Yoast SEO plugin. -->","yoast_head_json":{"title":"Tomi\u00f1o pon a disposici\u00f3n do alumnado os recursos inform\u00e1ticos da Aula CeMIT para acceder a contenidos educativos -","robots":{"index":"index","follow":"follow","max-snippet":"max-snippet:-1","max-image-preview":"max-image-preview:large","max-video-preview":"max-video-preview:-1"},"canonical":"https:\/\/www.anovapeneira.gal\/index.php\/2020\/06\/12\/tomino-pon-a-disposicion-do-alumnado-os-recursos-informaticos-da-aula-cemit-para-acceder-a-contenidos-educativos\/","og_locale":"gl_ES","og_type":"article","og_title":"Tomi\u00f1o pon a disposici\u00f3n do alumnado os recursos inform\u00e1ticos da Aula CeMIT para acceder a contenidos educativos -","og_description":"Neste espazo os rapaces e rapazas ter\u00e1n dispo\u00f1ibles 5 ordenadores, en horario de 11.30 a 14.00 de luns a venres, contando ademais coa tarde dos martes, de 17.00 a 20.00 [...]","og_url":"https:\/\/www.anovapeneira.gal\/index.php\/2020\/06\/12\/tomino-pon-a-disposicion-do-alumnado-os-recursos-informaticos-da-aula-cemit-para-acceder-a-contenidos-educativos\/","article_publisher":"https:\/\/www.facebook.com\/anovapeneira","article_published_time":"2020-06-12T10:00:29+00:00","og_image":[{"width":720,"height":432,"url":"https:\/\/www.anovapeneira.gal\/wp-content\/uploads\/2020\/06\/curso_informatica_tomino_a_nova_peneira.jpg","type":"image\/jpeg"}],"author":"Redacci\u00f3n A Nova Peneira","twitter_card":"summary_large_image","twitter_creator":"@APeneira","twitter_site":"@APeneira","twitter_misc":{"Escrito por":"Redacci\u00f3n A Nova Peneira","Tempo de lectura":"2 minutos"},"schema":{"@context":"https:\/\/schema.org","@graph":[{"@type":"Article","@id":"https:\/\/www.anovapeneira.gal\/index.php\/2020\/06\/12\/tomino-pon-a-disposicion-do-alumnado-os-recursos-informaticos-da-aula-cemit-para-acceder-a-contenidos-educativos\/#article","isPartOf":{"@id":"https:\/\/www.anovapeneira.gal\/index.php\/2020\/06\/12\/tomino-pon-a-disposicion-do-alumnado-os-recursos-informaticos-da-aula-cemit-para-acceder-a-contenidos-educativos\/"},"author":{"name":"Redacci\u00f3n A Nova Peneira","@id":"https:\/\/www.anovapeneira.gal\/#\/schema\/person\/b93e3f8932e3f8da96334607eb6ac6aa"},"headline":"Tomi\u00f1o pon a disposici\u00f3n do alumnado os recursos inform\u00e1ticos da Aula CeMIT para acceder a contenidos educativos","datePublished":"2020-06-12T10:00:29+00:00","mainEntityOfPage":{"@id":"https:\/\/www.anovapeneira.gal\/index.php\/2020\/06\/12\/tomino-pon-a-disposicion-do-alumnado-os-recursos-informaticos-da-aula-cemit-para-acceder-a-contenidos-educativos\/"},"wordCount":434,"commentCount":0,"publisher":{"@id":"https:\/\/www.anovapeneira.gal\/#organization"},"image":{"@id":"https:\/\/www.anovapeneira.gal\/index.php\/2020\/06\/12\/tomino-pon-a-disposicion-do-alumnado-os-recursos-informaticos-da-aula-cemit-para-acceder-a-contenidos-educativos\/#primaryimage"},"thumbnailUrl":"https:\/\/www.anovapeneira.gal\/wp-content\/uploads\/2020\/06\/curso_informatica_tomino_a_nova_peneira.jpg","keywords":["Aula CeMIT","Concello de Tomi\u00f1o"],"articleSection":["Baixo Mi\u00f1o"],"inLanguage":"gl-ES","potentialAction":[{"@type":"CommentAction","name":"Comment","target":["https:\/\/www.anovapeneira.gal\/index.php\/2020\/06\/12\/tomino-pon-a-disposicion-do-alumnado-os-recursos-informaticos-da-aula-cemit-para-acceder-a-contenidos-educativos\/#respond"]}]},{"@type":"WebPage","@id":"https:\/\/www.anovapeneira.gal\/index.php\/2020\/06\/12\/tomino-pon-a-disposicion-do-alumnado-os-recursos-informaticos-da-aula-cemit-para-acceder-a-contenidos-educativos\/","url":"https:\/\/www.anovapeneira.gal\/index.php\/2020\/06\/12\/tomino-pon-a-disposicion-do-alumnado-os-recursos-informaticos-da-aula-cemit-para-acceder-a-contenidos-educativos\/","name":"Tomi\u00f1o pon a disposici\u00f3n do alumnado os recursos inform\u00e1ticos da Aula CeMIT para acceder a contenidos educativos -","isPartOf":{"@id":"https:\/\/www.anovapeneira.gal\/#website"},"primaryImageOfPage":{"@id":"https:\/\/www.anovapeneira.gal\/index.php\/2020\/06\/12\/tomino-pon-a-disposicion-do-alumnado-os-recursos-informaticos-da-aula-cemit-para-acceder-a-contenidos-educativos\/#primaryimage"},"image":{"@id":"https:\/\/www.anovapeneira.gal\/index.php\/2020\/06\/12\/tomino-pon-a-disposicion-do-alumnado-os-recursos-informaticos-da-aula-cemit-para-acceder-a-contenidos-educativos\/#primaryimage"},"thumbnailUrl":"https:\/\/www.anovapeneira.gal\/wp-content\/uploads\/2020\/06\/curso_informatica_tomino_a_nova_peneira.jpg","datePublished":"2020-06-12T10:00:29+00:00","breadcrumb":{"@id":"https:\/\/www.anovapeneira.gal\/index.php\/2020\/06\/12\/tomino-pon-a-disposicion-do-alumnado-os-recursos-informaticos-da-aula-cemit-para-acceder-a-contenidos-educativos\/#breadcrumb"},"inLanguage":"gl-ES","potentialAction":[{"@type":"ReadAction","target":["https:\/\/www.anovapeneira.gal\/index.php\/2020\/06\/12\/tomino-pon-a-disposicion-do-alumnado-os-recursos-informaticos-da-aula-cemit-para-acceder-a-contenidos-educativos\/"]}]},{"@type":"ImageObject","inLanguage":"gl-ES","@id":"https:\/\/www.anovapeneira.gal\/index.php\/2020\/06\/12\/tomino-pon-a-disposicion-do-alumnado-os-recursos-informaticos-da-aula-cemit-para-acceder-a-contenidos-educativos\/#primaryimage","url":"https:\/\/www.anovapeneira.gal\/wp-content\/uploads\/2020\/06\/curso_informatica_tomino_a_nova_peneira.jpg","contentUrl":"https:\/\/www.anovapeneira.gal\/wp-content\/uploads\/2020\/06\/curso_informatica_tomino_a_nova_peneira.jpg","width":720,"height":432,"caption":"Curso inform\u00e1tica Concello de Tomi\u00f1o A Nova Peneira"},{"@type":"BreadcrumbList","@id":"https:\/\/www.anovapeneira.gal\/index.php\/2020\/06\/12\/tomino-pon-a-disposicion-do-alumnado-os-recursos-informaticos-da-aula-cemit-para-acceder-a-contenidos-educativos\/#breadcrumb","itemListElement":[{"@type":"ListItem","position":1,"name":"Portada","item":"https:\/\/www.anovapeneira.gal\/"},{"@type":"ListItem","position":2,"name":"Tomi\u00f1o pon a disposici\u00f3n do alumnado os recursos inform\u00e1ticos da Aula CeMIT para acceder a contenidos educativos"}]},{"@type":"WebSite","@id":"https:\/\/www.anovapeneira.gal\/#website","url":"https:\/\/www.anovapeneira.gal\/","name":"","description":"Xornal galego de informaci\u00f3n xeral Publicaci\u00f3n mensual de novas de Galicia e en especial dos Concellos da sur da provincia de Pontevedra.","publisher":{"@id":"https:\/\/www.anovapeneira.gal\/#organization"},"potentialAction":[{"@type":"SearchAction","target":{"@type":"EntryPoint","urlTemplate":"https:\/\/www.anovapeneira.gal\/?s={search_term_string}"},"query-input":{"@type":"PropertyValueSpecification","valueRequired":true,"valueName":"search_term_string"}}],"inLanguage":"gl-ES"},{"@type":"Organization","@id":"https:\/\/www.anovapeneira.gal\/#organization","name":"A Nova Peneira","url":"https:\/\/www.anovapeneira.gal\/","logo":{"@type":"ImageObject","inLanguage":"gl-ES","@id":"https:\/\/www.anovapeneira.gal\/#\/schema\/logo\/image\/","url":"http:\/\/www.anovapeneira.gal\/wp-content\/uploads\/2019\/06\/logo_a_nova_peneira_portal_web.png","contentUrl":"http:\/\/www.anovapeneira.gal\/wp-content\/uploads\/2019\/06\/logo_a_nova_peneira_portal_web.png","width":300,"height":100,"caption":"A Nova Peneira"},"image":{"@id":"https:\/\/www.anovapeneira.gal\/#\/schema\/logo\/image\/"},"sameAs":["https:\/\/www.facebook.com\/anovapeneira","https:\/\/x.com\/APeneira"]},{"@type":"Person","@id":"https:\/\/www.anovapeneira.gal\/#\/schema\/person\/b93e3f8932e3f8da96334607eb6ac6aa","name":"Redacci\u00f3n A Nova Peneira","image":{"@type":"ImageObject","inLanguage":"gl-ES","@id":"https:\/\/secure.gravatar.com\/avatar\/c052a2551a06e23fac63626232eaa90abd78dbcf1700fc46a2b2c89fd27b735f?s=96&d=mm&r=g","url":"https:\/\/secure.gravatar.com\/avatar\/c052a2551a06e23fac63626232eaa90abd78dbcf1700fc46a2b2c89fd27b735f?s=96&d=mm&r=g","contentUrl":"https:\/\/secure.gravatar.com\/avatar\/c052a2551a06e23fac63626232eaa90abd78dbcf1700fc46a2b2c89fd27b735f?s=96&d=mm&r=g","caption":"Redacci\u00f3n A Nova Peneira"},"sameAs":["http:\/\/www.anovapeneira.gal\/"],"url":"https:\/\/www.anovapeneira.gal\/index.php\/author\/redactor\/"}]}},"jetpack_featured_media_url":"https:\/\/www.anovapeneira.gal\/wp-content\/uploads\/2020\/06\/curso_informatica_tomino_a_nova_peneira.jpg","_links":{"self":[{"href":"https:\/\/www.anovapeneira.gal\/index.php\/wp-json\/wp\/v2\/posts\/3303","targetHints":{"allow":["GET"]}}],"collection":[{"href":"https:\/\/www.anovapeneira.gal\/index.php\/wp-json\/wp\/v2\/posts"}],"about":[{"href":"https:\/\/www.anovapeneira.gal\/index.php\/wp-json\/wp\/v2\/types\/post"}],"author":[{"embeddable":true,"href":"https:\/\/www.anovapeneira.gal\/index.php\/wp-json\/wp\/v2\/users\/3"}],"replies":[{"embeddable":true,"href":"https:\/\/www.anovapeneira.gal\/index.php\/wp-json\/wp\/v2\/comments?post=3303"}],"version-history":[{"count":2,"href":"https:\/\/www.anovapeneira.gal\/index.php\/wp-json\/wp\/v2\/posts\/3303\/revisions"}],"predecessor-version":[{"id":3306,"href":"https:\/\/www.anovapeneira.gal\/index.php\/wp-json\/wp\/v2\/posts\/3303\/revisions\/3306"}],"wp:featuredmedia":[{"embeddable":true,"href":"https:\/\/www.anovapeneira.gal\/index.php\/wp-json\/wp\/v2\/media\/3304"}],"wp:attachment":[{"href":"https:\/\/www.anovapeneira.gal\/index.php\/wp-json\/wp\/v2\/media?parent=3303"}],"wp:term":[{"taxonomy":"category","embeddable":true,"href":"https:\/\/www.anovapeneira.gal\/index.php\/wp-json\/wp\/v2\/categories?post=3303"},{"taxonomy":"post_tag","embeddable":true,"href":"https:\/\/www.anovapeneira.gal\/index.php\/wp-json\/wp\/v2\/tags?post=3303"}],"curies":[{"name":"wp","href":"https:\/\/api.w.org\/{rel}","templated":true}]}}