{"id":3312,"date":"2020-06-15T12:00:11","date_gmt":"2020-06-15T10:00:11","guid":{"rendered":"http:\/\/www.anovapeneira.gal\/?p=3312"},"modified":"2020-06-16T09:46:05","modified_gmt":"2020-06-16T07:46:05","slug":"contidos-relixiosos-na-escola-a-distancia","status":"publish","type":"post","link":"https:\/\/www.anovapeneira.gal\/index.php\/2020\/06\/15\/contidos-relixiosos-na-escola-a-distancia\/","title":{"rendered":"Contidos relixiosos na escola a distancia"},"content":{"rendered":"\n<p>Desde Europa Laica\/ Galiza Laica queremos advertir do que n\u00f3s consideramos unha serie de&nbsp;<strong>vulneraci\u00f3ns das leis de ensino, no tocante \u00e1 liberdade de escolla da materia de relixi\u00f3n, durante o tempo da aprendizaxe a distancia motivado polo Covid-19.<\/strong><\/p>\n\n\n\n<p>No decreto 105\/2014 do 4 de setembro (DOG No171 9\/ setembro de 2014) sobre o curr\u00edculo de educaci\u00f3n primaria, disposici\u00f3n adicional segunda sobre ensino de relixi\u00f3n, establ\u00e9cese que \u201cpais\/nais ou titores legais poidan manifestar a sua vontade de que o alumnado reciba ou non estes ensinos\u201d no seu percurso educativo.\u00a0<strong>Temos evidencias de que isto non se est\u00e1 a cumplir nin a garantir polo menos no 69% dos centros da provincia de Pontevedra.\u00a0<\/strong>Somos conscientes de que, en moitos casos, as soluci\u00f3ns das profesionais do ensino foron improvisadas pola premura e a gravidade da situaci\u00f3n, chegando a soluci\u00f3ns en moitos casos imaxinativas e eficientes, chegando a suplir funci\u00f3ns de planificaci\u00f3n e de estructuraci\u00f3n de contidos que, probabelmente, non lles corresponden.<\/p>\n\n\n\n<p>O resultado desta improvisaci\u00f3n e falta de planificaci\u00f3n de parte das autoridades competentes no ensino, traduciuse nunha&nbsp;<strong>casu\u00edstica enorme de invasi\u00f3n de contidos de relixi\u00f3n cat\u00f3lica no medio das tarefas habituais enviadas \u00e1s casas do alumnado, sen ter en conta as diferentes sensibilidades, crenzas, cultos ou preferencias das familias<\/strong>. Estes contidos confesionais chegan de maneira totalmente aberta e sen neng\u00fan tipo de filtro ao interior dos fogares, producindo unha grave discriminaci\u00f3n e perxuizo a amplos sectores da poboaci\u00f3n que ven vulnerados os seus dereitos.<\/p>\n\n\n\n<p>\u00c9 chegado o momento de colocarmos este problema no foco de cara ao final do curso e (moi previs\u00edbelmente) no comezo do que ven.&nbsp;<strong>Atrav\u00e9s deste comunicado queremos facer p\u00fablica a denuncia que esta entidade acaba de realizar perante as autoridades educativas, visando a elaboraci\u00f3n de ferramentas inform\u00e1ticas seguras por parte da conseller\u00eda de ensino da Xunta de Galiza que consigan garantir os dereitos das alunas e alunos nun \u00e1mbito tan sensibel como este. At\u00e9 o dia de hoxe non temos neng\u00fan tipo de resposta.<\/strong><\/p>\n\n\n\n<p>Unha sociedade plural, e unhas instituci\u00f3ns que se din de toda a cidadania, non poden privilexiar unhas crenzas determinadas por riba doutras ou da ausencia de crenzas. Querer\u00edamos saber o que acontecer\u00eda se eses contidos en aberto fosen con pasaxes do Cor\u00e1n ou de calquera outra confesi\u00f3n relixiosa.<\/p>\n\n\n\n<p>Encoraxamos a todas as persoas conscientes desta problem\u00e1tica para mudar a situaci\u00f3n no seu \u00e1mbito concreto, a comezar pola comunidade educativa, ANPAS, sindicatos do ensino, asociaci\u00f3ns e partidos pol\u00edticos.<\/p>\n\n\n\n<p>Por unha escola laica e inclusiva!<\/p>\n","protected":false},"excerpt":{"rendered":"<div class=\"mh-excerpt\"><p>Desde Europa Laica\/ Galiza Laica queremos advertir do que n\u00f3s consideramos unha serie de vulneraci\u00f3ns das leis de ensino, no tocante \u00e1 liberdade de escolla da materia de relixi\u00f3n, durante o tempo da aprendizaxe a distancia motivado polo Covid-19 <a class=\"mh-excerpt-more\" href=\"https:\/\/www.anovapeneira.gal\/index.php\/2020\/06\/15\/contidos-relixiosos-na-escola-a-distancia\/\" title=\"Contidos relixiosos na escola a distancia\">[&#8230;]<\/a><\/p>\n<\/div>","protected":false},"author":3,"featured_media":3313,"comment_status":"open","ping_status":"open","sticky":false,"template":"","format":"standard","meta":{"_exactmetrics_skip_tracking":false,"_exactmetrics_sitenote_active":false,"_exactmetrics_sitenote_note":"","_exactmetrics_sitenote_category":0,"footnotes":""},"categories":[263],"tags":[746,1106],"class_list":{"0":"post-3312","1":"post","2":"type-post","3":"status-publish","4":"format-standard","5":"has-post-thumbnail","7":"category-novas","8":"tag-europa-laica","9":"tag-galiza-laica"},"yoast_head":"<!-- This site is optimized with the Yoast SEO plugin v27.4 - https:\/\/yoast.com\/product\/yoast-seo-wordpress\/ -->\n<title>Contidos relixiosos na escola a distancia -<\/title>\n<meta name=\"robots\" content=\"index, follow, max-snippet:-1, max-image-preview:large, max-video-preview:-1\" \/>\n<link rel=\"canonical\" href=\"https:\/\/www.anovapeneira.gal\/index.php\/2020\/06\/15\/contidos-relixiosos-na-escola-a-distancia\/\" \/>\n<meta property=\"og:locale\" content=\"gl_ES\" \/>\n<meta property=\"og:type\" content=\"article\" \/>\n<meta property=\"og:title\" content=\"Contidos relixiosos na escola a distancia -\" \/>\n<meta property=\"og:description\" content=\"Desde Europa Laica\/ Galiza Laica queremos advertir do que n\u00f3s consideramos unha serie de vulneraci\u00f3ns das leis de ensino, no tocante \u00e1 liberdade de escolla da materia de relixi\u00f3n, durante o tempo da aprendizaxe a distancia motivado polo Covid-19 [...]\" \/>\n<meta property=\"og:url\" content=\"https:\/\/www.anovapeneira.gal\/index.php\/2020\/06\/15\/contidos-relixiosos-na-escola-a-distancia\/\" \/>\n<meta property=\"article:publisher\" content=\"https:\/\/www.facebook.com\/anovapeneira\" \/>\n<meta property=\"article:published_time\" content=\"2020-06-15T10:00:11+00:00\" \/>\n<meta property=\"article:modified_time\" content=\"2020-06-16T07:46:05+00:00\" \/>\n<meta property=\"og:image\" content=\"https:\/\/www.anovapeneira.gal\/wp-content\/uploads\/2020\/06\/Europa-laica-galega_a_nova_peneira.jpg\" \/>\n\t<meta property=\"og:image:width\" content=\"740\" \/>\n\t<meta property=\"og:image:height\" content=\"432\" \/>\n\t<meta property=\"og:image:type\" content=\"image\/jpeg\" \/>\n<meta name=\"author\" content=\"Redacci\u00f3n A Nova Peneira\" \/>\n<meta name=\"twitter:card\" content=\"summary_large_image\" \/>\n<meta name=\"twitter:creator\" content=\"@APeneira\" \/>\n<meta name=\"twitter:site\" content=\"@APeneira\" \/>\n<meta name=\"twitter:label1\" content=\"Escrito por\" \/>\n\t<meta name=\"twitter:data1\" content=\"Redacci\u00f3n A Nova Peneira\" \/>\n\t<meta name=\"twitter:label2\" content=\"Tempo de lectura\" \/>\n\t<meta name=\"twitter:data2\" content=\"2 minutos\" \/>\n<script type=\"application\/ld+json\" class=\"yoast-schema-graph\">{\"@context\":\"https:\\\/\\\/schema.org\",\"@graph\":[{\"@type\":\"Article\",\"@id\":\"https:\\\/\\\/www.anovapeneira.gal\\\/index.php\\\/2020\\\/06\\\/15\\\/contidos-relixiosos-na-escola-a-distancia\\\/#article\",\"isPartOf\":{\"@id\":\"https:\\\/\\\/www.anovapeneira.gal\\\/index.php\\\/2020\\\/06\\\/15\\\/contidos-relixiosos-na-escola-a-distancia\\\/\"},\"author\":{\"name\":\"Redacci\u00f3n A Nova Peneira\",\"@id\":\"https:\\\/\\\/www.anovapeneira.gal\\\/#\\\/schema\\\/person\\\/b93e3f8932e3f8da96334607eb6ac6aa\"},\"headline\":\"Contidos relixiosos na escola a distancia\",\"datePublished\":\"2020-06-15T10:00:11+00:00\",\"dateModified\":\"2020-06-16T07:46:05+00:00\",\"mainEntityOfPage\":{\"@id\":\"https:\\\/\\\/www.anovapeneira.gal\\\/index.php\\\/2020\\\/06\\\/15\\\/contidos-relixiosos-na-escola-a-distancia\\\/\"},\"wordCount\":453,\"commentCount\":0,\"publisher\":{\"@id\":\"https:\\\/\\\/www.anovapeneira.gal\\\/#organization\"},\"image\":{\"@id\":\"https:\\\/\\\/www.anovapeneira.gal\\\/index.php\\\/2020\\\/06\\\/15\\\/contidos-relixiosos-na-escola-a-distancia\\\/#primaryimage\"},\"thumbnailUrl\":\"https:\\\/\\\/www.anovapeneira.gal\\\/wp-content\\\/uploads\\\/2020\\\/06\\\/Europa-laica-galega_a_nova_peneira.jpg\",\"keywords\":[\"Europa laica\",\"Galiza Laica\"],\"articleSection\":[\"Novas\"],\"inLanguage\":\"gl-ES\",\"potentialAction\":[{\"@type\":\"CommentAction\",\"name\":\"Comment\",\"target\":[\"https:\\\/\\\/www.anovapeneira.gal\\\/index.php\\\/2020\\\/06\\\/15\\\/contidos-relixiosos-na-escola-a-distancia\\\/#respond\"]}]},{\"@type\":\"WebPage\",\"@id\":\"https:\\\/\\\/www.anovapeneira.gal\\\/index.php\\\/2020\\\/06\\\/15\\\/contidos-relixiosos-na-escola-a-distancia\\\/\",\"url\":\"https:\\\/\\\/www.anovapeneira.gal\\\/index.php\\\/2020\\\/06\\\/15\\\/contidos-relixiosos-na-escola-a-distancia\\\/\",\"name\":\"Contidos relixiosos na escola a distancia -\",\"isPartOf\":{\"@id\":\"https:\\\/\\\/www.anovapeneira.gal\\\/#website\"},\"primaryImageOfPage\":{\"@id\":\"https:\\\/\\\/www.anovapeneira.gal\\\/index.php\\\/2020\\\/06\\\/15\\\/contidos-relixiosos-na-escola-a-distancia\\\/#primaryimage\"},\"image\":{\"@id\":\"https:\\\/\\\/www.anovapeneira.gal\\\/index.php\\\/2020\\\/06\\\/15\\\/contidos-relixiosos-na-escola-a-distancia\\\/#primaryimage\"},\"thumbnailUrl\":\"https:\\\/\\\/www.anovapeneira.gal\\\/wp-content\\\/uploads\\\/2020\\\/06\\\/Europa-laica-galega_a_nova_peneira.jpg\",\"datePublished\":\"2020-06-15T10:00:11+00:00\",\"dateModified\":\"2020-06-16T07:46:05+00:00\",\"breadcrumb\":{\"@id\":\"https:\\\/\\\/www.anovapeneira.gal\\\/index.php\\\/2020\\\/06\\\/15\\\/contidos-relixiosos-na-escola-a-distancia\\\/#breadcrumb\"},\"inLanguage\":\"gl-ES\",\"potentialAction\":[{\"@type\":\"ReadAction\",\"target\":[\"https:\\\/\\\/www.anovapeneira.gal\\\/index.php\\\/2020\\\/06\\\/15\\\/contidos-relixiosos-na-escola-a-distancia\\\/\"]}]},{\"@type\":\"ImageObject\",\"inLanguage\":\"gl-ES\",\"@id\":\"https:\\\/\\\/www.anovapeneira.gal\\\/index.php\\\/2020\\\/06\\\/15\\\/contidos-relixiosos-na-escola-a-distancia\\\/#primaryimage\",\"url\":\"https:\\\/\\\/www.anovapeneira.gal\\\/wp-content\\\/uploads\\\/2020\\\/06\\\/Europa-laica-galega_a_nova_peneira.jpg\",\"contentUrl\":\"https:\\\/\\\/www.anovapeneira.gal\\\/wp-content\\\/uploads\\\/2020\\\/06\\\/Europa-laica-galega_a_nova_peneira.jpg\",\"width\":740,\"height\":432,\"caption\":\"Europa Laica Galiza Laica A Nova Peneira\"},{\"@type\":\"BreadcrumbList\",\"@id\":\"https:\\\/\\\/www.anovapeneira.gal\\\/index.php\\\/2020\\\/06\\\/15\\\/contidos-relixiosos-na-escola-a-distancia\\\/#breadcrumb\",\"itemListElement\":[{\"@type\":\"ListItem\",\"position\":1,\"name\":\"Portada\",\"item\":\"https:\\\/\\\/www.anovapeneira.gal\\\/\"},{\"@type\":\"ListItem\",\"position\":2,\"name\":\"Contidos relixiosos na escola a distancia\"}]},{\"@type\":\"WebSite\",\"@id\":\"https:\\\/\\\/www.anovapeneira.gal\\\/#website\",\"url\":\"https:\\\/\\\/www.anovapeneira.gal\\\/\",\"name\":\"\",\"description\":\"Xornal galego de informaci\u00f3n xeral Publicaci\u00f3n mensual de novas de Galicia e en especial dos Concellos da sur da provincia de Pontevedra.\",\"publisher\":{\"@id\":\"https:\\\/\\\/www.anovapeneira.gal\\\/#organization\"},\"potentialAction\":[{\"@type\":\"SearchAction\",\"target\":{\"@type\":\"EntryPoint\",\"urlTemplate\":\"https:\\\/\\\/www.anovapeneira.gal\\\/?s={search_term_string}\"},\"query-input\":{\"@type\":\"PropertyValueSpecification\",\"valueRequired\":true,\"valueName\":\"search_term_string\"}}],\"inLanguage\":\"gl-ES\"},{\"@type\":\"Organization\",\"@id\":\"https:\\\/\\\/www.anovapeneira.gal\\\/#organization\",\"name\":\"A Nova Peneira\",\"url\":\"https:\\\/\\\/www.anovapeneira.gal\\\/\",\"logo\":{\"@type\":\"ImageObject\",\"inLanguage\":\"gl-ES\",\"@id\":\"https:\\\/\\\/www.anovapeneira.gal\\\/#\\\/schema\\\/logo\\\/image\\\/\",\"url\":\"http:\\\/\\\/www.anovapeneira.gal\\\/wp-content\\\/uploads\\\/2019\\\/06\\\/logo_a_nova_peneira_portal_web.png\",\"contentUrl\":\"http:\\\/\\\/www.anovapeneira.gal\\\/wp-content\\\/uploads\\\/2019\\\/06\\\/logo_a_nova_peneira_portal_web.png\",\"width\":300,\"height\":100,\"caption\":\"A Nova Peneira\"},\"image\":{\"@id\":\"https:\\\/\\\/www.anovapeneira.gal\\\/#\\\/schema\\\/logo\\\/image\\\/\"},\"sameAs\":[\"https:\\\/\\\/www.facebook.com\\\/anovapeneira\",\"https:\\\/\\\/x.com\\\/APeneira\"]},{\"@type\":\"Person\",\"@id\":\"https:\\\/\\\/www.anovapeneira.gal\\\/#\\\/schema\\\/person\\\/b93e3f8932e3f8da96334607eb6ac6aa\",\"name\":\"Redacci\u00f3n A Nova Peneira\",\"image\":{\"@type\":\"ImageObject\",\"inLanguage\":\"gl-ES\",\"@id\":\"https:\\\/\\\/secure.gravatar.com\\\/avatar\\\/c052a2551a06e23fac63626232eaa90abd78dbcf1700fc46a2b2c89fd27b735f?s=96&d=mm&r=g\",\"url\":\"https:\\\/\\\/secure.gravatar.com\\\/avatar\\\/c052a2551a06e23fac63626232eaa90abd78dbcf1700fc46a2b2c89fd27b735f?s=96&d=mm&r=g\",\"contentUrl\":\"https:\\\/\\\/secure.gravatar.com\\\/avatar\\\/c052a2551a06e23fac63626232eaa90abd78dbcf1700fc46a2b2c89fd27b735f?s=96&d=mm&r=g\",\"caption\":\"Redacci\u00f3n A Nova Peneira\"},\"sameAs\":[\"http:\\\/\\\/www.anovapeneira.gal\\\/\"],\"url\":\"https:\\\/\\\/www.anovapeneira.gal\\\/index.php\\\/author\\\/redactor\\\/\"}]}<\/script>\n<!-- \/ Yoast SEO plugin. -->","yoast_head_json":{"title":"Contidos relixiosos na escola a distancia -","robots":{"index":"index","follow":"follow","max-snippet":"max-snippet:-1","max-image-preview":"max-image-preview:large","max-video-preview":"max-video-preview:-1"},"canonical":"https:\/\/www.anovapeneira.gal\/index.php\/2020\/06\/15\/contidos-relixiosos-na-escola-a-distancia\/","og_locale":"gl_ES","og_type":"article","og_title":"Contidos relixiosos na escola a distancia -","og_description":"Desde Europa Laica\/ Galiza Laica queremos advertir do que n\u00f3s consideramos unha serie de vulneraci\u00f3ns das leis de ensino, no tocante \u00e1 liberdade de escolla da materia de relixi\u00f3n, durante o tempo da aprendizaxe a distancia motivado polo Covid-19 [...]","og_url":"https:\/\/www.anovapeneira.gal\/index.php\/2020\/06\/15\/contidos-relixiosos-na-escola-a-distancia\/","article_publisher":"https:\/\/www.facebook.com\/anovapeneira","article_published_time":"2020-06-15T10:00:11+00:00","article_modified_time":"2020-06-16T07:46:05+00:00","og_image":[{"width":740,"height":432,"url":"https:\/\/www.anovapeneira.gal\/wp-content\/uploads\/2020\/06\/Europa-laica-galega_a_nova_peneira.jpg","type":"image\/jpeg"}],"author":"Redacci\u00f3n A Nova Peneira","twitter_card":"summary_large_image","twitter_creator":"@APeneira","twitter_site":"@APeneira","twitter_misc":{"Escrito por":"Redacci\u00f3n A Nova Peneira","Tempo de lectura":"2 minutos"},"schema":{"@context":"https:\/\/schema.org","@graph":[{"@type":"Article","@id":"https:\/\/www.anovapeneira.gal\/index.php\/2020\/06\/15\/contidos-relixiosos-na-escola-a-distancia\/#article","isPartOf":{"@id":"https:\/\/www.anovapeneira.gal\/index.php\/2020\/06\/15\/contidos-relixiosos-na-escola-a-distancia\/"},"author":{"name":"Redacci\u00f3n A Nova Peneira","@id":"https:\/\/www.anovapeneira.gal\/#\/schema\/person\/b93e3f8932e3f8da96334607eb6ac6aa"},"headline":"Contidos relixiosos na escola a distancia","datePublished":"2020-06-15T10:00:11+00:00","dateModified":"2020-06-16T07:46:05+00:00","mainEntityOfPage":{"@id":"https:\/\/www.anovapeneira.gal\/index.php\/2020\/06\/15\/contidos-relixiosos-na-escola-a-distancia\/"},"wordCount":453,"commentCount":0,"publisher":{"@id":"https:\/\/www.anovapeneira.gal\/#organization"},"image":{"@id":"https:\/\/www.anovapeneira.gal\/index.php\/2020\/06\/15\/contidos-relixiosos-na-escola-a-distancia\/#primaryimage"},"thumbnailUrl":"https:\/\/www.anovapeneira.gal\/wp-content\/uploads\/2020\/06\/Europa-laica-galega_a_nova_peneira.jpg","keywords":["Europa laica","Galiza Laica"],"articleSection":["Novas"],"inLanguage":"gl-ES","potentialAction":[{"@type":"CommentAction","name":"Comment","target":["https:\/\/www.anovapeneira.gal\/index.php\/2020\/06\/15\/contidos-relixiosos-na-escola-a-distancia\/#respond"]}]},{"@type":"WebPage","@id":"https:\/\/www.anovapeneira.gal\/index.php\/2020\/06\/15\/contidos-relixiosos-na-escola-a-distancia\/","url":"https:\/\/www.anovapeneira.gal\/index.php\/2020\/06\/15\/contidos-relixiosos-na-escola-a-distancia\/","name":"Contidos relixiosos na escola a distancia -","isPartOf":{"@id":"https:\/\/www.anovapeneira.gal\/#website"},"primaryImageOfPage":{"@id":"https:\/\/www.anovapeneira.gal\/index.php\/2020\/06\/15\/contidos-relixiosos-na-escola-a-distancia\/#primaryimage"},"image":{"@id":"https:\/\/www.anovapeneira.gal\/index.php\/2020\/06\/15\/contidos-relixiosos-na-escola-a-distancia\/#primaryimage"},"thumbnailUrl":"https:\/\/www.anovapeneira.gal\/wp-content\/uploads\/2020\/06\/Europa-laica-galega_a_nova_peneira.jpg","datePublished":"2020-06-15T10:00:11+00:00","dateModified":"2020-06-16T07:46:05+00:00","breadcrumb":{"@id":"https:\/\/www.anovapeneira.gal\/index.php\/2020\/06\/15\/contidos-relixiosos-na-escola-a-distancia\/#breadcrumb"},"inLanguage":"gl-ES","potentialAction":[{"@type":"ReadAction","target":["https:\/\/www.anovapeneira.gal\/index.php\/2020\/06\/15\/contidos-relixiosos-na-escola-a-distancia\/"]}]},{"@type":"ImageObject","inLanguage":"gl-ES","@id":"https:\/\/www.anovapeneira.gal\/index.php\/2020\/06\/15\/contidos-relixiosos-na-escola-a-distancia\/#primaryimage","url":"https:\/\/www.anovapeneira.gal\/wp-content\/uploads\/2020\/06\/Europa-laica-galega_a_nova_peneira.jpg","contentUrl":"https:\/\/www.anovapeneira.gal\/wp-content\/uploads\/2020\/06\/Europa-laica-galega_a_nova_peneira.jpg","width":740,"height":432,"caption":"Europa Laica Galiza Laica A Nova Peneira"},{"@type":"BreadcrumbList","@id":"https:\/\/www.anovapeneira.gal\/index.php\/2020\/06\/15\/contidos-relixiosos-na-escola-a-distancia\/#breadcrumb","itemListElement":[{"@type":"ListItem","position":1,"name":"Portada","item":"https:\/\/www.anovapeneira.gal\/"},{"@type":"ListItem","position":2,"name":"Contidos relixiosos na escola a distancia"}]},{"@type":"WebSite","@id":"https:\/\/www.anovapeneira.gal\/#website","url":"https:\/\/www.anovapeneira.gal\/","name":"","description":"Xornal galego de informaci\u00f3n xeral Publicaci\u00f3n mensual de novas de Galicia e en especial dos Concellos da sur da provincia de Pontevedra.","publisher":{"@id":"https:\/\/www.anovapeneira.gal\/#organization"},"potentialAction":[{"@type":"SearchAction","target":{"@type":"EntryPoint","urlTemplate":"https:\/\/www.anovapeneira.gal\/?s={search_term_string}"},"query-input":{"@type":"PropertyValueSpecification","valueRequired":true,"valueName":"search_term_string"}}],"inLanguage":"gl-ES"},{"@type":"Organization","@id":"https:\/\/www.anovapeneira.gal\/#organization","name":"A Nova Peneira","url":"https:\/\/www.anovapeneira.gal\/","logo":{"@type":"ImageObject","inLanguage":"gl-ES","@id":"https:\/\/www.anovapeneira.gal\/#\/schema\/logo\/image\/","url":"http:\/\/www.anovapeneira.gal\/wp-content\/uploads\/2019\/06\/logo_a_nova_peneira_portal_web.png","contentUrl":"http:\/\/www.anovapeneira.gal\/wp-content\/uploads\/2019\/06\/logo_a_nova_peneira_portal_web.png","width":300,"height":100,"caption":"A Nova Peneira"},"image":{"@id":"https:\/\/www.anovapeneira.gal\/#\/schema\/logo\/image\/"},"sameAs":["https:\/\/www.facebook.com\/anovapeneira","https:\/\/x.com\/APeneira"]},{"@type":"Person","@id":"https:\/\/www.anovapeneira.gal\/#\/schema\/person\/b93e3f8932e3f8da96334607eb6ac6aa","name":"Redacci\u00f3n A Nova Peneira","image":{"@type":"ImageObject","inLanguage":"gl-ES","@id":"https:\/\/secure.gravatar.com\/avatar\/c052a2551a06e23fac63626232eaa90abd78dbcf1700fc46a2b2c89fd27b735f?s=96&d=mm&r=g","url":"https:\/\/secure.gravatar.com\/avatar\/c052a2551a06e23fac63626232eaa90abd78dbcf1700fc46a2b2c89fd27b735f?s=96&d=mm&r=g","contentUrl":"https:\/\/secure.gravatar.com\/avatar\/c052a2551a06e23fac63626232eaa90abd78dbcf1700fc46a2b2c89fd27b735f?s=96&d=mm&r=g","caption":"Redacci\u00f3n A Nova Peneira"},"sameAs":["http:\/\/www.anovapeneira.gal\/"],"url":"https:\/\/www.anovapeneira.gal\/index.php\/author\/redactor\/"}]}},"jetpack_featured_media_url":"https:\/\/www.anovapeneira.gal\/wp-content\/uploads\/2020\/06\/Europa-laica-galega_a_nova_peneira.jpg","_links":{"self":[{"href":"https:\/\/www.anovapeneira.gal\/index.php\/wp-json\/wp\/v2\/posts\/3312","targetHints":{"allow":["GET"]}}],"collection":[{"href":"https:\/\/www.anovapeneira.gal\/index.php\/wp-json\/wp\/v2\/posts"}],"about":[{"href":"https:\/\/www.anovapeneira.gal\/index.php\/wp-json\/wp\/v2\/types\/post"}],"author":[{"embeddable":true,"href":"https:\/\/www.anovapeneira.gal\/index.php\/wp-json\/wp\/v2\/users\/3"}],"replies":[{"embeddable":true,"href":"https:\/\/www.anovapeneira.gal\/index.php\/wp-json\/wp\/v2\/comments?post=3312"}],"version-history":[{"count":1,"href":"https:\/\/www.anovapeneira.gal\/index.php\/wp-json\/wp\/v2\/posts\/3312\/revisions"}],"predecessor-version":[{"id":3314,"href":"https:\/\/www.anovapeneira.gal\/index.php\/wp-json\/wp\/v2\/posts\/3312\/revisions\/3314"}],"wp:featuredmedia":[{"embeddable":true,"href":"https:\/\/www.anovapeneira.gal\/index.php\/wp-json\/wp\/v2\/media\/3313"}],"wp:attachment":[{"href":"https:\/\/www.anovapeneira.gal\/index.php\/wp-json\/wp\/v2\/media?parent=3312"}],"wp:term":[{"taxonomy":"category","embeddable":true,"href":"https:\/\/www.anovapeneira.gal\/index.php\/wp-json\/wp\/v2\/categories?post=3312"},{"taxonomy":"post_tag","embeddable":true,"href":"https:\/\/www.anovapeneira.gal\/index.php\/wp-json\/wp\/v2\/tags?post=3312"}],"curies":[{"name":"wp","href":"https:\/\/api.w.org\/{rel}","templated":true}]}}