{"id":3315,"date":"2020-06-15T14:00:26","date_gmt":"2020-06-15T12:00:26","guid":{"rendered":"http:\/\/www.anovapeneira.gal\/?p=3315"},"modified":"2020-06-14T06:11:46","modified_gmt":"2020-06-14T04:11:46","slug":"ponton-propon-iluminar-vigo-con-emprego-actividade-industrial-e-servizos-publicos-de-calidade-optando-polo-proxecto-do-bng-o-12x","status":"publish","type":"post","link":"https:\/\/www.anovapeneira.gal\/index.php\/2020\/06\/15\/ponton-propon-iluminar-vigo-con-emprego-actividade-industrial-e-servizos-publicos-de-calidade-optando-polo-proxecto-do-bng-o-12x\/","title":{"rendered":"Pont\u00f3n prop\u00f3n \u201ciluminar\u201d Vigo con emprego, actividade industrial e servizos p\u00fablicos de calidade optando polo proxecto do BNG o 12X"},"content":{"rendered":"\n<h2 class=\"wp-block-heading\"><strong>O cambio galego \u00e9 posible cunha mobilizaci\u00f3n masiva das persoas desconformes cunha Galiza que vai a menos, e pide reverter esta situaci\u00f3n nas urnas<\/strong><\/h2>\n\n\n\n<h4 class=\"wp-block-heading\"><strong>Bar\u00e1n aposta por converter a cidade ol\u00edvica nun polo tecnol\u00f3xico e de investigaci\u00f3n a favor da econom\u00eda produtiva<\/strong><\/h4>\n\n\n\n<p><strong>Santiago de Compostela, 12 de Xu\u00f1o 2020<\/strong><\/p>\n\n\n\n<p>A portavoz nacional, Ana Pont\u00f3n, aproveitou a presentaci\u00f3n da candidatura do BNG en Vigo para destacar que o cambio galego \u00e9 hoxe m\u00e1is necesario ca nunca e posible cunha mobilizaci\u00f3n masiva: \u201cse todas as persoas desconformes ante unha Galiza que vai a menos damos un paso adiante nas urnas e apostamos por abrir un tempo novo da man do BNG\u201d.<\/p>\n\n\n\n<p>Ese cambio galego ten que chegar a Vigo, unha cidade \u201cpara a que o PP non tivo ning\u00fan proxecto, salvo competir a ver que po\u00f1\u00eda m\u00e1is luces na entrada de Rande\u201d, -criticou-, pese a estar nunha crise industrial sen precedentes. \u201cHai que iluminar Vigo pero con emprego, con actividade econ\u00f3mica, con servizos sociais de calidade e cunha sanidade p\u00fablica de primeira libre das privatizaci\u00f3ns do PP, e ese \u00e9 o compromiso desta candidatura\u201d, salientou a l\u00edder nacionalista.<\/p>\n\n\n\n<p>\u201cO meu compromiso \u00e9 liderar un goberno a favor desta cidade,para que Vigo acade o seu potencial como motor industrial e tecnol\u00f3xico de Galiza, o cambio galego significa colaboraci\u00f3n, respecto, apoio, sumar enerx\u00eda, talento, investimento. Este \u00e9 o meu compromiso e con ese obxectivo saimos a por todas o vindeiro 12X, porque no Vigo post COVID19 o cambio galego \u00e9 m\u00e1is necesario que nunca e ser\u00e1 imparable se todas as persoas inconformistas co que est\u00e1 pasando nos mobilizamos nas urnas arredor da candidatura do BNG\u201d, proclamou.<\/p>\n\n\n\n<p>E para facelo posible, destacou, o BNG conta cos mellores nunha candidatura que encabeza Lu\u00eds Bar\u00e1, que conta con Montse Prado, Alexandra Fern\u00e1ndez, Manuel Lourenzo, Carmela Gonz\u00e1lez, Paulo R\u00edos, Cristina Fern\u00e1ndez e co resto de persoas dunha lista que suma representantes dos distintos sectores econ\u00f3micos, sociais, persoas que co\u00f1ecen ben esta cidade e o conxunto da provincia.<\/p>\n\n\n\n<p>Para que a cidade ol\u00edvica recupere as posici\u00f3ns perdidas, o Bloque presenta medidas concretas para reactivar a cidade, co emprego e coa defensa dos sectores produtivos como prioridades, \u201ctendo en conta que a pandemia derivou tam\u00e9n en miles de persoas nun ERTE, miles de persoas no paro que non ven futuro e para todas elas temos que po\u00f1er en marcha o cambio galego que tam\u00e9n implica apostar por emprego estable\u201d.<\/p>\n\n\n\n<p>Entre as propostas,&nbsp;<strong>converter Vigo nun referente en I+D+i,<\/strong>man a man co sector p\u00fablico, co sector privado e coa Universidade, cuxo campus ten xa unha clara vocaci\u00f3n tecnol\u00f3xica, tendo en conta que a cidade medrou en paralelo a dous sectores onde a investigaci\u00f3n \u00e9 un valor, o sector da automoci\u00f3n e o sector naval.<\/p>\n\n\n\n<p><strong>Impulsar un plan de reindustrializaci\u00f3n&nbsp;<\/strong>de Vigo e a s\u00faa \u00e1rea de influenciaque atalle a perda de emprego no sector industrial. Nese plan, o sector naval \u00e9 unha peza clave, por iso a proposta recolle a creaci\u00f3n dun&nbsp;<strong>centro de reparaci\u00f3n naval na R\u00eda de Vigo<\/strong>. Igualmente, o sector de automoci\u00f3n como parte do ADN de Vigo, moitva que o programa do BNG incl\u00faa&nbsp;<strong>medidas para frear a deslocalizaci\u00f3n de empresas vinculas ao cluster do autom\u00f3bil&nbsp;<\/strong>cara Portugal.<\/p>\n\n\n\n<p>E, finalmente, Pont\u00f3n tam\u00e9n fixo fincap\u00e9 nunha cuesti\u00f3n \u201cfundamental\u201d: reverter os recortes e privatizaci\u00f3ns en particular nunha sanidade p\u00fablica&nbsp;que foi clave para frear a expansi\u00f3n da pandemia e para salvar vidas.<strong>\u201c<\/strong>Vigo merece un hospital de referencia 100% de xesti\u00f3n p\u00fablica e ese \u00e9 un compromiso ao que non renunciamos para o Alvaro Cunqueiro\u201d, recalcou.<\/p>\n\n\n\n<p><em><strong>Apertura de fronteiras con Portugal<\/strong><\/em><\/p>\n\n\n\n<p>Pont\u00f3n conclu\u00edu cun reco\u00f1ecemento \u00e1 veci\u00f1anza dos concellos da ra\u00eda pola apertura, cando menos parcial, de novos pasos fronterizos, \u201cque foi posible pola presi\u00f3n pol\u00edtica e social, da veci\u00f1anza e dos alcaldes e alcaldesas, que desde o BNG apoiamos desde o primeiro momento, fronte a un Feix\u00f3o ausente a quen nada lle importou que durante meses, miles de traballadores e traballadoras estivesen prexudicadas, facendo rodeos quilom\u00e9tricos, non moveu un dedo\u201d.<\/p>\n\n\n\n<p>Pola s\u00faa parte, o cabeza de lista, Lu\u00eds Bar\u00e1, comprometeuse \u201ca dar o mellor como candidatos e candidatas e como BNG\u201d para conseguir \u201cesa gran paso adiante do cambio galego que se ten que constru\u00edr co liderado de Vigo e da s\u00faa \u00e1rea metropolitana, que debe ser motor do pa\u00eds, deixando atr\u00e1s personalismos e confrontaci\u00f3ns\u201d e da man dun \u201cgran acordo de pa\u00eds\u201d.<\/p>\n\n\n\n<p>Bar\u00e1 puxo sobre a mesa tres prioridades: reactivaci\u00f3n da industria, constru\u00edr un gran polo tecnoloxico e da innovaci\u00f3n ao servizo do tecido produtivo e impulsar o Porto de Vigo como motor econ\u00f3mico, \u201cestamos preparados para gobernar Galiza como demostramos nos concellos, temos proxecto, temos liderado e temos paix\u00f3n polo pa\u00eds e, con todo isto, sa\u00edmos a por todas\u201d, conclu\u00edu<\/p>\n","protected":false},"excerpt":{"rendered":"<div class=\"mh-excerpt\"><p>O cambio galego \u00e9 posible cunha mobilizaci\u00f3n masiva das persoas desconformes cunha Galiza que vai a menos, e pide reverter esta situaci\u00f3n nas urnas <a class=\"mh-excerpt-more\" href=\"https:\/\/www.anovapeneira.gal\/index.php\/2020\/06\/15\/ponton-propon-iluminar-vigo-con-emprego-actividade-industrial-e-servizos-publicos-de-calidade-optando-polo-proxecto-do-bng-o-12x\/\" title=\"Pont\u00f3n prop\u00f3n \u201ciluminar\u201d Vigo con emprego, actividade industrial e servizos p\u00fablicos de calidade optando polo proxecto do BNG o 12X\">[&#8230;]<\/a><\/p>\n<\/div>","protected":false},"author":3,"featured_media":3317,"comment_status":"open","ping_status":"open","sticky":false,"template":"","format":"standard","meta":{"_exactmetrics_skip_tracking":false,"_exactmetrics_sitenote_active":false,"_exactmetrics_sitenote_note":"","_exactmetrics_sitenote_category":0,"footnotes":""},"categories":[263],"tags":[1107,10,227,1108,977],"class_list":{"0":"post-3315","1":"post","2":"type-post","3":"status-publish","4":"format-standard","5":"has-post-thumbnail","7":"category-novas","8":"tag-12x","9":"tag-bng","10":"tag-concello-de-vigo","11":"tag-pontevedra","12":"tag-xunta-de-galicia"},"yoast_head":"<!-- This site is optimized with the Yoast SEO plugin v27.4 - https:\/\/yoast.com\/product\/yoast-seo-wordpress\/ -->\n<title>Pont\u00f3n prop\u00f3n \u201ciluminar\u201d Vigo con emprego, actividade industrial e servizos p\u00fablicos de calidade optando polo proxecto do BNG o 12X -<\/title>\n<meta name=\"robots\" content=\"index, follow, max-snippet:-1, max-image-preview:large, max-video-preview:-1\" \/>\n<link rel=\"canonical\" href=\"https:\/\/www.anovapeneira.gal\/index.php\/2020\/06\/15\/ponton-propon-iluminar-vigo-con-emprego-actividade-industrial-e-servizos-publicos-de-calidade-optando-polo-proxecto-do-bng-o-12x\/\" \/>\n<meta property=\"og:locale\" content=\"gl_ES\" \/>\n<meta property=\"og:type\" content=\"article\" \/>\n<meta property=\"og:title\" content=\"Pont\u00f3n prop\u00f3n \u201ciluminar\u201d Vigo con emprego, actividade industrial e servizos p\u00fablicos de calidade optando polo proxecto do BNG o 12X -\" \/>\n<meta property=\"og:description\" content=\"O cambio galego \u00e9 posible cunha mobilizaci\u00f3n masiva das persoas desconformes cunha Galiza que vai a menos, e pide reverter esta situaci\u00f3n nas urnas [...]\" \/>\n<meta property=\"og:url\" content=\"https:\/\/www.anovapeneira.gal\/index.php\/2020\/06\/15\/ponton-propon-iluminar-vigo-con-emprego-actividade-industrial-e-servizos-publicos-de-calidade-optando-polo-proxecto-do-bng-o-12x\/\" \/>\n<meta property=\"article:publisher\" content=\"https:\/\/www.facebook.com\/anovapeneira\" \/>\n<meta property=\"article:published_time\" content=\"2020-06-15T12:00:26+00:00\" \/>\n<meta property=\"og:image\" content=\"https:\/\/www.anovapeneira.gal\/wp-content\/uploads\/2020\/06\/candidatura_BNG_Vigo_a_nova_peneira.jpg\" \/>\n\t<meta property=\"og:image:width\" content=\"740\" \/>\n\t<meta property=\"og:image:height\" content=\"432\" \/>\n\t<meta property=\"og:image:type\" content=\"image\/jpeg\" \/>\n<meta name=\"author\" content=\"Redacci\u00f3n A Nova Peneira\" \/>\n<meta name=\"twitter:card\" content=\"summary_large_image\" \/>\n<meta name=\"twitter:creator\" content=\"@APeneira\" \/>\n<meta name=\"twitter:site\" content=\"@APeneira\" \/>\n<meta name=\"twitter:label1\" content=\"Escrito por\" \/>\n\t<meta name=\"twitter:data1\" content=\"Redacci\u00f3n A Nova Peneira\" \/>\n\t<meta name=\"twitter:label2\" content=\"Tempo de lectura\" \/>\n\t<meta name=\"twitter:data2\" content=\"4 minutos\" \/>\n<script type=\"application\/ld+json\" class=\"yoast-schema-graph\">{\"@context\":\"https:\\\/\\\/schema.org\",\"@graph\":[{\"@type\":\"Article\",\"@id\":\"https:\\\/\\\/www.anovapeneira.gal\\\/index.php\\\/2020\\\/06\\\/15\\\/ponton-propon-iluminar-vigo-con-emprego-actividade-industrial-e-servizos-publicos-de-calidade-optando-polo-proxecto-do-bng-o-12x\\\/#article\",\"isPartOf\":{\"@id\":\"https:\\\/\\\/www.anovapeneira.gal\\\/index.php\\\/2020\\\/06\\\/15\\\/ponton-propon-iluminar-vigo-con-emprego-actividade-industrial-e-servizos-publicos-de-calidade-optando-polo-proxecto-do-bng-o-12x\\\/\"},\"author\":{\"name\":\"Redacci\u00f3n A Nova Peneira\",\"@id\":\"https:\\\/\\\/www.anovapeneira.gal\\\/#\\\/schema\\\/person\\\/b93e3f8932e3f8da96334607eb6ac6aa\"},\"headline\":\"Pont\u00f3n prop\u00f3n \u201ciluminar\u201d Vigo con emprego, actividade industrial e servizos p\u00fablicos de calidade optando polo proxecto do BNG o 12X\",\"datePublished\":\"2020-06-15T12:00:26+00:00\",\"mainEntityOfPage\":{\"@id\":\"https:\\\/\\\/www.anovapeneira.gal\\\/index.php\\\/2020\\\/06\\\/15\\\/ponton-propon-iluminar-vigo-con-emprego-actividade-industrial-e-servizos-publicos-de-calidade-optando-polo-proxecto-do-bng-o-12x\\\/\"},\"wordCount\":887,\"commentCount\":0,\"publisher\":{\"@id\":\"https:\\\/\\\/www.anovapeneira.gal\\\/#organization\"},\"image\":{\"@id\":\"https:\\\/\\\/www.anovapeneira.gal\\\/index.php\\\/2020\\\/06\\\/15\\\/ponton-propon-iluminar-vigo-con-emprego-actividade-industrial-e-servizos-publicos-de-calidade-optando-polo-proxecto-do-bng-o-12x\\\/#primaryimage\"},\"thumbnailUrl\":\"https:\\\/\\\/www.anovapeneira.gal\\\/wp-content\\\/uploads\\\/2020\\\/06\\\/candidatura_BNG_Vigo_a_nova_peneira.jpg\",\"keywords\":[\"12X\",\"BNG\",\"Concello de Vigo\",\"Pontevedra\",\"Xunta de Galicia\"],\"articleSection\":[\"Novas\"],\"inLanguage\":\"gl-ES\",\"potentialAction\":[{\"@type\":\"CommentAction\",\"name\":\"Comment\",\"target\":[\"https:\\\/\\\/www.anovapeneira.gal\\\/index.php\\\/2020\\\/06\\\/15\\\/ponton-propon-iluminar-vigo-con-emprego-actividade-industrial-e-servizos-publicos-de-calidade-optando-polo-proxecto-do-bng-o-12x\\\/#respond\"]}]},{\"@type\":\"WebPage\",\"@id\":\"https:\\\/\\\/www.anovapeneira.gal\\\/index.php\\\/2020\\\/06\\\/15\\\/ponton-propon-iluminar-vigo-con-emprego-actividade-industrial-e-servizos-publicos-de-calidade-optando-polo-proxecto-do-bng-o-12x\\\/\",\"url\":\"https:\\\/\\\/www.anovapeneira.gal\\\/index.php\\\/2020\\\/06\\\/15\\\/ponton-propon-iluminar-vigo-con-emprego-actividade-industrial-e-servizos-publicos-de-calidade-optando-polo-proxecto-do-bng-o-12x\\\/\",\"name\":\"Pont\u00f3n prop\u00f3n \u201ciluminar\u201d Vigo con emprego, actividade industrial e servizos p\u00fablicos de calidade optando polo proxecto do BNG o 12X -\",\"isPartOf\":{\"@id\":\"https:\\\/\\\/www.anovapeneira.gal\\\/#website\"},\"primaryImageOfPage\":{\"@id\":\"https:\\\/\\\/www.anovapeneira.gal\\\/index.php\\\/2020\\\/06\\\/15\\\/ponton-propon-iluminar-vigo-con-emprego-actividade-industrial-e-servizos-publicos-de-calidade-optando-polo-proxecto-do-bng-o-12x\\\/#primaryimage\"},\"image\":{\"@id\":\"https:\\\/\\\/www.anovapeneira.gal\\\/index.php\\\/2020\\\/06\\\/15\\\/ponton-propon-iluminar-vigo-con-emprego-actividade-industrial-e-servizos-publicos-de-calidade-optando-polo-proxecto-do-bng-o-12x\\\/#primaryimage\"},\"thumbnailUrl\":\"https:\\\/\\\/www.anovapeneira.gal\\\/wp-content\\\/uploads\\\/2020\\\/06\\\/candidatura_BNG_Vigo_a_nova_peneira.jpg\",\"datePublished\":\"2020-06-15T12:00:26+00:00\",\"breadcrumb\":{\"@id\":\"https:\\\/\\\/www.anovapeneira.gal\\\/index.php\\\/2020\\\/06\\\/15\\\/ponton-propon-iluminar-vigo-con-emprego-actividade-industrial-e-servizos-publicos-de-calidade-optando-polo-proxecto-do-bng-o-12x\\\/#breadcrumb\"},\"inLanguage\":\"gl-ES\",\"potentialAction\":[{\"@type\":\"ReadAction\",\"target\":[\"https:\\\/\\\/www.anovapeneira.gal\\\/index.php\\\/2020\\\/06\\\/15\\\/ponton-propon-iluminar-vigo-con-emprego-actividade-industrial-e-servizos-publicos-de-calidade-optando-polo-proxecto-do-bng-o-12x\\\/\"]}]},{\"@type\":\"ImageObject\",\"inLanguage\":\"gl-ES\",\"@id\":\"https:\\\/\\\/www.anovapeneira.gal\\\/index.php\\\/2020\\\/06\\\/15\\\/ponton-propon-iluminar-vigo-con-emprego-actividade-industrial-e-servizos-publicos-de-calidade-optando-polo-proxecto-do-bng-o-12x\\\/#primaryimage\",\"url\":\"https:\\\/\\\/www.anovapeneira.gal\\\/wp-content\\\/uploads\\\/2020\\\/06\\\/candidatura_BNG_Vigo_a_nova_peneira.jpg\",\"contentUrl\":\"https:\\\/\\\/www.anovapeneira.gal\\\/wp-content\\\/uploads\\\/2020\\\/06\\\/candidatura_BNG_Vigo_a_nova_peneira.jpg\",\"width\":740,\"height\":432,\"caption\":\"Candidatura BNG Vigo A Nova Peneira\"},{\"@type\":\"BreadcrumbList\",\"@id\":\"https:\\\/\\\/www.anovapeneira.gal\\\/index.php\\\/2020\\\/06\\\/15\\\/ponton-propon-iluminar-vigo-con-emprego-actividade-industrial-e-servizos-publicos-de-calidade-optando-polo-proxecto-do-bng-o-12x\\\/#breadcrumb\",\"itemListElement\":[{\"@type\":\"ListItem\",\"position\":1,\"name\":\"Portada\",\"item\":\"https:\\\/\\\/www.anovapeneira.gal\\\/\"},{\"@type\":\"ListItem\",\"position\":2,\"name\":\"Pont\u00f3n prop\u00f3n \u201ciluminar\u201d Vigo con emprego, actividade industrial e servizos p\u00fablicos de calidade optando polo proxecto do BNG o 12X\"}]},{\"@type\":\"WebSite\",\"@id\":\"https:\\\/\\\/www.anovapeneira.gal\\\/#website\",\"url\":\"https:\\\/\\\/www.anovapeneira.gal\\\/\",\"name\":\"\",\"description\":\"Xornal galego de informaci\u00f3n xeral Publicaci\u00f3n mensual de novas de Galicia e en especial dos Concellos da sur da provincia de Pontevedra.\",\"publisher\":{\"@id\":\"https:\\\/\\\/www.anovapeneira.gal\\\/#organization\"},\"potentialAction\":[{\"@type\":\"SearchAction\",\"target\":{\"@type\":\"EntryPoint\",\"urlTemplate\":\"https:\\\/\\\/www.anovapeneira.gal\\\/?s={search_term_string}\"},\"query-input\":{\"@type\":\"PropertyValueSpecification\",\"valueRequired\":true,\"valueName\":\"search_term_string\"}}],\"inLanguage\":\"gl-ES\"},{\"@type\":\"Organization\",\"@id\":\"https:\\\/\\\/www.anovapeneira.gal\\\/#organization\",\"name\":\"A Nova Peneira\",\"url\":\"https:\\\/\\\/www.anovapeneira.gal\\\/\",\"logo\":{\"@type\":\"ImageObject\",\"inLanguage\":\"gl-ES\",\"@id\":\"https:\\\/\\\/www.anovapeneira.gal\\\/#\\\/schema\\\/logo\\\/image\\\/\",\"url\":\"http:\\\/\\\/www.anovapeneira.gal\\\/wp-content\\\/uploads\\\/2019\\\/06\\\/logo_a_nova_peneira_portal_web.png\",\"contentUrl\":\"http:\\\/\\\/www.anovapeneira.gal\\\/wp-content\\\/uploads\\\/2019\\\/06\\\/logo_a_nova_peneira_portal_web.png\",\"width\":300,\"height\":100,\"caption\":\"A Nova Peneira\"},\"image\":{\"@id\":\"https:\\\/\\\/www.anovapeneira.gal\\\/#\\\/schema\\\/logo\\\/image\\\/\"},\"sameAs\":[\"https:\\\/\\\/www.facebook.com\\\/anovapeneira\",\"https:\\\/\\\/x.com\\\/APeneira\"]},{\"@type\":\"Person\",\"@id\":\"https:\\\/\\\/www.anovapeneira.gal\\\/#\\\/schema\\\/person\\\/b93e3f8932e3f8da96334607eb6ac6aa\",\"name\":\"Redacci\u00f3n A Nova Peneira\",\"image\":{\"@type\":\"ImageObject\",\"inLanguage\":\"gl-ES\",\"@id\":\"https:\\\/\\\/secure.gravatar.com\\\/avatar\\\/c052a2551a06e23fac63626232eaa90abd78dbcf1700fc46a2b2c89fd27b735f?s=96&d=mm&r=g\",\"url\":\"https:\\\/\\\/secure.gravatar.com\\\/avatar\\\/c052a2551a06e23fac63626232eaa90abd78dbcf1700fc46a2b2c89fd27b735f?s=96&d=mm&r=g\",\"contentUrl\":\"https:\\\/\\\/secure.gravatar.com\\\/avatar\\\/c052a2551a06e23fac63626232eaa90abd78dbcf1700fc46a2b2c89fd27b735f?s=96&d=mm&r=g\",\"caption\":\"Redacci\u00f3n A Nova Peneira\"},\"sameAs\":[\"http:\\\/\\\/www.anovapeneira.gal\\\/\"],\"url\":\"https:\\\/\\\/www.anovapeneira.gal\\\/index.php\\\/author\\\/redactor\\\/\"}]}<\/script>\n<!-- \/ Yoast SEO plugin. -->","yoast_head_json":{"title":"Pont\u00f3n prop\u00f3n \u201ciluminar\u201d Vigo con emprego, actividade industrial e servizos p\u00fablicos de calidade optando polo proxecto do BNG o 12X -","robots":{"index":"index","follow":"follow","max-snippet":"max-snippet:-1","max-image-preview":"max-image-preview:large","max-video-preview":"max-video-preview:-1"},"canonical":"https:\/\/www.anovapeneira.gal\/index.php\/2020\/06\/15\/ponton-propon-iluminar-vigo-con-emprego-actividade-industrial-e-servizos-publicos-de-calidade-optando-polo-proxecto-do-bng-o-12x\/","og_locale":"gl_ES","og_type":"article","og_title":"Pont\u00f3n prop\u00f3n \u201ciluminar\u201d Vigo con emprego, actividade industrial e servizos p\u00fablicos de calidade optando polo proxecto do BNG o 12X -","og_description":"O cambio galego \u00e9 posible cunha mobilizaci\u00f3n masiva das persoas desconformes cunha Galiza que vai a menos, e pide reverter esta situaci\u00f3n nas urnas [...]","og_url":"https:\/\/www.anovapeneira.gal\/index.php\/2020\/06\/15\/ponton-propon-iluminar-vigo-con-emprego-actividade-industrial-e-servizos-publicos-de-calidade-optando-polo-proxecto-do-bng-o-12x\/","article_publisher":"https:\/\/www.facebook.com\/anovapeneira","article_published_time":"2020-06-15T12:00:26+00:00","og_image":[{"width":740,"height":432,"url":"https:\/\/www.anovapeneira.gal\/wp-content\/uploads\/2020\/06\/candidatura_BNG_Vigo_a_nova_peneira.jpg","type":"image\/jpeg"}],"author":"Redacci\u00f3n A Nova Peneira","twitter_card":"summary_large_image","twitter_creator":"@APeneira","twitter_site":"@APeneira","twitter_misc":{"Escrito por":"Redacci\u00f3n A Nova Peneira","Tempo de lectura":"4 minutos"},"schema":{"@context":"https:\/\/schema.org","@graph":[{"@type":"Article","@id":"https:\/\/www.anovapeneira.gal\/index.php\/2020\/06\/15\/ponton-propon-iluminar-vigo-con-emprego-actividade-industrial-e-servizos-publicos-de-calidade-optando-polo-proxecto-do-bng-o-12x\/#article","isPartOf":{"@id":"https:\/\/www.anovapeneira.gal\/index.php\/2020\/06\/15\/ponton-propon-iluminar-vigo-con-emprego-actividade-industrial-e-servizos-publicos-de-calidade-optando-polo-proxecto-do-bng-o-12x\/"},"author":{"name":"Redacci\u00f3n A Nova Peneira","@id":"https:\/\/www.anovapeneira.gal\/#\/schema\/person\/b93e3f8932e3f8da96334607eb6ac6aa"},"headline":"Pont\u00f3n prop\u00f3n \u201ciluminar\u201d Vigo con emprego, actividade industrial e servizos p\u00fablicos de calidade optando polo proxecto do BNG o 12X","datePublished":"2020-06-15T12:00:26+00:00","mainEntityOfPage":{"@id":"https:\/\/www.anovapeneira.gal\/index.php\/2020\/06\/15\/ponton-propon-iluminar-vigo-con-emprego-actividade-industrial-e-servizos-publicos-de-calidade-optando-polo-proxecto-do-bng-o-12x\/"},"wordCount":887,"commentCount":0,"publisher":{"@id":"https:\/\/www.anovapeneira.gal\/#organization"},"image":{"@id":"https:\/\/www.anovapeneira.gal\/index.php\/2020\/06\/15\/ponton-propon-iluminar-vigo-con-emprego-actividade-industrial-e-servizos-publicos-de-calidade-optando-polo-proxecto-do-bng-o-12x\/#primaryimage"},"thumbnailUrl":"https:\/\/www.anovapeneira.gal\/wp-content\/uploads\/2020\/06\/candidatura_BNG_Vigo_a_nova_peneira.jpg","keywords":["12X","BNG","Concello de Vigo","Pontevedra","Xunta de Galicia"],"articleSection":["Novas"],"inLanguage":"gl-ES","potentialAction":[{"@type":"CommentAction","name":"Comment","target":["https:\/\/www.anovapeneira.gal\/index.php\/2020\/06\/15\/ponton-propon-iluminar-vigo-con-emprego-actividade-industrial-e-servizos-publicos-de-calidade-optando-polo-proxecto-do-bng-o-12x\/#respond"]}]},{"@type":"WebPage","@id":"https:\/\/www.anovapeneira.gal\/index.php\/2020\/06\/15\/ponton-propon-iluminar-vigo-con-emprego-actividade-industrial-e-servizos-publicos-de-calidade-optando-polo-proxecto-do-bng-o-12x\/","url":"https:\/\/www.anovapeneira.gal\/index.php\/2020\/06\/15\/ponton-propon-iluminar-vigo-con-emprego-actividade-industrial-e-servizos-publicos-de-calidade-optando-polo-proxecto-do-bng-o-12x\/","name":"Pont\u00f3n prop\u00f3n \u201ciluminar\u201d Vigo con emprego, actividade industrial e servizos p\u00fablicos de calidade optando polo proxecto do BNG o 12X -","isPartOf":{"@id":"https:\/\/www.anovapeneira.gal\/#website"},"primaryImageOfPage":{"@id":"https:\/\/www.anovapeneira.gal\/index.php\/2020\/06\/15\/ponton-propon-iluminar-vigo-con-emprego-actividade-industrial-e-servizos-publicos-de-calidade-optando-polo-proxecto-do-bng-o-12x\/#primaryimage"},"image":{"@id":"https:\/\/www.anovapeneira.gal\/index.php\/2020\/06\/15\/ponton-propon-iluminar-vigo-con-emprego-actividade-industrial-e-servizos-publicos-de-calidade-optando-polo-proxecto-do-bng-o-12x\/#primaryimage"},"thumbnailUrl":"https:\/\/www.anovapeneira.gal\/wp-content\/uploads\/2020\/06\/candidatura_BNG_Vigo_a_nova_peneira.jpg","datePublished":"2020-06-15T12:00:26+00:00","breadcrumb":{"@id":"https:\/\/www.anovapeneira.gal\/index.php\/2020\/06\/15\/ponton-propon-iluminar-vigo-con-emprego-actividade-industrial-e-servizos-publicos-de-calidade-optando-polo-proxecto-do-bng-o-12x\/#breadcrumb"},"inLanguage":"gl-ES","potentialAction":[{"@type":"ReadAction","target":["https:\/\/www.anovapeneira.gal\/index.php\/2020\/06\/15\/ponton-propon-iluminar-vigo-con-emprego-actividade-industrial-e-servizos-publicos-de-calidade-optando-polo-proxecto-do-bng-o-12x\/"]}]},{"@type":"ImageObject","inLanguage":"gl-ES","@id":"https:\/\/www.anovapeneira.gal\/index.php\/2020\/06\/15\/ponton-propon-iluminar-vigo-con-emprego-actividade-industrial-e-servizos-publicos-de-calidade-optando-polo-proxecto-do-bng-o-12x\/#primaryimage","url":"https:\/\/www.anovapeneira.gal\/wp-content\/uploads\/2020\/06\/candidatura_BNG_Vigo_a_nova_peneira.jpg","contentUrl":"https:\/\/www.anovapeneira.gal\/wp-content\/uploads\/2020\/06\/candidatura_BNG_Vigo_a_nova_peneira.jpg","width":740,"height":432,"caption":"Candidatura BNG Vigo A Nova Peneira"},{"@type":"BreadcrumbList","@id":"https:\/\/www.anovapeneira.gal\/index.php\/2020\/06\/15\/ponton-propon-iluminar-vigo-con-emprego-actividade-industrial-e-servizos-publicos-de-calidade-optando-polo-proxecto-do-bng-o-12x\/#breadcrumb","itemListElement":[{"@type":"ListItem","position":1,"name":"Portada","item":"https:\/\/www.anovapeneira.gal\/"},{"@type":"ListItem","position":2,"name":"Pont\u00f3n prop\u00f3n \u201ciluminar\u201d Vigo con emprego, actividade industrial e servizos p\u00fablicos de calidade optando polo proxecto do BNG o 12X"}]},{"@type":"WebSite","@id":"https:\/\/www.anovapeneira.gal\/#website","url":"https:\/\/www.anovapeneira.gal\/","name":"","description":"Xornal galego de informaci\u00f3n xeral Publicaci\u00f3n mensual de novas de Galicia e en especial dos Concellos da sur da provincia de Pontevedra.","publisher":{"@id":"https:\/\/www.anovapeneira.gal\/#organization"},"potentialAction":[{"@type":"SearchAction","target":{"@type":"EntryPoint","urlTemplate":"https:\/\/www.anovapeneira.gal\/?s={search_term_string}"},"query-input":{"@type":"PropertyValueSpecification","valueRequired":true,"valueName":"search_term_string"}}],"inLanguage":"gl-ES"},{"@type":"Organization","@id":"https:\/\/www.anovapeneira.gal\/#organization","name":"A Nova Peneira","url":"https:\/\/www.anovapeneira.gal\/","logo":{"@type":"ImageObject","inLanguage":"gl-ES","@id":"https:\/\/www.anovapeneira.gal\/#\/schema\/logo\/image\/","url":"http:\/\/www.anovapeneira.gal\/wp-content\/uploads\/2019\/06\/logo_a_nova_peneira_portal_web.png","contentUrl":"http:\/\/www.anovapeneira.gal\/wp-content\/uploads\/2019\/06\/logo_a_nova_peneira_portal_web.png","width":300,"height":100,"caption":"A Nova Peneira"},"image":{"@id":"https:\/\/www.anovapeneira.gal\/#\/schema\/logo\/image\/"},"sameAs":["https:\/\/www.facebook.com\/anovapeneira","https:\/\/x.com\/APeneira"]},{"@type":"Person","@id":"https:\/\/www.anovapeneira.gal\/#\/schema\/person\/b93e3f8932e3f8da96334607eb6ac6aa","name":"Redacci\u00f3n A Nova Peneira","image":{"@type":"ImageObject","inLanguage":"gl-ES","@id":"https:\/\/secure.gravatar.com\/avatar\/c052a2551a06e23fac63626232eaa90abd78dbcf1700fc46a2b2c89fd27b735f?s=96&d=mm&r=g","url":"https:\/\/secure.gravatar.com\/avatar\/c052a2551a06e23fac63626232eaa90abd78dbcf1700fc46a2b2c89fd27b735f?s=96&d=mm&r=g","contentUrl":"https:\/\/secure.gravatar.com\/avatar\/c052a2551a06e23fac63626232eaa90abd78dbcf1700fc46a2b2c89fd27b735f?s=96&d=mm&r=g","caption":"Redacci\u00f3n A Nova Peneira"},"sameAs":["http:\/\/www.anovapeneira.gal\/"],"url":"https:\/\/www.anovapeneira.gal\/index.php\/author\/redactor\/"}]}},"jetpack_featured_media_url":"https:\/\/www.anovapeneira.gal\/wp-content\/uploads\/2020\/06\/candidatura_BNG_Vigo_a_nova_peneira.jpg","_links":{"self":[{"href":"https:\/\/www.anovapeneira.gal\/index.php\/wp-json\/wp\/v2\/posts\/3315","targetHints":{"allow":["GET"]}}],"collection":[{"href":"https:\/\/www.anovapeneira.gal\/index.php\/wp-json\/wp\/v2\/posts"}],"about":[{"href":"https:\/\/www.anovapeneira.gal\/index.php\/wp-json\/wp\/v2\/types\/post"}],"author":[{"embeddable":true,"href":"https:\/\/www.anovapeneira.gal\/index.php\/wp-json\/wp\/v2\/users\/3"}],"replies":[{"embeddable":true,"href":"https:\/\/www.anovapeneira.gal\/index.php\/wp-json\/wp\/v2\/comments?post=3315"}],"version-history":[{"count":2,"href":"https:\/\/www.anovapeneira.gal\/index.php\/wp-json\/wp\/v2\/posts\/3315\/revisions"}],"predecessor-version":[{"id":3318,"href":"https:\/\/www.anovapeneira.gal\/index.php\/wp-json\/wp\/v2\/posts\/3315\/revisions\/3318"}],"wp:featuredmedia":[{"embeddable":true,"href":"https:\/\/www.anovapeneira.gal\/index.php\/wp-json\/wp\/v2\/media\/3317"}],"wp:attachment":[{"href":"https:\/\/www.anovapeneira.gal\/index.php\/wp-json\/wp\/v2\/media?parent=3315"}],"wp:term":[{"taxonomy":"category","embeddable":true,"href":"https:\/\/www.anovapeneira.gal\/index.php\/wp-json\/wp\/v2\/categories?post=3315"},{"taxonomy":"post_tag","embeddable":true,"href":"https:\/\/www.anovapeneira.gal\/index.php\/wp-json\/wp\/v2\/tags?post=3315"}],"curies":[{"name":"wp","href":"https:\/\/api.w.org\/{rel}","templated":true}]}}