{"id":3322,"date":"2020-06-17T10:00:33","date_gmt":"2020-06-17T08:00:33","guid":{"rendered":"http:\/\/www.anovapeneira.gal\/?p=3322"},"modified":"2020-06-14T08:10:27","modified_gmt":"2020-06-14T06:10:27","slug":"beto-luaces-escritor-vigues","status":"publish","type":"post","link":"https:\/\/www.anovapeneira.gal\/index.php\/2020\/06\/17\/beto-luaces-escritor-vigues\/","title":{"rendered":"Beto Luaces, escritor vigu\u00e9s"},"content":{"rendered":"\n<p><strong>Beto Luaces \u00e9 un escritor vigu\u00e9s nacido en Uruguai , fillo da emigraci\u00f3n, cunha moi estreita relaci\u00f3n coa Serra do Su\u00eddo, a terra do seu pai. El \u00e9 autor dunha exitosa serie de novela negra: VICUS, que de momento produciu dous libros de enorme \u00e9xito ; \u201cUn Lugar do Com\u00fan\u201d xa pola terceira edici\u00f3n, e \u201cUn Lugar Aquelado\u201d xa pola segunda edici\u00f3n. A piques de tirar ao mercado a terceira novela da serie, conversamos con el.<\/strong><\/p>\n\n\n\n<p>\u201c<strong>ESTOU ENORMEMENTE AGRADECIDO POLA GRAN ACOLLIDA QUE EST\u00c1N A TER AS MI\u00d1AS NOVELAS\u201d<\/strong><\/p>\n\n\n\n<p><strong>De onde es ti Beto?<\/strong><\/p>\n\n\n\n<blockquote class=\"wp-block-quote is-layout-flow wp-block-quote-is-layout-flow\"><p>Eu nac\u00edn en Uruguai, son fillo de emigrantes. A mi\u00f1a nai \u00e9 de Nar\u00f3n e o meu pai de Covelo. Estiven vivindo en Montevideo ata os nove anos<\/p><\/blockquote>\n\n\n\n<p><strong>Tes recordos daquela \u00e9poca?<\/strong><\/p>\n\n\n\n<blockquote class=\"wp-block-quote is-layout-flow wp-block-quote-is-layout-flow\"><p>Si, a\u00ednda que xa hai 40 anos que vin, e nunca tiven ocasi\u00f3n de volver, te\u00f1o moitos recordos da mi\u00f1a infancia en Montevideo, de feito a\u00ednda conservo un amigo al\u00ed<\/p><\/blockquote>\n\n\n\n<p><strong>Cando volvestes xa foi a Vigo?<\/strong><\/p>\n\n\n\n<blockquote class=\"wp-block-quote is-layout-flow wp-block-quote-is-layout-flow\"><p>Non, inicialmente estivemos na serra do Suido, na aldea de Campo que \u00e9 a zona na que naceu o meu pai<\/p><\/blockquote>\n\n\n\n<p><strong>Que estudaches?<\/strong><\/p>\n\n\n\n<blockquote class=\"wp-block-quote is-layout-flow wp-block-quote-is-layout-flow\"><p>Eu filolox\u00eda galega, pero non rematei a carreira. No \u00faltimo ano preparei unhas oposici\u00f3ns a administraci\u00f3n de xustiza, aprobeinas, e desde ent\u00f3n xa comecei a mi\u00f1a vida laboral<\/p><\/blockquote>\n\n\n\n<p><strong>Bff agora o caos xudicial supo\u00f1o que nestas circunstancias debe de ser considerable?<\/strong><\/p>\n\n\n\n<blockquote class=\"wp-block-quote is-layout-flow wp-block-quote-is-layout-flow\"><p>Si, abof\u00e9 que \u00e1 administraci\u00f3n de xustiza t\u00f3canlle tempos de colapso.<\/p><\/blockquote>\n\n\n\n<p><strong>Por que filolox\u00eda galega?<\/strong><\/p>\n\n\n\n<blockquote class=\"wp-block-quote is-layout-flow wp-block-quote-is-layout-flow\"><p>Para min, pasar de vivir en Montevideo a facelo na serra do Su\u00eddo supuxo un cambio enormemente relevante. De s\u00fapeto descubr\u00edn que exist\u00eda outro idioma, outra cultura, case poder\u00eda dicir que outro mundo e que eu proced\u00eda del, que era esa idiosincrasia a que contribu\u00edra a formar o meu lugar no mundo. E claro, case como consecuencia o meu interese pola filolox\u00eda galega veu s\u00f3.<\/p><\/blockquote>\n\n\n\n<p><strong>E quedou a carreira sen rematar, pero non a vocaci\u00f3n pola literatura?<\/strong><\/p>\n\n\n\n<blockquote class=\"wp-block-quote is-layout-flow wp-block-quote-is-layout-flow\"><p>Efectivamente, foi as\u00ed. Malia que reco\u00f1ezo que durante uns anos tiven unha pequena crise de lectura da que fun rescatado pola novela negra.<\/p><\/blockquote>\n\n\n\n<p><strong>Como xurdiu a idea de VICUS?<\/strong><\/p>\n\n\n\n<blockquote class=\"wp-block-quote is-layout-flow wp-block-quote-is-layout-flow\"><p>De maneira espont\u00e1nea. Nunca escribira nada ag\u00e1s alg\u00fan poema solto, e de s\u00fapeto pois veume a historia \u00e1 mente e lanceime.<\/p><\/blockquote>\n\n\n\n<p><strong>Non debeu de ser f\u00e1cil?<\/strong><\/p>\n\n\n\n<blockquote class=\"wp-block-quote is-layout-flow wp-block-quote-is-layout-flow\"><p>Non, a verdade \u00e9 que non. Confeso que a primeira vez non sab\u00eda moi ben onde me met\u00eda e costoume. De feito tardei cerca de catro anos en rematala.<\/p><\/blockquote>\n\n\n\n<p><strong>Xa ti\u00f1as idea de escribir unha trilox\u00eda?<\/strong><\/p>\n\n\n\n<blockquote class=\"wp-block-quote is-layout-flow wp-block-quote-is-layout-flow\"><p>Non, inicialmente ti\u00f1a a idea de escribir unha historia.<\/p><\/blockquote>\n\n\n\n<p><strong>C\u00f3ntanos as caracter\u00edsticas do primeiro libro \u201cUN LUGAR DO COM\u00daN\u201d?<\/strong><\/p>\n\n\n\n<blockquote class=\"wp-block-quote is-layout-flow wp-block-quote-is-layout-flow\"><p>\u00c9 unha novela negra cl\u00e1sica, que trata de amosar a cara m\u00e1is escura da emigraci\u00f3n, f\u00f3ra das visi\u00f3ns idealizadoras.<\/p><\/blockquote>\n\n\n\n<p><strong>Alg\u00fan autor que che influ\u00edra?<\/strong><\/p>\n\n\n\n<blockquote class=\"wp-block-quote is-layout-flow wp-block-quote-is-layout-flow\"><p>O novelista sueco Stieg Larson. E esta primeira obra recibe tam\u00e9n a influencia do Viaxe ao Pa\u00eds dos Ananos de Celso Emilio Ferreiro.<\/p><\/blockquote>\n\n\n\n<p><strong>Como valoras a repercusi\u00f3n da primeira novela da serie?<\/strong><\/p>\n\n\n\n<blockquote class=\"wp-block-quote is-layout-flow wp-block-quote-is-layout-flow\"><p>Para min foi unha sorpresa enormemente agradable. A repercusi\u00f3n foi moi positiva, ata o punto de que na biblioteca Juan Compa\u00f1el foi o libro m\u00e1is prestado no 2018 e o segundo no 2019<strong>.<\/strong> E agora mesmo a editorial ven de tirar a terceira edici\u00f3n. A verdade eu estou moi satisfeito da acollida das lectoras e lectores.<\/p><\/blockquote>\n\n\n\n<p><strong>A magn\u00edfica resposta foi o que che decidiu a escribir a segunda novela da serie?<\/strong><\/p>\n\n\n\n<blockquote class=\"wp-block-quote is-layout-flow wp-block-quote-is-layout-flow\"><p>Non, a verdade \u00e9 que cando rematei o primeiro libro deixei o final un tanto aberto, e xa estaba decidido a escribir o segundo. A historia xurdiu moi r\u00e1pido. Mudei ao protagonista, no primeiro libro \u00e9 un arquitecto, que segue nos seguintes cun importante papel secundario, e no seguinte \u00e9 un detective.<\/p><\/blockquote>\n\n\n\n<p><strong>A segunda novela tit\u00falase \u201cUN LUGAR AQUELADO\u201d, os espazos nos que se desenvolve a trama son os mesmos c\u00f3s de \u201cUN LUGAR DO COM\u00daN\u201d?<\/strong><\/p>\n\n\n\n<blockquote class=\"wp-block-quote is-layout-flow wp-block-quote-is-layout-flow\"><p>En toda a serie os espazos principais son Vigo e a serra do Su\u00eddo. Logo poden aparecer ,de feito as\u00ed \u00e9, espazos secundarios ,pero os principais son eses dous.<\/p><\/blockquote>\n\n\n\n<p><strong>A segunda novela da serie naceu o ano pasado. Que acollida tivo?<\/strong><\/p>\n\n\n\n<blockquote class=\"wp-block-quote is-layout-flow wp-block-quote-is-layout-flow\"><p>Tam\u00e9n moi boa, de feito est\u00e1 xa na segunda edici\u00f3n.<\/p><\/blockquote>\n\n\n\n<p><strong>Na primeira obra, falamos da parte m\u00e1is escura da emigraci\u00f3n ,e na segunda?<\/strong><\/p>\n\n\n\n<blockquote class=\"wp-block-quote is-layout-flow wp-block-quote-is-layout-flow\"><p>\u00c9 unha historia acerca das sagas conserveiras de Vigo.<\/p><\/blockquote>\n\n\n\n<p><strong>E est\u00e1s en pleno proceso creativo da terceira novela da serie?<\/strong><\/p>\n\n\n\n<blockquote class=\"wp-block-quote is-layout-flow wp-block-quote-is-layout-flow\"><p>Pois si, cando rematei a segunda novela, xa ti\u00f1a pensada unha historia para darlle continuidade, e actualmente xa a te\u00f1o acabada. Estou na fase de correcci\u00f3n.<\/p><\/blockquote>\n\n\n\n<p><strong>Podemos saber o t\u00edtulo?<\/strong><\/p>\n\n\n\n<blockquote class=\"wp-block-quote is-layout-flow wp-block-quote-is-layout-flow\"><p>A\u00ednda non.<\/p><\/blockquote>\n\n\n\n<p><strong>Vicus remata co terceiro libro?<\/strong><\/p>\n\n\n\n<blockquote class=\"wp-block-quote is-layout-flow wp-block-quote-is-layout-flow\"><p>Creo que non, penso que como m\u00ednimo haber\u00e1 tetralox\u00eda.<\/p><\/blockquote>\n\n\n\n<p><strong>P\u00f3dese vivir da Literatura?<\/strong><\/p>\n\n\n\n<blockquote class=\"wp-block-quote is-layout-flow wp-block-quote-is-layout-flow\"><p>Non, de ning\u00fan modo. Supo\u00f1o que haber\u00e1 quen si poida, pero a pr\u00e1ctica totalidade de escritores e escritoras non podemos.<\/p><\/blockquote>\n\n\n\n<p><strong>Tiveches alg\u00fan tipo de apoio de algunha administraci\u00f3n?<\/strong><\/p>\n\n\n\n<blockquote class=\"wp-block-quote is-layout-flow wp-block-quote-is-layout-flow\"><p>Non, non tiven ning\u00fan tipo de axuda, nunca.<\/p><\/blockquote>\n\n\n\n<p><strong>Tes pensado alg\u00fan outro tipo de libro fora de Vicus?<\/strong><\/p>\n\n\n\n<blockquote class=\"wp-block-quote is-layout-flow wp-block-quote-is-layout-flow\"><p>De momento non \u00e9 posible, pois estou moi centrado na serie, pero no futuro non o descarto.<\/p><\/blockquote>\n\n\n\n<p><strong>As xeraci\u00f3ns m\u00e1is novas non soen achegarse moito ao mundo dos libros, como se poder\u00eda solucionar ?<\/strong><\/p>\n\n\n\n<blockquote class=\"wp-block-quote is-layout-flow wp-block-quote-is-layout-flow\"><p>\u00c9 moi complicado, xa me gustar\u00eda a min ter a resposta, pero non \u00e9 nada f\u00e1cil. O que se me ocorre \u00e9 que as lecturas que sexan obrigatorias no ensino te\u00f1en que estar moi ben seleccionadas para que sexa adecuadas \u00e1 idade dos nenos e das nenas e exista a posibilidade de que se enganchen, e ler sexa algo agradable para eles.<\/p><\/blockquote>\n\n\n\n<p><strong>O libro en papel desaparecer\u00e1?<\/strong><\/p>\n\n\n\n<blockquote class=\"wp-block-quote is-layout-flow wp-block-quote-is-layout-flow\"><p>Hai uns anos era m\u00e1is pesimista, agora penso que non, que o libro en papel vai aguantar.<\/p><\/blockquote>\n\n\n\n<p><strong>Rematamos Beto, quixera co\u00f1ecer a t\u00faa opini\u00f3n sobre a finalidade da arte en xeral e da creaci\u00f3n literaria en particular. Es dos que pensas que a arte debe de ter unha finalidade meramente est\u00e9tica, ou dos que opinas que non se pode desvincular do contexto social no que se insire?<\/strong><\/p>\n\n\n\n<blockquote class=\"wp-block-quote is-layout-flow wp-block-quote-is-layout-flow\"><p>Te\u00f1o unha visi\u00f3n un tanto ecl\u00e9ctica. Considero que arte debe de estar como calquera forma de expresi\u00f3n conectada co mundo do que forma parte, o significante sen significado a min non me chama. Outra cousa \u00e9 facer dun produto cultural un mero panfleto.<\/p><\/blockquote>\n","protected":false},"excerpt":{"rendered":"<div class=\"mh-excerpt\"><p>Beto Luaces \u00e9 un escritor vigu\u00e9s nacido en Uruguai , fillo da emigraci\u00f3n, cunha moi estreita relaci\u00f3n coa Serra do Su\u00eddo, a terra do seu pai. El \u00e9 autor dunha exitosa serie de novela negra: VICUS, que de momento produciu dous libros de enorme \u00e9xito ; \u201cUn Lugar do Com\u00fan\u201d xa pola terceira edici\u00f3n, e \u201cUn Lugar Aquelado\u201d xa pola segunda edici\u00f3n. A piques de tirar ao mercado a terceira novela da serie, conversamos con el <a class=\"mh-excerpt-more\" href=\"https:\/\/www.anovapeneira.gal\/index.php\/2020\/06\/17\/beto-luaces-escritor-vigues\/\" title=\"Beto Luaces, escritor vigu\u00e9s\">[&#8230;]<\/a><\/p>\n<\/div>","protected":false},"author":2,"featured_media":3324,"comment_status":"open","ping_status":"open","sticky":false,"template":"","format":"standard","meta":{"_exactmetrics_skip_tracking":false,"_exactmetrics_sitenote_active":false,"_exactmetrics_sitenote_note":"","_exactmetrics_sitenote_category":0,"footnotes":""},"categories":[272],"tags":[289,227],"class_list":{"0":"post-3322","1":"post","2":"type-post","3":"status-publish","4":"format-standard","5":"has-post-thumbnail","7":"category-vigo-entrevistas","8":"tag-beto-luaces","9":"tag-concello-de-vigo"},"yoast_head":"<!-- This site is optimized with the Yoast SEO plugin v27.4 - https:\/\/yoast.com\/product\/yoast-seo-wordpress\/ -->\n<title>Beto Luaces, escritor vigu\u00e9s -<\/title>\n<meta name=\"robots\" content=\"index, follow, max-snippet:-1, max-image-preview:large, max-video-preview:-1\" \/>\n<link rel=\"canonical\" href=\"https:\/\/www.anovapeneira.gal\/index.php\/2020\/06\/17\/beto-luaces-escritor-vigues\/\" \/>\n<meta property=\"og:locale\" content=\"gl_ES\" \/>\n<meta property=\"og:type\" content=\"article\" \/>\n<meta property=\"og:title\" content=\"Beto Luaces, escritor vigu\u00e9s -\" \/>\n<meta property=\"og:description\" content=\"Beto Luaces \u00e9 un escritor vigu\u00e9s nacido en Uruguai , fillo da emigraci\u00f3n, cunha moi estreita relaci\u00f3n coa Serra do Su\u00eddo, a terra do seu pai. El \u00e9 autor dunha exitosa serie de novela negra: VICUS, que de momento produciu dous libros de enorme \u00e9xito ; \u201cUn Lugar do Com\u00fan\u201d xa pola terceira edici\u00f3n, e \u201cUn Lugar Aquelado\u201d xa pola segunda edici\u00f3n. A piques de tirar ao mercado a terceira novela da serie, conversamos con el [...]\" \/>\n<meta property=\"og:url\" content=\"https:\/\/www.anovapeneira.gal\/index.php\/2020\/06\/17\/beto-luaces-escritor-vigues\/\" \/>\n<meta property=\"article:publisher\" content=\"https:\/\/www.facebook.com\/anovapeneira\" \/>\n<meta property=\"article:published_time\" content=\"2020-06-17T08:00:33+00:00\" \/>\n<meta property=\"og:image\" content=\"https:\/\/www.anovapeneira.gal\/wp-content\/uploads\/2020\/06\/beto_luaces_a_nova_peneira.jpg\" \/>\n\t<meta property=\"og:image:width\" content=\"720\" \/>\n\t<meta property=\"og:image:height\" content=\"432\" \/>\n\t<meta property=\"og:image:type\" content=\"image\/jpeg\" \/>\n<meta name=\"author\" content=\"Tino Lago\" \/>\n<meta name=\"twitter:card\" content=\"summary_large_image\" \/>\n<meta name=\"twitter:creator\" content=\"@APeneira\" \/>\n<meta name=\"twitter:site\" content=\"@APeneira\" \/>\n<meta name=\"twitter:label1\" content=\"Escrito por\" \/>\n\t<meta name=\"twitter:data1\" content=\"Tino Lago\" \/>\n\t<meta name=\"twitter:label2\" content=\"Tempo de lectura\" \/>\n\t<meta name=\"twitter:data2\" content=\"6 minutos\" \/>\n<script type=\"application\/ld+json\" class=\"yoast-schema-graph\">{\"@context\":\"https:\\\/\\\/schema.org\",\"@graph\":[{\"@type\":\"Article\",\"@id\":\"https:\\\/\\\/www.anovapeneira.gal\\\/index.php\\\/2020\\\/06\\\/17\\\/beto-luaces-escritor-vigues\\\/#article\",\"isPartOf\":{\"@id\":\"https:\\\/\\\/www.anovapeneira.gal\\\/index.php\\\/2020\\\/06\\\/17\\\/beto-luaces-escritor-vigues\\\/\"},\"author\":{\"name\":\"Tino Lago\",\"@id\":\"https:\\\/\\\/www.anovapeneira.gal\\\/#\\\/schema\\\/person\\\/424dfe65e3070fd8a44d22d2c088762a\"},\"headline\":\"Beto Luaces, escritor vigu\u00e9s\",\"datePublished\":\"2020-06-17T08:00:33+00:00\",\"mainEntityOfPage\":{\"@id\":\"https:\\\/\\\/www.anovapeneira.gal\\\/index.php\\\/2020\\\/06\\\/17\\\/beto-luaces-escritor-vigues\\\/\"},\"wordCount\":1107,\"commentCount\":0,\"publisher\":{\"@id\":\"https:\\\/\\\/www.anovapeneira.gal\\\/#organization\"},\"image\":{\"@id\":\"https:\\\/\\\/www.anovapeneira.gal\\\/index.php\\\/2020\\\/06\\\/17\\\/beto-luaces-escritor-vigues\\\/#primaryimage\"},\"thumbnailUrl\":\"https:\\\/\\\/www.anovapeneira.gal\\\/wp-content\\\/uploads\\\/2020\\\/06\\\/beto_luaces_a_nova_peneira.jpg\",\"keywords\":[\"Beto Luaces\",\"Concello de Vigo\"],\"articleSection\":[\"Vigo\"],\"inLanguage\":\"gl-ES\",\"potentialAction\":[{\"@type\":\"CommentAction\",\"name\":\"Comment\",\"target\":[\"https:\\\/\\\/www.anovapeneira.gal\\\/index.php\\\/2020\\\/06\\\/17\\\/beto-luaces-escritor-vigues\\\/#respond\"]}]},{\"@type\":\"WebPage\",\"@id\":\"https:\\\/\\\/www.anovapeneira.gal\\\/index.php\\\/2020\\\/06\\\/17\\\/beto-luaces-escritor-vigues\\\/\",\"url\":\"https:\\\/\\\/www.anovapeneira.gal\\\/index.php\\\/2020\\\/06\\\/17\\\/beto-luaces-escritor-vigues\\\/\",\"name\":\"Beto Luaces, escritor vigu\u00e9s -\",\"isPartOf\":{\"@id\":\"https:\\\/\\\/www.anovapeneira.gal\\\/#website\"},\"primaryImageOfPage\":{\"@id\":\"https:\\\/\\\/www.anovapeneira.gal\\\/index.php\\\/2020\\\/06\\\/17\\\/beto-luaces-escritor-vigues\\\/#primaryimage\"},\"image\":{\"@id\":\"https:\\\/\\\/www.anovapeneira.gal\\\/index.php\\\/2020\\\/06\\\/17\\\/beto-luaces-escritor-vigues\\\/#primaryimage\"},\"thumbnailUrl\":\"https:\\\/\\\/www.anovapeneira.gal\\\/wp-content\\\/uploads\\\/2020\\\/06\\\/beto_luaces_a_nova_peneira.jpg\",\"datePublished\":\"2020-06-17T08:00:33+00:00\",\"breadcrumb\":{\"@id\":\"https:\\\/\\\/www.anovapeneira.gal\\\/index.php\\\/2020\\\/06\\\/17\\\/beto-luaces-escritor-vigues\\\/#breadcrumb\"},\"inLanguage\":\"gl-ES\",\"potentialAction\":[{\"@type\":\"ReadAction\",\"target\":[\"https:\\\/\\\/www.anovapeneira.gal\\\/index.php\\\/2020\\\/06\\\/17\\\/beto-luaces-escritor-vigues\\\/\"]}]},{\"@type\":\"ImageObject\",\"inLanguage\":\"gl-ES\",\"@id\":\"https:\\\/\\\/www.anovapeneira.gal\\\/index.php\\\/2020\\\/06\\\/17\\\/beto-luaces-escritor-vigues\\\/#primaryimage\",\"url\":\"https:\\\/\\\/www.anovapeneira.gal\\\/wp-content\\\/uploads\\\/2020\\\/06\\\/beto_luaces_a_nova_peneira.jpg\",\"contentUrl\":\"https:\\\/\\\/www.anovapeneira.gal\\\/wp-content\\\/uploads\\\/2020\\\/06\\\/beto_luaces_a_nova_peneira.jpg\",\"width\":720,\"height\":432,\"caption\":\"beto Luaces A Nova Peneira\"},{\"@type\":\"BreadcrumbList\",\"@id\":\"https:\\\/\\\/www.anovapeneira.gal\\\/index.php\\\/2020\\\/06\\\/17\\\/beto-luaces-escritor-vigues\\\/#breadcrumb\",\"itemListElement\":[{\"@type\":\"ListItem\",\"position\":1,\"name\":\"Portada\",\"item\":\"https:\\\/\\\/www.anovapeneira.gal\\\/\"},{\"@type\":\"ListItem\",\"position\":2,\"name\":\"Beto Luaces, escritor vigu\u00e9s\"}]},{\"@type\":\"WebSite\",\"@id\":\"https:\\\/\\\/www.anovapeneira.gal\\\/#website\",\"url\":\"https:\\\/\\\/www.anovapeneira.gal\\\/\",\"name\":\"\",\"description\":\"Xornal galego de informaci\u00f3n xeral Publicaci\u00f3n mensual de novas de Galicia e en especial dos Concellos da sur da provincia de Pontevedra.\",\"publisher\":{\"@id\":\"https:\\\/\\\/www.anovapeneira.gal\\\/#organization\"},\"potentialAction\":[{\"@type\":\"SearchAction\",\"target\":{\"@type\":\"EntryPoint\",\"urlTemplate\":\"https:\\\/\\\/www.anovapeneira.gal\\\/?s={search_term_string}\"},\"query-input\":{\"@type\":\"PropertyValueSpecification\",\"valueRequired\":true,\"valueName\":\"search_term_string\"}}],\"inLanguage\":\"gl-ES\"},{\"@type\":\"Organization\",\"@id\":\"https:\\\/\\\/www.anovapeneira.gal\\\/#organization\",\"name\":\"A Nova Peneira\",\"url\":\"https:\\\/\\\/www.anovapeneira.gal\\\/\",\"logo\":{\"@type\":\"ImageObject\",\"inLanguage\":\"gl-ES\",\"@id\":\"https:\\\/\\\/www.anovapeneira.gal\\\/#\\\/schema\\\/logo\\\/image\\\/\",\"url\":\"http:\\\/\\\/www.anovapeneira.gal\\\/wp-content\\\/uploads\\\/2019\\\/06\\\/logo_a_nova_peneira_portal_web.png\",\"contentUrl\":\"http:\\\/\\\/www.anovapeneira.gal\\\/wp-content\\\/uploads\\\/2019\\\/06\\\/logo_a_nova_peneira_portal_web.png\",\"width\":300,\"height\":100,\"caption\":\"A Nova Peneira\"},\"image\":{\"@id\":\"https:\\\/\\\/www.anovapeneira.gal\\\/#\\\/schema\\\/logo\\\/image\\\/\"},\"sameAs\":[\"https:\\\/\\\/www.facebook.com\\\/anovapeneira\",\"https:\\\/\\\/x.com\\\/APeneira\"]},{\"@type\":\"Person\",\"@id\":\"https:\\\/\\\/www.anovapeneira.gal\\\/#\\\/schema\\\/person\\\/424dfe65e3070fd8a44d22d2c088762a\",\"name\":\"Tino Lago\",\"image\":{\"@type\":\"ImageObject\",\"inLanguage\":\"gl-ES\",\"@id\":\"https:\\\/\\\/secure.gravatar.com\\\/avatar\\\/b3df6a06e44bab3111583b90f0f33a0379ee5e3d22cbadd232d39f21c30c62be?s=96&d=mm&r=g\",\"url\":\"https:\\\/\\\/secure.gravatar.com\\\/avatar\\\/b3df6a06e44bab3111583b90f0f33a0379ee5e3d22cbadd232d39f21c30c62be?s=96&d=mm&r=g\",\"contentUrl\":\"https:\\\/\\\/secure.gravatar.com\\\/avatar\\\/b3df6a06e44bab3111583b90f0f33a0379ee5e3d22cbadd232d39f21c30c62be?s=96&d=mm&r=g\",\"caption\":\"Tino Lago\"},\"sameAs\":[\"http:\\\/\\\/www.anovapeneira.gal\"],\"url\":\"https:\\\/\\\/www.anovapeneira.gal\\\/index.php\\\/author\\\/director\\\/\"}]}<\/script>\n<!-- \/ Yoast SEO plugin. -->","yoast_head_json":{"title":"Beto Luaces, escritor vigu\u00e9s -","robots":{"index":"index","follow":"follow","max-snippet":"max-snippet:-1","max-image-preview":"max-image-preview:large","max-video-preview":"max-video-preview:-1"},"canonical":"https:\/\/www.anovapeneira.gal\/index.php\/2020\/06\/17\/beto-luaces-escritor-vigues\/","og_locale":"gl_ES","og_type":"article","og_title":"Beto Luaces, escritor vigu\u00e9s -","og_description":"Beto Luaces \u00e9 un escritor vigu\u00e9s nacido en Uruguai , fillo da emigraci\u00f3n, cunha moi estreita relaci\u00f3n coa Serra do Su\u00eddo, a terra do seu pai. El \u00e9 autor dunha exitosa serie de novela negra: VICUS, que de momento produciu dous libros de enorme \u00e9xito ; \u201cUn Lugar do Com\u00fan\u201d xa pola terceira edici\u00f3n, e \u201cUn Lugar Aquelado\u201d xa pola segunda edici\u00f3n. A piques de tirar ao mercado a terceira novela da serie, conversamos con el [...]","og_url":"https:\/\/www.anovapeneira.gal\/index.php\/2020\/06\/17\/beto-luaces-escritor-vigues\/","article_publisher":"https:\/\/www.facebook.com\/anovapeneira","article_published_time":"2020-06-17T08:00:33+00:00","og_image":[{"width":720,"height":432,"url":"https:\/\/www.anovapeneira.gal\/wp-content\/uploads\/2020\/06\/beto_luaces_a_nova_peneira.jpg","type":"image\/jpeg"}],"author":"Tino Lago","twitter_card":"summary_large_image","twitter_creator":"@APeneira","twitter_site":"@APeneira","twitter_misc":{"Escrito por":"Tino Lago","Tempo de lectura":"6 minutos"},"schema":{"@context":"https:\/\/schema.org","@graph":[{"@type":"Article","@id":"https:\/\/www.anovapeneira.gal\/index.php\/2020\/06\/17\/beto-luaces-escritor-vigues\/#article","isPartOf":{"@id":"https:\/\/www.anovapeneira.gal\/index.php\/2020\/06\/17\/beto-luaces-escritor-vigues\/"},"author":{"name":"Tino Lago","@id":"https:\/\/www.anovapeneira.gal\/#\/schema\/person\/424dfe65e3070fd8a44d22d2c088762a"},"headline":"Beto Luaces, escritor vigu\u00e9s","datePublished":"2020-06-17T08:00:33+00:00","mainEntityOfPage":{"@id":"https:\/\/www.anovapeneira.gal\/index.php\/2020\/06\/17\/beto-luaces-escritor-vigues\/"},"wordCount":1107,"commentCount":0,"publisher":{"@id":"https:\/\/www.anovapeneira.gal\/#organization"},"image":{"@id":"https:\/\/www.anovapeneira.gal\/index.php\/2020\/06\/17\/beto-luaces-escritor-vigues\/#primaryimage"},"thumbnailUrl":"https:\/\/www.anovapeneira.gal\/wp-content\/uploads\/2020\/06\/beto_luaces_a_nova_peneira.jpg","keywords":["Beto Luaces","Concello de Vigo"],"articleSection":["Vigo"],"inLanguage":"gl-ES","potentialAction":[{"@type":"CommentAction","name":"Comment","target":["https:\/\/www.anovapeneira.gal\/index.php\/2020\/06\/17\/beto-luaces-escritor-vigues\/#respond"]}]},{"@type":"WebPage","@id":"https:\/\/www.anovapeneira.gal\/index.php\/2020\/06\/17\/beto-luaces-escritor-vigues\/","url":"https:\/\/www.anovapeneira.gal\/index.php\/2020\/06\/17\/beto-luaces-escritor-vigues\/","name":"Beto Luaces, escritor vigu\u00e9s -","isPartOf":{"@id":"https:\/\/www.anovapeneira.gal\/#website"},"primaryImageOfPage":{"@id":"https:\/\/www.anovapeneira.gal\/index.php\/2020\/06\/17\/beto-luaces-escritor-vigues\/#primaryimage"},"image":{"@id":"https:\/\/www.anovapeneira.gal\/index.php\/2020\/06\/17\/beto-luaces-escritor-vigues\/#primaryimage"},"thumbnailUrl":"https:\/\/www.anovapeneira.gal\/wp-content\/uploads\/2020\/06\/beto_luaces_a_nova_peneira.jpg","datePublished":"2020-06-17T08:00:33+00:00","breadcrumb":{"@id":"https:\/\/www.anovapeneira.gal\/index.php\/2020\/06\/17\/beto-luaces-escritor-vigues\/#breadcrumb"},"inLanguage":"gl-ES","potentialAction":[{"@type":"ReadAction","target":["https:\/\/www.anovapeneira.gal\/index.php\/2020\/06\/17\/beto-luaces-escritor-vigues\/"]}]},{"@type":"ImageObject","inLanguage":"gl-ES","@id":"https:\/\/www.anovapeneira.gal\/index.php\/2020\/06\/17\/beto-luaces-escritor-vigues\/#primaryimage","url":"https:\/\/www.anovapeneira.gal\/wp-content\/uploads\/2020\/06\/beto_luaces_a_nova_peneira.jpg","contentUrl":"https:\/\/www.anovapeneira.gal\/wp-content\/uploads\/2020\/06\/beto_luaces_a_nova_peneira.jpg","width":720,"height":432,"caption":"beto Luaces A Nova Peneira"},{"@type":"BreadcrumbList","@id":"https:\/\/www.anovapeneira.gal\/index.php\/2020\/06\/17\/beto-luaces-escritor-vigues\/#breadcrumb","itemListElement":[{"@type":"ListItem","position":1,"name":"Portada","item":"https:\/\/www.anovapeneira.gal\/"},{"@type":"ListItem","position":2,"name":"Beto Luaces, escritor vigu\u00e9s"}]},{"@type":"WebSite","@id":"https:\/\/www.anovapeneira.gal\/#website","url":"https:\/\/www.anovapeneira.gal\/","name":"","description":"Xornal galego de informaci\u00f3n xeral Publicaci\u00f3n mensual de novas de Galicia e en especial dos Concellos da sur da provincia de Pontevedra.","publisher":{"@id":"https:\/\/www.anovapeneira.gal\/#organization"},"potentialAction":[{"@type":"SearchAction","target":{"@type":"EntryPoint","urlTemplate":"https:\/\/www.anovapeneira.gal\/?s={search_term_string}"},"query-input":{"@type":"PropertyValueSpecification","valueRequired":true,"valueName":"search_term_string"}}],"inLanguage":"gl-ES"},{"@type":"Organization","@id":"https:\/\/www.anovapeneira.gal\/#organization","name":"A Nova Peneira","url":"https:\/\/www.anovapeneira.gal\/","logo":{"@type":"ImageObject","inLanguage":"gl-ES","@id":"https:\/\/www.anovapeneira.gal\/#\/schema\/logo\/image\/","url":"http:\/\/www.anovapeneira.gal\/wp-content\/uploads\/2019\/06\/logo_a_nova_peneira_portal_web.png","contentUrl":"http:\/\/www.anovapeneira.gal\/wp-content\/uploads\/2019\/06\/logo_a_nova_peneira_portal_web.png","width":300,"height":100,"caption":"A Nova Peneira"},"image":{"@id":"https:\/\/www.anovapeneira.gal\/#\/schema\/logo\/image\/"},"sameAs":["https:\/\/www.facebook.com\/anovapeneira","https:\/\/x.com\/APeneira"]},{"@type":"Person","@id":"https:\/\/www.anovapeneira.gal\/#\/schema\/person\/424dfe65e3070fd8a44d22d2c088762a","name":"Tino Lago","image":{"@type":"ImageObject","inLanguage":"gl-ES","@id":"https:\/\/secure.gravatar.com\/avatar\/b3df6a06e44bab3111583b90f0f33a0379ee5e3d22cbadd232d39f21c30c62be?s=96&d=mm&r=g","url":"https:\/\/secure.gravatar.com\/avatar\/b3df6a06e44bab3111583b90f0f33a0379ee5e3d22cbadd232d39f21c30c62be?s=96&d=mm&r=g","contentUrl":"https:\/\/secure.gravatar.com\/avatar\/b3df6a06e44bab3111583b90f0f33a0379ee5e3d22cbadd232d39f21c30c62be?s=96&d=mm&r=g","caption":"Tino Lago"},"sameAs":["http:\/\/www.anovapeneira.gal"],"url":"https:\/\/www.anovapeneira.gal\/index.php\/author\/director\/"}]}},"jetpack_featured_media_url":"https:\/\/www.anovapeneira.gal\/wp-content\/uploads\/2020\/06\/beto_luaces_a_nova_peneira.jpg","_links":{"self":[{"href":"https:\/\/www.anovapeneira.gal\/index.php\/wp-json\/wp\/v2\/posts\/3322","targetHints":{"allow":["GET"]}}],"collection":[{"href":"https:\/\/www.anovapeneira.gal\/index.php\/wp-json\/wp\/v2\/posts"}],"about":[{"href":"https:\/\/www.anovapeneira.gal\/index.php\/wp-json\/wp\/v2\/types\/post"}],"author":[{"embeddable":true,"href":"https:\/\/www.anovapeneira.gal\/index.php\/wp-json\/wp\/v2\/users\/2"}],"replies":[{"embeddable":true,"href":"https:\/\/www.anovapeneira.gal\/index.php\/wp-json\/wp\/v2\/comments?post=3322"}],"version-history":[{"count":3,"href":"https:\/\/www.anovapeneira.gal\/index.php\/wp-json\/wp\/v2\/posts\/3322\/revisions"}],"predecessor-version":[{"id":3326,"href":"https:\/\/www.anovapeneira.gal\/index.php\/wp-json\/wp\/v2\/posts\/3322\/revisions\/3326"}],"wp:featuredmedia":[{"embeddable":true,"href":"https:\/\/www.anovapeneira.gal\/index.php\/wp-json\/wp\/v2\/media\/3324"}],"wp:attachment":[{"href":"https:\/\/www.anovapeneira.gal\/index.php\/wp-json\/wp\/v2\/media?parent=3322"}],"wp:term":[{"taxonomy":"category","embeddable":true,"href":"https:\/\/www.anovapeneira.gal\/index.php\/wp-json\/wp\/v2\/categories?post=3322"},{"taxonomy":"post_tag","embeddable":true,"href":"https:\/\/www.anovapeneira.gal\/index.php\/wp-json\/wp\/v2\/tags?post=3322"}],"curies":[{"name":"wp","href":"https:\/\/api.w.org\/{rel}","templated":true}]}}