{"id":3331,"date":"2020-06-16T12:00:15","date_gmt":"2020-06-16T10:00:15","guid":{"rendered":"http:\/\/www.anovapeneira.gal\/?p=3331"},"modified":"2020-06-14T08:26:51","modified_gmt":"2020-06-14T06:26:51","slug":"decimo-octavo-fragmento-do-diario-de-senlua-arraiana","status":"publish","type":"post","link":"https:\/\/www.anovapeneira.gal\/index.php\/2020\/06\/16\/decimo-octavo-fragmento-do-diario-de-senlua-arraiana\/","title":{"rendered":"D\u00e9cimo octavo fragmento do diario de Senl\u00faa Arraiana"},"content":{"rendered":"\n<h2 class=\"wp-block-heading\"><strong>IPSO FACTO<\/strong><\/h2>\n\n\n\n<figure class=\"wp-block-image size-large is-resized is-style-default\"><img loading=\"lazy\" decoding=\"async\" src=\"http:\/\/www.anovapeneira.gal\/wp-content\/uploads\/2019\/07\/cristobal_a_nova_peneira.jpg\" alt=\"Crist\u00f3bal L\u00f3pez A Nova Peneira\" class=\"wp-image-555\" width=\"95\" height=\"111\"\/><figcaption>Crist\u00f3bal L\u00f3pez Pazo | Comuneiro dos montes de Tameiga, militante de anticapitalistas, ecoloxista en acci\u00f3n e veci\u00f1o constitu\u00ednte da asemblea veci\u00f1al ga\u00f1aM\u00f3s<\/figcaption><\/figure>\n\n\n\n<div class=\"wp-block-columns is-layout-flex wp-container-core-columns-is-layout-9d6595d7 wp-block-columns-is-layout-flex\">\n<div class=\"wp-block-column is-layout-flow wp-block-column-is-layout-flow\">\n<figure class=\"wp-block-image size-large is-style-default\"><img loading=\"lazy\" decoding=\"async\" width=\"700\" height=\"816\" src=\"http:\/\/www.anovapeneira.gal\/wp-content\/uploads\/2019\/08\/senlua_arraiana_2135.jpg\" alt=\"\" class=\"wp-image-877\" srcset=\"https:\/\/www.anovapeneira.gal\/wp-content\/uploads\/2019\/08\/senlua_arraiana_2135.jpg 700w, https:\/\/www.anovapeneira.gal\/wp-content\/uploads\/2019\/08\/senlua_arraiana_2135-257x300.jpg 257w\" sizes=\"auto, (max-width: 700px) 100vw, 700px\" \/><\/figure>\n<\/div>\n\n\n\n<div class=\"wp-block-column is-layout-flow wp-block-column-is-layout-flow\">\n<p><strong><em>Este d\u00e9cimo octavo fragmento do diario de Senl\u00faa Arraiana foi recuperado e adiantado ao noso tempo por Noitepedralonga, fiel camarada do av\u00f3 da futura l\u00edder da resistencia arraiana<\/em><\/strong><\/p>\n<\/div>\n<\/div>\n\n\n\n<p>A\u00ednda non saira o primer raio de sol e Gataparda xa estaba axit\u00e1ndome inmisericorde para que me erguera. &#8211; Ipso la facto- mentinlle buscando ragu\u00f1ar uns minutos m\u00e1is de so\u00f1o. Vano intento, Gataparda abriu a fiestra de para en par e tirou bruscamente da mi\u00f1a manta deix\u00e1ndome espida para que o frescor matinal actuara como resorte. Capitulei sen remisi\u00f3n e rezongando incorporeime para alcanzar a mi\u00f1a roupa para abrigarme non sen antes obsequiar a mi\u00f1a amiga cunha mirada furibunda de aversi\u00f3n.\u00a0<\/p>\n\n\n\n<p>&nbsp;Baixamos ao comedor onde xa estaban dando conta do seu almorzo os cinco integrantes da nosa escolta. Manti\u00f1an unha conversa moi animada ante a expectativas dunha expedici\u00f3n que promet\u00eda aventuras ou alomenos uns d\u00edas lonxe do f\u00e9rreo mando de Prusiana. Apurei o meu almorzo, escuseime no medio do seu alborozo e levanteime da mesa encamin\u00e1ndome hacia a sa\u00edda. Apenas me restaban dous pasos da cancela cando escoitei a voz de Gataparda avis\u00e1ndome de que ti\u00f1a unha hora como m\u00e1ximo, que non me retrasar\u00e1. Antes de sair alcei a vista ao ceo implorando un respiro. -Siiii-,&nbsp; contesteille e deixeina al\u00ed revisando por en\u00e9sima vez os pertrechos para a viaxe. Nada m\u00e1is pisar a r\u00faa apurei o paso en direcci\u00f3n ao Mercado Central, non quer\u00eda arriscarme a chegar tarde \u00e1 partida da caravana e que logo Gataparda me atormentara o resto do d\u00eda. Uns minutos m\u00e1is tarde entraba na praza maior onde se atopaba o mercado central. Desde esa mesma praza partir\u00eda a nosa caravana en menos dunha hora e xa estaban os trapeiros cargando as s\u00faas monturas cos seus fardos de mercanc\u00edas. Crucei a praza sen determe a saudar pero contenta de as monturas foran cabalos e mulas e non uns malditos e insolentes xorobados.&nbsp;<\/p>\n\n\n\n<p>No mercado busquei sen sorte a Puxeiros Roxo por todos os lados. Sorprendeume a s\u00faa ausencia, non era a primeira vez que me achegaba at\u00e9 o mercado a estas horas para conversar con el. Non ti\u00f1a tempo para facer indagaci\u00f3ns as\u00ed que optei por deixarlle unha nota sobre a bancada do seu tenderete.&nbsp;<\/p>\n\n\n\n<p>-Partimos Gataparda m\u00e1is eu. Expedici\u00f3n aos Penedos da Moo. Caravana de trapeiros. Indicios de que Hocus Pocus est\u00e1 viva nun poboado desa rexi\u00f3n.- Se Puxeiros Roxo chegaba a ler a mi\u00f1a nota agardo poidera desculpar a mi\u00f1a escritura telegr\u00e1fica.&nbsp;<\/p>\n\n\n\n<p>Unhas 90 persoas e 150 bestas conform\u00e1bamos a caravana. Aparte do clan dos trapeiros s\u00f3 \u00edamos n\u00f3s e un pequeno grupo do que non co\u00f1ec\u00edamos nada e que se unira \u00e1 expedici\u00f3n esta mesma ma\u00f1\u00e1. Suced\u00e9ronse os d\u00edas, o ritmo non era alto pero est\u00e1bamos en marcha desde que empezaba a clarexar o d\u00eda at\u00e9 que a escuridade non nos permit\u00eda manternos no cami\u00f1o. S\u00f3 cando o sol estaba no m\u00e1is alto os trapeiros se permit\u00edan un breve descanso para xantar. Pronto deixamos atr\u00e1s o verxel das g\u00e1ndaras que formaban os remansos do r\u00edo do Norte e adentr\u00e1monos nun interminable p\u00e1ramo yermo apenas salpicado de raqu\u00edticas herbas. O paraxe era tan ind\u00f3mito que resultaba intimidador. A decimo cuarta noite despertounos unha algarab\u00eda tumultuosa entre o clan dos trapeiros. O grupo de desco\u00f1ecidos desaparecera da faz da terra non sen antes darlle un bo pellizco aos v\u00edveres. No medio do alboroto non fumos capaces de entender o alcance do sucedido. Non lle dimos maior importancia e volvimos a acostarnos buscando reposo para os nosos extenuados corpos. A ma\u00f1\u00e1 seguinte non foi necesario indagar sobre o ocurrido, a\u00ednda est\u00e1bamos desperez\u00e1ndonos cando se presentaron ante n\u00f3s os xerifaltes do clan. Non era doado entenderlles pero entre todas fumos cazando as palabras com\u00fans entre a s\u00faa xerizonga de trapeiros. Os fuxidos apenas robaron v\u00edveres, pero antes de desaparecer a emprenderan a coitelazos cos odres de auga.&nbsp;<\/p>\n\n\n\n<p>-Farfolla, farfolla- repet\u00edan como un salmo o resto dos trapeiros que formaban a comitiva.&nbsp;<\/p>\n\n\n\n<p>Metade con palabras, metade con signos fumos comprendendo as consecuencias da sabotaxe. Os trapeiros ti\u00f1an que modificar a s\u00faa ruta cara o nornoroeste na procura de auga. Non deixaban de repetir a palabra &#8220;farfolla&#8221; unha e outra vez, insistindo en que estar\u00edamos en grave perigo se continuabamos continuabamos soas o cami\u00f1o cara o nordeste. Indic\u00e1moslle que necesit\u00e1bamos uns minutos para deliberar e apart\u00e1monos formando un corro cos membros da nosa escolta. Brincadeira, a m\u00e1is nova e vivaracha da escolta, lembraba escoitar a s\u00faa avoa chamarlle farfollas aos embustes dos timadores. Non fixo falta verbalizalo, todas entend\u00ecamos ao perigo que nos expo\u00f1\u00edamos ao seguir soas de ser certo o que supon\u00edamos, que todo era unha manobra para separarnos do grupo e tendernos unha emboscada nalgures.&nbsp;<\/p>\n\n\n\n<p>&#8211; Imos tomar a decisi\u00f3n entre todas-, e dito isto apremieinas a compartir a s\u00faa opini\u00f3n. Foi in\u00fatil, aferr\u00e1ronse ao seu adestramento militar e ao instante se cadraron detr\u00e1s do seu brigada, quen non defraudou o esp\u00edritu marcial do momento. -Ser\u00e1 un pracer morrer loitando baixo o voso mando- d\u00ednoslo cunha mirada penetrante e nun tono que non albergaban d\u00fabidas do seu ofrecemento a continuar a misi\u00f3n, pero a s\u00faa rotunda negativa a participar nunha decisi\u00f3n que corresponde ao mando.&nbsp;<\/p>\n\n\n\n<p>Cun imperceptible suspiro acompa\u00f1ei a mi\u00f1a constata cien de que para mudar as cousas \u00eda ser necesario algo m\u00e1is que o meu voluntarismo. Xireime cara Gataparda na procura de algo de sensatez, pero atopeima devolvendo o sa\u00fado militar enardecida polo que acababa de escoitar. -Non se diga nada m\u00e1i- sentenciei lucindo o meu mellor sorriso, pero deixeinas coas ga\u00f1as de verme corresponderlles ao s\u00faa marcialidade marcando o pu\u00f1o. Cancelar a misi\u00f3n e regresar non era unha opci\u00f3n despois da demostraci\u00f3n de ardor b\u00e9lico.&nbsp;<\/p>\n\n\n\n<p>O certo era que cambiando a nosa ruta para manternos ao socaire da caravana de trapeiros perder\u00edamos case unha semana e igualmente correriamos o mesmo perigo unha vez que os nosos cami\u00f1os se separaran.&nbsp;<\/p>\n\n\n\n<p>Non ti\u00f1a d\u00fabidas de que \u00edamos ser atacadas, nin tampouco da pericia militar das mi\u00f1as compa\u00f1eiras para sa\u00edr airosas dunha encerrona, pero eramos tan poucas que calquera enemigo se crecer\u00eda ante un n\u00famero tan pouco intimidatorio. S\u00f3 era cuesti\u00f3n de tempo saber onde e cando nos estar\u00edan agardando.&nbsp;<\/p>\n\n\n\n<p>Continuamos a nosa ruta sen cruzar m\u00e1is palabras, aguzando o o\u00eddo ante cualquier chasquido e pedentes como panoptes do noso entorno. Adoptamos as medidas de manual, \u00edamos en tres grupos separados pola m\u00e1xima distancia que alcanzaba a vista e todas as noites ao acampar cav\u00e1bamos trincheiras e improvis\u00e1bamos sacos t\u00e9rreos cos odres que \u00edan quedando baleiros.&nbsp;<\/p>\n\n\n\n<p>Ao d\u00e9cimo octavo de marcha sobreviu o ataque cando a noite era m\u00e1is escura e silenciosa. A primeira en decatarse foi Gataparda, comezo a darlle p\u00e1bulo ao runr\u00fan sobre os seus poderes sobrenaturais.&nbsp;<\/p>\n\n\n\n<p>Agardamos at\u00e9 estiveran preto para realizar a nosa primeira descarga. Estaban tan confiados na s\u00faa superioridade num\u00e9rica que acheg\u00e1banse en tropel sen guarnecer os flancos. &#8211; Cinconta e tres. S\u00f3 dous armas autom\u00e1ticas lixeiras. Treinta portan fusiles e o resto armas brancas- detallounos con precisi\u00f3n Gataparda mentres eu forzaba a vista para discernir algo que non foran sombras.&nbsp;<\/p>\n\n\n\n<p>Cando estaban a menos de cen pasos Gataparda deu a orden de abrir fogo. Como predixo a nosa Atenea a horda apurou o paso intentando acortar a distancia antes de que recargasemos as nosas armas. Pronto decat\u00e1ronse do seu erro, en apenas uns segundos os seus corpos foron o destino da nosa segunda descarga moito m\u00e1is pechada e numerosa. A\u00ednda seguiron avanzando uns pasos m\u00e1is at\u00e9 que a terceira descarga aclaroulles, aos que a\u00ednda estaban con vida, que eramos bastantes m\u00e1is dos que pensaban e que ademais cont\u00e1bamos con armas autom\u00e1ticas. A horda enmudeceu, o seu anterior griter\u00edo envalentonado polo o seu maior n\u00famero deu paso a unha silenciosa desbandada. Gataparda encabezou un pelot\u00f3n perseguendo aos enemigos fuxidos e rematando aos ca\u00eddos. Eu non quer\u00eda volver a participar na caza ao home pero non me opusen a acci\u00f3n. Non era necesario ser unha consumada mestre no arte da guerra para saber que si deix\u00e1bamos reagruparse ao enemigo, este a\u00ednda contar\u00eda con forzas suficientes para atacarnos de novo e desta volta ser\u00edan moito m\u00e1is precavidos. Busquei a Puxeiros Roxo quen tam\u00e9n se quedar\u00e1 na nosa posici\u00f3n sen participar na truculenta acci\u00f3n. Abraceime a \u00e9l como se fora o meu finado pai. Desde que nos deran alcance a pasada noite non tiveramos tempo de cruzar m\u00e1is cun sa\u00fado polas presas para p\u00f3r en pr\u00e1ctica o ardid de Gataparda. O Roxo coa s\u00faa decena de milicianos ben pertrechados se manti\u00f1an a distancia de d\u00eda e logo se un\u00edan a noso campamento na pechada da noite. Providencial a s\u00faa chegada, non houbo que agardar moito para p\u00f3r en pr\u00e1ctica a exitosa treta.&nbsp;<\/p>\n\n\n\n<p>Cando regresou Gataparda, unha mirada aos xestos de admiraci\u00f3n do pelot\u00f3n que a acompa\u00f1ar\u00e1 me sobrou para riscar mentalmente unha X na casilla de misi\u00f3n cumprida. Pero o alborozo durou pouco, na refriega varios disparos alcanzaran varios odres de auga. Unha dor punzante na gorxa ser\u00eda compa\u00f1eira inseparable das nosas peripecias nos vindeiros d\u00edas.&nbsp;<\/p>\n\n\n\n<p>Hoxe, os fragmentos da l\u00faa brillan m\u00e1is pr\u00edstinos que nunca mentres ao meu redor todo volve ser barro de sangue.<\/p>\n","protected":false},"excerpt":{"rendered":"<div class=\"mh-excerpt\"><p>Este d\u00e9cimo octavo fragmento do diario de Senl\u00faa Arraiana foi recuperado e adiantado ao noso tempo por Noitepedralonga, fiel camarada do av\u00f3 da futura l\u00edder da resistencia arraiana <a class=\"mh-excerpt-more\" href=\"https:\/\/www.anovapeneira.gal\/index.php\/2020\/06\/16\/decimo-octavo-fragmento-do-diario-de-senlua-arraiana\/\" title=\"D\u00e9cimo octavo fragmento do diario de Senl\u00faa Arraiana\">[&#8230;]<\/a><\/p>\n<\/div>","protected":false},"author":13,"featured_media":3334,"comment_status":"open","ping_status":"open","sticky":false,"template":"","format":"standard","meta":{"_exactmetrics_skip_tracking":false,"_exactmetrics_sitenote_active":false,"_exactmetrics_sitenote_note":"","_exactmetrics_sitenote_category":0,"footnotes":""},"categories":[7],"tags":[235],"class_list":{"0":"post-3331","1":"post","2":"type-post","3":"status-publish","4":"format-standard","5":"has-post-thumbnail","7":"category-artigos-de-opinion","8":"tag-senlua-arraiana"},"yoast_head":"<!-- This site is optimized with the Yoast SEO plugin v27.4 - https:\/\/yoast.com\/product\/yoast-seo-wordpress\/ -->\n<title>D\u00e9cimo octavo fragmento do diario de Senl\u00faa Arraiana -<\/title>\n<meta name=\"robots\" content=\"index, follow, max-snippet:-1, max-image-preview:large, max-video-preview:-1\" \/>\n<link rel=\"canonical\" href=\"https:\/\/www.anovapeneira.gal\/index.php\/2020\/06\/16\/decimo-octavo-fragmento-do-diario-de-senlua-arraiana\/\" \/>\n<meta property=\"og:locale\" content=\"gl_ES\" \/>\n<meta property=\"og:type\" content=\"article\" \/>\n<meta property=\"og:title\" content=\"D\u00e9cimo octavo fragmento do diario de Senl\u00faa Arraiana -\" \/>\n<meta property=\"og:description\" content=\"Este d\u00e9cimo octavo fragmento do diario de Senl\u00faa Arraiana foi recuperado e adiantado ao noso tempo por Noitepedralonga, fiel camarada do av\u00f3 da futura l\u00edder da resistencia arraiana [...]\" \/>\n<meta property=\"og:url\" content=\"https:\/\/www.anovapeneira.gal\/index.php\/2020\/06\/16\/decimo-octavo-fragmento-do-diario-de-senlua-arraiana\/\" \/>\n<meta property=\"article:publisher\" content=\"https:\/\/www.facebook.com\/anovapeneira\" \/>\n<meta property=\"article:published_time\" content=\"2020-06-16T10:00:15+00:00\" \/>\n<meta property=\"og:image\" content=\"https:\/\/www.anovapeneira.gal\/wp-content\/uploads\/2020\/06\/senlua_arraina_18_a_nova_peneira.jpg\" \/>\n\t<meta property=\"og:image:width\" content=\"720\" \/>\n\t<meta property=\"og:image:height\" content=\"432\" \/>\n\t<meta property=\"og:image:type\" content=\"image\/jpeg\" \/>\n<meta name=\"author\" content=\"Cristobal L\u00f3pez\" \/>\n<meta name=\"twitter:card\" content=\"summary_large_image\" \/>\n<meta name=\"twitter:creator\" content=\"@APeneira\" \/>\n<meta name=\"twitter:site\" content=\"@APeneira\" \/>\n<meta name=\"twitter:label1\" content=\"Escrito por\" \/>\n\t<meta name=\"twitter:data1\" content=\"Cristobal L\u00f3pez\" \/>\n\t<meta name=\"twitter:label2\" content=\"Tempo de lectura\" \/>\n\t<meta name=\"twitter:data2\" content=\"9 minutos\" \/>\n<script type=\"application\/ld+json\" class=\"yoast-schema-graph\">{\"@context\":\"https:\\\/\\\/schema.org\",\"@graph\":[{\"@type\":\"Article\",\"@id\":\"https:\\\/\\\/www.anovapeneira.gal\\\/index.php\\\/2020\\\/06\\\/16\\\/decimo-octavo-fragmento-do-diario-de-senlua-arraiana\\\/#article\",\"isPartOf\":{\"@id\":\"https:\\\/\\\/www.anovapeneira.gal\\\/index.php\\\/2020\\\/06\\\/16\\\/decimo-octavo-fragmento-do-diario-de-senlua-arraiana\\\/\"},\"author\":{\"name\":\"Cristobal L\u00f3pez\",\"@id\":\"https:\\\/\\\/www.anovapeneira.gal\\\/#\\\/schema\\\/person\\\/45b3df2338e4d898b7616809f9c5906c\"},\"headline\":\"D\u00e9cimo octavo fragmento do diario de Senl\u00faa Arraiana\",\"datePublished\":\"2020-06-16T10:00:15+00:00\",\"mainEntityOfPage\":{\"@id\":\"https:\\\/\\\/www.anovapeneira.gal\\\/index.php\\\/2020\\\/06\\\/16\\\/decimo-octavo-fragmento-do-diario-de-senlua-arraiana\\\/\"},\"wordCount\":1743,\"commentCount\":0,\"publisher\":{\"@id\":\"https:\\\/\\\/www.anovapeneira.gal\\\/#organization\"},\"image\":{\"@id\":\"https:\\\/\\\/www.anovapeneira.gal\\\/index.php\\\/2020\\\/06\\\/16\\\/decimo-octavo-fragmento-do-diario-de-senlua-arraiana\\\/#primaryimage\"},\"thumbnailUrl\":\"https:\\\/\\\/www.anovapeneira.gal\\\/wp-content\\\/uploads\\\/2020\\\/06\\\/senlua_arraina_18_a_nova_peneira.jpg\",\"keywords\":[\"Senl\u00faa Arraiana\"],\"articleSection\":[\"Artigos de opini\u00f3n\"],\"inLanguage\":\"gl-ES\",\"potentialAction\":[{\"@type\":\"CommentAction\",\"name\":\"Comment\",\"target\":[\"https:\\\/\\\/www.anovapeneira.gal\\\/index.php\\\/2020\\\/06\\\/16\\\/decimo-octavo-fragmento-do-diario-de-senlua-arraiana\\\/#respond\"]}]},{\"@type\":\"WebPage\",\"@id\":\"https:\\\/\\\/www.anovapeneira.gal\\\/index.php\\\/2020\\\/06\\\/16\\\/decimo-octavo-fragmento-do-diario-de-senlua-arraiana\\\/\",\"url\":\"https:\\\/\\\/www.anovapeneira.gal\\\/index.php\\\/2020\\\/06\\\/16\\\/decimo-octavo-fragmento-do-diario-de-senlua-arraiana\\\/\",\"name\":\"D\u00e9cimo octavo fragmento do diario de Senl\u00faa Arraiana -\",\"isPartOf\":{\"@id\":\"https:\\\/\\\/www.anovapeneira.gal\\\/#website\"},\"primaryImageOfPage\":{\"@id\":\"https:\\\/\\\/www.anovapeneira.gal\\\/index.php\\\/2020\\\/06\\\/16\\\/decimo-octavo-fragmento-do-diario-de-senlua-arraiana\\\/#primaryimage\"},\"image\":{\"@id\":\"https:\\\/\\\/www.anovapeneira.gal\\\/index.php\\\/2020\\\/06\\\/16\\\/decimo-octavo-fragmento-do-diario-de-senlua-arraiana\\\/#primaryimage\"},\"thumbnailUrl\":\"https:\\\/\\\/www.anovapeneira.gal\\\/wp-content\\\/uploads\\\/2020\\\/06\\\/senlua_arraina_18_a_nova_peneira.jpg\",\"datePublished\":\"2020-06-16T10:00:15+00:00\",\"breadcrumb\":{\"@id\":\"https:\\\/\\\/www.anovapeneira.gal\\\/index.php\\\/2020\\\/06\\\/16\\\/decimo-octavo-fragmento-do-diario-de-senlua-arraiana\\\/#breadcrumb\"},\"inLanguage\":\"gl-ES\",\"potentialAction\":[{\"@type\":\"ReadAction\",\"target\":[\"https:\\\/\\\/www.anovapeneira.gal\\\/index.php\\\/2020\\\/06\\\/16\\\/decimo-octavo-fragmento-do-diario-de-senlua-arraiana\\\/\"]}]},{\"@type\":\"ImageObject\",\"inLanguage\":\"gl-ES\",\"@id\":\"https:\\\/\\\/www.anovapeneira.gal\\\/index.php\\\/2020\\\/06\\\/16\\\/decimo-octavo-fragmento-do-diario-de-senlua-arraiana\\\/#primaryimage\",\"url\":\"https:\\\/\\\/www.anovapeneira.gal\\\/wp-content\\\/uploads\\\/2020\\\/06\\\/senlua_arraina_18_a_nova_peneira.jpg\",\"contentUrl\":\"https:\\\/\\\/www.anovapeneira.gal\\\/wp-content\\\/uploads\\\/2020\\\/06\\\/senlua_arraina_18_a_nova_peneira.jpg\",\"width\":720,\"height\":432,\"caption\":\"Senl\u00faa Arraiana A Nova Peneiral\u00faa Arraiana A Nova Peneira\"},{\"@type\":\"BreadcrumbList\",\"@id\":\"https:\\\/\\\/www.anovapeneira.gal\\\/index.php\\\/2020\\\/06\\\/16\\\/decimo-octavo-fragmento-do-diario-de-senlua-arraiana\\\/#breadcrumb\",\"itemListElement\":[{\"@type\":\"ListItem\",\"position\":1,\"name\":\"Portada\",\"item\":\"https:\\\/\\\/www.anovapeneira.gal\\\/\"},{\"@type\":\"ListItem\",\"position\":2,\"name\":\"D\u00e9cimo octavo fragmento do diario de Senl\u00faa Arraiana\"}]},{\"@type\":\"WebSite\",\"@id\":\"https:\\\/\\\/www.anovapeneira.gal\\\/#website\",\"url\":\"https:\\\/\\\/www.anovapeneira.gal\\\/\",\"name\":\"\",\"description\":\"Xornal galego de informaci\u00f3n xeral Publicaci\u00f3n mensual de novas de Galicia e en especial dos Concellos da sur da provincia de Pontevedra.\",\"publisher\":{\"@id\":\"https:\\\/\\\/www.anovapeneira.gal\\\/#organization\"},\"potentialAction\":[{\"@type\":\"SearchAction\",\"target\":{\"@type\":\"EntryPoint\",\"urlTemplate\":\"https:\\\/\\\/www.anovapeneira.gal\\\/?s={search_term_string}\"},\"query-input\":{\"@type\":\"PropertyValueSpecification\",\"valueRequired\":true,\"valueName\":\"search_term_string\"}}],\"inLanguage\":\"gl-ES\"},{\"@type\":\"Organization\",\"@id\":\"https:\\\/\\\/www.anovapeneira.gal\\\/#organization\",\"name\":\"A Nova Peneira\",\"url\":\"https:\\\/\\\/www.anovapeneira.gal\\\/\",\"logo\":{\"@type\":\"ImageObject\",\"inLanguage\":\"gl-ES\",\"@id\":\"https:\\\/\\\/www.anovapeneira.gal\\\/#\\\/schema\\\/logo\\\/image\\\/\",\"url\":\"http:\\\/\\\/www.anovapeneira.gal\\\/wp-content\\\/uploads\\\/2019\\\/06\\\/logo_a_nova_peneira_portal_web.png\",\"contentUrl\":\"http:\\\/\\\/www.anovapeneira.gal\\\/wp-content\\\/uploads\\\/2019\\\/06\\\/logo_a_nova_peneira_portal_web.png\",\"width\":300,\"height\":100,\"caption\":\"A Nova Peneira\"},\"image\":{\"@id\":\"https:\\\/\\\/www.anovapeneira.gal\\\/#\\\/schema\\\/logo\\\/image\\\/\"},\"sameAs\":[\"https:\\\/\\\/www.facebook.com\\\/anovapeneira\",\"https:\\\/\\\/x.com\\\/APeneira\"]},{\"@type\":\"Person\",\"@id\":\"https:\\\/\\\/www.anovapeneira.gal\\\/#\\\/schema\\\/person\\\/45b3df2338e4d898b7616809f9c5906c\",\"name\":\"Cristobal L\u00f3pez\",\"image\":{\"@type\":\"ImageObject\",\"inLanguage\":\"gl-ES\",\"@id\":\"https:\\\/\\\/secure.gravatar.com\\\/avatar\\\/b537cf06ef8166c9ef72b09f4d5f6446b1e22ea99505d94e40b8685710482f79?s=96&d=mm&r=g\",\"url\":\"https:\\\/\\\/secure.gravatar.com\\\/avatar\\\/b537cf06ef8166c9ef72b09f4d5f6446b1e22ea99505d94e40b8685710482f79?s=96&d=mm&r=g\",\"contentUrl\":\"https:\\\/\\\/secure.gravatar.com\\\/avatar\\\/b537cf06ef8166c9ef72b09f4d5f6446b1e22ea99505d94e40b8685710482f79?s=96&d=mm&r=g\",\"caption\":\"Cristobal L\u00f3pez\"},\"sameAs\":[\"http:\\\/\\\/anovapeneira.gal\"],\"url\":\"https:\\\/\\\/www.anovapeneira.gal\\\/index.php\\\/author\\\/opinioncristoballopez\\\/\"}]}<\/script>\n<!-- \/ Yoast SEO plugin. -->","yoast_head_json":{"title":"D\u00e9cimo octavo fragmento do diario de Senl\u00faa Arraiana -","robots":{"index":"index","follow":"follow","max-snippet":"max-snippet:-1","max-image-preview":"max-image-preview:large","max-video-preview":"max-video-preview:-1"},"canonical":"https:\/\/www.anovapeneira.gal\/index.php\/2020\/06\/16\/decimo-octavo-fragmento-do-diario-de-senlua-arraiana\/","og_locale":"gl_ES","og_type":"article","og_title":"D\u00e9cimo octavo fragmento do diario de Senl\u00faa Arraiana -","og_description":"Este d\u00e9cimo octavo fragmento do diario de Senl\u00faa Arraiana foi recuperado e adiantado ao noso tempo por Noitepedralonga, fiel camarada do av\u00f3 da futura l\u00edder da resistencia arraiana [...]","og_url":"https:\/\/www.anovapeneira.gal\/index.php\/2020\/06\/16\/decimo-octavo-fragmento-do-diario-de-senlua-arraiana\/","article_publisher":"https:\/\/www.facebook.com\/anovapeneira","article_published_time":"2020-06-16T10:00:15+00:00","og_image":[{"width":720,"height":432,"url":"https:\/\/www.anovapeneira.gal\/wp-content\/uploads\/2020\/06\/senlua_arraina_18_a_nova_peneira.jpg","type":"image\/jpeg"}],"author":"Cristobal L\u00f3pez","twitter_card":"summary_large_image","twitter_creator":"@APeneira","twitter_site":"@APeneira","twitter_misc":{"Escrito por":"Cristobal L\u00f3pez","Tempo de lectura":"9 minutos"},"schema":{"@context":"https:\/\/schema.org","@graph":[{"@type":"Article","@id":"https:\/\/www.anovapeneira.gal\/index.php\/2020\/06\/16\/decimo-octavo-fragmento-do-diario-de-senlua-arraiana\/#article","isPartOf":{"@id":"https:\/\/www.anovapeneira.gal\/index.php\/2020\/06\/16\/decimo-octavo-fragmento-do-diario-de-senlua-arraiana\/"},"author":{"name":"Cristobal L\u00f3pez","@id":"https:\/\/www.anovapeneira.gal\/#\/schema\/person\/45b3df2338e4d898b7616809f9c5906c"},"headline":"D\u00e9cimo octavo fragmento do diario de Senl\u00faa Arraiana","datePublished":"2020-06-16T10:00:15+00:00","mainEntityOfPage":{"@id":"https:\/\/www.anovapeneira.gal\/index.php\/2020\/06\/16\/decimo-octavo-fragmento-do-diario-de-senlua-arraiana\/"},"wordCount":1743,"commentCount":0,"publisher":{"@id":"https:\/\/www.anovapeneira.gal\/#organization"},"image":{"@id":"https:\/\/www.anovapeneira.gal\/index.php\/2020\/06\/16\/decimo-octavo-fragmento-do-diario-de-senlua-arraiana\/#primaryimage"},"thumbnailUrl":"https:\/\/www.anovapeneira.gal\/wp-content\/uploads\/2020\/06\/senlua_arraina_18_a_nova_peneira.jpg","keywords":["Senl\u00faa Arraiana"],"articleSection":["Artigos de opini\u00f3n"],"inLanguage":"gl-ES","potentialAction":[{"@type":"CommentAction","name":"Comment","target":["https:\/\/www.anovapeneira.gal\/index.php\/2020\/06\/16\/decimo-octavo-fragmento-do-diario-de-senlua-arraiana\/#respond"]}]},{"@type":"WebPage","@id":"https:\/\/www.anovapeneira.gal\/index.php\/2020\/06\/16\/decimo-octavo-fragmento-do-diario-de-senlua-arraiana\/","url":"https:\/\/www.anovapeneira.gal\/index.php\/2020\/06\/16\/decimo-octavo-fragmento-do-diario-de-senlua-arraiana\/","name":"D\u00e9cimo octavo fragmento do diario de Senl\u00faa Arraiana -","isPartOf":{"@id":"https:\/\/www.anovapeneira.gal\/#website"},"primaryImageOfPage":{"@id":"https:\/\/www.anovapeneira.gal\/index.php\/2020\/06\/16\/decimo-octavo-fragmento-do-diario-de-senlua-arraiana\/#primaryimage"},"image":{"@id":"https:\/\/www.anovapeneira.gal\/index.php\/2020\/06\/16\/decimo-octavo-fragmento-do-diario-de-senlua-arraiana\/#primaryimage"},"thumbnailUrl":"https:\/\/www.anovapeneira.gal\/wp-content\/uploads\/2020\/06\/senlua_arraina_18_a_nova_peneira.jpg","datePublished":"2020-06-16T10:00:15+00:00","breadcrumb":{"@id":"https:\/\/www.anovapeneira.gal\/index.php\/2020\/06\/16\/decimo-octavo-fragmento-do-diario-de-senlua-arraiana\/#breadcrumb"},"inLanguage":"gl-ES","potentialAction":[{"@type":"ReadAction","target":["https:\/\/www.anovapeneira.gal\/index.php\/2020\/06\/16\/decimo-octavo-fragmento-do-diario-de-senlua-arraiana\/"]}]},{"@type":"ImageObject","inLanguage":"gl-ES","@id":"https:\/\/www.anovapeneira.gal\/index.php\/2020\/06\/16\/decimo-octavo-fragmento-do-diario-de-senlua-arraiana\/#primaryimage","url":"https:\/\/www.anovapeneira.gal\/wp-content\/uploads\/2020\/06\/senlua_arraina_18_a_nova_peneira.jpg","contentUrl":"https:\/\/www.anovapeneira.gal\/wp-content\/uploads\/2020\/06\/senlua_arraina_18_a_nova_peneira.jpg","width":720,"height":432,"caption":"Senl\u00faa Arraiana A Nova Peneiral\u00faa Arraiana A Nova Peneira"},{"@type":"BreadcrumbList","@id":"https:\/\/www.anovapeneira.gal\/index.php\/2020\/06\/16\/decimo-octavo-fragmento-do-diario-de-senlua-arraiana\/#breadcrumb","itemListElement":[{"@type":"ListItem","position":1,"name":"Portada","item":"https:\/\/www.anovapeneira.gal\/"},{"@type":"ListItem","position":2,"name":"D\u00e9cimo octavo fragmento do diario de Senl\u00faa Arraiana"}]},{"@type":"WebSite","@id":"https:\/\/www.anovapeneira.gal\/#website","url":"https:\/\/www.anovapeneira.gal\/","name":"","description":"Xornal galego de informaci\u00f3n xeral Publicaci\u00f3n mensual de novas de Galicia e en especial dos Concellos da sur da provincia de Pontevedra.","publisher":{"@id":"https:\/\/www.anovapeneira.gal\/#organization"},"potentialAction":[{"@type":"SearchAction","target":{"@type":"EntryPoint","urlTemplate":"https:\/\/www.anovapeneira.gal\/?s={search_term_string}"},"query-input":{"@type":"PropertyValueSpecification","valueRequired":true,"valueName":"search_term_string"}}],"inLanguage":"gl-ES"},{"@type":"Organization","@id":"https:\/\/www.anovapeneira.gal\/#organization","name":"A Nova Peneira","url":"https:\/\/www.anovapeneira.gal\/","logo":{"@type":"ImageObject","inLanguage":"gl-ES","@id":"https:\/\/www.anovapeneira.gal\/#\/schema\/logo\/image\/","url":"http:\/\/www.anovapeneira.gal\/wp-content\/uploads\/2019\/06\/logo_a_nova_peneira_portal_web.png","contentUrl":"http:\/\/www.anovapeneira.gal\/wp-content\/uploads\/2019\/06\/logo_a_nova_peneira_portal_web.png","width":300,"height":100,"caption":"A Nova Peneira"},"image":{"@id":"https:\/\/www.anovapeneira.gal\/#\/schema\/logo\/image\/"},"sameAs":["https:\/\/www.facebook.com\/anovapeneira","https:\/\/x.com\/APeneira"]},{"@type":"Person","@id":"https:\/\/www.anovapeneira.gal\/#\/schema\/person\/45b3df2338e4d898b7616809f9c5906c","name":"Cristobal L\u00f3pez","image":{"@type":"ImageObject","inLanguage":"gl-ES","@id":"https:\/\/secure.gravatar.com\/avatar\/b537cf06ef8166c9ef72b09f4d5f6446b1e22ea99505d94e40b8685710482f79?s=96&d=mm&r=g","url":"https:\/\/secure.gravatar.com\/avatar\/b537cf06ef8166c9ef72b09f4d5f6446b1e22ea99505d94e40b8685710482f79?s=96&d=mm&r=g","contentUrl":"https:\/\/secure.gravatar.com\/avatar\/b537cf06ef8166c9ef72b09f4d5f6446b1e22ea99505d94e40b8685710482f79?s=96&d=mm&r=g","caption":"Cristobal L\u00f3pez"},"sameAs":["http:\/\/anovapeneira.gal"],"url":"https:\/\/www.anovapeneira.gal\/index.php\/author\/opinioncristoballopez\/"}]}},"jetpack_featured_media_url":"https:\/\/www.anovapeneira.gal\/wp-content\/uploads\/2020\/06\/senlua_arraina_18_a_nova_peneira.jpg","_links":{"self":[{"href":"https:\/\/www.anovapeneira.gal\/index.php\/wp-json\/wp\/v2\/posts\/3331","targetHints":{"allow":["GET"]}}],"collection":[{"href":"https:\/\/www.anovapeneira.gal\/index.php\/wp-json\/wp\/v2\/posts"}],"about":[{"href":"https:\/\/www.anovapeneira.gal\/index.php\/wp-json\/wp\/v2\/types\/post"}],"author":[{"embeddable":true,"href":"https:\/\/www.anovapeneira.gal\/index.php\/wp-json\/wp\/v2\/users\/13"}],"replies":[{"embeddable":true,"href":"https:\/\/www.anovapeneira.gal\/index.php\/wp-json\/wp\/v2\/comments?post=3331"}],"version-history":[{"count":2,"href":"https:\/\/www.anovapeneira.gal\/index.php\/wp-json\/wp\/v2\/posts\/3331\/revisions"}],"predecessor-version":[{"id":3333,"href":"https:\/\/www.anovapeneira.gal\/index.php\/wp-json\/wp\/v2\/posts\/3331\/revisions\/3333"}],"wp:featuredmedia":[{"embeddable":true,"href":"https:\/\/www.anovapeneira.gal\/index.php\/wp-json\/wp\/v2\/media\/3334"}],"wp:attachment":[{"href":"https:\/\/www.anovapeneira.gal\/index.php\/wp-json\/wp\/v2\/media?parent=3331"}],"wp:term":[{"taxonomy":"category","embeddable":true,"href":"https:\/\/www.anovapeneira.gal\/index.php\/wp-json\/wp\/v2\/categories?post=3331"},{"taxonomy":"post_tag","embeddable":true,"href":"https:\/\/www.anovapeneira.gal\/index.php\/wp-json\/wp\/v2\/tags?post=3331"}],"curies":[{"name":"wp","href":"https:\/\/api.w.org\/{rel}","templated":true}]}}