{"id":3353,"date":"2020-06-22T12:00:28","date_gmt":"2020-06-22T10:00:28","guid":{"rendered":"http:\/\/www.anovapeneira.gal\/?p=3353"},"modified":"2020-06-18T13:18:53","modified_gmt":"2020-06-18T11:18:53","slug":"a-tension-necesaria","status":"publish","type":"post","link":"https:\/\/www.anovapeneira.gal\/index.php\/2020\/06\/22\/a-tension-necesaria\/","title":{"rendered":"A tensi\u00f3n necesaria"},"content":{"rendered":"\n<figure class=\"wp-block-image size-large is-resized is-style-default\"><img loading=\"lazy\" decoding=\"async\" src=\"http:\/\/www.anovapeneira.gal\/wp-content\/uploads\/2019\/07\/Xabier_Toba_a_nova_peneira_bn.jpg\" alt=\"Xabier Toba Artigo de opini\u00f3n A nova Peneira\" class=\"wp-image-776\" width=\"95\" height=\"111\"\/><figcaption><strong>Xabier Toba Gir\u00f3n. Profesor de f\u00edsica<\/strong><\/figcaption><\/figure>\n\n\n\n<p>Pois non vai ser f\u00e1cil. Non vai ser nada f\u00e1cil conseguir que o PP non alcance a maior\u00eda absoluta nas eleci\u00f3ns galegas que celebraremos o pr\u00f3ximo 12 de xullo, logo de percorrer este acidentado cami\u00f1o marcado polo COVID19 , pola dor e pola morte nos \u00faltimos tres meses.\u00a0<\/p>\n\n\n\n<p>A pouco que tardemos en tomar conciencia da urxencia, da emerx\u00e9ncia, o tempo, o breve tempo dunha campa\u00f1a que se non \u00e9 fraudulenta semella moi pouco respeitosa coas formas democr\u00e1ticas, teremos a Alberto Nu\u00f1ez Feijoo tomando posesi\u00f3n como presidente para unha nova lexislatura.&nbsp;<\/p>\n\n\n\n<p>E sin embargo, esta pregunta realizada hai 4 ou 5 meses poder\u00eda ter unha resposta totalmente contraria.&nbsp;<\/p>\n\n\n\n<p>Fagamos memoria.&nbsp;<\/p>\n\n\n\n<p>Nas eleci\u00f3ns xerais celebradas en avril de 2019, as forzas alternativas ao atual governo do PP, xuntaron 156 000 votos m\u00e1is que o partido de Feijoo e os seus posibeis aliados.&nbsp;<\/p>\n\n\n\n<p>A\u00ednda m\u00e1is. En n\u00famero de representantes foi tam\u00e9n a suma de representantes de PSOE e Unidas Podemos, superior \u00e1 suma do n\u00famero de representantes do PP e os de Ciudadanos pola m\u00ednima: doce contra once.&nbsp;<\/p>\n\n\n\n<p>Pouco despois, por mor da incapacidade de PSOE e Unidas Podemos para acadar un acordo, fomos chamados outra volta \u00e1s urnas. Nesta nova convocatoria a suma dos votos de PSOE, Unidas Podemos e BNG, que desta volta felizmente obtivo representaci\u00f3n, adiantaron outra volta \u00e1 resultante da suma dos votos correspondentes a PP, Ciudadanos e VOX. Ben \u00e9 verdade que desta volta a diferenza foi 117 000 reduc\u00edndo-se sustancialmente, m\u00e1is en troques foron 13 os representantes da que podemos denominar alternativa fronte aos 10 representantes que obtivo o PP. Trece contra dez. O resultado era moi esperanzador.&nbsp;<\/p>\n\n\n\n<p>Enfin, que os datos recentes, non de inqu\u00e9ritos nin prospeci\u00f3ns, senon os datos eletorais insist\u00edan na direci\u00f3n dunha derrota do Partido Popular nas eleci\u00f3ns galegas a pouco que a oposici\u00f3n atinara .&nbsp;<\/p>\n\n\n\n<p>Ben \u00e9 certo que a partir deses resultados, toda a maquinaria do PP e dos seus setores afetos, mediaticos, econ\u00f3micos e sociais, atendendo ao sinal de alarma, puxeron en marcha toda a maquinaria que ate o momento non movilizaran. O asunto agora era crucial. Non estaba en xogo xa a posici\u00f3n de Pablo Casado, rival ao cabo de Feijoo; agora estaba en xogo a posici\u00f3n de Feijoo e a do propio Partido Popular na Galiza e se cadra a posibilidade de, un d\u00eda aceder \u00e1 presidencia do PP e a candidatura \u00e1 Presidencia do governo de Espa\u00f1a. Velai as circunstancias.&nbsp;<\/p>\n\n\n\n<p>E as\u00ed \u00e9 como a dereita repon-se, pasa \u00e1 ofensiva e convocan-se as eleci\u00f3ns . E como ben sabemos todos e todas o proceso fica paralisado pola declaraci\u00f3n do estado de alarma derivado do COVID19.&nbsp;<\/p>\n\n\n\n<p>Como se enfoca este per\u00edodo? Porque estaba claro que este per\u00edodo \u00eda ser definitivo, crucial.&nbsp;<\/p>\n\n\n\n<p>Pois a dereita, o PP, adoita unha posici\u00f3n \u00e1 ofensiva ocultando as s\u00faas responsabilidades, culpabilizando diretamente ao governo central que a\u00ednda daba os seus primeiros e oscilantes pasos, cando non mesmo \u00e1 oposici\u00f3n. Esa ofensiva consigue os seus obxectivos: desprenderse de toda responsabilidade nos recortes sanitarios, que tanta importancia tiveron nas mortes derivadas da pandemia, e tam\u00e9n marcar distancias coa rede de residencias xeri\u00e1tricas, xestionadas por empresas amigas do PP, que articularon o maior foco de incidencia da enfermedade e onde esta cebou-se con altisima intensidade diante da ineficacia e o abandono do governo do PP e da clientelar patronal que rexe ditas residencias .&nbsp;<\/p>\n\n\n\n<p>Mentres, co Parlamento galego xa disolto, Feijoo evitaba de forma continuada o control dunha oposici\u00f3n que en minor\u00eda e demasiadas veces inmovilizada polas circunstancias, non acabou de ser capaz de articular ningunha resposta que puxera en perigo o discurso do PP e de N\u00fa\u00f1ez Feijoo. Digamos en descargo da oposici\u00f3n que calquera resposta v\u00eda-se dificultada polo estado de alarma.&nbsp;<\/p>\n\n\n\n<p>E chegamos ao final.&nbsp;<\/p>\n\n\n\n<p>Feijoo liga o seu destino a Urkullu, e consigue impulsar o proceso eleitoral nunhas condici\u00f3ns caseque carentes de garant\u00edas democr\u00e1ticas que lle dan posici\u00f3ns de vantaxe que poden ser definitivas.&nbsp;<\/p>\n\n\n\n<p>E por si pouco fora o governo de Pedro Sanchez reg\u00e1la-lle que Galiza sexa o primeiro territorio declarado fora do estado de alarma, con sorprendentes declaraci\u00f3ns de Fernando Sim\u00f3n alabando a \u201cmagnifica xesti\u00f3n\u201d do governo de N\u00fa\u00f1ez Feijoo, con todo o apoio de PRISA e condenando ao candidato do PS de G-PSOE Gonzalo Caballero que, se cadra a\u00ednda agora non entendeu nada, ou si e sabendo, cala a apanda.&nbsp;<\/p>\n\n\n\n<p>Porque a realidade \u00e9 que, para entender este xesto do governo de Pedro Sanchez con Nu\u00f1ez Feijoo, un ve-se na obriga de pensar que ou o primeiro \u00e9 moi torpe, ou que Pedro Sanchez prefire a Nu\u00f1ez Feijoo como presidente na Galiza, un territorio que xulgan como de inter\u00e9s secundario, dandolle ar como rival interno de Pablo Casado.&nbsp;<\/p>\n\n\n\n<p>Compre reco\u00f1ecer a N\u00fa\u00f1ez Feijoo ademais, unha certa cualidade de escapista para sa\u00edr mesmo con ben das situaci\u00f3ns m\u00e1is apuradas.&nbsp;<\/p>\n\n\n\n<p>F\u00edxen-se que sen perder un segundo, Feijoo con Miguel Santalices de mestre de ceremonias, convoca un ato en homenaxe das v\u00edtimas do COVID-19 no coraz\u00f3n de Santiago de Compostela, trasmitido en direto pola CRTVG e publicitado como un \u201cato de unidade\u201d, e acompa\u00f1ado polos voceiros e representantes de todos os partidos, unha oposici\u00f3n que parece incapaz de po\u00f1er en marcha ningunha outra reaci\u00f3n , unha oposici\u00f3n que acompasada polas belas notas do \u201cNegra sombra\u201d cae nas redes dun aut\u00e9ntico aquelarre do que xurde limpo de toda responsabilidade Nu\u00f1ez Feijoo.&nbsp;<\/p>\n\n\n\n<p>Xulguese intelixencia e torpeza.&nbsp;<\/p>\n\n\n\n<p>E agora a campa\u00f1a eletoral.&nbsp;<\/p>\n\n\n\n<p>Unha campa\u00f1a curta, sometida a circunstancias de excepcionalidade, cunha sociedade sa\u00edndo do estado de shock que representou a pandemia e a\u00ednda atemorizada, a\u00ednda paralisada polo vivido e \u00e1 que o PP acude armado cos medios de comunicaci\u00f3n de titularidade p\u00fablica e privada volcados con Nu\u00f1ez Feijoo, ocultando as s\u00faas responsabilidades e agochando o seu mal facer.&nbsp;<\/p>\n\n\n\n<p>Misi\u00f3n imposibel?&nbsp;<\/p>\n\n\n\n<p>Non est\u00e1 f\u00e1cil.&nbsp;<\/p>\n\n\n\n<p>Deber\u00edamos agardar das forzas de oposici\u00f3n unha campa\u00f1a que fora quen de movilizar e movilizar o voto de esquerda, o voto galeguista.&nbsp;<\/p>\n\n\n\n<p>Hai motivos sobrados para que Galiza prescinda de vez do PP e de Feijoo, e alg\u00fans deses motivos te\u00f1en que ver coa desgrazada etapa que estamos superando e que ten costado mortes e dor.&nbsp;<\/p>\n\n\n\n<p>Non agarden m\u00e1is aqueles e aquelas que te\u00f1en esa responsabilidade, prec\u00edsa-se agora de tensi\u00f3n, a tensi\u00f3n que agora non pode fallar para lograr unha vitoria que parec\u00eda posibel hai uns meses e que hoxe aparece fux\u00eddia.&nbsp;<\/p>\n","protected":false},"excerpt":{"rendered":"<div class=\"mh-excerpt\"><p>Pois non vai ser f\u00e1cil. Non vai ser nada f\u00e1cil conseguir que o PP non alcance a maior\u00eda absoluta nas eleci\u00f3ns galegas que celebraremos o pr\u00f3ximo 12 de xullo, logo de percorrer este acidentado cami\u00f1o marcado polo COVID19 , pola dor e pola morte nos \u00faltimos tres meses <a class=\"mh-excerpt-more\" href=\"https:\/\/www.anovapeneira.gal\/index.php\/2020\/06\/22\/a-tension-necesaria\/\" title=\"A tensi\u00f3n necesaria\">[&#8230;]<\/a><\/p>\n<\/div>","protected":false},"author":27,"featured_media":584,"comment_status":"open","ping_status":"open","sticky":false,"template":"","format":"standard","meta":{"_exactmetrics_skip_tracking":false,"_exactmetrics_sitenote_active":false,"_exactmetrics_sitenote_note":"","_exactmetrics_sitenote_category":0,"footnotes":""},"categories":[7],"tags":[58],"class_list":{"0":"post-3353","1":"post","2":"type-post","3":"status-publish","4":"format-standard","5":"has-post-thumbnail","7":"category-artigos-de-opinion","8":"tag-opinion"},"yoast_head":"<!-- This site is optimized with the Yoast SEO plugin v27.4 - https:\/\/yoast.com\/product\/yoast-seo-wordpress\/ -->\n<title>A tensi\u00f3n necesaria -<\/title>\n<meta name=\"robots\" content=\"index, follow, max-snippet:-1, max-image-preview:large, max-video-preview:-1\" \/>\n<link rel=\"canonical\" href=\"https:\/\/www.anovapeneira.gal\/index.php\/2020\/06\/22\/a-tension-necesaria\/\" \/>\n<meta property=\"og:locale\" content=\"gl_ES\" \/>\n<meta property=\"og:type\" content=\"article\" \/>\n<meta property=\"og:title\" content=\"A tensi\u00f3n necesaria -\" \/>\n<meta property=\"og:description\" content=\"Pois non vai ser f\u00e1cil. Non vai ser nada f\u00e1cil conseguir que o PP non alcance a maior\u00eda absoluta nas eleci\u00f3ns galegas que celebraremos o pr\u00f3ximo 12 de xullo, logo de percorrer este acidentado cami\u00f1o marcado polo COVID19 , pola dor e pola morte nos \u00faltimos tres meses [...]\" \/>\n<meta property=\"og:url\" content=\"https:\/\/www.anovapeneira.gal\/index.php\/2020\/06\/22\/a-tension-necesaria\/\" \/>\n<meta property=\"article:publisher\" content=\"https:\/\/www.facebook.com\/anovapeneira\" \/>\n<meta property=\"article:published_time\" content=\"2020-06-22T10:00:28+00:00\" \/>\n<meta property=\"og:image\" content=\"https:\/\/www.anovapeneira.gal\/wp-content\/uploads\/2019\/07\/ARTIGO_DE_OPINION_A_NOVA_PENEIRA.jpg\" \/>\n\t<meta property=\"og:image:width\" content=\"720\" \/>\n\t<meta property=\"og:image:height\" content=\"473\" \/>\n\t<meta property=\"og:image:type\" content=\"image\/jpeg\" \/>\n<meta name=\"author\" content=\"Xabier Toba\" \/>\n<meta name=\"twitter:card\" content=\"summary_large_image\" \/>\n<meta name=\"twitter:creator\" content=\"@APeneira\" \/>\n<meta name=\"twitter:site\" content=\"@APeneira\" \/>\n<meta name=\"twitter:label1\" content=\"Escrito por\" \/>\n\t<meta name=\"twitter:data1\" content=\"Xabier Toba\" \/>\n\t<meta name=\"twitter:label2\" content=\"Tempo de lectura\" \/>\n\t<meta name=\"twitter:data2\" content=\"6 minutos\" \/>\n<script type=\"application\/ld+json\" class=\"yoast-schema-graph\">{\"@context\":\"https:\\\/\\\/schema.org\",\"@graph\":[{\"@type\":\"Article\",\"@id\":\"https:\\\/\\\/www.anovapeneira.gal\\\/index.php\\\/2020\\\/06\\\/22\\\/a-tension-necesaria\\\/#article\",\"isPartOf\":{\"@id\":\"https:\\\/\\\/www.anovapeneira.gal\\\/index.php\\\/2020\\\/06\\\/22\\\/a-tension-necesaria\\\/\"},\"author\":{\"name\":\"Xabier Toba\",\"@id\":\"https:\\\/\\\/www.anovapeneira.gal\\\/#\\\/schema\\\/person\\\/7be457f9e52a375e5103ee81d3ae0393\"},\"headline\":\"A tensi\u00f3n necesaria\",\"datePublished\":\"2020-06-22T10:00:28+00:00\",\"mainEntityOfPage\":{\"@id\":\"https:\\\/\\\/www.anovapeneira.gal\\\/index.php\\\/2020\\\/06\\\/22\\\/a-tension-necesaria\\\/\"},\"wordCount\":1159,\"commentCount\":0,\"publisher\":{\"@id\":\"https:\\\/\\\/www.anovapeneira.gal\\\/#organization\"},\"image\":{\"@id\":\"https:\\\/\\\/www.anovapeneira.gal\\\/index.php\\\/2020\\\/06\\\/22\\\/a-tension-necesaria\\\/#primaryimage\"},\"thumbnailUrl\":\"https:\\\/\\\/www.anovapeneira.gal\\\/wp-content\\\/uploads\\\/2019\\\/07\\\/ARTIGO_DE_OPINION_A_NOVA_PENEIRA.jpg\",\"keywords\":[\"Opini\u00f3n\"],\"articleSection\":[\"Artigos de opini\u00f3n\"],\"inLanguage\":\"gl-ES\",\"potentialAction\":[{\"@type\":\"CommentAction\",\"name\":\"Comment\",\"target\":[\"https:\\\/\\\/www.anovapeneira.gal\\\/index.php\\\/2020\\\/06\\\/22\\\/a-tension-necesaria\\\/#respond\"]}]},{\"@type\":\"WebPage\",\"@id\":\"https:\\\/\\\/www.anovapeneira.gal\\\/index.php\\\/2020\\\/06\\\/22\\\/a-tension-necesaria\\\/\",\"url\":\"https:\\\/\\\/www.anovapeneira.gal\\\/index.php\\\/2020\\\/06\\\/22\\\/a-tension-necesaria\\\/\",\"name\":\"A tensi\u00f3n necesaria -\",\"isPartOf\":{\"@id\":\"https:\\\/\\\/www.anovapeneira.gal\\\/#website\"},\"primaryImageOfPage\":{\"@id\":\"https:\\\/\\\/www.anovapeneira.gal\\\/index.php\\\/2020\\\/06\\\/22\\\/a-tension-necesaria\\\/#primaryimage\"},\"image\":{\"@id\":\"https:\\\/\\\/www.anovapeneira.gal\\\/index.php\\\/2020\\\/06\\\/22\\\/a-tension-necesaria\\\/#primaryimage\"},\"thumbnailUrl\":\"https:\\\/\\\/www.anovapeneira.gal\\\/wp-content\\\/uploads\\\/2019\\\/07\\\/ARTIGO_DE_OPINION_A_NOVA_PENEIRA.jpg\",\"datePublished\":\"2020-06-22T10:00:28+00:00\",\"breadcrumb\":{\"@id\":\"https:\\\/\\\/www.anovapeneira.gal\\\/index.php\\\/2020\\\/06\\\/22\\\/a-tension-necesaria\\\/#breadcrumb\"},\"inLanguage\":\"gl-ES\",\"potentialAction\":[{\"@type\":\"ReadAction\",\"target\":[\"https:\\\/\\\/www.anovapeneira.gal\\\/index.php\\\/2020\\\/06\\\/22\\\/a-tension-necesaria\\\/\"]}]},{\"@type\":\"ImageObject\",\"inLanguage\":\"gl-ES\",\"@id\":\"https:\\\/\\\/www.anovapeneira.gal\\\/index.php\\\/2020\\\/06\\\/22\\\/a-tension-necesaria\\\/#primaryimage\",\"url\":\"https:\\\/\\\/www.anovapeneira.gal\\\/wp-content\\\/uploads\\\/2019\\\/07\\\/ARTIGO_DE_OPINION_A_NOVA_PENEIRA.jpg\",\"contentUrl\":\"https:\\\/\\\/www.anovapeneira.gal\\\/wp-content\\\/uploads\\\/2019\\\/07\\\/ARTIGO_DE_OPINION_A_NOVA_PENEIRA.jpg\",\"width\":720,\"height\":473,\"caption\":\"Artigo de opini\u00f3n A Nova Peneira\"},{\"@type\":\"BreadcrumbList\",\"@id\":\"https:\\\/\\\/www.anovapeneira.gal\\\/index.php\\\/2020\\\/06\\\/22\\\/a-tension-necesaria\\\/#breadcrumb\",\"itemListElement\":[{\"@type\":\"ListItem\",\"position\":1,\"name\":\"Portada\",\"item\":\"https:\\\/\\\/www.anovapeneira.gal\\\/\"},{\"@type\":\"ListItem\",\"position\":2,\"name\":\"A tensi\u00f3n necesaria\"}]},{\"@type\":\"WebSite\",\"@id\":\"https:\\\/\\\/www.anovapeneira.gal\\\/#website\",\"url\":\"https:\\\/\\\/www.anovapeneira.gal\\\/\",\"name\":\"\",\"description\":\"Xornal galego de informaci\u00f3n xeral Publicaci\u00f3n mensual de novas de Galicia e en especial dos Concellos da sur da provincia de Pontevedra.\",\"publisher\":{\"@id\":\"https:\\\/\\\/www.anovapeneira.gal\\\/#organization\"},\"potentialAction\":[{\"@type\":\"SearchAction\",\"target\":{\"@type\":\"EntryPoint\",\"urlTemplate\":\"https:\\\/\\\/www.anovapeneira.gal\\\/?s={search_term_string}\"},\"query-input\":{\"@type\":\"PropertyValueSpecification\",\"valueRequired\":true,\"valueName\":\"search_term_string\"}}],\"inLanguage\":\"gl-ES\"},{\"@type\":\"Organization\",\"@id\":\"https:\\\/\\\/www.anovapeneira.gal\\\/#organization\",\"name\":\"A Nova Peneira\",\"url\":\"https:\\\/\\\/www.anovapeneira.gal\\\/\",\"logo\":{\"@type\":\"ImageObject\",\"inLanguage\":\"gl-ES\",\"@id\":\"https:\\\/\\\/www.anovapeneira.gal\\\/#\\\/schema\\\/logo\\\/image\\\/\",\"url\":\"http:\\\/\\\/www.anovapeneira.gal\\\/wp-content\\\/uploads\\\/2019\\\/06\\\/logo_a_nova_peneira_portal_web.png\",\"contentUrl\":\"http:\\\/\\\/www.anovapeneira.gal\\\/wp-content\\\/uploads\\\/2019\\\/06\\\/logo_a_nova_peneira_portal_web.png\",\"width\":300,\"height\":100,\"caption\":\"A Nova Peneira\"},\"image\":{\"@id\":\"https:\\\/\\\/www.anovapeneira.gal\\\/#\\\/schema\\\/logo\\\/image\\\/\"},\"sameAs\":[\"https:\\\/\\\/www.facebook.com\\\/anovapeneira\",\"https:\\\/\\\/x.com\\\/APeneira\"]},{\"@type\":\"Person\",\"@id\":\"https:\\\/\\\/www.anovapeneira.gal\\\/#\\\/schema\\\/person\\\/7be457f9e52a375e5103ee81d3ae0393\",\"name\":\"Xabier Toba\",\"image\":{\"@type\":\"ImageObject\",\"inLanguage\":\"gl-ES\",\"@id\":\"https:\\\/\\\/secure.gravatar.com\\\/avatar\\\/4e465fb3bb080c37e2935a1e5929151335e1dffed5e0d17cf582825522df454d?s=96&d=mm&r=g\",\"url\":\"https:\\\/\\\/secure.gravatar.com\\\/avatar\\\/4e465fb3bb080c37e2935a1e5929151335e1dffed5e0d17cf582825522df454d?s=96&d=mm&r=g\",\"contentUrl\":\"https:\\\/\\\/secure.gravatar.com\\\/avatar\\\/4e465fb3bb080c37e2935a1e5929151335e1dffed5e0d17cf582825522df454d?s=96&d=mm&r=g\",\"caption\":\"Xabier Toba\"},\"url\":\"https:\\\/\\\/www.anovapeneira.gal\\\/index.php\\\/author\\\/xabiertoba\\\/\"}]}<\/script>\n<!-- \/ Yoast SEO plugin. -->","yoast_head_json":{"title":"A tensi\u00f3n necesaria -","robots":{"index":"index","follow":"follow","max-snippet":"max-snippet:-1","max-image-preview":"max-image-preview:large","max-video-preview":"max-video-preview:-1"},"canonical":"https:\/\/www.anovapeneira.gal\/index.php\/2020\/06\/22\/a-tension-necesaria\/","og_locale":"gl_ES","og_type":"article","og_title":"A tensi\u00f3n necesaria -","og_description":"Pois non vai ser f\u00e1cil. Non vai ser nada f\u00e1cil conseguir que o PP non alcance a maior\u00eda absoluta nas eleci\u00f3ns galegas que celebraremos o pr\u00f3ximo 12 de xullo, logo de percorrer este acidentado cami\u00f1o marcado polo COVID19 , pola dor e pola morte nos \u00faltimos tres meses [...]","og_url":"https:\/\/www.anovapeneira.gal\/index.php\/2020\/06\/22\/a-tension-necesaria\/","article_publisher":"https:\/\/www.facebook.com\/anovapeneira","article_published_time":"2020-06-22T10:00:28+00:00","og_image":[{"width":720,"height":473,"url":"https:\/\/www.anovapeneira.gal\/wp-content\/uploads\/2019\/07\/ARTIGO_DE_OPINION_A_NOVA_PENEIRA.jpg","type":"image\/jpeg"}],"author":"Xabier Toba","twitter_card":"summary_large_image","twitter_creator":"@APeneira","twitter_site":"@APeneira","twitter_misc":{"Escrito por":"Xabier Toba","Tempo de lectura":"6 minutos"},"schema":{"@context":"https:\/\/schema.org","@graph":[{"@type":"Article","@id":"https:\/\/www.anovapeneira.gal\/index.php\/2020\/06\/22\/a-tension-necesaria\/#article","isPartOf":{"@id":"https:\/\/www.anovapeneira.gal\/index.php\/2020\/06\/22\/a-tension-necesaria\/"},"author":{"name":"Xabier Toba","@id":"https:\/\/www.anovapeneira.gal\/#\/schema\/person\/7be457f9e52a375e5103ee81d3ae0393"},"headline":"A tensi\u00f3n necesaria","datePublished":"2020-06-22T10:00:28+00:00","mainEntityOfPage":{"@id":"https:\/\/www.anovapeneira.gal\/index.php\/2020\/06\/22\/a-tension-necesaria\/"},"wordCount":1159,"commentCount":0,"publisher":{"@id":"https:\/\/www.anovapeneira.gal\/#organization"},"image":{"@id":"https:\/\/www.anovapeneira.gal\/index.php\/2020\/06\/22\/a-tension-necesaria\/#primaryimage"},"thumbnailUrl":"https:\/\/www.anovapeneira.gal\/wp-content\/uploads\/2019\/07\/ARTIGO_DE_OPINION_A_NOVA_PENEIRA.jpg","keywords":["Opini\u00f3n"],"articleSection":["Artigos de opini\u00f3n"],"inLanguage":"gl-ES","potentialAction":[{"@type":"CommentAction","name":"Comment","target":["https:\/\/www.anovapeneira.gal\/index.php\/2020\/06\/22\/a-tension-necesaria\/#respond"]}]},{"@type":"WebPage","@id":"https:\/\/www.anovapeneira.gal\/index.php\/2020\/06\/22\/a-tension-necesaria\/","url":"https:\/\/www.anovapeneira.gal\/index.php\/2020\/06\/22\/a-tension-necesaria\/","name":"A tensi\u00f3n necesaria -","isPartOf":{"@id":"https:\/\/www.anovapeneira.gal\/#website"},"primaryImageOfPage":{"@id":"https:\/\/www.anovapeneira.gal\/index.php\/2020\/06\/22\/a-tension-necesaria\/#primaryimage"},"image":{"@id":"https:\/\/www.anovapeneira.gal\/index.php\/2020\/06\/22\/a-tension-necesaria\/#primaryimage"},"thumbnailUrl":"https:\/\/www.anovapeneira.gal\/wp-content\/uploads\/2019\/07\/ARTIGO_DE_OPINION_A_NOVA_PENEIRA.jpg","datePublished":"2020-06-22T10:00:28+00:00","breadcrumb":{"@id":"https:\/\/www.anovapeneira.gal\/index.php\/2020\/06\/22\/a-tension-necesaria\/#breadcrumb"},"inLanguage":"gl-ES","potentialAction":[{"@type":"ReadAction","target":["https:\/\/www.anovapeneira.gal\/index.php\/2020\/06\/22\/a-tension-necesaria\/"]}]},{"@type":"ImageObject","inLanguage":"gl-ES","@id":"https:\/\/www.anovapeneira.gal\/index.php\/2020\/06\/22\/a-tension-necesaria\/#primaryimage","url":"https:\/\/www.anovapeneira.gal\/wp-content\/uploads\/2019\/07\/ARTIGO_DE_OPINION_A_NOVA_PENEIRA.jpg","contentUrl":"https:\/\/www.anovapeneira.gal\/wp-content\/uploads\/2019\/07\/ARTIGO_DE_OPINION_A_NOVA_PENEIRA.jpg","width":720,"height":473,"caption":"Artigo de opini\u00f3n A Nova Peneira"},{"@type":"BreadcrumbList","@id":"https:\/\/www.anovapeneira.gal\/index.php\/2020\/06\/22\/a-tension-necesaria\/#breadcrumb","itemListElement":[{"@type":"ListItem","position":1,"name":"Portada","item":"https:\/\/www.anovapeneira.gal\/"},{"@type":"ListItem","position":2,"name":"A tensi\u00f3n necesaria"}]},{"@type":"WebSite","@id":"https:\/\/www.anovapeneira.gal\/#website","url":"https:\/\/www.anovapeneira.gal\/","name":"","description":"Xornal galego de informaci\u00f3n xeral Publicaci\u00f3n mensual de novas de Galicia e en especial dos Concellos da sur da provincia de Pontevedra.","publisher":{"@id":"https:\/\/www.anovapeneira.gal\/#organization"},"potentialAction":[{"@type":"SearchAction","target":{"@type":"EntryPoint","urlTemplate":"https:\/\/www.anovapeneira.gal\/?s={search_term_string}"},"query-input":{"@type":"PropertyValueSpecification","valueRequired":true,"valueName":"search_term_string"}}],"inLanguage":"gl-ES"},{"@type":"Organization","@id":"https:\/\/www.anovapeneira.gal\/#organization","name":"A Nova Peneira","url":"https:\/\/www.anovapeneira.gal\/","logo":{"@type":"ImageObject","inLanguage":"gl-ES","@id":"https:\/\/www.anovapeneira.gal\/#\/schema\/logo\/image\/","url":"http:\/\/www.anovapeneira.gal\/wp-content\/uploads\/2019\/06\/logo_a_nova_peneira_portal_web.png","contentUrl":"http:\/\/www.anovapeneira.gal\/wp-content\/uploads\/2019\/06\/logo_a_nova_peneira_portal_web.png","width":300,"height":100,"caption":"A Nova Peneira"},"image":{"@id":"https:\/\/www.anovapeneira.gal\/#\/schema\/logo\/image\/"},"sameAs":["https:\/\/www.facebook.com\/anovapeneira","https:\/\/x.com\/APeneira"]},{"@type":"Person","@id":"https:\/\/www.anovapeneira.gal\/#\/schema\/person\/7be457f9e52a375e5103ee81d3ae0393","name":"Xabier Toba","image":{"@type":"ImageObject","inLanguage":"gl-ES","@id":"https:\/\/secure.gravatar.com\/avatar\/4e465fb3bb080c37e2935a1e5929151335e1dffed5e0d17cf582825522df454d?s=96&d=mm&r=g","url":"https:\/\/secure.gravatar.com\/avatar\/4e465fb3bb080c37e2935a1e5929151335e1dffed5e0d17cf582825522df454d?s=96&d=mm&r=g","contentUrl":"https:\/\/secure.gravatar.com\/avatar\/4e465fb3bb080c37e2935a1e5929151335e1dffed5e0d17cf582825522df454d?s=96&d=mm&r=g","caption":"Xabier Toba"},"url":"https:\/\/www.anovapeneira.gal\/index.php\/author\/xabiertoba\/"}]}},"jetpack_featured_media_url":"https:\/\/www.anovapeneira.gal\/wp-content\/uploads\/2019\/07\/ARTIGO_DE_OPINION_A_NOVA_PENEIRA.jpg","_links":{"self":[{"href":"https:\/\/www.anovapeneira.gal\/index.php\/wp-json\/wp\/v2\/posts\/3353","targetHints":{"allow":["GET"]}}],"collection":[{"href":"https:\/\/www.anovapeneira.gal\/index.php\/wp-json\/wp\/v2\/posts"}],"about":[{"href":"https:\/\/www.anovapeneira.gal\/index.php\/wp-json\/wp\/v2\/types\/post"}],"author":[{"embeddable":true,"href":"https:\/\/www.anovapeneira.gal\/index.php\/wp-json\/wp\/v2\/users\/27"}],"replies":[{"embeddable":true,"href":"https:\/\/www.anovapeneira.gal\/index.php\/wp-json\/wp\/v2\/comments?post=3353"}],"version-history":[{"count":1,"href":"https:\/\/www.anovapeneira.gal\/index.php\/wp-json\/wp\/v2\/posts\/3353\/revisions"}],"predecessor-version":[{"id":3354,"href":"https:\/\/www.anovapeneira.gal\/index.php\/wp-json\/wp\/v2\/posts\/3353\/revisions\/3354"}],"wp:featuredmedia":[{"embeddable":true,"href":"https:\/\/www.anovapeneira.gal\/index.php\/wp-json\/wp\/v2\/media\/584"}],"wp:attachment":[{"href":"https:\/\/www.anovapeneira.gal\/index.php\/wp-json\/wp\/v2\/media?parent=3353"}],"wp:term":[{"taxonomy":"category","embeddable":true,"href":"https:\/\/www.anovapeneira.gal\/index.php\/wp-json\/wp\/v2\/categories?post=3353"},{"taxonomy":"post_tag","embeddable":true,"href":"https:\/\/www.anovapeneira.gal\/index.php\/wp-json\/wp\/v2\/tags?post=3353"}],"curies":[{"name":"wp","href":"https:\/\/api.w.org\/{rel}","templated":true}]}}