{"id":3364,"date":"2020-06-25T10:00:33","date_gmt":"2020-06-25T08:00:33","guid":{"rendered":"http:\/\/www.anovapeneira.gal\/?p=3364"},"modified":"2020-06-21T22:57:59","modified_gmt":"2020-06-21T20:57:59","slug":"o-vigo-dos-caminos","status":"publish","type":"post","link":"https:\/\/www.anovapeneira.gal\/index.php\/2020\/06\/25\/o-vigo-dos-caminos\/","title":{"rendered":"O Vigo dos cami\u00f1os"},"content":{"rendered":"\n<figure class=\"wp-block-image size-large is-resized is-style-default\"><img loading=\"lazy\" decoding=\"async\" src=\"http:\/\/www.anovapeneira.gal\/wp-content\/uploads\/2020\/06\/carlos_meixome_a_nova_peneira.jpg\" alt=\"Carlos M\u00e9ixome Opini\u00f3n A Nova Peneira\" class=\"wp-image-3375\" width=\"95\" height=\"111\"\/><figcaption>Carlos M\u00e9ixome<\/figcaption><\/figure>\n\n\n\n<p>Cadrou que ao meu t\u00edo-av\u00f3 Nilo pillouno o do coranovirus en Vigo. Vi\u00f1era dar unha volta, como fai de cando en vez, para respirar un chisco, di el. Para sa\u00edr da casa e non ter que aguantar a meu av\u00f3 durante uns d\u00edas, na realidade. Trouxo, como sempre, un par de queixos, un de nabiza, curado, e outro fresco, de teti\u00f1a, d\u00faas ducias de chourizos e un tarro de mel \u201cAntoxo do Carrio\u201d. Ao mel non lle tirou a etiqueta, pero si aos chourizos; os queixos non a te\u00f1en. Meu t\u00edo-av\u00f3 non quere que se saiba onde merca eses praceres ol\u00edmpicos, non vaia ser que os produtores se fagan famosos e, polo moito vender, se envicien nos cartos e despois consideren que \u00e9 un negocio e fabriquen purrela. Para protexer estas delicias do padal hai que manter o segredo, di.&nbsp;<\/p>\n\n\n\n<p>Meu t\u00edo-av\u00f3 para pouco na cidade. A verdade \u00e9 que limita a s\u00faa visita a un paseo polo Castro para ollar as C\u00edes coa nostalxia das d\u00faas viaxes \u00e1 outra beira. Unha de ben cativo; outra, que tampouco durou moito, cando Franco abriu as portas para aliviar as presi\u00f3ns demogr\u00e1ficas no seu estado de miseria. Retornou, sendo xa un home, cando, di el, \u201cal\u00e1 deixei todo\u201d. Ningu\u00e9n soubo nunca que era aquel \u201ctodo\u201d que al\u00e1 deixara.<\/p>\n\n\n\n<p>O outro rito urbano co que cumpre meu t\u00edo-av\u00f3 \u00e9 deitar sosegadas e apampadas olladas a algunhas das vivendas das r\u00faas con nomes que ningu\u00e9n co\u00f1ece. G\u00fastalle deixar uns bos minutos repasando os perpia\u00f1os enfeitados pola arte dos canteiros. Nesta casa deb\u00edan po\u00f1er o nome do mestre canteiro e do arquitecto, se \u00e9 que o houbo, na vez de tanto letreiro raro, afirma admirado. Co dos letreiros extravagantes ref\u00edrese ao costume vigu\u00e9s de po\u00f1er nomes estra\u00f1os \u00e1s r\u00faas; Urzaiz, mira ti; Policarpo Sanz, quen co\u00f1o ser\u00eda; Garc\u00eda Barb\u00f3n, un ricach\u00f3n; Pr\u00edncipe ou Constituci\u00f3n, cal deles e delas?, remoe entre dentes mentres achina os ollos para percibir mellor o Pacewicz da Escola de Artes e Oficios. E despois as outras, as de Am\u00e9rica todas entremesturadas que nunca sabes cal \u00e9 cal. E logo eses sitios non ti\u00f1an nomes normais, porque llos roubaron?, preg\u00fantase fung\u00f3n.<\/p>\n\n\n\n<p>O caso foi que por orde do mando \u00fanico tivemos que ficar na casa, cos dous cativos. En total cinco. Os primeiros d\u00edas, a\u00ednda tal, pero despois das primeiras semanas os rapaces posu\u00eddos polo formigo, non acougaban nin para durmir.<\/p>\n\n\n\n<p>Foi daquela, xa mougados queixos e chourizos e raspillado o bote de mel, que acordamos ocupar a casa da t\u00eda Evelina, t\u00eda do meu t\u00edo-av\u00f3, non moito m\u00e1is vella ca el, vi\u00fava sen fillos dende tempo inmemorial e resistente nunha residencia. Foi o trato que fixeron por tel\u00e9fono. Iamos para a s\u00faa casa en troques de aireala e que se vise con xente nela por se algo se lle pasaba polas mentes aos ocupas. As\u00ed chegamos, para pasar o resto da reclusi\u00f3n, a San Miguel de Oia. Parroquia viguesa, en contraposici\u00f3n co outro Vigo, e tam\u00e9n en contraste consigo mesma.<\/p>\n\n\n\n<p>Cando o mando \u00fanico nos deixou estarricar as pernas, comezamos a percorrer a parroquia amodi\u00f1o, no silencio interrompido de cando en vez por un autom\u00f3bil; no sosego instigado polo murmurio das augas a correr por levadas e regatos; no rechouch\u00edo de paxaros das m\u00e1is diversas castes, cada d\u00eda m\u00e1is ousados na s\u00faa expansi\u00f3n cara a territorios usurpados polo humanos, do mesmo xeito que un amplo espazo abandonado, por un tempo, pola especulaci\u00f3n se converteu en territorio exclusivo de centos de coellos, acompa\u00f1ados polas s\u00faas cr\u00edas, que, postos en ringleira \u00e1 beira da estrada, ollan curiosos os transe\u00fantes mentres reviran o bico; as herbas vizosas, os eidos inzados de estalotes de san Xo\u00e1n como hab\u00eda anos que non se vira, fentos, fi\u00fanchos, pampullos, xestas e codesos brillaban nun florido maio.<\/p>\n\n\n\n<p>Nos apousados paseos, para el tan necesarios, faciamos un alto cada pouco. Primeiro d\u00e9uselle por ollar as palmeiras decepadas pola pandemia anterior, a do bicudo, que a el tanto lle afectou por lembrarlle as \u00e1rbores empenachadas aquelas terras nas que \u201ctanto deixou\u201d e que as xentes de aqu\u00ed ignoraron, ag\u00e1s que tivesen que apandar cos gastos de tratalas ou queimar os cad\u00e1veres. A\u00ednda que procurabamos non erguer moito a voz, nin armar barullo, \u00e1s veces, sen querer, provocabamos alg\u00fan que outro \u201carrabeac\u00e1n\u201d, que cando mozo tanto o divert\u00edan e agora ben que o amolaban; a broma consist\u00eda en que cando pasaban polo medio das aldeas, de regreso das festas, na vez de procurar atravesalas con acougo, fac\u00edano armando o maior estrondo pos\u00edbel para provocar os cans e incitalos a un concerto de ladridos que espertase a aldea, o \u00e9xito med\u00edase polo n\u00famero de luces que se acend\u00edan por mor da serenata canina, e a r\u00e1pida fuxida para que non os reco\u00f1ecesen.<\/p>\n\n\n\n<p>Foi naquelas breves andainas iniciais cando se decatou da diferente nomeada entre o Vigo que deixaramos inzado de nomes se\u00f1oriais de tempos pasados e de pa\u00edses americanos e este outro Vigo onde non hab\u00eda r\u00faas sen\u00f3n cami\u00f1os que levaban, ou levaron, a alg\u00fan sitio, a alg\u00fan lugar preciso. Uns eran transparentes na s\u00faa direcci\u00f3n, a\u00ednda que hoxe perdesen parte do seu evidente significado; o cami\u00f1o dos Li\u00f1ares, levaba onda a capela da virxe que fecundaba os campos de li\u00f1o; o da Ermida, a\u00ednda que cun extempor\u00e1neo \u201cH\u201d inicial, ao lugar onde antes estivera, en tempos recuados, a igrexa; o da Lavandeira, o da Pedreira, o do Silval, o das Figueiras, o do Outeiro, o do Loureiro, o dos Lagos ou o das Rochas, que leva a un sitio onde xa non quedan rochas, ou o cami\u00f1o da Verdella, inzada de plantas mi\u00fadas, ou o de Vilaverde, ou o sinxelo cami\u00f1o da Volta. Outros, xa non tan nidios, conservan a eufon\u00eda de vellos traballos labregos, como o cami\u00f1o da Devesa, onde houbo \u00e1rbores, \u00e9 a\u00ednda hai, non moi mestas; o da Senra de Abaixo, ou seara; o de Bouz\u00f3, o do Rozo, o do Toucido, o da Estea. Ou referencia a persoas: o da Matoca, onde a fonte da Matoca, o da Pichoca, o de Curr\u00e1s, o do Sixtro, o de Amariz ou o das Roteas. Outros lim\u00edtanse a indicarnos a aldea \u00e1 que nos levan, como o cami\u00f1o de Mide ou o de Oia. Non se trata de levantar acta dos cami\u00f1os, sen\u00f3n s\u00f3 de resaltar as s\u00faa denominaci\u00f3n.<\/p>\n\n\n\n<p>Por un e outro sendeiro fomos alongando os paseos segundo o mando \u00fanico nolo \u00eda permitindo. Deti\u00f1\u00e1monos ante unha casa ou outra. Unhas restauradas de xeito ben aquelado, outras con discut\u00edbel gusto; vivendas de tipolox\u00eda variada, unhas, con aire de chal\u00e9 de novo rico, outras, con colorido rechamante, o que nos fixo lembrar un comentario do arquitecto Gallego Jorreto, hai moitos anos e non moi lonxe de San Miguel de Oia. Dixo o meu conterr\u00e1neo do Carballi\u00f1o, onde ambos, e moitos outros, estivemos de paso, algo as\u00ed como que aos paisanos, como aos nenos, hab\u00eda que esconderlles a caixa das pinturas. En fin, ata ollamos vivendas cun coidado dese\u00f1o contempor\u00e1neo. De todo se pod\u00eda atopar naquel revoltallo de cami\u00f1os que \u00edan e vi\u00f1an, moitos deles sen sa\u00edda por remataren nun portal\u00f3n, nun muro de peche ou nun arame verde arredor do predio, naquel eido onde remataba a antiga servidume de paso.<\/p>\n\n\n\n<p>Nas casas m\u00e1is vellas, tanto nas mellor conservadas como nas m\u00e1is estragadas, pero tam\u00e9n en moitas de nova planta, aparec\u00eda, maxestoso, un h\u00f3rreo ben coidado, mesmo \u00e1s veces case encanastrado nunha vivenda \u00e1 que lle dificultaba o seu acceso; non \u00e9 un aditamento trampulleiro de chal\u00e9 de rico, sen\u00f3n o que mant\u00e9n a bandeira ergueita dunha econom\u00eda labrega que non hai moitos anos manti\u00f1a os seus habitantes, a\u00ednda que hoxe a gran maior\u00eda sexan man de obra terciaria. A\u00ednda as\u00ed con tempo e ganas, eles ou os m\u00e1is maiores, eran quen de telo aquelado no medio duns xardinci\u00f1os con rosas e por tras deles coidar unhas hortas m\u00e1is ou menos extensas que \u00e1s veces se iluminan con vangardistas instalaci\u00f3ns de espantallos. Unha actividade agr\u00edcola limitada \u00e1 horticultura pero ben viva nesta, como en moitas outras, parroquias da autodenominada primeira cidade de Galicia.<\/p>\n\n\n\n<p>De certo que o dese\u00f1o xeogr\u00e1fico de San Miguel \u00e9 un tanto chusco, ao xeito dun tri\u00e1ngulo is\u00f3sceles atravesado por d\u00faas paralelas. A base \u00e9 a franxa costeira, dende a estrema de Coruxo ata a de Sai\u00e1ns. A estrada, denominada oficialmente Pontevedra-Camposancos, fragmenta o pol\u00edgono e deslinda o n\u00facleo habitado dun escaso anaco de monte e, case en paralelo, a estradi\u00f1a que ocupa os vellos terreos da li\u00f1a f\u00e9rrea do tranv\u00eda Vigo-A Ramallosa afasta do resto da parroquia un mundo tan contraposto como o de Vigo-centro e o Vigo perif\u00e9rico.<\/p>\n\n\n\n<p>Entre a \u201cautov\u00eda\u201d, as\u00ed se segue a denominar, con incr\u00edbel fantas\u00eda, a primeira estrada da rede auton\u00f3mica, inaugurada por Fern\u00e1ndez Albor en 1984, e a franxa costeira, desenvolveuse o vello n\u00facleo mari\u00f1eiro, e nunha determinada altura asent\u00e1ronse varias conserveiras, hoxe desaparecidas, e os seus propietarios.<\/p>\n\n\n\n<p>Nesa franxa xa non hai cami\u00f1os, sen\u00f3n r\u00faas. As vivendas non te\u00f1en hortas, sen\u00f3n xard\u00edns con plantas con m\u00e1is avoengo que as vulgares rosas, e \u00e1rbores m\u00e1is ex\u00f3ticas que o limoeiro, e as vellas casas con discreto aire de pazo p\u00e9treo e tella do pa\u00eds, moitas dese\u00f1adas por G\u00f3mez Rom\u00e1n, ficaron arrodeadas por chal\u00e9s acaroados de mal gusto denominados \u201curbanizaci\u00f3ns\u201d, aderezados, de cando en vez, por algunha que outra vivenda con devezos de amosar estatus.<\/p>\n\n\n\n<p>Eu expl\u00edcolle a meu t\u00edo-av\u00f3 Nilo que Vigo medrara por absorci\u00f3n, que non era como a Coru\u00f1a e que, en fin, Galicia \u00e9 territorio propio para vivir esparexido, que por iso non temos unha gran cidade\u2026<\/p>\n\n\n\n<p>El retr\u00facame cun d\u00e9ixate de lerias, cada un vive como lle parece ou como pode e os que catan as leitugas ou os tomates da horta, ag\u00e1s os parvos que tam\u00e9n os hai, non as vai mercar ao \u201csuper\u201d.<\/p>\n","protected":false},"excerpt":{"rendered":"<div class=\"mh-excerpt\"><p>Cadrou que ao meu t\u00edo-av\u00f3 Nilo pillouno o do coranovirus en Vigo. Vi\u00f1era dar unha volta, como fai de cando en vez, para respirar un chisco, di el. Para sa\u00edr da casa e non ter que aguantar a meu av\u00f3 durante uns d\u00edas, na realidade <a class=\"mh-excerpt-more\" href=\"https:\/\/www.anovapeneira.gal\/index.php\/2020\/06\/25\/o-vigo-dos-caminos\/\" title=\"O Vigo dos cami\u00f1os\">[&#8230;]<\/a><\/p>\n<\/div>","protected":false},"author":28,"featured_media":3365,"comment_status":"open","ping_status":"open","sticky":false,"template":"","format":"standard","meta":{"_exactmetrics_skip_tracking":false,"_exactmetrics_sitenote_active":false,"_exactmetrics_sitenote_note":"","_exactmetrics_sitenote_category":0,"footnotes":""},"categories":[7],"tags":[227,1040,1118],"class_list":{"0":"post-3364","1":"post","2":"type-post","3":"status-publish","4":"format-standard","5":"has-post-thumbnail","7":"category-artigos-de-opinion","8":"tag-concello-de-vigo","9":"tag-covid-19","10":"tag-san-xoan"},"yoast_head":"<!-- This site is optimized with the Yoast SEO plugin v27.4 - https:\/\/yoast.com\/product\/yoast-seo-wordpress\/ -->\n<title>O Vigo dos cami\u00f1os -<\/title>\n<meta name=\"robots\" content=\"index, follow, max-snippet:-1, max-image-preview:large, max-video-preview:-1\" \/>\n<link rel=\"canonical\" href=\"https:\/\/www.anovapeneira.gal\/index.php\/2020\/06\/25\/o-vigo-dos-caminos\/\" \/>\n<meta property=\"og:locale\" content=\"gl_ES\" \/>\n<meta property=\"og:type\" content=\"article\" \/>\n<meta property=\"og:title\" content=\"O Vigo dos cami\u00f1os -\" \/>\n<meta property=\"og:description\" content=\"Cadrou que ao meu t\u00edo-av\u00f3 Nilo pillouno o do coranovirus en Vigo. Vi\u00f1era dar unha volta, como fai de cando en vez, para respirar un chisco, di el. Para sa\u00edr da casa e non ter que aguantar a meu av\u00f3 durante uns d\u00edas, na realidade [...]\" \/>\n<meta property=\"og:url\" content=\"https:\/\/www.anovapeneira.gal\/index.php\/2020\/06\/25\/o-vigo-dos-caminos\/\" \/>\n<meta property=\"article:publisher\" content=\"https:\/\/www.facebook.com\/anovapeneira\" \/>\n<meta property=\"article:published_time\" content=\"2020-06-25T08:00:33+00:00\" \/>\n<meta property=\"og:image\" content=\"https:\/\/www.anovapeneira.gal\/wp-content\/uploads\/2020\/06\/Estalotes-de-San-Xoan_a_nova_peneira.jpg\" \/>\n\t<meta property=\"og:image:width\" content=\"720\" \/>\n\t<meta property=\"og:image:height\" content=\"432\" \/>\n\t<meta property=\"og:image:type\" content=\"image\/jpeg\" \/>\n<meta name=\"author\" content=\"Carlos M\u00e9ixome\" \/>\n<meta name=\"twitter:card\" content=\"summary_large_image\" \/>\n<meta name=\"twitter:creator\" content=\"@APeneira\" \/>\n<meta name=\"twitter:site\" content=\"@APeneira\" \/>\n<meta name=\"twitter:label1\" content=\"Escrito por\" \/>\n\t<meta name=\"twitter:data1\" content=\"Carlos M\u00e9ixome\" \/>\n\t<meta name=\"twitter:label2\" content=\"Tempo de lectura\" \/>\n\t<meta name=\"twitter:data2\" content=\"9 minutos\" \/>\n<script type=\"application\/ld+json\" class=\"yoast-schema-graph\">{\"@context\":\"https:\\\/\\\/schema.org\",\"@graph\":[{\"@type\":\"Article\",\"@id\":\"https:\\\/\\\/www.anovapeneira.gal\\\/index.php\\\/2020\\\/06\\\/25\\\/o-vigo-dos-caminos\\\/#article\",\"isPartOf\":{\"@id\":\"https:\\\/\\\/www.anovapeneira.gal\\\/index.php\\\/2020\\\/06\\\/25\\\/o-vigo-dos-caminos\\\/\"},\"author\":{\"name\":\"Carlos M\u00e9ixome\",\"@id\":\"https:\\\/\\\/www.anovapeneira.gal\\\/#\\\/schema\\\/person\\\/2b153a5dc1eb464bd57627c809057031\"},\"headline\":\"O Vigo dos cami\u00f1os\",\"datePublished\":\"2020-06-25T08:00:33+00:00\",\"mainEntityOfPage\":{\"@id\":\"https:\\\/\\\/www.anovapeneira.gal\\\/index.php\\\/2020\\\/06\\\/25\\\/o-vigo-dos-caminos\\\/\"},\"wordCount\":1807,\"commentCount\":0,\"publisher\":{\"@id\":\"https:\\\/\\\/www.anovapeneira.gal\\\/#organization\"},\"image\":{\"@id\":\"https:\\\/\\\/www.anovapeneira.gal\\\/index.php\\\/2020\\\/06\\\/25\\\/o-vigo-dos-caminos\\\/#primaryimage\"},\"thumbnailUrl\":\"https:\\\/\\\/www.anovapeneira.gal\\\/wp-content\\\/uploads\\\/2020\\\/06\\\/Estalotes-de-San-Xoan_a_nova_peneira.jpg\",\"keywords\":[\"Concello de Vigo\",\"COVID-19\",\"San Xo\u00e1n\"],\"articleSection\":[\"Artigos de opini\u00f3n\"],\"inLanguage\":\"gl-ES\",\"potentialAction\":[{\"@type\":\"CommentAction\",\"name\":\"Comment\",\"target\":[\"https:\\\/\\\/www.anovapeneira.gal\\\/index.php\\\/2020\\\/06\\\/25\\\/o-vigo-dos-caminos\\\/#respond\"]}]},{\"@type\":\"WebPage\",\"@id\":\"https:\\\/\\\/www.anovapeneira.gal\\\/index.php\\\/2020\\\/06\\\/25\\\/o-vigo-dos-caminos\\\/\",\"url\":\"https:\\\/\\\/www.anovapeneira.gal\\\/index.php\\\/2020\\\/06\\\/25\\\/o-vigo-dos-caminos\\\/\",\"name\":\"O Vigo dos cami\u00f1os -\",\"isPartOf\":{\"@id\":\"https:\\\/\\\/www.anovapeneira.gal\\\/#website\"},\"primaryImageOfPage\":{\"@id\":\"https:\\\/\\\/www.anovapeneira.gal\\\/index.php\\\/2020\\\/06\\\/25\\\/o-vigo-dos-caminos\\\/#primaryimage\"},\"image\":{\"@id\":\"https:\\\/\\\/www.anovapeneira.gal\\\/index.php\\\/2020\\\/06\\\/25\\\/o-vigo-dos-caminos\\\/#primaryimage\"},\"thumbnailUrl\":\"https:\\\/\\\/www.anovapeneira.gal\\\/wp-content\\\/uploads\\\/2020\\\/06\\\/Estalotes-de-San-Xoan_a_nova_peneira.jpg\",\"datePublished\":\"2020-06-25T08:00:33+00:00\",\"breadcrumb\":{\"@id\":\"https:\\\/\\\/www.anovapeneira.gal\\\/index.php\\\/2020\\\/06\\\/25\\\/o-vigo-dos-caminos\\\/#breadcrumb\"},\"inLanguage\":\"gl-ES\",\"potentialAction\":[{\"@type\":\"ReadAction\",\"target\":[\"https:\\\/\\\/www.anovapeneira.gal\\\/index.php\\\/2020\\\/06\\\/25\\\/o-vigo-dos-caminos\\\/\"]}]},{\"@type\":\"ImageObject\",\"inLanguage\":\"gl-ES\",\"@id\":\"https:\\\/\\\/www.anovapeneira.gal\\\/index.php\\\/2020\\\/06\\\/25\\\/o-vigo-dos-caminos\\\/#primaryimage\",\"url\":\"https:\\\/\\\/www.anovapeneira.gal\\\/wp-content\\\/uploads\\\/2020\\\/06\\\/Estalotes-de-San-Xoan_a_nova_peneira.jpg\",\"contentUrl\":\"https:\\\/\\\/www.anovapeneira.gal\\\/wp-content\\\/uploads\\\/2020\\\/06\\\/Estalotes-de-San-Xoan_a_nova_peneira.jpg\",\"width\":720,\"height\":432,\"caption\":\"Estalotes de San Xo\u00e1n A Nova Peneira\"},{\"@type\":\"BreadcrumbList\",\"@id\":\"https:\\\/\\\/www.anovapeneira.gal\\\/index.php\\\/2020\\\/06\\\/25\\\/o-vigo-dos-caminos\\\/#breadcrumb\",\"itemListElement\":[{\"@type\":\"ListItem\",\"position\":1,\"name\":\"Portada\",\"item\":\"https:\\\/\\\/www.anovapeneira.gal\\\/\"},{\"@type\":\"ListItem\",\"position\":2,\"name\":\"O Vigo dos cami\u00f1os\"}]},{\"@type\":\"WebSite\",\"@id\":\"https:\\\/\\\/www.anovapeneira.gal\\\/#website\",\"url\":\"https:\\\/\\\/www.anovapeneira.gal\\\/\",\"name\":\"\",\"description\":\"Xornal galego de informaci\u00f3n xeral Publicaci\u00f3n mensual de novas de Galicia e en especial dos Concellos da sur da provincia de Pontevedra.\",\"publisher\":{\"@id\":\"https:\\\/\\\/www.anovapeneira.gal\\\/#organization\"},\"potentialAction\":[{\"@type\":\"SearchAction\",\"target\":{\"@type\":\"EntryPoint\",\"urlTemplate\":\"https:\\\/\\\/www.anovapeneira.gal\\\/?s={search_term_string}\"},\"query-input\":{\"@type\":\"PropertyValueSpecification\",\"valueRequired\":true,\"valueName\":\"search_term_string\"}}],\"inLanguage\":\"gl-ES\"},{\"@type\":\"Organization\",\"@id\":\"https:\\\/\\\/www.anovapeneira.gal\\\/#organization\",\"name\":\"A Nova Peneira\",\"url\":\"https:\\\/\\\/www.anovapeneira.gal\\\/\",\"logo\":{\"@type\":\"ImageObject\",\"inLanguage\":\"gl-ES\",\"@id\":\"https:\\\/\\\/www.anovapeneira.gal\\\/#\\\/schema\\\/logo\\\/image\\\/\",\"url\":\"http:\\\/\\\/www.anovapeneira.gal\\\/wp-content\\\/uploads\\\/2019\\\/06\\\/logo_a_nova_peneira_portal_web.png\",\"contentUrl\":\"http:\\\/\\\/www.anovapeneira.gal\\\/wp-content\\\/uploads\\\/2019\\\/06\\\/logo_a_nova_peneira_portal_web.png\",\"width\":300,\"height\":100,\"caption\":\"A Nova Peneira\"},\"image\":{\"@id\":\"https:\\\/\\\/www.anovapeneira.gal\\\/#\\\/schema\\\/logo\\\/image\\\/\"},\"sameAs\":[\"https:\\\/\\\/www.facebook.com\\\/anovapeneira\",\"https:\\\/\\\/x.com\\\/APeneira\"]},{\"@type\":\"Person\",\"@id\":\"https:\\\/\\\/www.anovapeneira.gal\\\/#\\\/schema\\\/person\\\/2b153a5dc1eb464bd57627c809057031\",\"name\":\"Carlos M\u00e9ixome\",\"image\":{\"@type\":\"ImageObject\",\"inLanguage\":\"gl-ES\",\"@id\":\"https:\\\/\\\/secure.gravatar.com\\\/avatar\\\/4a156c6183f8f634f0b5226ef6d55cfbb3b2fe17a025ab46bfb1c737c737f0cf?s=96&d=mm&r=g\",\"url\":\"https:\\\/\\\/secure.gravatar.com\\\/avatar\\\/4a156c6183f8f634f0b5226ef6d55cfbb3b2fe17a025ab46bfb1c737c737f0cf?s=96&d=mm&r=g\",\"contentUrl\":\"https:\\\/\\\/secure.gravatar.com\\\/avatar\\\/4a156c6183f8f634f0b5226ef6d55cfbb3b2fe17a025ab46bfb1c737c737f0cf?s=96&d=mm&r=g\",\"caption\":\"Carlos M\u00e9ixome\"},\"url\":\"https:\\\/\\\/www.anovapeneira.gal\\\/index.php\\\/author\\\/carlosmeixome\\\/\"}]}<\/script>\n<!-- \/ Yoast SEO plugin. -->","yoast_head_json":{"title":"O Vigo dos cami\u00f1os -","robots":{"index":"index","follow":"follow","max-snippet":"max-snippet:-1","max-image-preview":"max-image-preview:large","max-video-preview":"max-video-preview:-1"},"canonical":"https:\/\/www.anovapeneira.gal\/index.php\/2020\/06\/25\/o-vigo-dos-caminos\/","og_locale":"gl_ES","og_type":"article","og_title":"O Vigo dos cami\u00f1os -","og_description":"Cadrou que ao meu t\u00edo-av\u00f3 Nilo pillouno o do coranovirus en Vigo. Vi\u00f1era dar unha volta, como fai de cando en vez, para respirar un chisco, di el. Para sa\u00edr da casa e non ter que aguantar a meu av\u00f3 durante uns d\u00edas, na realidade [...]","og_url":"https:\/\/www.anovapeneira.gal\/index.php\/2020\/06\/25\/o-vigo-dos-caminos\/","article_publisher":"https:\/\/www.facebook.com\/anovapeneira","article_published_time":"2020-06-25T08:00:33+00:00","og_image":[{"width":720,"height":432,"url":"https:\/\/www.anovapeneira.gal\/wp-content\/uploads\/2020\/06\/Estalotes-de-San-Xoan_a_nova_peneira.jpg","type":"image\/jpeg"}],"author":"Carlos M\u00e9ixome","twitter_card":"summary_large_image","twitter_creator":"@APeneira","twitter_site":"@APeneira","twitter_misc":{"Escrito por":"Carlos M\u00e9ixome","Tempo de lectura":"9 minutos"},"schema":{"@context":"https:\/\/schema.org","@graph":[{"@type":"Article","@id":"https:\/\/www.anovapeneira.gal\/index.php\/2020\/06\/25\/o-vigo-dos-caminos\/#article","isPartOf":{"@id":"https:\/\/www.anovapeneira.gal\/index.php\/2020\/06\/25\/o-vigo-dos-caminos\/"},"author":{"name":"Carlos M\u00e9ixome","@id":"https:\/\/www.anovapeneira.gal\/#\/schema\/person\/2b153a5dc1eb464bd57627c809057031"},"headline":"O Vigo dos cami\u00f1os","datePublished":"2020-06-25T08:00:33+00:00","mainEntityOfPage":{"@id":"https:\/\/www.anovapeneira.gal\/index.php\/2020\/06\/25\/o-vigo-dos-caminos\/"},"wordCount":1807,"commentCount":0,"publisher":{"@id":"https:\/\/www.anovapeneira.gal\/#organization"},"image":{"@id":"https:\/\/www.anovapeneira.gal\/index.php\/2020\/06\/25\/o-vigo-dos-caminos\/#primaryimage"},"thumbnailUrl":"https:\/\/www.anovapeneira.gal\/wp-content\/uploads\/2020\/06\/Estalotes-de-San-Xoan_a_nova_peneira.jpg","keywords":["Concello de Vigo","COVID-19","San Xo\u00e1n"],"articleSection":["Artigos de opini\u00f3n"],"inLanguage":"gl-ES","potentialAction":[{"@type":"CommentAction","name":"Comment","target":["https:\/\/www.anovapeneira.gal\/index.php\/2020\/06\/25\/o-vigo-dos-caminos\/#respond"]}]},{"@type":"WebPage","@id":"https:\/\/www.anovapeneira.gal\/index.php\/2020\/06\/25\/o-vigo-dos-caminos\/","url":"https:\/\/www.anovapeneira.gal\/index.php\/2020\/06\/25\/o-vigo-dos-caminos\/","name":"O Vigo dos cami\u00f1os -","isPartOf":{"@id":"https:\/\/www.anovapeneira.gal\/#website"},"primaryImageOfPage":{"@id":"https:\/\/www.anovapeneira.gal\/index.php\/2020\/06\/25\/o-vigo-dos-caminos\/#primaryimage"},"image":{"@id":"https:\/\/www.anovapeneira.gal\/index.php\/2020\/06\/25\/o-vigo-dos-caminos\/#primaryimage"},"thumbnailUrl":"https:\/\/www.anovapeneira.gal\/wp-content\/uploads\/2020\/06\/Estalotes-de-San-Xoan_a_nova_peneira.jpg","datePublished":"2020-06-25T08:00:33+00:00","breadcrumb":{"@id":"https:\/\/www.anovapeneira.gal\/index.php\/2020\/06\/25\/o-vigo-dos-caminos\/#breadcrumb"},"inLanguage":"gl-ES","potentialAction":[{"@type":"ReadAction","target":["https:\/\/www.anovapeneira.gal\/index.php\/2020\/06\/25\/o-vigo-dos-caminos\/"]}]},{"@type":"ImageObject","inLanguage":"gl-ES","@id":"https:\/\/www.anovapeneira.gal\/index.php\/2020\/06\/25\/o-vigo-dos-caminos\/#primaryimage","url":"https:\/\/www.anovapeneira.gal\/wp-content\/uploads\/2020\/06\/Estalotes-de-San-Xoan_a_nova_peneira.jpg","contentUrl":"https:\/\/www.anovapeneira.gal\/wp-content\/uploads\/2020\/06\/Estalotes-de-San-Xoan_a_nova_peneira.jpg","width":720,"height":432,"caption":"Estalotes de San Xo\u00e1n A Nova Peneira"},{"@type":"BreadcrumbList","@id":"https:\/\/www.anovapeneira.gal\/index.php\/2020\/06\/25\/o-vigo-dos-caminos\/#breadcrumb","itemListElement":[{"@type":"ListItem","position":1,"name":"Portada","item":"https:\/\/www.anovapeneira.gal\/"},{"@type":"ListItem","position":2,"name":"O Vigo dos cami\u00f1os"}]},{"@type":"WebSite","@id":"https:\/\/www.anovapeneira.gal\/#website","url":"https:\/\/www.anovapeneira.gal\/","name":"","description":"Xornal galego de informaci\u00f3n xeral Publicaci\u00f3n mensual de novas de Galicia e en especial dos Concellos da sur da provincia de Pontevedra.","publisher":{"@id":"https:\/\/www.anovapeneira.gal\/#organization"},"potentialAction":[{"@type":"SearchAction","target":{"@type":"EntryPoint","urlTemplate":"https:\/\/www.anovapeneira.gal\/?s={search_term_string}"},"query-input":{"@type":"PropertyValueSpecification","valueRequired":true,"valueName":"search_term_string"}}],"inLanguage":"gl-ES"},{"@type":"Organization","@id":"https:\/\/www.anovapeneira.gal\/#organization","name":"A Nova Peneira","url":"https:\/\/www.anovapeneira.gal\/","logo":{"@type":"ImageObject","inLanguage":"gl-ES","@id":"https:\/\/www.anovapeneira.gal\/#\/schema\/logo\/image\/","url":"http:\/\/www.anovapeneira.gal\/wp-content\/uploads\/2019\/06\/logo_a_nova_peneira_portal_web.png","contentUrl":"http:\/\/www.anovapeneira.gal\/wp-content\/uploads\/2019\/06\/logo_a_nova_peneira_portal_web.png","width":300,"height":100,"caption":"A Nova Peneira"},"image":{"@id":"https:\/\/www.anovapeneira.gal\/#\/schema\/logo\/image\/"},"sameAs":["https:\/\/www.facebook.com\/anovapeneira","https:\/\/x.com\/APeneira"]},{"@type":"Person","@id":"https:\/\/www.anovapeneira.gal\/#\/schema\/person\/2b153a5dc1eb464bd57627c809057031","name":"Carlos M\u00e9ixome","image":{"@type":"ImageObject","inLanguage":"gl-ES","@id":"https:\/\/secure.gravatar.com\/avatar\/4a156c6183f8f634f0b5226ef6d55cfbb3b2fe17a025ab46bfb1c737c737f0cf?s=96&d=mm&r=g","url":"https:\/\/secure.gravatar.com\/avatar\/4a156c6183f8f634f0b5226ef6d55cfbb3b2fe17a025ab46bfb1c737c737f0cf?s=96&d=mm&r=g","contentUrl":"https:\/\/secure.gravatar.com\/avatar\/4a156c6183f8f634f0b5226ef6d55cfbb3b2fe17a025ab46bfb1c737c737f0cf?s=96&d=mm&r=g","caption":"Carlos M\u00e9ixome"},"url":"https:\/\/www.anovapeneira.gal\/index.php\/author\/carlosmeixome\/"}]}},"jetpack_featured_media_url":"https:\/\/www.anovapeneira.gal\/wp-content\/uploads\/2020\/06\/Estalotes-de-San-Xoan_a_nova_peneira.jpg","_links":{"self":[{"href":"https:\/\/www.anovapeneira.gal\/index.php\/wp-json\/wp\/v2\/posts\/3364","targetHints":{"allow":["GET"]}}],"collection":[{"href":"https:\/\/www.anovapeneira.gal\/index.php\/wp-json\/wp\/v2\/posts"}],"about":[{"href":"https:\/\/www.anovapeneira.gal\/index.php\/wp-json\/wp\/v2\/types\/post"}],"author":[{"embeddable":true,"href":"https:\/\/www.anovapeneira.gal\/index.php\/wp-json\/wp\/v2\/users\/28"}],"replies":[{"embeddable":true,"href":"https:\/\/www.anovapeneira.gal\/index.php\/wp-json\/wp\/v2\/comments?post=3364"}],"version-history":[{"count":3,"href":"https:\/\/www.anovapeneira.gal\/index.php\/wp-json\/wp\/v2\/posts\/3364\/revisions"}],"predecessor-version":[{"id":3378,"href":"https:\/\/www.anovapeneira.gal\/index.php\/wp-json\/wp\/v2\/posts\/3364\/revisions\/3378"}],"wp:featuredmedia":[{"embeddable":true,"href":"https:\/\/www.anovapeneira.gal\/index.php\/wp-json\/wp\/v2\/media\/3365"}],"wp:attachment":[{"href":"https:\/\/www.anovapeneira.gal\/index.php\/wp-json\/wp\/v2\/media?parent=3364"}],"wp:term":[{"taxonomy":"category","embeddable":true,"href":"https:\/\/www.anovapeneira.gal\/index.php\/wp-json\/wp\/v2\/categories?post=3364"},{"taxonomy":"post_tag","embeddable":true,"href":"https:\/\/www.anovapeneira.gal\/index.php\/wp-json\/wp\/v2\/tags?post=3364"}],"curies":[{"name":"wp","href":"https:\/\/api.w.org\/{rel}","templated":true}]}}