{"id":3367,"date":"2020-06-25T12:00:10","date_gmt":"2020-06-25T10:00:10","guid":{"rendered":"http:\/\/www.anovapeneira.gal\/?p=3367"},"modified":"2020-06-21T22:44:38","modified_gmt":"2020-06-21T20:44:38","slug":"a-illa-ons-en-loita","status":"publish","type":"post","link":"https:\/\/www.anovapeneira.gal\/index.php\/2020\/06\/25\/a-illa-ons-en-loita\/","title":{"rendered":"A illa Ons en loita"},"content":{"rendered":"\n<p><strong>Quixera que antes de comezar a ler esta reportaxe fixeran un exercicio de imaxinaci\u00f3n. Pensen que son propietarios dunha vivenda familiar que ten arredor de dous s\u00e9culos de existencia, varias xeraci\u00f3ns da s\u00faa familia amaron , sufriron, choraron, riron , emocion\u00e1ronse, ilusion\u00e1ronse, viviron e morreron entre as paredes que agora lle dan acubillo a vostede amigo lector ou amiga lectora. E, de s\u00fapeto algu\u00e9n decide que para poder ir \u00e1 s\u00faa casa ten que ter un carnet, e que para poder decidir a quen convida ao seu domicilio os potenciais convidados tiveran que atinxirse a un sistema de cotas, que dependendo da dispo\u00f1ibilidade num\u00e9rica pode facer que quen vostede queira convidar \u00e1 s\u00faa casa non poida ir. Semellar\u00eda surrealista verdade?, pois iso, exactamente iso, te\u00f1en que padecer os veci\u00f1os e veci\u00f1as da illa de Ons, ante a vergo\u00f1enta inacci\u00f3n da Xunta de Galicia, que se nega a sentarse con eles para escoitar as s\u00faas demandas. N\u00f3s conversamos coa presidenta da AVV da Illa de Ons<\/strong><\/p>\n\n\n\n<p><strong>Mar\u00eda P\u00e9rez Pi\u00f1eiro<\/strong><\/p>\n\n\n\n<h4 class=\"wp-block-heading\">\u201c&nbsp;<strong>\u00c9 INEXPLICABLE A ABSOLUTA FALTA DE VONTADE QUE TEN A XUNTA PARA SENTARSE CON N\u00d3S E BUSCAR UNHA SOLUCI\u00d3N AOS PROBLEMAS QUE PADECE A VECI\u00d1ANZA DA ILLA DE ONS\u201d<\/strong><\/h4>\n\n\n\n<p><strong>Es nativa de Ons?<\/strong><\/p>\n\n\n\n<blockquote class=\"wp-block-quote is-layout-flow wp-block-quote-is-layout-flow\"><p>Nac\u00edn en Bueu, os meus pa\u00eds levaban dous anos aqu\u00ed instalados cando eu nac\u00edn, pero eu consid\u00e9rome totalmente insular<\/p><\/blockquote>\n\n\n\n<p><strong>A identidade colectiva galega art\u00e9llase m\u00e1is por parroquias que por Concellos. Normalmente o sentimento de pertenza \u00e1 parroquia \u00e9 superior ao de pertenza ao Concello. No teu caso, ti es da illa?, ou es de Bueu?<\/strong><\/p>\n\n\n\n<blockquote class=\"wp-block-quote is-layout-flow wp-block-quote-is-layout-flow\"><p>Eu son da Illa. E as mi\u00f1as fillas, que naceron en Bueu tam\u00e9n se senten da Illa<\/p><\/blockquote>\n\n\n\n<p><strong>Onde Vivides?<\/strong><\/p>\n\n\n\n<blockquote class=\"wp-block-quote is-layout-flow wp-block-quote-is-layout-flow\"><p>En Beluso, pero temos casa na Illa e al\u00ed vamos sempre que podemos<\/p><\/blockquote>\n\n\n\n<p><strong>E as viaxes?<\/strong><\/p>\n\n\n\n<blockquote class=\"wp-block-quote is-layout-flow wp-block-quote-is-layout-flow\"><p>Habil\u00edtanse a partir de Xu\u00f1o para os visitantes, e a non ser que te\u00f1as unha embarcaci\u00f3n privada a iso tes que aterte<\/p><\/blockquote>\n\n\n\n<p><strong>Cantas persoas viven de forma permanente na Illa?<\/strong><\/p>\n\n\n\n<blockquote class=\"wp-block-quote is-layout-flow wp-block-quote-is-layout-flow\"><p>Agora mesmo 3 familias, en total 5 persoas, d\u00faas parellas e un home<\/p><\/blockquote>\n\n\n\n<p><strong>Supo\u00f1o que ser\u00e1n maiores, como fan para aprovisionarse?<\/strong><\/p>\n\n\n\n<blockquote class=\"wp-block-quote is-layout-flow wp-block-quote-is-layout-flow\"><p>Si, son maiores. Te\u00f1en que coordinarse cos vixiantes do parque. Aproveito para dicir que te\u00f1en un comportamento excelente. Son cinco persoas, en distintas quendas de traballo. \u00c9 dicir que os 365 d\u00edas do ano hai na illa 10 persoas, 5 nativos que viven de forma permanente e 5 vixiantes\u00a0<\/p><\/blockquote>\n\n\n\n<p><strong>Na temporada de ver\u00e1n cantas persoas podedes chegar a vivir na Illa?<\/strong><\/p>\n\n\n\n<blockquote class=\"wp-block-quote is-layout-flow wp-block-quote-is-layout-flow\"><p>A partir de semana santa, non a deste ano polas circunstancias sanitarias claro, xa se instalan na illa arredor de 20 ou 25 persoas, E as fins de semana da temporada estival, s\u00f3 cos insulares, sen turistas, podemos vivir na illa arredor de 300 persoas<\/p><\/blockquote>\n\n\n\n<p><strong>Cantas vivendas hai na illa?<\/strong><\/p>\n\n\n\n<blockquote class=\"wp-block-quote is-layout-flow wp-block-quote-is-layout-flow\"><p>Oitenta e d\u00faas<\/p><\/blockquote>\n\n\n\n<p><strong>A t\u00faa familia \u00e9 orixinaria da Illa?<\/strong><\/p>\n\n\n\n<blockquote class=\"wp-block-quote is-layout-flow wp-block-quote-is-layout-flow\"><p>Si, tanto por parte da mi\u00f1a nai como por parte do meu pai. De feito o meu bisav\u00f3 cont\u00e1banos que a nosa familia foi das 9 ou 10 primeiras que colonizou a illa<\/p><\/blockquote>\n\n\n\n<p><strong>Caramba que historia m\u00e1is bonita, e sabemos cando comezou o proceso de colonizaci\u00f3n?<\/strong><\/p>\n\n\n\n<blockquote class=\"wp-block-quote is-layout-flow wp-block-quote-is-layout-flow\"><p>Non che saber\u00eda dicir con exactitude, pero creo que hai algo mais de dous s\u00e9culos<\/p><\/blockquote>\n\n\n\n<p><strong>Ah, e logo antes dese proceso colonizador, a illa estaba despoboada?<\/strong><\/p>\n\n\n\n<blockquote class=\"wp-block-quote is-layout-flow wp-block-quote-is-layout-flow\"><p>Si, foise poboando con xente de distintas parroquias de concellos varios. Que eu saiba a mi\u00f1a familia ten procedencia de Ribeira e de Seixo<\/p><\/blockquote>\n\n\n\n<p><strong>Historicamente cando tivo ONS o seu pico m\u00e1is elevado de habitantes?<\/strong><\/p>\n\n\n\n<blockquote class=\"wp-block-quote is-layout-flow wp-block-quote-is-layout-flow\"><p>Non che podo dicir exactamente o ano pero o censo m\u00e1is elevado que tivo a Illa foi de 536 persoas<\/p><\/blockquote>\n\n\n\n<p><strong>Mi\u00f1a nai\u00a1\u00a1 536 persoas que viv\u00edan todo o ano na illa que pasada. E de que viv\u00edan?<\/strong><\/p>\n\n\n\n<blockquote class=\"wp-block-quote is-layout-flow wp-block-quote-is-layout-flow\"><p>Da pesca e da agricultura. Especialmente do polbo. F\u00edxate, o meu av\u00f3 cont\u00e1banos que o marisco, no seu tempo non se comercializaba, de feito d\u00e1banllo \u00e1s gali\u00f1as<\/p><\/blockquote>\n\n\n\n<p><strong>Cando se comezou a despoboar a illa?<\/strong><\/p>\n\n\n\n<blockquote class=\"wp-block-quote is-layout-flow wp-block-quote-is-layout-flow\"><p>A partir da d\u00e9cada dos 70 do s\u00e9culo pasado. Por\u00e9n, quixera dicir que nunca, e cando digo nunca quero dicir nunca, a xente deixou de ir \u00e1s s\u00faas casas. A necesidade fixo que se tiveran que vir vivir ao continente, pero os sentimento de insularidade, as\u00ed como a ocupaci\u00f3n das casas sempre que se pod\u00eda, non desapareceron xamais<\/p><\/blockquote>\n\n\n\n<p><strong>As casas nunca se abandonaron?<\/strong><\/p>\n\n\n\n<blockquote class=\"wp-block-quote is-layout-flow wp-block-quote-is-layout-flow\"><p>Nunca xamais<\/p><\/blockquote>\n\n\n\n<p><strong>Pero m\u00e9dico nunca chegou a haber non?<\/strong><\/p>\n\n\n\n<blockquote class=\"wp-block-quote is-layout-flow wp-block-quote-is-layout-flow\"><p>Si que houbo, e escola tam\u00e9n. A\u00ednda hai a casa do m\u00e9dico, e a casa do mestre e a da mestra.<\/p><\/blockquote>\n\n\n\n<p><strong>Hai establecementos de hostalar\u00eda para atender ao turismo?<\/strong><\/p>\n\n\n\n<blockquote class=\"wp-block-quote is-layout-flow wp-block-quote-is-layout-flow\"><p>Hai un camping e dous restaurantes con casas habilitadas para durmir<\/p><\/blockquote>\n\n\n\n<p><strong>E na \u00e9poca do turismo cantas persoas poden chegar a vivir na Illa?<\/strong><\/p>\n\n\n\n<blockquote class=\"wp-block-quote is-layout-flow wp-block-quote-is-layout-flow\"><p>O ano pasado que foi o primeiro que se estableceu o sistema de cotas, entre xullo e agosto encheuse todos os d\u00edas, 1.300 persoas<\/p><\/blockquote>\n\n\n\n<p><strong>Nesas semanas de ver\u00e1n non hai ning\u00fan servicio?<\/strong><\/p>\n\n\n\n<blockquote class=\"wp-block-quote is-layout-flow wp-block-quote-is-layout-flow\"><p>Hai unha pequena tenda<\/p><\/blockquote>\n\n\n\n<p><strong>Ti como chegas a ser presidenta da AVV da Illa?<\/strong><\/p>\n\n\n\n<blockquote class=\"wp-block-quote is-layout-flow wp-block-quote-is-layout-flow\"><p>Hai 20 anos eu xa formei parte da anterior directiva. Eu te\u00f1o uns v\u00ednculos afectivos moi fortes coa illa, e estou comprometida firmemente co benestar dos seus veci\u00f1os e das s\u00faas veci\u00f1as. O ano pasado establ\u00e9cese o sistema de cotas e o sistema de carnets que nos limitaba o acceso incluso \u00e1s nosas propias familias. Isto chega ao absurdo de que hai momentos en que non podo levar a parte da mi\u00f1a familia \u00e1 mi\u00f1a casa, e eu sinto a necesidade de loitar<\/p><\/blockquote>\n\n\n\n<p><strong>Quen establece o sistema de cotas?<\/strong><\/p>\n\n\n\n<blockquote class=\"wp-block-quote is-layout-flow wp-block-quote-is-layout-flow\"><p>A Xunta de Galicia, a trav\u00e9s dun plan reitor de usos que ti\u00f1a que telo feito cando se aprobou que a Illa fose parque nacional, pero como deberon estar moi ocupados todos estes anos, non o sacaron ata o ano pasado. Iso si, sen contar en absoluto coa opini\u00f3n dos veci\u00f1os e veci\u00f1as<\/p><\/blockquote>\n\n\n\n<p><strong>Pero a\u00ednda que Ons sexa parque nacional, v\u00f3s sodes concesionarios, e supo\u00f1o que a Xunta antes de tirar nada que vos afecte, ter\u00e1 que comunic\u00e1rvolo?<\/strong><\/p>\n\n\n\n<blockquote class=\"wp-block-quote is-layout-flow wp-block-quote-is-layout-flow\"><p>Si claro, pero non o fixeron. Como che dixen quitaron o seu sistema sen ter en conta para nada a nosa opini\u00f3n. E desde a\u00ed decidimos comezar as nosas mobilizaci\u00f3ns e protestas<\/p><\/blockquote>\n\n\n\n<p><strong>En que consiste o carnet?<\/strong><\/p>\n\n\n\n<blockquote class=\"wp-block-quote is-layout-flow wp-block-quote-is-layout-flow\"><p>\u00c9 unha autorizaci\u00f3n que fai que non dependas da cota. O carnet \u00e9 para o concesionario e para os seus familiares directos. N\u00f3s entendemos que non precisamos ning\u00fan tipo de autorizaci\u00f3n para ir \u00e1s nosas casas, e nin moito menos dicirlle \u00e1 Xunta a quen queremos convidar aos nosos domicilios<\/p><\/blockquote>\n\n\n\n<p><strong>Os tr\u00e1mites que tes que cumprir para levar a calquera persoa convidada \u00e1 t\u00faa casa, son sinxelos?<\/strong><\/p>\n\n\n\n<blockquote class=\"wp-block-quote is-layout-flow wp-block-quote-is-layout-flow\"><p>Son terriblemente complicados. Hai que facelo a trav\u00e9s dunha plataforma web. Dille ti a o matrimonio de 80 anos que vive na Illa todo o ano que o fagan para convidar a calquera persoa \u00e1 s\u00faa casa. Incualificable vaia<\/p><\/blockquote>\n\n\n\n<p><strong>Como trasladastes o voso malestar \u00e1 Xunta?<\/strong><\/p>\n\n\n\n<blockquote class=\"wp-block-quote is-layout-flow wp-block-quote-is-layout-flow\"><p>Diriximos varios escritos \u00e1 conseller\u00eda de medio ambiente e \u00e1 direcci\u00f3n de parques<\/p><\/blockquote>\n\n\n\n<p><strong>E a resposta da Xunta?<\/strong><\/p>\n\n\n\n<blockquote class=\"wp-block-quote is-layout-flow wp-block-quote-is-layout-flow\"><p>Facernos caso omiso. Non nos contestaron<\/p><\/blockquote>\n\n\n\n<p><strong>Pedistes apoio ao concello de Bueu?<\/strong><\/p>\n\n\n\n<blockquote class=\"wp-block-quote is-layout-flow wp-block-quote-is-layout-flow\"><p>Si claro e a receptividade do alcalde e do goberno municipal foi absoluta. Sempre estiveron ao noso lado<\/p><\/blockquote>\n\n\n\n<p><strong>Ti como presidenta da AVV sentes o respaldo da veci\u00f1anza da ILLA?<\/strong><\/p>\n\n\n\n<blockquote class=\"wp-block-quote is-layout-flow wp-block-quote-is-layout-flow\"><p>Absolutamente, e tam\u00e9n s\u00edntome moi orgullosa de ser de ONS e de todas as mi\u00f1as veci\u00f1as e veci\u00f1os. Na nosa festa patronal en agosto do ano pasado 500 veci\u00f1os e veci\u00f1as de Ons estivemos coa nosa camisola negra \u201cOns en Loita\u201d, percorrendo a illa desde a igrexa ata o peirao<\/p><\/blockquote>\n\n\n\n<p><strong>No momento presente en que situaci\u00f3n est\u00e1 a vosa reivindicaci\u00f3n?<\/strong><\/p>\n\n\n\n<blockquote class=\"wp-block-quote is-layout-flow wp-block-quote-is-layout-flow\"><p>Na mesma que o ano pasado. Como che dixen, na Xunta non nos fixeron nin caso<\/p><\/blockquote>\n\n\n\n<p><strong>E cal \u00e9 a posici\u00f3n do PP de Bueu?<\/strong><\/p>\n\n\n\n<blockquote class=\"wp-block-quote is-layout-flow wp-block-quote-is-layout-flow\"><p>Inicialmente parec\u00eda que nos apoiaba, pero agora mesmo romperon a negociaci\u00f3n cos veci\u00f1os. N\u00f3s o que pretendemos non \u00e9 nada do outro mundo, s\u00f3 que se senten con n\u00f3s para establecer unha mesa por Ons, e que n\u00f3s lles traslademos as principais necesidades que temos e os problemas m\u00e1is importantes que padecemos; a auga, a electricidade, os servizos m\u00e9dicos. Representantes da Xunta estiveron aqu\u00ed en setembro, fixemos un documento para sentar unhas bases de acordo, e increiblemente , no mes de marzo , de maneira unilateral romperon todo tipo de negociaci\u00f3n con n\u00f3s<\/p><\/blockquote>\n\n\n\n<p><strong>E que mensaxe vos trasladan?<\/strong><\/p>\n\n\n\n<blockquote class=\"wp-block-quote is-layout-flow wp-block-quote-is-layout-flow\"><p>Que o tema de Ons est\u00e1 resolto<\/p><\/blockquote>\n\n\n\n<p><strong>En que se concreta iso de que est\u00e1 resolto?<\/strong><\/p>\n\n\n\n<blockquote class=\"wp-block-quote is-layout-flow wp-block-quote-is-layout-flow\"><p>Cota, carnet e punto. Se che gusta ben e se non tam\u00e9n. E o resto de problem\u00e1ticas que ten a veci\u00f1anza de Ons nin se tocan<\/p><\/blockquote>\n\n\n\n<p><strong>Non entendo cal pode ser o motivo da Xunta para non sentarse con v\u00f3s e tratar de atender as vosas demandas<\/strong><\/p>\n\n\n\n<blockquote class=\"wp-block-quote is-layout-flow wp-block-quote-is-layout-flow\"><p>Eu tampouco, res\u00faltanos verdadeiramente inexplicable<\/p><\/blockquote>\n\n\n\n<p><strong>Cal \u00e9 a vontade da asociaci\u00f3n que presides?<\/strong><\/p>\n\n\n\n<blockquote class=\"wp-block-quote is-layout-flow wp-block-quote-is-layout-flow\"><p>Continuar na loita ata o final sen dar un paso atr\u00e1s<\/p><\/blockquote>\n","protected":false},"excerpt":{"rendered":"<div class=\"mh-excerpt\"><p>Quixera que antes de comezar a ler esta reportaxe fixeran un exercicio de imaxinaci\u00f3n. Pensen que son propietarios dunha vivenda familiar que ten arredor de dous s\u00e9culos de existencia, varias xeraci\u00f3ns da s\u00faa familia amaron , sufriron, choraron, riron , emocion\u00e1ronse, ilusion\u00e1ronse, viviron e morreron entre as paredes que agora lle dan acubillo a vostede amigo lector ou amiga lectora <a class=\"mh-excerpt-more\" href=\"https:\/\/www.anovapeneira.gal\/index.php\/2020\/06\/25\/a-illa-ons-en-loita\/\" title=\"A illa Ons en loita\">[&#8230;]<\/a><\/p>\n<\/div>","protected":false},"author":3,"featured_media":3368,"comment_status":"open","ping_status":"open","sticky":false,"template":"","format":"standard","meta":{"_exactmetrics_skip_tracking":false,"_exactmetrics_sitenote_active":false,"_exactmetrics_sitenote_note":"","_exactmetrics_sitenote_category":0,"footnotes":""},"categories":[493],"tags":[440,498],"class_list":{"0":"post-3367","1":"post","2":"type-post","3":"status-publish","4":"format-standard","5":"has-post-thumbnail","7":"category-morrazo-reportaxes","8":"tag-concello-de-bueu","9":"tag-illa-de-ons"},"yoast_head":"<!-- This site is optimized with the Yoast SEO plugin v27.4 - https:\/\/yoast.com\/product\/yoast-seo-wordpress\/ -->\n<title>A illa Ons en loita -<\/title>\n<meta name=\"robots\" content=\"index, follow, max-snippet:-1, max-image-preview:large, max-video-preview:-1\" \/>\n<link rel=\"canonical\" href=\"https:\/\/www.anovapeneira.gal\/index.php\/2020\/06\/25\/a-illa-ons-en-loita\/\" \/>\n<meta property=\"og:locale\" content=\"gl_ES\" \/>\n<meta property=\"og:type\" content=\"article\" \/>\n<meta property=\"og:title\" content=\"A illa Ons en loita -\" \/>\n<meta property=\"og:description\" content=\"Quixera que antes de comezar a ler esta reportaxe fixeran un exercicio de imaxinaci\u00f3n. Pensen que son propietarios dunha vivenda familiar que ten arredor de dous s\u00e9culos de existencia, varias xeraci\u00f3ns da s\u00faa familia amaron , sufriron, choraron, riron , emocion\u00e1ronse, ilusion\u00e1ronse, viviron e morreron entre as paredes que agora lle dan acubillo a vostede amigo lector ou amiga lectora [...]\" \/>\n<meta property=\"og:url\" content=\"https:\/\/www.anovapeneira.gal\/index.php\/2020\/06\/25\/a-illa-ons-en-loita\/\" \/>\n<meta property=\"article:publisher\" content=\"https:\/\/www.facebook.com\/anovapeneira\" \/>\n<meta property=\"article:published_time\" content=\"2020-06-25T10:00:10+00:00\" \/>\n<meta property=\"og:image\" content=\"https:\/\/www.anovapeneira.gal\/wp-content\/uploads\/2020\/06\/maria_bueu_a_nova_peneira.jpg\" \/>\n\t<meta property=\"og:image:width\" content=\"720\" \/>\n\t<meta property=\"og:image:height\" content=\"432\" \/>\n\t<meta property=\"og:image:type\" content=\"image\/jpeg\" \/>\n<meta name=\"author\" content=\"Redacci\u00f3n A Nova Peneira\" \/>\n<meta name=\"twitter:card\" content=\"summary_large_image\" \/>\n<meta name=\"twitter:creator\" content=\"@APeneira\" \/>\n<meta name=\"twitter:site\" content=\"@APeneira\" \/>\n<meta name=\"twitter:label1\" content=\"Escrito por\" \/>\n\t<meta name=\"twitter:data1\" content=\"Redacci\u00f3n A Nova Peneira\" \/>\n\t<meta name=\"twitter:label2\" content=\"Tempo de lectura\" \/>\n\t<meta name=\"twitter:data2\" content=\"8 minutos\" \/>\n<script type=\"application\/ld+json\" class=\"yoast-schema-graph\">{\"@context\":\"https:\\\/\\\/schema.org\",\"@graph\":[{\"@type\":\"Article\",\"@id\":\"https:\\\/\\\/www.anovapeneira.gal\\\/index.php\\\/2020\\\/06\\\/25\\\/a-illa-ons-en-loita\\\/#article\",\"isPartOf\":{\"@id\":\"https:\\\/\\\/www.anovapeneira.gal\\\/index.php\\\/2020\\\/06\\\/25\\\/a-illa-ons-en-loita\\\/\"},\"author\":{\"name\":\"Redacci\u00f3n A Nova Peneira\",\"@id\":\"https:\\\/\\\/www.anovapeneira.gal\\\/#\\\/schema\\\/person\\\/b93e3f8932e3f8da96334607eb6ac6aa\"},\"headline\":\"A illa Ons en loita\",\"datePublished\":\"2020-06-25T10:00:10+00:00\",\"mainEntityOfPage\":{\"@id\":\"https:\\\/\\\/www.anovapeneira.gal\\\/index.php\\\/2020\\\/06\\\/25\\\/a-illa-ons-en-loita\\\/\"},\"wordCount\":1558,\"commentCount\":0,\"publisher\":{\"@id\":\"https:\\\/\\\/www.anovapeneira.gal\\\/#organization\"},\"image\":{\"@id\":\"https:\\\/\\\/www.anovapeneira.gal\\\/index.php\\\/2020\\\/06\\\/25\\\/a-illa-ons-en-loita\\\/#primaryimage\"},\"thumbnailUrl\":\"https:\\\/\\\/www.anovapeneira.gal\\\/wp-content\\\/uploads\\\/2020\\\/06\\\/maria_bueu_a_nova_peneira.jpg\",\"keywords\":[\"Concello de Bueu\",\"Illa de Ons\"],\"articleSection\":[\"Morrazo\"],\"inLanguage\":\"gl-ES\",\"potentialAction\":[{\"@type\":\"CommentAction\",\"name\":\"Comment\",\"target\":[\"https:\\\/\\\/www.anovapeneira.gal\\\/index.php\\\/2020\\\/06\\\/25\\\/a-illa-ons-en-loita\\\/#respond\"]}]},{\"@type\":\"WebPage\",\"@id\":\"https:\\\/\\\/www.anovapeneira.gal\\\/index.php\\\/2020\\\/06\\\/25\\\/a-illa-ons-en-loita\\\/\",\"url\":\"https:\\\/\\\/www.anovapeneira.gal\\\/index.php\\\/2020\\\/06\\\/25\\\/a-illa-ons-en-loita\\\/\",\"name\":\"A illa Ons en loita -\",\"isPartOf\":{\"@id\":\"https:\\\/\\\/www.anovapeneira.gal\\\/#website\"},\"primaryImageOfPage\":{\"@id\":\"https:\\\/\\\/www.anovapeneira.gal\\\/index.php\\\/2020\\\/06\\\/25\\\/a-illa-ons-en-loita\\\/#primaryimage\"},\"image\":{\"@id\":\"https:\\\/\\\/www.anovapeneira.gal\\\/index.php\\\/2020\\\/06\\\/25\\\/a-illa-ons-en-loita\\\/#primaryimage\"},\"thumbnailUrl\":\"https:\\\/\\\/www.anovapeneira.gal\\\/wp-content\\\/uploads\\\/2020\\\/06\\\/maria_bueu_a_nova_peneira.jpg\",\"datePublished\":\"2020-06-25T10:00:10+00:00\",\"breadcrumb\":{\"@id\":\"https:\\\/\\\/www.anovapeneira.gal\\\/index.php\\\/2020\\\/06\\\/25\\\/a-illa-ons-en-loita\\\/#breadcrumb\"},\"inLanguage\":\"gl-ES\",\"potentialAction\":[{\"@type\":\"ReadAction\",\"target\":[\"https:\\\/\\\/www.anovapeneira.gal\\\/index.php\\\/2020\\\/06\\\/25\\\/a-illa-ons-en-loita\\\/\"]}]},{\"@type\":\"ImageObject\",\"inLanguage\":\"gl-ES\",\"@id\":\"https:\\\/\\\/www.anovapeneira.gal\\\/index.php\\\/2020\\\/06\\\/25\\\/a-illa-ons-en-loita\\\/#primaryimage\",\"url\":\"https:\\\/\\\/www.anovapeneira.gal\\\/wp-content\\\/uploads\\\/2020\\\/06\\\/maria_bueu_a_nova_peneira.jpg\",\"contentUrl\":\"https:\\\/\\\/www.anovapeneira.gal\\\/wp-content\\\/uploads\\\/2020\\\/06\\\/maria_bueu_a_nova_peneira.jpg\",\"width\":720,\"height\":432,\"caption\":\"Mar\u00eda Bueu Illa de Ons A Nova Peneira\"},{\"@type\":\"BreadcrumbList\",\"@id\":\"https:\\\/\\\/www.anovapeneira.gal\\\/index.php\\\/2020\\\/06\\\/25\\\/a-illa-ons-en-loita\\\/#breadcrumb\",\"itemListElement\":[{\"@type\":\"ListItem\",\"position\":1,\"name\":\"Portada\",\"item\":\"https:\\\/\\\/www.anovapeneira.gal\\\/\"},{\"@type\":\"ListItem\",\"position\":2,\"name\":\"A illa Ons en loita\"}]},{\"@type\":\"WebSite\",\"@id\":\"https:\\\/\\\/www.anovapeneira.gal\\\/#website\",\"url\":\"https:\\\/\\\/www.anovapeneira.gal\\\/\",\"name\":\"\",\"description\":\"Xornal galego de informaci\u00f3n xeral Publicaci\u00f3n mensual de novas de Galicia e en especial dos Concellos da sur da provincia de Pontevedra.\",\"publisher\":{\"@id\":\"https:\\\/\\\/www.anovapeneira.gal\\\/#organization\"},\"potentialAction\":[{\"@type\":\"SearchAction\",\"target\":{\"@type\":\"EntryPoint\",\"urlTemplate\":\"https:\\\/\\\/www.anovapeneira.gal\\\/?s={search_term_string}\"},\"query-input\":{\"@type\":\"PropertyValueSpecification\",\"valueRequired\":true,\"valueName\":\"search_term_string\"}}],\"inLanguage\":\"gl-ES\"},{\"@type\":\"Organization\",\"@id\":\"https:\\\/\\\/www.anovapeneira.gal\\\/#organization\",\"name\":\"A Nova Peneira\",\"url\":\"https:\\\/\\\/www.anovapeneira.gal\\\/\",\"logo\":{\"@type\":\"ImageObject\",\"inLanguage\":\"gl-ES\",\"@id\":\"https:\\\/\\\/www.anovapeneira.gal\\\/#\\\/schema\\\/logo\\\/image\\\/\",\"url\":\"http:\\\/\\\/www.anovapeneira.gal\\\/wp-content\\\/uploads\\\/2019\\\/06\\\/logo_a_nova_peneira_portal_web.png\",\"contentUrl\":\"http:\\\/\\\/www.anovapeneira.gal\\\/wp-content\\\/uploads\\\/2019\\\/06\\\/logo_a_nova_peneira_portal_web.png\",\"width\":300,\"height\":100,\"caption\":\"A Nova Peneira\"},\"image\":{\"@id\":\"https:\\\/\\\/www.anovapeneira.gal\\\/#\\\/schema\\\/logo\\\/image\\\/\"},\"sameAs\":[\"https:\\\/\\\/www.facebook.com\\\/anovapeneira\",\"https:\\\/\\\/x.com\\\/APeneira\"]},{\"@type\":\"Person\",\"@id\":\"https:\\\/\\\/www.anovapeneira.gal\\\/#\\\/schema\\\/person\\\/b93e3f8932e3f8da96334607eb6ac6aa\",\"name\":\"Redacci\u00f3n A Nova Peneira\",\"image\":{\"@type\":\"ImageObject\",\"inLanguage\":\"gl-ES\",\"@id\":\"https:\\\/\\\/secure.gravatar.com\\\/avatar\\\/c052a2551a06e23fac63626232eaa90abd78dbcf1700fc46a2b2c89fd27b735f?s=96&d=mm&r=g\",\"url\":\"https:\\\/\\\/secure.gravatar.com\\\/avatar\\\/c052a2551a06e23fac63626232eaa90abd78dbcf1700fc46a2b2c89fd27b735f?s=96&d=mm&r=g\",\"contentUrl\":\"https:\\\/\\\/secure.gravatar.com\\\/avatar\\\/c052a2551a06e23fac63626232eaa90abd78dbcf1700fc46a2b2c89fd27b735f?s=96&d=mm&r=g\",\"caption\":\"Redacci\u00f3n A Nova Peneira\"},\"sameAs\":[\"http:\\\/\\\/www.anovapeneira.gal\\\/\"],\"url\":\"https:\\\/\\\/www.anovapeneira.gal\\\/index.php\\\/author\\\/redactor\\\/\"}]}<\/script>\n<!-- \/ Yoast SEO plugin. -->","yoast_head_json":{"title":"A illa Ons en loita -","robots":{"index":"index","follow":"follow","max-snippet":"max-snippet:-1","max-image-preview":"max-image-preview:large","max-video-preview":"max-video-preview:-1"},"canonical":"https:\/\/www.anovapeneira.gal\/index.php\/2020\/06\/25\/a-illa-ons-en-loita\/","og_locale":"gl_ES","og_type":"article","og_title":"A illa Ons en loita -","og_description":"Quixera que antes de comezar a ler esta reportaxe fixeran un exercicio de imaxinaci\u00f3n. Pensen que son propietarios dunha vivenda familiar que ten arredor de dous s\u00e9culos de existencia, varias xeraci\u00f3ns da s\u00faa familia amaron , sufriron, choraron, riron , emocion\u00e1ronse, ilusion\u00e1ronse, viviron e morreron entre as paredes que agora lle dan acubillo a vostede amigo lector ou amiga lectora [...]","og_url":"https:\/\/www.anovapeneira.gal\/index.php\/2020\/06\/25\/a-illa-ons-en-loita\/","article_publisher":"https:\/\/www.facebook.com\/anovapeneira","article_published_time":"2020-06-25T10:00:10+00:00","og_image":[{"width":720,"height":432,"url":"https:\/\/www.anovapeneira.gal\/wp-content\/uploads\/2020\/06\/maria_bueu_a_nova_peneira.jpg","type":"image\/jpeg"}],"author":"Redacci\u00f3n A Nova Peneira","twitter_card":"summary_large_image","twitter_creator":"@APeneira","twitter_site":"@APeneira","twitter_misc":{"Escrito por":"Redacci\u00f3n A Nova Peneira","Tempo de lectura":"8 minutos"},"schema":{"@context":"https:\/\/schema.org","@graph":[{"@type":"Article","@id":"https:\/\/www.anovapeneira.gal\/index.php\/2020\/06\/25\/a-illa-ons-en-loita\/#article","isPartOf":{"@id":"https:\/\/www.anovapeneira.gal\/index.php\/2020\/06\/25\/a-illa-ons-en-loita\/"},"author":{"name":"Redacci\u00f3n A Nova Peneira","@id":"https:\/\/www.anovapeneira.gal\/#\/schema\/person\/b93e3f8932e3f8da96334607eb6ac6aa"},"headline":"A illa Ons en loita","datePublished":"2020-06-25T10:00:10+00:00","mainEntityOfPage":{"@id":"https:\/\/www.anovapeneira.gal\/index.php\/2020\/06\/25\/a-illa-ons-en-loita\/"},"wordCount":1558,"commentCount":0,"publisher":{"@id":"https:\/\/www.anovapeneira.gal\/#organization"},"image":{"@id":"https:\/\/www.anovapeneira.gal\/index.php\/2020\/06\/25\/a-illa-ons-en-loita\/#primaryimage"},"thumbnailUrl":"https:\/\/www.anovapeneira.gal\/wp-content\/uploads\/2020\/06\/maria_bueu_a_nova_peneira.jpg","keywords":["Concello de Bueu","Illa de Ons"],"articleSection":["Morrazo"],"inLanguage":"gl-ES","potentialAction":[{"@type":"CommentAction","name":"Comment","target":["https:\/\/www.anovapeneira.gal\/index.php\/2020\/06\/25\/a-illa-ons-en-loita\/#respond"]}]},{"@type":"WebPage","@id":"https:\/\/www.anovapeneira.gal\/index.php\/2020\/06\/25\/a-illa-ons-en-loita\/","url":"https:\/\/www.anovapeneira.gal\/index.php\/2020\/06\/25\/a-illa-ons-en-loita\/","name":"A illa Ons en loita -","isPartOf":{"@id":"https:\/\/www.anovapeneira.gal\/#website"},"primaryImageOfPage":{"@id":"https:\/\/www.anovapeneira.gal\/index.php\/2020\/06\/25\/a-illa-ons-en-loita\/#primaryimage"},"image":{"@id":"https:\/\/www.anovapeneira.gal\/index.php\/2020\/06\/25\/a-illa-ons-en-loita\/#primaryimage"},"thumbnailUrl":"https:\/\/www.anovapeneira.gal\/wp-content\/uploads\/2020\/06\/maria_bueu_a_nova_peneira.jpg","datePublished":"2020-06-25T10:00:10+00:00","breadcrumb":{"@id":"https:\/\/www.anovapeneira.gal\/index.php\/2020\/06\/25\/a-illa-ons-en-loita\/#breadcrumb"},"inLanguage":"gl-ES","potentialAction":[{"@type":"ReadAction","target":["https:\/\/www.anovapeneira.gal\/index.php\/2020\/06\/25\/a-illa-ons-en-loita\/"]}]},{"@type":"ImageObject","inLanguage":"gl-ES","@id":"https:\/\/www.anovapeneira.gal\/index.php\/2020\/06\/25\/a-illa-ons-en-loita\/#primaryimage","url":"https:\/\/www.anovapeneira.gal\/wp-content\/uploads\/2020\/06\/maria_bueu_a_nova_peneira.jpg","contentUrl":"https:\/\/www.anovapeneira.gal\/wp-content\/uploads\/2020\/06\/maria_bueu_a_nova_peneira.jpg","width":720,"height":432,"caption":"Mar\u00eda Bueu Illa de Ons A Nova Peneira"},{"@type":"BreadcrumbList","@id":"https:\/\/www.anovapeneira.gal\/index.php\/2020\/06\/25\/a-illa-ons-en-loita\/#breadcrumb","itemListElement":[{"@type":"ListItem","position":1,"name":"Portada","item":"https:\/\/www.anovapeneira.gal\/"},{"@type":"ListItem","position":2,"name":"A illa Ons en loita"}]},{"@type":"WebSite","@id":"https:\/\/www.anovapeneira.gal\/#website","url":"https:\/\/www.anovapeneira.gal\/","name":"","description":"Xornal galego de informaci\u00f3n xeral Publicaci\u00f3n mensual de novas de Galicia e en especial dos Concellos da sur da provincia de Pontevedra.","publisher":{"@id":"https:\/\/www.anovapeneira.gal\/#organization"},"potentialAction":[{"@type":"SearchAction","target":{"@type":"EntryPoint","urlTemplate":"https:\/\/www.anovapeneira.gal\/?s={search_term_string}"},"query-input":{"@type":"PropertyValueSpecification","valueRequired":true,"valueName":"search_term_string"}}],"inLanguage":"gl-ES"},{"@type":"Organization","@id":"https:\/\/www.anovapeneira.gal\/#organization","name":"A Nova Peneira","url":"https:\/\/www.anovapeneira.gal\/","logo":{"@type":"ImageObject","inLanguage":"gl-ES","@id":"https:\/\/www.anovapeneira.gal\/#\/schema\/logo\/image\/","url":"http:\/\/www.anovapeneira.gal\/wp-content\/uploads\/2019\/06\/logo_a_nova_peneira_portal_web.png","contentUrl":"http:\/\/www.anovapeneira.gal\/wp-content\/uploads\/2019\/06\/logo_a_nova_peneira_portal_web.png","width":300,"height":100,"caption":"A Nova Peneira"},"image":{"@id":"https:\/\/www.anovapeneira.gal\/#\/schema\/logo\/image\/"},"sameAs":["https:\/\/www.facebook.com\/anovapeneira","https:\/\/x.com\/APeneira"]},{"@type":"Person","@id":"https:\/\/www.anovapeneira.gal\/#\/schema\/person\/b93e3f8932e3f8da96334607eb6ac6aa","name":"Redacci\u00f3n A Nova Peneira","image":{"@type":"ImageObject","inLanguage":"gl-ES","@id":"https:\/\/secure.gravatar.com\/avatar\/c052a2551a06e23fac63626232eaa90abd78dbcf1700fc46a2b2c89fd27b735f?s=96&d=mm&r=g","url":"https:\/\/secure.gravatar.com\/avatar\/c052a2551a06e23fac63626232eaa90abd78dbcf1700fc46a2b2c89fd27b735f?s=96&d=mm&r=g","contentUrl":"https:\/\/secure.gravatar.com\/avatar\/c052a2551a06e23fac63626232eaa90abd78dbcf1700fc46a2b2c89fd27b735f?s=96&d=mm&r=g","caption":"Redacci\u00f3n A Nova Peneira"},"sameAs":["http:\/\/www.anovapeneira.gal\/"],"url":"https:\/\/www.anovapeneira.gal\/index.php\/author\/redactor\/"}]}},"jetpack_featured_media_url":"https:\/\/www.anovapeneira.gal\/wp-content\/uploads\/2020\/06\/maria_bueu_a_nova_peneira.jpg","_links":{"self":[{"href":"https:\/\/www.anovapeneira.gal\/index.php\/wp-json\/wp\/v2\/posts\/3367","targetHints":{"allow":["GET"]}}],"collection":[{"href":"https:\/\/www.anovapeneira.gal\/index.php\/wp-json\/wp\/v2\/posts"}],"about":[{"href":"https:\/\/www.anovapeneira.gal\/index.php\/wp-json\/wp\/v2\/types\/post"}],"author":[{"embeddable":true,"href":"https:\/\/www.anovapeneira.gal\/index.php\/wp-json\/wp\/v2\/users\/3"}],"replies":[{"embeddable":true,"href":"https:\/\/www.anovapeneira.gal\/index.php\/wp-json\/wp\/v2\/comments?post=3367"}],"version-history":[{"count":1,"href":"https:\/\/www.anovapeneira.gal\/index.php\/wp-json\/wp\/v2\/posts\/3367\/revisions"}],"predecessor-version":[{"id":3369,"href":"https:\/\/www.anovapeneira.gal\/index.php\/wp-json\/wp\/v2\/posts\/3367\/revisions\/3369"}],"wp:featuredmedia":[{"embeddable":true,"href":"https:\/\/www.anovapeneira.gal\/index.php\/wp-json\/wp\/v2\/media\/3368"}],"wp:attachment":[{"href":"https:\/\/www.anovapeneira.gal\/index.php\/wp-json\/wp\/v2\/media?parent=3367"}],"wp:term":[{"taxonomy":"category","embeddable":true,"href":"https:\/\/www.anovapeneira.gal\/index.php\/wp-json\/wp\/v2\/categories?post=3367"},{"taxonomy":"post_tag","embeddable":true,"href":"https:\/\/www.anovapeneira.gal\/index.php\/wp-json\/wp\/v2\/tags?post=3367"}],"curies":[{"name":"wp","href":"https:\/\/api.w.org\/{rel}","templated":true}]}}