{"id":3370,"date":"2020-06-26T10:00:57","date_gmt":"2020-06-26T08:00:57","guid":{"rendered":"http:\/\/www.anovapeneira.gal\/?p=3370"},"modified":"2020-06-21T22:56:32","modified_gmt":"2020-06-21T20:56:32","slug":"as-portas-do-juizo-da-operacion-jaro-defendamos-o-status-legal-do-independentismo","status":"publish","type":"post","link":"https:\/\/www.anovapeneira.gal\/index.php\/2020\/06\/26\/as-portas-do-juizo-da-operacion-jaro-defendamos-o-status-legal-do-independentismo\/","title":{"rendered":"\u00c0s portas do ju\u00edzo da Operaci\u00f3n Jaro, defendamos o status legal do independentismo"},"content":{"rendered":"\n<figure class=\"wp-block-image size-large is-resized is-style-default\"><img loading=\"lazy\" decoding=\"async\" src=\"http:\/\/www.anovapeneira.gal\/wp-content\/uploads\/2020\/06\/joam_peres_a_nova_peneira.jpg\" alt=\"Jo\u00e1m Peres Louren\u00e7o\" class=\"wp-image-3373\" width=\"95\" height=\"111\"\/><figcaption><strong>Jo\u00e1m Peres Louren\u00e7o<\/strong><\/figcaption><\/figure>\n\n\n\n<p>Est\u00e1m a piques de se cumprir cinco anos desde que o&nbsp;<em>Ministro de Interior<\/em> Jorge Fern\u00e1ndez D\u00edaz, com a companhia de Arsenio Fern\u00e1ndez de Mesa e Diego P\u00e9rez de los Cobos no seu organigrama ministerial, ativassem publicamente a <em>Operaci\u00f3n Jaro<\/em> contra Causa Galiza.<\/p>\n\n\n\n<p>Eram momentos de agudiza\u00e7om do conflito catal\u00e1m, corru\u00e7om, clausura dumha imagin\u00e1ria&nbsp;<em>via estatut\u00e1ria<\/em>\u00e0 soberania nacional,&nbsp;<em>Polic\u00eda Patri\u00f3tica<\/em>, adoutrinamento constitucionalista e execu\u00e7om de m\u00faltiplas opera\u00e7ons policiais &#8211;<em>Ara\u00f1a<\/em> ,<em>Pi\u00f1ata<\/em>, <em>Pandora<\/em>, etc.- que desarticulavam supostos &#8221;grupos terroristas&#8221;. Neste quadro hostil \u00e9 que h\u00e1 que enquadrar aqueles acontecimentos.<\/p>\n\n\n\n<p>Na altura, nove militantes vimos assaltados e registados os nossos domic\u00edlios por agentes armados. Fumos detidas e submetidos a um inapel\u00e1vel ju\u00edzo medi\u00e1tico em que jornais, televisons, s\u00edtios web e r\u00e1dios, com&nbsp;<em>La Voz de Galicia<\/em>e TVG \u00e0 cabe\u00e7a, reproduziam a senten\u00e7a inapel\u00e1vel escrita previamente num quartel: eramos \u201cterroristas\u201d e integravamos o \u201cbra\u00e7o pol\u00edtico\u201d dumha imagin\u00e1ria organiza\u00e7om armada. Ponto.<\/p>\n\n\n\n<p>Logo, os deslocamentos para Madrid com eloquente advert\u00eancia a umha das detidas de que \u201ccoja dinero, que se vienen de vuelta\u201d, os rid\u00edculos interrogat\u00f3rios sobre questons que os nossos captores conheciam \u00e0 perfei\u00e7om gra\u00e7as \u00e0 vigil\u00e1ncia ilegal \u00e0 que nos submeteram durante anos, as amea\u00e7as, algumha teatraliza\u00e7om terror\u00edfica na madrugada quarteleira do confinamento e, finalmente, a posta a disposi\u00e7om judicial.<\/p>\n\n\n\n<p>Como \u201cmedida cautelar\u201d, Causa Galiza foi \u201csuspendida de atividades\u201d durante 12 meses polo ju\u00edz especial Eloy Velasco, isto \u00e9, ilegalizada de facto, mas, ap\u00f3s lhe imputar tam graves acusa\u00e7ons, recuperava o status legal um ano depois embora se mantinha a acusa\u00e7om gen\u00e9rica de \u201cenaltecimento do terrorismo\u201d para os e as militantes. O relato policial e medi\u00e1tico sobre o &#8221;bra\u00e7o pol\u00edtico&#8221; caira polo seu peso.<\/p>\n\n\n\n<p>Em junho de 2018, a&nbsp;<em>Guardia Civil<\/em>ativava a&nbsp;<em>Operaci\u00f3n Jaro II<\/em>, que nesta ocasiom alcan\u00e7aria tr\u00eas militantes de Ceivar acusadas de &#8221;enaltecer o terrorismo\u201d. Deten\u00e7ons, ju\u00edzo medi\u00e1tico e posta e liberdade com cargos seguindo o guiom da anterior edi\u00e7om do operativo policial eram a resposta a um trabalho de anos de den\u00fancia da repressom pol\u00edtica e solidariedade com independentistas retaliadas e retaliados.<\/p>\n\n\n\n<p>Finalmente, ambas causas penais f\u00f4rom fusionadas num sum\u00e1rio comum que ter\u00e1 o seu desenlace no ju\u00edzo pol\u00edtico a celebrar proximamente na<em>Audiencia Nacional<\/em>por \u201cintegra\u00e7om em banda criminosa\u201d e \u201cenaltecimento do terrorismo\u201d. Sobre a mesa, 102 anos de prisom para doze pessoas, liquida\u00e7om de direitos civis e laborais, san\u00e7ons econ\u00f3micas impag\u00e1veis e, de se sentenciar como certa a primeira acusa\u00e7om, a disolu\u00e7om de Causa Galiza e Ceivar.&nbsp;<\/p>\n\n\n\n<p>Todo \u2013e isto \u00e9 importante repeti-lo- por exercermos a liberdade de expressom, o direito de associa\u00e7om pol\u00edtica e manifesta\u00e7om e sem que nos domic\u00edlios se localizassem armas, explossivos, documenta\u00e7om falsificada ou relativa a atividades ilegais, ou qualquer outro elemento provat\u00f3rio que pudesse sustentar a veracidade do relato policial.<\/p>\n\n\n\n<p>Montagem policial e iminente ju\u00edzo num tribunal pr\u00e9 constitucional som, pois, o desenlace previsto do processo repressivo cuja origem se deve rastejar em 2013, quando a&nbsp;<em>Audiencia Nacional<\/em>ditamina a exist\u00eancia jur\u00eddica na Galiza dumha organiza\u00e7om armada que atrav\u00e9s da sua interven\u00e7om pretenderia subverter a ordem constitucional.<\/p>\n\n\n\n<p>A partir desse instante, a doutrina&nbsp;<em>Todo es ETA<\/em>, que se aplicara em Euskal Herria para processar quase todas as expressons organizativas do independentismo basco, utiliza-se na Galiza a escala quantitativamente inferior, mas id\u00eantica na formula\u00e7om te\u00f3rica: Causa Galiza e Ceivar seriam extensons da viol\u00eancia pol\u00edtica embora, significativamente, \u00e0 primeira reconheceu-se-lhe desde 2016 a sua condi\u00e7om legal e a segunda jamais fosse ilegalizada.<\/p>\n\n\n\n<p>O processo pol\u00edtico-judicial que j\u00e1 se prolonga artificialmente 5 anos tem aspetos esperp\u00eanticos que neste tempo socializamos massivamente, como a criminaliza\u00e7om das homenagens aos protagonistas da Revolu\u00e7om Galega de 1846 e os atos de mem\u00f3ria hist\u00f3rica independentista, a acusa\u00e7om&nbsp;<em>sui<\/em><em>generis<\/em>de \u201caglutinar o independentismo mais radical\u201d, ou a considera\u00e7om da posi\u00e7om \u201canticonstitucional\u201d como evid\u00eancia de perfil<em>terrorista<\/em>.<\/p>\n\n\n\n<p>Vamos a um ju\u00edzo pol\u00edtico, com cartas marcadas e senten\u00e7a pr\u00e9-escrita \u2013como a que a&nbsp;<em>Guardia Civil<\/em>enviava aos meios em 2015-. Quando dizemos que estamos perante um tribunal pol\u00edtico de exce\u00e7om, que \u00e9 sucessor do TOP franquista e cumpre fun\u00e7ons similares adatadas a um cen\u00e1rio de democracia formal, nom estamos a fazer excessos ret\u00f3ricos, mas a expor um diagn\u00f3stico dificilmente refut\u00e1vel.<\/p>\n\n\n\n<p>O processo que resumim a grandes tra\u00e7os coloca sobre a mesa evid\u00eancias de grande transcend\u00eancia. A primeira, o facto de a&nbsp;<em>Guardia Civil<\/em>ser umha organiza\u00e7om militar que, quando quer, marca os tempos pol\u00edticos no Estado espanhol com absoluta liberdade e autonomia de crit\u00e9rio. Que pessoas que tinhamos e temos umha milit\u00e1ncia legal sejamos encausadas penalmente por um corpo armado que em 2015 dirigiam um ex&nbsp;<em>camisa azul<\/em>e um indiv\u00edduo que acreditava que &#8221;o dianho quer destruir Espanha&#8221;, estarrece e escandaliza qualquera consci\u00eancia democr\u00e1tica.<\/p>\n\n\n\n<p>Mais: somos processados e processadas como penaliza\u00e7om dumha atividade que gira por volta do independentismo e a solidariedade frente \u00e0 repressom. Som os famosos&nbsp;<em>informes<\/em>do benem\u00e9rito corpo, aos que o tribunal foi historicamente tam recetivo, quem nos mantenhem neste limbo penal, pol\u00edtico e vital e quem, agora, nos situam perante a expetativa de ingressarmos em prisom por sermos independentistas, que \u00e9 o que realmente se persegue com o nosso ju\u00edzo pol\u00edtico.<\/p>\n\n\n\n<p>Este singular acontecimento interpela, al\u00e9m de a n\u00f3s pr\u00f3prias e as nossas contornas pol\u00edticas e afetivas, o conjunto da sociedade: em que tipo de regime estamos parados e paradas quando se \u00e9 poss\u00edvel encarcerar quem apostam na independ\u00eancia e na constru\u00e7om dum projeto pol\u00edtico rumado nesta dire\u00e7om? Definem a&nbsp;<em>Guardia Civil<\/em>e a&nbsp;<em>Audiencia Nacional<\/em>, a golpe de montagens e ju\u00edzos, os limites do politicamente defend\u00edvel na Galiza? Sentir\u00e1-se satisfeito o&nbsp;<em>moloch<\/em>espanhol com os nossos encarceramentos, ou demandar\u00e1 mais sangue para se saciar? \u00c9 por isso que os nomes de conhecidos dirigentes do BNG, como Bieito Lobeira, ou no seu dia Xavier Vence, apareciam no sum\u00e1rio assinalando um outro universo sociopol\u00edtico que convive socialmente com o nosso e \u00e9 suscet\u00edvel de se punir?<\/p>\n\n\n\n<p>Este processo pol\u00edtico-judicial pode implicar a disolu\u00e7om de Causa Galiza e Ceivar, criando um precedente jur\u00eddico que pairaria sobre hipot\u00e9ticas tentativas futuras de reorganizar o independentismo ou a solidariedade com as retaliadas e retaliados pol\u00edticos. Se a<em>Audiencia Nacional<\/em>converte estruturas legais em \u201cbandas criminosas\u201d, mais f\u00e1cil ainda ser\u00e1 declarar \u201centidades sucessoras\u201d das eventualmente liquidadas as que tratem de relev\u00e1-las. O ju\u00edzo da&nbsp;<em>Operaci\u00f3n Jaro<\/em>pom em questom pois o pr\u00f3prio&nbsp;<em>pluralismo pol\u00edtico<\/em>.<\/p>\n\n\n\n<p>Este processo \u00e9, como apontava antes, o colofom previs\u00edvel da estrat\u00e9gia repressiva&nbsp;<em>lawfare<\/em>em que a arbitrariedade jur\u00eddica e a defesa, esta sim, por todos os meios e por cima de garantismos jur\u00eddicos, da&nbsp;<em>Unidad de Espa\u00f1a<\/em>, se mesturam a partes iguais. Trata-se de esmagar um independentismo minorizado mas perseverante, de segar de raiz a potencialidade e de dar um aviso a navegantes na pra\u00e7a p\u00fablica de por onde nom se deve transitar. Trata-se de obrigar S\u00edsifo a descender, de novo, para apanhar a rocha e reiniciar a ascensom. Exemplariza\u00e7om repressiva de manual.<\/p>\n\n\n\n<p>Remato: num estado onde a divisom de poderes \u00e9 inexistente, a montagem foi sustentada indistintamente por PP e PSOE: se bem foi um fundamentalista cat\u00f3lico quem ativou o processo desde o&nbsp;<em>Ministerio<\/em><em>de<\/em><em>Interior<\/em>, \u00e9 agora o liberal e repressor Grande-Marlaska quem o continua e agrava. A montagem pol\u00edtica, policial, medi\u00e1tica e judicial interpela pois a sociedade galega no seu conjunto sobre se \u00e9 capaz de acetar passivamente o atropelo e a amputa\u00e7om do abano do politicamente defend\u00edvel.&nbsp;<\/p>\n\n\n\n<p>Quando nos sentemos em Madrid estar\u00e1 em jogo portanto o futuro imediato de 12 pessoas e duas organiza\u00e7ons, mas, sobretodo, a possibilidade de este pa\u00eds se organizar na legalidade para defender um processo independentista que aspira \u00e0 rutura democr\u00e1tica nacional com o Estado espanhol e, ali\u00e1s, o direito irrenunci\u00e1vel a reconhecer e se solidarizar com as nossas retaliadas e retaliados passados, presentes e futuros.<\/p>\n","protected":false},"excerpt":{"rendered":"<div class=\"mh-excerpt\"><p>Est\u00e1m a piques de se cumprir cinco anos desde que o Ministro de Interior Jorge Fern\u00e1ndez D\u00edaz, com a companhia de Arsenio Fern\u00e1ndez de Mesa e Diego P\u00e9rez de los Cobos no seu organigrama ministerial, ativassem publicamente a Operaci\u00f3n Jaro contra Causa Galiza <a class=\"mh-excerpt-more\" href=\"https:\/\/www.anovapeneira.gal\/index.php\/2020\/06\/26\/as-portas-do-juizo-da-operacion-jaro-defendamos-o-status-legal-do-independentismo\/\" title=\"\u00c0s portas do ju\u00edzo da Operaci\u00f3n Jaro, defendamos o status legal do independentismo\">[&#8230;]<\/a><\/p>\n<\/div>","protected":false},"author":12,"featured_media":3371,"comment_status":"open","ping_status":"open","sticky":false,"template":"","format":"standard","meta":{"_exactmetrics_skip_tracking":false,"_exactmetrics_sitenote_active":false,"_exactmetrics_sitenote_note":"","_exactmetrics_sitenote_category":0,"footnotes":""},"categories":[7],"tags":[1120,1121,1119],"class_list":{"0":"post-3370","1":"post","2":"type-post","3":"status-publish","4":"format-standard","5":"has-post-thumbnail","7":"category-artigos-de-opinion","8":"tag-independentismo","9":"tag-joam-peres-lourenco","10":"tag-operacion-jaro"},"yoast_head":"<!-- This site is optimized with the Yoast SEO plugin v27.4 - https:\/\/yoast.com\/product\/yoast-seo-wordpress\/ -->\n<title>\u00c0s portas do ju\u00edzo da Operaci\u00f3n Jaro, defendamos o status legal do independentismo -<\/title>\n<meta name=\"robots\" content=\"index, follow, max-snippet:-1, max-image-preview:large, max-video-preview:-1\" \/>\n<link rel=\"canonical\" href=\"https:\/\/www.anovapeneira.gal\/index.php\/2020\/06\/26\/as-portas-do-juizo-da-operacion-jaro-defendamos-o-status-legal-do-independentismo\/\" \/>\n<meta property=\"og:locale\" content=\"gl_ES\" \/>\n<meta property=\"og:type\" content=\"article\" \/>\n<meta property=\"og:title\" content=\"\u00c0s portas do ju\u00edzo da Operaci\u00f3n Jaro, defendamos o status legal do independentismo -\" \/>\n<meta property=\"og:description\" content=\"Est\u00e1m a piques de se cumprir cinco anos desde que o Ministro de Interior Jorge Fern\u00e1ndez D\u00edaz, com a companhia de Arsenio Fern\u00e1ndez de Mesa e Diego P\u00e9rez de los Cobos no seu organigrama ministerial, ativassem publicamente a Operaci\u00f3n Jaro contra Causa Galiza [...]\" \/>\n<meta property=\"og:url\" content=\"https:\/\/www.anovapeneira.gal\/index.php\/2020\/06\/26\/as-portas-do-juizo-da-operacion-jaro-defendamos-o-status-legal-do-independentismo\/\" \/>\n<meta property=\"article:publisher\" content=\"https:\/\/www.facebook.com\/anovapeneira\" \/>\n<meta property=\"article:published_time\" content=\"2020-06-26T08:00:57+00:00\" \/>\n<meta property=\"og:image\" content=\"https:\/\/www.anovapeneira.gal\/wp-content\/uploads\/2020\/06\/dereitos_civis_a_nova_peneira.jpg\" \/>\n\t<meta property=\"og:image:width\" content=\"720\" \/>\n\t<meta property=\"og:image:height\" content=\"432\" \/>\n\t<meta property=\"og:image:type\" content=\"image\/jpeg\" \/>\n<meta name=\"author\" content=\"Artigos Opini\u00f3n\" \/>\n<meta name=\"twitter:card\" content=\"summary_large_image\" \/>\n<meta name=\"twitter:creator\" content=\"@APeneira\" \/>\n<meta name=\"twitter:site\" content=\"@APeneira\" \/>\n<meta name=\"twitter:label1\" content=\"Escrito por\" \/>\n\t<meta name=\"twitter:data1\" content=\"Artigos Opini\u00f3n\" \/>\n\t<meta name=\"twitter:label2\" content=\"Tempo de lectura\" \/>\n\t<meta name=\"twitter:data2\" content=\"7 minutos\" \/>\n<script type=\"application\/ld+json\" class=\"yoast-schema-graph\">{\"@context\":\"https:\\\/\\\/schema.org\",\"@graph\":[{\"@type\":\"Article\",\"@id\":\"https:\\\/\\\/www.anovapeneira.gal\\\/index.php\\\/2020\\\/06\\\/26\\\/as-portas-do-juizo-da-operacion-jaro-defendamos-o-status-legal-do-independentismo\\\/#article\",\"isPartOf\":{\"@id\":\"https:\\\/\\\/www.anovapeneira.gal\\\/index.php\\\/2020\\\/06\\\/26\\\/as-portas-do-juizo-da-operacion-jaro-defendamos-o-status-legal-do-independentismo\\\/\"},\"author\":{\"name\":\"Artigos Opini\u00f3n\",\"@id\":\"https:\\\/\\\/www.anovapeneira.gal\\\/#\\\/schema\\\/person\\\/f18a4feb302e8f20bcef4490b5b60bb3\"},\"headline\":\"\u00c0s portas do ju\u00edzo da Operaci\u00f3n Jaro, defendamos o status legal do independentismo\",\"datePublished\":\"2020-06-26T08:00:57+00:00\",\"mainEntityOfPage\":{\"@id\":\"https:\\\/\\\/www.anovapeneira.gal\\\/index.php\\\/2020\\\/06\\\/26\\\/as-portas-do-juizo-da-operacion-jaro-defendamos-o-status-legal-do-independentismo\\\/\"},\"wordCount\":1435,\"commentCount\":0,\"publisher\":{\"@id\":\"https:\\\/\\\/www.anovapeneira.gal\\\/#organization\"},\"image\":{\"@id\":\"https:\\\/\\\/www.anovapeneira.gal\\\/index.php\\\/2020\\\/06\\\/26\\\/as-portas-do-juizo-da-operacion-jaro-defendamos-o-status-legal-do-independentismo\\\/#primaryimage\"},\"thumbnailUrl\":\"https:\\\/\\\/www.anovapeneira.gal\\\/wp-content\\\/uploads\\\/2020\\\/06\\\/dereitos_civis_a_nova_peneira.jpg\",\"keywords\":[\"Independentismo\",\"Jo\u00e1m Peres Louren\u00e7o\",\"Operaci\u00f3n Jaro\"],\"articleSection\":[\"Artigos de opini\u00f3n\"],\"inLanguage\":\"gl-ES\",\"potentialAction\":[{\"@type\":\"CommentAction\",\"name\":\"Comment\",\"target\":[\"https:\\\/\\\/www.anovapeneira.gal\\\/index.php\\\/2020\\\/06\\\/26\\\/as-portas-do-juizo-da-operacion-jaro-defendamos-o-status-legal-do-independentismo\\\/#respond\"]}]},{\"@type\":\"WebPage\",\"@id\":\"https:\\\/\\\/www.anovapeneira.gal\\\/index.php\\\/2020\\\/06\\\/26\\\/as-portas-do-juizo-da-operacion-jaro-defendamos-o-status-legal-do-independentismo\\\/\",\"url\":\"https:\\\/\\\/www.anovapeneira.gal\\\/index.php\\\/2020\\\/06\\\/26\\\/as-portas-do-juizo-da-operacion-jaro-defendamos-o-status-legal-do-independentismo\\\/\",\"name\":\"\u00c0s portas do ju\u00edzo da Operaci\u00f3n Jaro, defendamos o status legal do independentismo -\",\"isPartOf\":{\"@id\":\"https:\\\/\\\/www.anovapeneira.gal\\\/#website\"},\"primaryImageOfPage\":{\"@id\":\"https:\\\/\\\/www.anovapeneira.gal\\\/index.php\\\/2020\\\/06\\\/26\\\/as-portas-do-juizo-da-operacion-jaro-defendamos-o-status-legal-do-independentismo\\\/#primaryimage\"},\"image\":{\"@id\":\"https:\\\/\\\/www.anovapeneira.gal\\\/index.php\\\/2020\\\/06\\\/26\\\/as-portas-do-juizo-da-operacion-jaro-defendamos-o-status-legal-do-independentismo\\\/#primaryimage\"},\"thumbnailUrl\":\"https:\\\/\\\/www.anovapeneira.gal\\\/wp-content\\\/uploads\\\/2020\\\/06\\\/dereitos_civis_a_nova_peneira.jpg\",\"datePublished\":\"2020-06-26T08:00:57+00:00\",\"breadcrumb\":{\"@id\":\"https:\\\/\\\/www.anovapeneira.gal\\\/index.php\\\/2020\\\/06\\\/26\\\/as-portas-do-juizo-da-operacion-jaro-defendamos-o-status-legal-do-independentismo\\\/#breadcrumb\"},\"inLanguage\":\"gl-ES\",\"potentialAction\":[{\"@type\":\"ReadAction\",\"target\":[\"https:\\\/\\\/www.anovapeneira.gal\\\/index.php\\\/2020\\\/06\\\/26\\\/as-portas-do-juizo-da-operacion-jaro-defendamos-o-status-legal-do-independentismo\\\/\"]}]},{\"@type\":\"ImageObject\",\"inLanguage\":\"gl-ES\",\"@id\":\"https:\\\/\\\/www.anovapeneira.gal\\\/index.php\\\/2020\\\/06\\\/26\\\/as-portas-do-juizo-da-operacion-jaro-defendamos-o-status-legal-do-independentismo\\\/#primaryimage\",\"url\":\"https:\\\/\\\/www.anovapeneira.gal\\\/wp-content\\\/uploads\\\/2020\\\/06\\\/dereitos_civis_a_nova_peneira.jpg\",\"contentUrl\":\"https:\\\/\\\/www.anovapeneira.gal\\\/wp-content\\\/uploads\\\/2020\\\/06\\\/dereitos_civis_a_nova_peneira.jpg\",\"width\":720,\"height\":432,\"caption\":\"Dereitos civ\u00eds Operaci\u00f3n Jaro A Nova Peneira\"},{\"@type\":\"BreadcrumbList\",\"@id\":\"https:\\\/\\\/www.anovapeneira.gal\\\/index.php\\\/2020\\\/06\\\/26\\\/as-portas-do-juizo-da-operacion-jaro-defendamos-o-status-legal-do-independentismo\\\/#breadcrumb\",\"itemListElement\":[{\"@type\":\"ListItem\",\"position\":1,\"name\":\"Portada\",\"item\":\"https:\\\/\\\/www.anovapeneira.gal\\\/\"},{\"@type\":\"ListItem\",\"position\":2,\"name\":\"\u00c0s portas do ju\u00edzo da Operaci\u00f3n Jaro, defendamos o status legal do independentismo\"}]},{\"@type\":\"WebSite\",\"@id\":\"https:\\\/\\\/www.anovapeneira.gal\\\/#website\",\"url\":\"https:\\\/\\\/www.anovapeneira.gal\\\/\",\"name\":\"\",\"description\":\"Xornal galego de informaci\u00f3n xeral Publicaci\u00f3n mensual de novas de Galicia e en especial dos Concellos da sur da provincia de Pontevedra.\",\"publisher\":{\"@id\":\"https:\\\/\\\/www.anovapeneira.gal\\\/#organization\"},\"potentialAction\":[{\"@type\":\"SearchAction\",\"target\":{\"@type\":\"EntryPoint\",\"urlTemplate\":\"https:\\\/\\\/www.anovapeneira.gal\\\/?s={search_term_string}\"},\"query-input\":{\"@type\":\"PropertyValueSpecification\",\"valueRequired\":true,\"valueName\":\"search_term_string\"}}],\"inLanguage\":\"gl-ES\"},{\"@type\":\"Organization\",\"@id\":\"https:\\\/\\\/www.anovapeneira.gal\\\/#organization\",\"name\":\"A Nova Peneira\",\"url\":\"https:\\\/\\\/www.anovapeneira.gal\\\/\",\"logo\":{\"@type\":\"ImageObject\",\"inLanguage\":\"gl-ES\",\"@id\":\"https:\\\/\\\/www.anovapeneira.gal\\\/#\\\/schema\\\/logo\\\/image\\\/\",\"url\":\"http:\\\/\\\/www.anovapeneira.gal\\\/wp-content\\\/uploads\\\/2019\\\/06\\\/logo_a_nova_peneira_portal_web.png\",\"contentUrl\":\"http:\\\/\\\/www.anovapeneira.gal\\\/wp-content\\\/uploads\\\/2019\\\/06\\\/logo_a_nova_peneira_portal_web.png\",\"width\":300,\"height\":100,\"caption\":\"A Nova Peneira\"},\"image\":{\"@id\":\"https:\\\/\\\/www.anovapeneira.gal\\\/#\\\/schema\\\/logo\\\/image\\\/\"},\"sameAs\":[\"https:\\\/\\\/www.facebook.com\\\/anovapeneira\",\"https:\\\/\\\/x.com\\\/APeneira\"]},{\"@type\":\"Person\",\"@id\":\"https:\\\/\\\/www.anovapeneira.gal\\\/#\\\/schema\\\/person\\\/f18a4feb302e8f20bcef4490b5b60bb3\",\"name\":\"Artigos Opini\u00f3n\",\"image\":{\"@type\":\"ImageObject\",\"inLanguage\":\"gl-ES\",\"@id\":\"https:\\\/\\\/secure.gravatar.com\\\/avatar\\\/072844300f4881150aee2da4278f7a65d16eefdf8262eb67085f1e702de2b959?s=96&d=mm&r=g\",\"url\":\"https:\\\/\\\/secure.gravatar.com\\\/avatar\\\/072844300f4881150aee2da4278f7a65d16eefdf8262eb67085f1e702de2b959?s=96&d=mm&r=g\",\"contentUrl\":\"https:\\\/\\\/secure.gravatar.com\\\/avatar\\\/072844300f4881150aee2da4278f7a65d16eefdf8262eb67085f1e702de2b959?s=96&d=mm&r=g\",\"caption\":\"Artigos Opini\u00f3n\"},\"sameAs\":[\"http:\\\/\\\/anovapeneira.gal\"],\"url\":\"https:\\\/\\\/www.anovapeneira.gal\\\/index.php\\\/author\\\/artigosopinion\\\/\"}]}<\/script>\n<!-- \/ Yoast SEO plugin. -->","yoast_head_json":{"title":"\u00c0s portas do ju\u00edzo da Operaci\u00f3n Jaro, defendamos o status legal do independentismo -","robots":{"index":"index","follow":"follow","max-snippet":"max-snippet:-1","max-image-preview":"max-image-preview:large","max-video-preview":"max-video-preview:-1"},"canonical":"https:\/\/www.anovapeneira.gal\/index.php\/2020\/06\/26\/as-portas-do-juizo-da-operacion-jaro-defendamos-o-status-legal-do-independentismo\/","og_locale":"gl_ES","og_type":"article","og_title":"\u00c0s portas do ju\u00edzo da Operaci\u00f3n Jaro, defendamos o status legal do independentismo -","og_description":"Est\u00e1m a piques de se cumprir cinco anos desde que o Ministro de Interior Jorge Fern\u00e1ndez D\u00edaz, com a companhia de Arsenio Fern\u00e1ndez de Mesa e Diego P\u00e9rez de los Cobos no seu organigrama ministerial, ativassem publicamente a Operaci\u00f3n Jaro contra Causa Galiza [...]","og_url":"https:\/\/www.anovapeneira.gal\/index.php\/2020\/06\/26\/as-portas-do-juizo-da-operacion-jaro-defendamos-o-status-legal-do-independentismo\/","article_publisher":"https:\/\/www.facebook.com\/anovapeneira","article_published_time":"2020-06-26T08:00:57+00:00","og_image":[{"width":720,"height":432,"url":"https:\/\/www.anovapeneira.gal\/wp-content\/uploads\/2020\/06\/dereitos_civis_a_nova_peneira.jpg","type":"image\/jpeg"}],"author":"Artigos Opini\u00f3n","twitter_card":"summary_large_image","twitter_creator":"@APeneira","twitter_site":"@APeneira","twitter_misc":{"Escrito por":"Artigos Opini\u00f3n","Tempo de lectura":"7 minutos"},"schema":{"@context":"https:\/\/schema.org","@graph":[{"@type":"Article","@id":"https:\/\/www.anovapeneira.gal\/index.php\/2020\/06\/26\/as-portas-do-juizo-da-operacion-jaro-defendamos-o-status-legal-do-independentismo\/#article","isPartOf":{"@id":"https:\/\/www.anovapeneira.gal\/index.php\/2020\/06\/26\/as-portas-do-juizo-da-operacion-jaro-defendamos-o-status-legal-do-independentismo\/"},"author":{"name":"Artigos Opini\u00f3n","@id":"https:\/\/www.anovapeneira.gal\/#\/schema\/person\/f18a4feb302e8f20bcef4490b5b60bb3"},"headline":"\u00c0s portas do ju\u00edzo da Operaci\u00f3n Jaro, defendamos o status legal do independentismo","datePublished":"2020-06-26T08:00:57+00:00","mainEntityOfPage":{"@id":"https:\/\/www.anovapeneira.gal\/index.php\/2020\/06\/26\/as-portas-do-juizo-da-operacion-jaro-defendamos-o-status-legal-do-independentismo\/"},"wordCount":1435,"commentCount":0,"publisher":{"@id":"https:\/\/www.anovapeneira.gal\/#organization"},"image":{"@id":"https:\/\/www.anovapeneira.gal\/index.php\/2020\/06\/26\/as-portas-do-juizo-da-operacion-jaro-defendamos-o-status-legal-do-independentismo\/#primaryimage"},"thumbnailUrl":"https:\/\/www.anovapeneira.gal\/wp-content\/uploads\/2020\/06\/dereitos_civis_a_nova_peneira.jpg","keywords":["Independentismo","Jo\u00e1m Peres Louren\u00e7o","Operaci\u00f3n Jaro"],"articleSection":["Artigos de opini\u00f3n"],"inLanguage":"gl-ES","potentialAction":[{"@type":"CommentAction","name":"Comment","target":["https:\/\/www.anovapeneira.gal\/index.php\/2020\/06\/26\/as-portas-do-juizo-da-operacion-jaro-defendamos-o-status-legal-do-independentismo\/#respond"]}]},{"@type":"WebPage","@id":"https:\/\/www.anovapeneira.gal\/index.php\/2020\/06\/26\/as-portas-do-juizo-da-operacion-jaro-defendamos-o-status-legal-do-independentismo\/","url":"https:\/\/www.anovapeneira.gal\/index.php\/2020\/06\/26\/as-portas-do-juizo-da-operacion-jaro-defendamos-o-status-legal-do-independentismo\/","name":"\u00c0s portas do ju\u00edzo da Operaci\u00f3n Jaro, defendamos o status legal do independentismo -","isPartOf":{"@id":"https:\/\/www.anovapeneira.gal\/#website"},"primaryImageOfPage":{"@id":"https:\/\/www.anovapeneira.gal\/index.php\/2020\/06\/26\/as-portas-do-juizo-da-operacion-jaro-defendamos-o-status-legal-do-independentismo\/#primaryimage"},"image":{"@id":"https:\/\/www.anovapeneira.gal\/index.php\/2020\/06\/26\/as-portas-do-juizo-da-operacion-jaro-defendamos-o-status-legal-do-independentismo\/#primaryimage"},"thumbnailUrl":"https:\/\/www.anovapeneira.gal\/wp-content\/uploads\/2020\/06\/dereitos_civis_a_nova_peneira.jpg","datePublished":"2020-06-26T08:00:57+00:00","breadcrumb":{"@id":"https:\/\/www.anovapeneira.gal\/index.php\/2020\/06\/26\/as-portas-do-juizo-da-operacion-jaro-defendamos-o-status-legal-do-independentismo\/#breadcrumb"},"inLanguage":"gl-ES","potentialAction":[{"@type":"ReadAction","target":["https:\/\/www.anovapeneira.gal\/index.php\/2020\/06\/26\/as-portas-do-juizo-da-operacion-jaro-defendamos-o-status-legal-do-independentismo\/"]}]},{"@type":"ImageObject","inLanguage":"gl-ES","@id":"https:\/\/www.anovapeneira.gal\/index.php\/2020\/06\/26\/as-portas-do-juizo-da-operacion-jaro-defendamos-o-status-legal-do-independentismo\/#primaryimage","url":"https:\/\/www.anovapeneira.gal\/wp-content\/uploads\/2020\/06\/dereitos_civis_a_nova_peneira.jpg","contentUrl":"https:\/\/www.anovapeneira.gal\/wp-content\/uploads\/2020\/06\/dereitos_civis_a_nova_peneira.jpg","width":720,"height":432,"caption":"Dereitos civ\u00eds Operaci\u00f3n Jaro A Nova Peneira"},{"@type":"BreadcrumbList","@id":"https:\/\/www.anovapeneira.gal\/index.php\/2020\/06\/26\/as-portas-do-juizo-da-operacion-jaro-defendamos-o-status-legal-do-independentismo\/#breadcrumb","itemListElement":[{"@type":"ListItem","position":1,"name":"Portada","item":"https:\/\/www.anovapeneira.gal\/"},{"@type":"ListItem","position":2,"name":"\u00c0s portas do ju\u00edzo da Operaci\u00f3n Jaro, defendamos o status legal do independentismo"}]},{"@type":"WebSite","@id":"https:\/\/www.anovapeneira.gal\/#website","url":"https:\/\/www.anovapeneira.gal\/","name":"","description":"Xornal galego de informaci\u00f3n xeral Publicaci\u00f3n mensual de novas de Galicia e en especial dos Concellos da sur da provincia de Pontevedra.","publisher":{"@id":"https:\/\/www.anovapeneira.gal\/#organization"},"potentialAction":[{"@type":"SearchAction","target":{"@type":"EntryPoint","urlTemplate":"https:\/\/www.anovapeneira.gal\/?s={search_term_string}"},"query-input":{"@type":"PropertyValueSpecification","valueRequired":true,"valueName":"search_term_string"}}],"inLanguage":"gl-ES"},{"@type":"Organization","@id":"https:\/\/www.anovapeneira.gal\/#organization","name":"A Nova Peneira","url":"https:\/\/www.anovapeneira.gal\/","logo":{"@type":"ImageObject","inLanguage":"gl-ES","@id":"https:\/\/www.anovapeneira.gal\/#\/schema\/logo\/image\/","url":"http:\/\/www.anovapeneira.gal\/wp-content\/uploads\/2019\/06\/logo_a_nova_peneira_portal_web.png","contentUrl":"http:\/\/www.anovapeneira.gal\/wp-content\/uploads\/2019\/06\/logo_a_nova_peneira_portal_web.png","width":300,"height":100,"caption":"A Nova Peneira"},"image":{"@id":"https:\/\/www.anovapeneira.gal\/#\/schema\/logo\/image\/"},"sameAs":["https:\/\/www.facebook.com\/anovapeneira","https:\/\/x.com\/APeneira"]},{"@type":"Person","@id":"https:\/\/www.anovapeneira.gal\/#\/schema\/person\/f18a4feb302e8f20bcef4490b5b60bb3","name":"Artigos Opini\u00f3n","image":{"@type":"ImageObject","inLanguage":"gl-ES","@id":"https:\/\/secure.gravatar.com\/avatar\/072844300f4881150aee2da4278f7a65d16eefdf8262eb67085f1e702de2b959?s=96&d=mm&r=g","url":"https:\/\/secure.gravatar.com\/avatar\/072844300f4881150aee2da4278f7a65d16eefdf8262eb67085f1e702de2b959?s=96&d=mm&r=g","contentUrl":"https:\/\/secure.gravatar.com\/avatar\/072844300f4881150aee2da4278f7a65d16eefdf8262eb67085f1e702de2b959?s=96&d=mm&r=g","caption":"Artigos Opini\u00f3n"},"sameAs":["http:\/\/anovapeneira.gal"],"url":"https:\/\/www.anovapeneira.gal\/index.php\/author\/artigosopinion\/"}]}},"jetpack_featured_media_url":"https:\/\/www.anovapeneira.gal\/wp-content\/uploads\/2020\/06\/dereitos_civis_a_nova_peneira.jpg","_links":{"self":[{"href":"https:\/\/www.anovapeneira.gal\/index.php\/wp-json\/wp\/v2\/posts\/3370","targetHints":{"allow":["GET"]}}],"collection":[{"href":"https:\/\/www.anovapeneira.gal\/index.php\/wp-json\/wp\/v2\/posts"}],"about":[{"href":"https:\/\/www.anovapeneira.gal\/index.php\/wp-json\/wp\/v2\/types\/post"}],"author":[{"embeddable":true,"href":"https:\/\/www.anovapeneira.gal\/index.php\/wp-json\/wp\/v2\/users\/12"}],"replies":[{"embeddable":true,"href":"https:\/\/www.anovapeneira.gal\/index.php\/wp-json\/wp\/v2\/comments?post=3370"}],"version-history":[{"count":2,"href":"https:\/\/www.anovapeneira.gal\/index.php\/wp-json\/wp\/v2\/posts\/3370\/revisions"}],"predecessor-version":[{"id":3374,"href":"https:\/\/www.anovapeneira.gal\/index.php\/wp-json\/wp\/v2\/posts\/3370\/revisions\/3374"}],"wp:featuredmedia":[{"embeddable":true,"href":"https:\/\/www.anovapeneira.gal\/index.php\/wp-json\/wp\/v2\/media\/3371"}],"wp:attachment":[{"href":"https:\/\/www.anovapeneira.gal\/index.php\/wp-json\/wp\/v2\/media?parent=3370"}],"wp:term":[{"taxonomy":"category","embeddable":true,"href":"https:\/\/www.anovapeneira.gal\/index.php\/wp-json\/wp\/v2\/categories?post=3370"},{"taxonomy":"post_tag","embeddable":true,"href":"https:\/\/www.anovapeneira.gal\/index.php\/wp-json\/wp\/v2\/tags?post=3370"}],"curies":[{"name":"wp","href":"https:\/\/api.w.org\/{rel}","templated":true}]}}