{"id":3403,"date":"2020-06-29T10:00:57","date_gmt":"2020-06-29T08:00:57","guid":{"rendered":"http:\/\/www.anovapeneira.gal\/?p=3403"},"modified":"2020-06-27T07:50:53","modified_gmt":"2020-06-27T05:50:53","slug":"a-lei-da-foto","status":"publish","type":"post","link":"https:\/\/www.anovapeneira.gal\/index.php\/2020\/06\/29\/a-lei-da-foto\/","title":{"rendered":"A Lei da foto"},"content":{"rendered":"\n<figure class=\"wp-block-image size-large is-resized is-style-default\"><img loading=\"lazy\" decoding=\"async\" src=\"http:\/\/www.anovapeneira.gal\/wp-content\/uploads\/2019\/10\/IAGO_PEREIRA_CONCELLEIRO_BAIONA.png\" alt=\"Iago Pereira Conselleiro de Baiona\" class=\"wp-image-1585\" width=\"95\" height=\"111\"\/><figcaption>Iago Pereira  BNG Baiona<\/figcaption><\/figure>\n\n\n\n<p>A Xunta de Galiza e o goberno do Estado espa\u00f1ol cando se atopan con novas problem\u00e1ticas que afectan directamente \u00e1 veci\u00f1anza entenden que xesti\u00f3n \u00e9 ditar o que facer m\u00e1is sen o como e, as veces, nin o porqu\u00e9.<br>Xa que logo, estas administraci\u00f3ns lexislativas obr\u00edgannos a cumprir Leis, Decretos e reais Decretos que engaden unha sobre-presi\u00f3n aos Concellos que, coma administraci\u00f3n m\u00e1is preta \u00e1s persoas, temos que inventar o como sen preguntar o porqu\u00e9 e coa imposibilidade moitas veces de levalos a cabo por carecer das ferramentas axeitadas.<\/p>\n\n\n\n<p>Como consecuencia e debido a este novo escenario derivado da COVID-19 existen unhas novas lexislaci\u00f3ns que limitan \u00e1s persoas o uso do espazo p\u00fablico pero sen determinar como facelo:<br>Restr\u00ednxese o uso das zonas de praias e nun Concello como o de Baiona, pequeno en extensi\u00f3n, contamos con cinco areais de diversidade morfol\u00f3xica, uso e tama\u00f1o. O control mecanizado de aforo ascender\u00eda a m\u00e1is de cen mil euros, o control por parcelamento a m\u00e1is de sesenta mil e non hai capacidade humana de ter vixiantes permanentes e en todos os espazos .<\/p>\n\n\n\n<p>Ditaminan que os parques infant\u00eds poden abrirse ao uso pero baixo uns condicionamentos que para poder ser utilizados polas nosas crianzas requiren un mantemento hixi\u00e9nico e sanitario constante que elevar\u00eda o custe a vinte mil euros por parque.<br>A limitaci\u00f3n do uso de toda a actividade comercial e a obriga de cumprir o distanciamento entre persoas traslada, doutra vez m\u00e1is, o problema \u00e1s administraci\u00f3ns municipais. O Casco Vello de Baiona \u00e9 unha zona comercial, con establecementos de pequena superficie e onde as r\u00faas te\u00f1en unha anchura de apenas tres metros. \u00c9 fisicamente imposible cumprir o regulamentado.<\/p>\n\n\n\n<p>Estase a notar un grande incremento de persoas que, fuxindo das zonas urbanas, usan espazos naturais de \u00edndole forestal. Un problema engadido para os propietarios e propietarias destas terras, nomeadamente comunidades de montes, que se atopan cunha afluencia masiva de persoas que incumpren a Lei de Montes que limita o uso da superficie forestal en \u00e9poca de risco de incendios.<\/p>\n\n\n\n<p>Pero este tipo de funcionamento pol\u00edtico-lexislativo non \u00e9 un mal derivado dunha pandemia. Forma parte da xesti\u00f3n propia da Xunta de Galiza do goberno do Partido Popular.<br>O problema da xesti\u00f3n dos animais en estado de abandono cumpre cos mesmos par\u00e1metros anteriores. As\u00ed, concellos pequenos que non temos capacidade econ\u00f3mica para dispo\u00f1er de canceira ou gateira municipal e non contamos con profesionais axeitados para manipular os animais, temos a obriga de xestionar os abandonos.<\/p>\n\n\n\n<p>A constante aparici\u00f3n de ni\u00f1os de vespa velutina en zonas urbanas, ou preto de casas, piscinas, pendellos, \u00e1rbores froiteiras &#8230; traslada, de novo, o problema \u00e1 administraci\u00f3n municipal. Como no caso dos animais, non temos capacidade para dispo\u00f1er de profesionais que procedan \u00e1 s\u00faa retirada. Dependendo, neste caso, da posibilidade do Grupo de Emerxencias Supramunicipal e da dispo\u00f1ibilidade de asociaci\u00f3ns de apicultores e apicultoras.<\/p>\n\n\n\n<p>Xestionar non so \u00e9 crear un Decreto, real Decreto ou Lei para \u201csupostamente\u201d abordar e solucionar unha problem\u00e1tica. Xestionar \u00e9 darlle viabilidade as soluci\u00f3ns e trasladala \u00e1 realidade para poder ser aplicada dun xeito efectivo. \u00c9 moi doado dirixir un pa\u00eds coa Lei da foto.<\/p>\n","protected":false},"excerpt":{"rendered":"<div class=\"mh-excerpt\"><p>A Xunta de Galiza e o goberno do Estado espa\u00f1ol cando se atopan con novas problem\u00e1ticas que afectan directamente \u00e1 veci\u00f1anza entenden que xesti\u00f3n \u00e9 ditar o que facer m\u00e1is sen o como e, as veces, nin o porqu\u00e9 <a class=\"mh-excerpt-more\" href=\"https:\/\/www.anovapeneira.gal\/index.php\/2020\/06\/29\/a-lei-da-foto\/\" title=\"A Lei da foto\">[&#8230;]<\/a><\/p>\n<\/div>","protected":false},"author":29,"featured_media":584,"comment_status":"open","ping_status":"open","sticky":false,"template":"","format":"standard","meta":{"_exactmetrics_skip_tracking":false,"_exactmetrics_sitenote_active":false,"_exactmetrics_sitenote_note":"","_exactmetrics_sitenote_category":0,"footnotes":""},"categories":[20],"tags":[10,664,1123],"class_list":{"0":"post-3403","1":"post","2":"type-post","3":"status-publish","4":"format-standard","5":"has-post-thumbnail","7":"category-val-minor","8":"tag-bng","9":"tag-concello-de-baiona","10":"tag-iago-pereira"},"yoast_head":"<!-- This site is optimized with the Yoast SEO plugin v27.4 - https:\/\/yoast.com\/product\/yoast-seo-wordpress\/ -->\n<title>A Lei da foto -<\/title>\n<meta name=\"robots\" content=\"index, follow, max-snippet:-1, max-image-preview:large, max-video-preview:-1\" \/>\n<link rel=\"canonical\" href=\"https:\/\/www.anovapeneira.gal\/index.php\/2020\/06\/29\/a-lei-da-foto\/\" \/>\n<meta property=\"og:locale\" content=\"gl_ES\" \/>\n<meta property=\"og:type\" content=\"article\" \/>\n<meta property=\"og:title\" content=\"A Lei da foto -\" \/>\n<meta property=\"og:description\" content=\"A Xunta de Galiza e o goberno do Estado espa\u00f1ol cando se atopan con novas problem\u00e1ticas que afectan directamente \u00e1 veci\u00f1anza entenden que xesti\u00f3n \u00e9 ditar o que facer m\u00e1is sen o como e, as veces, nin o porqu\u00e9 [...]\" \/>\n<meta property=\"og:url\" content=\"https:\/\/www.anovapeneira.gal\/index.php\/2020\/06\/29\/a-lei-da-foto\/\" \/>\n<meta property=\"article:publisher\" content=\"https:\/\/www.facebook.com\/anovapeneira\" \/>\n<meta property=\"article:published_time\" content=\"2020-06-29T08:00:57+00:00\" \/>\n<meta property=\"og:image\" content=\"https:\/\/www.anovapeneira.gal\/wp-content\/uploads\/2019\/07\/ARTIGO_DE_OPINION_A_NOVA_PENEIRA.jpg\" \/>\n\t<meta property=\"og:image:width\" content=\"720\" \/>\n\t<meta property=\"og:image:height\" content=\"473\" \/>\n\t<meta property=\"og:image:type\" content=\"image\/jpeg\" \/>\n<meta name=\"author\" content=\"Iago Pereira\" \/>\n<meta name=\"twitter:card\" content=\"summary_large_image\" \/>\n<meta name=\"twitter:creator\" content=\"@APeneira\" \/>\n<meta name=\"twitter:site\" content=\"@APeneira\" \/>\n<meta name=\"twitter:label1\" content=\"Escrito por\" \/>\n\t<meta name=\"twitter:data1\" content=\"Iago Pereira\" \/>\n\t<meta name=\"twitter:label2\" content=\"Tempo de lectura\" \/>\n\t<meta name=\"twitter:data2\" content=\"3 minutos\" \/>\n<script type=\"application\/ld+json\" class=\"yoast-schema-graph\">{\"@context\":\"https:\\\/\\\/schema.org\",\"@graph\":[{\"@type\":\"Article\",\"@id\":\"https:\\\/\\\/www.anovapeneira.gal\\\/index.php\\\/2020\\\/06\\\/29\\\/a-lei-da-foto\\\/#article\",\"isPartOf\":{\"@id\":\"https:\\\/\\\/www.anovapeneira.gal\\\/index.php\\\/2020\\\/06\\\/29\\\/a-lei-da-foto\\\/\"},\"author\":{\"name\":\"Iago Pereira\",\"@id\":\"https:\\\/\\\/www.anovapeneira.gal\\\/#\\\/schema\\\/person\\\/5071ae0304810acb4987f932d6484746\"},\"headline\":\"A Lei da foto\",\"datePublished\":\"2020-06-29T08:00:57+00:00\",\"mainEntityOfPage\":{\"@id\":\"https:\\\/\\\/www.anovapeneira.gal\\\/index.php\\\/2020\\\/06\\\/29\\\/a-lei-da-foto\\\/\"},\"wordCount\":558,\"commentCount\":0,\"publisher\":{\"@id\":\"https:\\\/\\\/www.anovapeneira.gal\\\/#organization\"},\"image\":{\"@id\":\"https:\\\/\\\/www.anovapeneira.gal\\\/index.php\\\/2020\\\/06\\\/29\\\/a-lei-da-foto\\\/#primaryimage\"},\"thumbnailUrl\":\"https:\\\/\\\/www.anovapeneira.gal\\\/wp-content\\\/uploads\\\/2019\\\/07\\\/ARTIGO_DE_OPINION_A_NOVA_PENEIRA.jpg\",\"keywords\":[\"BNG\",\"Concello de Baiona\",\"Iago Pereira\"],\"articleSection\":[\"Val Mi\u00f1or\"],\"inLanguage\":\"gl-ES\",\"potentialAction\":[{\"@type\":\"CommentAction\",\"name\":\"Comment\",\"target\":[\"https:\\\/\\\/www.anovapeneira.gal\\\/index.php\\\/2020\\\/06\\\/29\\\/a-lei-da-foto\\\/#respond\"]}]},{\"@type\":\"WebPage\",\"@id\":\"https:\\\/\\\/www.anovapeneira.gal\\\/index.php\\\/2020\\\/06\\\/29\\\/a-lei-da-foto\\\/\",\"url\":\"https:\\\/\\\/www.anovapeneira.gal\\\/index.php\\\/2020\\\/06\\\/29\\\/a-lei-da-foto\\\/\",\"name\":\"A Lei da foto -\",\"isPartOf\":{\"@id\":\"https:\\\/\\\/www.anovapeneira.gal\\\/#website\"},\"primaryImageOfPage\":{\"@id\":\"https:\\\/\\\/www.anovapeneira.gal\\\/index.php\\\/2020\\\/06\\\/29\\\/a-lei-da-foto\\\/#primaryimage\"},\"image\":{\"@id\":\"https:\\\/\\\/www.anovapeneira.gal\\\/index.php\\\/2020\\\/06\\\/29\\\/a-lei-da-foto\\\/#primaryimage\"},\"thumbnailUrl\":\"https:\\\/\\\/www.anovapeneira.gal\\\/wp-content\\\/uploads\\\/2019\\\/07\\\/ARTIGO_DE_OPINION_A_NOVA_PENEIRA.jpg\",\"datePublished\":\"2020-06-29T08:00:57+00:00\",\"breadcrumb\":{\"@id\":\"https:\\\/\\\/www.anovapeneira.gal\\\/index.php\\\/2020\\\/06\\\/29\\\/a-lei-da-foto\\\/#breadcrumb\"},\"inLanguage\":\"gl-ES\",\"potentialAction\":[{\"@type\":\"ReadAction\",\"target\":[\"https:\\\/\\\/www.anovapeneira.gal\\\/index.php\\\/2020\\\/06\\\/29\\\/a-lei-da-foto\\\/\"]}]},{\"@type\":\"ImageObject\",\"inLanguage\":\"gl-ES\",\"@id\":\"https:\\\/\\\/www.anovapeneira.gal\\\/index.php\\\/2020\\\/06\\\/29\\\/a-lei-da-foto\\\/#primaryimage\",\"url\":\"https:\\\/\\\/www.anovapeneira.gal\\\/wp-content\\\/uploads\\\/2019\\\/07\\\/ARTIGO_DE_OPINION_A_NOVA_PENEIRA.jpg\",\"contentUrl\":\"https:\\\/\\\/www.anovapeneira.gal\\\/wp-content\\\/uploads\\\/2019\\\/07\\\/ARTIGO_DE_OPINION_A_NOVA_PENEIRA.jpg\",\"width\":720,\"height\":473,\"caption\":\"Artigo de opini\u00f3n A Nova Peneira\"},{\"@type\":\"BreadcrumbList\",\"@id\":\"https:\\\/\\\/www.anovapeneira.gal\\\/index.php\\\/2020\\\/06\\\/29\\\/a-lei-da-foto\\\/#breadcrumb\",\"itemListElement\":[{\"@type\":\"ListItem\",\"position\":1,\"name\":\"Portada\",\"item\":\"https:\\\/\\\/www.anovapeneira.gal\\\/\"},{\"@type\":\"ListItem\",\"position\":2,\"name\":\"A Lei da foto\"}]},{\"@type\":\"WebSite\",\"@id\":\"https:\\\/\\\/www.anovapeneira.gal\\\/#website\",\"url\":\"https:\\\/\\\/www.anovapeneira.gal\\\/\",\"name\":\"\",\"description\":\"Xornal galego de informaci\u00f3n xeral Publicaci\u00f3n mensual de novas de Galicia e en especial dos Concellos da sur da provincia de Pontevedra.\",\"publisher\":{\"@id\":\"https:\\\/\\\/www.anovapeneira.gal\\\/#organization\"},\"potentialAction\":[{\"@type\":\"SearchAction\",\"target\":{\"@type\":\"EntryPoint\",\"urlTemplate\":\"https:\\\/\\\/www.anovapeneira.gal\\\/?s={search_term_string}\"},\"query-input\":{\"@type\":\"PropertyValueSpecification\",\"valueRequired\":true,\"valueName\":\"search_term_string\"}}],\"inLanguage\":\"gl-ES\"},{\"@type\":\"Organization\",\"@id\":\"https:\\\/\\\/www.anovapeneira.gal\\\/#organization\",\"name\":\"A Nova Peneira\",\"url\":\"https:\\\/\\\/www.anovapeneira.gal\\\/\",\"logo\":{\"@type\":\"ImageObject\",\"inLanguage\":\"gl-ES\",\"@id\":\"https:\\\/\\\/www.anovapeneira.gal\\\/#\\\/schema\\\/logo\\\/image\\\/\",\"url\":\"http:\\\/\\\/www.anovapeneira.gal\\\/wp-content\\\/uploads\\\/2019\\\/06\\\/logo_a_nova_peneira_portal_web.png\",\"contentUrl\":\"http:\\\/\\\/www.anovapeneira.gal\\\/wp-content\\\/uploads\\\/2019\\\/06\\\/logo_a_nova_peneira_portal_web.png\",\"width\":300,\"height\":100,\"caption\":\"A Nova Peneira\"},\"image\":{\"@id\":\"https:\\\/\\\/www.anovapeneira.gal\\\/#\\\/schema\\\/logo\\\/image\\\/\"},\"sameAs\":[\"https:\\\/\\\/www.facebook.com\\\/anovapeneira\",\"https:\\\/\\\/x.com\\\/APeneira\"]},{\"@type\":\"Person\",\"@id\":\"https:\\\/\\\/www.anovapeneira.gal\\\/#\\\/schema\\\/person\\\/5071ae0304810acb4987f932d6484746\",\"name\":\"Iago Pereira\",\"image\":{\"@type\":\"ImageObject\",\"inLanguage\":\"gl-ES\",\"@id\":\"https:\\\/\\\/secure.gravatar.com\\\/avatar\\\/208313d25cb8812f02b31c776c25d52e24fd133608766dd7b2ea3ce551fa6e90?s=96&d=mm&r=g\",\"url\":\"https:\\\/\\\/secure.gravatar.com\\\/avatar\\\/208313d25cb8812f02b31c776c25d52e24fd133608766dd7b2ea3ce551fa6e90?s=96&d=mm&r=g\",\"contentUrl\":\"https:\\\/\\\/secure.gravatar.com\\\/avatar\\\/208313d25cb8812f02b31c776c25d52e24fd133608766dd7b2ea3ce551fa6e90?s=96&d=mm&r=g\",\"caption\":\"Iago Pereira\"},\"url\":\"https:\\\/\\\/www.anovapeneira.gal\\\/index.php\\\/author\\\/iagopereira\\\/\"}]}<\/script>\n<!-- \/ Yoast SEO plugin. -->","yoast_head_json":{"title":"A Lei da foto -","robots":{"index":"index","follow":"follow","max-snippet":"max-snippet:-1","max-image-preview":"max-image-preview:large","max-video-preview":"max-video-preview:-1"},"canonical":"https:\/\/www.anovapeneira.gal\/index.php\/2020\/06\/29\/a-lei-da-foto\/","og_locale":"gl_ES","og_type":"article","og_title":"A Lei da foto -","og_description":"A Xunta de Galiza e o goberno do Estado espa\u00f1ol cando se atopan con novas problem\u00e1ticas que afectan directamente \u00e1 veci\u00f1anza entenden que xesti\u00f3n \u00e9 ditar o que facer m\u00e1is sen o como e, as veces, nin o porqu\u00e9 [...]","og_url":"https:\/\/www.anovapeneira.gal\/index.php\/2020\/06\/29\/a-lei-da-foto\/","article_publisher":"https:\/\/www.facebook.com\/anovapeneira","article_published_time":"2020-06-29T08:00:57+00:00","og_image":[{"width":720,"height":473,"url":"https:\/\/www.anovapeneira.gal\/wp-content\/uploads\/2019\/07\/ARTIGO_DE_OPINION_A_NOVA_PENEIRA.jpg","type":"image\/jpeg"}],"author":"Iago Pereira","twitter_card":"summary_large_image","twitter_creator":"@APeneira","twitter_site":"@APeneira","twitter_misc":{"Escrito por":"Iago Pereira","Tempo de lectura":"3 minutos"},"schema":{"@context":"https:\/\/schema.org","@graph":[{"@type":"Article","@id":"https:\/\/www.anovapeneira.gal\/index.php\/2020\/06\/29\/a-lei-da-foto\/#article","isPartOf":{"@id":"https:\/\/www.anovapeneira.gal\/index.php\/2020\/06\/29\/a-lei-da-foto\/"},"author":{"name":"Iago Pereira","@id":"https:\/\/www.anovapeneira.gal\/#\/schema\/person\/5071ae0304810acb4987f932d6484746"},"headline":"A Lei da foto","datePublished":"2020-06-29T08:00:57+00:00","mainEntityOfPage":{"@id":"https:\/\/www.anovapeneira.gal\/index.php\/2020\/06\/29\/a-lei-da-foto\/"},"wordCount":558,"commentCount":0,"publisher":{"@id":"https:\/\/www.anovapeneira.gal\/#organization"},"image":{"@id":"https:\/\/www.anovapeneira.gal\/index.php\/2020\/06\/29\/a-lei-da-foto\/#primaryimage"},"thumbnailUrl":"https:\/\/www.anovapeneira.gal\/wp-content\/uploads\/2019\/07\/ARTIGO_DE_OPINION_A_NOVA_PENEIRA.jpg","keywords":["BNG","Concello de Baiona","Iago Pereira"],"articleSection":["Val Mi\u00f1or"],"inLanguage":"gl-ES","potentialAction":[{"@type":"CommentAction","name":"Comment","target":["https:\/\/www.anovapeneira.gal\/index.php\/2020\/06\/29\/a-lei-da-foto\/#respond"]}]},{"@type":"WebPage","@id":"https:\/\/www.anovapeneira.gal\/index.php\/2020\/06\/29\/a-lei-da-foto\/","url":"https:\/\/www.anovapeneira.gal\/index.php\/2020\/06\/29\/a-lei-da-foto\/","name":"A Lei da foto -","isPartOf":{"@id":"https:\/\/www.anovapeneira.gal\/#website"},"primaryImageOfPage":{"@id":"https:\/\/www.anovapeneira.gal\/index.php\/2020\/06\/29\/a-lei-da-foto\/#primaryimage"},"image":{"@id":"https:\/\/www.anovapeneira.gal\/index.php\/2020\/06\/29\/a-lei-da-foto\/#primaryimage"},"thumbnailUrl":"https:\/\/www.anovapeneira.gal\/wp-content\/uploads\/2019\/07\/ARTIGO_DE_OPINION_A_NOVA_PENEIRA.jpg","datePublished":"2020-06-29T08:00:57+00:00","breadcrumb":{"@id":"https:\/\/www.anovapeneira.gal\/index.php\/2020\/06\/29\/a-lei-da-foto\/#breadcrumb"},"inLanguage":"gl-ES","potentialAction":[{"@type":"ReadAction","target":["https:\/\/www.anovapeneira.gal\/index.php\/2020\/06\/29\/a-lei-da-foto\/"]}]},{"@type":"ImageObject","inLanguage":"gl-ES","@id":"https:\/\/www.anovapeneira.gal\/index.php\/2020\/06\/29\/a-lei-da-foto\/#primaryimage","url":"https:\/\/www.anovapeneira.gal\/wp-content\/uploads\/2019\/07\/ARTIGO_DE_OPINION_A_NOVA_PENEIRA.jpg","contentUrl":"https:\/\/www.anovapeneira.gal\/wp-content\/uploads\/2019\/07\/ARTIGO_DE_OPINION_A_NOVA_PENEIRA.jpg","width":720,"height":473,"caption":"Artigo de opini\u00f3n A Nova Peneira"},{"@type":"BreadcrumbList","@id":"https:\/\/www.anovapeneira.gal\/index.php\/2020\/06\/29\/a-lei-da-foto\/#breadcrumb","itemListElement":[{"@type":"ListItem","position":1,"name":"Portada","item":"https:\/\/www.anovapeneira.gal\/"},{"@type":"ListItem","position":2,"name":"A Lei da foto"}]},{"@type":"WebSite","@id":"https:\/\/www.anovapeneira.gal\/#website","url":"https:\/\/www.anovapeneira.gal\/","name":"","description":"Xornal galego de informaci\u00f3n xeral Publicaci\u00f3n mensual de novas de Galicia e en especial dos Concellos da sur da provincia de Pontevedra.","publisher":{"@id":"https:\/\/www.anovapeneira.gal\/#organization"},"potentialAction":[{"@type":"SearchAction","target":{"@type":"EntryPoint","urlTemplate":"https:\/\/www.anovapeneira.gal\/?s={search_term_string}"},"query-input":{"@type":"PropertyValueSpecification","valueRequired":true,"valueName":"search_term_string"}}],"inLanguage":"gl-ES"},{"@type":"Organization","@id":"https:\/\/www.anovapeneira.gal\/#organization","name":"A Nova Peneira","url":"https:\/\/www.anovapeneira.gal\/","logo":{"@type":"ImageObject","inLanguage":"gl-ES","@id":"https:\/\/www.anovapeneira.gal\/#\/schema\/logo\/image\/","url":"http:\/\/www.anovapeneira.gal\/wp-content\/uploads\/2019\/06\/logo_a_nova_peneira_portal_web.png","contentUrl":"http:\/\/www.anovapeneira.gal\/wp-content\/uploads\/2019\/06\/logo_a_nova_peneira_portal_web.png","width":300,"height":100,"caption":"A Nova Peneira"},"image":{"@id":"https:\/\/www.anovapeneira.gal\/#\/schema\/logo\/image\/"},"sameAs":["https:\/\/www.facebook.com\/anovapeneira","https:\/\/x.com\/APeneira"]},{"@type":"Person","@id":"https:\/\/www.anovapeneira.gal\/#\/schema\/person\/5071ae0304810acb4987f932d6484746","name":"Iago Pereira","image":{"@type":"ImageObject","inLanguage":"gl-ES","@id":"https:\/\/secure.gravatar.com\/avatar\/208313d25cb8812f02b31c776c25d52e24fd133608766dd7b2ea3ce551fa6e90?s=96&d=mm&r=g","url":"https:\/\/secure.gravatar.com\/avatar\/208313d25cb8812f02b31c776c25d52e24fd133608766dd7b2ea3ce551fa6e90?s=96&d=mm&r=g","contentUrl":"https:\/\/secure.gravatar.com\/avatar\/208313d25cb8812f02b31c776c25d52e24fd133608766dd7b2ea3ce551fa6e90?s=96&d=mm&r=g","caption":"Iago Pereira"},"url":"https:\/\/www.anovapeneira.gal\/index.php\/author\/iagopereira\/"}]}},"jetpack_featured_media_url":"https:\/\/www.anovapeneira.gal\/wp-content\/uploads\/2019\/07\/ARTIGO_DE_OPINION_A_NOVA_PENEIRA.jpg","_links":{"self":[{"href":"https:\/\/www.anovapeneira.gal\/index.php\/wp-json\/wp\/v2\/posts\/3403","targetHints":{"allow":["GET"]}}],"collection":[{"href":"https:\/\/www.anovapeneira.gal\/index.php\/wp-json\/wp\/v2\/posts"}],"about":[{"href":"https:\/\/www.anovapeneira.gal\/index.php\/wp-json\/wp\/v2\/types\/post"}],"author":[{"embeddable":true,"href":"https:\/\/www.anovapeneira.gal\/index.php\/wp-json\/wp\/v2\/users\/29"}],"replies":[{"embeddable":true,"href":"https:\/\/www.anovapeneira.gal\/index.php\/wp-json\/wp\/v2\/comments?post=3403"}],"version-history":[{"count":3,"href":"https:\/\/www.anovapeneira.gal\/index.php\/wp-json\/wp\/v2\/posts\/3403\/revisions"}],"predecessor-version":[{"id":3407,"href":"https:\/\/www.anovapeneira.gal\/index.php\/wp-json\/wp\/v2\/posts\/3403\/revisions\/3407"}],"wp:featuredmedia":[{"embeddable":true,"href":"https:\/\/www.anovapeneira.gal\/index.php\/wp-json\/wp\/v2\/media\/584"}],"wp:attachment":[{"href":"https:\/\/www.anovapeneira.gal\/index.php\/wp-json\/wp\/v2\/media?parent=3403"}],"wp:term":[{"taxonomy":"category","embeddable":true,"href":"https:\/\/www.anovapeneira.gal\/index.php\/wp-json\/wp\/v2\/categories?post=3403"},{"taxonomy":"post_tag","embeddable":true,"href":"https:\/\/www.anovapeneira.gal\/index.php\/wp-json\/wp\/v2\/tags?post=3403"}],"curies":[{"name":"wp","href":"https:\/\/api.w.org\/{rel}","templated":true}]}}