{"id":3409,"date":"2020-06-29T12:00:18","date_gmt":"2020-06-29T10:00:18","guid":{"rendered":"http:\/\/www.anovapeneira.gal\/?p=3409"},"modified":"2020-06-27T08:01:50","modified_gmt":"2020-06-27T06:01:50","slug":"vigo-stop-arboricidio","status":"publish","type":"post","link":"https:\/\/www.anovapeneira.gal\/index.php\/2020\/06\/29\/vigo-stop-arboricidio\/","title":{"rendered":"Vigo, STOP arboricidio"},"content":{"rendered":"\n<figure class=\"wp-block-image size-large is-resized is-style-default\"><img loading=\"lazy\" decoding=\"async\" src=\"http:\/\/www.anovapeneira.gal\/wp-content\/uploads\/2019\/07\/cristobal_a_nova_peneira.jpg\" alt=\"Crist\u00f3bal L\u00f3pez A Nova Peneira\" class=\"wp-image-555\" width=\"95\" height=\"111\"\/><figcaption>Crist\u00f3bal L\u00f3pez Pazo | Comuneiro dos montes de Tameiga, militante de anticapitalistas, ecoloxista en acci\u00f3n e veci\u00f1o constitu\u00ednte da asemblea veci\u00f1al ga\u00f1aM\u00f3s<\/figcaption><\/figure>\n\n\n\n<p>As Ecoloxistas levamos meses denunciando as tallas indiscriminadas en Vigo, onde nos \u00faltimos anos parece que non hai actuaci\u00f3n urban\u00edstica que non sexa inagurada a golpe de motoserra.<\/p>\n\n\n\n<p>Est\u00e1 reco\u00f1ecido a nivel internacional a importancia das \u00e1rbores nos cascos urbanos das ciudades. Os servicios que dan as \u00e1rbores son valios\u00edsimos: producen ox\u00edxeno, atrapan part\u00edculas contaminantes, reducen a contaminaci\u00f3n auditiva, controlan a temperatura, protexen do sol e da choiva, propician a biodiversidade, dan sustento e refuxio \u00e1 fauna urbana e fan a vida mais agradable \u00e1s persoas. Estudios cient\u00edficos demostran que as \u00e1rbores urbans te\u00f1en a capacidade de amortiguar as temperatura extremas entre 2\u00baC e 8\u00baC. En inverno ofrecen protecci\u00f3n t\u00e9rmica e no veran ofrecen sombra e te\u00f1en a capacidade de refrescar o aire varios grados respecto a temperatura ambiente. Isto sup\u00f3n aforro enerx\u00e9ticos de moitos hogares en aire acondicionado, economizando enerx\u00eda e contribuindo a reducir a pegada de carbono da cidade<\/p>\n\n\n\n<p>Nunha sociedade cada vez mais urbanita, cada vez mais afastada da vida rural, das aldeas e que realiza a maior partes das s\u00faas actividades coti\u00e1s nas urbes, a natureza urbana \u00e9 esencial. Os espazos verdes urbans son a \u00fanica oportunidade diaria de contacto dos cidad\u00e1ns coa natureza, e aportan moitos beneficios ambientais e sociais que son b\u00e1sicos para mellorar a calidade de vida e o benestar dentro das cidades. Por iso, en canto o confinamento deixounos algo de liberdade non tardamos en acometer esta acci\u00f3n da man das compa\u00f1eiras de Extintion Rebelion Vigo desplegando pancartas un selecto grupo de activistas na Fortaleza do Monte do Castro. Parque onde sen dubida at\u00f3pase o epicentro do arboricidio vigu\u00e9s.&nbsp;<\/p>\n\n\n\n<p>Coa actuaci\u00f3n realizada pretendemos polinizar \u00e1 cidadan\u00eda para que deixe de ver \u00e1s \u00e1rbores como meros ornamentos e comece a consideralas o que realmente son: as nosas principais aliadas na loita contra o cambio clim\u00e1tico. Sen tomar conciencia do valor das \u00e1rbores e<strong> da biodiversidade que ani\u00f1a neles non seremos quen de abordar a crise clim\u00e1tica en toda su s\u00faa envergadura.&nbsp;<\/strong><\/p>\n\n\n\n<p>Pasemos lista das ca\u00eddas pola insensatez humana: dende o d\u00eda 28 de abril de 2020 se realizaron traballos de tala no recinto amurallado da Fortaleza do Castro afectando a 12 \u00e1rbores: 6 cedros (Cedrus sp.), un cipres de Lawson (Chamaecypartis lawsoniana), dous abetos (Picea avis), unha acacia negra (Acacia melanoxylon) un carballo americano (Quercus rubra). Dentro do castelo tallouse un exemplar de Cedro xapon\u00e9s (Cryptomeria japonica).&nbsp;<\/p>\n\n\n\n<p>Esta talla indiscriminada non e un feito illado, ven precedida de outras moitas actuaci\u00f3ns prexudiciais a nivel ambiental. A talla de \u00e1rbores adultas, coma os carballos americanos, realizadas nos \u00faltimos anos nas \u00e1reas da bater\u00eda do Couto, no Saliente de Coia e na zona da Poterna (para darlle visibilidade a muralla do castelo aproveitando a ca\u00edda dunha acacia enriba dos patos) provocou a extinci\u00f3n da \u00fanica parella de avelaiona do casco urbano de Vigo, especie de rapaz que goza de protecci\u00f3n legal. As podas indiscriminadas realizadas en 2019 de t\u00f3dolos carballos americanos dende o Baluarte do Regueiro \u00e1 zona do Tambor ve\u00f1en de ferir gravemente \u00f3s exemplares e acortar\u00e1n a vida destas \u00e1rbores nobres de folla caediza tan necesarias nos parques urbanos para proporcionar sombra. A guinda a pon a neglixencia nas actuaci\u00f3ns das obras de Ronda Don Bosco que provocaron a ca\u00edda de dous Cedrus atl\u00e1ntica que en teor\u00eda ti\u00f1an que estar protexidas pero que acabaron cedendo ante as excavaci\u00f3ns agresivas no entorno e a falla de anclaxes, que afectaron a \u00e1rbores de ra\u00edces pouco fondas. Nin empresa nin concello tomaron as medidas de proteccion adecuadas para preservar estas \u00e1rbores senlleiras.&nbsp;<\/p>\n\n\n\n<p>Esta sistem\u00e1tica eliminaci\u00f3n de \u00e1rbores en parques, debe ser reconducida a unha actitude m\u00e1is progresista e respetuosa coa vexetaci\u00f3n urbana.<\/p>\n\n\n\n<p><strong>Desde Ecoloxistas insistimos en que Vigo debe definir unha pol\u00edtica integrada de respeto \u00f3 medio ambiente da cidade de Vigo, <\/strong>apostando polas \u00e1reas verdes en parques e r\u00faas e apostando pola reducci\u00f3n do uso de tratamentos qu\u00edmicos. O beneficio \u00e9 para a cidade e para \u00e1s viguesas e vigueses. O beneficio \u00e9 para o medio ambiente e para a calidade da cidade. Vigo debe convertirse nun gran \u201cBosque Urbano\u201d no que se pranten \u00e1rbores aut\u00f3ctonas e se realice unha restauraci\u00f3n que convirta nun parque de referencia internacional dende o punto de vista medioambiental e cultural.\u00a0<strong>A nosa proposta: p\u00f3r en marcha un Pacto Verde.<\/strong> Un acordo para construir unha cidade sostenible no que cidad\u00e1ns, colectivos veci\u00f1ais, colectivos medioambientais e administraci\u00f3n colaboremos para que a vida sexa mellor. Proponemos \u00e1 sociedade viguesa un pacto verde no que se priorice a conservaci\u00f3n das zonas verdes do casco urbano e se melloren as zonas verdes perif\u00e9ricas e os parques forestais.<\/p>\n\n\n\n<figure class=\"wp-block-embed-youtube wp-block-embed is-type-video is-provider-youtube wp-embed-aspect-16-9 wp-has-aspect-ratio\"><div class=\"wp-block-embed__wrapper\">\n<iframe loading=\"lazy\" title=\"20J STOP ARBORICIDIO\" width=\"500\" height=\"281\" src=\"https:\/\/www.youtube.com\/embed\/dCWc7beVFZY?feature=oembed\" frameborder=\"0\" allow=\"accelerometer; autoplay; clipboard-write; encrypted-media; gyroscope; picture-in-picture; web-share\" referrerpolicy=\"strict-origin-when-cross-origin\" allowfullscreen><\/iframe>\n<\/div><\/figure>\n","protected":false},"excerpt":{"rendered":"<div class=\"mh-excerpt\"><p>As Ecoloxistas levamos meses denunciando as tallas indiscriminadas en Vigo, onde nos \u00faltimos anos parece que non hai actuaci\u00f3n urban\u00edstica que non sexa inagurada a golpe de motoserra <a class=\"mh-excerpt-more\" href=\"https:\/\/www.anovapeneira.gal\/index.php\/2020\/06\/29\/vigo-stop-arboricidio\/\" title=\"Vigo, STOP arboricidio\">[&#8230;]<\/a><\/p>\n<\/div>","protected":false},"author":13,"featured_media":3412,"comment_status":"open","ping_status":"open","sticky":false,"template":"","format":"standard","meta":{"_exactmetrics_skip_tracking":false,"_exactmetrics_sitenote_active":false,"_exactmetrics_sitenote_note":"","_exactmetrics_sitenote_category":0,"footnotes":""},"categories":[19],"tags":[1124,227,1125],"class_list":{"0":"post-3409","1":"post","2":"type-post","3":"status-publish","4":"format-standard","5":"has-post-thumbnail","7":"category-vigo","8":"tag-arboricidio","9":"tag-concello-de-vigo","10":"tag-monte-de-castro"},"yoast_head":"<!-- This site is optimized with the Yoast SEO plugin v27.4 - https:\/\/yoast.com\/product\/yoast-seo-wordpress\/ -->\n<title>Vigo, STOP arboricidio -<\/title>\n<meta name=\"robots\" content=\"index, follow, max-snippet:-1, max-image-preview:large, max-video-preview:-1\" \/>\n<link rel=\"canonical\" href=\"https:\/\/www.anovapeneira.gal\/index.php\/2020\/06\/29\/vigo-stop-arboricidio\/\" \/>\n<meta property=\"og:locale\" content=\"gl_ES\" \/>\n<meta property=\"og:type\" content=\"article\" \/>\n<meta property=\"og:title\" content=\"Vigo, STOP arboricidio -\" \/>\n<meta property=\"og:description\" content=\"As Ecoloxistas levamos meses denunciando as tallas indiscriminadas en Vigo, onde nos \u00faltimos anos parece que non hai actuaci\u00f3n urban\u00edstica que non sexa inagurada a golpe de motoserra [...]\" \/>\n<meta property=\"og:url\" content=\"https:\/\/www.anovapeneira.gal\/index.php\/2020\/06\/29\/vigo-stop-arboricidio\/\" \/>\n<meta property=\"article:publisher\" content=\"https:\/\/www.facebook.com\/anovapeneira\" \/>\n<meta property=\"article:published_time\" content=\"2020-06-29T10:00:18+00:00\" \/>\n<meta property=\"og:image\" content=\"https:\/\/www.anovapeneira.gal\/wp-content\/uploads\/2020\/06\/vigo_stop_arboricidio_a_nova_peneira.jpg\" \/>\n\t<meta property=\"og:image:width\" content=\"720\" \/>\n\t<meta property=\"og:image:height\" content=\"432\" \/>\n\t<meta property=\"og:image:type\" content=\"image\/jpeg\" \/>\n<meta name=\"author\" content=\"Cristobal L\u00f3pez\" \/>\n<meta name=\"twitter:card\" content=\"summary_large_image\" \/>\n<meta name=\"twitter:creator\" content=\"@APeneira\" \/>\n<meta name=\"twitter:site\" content=\"@APeneira\" \/>\n<meta name=\"twitter:label1\" content=\"Escrito por\" \/>\n\t<meta name=\"twitter:data1\" content=\"Cristobal L\u00f3pez\" \/>\n\t<meta name=\"twitter:label2\" content=\"Tempo de lectura\" \/>\n\t<meta name=\"twitter:data2\" content=\"4 minutos\" \/>\n<script type=\"application\/ld+json\" class=\"yoast-schema-graph\">{\"@context\":\"https:\\\/\\\/schema.org\",\"@graph\":[{\"@type\":\"Article\",\"@id\":\"https:\\\/\\\/www.anovapeneira.gal\\\/index.php\\\/2020\\\/06\\\/29\\\/vigo-stop-arboricidio\\\/#article\",\"isPartOf\":{\"@id\":\"https:\\\/\\\/www.anovapeneira.gal\\\/index.php\\\/2020\\\/06\\\/29\\\/vigo-stop-arboricidio\\\/\"},\"author\":{\"name\":\"Cristobal L\u00f3pez\",\"@id\":\"https:\\\/\\\/www.anovapeneira.gal\\\/#\\\/schema\\\/person\\\/45b3df2338e4d898b7616809f9c5906c\"},\"headline\":\"Vigo, STOP arboricidio\",\"datePublished\":\"2020-06-29T10:00:18+00:00\",\"mainEntityOfPage\":{\"@id\":\"https:\\\/\\\/www.anovapeneira.gal\\\/index.php\\\/2020\\\/06\\\/29\\\/vigo-stop-arboricidio\\\/\"},\"wordCount\":854,\"commentCount\":0,\"publisher\":{\"@id\":\"https:\\\/\\\/www.anovapeneira.gal\\\/#organization\"},\"image\":{\"@id\":\"https:\\\/\\\/www.anovapeneira.gal\\\/index.php\\\/2020\\\/06\\\/29\\\/vigo-stop-arboricidio\\\/#primaryimage\"},\"thumbnailUrl\":\"https:\\\/\\\/www.anovapeneira.gal\\\/wp-content\\\/uploads\\\/2020\\\/06\\\/vigo_stop_arboricidio_a_nova_peneira.jpg\",\"keywords\":[\"Arboricidio\",\"Concello de Vigo\",\"Monte de Castro\"],\"articleSection\":[\"Vigo\"],\"inLanguage\":\"gl-ES\",\"potentialAction\":[{\"@type\":\"CommentAction\",\"name\":\"Comment\",\"target\":[\"https:\\\/\\\/www.anovapeneira.gal\\\/index.php\\\/2020\\\/06\\\/29\\\/vigo-stop-arboricidio\\\/#respond\"]}]},{\"@type\":\"WebPage\",\"@id\":\"https:\\\/\\\/www.anovapeneira.gal\\\/index.php\\\/2020\\\/06\\\/29\\\/vigo-stop-arboricidio\\\/\",\"url\":\"https:\\\/\\\/www.anovapeneira.gal\\\/index.php\\\/2020\\\/06\\\/29\\\/vigo-stop-arboricidio\\\/\",\"name\":\"Vigo, STOP arboricidio -\",\"isPartOf\":{\"@id\":\"https:\\\/\\\/www.anovapeneira.gal\\\/#website\"},\"primaryImageOfPage\":{\"@id\":\"https:\\\/\\\/www.anovapeneira.gal\\\/index.php\\\/2020\\\/06\\\/29\\\/vigo-stop-arboricidio\\\/#primaryimage\"},\"image\":{\"@id\":\"https:\\\/\\\/www.anovapeneira.gal\\\/index.php\\\/2020\\\/06\\\/29\\\/vigo-stop-arboricidio\\\/#primaryimage\"},\"thumbnailUrl\":\"https:\\\/\\\/www.anovapeneira.gal\\\/wp-content\\\/uploads\\\/2020\\\/06\\\/vigo_stop_arboricidio_a_nova_peneira.jpg\",\"datePublished\":\"2020-06-29T10:00:18+00:00\",\"breadcrumb\":{\"@id\":\"https:\\\/\\\/www.anovapeneira.gal\\\/index.php\\\/2020\\\/06\\\/29\\\/vigo-stop-arboricidio\\\/#breadcrumb\"},\"inLanguage\":\"gl-ES\",\"potentialAction\":[{\"@type\":\"ReadAction\",\"target\":[\"https:\\\/\\\/www.anovapeneira.gal\\\/index.php\\\/2020\\\/06\\\/29\\\/vigo-stop-arboricidio\\\/\"]}]},{\"@type\":\"ImageObject\",\"inLanguage\":\"gl-ES\",\"@id\":\"https:\\\/\\\/www.anovapeneira.gal\\\/index.php\\\/2020\\\/06\\\/29\\\/vigo-stop-arboricidio\\\/#primaryimage\",\"url\":\"https:\\\/\\\/www.anovapeneira.gal\\\/wp-content\\\/uploads\\\/2020\\\/06\\\/vigo_stop_arboricidio_a_nova_peneira.jpg\",\"contentUrl\":\"https:\\\/\\\/www.anovapeneira.gal\\\/wp-content\\\/uploads\\\/2020\\\/06\\\/vigo_stop_arboricidio_a_nova_peneira.jpg\",\"width\":720,\"height\":432,\"caption\":\"Vigo STOP arboricidio A Nova Peneira\"},{\"@type\":\"BreadcrumbList\",\"@id\":\"https:\\\/\\\/www.anovapeneira.gal\\\/index.php\\\/2020\\\/06\\\/29\\\/vigo-stop-arboricidio\\\/#breadcrumb\",\"itemListElement\":[{\"@type\":\"ListItem\",\"position\":1,\"name\":\"Portada\",\"item\":\"https:\\\/\\\/www.anovapeneira.gal\\\/\"},{\"@type\":\"ListItem\",\"position\":2,\"name\":\"Vigo, STOP arboricidio\"}]},{\"@type\":\"WebSite\",\"@id\":\"https:\\\/\\\/www.anovapeneira.gal\\\/#website\",\"url\":\"https:\\\/\\\/www.anovapeneira.gal\\\/\",\"name\":\"\",\"description\":\"Xornal galego de informaci\u00f3n xeral Publicaci\u00f3n mensual de novas de Galicia e en especial dos Concellos da sur da provincia de Pontevedra.\",\"publisher\":{\"@id\":\"https:\\\/\\\/www.anovapeneira.gal\\\/#organization\"},\"potentialAction\":[{\"@type\":\"SearchAction\",\"target\":{\"@type\":\"EntryPoint\",\"urlTemplate\":\"https:\\\/\\\/www.anovapeneira.gal\\\/?s={search_term_string}\"},\"query-input\":{\"@type\":\"PropertyValueSpecification\",\"valueRequired\":true,\"valueName\":\"search_term_string\"}}],\"inLanguage\":\"gl-ES\"},{\"@type\":\"Organization\",\"@id\":\"https:\\\/\\\/www.anovapeneira.gal\\\/#organization\",\"name\":\"A Nova Peneira\",\"url\":\"https:\\\/\\\/www.anovapeneira.gal\\\/\",\"logo\":{\"@type\":\"ImageObject\",\"inLanguage\":\"gl-ES\",\"@id\":\"https:\\\/\\\/www.anovapeneira.gal\\\/#\\\/schema\\\/logo\\\/image\\\/\",\"url\":\"http:\\\/\\\/www.anovapeneira.gal\\\/wp-content\\\/uploads\\\/2019\\\/06\\\/logo_a_nova_peneira_portal_web.png\",\"contentUrl\":\"http:\\\/\\\/www.anovapeneira.gal\\\/wp-content\\\/uploads\\\/2019\\\/06\\\/logo_a_nova_peneira_portal_web.png\",\"width\":300,\"height\":100,\"caption\":\"A Nova Peneira\"},\"image\":{\"@id\":\"https:\\\/\\\/www.anovapeneira.gal\\\/#\\\/schema\\\/logo\\\/image\\\/\"},\"sameAs\":[\"https:\\\/\\\/www.facebook.com\\\/anovapeneira\",\"https:\\\/\\\/x.com\\\/APeneira\"]},{\"@type\":\"Person\",\"@id\":\"https:\\\/\\\/www.anovapeneira.gal\\\/#\\\/schema\\\/person\\\/45b3df2338e4d898b7616809f9c5906c\",\"name\":\"Cristobal L\u00f3pez\",\"image\":{\"@type\":\"ImageObject\",\"inLanguage\":\"gl-ES\",\"@id\":\"https:\\\/\\\/secure.gravatar.com\\\/avatar\\\/b537cf06ef8166c9ef72b09f4d5f6446b1e22ea99505d94e40b8685710482f79?s=96&d=mm&r=g\",\"url\":\"https:\\\/\\\/secure.gravatar.com\\\/avatar\\\/b537cf06ef8166c9ef72b09f4d5f6446b1e22ea99505d94e40b8685710482f79?s=96&d=mm&r=g\",\"contentUrl\":\"https:\\\/\\\/secure.gravatar.com\\\/avatar\\\/b537cf06ef8166c9ef72b09f4d5f6446b1e22ea99505d94e40b8685710482f79?s=96&d=mm&r=g\",\"caption\":\"Cristobal L\u00f3pez\"},\"sameAs\":[\"http:\\\/\\\/anovapeneira.gal\"],\"url\":\"https:\\\/\\\/www.anovapeneira.gal\\\/index.php\\\/author\\\/opinioncristoballopez\\\/\"}]}<\/script>\n<!-- \/ Yoast SEO plugin. -->","yoast_head_json":{"title":"Vigo, STOP arboricidio -","robots":{"index":"index","follow":"follow","max-snippet":"max-snippet:-1","max-image-preview":"max-image-preview:large","max-video-preview":"max-video-preview:-1"},"canonical":"https:\/\/www.anovapeneira.gal\/index.php\/2020\/06\/29\/vigo-stop-arboricidio\/","og_locale":"gl_ES","og_type":"article","og_title":"Vigo, STOP arboricidio -","og_description":"As Ecoloxistas levamos meses denunciando as tallas indiscriminadas en Vigo, onde nos \u00faltimos anos parece que non hai actuaci\u00f3n urban\u00edstica que non sexa inagurada a golpe de motoserra [...]","og_url":"https:\/\/www.anovapeneira.gal\/index.php\/2020\/06\/29\/vigo-stop-arboricidio\/","article_publisher":"https:\/\/www.facebook.com\/anovapeneira","article_published_time":"2020-06-29T10:00:18+00:00","og_image":[{"width":720,"height":432,"url":"https:\/\/www.anovapeneira.gal\/wp-content\/uploads\/2020\/06\/vigo_stop_arboricidio_a_nova_peneira.jpg","type":"image\/jpeg"}],"author":"Cristobal L\u00f3pez","twitter_card":"summary_large_image","twitter_creator":"@APeneira","twitter_site":"@APeneira","twitter_misc":{"Escrito por":"Cristobal L\u00f3pez","Tempo de lectura":"4 minutos"},"schema":{"@context":"https:\/\/schema.org","@graph":[{"@type":"Article","@id":"https:\/\/www.anovapeneira.gal\/index.php\/2020\/06\/29\/vigo-stop-arboricidio\/#article","isPartOf":{"@id":"https:\/\/www.anovapeneira.gal\/index.php\/2020\/06\/29\/vigo-stop-arboricidio\/"},"author":{"name":"Cristobal L\u00f3pez","@id":"https:\/\/www.anovapeneira.gal\/#\/schema\/person\/45b3df2338e4d898b7616809f9c5906c"},"headline":"Vigo, STOP arboricidio","datePublished":"2020-06-29T10:00:18+00:00","mainEntityOfPage":{"@id":"https:\/\/www.anovapeneira.gal\/index.php\/2020\/06\/29\/vigo-stop-arboricidio\/"},"wordCount":854,"commentCount":0,"publisher":{"@id":"https:\/\/www.anovapeneira.gal\/#organization"},"image":{"@id":"https:\/\/www.anovapeneira.gal\/index.php\/2020\/06\/29\/vigo-stop-arboricidio\/#primaryimage"},"thumbnailUrl":"https:\/\/www.anovapeneira.gal\/wp-content\/uploads\/2020\/06\/vigo_stop_arboricidio_a_nova_peneira.jpg","keywords":["Arboricidio","Concello de Vigo","Monte de Castro"],"articleSection":["Vigo"],"inLanguage":"gl-ES","potentialAction":[{"@type":"CommentAction","name":"Comment","target":["https:\/\/www.anovapeneira.gal\/index.php\/2020\/06\/29\/vigo-stop-arboricidio\/#respond"]}]},{"@type":"WebPage","@id":"https:\/\/www.anovapeneira.gal\/index.php\/2020\/06\/29\/vigo-stop-arboricidio\/","url":"https:\/\/www.anovapeneira.gal\/index.php\/2020\/06\/29\/vigo-stop-arboricidio\/","name":"Vigo, STOP arboricidio -","isPartOf":{"@id":"https:\/\/www.anovapeneira.gal\/#website"},"primaryImageOfPage":{"@id":"https:\/\/www.anovapeneira.gal\/index.php\/2020\/06\/29\/vigo-stop-arboricidio\/#primaryimage"},"image":{"@id":"https:\/\/www.anovapeneira.gal\/index.php\/2020\/06\/29\/vigo-stop-arboricidio\/#primaryimage"},"thumbnailUrl":"https:\/\/www.anovapeneira.gal\/wp-content\/uploads\/2020\/06\/vigo_stop_arboricidio_a_nova_peneira.jpg","datePublished":"2020-06-29T10:00:18+00:00","breadcrumb":{"@id":"https:\/\/www.anovapeneira.gal\/index.php\/2020\/06\/29\/vigo-stop-arboricidio\/#breadcrumb"},"inLanguage":"gl-ES","potentialAction":[{"@type":"ReadAction","target":["https:\/\/www.anovapeneira.gal\/index.php\/2020\/06\/29\/vigo-stop-arboricidio\/"]}]},{"@type":"ImageObject","inLanguage":"gl-ES","@id":"https:\/\/www.anovapeneira.gal\/index.php\/2020\/06\/29\/vigo-stop-arboricidio\/#primaryimage","url":"https:\/\/www.anovapeneira.gal\/wp-content\/uploads\/2020\/06\/vigo_stop_arboricidio_a_nova_peneira.jpg","contentUrl":"https:\/\/www.anovapeneira.gal\/wp-content\/uploads\/2020\/06\/vigo_stop_arboricidio_a_nova_peneira.jpg","width":720,"height":432,"caption":"Vigo STOP arboricidio A Nova Peneira"},{"@type":"BreadcrumbList","@id":"https:\/\/www.anovapeneira.gal\/index.php\/2020\/06\/29\/vigo-stop-arboricidio\/#breadcrumb","itemListElement":[{"@type":"ListItem","position":1,"name":"Portada","item":"https:\/\/www.anovapeneira.gal\/"},{"@type":"ListItem","position":2,"name":"Vigo, STOP arboricidio"}]},{"@type":"WebSite","@id":"https:\/\/www.anovapeneira.gal\/#website","url":"https:\/\/www.anovapeneira.gal\/","name":"","description":"Xornal galego de informaci\u00f3n xeral Publicaci\u00f3n mensual de novas de Galicia e en especial dos Concellos da sur da provincia de Pontevedra.","publisher":{"@id":"https:\/\/www.anovapeneira.gal\/#organization"},"potentialAction":[{"@type":"SearchAction","target":{"@type":"EntryPoint","urlTemplate":"https:\/\/www.anovapeneira.gal\/?s={search_term_string}"},"query-input":{"@type":"PropertyValueSpecification","valueRequired":true,"valueName":"search_term_string"}}],"inLanguage":"gl-ES"},{"@type":"Organization","@id":"https:\/\/www.anovapeneira.gal\/#organization","name":"A Nova Peneira","url":"https:\/\/www.anovapeneira.gal\/","logo":{"@type":"ImageObject","inLanguage":"gl-ES","@id":"https:\/\/www.anovapeneira.gal\/#\/schema\/logo\/image\/","url":"http:\/\/www.anovapeneira.gal\/wp-content\/uploads\/2019\/06\/logo_a_nova_peneira_portal_web.png","contentUrl":"http:\/\/www.anovapeneira.gal\/wp-content\/uploads\/2019\/06\/logo_a_nova_peneira_portal_web.png","width":300,"height":100,"caption":"A Nova Peneira"},"image":{"@id":"https:\/\/www.anovapeneira.gal\/#\/schema\/logo\/image\/"},"sameAs":["https:\/\/www.facebook.com\/anovapeneira","https:\/\/x.com\/APeneira"]},{"@type":"Person","@id":"https:\/\/www.anovapeneira.gal\/#\/schema\/person\/45b3df2338e4d898b7616809f9c5906c","name":"Cristobal L\u00f3pez","image":{"@type":"ImageObject","inLanguage":"gl-ES","@id":"https:\/\/secure.gravatar.com\/avatar\/b537cf06ef8166c9ef72b09f4d5f6446b1e22ea99505d94e40b8685710482f79?s=96&d=mm&r=g","url":"https:\/\/secure.gravatar.com\/avatar\/b537cf06ef8166c9ef72b09f4d5f6446b1e22ea99505d94e40b8685710482f79?s=96&d=mm&r=g","contentUrl":"https:\/\/secure.gravatar.com\/avatar\/b537cf06ef8166c9ef72b09f4d5f6446b1e22ea99505d94e40b8685710482f79?s=96&d=mm&r=g","caption":"Cristobal L\u00f3pez"},"sameAs":["http:\/\/anovapeneira.gal"],"url":"https:\/\/www.anovapeneira.gal\/index.php\/author\/opinioncristoballopez\/"}]}},"jetpack_featured_media_url":"https:\/\/www.anovapeneira.gal\/wp-content\/uploads\/2020\/06\/vigo_stop_arboricidio_a_nova_peneira.jpg","_links":{"self":[{"href":"https:\/\/www.anovapeneira.gal\/index.php\/wp-json\/wp\/v2\/posts\/3409","targetHints":{"allow":["GET"]}}],"collection":[{"href":"https:\/\/www.anovapeneira.gal\/index.php\/wp-json\/wp\/v2\/posts"}],"about":[{"href":"https:\/\/www.anovapeneira.gal\/index.php\/wp-json\/wp\/v2\/types\/post"}],"author":[{"embeddable":true,"href":"https:\/\/www.anovapeneira.gal\/index.php\/wp-json\/wp\/v2\/users\/13"}],"replies":[{"embeddable":true,"href":"https:\/\/www.anovapeneira.gal\/index.php\/wp-json\/wp\/v2\/comments?post=3409"}],"version-history":[{"count":2,"href":"https:\/\/www.anovapeneira.gal\/index.php\/wp-json\/wp\/v2\/posts\/3409\/revisions"}],"predecessor-version":[{"id":3413,"href":"https:\/\/www.anovapeneira.gal\/index.php\/wp-json\/wp\/v2\/posts\/3409\/revisions\/3413"}],"wp:featuredmedia":[{"embeddable":true,"href":"https:\/\/www.anovapeneira.gal\/index.php\/wp-json\/wp\/v2\/media\/3412"}],"wp:attachment":[{"href":"https:\/\/www.anovapeneira.gal\/index.php\/wp-json\/wp\/v2\/media?parent=3409"}],"wp:term":[{"taxonomy":"category","embeddable":true,"href":"https:\/\/www.anovapeneira.gal\/index.php\/wp-json\/wp\/v2\/categories?post=3409"},{"taxonomy":"post_tag","embeddable":true,"href":"https:\/\/www.anovapeneira.gal\/index.php\/wp-json\/wp\/v2\/tags?post=3409"}],"curies":[{"name":"wp","href":"https:\/\/api.w.org\/{rel}","templated":true}]}}