{"id":3418,"date":"2020-07-01T10:00:43","date_gmt":"2020-07-01T08:00:43","guid":{"rendered":"http:\/\/www.anovapeneira.gal\/?p=3418"},"modified":"2020-06-27T08:26:05","modified_gmt":"2020-06-27T06:26:05","slug":"a-igm-e-colectivos-locais-urxen-ao-concello-de-redondela-a-recoller-nun-plan-de-usos-as-actividades-permitidas-en-san-simon-tal-e-como-lle-esixe-a-lei-que-regula-os-bic","status":"publish","type":"post","link":"https:\/\/www.anovapeneira.gal\/index.php\/2020\/07\/01\/a-igm-e-colectivos-locais-urxen-ao-concello-de-redondela-a-recoller-nun-plan-de-usos-as-actividades-permitidas-en-san-simon-tal-e-como-lle-esixe-a-lei-que-regula-os-bic\/","title":{"rendered":"A IGM e colectivos locais urxen ao Concello de Redondela a recoller nun Plan de Usos as actividades permitidas en San Sim\u00f3n, tal  e como lle esixe a lei  que regula os BIC"},"content":{"rendered":"\n<h2 class=\"wp-block-heading\"><strong>O desleixo das administraci\u00f3ns fai que sigan xurdindo actividades irrespectuosas coa memoria das v\u00edtimas e as s\u00faas familias, como o \u201cCampamento Pirata\u201d que a empresa Barafunda anuncia para a primeira quincena de agosto<\/strong><\/h2>\n\n\n\n<p><strong>A Xunta de Galicia, como respons\u00e1bel \u00faltima da illa, someteu San Sim\u00f3n a un total e nada inocente abandono que provocou que o calendario de actividades a realizar no BIC quedase marcado polos intereses comerciais de firmas privadas&nbsp;<\/strong><\/p>\n\n\n\n<p><strong>Redondela, 22 de xu\u00f1o de 2020<\/strong><\/p>\n\n\n\n<p>A Iniciativa Galega pola Memoria\u00a0\u2013co respaldo dos colectivos redondel\u00e1s Asamblea Feminista Paxareta, Asociaci\u00f3n Xente Titiriteira, Tanxarina T\u00edteres e tam\u00e9n a Asociaci\u00f3n Cultural Al\u00e9n N\u00f3s e o Colectivo Republicano de Redondela, os dous \u00faltimos integrantes da Iniciativa xunto con medio centenar m\u00e1is de asociaci\u00f3ns memorial\u00edsticas de todo o pa\u00eds\u2013v\u00e9n de presentar esta ma\u00f1\u00e1 no rexistro do Concello de Redondela un escrito dirixido \u00e1 alcaldesa, Digna Rivas, para instar ao seu goberno a elaborar un Plan de Usos que estableza con claridade que actividades se poden levar a cabo na illa de San Sim\u00f3n, tal e como lle esixe a Lei 5\/2016 do 4 de maio, que regula o patrimonio cultural de Galiza. A illa de San Sim\u00f3n est\u00e1 declarada Ben de Interese Cultural (BIC) e a devandita lei establece no seu artigo 35 que \u201ca declaraci\u00f3n de interese cultural ou a catalogaci\u00f3n de calquera ben inmoble obrigar\u00e1 os concellos no territorio dos cales se localiza a incorporalo ao seu planeamento urban\u00edstico xeral e a establecer as determinaci\u00f3ns espec\u00edficas para o seu r\u00e9xime de protecci\u00f3n e conservaci\u00f3n\u201d, as\u00ed como que \u201co planeamento urban\u00edstico establecer\u00e1 un r\u00e9xime espec\u00edfico que garanta a protecci\u00f3n dos valores culturais dos bens inmobles inclu\u00eddos no seu cat\u00e1logo, cunha informaci\u00f3n detallada e\u00a0<strong>unhas ordenanzas espec\u00edficas que regulen as actividades e as intervenci\u00f3ns compatibles cos devanditos valores culturais\u201d.<\/strong><\/p>\n\n\n\n<div class=\"wp-block-columns is-layout-flex wp-container-core-columns-is-layout-9d6595d7 wp-block-columns-is-layout-flex\">\n<div class=\"wp-block-column is-layout-flow wp-block-column-is-layout-flow\">\n<figure class=\"wp-block-image size-large is-style-default\"><img loading=\"lazy\" decoding=\"async\" width=\"1024\" height=\"717\" src=\"http:\/\/www.anovapeneira.gal\/wp-content\/uploads\/2020\/06\/Publicidade-Campamento-Pirata-na-illa-da-memoria-1024x717.jpg\" alt=\"\" class=\"wp-image-3419\" srcset=\"https:\/\/www.anovapeneira.gal\/wp-content\/uploads\/2020\/06\/Publicidade-Campamento-Pirata-na-illa-da-memoria-1024x717.jpg 1024w, https:\/\/www.anovapeneira.gal\/wp-content\/uploads\/2020\/06\/Publicidade-Campamento-Pirata-na-illa-da-memoria-300x210.jpg 300w, https:\/\/www.anovapeneira.gal\/wp-content\/uploads\/2020\/06\/Publicidade-Campamento-Pirata-na-illa-da-memoria-768x538.jpg 768w, https:\/\/www.anovapeneira.gal\/wp-content\/uploads\/2020\/06\/Publicidade-Campamento-Pirata-na-illa-da-memoria.jpg 1080w\" sizes=\"auto, (max-width: 1024px) 100vw, 1024px\" \/><\/figure>\n<\/div>\n\n\n\n<div class=\"wp-block-column is-layout-flow wp-block-column-is-layout-flow\">\n<p>A IGM e os colectivos redondel\u00e1ns asinantes pretenden evitar que se sigan a realizar en San Sim\u00f3n actividades irrespectuosas coa memoria das v\u00edtimas e coas s\u00faas familias como o \u201cCampamento Pirata\u201d que a firma Barafunda quere celebrar no mes de agosto na illa que foi campo de concentraci\u00f3n tras o golpe militar. (<a href=\"http:\/\/www.barafundaanimacion.com\/campamento\/\">http:\/\/www.barafundaanimacion.com\/campamento\/<\/a>).<\/p>\n<\/div>\n<\/div>\n\n\n\n<p>Un campamento pirata onde a rapazada vaia na procura do tesouro do Capit\u00e1n Nemo no que foi lugar de tortura para centos de v\u00edtimas da ditadura franquista e, que segundo reza a publicidade, se leva realizando xa desde hai seis anos.\u00a0<\/p>\n\n\n\n<p><\/p>\n\n\n\n<p>A IGM, que engloba a asociaci\u00f3ns memorialistas de todo o pa\u00eds, leva anos loitando porque San Sim\u00f3n sexa declarada illa da memoria e porque as actividades que se realicen na mesma sexan respectuosas co recordo das v\u00edtimas e sirvan para dar a co\u00f1ecer o que al\u00ed ocorreu tras o golpe de Estado de 1936. Mais as administraci\u00f3ns, e nomeadamente a Xunta de Galicia como respons\u00e1bel \u00faltima da illa, someteron a San Sim\u00f3n a un total e nada inocente desleixo que provocou que o calendario de actividades a realizar no BIC quedase marcado polos intereses comerciais de navieiras e outras firmas privadas.&nbsp;<\/p>\n\n\n\n<p>Hai apenas uns d\u00edas que a IGM volveu insistir, enviando a todos os partidos en liza o 12 de xullo, un dec\u00e1logo de actuaci\u00f3ns en pro da memoria democr\u00e1tica de Galiza que inclu\u00eda a declaraci\u00f3n de San Sim\u00f3n como illa da Memoria. Pero o anuncio do Campamento Pirata v\u00e9n a demostrar que o traballo realizado durante estes anos pola sociedade civil non ten reflexo alg\u00fan nas administraci\u00f3ns que non s\u00f3 non orquestran actuaci\u00f3ns para divulgar o pasado da illa sen\u00f3n que mesmo permiten a realizaci\u00f3n de eventos contrarios \u00e1 dignidade das v\u00edtimas e que non fan sino desinformar sobre as propias caracter\u00edsticas do Ben de Interese Cultural que est\u00e1n na obriga de manter. Basta como exemplo a inclusi\u00f3n de palmeiras no debuxo que da illa se fai na propaganda da procura do tesouro que, est\u00e1 claro, non \u00e9 o tesouro da Historia de Galiza nin da memoria antifascista galega.<\/p>\n\n\n\n<p>A ginkana pirata, que poder\u00eda realizarse en moitos outros lugares do pa\u00eds que non tiveran a carga simb\u00f3lica que ten para o pobo galego San Sim\u00f3n, \u00e9 o \u00faltimo exemplo dun longo ronsel de mofa. O pasado novembro, asociaci\u00f3ns e familiares de v\u00edtimas lograron paralizar unha festa de disfraces que unha empresa privada ti\u00f1a previsto realizar na illa na noite de Defuntos pero a mobilizaci\u00f3n non serviu para que a Xunta var\u00ede o rumbo e, por iso, a IGM pide ao Concello de Redondela que cumpra co establecido na Lei e aprobe un Plan de Usos respectuoso co pasado da illa como c\u00e1rcere franquista que po\u00f1a fin, de vez, \u00e1s arroutadas das empresas. Que reco\u00f1eza a San Sim\u00f3n como illa da memoria e aprobe un Plan cultural e educativo que vaia na procura da memoria e non de fins lucrativos ou tur\u00edsticos. Un plan cultural sens\u00edbel \u00e1 altura hist\u00f3rica do que representa San Sim\u00f3n, que debe converterse nun punto de encontro entre xeraci\u00f3ns baixo as premisas xustas da memoria hist\u00f3rica.<\/p>\n\n\n\n<p>No escrito, a IGM pediu tam\u00e9n que se tivese en conta \u00e1s asociaci\u00f3ns e \u00e1s familias das v\u00edtimas na elaboraci\u00f3n do plan e p\u00faxose a dispor do goberno liderado por Digna Rivas para axudarlle no que precise.\u00a0<\/p>\n\n\n\n<p>Iniciativa Galega pola Memoria, Asamblea Feminista Paxareta, Asociaci\u00f3n Xente Titiriteira, Tanxarina T\u00edteres, Asociaci\u00f3n Cultural Al\u00e9n N\u00f3s e Colectivo Republicano de Redondela.<\/p>\n","protected":false},"excerpt":{"rendered":"<div class=\"mh-excerpt\"><p>O desleixo das administraci\u00f3ns fai que sigan xurdindo actividades irrespectuosas coa memoria das v\u00edtimas e as s\u00faas familias, como o \u201cCampamento Pirata\u201d que a empresa Barafunda anuncia para a primeira quincena de agosto <a class=\"mh-excerpt-more\" href=\"https:\/\/www.anovapeneira.gal\/index.php\/2020\/07\/01\/a-igm-e-colectivos-locais-urxen-ao-concello-de-redondela-a-recoller-nun-plan-de-usos-as-actividades-permitidas-en-san-simon-tal-e-como-lle-esixe-a-lei-que-regula-os-bic\/\" title=\"A IGM e colectivos locais urxen ao Concello de Redondela a recoller nun Plan de Usos as actividades permitidas en San Sim\u00f3n, tal  e como lle esixe a lei  que regula os BIC\">[&#8230;]<\/a><\/p>\n<\/div>","protected":false},"author":3,"featured_media":3421,"comment_status":"open","ping_status":"open","sticky":false,"template":"","format":"standard","meta":{"_exactmetrics_skip_tracking":false,"_exactmetrics_sitenote_active":false,"_exactmetrics_sitenote_note":"","_exactmetrics_sitenote_category":0,"footnotes":""},"categories":[24],"tags":[171,399],"class_list":{"0":"post-3418","1":"post","2":"type-post","3":"status-publish","4":"format-standard","5":"has-post-thumbnail","7":"category-redondela","8":"tag-concello-de-redondela","9":"tag-san-simon"},"yoast_head":"<!-- This site is optimized with the Yoast SEO plugin v27.4 - https:\/\/yoast.com\/product\/yoast-seo-wordpress\/ -->\n<title>A IGM e colectivos locais urxen ao Concello de Redondela a recoller nun Plan de Usos as actividades permitidas en San Sim\u00f3n, tal e como lle esixe a lei que regula os BIC -<\/title>\n<meta name=\"robots\" content=\"index, follow, max-snippet:-1, max-image-preview:large, max-video-preview:-1\" \/>\n<link rel=\"canonical\" href=\"https:\/\/www.anovapeneira.gal\/index.php\/2020\/07\/01\/a-igm-e-colectivos-locais-urxen-ao-concello-de-redondela-a-recoller-nun-plan-de-usos-as-actividades-permitidas-en-san-simon-tal-e-como-lle-esixe-a-lei-que-regula-os-bic\/\" \/>\n<meta property=\"og:locale\" content=\"gl_ES\" \/>\n<meta property=\"og:type\" content=\"article\" \/>\n<meta property=\"og:title\" content=\"A IGM e colectivos locais urxen ao Concello de Redondela a recoller nun Plan de Usos as actividades permitidas en San Sim\u00f3n, tal e como lle esixe a lei que regula os BIC -\" \/>\n<meta property=\"og:description\" content=\"O desleixo das administraci\u00f3ns fai que sigan xurdindo actividades irrespectuosas coa memoria das v\u00edtimas e as s\u00faas familias, como o \u201cCampamento Pirata\u201d que a empresa Barafunda anuncia para a primeira quincena de agosto [...]\" \/>\n<meta property=\"og:url\" content=\"https:\/\/www.anovapeneira.gal\/index.php\/2020\/07\/01\/a-igm-e-colectivos-locais-urxen-ao-concello-de-redondela-a-recoller-nun-plan-de-usos-as-actividades-permitidas-en-san-simon-tal-e-como-lle-esixe-a-lei-que-regula-os-bic\/\" \/>\n<meta property=\"article:publisher\" content=\"https:\/\/www.facebook.com\/anovapeneira\" \/>\n<meta property=\"article:published_time\" content=\"2020-07-01T08:00:43+00:00\" \/>\n<meta property=\"og:image\" content=\"https:\/\/www.anovapeneira.gal\/wp-content\/uploads\/2020\/06\/san_simon_illa_da_memoria_a_nova_peneira.jpg\" \/>\n\t<meta property=\"og:image:width\" content=\"720\" \/>\n\t<meta property=\"og:image:height\" content=\"432\" \/>\n\t<meta property=\"og:image:type\" content=\"image\/jpeg\" \/>\n<meta name=\"author\" content=\"Redacci\u00f3n A Nova Peneira\" \/>\n<meta name=\"twitter:card\" content=\"summary_large_image\" \/>\n<meta name=\"twitter:creator\" content=\"@APeneira\" \/>\n<meta name=\"twitter:site\" content=\"@APeneira\" \/>\n<meta name=\"twitter:label1\" content=\"Escrito por\" \/>\n\t<meta name=\"twitter:data1\" content=\"Redacci\u00f3n A Nova Peneira\" \/>\n\t<meta name=\"twitter:label2\" content=\"Tempo de lectura\" \/>\n\t<meta name=\"twitter:data2\" content=\"5 minutos\" \/>\n<script type=\"application\/ld+json\" class=\"yoast-schema-graph\">{\"@context\":\"https:\\\/\\\/schema.org\",\"@graph\":[{\"@type\":\"Article\",\"@id\":\"https:\\\/\\\/www.anovapeneira.gal\\\/index.php\\\/2020\\\/07\\\/01\\\/a-igm-e-colectivos-locais-urxen-ao-concello-de-redondela-a-recoller-nun-plan-de-usos-as-actividades-permitidas-en-san-simon-tal-e-como-lle-esixe-a-lei-que-regula-os-bic\\\/#article\",\"isPartOf\":{\"@id\":\"https:\\\/\\\/www.anovapeneira.gal\\\/index.php\\\/2020\\\/07\\\/01\\\/a-igm-e-colectivos-locais-urxen-ao-concello-de-redondela-a-recoller-nun-plan-de-usos-as-actividades-permitidas-en-san-simon-tal-e-como-lle-esixe-a-lei-que-regula-os-bic\\\/\"},\"author\":{\"name\":\"Redacci\u00f3n A Nova Peneira\",\"@id\":\"https:\\\/\\\/www.anovapeneira.gal\\\/#\\\/schema\\\/person\\\/b93e3f8932e3f8da96334607eb6ac6aa\"},\"headline\":\"A IGM e colectivos locais urxen ao Concello de Redondela a recoller nun Plan de Usos as actividades permitidas en San Sim\u00f3n, tal e como lle esixe a lei que regula os BIC\",\"datePublished\":\"2020-07-01T08:00:43+00:00\",\"mainEntityOfPage\":{\"@id\":\"https:\\\/\\\/www.anovapeneira.gal\\\/index.php\\\/2020\\\/07\\\/01\\\/a-igm-e-colectivos-locais-urxen-ao-concello-de-redondela-a-recoller-nun-plan-de-usos-as-actividades-permitidas-en-san-simon-tal-e-como-lle-esixe-a-lei-que-regula-os-bic\\\/\"},\"wordCount\":995,\"commentCount\":0,\"publisher\":{\"@id\":\"https:\\\/\\\/www.anovapeneira.gal\\\/#organization\"},\"image\":{\"@id\":\"https:\\\/\\\/www.anovapeneira.gal\\\/index.php\\\/2020\\\/07\\\/01\\\/a-igm-e-colectivos-locais-urxen-ao-concello-de-redondela-a-recoller-nun-plan-de-usos-as-actividades-permitidas-en-san-simon-tal-e-como-lle-esixe-a-lei-que-regula-os-bic\\\/#primaryimage\"},\"thumbnailUrl\":\"https:\\\/\\\/www.anovapeneira.gal\\\/wp-content\\\/uploads\\\/2020\\\/06\\\/san_simon_illa_da_memoria_a_nova_peneira.jpg\",\"keywords\":[\"Concello de Redondela\",\"San Sim\u00f3n\"],\"articleSection\":[\"Redondela\"],\"inLanguage\":\"gl-ES\",\"potentialAction\":[{\"@type\":\"CommentAction\",\"name\":\"Comment\",\"target\":[\"https:\\\/\\\/www.anovapeneira.gal\\\/index.php\\\/2020\\\/07\\\/01\\\/a-igm-e-colectivos-locais-urxen-ao-concello-de-redondela-a-recoller-nun-plan-de-usos-as-actividades-permitidas-en-san-simon-tal-e-como-lle-esixe-a-lei-que-regula-os-bic\\\/#respond\"]}]},{\"@type\":\"WebPage\",\"@id\":\"https:\\\/\\\/www.anovapeneira.gal\\\/index.php\\\/2020\\\/07\\\/01\\\/a-igm-e-colectivos-locais-urxen-ao-concello-de-redondela-a-recoller-nun-plan-de-usos-as-actividades-permitidas-en-san-simon-tal-e-como-lle-esixe-a-lei-que-regula-os-bic\\\/\",\"url\":\"https:\\\/\\\/www.anovapeneira.gal\\\/index.php\\\/2020\\\/07\\\/01\\\/a-igm-e-colectivos-locais-urxen-ao-concello-de-redondela-a-recoller-nun-plan-de-usos-as-actividades-permitidas-en-san-simon-tal-e-como-lle-esixe-a-lei-que-regula-os-bic\\\/\",\"name\":\"A IGM e colectivos locais urxen ao Concello de Redondela a recoller nun Plan de Usos as actividades permitidas en San Sim\u00f3n, tal e como lle esixe a lei que regula os BIC -\",\"isPartOf\":{\"@id\":\"https:\\\/\\\/www.anovapeneira.gal\\\/#website\"},\"primaryImageOfPage\":{\"@id\":\"https:\\\/\\\/www.anovapeneira.gal\\\/index.php\\\/2020\\\/07\\\/01\\\/a-igm-e-colectivos-locais-urxen-ao-concello-de-redondela-a-recoller-nun-plan-de-usos-as-actividades-permitidas-en-san-simon-tal-e-como-lle-esixe-a-lei-que-regula-os-bic\\\/#primaryimage\"},\"image\":{\"@id\":\"https:\\\/\\\/www.anovapeneira.gal\\\/index.php\\\/2020\\\/07\\\/01\\\/a-igm-e-colectivos-locais-urxen-ao-concello-de-redondela-a-recoller-nun-plan-de-usos-as-actividades-permitidas-en-san-simon-tal-e-como-lle-esixe-a-lei-que-regula-os-bic\\\/#primaryimage\"},\"thumbnailUrl\":\"https:\\\/\\\/www.anovapeneira.gal\\\/wp-content\\\/uploads\\\/2020\\\/06\\\/san_simon_illa_da_memoria_a_nova_peneira.jpg\",\"datePublished\":\"2020-07-01T08:00:43+00:00\",\"breadcrumb\":{\"@id\":\"https:\\\/\\\/www.anovapeneira.gal\\\/index.php\\\/2020\\\/07\\\/01\\\/a-igm-e-colectivos-locais-urxen-ao-concello-de-redondela-a-recoller-nun-plan-de-usos-as-actividades-permitidas-en-san-simon-tal-e-como-lle-esixe-a-lei-que-regula-os-bic\\\/#breadcrumb\"},\"inLanguage\":\"gl-ES\",\"potentialAction\":[{\"@type\":\"ReadAction\",\"target\":[\"https:\\\/\\\/www.anovapeneira.gal\\\/index.php\\\/2020\\\/07\\\/01\\\/a-igm-e-colectivos-locais-urxen-ao-concello-de-redondela-a-recoller-nun-plan-de-usos-as-actividades-permitidas-en-san-simon-tal-e-como-lle-esixe-a-lei-que-regula-os-bic\\\/\"]}]},{\"@type\":\"ImageObject\",\"inLanguage\":\"gl-ES\",\"@id\":\"https:\\\/\\\/www.anovapeneira.gal\\\/index.php\\\/2020\\\/07\\\/01\\\/a-igm-e-colectivos-locais-urxen-ao-concello-de-redondela-a-recoller-nun-plan-de-usos-as-actividades-permitidas-en-san-simon-tal-e-como-lle-esixe-a-lei-que-regula-os-bic\\\/#primaryimage\",\"url\":\"https:\\\/\\\/www.anovapeneira.gal\\\/wp-content\\\/uploads\\\/2020\\\/06\\\/san_simon_illa_da_memoria_a_nova_peneira.jpg\",\"contentUrl\":\"https:\\\/\\\/www.anovapeneira.gal\\\/wp-content\\\/uploads\\\/2020\\\/06\\\/san_simon_illa_da_memoria_a_nova_peneira.jpg\",\"width\":720,\"height\":432,\"caption\":\"San Sim\u00f3n Illa de Memoria A Nova Peneira\"},{\"@type\":\"BreadcrumbList\",\"@id\":\"https:\\\/\\\/www.anovapeneira.gal\\\/index.php\\\/2020\\\/07\\\/01\\\/a-igm-e-colectivos-locais-urxen-ao-concello-de-redondela-a-recoller-nun-plan-de-usos-as-actividades-permitidas-en-san-simon-tal-e-como-lle-esixe-a-lei-que-regula-os-bic\\\/#breadcrumb\",\"itemListElement\":[{\"@type\":\"ListItem\",\"position\":1,\"name\":\"Portada\",\"item\":\"https:\\\/\\\/www.anovapeneira.gal\\\/\"},{\"@type\":\"ListItem\",\"position\":2,\"name\":\"A IGM e colectivos locais urxen ao Concello de Redondela a recoller nun Plan de Usos as actividades permitidas en San Sim\u00f3n, tal e como lle esixe a lei que regula os BIC\"}]},{\"@type\":\"WebSite\",\"@id\":\"https:\\\/\\\/www.anovapeneira.gal\\\/#website\",\"url\":\"https:\\\/\\\/www.anovapeneira.gal\\\/\",\"name\":\"\",\"description\":\"Xornal galego de informaci\u00f3n xeral Publicaci\u00f3n mensual de novas de Galicia e en especial dos Concellos da sur da provincia de Pontevedra.\",\"publisher\":{\"@id\":\"https:\\\/\\\/www.anovapeneira.gal\\\/#organization\"},\"potentialAction\":[{\"@type\":\"SearchAction\",\"target\":{\"@type\":\"EntryPoint\",\"urlTemplate\":\"https:\\\/\\\/www.anovapeneira.gal\\\/?s={search_term_string}\"},\"query-input\":{\"@type\":\"PropertyValueSpecification\",\"valueRequired\":true,\"valueName\":\"search_term_string\"}}],\"inLanguage\":\"gl-ES\"},{\"@type\":\"Organization\",\"@id\":\"https:\\\/\\\/www.anovapeneira.gal\\\/#organization\",\"name\":\"A Nova Peneira\",\"url\":\"https:\\\/\\\/www.anovapeneira.gal\\\/\",\"logo\":{\"@type\":\"ImageObject\",\"inLanguage\":\"gl-ES\",\"@id\":\"https:\\\/\\\/www.anovapeneira.gal\\\/#\\\/schema\\\/logo\\\/image\\\/\",\"url\":\"http:\\\/\\\/www.anovapeneira.gal\\\/wp-content\\\/uploads\\\/2019\\\/06\\\/logo_a_nova_peneira_portal_web.png\",\"contentUrl\":\"http:\\\/\\\/www.anovapeneira.gal\\\/wp-content\\\/uploads\\\/2019\\\/06\\\/logo_a_nova_peneira_portal_web.png\",\"width\":300,\"height\":100,\"caption\":\"A Nova Peneira\"},\"image\":{\"@id\":\"https:\\\/\\\/www.anovapeneira.gal\\\/#\\\/schema\\\/logo\\\/image\\\/\"},\"sameAs\":[\"https:\\\/\\\/www.facebook.com\\\/anovapeneira\",\"https:\\\/\\\/x.com\\\/APeneira\"]},{\"@type\":\"Person\",\"@id\":\"https:\\\/\\\/www.anovapeneira.gal\\\/#\\\/schema\\\/person\\\/b93e3f8932e3f8da96334607eb6ac6aa\",\"name\":\"Redacci\u00f3n A Nova Peneira\",\"image\":{\"@type\":\"ImageObject\",\"inLanguage\":\"gl-ES\",\"@id\":\"https:\\\/\\\/secure.gravatar.com\\\/avatar\\\/c052a2551a06e23fac63626232eaa90abd78dbcf1700fc46a2b2c89fd27b735f?s=96&d=mm&r=g\",\"url\":\"https:\\\/\\\/secure.gravatar.com\\\/avatar\\\/c052a2551a06e23fac63626232eaa90abd78dbcf1700fc46a2b2c89fd27b735f?s=96&d=mm&r=g\",\"contentUrl\":\"https:\\\/\\\/secure.gravatar.com\\\/avatar\\\/c052a2551a06e23fac63626232eaa90abd78dbcf1700fc46a2b2c89fd27b735f?s=96&d=mm&r=g\",\"caption\":\"Redacci\u00f3n A Nova Peneira\"},\"sameAs\":[\"http:\\\/\\\/www.anovapeneira.gal\\\/\"],\"url\":\"https:\\\/\\\/www.anovapeneira.gal\\\/index.php\\\/author\\\/redactor\\\/\"}]}<\/script>\n<!-- \/ Yoast SEO plugin. -->","yoast_head_json":{"title":"A IGM e colectivos locais urxen ao Concello de Redondela a recoller nun Plan de Usos as actividades permitidas en San Sim\u00f3n, tal e como lle esixe a lei que regula os BIC -","robots":{"index":"index","follow":"follow","max-snippet":"max-snippet:-1","max-image-preview":"max-image-preview:large","max-video-preview":"max-video-preview:-1"},"canonical":"https:\/\/www.anovapeneira.gal\/index.php\/2020\/07\/01\/a-igm-e-colectivos-locais-urxen-ao-concello-de-redondela-a-recoller-nun-plan-de-usos-as-actividades-permitidas-en-san-simon-tal-e-como-lle-esixe-a-lei-que-regula-os-bic\/","og_locale":"gl_ES","og_type":"article","og_title":"A IGM e colectivos locais urxen ao Concello de Redondela a recoller nun Plan de Usos as actividades permitidas en San Sim\u00f3n, tal e como lle esixe a lei que regula os BIC -","og_description":"O desleixo das administraci\u00f3ns fai que sigan xurdindo actividades irrespectuosas coa memoria das v\u00edtimas e as s\u00faas familias, como o \u201cCampamento Pirata\u201d que a empresa Barafunda anuncia para a primeira quincena de agosto [...]","og_url":"https:\/\/www.anovapeneira.gal\/index.php\/2020\/07\/01\/a-igm-e-colectivos-locais-urxen-ao-concello-de-redondela-a-recoller-nun-plan-de-usos-as-actividades-permitidas-en-san-simon-tal-e-como-lle-esixe-a-lei-que-regula-os-bic\/","article_publisher":"https:\/\/www.facebook.com\/anovapeneira","article_published_time":"2020-07-01T08:00:43+00:00","og_image":[{"width":720,"height":432,"url":"https:\/\/www.anovapeneira.gal\/wp-content\/uploads\/2020\/06\/san_simon_illa_da_memoria_a_nova_peneira.jpg","type":"image\/jpeg"}],"author":"Redacci\u00f3n A Nova Peneira","twitter_card":"summary_large_image","twitter_creator":"@APeneira","twitter_site":"@APeneira","twitter_misc":{"Escrito por":"Redacci\u00f3n A Nova Peneira","Tempo de lectura":"5 minutos"},"schema":{"@context":"https:\/\/schema.org","@graph":[{"@type":"Article","@id":"https:\/\/www.anovapeneira.gal\/index.php\/2020\/07\/01\/a-igm-e-colectivos-locais-urxen-ao-concello-de-redondela-a-recoller-nun-plan-de-usos-as-actividades-permitidas-en-san-simon-tal-e-como-lle-esixe-a-lei-que-regula-os-bic\/#article","isPartOf":{"@id":"https:\/\/www.anovapeneira.gal\/index.php\/2020\/07\/01\/a-igm-e-colectivos-locais-urxen-ao-concello-de-redondela-a-recoller-nun-plan-de-usos-as-actividades-permitidas-en-san-simon-tal-e-como-lle-esixe-a-lei-que-regula-os-bic\/"},"author":{"name":"Redacci\u00f3n A Nova Peneira","@id":"https:\/\/www.anovapeneira.gal\/#\/schema\/person\/b93e3f8932e3f8da96334607eb6ac6aa"},"headline":"A IGM e colectivos locais urxen ao Concello de Redondela a recoller nun Plan de Usos as actividades permitidas en San Sim\u00f3n, tal e como lle esixe a lei que regula os BIC","datePublished":"2020-07-01T08:00:43+00:00","mainEntityOfPage":{"@id":"https:\/\/www.anovapeneira.gal\/index.php\/2020\/07\/01\/a-igm-e-colectivos-locais-urxen-ao-concello-de-redondela-a-recoller-nun-plan-de-usos-as-actividades-permitidas-en-san-simon-tal-e-como-lle-esixe-a-lei-que-regula-os-bic\/"},"wordCount":995,"commentCount":0,"publisher":{"@id":"https:\/\/www.anovapeneira.gal\/#organization"},"image":{"@id":"https:\/\/www.anovapeneira.gal\/index.php\/2020\/07\/01\/a-igm-e-colectivos-locais-urxen-ao-concello-de-redondela-a-recoller-nun-plan-de-usos-as-actividades-permitidas-en-san-simon-tal-e-como-lle-esixe-a-lei-que-regula-os-bic\/#primaryimage"},"thumbnailUrl":"https:\/\/www.anovapeneira.gal\/wp-content\/uploads\/2020\/06\/san_simon_illa_da_memoria_a_nova_peneira.jpg","keywords":["Concello de Redondela","San Sim\u00f3n"],"articleSection":["Redondela"],"inLanguage":"gl-ES","potentialAction":[{"@type":"CommentAction","name":"Comment","target":["https:\/\/www.anovapeneira.gal\/index.php\/2020\/07\/01\/a-igm-e-colectivos-locais-urxen-ao-concello-de-redondela-a-recoller-nun-plan-de-usos-as-actividades-permitidas-en-san-simon-tal-e-como-lle-esixe-a-lei-que-regula-os-bic\/#respond"]}]},{"@type":"WebPage","@id":"https:\/\/www.anovapeneira.gal\/index.php\/2020\/07\/01\/a-igm-e-colectivos-locais-urxen-ao-concello-de-redondela-a-recoller-nun-plan-de-usos-as-actividades-permitidas-en-san-simon-tal-e-como-lle-esixe-a-lei-que-regula-os-bic\/","url":"https:\/\/www.anovapeneira.gal\/index.php\/2020\/07\/01\/a-igm-e-colectivos-locais-urxen-ao-concello-de-redondela-a-recoller-nun-plan-de-usos-as-actividades-permitidas-en-san-simon-tal-e-como-lle-esixe-a-lei-que-regula-os-bic\/","name":"A IGM e colectivos locais urxen ao Concello de Redondela a recoller nun Plan de Usos as actividades permitidas en San Sim\u00f3n, tal e como lle esixe a lei que regula os BIC -","isPartOf":{"@id":"https:\/\/www.anovapeneira.gal\/#website"},"primaryImageOfPage":{"@id":"https:\/\/www.anovapeneira.gal\/index.php\/2020\/07\/01\/a-igm-e-colectivos-locais-urxen-ao-concello-de-redondela-a-recoller-nun-plan-de-usos-as-actividades-permitidas-en-san-simon-tal-e-como-lle-esixe-a-lei-que-regula-os-bic\/#primaryimage"},"image":{"@id":"https:\/\/www.anovapeneira.gal\/index.php\/2020\/07\/01\/a-igm-e-colectivos-locais-urxen-ao-concello-de-redondela-a-recoller-nun-plan-de-usos-as-actividades-permitidas-en-san-simon-tal-e-como-lle-esixe-a-lei-que-regula-os-bic\/#primaryimage"},"thumbnailUrl":"https:\/\/www.anovapeneira.gal\/wp-content\/uploads\/2020\/06\/san_simon_illa_da_memoria_a_nova_peneira.jpg","datePublished":"2020-07-01T08:00:43+00:00","breadcrumb":{"@id":"https:\/\/www.anovapeneira.gal\/index.php\/2020\/07\/01\/a-igm-e-colectivos-locais-urxen-ao-concello-de-redondela-a-recoller-nun-plan-de-usos-as-actividades-permitidas-en-san-simon-tal-e-como-lle-esixe-a-lei-que-regula-os-bic\/#breadcrumb"},"inLanguage":"gl-ES","potentialAction":[{"@type":"ReadAction","target":["https:\/\/www.anovapeneira.gal\/index.php\/2020\/07\/01\/a-igm-e-colectivos-locais-urxen-ao-concello-de-redondela-a-recoller-nun-plan-de-usos-as-actividades-permitidas-en-san-simon-tal-e-como-lle-esixe-a-lei-que-regula-os-bic\/"]}]},{"@type":"ImageObject","inLanguage":"gl-ES","@id":"https:\/\/www.anovapeneira.gal\/index.php\/2020\/07\/01\/a-igm-e-colectivos-locais-urxen-ao-concello-de-redondela-a-recoller-nun-plan-de-usos-as-actividades-permitidas-en-san-simon-tal-e-como-lle-esixe-a-lei-que-regula-os-bic\/#primaryimage","url":"https:\/\/www.anovapeneira.gal\/wp-content\/uploads\/2020\/06\/san_simon_illa_da_memoria_a_nova_peneira.jpg","contentUrl":"https:\/\/www.anovapeneira.gal\/wp-content\/uploads\/2020\/06\/san_simon_illa_da_memoria_a_nova_peneira.jpg","width":720,"height":432,"caption":"San Sim\u00f3n Illa de Memoria A Nova Peneira"},{"@type":"BreadcrumbList","@id":"https:\/\/www.anovapeneira.gal\/index.php\/2020\/07\/01\/a-igm-e-colectivos-locais-urxen-ao-concello-de-redondela-a-recoller-nun-plan-de-usos-as-actividades-permitidas-en-san-simon-tal-e-como-lle-esixe-a-lei-que-regula-os-bic\/#breadcrumb","itemListElement":[{"@type":"ListItem","position":1,"name":"Portada","item":"https:\/\/www.anovapeneira.gal\/"},{"@type":"ListItem","position":2,"name":"A IGM e colectivos locais urxen ao Concello de Redondela a recoller nun Plan de Usos as actividades permitidas en San Sim\u00f3n, tal e como lle esixe a lei que regula os BIC"}]},{"@type":"WebSite","@id":"https:\/\/www.anovapeneira.gal\/#website","url":"https:\/\/www.anovapeneira.gal\/","name":"","description":"Xornal galego de informaci\u00f3n xeral Publicaci\u00f3n mensual de novas de Galicia e en especial dos Concellos da sur da provincia de Pontevedra.","publisher":{"@id":"https:\/\/www.anovapeneira.gal\/#organization"},"potentialAction":[{"@type":"SearchAction","target":{"@type":"EntryPoint","urlTemplate":"https:\/\/www.anovapeneira.gal\/?s={search_term_string}"},"query-input":{"@type":"PropertyValueSpecification","valueRequired":true,"valueName":"search_term_string"}}],"inLanguage":"gl-ES"},{"@type":"Organization","@id":"https:\/\/www.anovapeneira.gal\/#organization","name":"A Nova Peneira","url":"https:\/\/www.anovapeneira.gal\/","logo":{"@type":"ImageObject","inLanguage":"gl-ES","@id":"https:\/\/www.anovapeneira.gal\/#\/schema\/logo\/image\/","url":"http:\/\/www.anovapeneira.gal\/wp-content\/uploads\/2019\/06\/logo_a_nova_peneira_portal_web.png","contentUrl":"http:\/\/www.anovapeneira.gal\/wp-content\/uploads\/2019\/06\/logo_a_nova_peneira_portal_web.png","width":300,"height":100,"caption":"A Nova Peneira"},"image":{"@id":"https:\/\/www.anovapeneira.gal\/#\/schema\/logo\/image\/"},"sameAs":["https:\/\/www.facebook.com\/anovapeneira","https:\/\/x.com\/APeneira"]},{"@type":"Person","@id":"https:\/\/www.anovapeneira.gal\/#\/schema\/person\/b93e3f8932e3f8da96334607eb6ac6aa","name":"Redacci\u00f3n A Nova Peneira","image":{"@type":"ImageObject","inLanguage":"gl-ES","@id":"https:\/\/secure.gravatar.com\/avatar\/c052a2551a06e23fac63626232eaa90abd78dbcf1700fc46a2b2c89fd27b735f?s=96&d=mm&r=g","url":"https:\/\/secure.gravatar.com\/avatar\/c052a2551a06e23fac63626232eaa90abd78dbcf1700fc46a2b2c89fd27b735f?s=96&d=mm&r=g","contentUrl":"https:\/\/secure.gravatar.com\/avatar\/c052a2551a06e23fac63626232eaa90abd78dbcf1700fc46a2b2c89fd27b735f?s=96&d=mm&r=g","caption":"Redacci\u00f3n A Nova Peneira"},"sameAs":["http:\/\/www.anovapeneira.gal\/"],"url":"https:\/\/www.anovapeneira.gal\/index.php\/author\/redactor\/"}]}},"jetpack_featured_media_url":"https:\/\/www.anovapeneira.gal\/wp-content\/uploads\/2020\/06\/san_simon_illa_da_memoria_a_nova_peneira.jpg","_links":{"self":[{"href":"https:\/\/www.anovapeneira.gal\/index.php\/wp-json\/wp\/v2\/posts\/3418","targetHints":{"allow":["GET"]}}],"collection":[{"href":"https:\/\/www.anovapeneira.gal\/index.php\/wp-json\/wp\/v2\/posts"}],"about":[{"href":"https:\/\/www.anovapeneira.gal\/index.php\/wp-json\/wp\/v2\/types\/post"}],"author":[{"embeddable":true,"href":"https:\/\/www.anovapeneira.gal\/index.php\/wp-json\/wp\/v2\/users\/3"}],"replies":[{"embeddable":true,"href":"https:\/\/www.anovapeneira.gal\/index.php\/wp-json\/wp\/v2\/comments?post=3418"}],"version-history":[{"count":2,"href":"https:\/\/www.anovapeneira.gal\/index.php\/wp-json\/wp\/v2\/posts\/3418\/revisions"}],"predecessor-version":[{"id":3422,"href":"https:\/\/www.anovapeneira.gal\/index.php\/wp-json\/wp\/v2\/posts\/3418\/revisions\/3422"}],"wp:featuredmedia":[{"embeddable":true,"href":"https:\/\/www.anovapeneira.gal\/index.php\/wp-json\/wp\/v2\/media\/3421"}],"wp:attachment":[{"href":"https:\/\/www.anovapeneira.gal\/index.php\/wp-json\/wp\/v2\/media?parent=3418"}],"wp:term":[{"taxonomy":"category","embeddable":true,"href":"https:\/\/www.anovapeneira.gal\/index.php\/wp-json\/wp\/v2\/categories?post=3418"},{"taxonomy":"post_tag","embeddable":true,"href":"https:\/\/www.anovapeneira.gal\/index.php\/wp-json\/wp\/v2\/tags?post=3418"}],"curies":[{"name":"wp","href":"https:\/\/api.w.org\/{rel}","templated":true}]}}