{"id":3428,"date":"2020-07-02T10:00:19","date_gmt":"2020-07-02T08:00:19","guid":{"rendered":"http:\/\/www.anovapeneira.gal\/?p=3428"},"modified":"2020-06-27T18:37:46","modified_gmt":"2020-06-27T16:37:46","slug":"o-movemento-galego-polo-clima-presenta-o-seu-decalogo-para-reducir-as-emisions-de-gei","status":"publish","type":"post","link":"https:\/\/www.anovapeneira.gal\/index.php\/2020\/07\/02\/o-movemento-galego-polo-clima-presenta-o-seu-decalogo-para-reducir-as-emisions-de-gei\/","title":{"rendered":"O Movemento Galego Polo Clima presenta o seu dec\u00e1logo para reducir as emisi\u00f3ns de GEI"},"content":{"rendered":"\n<p>A Covid-19 demostrou que se poden adoptar decisi\u00f3ns dr\u00e1sticas a favor do ben com\u00fan. Non podemos volver \u00e1 vella normalidade que est\u00e1 na orixe da Covid-19 e da emerxencia clim\u00e1tica. O Movemento Galego polo Clima lanza \u00e1 sociedade e aos partidos que concorren \u00e1s elecci\u00f3ns ao Parlamento galego do pr\u00f3ximo 12 de xulloun dec\u00e1logo de propostas para non volver \u00e1 vella normaliade que est\u00e1 na orixe da Covid-19 e da emerxencia clim\u00e1tica. Ante a gravidade da pandemia do Covid-19 a sociedade demostrou a capacidade de adoptar decisi\u00f3ns dr\u00e1sticas a favor do ben com\u00fan e non menos catastr\u00f3fico para a vida no planeta serian as consecuencias do quecemento global de non regular a econom\u00eda e mudar h\u00e1bitos sociais para reducir as emisi\u00f3ns de gases efecto invernadoiro<\/p>\n\n\n\n<p>No primeiro punto do \u201cDec\u00e1logo polo Clima\u201d titulado \u201cMudar o sistema para que non mude o clima\u201d alerta da necesidade de combatermos con contundencia e xustiza a emerxencia clim\u00e1tica require dunha profunda transformaci\u00f3n socioecon\u00f3mica cun enfoque ecofeminista e que c\u00f3mpren pol\u00edticas ambiciosas para&nbsp; decrecer o consumo de recursos naturais (enerx\u00eda primaria e materiais) nun 40% antes de 2030. Galicia debe contribu\u00edr a evitar un quecemento global maior de 1,5\u00baC, que ter\u00eda consecuencias catastr\u00f3ficas, sobre todo para as persoas e os pa\u00edses empobrecidos. Para cumprir&nbsp; isyo, desde o Movemento Galego polo Clima inciden na necesidade de reducir as nosas emisi\u00f3ns de GEI en, polo menos, un 65% en 2030 con respecto a 1990, de cara a atinxir o obxectivo de emisi\u00f3ns netas en 2040, a m\u00e1is tardar.<\/p>\n\n\n\n<p>Nos seguintes puntos recalcan que \u00e9 imprescindible descarbonizar o sector el\u00e9ctrico antes de 2030 e reducir a mobilidade motorizada e impulsar o transporte verde, xa que as emisi\u00f3ns de GEI do transporte de persoas e mercador\u00edas en Galicia medraron un un 50% desde 1990, at\u00e9 converterse no maior sector emisor despois da produci\u00f3n el\u00e9ctrica. Demandan unha reduci\u00f3n da mobilidade motorizada e a creaci\u00f3n dun servizo ferroviario de proximidade e unha moratoria na construci\u00f3n de novas autov\u00edas e autoestradas.&nbsp;&nbsp;<\/p>\n\n\n\n<p class=\"has-text-align-center\"><img loading=\"lazy\" decoding=\"async\" width=\"284\" height=\"167\" src=\"https:\/\/lh6.googleusercontent.com\/kEY1FuE1QKMR08onoqmRvwN5SsQQ6v5kE7ZtZ2PQBxhTmY21rcCKFl7BtRxZSKMLCR3ogMxgHD2TAhOP-tsGaSSpQL366X0xCJ3H84VNPkvWcZegLFXQKd_SbPtQNMmtOMq8ZO1R\"><\/p>\n\n\n\n<p>Reestruturar a industria \u00e9 unha medida a acometer se dilaci\u00f3n polo Goberno galego entrante. Centr\u00e1ndose especialmente en reducir o impacto clim\u00e1tico das industrias metal\u00farxica e sider\u00farxica, que ademais son electrointensivas e demandan un terzo do nosoconsumo el\u00e9ctrico. Non esquecen no seu dec\u00e1logo os prexuizos do modelo tur\u00edstico implantado en Galicia e alertan que o turismo \u00e9 un sector sobredimensionado cunha responsabilidade crecente na crise clim\u00e1tica. Necesitamos un modelo tur\u00edstico sustent\u00e1bel de distancias curtas, m\u00e1is desestacionalizado e que po\u00f1a en valor o entorno social, cultural e ambiental m\u00e1is pr\u00f3ximo.&nbsp;<\/p>\n\n\n\n<p>Apostar pola agroecolox\u00eda e promover unha alimentaci\u00f3n con baixa pegada de carbono, d\u00faas propostas que deben acometerse con celeridade. As emisi\u00f3ns de GEI no sector agrogandeiro galego supo\u00f1en un 12% do total, sendo o que m\u00e1is xera tras a transformaci\u00f3n e o consumo de enerx\u00eda. Por iso demandan que a Xunta impulsae a mudanza do modelo intensivo actual a un extensivo de base ecol\u00f3xica, favorecendo a produci\u00f3n, distribuci\u00f3n e consumo de orixe local. Non debemos esquecer que o impacto clim\u00e1tico do noso consumo de alimentos \u00e9 hoxe moi alto. \u00c9 preciso promover o consumo de proximidade e a alimentaci\u00f3n ecol\u00f3xica, reducir a demanda de carne e l\u00e1cteos e eliminar o desperdicio alimentario. Os fogares tam\u00e9n te\u00f1en moito que decir na reducci\u00f3n do consumo enerx\u00e9tico e a xeraci\u00f3n de residuos. As\u00ed no penultimo punto do documento aseguran que a Xunta debe impulsar un plan masivo de rehabilitaci\u00f3n enerx\u00e9tica e autoconsumo renov\u00e1bel nos fogares, priorizando aqueles que sufren pobreza enerx\u00e9tica.&nbsp;<\/p>\n\n\n\n<p><\/p>\n\n\n\n<p>Un dec\u00e1logo ecoloxista galego non pod\u00eda rematar sen unha menci\u00f3n a eucaliptizaci\u00f3n que sofre o noso pa\u00eds e propo\u00f1en atinxir a neutralidade clim\u00e1tica sen plantaci\u00f3ns forestais como os eucaliptais. Precisan que a mitigaci\u00f3n real da emerxencia clim\u00e1tica esixe aproveitar ao m\u00e1ximo as posibilidades de reducir as emisi\u00f3ns de GEI nas s\u00faas fontes. Ademais, para acadar a neutralidade&nbsp; clim\u00e1tica s\u00f3 se considerar\u00e1n as absorci\u00f3ns de CO2 procedentes da conservaci\u00f3n e a ampliaci\u00f3n da superficie ocupada por h\u00e1bitats naturais como os bosques aut\u00f3ctonos e as turbeiras.<\/p>\n\n\n\n<p><a href=\"http:\/\/www.anovapeneira.gal\/wp-content\/uploads\/2020\/06\/DEC\u00c1LOGO-POLO-CLIMA.pdf\">Dec\u00e1logo polo clima<\/a><\/p>\n\n\n\n<p><\/p>\n","protected":false},"excerpt":{"rendered":"<div class=\"mh-excerpt\"><p>A Covid-19 demostrou que se poden adoptar decisi\u00f3ns dr\u00e1sticas a favor do ben com\u00fan. Non podemos volver \u00e1 vella normalidade que est\u00e1 na orixe da Covid-19 e da emerxencia clim\u00e1tica. O Movemento Galego polo Clima lanza \u00e1 sociedade e aos partidos que concorren \u00e1s elecci\u00f3ns ao Parlamento galego do pr\u00f3ximo 12 de xulloun dec\u00e1logo de propostas para non volver \u00e1 vella normaliade que est\u00e1 na orixe da Covid-19 e da emerxencia clim\u00e1tica <a class=\"mh-excerpt-more\" href=\"https:\/\/www.anovapeneira.gal\/index.php\/2020\/07\/02\/o-movemento-galego-polo-clima-presenta-o-seu-decalogo-para-reducir-as-emisions-de-gei\/\" title=\"O Movemento Galego Polo Clima presenta o seu dec\u00e1logo para reducir as emisi\u00f3ns de GEI\">[&#8230;]<\/a><\/p>\n<\/div>","protected":false},"author":3,"featured_media":3429,"comment_status":"open","ping_status":"open","sticky":false,"template":"","format":"standard","meta":{"_exactmetrics_skip_tracking":false,"_exactmetrics_sitenote_active":false,"_exactmetrics_sitenote_note":"","_exactmetrics_sitenote_category":0,"footnotes":""},"categories":[263],"tags":[598],"class_list":{"0":"post-3428","1":"post","2":"type-post","3":"status-publish","4":"format-standard","5":"has-post-thumbnail","7":"category-novas","8":"tag-movemento-galego-polo-clima"},"yoast_head":"<!-- This site is optimized with the Yoast SEO plugin v27.4 - https:\/\/yoast.com\/product\/yoast-seo-wordpress\/ -->\n<title>O Movemento Galego Polo Clima presenta o seu dec\u00e1logo para reducir as emisi\u00f3ns de GEI -<\/title>\n<meta name=\"robots\" content=\"index, follow, max-snippet:-1, max-image-preview:large, max-video-preview:-1\" \/>\n<link rel=\"canonical\" href=\"https:\/\/www.anovapeneira.gal\/index.php\/2020\/07\/02\/o-movemento-galego-polo-clima-presenta-o-seu-decalogo-para-reducir-as-emisions-de-gei\/\" \/>\n<meta property=\"og:locale\" content=\"gl_ES\" \/>\n<meta property=\"og:type\" content=\"article\" \/>\n<meta property=\"og:title\" content=\"O Movemento Galego Polo Clima presenta o seu dec\u00e1logo para reducir as emisi\u00f3ns de GEI -\" \/>\n<meta property=\"og:description\" content=\"A Covid-19 demostrou que se poden adoptar decisi\u00f3ns dr\u00e1sticas a favor do ben com\u00fan. Non podemos volver \u00e1 vella normalidade que est\u00e1 na orixe da Covid-19 e da emerxencia clim\u00e1tica. O Movemento Galego polo Clima lanza \u00e1 sociedade e aos partidos que concorren \u00e1s elecci\u00f3ns ao Parlamento galego do pr\u00f3ximo 12 de xulloun dec\u00e1logo de propostas para non volver \u00e1 vella normaliade que est\u00e1 na orixe da Covid-19 e da emerxencia clim\u00e1tica [...]\" \/>\n<meta property=\"og:url\" content=\"https:\/\/www.anovapeneira.gal\/index.php\/2020\/07\/02\/o-movemento-galego-polo-clima-presenta-o-seu-decalogo-para-reducir-as-emisions-de-gei\/\" \/>\n<meta property=\"article:publisher\" content=\"https:\/\/www.facebook.com\/anovapeneira\" \/>\n<meta property=\"article:published_time\" content=\"2020-07-02T08:00:19+00:00\" \/>\n<meta property=\"og:image\" content=\"https:\/\/www.anovapeneira.gal\/wp-content\/uploads\/2020\/06\/cambio_clima_a_nova_peneira.jpg\" \/>\n\t<meta property=\"og:image:width\" content=\"980\" \/>\n\t<meta property=\"og:image:height\" content=\"609\" \/>\n\t<meta property=\"og:image:type\" content=\"image\/jpeg\" \/>\n<meta name=\"author\" content=\"Redacci\u00f3n A Nova Peneira\" \/>\n<meta name=\"twitter:card\" content=\"summary_large_image\" \/>\n<meta name=\"twitter:creator\" content=\"@APeneira\" \/>\n<meta name=\"twitter:site\" content=\"@APeneira\" \/>\n<meta name=\"twitter:label1\" content=\"Escrito por\" \/>\n\t<meta name=\"twitter:data1\" content=\"Redacci\u00f3n A Nova Peneira\" \/>\n\t<meta name=\"twitter:label2\" content=\"Tempo de lectura\" \/>\n\t<meta name=\"twitter:data2\" content=\"4 minutos\" \/>\n<script type=\"application\/ld+json\" class=\"yoast-schema-graph\">{\"@context\":\"https:\\\/\\\/schema.org\",\"@graph\":[{\"@type\":\"Article\",\"@id\":\"https:\\\/\\\/www.anovapeneira.gal\\\/index.php\\\/2020\\\/07\\\/02\\\/o-movemento-galego-polo-clima-presenta-o-seu-decalogo-para-reducir-as-emisions-de-gei\\\/#article\",\"isPartOf\":{\"@id\":\"https:\\\/\\\/www.anovapeneira.gal\\\/index.php\\\/2020\\\/07\\\/02\\\/o-movemento-galego-polo-clima-presenta-o-seu-decalogo-para-reducir-as-emisions-de-gei\\\/\"},\"author\":{\"name\":\"Redacci\u00f3n A Nova Peneira\",\"@id\":\"https:\\\/\\\/www.anovapeneira.gal\\\/#\\\/schema\\\/person\\\/b93e3f8932e3f8da96334607eb6ac6aa\"},\"headline\":\"O Movemento Galego Polo Clima presenta o seu dec\u00e1logo para reducir as emisi\u00f3ns de GEI\",\"datePublished\":\"2020-07-02T08:00:19+00:00\",\"mainEntityOfPage\":{\"@id\":\"https:\\\/\\\/www.anovapeneira.gal\\\/index.php\\\/2020\\\/07\\\/02\\\/o-movemento-galego-polo-clima-presenta-o-seu-decalogo-para-reducir-as-emisions-de-gei\\\/\"},\"wordCount\":765,\"commentCount\":0,\"publisher\":{\"@id\":\"https:\\\/\\\/www.anovapeneira.gal\\\/#organization\"},\"image\":{\"@id\":\"https:\\\/\\\/www.anovapeneira.gal\\\/index.php\\\/2020\\\/07\\\/02\\\/o-movemento-galego-polo-clima-presenta-o-seu-decalogo-para-reducir-as-emisions-de-gei\\\/#primaryimage\"},\"thumbnailUrl\":\"https:\\\/\\\/www.anovapeneira.gal\\\/wp-content\\\/uploads\\\/2020\\\/06\\\/cambio_clima_a_nova_peneira.jpg\",\"keywords\":[\"Movemento Galego polo Clima\"],\"articleSection\":[\"Novas\"],\"inLanguage\":\"gl-ES\",\"potentialAction\":[{\"@type\":\"CommentAction\",\"name\":\"Comment\",\"target\":[\"https:\\\/\\\/www.anovapeneira.gal\\\/index.php\\\/2020\\\/07\\\/02\\\/o-movemento-galego-polo-clima-presenta-o-seu-decalogo-para-reducir-as-emisions-de-gei\\\/#respond\"]}]},{\"@type\":\"WebPage\",\"@id\":\"https:\\\/\\\/www.anovapeneira.gal\\\/index.php\\\/2020\\\/07\\\/02\\\/o-movemento-galego-polo-clima-presenta-o-seu-decalogo-para-reducir-as-emisions-de-gei\\\/\",\"url\":\"https:\\\/\\\/www.anovapeneira.gal\\\/index.php\\\/2020\\\/07\\\/02\\\/o-movemento-galego-polo-clima-presenta-o-seu-decalogo-para-reducir-as-emisions-de-gei\\\/\",\"name\":\"O Movemento Galego Polo Clima presenta o seu dec\u00e1logo para reducir as emisi\u00f3ns de GEI -\",\"isPartOf\":{\"@id\":\"https:\\\/\\\/www.anovapeneira.gal\\\/#website\"},\"primaryImageOfPage\":{\"@id\":\"https:\\\/\\\/www.anovapeneira.gal\\\/index.php\\\/2020\\\/07\\\/02\\\/o-movemento-galego-polo-clima-presenta-o-seu-decalogo-para-reducir-as-emisions-de-gei\\\/#primaryimage\"},\"image\":{\"@id\":\"https:\\\/\\\/www.anovapeneira.gal\\\/index.php\\\/2020\\\/07\\\/02\\\/o-movemento-galego-polo-clima-presenta-o-seu-decalogo-para-reducir-as-emisions-de-gei\\\/#primaryimage\"},\"thumbnailUrl\":\"https:\\\/\\\/www.anovapeneira.gal\\\/wp-content\\\/uploads\\\/2020\\\/06\\\/cambio_clima_a_nova_peneira.jpg\",\"datePublished\":\"2020-07-02T08:00:19+00:00\",\"breadcrumb\":{\"@id\":\"https:\\\/\\\/www.anovapeneira.gal\\\/index.php\\\/2020\\\/07\\\/02\\\/o-movemento-galego-polo-clima-presenta-o-seu-decalogo-para-reducir-as-emisions-de-gei\\\/#breadcrumb\"},\"inLanguage\":\"gl-ES\",\"potentialAction\":[{\"@type\":\"ReadAction\",\"target\":[\"https:\\\/\\\/www.anovapeneira.gal\\\/index.php\\\/2020\\\/07\\\/02\\\/o-movemento-galego-polo-clima-presenta-o-seu-decalogo-para-reducir-as-emisions-de-gei\\\/\"]}]},{\"@type\":\"ImageObject\",\"inLanguage\":\"gl-ES\",\"@id\":\"https:\\\/\\\/www.anovapeneira.gal\\\/index.php\\\/2020\\\/07\\\/02\\\/o-movemento-galego-polo-clima-presenta-o-seu-decalogo-para-reducir-as-emisions-de-gei\\\/#primaryimage\",\"url\":\"https:\\\/\\\/www.anovapeneira.gal\\\/wp-content\\\/uploads\\\/2020\\\/06\\\/cambio_clima_a_nova_peneira.jpg\",\"contentUrl\":\"https:\\\/\\\/www.anovapeneira.gal\\\/wp-content\\\/uploads\\\/2020\\\/06\\\/cambio_clima_a_nova_peneira.jpg\",\"width\":980,\"height\":609,\"caption\":\"Movimiento galego polo clima A Nova Peneira\"},{\"@type\":\"BreadcrumbList\",\"@id\":\"https:\\\/\\\/www.anovapeneira.gal\\\/index.php\\\/2020\\\/07\\\/02\\\/o-movemento-galego-polo-clima-presenta-o-seu-decalogo-para-reducir-as-emisions-de-gei\\\/#breadcrumb\",\"itemListElement\":[{\"@type\":\"ListItem\",\"position\":1,\"name\":\"Portada\",\"item\":\"https:\\\/\\\/www.anovapeneira.gal\\\/\"},{\"@type\":\"ListItem\",\"position\":2,\"name\":\"O Movemento Galego Polo Clima presenta o seu dec\u00e1logo para reducir as emisi\u00f3ns de GEI\"}]},{\"@type\":\"WebSite\",\"@id\":\"https:\\\/\\\/www.anovapeneira.gal\\\/#website\",\"url\":\"https:\\\/\\\/www.anovapeneira.gal\\\/\",\"name\":\"\",\"description\":\"Xornal galego de informaci\u00f3n xeral Publicaci\u00f3n mensual de novas de Galicia e en especial dos Concellos da sur da provincia de Pontevedra.\",\"publisher\":{\"@id\":\"https:\\\/\\\/www.anovapeneira.gal\\\/#organization\"},\"potentialAction\":[{\"@type\":\"SearchAction\",\"target\":{\"@type\":\"EntryPoint\",\"urlTemplate\":\"https:\\\/\\\/www.anovapeneira.gal\\\/?s={search_term_string}\"},\"query-input\":{\"@type\":\"PropertyValueSpecification\",\"valueRequired\":true,\"valueName\":\"search_term_string\"}}],\"inLanguage\":\"gl-ES\"},{\"@type\":\"Organization\",\"@id\":\"https:\\\/\\\/www.anovapeneira.gal\\\/#organization\",\"name\":\"A Nova Peneira\",\"url\":\"https:\\\/\\\/www.anovapeneira.gal\\\/\",\"logo\":{\"@type\":\"ImageObject\",\"inLanguage\":\"gl-ES\",\"@id\":\"https:\\\/\\\/www.anovapeneira.gal\\\/#\\\/schema\\\/logo\\\/image\\\/\",\"url\":\"http:\\\/\\\/www.anovapeneira.gal\\\/wp-content\\\/uploads\\\/2019\\\/06\\\/logo_a_nova_peneira_portal_web.png\",\"contentUrl\":\"http:\\\/\\\/www.anovapeneira.gal\\\/wp-content\\\/uploads\\\/2019\\\/06\\\/logo_a_nova_peneira_portal_web.png\",\"width\":300,\"height\":100,\"caption\":\"A Nova Peneira\"},\"image\":{\"@id\":\"https:\\\/\\\/www.anovapeneira.gal\\\/#\\\/schema\\\/logo\\\/image\\\/\"},\"sameAs\":[\"https:\\\/\\\/www.facebook.com\\\/anovapeneira\",\"https:\\\/\\\/x.com\\\/APeneira\"]},{\"@type\":\"Person\",\"@id\":\"https:\\\/\\\/www.anovapeneira.gal\\\/#\\\/schema\\\/person\\\/b93e3f8932e3f8da96334607eb6ac6aa\",\"name\":\"Redacci\u00f3n A Nova Peneira\",\"image\":{\"@type\":\"ImageObject\",\"inLanguage\":\"gl-ES\",\"@id\":\"https:\\\/\\\/secure.gravatar.com\\\/avatar\\\/c052a2551a06e23fac63626232eaa90abd78dbcf1700fc46a2b2c89fd27b735f?s=96&d=mm&r=g\",\"url\":\"https:\\\/\\\/secure.gravatar.com\\\/avatar\\\/c052a2551a06e23fac63626232eaa90abd78dbcf1700fc46a2b2c89fd27b735f?s=96&d=mm&r=g\",\"contentUrl\":\"https:\\\/\\\/secure.gravatar.com\\\/avatar\\\/c052a2551a06e23fac63626232eaa90abd78dbcf1700fc46a2b2c89fd27b735f?s=96&d=mm&r=g\",\"caption\":\"Redacci\u00f3n A Nova Peneira\"},\"sameAs\":[\"http:\\\/\\\/www.anovapeneira.gal\\\/\"],\"url\":\"https:\\\/\\\/www.anovapeneira.gal\\\/index.php\\\/author\\\/redactor\\\/\"}]}<\/script>\n<!-- \/ Yoast SEO plugin. -->","yoast_head_json":{"title":"O Movemento Galego Polo Clima presenta o seu dec\u00e1logo para reducir as emisi\u00f3ns de GEI -","robots":{"index":"index","follow":"follow","max-snippet":"max-snippet:-1","max-image-preview":"max-image-preview:large","max-video-preview":"max-video-preview:-1"},"canonical":"https:\/\/www.anovapeneira.gal\/index.php\/2020\/07\/02\/o-movemento-galego-polo-clima-presenta-o-seu-decalogo-para-reducir-as-emisions-de-gei\/","og_locale":"gl_ES","og_type":"article","og_title":"O Movemento Galego Polo Clima presenta o seu dec\u00e1logo para reducir as emisi\u00f3ns de GEI -","og_description":"A Covid-19 demostrou que se poden adoptar decisi\u00f3ns dr\u00e1sticas a favor do ben com\u00fan. Non podemos volver \u00e1 vella normalidade que est\u00e1 na orixe da Covid-19 e da emerxencia clim\u00e1tica. O Movemento Galego polo Clima lanza \u00e1 sociedade e aos partidos que concorren \u00e1s elecci\u00f3ns ao Parlamento galego do pr\u00f3ximo 12 de xulloun dec\u00e1logo de propostas para non volver \u00e1 vella normaliade que est\u00e1 na orixe da Covid-19 e da emerxencia clim\u00e1tica [...]","og_url":"https:\/\/www.anovapeneira.gal\/index.php\/2020\/07\/02\/o-movemento-galego-polo-clima-presenta-o-seu-decalogo-para-reducir-as-emisions-de-gei\/","article_publisher":"https:\/\/www.facebook.com\/anovapeneira","article_published_time":"2020-07-02T08:00:19+00:00","og_image":[{"width":980,"height":609,"url":"https:\/\/www.anovapeneira.gal\/wp-content\/uploads\/2020\/06\/cambio_clima_a_nova_peneira.jpg","type":"image\/jpeg"}],"author":"Redacci\u00f3n A Nova Peneira","twitter_card":"summary_large_image","twitter_creator":"@APeneira","twitter_site":"@APeneira","twitter_misc":{"Escrito por":"Redacci\u00f3n A Nova Peneira","Tempo de lectura":"4 minutos"},"schema":{"@context":"https:\/\/schema.org","@graph":[{"@type":"Article","@id":"https:\/\/www.anovapeneira.gal\/index.php\/2020\/07\/02\/o-movemento-galego-polo-clima-presenta-o-seu-decalogo-para-reducir-as-emisions-de-gei\/#article","isPartOf":{"@id":"https:\/\/www.anovapeneira.gal\/index.php\/2020\/07\/02\/o-movemento-galego-polo-clima-presenta-o-seu-decalogo-para-reducir-as-emisions-de-gei\/"},"author":{"name":"Redacci\u00f3n A Nova Peneira","@id":"https:\/\/www.anovapeneira.gal\/#\/schema\/person\/b93e3f8932e3f8da96334607eb6ac6aa"},"headline":"O Movemento Galego Polo Clima presenta o seu dec\u00e1logo para reducir as emisi\u00f3ns de GEI","datePublished":"2020-07-02T08:00:19+00:00","mainEntityOfPage":{"@id":"https:\/\/www.anovapeneira.gal\/index.php\/2020\/07\/02\/o-movemento-galego-polo-clima-presenta-o-seu-decalogo-para-reducir-as-emisions-de-gei\/"},"wordCount":765,"commentCount":0,"publisher":{"@id":"https:\/\/www.anovapeneira.gal\/#organization"},"image":{"@id":"https:\/\/www.anovapeneira.gal\/index.php\/2020\/07\/02\/o-movemento-galego-polo-clima-presenta-o-seu-decalogo-para-reducir-as-emisions-de-gei\/#primaryimage"},"thumbnailUrl":"https:\/\/www.anovapeneira.gal\/wp-content\/uploads\/2020\/06\/cambio_clima_a_nova_peneira.jpg","keywords":["Movemento Galego polo Clima"],"articleSection":["Novas"],"inLanguage":"gl-ES","potentialAction":[{"@type":"CommentAction","name":"Comment","target":["https:\/\/www.anovapeneira.gal\/index.php\/2020\/07\/02\/o-movemento-galego-polo-clima-presenta-o-seu-decalogo-para-reducir-as-emisions-de-gei\/#respond"]}]},{"@type":"WebPage","@id":"https:\/\/www.anovapeneira.gal\/index.php\/2020\/07\/02\/o-movemento-galego-polo-clima-presenta-o-seu-decalogo-para-reducir-as-emisions-de-gei\/","url":"https:\/\/www.anovapeneira.gal\/index.php\/2020\/07\/02\/o-movemento-galego-polo-clima-presenta-o-seu-decalogo-para-reducir-as-emisions-de-gei\/","name":"O Movemento Galego Polo Clima presenta o seu dec\u00e1logo para reducir as emisi\u00f3ns de GEI -","isPartOf":{"@id":"https:\/\/www.anovapeneira.gal\/#website"},"primaryImageOfPage":{"@id":"https:\/\/www.anovapeneira.gal\/index.php\/2020\/07\/02\/o-movemento-galego-polo-clima-presenta-o-seu-decalogo-para-reducir-as-emisions-de-gei\/#primaryimage"},"image":{"@id":"https:\/\/www.anovapeneira.gal\/index.php\/2020\/07\/02\/o-movemento-galego-polo-clima-presenta-o-seu-decalogo-para-reducir-as-emisions-de-gei\/#primaryimage"},"thumbnailUrl":"https:\/\/www.anovapeneira.gal\/wp-content\/uploads\/2020\/06\/cambio_clima_a_nova_peneira.jpg","datePublished":"2020-07-02T08:00:19+00:00","breadcrumb":{"@id":"https:\/\/www.anovapeneira.gal\/index.php\/2020\/07\/02\/o-movemento-galego-polo-clima-presenta-o-seu-decalogo-para-reducir-as-emisions-de-gei\/#breadcrumb"},"inLanguage":"gl-ES","potentialAction":[{"@type":"ReadAction","target":["https:\/\/www.anovapeneira.gal\/index.php\/2020\/07\/02\/o-movemento-galego-polo-clima-presenta-o-seu-decalogo-para-reducir-as-emisions-de-gei\/"]}]},{"@type":"ImageObject","inLanguage":"gl-ES","@id":"https:\/\/www.anovapeneira.gal\/index.php\/2020\/07\/02\/o-movemento-galego-polo-clima-presenta-o-seu-decalogo-para-reducir-as-emisions-de-gei\/#primaryimage","url":"https:\/\/www.anovapeneira.gal\/wp-content\/uploads\/2020\/06\/cambio_clima_a_nova_peneira.jpg","contentUrl":"https:\/\/www.anovapeneira.gal\/wp-content\/uploads\/2020\/06\/cambio_clima_a_nova_peneira.jpg","width":980,"height":609,"caption":"Movimiento galego polo clima A Nova Peneira"},{"@type":"BreadcrumbList","@id":"https:\/\/www.anovapeneira.gal\/index.php\/2020\/07\/02\/o-movemento-galego-polo-clima-presenta-o-seu-decalogo-para-reducir-as-emisions-de-gei\/#breadcrumb","itemListElement":[{"@type":"ListItem","position":1,"name":"Portada","item":"https:\/\/www.anovapeneira.gal\/"},{"@type":"ListItem","position":2,"name":"O Movemento Galego Polo Clima presenta o seu dec\u00e1logo para reducir as emisi\u00f3ns de GEI"}]},{"@type":"WebSite","@id":"https:\/\/www.anovapeneira.gal\/#website","url":"https:\/\/www.anovapeneira.gal\/","name":"","description":"Xornal galego de informaci\u00f3n xeral Publicaci\u00f3n mensual de novas de Galicia e en especial dos Concellos da sur da provincia de Pontevedra.","publisher":{"@id":"https:\/\/www.anovapeneira.gal\/#organization"},"potentialAction":[{"@type":"SearchAction","target":{"@type":"EntryPoint","urlTemplate":"https:\/\/www.anovapeneira.gal\/?s={search_term_string}"},"query-input":{"@type":"PropertyValueSpecification","valueRequired":true,"valueName":"search_term_string"}}],"inLanguage":"gl-ES"},{"@type":"Organization","@id":"https:\/\/www.anovapeneira.gal\/#organization","name":"A Nova Peneira","url":"https:\/\/www.anovapeneira.gal\/","logo":{"@type":"ImageObject","inLanguage":"gl-ES","@id":"https:\/\/www.anovapeneira.gal\/#\/schema\/logo\/image\/","url":"http:\/\/www.anovapeneira.gal\/wp-content\/uploads\/2019\/06\/logo_a_nova_peneira_portal_web.png","contentUrl":"http:\/\/www.anovapeneira.gal\/wp-content\/uploads\/2019\/06\/logo_a_nova_peneira_portal_web.png","width":300,"height":100,"caption":"A Nova Peneira"},"image":{"@id":"https:\/\/www.anovapeneira.gal\/#\/schema\/logo\/image\/"},"sameAs":["https:\/\/www.facebook.com\/anovapeneira","https:\/\/x.com\/APeneira"]},{"@type":"Person","@id":"https:\/\/www.anovapeneira.gal\/#\/schema\/person\/b93e3f8932e3f8da96334607eb6ac6aa","name":"Redacci\u00f3n A Nova Peneira","image":{"@type":"ImageObject","inLanguage":"gl-ES","@id":"https:\/\/secure.gravatar.com\/avatar\/c052a2551a06e23fac63626232eaa90abd78dbcf1700fc46a2b2c89fd27b735f?s=96&d=mm&r=g","url":"https:\/\/secure.gravatar.com\/avatar\/c052a2551a06e23fac63626232eaa90abd78dbcf1700fc46a2b2c89fd27b735f?s=96&d=mm&r=g","contentUrl":"https:\/\/secure.gravatar.com\/avatar\/c052a2551a06e23fac63626232eaa90abd78dbcf1700fc46a2b2c89fd27b735f?s=96&d=mm&r=g","caption":"Redacci\u00f3n A Nova Peneira"},"sameAs":["http:\/\/www.anovapeneira.gal\/"],"url":"https:\/\/www.anovapeneira.gal\/index.php\/author\/redactor\/"}]}},"jetpack_featured_media_url":"https:\/\/www.anovapeneira.gal\/wp-content\/uploads\/2020\/06\/cambio_clima_a_nova_peneira.jpg","_links":{"self":[{"href":"https:\/\/www.anovapeneira.gal\/index.php\/wp-json\/wp\/v2\/posts\/3428","targetHints":{"allow":["GET"]}}],"collection":[{"href":"https:\/\/www.anovapeneira.gal\/index.php\/wp-json\/wp\/v2\/posts"}],"about":[{"href":"https:\/\/www.anovapeneira.gal\/index.php\/wp-json\/wp\/v2\/types\/post"}],"author":[{"embeddable":true,"href":"https:\/\/www.anovapeneira.gal\/index.php\/wp-json\/wp\/v2\/users\/3"}],"replies":[{"embeddable":true,"href":"https:\/\/www.anovapeneira.gal\/index.php\/wp-json\/wp\/v2\/comments?post=3428"}],"version-history":[{"count":3,"href":"https:\/\/www.anovapeneira.gal\/index.php\/wp-json\/wp\/v2\/posts\/3428\/revisions"}],"predecessor-version":[{"id":3433,"href":"https:\/\/www.anovapeneira.gal\/index.php\/wp-json\/wp\/v2\/posts\/3428\/revisions\/3433"}],"wp:featuredmedia":[{"embeddable":true,"href":"https:\/\/www.anovapeneira.gal\/index.php\/wp-json\/wp\/v2\/media\/3429"}],"wp:attachment":[{"href":"https:\/\/www.anovapeneira.gal\/index.php\/wp-json\/wp\/v2\/media?parent=3428"}],"wp:term":[{"taxonomy":"category","embeddable":true,"href":"https:\/\/www.anovapeneira.gal\/index.php\/wp-json\/wp\/v2\/categories?post=3428"},{"taxonomy":"post_tag","embeddable":true,"href":"https:\/\/www.anovapeneira.gal\/index.php\/wp-json\/wp\/v2\/tags?post=3428"}],"curies":[{"name":"wp","href":"https:\/\/api.w.org\/{rel}","templated":true}]}}