{"id":3434,"date":"2020-07-02T12:00:46","date_gmt":"2020-07-02T10:00:46","guid":{"rendered":"http:\/\/www.anovapeneira.gal\/?p=3434"},"modified":"2020-06-27T18:43:06","modified_gmt":"2020-06-27T16:43:06","slug":"a-xunta-de-galicia-condenada-polo-tsxg-por-vulneracion-dos-dereitos-fundamentais-do-parlamentario-anton-sanchez-por-negar-informacion-da-fusion-das-caixas-galegas","status":"publish","type":"post","link":"https:\/\/www.anovapeneira.gal\/index.php\/2020\/07\/02\/a-xunta-de-galicia-condenada-polo-tsxg-por-vulneracion-dos-dereitos-fundamentais-do-parlamentario-anton-sanchez-por-negar-informacion-da-fusion-das-caixas-galegas\/","title":{"rendered":"A Xunta de Galicia condenada polo TSXG por vulneraci\u00f3n dos dereitos fundamentais do parlamentario Ant\u00f3n S\u00e1nchez por negar informaci\u00f3n da fusi\u00f3n das caixas galegas"},"content":{"rendered":"\n<h2 class=\"wp-block-heading\"><em>&#8220;Agora vemos as consecuencias dun negocio que lle sa\u00edu gratis a un banco que reporta millonarios beneficios ano tras ano grazas \u00e1s decisi\u00f3ns pol\u00edticas tomadas por N\u00fa\u00f1ez Feij\u00f3o e polo Partido Popular&#8221;, afirmou Ant\u00f3n S\u00e1nchez.<\/em><\/h2>\n\n\n\n<p><em>Ant\u00f3n S\u00e1nchez esixe que dita documentaci\u00f3n sexa p\u00fablica antes das pr\u00f3ximas elecci\u00f3ns do 12 de xullo, para que a cidadan\u00eda galega saiba o que aconteceu coa estafa e privatizaci\u00f3n das caixas galegas antes de votar.<\/em><br>&nbsp;<\/p>\n\n\n\n<p><strong><a href=\"https:\/\/gmail.us4.list-manage.com\/track\/click?u=90feefff6a9b54da70e189b14&amp;id=eddc3812d7&amp;e=9d9e057b2a\" target=\"_blank\" rel=\"noreferrer noopener\">DOCUMENTO: SENTENZA DO TSXG<\/a><\/strong><br>&nbsp;<\/p>\n\n\n\n<p><strong>Santiago de Compostela, 23 de xu\u00f1o\u00a0de 2020<\/strong><\/p>\n\n\n\n<p>Anos despois, nunha sentenza\u00a0hist\u00f3rica e contundente, o TSXG considera probada a vulneraci\u00f3n dos dereitos fundamentais como parlamentario do deputado Ant\u00f3n S\u00e1nchez recollidos no artigo 23 da Constituci\u00f3n por obstruci\u00f3n e denegaci\u00f3n de informaci\u00f3n, e condena \u00e1 Xunta de Galicia a entregar o informe-proposta de Marta Fern\u00e1ndez Curr\u00e1s, Conselleira de Facenda por aquel ent\u00f3n, sobre a fusi\u00f3n das caixas galegas, e a acta da comisi\u00f3n dos secretarios xerais celebrada antes do Consello da Xunta que autorizou a fusi\u00f3n.<\/p>\n\n\n\n<p>O Tribunal Superior de Xustiza de Galiza v\u00e9n de comunicar a sentenza sobre a demanda interposta por Ant\u00f3n S\u00e1nchez diante da ocultaci\u00f3n sistem\u00e1tica de informaci\u00f3n da fusi\u00f3n e posterior privatizaci\u00f3n das caixas galegas que padeceu o deputado durante estes anos. Xa como deputado de AGE no ano 2013 solicitou acceso a dita informaci\u00f3n que lle foi reiteradamente denegada.<\/p>\n\n\n\n<p>&#8220;A Xunta de Galicia \u00e9 condenada por vulnerar o artigo 23 da Constituci\u00f3n, que tanto din defender, por unha pr\u00e1ctica habitual do goberno do PP, que \u00e9 a de ocultar informaci\u00f3n e obstru\u00edr o&nbsp;labor da oposici\u00f3n sistematicamente&#8221;, manifestou Ant\u00f3n S\u00e1nchez.<\/p>\n\n\n\n<p>&#8220;E fano neste caso ademais, coa maior estafa econ\u00f3mica aos galegos e galegas, que viron como o 40% dos seus aforros quedaron en mans dun banco estranxeiro e foron vendidos a prezo de amigo. Agora vemos as consecuencias dun negocio que lle sa\u00edu gratis a un banco que reporta millonarios beneficios ano tras ano grazas \u00e1s decisi\u00f3ns pol\u00edticas tomadas por N\u00fa\u00f1ez Feij\u00f3o e polo Partido Popular&#8221;, afirmou.<\/p>\n\n\n\n<p>A sentenza proba que a Xunta de Galicia ocultou informaci\u00f3n transcendental do proceso durante anos. Por este motivo, esiximos que inmediatamente a Xunta de Galicia entregue esta documentaci\u00f3n, e que a entrega sexa antes das elecci\u00f3ns para que a cidadan\u00eda co\u00f1eza realmente o acontecido no que acabou por ser a privatizaci\u00f3n do aforro galego. O vindeiro xoves convocarase unha rolda de prensa na que Ant\u00f3n S\u00e1nchez informar\u00e1 con detalle da sentenza do Tribunal Superior de Xustiza de Galiza.<\/p>\n","protected":false},"excerpt":{"rendered":"<div class=\"mh-excerpt\"><p>Ant\u00f3n S\u00e1nchez esixe que dita documentaci\u00f3n sexa p\u00fablica antes das pr\u00f3ximas elecci\u00f3ns do 12 de xullo, para que a cidadan\u00eda galega saiba o que aconteceu coa estafa e privatizaci\u00f3n das caixas galegas antes de votar <a class=\"mh-excerpt-more\" href=\"https:\/\/www.anovapeneira.gal\/index.php\/2020\/07\/02\/a-xunta-de-galicia-condenada-polo-tsxg-por-vulneracion-dos-dereitos-fundamentais-do-parlamentario-anton-sanchez-por-negar-informacion-da-fusion-das-caixas-galegas\/\" title=\"A Xunta de Galicia condenada polo TSXG por vulneraci\u00f3n dos dereitos fundamentais do parlamentario Ant\u00f3n S\u00e1nchez por negar informaci\u00f3n da fusi\u00f3n das caixas galegas\">[&#8230;]<\/a><\/p>\n<\/div>","protected":false},"author":3,"featured_media":3435,"comment_status":"open","ping_status":"open","sticky":false,"template":"","format":"standard","meta":{"_exactmetrics_skip_tracking":false,"_exactmetrics_sitenote_active":false,"_exactmetrics_sitenote_note":"","_exactmetrics_sitenote_category":0,"footnotes":""},"categories":[263],"tags":[1129,722,1128],"class_list":{"0":"post-3434","1":"post","2":"type-post","3":"status-publish","4":"format-standard","5":"has-post-thumbnail","7":"category-novas","8":"tag-anton-sanchez","9":"tag-grupo-comun-da-esquerda","10":"tag-tsxg"},"yoast_head":"<!-- This site is optimized with the Yoast SEO plugin v27.4 - https:\/\/yoast.com\/product\/yoast-seo-wordpress\/ -->\n<title>A Xunta de Galicia condenada polo TSXG por vulneraci\u00f3n dos dereitos fundamentais do parlamentario Ant\u00f3n S\u00e1nchez por negar informaci\u00f3n da fusi\u00f3n das caixas galegas -<\/title>\n<meta name=\"robots\" content=\"index, follow, max-snippet:-1, max-image-preview:large, max-video-preview:-1\" \/>\n<link rel=\"canonical\" href=\"https:\/\/www.anovapeneira.gal\/index.php\/2020\/07\/02\/a-xunta-de-galicia-condenada-polo-tsxg-por-vulneracion-dos-dereitos-fundamentais-do-parlamentario-anton-sanchez-por-negar-informacion-da-fusion-das-caixas-galegas\/\" \/>\n<meta property=\"og:locale\" content=\"gl_ES\" \/>\n<meta property=\"og:type\" content=\"article\" \/>\n<meta property=\"og:title\" content=\"A Xunta de Galicia condenada polo TSXG por vulneraci\u00f3n dos dereitos fundamentais do parlamentario Ant\u00f3n S\u00e1nchez por negar informaci\u00f3n da fusi\u00f3n das caixas galegas -\" \/>\n<meta property=\"og:description\" content=\"Ant\u00f3n S\u00e1nchez esixe que dita documentaci\u00f3n sexa p\u00fablica antes das pr\u00f3ximas elecci\u00f3ns do 12 de xullo, para que a cidadan\u00eda galega saiba o que aconteceu coa estafa e privatizaci\u00f3n das caixas galegas antes de votar [...]\" \/>\n<meta property=\"og:url\" content=\"https:\/\/www.anovapeneira.gal\/index.php\/2020\/07\/02\/a-xunta-de-galicia-condenada-polo-tsxg-por-vulneracion-dos-dereitos-fundamentais-do-parlamentario-anton-sanchez-por-negar-informacion-da-fusion-das-caixas-galegas\/\" \/>\n<meta property=\"article:publisher\" content=\"https:\/\/www.facebook.com\/anovapeneira\" \/>\n<meta property=\"article:published_time\" content=\"2020-07-02T10:00:46+00:00\" \/>\n<meta property=\"og:image\" content=\"https:\/\/www.anovapeneira.gal\/wp-content\/uploads\/2020\/06\/galicia_en_comun_a_nova_peneira.jpg\" \/>\n\t<meta property=\"og:image:width\" content=\"720\" \/>\n\t<meta property=\"og:image:height\" content=\"432\" \/>\n\t<meta property=\"og:image:type\" content=\"image\/jpeg\" \/>\n<meta name=\"author\" content=\"Redacci\u00f3n A Nova Peneira\" \/>\n<meta name=\"twitter:card\" content=\"summary_large_image\" \/>\n<meta name=\"twitter:creator\" content=\"@APeneira\" \/>\n<meta name=\"twitter:site\" content=\"@APeneira\" \/>\n<meta name=\"twitter:label1\" content=\"Escrito por\" \/>\n\t<meta name=\"twitter:data1\" content=\"Redacci\u00f3n A Nova Peneira\" \/>\n\t<meta name=\"twitter:label2\" content=\"Tempo de lectura\" \/>\n\t<meta name=\"twitter:data2\" content=\"2 minutos\" \/>\n<script type=\"application\/ld+json\" class=\"yoast-schema-graph\">{\"@context\":\"https:\\\/\\\/schema.org\",\"@graph\":[{\"@type\":\"Article\",\"@id\":\"https:\\\/\\\/www.anovapeneira.gal\\\/index.php\\\/2020\\\/07\\\/02\\\/a-xunta-de-galicia-condenada-polo-tsxg-por-vulneracion-dos-dereitos-fundamentais-do-parlamentario-anton-sanchez-por-negar-informacion-da-fusion-das-caixas-galegas\\\/#article\",\"isPartOf\":{\"@id\":\"https:\\\/\\\/www.anovapeneira.gal\\\/index.php\\\/2020\\\/07\\\/02\\\/a-xunta-de-galicia-condenada-polo-tsxg-por-vulneracion-dos-dereitos-fundamentais-do-parlamentario-anton-sanchez-por-negar-informacion-da-fusion-das-caixas-galegas\\\/\"},\"author\":{\"name\":\"Redacci\u00f3n A Nova Peneira\",\"@id\":\"https:\\\/\\\/www.anovapeneira.gal\\\/#\\\/schema\\\/person\\\/b93e3f8932e3f8da96334607eb6ac6aa\"},\"headline\":\"A Xunta de Galicia condenada polo TSXG por vulneraci\u00f3n dos dereitos fundamentais do parlamentario Ant\u00f3n S\u00e1nchez por negar informaci\u00f3n da fusi\u00f3n das caixas galegas\",\"datePublished\":\"2020-07-02T10:00:46+00:00\",\"mainEntityOfPage\":{\"@id\":\"https:\\\/\\\/www.anovapeneira.gal\\\/index.php\\\/2020\\\/07\\\/02\\\/a-xunta-de-galicia-condenada-polo-tsxg-por-vulneracion-dos-dereitos-fundamentais-do-parlamentario-anton-sanchez-por-negar-informacion-da-fusion-das-caixas-galegas\\\/\"},\"wordCount\":486,\"commentCount\":0,\"publisher\":{\"@id\":\"https:\\\/\\\/www.anovapeneira.gal\\\/#organization\"},\"image\":{\"@id\":\"https:\\\/\\\/www.anovapeneira.gal\\\/index.php\\\/2020\\\/07\\\/02\\\/a-xunta-de-galicia-condenada-polo-tsxg-por-vulneracion-dos-dereitos-fundamentais-do-parlamentario-anton-sanchez-por-negar-informacion-da-fusion-das-caixas-galegas\\\/#primaryimage\"},\"thumbnailUrl\":\"https:\\\/\\\/www.anovapeneira.gal\\\/wp-content\\\/uploads\\\/2020\\\/06\\\/galicia_en_comun_a_nova_peneira.jpg\",\"keywords\":[\"Ant\u00f3n S\u00e1nchez\",\"Grupo Com\u00fan da Esquerda\",\"TSXG\"],\"articleSection\":[\"Novas\"],\"inLanguage\":\"gl-ES\",\"potentialAction\":[{\"@type\":\"CommentAction\",\"name\":\"Comment\",\"target\":[\"https:\\\/\\\/www.anovapeneira.gal\\\/index.php\\\/2020\\\/07\\\/02\\\/a-xunta-de-galicia-condenada-polo-tsxg-por-vulneracion-dos-dereitos-fundamentais-do-parlamentario-anton-sanchez-por-negar-informacion-da-fusion-das-caixas-galegas\\\/#respond\"]}]},{\"@type\":\"WebPage\",\"@id\":\"https:\\\/\\\/www.anovapeneira.gal\\\/index.php\\\/2020\\\/07\\\/02\\\/a-xunta-de-galicia-condenada-polo-tsxg-por-vulneracion-dos-dereitos-fundamentais-do-parlamentario-anton-sanchez-por-negar-informacion-da-fusion-das-caixas-galegas\\\/\",\"url\":\"https:\\\/\\\/www.anovapeneira.gal\\\/index.php\\\/2020\\\/07\\\/02\\\/a-xunta-de-galicia-condenada-polo-tsxg-por-vulneracion-dos-dereitos-fundamentais-do-parlamentario-anton-sanchez-por-negar-informacion-da-fusion-das-caixas-galegas\\\/\",\"name\":\"A Xunta de Galicia condenada polo TSXG por vulneraci\u00f3n dos dereitos fundamentais do parlamentario Ant\u00f3n S\u00e1nchez por negar informaci\u00f3n da fusi\u00f3n das caixas galegas -\",\"isPartOf\":{\"@id\":\"https:\\\/\\\/www.anovapeneira.gal\\\/#website\"},\"primaryImageOfPage\":{\"@id\":\"https:\\\/\\\/www.anovapeneira.gal\\\/index.php\\\/2020\\\/07\\\/02\\\/a-xunta-de-galicia-condenada-polo-tsxg-por-vulneracion-dos-dereitos-fundamentais-do-parlamentario-anton-sanchez-por-negar-informacion-da-fusion-das-caixas-galegas\\\/#primaryimage\"},\"image\":{\"@id\":\"https:\\\/\\\/www.anovapeneira.gal\\\/index.php\\\/2020\\\/07\\\/02\\\/a-xunta-de-galicia-condenada-polo-tsxg-por-vulneracion-dos-dereitos-fundamentais-do-parlamentario-anton-sanchez-por-negar-informacion-da-fusion-das-caixas-galegas\\\/#primaryimage\"},\"thumbnailUrl\":\"https:\\\/\\\/www.anovapeneira.gal\\\/wp-content\\\/uploads\\\/2020\\\/06\\\/galicia_en_comun_a_nova_peneira.jpg\",\"datePublished\":\"2020-07-02T10:00:46+00:00\",\"breadcrumb\":{\"@id\":\"https:\\\/\\\/www.anovapeneira.gal\\\/index.php\\\/2020\\\/07\\\/02\\\/a-xunta-de-galicia-condenada-polo-tsxg-por-vulneracion-dos-dereitos-fundamentais-do-parlamentario-anton-sanchez-por-negar-informacion-da-fusion-das-caixas-galegas\\\/#breadcrumb\"},\"inLanguage\":\"gl-ES\",\"potentialAction\":[{\"@type\":\"ReadAction\",\"target\":[\"https:\\\/\\\/www.anovapeneira.gal\\\/index.php\\\/2020\\\/07\\\/02\\\/a-xunta-de-galicia-condenada-polo-tsxg-por-vulneracion-dos-dereitos-fundamentais-do-parlamentario-anton-sanchez-por-negar-informacion-da-fusion-das-caixas-galegas\\\/\"]}]},{\"@type\":\"ImageObject\",\"inLanguage\":\"gl-ES\",\"@id\":\"https:\\\/\\\/www.anovapeneira.gal\\\/index.php\\\/2020\\\/07\\\/02\\\/a-xunta-de-galicia-condenada-polo-tsxg-por-vulneracion-dos-dereitos-fundamentais-do-parlamentario-anton-sanchez-por-negar-informacion-da-fusion-das-caixas-galegas\\\/#primaryimage\",\"url\":\"https:\\\/\\\/www.anovapeneira.gal\\\/wp-content\\\/uploads\\\/2020\\\/06\\\/galicia_en_comun_a_nova_peneira.jpg\",\"contentUrl\":\"https:\\\/\\\/www.anovapeneira.gal\\\/wp-content\\\/uploads\\\/2020\\\/06\\\/galicia_en_comun_a_nova_peneira.jpg\",\"width\":720,\"height\":432,\"caption\":\"Ant\u00f3n S\u00e1nchez, nunha intervenci\u00f3n no Parlamento\"},{\"@type\":\"BreadcrumbList\",\"@id\":\"https:\\\/\\\/www.anovapeneira.gal\\\/index.php\\\/2020\\\/07\\\/02\\\/a-xunta-de-galicia-condenada-polo-tsxg-por-vulneracion-dos-dereitos-fundamentais-do-parlamentario-anton-sanchez-por-negar-informacion-da-fusion-das-caixas-galegas\\\/#breadcrumb\",\"itemListElement\":[{\"@type\":\"ListItem\",\"position\":1,\"name\":\"Portada\",\"item\":\"https:\\\/\\\/www.anovapeneira.gal\\\/\"},{\"@type\":\"ListItem\",\"position\":2,\"name\":\"A Xunta de Galicia condenada polo TSXG por vulneraci\u00f3n dos dereitos fundamentais do parlamentario Ant\u00f3n S\u00e1nchez por negar informaci\u00f3n da fusi\u00f3n das caixas galegas\"}]},{\"@type\":\"WebSite\",\"@id\":\"https:\\\/\\\/www.anovapeneira.gal\\\/#website\",\"url\":\"https:\\\/\\\/www.anovapeneira.gal\\\/\",\"name\":\"\",\"description\":\"Xornal galego de informaci\u00f3n xeral Publicaci\u00f3n mensual de novas de Galicia e en especial dos Concellos da sur da provincia de Pontevedra.\",\"publisher\":{\"@id\":\"https:\\\/\\\/www.anovapeneira.gal\\\/#organization\"},\"potentialAction\":[{\"@type\":\"SearchAction\",\"target\":{\"@type\":\"EntryPoint\",\"urlTemplate\":\"https:\\\/\\\/www.anovapeneira.gal\\\/?s={search_term_string}\"},\"query-input\":{\"@type\":\"PropertyValueSpecification\",\"valueRequired\":true,\"valueName\":\"search_term_string\"}}],\"inLanguage\":\"gl-ES\"},{\"@type\":\"Organization\",\"@id\":\"https:\\\/\\\/www.anovapeneira.gal\\\/#organization\",\"name\":\"A Nova Peneira\",\"url\":\"https:\\\/\\\/www.anovapeneira.gal\\\/\",\"logo\":{\"@type\":\"ImageObject\",\"inLanguage\":\"gl-ES\",\"@id\":\"https:\\\/\\\/www.anovapeneira.gal\\\/#\\\/schema\\\/logo\\\/image\\\/\",\"url\":\"http:\\\/\\\/www.anovapeneira.gal\\\/wp-content\\\/uploads\\\/2019\\\/06\\\/logo_a_nova_peneira_portal_web.png\",\"contentUrl\":\"http:\\\/\\\/www.anovapeneira.gal\\\/wp-content\\\/uploads\\\/2019\\\/06\\\/logo_a_nova_peneira_portal_web.png\",\"width\":300,\"height\":100,\"caption\":\"A Nova Peneira\"},\"image\":{\"@id\":\"https:\\\/\\\/www.anovapeneira.gal\\\/#\\\/schema\\\/logo\\\/image\\\/\"},\"sameAs\":[\"https:\\\/\\\/www.facebook.com\\\/anovapeneira\",\"https:\\\/\\\/x.com\\\/APeneira\"]},{\"@type\":\"Person\",\"@id\":\"https:\\\/\\\/www.anovapeneira.gal\\\/#\\\/schema\\\/person\\\/b93e3f8932e3f8da96334607eb6ac6aa\",\"name\":\"Redacci\u00f3n A Nova Peneira\",\"image\":{\"@type\":\"ImageObject\",\"inLanguage\":\"gl-ES\",\"@id\":\"https:\\\/\\\/secure.gravatar.com\\\/avatar\\\/c052a2551a06e23fac63626232eaa90abd78dbcf1700fc46a2b2c89fd27b735f?s=96&d=mm&r=g\",\"url\":\"https:\\\/\\\/secure.gravatar.com\\\/avatar\\\/c052a2551a06e23fac63626232eaa90abd78dbcf1700fc46a2b2c89fd27b735f?s=96&d=mm&r=g\",\"contentUrl\":\"https:\\\/\\\/secure.gravatar.com\\\/avatar\\\/c052a2551a06e23fac63626232eaa90abd78dbcf1700fc46a2b2c89fd27b735f?s=96&d=mm&r=g\",\"caption\":\"Redacci\u00f3n A Nova Peneira\"},\"sameAs\":[\"http:\\\/\\\/www.anovapeneira.gal\\\/\"],\"url\":\"https:\\\/\\\/www.anovapeneira.gal\\\/index.php\\\/author\\\/redactor\\\/\"}]}<\/script>\n<!-- \/ Yoast SEO plugin. -->","yoast_head_json":{"title":"A Xunta de Galicia condenada polo TSXG por vulneraci\u00f3n dos dereitos fundamentais do parlamentario Ant\u00f3n S\u00e1nchez por negar informaci\u00f3n da fusi\u00f3n das caixas galegas -","robots":{"index":"index","follow":"follow","max-snippet":"max-snippet:-1","max-image-preview":"max-image-preview:large","max-video-preview":"max-video-preview:-1"},"canonical":"https:\/\/www.anovapeneira.gal\/index.php\/2020\/07\/02\/a-xunta-de-galicia-condenada-polo-tsxg-por-vulneracion-dos-dereitos-fundamentais-do-parlamentario-anton-sanchez-por-negar-informacion-da-fusion-das-caixas-galegas\/","og_locale":"gl_ES","og_type":"article","og_title":"A Xunta de Galicia condenada polo TSXG por vulneraci\u00f3n dos dereitos fundamentais do parlamentario Ant\u00f3n S\u00e1nchez por negar informaci\u00f3n da fusi\u00f3n das caixas galegas -","og_description":"Ant\u00f3n S\u00e1nchez esixe que dita documentaci\u00f3n sexa p\u00fablica antes das pr\u00f3ximas elecci\u00f3ns do 12 de xullo, para que a cidadan\u00eda galega saiba o que aconteceu coa estafa e privatizaci\u00f3n das caixas galegas antes de votar [...]","og_url":"https:\/\/www.anovapeneira.gal\/index.php\/2020\/07\/02\/a-xunta-de-galicia-condenada-polo-tsxg-por-vulneracion-dos-dereitos-fundamentais-do-parlamentario-anton-sanchez-por-negar-informacion-da-fusion-das-caixas-galegas\/","article_publisher":"https:\/\/www.facebook.com\/anovapeneira","article_published_time":"2020-07-02T10:00:46+00:00","og_image":[{"width":720,"height":432,"url":"https:\/\/www.anovapeneira.gal\/wp-content\/uploads\/2020\/06\/galicia_en_comun_a_nova_peneira.jpg","type":"image\/jpeg"}],"author":"Redacci\u00f3n A Nova Peneira","twitter_card":"summary_large_image","twitter_creator":"@APeneira","twitter_site":"@APeneira","twitter_misc":{"Escrito por":"Redacci\u00f3n A Nova Peneira","Tempo de lectura":"2 minutos"},"schema":{"@context":"https:\/\/schema.org","@graph":[{"@type":"Article","@id":"https:\/\/www.anovapeneira.gal\/index.php\/2020\/07\/02\/a-xunta-de-galicia-condenada-polo-tsxg-por-vulneracion-dos-dereitos-fundamentais-do-parlamentario-anton-sanchez-por-negar-informacion-da-fusion-das-caixas-galegas\/#article","isPartOf":{"@id":"https:\/\/www.anovapeneira.gal\/index.php\/2020\/07\/02\/a-xunta-de-galicia-condenada-polo-tsxg-por-vulneracion-dos-dereitos-fundamentais-do-parlamentario-anton-sanchez-por-negar-informacion-da-fusion-das-caixas-galegas\/"},"author":{"name":"Redacci\u00f3n A Nova Peneira","@id":"https:\/\/www.anovapeneira.gal\/#\/schema\/person\/b93e3f8932e3f8da96334607eb6ac6aa"},"headline":"A Xunta de Galicia condenada polo TSXG por vulneraci\u00f3n dos dereitos fundamentais do parlamentario Ant\u00f3n S\u00e1nchez por negar informaci\u00f3n da fusi\u00f3n das caixas galegas","datePublished":"2020-07-02T10:00:46+00:00","mainEntityOfPage":{"@id":"https:\/\/www.anovapeneira.gal\/index.php\/2020\/07\/02\/a-xunta-de-galicia-condenada-polo-tsxg-por-vulneracion-dos-dereitos-fundamentais-do-parlamentario-anton-sanchez-por-negar-informacion-da-fusion-das-caixas-galegas\/"},"wordCount":486,"commentCount":0,"publisher":{"@id":"https:\/\/www.anovapeneira.gal\/#organization"},"image":{"@id":"https:\/\/www.anovapeneira.gal\/index.php\/2020\/07\/02\/a-xunta-de-galicia-condenada-polo-tsxg-por-vulneracion-dos-dereitos-fundamentais-do-parlamentario-anton-sanchez-por-negar-informacion-da-fusion-das-caixas-galegas\/#primaryimage"},"thumbnailUrl":"https:\/\/www.anovapeneira.gal\/wp-content\/uploads\/2020\/06\/galicia_en_comun_a_nova_peneira.jpg","keywords":["Ant\u00f3n S\u00e1nchez","Grupo Com\u00fan da Esquerda","TSXG"],"articleSection":["Novas"],"inLanguage":"gl-ES","potentialAction":[{"@type":"CommentAction","name":"Comment","target":["https:\/\/www.anovapeneira.gal\/index.php\/2020\/07\/02\/a-xunta-de-galicia-condenada-polo-tsxg-por-vulneracion-dos-dereitos-fundamentais-do-parlamentario-anton-sanchez-por-negar-informacion-da-fusion-das-caixas-galegas\/#respond"]}]},{"@type":"WebPage","@id":"https:\/\/www.anovapeneira.gal\/index.php\/2020\/07\/02\/a-xunta-de-galicia-condenada-polo-tsxg-por-vulneracion-dos-dereitos-fundamentais-do-parlamentario-anton-sanchez-por-negar-informacion-da-fusion-das-caixas-galegas\/","url":"https:\/\/www.anovapeneira.gal\/index.php\/2020\/07\/02\/a-xunta-de-galicia-condenada-polo-tsxg-por-vulneracion-dos-dereitos-fundamentais-do-parlamentario-anton-sanchez-por-negar-informacion-da-fusion-das-caixas-galegas\/","name":"A Xunta de Galicia condenada polo TSXG por vulneraci\u00f3n dos dereitos fundamentais do parlamentario Ant\u00f3n S\u00e1nchez por negar informaci\u00f3n da fusi\u00f3n das caixas galegas -","isPartOf":{"@id":"https:\/\/www.anovapeneira.gal\/#website"},"primaryImageOfPage":{"@id":"https:\/\/www.anovapeneira.gal\/index.php\/2020\/07\/02\/a-xunta-de-galicia-condenada-polo-tsxg-por-vulneracion-dos-dereitos-fundamentais-do-parlamentario-anton-sanchez-por-negar-informacion-da-fusion-das-caixas-galegas\/#primaryimage"},"image":{"@id":"https:\/\/www.anovapeneira.gal\/index.php\/2020\/07\/02\/a-xunta-de-galicia-condenada-polo-tsxg-por-vulneracion-dos-dereitos-fundamentais-do-parlamentario-anton-sanchez-por-negar-informacion-da-fusion-das-caixas-galegas\/#primaryimage"},"thumbnailUrl":"https:\/\/www.anovapeneira.gal\/wp-content\/uploads\/2020\/06\/galicia_en_comun_a_nova_peneira.jpg","datePublished":"2020-07-02T10:00:46+00:00","breadcrumb":{"@id":"https:\/\/www.anovapeneira.gal\/index.php\/2020\/07\/02\/a-xunta-de-galicia-condenada-polo-tsxg-por-vulneracion-dos-dereitos-fundamentais-do-parlamentario-anton-sanchez-por-negar-informacion-da-fusion-das-caixas-galegas\/#breadcrumb"},"inLanguage":"gl-ES","potentialAction":[{"@type":"ReadAction","target":["https:\/\/www.anovapeneira.gal\/index.php\/2020\/07\/02\/a-xunta-de-galicia-condenada-polo-tsxg-por-vulneracion-dos-dereitos-fundamentais-do-parlamentario-anton-sanchez-por-negar-informacion-da-fusion-das-caixas-galegas\/"]}]},{"@type":"ImageObject","inLanguage":"gl-ES","@id":"https:\/\/www.anovapeneira.gal\/index.php\/2020\/07\/02\/a-xunta-de-galicia-condenada-polo-tsxg-por-vulneracion-dos-dereitos-fundamentais-do-parlamentario-anton-sanchez-por-negar-informacion-da-fusion-das-caixas-galegas\/#primaryimage","url":"https:\/\/www.anovapeneira.gal\/wp-content\/uploads\/2020\/06\/galicia_en_comun_a_nova_peneira.jpg","contentUrl":"https:\/\/www.anovapeneira.gal\/wp-content\/uploads\/2020\/06\/galicia_en_comun_a_nova_peneira.jpg","width":720,"height":432,"caption":"Ant\u00f3n S\u00e1nchez, nunha intervenci\u00f3n no Parlamento"},{"@type":"BreadcrumbList","@id":"https:\/\/www.anovapeneira.gal\/index.php\/2020\/07\/02\/a-xunta-de-galicia-condenada-polo-tsxg-por-vulneracion-dos-dereitos-fundamentais-do-parlamentario-anton-sanchez-por-negar-informacion-da-fusion-das-caixas-galegas\/#breadcrumb","itemListElement":[{"@type":"ListItem","position":1,"name":"Portada","item":"https:\/\/www.anovapeneira.gal\/"},{"@type":"ListItem","position":2,"name":"A Xunta de Galicia condenada polo TSXG por vulneraci\u00f3n dos dereitos fundamentais do parlamentario Ant\u00f3n S\u00e1nchez por negar informaci\u00f3n da fusi\u00f3n das caixas galegas"}]},{"@type":"WebSite","@id":"https:\/\/www.anovapeneira.gal\/#website","url":"https:\/\/www.anovapeneira.gal\/","name":"","description":"Xornal galego de informaci\u00f3n xeral Publicaci\u00f3n mensual de novas de Galicia e en especial dos Concellos da sur da provincia de Pontevedra.","publisher":{"@id":"https:\/\/www.anovapeneira.gal\/#organization"},"potentialAction":[{"@type":"SearchAction","target":{"@type":"EntryPoint","urlTemplate":"https:\/\/www.anovapeneira.gal\/?s={search_term_string}"},"query-input":{"@type":"PropertyValueSpecification","valueRequired":true,"valueName":"search_term_string"}}],"inLanguage":"gl-ES"},{"@type":"Organization","@id":"https:\/\/www.anovapeneira.gal\/#organization","name":"A Nova Peneira","url":"https:\/\/www.anovapeneira.gal\/","logo":{"@type":"ImageObject","inLanguage":"gl-ES","@id":"https:\/\/www.anovapeneira.gal\/#\/schema\/logo\/image\/","url":"http:\/\/www.anovapeneira.gal\/wp-content\/uploads\/2019\/06\/logo_a_nova_peneira_portal_web.png","contentUrl":"http:\/\/www.anovapeneira.gal\/wp-content\/uploads\/2019\/06\/logo_a_nova_peneira_portal_web.png","width":300,"height":100,"caption":"A Nova Peneira"},"image":{"@id":"https:\/\/www.anovapeneira.gal\/#\/schema\/logo\/image\/"},"sameAs":["https:\/\/www.facebook.com\/anovapeneira","https:\/\/x.com\/APeneira"]},{"@type":"Person","@id":"https:\/\/www.anovapeneira.gal\/#\/schema\/person\/b93e3f8932e3f8da96334607eb6ac6aa","name":"Redacci\u00f3n A Nova Peneira","image":{"@type":"ImageObject","inLanguage":"gl-ES","@id":"https:\/\/secure.gravatar.com\/avatar\/c052a2551a06e23fac63626232eaa90abd78dbcf1700fc46a2b2c89fd27b735f?s=96&d=mm&r=g","url":"https:\/\/secure.gravatar.com\/avatar\/c052a2551a06e23fac63626232eaa90abd78dbcf1700fc46a2b2c89fd27b735f?s=96&d=mm&r=g","contentUrl":"https:\/\/secure.gravatar.com\/avatar\/c052a2551a06e23fac63626232eaa90abd78dbcf1700fc46a2b2c89fd27b735f?s=96&d=mm&r=g","caption":"Redacci\u00f3n A Nova Peneira"},"sameAs":["http:\/\/www.anovapeneira.gal\/"],"url":"https:\/\/www.anovapeneira.gal\/index.php\/author\/redactor\/"}]}},"jetpack_featured_media_url":"https:\/\/www.anovapeneira.gal\/wp-content\/uploads\/2020\/06\/galicia_en_comun_a_nova_peneira.jpg","_links":{"self":[{"href":"https:\/\/www.anovapeneira.gal\/index.php\/wp-json\/wp\/v2\/posts\/3434","targetHints":{"allow":["GET"]}}],"collection":[{"href":"https:\/\/www.anovapeneira.gal\/index.php\/wp-json\/wp\/v2\/posts"}],"about":[{"href":"https:\/\/www.anovapeneira.gal\/index.php\/wp-json\/wp\/v2\/types\/post"}],"author":[{"embeddable":true,"href":"https:\/\/www.anovapeneira.gal\/index.php\/wp-json\/wp\/v2\/users\/3"}],"replies":[{"embeddable":true,"href":"https:\/\/www.anovapeneira.gal\/index.php\/wp-json\/wp\/v2\/comments?post=3434"}],"version-history":[{"count":1,"href":"https:\/\/www.anovapeneira.gal\/index.php\/wp-json\/wp\/v2\/posts\/3434\/revisions"}],"predecessor-version":[{"id":3436,"href":"https:\/\/www.anovapeneira.gal\/index.php\/wp-json\/wp\/v2\/posts\/3434\/revisions\/3436"}],"wp:featuredmedia":[{"embeddable":true,"href":"https:\/\/www.anovapeneira.gal\/index.php\/wp-json\/wp\/v2\/media\/3435"}],"wp:attachment":[{"href":"https:\/\/www.anovapeneira.gal\/index.php\/wp-json\/wp\/v2\/media?parent=3434"}],"wp:term":[{"taxonomy":"category","embeddable":true,"href":"https:\/\/www.anovapeneira.gal\/index.php\/wp-json\/wp\/v2\/categories?post=3434"},{"taxonomy":"post_tag","embeddable":true,"href":"https:\/\/www.anovapeneira.gal\/index.php\/wp-json\/wp\/v2\/tags?post=3434"}],"curies":[{"name":"wp","href":"https:\/\/api.w.org\/{rel}","templated":true}]}}