{"id":3437,"date":"2020-07-03T10:00:43","date_gmt":"2020-07-03T08:00:43","guid":{"rendered":"http:\/\/www.anovapeneira.gal\/?p=3437"},"modified":"2020-06-30T11:49:59","modified_gmt":"2020-06-30T09:49:59","slug":"ponte-caldelas-recibe-a-bandeira-azul-e-o-distintivo-sendeiro-azul","status":"publish","type":"post","link":"https:\/\/www.anovapeneira.gal\/index.php\/2020\/07\/03\/ponte-caldelas-recibe-a-bandeira-azul-e-o-distintivo-sendeiro-azul\/","title":{"rendered":"Ponte Caldelas recibe a Bandeira Azul e o distintivo Sendeiro Azul"},"content":{"rendered":"\n<h2 class=\"wp-block-heading\">Andr\u00e9s D\u00edaz prop\u00f3n que en 2021 o acto de entrega dos galard\u00f3ns se realice na Praia Fluvial da Calzada, \u00fanico arenal de r\u00edo con este distintivo en Espa\u00f1a<\/h2>\n\n\n\n<p><strong>Ponte Caldelas, 26 de xu\u00f1o de 2020<\/strong><\/p>\n\n\n\n<p>O alcalde de Ponte Caldelas, Andr\u00e9s D\u00edaz, recibiu hoxe da man da conselleira de Medio Ambiente, \u00c1ngeles V\u00e1zquez, a Bandeira Azul que ondear\u00e1 un ver\u00e1n m\u00e1is na Praia Fluvial da Calzada, \u00fanico arenal de r\u00edo de toda Espa\u00f1a que conta con esta distinci\u00f3n. D\u00edaz tam\u00e9n recibiu o distintivo Sendeiro Azul para a senda que acompa\u00f1a ao r\u00edo Verdugo, un galard\u00f3n que reco\u00f1ece o esforzo na recuperaci\u00f3n de cami\u00f1os tradicionais e sendas para a s\u00faa transformaci\u00f3n nun espazo tur\u00edstico e de ocio.<\/p>\n\n\n\n<p>\u201c\u00c9 un orgullo para Ponte Caldelas contar con esta d\u00faas distinci\u00f3ns, sobre todo porque somos a \u00fanica praia fluvial de toda Espa\u00f1a que conta con tan prezado distintivo de calidade e seguridade\u201d, indica D\u00edaz. Durante o acto de entrega das bandeiras azuis, Andr\u00e9s D\u00edaz trasladou \u00e1 conselleira de Medio Ambiente o seu desexo de que en 2021 o acto de entrega de bandeiras azuis se celebre na \u00fanica praia fluvial de Espa\u00f1a con Bandeira Azul: a Praia Fluvial da Calzada de Ponte Caldelas.<\/p>\n","protected":false},"excerpt":{"rendered":"<div class=\"mh-excerpt\"><p>Andr\u00e9s D\u00edaz prop\u00f3n que en 2021 o acto de entrega dos galard\u00f3ns se realice na Praia Fluvial da Calzada, \u00fanico arenal de r\u00edo con este distintivo en Espa\u00f1a <a class=\"mh-excerpt-more\" href=\"https:\/\/www.anovapeneira.gal\/index.php\/2020\/07\/03\/ponte-caldelas-recibe-a-bandeira-azul-e-o-distintivo-sendeiro-azul\/\" title=\"Ponte Caldelas recibe a Bandeira Azul e o distintivo Sendeiro Azul\">[&#8230;]<\/a><\/p>\n<\/div>","protected":false},"author":3,"featured_media":3441,"comment_status":"open","ping_status":"open","sticky":false,"template":"","format":"standard","meta":{"_exactmetrics_skip_tracking":false,"_exactmetrics_sitenote_active":false,"_exactmetrics_sitenote_note":"","_exactmetrics_sitenote_category":0,"footnotes":""},"categories":[26],"tags":[128,223,1130],"class_list":{"0":"post-3437","1":"post","2":"type-post","3":"status-publish","4":"format-standard","5":"has-post-thumbnail","7":"category-pontevedra","8":"tag-concello-de-ponte-caldelas","9":"tag-praia-fluvial-da-calzada","10":"tag-sendeiro-azul"},"yoast_head":"<!-- This site is optimized with the Yoast SEO plugin v27.4 - https:\/\/yoast.com\/product\/yoast-seo-wordpress\/ -->\n<title>Ponte Caldelas recibe a Bandeira Azul e o distintivo Sendeiro Azul -<\/title>\n<meta name=\"robots\" content=\"index, follow, max-snippet:-1, max-image-preview:large, max-video-preview:-1\" \/>\n<link rel=\"canonical\" href=\"https:\/\/www.anovapeneira.gal\/index.php\/2020\/07\/03\/ponte-caldelas-recibe-a-bandeira-azul-e-o-distintivo-sendeiro-azul\/\" \/>\n<meta property=\"og:locale\" content=\"gl_ES\" \/>\n<meta property=\"og:type\" content=\"article\" \/>\n<meta property=\"og:title\" content=\"Ponte Caldelas recibe a Bandeira Azul e o distintivo Sendeiro Azul -\" \/>\n<meta property=\"og:description\" content=\"Andr\u00e9s D\u00edaz prop\u00f3n que en 2021 o acto de entrega dos galard\u00f3ns se realice na Praia Fluvial da Calzada, \u00fanico arenal de r\u00edo con este distintivo en Espa\u00f1a [...]\" \/>\n<meta property=\"og:url\" content=\"https:\/\/www.anovapeneira.gal\/index.php\/2020\/07\/03\/ponte-caldelas-recibe-a-bandeira-azul-e-o-distintivo-sendeiro-azul\/\" \/>\n<meta property=\"article:publisher\" content=\"https:\/\/www.facebook.com\/anovapeneira\" \/>\n<meta property=\"article:published_time\" content=\"2020-07-03T08:00:43+00:00\" \/>\n<meta property=\"og:image\" content=\"https:\/\/www.anovapeneira.gal\/wp-content\/uploads\/2020\/06\/praia_fluvial_a_calzada_a_nova_peneira.jpg\" \/>\n\t<meta property=\"og:image:width\" content=\"720\" \/>\n\t<meta property=\"og:image:height\" content=\"432\" \/>\n\t<meta property=\"og:image:type\" content=\"image\/jpeg\" \/>\n<meta name=\"author\" content=\"Redacci\u00f3n A Nova Peneira\" \/>\n<meta name=\"twitter:card\" content=\"summary_large_image\" \/>\n<meta name=\"twitter:creator\" content=\"@APeneira\" \/>\n<meta name=\"twitter:site\" content=\"@APeneira\" \/>\n<meta name=\"twitter:label1\" content=\"Escrito por\" \/>\n\t<meta name=\"twitter:data1\" content=\"Redacci\u00f3n A Nova Peneira\" \/>\n\t<meta name=\"twitter:label2\" content=\"Tempo de lectura\" \/>\n\t<meta name=\"twitter:data2\" content=\"1 minuto\" \/>\n<script type=\"application\/ld+json\" class=\"yoast-schema-graph\">{\"@context\":\"https:\\\/\\\/schema.org\",\"@graph\":[{\"@type\":\"Article\",\"@id\":\"https:\\\/\\\/www.anovapeneira.gal\\\/index.php\\\/2020\\\/07\\\/03\\\/ponte-caldelas-recibe-a-bandeira-azul-e-o-distintivo-sendeiro-azul\\\/#article\",\"isPartOf\":{\"@id\":\"https:\\\/\\\/www.anovapeneira.gal\\\/index.php\\\/2020\\\/07\\\/03\\\/ponte-caldelas-recibe-a-bandeira-azul-e-o-distintivo-sendeiro-azul\\\/\"},\"author\":{\"name\":\"Redacci\u00f3n A Nova Peneira\",\"@id\":\"https:\\\/\\\/www.anovapeneira.gal\\\/#\\\/schema\\\/person\\\/b93e3f8932e3f8da96334607eb6ac6aa\"},\"headline\":\"Ponte Caldelas recibe a Bandeira Azul e o distintivo Sendeiro Azul\",\"datePublished\":\"2020-07-03T08:00:43+00:00\",\"mainEntityOfPage\":{\"@id\":\"https:\\\/\\\/www.anovapeneira.gal\\\/index.php\\\/2020\\\/07\\\/03\\\/ponte-caldelas-recibe-a-bandeira-azul-e-o-distintivo-sendeiro-azul\\\/\"},\"wordCount\":237,\"commentCount\":0,\"publisher\":{\"@id\":\"https:\\\/\\\/www.anovapeneira.gal\\\/#organization\"},\"image\":{\"@id\":\"https:\\\/\\\/www.anovapeneira.gal\\\/index.php\\\/2020\\\/07\\\/03\\\/ponte-caldelas-recibe-a-bandeira-azul-e-o-distintivo-sendeiro-azul\\\/#primaryimage\"},\"thumbnailUrl\":\"https:\\\/\\\/www.anovapeneira.gal\\\/wp-content\\\/uploads\\\/2020\\\/06\\\/praia_fluvial_a_calzada_a_nova_peneira.jpg\",\"keywords\":[\"Concello de Ponte Caldelas\",\"Praia fluvial da Calzada\",\"Sendeiro Azul\"],\"articleSection\":[\"Pontevedra\"],\"inLanguage\":\"gl-ES\",\"potentialAction\":[{\"@type\":\"CommentAction\",\"name\":\"Comment\",\"target\":[\"https:\\\/\\\/www.anovapeneira.gal\\\/index.php\\\/2020\\\/07\\\/03\\\/ponte-caldelas-recibe-a-bandeira-azul-e-o-distintivo-sendeiro-azul\\\/#respond\"]}]},{\"@type\":\"WebPage\",\"@id\":\"https:\\\/\\\/www.anovapeneira.gal\\\/index.php\\\/2020\\\/07\\\/03\\\/ponte-caldelas-recibe-a-bandeira-azul-e-o-distintivo-sendeiro-azul\\\/\",\"url\":\"https:\\\/\\\/www.anovapeneira.gal\\\/index.php\\\/2020\\\/07\\\/03\\\/ponte-caldelas-recibe-a-bandeira-azul-e-o-distintivo-sendeiro-azul\\\/\",\"name\":\"Ponte Caldelas recibe a Bandeira Azul e o distintivo Sendeiro Azul -\",\"isPartOf\":{\"@id\":\"https:\\\/\\\/www.anovapeneira.gal\\\/#website\"},\"primaryImageOfPage\":{\"@id\":\"https:\\\/\\\/www.anovapeneira.gal\\\/index.php\\\/2020\\\/07\\\/03\\\/ponte-caldelas-recibe-a-bandeira-azul-e-o-distintivo-sendeiro-azul\\\/#primaryimage\"},\"image\":{\"@id\":\"https:\\\/\\\/www.anovapeneira.gal\\\/index.php\\\/2020\\\/07\\\/03\\\/ponte-caldelas-recibe-a-bandeira-azul-e-o-distintivo-sendeiro-azul\\\/#primaryimage\"},\"thumbnailUrl\":\"https:\\\/\\\/www.anovapeneira.gal\\\/wp-content\\\/uploads\\\/2020\\\/06\\\/praia_fluvial_a_calzada_a_nova_peneira.jpg\",\"datePublished\":\"2020-07-03T08:00:43+00:00\",\"breadcrumb\":{\"@id\":\"https:\\\/\\\/www.anovapeneira.gal\\\/index.php\\\/2020\\\/07\\\/03\\\/ponte-caldelas-recibe-a-bandeira-azul-e-o-distintivo-sendeiro-azul\\\/#breadcrumb\"},\"inLanguage\":\"gl-ES\",\"potentialAction\":[{\"@type\":\"ReadAction\",\"target\":[\"https:\\\/\\\/www.anovapeneira.gal\\\/index.php\\\/2020\\\/07\\\/03\\\/ponte-caldelas-recibe-a-bandeira-azul-e-o-distintivo-sendeiro-azul\\\/\"]}]},{\"@type\":\"ImageObject\",\"inLanguage\":\"gl-ES\",\"@id\":\"https:\\\/\\\/www.anovapeneira.gal\\\/index.php\\\/2020\\\/07\\\/03\\\/ponte-caldelas-recibe-a-bandeira-azul-e-o-distintivo-sendeiro-azul\\\/#primaryimage\",\"url\":\"https:\\\/\\\/www.anovapeneira.gal\\\/wp-content\\\/uploads\\\/2020\\\/06\\\/praia_fluvial_a_calzada_a_nova_peneira.jpg\",\"contentUrl\":\"https:\\\/\\\/www.anovapeneira.gal\\\/wp-content\\\/uploads\\\/2020\\\/06\\\/praia_fluvial_a_calzada_a_nova_peneira.jpg\",\"width\":720,\"height\":432,\"caption\":\"Praia fluvial A Calada Ponte Caldelas A Nova Peneira\"},{\"@type\":\"BreadcrumbList\",\"@id\":\"https:\\\/\\\/www.anovapeneira.gal\\\/index.php\\\/2020\\\/07\\\/03\\\/ponte-caldelas-recibe-a-bandeira-azul-e-o-distintivo-sendeiro-azul\\\/#breadcrumb\",\"itemListElement\":[{\"@type\":\"ListItem\",\"position\":1,\"name\":\"Portada\",\"item\":\"https:\\\/\\\/www.anovapeneira.gal\\\/\"},{\"@type\":\"ListItem\",\"position\":2,\"name\":\"Ponte Caldelas recibe a Bandeira Azul e o distintivo Sendeiro Azul\"}]},{\"@type\":\"WebSite\",\"@id\":\"https:\\\/\\\/www.anovapeneira.gal\\\/#website\",\"url\":\"https:\\\/\\\/www.anovapeneira.gal\\\/\",\"name\":\"\",\"description\":\"Xornal galego de informaci\u00f3n xeral Publicaci\u00f3n mensual de novas de Galicia e en especial dos Concellos da sur da provincia de Pontevedra.\",\"publisher\":{\"@id\":\"https:\\\/\\\/www.anovapeneira.gal\\\/#organization\"},\"potentialAction\":[{\"@type\":\"SearchAction\",\"target\":{\"@type\":\"EntryPoint\",\"urlTemplate\":\"https:\\\/\\\/www.anovapeneira.gal\\\/?s={search_term_string}\"},\"query-input\":{\"@type\":\"PropertyValueSpecification\",\"valueRequired\":true,\"valueName\":\"search_term_string\"}}],\"inLanguage\":\"gl-ES\"},{\"@type\":\"Organization\",\"@id\":\"https:\\\/\\\/www.anovapeneira.gal\\\/#organization\",\"name\":\"A Nova Peneira\",\"url\":\"https:\\\/\\\/www.anovapeneira.gal\\\/\",\"logo\":{\"@type\":\"ImageObject\",\"inLanguage\":\"gl-ES\",\"@id\":\"https:\\\/\\\/www.anovapeneira.gal\\\/#\\\/schema\\\/logo\\\/image\\\/\",\"url\":\"http:\\\/\\\/www.anovapeneira.gal\\\/wp-content\\\/uploads\\\/2019\\\/06\\\/logo_a_nova_peneira_portal_web.png\",\"contentUrl\":\"http:\\\/\\\/www.anovapeneira.gal\\\/wp-content\\\/uploads\\\/2019\\\/06\\\/logo_a_nova_peneira_portal_web.png\",\"width\":300,\"height\":100,\"caption\":\"A Nova Peneira\"},\"image\":{\"@id\":\"https:\\\/\\\/www.anovapeneira.gal\\\/#\\\/schema\\\/logo\\\/image\\\/\"},\"sameAs\":[\"https:\\\/\\\/www.facebook.com\\\/anovapeneira\",\"https:\\\/\\\/x.com\\\/APeneira\"]},{\"@type\":\"Person\",\"@id\":\"https:\\\/\\\/www.anovapeneira.gal\\\/#\\\/schema\\\/person\\\/b93e3f8932e3f8da96334607eb6ac6aa\",\"name\":\"Redacci\u00f3n A Nova Peneira\",\"image\":{\"@type\":\"ImageObject\",\"inLanguage\":\"gl-ES\",\"@id\":\"https:\\\/\\\/secure.gravatar.com\\\/avatar\\\/c052a2551a06e23fac63626232eaa90abd78dbcf1700fc46a2b2c89fd27b735f?s=96&d=mm&r=g\",\"url\":\"https:\\\/\\\/secure.gravatar.com\\\/avatar\\\/c052a2551a06e23fac63626232eaa90abd78dbcf1700fc46a2b2c89fd27b735f?s=96&d=mm&r=g\",\"contentUrl\":\"https:\\\/\\\/secure.gravatar.com\\\/avatar\\\/c052a2551a06e23fac63626232eaa90abd78dbcf1700fc46a2b2c89fd27b735f?s=96&d=mm&r=g\",\"caption\":\"Redacci\u00f3n A Nova Peneira\"},\"sameAs\":[\"http:\\\/\\\/www.anovapeneira.gal\\\/\"],\"url\":\"https:\\\/\\\/www.anovapeneira.gal\\\/index.php\\\/author\\\/redactor\\\/\"}]}<\/script>\n<!-- \/ Yoast SEO plugin. -->","yoast_head_json":{"title":"Ponte Caldelas recibe a Bandeira Azul e o distintivo Sendeiro Azul -","robots":{"index":"index","follow":"follow","max-snippet":"max-snippet:-1","max-image-preview":"max-image-preview:large","max-video-preview":"max-video-preview:-1"},"canonical":"https:\/\/www.anovapeneira.gal\/index.php\/2020\/07\/03\/ponte-caldelas-recibe-a-bandeira-azul-e-o-distintivo-sendeiro-azul\/","og_locale":"gl_ES","og_type":"article","og_title":"Ponte Caldelas recibe a Bandeira Azul e o distintivo Sendeiro Azul -","og_description":"Andr\u00e9s D\u00edaz prop\u00f3n que en 2021 o acto de entrega dos galard\u00f3ns se realice na Praia Fluvial da Calzada, \u00fanico arenal de r\u00edo con este distintivo en Espa\u00f1a [...]","og_url":"https:\/\/www.anovapeneira.gal\/index.php\/2020\/07\/03\/ponte-caldelas-recibe-a-bandeira-azul-e-o-distintivo-sendeiro-azul\/","article_publisher":"https:\/\/www.facebook.com\/anovapeneira","article_published_time":"2020-07-03T08:00:43+00:00","og_image":[{"width":720,"height":432,"url":"https:\/\/www.anovapeneira.gal\/wp-content\/uploads\/2020\/06\/praia_fluvial_a_calzada_a_nova_peneira.jpg","type":"image\/jpeg"}],"author":"Redacci\u00f3n A Nova Peneira","twitter_card":"summary_large_image","twitter_creator":"@APeneira","twitter_site":"@APeneira","twitter_misc":{"Escrito por":"Redacci\u00f3n A Nova Peneira","Tempo de lectura":"1 minuto"},"schema":{"@context":"https:\/\/schema.org","@graph":[{"@type":"Article","@id":"https:\/\/www.anovapeneira.gal\/index.php\/2020\/07\/03\/ponte-caldelas-recibe-a-bandeira-azul-e-o-distintivo-sendeiro-azul\/#article","isPartOf":{"@id":"https:\/\/www.anovapeneira.gal\/index.php\/2020\/07\/03\/ponte-caldelas-recibe-a-bandeira-azul-e-o-distintivo-sendeiro-azul\/"},"author":{"name":"Redacci\u00f3n A Nova Peneira","@id":"https:\/\/www.anovapeneira.gal\/#\/schema\/person\/b93e3f8932e3f8da96334607eb6ac6aa"},"headline":"Ponte Caldelas recibe a Bandeira Azul e o distintivo Sendeiro Azul","datePublished":"2020-07-03T08:00:43+00:00","mainEntityOfPage":{"@id":"https:\/\/www.anovapeneira.gal\/index.php\/2020\/07\/03\/ponte-caldelas-recibe-a-bandeira-azul-e-o-distintivo-sendeiro-azul\/"},"wordCount":237,"commentCount":0,"publisher":{"@id":"https:\/\/www.anovapeneira.gal\/#organization"},"image":{"@id":"https:\/\/www.anovapeneira.gal\/index.php\/2020\/07\/03\/ponte-caldelas-recibe-a-bandeira-azul-e-o-distintivo-sendeiro-azul\/#primaryimage"},"thumbnailUrl":"https:\/\/www.anovapeneira.gal\/wp-content\/uploads\/2020\/06\/praia_fluvial_a_calzada_a_nova_peneira.jpg","keywords":["Concello de Ponte Caldelas","Praia fluvial da Calzada","Sendeiro Azul"],"articleSection":["Pontevedra"],"inLanguage":"gl-ES","potentialAction":[{"@type":"CommentAction","name":"Comment","target":["https:\/\/www.anovapeneira.gal\/index.php\/2020\/07\/03\/ponte-caldelas-recibe-a-bandeira-azul-e-o-distintivo-sendeiro-azul\/#respond"]}]},{"@type":"WebPage","@id":"https:\/\/www.anovapeneira.gal\/index.php\/2020\/07\/03\/ponte-caldelas-recibe-a-bandeira-azul-e-o-distintivo-sendeiro-azul\/","url":"https:\/\/www.anovapeneira.gal\/index.php\/2020\/07\/03\/ponte-caldelas-recibe-a-bandeira-azul-e-o-distintivo-sendeiro-azul\/","name":"Ponte Caldelas recibe a Bandeira Azul e o distintivo Sendeiro Azul -","isPartOf":{"@id":"https:\/\/www.anovapeneira.gal\/#website"},"primaryImageOfPage":{"@id":"https:\/\/www.anovapeneira.gal\/index.php\/2020\/07\/03\/ponte-caldelas-recibe-a-bandeira-azul-e-o-distintivo-sendeiro-azul\/#primaryimage"},"image":{"@id":"https:\/\/www.anovapeneira.gal\/index.php\/2020\/07\/03\/ponte-caldelas-recibe-a-bandeira-azul-e-o-distintivo-sendeiro-azul\/#primaryimage"},"thumbnailUrl":"https:\/\/www.anovapeneira.gal\/wp-content\/uploads\/2020\/06\/praia_fluvial_a_calzada_a_nova_peneira.jpg","datePublished":"2020-07-03T08:00:43+00:00","breadcrumb":{"@id":"https:\/\/www.anovapeneira.gal\/index.php\/2020\/07\/03\/ponte-caldelas-recibe-a-bandeira-azul-e-o-distintivo-sendeiro-azul\/#breadcrumb"},"inLanguage":"gl-ES","potentialAction":[{"@type":"ReadAction","target":["https:\/\/www.anovapeneira.gal\/index.php\/2020\/07\/03\/ponte-caldelas-recibe-a-bandeira-azul-e-o-distintivo-sendeiro-azul\/"]}]},{"@type":"ImageObject","inLanguage":"gl-ES","@id":"https:\/\/www.anovapeneira.gal\/index.php\/2020\/07\/03\/ponte-caldelas-recibe-a-bandeira-azul-e-o-distintivo-sendeiro-azul\/#primaryimage","url":"https:\/\/www.anovapeneira.gal\/wp-content\/uploads\/2020\/06\/praia_fluvial_a_calzada_a_nova_peneira.jpg","contentUrl":"https:\/\/www.anovapeneira.gal\/wp-content\/uploads\/2020\/06\/praia_fluvial_a_calzada_a_nova_peneira.jpg","width":720,"height":432,"caption":"Praia fluvial A Calada Ponte Caldelas A Nova Peneira"},{"@type":"BreadcrumbList","@id":"https:\/\/www.anovapeneira.gal\/index.php\/2020\/07\/03\/ponte-caldelas-recibe-a-bandeira-azul-e-o-distintivo-sendeiro-azul\/#breadcrumb","itemListElement":[{"@type":"ListItem","position":1,"name":"Portada","item":"https:\/\/www.anovapeneira.gal\/"},{"@type":"ListItem","position":2,"name":"Ponte Caldelas recibe a Bandeira Azul e o distintivo Sendeiro Azul"}]},{"@type":"WebSite","@id":"https:\/\/www.anovapeneira.gal\/#website","url":"https:\/\/www.anovapeneira.gal\/","name":"","description":"Xornal galego de informaci\u00f3n xeral Publicaci\u00f3n mensual de novas de Galicia e en especial dos Concellos da sur da provincia de Pontevedra.","publisher":{"@id":"https:\/\/www.anovapeneira.gal\/#organization"},"potentialAction":[{"@type":"SearchAction","target":{"@type":"EntryPoint","urlTemplate":"https:\/\/www.anovapeneira.gal\/?s={search_term_string}"},"query-input":{"@type":"PropertyValueSpecification","valueRequired":true,"valueName":"search_term_string"}}],"inLanguage":"gl-ES"},{"@type":"Organization","@id":"https:\/\/www.anovapeneira.gal\/#organization","name":"A Nova Peneira","url":"https:\/\/www.anovapeneira.gal\/","logo":{"@type":"ImageObject","inLanguage":"gl-ES","@id":"https:\/\/www.anovapeneira.gal\/#\/schema\/logo\/image\/","url":"http:\/\/www.anovapeneira.gal\/wp-content\/uploads\/2019\/06\/logo_a_nova_peneira_portal_web.png","contentUrl":"http:\/\/www.anovapeneira.gal\/wp-content\/uploads\/2019\/06\/logo_a_nova_peneira_portal_web.png","width":300,"height":100,"caption":"A Nova Peneira"},"image":{"@id":"https:\/\/www.anovapeneira.gal\/#\/schema\/logo\/image\/"},"sameAs":["https:\/\/www.facebook.com\/anovapeneira","https:\/\/x.com\/APeneira"]},{"@type":"Person","@id":"https:\/\/www.anovapeneira.gal\/#\/schema\/person\/b93e3f8932e3f8da96334607eb6ac6aa","name":"Redacci\u00f3n A Nova Peneira","image":{"@type":"ImageObject","inLanguage":"gl-ES","@id":"https:\/\/secure.gravatar.com\/avatar\/c052a2551a06e23fac63626232eaa90abd78dbcf1700fc46a2b2c89fd27b735f?s=96&d=mm&r=g","url":"https:\/\/secure.gravatar.com\/avatar\/c052a2551a06e23fac63626232eaa90abd78dbcf1700fc46a2b2c89fd27b735f?s=96&d=mm&r=g","contentUrl":"https:\/\/secure.gravatar.com\/avatar\/c052a2551a06e23fac63626232eaa90abd78dbcf1700fc46a2b2c89fd27b735f?s=96&d=mm&r=g","caption":"Redacci\u00f3n A Nova Peneira"},"sameAs":["http:\/\/www.anovapeneira.gal\/"],"url":"https:\/\/www.anovapeneira.gal\/index.php\/author\/redactor\/"}]}},"jetpack_featured_media_url":"https:\/\/www.anovapeneira.gal\/wp-content\/uploads\/2020\/06\/praia_fluvial_a_calzada_a_nova_peneira.jpg","_links":{"self":[{"href":"https:\/\/www.anovapeneira.gal\/index.php\/wp-json\/wp\/v2\/posts\/3437","targetHints":{"allow":["GET"]}}],"collection":[{"href":"https:\/\/www.anovapeneira.gal\/index.php\/wp-json\/wp\/v2\/posts"}],"about":[{"href":"https:\/\/www.anovapeneira.gal\/index.php\/wp-json\/wp\/v2\/types\/post"}],"author":[{"embeddable":true,"href":"https:\/\/www.anovapeneira.gal\/index.php\/wp-json\/wp\/v2\/users\/3"}],"replies":[{"embeddable":true,"href":"https:\/\/www.anovapeneira.gal\/index.php\/wp-json\/wp\/v2\/comments?post=3437"}],"version-history":[{"count":2,"href":"https:\/\/www.anovapeneira.gal\/index.php\/wp-json\/wp\/v2\/posts\/3437\/revisions"}],"predecessor-version":[{"id":3439,"href":"https:\/\/www.anovapeneira.gal\/index.php\/wp-json\/wp\/v2\/posts\/3437\/revisions\/3439"}],"wp:featuredmedia":[{"embeddable":true,"href":"https:\/\/www.anovapeneira.gal\/index.php\/wp-json\/wp\/v2\/media\/3441"}],"wp:attachment":[{"href":"https:\/\/www.anovapeneira.gal\/index.php\/wp-json\/wp\/v2\/media?parent=3437"}],"wp:term":[{"taxonomy":"category","embeddable":true,"href":"https:\/\/www.anovapeneira.gal\/index.php\/wp-json\/wp\/v2\/categories?post=3437"},{"taxonomy":"post_tag","embeddable":true,"href":"https:\/\/www.anovapeneira.gal\/index.php\/wp-json\/wp\/v2\/tags?post=3437"}],"curies":[{"name":"wp","href":"https:\/\/api.w.org\/{rel}","templated":true}]}}