{"id":3442,"date":"2020-07-03T12:00:09","date_gmt":"2020-07-03T10:00:09","guid":{"rendered":"http:\/\/www.anovapeneira.gal\/?p=3442"},"modified":"2020-07-06T07:24:48","modified_gmt":"2020-07-06T05:24:48","slug":"tomino-redesena-a-programacion-cultural-e-xuvenil-para-este-veran","status":"publish","type":"post","link":"https:\/\/www.anovapeneira.gal\/index.php\/2020\/07\/03\/tomino-redesena-a-programacion-cultural-e-xuvenil-para-este-veran\/","title":{"rendered":"Tomi\u00f1o redese\u00f1a a programaci\u00f3n cultural e xuvenil para este ver\u00e1n"},"content":{"rendered":"\n<h2 class=\"wp-block-heading\"><strong>Actividades de lecer para a mocidade e culturais para todos os p\u00fablicos<\/strong><\/h2>\n\n\n\n<p><strong>Tomi\u00f1o, 29 de xu\u00f1o de 2020<\/strong><\/p>\n\n\n\n<p>O Departamento de Cultura doConcello de Tomi\u00f1o, por mor da pandemia do Coronavirus, tivo que cancelar actuaci\u00f3ns que estaban programadas cando se declarou o Estado de Alarma.<\/p>\n\n\n\n<p>Agora, &#8220;como entidade local comprometida coa cultura, amosamos o noso apoio e compromiso, mantendo as contrataci\u00f3ns inicialmente canceladas, buscando novas datas para as mesmas e programando novos espect\u00e1culos de cara a este ver\u00e1n e ao outono\/inverno 2020&#8221;, explica Ana Isabel Fern\u00e1ndez Carrera, concelleira de Cultura.<\/p>\n\n\n\n<p>A programaci\u00f3n que se ofrece cumpre cos requisitos necesarios para garantir a seguridade, protexer a sa\u00fade e minimizar o risco de contaxios.&nbsp;<\/p>\n\n\n\n<figure class=\"wp-block-image size-large is-style-default\"><img loading=\"lazy\" decoding=\"async\" width=\"724\" height=\"1024\" src=\"http:\/\/www.anovapeneira.gal\/wp-content\/uploads\/2020\/06\/De-Vacas_SON_2020-724x1024.png\" alt=\"\" class=\"wp-image-3444\" srcset=\"https:\/\/www.anovapeneira.gal\/wp-content\/uploads\/2020\/06\/De-Vacas_SON_2020-724x1024.png 724w, https:\/\/www.anovapeneira.gal\/wp-content\/uploads\/2020\/06\/De-Vacas_SON_2020-212x300.png 212w, https:\/\/www.anovapeneira.gal\/wp-content\/uploads\/2020\/06\/De-Vacas_SON_2020-768x1086.png 768w, https:\/\/www.anovapeneira.gal\/wp-content\/uploads\/2020\/06\/De-Vacas_SON_2020.png 842w\" sizes=\"auto, (max-width: 724px) 100vw, 724px\" \/><\/figure>\n\n\n\n<p>Deste xeito,<strong>a axenda arranca co concerto de De Vacas<\/strong>; m\u00fasica, iron\u00eda, talento e creatividade a raudais. Mistura de voces e guitarra, harmon\u00edas que estimulan os sentidos. O concerto ter\u00e1 lugar o\u00a0<strong>venres 3 de xullo na praza do Seixo, \u00e1s 22.30h<\/strong>.<\/p>\n\n\n\n<p>En xullo, os nenos e nenas poder\u00e1n gozar xunto coas s\u00faas familias de cinema ao aire libre na praza do Seixo coa proxecci\u00f3n durante dous venres alternos (17 e 31 \u00e1s 22.30h ) de cinema infantil\/familiar.<\/p>\n\n\n\n<p>En agosto inaug\u00farase a programaci\u00f3n do mes, con &#8220;PUNKDEMIA&#8221;, o novo espect\u00e1uclo da compa\u00f1\u00eda&nbsp;<em>Peter Punk Pallaso<\/em>, pensado e creado para todas as normalidades. Un espect\u00e1culo viral e divertido adaptado a todas as medidas de seguridade e hixiene recomendadas polas autoridades sanitarias. Ter\u00e1 lugar s\u00e1bado 8 de agosto \u00e1s 21h na praza do Seixo.&nbsp;<\/p>\n\n\n\n<p>No mesmo sitio, o venres 14 \u00e1s 22.30h poderase gozar do concerto de<em>Brassica Rapa<\/em>, un grupo de&nbsp;ventos e percusi\u00f3n formado integramente por razapas, que ten como finalidade a visibilizaci\u00f3n da muller no mundo do espect\u00e1culo. A trav\u00e9s dun repertorio variado de diferentes estilos que van dende grandes \u00e9xitos do pop a bandas sonoras de pel\u00edculas ou canci\u00f3ns reivindicativas , forman unha agrupaci\u00f3n vers\u00e1til e din\u00e1mica.<\/p>\n\n\n\n<p>O 21 de agosto, nenos, nenas e maiores poder\u00e1n desfrutar do espect\u00e1culo de teatro ACUARIO, tam\u00e9n na praza do Seixo \u00e1s 21h.Baseado no libro de poemas de Mar\u00eda Canosa que leva o mesmo t\u00edtulo, o seu obxectivo \u00e9 que a xente mi\u00fada da casa se achegue \u00e1 poes\u00eda en lingua galega, \u00e1 vez que aprende os nomes dos peixes e descobre a riqueza biol\u00f3xica (e gastron\u00f3mica) do noso litoral. Todo isto faise dun xeito ameno e divertido grazas \u00e1 presenza dos vistosos monicreques, dos actores que lle imprimen humor e dinamismo \u00e1 actividade, da m\u00fasica e dunha escenograf\u00eda sinxela e \u00e1 vez atractiva. Acuario \u00e9 un conxunto de versos doados e musicais que en ning\u00fan momento esquecen o seu prop\u00f3sito did\u00e1ctico: amosar a maxia do noso patrimonio ling\u00fc\u00edstico\u2026e mari\u00f1o.<\/p>\n\n\n\n<p>Pecha o mes de agosto, o venres 28, un concerto da Agrupaci\u00f3n Musical de Goi\u00e1n na praza do Seixo, \u00e1s 22.30h.<\/p>\n\n\n\n<p><strong>IMPORTANTE: todas as actividades culturais son de balde pero \u00e9 necesario<\/strong><strong>reservar entrada chamando previamente ao 986622001 (m\u00e1ximo 5 lugares por persoa).<\/strong><\/p>\n\n\n\n<p><strong>PROGRAMACI\u00d3N DE VER\u00c1N DA OMIX<\/strong><\/p>\n\n\n\n<p>Con respecto \u00e1&nbsp;<strong>Programaci\u00f3n de ver\u00e1n da OMIX<\/strong>, todos os mozos e mozas poden inscribirse nos cursos de ver\u00e1n que oferta a oficina municipal:<\/p>\n\n\n\n<p><strong>OBRADOIRO SILVESTRE DE PRENSADO DE FLORES (6 horas)<\/strong><\/p>\n\n\n\n<p>Neste obradoiro realizarase un paseo no exterior, recolectando flores e prantas da nosa contorna, e aprenderase todo o proceso de secado das flores cunha prensa de madeira que se ensinar\u00e1 a constru\u00edr. Traballarase tam\u00e9n na selecci\u00f3n e composici\u00f3n das flores para crear o propio&nbsp;<em>mini xard\u00edn<\/em>nun bastidor. \u00c9 unha moi boa ocasi\u00f3n para traballar a mirada e a creatividade mentres se goza dunha actividade ao aire libre.<\/p>\n\n\n\n<p>Datas de realizaci\u00f3n: xoves 16 e 23 de xullo, de 10 a 13h<\/p>\n\n\n\n<p><strong>CURSO DE FOTOGRAF\u00cdA (8 horas)<\/strong><\/p>\n\n\n\n<p>O curso de fotograf\u00eda estar\u00e1 baseado na iniciaci\u00f3n \u00e1 fotograf\u00eda, onde se aprender\u00e1 a utilizar a c\u00e1mara en modo manual para sacarlle o m\u00e1ximo partido e realizar as mellores fotograf\u00edas. Todas as clases ser\u00e1n no exterior para que o alumnado practique coa c\u00e1mara en todo momento.<\/p>\n\n\n\n<p>Datas de realizaci\u00f3n: luns 27 e m\u00e9rcores 29 de xullo, e luns 3 e m\u00e9rcores 5 de agosto, respectivamente, de 10 a 12h.<\/p>\n\n\n\n<p>As<strong>inscrici\u00f3ns<\/strong>deben facerse na web municipal (<a href=\"http:\/\/www.tomino.gal\/\">www.tomino.gal<\/a>)e p\u00f3dese solicitar m\u00e1is informaci\u00f3n no whatsapp 604 062 369 ou nos correos electr\u00f3nicos&nbsp;<a>omix@tomino.gal<\/a>e&nbsp;educacion@tomino.gal<\/p>\n","protected":false},"excerpt":{"rendered":"<div class=\"mh-excerpt\"><p>Actividades de lecer para a mocidade e culturais para todos os p\u00fablicos Tomi\u00f1o, 29 de xu\u00f1o de 2020 O Departamento de Cultura doConcello de Tomi\u00f1o, por mor da pandemia do Coronavirus, tivo que cancelar actuaci\u00f3ns <a class=\"mh-excerpt-more\" href=\"https:\/\/www.anovapeneira.gal\/index.php\/2020\/07\/03\/tomino-redesena-a-programacion-cultural-e-xuvenil-para-este-veran\/\" title=\"Tomi\u00f1o redese\u00f1a a programaci\u00f3n cultural e xuvenil para este ver\u00e1n\">[&#8230;]<\/a><\/p>\n<\/div>","protected":false},"author":3,"featured_media":3443,"comment_status":"open","ping_status":"open","sticky":false,"template":"","format":"standard","meta":{"_exactmetrics_skip_tracking":false,"_exactmetrics_sitenote_active":false,"_exactmetrics_sitenote_note":"","_exactmetrics_sitenote_category":0,"footnotes":""},"categories":[21],"tags":[81,1109,193],"class_list":{"0":"post-3442","1":"post","2":"type-post","3":"status-publish","4":"format-standard","5":"has-post-thumbnail","7":"category-baixo-mino","8":"tag-concello-de-tomino","9":"tag-programacion-de-veran","10":"tag-xuvenil"},"yoast_head":"<!-- This site is optimized with the Yoast SEO plugin v27.4 - https:\/\/yoast.com\/product\/yoast-seo-wordpress\/ -->\n<title>Tomi\u00f1o redese\u00f1a a programaci\u00f3n cultural e xuvenil para este ver\u00e1n -<\/title>\n<meta name=\"robots\" content=\"index, follow, max-snippet:-1, max-image-preview:large, max-video-preview:-1\" \/>\n<link rel=\"canonical\" href=\"https:\/\/www.anovapeneira.gal\/index.php\/2020\/07\/03\/tomino-redesena-a-programacion-cultural-e-xuvenil-para-este-veran\/\" \/>\n<meta property=\"og:locale\" content=\"gl_ES\" \/>\n<meta property=\"og:type\" content=\"article\" \/>\n<meta property=\"og:title\" content=\"Tomi\u00f1o redese\u00f1a a programaci\u00f3n cultural e xuvenil para este ver\u00e1n -\" \/>\n<meta property=\"og:description\" content=\"Actividades de lecer para a mocidade e culturais para todos os p\u00fablicos Tomi\u00f1o, 29 de xu\u00f1o de 2020 O Departamento de Cultura doConcello de Tomi\u00f1o, por mor da pandemia do Coronavirus, tivo que cancelar actuaci\u00f3ns [...]\" \/>\n<meta property=\"og:url\" content=\"https:\/\/www.anovapeneira.gal\/index.php\/2020\/07\/03\/tomino-redesena-a-programacion-cultural-e-xuvenil-para-este-veran\/\" \/>\n<meta property=\"article:publisher\" content=\"https:\/\/www.facebook.com\/anovapeneira\" \/>\n<meta property=\"article:published_time\" content=\"2020-07-03T10:00:09+00:00\" \/>\n<meta property=\"article:modified_time\" content=\"2020-07-06T05:24:48+00:00\" \/>\n<meta property=\"og:image\" content=\"https:\/\/www.anovapeneira.gal\/wp-content\/uploads\/2020\/06\/programacion_veran_xuvenil_tominho_a_nova_peneira.jpg\" \/>\n\t<meta property=\"og:image:width\" content=\"720\" \/>\n\t<meta property=\"og:image:height\" content=\"432\" \/>\n\t<meta property=\"og:image:type\" content=\"image\/jpeg\" \/>\n<meta name=\"author\" content=\"Redacci\u00f3n A Nova Peneira\" \/>\n<meta name=\"twitter:card\" content=\"summary_large_image\" \/>\n<meta name=\"twitter:creator\" content=\"@APeneira\" \/>\n<meta name=\"twitter:site\" content=\"@APeneira\" \/>\n<meta name=\"twitter:label1\" content=\"Escrito por\" \/>\n\t<meta name=\"twitter:data1\" content=\"Redacci\u00f3n A Nova Peneira\" \/>\n\t<meta name=\"twitter:label2\" content=\"Tempo de lectura\" \/>\n\t<meta name=\"twitter:data2\" content=\"4 minutos\" \/>\n<script type=\"application\/ld+json\" class=\"yoast-schema-graph\">{\"@context\":\"https:\\\/\\\/schema.org\",\"@graph\":[{\"@type\":\"Article\",\"@id\":\"https:\\\/\\\/www.anovapeneira.gal\\\/index.php\\\/2020\\\/07\\\/03\\\/tomino-redesena-a-programacion-cultural-e-xuvenil-para-este-veran\\\/#article\",\"isPartOf\":{\"@id\":\"https:\\\/\\\/www.anovapeneira.gal\\\/index.php\\\/2020\\\/07\\\/03\\\/tomino-redesena-a-programacion-cultural-e-xuvenil-para-este-veran\\\/\"},\"author\":{\"name\":\"Redacci\u00f3n A Nova Peneira\",\"@id\":\"https:\\\/\\\/www.anovapeneira.gal\\\/#\\\/schema\\\/person\\\/b93e3f8932e3f8da96334607eb6ac6aa\"},\"headline\":\"Tomi\u00f1o redese\u00f1a a programaci\u00f3n cultural e xuvenil para este ver\u00e1n\",\"datePublished\":\"2020-07-03T10:00:09+00:00\",\"dateModified\":\"2020-07-06T05:24:48+00:00\",\"mainEntityOfPage\":{\"@id\":\"https:\\\/\\\/www.anovapeneira.gal\\\/index.php\\\/2020\\\/07\\\/03\\\/tomino-redesena-a-programacion-cultural-e-xuvenil-para-este-veran\\\/\"},\"wordCount\":769,\"commentCount\":0,\"publisher\":{\"@id\":\"https:\\\/\\\/www.anovapeneira.gal\\\/#organization\"},\"image\":{\"@id\":\"https:\\\/\\\/www.anovapeneira.gal\\\/index.php\\\/2020\\\/07\\\/03\\\/tomino-redesena-a-programacion-cultural-e-xuvenil-para-este-veran\\\/#primaryimage\"},\"thumbnailUrl\":\"https:\\\/\\\/www.anovapeneira.gal\\\/wp-content\\\/uploads\\\/2020\\\/06\\\/programacion_veran_xuvenil_tominho_a_nova_peneira.jpg\",\"keywords\":[\"Concello de Tomi\u00f1o\",\"Programaci\u00f3n de ver\u00e1n\",\"Xuvenil\"],\"articleSection\":[\"Baixo Mi\u00f1o\"],\"inLanguage\":\"gl-ES\",\"potentialAction\":[{\"@type\":\"CommentAction\",\"name\":\"Comment\",\"target\":[\"https:\\\/\\\/www.anovapeneira.gal\\\/index.php\\\/2020\\\/07\\\/03\\\/tomino-redesena-a-programacion-cultural-e-xuvenil-para-este-veran\\\/#respond\"]}]},{\"@type\":\"WebPage\",\"@id\":\"https:\\\/\\\/www.anovapeneira.gal\\\/index.php\\\/2020\\\/07\\\/03\\\/tomino-redesena-a-programacion-cultural-e-xuvenil-para-este-veran\\\/\",\"url\":\"https:\\\/\\\/www.anovapeneira.gal\\\/index.php\\\/2020\\\/07\\\/03\\\/tomino-redesena-a-programacion-cultural-e-xuvenil-para-este-veran\\\/\",\"name\":\"Tomi\u00f1o redese\u00f1a a programaci\u00f3n cultural e xuvenil para este ver\u00e1n -\",\"isPartOf\":{\"@id\":\"https:\\\/\\\/www.anovapeneira.gal\\\/#website\"},\"primaryImageOfPage\":{\"@id\":\"https:\\\/\\\/www.anovapeneira.gal\\\/index.php\\\/2020\\\/07\\\/03\\\/tomino-redesena-a-programacion-cultural-e-xuvenil-para-este-veran\\\/#primaryimage\"},\"image\":{\"@id\":\"https:\\\/\\\/www.anovapeneira.gal\\\/index.php\\\/2020\\\/07\\\/03\\\/tomino-redesena-a-programacion-cultural-e-xuvenil-para-este-veran\\\/#primaryimage\"},\"thumbnailUrl\":\"https:\\\/\\\/www.anovapeneira.gal\\\/wp-content\\\/uploads\\\/2020\\\/06\\\/programacion_veran_xuvenil_tominho_a_nova_peneira.jpg\",\"datePublished\":\"2020-07-03T10:00:09+00:00\",\"dateModified\":\"2020-07-06T05:24:48+00:00\",\"breadcrumb\":{\"@id\":\"https:\\\/\\\/www.anovapeneira.gal\\\/index.php\\\/2020\\\/07\\\/03\\\/tomino-redesena-a-programacion-cultural-e-xuvenil-para-este-veran\\\/#breadcrumb\"},\"inLanguage\":\"gl-ES\",\"potentialAction\":[{\"@type\":\"ReadAction\",\"target\":[\"https:\\\/\\\/www.anovapeneira.gal\\\/index.php\\\/2020\\\/07\\\/03\\\/tomino-redesena-a-programacion-cultural-e-xuvenil-para-este-veran\\\/\"]}]},{\"@type\":\"ImageObject\",\"inLanguage\":\"gl-ES\",\"@id\":\"https:\\\/\\\/www.anovapeneira.gal\\\/index.php\\\/2020\\\/07\\\/03\\\/tomino-redesena-a-programacion-cultural-e-xuvenil-para-este-veran\\\/#primaryimage\",\"url\":\"https:\\\/\\\/www.anovapeneira.gal\\\/wp-content\\\/uploads\\\/2020\\\/06\\\/programacion_veran_xuvenil_tominho_a_nova_peneira.jpg\",\"contentUrl\":\"https:\\\/\\\/www.anovapeneira.gal\\\/wp-content\\\/uploads\\\/2020\\\/06\\\/programacion_veran_xuvenil_tominho_a_nova_peneira.jpg\",\"width\":720,\"height\":432,\"caption\":\"Programaci\u00f3n de ver\u00e1n Concello de Tomi\u00f1o Xuvenil A Nova Peneira\"},{\"@type\":\"BreadcrumbList\",\"@id\":\"https:\\\/\\\/www.anovapeneira.gal\\\/index.php\\\/2020\\\/07\\\/03\\\/tomino-redesena-a-programacion-cultural-e-xuvenil-para-este-veran\\\/#breadcrumb\",\"itemListElement\":[{\"@type\":\"ListItem\",\"position\":1,\"name\":\"Portada\",\"item\":\"https:\\\/\\\/www.anovapeneira.gal\\\/\"},{\"@type\":\"ListItem\",\"position\":2,\"name\":\"Tomi\u00f1o redese\u00f1a a programaci\u00f3n cultural e xuvenil para este ver\u00e1n\"}]},{\"@type\":\"WebSite\",\"@id\":\"https:\\\/\\\/www.anovapeneira.gal\\\/#website\",\"url\":\"https:\\\/\\\/www.anovapeneira.gal\\\/\",\"name\":\"\",\"description\":\"Xornal galego de informaci\u00f3n xeral Publicaci\u00f3n mensual de novas de Galicia e en especial dos Concellos da sur da provincia de Pontevedra.\",\"publisher\":{\"@id\":\"https:\\\/\\\/www.anovapeneira.gal\\\/#organization\"},\"potentialAction\":[{\"@type\":\"SearchAction\",\"target\":{\"@type\":\"EntryPoint\",\"urlTemplate\":\"https:\\\/\\\/www.anovapeneira.gal\\\/?s={search_term_string}\"},\"query-input\":{\"@type\":\"PropertyValueSpecification\",\"valueRequired\":true,\"valueName\":\"search_term_string\"}}],\"inLanguage\":\"gl-ES\"},{\"@type\":\"Organization\",\"@id\":\"https:\\\/\\\/www.anovapeneira.gal\\\/#organization\",\"name\":\"A Nova Peneira\",\"url\":\"https:\\\/\\\/www.anovapeneira.gal\\\/\",\"logo\":{\"@type\":\"ImageObject\",\"inLanguage\":\"gl-ES\",\"@id\":\"https:\\\/\\\/www.anovapeneira.gal\\\/#\\\/schema\\\/logo\\\/image\\\/\",\"url\":\"http:\\\/\\\/www.anovapeneira.gal\\\/wp-content\\\/uploads\\\/2019\\\/06\\\/logo_a_nova_peneira_portal_web.png\",\"contentUrl\":\"http:\\\/\\\/www.anovapeneira.gal\\\/wp-content\\\/uploads\\\/2019\\\/06\\\/logo_a_nova_peneira_portal_web.png\",\"width\":300,\"height\":100,\"caption\":\"A Nova Peneira\"},\"image\":{\"@id\":\"https:\\\/\\\/www.anovapeneira.gal\\\/#\\\/schema\\\/logo\\\/image\\\/\"},\"sameAs\":[\"https:\\\/\\\/www.facebook.com\\\/anovapeneira\",\"https:\\\/\\\/x.com\\\/APeneira\"]},{\"@type\":\"Person\",\"@id\":\"https:\\\/\\\/www.anovapeneira.gal\\\/#\\\/schema\\\/person\\\/b93e3f8932e3f8da96334607eb6ac6aa\",\"name\":\"Redacci\u00f3n A Nova Peneira\",\"image\":{\"@type\":\"ImageObject\",\"inLanguage\":\"gl-ES\",\"@id\":\"https:\\\/\\\/secure.gravatar.com\\\/avatar\\\/c052a2551a06e23fac63626232eaa90abd78dbcf1700fc46a2b2c89fd27b735f?s=96&d=mm&r=g\",\"url\":\"https:\\\/\\\/secure.gravatar.com\\\/avatar\\\/c052a2551a06e23fac63626232eaa90abd78dbcf1700fc46a2b2c89fd27b735f?s=96&d=mm&r=g\",\"contentUrl\":\"https:\\\/\\\/secure.gravatar.com\\\/avatar\\\/c052a2551a06e23fac63626232eaa90abd78dbcf1700fc46a2b2c89fd27b735f?s=96&d=mm&r=g\",\"caption\":\"Redacci\u00f3n A Nova Peneira\"},\"sameAs\":[\"http:\\\/\\\/www.anovapeneira.gal\\\/\"],\"url\":\"https:\\\/\\\/www.anovapeneira.gal\\\/index.php\\\/author\\\/redactor\\\/\"}]}<\/script>\n<!-- \/ Yoast SEO plugin. -->","yoast_head_json":{"title":"Tomi\u00f1o redese\u00f1a a programaci\u00f3n cultural e xuvenil para este ver\u00e1n -","robots":{"index":"index","follow":"follow","max-snippet":"max-snippet:-1","max-image-preview":"max-image-preview:large","max-video-preview":"max-video-preview:-1"},"canonical":"https:\/\/www.anovapeneira.gal\/index.php\/2020\/07\/03\/tomino-redesena-a-programacion-cultural-e-xuvenil-para-este-veran\/","og_locale":"gl_ES","og_type":"article","og_title":"Tomi\u00f1o redese\u00f1a a programaci\u00f3n cultural e xuvenil para este ver\u00e1n -","og_description":"Actividades de lecer para a mocidade e culturais para todos os p\u00fablicos Tomi\u00f1o, 29 de xu\u00f1o de 2020 O Departamento de Cultura doConcello de Tomi\u00f1o, por mor da pandemia do Coronavirus, tivo que cancelar actuaci\u00f3ns [...]","og_url":"https:\/\/www.anovapeneira.gal\/index.php\/2020\/07\/03\/tomino-redesena-a-programacion-cultural-e-xuvenil-para-este-veran\/","article_publisher":"https:\/\/www.facebook.com\/anovapeneira","article_published_time":"2020-07-03T10:00:09+00:00","article_modified_time":"2020-07-06T05:24:48+00:00","og_image":[{"width":720,"height":432,"url":"https:\/\/www.anovapeneira.gal\/wp-content\/uploads\/2020\/06\/programacion_veran_xuvenil_tominho_a_nova_peneira.jpg","type":"image\/jpeg"}],"author":"Redacci\u00f3n A Nova Peneira","twitter_card":"summary_large_image","twitter_creator":"@APeneira","twitter_site":"@APeneira","twitter_misc":{"Escrito por":"Redacci\u00f3n A Nova Peneira","Tempo de lectura":"4 minutos"},"schema":{"@context":"https:\/\/schema.org","@graph":[{"@type":"Article","@id":"https:\/\/www.anovapeneira.gal\/index.php\/2020\/07\/03\/tomino-redesena-a-programacion-cultural-e-xuvenil-para-este-veran\/#article","isPartOf":{"@id":"https:\/\/www.anovapeneira.gal\/index.php\/2020\/07\/03\/tomino-redesena-a-programacion-cultural-e-xuvenil-para-este-veran\/"},"author":{"name":"Redacci\u00f3n A Nova Peneira","@id":"https:\/\/www.anovapeneira.gal\/#\/schema\/person\/b93e3f8932e3f8da96334607eb6ac6aa"},"headline":"Tomi\u00f1o redese\u00f1a a programaci\u00f3n cultural e xuvenil para este ver\u00e1n","datePublished":"2020-07-03T10:00:09+00:00","dateModified":"2020-07-06T05:24:48+00:00","mainEntityOfPage":{"@id":"https:\/\/www.anovapeneira.gal\/index.php\/2020\/07\/03\/tomino-redesena-a-programacion-cultural-e-xuvenil-para-este-veran\/"},"wordCount":769,"commentCount":0,"publisher":{"@id":"https:\/\/www.anovapeneira.gal\/#organization"},"image":{"@id":"https:\/\/www.anovapeneira.gal\/index.php\/2020\/07\/03\/tomino-redesena-a-programacion-cultural-e-xuvenil-para-este-veran\/#primaryimage"},"thumbnailUrl":"https:\/\/www.anovapeneira.gal\/wp-content\/uploads\/2020\/06\/programacion_veran_xuvenil_tominho_a_nova_peneira.jpg","keywords":["Concello de Tomi\u00f1o","Programaci\u00f3n de ver\u00e1n","Xuvenil"],"articleSection":["Baixo Mi\u00f1o"],"inLanguage":"gl-ES","potentialAction":[{"@type":"CommentAction","name":"Comment","target":["https:\/\/www.anovapeneira.gal\/index.php\/2020\/07\/03\/tomino-redesena-a-programacion-cultural-e-xuvenil-para-este-veran\/#respond"]}]},{"@type":"WebPage","@id":"https:\/\/www.anovapeneira.gal\/index.php\/2020\/07\/03\/tomino-redesena-a-programacion-cultural-e-xuvenil-para-este-veran\/","url":"https:\/\/www.anovapeneira.gal\/index.php\/2020\/07\/03\/tomino-redesena-a-programacion-cultural-e-xuvenil-para-este-veran\/","name":"Tomi\u00f1o redese\u00f1a a programaci\u00f3n cultural e xuvenil para este ver\u00e1n -","isPartOf":{"@id":"https:\/\/www.anovapeneira.gal\/#website"},"primaryImageOfPage":{"@id":"https:\/\/www.anovapeneira.gal\/index.php\/2020\/07\/03\/tomino-redesena-a-programacion-cultural-e-xuvenil-para-este-veran\/#primaryimage"},"image":{"@id":"https:\/\/www.anovapeneira.gal\/index.php\/2020\/07\/03\/tomino-redesena-a-programacion-cultural-e-xuvenil-para-este-veran\/#primaryimage"},"thumbnailUrl":"https:\/\/www.anovapeneira.gal\/wp-content\/uploads\/2020\/06\/programacion_veran_xuvenil_tominho_a_nova_peneira.jpg","datePublished":"2020-07-03T10:00:09+00:00","dateModified":"2020-07-06T05:24:48+00:00","breadcrumb":{"@id":"https:\/\/www.anovapeneira.gal\/index.php\/2020\/07\/03\/tomino-redesena-a-programacion-cultural-e-xuvenil-para-este-veran\/#breadcrumb"},"inLanguage":"gl-ES","potentialAction":[{"@type":"ReadAction","target":["https:\/\/www.anovapeneira.gal\/index.php\/2020\/07\/03\/tomino-redesena-a-programacion-cultural-e-xuvenil-para-este-veran\/"]}]},{"@type":"ImageObject","inLanguage":"gl-ES","@id":"https:\/\/www.anovapeneira.gal\/index.php\/2020\/07\/03\/tomino-redesena-a-programacion-cultural-e-xuvenil-para-este-veran\/#primaryimage","url":"https:\/\/www.anovapeneira.gal\/wp-content\/uploads\/2020\/06\/programacion_veran_xuvenil_tominho_a_nova_peneira.jpg","contentUrl":"https:\/\/www.anovapeneira.gal\/wp-content\/uploads\/2020\/06\/programacion_veran_xuvenil_tominho_a_nova_peneira.jpg","width":720,"height":432,"caption":"Programaci\u00f3n de ver\u00e1n Concello de Tomi\u00f1o Xuvenil A Nova Peneira"},{"@type":"BreadcrumbList","@id":"https:\/\/www.anovapeneira.gal\/index.php\/2020\/07\/03\/tomino-redesena-a-programacion-cultural-e-xuvenil-para-este-veran\/#breadcrumb","itemListElement":[{"@type":"ListItem","position":1,"name":"Portada","item":"https:\/\/www.anovapeneira.gal\/"},{"@type":"ListItem","position":2,"name":"Tomi\u00f1o redese\u00f1a a programaci\u00f3n cultural e xuvenil para este ver\u00e1n"}]},{"@type":"WebSite","@id":"https:\/\/www.anovapeneira.gal\/#website","url":"https:\/\/www.anovapeneira.gal\/","name":"","description":"Xornal galego de informaci\u00f3n xeral Publicaci\u00f3n mensual de novas de Galicia e en especial dos Concellos da sur da provincia de Pontevedra.","publisher":{"@id":"https:\/\/www.anovapeneira.gal\/#organization"},"potentialAction":[{"@type":"SearchAction","target":{"@type":"EntryPoint","urlTemplate":"https:\/\/www.anovapeneira.gal\/?s={search_term_string}"},"query-input":{"@type":"PropertyValueSpecification","valueRequired":true,"valueName":"search_term_string"}}],"inLanguage":"gl-ES"},{"@type":"Organization","@id":"https:\/\/www.anovapeneira.gal\/#organization","name":"A Nova Peneira","url":"https:\/\/www.anovapeneira.gal\/","logo":{"@type":"ImageObject","inLanguage":"gl-ES","@id":"https:\/\/www.anovapeneira.gal\/#\/schema\/logo\/image\/","url":"http:\/\/www.anovapeneira.gal\/wp-content\/uploads\/2019\/06\/logo_a_nova_peneira_portal_web.png","contentUrl":"http:\/\/www.anovapeneira.gal\/wp-content\/uploads\/2019\/06\/logo_a_nova_peneira_portal_web.png","width":300,"height":100,"caption":"A Nova Peneira"},"image":{"@id":"https:\/\/www.anovapeneira.gal\/#\/schema\/logo\/image\/"},"sameAs":["https:\/\/www.facebook.com\/anovapeneira","https:\/\/x.com\/APeneira"]},{"@type":"Person","@id":"https:\/\/www.anovapeneira.gal\/#\/schema\/person\/b93e3f8932e3f8da96334607eb6ac6aa","name":"Redacci\u00f3n A Nova Peneira","image":{"@type":"ImageObject","inLanguage":"gl-ES","@id":"https:\/\/secure.gravatar.com\/avatar\/c052a2551a06e23fac63626232eaa90abd78dbcf1700fc46a2b2c89fd27b735f?s=96&d=mm&r=g","url":"https:\/\/secure.gravatar.com\/avatar\/c052a2551a06e23fac63626232eaa90abd78dbcf1700fc46a2b2c89fd27b735f?s=96&d=mm&r=g","contentUrl":"https:\/\/secure.gravatar.com\/avatar\/c052a2551a06e23fac63626232eaa90abd78dbcf1700fc46a2b2c89fd27b735f?s=96&d=mm&r=g","caption":"Redacci\u00f3n A Nova Peneira"},"sameAs":["http:\/\/www.anovapeneira.gal\/"],"url":"https:\/\/www.anovapeneira.gal\/index.php\/author\/redactor\/"}]}},"jetpack_featured_media_url":"https:\/\/www.anovapeneira.gal\/wp-content\/uploads\/2020\/06\/programacion_veran_xuvenil_tominho_a_nova_peneira.jpg","_links":{"self":[{"href":"https:\/\/www.anovapeneira.gal\/index.php\/wp-json\/wp\/v2\/posts\/3442","targetHints":{"allow":["GET"]}}],"collection":[{"href":"https:\/\/www.anovapeneira.gal\/index.php\/wp-json\/wp\/v2\/posts"}],"about":[{"href":"https:\/\/www.anovapeneira.gal\/index.php\/wp-json\/wp\/v2\/types\/post"}],"author":[{"embeddable":true,"href":"https:\/\/www.anovapeneira.gal\/index.php\/wp-json\/wp\/v2\/users\/3"}],"replies":[{"embeddable":true,"href":"https:\/\/www.anovapeneira.gal\/index.php\/wp-json\/wp\/v2\/comments?post=3442"}],"version-history":[{"count":1,"href":"https:\/\/www.anovapeneira.gal\/index.php\/wp-json\/wp\/v2\/posts\/3442\/revisions"}],"predecessor-version":[{"id":3445,"href":"https:\/\/www.anovapeneira.gal\/index.php\/wp-json\/wp\/v2\/posts\/3442\/revisions\/3445"}],"wp:featuredmedia":[{"embeddable":true,"href":"https:\/\/www.anovapeneira.gal\/index.php\/wp-json\/wp\/v2\/media\/3443"}],"wp:attachment":[{"href":"https:\/\/www.anovapeneira.gal\/index.php\/wp-json\/wp\/v2\/media?parent=3442"}],"wp:term":[{"taxonomy":"category","embeddable":true,"href":"https:\/\/www.anovapeneira.gal\/index.php\/wp-json\/wp\/v2\/categories?post=3442"},{"taxonomy":"post_tag","embeddable":true,"href":"https:\/\/www.anovapeneira.gal\/index.php\/wp-json\/wp\/v2\/tags?post=3442"}],"curies":[{"name":"wp","href":"https:\/\/api.w.org\/{rel}","templated":true}]}}