{"id":3446,"date":"2020-07-06T10:00:15","date_gmt":"2020-07-06T08:00:15","guid":{"rendered":"http:\/\/www.anovapeneira.gal\/?p=3446"},"modified":"2020-06-30T12:07:49","modified_gmt":"2020-06-30T10:07:49","slug":"a-igm-denuncia-a-paralizacion-pola-xunta-da-eliminacion-de-simboloxia-fascista-na-fachada-do-instituto-santa-irene-de-vigo","status":"publish","type":"post","link":"https:\/\/www.anovapeneira.gal\/index.php\/2020\/07\/06\/a-igm-denuncia-a-paralizacion-pola-xunta-da-eliminacion-de-simboloxia-fascista-na-fachada-do-instituto-santa-irene-de-vigo\/","title":{"rendered":"A IGM denuncia a paralizaci\u00f3n pola Xunta da eliminaci\u00f3n de simbolox\u00eda fascista na fachada do instituto Santa Irene de Vigo"},"content":{"rendered":"\n<h2 class=\"wp-block-heading\"><strong>Critican que se considere patrimonio ao fascismo, e entenden que \u00e9 especialmente grave que sexa nun centro de ensino, onde se deben inculcar os valores contrarios<\/strong><\/h2>\n\n\n\n<h4 class=\"wp-block-heading\"><strong>Lembran que o franquismo se caracterizou pola destruci\u00f3n de milleiros de bens materiais e inmateriais do pobo e tam\u00e9n obra de artistas disidentes co totalitarismo<\/strong><\/h4>\n\n\n\n<p><strong>Pontevedra, 29 de xu\u00f1o de 2020<\/strong><\/p>\n\n\n\n<p>A Iniciativa Galega pola Memoria, en todas as xuntanzas dos colectivos memorial\u00edsticos, ten acordado a erradicaci\u00f3n de calquera simbolox\u00eda que enalteza o franquismo e exalte os seus crimes. A s\u00faa insistencia ten dado os seus froitos e acadou alg\u00fans avances, mesmo lexislativos. Mais logo de 45 anos da morte do ditador o colectivo entende \u201cque xa non podemos aceptar m\u00e1is escusas e moito menos a da defensa do Patrimonio, cando precisamente o franquismo se caracterizou ademais pola destruci\u00f3n sistem\u00e1tica de milleiros de bens materiais e inmateriais do noso pobo, e a persecuci\u00f3n e destruci\u00f3n da obra daqueles artistas disidentes do totalitarismo\u201d e nese senso, critica a paralizaci\u00f3n por parte da Xunta de Galicia da eliminaci\u00f3n da simbolox\u00eda fascista na fachada do instituto Santa Irene de Vigo.\u00a0<\/p>\n\n\n\n<p>Lembran desde a IGM que a chamada lei da Memoria Hist\u00f3rica (Lei 52\/2007 de 26 de decembro) no seu artigo 15 establece que as Administraci\u00f3ns deben retirar este tipo de placas e pon como \u00fanica excepci\u00f3n o feito que poida haber \u201craz\u00f3ns art\u00edsticas, arquitect\u00f3nicas ou art\u00edstico-relixiosas protexidas pola lei\u201d. E defenden que a devandita lexislaci\u00f3n, \u201ccon ser t\u00edmida e o seu cumprimento desleixado, non pode ser interpretada, por enriba, a favor de que o escudo franquista sexa considerado en si mesmo como valor hist\u00f3rico ou art\u00edstico, tal como fixo a Xunta de Galiza\u201d. Para o colectivo, unha lectura deste tipo, que considera o emblema do r\u00e9xime, como patrimonio, \u201c\u00e9 un insulto \u00e1s v\u00edtimas do fascismo e ademais cobra especial gravidade ao estar a presidir un centro de ensino, no que debe educarse ao alumnado nos valores democr\u00e1ticos, tolerantes co plurarismo, pacifistas e solidarios contrarios ao que representa o franquismo. A defensa dos dereitos humanos nas aulas queda refutada polo que enxalzan no frontispicio. Pero lonxe de alegar o que representa o significado do bras\u00f3n fascista, a mi\u00fado quen defende a s\u00faa pervivencia acocha os seus verdadeiros intereses baixo desculpas coas que pretenden ga\u00f1ar unha opini\u00f3n p\u00fablica que non aceptar\u00eda os seus obxectivos. Pero estas evasivas non deben distraer a atenci\u00f3n do fundamental: A eliminaci\u00f3n da simbolox\u00eda franquista\u201d.<\/p>\n\n\n\n<p>Por todo iso, os colectivos que compo\u00f1en a IGM esixen da Xunta de Galiza que cumpra esta demanda no caso do Instituto Santa Irene de Vigo.<\/p>\n","protected":false},"excerpt":{"rendered":"<div class=\"mh-excerpt\"><p>Critican que se considere patrimonio ao fascismo, e entenden que \u00e9 especialmente grave que sexa nun centro de ensino, onde se deben inculcar os valores contrarios <a class=\"mh-excerpt-more\" href=\"https:\/\/www.anovapeneira.gal\/index.php\/2020\/07\/06\/a-igm-denuncia-a-paralizacion-pola-xunta-da-eliminacion-de-simboloxia-fascista-na-fachada-do-instituto-santa-irene-de-vigo\/\" title=\"A IGM denuncia a paralizaci\u00f3n pola Xunta da eliminaci\u00f3n de simbolox\u00eda fascista na fachada do instituto Santa Irene de Vigo\">[&#8230;]<\/a><\/p>\n<\/div>","protected":false},"author":3,"featured_media":3447,"comment_status":"open","ping_status":"open","sticky":false,"template":"","format":"standard","meta":{"_exactmetrics_skip_tracking":false,"_exactmetrics_sitenote_active":false,"_exactmetrics_sitenote_note":"","_exactmetrics_sitenote_category":0,"footnotes":""},"categories":[19],"tags":[227,1132,1131],"class_list":{"0":"post-3446","1":"post","2":"type-post","3":"status-publish","4":"format-standard","5":"has-post-thumbnail","7":"category-vigo","8":"tag-concello-de-vigo","9":"tag-instituto-santa-irene","10":"tag-simboloxia-fascista"},"yoast_head":"<!-- This site is optimized with the Yoast SEO plugin v27.4 - https:\/\/yoast.com\/product\/yoast-seo-wordpress\/ -->\n<title>A IGM denuncia a paralizaci\u00f3n pola Xunta da eliminaci\u00f3n de simbolox\u00eda fascista na fachada do instituto Santa Irene de Vigo -<\/title>\n<meta name=\"robots\" content=\"index, follow, max-snippet:-1, max-image-preview:large, max-video-preview:-1\" \/>\n<link rel=\"canonical\" href=\"https:\/\/www.anovapeneira.gal\/index.php\/2020\/07\/06\/a-igm-denuncia-a-paralizacion-pola-xunta-da-eliminacion-de-simboloxia-fascista-na-fachada-do-instituto-santa-irene-de-vigo\/\" \/>\n<meta property=\"og:locale\" content=\"gl_ES\" \/>\n<meta property=\"og:type\" content=\"article\" \/>\n<meta property=\"og:title\" content=\"A IGM denuncia a paralizaci\u00f3n pola Xunta da eliminaci\u00f3n de simbolox\u00eda fascista na fachada do instituto Santa Irene de Vigo -\" \/>\n<meta property=\"og:description\" content=\"Critican que se considere patrimonio ao fascismo, e entenden que \u00e9 especialmente grave que sexa nun centro de ensino, onde se deben inculcar os valores contrarios [...]\" \/>\n<meta property=\"og:url\" content=\"https:\/\/www.anovapeneira.gal\/index.php\/2020\/07\/06\/a-igm-denuncia-a-paralizacion-pola-xunta-da-eliminacion-de-simboloxia-fascista-na-fachada-do-instituto-santa-irene-de-vigo\/\" \/>\n<meta property=\"article:publisher\" content=\"https:\/\/www.facebook.com\/anovapeneira\" \/>\n<meta property=\"article:published_time\" content=\"2020-07-06T08:00:15+00:00\" \/>\n<meta property=\"og:image\" content=\"https:\/\/www.anovapeneira.gal\/wp-content\/uploads\/2020\/06\/ies-santa-irene-simboloxia_fascista_a_nova_peneria.jpg\" \/>\n\t<meta property=\"og:image:width\" content=\"720\" \/>\n\t<meta property=\"og:image:height\" content=\"432\" \/>\n\t<meta property=\"og:image:type\" content=\"image\/jpeg\" \/>\n<meta name=\"author\" content=\"Redacci\u00f3n A Nova Peneira\" \/>\n<meta name=\"twitter:card\" content=\"summary_large_image\" \/>\n<meta name=\"twitter:creator\" content=\"@APeneira\" \/>\n<meta name=\"twitter:site\" content=\"@APeneira\" \/>\n<meta name=\"twitter:label1\" content=\"Escrito por\" \/>\n\t<meta name=\"twitter:data1\" content=\"Redacci\u00f3n A Nova Peneira\" \/>\n\t<meta name=\"twitter:label2\" content=\"Tempo de lectura\" \/>\n\t<meta name=\"twitter:data2\" content=\"2 minutos\" \/>\n<script type=\"application\/ld+json\" class=\"yoast-schema-graph\">{\"@context\":\"https:\\\/\\\/schema.org\",\"@graph\":[{\"@type\":\"Article\",\"@id\":\"https:\\\/\\\/www.anovapeneira.gal\\\/index.php\\\/2020\\\/07\\\/06\\\/a-igm-denuncia-a-paralizacion-pola-xunta-da-eliminacion-de-simboloxia-fascista-na-fachada-do-instituto-santa-irene-de-vigo\\\/#article\",\"isPartOf\":{\"@id\":\"https:\\\/\\\/www.anovapeneira.gal\\\/index.php\\\/2020\\\/07\\\/06\\\/a-igm-denuncia-a-paralizacion-pola-xunta-da-eliminacion-de-simboloxia-fascista-na-fachada-do-instituto-santa-irene-de-vigo\\\/\"},\"author\":{\"name\":\"Redacci\u00f3n A Nova Peneira\",\"@id\":\"https:\\\/\\\/www.anovapeneira.gal\\\/#\\\/schema\\\/person\\\/b93e3f8932e3f8da96334607eb6ac6aa\"},\"headline\":\"A IGM denuncia a paralizaci\u00f3n pola Xunta da eliminaci\u00f3n de simbolox\u00eda fascista na fachada do instituto Santa Irene de Vigo\",\"datePublished\":\"2020-07-06T08:00:15+00:00\",\"mainEntityOfPage\":{\"@id\":\"https:\\\/\\\/www.anovapeneira.gal\\\/index.php\\\/2020\\\/07\\\/06\\\/a-igm-denuncia-a-paralizacion-pola-xunta-da-eliminacion-de-simboloxia-fascista-na-fachada-do-instituto-santa-irene-de-vigo\\\/\"},\"wordCount\":482,\"commentCount\":0,\"publisher\":{\"@id\":\"https:\\\/\\\/www.anovapeneira.gal\\\/#organization\"},\"image\":{\"@id\":\"https:\\\/\\\/www.anovapeneira.gal\\\/index.php\\\/2020\\\/07\\\/06\\\/a-igm-denuncia-a-paralizacion-pola-xunta-da-eliminacion-de-simboloxia-fascista-na-fachada-do-instituto-santa-irene-de-vigo\\\/#primaryimage\"},\"thumbnailUrl\":\"https:\\\/\\\/www.anovapeneira.gal\\\/wp-content\\\/uploads\\\/2020\\\/06\\\/ies-santa-irene-simboloxia_fascista_a_nova_peneria.jpg\",\"keywords\":[\"Concello de Vigo\",\"Instituto Santa Irene\",\"Simbolox\u00eda fascista\"],\"articleSection\":[\"Vigo\"],\"inLanguage\":\"gl-ES\",\"potentialAction\":[{\"@type\":\"CommentAction\",\"name\":\"Comment\",\"target\":[\"https:\\\/\\\/www.anovapeneira.gal\\\/index.php\\\/2020\\\/07\\\/06\\\/a-igm-denuncia-a-paralizacion-pola-xunta-da-eliminacion-de-simboloxia-fascista-na-fachada-do-instituto-santa-irene-de-vigo\\\/#respond\"]}]},{\"@type\":\"WebPage\",\"@id\":\"https:\\\/\\\/www.anovapeneira.gal\\\/index.php\\\/2020\\\/07\\\/06\\\/a-igm-denuncia-a-paralizacion-pola-xunta-da-eliminacion-de-simboloxia-fascista-na-fachada-do-instituto-santa-irene-de-vigo\\\/\",\"url\":\"https:\\\/\\\/www.anovapeneira.gal\\\/index.php\\\/2020\\\/07\\\/06\\\/a-igm-denuncia-a-paralizacion-pola-xunta-da-eliminacion-de-simboloxia-fascista-na-fachada-do-instituto-santa-irene-de-vigo\\\/\",\"name\":\"A IGM denuncia a paralizaci\u00f3n pola Xunta da eliminaci\u00f3n de simbolox\u00eda fascista na fachada do instituto Santa Irene de Vigo -\",\"isPartOf\":{\"@id\":\"https:\\\/\\\/www.anovapeneira.gal\\\/#website\"},\"primaryImageOfPage\":{\"@id\":\"https:\\\/\\\/www.anovapeneira.gal\\\/index.php\\\/2020\\\/07\\\/06\\\/a-igm-denuncia-a-paralizacion-pola-xunta-da-eliminacion-de-simboloxia-fascista-na-fachada-do-instituto-santa-irene-de-vigo\\\/#primaryimage\"},\"image\":{\"@id\":\"https:\\\/\\\/www.anovapeneira.gal\\\/index.php\\\/2020\\\/07\\\/06\\\/a-igm-denuncia-a-paralizacion-pola-xunta-da-eliminacion-de-simboloxia-fascista-na-fachada-do-instituto-santa-irene-de-vigo\\\/#primaryimage\"},\"thumbnailUrl\":\"https:\\\/\\\/www.anovapeneira.gal\\\/wp-content\\\/uploads\\\/2020\\\/06\\\/ies-santa-irene-simboloxia_fascista_a_nova_peneria.jpg\",\"datePublished\":\"2020-07-06T08:00:15+00:00\",\"breadcrumb\":{\"@id\":\"https:\\\/\\\/www.anovapeneira.gal\\\/index.php\\\/2020\\\/07\\\/06\\\/a-igm-denuncia-a-paralizacion-pola-xunta-da-eliminacion-de-simboloxia-fascista-na-fachada-do-instituto-santa-irene-de-vigo\\\/#breadcrumb\"},\"inLanguage\":\"gl-ES\",\"potentialAction\":[{\"@type\":\"ReadAction\",\"target\":[\"https:\\\/\\\/www.anovapeneira.gal\\\/index.php\\\/2020\\\/07\\\/06\\\/a-igm-denuncia-a-paralizacion-pola-xunta-da-eliminacion-de-simboloxia-fascista-na-fachada-do-instituto-santa-irene-de-vigo\\\/\"]}]},{\"@type\":\"ImageObject\",\"inLanguage\":\"gl-ES\",\"@id\":\"https:\\\/\\\/www.anovapeneira.gal\\\/index.php\\\/2020\\\/07\\\/06\\\/a-igm-denuncia-a-paralizacion-pola-xunta-da-eliminacion-de-simboloxia-fascista-na-fachada-do-instituto-santa-irene-de-vigo\\\/#primaryimage\",\"url\":\"https:\\\/\\\/www.anovapeneira.gal\\\/wp-content\\\/uploads\\\/2020\\\/06\\\/ies-santa-irene-simboloxia_fascista_a_nova_peneria.jpg\",\"contentUrl\":\"https:\\\/\\\/www.anovapeneira.gal\\\/wp-content\\\/uploads\\\/2020\\\/06\\\/ies-santa-irene-simboloxia_fascista_a_nova_peneria.jpg\",\"width\":720,\"height\":432,\"caption\":\"IES Santa Irene de Vigo Simbolox\u00eda Fascista A Nova Peneira\"},{\"@type\":\"BreadcrumbList\",\"@id\":\"https:\\\/\\\/www.anovapeneira.gal\\\/index.php\\\/2020\\\/07\\\/06\\\/a-igm-denuncia-a-paralizacion-pola-xunta-da-eliminacion-de-simboloxia-fascista-na-fachada-do-instituto-santa-irene-de-vigo\\\/#breadcrumb\",\"itemListElement\":[{\"@type\":\"ListItem\",\"position\":1,\"name\":\"Portada\",\"item\":\"https:\\\/\\\/www.anovapeneira.gal\\\/\"},{\"@type\":\"ListItem\",\"position\":2,\"name\":\"A IGM denuncia a paralizaci\u00f3n pola Xunta da eliminaci\u00f3n de simbolox\u00eda fascista na fachada do instituto Santa Irene de Vigo\"}]},{\"@type\":\"WebSite\",\"@id\":\"https:\\\/\\\/www.anovapeneira.gal\\\/#website\",\"url\":\"https:\\\/\\\/www.anovapeneira.gal\\\/\",\"name\":\"\",\"description\":\"Xornal galego de informaci\u00f3n xeral Publicaci\u00f3n mensual de novas de Galicia e en especial dos Concellos da sur da provincia de Pontevedra.\",\"publisher\":{\"@id\":\"https:\\\/\\\/www.anovapeneira.gal\\\/#organization\"},\"potentialAction\":[{\"@type\":\"SearchAction\",\"target\":{\"@type\":\"EntryPoint\",\"urlTemplate\":\"https:\\\/\\\/www.anovapeneira.gal\\\/?s={search_term_string}\"},\"query-input\":{\"@type\":\"PropertyValueSpecification\",\"valueRequired\":true,\"valueName\":\"search_term_string\"}}],\"inLanguage\":\"gl-ES\"},{\"@type\":\"Organization\",\"@id\":\"https:\\\/\\\/www.anovapeneira.gal\\\/#organization\",\"name\":\"A Nova Peneira\",\"url\":\"https:\\\/\\\/www.anovapeneira.gal\\\/\",\"logo\":{\"@type\":\"ImageObject\",\"inLanguage\":\"gl-ES\",\"@id\":\"https:\\\/\\\/www.anovapeneira.gal\\\/#\\\/schema\\\/logo\\\/image\\\/\",\"url\":\"http:\\\/\\\/www.anovapeneira.gal\\\/wp-content\\\/uploads\\\/2019\\\/06\\\/logo_a_nova_peneira_portal_web.png\",\"contentUrl\":\"http:\\\/\\\/www.anovapeneira.gal\\\/wp-content\\\/uploads\\\/2019\\\/06\\\/logo_a_nova_peneira_portal_web.png\",\"width\":300,\"height\":100,\"caption\":\"A Nova Peneira\"},\"image\":{\"@id\":\"https:\\\/\\\/www.anovapeneira.gal\\\/#\\\/schema\\\/logo\\\/image\\\/\"},\"sameAs\":[\"https:\\\/\\\/www.facebook.com\\\/anovapeneira\",\"https:\\\/\\\/x.com\\\/APeneira\"]},{\"@type\":\"Person\",\"@id\":\"https:\\\/\\\/www.anovapeneira.gal\\\/#\\\/schema\\\/person\\\/b93e3f8932e3f8da96334607eb6ac6aa\",\"name\":\"Redacci\u00f3n A Nova Peneira\",\"image\":{\"@type\":\"ImageObject\",\"inLanguage\":\"gl-ES\",\"@id\":\"https:\\\/\\\/secure.gravatar.com\\\/avatar\\\/c052a2551a06e23fac63626232eaa90abd78dbcf1700fc46a2b2c89fd27b735f?s=96&d=mm&r=g\",\"url\":\"https:\\\/\\\/secure.gravatar.com\\\/avatar\\\/c052a2551a06e23fac63626232eaa90abd78dbcf1700fc46a2b2c89fd27b735f?s=96&d=mm&r=g\",\"contentUrl\":\"https:\\\/\\\/secure.gravatar.com\\\/avatar\\\/c052a2551a06e23fac63626232eaa90abd78dbcf1700fc46a2b2c89fd27b735f?s=96&d=mm&r=g\",\"caption\":\"Redacci\u00f3n A Nova Peneira\"},\"sameAs\":[\"http:\\\/\\\/www.anovapeneira.gal\\\/\"],\"url\":\"https:\\\/\\\/www.anovapeneira.gal\\\/index.php\\\/author\\\/redactor\\\/\"}]}<\/script>\n<!-- \/ Yoast SEO plugin. -->","yoast_head_json":{"title":"A IGM denuncia a paralizaci\u00f3n pola Xunta da eliminaci\u00f3n de simbolox\u00eda fascista na fachada do instituto Santa Irene de Vigo -","robots":{"index":"index","follow":"follow","max-snippet":"max-snippet:-1","max-image-preview":"max-image-preview:large","max-video-preview":"max-video-preview:-1"},"canonical":"https:\/\/www.anovapeneira.gal\/index.php\/2020\/07\/06\/a-igm-denuncia-a-paralizacion-pola-xunta-da-eliminacion-de-simboloxia-fascista-na-fachada-do-instituto-santa-irene-de-vigo\/","og_locale":"gl_ES","og_type":"article","og_title":"A IGM denuncia a paralizaci\u00f3n pola Xunta da eliminaci\u00f3n de simbolox\u00eda fascista na fachada do instituto Santa Irene de Vigo -","og_description":"Critican que se considere patrimonio ao fascismo, e entenden que \u00e9 especialmente grave que sexa nun centro de ensino, onde se deben inculcar os valores contrarios [...]","og_url":"https:\/\/www.anovapeneira.gal\/index.php\/2020\/07\/06\/a-igm-denuncia-a-paralizacion-pola-xunta-da-eliminacion-de-simboloxia-fascista-na-fachada-do-instituto-santa-irene-de-vigo\/","article_publisher":"https:\/\/www.facebook.com\/anovapeneira","article_published_time":"2020-07-06T08:00:15+00:00","og_image":[{"width":720,"height":432,"url":"https:\/\/www.anovapeneira.gal\/wp-content\/uploads\/2020\/06\/ies-santa-irene-simboloxia_fascista_a_nova_peneria.jpg","type":"image\/jpeg"}],"author":"Redacci\u00f3n A Nova Peneira","twitter_card":"summary_large_image","twitter_creator":"@APeneira","twitter_site":"@APeneira","twitter_misc":{"Escrito por":"Redacci\u00f3n A Nova Peneira","Tempo de lectura":"2 minutos"},"schema":{"@context":"https:\/\/schema.org","@graph":[{"@type":"Article","@id":"https:\/\/www.anovapeneira.gal\/index.php\/2020\/07\/06\/a-igm-denuncia-a-paralizacion-pola-xunta-da-eliminacion-de-simboloxia-fascista-na-fachada-do-instituto-santa-irene-de-vigo\/#article","isPartOf":{"@id":"https:\/\/www.anovapeneira.gal\/index.php\/2020\/07\/06\/a-igm-denuncia-a-paralizacion-pola-xunta-da-eliminacion-de-simboloxia-fascista-na-fachada-do-instituto-santa-irene-de-vigo\/"},"author":{"name":"Redacci\u00f3n A Nova Peneira","@id":"https:\/\/www.anovapeneira.gal\/#\/schema\/person\/b93e3f8932e3f8da96334607eb6ac6aa"},"headline":"A IGM denuncia a paralizaci\u00f3n pola Xunta da eliminaci\u00f3n de simbolox\u00eda fascista na fachada do instituto Santa Irene de Vigo","datePublished":"2020-07-06T08:00:15+00:00","mainEntityOfPage":{"@id":"https:\/\/www.anovapeneira.gal\/index.php\/2020\/07\/06\/a-igm-denuncia-a-paralizacion-pola-xunta-da-eliminacion-de-simboloxia-fascista-na-fachada-do-instituto-santa-irene-de-vigo\/"},"wordCount":482,"commentCount":0,"publisher":{"@id":"https:\/\/www.anovapeneira.gal\/#organization"},"image":{"@id":"https:\/\/www.anovapeneira.gal\/index.php\/2020\/07\/06\/a-igm-denuncia-a-paralizacion-pola-xunta-da-eliminacion-de-simboloxia-fascista-na-fachada-do-instituto-santa-irene-de-vigo\/#primaryimage"},"thumbnailUrl":"https:\/\/www.anovapeneira.gal\/wp-content\/uploads\/2020\/06\/ies-santa-irene-simboloxia_fascista_a_nova_peneria.jpg","keywords":["Concello de Vigo","Instituto Santa Irene","Simbolox\u00eda fascista"],"articleSection":["Vigo"],"inLanguage":"gl-ES","potentialAction":[{"@type":"CommentAction","name":"Comment","target":["https:\/\/www.anovapeneira.gal\/index.php\/2020\/07\/06\/a-igm-denuncia-a-paralizacion-pola-xunta-da-eliminacion-de-simboloxia-fascista-na-fachada-do-instituto-santa-irene-de-vigo\/#respond"]}]},{"@type":"WebPage","@id":"https:\/\/www.anovapeneira.gal\/index.php\/2020\/07\/06\/a-igm-denuncia-a-paralizacion-pola-xunta-da-eliminacion-de-simboloxia-fascista-na-fachada-do-instituto-santa-irene-de-vigo\/","url":"https:\/\/www.anovapeneira.gal\/index.php\/2020\/07\/06\/a-igm-denuncia-a-paralizacion-pola-xunta-da-eliminacion-de-simboloxia-fascista-na-fachada-do-instituto-santa-irene-de-vigo\/","name":"A IGM denuncia a paralizaci\u00f3n pola Xunta da eliminaci\u00f3n de simbolox\u00eda fascista na fachada do instituto Santa Irene de Vigo -","isPartOf":{"@id":"https:\/\/www.anovapeneira.gal\/#website"},"primaryImageOfPage":{"@id":"https:\/\/www.anovapeneira.gal\/index.php\/2020\/07\/06\/a-igm-denuncia-a-paralizacion-pola-xunta-da-eliminacion-de-simboloxia-fascista-na-fachada-do-instituto-santa-irene-de-vigo\/#primaryimage"},"image":{"@id":"https:\/\/www.anovapeneira.gal\/index.php\/2020\/07\/06\/a-igm-denuncia-a-paralizacion-pola-xunta-da-eliminacion-de-simboloxia-fascista-na-fachada-do-instituto-santa-irene-de-vigo\/#primaryimage"},"thumbnailUrl":"https:\/\/www.anovapeneira.gal\/wp-content\/uploads\/2020\/06\/ies-santa-irene-simboloxia_fascista_a_nova_peneria.jpg","datePublished":"2020-07-06T08:00:15+00:00","breadcrumb":{"@id":"https:\/\/www.anovapeneira.gal\/index.php\/2020\/07\/06\/a-igm-denuncia-a-paralizacion-pola-xunta-da-eliminacion-de-simboloxia-fascista-na-fachada-do-instituto-santa-irene-de-vigo\/#breadcrumb"},"inLanguage":"gl-ES","potentialAction":[{"@type":"ReadAction","target":["https:\/\/www.anovapeneira.gal\/index.php\/2020\/07\/06\/a-igm-denuncia-a-paralizacion-pola-xunta-da-eliminacion-de-simboloxia-fascista-na-fachada-do-instituto-santa-irene-de-vigo\/"]}]},{"@type":"ImageObject","inLanguage":"gl-ES","@id":"https:\/\/www.anovapeneira.gal\/index.php\/2020\/07\/06\/a-igm-denuncia-a-paralizacion-pola-xunta-da-eliminacion-de-simboloxia-fascista-na-fachada-do-instituto-santa-irene-de-vigo\/#primaryimage","url":"https:\/\/www.anovapeneira.gal\/wp-content\/uploads\/2020\/06\/ies-santa-irene-simboloxia_fascista_a_nova_peneria.jpg","contentUrl":"https:\/\/www.anovapeneira.gal\/wp-content\/uploads\/2020\/06\/ies-santa-irene-simboloxia_fascista_a_nova_peneria.jpg","width":720,"height":432,"caption":"IES Santa Irene de Vigo Simbolox\u00eda Fascista A Nova Peneira"},{"@type":"BreadcrumbList","@id":"https:\/\/www.anovapeneira.gal\/index.php\/2020\/07\/06\/a-igm-denuncia-a-paralizacion-pola-xunta-da-eliminacion-de-simboloxia-fascista-na-fachada-do-instituto-santa-irene-de-vigo\/#breadcrumb","itemListElement":[{"@type":"ListItem","position":1,"name":"Portada","item":"https:\/\/www.anovapeneira.gal\/"},{"@type":"ListItem","position":2,"name":"A IGM denuncia a paralizaci\u00f3n pola Xunta da eliminaci\u00f3n de simbolox\u00eda fascista na fachada do instituto Santa Irene de Vigo"}]},{"@type":"WebSite","@id":"https:\/\/www.anovapeneira.gal\/#website","url":"https:\/\/www.anovapeneira.gal\/","name":"","description":"Xornal galego de informaci\u00f3n xeral Publicaci\u00f3n mensual de novas de Galicia e en especial dos Concellos da sur da provincia de Pontevedra.","publisher":{"@id":"https:\/\/www.anovapeneira.gal\/#organization"},"potentialAction":[{"@type":"SearchAction","target":{"@type":"EntryPoint","urlTemplate":"https:\/\/www.anovapeneira.gal\/?s={search_term_string}"},"query-input":{"@type":"PropertyValueSpecification","valueRequired":true,"valueName":"search_term_string"}}],"inLanguage":"gl-ES"},{"@type":"Organization","@id":"https:\/\/www.anovapeneira.gal\/#organization","name":"A Nova Peneira","url":"https:\/\/www.anovapeneira.gal\/","logo":{"@type":"ImageObject","inLanguage":"gl-ES","@id":"https:\/\/www.anovapeneira.gal\/#\/schema\/logo\/image\/","url":"http:\/\/www.anovapeneira.gal\/wp-content\/uploads\/2019\/06\/logo_a_nova_peneira_portal_web.png","contentUrl":"http:\/\/www.anovapeneira.gal\/wp-content\/uploads\/2019\/06\/logo_a_nova_peneira_portal_web.png","width":300,"height":100,"caption":"A Nova Peneira"},"image":{"@id":"https:\/\/www.anovapeneira.gal\/#\/schema\/logo\/image\/"},"sameAs":["https:\/\/www.facebook.com\/anovapeneira","https:\/\/x.com\/APeneira"]},{"@type":"Person","@id":"https:\/\/www.anovapeneira.gal\/#\/schema\/person\/b93e3f8932e3f8da96334607eb6ac6aa","name":"Redacci\u00f3n A Nova Peneira","image":{"@type":"ImageObject","inLanguage":"gl-ES","@id":"https:\/\/secure.gravatar.com\/avatar\/c052a2551a06e23fac63626232eaa90abd78dbcf1700fc46a2b2c89fd27b735f?s=96&d=mm&r=g","url":"https:\/\/secure.gravatar.com\/avatar\/c052a2551a06e23fac63626232eaa90abd78dbcf1700fc46a2b2c89fd27b735f?s=96&d=mm&r=g","contentUrl":"https:\/\/secure.gravatar.com\/avatar\/c052a2551a06e23fac63626232eaa90abd78dbcf1700fc46a2b2c89fd27b735f?s=96&d=mm&r=g","caption":"Redacci\u00f3n A Nova Peneira"},"sameAs":["http:\/\/www.anovapeneira.gal\/"],"url":"https:\/\/www.anovapeneira.gal\/index.php\/author\/redactor\/"}]}},"jetpack_featured_media_url":"https:\/\/www.anovapeneira.gal\/wp-content\/uploads\/2020\/06\/ies-santa-irene-simboloxia_fascista_a_nova_peneria.jpg","_links":{"self":[{"href":"https:\/\/www.anovapeneira.gal\/index.php\/wp-json\/wp\/v2\/posts\/3446","targetHints":{"allow":["GET"]}}],"collection":[{"href":"https:\/\/www.anovapeneira.gal\/index.php\/wp-json\/wp\/v2\/posts"}],"about":[{"href":"https:\/\/www.anovapeneira.gal\/index.php\/wp-json\/wp\/v2\/types\/post"}],"author":[{"embeddable":true,"href":"https:\/\/www.anovapeneira.gal\/index.php\/wp-json\/wp\/v2\/users\/3"}],"replies":[{"embeddable":true,"href":"https:\/\/www.anovapeneira.gal\/index.php\/wp-json\/wp\/v2\/comments?post=3446"}],"version-history":[{"count":1,"href":"https:\/\/www.anovapeneira.gal\/index.php\/wp-json\/wp\/v2\/posts\/3446\/revisions"}],"predecessor-version":[{"id":3448,"href":"https:\/\/www.anovapeneira.gal\/index.php\/wp-json\/wp\/v2\/posts\/3446\/revisions\/3448"}],"wp:featuredmedia":[{"embeddable":true,"href":"https:\/\/www.anovapeneira.gal\/index.php\/wp-json\/wp\/v2\/media\/3447"}],"wp:attachment":[{"href":"https:\/\/www.anovapeneira.gal\/index.php\/wp-json\/wp\/v2\/media?parent=3446"}],"wp:term":[{"taxonomy":"category","embeddable":true,"href":"https:\/\/www.anovapeneira.gal\/index.php\/wp-json\/wp\/v2\/categories?post=3446"},{"taxonomy":"post_tag","embeddable":true,"href":"https:\/\/www.anovapeneira.gal\/index.php\/wp-json\/wp\/v2\/tags?post=3446"}],"curies":[{"name":"wp","href":"https:\/\/api.w.org\/{rel}","templated":true}]}}