{"id":3449,"date":"2020-07-06T12:00:22","date_gmt":"2020-07-06T10:00:22","guid":{"rendered":"http:\/\/www.anovapeneira.gal\/?p=3449"},"modified":"2020-07-06T23:36:34","modified_gmt":"2020-07-06T21:36:34","slug":"decimo-noveno-fragmento-do-diario-de-senlua-arraiana","status":"publish","type":"post","link":"https:\/\/www.anovapeneira.gal\/index.php\/2020\/07\/06\/decimo-noveno-fragmento-do-diario-de-senlua-arraiana\/","title":{"rendered":"D\u00e9cimo Noveno fragmento do diario de Senl\u00faa Arraiana"},"content":{"rendered":"\n<h2 class=\"wp-block-heading\"><strong>A \u00c1RBORE DE PEDRA<\/strong><\/h2>\n\n\n\n<figure class=\"wp-block-image size-large is-resized is-style-default\"><img loading=\"lazy\" decoding=\"async\" src=\"http:\/\/www.anovapeneira.gal\/wp-content\/uploads\/2019\/07\/cristobal_a_nova_peneira.jpg\" alt=\"Crist\u00f3bal L\u00f3pez A Nova Peneira\" class=\"wp-image-555\" width=\"95\" height=\"111\"\/><figcaption>Crist\u00f3bal L\u00f3pez Pazo | Comuneiro dos montes de Tameiga, militante de anticapitalistas, ecoloxista en acci\u00f3n e veci\u00f1o constitu\u00ednte da asemblea veci\u00f1al ga\u00f1aM\u00f3s<\/figcaption><\/figure>\n\n\n\n<div class=\"wp-block-columns is-layout-flex wp-container-core-columns-is-layout-9d6595d7 wp-block-columns-is-layout-flex\">\n<div class=\"wp-block-column is-layout-flow wp-block-column-is-layout-flow\">\n<figure class=\"wp-block-image size-large is-resized is-style-default\"><img loading=\"lazy\" decoding=\"async\" src=\"http:\/\/www.anovapeneira.gal\/wp-content\/uploads\/2019\/08\/senlua_arraiana_2135.jpg\" alt=\"\" class=\"wp-image-877\" width=\"276\" height=\"322\" srcset=\"https:\/\/www.anovapeneira.gal\/wp-content\/uploads\/2019\/08\/senlua_arraiana_2135.jpg 700w, https:\/\/www.anovapeneira.gal\/wp-content\/uploads\/2019\/08\/senlua_arraiana_2135-257x300.jpg 257w\" sizes=\"auto, (max-width: 276px) 100vw, 276px\" \/><\/figure>\n<\/div>\n\n\n\n<div class=\"wp-block-column is-layout-flow wp-block-column-is-layout-flow\">\n<p><strong><em>Este d\u00e9cimo noveno fragmento do diario de Senl\u00faa Arraiana foi recuperado e adiantado ao noso tempo por Noitepedralonga, fiel camarada do av\u00f3 da futura l\u00edder da resistencia arraiana<\/em><\/strong><\/p>\n<\/div>\n<\/div>\n\n\n\n<p>As reservas de auga esgot\u00e1ranse onte e xa se notaba a extenuaci\u00f3n no arrastrar dos p\u00e9s da maior\u00eda dos integrantes da expedici\u00f3n. Levaba un bo rato intentando conxurar os meus pensamentos m\u00e1is agoreros cando atopeime de bruces coa \u00e1rbore de pedra. O meu berro tardo en abrirse paso pola mi\u00f1a reseca gorxa. A saber que criaturas da sequedade habitan al\u00ed.&nbsp;<\/p>\n\n\n\n<p>Agardei uns intres a que se achegaran todas a cabeceira da caravana e cun hilo de voz anunciei ao resto que a poucas millas atopar\u00edamos auga, que detr\u00e1s dos outeiros estaba o noso oasis. Reparei nas caras de incredulidade as\u00ed que apresureime a explicarllo. A \u00e1rbore de pedra aparec\u00eda no informe da patrulla rese\u00f1ado como un sinal de bo augurio, xa que ao d\u00eda seguinte atoparon uns manancias que dotaban de auga a unha pequena poza creando unha illa de verdor. <\/p>\n\n\n\n<p>Todo estaba perfectamente descrito con detalle no informe. Fixen unha anotaci\u00f3n mental de solicitarlle a Prusiana unha menci\u00f3n para o desco\u00f1ecido tenente.\u00a0<\/p>\n\n\n\n<p>Calquera d\u00fabida que albergara o grupo sobre o meu relato disipouse ao instante de escoitar a voz de Gataparda, -arreando que quero ba\u00f1arme antes de tomar o t\u00e9.&nbsp;<\/p>\n\n\n\n<p>Quedeime uns intres contemplando aquel p\u00e9treo capricho da natureza e logo avivei o paso para alcanzar ao resto que cami\u00f1aban con recobrados folgos. Non tardamos en chegar ao oasis e menos en mergullarnos na poza. Foi como a vida se abrira paso a trav\u00e9s de n\u00f3s, a sensaci\u00f3n de xeito foi tan intensa que m\u00e1is dunha tivo que conter as b\u00e1goas. Durante uns minutos dimos renda solta ao noso regocixo participando en xogos acu\u00e1ticos m\u00e1is propios de preadolescentes que dunhas veteranas milicianas.&nbsp;<\/p>\n\n\n\n<p>Cando a madurez pareceu que volv\u00eda a imperar propuxen xantar algo e achegarnos ao poboado, segundo o informe atop\u00e1base moi preto do manancial. Levabamos un rato largo cami\u00f1ando cara o poboado cando atopamos un muro de pedra. Estra\u00f1oume que no informe non se mencionara o muro, m\u00e1is coa extensi\u00f3n que parec\u00eda ter, non se divisaba nin o principio nin o fin. Pero o informe estaba cheo de incoherencias, como feito a retazos inconexos despois de que atoparan o oasis.&nbsp;<\/p>\n\n\n\n<p>O muro parec\u00eda a barbacana defensiva dunha cidade. Non era m\u00e1is alto que unha persoa nin m\u00e1is ancho que un paso longo. Pod\u00edamos saltalo doadamente pero nembargantes todas preferimos atravesalo por un angosto buraco que casualmente hab\u00eda nel moi preto onde est\u00e1bamos.&nbsp;<\/p>\n\n\n\n<p>Foi como atravesar un muro que separaba dous mundos. Parec\u00eda que penetraramos noutra dimensi\u00f3n na que eramos marionetas do noso destino. Seguimos avanzando nun sepulcral silencio e moi despacio, como se a cada paso tiveramos que facer un esforzo para garantir o equilibrio dos nosos corpos.\u00a0<\/p>\n\n\n\n<p>Canto m\u00e1is avanzabamos m\u00e1is forte era a mi\u00f1a sensaci\u00f3n de deja vu que anulaba totalmente a mi\u00f1a vontade, como se o meu propio destino se autonomizara e deixara de contar conmigo. Non sei canto tempo levar\u00edamos andando cando da nada apareceuse Hocus Pocus como se estivera al\u00ed desde o principio dos tempos. Un aceno asomou na s\u00faa impert\u00e9rrita faciana. Non sei a que distancia estaba Gataparda pero Hocus Pocus extirou o seu brazo, tomou a s\u00faa cara coa man, alumi\u00f1ouna e mir\u00e1ndoa cariacontecida pronunciou o nome de Gataparda co cari\u00f1o incombustible dunha avoa. De s\u00fapeto acortouse toda a distancia que nos separaba. Perd\u00edn grotescamente o equilibrio e as p\u00e1lpebras pesabanme horrores pero puiden ver unha horda de sombras que xurd\u00edan detr\u00e1s de Hocus Pocus.&nbsp;<\/p>\n\n\n\n<p>Esperteime aturdida, intentei incorporarme do xerg\u00f3n onde estaba postrada pero foi como se algu\u00e9n xogara aos bolos coa mi\u00f1a cachola. Non entend\u00eda nada do que estaba sucedendo e me estaba deslizando sen remisi\u00f3n a un ataque de nervios. Unha inesperada voz acudiu ao meu auxilio, aferreime tanto a ela que tardei uns intres en abrir os ollos ante o temor de que non fora m\u00e1is que unha creaci\u00f3n do meu delirio. Avicena, al\u00ed estaba en fronte mi\u00f1a apaciguando os meus demonios co seu sorriso. Alarguei o brazo hac\u00eda el, Avicena estreitou a mi\u00f1a man pensando que quer\u00eda saudarlle pero realmente s\u00f3 quer\u00eda comprobar que era de carne e oso. Entregoume unha cunca cun l\u00edquido viscoso dun cheiro nauseabundo e conminoume a bebelo a sorbos. -\u00c9 un reconstituiente e anular\u00e1 os efectos da droga, bebeo despacio, moi despacio-, ignorei a s\u00faa recomendaci\u00f3n, aquilo s\u00f3 hab\u00eda un xeito de bebelo, dun trago.&nbsp;&nbsp;<\/p>\n\n\n\n<p>-Drogas? Qu\u00e9 drogas?- preguntei unha vez apurado o maldito brevaxe. \u00cda continuar o meu interrogatorio cando unha imp\u00fadica sinfon\u00eda de borborigmos manou do meu est\u00f3mago. -Advertinche que o beberas despacio-, pero a s\u00faa cara reflict\u00eda que estaba divirti\u00e9ndose coa situaci\u00f3n.&nbsp;<\/p>\n\n\n\n<p>Non tivo compasi\u00f3n algunha e ficou al\u00ed mal disimulando as s\u00faas ostentoreas gargalladas tapando a boca coa man mentres o rubor incendiaba a mi\u00f1a faciana. Non me atrev\u00edn a falar at\u00e9 que acougou a mi\u00f1a fanfarria estomacal. -A qu\u00e9 te refer\u00edas con drogas? &#8211; o brevaxe surt\u00eda efecto e notaba a mente despexada.&nbsp;<\/p>\n\n\n\n<p>O manacial estaba contaminado cunha substancia alucin\u00f3xena. As\u00ed evitaban visitas indeseables ao poboado. -Todos os intrusos se obcecan por entrar por ese rid\u00edculo buraco e rematan de xeonllos ante Hocus Pocus-, coa mi\u00f1a mirada deixeille claro que non compart\u00eda o ton festivo da s\u00faa explicaci\u00f3n.&nbsp;<\/p>\n\n\n\n<p>-Nunca volverei a crer na\u00a0maxia,\u00a0 e non cho perdonarei xam\u00e1is, Avicena, endexm\u00e1is! &#8211; sentenciei torcendo o xesto para darlle carga dram\u00e1tica pero observando polo rabillo do ollo se Avicena entend\u00eda a iron\u00eda. Entre gargalladas respostoume con otra imitaci\u00f3n -arraianos, equivoqueime, o sinto moito , non volver\u00e1 a ocurrir-,\u00a0 impostando a perfecci\u00f3n unha voz de calaveira.\u00a0<\/p>\n\n\n\n<p>Para cando vi\u00f1eron a buscarme para a cea, xa estaba completamente resposta,&nbsp; incluso plet\u00f3rica de enerx\u00edas sen\u00f3n fora porque confiaba en Avicena, dir\u00eda que aquel brevaxe ti\u00f1a algo m\u00e1is que vitaminas.&nbsp;&nbsp;<\/p>\n\n\n\n<p>Avicena e Gataparda f\u00edxeronme acenos coa man indic\u00e1ndome que me gardaban un sitio ao seu car\u00f3n. Xunteime a eles naquel enorme corro. Todo o poboado sentado no chan, homes e mulleres, miudos e anci\u00e1ns. No medio do corro un grupo de xoves encarg\u00e1base de preparar as viandas sobre as brasas. Tras unha r\u00e1pida inspecci\u00f3n ocular tranquiliceime, todo era a base de verduras e froita. Hab\u00eda \u00e1nforas cun licor doce e suave, semellante ao augamel pero eu non ti\u00f1a o corpo para outra, as\u00ed que servinme das xarras de zumo dos miudos. Naquel lugar calquera l\u00edquido menos auga.&nbsp;<\/p>\n\n\n\n<p>Todo o mundo compart\u00eda a ledicia do momento. Os Puxeiros por atopar ao seu principal gur\u00fa ideol\u00f3xico, Gataparda por estar coa s\u00faa avoa, Hocus Pocus polo dobre reencontr\u00f3. Os membros da nosa escolta estiveran fanfarroneando a ver quen tomaba m\u00e1is brevaxe e agora estaban m\u00e1is sobrescitadas que nadie. Logo terei unhas palabras con Avicena polas s\u00faas vitaminas especiais.\u00a0<\/p>\n\n\n\n<p>E a xenti\u00f1a do poboado era feliz porque as\u00ed viv\u00edan eles, felices e en plena armon\u00eda coa natureza.&nbsp;<\/p>\n","protected":false},"excerpt":{"rendered":"<div class=\"mh-excerpt\"><p>Este d\u00e9cimo noveno fragmento do diario de Senl\u00faa Arraiana foi recuperado e adiantado ao noso tempo por Noitepedralonga, fiel camarada do av\u00f3 da futura l\u00edder da resistencia arraiana <a class=\"mh-excerpt-more\" href=\"https:\/\/www.anovapeneira.gal\/index.php\/2020\/07\/06\/decimo-noveno-fragmento-do-diario-de-senlua-arraiana\/\" title=\"D\u00e9cimo Noveno fragmento do diario de Senl\u00faa Arraiana\">[&#8230;]<\/a><\/p>\n<\/div>","protected":false},"author":13,"featured_media":3450,"comment_status":"open","ping_status":"open","sticky":false,"template":"","format":"standard","meta":{"_exactmetrics_skip_tracking":false,"_exactmetrics_sitenote_active":false,"_exactmetrics_sitenote_note":"","_exactmetrics_sitenote_category":0,"footnotes":""},"categories":[7],"tags":[235],"class_list":{"0":"post-3449","1":"post","2":"type-post","3":"status-publish","4":"format-standard","5":"has-post-thumbnail","7":"category-artigos-de-opinion","8":"tag-senlua-arraiana"},"yoast_head":"<!-- This site is optimized with the Yoast SEO plugin v27.4 - https:\/\/yoast.com\/product\/yoast-seo-wordpress\/ -->\n<title>D\u00e9cimo Noveno fragmento do diario de Senl\u00faa Arraiana -<\/title>\n<meta name=\"robots\" content=\"index, follow, max-snippet:-1, max-image-preview:large, max-video-preview:-1\" \/>\n<link rel=\"canonical\" href=\"https:\/\/www.anovapeneira.gal\/index.php\/2020\/07\/06\/decimo-noveno-fragmento-do-diario-de-senlua-arraiana\/\" \/>\n<meta property=\"og:locale\" content=\"gl_ES\" \/>\n<meta property=\"og:type\" content=\"article\" \/>\n<meta property=\"og:title\" content=\"D\u00e9cimo Noveno fragmento do diario de Senl\u00faa Arraiana -\" \/>\n<meta property=\"og:description\" content=\"Este d\u00e9cimo noveno fragmento do diario de Senl\u00faa Arraiana foi recuperado e adiantado ao noso tempo por Noitepedralonga, fiel camarada do av\u00f3 da futura l\u00edder da resistencia arraiana [...]\" \/>\n<meta property=\"og:url\" content=\"https:\/\/www.anovapeneira.gal\/index.php\/2020\/07\/06\/decimo-noveno-fragmento-do-diario-de-senlua-arraiana\/\" \/>\n<meta property=\"article:publisher\" content=\"https:\/\/www.facebook.com\/anovapeneira\" \/>\n<meta property=\"article:published_time\" content=\"2020-07-06T10:00:22+00:00\" \/>\n<meta property=\"article:modified_time\" content=\"2020-07-06T21:36:34+00:00\" \/>\n<meta property=\"og:image\" content=\"https:\/\/www.anovapeneira.gal\/wp-content\/uploads\/2020\/07\/sen_lua_arraiana_a_nova_peneira_19.jpg\" \/>\n\t<meta property=\"og:image:width\" content=\"720\" \/>\n\t<meta property=\"og:image:height\" content=\"432\" \/>\n\t<meta property=\"og:image:type\" content=\"image\/jpeg\" \/>\n<meta name=\"author\" content=\"Cristobal L\u00f3pez\" \/>\n<meta name=\"twitter:card\" content=\"summary_large_image\" \/>\n<meta name=\"twitter:creator\" content=\"@APeneira\" \/>\n<meta name=\"twitter:site\" content=\"@APeneira\" \/>\n<meta name=\"twitter:label1\" content=\"Escrito por\" \/>\n\t<meta name=\"twitter:data1\" content=\"Cristobal L\u00f3pez\" \/>\n\t<meta name=\"twitter:label2\" content=\"Tempo de lectura\" \/>\n\t<meta name=\"twitter:data2\" content=\"7 minutos\" \/>\n<script type=\"application\/ld+json\" class=\"yoast-schema-graph\">{\"@context\":\"https:\\\/\\\/schema.org\",\"@graph\":[{\"@type\":\"Article\",\"@id\":\"https:\\\/\\\/www.anovapeneira.gal\\\/index.php\\\/2020\\\/07\\\/06\\\/decimo-noveno-fragmento-do-diario-de-senlua-arraiana\\\/#article\",\"isPartOf\":{\"@id\":\"https:\\\/\\\/www.anovapeneira.gal\\\/index.php\\\/2020\\\/07\\\/06\\\/decimo-noveno-fragmento-do-diario-de-senlua-arraiana\\\/\"},\"author\":{\"name\":\"Cristobal L\u00f3pez\",\"@id\":\"https:\\\/\\\/www.anovapeneira.gal\\\/#\\\/schema\\\/person\\\/45b3df2338e4d898b7616809f9c5906c\"},\"headline\":\"D\u00e9cimo Noveno fragmento do diario de Senl\u00faa Arraiana\",\"datePublished\":\"2020-07-06T10:00:22+00:00\",\"dateModified\":\"2020-07-06T21:36:34+00:00\",\"mainEntityOfPage\":{\"@id\":\"https:\\\/\\\/www.anovapeneira.gal\\\/index.php\\\/2020\\\/07\\\/06\\\/decimo-noveno-fragmento-do-diario-de-senlua-arraiana\\\/\"},\"wordCount\":1329,\"commentCount\":0,\"publisher\":{\"@id\":\"https:\\\/\\\/www.anovapeneira.gal\\\/#organization\"},\"image\":{\"@id\":\"https:\\\/\\\/www.anovapeneira.gal\\\/index.php\\\/2020\\\/07\\\/06\\\/decimo-noveno-fragmento-do-diario-de-senlua-arraiana\\\/#primaryimage\"},\"thumbnailUrl\":\"https:\\\/\\\/www.anovapeneira.gal\\\/wp-content\\\/uploads\\\/2020\\\/07\\\/sen_lua_arraiana_a_nova_peneira_19.jpg\",\"keywords\":[\"Senl\u00faa Arraiana\"],\"articleSection\":[\"Artigos de opini\u00f3n\"],\"inLanguage\":\"gl-ES\",\"potentialAction\":[{\"@type\":\"CommentAction\",\"name\":\"Comment\",\"target\":[\"https:\\\/\\\/www.anovapeneira.gal\\\/index.php\\\/2020\\\/07\\\/06\\\/decimo-noveno-fragmento-do-diario-de-senlua-arraiana\\\/#respond\"]}]},{\"@type\":\"WebPage\",\"@id\":\"https:\\\/\\\/www.anovapeneira.gal\\\/index.php\\\/2020\\\/07\\\/06\\\/decimo-noveno-fragmento-do-diario-de-senlua-arraiana\\\/\",\"url\":\"https:\\\/\\\/www.anovapeneira.gal\\\/index.php\\\/2020\\\/07\\\/06\\\/decimo-noveno-fragmento-do-diario-de-senlua-arraiana\\\/\",\"name\":\"D\u00e9cimo Noveno fragmento do diario de Senl\u00faa Arraiana -\",\"isPartOf\":{\"@id\":\"https:\\\/\\\/www.anovapeneira.gal\\\/#website\"},\"primaryImageOfPage\":{\"@id\":\"https:\\\/\\\/www.anovapeneira.gal\\\/index.php\\\/2020\\\/07\\\/06\\\/decimo-noveno-fragmento-do-diario-de-senlua-arraiana\\\/#primaryimage\"},\"image\":{\"@id\":\"https:\\\/\\\/www.anovapeneira.gal\\\/index.php\\\/2020\\\/07\\\/06\\\/decimo-noveno-fragmento-do-diario-de-senlua-arraiana\\\/#primaryimage\"},\"thumbnailUrl\":\"https:\\\/\\\/www.anovapeneira.gal\\\/wp-content\\\/uploads\\\/2020\\\/07\\\/sen_lua_arraiana_a_nova_peneira_19.jpg\",\"datePublished\":\"2020-07-06T10:00:22+00:00\",\"dateModified\":\"2020-07-06T21:36:34+00:00\",\"breadcrumb\":{\"@id\":\"https:\\\/\\\/www.anovapeneira.gal\\\/index.php\\\/2020\\\/07\\\/06\\\/decimo-noveno-fragmento-do-diario-de-senlua-arraiana\\\/#breadcrumb\"},\"inLanguage\":\"gl-ES\",\"potentialAction\":[{\"@type\":\"ReadAction\",\"target\":[\"https:\\\/\\\/www.anovapeneira.gal\\\/index.php\\\/2020\\\/07\\\/06\\\/decimo-noveno-fragmento-do-diario-de-senlua-arraiana\\\/\"]}]},{\"@type\":\"ImageObject\",\"inLanguage\":\"gl-ES\",\"@id\":\"https:\\\/\\\/www.anovapeneira.gal\\\/index.php\\\/2020\\\/07\\\/06\\\/decimo-noveno-fragmento-do-diario-de-senlua-arraiana\\\/#primaryimage\",\"url\":\"https:\\\/\\\/www.anovapeneira.gal\\\/wp-content\\\/uploads\\\/2020\\\/07\\\/sen_lua_arraiana_a_nova_peneira_19.jpg\",\"contentUrl\":\"https:\\\/\\\/www.anovapeneira.gal\\\/wp-content\\\/uploads\\\/2020\\\/07\\\/sen_lua_arraiana_a_nova_peneira_19.jpg\",\"width\":720,\"height\":432,\"caption\":\"Senl\u00faa Arraiana\"},{\"@type\":\"BreadcrumbList\",\"@id\":\"https:\\\/\\\/www.anovapeneira.gal\\\/index.php\\\/2020\\\/07\\\/06\\\/decimo-noveno-fragmento-do-diario-de-senlua-arraiana\\\/#breadcrumb\",\"itemListElement\":[{\"@type\":\"ListItem\",\"position\":1,\"name\":\"Portada\",\"item\":\"https:\\\/\\\/www.anovapeneira.gal\\\/\"},{\"@type\":\"ListItem\",\"position\":2,\"name\":\"D\u00e9cimo Noveno fragmento do diario de Senl\u00faa Arraiana\"}]},{\"@type\":\"WebSite\",\"@id\":\"https:\\\/\\\/www.anovapeneira.gal\\\/#website\",\"url\":\"https:\\\/\\\/www.anovapeneira.gal\\\/\",\"name\":\"\",\"description\":\"Xornal galego de informaci\u00f3n xeral Publicaci\u00f3n mensual de novas de Galicia e en especial dos Concellos da sur da provincia de Pontevedra.\",\"publisher\":{\"@id\":\"https:\\\/\\\/www.anovapeneira.gal\\\/#organization\"},\"potentialAction\":[{\"@type\":\"SearchAction\",\"target\":{\"@type\":\"EntryPoint\",\"urlTemplate\":\"https:\\\/\\\/www.anovapeneira.gal\\\/?s={search_term_string}\"},\"query-input\":{\"@type\":\"PropertyValueSpecification\",\"valueRequired\":true,\"valueName\":\"search_term_string\"}}],\"inLanguage\":\"gl-ES\"},{\"@type\":\"Organization\",\"@id\":\"https:\\\/\\\/www.anovapeneira.gal\\\/#organization\",\"name\":\"A Nova Peneira\",\"url\":\"https:\\\/\\\/www.anovapeneira.gal\\\/\",\"logo\":{\"@type\":\"ImageObject\",\"inLanguage\":\"gl-ES\",\"@id\":\"https:\\\/\\\/www.anovapeneira.gal\\\/#\\\/schema\\\/logo\\\/image\\\/\",\"url\":\"http:\\\/\\\/www.anovapeneira.gal\\\/wp-content\\\/uploads\\\/2019\\\/06\\\/logo_a_nova_peneira_portal_web.png\",\"contentUrl\":\"http:\\\/\\\/www.anovapeneira.gal\\\/wp-content\\\/uploads\\\/2019\\\/06\\\/logo_a_nova_peneira_portal_web.png\",\"width\":300,\"height\":100,\"caption\":\"A Nova Peneira\"},\"image\":{\"@id\":\"https:\\\/\\\/www.anovapeneira.gal\\\/#\\\/schema\\\/logo\\\/image\\\/\"},\"sameAs\":[\"https:\\\/\\\/www.facebook.com\\\/anovapeneira\",\"https:\\\/\\\/x.com\\\/APeneira\"]},{\"@type\":\"Person\",\"@id\":\"https:\\\/\\\/www.anovapeneira.gal\\\/#\\\/schema\\\/person\\\/45b3df2338e4d898b7616809f9c5906c\",\"name\":\"Cristobal L\u00f3pez\",\"image\":{\"@type\":\"ImageObject\",\"inLanguage\":\"gl-ES\",\"@id\":\"https:\\\/\\\/secure.gravatar.com\\\/avatar\\\/b537cf06ef8166c9ef72b09f4d5f6446b1e22ea99505d94e40b8685710482f79?s=96&d=mm&r=g\",\"url\":\"https:\\\/\\\/secure.gravatar.com\\\/avatar\\\/b537cf06ef8166c9ef72b09f4d5f6446b1e22ea99505d94e40b8685710482f79?s=96&d=mm&r=g\",\"contentUrl\":\"https:\\\/\\\/secure.gravatar.com\\\/avatar\\\/b537cf06ef8166c9ef72b09f4d5f6446b1e22ea99505d94e40b8685710482f79?s=96&d=mm&r=g\",\"caption\":\"Cristobal L\u00f3pez\"},\"sameAs\":[\"http:\\\/\\\/anovapeneira.gal\"],\"url\":\"https:\\\/\\\/www.anovapeneira.gal\\\/index.php\\\/author\\\/opinioncristoballopez\\\/\"}]}<\/script>\n<!-- \/ Yoast SEO plugin. -->","yoast_head_json":{"title":"D\u00e9cimo Noveno fragmento do diario de Senl\u00faa Arraiana -","robots":{"index":"index","follow":"follow","max-snippet":"max-snippet:-1","max-image-preview":"max-image-preview:large","max-video-preview":"max-video-preview:-1"},"canonical":"https:\/\/www.anovapeneira.gal\/index.php\/2020\/07\/06\/decimo-noveno-fragmento-do-diario-de-senlua-arraiana\/","og_locale":"gl_ES","og_type":"article","og_title":"D\u00e9cimo Noveno fragmento do diario de Senl\u00faa Arraiana -","og_description":"Este d\u00e9cimo noveno fragmento do diario de Senl\u00faa Arraiana foi recuperado e adiantado ao noso tempo por Noitepedralonga, fiel camarada do av\u00f3 da futura l\u00edder da resistencia arraiana [...]","og_url":"https:\/\/www.anovapeneira.gal\/index.php\/2020\/07\/06\/decimo-noveno-fragmento-do-diario-de-senlua-arraiana\/","article_publisher":"https:\/\/www.facebook.com\/anovapeneira","article_published_time":"2020-07-06T10:00:22+00:00","article_modified_time":"2020-07-06T21:36:34+00:00","og_image":[{"width":720,"height":432,"url":"https:\/\/www.anovapeneira.gal\/wp-content\/uploads\/2020\/07\/sen_lua_arraiana_a_nova_peneira_19.jpg","type":"image\/jpeg"}],"author":"Cristobal L\u00f3pez","twitter_card":"summary_large_image","twitter_creator":"@APeneira","twitter_site":"@APeneira","twitter_misc":{"Escrito por":"Cristobal L\u00f3pez","Tempo de lectura":"7 minutos"},"schema":{"@context":"https:\/\/schema.org","@graph":[{"@type":"Article","@id":"https:\/\/www.anovapeneira.gal\/index.php\/2020\/07\/06\/decimo-noveno-fragmento-do-diario-de-senlua-arraiana\/#article","isPartOf":{"@id":"https:\/\/www.anovapeneira.gal\/index.php\/2020\/07\/06\/decimo-noveno-fragmento-do-diario-de-senlua-arraiana\/"},"author":{"name":"Cristobal L\u00f3pez","@id":"https:\/\/www.anovapeneira.gal\/#\/schema\/person\/45b3df2338e4d898b7616809f9c5906c"},"headline":"D\u00e9cimo Noveno fragmento do diario de Senl\u00faa Arraiana","datePublished":"2020-07-06T10:00:22+00:00","dateModified":"2020-07-06T21:36:34+00:00","mainEntityOfPage":{"@id":"https:\/\/www.anovapeneira.gal\/index.php\/2020\/07\/06\/decimo-noveno-fragmento-do-diario-de-senlua-arraiana\/"},"wordCount":1329,"commentCount":0,"publisher":{"@id":"https:\/\/www.anovapeneira.gal\/#organization"},"image":{"@id":"https:\/\/www.anovapeneira.gal\/index.php\/2020\/07\/06\/decimo-noveno-fragmento-do-diario-de-senlua-arraiana\/#primaryimage"},"thumbnailUrl":"https:\/\/www.anovapeneira.gal\/wp-content\/uploads\/2020\/07\/sen_lua_arraiana_a_nova_peneira_19.jpg","keywords":["Senl\u00faa Arraiana"],"articleSection":["Artigos de opini\u00f3n"],"inLanguage":"gl-ES","potentialAction":[{"@type":"CommentAction","name":"Comment","target":["https:\/\/www.anovapeneira.gal\/index.php\/2020\/07\/06\/decimo-noveno-fragmento-do-diario-de-senlua-arraiana\/#respond"]}]},{"@type":"WebPage","@id":"https:\/\/www.anovapeneira.gal\/index.php\/2020\/07\/06\/decimo-noveno-fragmento-do-diario-de-senlua-arraiana\/","url":"https:\/\/www.anovapeneira.gal\/index.php\/2020\/07\/06\/decimo-noveno-fragmento-do-diario-de-senlua-arraiana\/","name":"D\u00e9cimo Noveno fragmento do diario de Senl\u00faa Arraiana -","isPartOf":{"@id":"https:\/\/www.anovapeneira.gal\/#website"},"primaryImageOfPage":{"@id":"https:\/\/www.anovapeneira.gal\/index.php\/2020\/07\/06\/decimo-noveno-fragmento-do-diario-de-senlua-arraiana\/#primaryimage"},"image":{"@id":"https:\/\/www.anovapeneira.gal\/index.php\/2020\/07\/06\/decimo-noveno-fragmento-do-diario-de-senlua-arraiana\/#primaryimage"},"thumbnailUrl":"https:\/\/www.anovapeneira.gal\/wp-content\/uploads\/2020\/07\/sen_lua_arraiana_a_nova_peneira_19.jpg","datePublished":"2020-07-06T10:00:22+00:00","dateModified":"2020-07-06T21:36:34+00:00","breadcrumb":{"@id":"https:\/\/www.anovapeneira.gal\/index.php\/2020\/07\/06\/decimo-noveno-fragmento-do-diario-de-senlua-arraiana\/#breadcrumb"},"inLanguage":"gl-ES","potentialAction":[{"@type":"ReadAction","target":["https:\/\/www.anovapeneira.gal\/index.php\/2020\/07\/06\/decimo-noveno-fragmento-do-diario-de-senlua-arraiana\/"]}]},{"@type":"ImageObject","inLanguage":"gl-ES","@id":"https:\/\/www.anovapeneira.gal\/index.php\/2020\/07\/06\/decimo-noveno-fragmento-do-diario-de-senlua-arraiana\/#primaryimage","url":"https:\/\/www.anovapeneira.gal\/wp-content\/uploads\/2020\/07\/sen_lua_arraiana_a_nova_peneira_19.jpg","contentUrl":"https:\/\/www.anovapeneira.gal\/wp-content\/uploads\/2020\/07\/sen_lua_arraiana_a_nova_peneira_19.jpg","width":720,"height":432,"caption":"Senl\u00faa Arraiana"},{"@type":"BreadcrumbList","@id":"https:\/\/www.anovapeneira.gal\/index.php\/2020\/07\/06\/decimo-noveno-fragmento-do-diario-de-senlua-arraiana\/#breadcrumb","itemListElement":[{"@type":"ListItem","position":1,"name":"Portada","item":"https:\/\/www.anovapeneira.gal\/"},{"@type":"ListItem","position":2,"name":"D\u00e9cimo Noveno fragmento do diario de Senl\u00faa Arraiana"}]},{"@type":"WebSite","@id":"https:\/\/www.anovapeneira.gal\/#website","url":"https:\/\/www.anovapeneira.gal\/","name":"","description":"Xornal galego de informaci\u00f3n xeral Publicaci\u00f3n mensual de novas de Galicia e en especial dos Concellos da sur da provincia de Pontevedra.","publisher":{"@id":"https:\/\/www.anovapeneira.gal\/#organization"},"potentialAction":[{"@type":"SearchAction","target":{"@type":"EntryPoint","urlTemplate":"https:\/\/www.anovapeneira.gal\/?s={search_term_string}"},"query-input":{"@type":"PropertyValueSpecification","valueRequired":true,"valueName":"search_term_string"}}],"inLanguage":"gl-ES"},{"@type":"Organization","@id":"https:\/\/www.anovapeneira.gal\/#organization","name":"A Nova Peneira","url":"https:\/\/www.anovapeneira.gal\/","logo":{"@type":"ImageObject","inLanguage":"gl-ES","@id":"https:\/\/www.anovapeneira.gal\/#\/schema\/logo\/image\/","url":"http:\/\/www.anovapeneira.gal\/wp-content\/uploads\/2019\/06\/logo_a_nova_peneira_portal_web.png","contentUrl":"http:\/\/www.anovapeneira.gal\/wp-content\/uploads\/2019\/06\/logo_a_nova_peneira_portal_web.png","width":300,"height":100,"caption":"A Nova Peneira"},"image":{"@id":"https:\/\/www.anovapeneira.gal\/#\/schema\/logo\/image\/"},"sameAs":["https:\/\/www.facebook.com\/anovapeneira","https:\/\/x.com\/APeneira"]},{"@type":"Person","@id":"https:\/\/www.anovapeneira.gal\/#\/schema\/person\/45b3df2338e4d898b7616809f9c5906c","name":"Cristobal L\u00f3pez","image":{"@type":"ImageObject","inLanguage":"gl-ES","@id":"https:\/\/secure.gravatar.com\/avatar\/b537cf06ef8166c9ef72b09f4d5f6446b1e22ea99505d94e40b8685710482f79?s=96&d=mm&r=g","url":"https:\/\/secure.gravatar.com\/avatar\/b537cf06ef8166c9ef72b09f4d5f6446b1e22ea99505d94e40b8685710482f79?s=96&d=mm&r=g","contentUrl":"https:\/\/secure.gravatar.com\/avatar\/b537cf06ef8166c9ef72b09f4d5f6446b1e22ea99505d94e40b8685710482f79?s=96&d=mm&r=g","caption":"Cristobal L\u00f3pez"},"sameAs":["http:\/\/anovapeneira.gal"],"url":"https:\/\/www.anovapeneira.gal\/index.php\/author\/opinioncristoballopez\/"}]}},"jetpack_featured_media_url":"https:\/\/www.anovapeneira.gal\/wp-content\/uploads\/2020\/07\/sen_lua_arraiana_a_nova_peneira_19.jpg","_links":{"self":[{"href":"https:\/\/www.anovapeneira.gal\/index.php\/wp-json\/wp\/v2\/posts\/3449","targetHints":{"allow":["GET"]}}],"collection":[{"href":"https:\/\/www.anovapeneira.gal\/index.php\/wp-json\/wp\/v2\/posts"}],"about":[{"href":"https:\/\/www.anovapeneira.gal\/index.php\/wp-json\/wp\/v2\/types\/post"}],"author":[{"embeddable":true,"href":"https:\/\/www.anovapeneira.gal\/index.php\/wp-json\/wp\/v2\/users\/13"}],"replies":[{"embeddable":true,"href":"https:\/\/www.anovapeneira.gal\/index.php\/wp-json\/wp\/v2\/comments?post=3449"}],"version-history":[{"count":2,"href":"https:\/\/www.anovapeneira.gal\/index.php\/wp-json\/wp\/v2\/posts\/3449\/revisions"}],"predecessor-version":[{"id":3494,"href":"https:\/\/www.anovapeneira.gal\/index.php\/wp-json\/wp\/v2\/posts\/3449\/revisions\/3494"}],"wp:featuredmedia":[{"embeddable":true,"href":"https:\/\/www.anovapeneira.gal\/index.php\/wp-json\/wp\/v2\/media\/3450"}],"wp:attachment":[{"href":"https:\/\/www.anovapeneira.gal\/index.php\/wp-json\/wp\/v2\/media?parent=3449"}],"wp:term":[{"taxonomy":"category","embeddable":true,"href":"https:\/\/www.anovapeneira.gal\/index.php\/wp-json\/wp\/v2\/categories?post=3449"},{"taxonomy":"post_tag","embeddable":true,"href":"https:\/\/www.anovapeneira.gal\/index.php\/wp-json\/wp\/v2\/tags?post=3449"}],"curies":[{"name":"wp","href":"https:\/\/api.w.org\/{rel}","templated":true}]}}