{"id":3462,"date":"2020-07-08T10:00:30","date_gmt":"2020-07-08T08:00:30","guid":{"rendered":"http:\/\/www.anovapeneira.gal\/?p=3462"},"modified":"2020-07-06T08:10:57","modified_gmt":"2020-07-06T06:10:57","slug":"o-concello-de-mos-ignora-aos-representantes-da-a-vv-da-portela-de-tameiga","status":"publish","type":"post","link":"https:\/\/www.anovapeneira.gal\/index.php\/2020\/07\/08\/o-concello-de-mos-ignora-aos-representantes-da-a-vv-da-portela-de-tameiga\/","title":{"rendered":"O Concello de Mos ignora aos representantes da A VV da Portela de Tameiga"},"content":{"rendered":"\n<h2 class=\"wp-block-heading\"><strong>Jos\u00e9 Alonso, Presidente, e Ces\u00e1reo Leir\u00f3s vicepresidente<\/strong><\/h2>\n\n\n\n<p><strong>Jos\u00e9 e Ces\u00e1reo son o presidente e o vicepresidente da AVV da Portela, de Tameiga, Mos. Eles denuncian que levan desde finais do ano pasado tratando de reunirse co goberno municipal para transmitirlles os problemas m\u00e1is relevantes que padece o seu barrio e que a \u00fanica resposta que obtiveron por parte da administraci\u00f3n local \u00e9 o silencio m\u00e1is absoluto. Por desgraza este modus operandi \u00e9 o habitual do PP, fiel representante do cancro sociol\u00f3xico que leva padecendo Galicia desde a noite dos tempos; a bipolarizaci\u00f3n da sociedade en amigos, para os que hai todo, e inimigos para os que s\u00f3 hai desprezo. A Nova Peneira falou con eles<\/strong><\/p>\n\n\n\n<p><strong>A vosa AVVV que \u00e1mbito xeogr\u00e1fico abrangue?<\/strong><\/p>\n\n\n\n<blockquote class=\"wp-block-quote is-layout-flow wp-block-quote-is-layout-flow\"><p>A portela \u00e9 un dos catro barrios de Tameiga, xunto con Casal, Pedra Ucha e Igrexa. O noso barrio comprende os seguintes lugares \u00b8Ramilo, Rebull\u00f3n Carballo do Can e Puxeiros. Na nosa AVV hai arredor de 200 asociados e asociadas<\/p><\/blockquote>\n\n\n\n<p><strong>Cando creastes \u00e1 asociaci\u00f3n?<\/strong><\/p>\n\n\n\n<blockquote class=\"wp-block-quote is-layout-flow wp-block-quote-is-layout-flow\"><p>Cre\u00e1mola no ano 2003<\/p><\/blockquote>\n\n\n\n<p><strong>Ambos estades dese a s\u00faa fundaci\u00f3n?<\/strong><\/p>\n\n\n\n<blockquote class=\"wp-block-quote is-layout-flow wp-block-quote-is-layout-flow\"><p>Si, os dous somos socios fundadores<\/p><\/blockquote>\n\n\n\n<p><strong>A vosa historia \u00e9 relativamente recente. Cal foi o motivo que vos levou a crear a AVV?<\/strong><\/p>\n\n\n\n<blockquote class=\"wp-block-quote is-layout-flow wp-block-quote-is-layout-flow\"><p>Ben, porque consideramos que a organizaci\u00f3n da sociedade civil \u00e9 a mellor maneira de defender os intereses colectivos. O noso barrio, seguro que como todos , ten problemas serios que nos afectan \u00e1 comunidade e entendemos que \u00e9 responsabilidade de todos procurar soluci\u00f3ns xustas para o conxunto de veci\u00f1anza. N\u00f3s fundamentalmente procuramos recoller as demandas veci\u00f1ais sobre as deficiencias e problemas m\u00e1is importantes e, trasladalos na procura de soluci\u00f3ns.<\/p><\/blockquote>\n\n\n\n<p><strong>Por exemplo?<\/strong><\/p>\n\n\n\n<blockquote class=\"wp-block-quote is-layout-flow wp-block-quote-is-layout-flow\"><p>O problema do tr\u00e1fico \u00e9 moi importante para n\u00f3s. \u00c1s veces circular por aqu\u00ed resulta realmente perigoso para os pe\u00f3ns<\/p><\/blockquote>\n\n\n\n<p><strong>Cando v\u00f3s nacestes a\u00ednda estaba mar\u00eda Jes\u00fas Escudero de alcaldesa, se comparades ambas administraci\u00f3ns que conclusi\u00f3n quitamos?<\/strong><\/p>\n\n\n\n<blockquote class=\"wp-block-quote is-layout-flow wp-block-quote-is-layout-flow\"><p>A anterior administraci\u00f3n ti\u00f1a unha receptividade moito mellor cara a atenci\u00f3n das demandas veci\u00f1ais, esta ign\u00f3ranos completamente. N\u00f3s entendemos que como somos unha AVV independente que non lle di que si a todo, especialmente expl\u00edcita \u00e9 a nosa posici\u00f3n contraria ao asunto do celta, a pol\u00edtica da alcaldesa cara ao noso colectivo \u00e9 facer como se non exist\u00edramos.\u00a0<\/p><\/blockquote>\n\n\n\n<p><strong>Concr\u00e9tanos un pouco m\u00e1is iso?<\/strong><\/p>\n\n\n\n<blockquote class=\"wp-block-quote is-layout-flow wp-block-quote-is-layout-flow\"><p>A finais do ano pasado, non recordo se no mes de outubro ou no mes de novembro, metemos un escrito por rexistro do Concello solicitando que se tratara un conflito que temos en relaci\u00f3n cunha vivenda que est\u00e1 no lugar da Feira. No Rexistro dix\u00e9ronme que o escrito non o pod\u00eda meter por a\u00ed, sen\u00f3n que ti\u00f1a que ser v\u00eda a sede electr\u00f3nica. Eu creo que \u00e9 unha forma de darnos largas e eludir tratar con n\u00f3s o problema ao que nos referiamos<\/p><\/blockquote>\n\n\n\n<p><strong>Fix\u00e9cheslle caso?<\/strong><\/p>\n\n\n\n<blockquote class=\"wp-block-quote is-layout-flow wp-block-quote-is-layout-flow\"><p>Nun principio fomos a correoS e mand\u00e1moslle o escrito v\u00eda carta certificada. Unha semana despois pasamos polo concello, a carta cheg\u00e1ralle pero insist\u00edan en que non lle \u00edan dar curso. Finalmente a principios de ano, no mes de febreiro creo, mand\u00e1molo escrito v\u00eda electr\u00f3nica, tal como eles nolo pediron e asemade do asunto da casa que antes che comentei, solicitamos unha xuntanza para tratar os principais problemas que ten o barrio<\/p><\/blockquote>\n\n\n\n<p><strong>Que son?<\/strong><\/p>\n\n\n\n<blockquote class=\"wp-block-quote is-layout-flow wp-block-quote-is-layout-flow\"><p>A rede de sumidoiros da zona do Rebull\u00f3n, a rotonda de Ramilo, a recollida dos contedores de lixo, a promesa incumprida de facer un aparcamento p\u00fablico en Puxeiros, a xesti\u00f3n de tr\u00e1fico pesado, en definitiva os nosos problemas m\u00e1is relevantes<\/p><\/blockquote>\n\n\n\n<p><strong>Que resposta tivestes \u00e1 vosa petici\u00f3n de xuntanza formulada nos primeiros meses do ano?<\/strong><\/p>\n\n\n\n<blockquote class=\"wp-block-quote is-layout-flow wp-block-quote-is-layout-flow\"><p>Ningunha, a d\u00eda de hoxe, catro de xullo, non se dignaron a respondernos.<\/p><\/blockquote>\n\n\n\n<p><strong>Para outro tipo de cuesti\u00f3ns o concello contacta con v\u00f3s?<\/strong><\/p>\n\n\n\n<blockquote class=\"wp-block-quote is-layout-flow wp-block-quote-is-layout-flow\"><p>Si, para convidarnos \u00e1 festa da rosa ou a outro tipo de acontecementos sociais si nos env\u00edan convites. \u00c1 nosa caixa de correos chegan as cartas do concello pero todas son convites a actos institucionais do concello. De reunirse con n\u00f3s, sendo como somos unha asociaci\u00f3n veci\u00f1al perfectamente legal do noso concello non temos ningunha resposta. Debe ser que somos un colectivo inc\u00f3modo. O tema da casa que antes che comentei pensamos que tam\u00e9n infl\u00fae. Ese asunto \u00e9 moi inc\u00f3modo para a alcaldesa e consideramos que a nosa posici\u00f3n ao respecto infl\u00fae en que non nos queira escoitar.<\/p><\/blockquote>\n","protected":false},"excerpt":{"rendered":"<div class=\"mh-excerpt\"><p>Jos\u00e9 e Ces\u00e1reo son o presidente e o vicepresidente da AVV da Portela, de Tameiga, Mos. Eles denuncian que levan desde finais do ano pasado tratando de reunirse co goberno municipal para transmitirlles os problemas m\u00e1is relevantes que padece o seu barrio e que a \u00fanica resposta que obtiveron por parte da administraci\u00f3n local \u00e9 o silencio m\u00e1is absoluto <a class=\"mh-excerpt-more\" href=\"https:\/\/www.anovapeneira.gal\/index.php\/2020\/07\/08\/o-concello-de-mos-ignora-aos-representantes-da-a-vv-da-portela-de-tameiga\/\" title=\"O Concello de Mos ignora aos representantes da A VV da Portela de Tameiga\">[&#8230;]<\/a><\/p>\n<\/div>","protected":false},"author":3,"featured_media":3464,"comment_status":"open","ping_status":"open","sticky":false,"template":"","format":"standard","meta":{"_exactmetrics_skip_tracking":false,"_exactmetrics_sitenote_active":false,"_exactmetrics_sitenote_note":"","_exactmetrics_sitenote_category":0,"footnotes":""},"categories":[23],"tags":[1133,218],"class_list":{"0":"post-3462","1":"post","2":"type-post","3":"status-publish","4":"format-standard","5":"has-post-thumbnail","7":"category-a-lourina","8":"tag-avv-portela-de-tameiga","9":"tag-concello-de-mos"},"yoast_head":"<!-- This site is optimized with the Yoast SEO plugin v27.4 - https:\/\/yoast.com\/product\/yoast-seo-wordpress\/ -->\n<title>O Concello de Mos ignora aos representantes da A VV da Portela de Tameiga -<\/title>\n<meta name=\"robots\" content=\"index, follow, max-snippet:-1, max-image-preview:large, max-video-preview:-1\" \/>\n<link rel=\"canonical\" href=\"https:\/\/www.anovapeneira.gal\/index.php\/2020\/07\/08\/o-concello-de-mos-ignora-aos-representantes-da-a-vv-da-portela-de-tameiga\/\" \/>\n<meta property=\"og:locale\" content=\"gl_ES\" \/>\n<meta property=\"og:type\" content=\"article\" \/>\n<meta property=\"og:title\" content=\"O Concello de Mos ignora aos representantes da A VV da Portela de Tameiga -\" \/>\n<meta property=\"og:description\" content=\"Jos\u00e9 e Ces\u00e1reo son o presidente e o vicepresidente da AVV da Portela, de Tameiga, Mos. Eles denuncian que levan desde finais do ano pasado tratando de reunirse co goberno municipal para transmitirlles os problemas m\u00e1is relevantes que padece o seu barrio e que a \u00fanica resposta que obtiveron por parte da administraci\u00f3n local \u00e9 o silencio m\u00e1is absoluto [...]\" \/>\n<meta property=\"og:url\" content=\"https:\/\/www.anovapeneira.gal\/index.php\/2020\/07\/08\/o-concello-de-mos-ignora-aos-representantes-da-a-vv-da-portela-de-tameiga\/\" \/>\n<meta property=\"article:publisher\" content=\"https:\/\/www.facebook.com\/anovapeneira\" \/>\n<meta property=\"article:published_time\" content=\"2020-07-08T08:00:30+00:00\" \/>\n<meta property=\"og:image\" content=\"https:\/\/www.anovapeneira.gal\/wp-content\/uploads\/2020\/07\/a_portela_a_tameiga_mos_a_nova_peneira.jpg\" \/>\n\t<meta property=\"og:image:width\" content=\"720\" \/>\n\t<meta property=\"og:image:height\" content=\"432\" \/>\n\t<meta property=\"og:image:type\" content=\"image\/jpeg\" \/>\n<meta name=\"author\" content=\"Redacci\u00f3n A Nova Peneira\" \/>\n<meta name=\"twitter:card\" content=\"summary_large_image\" \/>\n<meta name=\"twitter:creator\" content=\"@APeneira\" \/>\n<meta name=\"twitter:site\" content=\"@APeneira\" \/>\n<meta name=\"twitter:label1\" content=\"Escrito por\" \/>\n\t<meta name=\"twitter:data1\" content=\"Redacci\u00f3n A Nova Peneira\" \/>\n\t<meta name=\"twitter:label2\" content=\"Tempo de lectura\" \/>\n\t<meta name=\"twitter:data2\" content=\"4 minutos\" \/>\n<script type=\"application\/ld+json\" class=\"yoast-schema-graph\">{\"@context\":\"https:\\\/\\\/schema.org\",\"@graph\":[{\"@type\":\"Article\",\"@id\":\"https:\\\/\\\/www.anovapeneira.gal\\\/index.php\\\/2020\\\/07\\\/08\\\/o-concello-de-mos-ignora-aos-representantes-da-a-vv-da-portela-de-tameiga\\\/#article\",\"isPartOf\":{\"@id\":\"https:\\\/\\\/www.anovapeneira.gal\\\/index.php\\\/2020\\\/07\\\/08\\\/o-concello-de-mos-ignora-aos-representantes-da-a-vv-da-portela-de-tameiga\\\/\"},\"author\":{\"name\":\"Redacci\u00f3n A Nova Peneira\",\"@id\":\"https:\\\/\\\/www.anovapeneira.gal\\\/#\\\/schema\\\/person\\\/b93e3f8932e3f8da96334607eb6ac6aa\"},\"headline\":\"O Concello de Mos ignora aos representantes da A VV da Portela de Tameiga\",\"datePublished\":\"2020-07-08T08:00:30+00:00\",\"mainEntityOfPage\":{\"@id\":\"https:\\\/\\\/www.anovapeneira.gal\\\/index.php\\\/2020\\\/07\\\/08\\\/o-concello-de-mos-ignora-aos-representantes-da-a-vv-da-portela-de-tameiga\\\/\"},\"wordCount\":775,\"commentCount\":0,\"publisher\":{\"@id\":\"https:\\\/\\\/www.anovapeneira.gal\\\/#organization\"},\"image\":{\"@id\":\"https:\\\/\\\/www.anovapeneira.gal\\\/index.php\\\/2020\\\/07\\\/08\\\/o-concello-de-mos-ignora-aos-representantes-da-a-vv-da-portela-de-tameiga\\\/#primaryimage\"},\"thumbnailUrl\":\"https:\\\/\\\/www.anovapeneira.gal\\\/wp-content\\\/uploads\\\/2020\\\/07\\\/a_portela_a_tameiga_mos_a_nova_peneira.jpg\",\"keywords\":[\"AVV Portela de Tameiga\",\"Concello de Mos\"],\"articleSection\":[\"A Louri\u00f1a\"],\"inLanguage\":\"gl-ES\",\"potentialAction\":[{\"@type\":\"CommentAction\",\"name\":\"Comment\",\"target\":[\"https:\\\/\\\/www.anovapeneira.gal\\\/index.php\\\/2020\\\/07\\\/08\\\/o-concello-de-mos-ignora-aos-representantes-da-a-vv-da-portela-de-tameiga\\\/#respond\"]}]},{\"@type\":\"WebPage\",\"@id\":\"https:\\\/\\\/www.anovapeneira.gal\\\/index.php\\\/2020\\\/07\\\/08\\\/o-concello-de-mos-ignora-aos-representantes-da-a-vv-da-portela-de-tameiga\\\/\",\"url\":\"https:\\\/\\\/www.anovapeneira.gal\\\/index.php\\\/2020\\\/07\\\/08\\\/o-concello-de-mos-ignora-aos-representantes-da-a-vv-da-portela-de-tameiga\\\/\",\"name\":\"O Concello de Mos ignora aos representantes da A VV da Portela de Tameiga -\",\"isPartOf\":{\"@id\":\"https:\\\/\\\/www.anovapeneira.gal\\\/#website\"},\"primaryImageOfPage\":{\"@id\":\"https:\\\/\\\/www.anovapeneira.gal\\\/index.php\\\/2020\\\/07\\\/08\\\/o-concello-de-mos-ignora-aos-representantes-da-a-vv-da-portela-de-tameiga\\\/#primaryimage\"},\"image\":{\"@id\":\"https:\\\/\\\/www.anovapeneira.gal\\\/index.php\\\/2020\\\/07\\\/08\\\/o-concello-de-mos-ignora-aos-representantes-da-a-vv-da-portela-de-tameiga\\\/#primaryimage\"},\"thumbnailUrl\":\"https:\\\/\\\/www.anovapeneira.gal\\\/wp-content\\\/uploads\\\/2020\\\/07\\\/a_portela_a_tameiga_mos_a_nova_peneira.jpg\",\"datePublished\":\"2020-07-08T08:00:30+00:00\",\"breadcrumb\":{\"@id\":\"https:\\\/\\\/www.anovapeneira.gal\\\/index.php\\\/2020\\\/07\\\/08\\\/o-concello-de-mos-ignora-aos-representantes-da-a-vv-da-portela-de-tameiga\\\/#breadcrumb\"},\"inLanguage\":\"gl-ES\",\"potentialAction\":[{\"@type\":\"ReadAction\",\"target\":[\"https:\\\/\\\/www.anovapeneira.gal\\\/index.php\\\/2020\\\/07\\\/08\\\/o-concello-de-mos-ignora-aos-representantes-da-a-vv-da-portela-de-tameiga\\\/\"]}]},{\"@type\":\"ImageObject\",\"inLanguage\":\"gl-ES\",\"@id\":\"https:\\\/\\\/www.anovapeneira.gal\\\/index.php\\\/2020\\\/07\\\/08\\\/o-concello-de-mos-ignora-aos-representantes-da-a-vv-da-portela-de-tameiga\\\/#primaryimage\",\"url\":\"https:\\\/\\\/www.anovapeneira.gal\\\/wp-content\\\/uploads\\\/2020\\\/07\\\/a_portela_a_tameiga_mos_a_nova_peneira.jpg\",\"contentUrl\":\"https:\\\/\\\/www.anovapeneira.gal\\\/wp-content\\\/uploads\\\/2020\\\/07\\\/a_portela_a_tameiga_mos_a_nova_peneira.jpg\",\"width\":720,\"height\":432,\"caption\":\"A Portela A Tameiga Concello de Mos A Nova Peneira\"},{\"@type\":\"BreadcrumbList\",\"@id\":\"https:\\\/\\\/www.anovapeneira.gal\\\/index.php\\\/2020\\\/07\\\/08\\\/o-concello-de-mos-ignora-aos-representantes-da-a-vv-da-portela-de-tameiga\\\/#breadcrumb\",\"itemListElement\":[{\"@type\":\"ListItem\",\"position\":1,\"name\":\"Portada\",\"item\":\"https:\\\/\\\/www.anovapeneira.gal\\\/\"},{\"@type\":\"ListItem\",\"position\":2,\"name\":\"O Concello de Mos ignora aos representantes da A VV da Portela de Tameiga\"}]},{\"@type\":\"WebSite\",\"@id\":\"https:\\\/\\\/www.anovapeneira.gal\\\/#website\",\"url\":\"https:\\\/\\\/www.anovapeneira.gal\\\/\",\"name\":\"\",\"description\":\"Xornal galego de informaci\u00f3n xeral Publicaci\u00f3n mensual de novas de Galicia e en especial dos Concellos da sur da provincia de Pontevedra.\",\"publisher\":{\"@id\":\"https:\\\/\\\/www.anovapeneira.gal\\\/#organization\"},\"potentialAction\":[{\"@type\":\"SearchAction\",\"target\":{\"@type\":\"EntryPoint\",\"urlTemplate\":\"https:\\\/\\\/www.anovapeneira.gal\\\/?s={search_term_string}\"},\"query-input\":{\"@type\":\"PropertyValueSpecification\",\"valueRequired\":true,\"valueName\":\"search_term_string\"}}],\"inLanguage\":\"gl-ES\"},{\"@type\":\"Organization\",\"@id\":\"https:\\\/\\\/www.anovapeneira.gal\\\/#organization\",\"name\":\"A Nova Peneira\",\"url\":\"https:\\\/\\\/www.anovapeneira.gal\\\/\",\"logo\":{\"@type\":\"ImageObject\",\"inLanguage\":\"gl-ES\",\"@id\":\"https:\\\/\\\/www.anovapeneira.gal\\\/#\\\/schema\\\/logo\\\/image\\\/\",\"url\":\"http:\\\/\\\/www.anovapeneira.gal\\\/wp-content\\\/uploads\\\/2019\\\/06\\\/logo_a_nova_peneira_portal_web.png\",\"contentUrl\":\"http:\\\/\\\/www.anovapeneira.gal\\\/wp-content\\\/uploads\\\/2019\\\/06\\\/logo_a_nova_peneira_portal_web.png\",\"width\":300,\"height\":100,\"caption\":\"A Nova Peneira\"},\"image\":{\"@id\":\"https:\\\/\\\/www.anovapeneira.gal\\\/#\\\/schema\\\/logo\\\/image\\\/\"},\"sameAs\":[\"https:\\\/\\\/www.facebook.com\\\/anovapeneira\",\"https:\\\/\\\/x.com\\\/APeneira\"]},{\"@type\":\"Person\",\"@id\":\"https:\\\/\\\/www.anovapeneira.gal\\\/#\\\/schema\\\/person\\\/b93e3f8932e3f8da96334607eb6ac6aa\",\"name\":\"Redacci\u00f3n A Nova Peneira\",\"image\":{\"@type\":\"ImageObject\",\"inLanguage\":\"gl-ES\",\"@id\":\"https:\\\/\\\/secure.gravatar.com\\\/avatar\\\/c052a2551a06e23fac63626232eaa90abd78dbcf1700fc46a2b2c89fd27b735f?s=96&d=mm&r=g\",\"url\":\"https:\\\/\\\/secure.gravatar.com\\\/avatar\\\/c052a2551a06e23fac63626232eaa90abd78dbcf1700fc46a2b2c89fd27b735f?s=96&d=mm&r=g\",\"contentUrl\":\"https:\\\/\\\/secure.gravatar.com\\\/avatar\\\/c052a2551a06e23fac63626232eaa90abd78dbcf1700fc46a2b2c89fd27b735f?s=96&d=mm&r=g\",\"caption\":\"Redacci\u00f3n A Nova Peneira\"},\"sameAs\":[\"http:\\\/\\\/www.anovapeneira.gal\\\/\"],\"url\":\"https:\\\/\\\/www.anovapeneira.gal\\\/index.php\\\/author\\\/redactor\\\/\"}]}<\/script>\n<!-- \/ Yoast SEO plugin. -->","yoast_head_json":{"title":"O Concello de Mos ignora aos representantes da A VV da Portela de Tameiga -","robots":{"index":"index","follow":"follow","max-snippet":"max-snippet:-1","max-image-preview":"max-image-preview:large","max-video-preview":"max-video-preview:-1"},"canonical":"https:\/\/www.anovapeneira.gal\/index.php\/2020\/07\/08\/o-concello-de-mos-ignora-aos-representantes-da-a-vv-da-portela-de-tameiga\/","og_locale":"gl_ES","og_type":"article","og_title":"O Concello de Mos ignora aos representantes da A VV da Portela de Tameiga -","og_description":"Jos\u00e9 e Ces\u00e1reo son o presidente e o vicepresidente da AVV da Portela, de Tameiga, Mos. Eles denuncian que levan desde finais do ano pasado tratando de reunirse co goberno municipal para transmitirlles os problemas m\u00e1is relevantes que padece o seu barrio e que a \u00fanica resposta que obtiveron por parte da administraci\u00f3n local \u00e9 o silencio m\u00e1is absoluto [...]","og_url":"https:\/\/www.anovapeneira.gal\/index.php\/2020\/07\/08\/o-concello-de-mos-ignora-aos-representantes-da-a-vv-da-portela-de-tameiga\/","article_publisher":"https:\/\/www.facebook.com\/anovapeneira","article_published_time":"2020-07-08T08:00:30+00:00","og_image":[{"width":720,"height":432,"url":"https:\/\/www.anovapeneira.gal\/wp-content\/uploads\/2020\/07\/a_portela_a_tameiga_mos_a_nova_peneira.jpg","type":"image\/jpeg"}],"author":"Redacci\u00f3n A Nova Peneira","twitter_card":"summary_large_image","twitter_creator":"@APeneira","twitter_site":"@APeneira","twitter_misc":{"Escrito por":"Redacci\u00f3n A Nova Peneira","Tempo de lectura":"4 minutos"},"schema":{"@context":"https:\/\/schema.org","@graph":[{"@type":"Article","@id":"https:\/\/www.anovapeneira.gal\/index.php\/2020\/07\/08\/o-concello-de-mos-ignora-aos-representantes-da-a-vv-da-portela-de-tameiga\/#article","isPartOf":{"@id":"https:\/\/www.anovapeneira.gal\/index.php\/2020\/07\/08\/o-concello-de-mos-ignora-aos-representantes-da-a-vv-da-portela-de-tameiga\/"},"author":{"name":"Redacci\u00f3n A Nova Peneira","@id":"https:\/\/www.anovapeneira.gal\/#\/schema\/person\/b93e3f8932e3f8da96334607eb6ac6aa"},"headline":"O Concello de Mos ignora aos representantes da A VV da Portela de Tameiga","datePublished":"2020-07-08T08:00:30+00:00","mainEntityOfPage":{"@id":"https:\/\/www.anovapeneira.gal\/index.php\/2020\/07\/08\/o-concello-de-mos-ignora-aos-representantes-da-a-vv-da-portela-de-tameiga\/"},"wordCount":775,"commentCount":0,"publisher":{"@id":"https:\/\/www.anovapeneira.gal\/#organization"},"image":{"@id":"https:\/\/www.anovapeneira.gal\/index.php\/2020\/07\/08\/o-concello-de-mos-ignora-aos-representantes-da-a-vv-da-portela-de-tameiga\/#primaryimage"},"thumbnailUrl":"https:\/\/www.anovapeneira.gal\/wp-content\/uploads\/2020\/07\/a_portela_a_tameiga_mos_a_nova_peneira.jpg","keywords":["AVV Portela de Tameiga","Concello de Mos"],"articleSection":["A Louri\u00f1a"],"inLanguage":"gl-ES","potentialAction":[{"@type":"CommentAction","name":"Comment","target":["https:\/\/www.anovapeneira.gal\/index.php\/2020\/07\/08\/o-concello-de-mos-ignora-aos-representantes-da-a-vv-da-portela-de-tameiga\/#respond"]}]},{"@type":"WebPage","@id":"https:\/\/www.anovapeneira.gal\/index.php\/2020\/07\/08\/o-concello-de-mos-ignora-aos-representantes-da-a-vv-da-portela-de-tameiga\/","url":"https:\/\/www.anovapeneira.gal\/index.php\/2020\/07\/08\/o-concello-de-mos-ignora-aos-representantes-da-a-vv-da-portela-de-tameiga\/","name":"O Concello de Mos ignora aos representantes da A VV da Portela de Tameiga -","isPartOf":{"@id":"https:\/\/www.anovapeneira.gal\/#website"},"primaryImageOfPage":{"@id":"https:\/\/www.anovapeneira.gal\/index.php\/2020\/07\/08\/o-concello-de-mos-ignora-aos-representantes-da-a-vv-da-portela-de-tameiga\/#primaryimage"},"image":{"@id":"https:\/\/www.anovapeneira.gal\/index.php\/2020\/07\/08\/o-concello-de-mos-ignora-aos-representantes-da-a-vv-da-portela-de-tameiga\/#primaryimage"},"thumbnailUrl":"https:\/\/www.anovapeneira.gal\/wp-content\/uploads\/2020\/07\/a_portela_a_tameiga_mos_a_nova_peneira.jpg","datePublished":"2020-07-08T08:00:30+00:00","breadcrumb":{"@id":"https:\/\/www.anovapeneira.gal\/index.php\/2020\/07\/08\/o-concello-de-mos-ignora-aos-representantes-da-a-vv-da-portela-de-tameiga\/#breadcrumb"},"inLanguage":"gl-ES","potentialAction":[{"@type":"ReadAction","target":["https:\/\/www.anovapeneira.gal\/index.php\/2020\/07\/08\/o-concello-de-mos-ignora-aos-representantes-da-a-vv-da-portela-de-tameiga\/"]}]},{"@type":"ImageObject","inLanguage":"gl-ES","@id":"https:\/\/www.anovapeneira.gal\/index.php\/2020\/07\/08\/o-concello-de-mos-ignora-aos-representantes-da-a-vv-da-portela-de-tameiga\/#primaryimage","url":"https:\/\/www.anovapeneira.gal\/wp-content\/uploads\/2020\/07\/a_portela_a_tameiga_mos_a_nova_peneira.jpg","contentUrl":"https:\/\/www.anovapeneira.gal\/wp-content\/uploads\/2020\/07\/a_portela_a_tameiga_mos_a_nova_peneira.jpg","width":720,"height":432,"caption":"A Portela A Tameiga Concello de Mos A Nova Peneira"},{"@type":"BreadcrumbList","@id":"https:\/\/www.anovapeneira.gal\/index.php\/2020\/07\/08\/o-concello-de-mos-ignora-aos-representantes-da-a-vv-da-portela-de-tameiga\/#breadcrumb","itemListElement":[{"@type":"ListItem","position":1,"name":"Portada","item":"https:\/\/www.anovapeneira.gal\/"},{"@type":"ListItem","position":2,"name":"O Concello de Mos ignora aos representantes da A VV da Portela de Tameiga"}]},{"@type":"WebSite","@id":"https:\/\/www.anovapeneira.gal\/#website","url":"https:\/\/www.anovapeneira.gal\/","name":"","description":"Xornal galego de informaci\u00f3n xeral Publicaci\u00f3n mensual de novas de Galicia e en especial dos Concellos da sur da provincia de Pontevedra.","publisher":{"@id":"https:\/\/www.anovapeneira.gal\/#organization"},"potentialAction":[{"@type":"SearchAction","target":{"@type":"EntryPoint","urlTemplate":"https:\/\/www.anovapeneira.gal\/?s={search_term_string}"},"query-input":{"@type":"PropertyValueSpecification","valueRequired":true,"valueName":"search_term_string"}}],"inLanguage":"gl-ES"},{"@type":"Organization","@id":"https:\/\/www.anovapeneira.gal\/#organization","name":"A Nova Peneira","url":"https:\/\/www.anovapeneira.gal\/","logo":{"@type":"ImageObject","inLanguage":"gl-ES","@id":"https:\/\/www.anovapeneira.gal\/#\/schema\/logo\/image\/","url":"http:\/\/www.anovapeneira.gal\/wp-content\/uploads\/2019\/06\/logo_a_nova_peneira_portal_web.png","contentUrl":"http:\/\/www.anovapeneira.gal\/wp-content\/uploads\/2019\/06\/logo_a_nova_peneira_portal_web.png","width":300,"height":100,"caption":"A Nova Peneira"},"image":{"@id":"https:\/\/www.anovapeneira.gal\/#\/schema\/logo\/image\/"},"sameAs":["https:\/\/www.facebook.com\/anovapeneira","https:\/\/x.com\/APeneira"]},{"@type":"Person","@id":"https:\/\/www.anovapeneira.gal\/#\/schema\/person\/b93e3f8932e3f8da96334607eb6ac6aa","name":"Redacci\u00f3n A Nova Peneira","image":{"@type":"ImageObject","inLanguage":"gl-ES","@id":"https:\/\/secure.gravatar.com\/avatar\/c052a2551a06e23fac63626232eaa90abd78dbcf1700fc46a2b2c89fd27b735f?s=96&d=mm&r=g","url":"https:\/\/secure.gravatar.com\/avatar\/c052a2551a06e23fac63626232eaa90abd78dbcf1700fc46a2b2c89fd27b735f?s=96&d=mm&r=g","contentUrl":"https:\/\/secure.gravatar.com\/avatar\/c052a2551a06e23fac63626232eaa90abd78dbcf1700fc46a2b2c89fd27b735f?s=96&d=mm&r=g","caption":"Redacci\u00f3n A Nova Peneira"},"sameAs":["http:\/\/www.anovapeneira.gal\/"],"url":"https:\/\/www.anovapeneira.gal\/index.php\/author\/redactor\/"}]}},"jetpack_featured_media_url":"https:\/\/www.anovapeneira.gal\/wp-content\/uploads\/2020\/07\/a_portela_a_tameiga_mos_a_nova_peneira.jpg","_links":{"self":[{"href":"https:\/\/www.anovapeneira.gal\/index.php\/wp-json\/wp\/v2\/posts\/3462","targetHints":{"allow":["GET"]}}],"collection":[{"href":"https:\/\/www.anovapeneira.gal\/index.php\/wp-json\/wp\/v2\/posts"}],"about":[{"href":"https:\/\/www.anovapeneira.gal\/index.php\/wp-json\/wp\/v2\/types\/post"}],"author":[{"embeddable":true,"href":"https:\/\/www.anovapeneira.gal\/index.php\/wp-json\/wp\/v2\/users\/3"}],"replies":[{"embeddable":true,"href":"https:\/\/www.anovapeneira.gal\/index.php\/wp-json\/wp\/v2\/comments?post=3462"}],"version-history":[{"count":2,"href":"https:\/\/www.anovapeneira.gal\/index.php\/wp-json\/wp\/v2\/posts\/3462\/revisions"}],"predecessor-version":[{"id":3465,"href":"https:\/\/www.anovapeneira.gal\/index.php\/wp-json\/wp\/v2\/posts\/3462\/revisions\/3465"}],"wp:featuredmedia":[{"embeddable":true,"href":"https:\/\/www.anovapeneira.gal\/index.php\/wp-json\/wp\/v2\/media\/3464"}],"wp:attachment":[{"href":"https:\/\/www.anovapeneira.gal\/index.php\/wp-json\/wp\/v2\/media?parent=3462"}],"wp:term":[{"taxonomy":"category","embeddable":true,"href":"https:\/\/www.anovapeneira.gal\/index.php\/wp-json\/wp\/v2\/categories?post=3462"},{"taxonomy":"post_tag","embeddable":true,"href":"https:\/\/www.anovapeneira.gal\/index.php\/wp-json\/wp\/v2\/tags?post=3462"}],"curies":[{"name":"wp","href":"https:\/\/api.w.org\/{rel}","templated":true}]}}