{"id":3478,"date":"2020-07-09T12:00:39","date_gmt":"2020-07-09T10:00:39","guid":{"rendered":"http:\/\/www.anovapeneira.gal\/?p=3478"},"modified":"2020-07-06T08:45:33","modified_gmt":"2020-07-06T06:45:33","slug":"un-plan-de-choque-social-para-galicia","status":"publish","type":"post","link":"https:\/\/www.anovapeneira.gal\/index.php\/2020\/07\/09\/un-plan-de-choque-social-para-galicia\/","title":{"rendered":"Un Plan de Choque Social para Galicia"},"content":{"rendered":"\n<figure class=\"wp-block-image size-large is-resized is-style-default\"><img loading=\"lazy\" decoding=\"async\" src=\"http:\/\/www.anovapeneira.gal\/wp-content\/uploads\/2020\/02\/xaquin_pastoriza_a_nova_peneira.jpg\" alt=\"Xaqu\u00edn Pastoriza de Anticapitalistas de Galicia\" class=\"wp-image-2624\" width=\"95\" height=\"111\"\/><figcaption>Xaqu\u00edn Pastoriza de Anticapitalistas de Galicia<\/figcaption><\/figure>\n\n\n\n<pre class=\"wp-block-verse\">Xaqu\u00edn Pastoriza Cervi\u00f1o e Emilio Santos Maira<\/pre>\n\n\n\n<p>Estamos ante un escenario global catastrofico, o COVID-19 est\u00e1 a acelerar elementos da crise econ\u00f3mica que xa se vi\u00f1a anunciando, cun maior impacto destructivo. Fronte a crise debeda, hoxe temos unha crise da economia real. Ao igual que nos inicios da crise de 2008 hai unha certa perda de lexitimaci\u00f3n do neoliberalismo e unha certa recuperaci\u00f3n do papel do p\u00fablico. Neste novo escenario, o Estado xoga un dobre papel. Por&nbsp; unha parte faise xestor da crise, cunha centralizaci\u00f3n do poder en mans dun gabinete de crise e pola otra asume as perdas do sector privado e crea un marco xuridico favorable aos de arriba. En 2008 recatouse aos bancos, agora resc\u00e1tanse ao gran capital.<\/p>\n\n\n\n<p>No que respecta \u00e1 bateria de medidas implantadas a golpe de real decreto, non se pode apreciar m\u00e1is que beneficios sociais limitados. A esencia destas medidas e do papel do Estado, resumese na idea exposta por\u00a0<u><a href=\"https:\/\/vientosur.info\/spip.php?article15721\">Manuel Gari<\/a><\/u> de un reforzamento da relaci\u00f3n neoliberal Estado-individuos e unha onda recentralizadora, negando os dereitos conquistados polas nacions sen Estado.\u00a0<u><a href=\"https:\/\/www.naiz.eus\/es\/iritzia\/articulos\/coronavirus-la-infinita-solidaridad-entre-los-de-abajo\">Raul ZIbechi<\/a><\/u> tam\u00e9n apunta os efectos desta crise, cando fala da racionalidade egoista dos de arriba e da deriva represiba da militarizaci\u00f3n, po\u00f1endo no centro a urxencia dunha resposta articulada pola solidariedade entre os diferentes abaixos.<\/p>\n\n\n\n<p>Unha das iniciativas que agromaron para tentar evitar que a crise a volvamos pagar as de abaixo foi o Plan de Choque Social. Xurdido en Catalunya a partir da PAH e o Sindicato de Inquilinas, r\u00e1pidamente estendeuse a nivel estatal como unha tea de ara\u00f1a, tentanto tecer entre colectivos socias un paraguas para dar unha resposta solidaria fronte \u00e1 crise. Deste xeito, apareceron nodos territorias en case a totalidade dos distintos pobos do Estado. Tr\u00e1tase polo tanto, dunha iniciativa descentralizada, construida dende a base e apegada ao terreo.&nbsp;<\/p>\n\n\n\n<p>Por iso aparece o Plan de Choque Social Galego, aunando a colectivos tan diversos e de \u00e1mbitos tan diferentes&nbsp; como o sindicato CUT, os Grupos de Apoio Mutuo ou Ecoloxistas en Acci\u00f3n. Outro dos aspectos m\u00e1is interesantes do Plan de Choque Social \u00e9 a incorporaci\u00f3n de actores pol\u00edticos de \u00e1mbito galego, sempre cedendo o protagonismo as organizacions sociais. O acordo que permite integrar a suxeitos tan diversos vert\u00e9brase en torno a unhas demandas de urxencia b\u00e1sicas: prohibici\u00f3n dos despidos, suspensi\u00f3n das hipotecas e os alugueiros, garantizaci\u00f3n dos suministros b\u00e1sicos e unha renda b\u00e1sica de corentena. Tr\u00e1tase de garantir uns ingresos m\u00ednimos \u00e1s clases subalternas pero sobre todo facer fronte \u00e1s consecuencias sociais qu\u00e9 deixaran sentir un forte impacto cando remate a crise sanitaria. Esta plataforma ten por obxectivo priorizar a vida, fronte aos beneficios e que esta crise non a pagu\u00e9, a clase traballadora.<\/p>\n\n\n\n<p>O terreo do antagonismo est\u00e1 aberto, cun escenario de contradiccions entre movementos sociais e instituci\u00f3ns, nun xogo de presi\u00f3ns no que a capacidad de mobilizacion social que&nbsp; estaba hibernada agora atopa novos repertorios. Un posible exemplo foi a convocatoria dunha folga de alugueres apoiada polo Plan de choque social, que respostaba as insuficiencias do Real Decreto, enfocado en favor dos rendistas e non das inquilinas, apostando pola v\u00eda do endebedamento. No tempo m\u00e1is recente e fronte \u00e1 barbarie da extrema dereita e as incivicas protestas dos privilexiados, organizanse protestas en defensa dos dereitos civis como as de Black Lives Matter ou dos servizos p\u00fablicos como as recentes marchas civicas galega. Este movementos te\u00f1en o potencial de po\u00f1er de relevo que a resposta do Goberno \u00e9 insuficiente, estos actores reaparecen cun pulso antineoliberal difuso, nunha fase de conciencia social basexada na recuperaci\u00f3n do p\u00fablico e sen presentar unha alternativa de rutura. Non se pode pretender gobernar a vez para o gran capital e para as clases populares, porque os seus intereses son contradictorios. Mais unha sociedade civil que comeza a organizarse, ainda que dun xeito incipente e con moitas incertezas, pode presentar alternativas \u00e1s limitaci\u00f3ns da esquerda institucional.<\/p>\n\n\n\n<p>O Plan de Choque Social \u00e9 un espazo aberto e en construcci\u00f3n que conforme vaia incorporando m\u00e1is actores poder\u00e1 ir agregando e desenvolvendo m\u00e1is demandas, sobre todo en clave galega. Para Galicia estas demandas deber\u00e1n buscar a s\u00faa incidencia nas competencias do goberno auton\u00f3mico. As\u00ed, demandas centrais ser\u00edan no terreo dois coidados, o reforzamento da sanidade publica e a integraci\u00f3n das residencias de maiores privadas nun sistema 100% p\u00fablico para evitar situaci\u00f3ns como as vividas estas semanas. No eido laboral, rec\u00f3llese a creaci\u00f3n dun plan de emprego que afronte as necesidades das persoas que queden desempregado por peche de empresas. En materia de vivenda apostouse por demandar o aumento do Parque de vivenda p\u00fablica, a creci\u00f3n de bolsas de alugueiro e axudas de ata o 100% en caso de vulnerabilidade. Precisamente para atender \u00e1s situaci\u00f3ns de vulnerabilidade, demandar a implicaci\u00f3n dos recursos orzamentais da Xunta na posta en marcha unha renda social b\u00e1sica En relaci\u00f3n co feminismo e a cuesti\u00f3n da muller, Incorporanse outra medidas como a eliminaci\u00f3n da fenda salarial de x\u00e9nero e fomentar redes de apoio vei\u00f1al fronte ao maltrato. As\u00edmesmo, p\u00eddese \u00e1 Xunta que apoie aos pequenos agricultores e aos mercados locais que venden productos ecol\u00f3xicos. Tam\u00e9n unha aposta decidida por axudar aos aut\u00f3nomos no pago das cotizaci\u00f3ns e dos alugueiros de locais. No que refire \u00e1s persoas migrantes, pidese a regularizaci\u00f3n expr\u00e9s, a homologaci\u00f3n inmediata da s\u00faas t\u00edtulaci\u00f3ns nos paises de orixe e a incorporaci\u00f3n de forma regular ao servizo p\u00fablico de sa\u00fade. Por \u00faltimo, no referente \u00e1 presi\u00f3n fiscal demandase a eliminaci\u00f3n dos beneficios a grandes patrimonios no imposto de sucesi\u00f3ns. En suma, b\u00fascase un rescate das de abaixo a nivel galego para evitar as consecuencias sociais, ambientais e de x\u00e9nero da crise, integrando as demandas sectorais de movementos e colectivos moi diversos.<\/p>\n\n\n\n<p>Existe un malestar colectivo, difuso e todav\u00eda pouco organizado, que pode ir a m\u00e1is conforme se vain vendo as consecuencias destrutivas da crise e poida ir esvaecendo o &#8220;efecto bandeira&#8221; inicial. Por iso ser\u00e1 determinante quen vaia aglutinar este descontento se a revolta dos privilexiados&nbsp; envolta na bandeira do nacionalismo espa\u00f1ol, ou as clases populares en uso da s\u00faa experiencia e avanzando para superar o actual estado das cousas.<\/p>\n\n\n\n<p>Para que se decante esta balanza, a aposta deber\u00e1 de ser a construci\u00f3n dunha alternativa social para as clases populares galegas. Fundamentada na solidariedade e a construci\u00f3n de lazos comunitarios, ter\u00e1 que apuntar cara \u00e1 banca e as grandes fortunas para subordinar a s\u00faa riqueza ao intereses das maior\u00edas sociais. Ser\u00e1 por tanto unha das tarefas prioritaria implementar un Plan de Choque Social para Galicia.&nbsp;<\/p>\n","protected":false},"excerpt":{"rendered":"<div class=\"mh-excerpt\"><p>Estamos ante un escenario global catastrofico, o COVID-19 est\u00e1 a acelerar elementos da crise econ\u00f3mica que xa se vi\u00f1a anunciando, cun maior impacto destructivo. Fronte a crise debeda, hoxe temos unha crise da economia real <a class=\"mh-excerpt-more\" href=\"https:\/\/www.anovapeneira.gal\/index.php\/2020\/07\/09\/un-plan-de-choque-social-para-galicia\/\" title=\"Un Plan de Choque Social para Galicia\">[&#8230;]<\/a><\/p>\n<\/div>","protected":false},"author":21,"featured_media":584,"comment_status":"open","ping_status":"open","sticky":false,"template":"","format":"standard","meta":{"_exactmetrics_skip_tracking":false,"_exactmetrics_sitenote_active":false,"_exactmetrics_sitenote_note":"","_exactmetrics_sitenote_category":0,"footnotes":""},"categories":[7],"tags":[1137,1136],"class_list":{"0":"post-3478","1":"post","2":"type-post","3":"status-publish","4":"format-standard","5":"has-post-thumbnail","7":"category-artigos-de-opinion","8":"tag-anticapitalistas-de-galicia","9":"tag-choque-social"},"yoast_head":"<!-- This site is optimized with the Yoast SEO plugin v27.4 - https:\/\/yoast.com\/product\/yoast-seo-wordpress\/ -->\n<title>Un Plan de Choque Social para Galicia -<\/title>\n<meta name=\"robots\" content=\"index, follow, max-snippet:-1, max-image-preview:large, max-video-preview:-1\" \/>\n<link rel=\"canonical\" href=\"https:\/\/www.anovapeneira.gal\/index.php\/2020\/07\/09\/un-plan-de-choque-social-para-galicia\/\" \/>\n<meta property=\"og:locale\" content=\"gl_ES\" \/>\n<meta property=\"og:type\" content=\"article\" \/>\n<meta property=\"og:title\" content=\"Un Plan de Choque Social para Galicia -\" \/>\n<meta property=\"og:description\" content=\"Estamos ante un escenario global catastrofico, o COVID-19 est\u00e1 a acelerar elementos da crise econ\u00f3mica que xa se vi\u00f1a anunciando, cun maior impacto destructivo. Fronte a crise debeda, hoxe temos unha crise da economia real [...]\" \/>\n<meta property=\"og:url\" content=\"https:\/\/www.anovapeneira.gal\/index.php\/2020\/07\/09\/un-plan-de-choque-social-para-galicia\/\" \/>\n<meta property=\"article:publisher\" content=\"https:\/\/www.facebook.com\/anovapeneira\" \/>\n<meta property=\"article:published_time\" content=\"2020-07-09T10:00:39+00:00\" \/>\n<meta property=\"og:image\" content=\"https:\/\/www.anovapeneira.gal\/wp-content\/uploads\/2019\/07\/ARTIGO_DE_OPINION_A_NOVA_PENEIRA.jpg\" \/>\n\t<meta property=\"og:image:width\" content=\"720\" \/>\n\t<meta property=\"og:image:height\" content=\"473\" \/>\n\t<meta property=\"og:image:type\" content=\"image\/jpeg\" \/>\n<meta name=\"author\" content=\"Xaqu\u00edn Postoriza\" \/>\n<meta name=\"twitter:card\" content=\"summary_large_image\" \/>\n<meta name=\"twitter:creator\" content=\"@APeneira\" \/>\n<meta name=\"twitter:site\" content=\"@APeneira\" \/>\n<meta name=\"twitter:label1\" content=\"Escrito por\" \/>\n\t<meta name=\"twitter:data1\" content=\"Xaqu\u00edn Postoriza\" \/>\n\t<meta name=\"twitter:label2\" content=\"Tempo de lectura\" \/>\n\t<meta name=\"twitter:data2\" content=\"6 minutos\" \/>\n<script type=\"application\/ld+json\" class=\"yoast-schema-graph\">{\"@context\":\"https:\\\/\\\/schema.org\",\"@graph\":[{\"@type\":\"Article\",\"@id\":\"https:\\\/\\\/www.anovapeneira.gal\\\/index.php\\\/2020\\\/07\\\/09\\\/un-plan-de-choque-social-para-galicia\\\/#article\",\"isPartOf\":{\"@id\":\"https:\\\/\\\/www.anovapeneira.gal\\\/index.php\\\/2020\\\/07\\\/09\\\/un-plan-de-choque-social-para-galicia\\\/\"},\"author\":{\"name\":\"Xaqu\u00edn Postoriza\",\"@id\":\"https:\\\/\\\/www.anovapeneira.gal\\\/#\\\/schema\\\/person\\\/07ad00d3c085684bdcc25efa96731b1b\"},\"headline\":\"Un Plan de Choque Social para Galicia\",\"datePublished\":\"2020-07-09T10:00:39+00:00\",\"mainEntityOfPage\":{\"@id\":\"https:\\\/\\\/www.anovapeneira.gal\\\/index.php\\\/2020\\\/07\\\/09\\\/un-plan-de-choque-social-para-galicia\\\/\"},\"wordCount\":1163,\"commentCount\":0,\"publisher\":{\"@id\":\"https:\\\/\\\/www.anovapeneira.gal\\\/#organization\"},\"image\":{\"@id\":\"https:\\\/\\\/www.anovapeneira.gal\\\/index.php\\\/2020\\\/07\\\/09\\\/un-plan-de-choque-social-para-galicia\\\/#primaryimage\"},\"thumbnailUrl\":\"https:\\\/\\\/www.anovapeneira.gal\\\/wp-content\\\/uploads\\\/2019\\\/07\\\/ARTIGO_DE_OPINION_A_NOVA_PENEIRA.jpg\",\"keywords\":[\"Anticapitalistas de Galicia\",\"Choque social\"],\"articleSection\":[\"Artigos de opini\u00f3n\"],\"inLanguage\":\"gl-ES\",\"potentialAction\":[{\"@type\":\"CommentAction\",\"name\":\"Comment\",\"target\":[\"https:\\\/\\\/www.anovapeneira.gal\\\/index.php\\\/2020\\\/07\\\/09\\\/un-plan-de-choque-social-para-galicia\\\/#respond\"]}]},{\"@type\":\"WebPage\",\"@id\":\"https:\\\/\\\/www.anovapeneira.gal\\\/index.php\\\/2020\\\/07\\\/09\\\/un-plan-de-choque-social-para-galicia\\\/\",\"url\":\"https:\\\/\\\/www.anovapeneira.gal\\\/index.php\\\/2020\\\/07\\\/09\\\/un-plan-de-choque-social-para-galicia\\\/\",\"name\":\"Un Plan de Choque Social para Galicia -\",\"isPartOf\":{\"@id\":\"https:\\\/\\\/www.anovapeneira.gal\\\/#website\"},\"primaryImageOfPage\":{\"@id\":\"https:\\\/\\\/www.anovapeneira.gal\\\/index.php\\\/2020\\\/07\\\/09\\\/un-plan-de-choque-social-para-galicia\\\/#primaryimage\"},\"image\":{\"@id\":\"https:\\\/\\\/www.anovapeneira.gal\\\/index.php\\\/2020\\\/07\\\/09\\\/un-plan-de-choque-social-para-galicia\\\/#primaryimage\"},\"thumbnailUrl\":\"https:\\\/\\\/www.anovapeneira.gal\\\/wp-content\\\/uploads\\\/2019\\\/07\\\/ARTIGO_DE_OPINION_A_NOVA_PENEIRA.jpg\",\"datePublished\":\"2020-07-09T10:00:39+00:00\",\"breadcrumb\":{\"@id\":\"https:\\\/\\\/www.anovapeneira.gal\\\/index.php\\\/2020\\\/07\\\/09\\\/un-plan-de-choque-social-para-galicia\\\/#breadcrumb\"},\"inLanguage\":\"gl-ES\",\"potentialAction\":[{\"@type\":\"ReadAction\",\"target\":[\"https:\\\/\\\/www.anovapeneira.gal\\\/index.php\\\/2020\\\/07\\\/09\\\/un-plan-de-choque-social-para-galicia\\\/\"]}]},{\"@type\":\"ImageObject\",\"inLanguage\":\"gl-ES\",\"@id\":\"https:\\\/\\\/www.anovapeneira.gal\\\/index.php\\\/2020\\\/07\\\/09\\\/un-plan-de-choque-social-para-galicia\\\/#primaryimage\",\"url\":\"https:\\\/\\\/www.anovapeneira.gal\\\/wp-content\\\/uploads\\\/2019\\\/07\\\/ARTIGO_DE_OPINION_A_NOVA_PENEIRA.jpg\",\"contentUrl\":\"https:\\\/\\\/www.anovapeneira.gal\\\/wp-content\\\/uploads\\\/2019\\\/07\\\/ARTIGO_DE_OPINION_A_NOVA_PENEIRA.jpg\",\"width\":720,\"height\":473,\"caption\":\"Artigo de opini\u00f3n A Nova Peneira\"},{\"@type\":\"BreadcrumbList\",\"@id\":\"https:\\\/\\\/www.anovapeneira.gal\\\/index.php\\\/2020\\\/07\\\/09\\\/un-plan-de-choque-social-para-galicia\\\/#breadcrumb\",\"itemListElement\":[{\"@type\":\"ListItem\",\"position\":1,\"name\":\"Portada\",\"item\":\"https:\\\/\\\/www.anovapeneira.gal\\\/\"},{\"@type\":\"ListItem\",\"position\":2,\"name\":\"Un Plan de Choque Social para Galicia\"}]},{\"@type\":\"WebSite\",\"@id\":\"https:\\\/\\\/www.anovapeneira.gal\\\/#website\",\"url\":\"https:\\\/\\\/www.anovapeneira.gal\\\/\",\"name\":\"\",\"description\":\"Xornal galego de informaci\u00f3n xeral Publicaci\u00f3n mensual de novas de Galicia e en especial dos Concellos da sur da provincia de Pontevedra.\",\"publisher\":{\"@id\":\"https:\\\/\\\/www.anovapeneira.gal\\\/#organization\"},\"potentialAction\":[{\"@type\":\"SearchAction\",\"target\":{\"@type\":\"EntryPoint\",\"urlTemplate\":\"https:\\\/\\\/www.anovapeneira.gal\\\/?s={search_term_string}\"},\"query-input\":{\"@type\":\"PropertyValueSpecification\",\"valueRequired\":true,\"valueName\":\"search_term_string\"}}],\"inLanguage\":\"gl-ES\"},{\"@type\":\"Organization\",\"@id\":\"https:\\\/\\\/www.anovapeneira.gal\\\/#organization\",\"name\":\"A Nova Peneira\",\"url\":\"https:\\\/\\\/www.anovapeneira.gal\\\/\",\"logo\":{\"@type\":\"ImageObject\",\"inLanguage\":\"gl-ES\",\"@id\":\"https:\\\/\\\/www.anovapeneira.gal\\\/#\\\/schema\\\/logo\\\/image\\\/\",\"url\":\"http:\\\/\\\/www.anovapeneira.gal\\\/wp-content\\\/uploads\\\/2019\\\/06\\\/logo_a_nova_peneira_portal_web.png\",\"contentUrl\":\"http:\\\/\\\/www.anovapeneira.gal\\\/wp-content\\\/uploads\\\/2019\\\/06\\\/logo_a_nova_peneira_portal_web.png\",\"width\":300,\"height\":100,\"caption\":\"A Nova Peneira\"},\"image\":{\"@id\":\"https:\\\/\\\/www.anovapeneira.gal\\\/#\\\/schema\\\/logo\\\/image\\\/\"},\"sameAs\":[\"https:\\\/\\\/www.facebook.com\\\/anovapeneira\",\"https:\\\/\\\/x.com\\\/APeneira\"]},{\"@type\":\"Person\",\"@id\":\"https:\\\/\\\/www.anovapeneira.gal\\\/#\\\/schema\\\/person\\\/07ad00d3c085684bdcc25efa96731b1b\",\"name\":\"Xaqu\u00edn Postoriza\",\"image\":{\"@type\":\"ImageObject\",\"inLanguage\":\"gl-ES\",\"@id\":\"https:\\\/\\\/secure.gravatar.com\\\/avatar\\\/fcabc10c12aab33960f36be3a2e9d6d240d5c9bedfa4dbc20048c3f3204e7046?s=96&d=mm&r=g\",\"url\":\"https:\\\/\\\/secure.gravatar.com\\\/avatar\\\/fcabc10c12aab33960f36be3a2e9d6d240d5c9bedfa4dbc20048c3f3204e7046?s=96&d=mm&r=g\",\"contentUrl\":\"https:\\\/\\\/secure.gravatar.com\\\/avatar\\\/fcabc10c12aab33960f36be3a2e9d6d240d5c9bedfa4dbc20048c3f3204e7046?s=96&d=mm&r=g\",\"caption\":\"Xaqu\u00edn Postoriza\"},\"sameAs\":[\"http:\\\/\\\/www.anovapeneira.gal\"],\"url\":\"https:\\\/\\\/www.anovapeneira.gal\\\/index.php\\\/author\\\/opinionxaquinpastoriza\\\/\"}]}<\/script>\n<!-- \/ Yoast SEO plugin. -->","yoast_head_json":{"title":"Un Plan de Choque Social para Galicia -","robots":{"index":"index","follow":"follow","max-snippet":"max-snippet:-1","max-image-preview":"max-image-preview:large","max-video-preview":"max-video-preview:-1"},"canonical":"https:\/\/www.anovapeneira.gal\/index.php\/2020\/07\/09\/un-plan-de-choque-social-para-galicia\/","og_locale":"gl_ES","og_type":"article","og_title":"Un Plan de Choque Social para Galicia -","og_description":"Estamos ante un escenario global catastrofico, o COVID-19 est\u00e1 a acelerar elementos da crise econ\u00f3mica que xa se vi\u00f1a anunciando, cun maior impacto destructivo. Fronte a crise debeda, hoxe temos unha crise da economia real [...]","og_url":"https:\/\/www.anovapeneira.gal\/index.php\/2020\/07\/09\/un-plan-de-choque-social-para-galicia\/","article_publisher":"https:\/\/www.facebook.com\/anovapeneira","article_published_time":"2020-07-09T10:00:39+00:00","og_image":[{"width":720,"height":473,"url":"https:\/\/www.anovapeneira.gal\/wp-content\/uploads\/2019\/07\/ARTIGO_DE_OPINION_A_NOVA_PENEIRA.jpg","type":"image\/jpeg"}],"author":"Xaqu\u00edn Postoriza","twitter_card":"summary_large_image","twitter_creator":"@APeneira","twitter_site":"@APeneira","twitter_misc":{"Escrito por":"Xaqu\u00edn Postoriza","Tempo de lectura":"6 minutos"},"schema":{"@context":"https:\/\/schema.org","@graph":[{"@type":"Article","@id":"https:\/\/www.anovapeneira.gal\/index.php\/2020\/07\/09\/un-plan-de-choque-social-para-galicia\/#article","isPartOf":{"@id":"https:\/\/www.anovapeneira.gal\/index.php\/2020\/07\/09\/un-plan-de-choque-social-para-galicia\/"},"author":{"name":"Xaqu\u00edn Postoriza","@id":"https:\/\/www.anovapeneira.gal\/#\/schema\/person\/07ad00d3c085684bdcc25efa96731b1b"},"headline":"Un Plan de Choque Social para Galicia","datePublished":"2020-07-09T10:00:39+00:00","mainEntityOfPage":{"@id":"https:\/\/www.anovapeneira.gal\/index.php\/2020\/07\/09\/un-plan-de-choque-social-para-galicia\/"},"wordCount":1163,"commentCount":0,"publisher":{"@id":"https:\/\/www.anovapeneira.gal\/#organization"},"image":{"@id":"https:\/\/www.anovapeneira.gal\/index.php\/2020\/07\/09\/un-plan-de-choque-social-para-galicia\/#primaryimage"},"thumbnailUrl":"https:\/\/www.anovapeneira.gal\/wp-content\/uploads\/2019\/07\/ARTIGO_DE_OPINION_A_NOVA_PENEIRA.jpg","keywords":["Anticapitalistas de Galicia","Choque social"],"articleSection":["Artigos de opini\u00f3n"],"inLanguage":"gl-ES","potentialAction":[{"@type":"CommentAction","name":"Comment","target":["https:\/\/www.anovapeneira.gal\/index.php\/2020\/07\/09\/un-plan-de-choque-social-para-galicia\/#respond"]}]},{"@type":"WebPage","@id":"https:\/\/www.anovapeneira.gal\/index.php\/2020\/07\/09\/un-plan-de-choque-social-para-galicia\/","url":"https:\/\/www.anovapeneira.gal\/index.php\/2020\/07\/09\/un-plan-de-choque-social-para-galicia\/","name":"Un Plan de Choque Social para Galicia -","isPartOf":{"@id":"https:\/\/www.anovapeneira.gal\/#website"},"primaryImageOfPage":{"@id":"https:\/\/www.anovapeneira.gal\/index.php\/2020\/07\/09\/un-plan-de-choque-social-para-galicia\/#primaryimage"},"image":{"@id":"https:\/\/www.anovapeneira.gal\/index.php\/2020\/07\/09\/un-plan-de-choque-social-para-galicia\/#primaryimage"},"thumbnailUrl":"https:\/\/www.anovapeneira.gal\/wp-content\/uploads\/2019\/07\/ARTIGO_DE_OPINION_A_NOVA_PENEIRA.jpg","datePublished":"2020-07-09T10:00:39+00:00","breadcrumb":{"@id":"https:\/\/www.anovapeneira.gal\/index.php\/2020\/07\/09\/un-plan-de-choque-social-para-galicia\/#breadcrumb"},"inLanguage":"gl-ES","potentialAction":[{"@type":"ReadAction","target":["https:\/\/www.anovapeneira.gal\/index.php\/2020\/07\/09\/un-plan-de-choque-social-para-galicia\/"]}]},{"@type":"ImageObject","inLanguage":"gl-ES","@id":"https:\/\/www.anovapeneira.gal\/index.php\/2020\/07\/09\/un-plan-de-choque-social-para-galicia\/#primaryimage","url":"https:\/\/www.anovapeneira.gal\/wp-content\/uploads\/2019\/07\/ARTIGO_DE_OPINION_A_NOVA_PENEIRA.jpg","contentUrl":"https:\/\/www.anovapeneira.gal\/wp-content\/uploads\/2019\/07\/ARTIGO_DE_OPINION_A_NOVA_PENEIRA.jpg","width":720,"height":473,"caption":"Artigo de opini\u00f3n A Nova Peneira"},{"@type":"BreadcrumbList","@id":"https:\/\/www.anovapeneira.gal\/index.php\/2020\/07\/09\/un-plan-de-choque-social-para-galicia\/#breadcrumb","itemListElement":[{"@type":"ListItem","position":1,"name":"Portada","item":"https:\/\/www.anovapeneira.gal\/"},{"@type":"ListItem","position":2,"name":"Un Plan de Choque Social para Galicia"}]},{"@type":"WebSite","@id":"https:\/\/www.anovapeneira.gal\/#website","url":"https:\/\/www.anovapeneira.gal\/","name":"","description":"Xornal galego de informaci\u00f3n xeral Publicaci\u00f3n mensual de novas de Galicia e en especial dos Concellos da sur da provincia de Pontevedra.","publisher":{"@id":"https:\/\/www.anovapeneira.gal\/#organization"},"potentialAction":[{"@type":"SearchAction","target":{"@type":"EntryPoint","urlTemplate":"https:\/\/www.anovapeneira.gal\/?s={search_term_string}"},"query-input":{"@type":"PropertyValueSpecification","valueRequired":true,"valueName":"search_term_string"}}],"inLanguage":"gl-ES"},{"@type":"Organization","@id":"https:\/\/www.anovapeneira.gal\/#organization","name":"A Nova Peneira","url":"https:\/\/www.anovapeneira.gal\/","logo":{"@type":"ImageObject","inLanguage":"gl-ES","@id":"https:\/\/www.anovapeneira.gal\/#\/schema\/logo\/image\/","url":"http:\/\/www.anovapeneira.gal\/wp-content\/uploads\/2019\/06\/logo_a_nova_peneira_portal_web.png","contentUrl":"http:\/\/www.anovapeneira.gal\/wp-content\/uploads\/2019\/06\/logo_a_nova_peneira_portal_web.png","width":300,"height":100,"caption":"A Nova Peneira"},"image":{"@id":"https:\/\/www.anovapeneira.gal\/#\/schema\/logo\/image\/"},"sameAs":["https:\/\/www.facebook.com\/anovapeneira","https:\/\/x.com\/APeneira"]},{"@type":"Person","@id":"https:\/\/www.anovapeneira.gal\/#\/schema\/person\/07ad00d3c085684bdcc25efa96731b1b","name":"Xaqu\u00edn Postoriza","image":{"@type":"ImageObject","inLanguage":"gl-ES","@id":"https:\/\/secure.gravatar.com\/avatar\/fcabc10c12aab33960f36be3a2e9d6d240d5c9bedfa4dbc20048c3f3204e7046?s=96&d=mm&r=g","url":"https:\/\/secure.gravatar.com\/avatar\/fcabc10c12aab33960f36be3a2e9d6d240d5c9bedfa4dbc20048c3f3204e7046?s=96&d=mm&r=g","contentUrl":"https:\/\/secure.gravatar.com\/avatar\/fcabc10c12aab33960f36be3a2e9d6d240d5c9bedfa4dbc20048c3f3204e7046?s=96&d=mm&r=g","caption":"Xaqu\u00edn Postoriza"},"sameAs":["http:\/\/www.anovapeneira.gal"],"url":"https:\/\/www.anovapeneira.gal\/index.php\/author\/opinionxaquinpastoriza\/"}]}},"jetpack_featured_media_url":"https:\/\/www.anovapeneira.gal\/wp-content\/uploads\/2019\/07\/ARTIGO_DE_OPINION_A_NOVA_PENEIRA.jpg","_links":{"self":[{"href":"https:\/\/www.anovapeneira.gal\/index.php\/wp-json\/wp\/v2\/posts\/3478","targetHints":{"allow":["GET"]}}],"collection":[{"href":"https:\/\/www.anovapeneira.gal\/index.php\/wp-json\/wp\/v2\/posts"}],"about":[{"href":"https:\/\/www.anovapeneira.gal\/index.php\/wp-json\/wp\/v2\/types\/post"}],"author":[{"embeddable":true,"href":"https:\/\/www.anovapeneira.gal\/index.php\/wp-json\/wp\/v2\/users\/21"}],"replies":[{"embeddable":true,"href":"https:\/\/www.anovapeneira.gal\/index.php\/wp-json\/wp\/v2\/comments?post=3478"}],"version-history":[{"count":3,"href":"https:\/\/www.anovapeneira.gal\/index.php\/wp-json\/wp\/v2\/posts\/3478\/revisions"}],"predecessor-version":[{"id":3481,"href":"https:\/\/www.anovapeneira.gal\/index.php\/wp-json\/wp\/v2\/posts\/3478\/revisions\/3481"}],"wp:featuredmedia":[{"embeddable":true,"href":"https:\/\/www.anovapeneira.gal\/index.php\/wp-json\/wp\/v2\/media\/584"}],"wp:attachment":[{"href":"https:\/\/www.anovapeneira.gal\/index.php\/wp-json\/wp\/v2\/media?parent=3478"}],"wp:term":[{"taxonomy":"category","embeddable":true,"href":"https:\/\/www.anovapeneira.gal\/index.php\/wp-json\/wp\/v2\/categories?post=3478"},{"taxonomy":"post_tag","embeddable":true,"href":"https:\/\/www.anovapeneira.gal\/index.php\/wp-json\/wp\/v2\/tags?post=3478"}],"curies":[{"name":"wp","href":"https:\/\/api.w.org\/{rel}","templated":true}]}}