{"id":3485,"date":"2020-07-10T12:00:25","date_gmt":"2020-07-10T10:00:25","guid":{"rendered":"http:\/\/www.anovapeneira.gal\/?p=3485"},"modified":"2020-07-09T12:38:07","modified_gmt":"2020-07-09T10:38:07","slug":"roman-gonzalez-voceiro-de-ganamos","status":"publish","type":"post","link":"https:\/\/www.anovapeneira.gal\/index.php\/2020\/07\/10\/roman-gonzalez-voceiro-de-ganamos\/","title":{"rendered":"Rom\u00e1n Gonz\u00e1lez  voceiro de Ga\u00f1amos"},"content":{"rendered":"\n<h2 class=\"wp-block-heading\"><strong>Rom\u00e1n \u00e9 o voceiro de Ga\u00f1aMos, falamos con el para co\u00f1ecer a s\u00faa valoraci\u00f3n da situaci\u00f3n pol\u00edtica do seu concello en particular e de Galicia en xeral.<\/strong><\/h2>\n\n\n\n<p>\u201c<strong>A XESTI\u00d3N DA ALCALDESA EST\u00c1 A LEVAR AO NOSO CONCELLO \u00c1 RU\u00cdNA M\u00c1IS ABSOLUTA\u201d<\/strong><\/p>\n\n\n\n<p><strong>Como levaches o confinamento?<\/strong><\/p>\n\n\n\n<blockquote class=\"wp-block-quote is-layout-flow wp-block-quote-is-layout-flow\"><p>Bastante duro a verdade. A mi\u00f1a casa de Tameiga t\u00e9\u00f1oa en obras e non quedou outra que pasalo nun piso que temos no centro do Porri\u00f1o<\/p><\/blockquote>\n\n\n\n<p><strong>A t\u00faa familia sodes 4 persoas. Catro nun piso tanto tempo non debeu de resultar doado?<\/strong><\/p>\n\n\n\n<blockquote class=\"wp-block-quote is-layout-flow wp-block-quote-is-layout-flow\"><p>Bastante duro a verdade. A mi\u00f1a casa de Tameiga t\u00e9\u00f1oa en obras e non quedou outra que pasalo nun piso que temos no centro do Porri\u00f1o<\/p><\/blockquote>\n\n\n\n<p><strong>A min se me chegan a dicir en xaneiro que a partir de marzo toda a sociedade espa\u00f1ola iamos estar confinados un par de meses nas nosas casas tratar\u00eda de tolo a quen mo dixera, e agora despois de ter pasado por esta experiencia, considero que a reacci\u00f3n xeral da sociedade foi dun civismo extraordinario. Ti que opinas?<\/strong><\/p>\n\n\n\n<blockquote class=\"wp-block-quote is-layout-flow wp-block-quote-is-layout-flow\"><p>Eu como ti, non mo crer\u00eda se mo contaran a priori. E tam\u00e9n concordo contigo en que , con excepci\u00f3ns, a sociedade espa\u00f1ola en xeral deu unha lecci\u00f3n de madurez democr\u00e1tica e de civismo<\/p><\/blockquote>\n\n\n\n<p><strong>Como valoras a xesti\u00f3n da situaci\u00f3n de Pandemia que desenvolveu a administraci\u00f3n local?<\/strong><\/p>\n\n\n\n<blockquote class=\"wp-block-quote is-layout-flow wp-block-quote-is-layout-flow\"><p>Para min foi unha xesti\u00f3n incorrecta,<\/p><\/blockquote>\n\n\n\n<p><strong>Por que?<\/strong><\/p>\n\n\n\n<blockquote class=\"wp-block-quote is-layout-flow wp-block-quote-is-layout-flow\"><p>Amosou un af\u00e1n de protagonismo e desexos de sa\u00edr na foto impropio de quen debe limitarse a xestionar e non a publicitarse ela mesma aproveit\u00e1ndose das circunstancias. N\u00f3s, como non pod\u00eda ser doutra maneira desde o comezo ofrec\u00e9moslle a nosa axuda para sa\u00edr adiante o mellor posible, mesmo prop\u00f3ndolle que as m\u00e1scaras, que entregou o concello, se entregaran de forma esterilizada e seladas, nunha bolsa, co seu manual de instruci\u00f3ns para ser re utilizadas Por outra banda exerceu un populismo intolerable como por exemplo con aquel comunicado no que acusaba \u00e1 alcaldesa de O Porri\u00f1o de impedir \u00e1 veci\u00f1anza de Mos acudir a mercar ao Concello veci\u00f1o. Esta \u00e9 a parte mala, a parte boa \u00e9 que tanto o servizo de emerxencias como o da polic\u00eda municipal funcionaron moi ben. As traballadores e traballadores de servizos sociais fixeron unha labor brillante<\/p><\/blockquote>\n\n\n\n<p><strong>O BNG non asistiu \u00e1s homenaxes que en pleno estado de alarma fixo o concello a diversos colectivos e v\u00f3s si. Por que?<\/strong><\/p>\n\n\n\n<blockquote class=\"wp-block-quote is-layout-flow wp-block-quote-is-layout-flow\"><p>Para min calquera tipo de homenaxe que se lle faga a quen deu o mellor de si mesmo para axudar aos demais est\u00e1 ben, e eu non te\u00f1o ning\u00fan problema en asistir<\/p><\/blockquote>\n\n\n\n<p><strong>Como valoras o teu primeiro ano na corporaci\u00f3n municipal?<\/strong><\/p>\n\n\n\n<blockquote class=\"wp-block-quote is-layout-flow wp-block-quote-is-layout-flow\"><p>Agora , con moita m\u00e1is experiencia reaf\u00edrmome na mi\u00f1a opini\u00f3n referente a que a xesti\u00f3n desta alcaldesa est\u00e1 a levar ao noso concello \u00e1 ru\u00edna m\u00e1is absoluta<\/p><\/blockquote>\n\n\n\n<p><strong>Ref\u00edreste \u00e1 ru\u00edna econ\u00f3mica?<\/strong><\/p>\n\n\n\n<blockquote class=\"wp-block-quote is-layout-flow wp-block-quote-is-layout-flow\"><p>Si, nestes 6 meses de ano xa levamos m\u00e1is dun mill\u00f3n e medio en reco\u00f1ecementos extraxudiciais de cr\u00e9dito, s\u00edntoma claro da s\u00faa nefasta xesti\u00f3n econ\u00f3mica.<\/p><\/blockquote>\n\n\n\n<p><strong>A visi\u00f3n que tes agora, que est\u00e1s dentro, \u00e9 a mesma que ti\u00f1as cando estabas f\u00f3ra?<\/strong><\/p>\n\n\n\n<blockquote class=\"wp-block-quote is-layout-flow wp-block-quote-is-layout-flow\"><p>\u00c9 peor, a situaci\u00f3n econ\u00f3mica do concello \u00e9 realmente dif\u00edcil<\/p><\/blockquote>\n\n\n\n<p><strong>Os concelleiros de Ga\u00f1aMos t\u00e9ndesvos queixado con frecuencia sobre a falta de transparencia do goberno municipal. Como est\u00e1 agora este asunto, ao teu xu\u00edzo?<\/strong><\/p>\n\n\n\n<blockquote class=\"wp-block-quote is-layout-flow wp-block-quote-is-layout-flow\"><p>Agora mesmo a situaci\u00f3n nese aspecto mellorou. Polo menos con Ga\u00f1aMos a documentaci\u00f3n que solicitamos case se pode dicir que se entrega en tempo e forma<\/p><\/blockquote>\n\n\n\n<p><strong>Como son as relaci\u00f3ns cos outros dous grupos da oposici\u00f3n?<\/strong><\/p>\n\n\n\n<blockquote class=\"wp-block-quote is-layout-flow wp-block-quote-is-layout-flow\"><p>Son boas.<\/p><\/blockquote>\n\n\n\n<p><strong>A ruptura que acaba de sufrir o grupo municipal do PSOE, queres valorala?<\/strong><\/p>\n\n\n\n<blockquote class=\"wp-block-quote is-layout-flow wp-block-quote-is-layout-flow\"><p>Non, \u00e9 unha cuesti\u00f3n interna deles na que entendo que n\u00f3s non debemos entrar, e que deben de resolver eles<\/p><\/blockquote>\n\n\n\n<p><strong>Finalmente non te van meter no trullo por aquela denuncia referente \u00e1s supostas agresi\u00f3ns na charla do PP en Tameiga para explicar o proxecto do celta?<\/strong><\/p>\n\n\n\n<blockquote class=\"wp-block-quote is-layout-flow wp-block-quote-is-layout-flow\"><p>Ha ha ha. Non, neses caso a xustiza comportouse como deb\u00eda e deu carpetazo a unha acusaci\u00f3n manifestamente falsa. Eu agardo que ese episodio de ataque gratu\u00edto \u00e1 veci\u00f1anza cr\u00edtica, por parte do goberno municipal, non quede impune. Espero que o tempo coloque a cada un no seu sitio<\/p><\/blockquote>\n\n\n\n<p><strong>Como est\u00e1 o tema do Celta?<\/strong><\/p>\n\n\n\n<blockquote class=\"wp-block-quote is-layout-flow wp-block-quote-is-layout-flow\"><p>As obras en Pereiras contin\u00faan e en Tameiga o asunto est\u00e1 parado Supo\u00f1o que estar\u00e1n \u00e1 espera do resultado das elecci\u00f3n auton\u00f3micas<\/p><\/blockquote>\n\n\n\n<p><strong>A posici\u00f3n cr\u00edtica de Ga\u00f1aMos sigue sendo a mesma?<\/strong><\/p>\n\n\n\n<blockquote class=\"wp-block-quote is-layout-flow wp-block-quote-is-layout-flow\"><p>Absolutamente. Chegaremos a onde faga falta en defensa do patrimonio e da natureza<\/p><\/blockquote>\n\n\n\n<p><strong>Pronto teremos elecci\u00f3ns auton\u00f3micas. Cal \u00e9 o teu progn\u00f3stico e cal \u00e9 a posici\u00f3n de Ga\u00f1aMos ao respecto?<\/strong><\/p>\n\n\n\n<blockquote class=\"wp-block-quote is-layout-flow wp-block-quote-is-layout-flow\"><p>O meu progn\u00f3stico \u00e9 que o resultado vai estar moito m\u00e1is axustado do que indican as enquisas, creo que a conservaci\u00f3n da maior\u00eda absoluta do PP ou non, vaise decidir por moi poucos votos, e no que respecta \u00e1 segunda parte da t\u00faa pregunta Ga\u00f1aMos apoia \u00e1 candidatura de Galicia en Com\u00fan pois consideramos que representa \u00e1 visi\u00f3n da necesidade da unidade popular que n\u00f3s entendemos como o instrumento m\u00e1is adecuado para confrontar coa ultradereita neofascista que de novo asomo as s\u00faas gadoupas.<\/p><\/blockquote>\n\n\n\n<p><strong>Unha situaci\u00f3n catastr\u00f3fica para Galicia en Com\u00fan, como afirman algunhas enquisas, ter\u00eda incidencia no futuro de Ga\u00f1aMos?<\/strong><\/p>\n\n\n\n<blockquote class=\"wp-block-quote is-layout-flow wp-block-quote-is-layout-flow\"><p>Non, ningunha en absoluto<\/p><\/blockquote>\n\n\n\n<p><strong>A permanencia futura de Ga\u00f1aMos est\u00e1 garantida ?<\/strong><\/p>\n\n\n\n<blockquote class=\"wp-block-quote is-layout-flow wp-block-quote-is-layout-flow\"><p>Si, agora mesmo estamos nun proxecto de reconstruci\u00f3n pensando nun proxecto s\u00f3lido e ao longo prazo. Os nosos votantes e simpatizantes poden estar tranquilos<\/p><\/blockquote>\n","protected":false},"excerpt":{"rendered":"<div class=\"mh-excerpt\"><p>Rom\u00e1n \u00e9 o voceiro de Ga\u00f1aMos, falamos con el para co\u00f1ecer a s\u00faa valoraci\u00f3n da situaci\u00f3n pol\u00edtica do seu concello en particular e de Galicia en xeral <a class=\"mh-excerpt-more\" href=\"https:\/\/www.anovapeneira.gal\/index.php\/2020\/07\/10\/roman-gonzalez-voceiro-de-ganamos\/\" title=\"Rom\u00e1n Gonz\u00e1lez  voceiro de Ga\u00f1amos\">[&#8230;]<\/a><\/p>\n<\/div>","protected":false},"author":3,"featured_media":3486,"comment_status":"open","ping_status":"open","sticky":false,"template":"","format":"standard","meta":{"_exactmetrics_skip_tracking":false,"_exactmetrics_sitenote_active":false,"_exactmetrics_sitenote_note":"","_exactmetrics_sitenote_category":0,"footnotes":""},"categories":[265],"tags":[218,274],"class_list":{"0":"post-3485","1":"post","2":"type-post","3":"status-publish","4":"format-standard","5":"has-post-thumbnail","7":"category-a-lourina-entrevistas","8":"tag-concello-de-mos","9":"tag-ganamos"},"yoast_head":"<!-- This site is optimized with the Yoast SEO plugin v27.4 - https:\/\/yoast.com\/product\/yoast-seo-wordpress\/ -->\n<title>Rom\u00e1n Gonz\u00e1lez voceiro de Ga\u00f1amos -<\/title>\n<meta name=\"robots\" content=\"index, follow, max-snippet:-1, max-image-preview:large, max-video-preview:-1\" \/>\n<link rel=\"canonical\" href=\"https:\/\/www.anovapeneira.gal\/index.php\/2020\/07\/10\/roman-gonzalez-voceiro-de-ganamos\/\" \/>\n<meta property=\"og:locale\" content=\"gl_ES\" \/>\n<meta property=\"og:type\" content=\"article\" \/>\n<meta property=\"og:title\" content=\"Rom\u00e1n Gonz\u00e1lez voceiro de Ga\u00f1amos -\" \/>\n<meta property=\"og:description\" content=\"Rom\u00e1n \u00e9 o voceiro de Ga\u00f1aMos, falamos con el para co\u00f1ecer a s\u00faa valoraci\u00f3n da situaci\u00f3n pol\u00edtica do seu concello en particular e de Galicia en xeral [...]\" \/>\n<meta property=\"og:url\" content=\"https:\/\/www.anovapeneira.gal\/index.php\/2020\/07\/10\/roman-gonzalez-voceiro-de-ganamos\/\" \/>\n<meta property=\"article:publisher\" content=\"https:\/\/www.facebook.com\/anovapeneira\" \/>\n<meta property=\"article:published_time\" content=\"2020-07-10T10:00:25+00:00\" \/>\n<meta property=\"og:image\" content=\"https:\/\/www.anovapeneira.gal\/wp-content\/uploads\/2020\/07\/roman_ganamos_a_nova_peneira.jpg\" \/>\n\t<meta property=\"og:image:width\" content=\"720\" \/>\n\t<meta property=\"og:image:height\" content=\"432\" \/>\n\t<meta property=\"og:image:type\" content=\"image\/jpeg\" \/>\n<meta name=\"author\" content=\"Redacci\u00f3n A Nova Peneira\" \/>\n<meta name=\"twitter:card\" content=\"summary_large_image\" \/>\n<meta name=\"twitter:creator\" content=\"@APeneira\" \/>\n<meta name=\"twitter:site\" content=\"@APeneira\" \/>\n<meta name=\"twitter:label1\" content=\"Escrito por\" \/>\n\t<meta name=\"twitter:data1\" content=\"Redacci\u00f3n A Nova Peneira\" \/>\n\t<meta name=\"twitter:label2\" content=\"Tempo de lectura\" \/>\n\t<meta name=\"twitter:data2\" content=\"5 minutos\" \/>\n<script type=\"application\/ld+json\" class=\"yoast-schema-graph\">{\"@context\":\"https:\\\/\\\/schema.org\",\"@graph\":[{\"@type\":\"Article\",\"@id\":\"https:\\\/\\\/www.anovapeneira.gal\\\/index.php\\\/2020\\\/07\\\/10\\\/roman-gonzalez-voceiro-de-ganamos\\\/#article\",\"isPartOf\":{\"@id\":\"https:\\\/\\\/www.anovapeneira.gal\\\/index.php\\\/2020\\\/07\\\/10\\\/roman-gonzalez-voceiro-de-ganamos\\\/\"},\"author\":{\"name\":\"Redacci\u00f3n A Nova Peneira\",\"@id\":\"https:\\\/\\\/www.anovapeneira.gal\\\/#\\\/schema\\\/person\\\/b93e3f8932e3f8da96334607eb6ac6aa\"},\"headline\":\"Rom\u00e1n Gonz\u00e1lez voceiro de Ga\u00f1amos\",\"datePublished\":\"2020-07-10T10:00:25+00:00\",\"mainEntityOfPage\":{\"@id\":\"https:\\\/\\\/www.anovapeneira.gal\\\/index.php\\\/2020\\\/07\\\/10\\\/roman-gonzalez-voceiro-de-ganamos\\\/\"},\"wordCount\":991,\"commentCount\":0,\"publisher\":{\"@id\":\"https:\\\/\\\/www.anovapeneira.gal\\\/#organization\"},\"image\":{\"@id\":\"https:\\\/\\\/www.anovapeneira.gal\\\/index.php\\\/2020\\\/07\\\/10\\\/roman-gonzalez-voceiro-de-ganamos\\\/#primaryimage\"},\"thumbnailUrl\":\"https:\\\/\\\/www.anovapeneira.gal\\\/wp-content\\\/uploads\\\/2020\\\/07\\\/roman_ganamos_a_nova_peneira.jpg\",\"keywords\":[\"Concello de Mos\",\"Ga\u00f1aM\u00f3s\"],\"articleSection\":[\"A Louri\u00f1a\"],\"inLanguage\":\"gl-ES\",\"potentialAction\":[{\"@type\":\"CommentAction\",\"name\":\"Comment\",\"target\":[\"https:\\\/\\\/www.anovapeneira.gal\\\/index.php\\\/2020\\\/07\\\/10\\\/roman-gonzalez-voceiro-de-ganamos\\\/#respond\"]}]},{\"@type\":\"WebPage\",\"@id\":\"https:\\\/\\\/www.anovapeneira.gal\\\/index.php\\\/2020\\\/07\\\/10\\\/roman-gonzalez-voceiro-de-ganamos\\\/\",\"url\":\"https:\\\/\\\/www.anovapeneira.gal\\\/index.php\\\/2020\\\/07\\\/10\\\/roman-gonzalez-voceiro-de-ganamos\\\/\",\"name\":\"Rom\u00e1n Gonz\u00e1lez voceiro de Ga\u00f1amos -\",\"isPartOf\":{\"@id\":\"https:\\\/\\\/www.anovapeneira.gal\\\/#website\"},\"primaryImageOfPage\":{\"@id\":\"https:\\\/\\\/www.anovapeneira.gal\\\/index.php\\\/2020\\\/07\\\/10\\\/roman-gonzalez-voceiro-de-ganamos\\\/#primaryimage\"},\"image\":{\"@id\":\"https:\\\/\\\/www.anovapeneira.gal\\\/index.php\\\/2020\\\/07\\\/10\\\/roman-gonzalez-voceiro-de-ganamos\\\/#primaryimage\"},\"thumbnailUrl\":\"https:\\\/\\\/www.anovapeneira.gal\\\/wp-content\\\/uploads\\\/2020\\\/07\\\/roman_ganamos_a_nova_peneira.jpg\",\"datePublished\":\"2020-07-10T10:00:25+00:00\",\"breadcrumb\":{\"@id\":\"https:\\\/\\\/www.anovapeneira.gal\\\/index.php\\\/2020\\\/07\\\/10\\\/roman-gonzalez-voceiro-de-ganamos\\\/#breadcrumb\"},\"inLanguage\":\"gl-ES\",\"potentialAction\":[{\"@type\":\"ReadAction\",\"target\":[\"https:\\\/\\\/www.anovapeneira.gal\\\/index.php\\\/2020\\\/07\\\/10\\\/roman-gonzalez-voceiro-de-ganamos\\\/\"]}]},{\"@type\":\"ImageObject\",\"inLanguage\":\"gl-ES\",\"@id\":\"https:\\\/\\\/www.anovapeneira.gal\\\/index.php\\\/2020\\\/07\\\/10\\\/roman-gonzalez-voceiro-de-ganamos\\\/#primaryimage\",\"url\":\"https:\\\/\\\/www.anovapeneira.gal\\\/wp-content\\\/uploads\\\/2020\\\/07\\\/roman_ganamos_a_nova_peneira.jpg\",\"contentUrl\":\"https:\\\/\\\/www.anovapeneira.gal\\\/wp-content\\\/uploads\\\/2020\\\/07\\\/roman_ganamos_a_nova_peneira.jpg\",\"width\":720,\"height\":432,\"caption\":\"Ga\u00f1aMos A Nova Peneira\"},{\"@type\":\"BreadcrumbList\",\"@id\":\"https:\\\/\\\/www.anovapeneira.gal\\\/index.php\\\/2020\\\/07\\\/10\\\/roman-gonzalez-voceiro-de-ganamos\\\/#breadcrumb\",\"itemListElement\":[{\"@type\":\"ListItem\",\"position\":1,\"name\":\"Portada\",\"item\":\"https:\\\/\\\/www.anovapeneira.gal\\\/\"},{\"@type\":\"ListItem\",\"position\":2,\"name\":\"Rom\u00e1n Gonz\u00e1lez voceiro de Ga\u00f1amos\"}]},{\"@type\":\"WebSite\",\"@id\":\"https:\\\/\\\/www.anovapeneira.gal\\\/#website\",\"url\":\"https:\\\/\\\/www.anovapeneira.gal\\\/\",\"name\":\"\",\"description\":\"Xornal galego de informaci\u00f3n xeral Publicaci\u00f3n mensual de novas de Galicia e en especial dos Concellos da sur da provincia de Pontevedra.\",\"publisher\":{\"@id\":\"https:\\\/\\\/www.anovapeneira.gal\\\/#organization\"},\"potentialAction\":[{\"@type\":\"SearchAction\",\"target\":{\"@type\":\"EntryPoint\",\"urlTemplate\":\"https:\\\/\\\/www.anovapeneira.gal\\\/?s={search_term_string}\"},\"query-input\":{\"@type\":\"PropertyValueSpecification\",\"valueRequired\":true,\"valueName\":\"search_term_string\"}}],\"inLanguage\":\"gl-ES\"},{\"@type\":\"Organization\",\"@id\":\"https:\\\/\\\/www.anovapeneira.gal\\\/#organization\",\"name\":\"A Nova Peneira\",\"url\":\"https:\\\/\\\/www.anovapeneira.gal\\\/\",\"logo\":{\"@type\":\"ImageObject\",\"inLanguage\":\"gl-ES\",\"@id\":\"https:\\\/\\\/www.anovapeneira.gal\\\/#\\\/schema\\\/logo\\\/image\\\/\",\"url\":\"http:\\\/\\\/www.anovapeneira.gal\\\/wp-content\\\/uploads\\\/2019\\\/06\\\/logo_a_nova_peneira_portal_web.png\",\"contentUrl\":\"http:\\\/\\\/www.anovapeneira.gal\\\/wp-content\\\/uploads\\\/2019\\\/06\\\/logo_a_nova_peneira_portal_web.png\",\"width\":300,\"height\":100,\"caption\":\"A Nova Peneira\"},\"image\":{\"@id\":\"https:\\\/\\\/www.anovapeneira.gal\\\/#\\\/schema\\\/logo\\\/image\\\/\"},\"sameAs\":[\"https:\\\/\\\/www.facebook.com\\\/anovapeneira\",\"https:\\\/\\\/x.com\\\/APeneira\"]},{\"@type\":\"Person\",\"@id\":\"https:\\\/\\\/www.anovapeneira.gal\\\/#\\\/schema\\\/person\\\/b93e3f8932e3f8da96334607eb6ac6aa\",\"name\":\"Redacci\u00f3n A Nova Peneira\",\"image\":{\"@type\":\"ImageObject\",\"inLanguage\":\"gl-ES\",\"@id\":\"https:\\\/\\\/secure.gravatar.com\\\/avatar\\\/c052a2551a06e23fac63626232eaa90abd78dbcf1700fc46a2b2c89fd27b735f?s=96&d=mm&r=g\",\"url\":\"https:\\\/\\\/secure.gravatar.com\\\/avatar\\\/c052a2551a06e23fac63626232eaa90abd78dbcf1700fc46a2b2c89fd27b735f?s=96&d=mm&r=g\",\"contentUrl\":\"https:\\\/\\\/secure.gravatar.com\\\/avatar\\\/c052a2551a06e23fac63626232eaa90abd78dbcf1700fc46a2b2c89fd27b735f?s=96&d=mm&r=g\",\"caption\":\"Redacci\u00f3n A Nova Peneira\"},\"sameAs\":[\"http:\\\/\\\/www.anovapeneira.gal\\\/\"],\"url\":\"https:\\\/\\\/www.anovapeneira.gal\\\/index.php\\\/author\\\/redactor\\\/\"}]}<\/script>\n<!-- \/ Yoast SEO plugin. -->","yoast_head_json":{"title":"Rom\u00e1n Gonz\u00e1lez voceiro de Ga\u00f1amos -","robots":{"index":"index","follow":"follow","max-snippet":"max-snippet:-1","max-image-preview":"max-image-preview:large","max-video-preview":"max-video-preview:-1"},"canonical":"https:\/\/www.anovapeneira.gal\/index.php\/2020\/07\/10\/roman-gonzalez-voceiro-de-ganamos\/","og_locale":"gl_ES","og_type":"article","og_title":"Rom\u00e1n Gonz\u00e1lez voceiro de Ga\u00f1amos -","og_description":"Rom\u00e1n \u00e9 o voceiro de Ga\u00f1aMos, falamos con el para co\u00f1ecer a s\u00faa valoraci\u00f3n da situaci\u00f3n pol\u00edtica do seu concello en particular e de Galicia en xeral [...]","og_url":"https:\/\/www.anovapeneira.gal\/index.php\/2020\/07\/10\/roman-gonzalez-voceiro-de-ganamos\/","article_publisher":"https:\/\/www.facebook.com\/anovapeneira","article_published_time":"2020-07-10T10:00:25+00:00","og_image":[{"width":720,"height":432,"url":"https:\/\/www.anovapeneira.gal\/wp-content\/uploads\/2020\/07\/roman_ganamos_a_nova_peneira.jpg","type":"image\/jpeg"}],"author":"Redacci\u00f3n A Nova Peneira","twitter_card":"summary_large_image","twitter_creator":"@APeneira","twitter_site":"@APeneira","twitter_misc":{"Escrito por":"Redacci\u00f3n A Nova Peneira","Tempo de lectura":"5 minutos"},"schema":{"@context":"https:\/\/schema.org","@graph":[{"@type":"Article","@id":"https:\/\/www.anovapeneira.gal\/index.php\/2020\/07\/10\/roman-gonzalez-voceiro-de-ganamos\/#article","isPartOf":{"@id":"https:\/\/www.anovapeneira.gal\/index.php\/2020\/07\/10\/roman-gonzalez-voceiro-de-ganamos\/"},"author":{"name":"Redacci\u00f3n A Nova Peneira","@id":"https:\/\/www.anovapeneira.gal\/#\/schema\/person\/b93e3f8932e3f8da96334607eb6ac6aa"},"headline":"Rom\u00e1n Gonz\u00e1lez voceiro de Ga\u00f1amos","datePublished":"2020-07-10T10:00:25+00:00","mainEntityOfPage":{"@id":"https:\/\/www.anovapeneira.gal\/index.php\/2020\/07\/10\/roman-gonzalez-voceiro-de-ganamos\/"},"wordCount":991,"commentCount":0,"publisher":{"@id":"https:\/\/www.anovapeneira.gal\/#organization"},"image":{"@id":"https:\/\/www.anovapeneira.gal\/index.php\/2020\/07\/10\/roman-gonzalez-voceiro-de-ganamos\/#primaryimage"},"thumbnailUrl":"https:\/\/www.anovapeneira.gal\/wp-content\/uploads\/2020\/07\/roman_ganamos_a_nova_peneira.jpg","keywords":["Concello de Mos","Ga\u00f1aM\u00f3s"],"articleSection":["A Louri\u00f1a"],"inLanguage":"gl-ES","potentialAction":[{"@type":"CommentAction","name":"Comment","target":["https:\/\/www.anovapeneira.gal\/index.php\/2020\/07\/10\/roman-gonzalez-voceiro-de-ganamos\/#respond"]}]},{"@type":"WebPage","@id":"https:\/\/www.anovapeneira.gal\/index.php\/2020\/07\/10\/roman-gonzalez-voceiro-de-ganamos\/","url":"https:\/\/www.anovapeneira.gal\/index.php\/2020\/07\/10\/roman-gonzalez-voceiro-de-ganamos\/","name":"Rom\u00e1n Gonz\u00e1lez voceiro de Ga\u00f1amos -","isPartOf":{"@id":"https:\/\/www.anovapeneira.gal\/#website"},"primaryImageOfPage":{"@id":"https:\/\/www.anovapeneira.gal\/index.php\/2020\/07\/10\/roman-gonzalez-voceiro-de-ganamos\/#primaryimage"},"image":{"@id":"https:\/\/www.anovapeneira.gal\/index.php\/2020\/07\/10\/roman-gonzalez-voceiro-de-ganamos\/#primaryimage"},"thumbnailUrl":"https:\/\/www.anovapeneira.gal\/wp-content\/uploads\/2020\/07\/roman_ganamos_a_nova_peneira.jpg","datePublished":"2020-07-10T10:00:25+00:00","breadcrumb":{"@id":"https:\/\/www.anovapeneira.gal\/index.php\/2020\/07\/10\/roman-gonzalez-voceiro-de-ganamos\/#breadcrumb"},"inLanguage":"gl-ES","potentialAction":[{"@type":"ReadAction","target":["https:\/\/www.anovapeneira.gal\/index.php\/2020\/07\/10\/roman-gonzalez-voceiro-de-ganamos\/"]}]},{"@type":"ImageObject","inLanguage":"gl-ES","@id":"https:\/\/www.anovapeneira.gal\/index.php\/2020\/07\/10\/roman-gonzalez-voceiro-de-ganamos\/#primaryimage","url":"https:\/\/www.anovapeneira.gal\/wp-content\/uploads\/2020\/07\/roman_ganamos_a_nova_peneira.jpg","contentUrl":"https:\/\/www.anovapeneira.gal\/wp-content\/uploads\/2020\/07\/roman_ganamos_a_nova_peneira.jpg","width":720,"height":432,"caption":"Ga\u00f1aMos A Nova Peneira"},{"@type":"BreadcrumbList","@id":"https:\/\/www.anovapeneira.gal\/index.php\/2020\/07\/10\/roman-gonzalez-voceiro-de-ganamos\/#breadcrumb","itemListElement":[{"@type":"ListItem","position":1,"name":"Portada","item":"https:\/\/www.anovapeneira.gal\/"},{"@type":"ListItem","position":2,"name":"Rom\u00e1n Gonz\u00e1lez voceiro de Ga\u00f1amos"}]},{"@type":"WebSite","@id":"https:\/\/www.anovapeneira.gal\/#website","url":"https:\/\/www.anovapeneira.gal\/","name":"","description":"Xornal galego de informaci\u00f3n xeral Publicaci\u00f3n mensual de novas de Galicia e en especial dos Concellos da sur da provincia de Pontevedra.","publisher":{"@id":"https:\/\/www.anovapeneira.gal\/#organization"},"potentialAction":[{"@type":"SearchAction","target":{"@type":"EntryPoint","urlTemplate":"https:\/\/www.anovapeneira.gal\/?s={search_term_string}"},"query-input":{"@type":"PropertyValueSpecification","valueRequired":true,"valueName":"search_term_string"}}],"inLanguage":"gl-ES"},{"@type":"Organization","@id":"https:\/\/www.anovapeneira.gal\/#organization","name":"A Nova Peneira","url":"https:\/\/www.anovapeneira.gal\/","logo":{"@type":"ImageObject","inLanguage":"gl-ES","@id":"https:\/\/www.anovapeneira.gal\/#\/schema\/logo\/image\/","url":"http:\/\/www.anovapeneira.gal\/wp-content\/uploads\/2019\/06\/logo_a_nova_peneira_portal_web.png","contentUrl":"http:\/\/www.anovapeneira.gal\/wp-content\/uploads\/2019\/06\/logo_a_nova_peneira_portal_web.png","width":300,"height":100,"caption":"A Nova Peneira"},"image":{"@id":"https:\/\/www.anovapeneira.gal\/#\/schema\/logo\/image\/"},"sameAs":["https:\/\/www.facebook.com\/anovapeneira","https:\/\/x.com\/APeneira"]},{"@type":"Person","@id":"https:\/\/www.anovapeneira.gal\/#\/schema\/person\/b93e3f8932e3f8da96334607eb6ac6aa","name":"Redacci\u00f3n A Nova Peneira","image":{"@type":"ImageObject","inLanguage":"gl-ES","@id":"https:\/\/secure.gravatar.com\/avatar\/c052a2551a06e23fac63626232eaa90abd78dbcf1700fc46a2b2c89fd27b735f?s=96&d=mm&r=g","url":"https:\/\/secure.gravatar.com\/avatar\/c052a2551a06e23fac63626232eaa90abd78dbcf1700fc46a2b2c89fd27b735f?s=96&d=mm&r=g","contentUrl":"https:\/\/secure.gravatar.com\/avatar\/c052a2551a06e23fac63626232eaa90abd78dbcf1700fc46a2b2c89fd27b735f?s=96&d=mm&r=g","caption":"Redacci\u00f3n A Nova Peneira"},"sameAs":["http:\/\/www.anovapeneira.gal\/"],"url":"https:\/\/www.anovapeneira.gal\/index.php\/author\/redactor\/"}]}},"jetpack_featured_media_url":"https:\/\/www.anovapeneira.gal\/wp-content\/uploads\/2020\/07\/roman_ganamos_a_nova_peneira.jpg","_links":{"self":[{"href":"https:\/\/www.anovapeneira.gal\/index.php\/wp-json\/wp\/v2\/posts\/3485","targetHints":{"allow":["GET"]}}],"collection":[{"href":"https:\/\/www.anovapeneira.gal\/index.php\/wp-json\/wp\/v2\/posts"}],"about":[{"href":"https:\/\/www.anovapeneira.gal\/index.php\/wp-json\/wp\/v2\/types\/post"}],"author":[{"embeddable":true,"href":"https:\/\/www.anovapeneira.gal\/index.php\/wp-json\/wp\/v2\/users\/3"}],"replies":[{"embeddable":true,"href":"https:\/\/www.anovapeneira.gal\/index.php\/wp-json\/wp\/v2\/comments?post=3485"}],"version-history":[{"count":2,"href":"https:\/\/www.anovapeneira.gal\/index.php\/wp-json\/wp\/v2\/posts\/3485\/revisions"}],"predecessor-version":[{"id":3496,"href":"https:\/\/www.anovapeneira.gal\/index.php\/wp-json\/wp\/v2\/posts\/3485\/revisions\/3496"}],"wp:featuredmedia":[{"embeddable":true,"href":"https:\/\/www.anovapeneira.gal\/index.php\/wp-json\/wp\/v2\/media\/3486"}],"wp:attachment":[{"href":"https:\/\/www.anovapeneira.gal\/index.php\/wp-json\/wp\/v2\/media?parent=3485"}],"wp:term":[{"taxonomy":"category","embeddable":true,"href":"https:\/\/www.anovapeneira.gal\/index.php\/wp-json\/wp\/v2\/categories?post=3485"},{"taxonomy":"post_tag","embeddable":true,"href":"https:\/\/www.anovapeneira.gal\/index.php\/wp-json\/wp\/v2\/tags?post=3485"}],"curies":[{"name":"wp","href":"https:\/\/api.w.org\/{rel}","templated":true}]}}